{"data":[{"id":"9782896150052","title":"La rive noire","description":"Mai 1980...\r\nLe lieutenant Duval et son \u00e9quipe se voient confier une t\u00e2che difficile : trouver qui a empoisonn\u00e9 Florence, l'\u00e9pouse bien connue de Charles Marquis, un riche entrepreneur qui vise la mairie de Qu\u00e9bec. Or, ce n'est qu'\u00e0 la suite de l'exhumation du corps et des analyses du chimiste-toxicologue\u00a0- le d\u00e9c\u00e8s remonte \u00e0 octobre 1979 - que l'on s'aper\u00e7oit que ce n'est pas le cancer ou les traitements de chimioth\u00e9rapie qui ont achev\u00e9\u00a0- et fait terriblement souffrir\u00a0!\u00a0- cette femme que tous consid\u00e9raient comme une sainte.\r\nAlors que l'enqu\u00eate progresse, Duval voit la liste des suspects s'allonger. Bien s\u00fbr, l'important h\u00e9ritage s'av\u00e8re un mobile incontournable\u00a0; le fait que Florence avait entrepris secr\u00eatement des d\u00e9marches de divorce ne doit pas \u00eatre n\u00e9glig\u00e9 non plus. Mais quand Duval apprend que Charles avait \u00ab\u00a0d\u00e9couvert\u00a0\u00bb son homosexualit\u00e9 quelques ann\u00e9es plus t\u00f4t et qu'il entretient toujours une relation mouvement\u00e9e avec un jeune \u00e9ph\u00e8be, il comprend que son enqu\u00eate va prendre une direction \u00e0 laquelle il ne s'attendait vraiment pas\u00a0!\r\n\r\nPRIX SAINT-PAC\u00d4ME 2006\r","authors":["Cote Jacques"],"category_codes":["90000000","90010000"],"visuals":{"large":"https:\/\/images.epagine.fr\/052\/9782896150052_1_75.jpg","medium":"https:\/\/images.epagine.fr\/052\/9782896150052_1_m.jpg","thumbnail":"https:\/\/images.epagine.fr\/052\/9782896150052_1_v.jpg"},"orderable":true,"show_badge":true,"formatted_price":"10,00&nbsp;\u20ac","formatted_published_date":"1er novembre 2005","publisher_availability_label":"Sur commande","short_details":"Cote Jacques \u2014 Alire","translator":null,"weight":201,"page_count":null,"readership":null,"editor":"Alire","price":1000,"published_date":"2005-10-31T23:00:00.000000Z","support":"Grand format","publisher_availability":1,"stock":0,"editions":[],"url":"https:\/\/quaidesbrumes.com\/ouvrage\/9782896150052\/la-rive-noire"},{"id":"9782922145793","title":"Le bien des autres Tome 1","description":"\r\n            pendant qu'au qu\u00e9bec l'eglise de la r\u00e9conciliation universelle recrute secr\u00e8tement des personnalit\u00e9s influentes, \u00e0 ottawa, un nouveau parti politique, l'alliance progressiste-lib\u00e9rale et d\u00e9mocratique, veut prendre le pouvoir afin de maintenir l'unit\u00e9 du pays et de garantir la s\u00e9curit\u00e9 du territoire.\r\n or, au qu\u00e9bec, la campagne \u00e9lectorale est marqu\u00e9e par une violence ethnique et linguistique sans pr\u00e9c\u00e9dent, ce qui fait craindre le pire \u00e0 la population et fournit de l'eau au moulin de l'apld.  a la t\u00eate de son unit\u00e9 sp\u00e9ciale d'intervention, l'inspecteur-chef th\u00e9berge enqu\u00eate sur le vandalisme et les attentats qui se multiplient \u00e0 montr\u00e9al et dans le qu\u00e9bec tout entier.  mais comment lutter contre ce qui ressennble \u00e0 un d\u00e9rapage g\u00e9n\u00e9ralis\u00e9 - et amplifi\u00e9 par des m\u00e9dias qui s'en donnent \u00e0 cour joie ! - de la soci\u00e9t\u00e9 civile et des institutions d\u00e9mocratiques qu\u00e9b\u00e9coises ? avec la collaboration r\u00e9ticente de pascale devereaux, une reporter t\u00e9l\u00e9, th\u00e9berge tente de d\u00e9couvrir ce qui se cache derri\u00e8re cette d\u00e9gradation fulgurante du climat social.\r\n cependant, sa t\u00e2che est d'autant plus ardue qu'il ne peut plus compter sur les ressources de l'institut, car apr\u00e8s la d\u00e9faite subie clans l'argent du monde, le consortium a d\u00e9cid\u00e9 de se d\u00e9barrasser pour de bon de f !. \r\n        \r","authors":["J-J Pelletier"],"category_codes":["90000000","90010000"],"visuals":{"large":"https:\/\/images.epagine.fr\/793\/9782922145793_1_75.jpg","medium":"https:\/\/images.epagine.fr\/793\/9782922145793_1_m.jpg","thumbnail":"https:\/\/images.epagine.fr\/793\/9782922145793_1_v.jpg"},"orderable":true,"show_badge":true,"formatted_price":"15,50&nbsp;\u20ac","formatted_published_date":"1er novembre 2003","publisher_availability_label":"Sur commande","short_details":"J-J Pelletier \u2014 Alire","translator":null,"weight":420,"page_count":807,"readership":null,"editor":"Alire","price":1550,"published_date":"2003-10-31T23:00:00.000000Z","support":"Grand format","publisher_availability":1,"stock":0,"editions":[],"url":"https:\/\/quaidesbrumes.com\/ouvrage\/9782922145793\/le-bien-des-autres-tome-1"},{"id":"9782896150236","title":"Le vide Tome 1 ; vivre au max","description":"Pierre Sauv\u00e9 : A l'or\u00e9e de la quarantaine, veuf, p\u00e8re d'une fille de vingt ans.\r\nSergent-d\u00e9tective \u00e0 la police municipale de Drummondville, il enqu\u00eate sur un quadruple meurtre qui a toutes les apparences d'un crime passionnel. Fr\u00e9d\u00e9ric Ferland : D\u00e9but de la cinquantaine, divorc\u00e9, p\u00e8re de deux adultes qu'il ne voit gu\u00e8re, il cherche depuis des ann\u00e9es l'excitation ultime, celle qui donnera un sens \u00e0 son existence et \u00e0 la vie en g\u00e9n\u00e9ral, qu'il a toujours trouv\u00e9e terne. Psychologue, il exerce sa profession dans la ville de Saint-Bruno.\r\nMaxime Lavoie : Trente-sept ans, c\u00e9libataire, id\u00e9aliste... et milliardaire. Il y a deux ans, il a quitt\u00e9 ses fonctions de pr\u00e9sident de Lavoie inc. pour devenir le producteur et l'animateur de Vivre au Max, l'\u00e9mission de t\u00e9l\u00e9r\u00e9alit\u00e9 la plus controvers\u00e9e de l'heure... mais aussi la plus populaire. Trois hommes diff\u00e9rents, trois existences que tout s\u00e9pare. Or, contre toute attente, leurs chemins se croiseront bient\u00f4t et leur vie en sera boulevers\u00e9e \u00e0 jamais.\r\nTout comme celle de milliers de gens... tout comme la v\u00f4tre !\r","authors":["Patrick Sen\u00e9cal"],"category_codes":["90000000","90020000"],"visuals":{"large":"https:\/\/images.epagine.fr\/236\/9782896150236_1_75.jpg","medium":"https:\/\/images.epagine.fr\/236\/9782896150236_1_m.jpg","thumbnail":"https:\/\/images.epagine.fr\/236\/9782896150236_1_v.jpg"},"orderable":true,"show_badge":true,"formatted_price":"9,00&nbsp;\u20ac","formatted_published_date":"16 septembre 2010","publisher_availability_label":"Sur commande","short_details":"Patrick Sen\u00e9cal \u2014 Alire","translator":null,"weight":260,"page_count":null,"readership":null,"editor":"Alire","price":900,"published_date":"2010-09-15T22:00:00.000000Z","support":"Poche","publisher_availability":1,"stock":0,"editions":[],"url":"https:\/\/quaidesbrumes.com\/ouvrage\/9782896150236\/le-vide-tome-1-vivre-au-max"},{"id":"9782896151219","title":"Les cahiers noirs de l'ali\u00e9niste Tome 2 ; le sang des prairies","description":"Fort Edmonton, 5\u00a0mai 1885... \r\nTrois mois apr\u00e8s avoir joint les rangs du 65e bataillon de Montr\u00e9al, le capitaine Georges Villeneuve, assist\u00e9 du lieu\u00adtenant Bruno Lafon\u00adtaine et du docteur Par\u00e9, entend la d\u00e9\u00adposition sous serment de Fran\u00e7ois L\u00e9pine, un interpr\u00e8te m\u00e9tis qui a surv\u00e9cu au massacre de Lac-\u00e0-la-Grenouille. \r\nVilleneuve et ses hommes ont re\u00e7u l'ordre du g\u00e9n\u00e9ral Strange de former une commission d'enqu\u00eate afin d'identifier les cadavres et de retrou\u00adver la trace des auteurs de ce crime odieux, de jeunes guerriers cris que le gouvernement canadien croit sympa\u00adthiques \u00e0 la cause de Louis Riel. Or, Villeneuve, tout comme la majorit\u00e9 des soldats et of\u00adficiers du 65e bataillon, consid\u00e8re Riel non comme un tra\u00eetre mais bien comme un h\u00e9ros de la Nation\u00a0!  \r\nSi la vie militaire n'effraie pas le jeune homme de vingt-deux ans - ses gages lui permettront en plus de payer ses \u00e9tudes de m\u00e9decine -, ce qu'il voit des injustices commises par le pouvoir d'Ottawa \u00e0 l'encontre des Indiens du Nord-Ouest, des M\u00e9tis et de Louis Riel, demeurera grav\u00e9 dans la m\u00e9moire du futur ali\u00e9niste. \r\n\u00c0 la fois roman policier, roman historique et v\u00e9ritable western, Le Sang des prairies relate une page sombre et injustement oubli\u00e9e de l'histoire canadienne.\r","authors":["Jacques C\u00f4te"],"category_codes":["90000000","90010000"],"visuals":{"large":"https:\/\/images.epagine.fr\/219\/9782896151219_1_75.jpg","medium":"https:\/\/images.epagine.fr\/219\/9782896151219_1_m.jpg","thumbnail":"https:\/\/images.epagine.fr\/219\/9782896151219_1_v.jpg"},"orderable":true,"show_badge":true,"formatted_price":"12,50&nbsp;\u20ac","formatted_published_date":"2 juillet 2015","publisher_availability_label":"Sur commande","short_details":"Jacques C\u00f4te \u2014 Alire","translator":null,"weight":240,"page_count":314,"readership":null,"editor":"Alire","price":1250,"published_date":"2015-07-01T22:00:00.000000Z","support":"Poche","publisher_availability":1,"stock":0,"editions":[],"url":"https:\/\/quaidesbrumes.com\/ouvrage\/9782896151219\/les-cahiers-noirs-de-lalieniste-tome-2-le-sang-des-prairies"},{"id":"9782898350269","title":"La vieille fille et la mort","description":"Le soir de mon trente-huiti\u00e8me anniversaire, je me suis saoul\u00e9e et j'ai d\u00e9couvert deux cadavres. Comment j'ai r\u00e9ussi \u00e7a ? C'est un bruit en provenance de chez Maryse et St\u00e9phane qui m'a tir\u00e9e de mon sommeil \u00e9thylique. Ce n'est pas que je sois tr\u00e8s aventureuse, mais sachant mes voisins au casino, j'ai voulu m'assurer qu'aucun voleur n'\u00e9tait \u00e0 l'oeuvre.\r\n\r\n J'ai d'abord d\u00e9couvert l'origine du bruit : une grosse perruche qui s'est perch\u00e9e sur mon doigt. J'ai vu ensuite quelque chose qui pendait du luminaire. Un jeune homme. Mort. Tout juste apr\u00e8s, j'ai trouv\u00e9 Maryse, pratiquement nue sur son lit, morte elle aussi. \u00c9trangl\u00e9e.\r\n\r\n Me voici donc lanc\u00e9e dans une (en)qu\u00eate qui ne m'apportera que des ennuis","authors":["Catherine Sylvestre"],"category_codes":["90000000","90010000"],"visuals":{"large":"https:\/\/images.epagine.fr\/269\/9782898350269_1_75.jpg","medium":"https:\/\/images.epagine.fr\/269\/9782898350269_1_m.jpg","thumbnail":"https:\/\/images.epagine.fr\/269\/9782898350269_1_v.jpg"},"orderable":true,"show_badge":true,"formatted_price":"12,50&nbsp;\u20ac","formatted_published_date":"1er mai 2023","publisher_availability_label":"Sur commande","short_details":"Catherine Sylvestre \u2014 Alire","translator":null,"weight":301,"page_count":338,"readership":null,"editor":"Alire","price":1250,"published_date":"2023-04-30T22:00:00.000000Z","support":"Grand format","publisher_availability":1,"stock":0,"editions":[],"url":"https:\/\/quaidesbrumes.com\/ouvrage\/9782898350269\/la-vieille-fille-et-la-mort"},{"id":"9782020338936","title":"La mort et un peu d'amour","description":"La c\u00e9l\u00e8bre inspectrice anastasia kamenska\u00efa va se marier avec le tr\u00e8s bon et tr\u00e8s patient liocha.\r\n C'est en pensant \u00e0 cela qu'elle rentre chez elle et surprend la conversation de deux malfrats : l'alibi qui les a r\u00e9cemment tir\u00e9s d'une sale affaire \u00e9tait bidon.  elle les avertit qu'elle va appeler le juge d'instruction pour faire rouvrir le dossier, et aussit\u00f4t les menaces fusent.  le lendemain, elle trouve un mot dans sa bo\u00eete : \" ne le fais pas, tu le regretteras.  \" elle pr\u00e9vient le juge, se marie et, horreur, entend un hurlement dans le bureau de l'\u00e9tat civil : une jeune mari\u00e9e vient de se faire tuer d'une balle en plein coeur.\r\n L'enqu\u00eate commence et l'on apprend que des meurtres similaires se sont produits.  quel lien y a-t-il entre tous ces meurtres, c'est la question.","authors":["Marinina Alexandra"],"category_codes":["90000000","90010000"],"visuals":{"large":"https:\/\/images.epagine.fr\/936\/9782020338936_1_75.jpg","medium":"https:\/\/images.epagine.fr\/936\/9782020338936_1_m.jpg","thumbnail":"https:\/\/images.epagine.fr\/936\/9782020338936_1_v.jpg"},"orderable":true,"show_badge":true,"formatted_price":"17,20&nbsp;\u20ac","formatted_published_date":"14 avril 2000","publisher_availability_label":"Sur commande","short_details":"Marinina Alexandra \u2014 Le Seuil","translator":null,"weight":440,"page_count":null,"readership":null,"editor":"Le Seuil","price":1720,"published_date":"2000-04-13T22:00:00.000000Z","support":"Grand format","publisher_availability":1,"stock":0,"editions":[],"url":"https:\/\/quaidesbrumes.com\/ouvrage\/9782020338936\/la-mort-et-un-peu-damour"},{"id":"9782898350078","title":"Neiges rouges","description":"Soup\u00e7onnant un trafic de stup\u00e9fiants, Vincent Parent et son partenaire Antoine Lemay se rendent au domicile d'Anna Wabanonik. Mais \u00e0 leur arriv\u00e9e, l'Autochtone et Kanti, sa fille de quatorze ans, surprennent les policiers en s'enfuyant en raquettes \u00e0 travers les for\u00eats enneig\u00e9es. Sans l'ombre d'un geste mena\u00e7ant de la part d'Anna, Lemay pointe une arme sur elle et l'abat. Horrifi\u00e9, Parent exige des explications, mais son coll\u00e8gue redirige son arme vers lui. Une semaine plus tard, Vincent Parent, qui a \u00e9t\u00e9 plus rapide que Lemay, se remet de ses blessures, mais une question monopolise son esprit : o\u00f9 diable, a pu se r\u00e9fugier la jeune Kanti, dont on a perdu la trace depuis la mort de sa m\u00e8re ?","authors":["Fran\u00e7ois L\u00e9vesque"],"category_codes":["90000000","90010000"],"visuals":{"large":"https:\/\/images.epagine.fr\/078\/9782898350078_1_75.jpg","medium":"https:\/\/images.epagine.fr\/078\/9782898350078_1_m.jpg","thumbnail":"https:\/\/images.epagine.fr\/078\/9782898350078_1_v.jpg"},"orderable":true,"show_badge":true,"formatted_price":"12,50&nbsp;\u20ac","formatted_published_date":"1er mai 2022","publisher_availability_label":"Sur commande","short_details":"Fran\u00e7ois L\u00e9vesque \u2014 Alire","translator":null,"weight":201,"page_count":null,"readership":null,"editor":"Alire","price":1250,"published_date":"2022-04-30T22:00:00.000000Z","support":"Grand format","publisher_availability":1,"stock":0,"editions":[],"url":"https:\/\/quaidesbrumes.com\/ouvrage\/9782898350078\/neiges-rouges"},{"id":"9782896152032","title":"Faims","description":"Assassins, oui. Comme vous tous, comme tout le monde. Et hypocrites. Et l\u00e2ches. Et envieux, d\u00e9bauch\u00e9s, frustr\u00e9s, \u00e9gocentriques, vils, inf\u00e2mes, assoiff\u00e9s de pouvoir, d'argent et de luxure, couverts du vernis de la respectabilit\u00e9 pour mieux camoufler nos d\u00e9sirs qui nous rongent et nous tuent, d\u00e9goulinants de bonne conscience avec nos conjoints, nos enfants et notre boulot, et aveugles, volontairement et d\u00e9sesp\u00e9r\u00e9ment aveugles jusqu'\u00e0 ce que la r\u00e9alit\u00e9 nous cr\u00e8ve les yeux et le coeur ! Humains, depuis la caverne, depuis le serpent et sa pomme, humains jusqu'au bout de nos ongles de b\u00eates !\r\nBienvenue \u00e0 Kadpidi, une petite ville tranquille situ\u00e9e au coeur d'une r\u00e9gion tranquille.\r\nC'est l\u00e0 que vit une petite famille tranquille. Jo\u00ebl, le p\u00e8re, est policier ; Martine, sa femme, est propri\u00e9taire d'une clinique v\u00e9t\u00e9rinaire. Leurs deux enfants sont maintenant des ados et, \u00e0 la fin de l'\u00e9t\u00e9, Nicholas entrera au c\u00e9gep, \u00c9milie en troisi\u00e8me secondaire.\r\nEn ce second samedi de juillet, la trente-deuxi\u00e8me \u00e9dition du Bal du Chien-Chaud bat son plein au parc Woodyatt et la journ\u00e9e est magnifique. Or, au m\u00eame moment,le \u00ab Humanus Circus \u00bb arrive en ville avec ses quatre autocaravanes et ses trois fourgons tir\u00e9s par des camionnettes.\r\nBient\u00f4t, plus rien ne sera tranquille...\r","authors":["Patrick Sen\u00e9cal"],"category_codes":["90000000","90020000"],"visuals":{"large":"https:\/\/images.epagine.fr\/032\/9782896152032_1_75.jpg","medium":"https:\/\/images.epagine.fr\/032\/9782896152032_1_m.jpg","thumbnail":"https:\/\/images.epagine.fr\/032\/9782896152032_1_v.jpg"},"orderable":true,"show_badge":true,"formatted_price":"12,50&nbsp;\u20ac","formatted_published_date":"17 octobre 2019","publisher_availability_label":"Sur commande","short_details":"Patrick Sen\u00e9cal \u2014 Alire","translator":null,"weight":350,"page_count":594,"readership":null,"editor":"Alire","price":1250,"published_date":"2019-10-16T22:00:00.000000Z","support":"Poche","publisher_availability":1,"stock":0,"editions":[],"url":"https:\/\/quaidesbrumes.com\/ouvrage\/9782896152032\/faims"},{"id":"9782020611381","title":"Le styliste","description":"Depuis  quelques  mois,  il  avait cess\u00e9 d'aimer la nuit. Maintenant, il en avait peur. D\u00e8s que le soir tombait, la conscience de son impuissance et de sa vuln\u00e9rabilit\u00e9 s'imposait \u00e0 lui avec plus de force. Dans le silence de la nuit,  chaque son ? m\u00eame le plus innocent ? devenait le signe avant-coureur d'un  danger  invisible  mais  in\u00e9luctable.  Il  s'effor\u00e7ait de chasser ces pens\u00e9es,  mais  elles  revenaient  sans  cesse et il ne parvenait pas \u00e0 les fuir.\r\n\r\nAinsi  commence  un  des  meilleurs romans de l'ex-inspectrice de police de Moscou, Alexandra Marinina.\r\nL'homme  qui  a  peur  est  V.A. Soloviov, un invalide condamn\u00e9 au fauteuil roulant.  Sp\u00e9cialiste  de  langues  orientales,  il  vit  de son travail de traducteur  pour  une maison d'\u00e9dition qui a lanc\u00e9 une collection populaire o\u00f9 ses travaux figurent en bonne place. Malheureusement, sa femme est morte et son fils est devenu un vaurien qui a de tr\u00e8s mauvaises fr\u00e9quentations.\r\nSoloviov est aussi l'ancien amant de l'inspectrice de police Kamenska\u00efa qui -  les  hasards  du  travail  -  a  d\u00e9cid\u00e9 de venir le revoir, non pas pour v\u00e9rifier si, comme elle le lui fait croire, elle l'aime toujours, mais pour pouvoir  observer  le  quartier  o\u00f9  il  habite  et  o\u00f9  s\u00e9vit un p\u00e9dophile particuli\u00e8rement  habile  et  dangereux  ; neuf gar\u00e7ons ont d\u00e9j\u00e0 disparu et certains  \u00e9tant  Juifs,  le  scandale  risque  de  devenir  important si le coupable n'est pas vitre retrouv\u00e9. .\r\nConfusion  chez  l'ex-s\u00e9ducteur  Soloviov, qui est aujourd'hui flanqu\u00e9 d'un nouvel  assistant,  un  certain  Andre\u00ef,  que  sa  maison d'\u00e9dition, qui le chouchoute, lui a trouv\u00e9.\r\nTout  occup\u00e9e  qu'elle soit \u00e0 son enqu\u00eate, Kamenska\u00efa comprend vite que cet Andre\u00ef n'est pas clair et que peut-\u00eatre?\r\n\r\nUne  intrigue  bien tenue, le milieu d\u00e9crit \u00e9tant celui d'une \u00e9dition russe o\u00f9 l'app\u00e2t du gain et le manque de lois claires sur la propri\u00e9t\u00e9 litt\u00e9raire permettent de tr\u00e8s vilains trafics.","authors":["Marinina Alexandra"],"category_codes":["90000000","90020000"],"visuals":{"large":"https:\/\/images.epagine.fr\/381\/9782020611381_1_75.jpg","medium":"https:\/\/images.epagine.fr\/381\/9782020611381_1_m.jpg","thumbnail":"https:\/\/images.epagine.fr\/381\/9782020611381_1_v.jpg"},"orderable":true,"show_badge":true,"formatted_price":"21,30&nbsp;\u20ac","formatted_published_date":"9 juin 2004","publisher_availability_label":"Sur commande","short_details":"Marinina Alexandra \u2014 Le Seuil","translator":null,"weight":415,"page_count":380,"readership":null,"editor":"Le Seuil","price":2130,"published_date":"2004-06-08T22:00:00.000000Z","support":"Grand format","publisher_availability":1,"stock":0,"editions":[],"url":"https:\/\/quaidesbrumes.com\/ouvrage\/9782020611381\/le-styliste"},{"id":"9782384064458","title":"Les secrets des souterrains de l'abbaye de Belmond (et autres \u00e9vasions)","description":"Un sociologue c\u00e9l\u00e8bre a toujours affirm\u00e9 que \u00ab La prison fabriquait des d\u00e9linquants. \u00bb Lysandre, prisonnier notoire, n'a pas d'id\u00e9e pr\u00e9con\u00e7ue sur ce sujet, mais ajoute avec conviction :\r\n\u00ab Une \u00e9vasion produit des liens ind\u00e9fectibles entre \u00e9vad\u00e9s. \u00bb\r\nCar une \u00e9vasion, cela se pr\u00e9pare, c'est un travail d'horlogerie surtout quand on file \u00e0 l'anglaise, un jour de pluie, sans sortir ni une arme ni une scie circulaire.\r\nComme quoi, on peut affirmer que tous les gens enferm\u00e9s ne sont pas forc\u00e9ment des d\u00e9linquants \u00e0 plein temps.\r\nC'est exactement ce qu'ont v\u00e9cu les cinq prisonniers de la cellule 25 du deuxi\u00e8me \u00e9tage de la prison de Belmond, entrainant vers la sortie avec eux trois cent cinquante autres taulards.br\/>Du jamais vu dans les annales des prisons hexagonales. Lysandre, chef du projet, devra quand m\u00eame se m\u00e9fier de deux, trois \u00ab acolytes \u00bb qui l'accompagnent, pas toujours \u00e9vidents \u00e0 g\u00e9rer, ni du pouvoir en place jamais pr\u00eat \u00e0 reconna\u00eetre l'\u00e9vidence.br\/>C'est exactement cette histoire que l'on vous raconte, en commen\u00e7ant par le commencement, bien avant la construction de la prison, car il faut un d\u00e9but \u00e0 tout !","authors":["Jean-Marie Malbec"],"category_codes":["90000000","90010000"],"visuals":{"large":"https:\/\/images.epagine.fr\/458\/9782384064458_1_75.jpg","medium":"https:\/\/images.epagine.fr\/458\/9782384064458_1_m.jpg","thumbnail":"https:\/\/images.epagine.fr\/458\/9782384064458_1_v.jpg"},"orderable":true,"show_badge":true,"formatted_price":"21,50&nbsp;\u20ac","formatted_published_date":"2 janvier 2025","publisher_availability_label":"Sur commande","short_details":"Jean-Marie Malbec \u2014 Douro","translator":null,"weight":449,"page_count":352,"readership":null,"editor":"Douro","price":2150,"published_date":"2025-01-01T23:00:00.000000Z","support":"Grand format","publisher_availability":1,"stock":0,"editions":[],"url":"https:\/\/quaidesbrumes.com\/ouvrage\/9782384064458\/les-secrets-des-souterrains-de-labbaye-de-belmond-et-autres-evasions"},{"id":"9782896152070","title":"Ceux de l\u00e0-bas","description":"\u00c0 l'aube de la cinquantaine, Victor Bettany est psychologue aupr\u00e8s des \u00e9tudiants du c\u00e9gep de Drummondville. En excellente forme physique, c'est toujours \u00e0 pied qu'il se rend au boulot... ou au CHSLD afin de rendre visite \u00e0 son p\u00e8re, Philippe, aux prises avec l'alzheimer, et de soutenir sa m\u00e8re, Th\u00e9r\u00e8se, continuellement au chevet de son mari. Or, de voir d\u00e9p\u00e9rir son p\u00e8re perturbe Victor, lui qui a v\u00e9cu il y a deux ans le d\u00e9c\u00e8s accidentel de Roxanne, son amoureuse, et dont la peur de la mort s'amplifie en vieillissant. Mais, comme il le confie souvent \u00e0 sa meilleure amie Lucie, Victor se sait capable de surmonter ses angoisses, et tout cela ne l'emp\u00eache pas de vivre sa vie, ni m\u00eame de chercher une nouvelle \u00e2me soeur. Mais ce soir, sa rencontre avec une flamme potentielle ne s'est pas tr\u00e8s bien d\u00e9roul\u00e9e et, plut\u00f4t que de revenir chez lui, Victor d\u00e9cide sur un coup de t\u00eate - qu'il va am\u00e8rement regretter quelques heures plus tard - d'assister \u00e0 la premi\u00e8re du nouveau spectacle de Crypto, un\r","authors":["Patrick Sen\u00e9cal"],"category_codes":["91000000","91010000"],"visuals":{"large":"https:\/\/images.epagine.fr\/070\/9782896152070_1_75.jpg","medium":"https:\/\/images.epagine.fr\/070\/9782896152070_1_m.jpg","thumbnail":"https:\/\/images.epagine.fr\/070\/9782896152070_1_v.jpg"},"orderable":true,"show_badge":true,"formatted_price":"24,00&nbsp;\u20ac","formatted_published_date":"22 avril 2021","publisher_availability_label":"Sur commande","short_details":"Patrick Sen\u00e9cal \u2014 Alire","translator":null,"weight":501,"page_count":558,"readership":null,"editor":"Alire","price":2400,"published_date":"2021-04-21T22:00:00.000000Z","support":"Grand format","publisher_availability":1,"stock":0,"editions":["9782898350375"],"url":"https:\/\/quaidesbrumes.com\/ouvrage\/9782896152070\/ceux-de-la-bas"},{"id":"9782896153114","title":"Stigmates","description":"Peu apr\u00e8s avoir demand\u00e9 \u00e0 voir le sergent-d\u00e9tective Francis Pagliaro, Ga\u00e9tan Rivard, un d\u00e9tenu condamn\u00e9 \u00e0 vie pour avoir tu\u00e9 Florence Lussier et son fils J\u00e9r\u00e9mie, a tent\u00e9 de se suicider. Francis, d\u00e9j\u00e0 affair\u00e9 \u00e0 \u00e9lucider une p\u00e9nible histoire de f\u00e9minicide impliquant un policier, accepte n\u00e9anmoins la demande de son sup\u00e9rieur de d\u00e9couvrir ce qui a pouss\u00e9 l'ancien pharmacien \u00e0 poser un tel geste, car, lors de leur rencontre, Rivard lui avait remis une feuille sur laquelle il avait dessin\u00e9 un dessin tr\u00e8s enfantin tout en ajoutant : \u00ab Gardez \u00e7a, \u00e7a vous sera utile \u00e0 pr\u00e9sent. \u00bb Or, plus il fouille, plus il r\u00e9alise \u00e0 quel point ces aveux ont arrang\u00e9 bien des gens de l'entourage du pharmacien.","authors":["Richard Ste-Marie"],"category_codes":["90000000","90010000"],"visuals":{"large":"https:\/\/images.epagine.fr\/114\/9782896153114_1_75.jpg","medium":"https:\/\/images.epagine.fr\/114\/9782896153114_1_m.jpg","thumbnail":"https:\/\/images.epagine.fr\/114\/9782896153114_1_v.jpg"},"orderable":true,"show_badge":true,"formatted_price":"24,50&nbsp;\u20ac","formatted_published_date":"1er mai 2022","publisher_availability_label":"Sur commande","short_details":"Richard Ste-Marie \u2014 Alire","translator":null,"weight":501,"page_count":null,"readership":null,"editor":"Alire","price":2450,"published_date":"2022-04-30T22:00:00.000000Z","support":"Grand format","publisher_availability":1,"stock":0,"editions":["9782898350863"],"url":"https:\/\/quaidesbrumes.com\/ouvrage\/9782896153114\/stigmates"},{"id":"9782896151844","title":"Oniria","description":"\u00ab Silence, \u00e0 l'exception du moteur du camion qui roule depuis maintenant une quinzaine de minutes. Dave n'est vraiment pas rassur\u00e9. Une \u00e9vasion tout seul, c'est d\u00e9j\u00e0 risqu\u00e9, mais \u00e0 quatre, \u00e7a confine au suicide, surtout avec un imb\u00e9cile comme Jef... Heureusement, \u00c9ric \u00e9coute les consignes \u00e0 la lettre. Et Loner est parfait : aucune h\u00e9sitation, aucun doute, aucun faux mouvement. Normal, puisqu'il est l'architecte de cette \u00e9vasion. Il n'a pas prof\u00e9r\u00e9 trois mots depuis le d\u00e9but de l'op\u00e9ration il y a maintenant plus d'une heure... Dave tente de contr\u00f4ler son angoisse. Allons, maintenant qu'ils se trouvent tous dans le conteneur, on peut dire qu'ils ont r\u00e9ussi, non ?... \u00bb Ils sont quatre : David, Jef, \u00c9ric et Loner. Quatre criminels qui, habilement, se sont \u00e9chapp\u00e9s de prison. Mais la police les a pris en chasse et les cerne de pr\u00e8s. Alors ils d\u00e9cident de se cacher pour la nuit dans une villa isol\u00e9e au nom \u00e9trange, Oniria... Et c'est sans aucun doute la pire d\u00e9cision de leur existence !","authors":["Patrick Sen\u00e9cal"],"category_codes":["90000000","90010000"],"visuals":{"large":"https:\/\/images.epagine.fr\/844\/9782896151844_1_75.jpg","medium":"https:\/\/images.epagine.fr\/844\/9782896151844_1_m.jpg","thumbnail":"https:\/\/images.epagine.fr\/844\/9782896151844_1_v.jpg"},"orderable":true,"show_badge":true,"formatted_price":"19,00&nbsp;\u20ac","formatted_published_date":"21 mai 2018","publisher_availability_label":"Sur commande","short_details":"Patrick Sen\u00e9cal \u2014 Alire","translator":null,"weight":401,"page_count":null,"readership":null,"editor":"Alire","price":1900,"published_date":"2018-05-20T22:00:00.000000Z","support":"Grand format","publisher_availability":1,"stock":0,"editions":[],"url":"https:\/\/quaidesbrumes.com\/ouvrage\/9782896151844\/oniria"},{"id":"9782925049883","title":"Covid-19 : la conspiration","description":"Une fiction ? Hum... Peut-\u00eatre pas. \u00c0 travers un suspense endiabl\u00e9, l'auteur d\u00e9montre de fa\u00e7on troublante que la Covid-19 n'est PAS un accident. \u00c0 l'automne 2019, l'agent du FBI, Francis Jones, est appel\u00e9 en renfort par l'arm\u00e9e am\u00e9ricaine pour mener une enqu\u00eate sur une mort myst\u00e9rieuse. M\u00e9decin l\u00e9giste et ex-militaire, il d\u00e9couvre un troublant secret lors de l'autopsie du prisonnier militaire. Contactant une jeune journaliste conspirationniste qui est sur le point de publier un dossier-choc sur l'\u00e9nigmatique soci\u00e9t\u00e9 P\u00e2tlinar et ses liens avec le n\u00e9buleux groupe Brudenberg, l'improbable duo d\u00e9clenche alors une cascade d'\u00e9v\u00e9nements qui aboutiront \u00e0 Wuhan, en Chine, au coeur m\u00eame des complots. Coinc\u00e9s au milieu d'une guerre entre le puissant Brudenberg et les services secrets chinois, l'agent du FBI et sa partenaire d\u00e9couvriront une terrible conspiration ayant pour but de r\u00e9pandre un virus mortel et ainsi, provoquer une pand\u00e9mie et le chaos sur toute la plan\u00e8te. En tentant de mettre \u00e0 nu cette infernale machination pour \u00e9viter des dizaines de millions de morts, ils affronteront des forces hostiles dont le seul but est d'asservir l'humanit\u00e9. Inspir\u00e9 de faits r\u00e9els et de r\u00e9centes perc\u00e9es technologiques, ce r\u00e9cit r\u00e9v\u00e8le au grand jour une inqui\u00e9tante d\u00e9couverte scientifique qui pourrait bouleverser notre vision d'un monde libre. Le d\u00e9veloppement scientifique effr\u00e9n\u00e9, et sans contraintes d'ordre \u00e9thique, des laboratoires de pointe chinois dans les domaines de la g\u00e9n\u00e9tique et de l'\u00e9tude du cerveau, laisse entrevoir le pire des sc\u00e9narios. Dans cette pand\u00e9mie programm\u00e9e se cache peut-\u00eatre le pire des fl\u00e9aux que l'humanit\u00e9 n'aura jamais affront\u00e9 ! L'empire du dragon s'est r\u00e9veill\u00e9 et la Terre en tremblera.","authors":["Guy F. Blouin"],"category_codes":["90000000","90010000"],"visuals":{"large":"https:\/\/images.epagine.fr\/883\/9782925049883_1_75.jpg","medium":"https:\/\/images.epagine.fr\/883\/9782925049883_1_m.jpg","thumbnail":"https:\/\/images.epagine.fr\/883\/9782925049883_1_v.jpg"},"orderable":true,"show_badge":true,"formatted_price":"20,00&nbsp;\u20ac","formatted_published_date":"1er avril 2021","publisher_availability_label":"Sur commande","short_details":"Guy F. Blouin \u2014 La Plume D'Or","translator":null,"weight":401,"page_count":null,"readership":null,"editor":"La Plume D'Or","price":2000,"published_date":"2021-03-31T22:00:00.000000Z","support":"Grand format","publisher_availability":1,"stock":0,"editions":[],"url":"https:\/\/quaidesbrumes.com\/ouvrage\/9782925049883\/covid-19-la-conspiration"},{"id":"9782020854283","title":"Com\u00e9dies en tout genre","description":"Confront\u00e9 \u00e0 deux acteurs particuli\u00e8rement habiles, le c\u00e9l\u00e8bre duo constitu\u00e9 de l'inspecteur de la police de Los Angeles Milo Sturgis et du psychologue Alex Delaware, parvient \u00e0 d\u00e9m\u00ealer une histoire de fausse disparition qui, retournement gla\u00e7ant oblige, se transforme en assassinat des plus violents. Par \u00ab le ma\u00eetre du thriller psychologique \u00bb Jonathan Kellerman. Jeunes acteurs et amants, Dylan Meserve et Michaela Brand disparaissent un soir, apr\u00e8s une r\u00e9p\u00e9tition. Trois jours plus tard, ils sont retrouv\u00e9s dans les montagnes de Malibu. Battus et terrifi\u00e9s, ils ont subi un v\u00e9ritable calvaire entre les mains d'un kidnappeur des plus sadiques. Mais l'enqu\u00eate progressant, des doutes se font jour quant \u00e0 la r\u00e9alit\u00e9 de ces s\u00e9vices, jusqu'au jour o\u00f9 l'on comprend qu'il s'agit d'un coup mont\u00e9 pour attirer l'attention des m\u00e9dias. Aussit\u00f4t accus\u00e9s de tromperie, les deux acteurs passent en jugement et doivent subir une \u00e9valuation psychologique. Entre en sc\u00e8ne Alex Delaware qui \u00e9value la demoiselle et lui trouve quelques probl\u00e8mes. Qui ne sont rien au vu de ce qui l'attend : quelques jours plus tard, elle est en effet assassin\u00e9e. L'enqu\u00eate prend alors une direction bien diff\u00e9rente. Surtout lorsqu'on s'aper\u00e7oit que Dylan, lui, a vraiment disparu. Tueur ou victime ? \u00c0 force de chercher, nos deux enqu\u00eateurs d\u00e9couvrent soudain une grande quantit\u00e9 de meurtres jamais \u00e9lucid\u00e9s. Qu'est-il donc vraiment arriv\u00e9 \u00e0 ces deux acteurs dans les montagnes de Malibu ? ","authors":["Jonathan Kellerman","William Desmond"],"category_codes":["90000000","90010000"],"visuals":{"large":"https:\/\/images.epagine.fr\/283\/9782020854283_1_75.jpg","medium":"https:\/\/images.epagine.fr\/283\/9782020854283_1_m.jpg","thumbnail":"https:\/\/images.epagine.fr\/283\/9782020854283_1_v.jpg"},"orderable":true,"show_badge":true,"formatted_price":"22,80&nbsp;\u20ac","formatted_published_date":"22 janvier 2009","publisher_availability_label":"Sur commande","short_details":"Jonathan Kellerman, William Desmond \u2014 Le Seuil","translator":"WILLIAM DESMOND","weight":478,"page_count":443,"readership":null,"editor":"Le Seuil","price":2280,"published_date":"2009-01-21T23:00:00.000000Z","support":"Grand format","publisher_availability":1,"stock":0,"editions":[],"url":"https:\/\/quaidesbrumes.com\/ouvrage\/9782020854283\/comedies-en-tout-genre"},{"id":"9782898110962","title":"Requiem am\u00e9ricain","description":"Montr\u00e9al, au coeur des ann\u00e9es 1990. Fra\u00eechement sorti de prison, Marc Hamel, t\u00eate dirigeante des Hells Angels, commande un assaut en r\u00e8gle contre les Rock Machine. L'enjeu : \u00e9tendre son territoire et contr\u00f4ler le march\u00e9 de la drogue. L'affrontement des clans ennemis plonge la m\u00e9tropole dans la confusion et le chaos. Les fusillades s'encha\u00eenent, les bombes explosent et les cadavres se multiplient. Afin d'enrayer cette escalade de la violence, Owen Hayden et son \u00e9quipe du SPCUM doivent frapper vite et fort. Or, pour le lieutenant responsable de l'escouade antigang, la guerre des motards a un visage tr\u00e8s intime...","authors":["Jacques C\u00f4te"],"category_codes":["90000000","90010000"],"visuals":{"large":"https:\/\/images.epagine.fr\/962\/9782898110962_1_75.jpg","medium":"https:\/\/images.epagine.fr\/962\/9782898110962_1_m.jpg","thumbnail":"https:\/\/images.epagine.fr\/962\/9782898110962_1_v.jpg"},"orderable":true,"show_badge":true,"formatted_price":"27,00&nbsp;\u20ac","formatted_published_date":"2 f\u00e9vrier 2023","publisher_availability_label":"Sur commande","short_details":"Jacques C\u00f4te \u2014 Flammarion Quebec","translator":null,"weight":501,"page_count":320,"readership":null,"editor":"Flammarion Quebec","price":2700,"published_date":"2023-02-01T23:00:00.000000Z","support":"Grand format","publisher_availability":1,"stock":0,"editions":[],"url":"https:\/\/quaidesbrumes.com\/ouvrage\/9782898110962\/requiem-americain"},{"id":"9782898350351","title":"La vieille fille et l'enfant","description":"Cette fois, ce n'est pas ma faute, je le jure. C'est mon ex-coll\u00e8gue de la biblioth\u00e8que, Jeanne, qui m'a demand\u00e9 d'aider sa sur Agn\u00e8s, obnubil\u00e9e par la mort de sa meilleure amie Mireille. En v\u00e9rit\u00e9, ladite sur fait une fixation sur le message laiss\u00e9 sur son r\u00e9pondeur par son amie la veille de sa mort. Elle y \u00e9voque sur un ton catastroph\u00e9 \u00ab une petite fille de la piscine \u00bb et une \u00ab face enrag\u00e9e \u00bb. Or, c'est dans les cabines de la piscine que Mireille a trouv\u00e9 la mort apr\u00e8s un cours d'aquaforme !\r\n\r\nEt sans que je m'en rende compte, mes actions m'am\u00e8nent  malgr\u00e9 moi et encore plus malgr\u00e9 Yves !  au cur de l'enqu\u00eate et des pires ennuis","authors":["Catherine Sylvestre"],"category_codes":["90000000","90010000"],"visuals":{"large":"https:\/\/images.epagine.fr\/351\/9782898350351_1_75.jpg","medium":"https:\/\/images.epagine.fr\/351\/9782898350351_1_m.jpg","thumbnail":"https:\/\/images.epagine.fr\/351\/9782898350351_1_v.jpg"},"orderable":true,"show_badge":true,"formatted_price":"12,50&nbsp;\u20ac","formatted_published_date":"28 octobre 2023","publisher_availability_label":"Sur commande","short_details":"Catherine Sylvestre \u2014 Alire","translator":null,"weight":301,"page_count":352,"readership":null,"editor":"Alire","price":1250,"published_date":"2023-10-27T22:00:00.000000Z","support":"Grand format","publisher_availability":1,"stock":0,"editions":[],"url":"https:\/\/quaidesbrumes.com\/ouvrage\/9782898350351\/la-vieille-fille-et-lenfant"},{"id":"9782898108730","title":"Coupable Tome 1 : L'affaire Mana Thompson","description":"Serg Barkley en a vu de toutes les couleurs depuis son entr\u00e9e en poste comme sergent enqu\u00eateur aux crimes majeurs de la S\u00fbret\u00e9 du Qu\u00e9bec. Si bien que ses enqu\u00eates pass\u00e9es reviennent hanter ses nuits d'insomnies des mois, voire des ann\u00e9es apr\u00e8s les faits. Cette fois-ci, l'affaire Mana Thompson trouble le sommeil du sergent. Selon ses proches, l'adolescente de quinze ans n'avait aucune raison de vouloir mettre fin \u00e0 ses jours et personne ne comprend comment elle aurait pu tomber dans la rivi\u00e8re des Prairies, \u00e0 Montr\u00e9al. Alors pourquoi son corps a-t-il \u00e9t\u00e9 retrouv\u00e9, \u00e9chou\u00e9 sur la berge \u00e0 la hauteur du parc Rimbault, sans aucune marque de violence apparente ? Que s'est-il pass\u00e9 ? Et surtout qui est coupable de ce meurtre ?.","authors":["Carine Paquin"],"category_codes":["90000000","90010000"],"visuals":{"large":"https:\/\/images.epagine.fr\/730\/9782898108730_1_75.jpg","medium":"https:\/\/images.epagine.fr\/730\/9782898108730_1_m.jpg","thumbnail":"https:\/\/images.epagine.fr\/730\/9782898108730_1_v.jpg"},"orderable":true,"show_badge":true,"formatted_price":"17,50&nbsp;\u20ac","formatted_published_date":"13 janvier 2024","publisher_availability_label":"Sur commande","short_details":"Carine Paquin \u2014 Les Malins","translator":null,"weight":400,"page_count":138,"readership":null,"editor":"Les Malins","price":1750,"published_date":"2024-01-12T23:00:00.000000Z","support":"Grand format","publisher_availability":1,"stock":0,"editions":[],"url":"https:\/\/quaidesbrumes.com\/ouvrage\/9782898108730\/coupable-tome-1-laffaire-mana-thompson"},{"id":"9782898350450","title":"Au bout de la folie","description":"Luc Berger, \u00e9crivain au succ\u00e8s plus que modeste, n'est pas suicidaire, pourtant il souhaite devancer sa mort. Il n'est pas triste, ne souffre pas de d\u00e9pression ni d'un quelconque \u00ab mal de vivre \u00bb. Mais il veut mourir, ou du moins se retirer de cette soci\u00e9t\u00e9 qu'il abhorre.\r\n\r\nC'est dans cet \u00e9tat d'esprit qu'il quitte la grande ville pour Mont-Tombelle, le trou perdu de son enfance, l\u00e0 o\u00f9 l'attend l'h\u00f4tel de ses parents, dont il vient d'h\u00e9riter.\r\n\r\nD\u00e8s son arriv\u00e9e, Luc est surpris par tous ces nouveaux visages, toutes ces nouvelles personnalit\u00e9s qui pullulent au village. : et s'ils \u00e9taient tous \u00e0 Mont-Tombelle pour lui ou, pire, \u00e0 cause de lui ?","authors":["Miguel Ardan"],"category_codes":["90000000","90010000"],"visuals":{"large":"https:\/\/images.epagine.fr\/450\/9782898350450_1_75.jpg","medium":"https:\/\/images.epagine.fr\/450\/9782898350450_1_m.jpg","thumbnail":"https:\/\/images.epagine.fr\/450\/9782898350450_1_v.jpg"},"orderable":true,"show_badge":true,"formatted_price":"21,50&nbsp;\u20ac","formatted_published_date":"1er mai 2024","publisher_availability_label":"Sur commande","short_details":"Miguel Ardan \u2014 Alire","translator":null,"weight":400,"page_count":288,"readership":null,"editor":"Alire","price":2150,"published_date":"2024-04-30T22:00:00.000000Z","support":"Grand format","publisher_availability":1,"stock":0,"editions":[],"url":"https:\/\/quaidesbrumes.com\/ouvrage\/9782898350450\/au-bout-de-la-folie"},{"id":"9782898350528","title":"Halifax express","description":"Craignant l'invasion de l'Angleterre, le premier ministre Winston Churchill fait exp\u00e9dier au Canada la totalit\u00e9 du Tr\u00e9sor national afin de le mettre \u00e0 l'abri des Allemands. Or, le train r\u00e9quisitionn\u00e9 pour assurer son transport en sol canadien, le Halifax Express, est d\u00e9tourn\u00e9 sous les yeux m\u00eame de l'officier de la Gendarmerie Royale charg\u00e9 de sa protection, Francis Lemay. Et ce dernier sait pertinemment qui est le chef des brigands : Sean Finnegan, l'Irlandais qui, un an plus t\u00f4t, a froidement abattu son partenaire et que Lemay traque depuis sans rel\u00e2che.","authors":["Lionel No\u00ebl"],"category_codes":["90000000","90010000"],"visuals":{"large":"https:\/\/images.epagine.fr\/528\/9782898350528_1_75.jpg","medium":"https:\/\/images.epagine.fr\/528\/9782898350528_1_m.jpg","thumbnail":"https:\/\/images.epagine.fr\/528\/9782898350528_1_v.jpg"},"orderable":true,"show_badge":true,"formatted_price":"14,00&nbsp;\u20ac","formatted_published_date":"15 mai 2024","publisher_availability_label":"Sur commande","short_details":"Lionel No\u00ebl \u2014 Alire","translator":null,"weight":505,"page_count":464,"readership":null,"editor":"Alire","price":1400,"published_date":"2024-05-14T22:00:00.000000Z","support":"Poche","publisher_availability":1,"stock":0,"editions":[],"url":"https:\/\/quaidesbrumes.com\/ouvrage\/9782898350528\/halifax-express"},{"id":"9782490628049","title":"Sniper","description":"Saint-Br\u00e9vin les Pins, station baln\u00e9aire de la Loire-Atlantique, situ\u00e9e sur la rive sud du fleuve...Alors que les touristes affluent sur la c\u00f4te, un meurtre se produit. Les enqu\u00eateurs de Saint-Nazaire viennent appuyer les gendarmes locaux. Ils auront bien du fil \u00e0 retordre avec tous les \u00e9v\u00e8nements qui s'enchainent.Mais c'est sans compter sur la pers\u00e9v\u00e9rance du Capitaine Monfoul et du Major Pessac pour venir \u00e0 bout de l'enqu\u00eate.","authors":["Bondu Pascal"],"category_codes":["90000000","90010000"],"visuals":{"large":"https:\/\/images.epagine.fr\/049\/9782490628049_1_75.jpg","medium":"https:\/\/images.epagine.fr\/049\/9782490628049_1_m.jpg","thumbnail":"https:\/\/images.epagine.fr\/049\/9782490628049_1_v.jpg"},"orderable":true,"show_badge":true,"formatted_price":"12,00&nbsp;\u20ac","formatted_published_date":"25 juillet 2019","publisher_availability_label":"Sur commande","short_details":"Bondu Pascal \u2014 Hey","translator":null,"weight":242,"page_count":null,"readership":null,"editor":"Hey","price":1200,"published_date":"2019-07-24T22:00:00.000000Z","support":"Grand format","publisher_availability":1,"stock":0,"editions":[],"url":"https:\/\/quaidesbrumes.com\/ouvrage\/9782490628049\/sniper"},{"id":"9782898112430","title":"Funestes r\u00e9coltes","description":"Quand cinq travailleurs temporaires guat\u00e9malt\u00e8ques embauch\u00e9s par un fermier de Saint-Val\u00e9rien-de-Milton disparaissent, ce dernier se tourne vers Blaise et Victor, les d\u00e9tectives priv\u00e9s de La Firme, pour mener l'investigation.. Lanc\u00e9s sur les traces des hommes volatilis\u00e9s, les deux limiers remontent \u00e0 la source d'un vaste r\u00e9seau d'exploitation humaine. Ils ne tarderont pas \u00e0 mettre en lumi\u00e8re les sombres rouages derri\u00e8re l'apparente tranquillit\u00e9 des fermes de la province. Disparition ou enl\u00e8vement ? Cette affaire serait-elle li\u00e9e \u00e0 la mort d'un agriculteur dont la mauvaise r\u00e9putation brouille les pistes et sur laquelle enqu\u00eate Josette Labranche de la S\u00fbret\u00e9 du Qu\u00e9bec ?. Employ\u00e9s sans-papiers, fermiers v\u00e9reux, agences de placement illicites, dark web clandestin, criminalit\u00e9 : Funestes r\u00e9coltes est une fiction sur le monde agricole et les travailleurs temporaires ill\u00e9gaux au Qu\u00e9bec. Un roman r\u00e9aliste passionnant qui m\u00eale questions de soci\u00e9t\u00e9 et intrigue polici\u00e8re, et qui ne laissera personne indiff\u00e9rent.","authors":["Jocelyne Cazin"],"category_codes":["90000000","90010000"],"visuals":{"large":"https:\/\/images.epagine.fr\/430\/9782898112430_1_75.jpg","medium":"https:\/\/images.epagine.fr\/430\/9782898112430_1_m.jpg","thumbnail":"https:\/\/images.epagine.fr\/430\/9782898112430_1_v.jpg"},"orderable":true,"show_badge":true,"formatted_price":"28,50&nbsp;\u20ac","formatted_published_date":"15 janvier 2025","publisher_availability_label":"Sur commande","short_details":"Jocelyne Cazin \u2014 Flammarion Quebec","translator":null,"weight":400,"page_count":312,"readership":null,"editor":"Flammarion Quebec","price":2850,"published_date":"2025-01-14T23:00:00.000000Z","support":"Grand format","publisher_availability":1,"stock":0,"editions":[],"url":"https:\/\/quaidesbrumes.com\/ouvrage\/9782898112430\/funestes-recoltes"},{"id":"9791040568179","title":"Parole de tomate : Et si le jardin \u00e9tait l'assassin ?","description":"P\u00e9tula, une Anglaise aussi charmante qu'originale, s'est install\u00e9e dans un village vend\u00e9en. Elle y a cr\u00e9\u00e9 un jardin magnifique dont elle prend grand soin. Mais un promoteur immobilier la harc\u00e8le : il veut acheter son terrain pour y construire un lotissement. P\u00e9tula r\u00e9siste jusqu'au soir o\u00f9 elle le d\u00e9couvre mort sous ses hortensias. Tout accuse la cuisine anglaise (plus sp\u00e9cifiquement, un cheese-cake) jusqu'\u00e0 l'arriv\u00e9e d'un inspecteur surr\u00e9aliste, \u00e0 l'intuition l\u00e9gendaire qui, lui, soup\u00e7onne le jardin ! Et s'il avait raison ? Si le jardin \u00e9tait l'assassin ? Les plantes peuvent-elles d\u00e9lib\u00e9r\u00e9ment tuer ? J'ai ador\u00e9 l'intrigue et j'ai beaucoup ri ! Les personnages sont tr\u00e8s attachants et cette approche du pouvoir des plantes permet une belle d\u00e9couverte. - Vanessa J'ai eu beaucoup de plaisir \u00e0 lire ce roman, j'avais la banane durant toute la lecture. Et, promis, plus jamais je ne regarderai une foug\u00e8re comme avant ! - Corinne Comme pour le pr\u00e9c\u00e9dent roman de la s\u00e9rie, je l'ai lu d'une traite sans pouvoir m'arr\u00eater tellement j'\u00e9tais prise par l'histoire et j'ai appris plein de choses \u00e9tonnantes sur les plantes. - Brigitte L'illustration de couverture a \u00e9t\u00e9 r\u00e9alis\u00e9e par Susy Rose \u00e0 partir du tableau de Ren\u00e9 Magritte \u00ab Le fils de l'homme \u00bb","authors":["C\u00e9cile Pardi"],"category_codes":["90000000","90010000"],"visuals":{"large":"https:\/\/images.epagine.fr\/179\/9791040568179_1_75.jpg","medium":"https:\/\/images.epagine.fr\/179\/9791040568179_1_m.jpg","thumbnail":"https:\/\/images.epagine.fr\/179\/9791040568179_1_v.jpg"},"orderable":true,"show_badge":true,"formatted_price":"15,90&nbsp;\u20ac","formatted_published_date":"17 mars 2025","publisher_availability_label":"Sur commande","short_details":"C\u00e9cile Pardi \u2014 Librinova","translator":null,"weight":132,"page_count":137,"readership":"Tout public","editor":"Librinova","price":1590,"published_date":"2025-03-16T23:00:00.000000Z","support":"Grand format","publisher_availability":1,"stock":0,"editions":[],"url":"https:\/\/quaidesbrumes.com\/ouvrage\/9791040568179\/parole-de-tomate-et-si-le-jardin-etait-lassassin"},{"id":"9782487112025","title":"Et si l'\u00cele de R\u00e9 devenait ind\u00e9pendant","description":"Antoine de Saint-Bonnet, avocat, la cinquantaine, fait partie de ces hommes dont la vie va soudainement basculer. \u00c0 la suite du d\u00e9c\u00e8s d'une tante fantasque, il h\u00e9rite d'un patrimoine impor-tant sur l'\u00eele de R\u00e9 et d\u00e9cide de s'y installer. Mais la r\u00e9nova-tion d'un vieil h\u00f4tel particulier fait surgir du pass\u00e9 une crypte oubli\u00e9e, et avec elle tous les secrets enfouis pendant des si\u00e8cleset; Avec Julia et Sofy, ils vont tenir t\u00eate au gouvernement europ\u00e9en pour rendre publics ces documents retrouv\u00e9s. Face \u00e0 une situa-tion politique mouvement\u00e9e, les Rh\u00e9tais, attach\u00e9s \u00e0 leur terri-toire, devront d\u00e9cider de l'avenir de R\u00e9. Pendant ce temps, des fant\u00f4mes du pass\u00e9 de l'\u00eele semblent errer dans le ciel. Le duc de Buckingham se chamaille encore avec le mar\u00e9chal de Toiras sur fond de l'\u00e9ternelle rivalit\u00e9 franco-anglaise. Suzy Solidor, femme libre d'une modernit\u00e9 insoup\u00e7onn\u00e9e, y croise l'\u00e9crivain maudit Henri B\u00e9raudet; Mais pourquoi ces personnages hantent-ils le ciel rh\u00e9tais ? Leurs \u00e2mes vont-elles enfin","authors":["Gerbert Rambaud"],"category_codes":["90000000","90010000"],"visuals":{"large":"https:\/\/images.epagine.fr\/025\/9782487112025_1_75.jpg","medium":"https:\/\/images.epagine.fr\/025\/9782487112025_1_m.jpg","thumbnail":"https:\/\/images.epagine.fr\/025\/9782487112025_1_v.jpg"},"orderable":true,"show_badge":true,"formatted_price":"25,00&nbsp;\u20ac","formatted_published_date":"29 mars 2025","publisher_availability_label":"Sur commande","short_details":"Gerbert Rambaud \u2014 \u00c9ditions du Lizay","translator":null,"weight":370,"page_count":360,"readership":"Tout public","editor":"\u00c9ditions du Lizay","price":2500,"published_date":"2025-03-28T23:00:00.000000Z","support":"Poche","publisher_availability":1,"stock":0,"editions":[],"url":"https:\/\/quaidesbrumes.com\/ouvrage\/9782487112025\/et-si-lile-de-re-devenait-independant"}]}