{"data":[{"id":"9782267030969","title":"M\u00e9jico","description":"Guadalajara, 1997 : cach\u00e9 dans une chambre voisine, Omar est le t\u00e9moin du double assassinat de sa cousine et ma\u00eetresse, Catalina, et du compagnon de cette derni\u00e8re, Mariachito. Lequel des deux a appuy\u00e9 le premier sur la d\u00e9tente ? Y avait-il une tierce personne ? Omar l'ignore. La seule chose dont il est s\u00fbr, c'est que, d\u00e9sormais, sa vie ne sera plus qu'une fuite en avant, pour \u00e9chapper \u00e0 la vengeance de Concho, l'homme de confiance de son rival. Mais o\u00f9 ira-t-il ? Pourquoi pas l'Espagne, pays d'origine de ses grands-parents, o\u00f9 il lui reste encore une cousine ?\r\nVeracruz, 1946 : alors qu'ils se pr\u00e9lassent sur le sable avec leurs enfants, Yago et Mar\u00eda, deux anarchistes espagnols en exil, voient appara\u00eetre au loin le ventre pro\u00e9minent de Benjamin Lara, un ami d'enfance connu \u00e0 Madrid et devenu leur pire ennemi. La famille n'a plus d'autre choix que de plier bagages et de partir le plus loin et le plus rapidement possible.\r\nDes destin\u00e9es li\u00e9es par le sang, comme sont li\u00e9es les destin\u00e9es de l'Espagne et du Mexique, deux pays s\u00e9par\u00e9s par un oc\u00e9an mais rapproch\u00e9s par tant d'autres \u00e9v\u00e9nements : d'abord soumise au joug d'Hernan Cort\u00e9s, l'ancienne colonie s'est transform\u00e9e en terre d'accueil pour les r\u00e9fugi\u00e9s de la guerre civile espagnole.\r\nAntonio Ortu\u00f1o expose l'histoire de deux g\u00e9n\u00e9rations : comme \u00e0 son habitude, il brosse dans M\u00e9jico un portrait fid\u00e8le du Mexique, brutal et corrompu, \u00e0 travers un style dont les phrases et les images atteignent une violence extr\u00eame.\r","authors":["Antonio Ortu\u00f1o","Marta Martinez Valls"],"category_codes":["90000000","90010000"],"visuals":{"large":"https:\/\/images.epagine.fr\/969\/9782267030969_1_75.jpg","medium":"https:\/\/images.epagine.fr\/969\/9782267030969_1_m.jpg","thumbnail":"https:\/\/images.epagine.fr\/969\/9782267030969_1_v.jpg"},"orderable":true,"show_badge":true,"formatted_price":"18,00&nbsp;\u20ac","formatted_published_date":"13 septembre 2018","publisher_availability_label":"Sur commande","short_details":"Antonio Ortu\u00f1o, Marta Martinez Valls \u2014 Christian Bourgois","translator":"MARTA MARTINEZ VALLS","weight":264,"page_count":256,"readership":null,"editor":"Christian Bourgois","price":1800,"published_date":"2018-09-12T22:00:00.000000Z","support":"Grand format","publisher_availability":1,"stock":0,"editions":[],"url":"https:\/\/quaidesbrumes.com\/ouvrage\/9782267030969\/mejico"},{"id":"9782267032611","title":"Quai num\u00e9ro 7","description":"Il est quatre heures du matin dans la gare de Peterborough, en Angleterre. Un renard solitaire trotte sur les voies tandis que le silence est parfois rompu par le lent crissement d'un train de marchandises. Un homme se croyant seul se dirige vers une partie isol\u00e9e de la gare, au bord du quai num\u00e9ro 7, et se jette sur les rails. Ce qu'il ne sait pas, c'est qu'il est observ\u00e9 par Lisa Evans, ou plut\u00f4t par son fant\u00f4me : elle aussi est d\u00e9c\u00e9d\u00e9e au m\u00eame endroit, dix-huit mois plus t\u00f4t.\r\nDeux d\u00e9c\u00e8s en dix-huit mois : pourraient-ils \u00eatre li\u00e9s ? Personne n'est plus d\u00e9sesp\u00e9r\u00e9 de comprendre ce qui les relie que Lisa Evans elle-m\u00eame. Apr\u00e8s tout, elle a \u00e9t\u00e9 la premi\u00e8re des deux \u00e0 mourir. Et elle est bien d\u00e9cid\u00e9e \u00e0 comprendre ce qui a pouss\u00e9 cet inconnu \u00e0 commettre l'irr\u00e9parable.\r\nQuai num\u00e9ro 7 d\u00e9crit la m\u00e9canique implacable qui peut faire basculer les vies dans la trag\u00e9die, et transformer l'amour en une relation d'emprise et de manipulation. Louise Doughty explore les zones d'ombre pr\u00e9sentes au coeur de nos vies.\r","authors":["Louise Doughty","Elodie Leplat"],"category_codes":["90000000","90020000"],"visuals":{"large":"https:\/\/images.epagine.fr\/611\/9782267032611_1_75.jpg","medium":"https:\/\/images.epagine.fr\/611\/9782267032611_1_m.jpg","thumbnail":"https:\/\/images.epagine.fr\/611\/9782267032611_1_v.jpg"},"orderable":true,"show_badge":true,"formatted_price":"22,50&nbsp;\u20ac","formatted_published_date":"3 juin 2021","publisher_availability_label":"Sur commande","short_details":"Louise Doughty, Elodie Leplat \u2014 Christian Bourgois","translator":"ELODIE LEPLAT","weight":414,"page_count":384,"readership":null,"editor":"Christian Bourgois","price":2250,"published_date":"2021-06-02T22:00:00.000000Z","support":"Grand format","publisher_availability":1,"stock":0,"editions":[],"url":"https:\/\/quaidesbrumes.com\/ouvrage\/9782267032611\/quai-numero-7"},{"id":"9782381650449","title":"Enfin l'aube viendra","description":"Paris - septembre 1879   Charles Marais est assassin\u00e9 le soir de son mariage. Une de ses anciennes ma\u00eetresses, Ana\u00efs Delvaux, est accus\u00e9e du crime et condamn\u00e9e par la cour d'assises de la Seine \u00e0 la prison \u00e0  perp\u00e9tuit\u00e9. La veille du meurtre de Charles Marais, un Am\u00e9ricain \u00e2g\u00e9 d'une soixantaine d'ann\u00e9es, Ambrose Pierce, en visite \u00e0 Paris, a \u00e9t\u00e9 retrouv\u00e9 mort dans sa chambre d'h\u00f4tel. Le d\u00e9c\u00e8s serait d\u00fb \u00e0 un arr\u00eat du coeur, caus\u00e9 par l'abus de morphine.  Paris-octobre 1882   Ana\u00efs est d\u00e9clar\u00e9e innocente et lib\u00e9r\u00e9e de prison. C'est aussi le moment que choisit Adrien Pierce pour se rendre \u00e0 Paris afin d'enqu\u00eater, \u00e0 la demande de ses deux tantes, sur la mort de son grand-p\u00e8re. Hasard ou destin, Ana\u00efs et Adrian se rencontrent.  Auront-ils un avenir ensemble alors que leur pass\u00e9 semble les s\u00e9parer ?","authors":["Ir\u00e8ne Chauvy"],"category_codes":["90000000","90010000","90010200"],"visuals":{"large":"https:\/\/images.epagine.fr\/449\/9782381650449_1_75.jpg","medium":"https:\/\/images.epagine.fr\/449\/9782381650449_1_m.jpg","thumbnail":"https:\/\/images.epagine.fr\/449\/9782381650449_1_v.jpg"},"orderable":true,"show_badge":true,"formatted_price":"10,50&nbsp;\u20ac","formatted_published_date":"23 novembre 2023","publisher_availability_label":"Sur commande","short_details":"Ir\u00e8ne Chauvy \u2014 Gaelis \u00c9ditions","translator":null,"weight":160,"page_count":231,"readership":null,"editor":"Gaelis \u00c9ditions","price":1050,"published_date":"2023-11-22T23:00:00.000000Z","support":"Poche","publisher_availability":1,"stock":0,"editions":[],"url":"https:\/\/quaidesbrumes.com\/ouvrage\/9782381650449\/enfin-laube-viendra"},{"id":"9782812715471","title":"BR\u00dbLEZ NOTRE DAME !","description":"Et si l'incendie de Notre-Dame de Paris n'\u00e9tait pas accidentel ? \r\nEt si, derri\u00e8re ces flammes d\u00e9vastatrices, inimaginables dans l'esprit de tous... il y avait une main criminelle ?\r\nEt si... le meurtre d'un haut fonctionnaire de la R\u00e9publique, un 1er novembre dans la capitale, avec un modus operandi d\u00e9fiant toute pens\u00e9e logique, lan\u00e7ait des enqu\u00eateurs circonspects dans une enqu\u00eate particuli\u00e8rement tortueuse et \u00e0 la conclusion surprenante ?\r\nDe Paris \u00e0 Marseille, en passant par J\u00e9rusalem et les Hautes-Alpes, les surprises succ\u00e8dent aux surprises. Pour les policiers, elles voilent longtemps le chemin vers la V\u00e9rit\u00e9 d'une ombre pernicieuse...\r\nPour ce nouveau roman, l'auteur nous plonge dans les m\u00e9andres crispants d'une actualit\u00e9 particuli\u00e8rement \u00ab br\u00fblante \u00bb. Le pass\u00e9 d'ancien pompier professionnel de l'auteur a r\u00e9veill\u00e9 en lui la flamme du doute...","authors":["Alain Delattre"],"category_codes":["90000000","90020000","90020500"],"visuals":{"large":"https:\/\/images.epagine.fr\/471\/9782812715471_1_75.jpg","medium":"https:\/\/images.epagine.fr\/471\/9782812715471_1_m.jpg","thumbnail":"https:\/\/images.epagine.fr\/471\/9782812715471_1_v.jpg"},"orderable":true,"show_badge":true,"formatted_price":"23,00&nbsp;\u20ac","formatted_published_date":"17 mars 2025","publisher_availability_label":"Sur commande","short_details":"Alain Delattre \u2014 Presses Du Midi","translator":null,"weight":432,"page_count":331,"readership":null,"editor":"Presses Du Midi","price":2300,"published_date":"2025-03-16T23:00:00.000000Z","support":"Grand format","publisher_availability":1,"stock":0,"editions":[],"url":"https:\/\/quaidesbrumes.com\/ouvrage\/9782812715471\/brulez-notre-dame"},{"id":"9791031015828","title":"Les crucifi\u00e9s du Cap B\u00e9ar","description":"Firmin, en rentrant de sa p\u00eache, aper\u00e7oit une anomalie dans le signal lumineux du phare du Cap B\u00e9ar. Il la signale imm\u00e9diatement \u00e0 la capitainerie de Port Vendres qui va d\u00e9p\u00eacher la gendarmerie et un expert des phares et balises sur site. Ces derniers vont d\u00e9couvrir un homme crucifi\u00e9 sur la lentille de Fresnel du s\u00e9maphore. \r\nC'est le d\u00e9but d'une enqu\u00eate confi\u00e9e \u00e0 la majore Colette Pasternak, du commissariat de Port Vendres. Celle-ci va finir par mettre \u00e0 jour l'oeuvre mal\u00e9fique d'une organisation secr\u00e8te espagnole. \r\nCe cosy crime permettra en outre au lecteur de d\u00e9couvrir la C\u00f4te Vermeille, de Port-Vendres \u00e0 Banyuls-sur-Mer, son ambiance \u00e0 la fois marine et sauvage, et les divers monuments qui la jalonnent.","authors":["G\u00e9rard Muller"],"category_codes":["90000000","90010000"],"visuals":{"large":"https:\/\/images.epagine.fr\/828\/9791031015828_1_75.jpg","medium":"https:\/\/images.epagine.fr\/828\/9791031015828_1_m.jpg","thumbnail":"https:\/\/images.epagine.fr\/828\/9791031015828_1_v.jpg"},"orderable":true,"show_badge":true,"formatted_price":"11,00&nbsp;\u20ac","formatted_published_date":"17 mars 2025","publisher_availability_label":"Sur commande","short_details":"G\u00e9rard Muller \u2014 Presses Litteraires","translator":null,"weight":162,"page_count":198,"readership":null,"editor":"Presses Litteraires","price":1100,"published_date":"2025-03-16T23:00:00.000000Z","support":"Grand format","publisher_availability":1,"stock":0,"editions":[],"url":"https:\/\/quaidesbrumes.com\/ouvrage\/9791031015828\/les-crucifies-du-cap-bear"},{"id":"9781398712461","title":"THE BELL TOWER","description":"As each prisoner dies, the bell will ring...\r\n\r\nAfter a drugs bust goes wrong, Deputy Sheriff Garrett Nelson is left wounded, with a permanent limp and a career in tatters. On his long road to recovery he finds one consolation - Hannah, his tough-as-nails physiotherapist, and soon they''re planning a future together.\r\n\r\n Unfit for active police service, Nelson is left with few options, so he gratefully accepts his father-in-law''s offer of a job at a Florida penitentiary on the grounds of an old Spanish mission in the Everglades. The prison''s chapel, a working bell tower, is now an execution chamber. And Nelson must attend the executions.\r\n\r\n Working on Death Row comes with a few simple rules:\r\n\r\n - Do not let the inmates get under your skin.\r\n - Do not allow any prisoners to escape.\r\n - Do not take justice into your own hands.\r\n\r\n Garrett Nelson will break every one of them.\r\n\r\nGripping and heart-breaking by turns, and beautifully set against the backdrop of Florida''s Everglades, The Bell Tower is the latest literary suspense novel from the award-winning, internationally bestselling author of A Quiet Belief in Angels.\r\n_________________________\r\n\r\n''In the top flight of crime writing'' SUNDAY TELEGRAPH\r\n''The master of the genre'' CLIVE CUSSLER","authors":["R J Ellory"],"category_codes":["90000000","90020000"],"visuals":{"large":"https:\/\/images.epagine.fr\/461\/9781398712461_1_75.jpg","medium":"https:\/\/images.epagine.fr\/461\/9781398712461_1_m.jpg","thumbnail":"https:\/\/images.epagine.fr\/461\/9781398712461_1_v.jpg"},"orderable":true,"show_badge":true,"formatted_price":"24,30&nbsp;\u20ac","formatted_published_date":"28 mars 2024","publisher_availability_label":"Sur commande","short_details":"R J Ellory \u2014 Orion","translator":null,"weight":565,"page_count":null,"readership":"Tout public","editor":"Orion","price":2430,"published_date":"2024-03-27T23:00:00.000000Z","support":"Grand format","publisher_availability":1,"stock":0,"editions":[],"url":"https:\/\/quaidesbrumes.com\/ouvrage\/9781398712461\/the-bell-tower"},{"id":"9782824003924","title":"Lo cast\u00e8l de la paur ; las enquestas del comissari Cassatl Tome 2","description":"Nous retrouvons le commissaire Casal qui m\u00e8ne l'enqu\u00eate dans trois nouvelles affaires... Dans un style ais\u00e9 et une langue simple et savoureuse, Raymond Guiraud nous ram\u00e8ne dans l'univers de la Fabrique, le commissariat central de Toulouse pour un nouveau roman policier en vrai occitan de Toulouse. \r\nNascut a Tolosa en 1929, lo \"Guiraud de Basieja\" trabalh\u00e8t dins l'agr\u00f2-alimentari a Paris, mas doblid\u00e8t pas jamai la lenga mairala del Pais Mondin. Lo siu trabalh li fagu\u00e8t costejar gendarmas, policia e tribunals e mai tard, l'enveja li vengu\u00e8t, aital, de se metre a l'escritura de romans polici\u00e8rs. En occitan, plan segur, per l'amor del Pais e de la Lenga d'\u00f2c.\r\nN\u00e9 \u00e0 Toulouse en 1929, le \"Guiraud de Bazi\u00e8ges\", a travaill\u00e9 dans l'agro-alimentaire \u00e0 Paris, sans jamais oublier la langue maternelle du pays Moundi. Son m\u00e9tier lui avait fait c\u00f4toyer gendarmeries, police et tribunaux, aussi, plus tard, l'envie le prend de se mettre \u00e0 l'\u00e9criture de romans policiers. En occitan, bien s\u00fbr, pour l'amour du Pays et de la Langue d'oc.","authors":["Raimond Guiraud"],"category_codes":["90000000","90010000"],"visuals":{"large":"https:\/\/images.epagine.fr\/924\/9782824003924_1_75.jpg","medium":"https:\/\/images.epagine.fr\/924\/9782824003924_1_m.jpg","thumbnail":"https:\/\/images.epagine.fr\/924\/9782824003924_1_v.jpg"},"orderable":true,"show_badge":true,"formatted_price":"17,75&nbsp;\u20ac","formatted_published_date":"10 ao\u00fbt 2014","publisher_availability_label":"Sur commande","short_details":"Raimond Guiraud \u2014 Editions des R\u00e9gionalismes","translator":null,"weight":255,"page_count":176,"readership":null,"editor":"Editions des R\u00e9gionalismes","price":1775,"published_date":"2014-08-09T22:00:00.000000Z","support":"Grand format","publisher_availability":1,"stock":0,"editions":[],"url":"https:\/\/quaidesbrumes.com\/ouvrage\/9782824003924\/lo-castel-de-la-paur-las-enquestas-del-comissari-cassatl-tome-2"},{"id":"9782358152372","title":"Le rejet","description":"Lucile la douce et Carole la guerri\u00e8re sont amies depuis l'adolescence. Alexandre est le beau-fr\u00e8re de l'une et le nouvel amant de l'autre.\r\nLucile d\u00e9couvre, par hasard, qui est v\u00e9ritablement Alexandre. Dans le cahier noir qu'elle  transmet \u00e0 Carole, elle d\u00e9voile les crimes de son beau-fr\u00e8re, m\u00e9decin r\u00e9put\u00e9, criminel pathologique mais insaisissable.\r\nPourquoi, alors qu'elle a d\u00e9cid\u00e9 d'\u00e9liminer Alexandre, Lucile se jette-t-elle du haut de la falaise ? \r\nCarole se lib\u00e8rera-t-elle de l'emprise de son amant ? Vengera-t-elle son amie ? En aura-t-elle le temps ? \r\nDans ce roman noir, le pass\u00e9 qui semblait limpide, baign\u00e9 par la lumi\u00e8re des C\u00e9vennes, remonte comme une eau trouble. La folie meurtri\u00e8re, feutr\u00e9e, inimaginable, se r\u00e9v\u00e8le dans toute son horreur.\r","authors":["Jeanne Teisson"],"category_codes":["90000000","90020000"],"visuals":{"large":"https:\/\/images.epagine.fr\/372\/9782358152372_1_75.jpg","medium":"https:\/\/images.epagine.fr\/372\/9782358152372_1_m.jpg","thumbnail":"https:\/\/images.epagine.fr\/372\/9782358152372_1_v.jpg"},"orderable":true,"show_badge":true,"formatted_price":"14,00&nbsp;\u20ac","formatted_published_date":"20 avril 2018","publisher_availability_label":"Sur commande","short_details":"Jeanne Teisson \u2014 GLYPHE","translator":null,"weight":200,"page_count":160,"readership":null,"editor":"GLYPHE","price":1400,"published_date":"2018-04-19T22:00:00.000000Z","support":"Grand format","publisher_availability":1,"stock":0,"editions":[],"url":"https:\/\/quaidesbrumes.com\/ouvrage\/9782358152372\/le-rejet"},{"id":"9791094757413","title":"Les oubli\u00e9s","description":"Que se passe-t-il donc sur Saint-Paul, une \u00eele australe fran\u00e7aise proche des Kerguelen ? L'assassinat myst\u00e9rieux du chef d'une exp\u00e9dition scientifique plonge le reste de la petite communaut\u00e9 dans l'angoisse : chacun soup\u00e7onnant tout le monde, l'ambiance devient vite d\u00e9l\u00e9t\u00e8re !\r\nLe hasard faisant bien les choses, un jeune commissaire en poste \u00e0 Saint-Pierre de la R\u00e9union doit \u00eatre mis au vert au plus vite, suite \u00e0 des \u00e9carts r\u00e9p\u00e9t\u00e9s de conduite. Le voil\u00e0 embarqu\u00e9 pour Saint-Paul avec la consigne de d\u00e9masquer le meurtrier. Apparemment, l'enqu\u00eate est simple puisque le coupable est n\u00e9cessairement sur place, mais les choses ne sont jamais ce qu'elles semblent \u00eatre... Notre enqu\u00eateur soup\u00e7onnera tr\u00e8s vite que ce meurtre poss\u00e8de un lien fort avec d'autres faits, d\u00e9roul\u00e9s il y a bien longtemps : l'affaire des \u00ab oubli\u00e9s de Saint-Paul \u00bb. Dans les ann\u00e9es 1930, sept p\u00eacheurs de Concarneau avaient \u00e9t\u00e9 abandonn\u00e9s sur l'\u00eele par un armateur peu scrupuleux. La plupart \u00e9taient morts l\u00e0 bas sans revoir leur Bretagne natale...\r\nDans cette nouvelle enqu\u00eate, J\u00e9r\u00f4me Gauthey se pla\u00eet une fois de plus \u00e0 nous plonger dans les tr\u00e9fonds de l'outremer fran\u00e7ais. On retrouve avec plaisir son h\u00e9ros r\u00e9current, un commissaire d\u00e9j\u00e0 crois\u00e9 dans Mayotte Express ou La Col\u00e8re du Papillon, enqu\u00eateur toujours aussi peu professionnel, mais capable de fulgurances qui le surprennent lui-m\u00eame...","authors":["J\u00e9r\u00f4me Gauthey"],"category_codes":["90000000","90010000"],"visuals":{"large":"https:\/\/images.epagine.fr\/413\/9791094757413_1_75.jpg","medium":"https:\/\/images.epagine.fr\/413\/9791094757413_1_m.jpg","thumbnail":"https:\/\/images.epagine.fr\/413\/9791094757413_1_v.jpg"},"orderable":true,"show_badge":true,"formatted_price":"22,00&nbsp;\u20ac","formatted_published_date":"24 janvier 2022","publisher_availability_label":"Sur commande","short_details":"J\u00e9r\u00f4me Gauthey \u2014 Noir'\u00e9dition","translator":null,"weight":407,"page_count":294,"readership":null,"editor":"Noir'\u00e9dition","price":2200,"published_date":"2022-01-23T23:00:00.000000Z","support":"Grand format","publisher_availability":1,"stock":0,"editions":[],"url":"https:\/\/quaidesbrumes.com\/ouvrage\/9791094757413\/les-oublies"},{"id":"9782386511059","title":"Le pacte des vierges","description":"Apr\u00e8s le d\u00e9c\u00e8s tragique de sa petite fille Emma, le capitaine de gendarmerie Franck Rivi\u00e8res demande sa mutation dans le Lot, sa r\u00e9gion natale, afin de se reconstruire avec son \u00e9pouse. En d\u00e9pit de brillants \u00e9tats de service au sein du D\u00e9partement des Sciences Comportementales de Cergy-Pontoise, il prend transitoirement ses fonctions au poste provisoire de Rocamadour.\r\nQuelques jours seulement apr\u00e8s son arriv\u00e9e, le cadavre d'un p\u00e8lerin atrocement mutil\u00e9 et des ossements d'enfant sont d\u00e9couverts dans la grotte de la nativit\u00e9. Hant\u00e9 par le fant\u00f4me de sa fille disparue, le capitaine Rivi\u00e8res, rattach\u00e9 \u00e0 l'enqu\u00eate, traque alors un meurtrier en s\u00e9rie insaisissable.\r\n\r\nUne \u00e9nigme captivante tiss\u00e9e dans une narration habilement \u00e9labor\u00e9e s'\u00e9tendant sur des d\u00e9cennies, o\u00f9 la peur, le suspense et un tueur en s\u00e9rie rus\u00e9 convergent dans un thriller policier magistral.","authors":["Aur\u00e9e  De Carbon"],"category_codes":["90000000","90010000"],"visuals":{"large":"https:\/\/images.epagine.fr\/059\/9782386511059_1_75.jpg","medium":"https:\/\/images.epagine.fr\/059\/9782386511059_1_m.jpg","thumbnail":"https:\/\/images.epagine.fr\/059\/9782386511059_1_v.jpg"},"orderable":true,"show_badge":true,"formatted_price":"18,00&nbsp;\u20ac","formatted_published_date":"21 mars 2025","publisher_availability_label":"Sur commande","short_details":"Aur\u00e9e  De Carbon \u2014 Spinelle","translator":null,"weight":340,"page_count":282,"readership":"Tout public","editor":"Spinelle","price":1800,"published_date":"2025-03-20T23:00:00.000000Z","support":"Grand format","publisher_availability":1,"stock":0,"editions":[],"url":"https:\/\/quaidesbrumes.com\/ouvrage\/9782386511059\/le-pacte-des-vierges"},{"id":"9782383514572","title":"Poireaux & ch\u00e2timents Tome 2","description":"Toi, Oui toi qui lis ces lignes, Quelle sorte de teigne es-tu ?\r\n\r\nC'est bien la suite de \u00abL'AFFAIRE DU POIREAU VINAIGRETTE\u00bb que tu t'appr\u00eates \u00e0 butiner.\r\n\r\nEst-ce la folie qui t'a mis la puce \u00e0 l'oreille ?\r\n\r\nTu dois avoir une araign\u00e9e au plafond pour en redemander ainsi.\r\n\r\nN'as-tu donc rien appris de ta premi\u00e8re rencontre avec la noirceur de mon g\u00e9nie destructeur ?\r\n\r\nJe savais que tu avais le bourdon, le cafard, depuis que je t'ai fait prisonnier de ma toile.\r\n\r\nRien ne m'\u00e9chappe. Jamais.\r\n\r\nJ'entends les fourmis que tu as dans les jambes.\r\n\r\nJe te devine excit\u00e9 comme un pou \u00e0 l'id\u00e9e de savoir dans quelle sombre histoire de malentendus et de funestes quiproquos je vais t'emmener.\r\n\r\nMais si tu crois que tu vas pouvoir me tirer les vers du nez, tu te trompes : on parle ici du plus grand tueur de l'Histoire du crime !\r\n\r\nAvec ou sans poireau, tu ne restes qu'un insecte.\r\n\r\nEt avec ce nouveau chapitre de cette saga l\u00e9gendaire, une fois de plus, je fais mouche.\r\n\r\nEs-tu vraiment pr\u00eat ?","authors":["Heckle Freux"],"category_codes":["90000000","90010000"],"visuals":{"large":"https:\/\/images.epagine.fr\/572\/9782383514572_1_75.jpg","medium":"https:\/\/images.epagine.fr\/572\/9782383514572_1_m.jpg","thumbnail":"https:\/\/images.epagine.fr\/572\/9782383514572_1_v.jpg"},"orderable":true,"show_badge":true,"formatted_price":"15,90&nbsp;\u20ac","formatted_published_date":"7 juin 2023","publisher_availability_label":"Sur commande","short_details":"Heckle Freux \u2014 NOMBRE 7","translator":null,"weight":263,"page_count":202,"readership":null,"editor":"NOMBRE 7","price":1590,"published_date":"2023-06-06T22:00:00.000000Z","support":"Grand format","publisher_availability":1,"stock":0,"editions":[],"url":"https:\/\/quaidesbrumes.com\/ouvrage\/9782383514572\/poireaux-chatiments-tome-2"},{"id":"9782372310123","title":"Sezanne k.o.","description":null,"authors":["Maillet J-F."],"category_codes":["90000000","90010000"],"visuals":{"large":"https:\/\/images.epagine.fr\/123\/9782372310123_1_75.jpg","medium":"https:\/\/images.epagine.fr\/123\/9782372310123_1_m.jpg","thumbnail":"https:\/\/images.epagine.fr\/123\/9782372310123_1_v.jpg"},"orderable":true,"show_badge":true,"formatted_price":"22,00&nbsp;\u20ac","formatted_published_date":"15 octobre 2015","publisher_availability_label":"Sur commande","short_details":"Maillet J-F. \u2014 Le Pythagore","translator":null,"weight":670,"page_count":null,"readership":null,"editor":"Le Pythagore","price":2200,"published_date":"2015-10-14T22:00:00.000000Z","support":"Grand format","publisher_availability":1,"stock":0,"editions":[],"url":"https:\/\/quaidesbrumes.com\/ouvrage\/9782372310123\/sezanne-ko"},{"id":"9782487020504","title":"Le peintre aux couteaux : Traque fun\u00e8bre en C\u00f4te d'Opale","description":"1917. Boulogne. Trois meurtres d'une violence inou\u00efe. \r\nUne mise en sc\u00e8ne gla\u00e7ante. Des femmes mutil\u00e9es. \r\nUn assassin sadique introuvable. Grace, journaliste au Courrier du Boulonnais, d\u00e9cide de mener des investigations en compagnie de deux acolytes, Aristide, un ancien combattant, et Gaspard, un peintre sans \u00e9clat. Ils s'immergent dans une enqu\u00eate labyrinthique qui les conduisent des ruelles de Boulogne aux plages de Wimereux, du camp anglais d'\u00c9taples au Roubaix occup\u00e9 par les Allemands. Sur leur chemin, ils croisent un inspecteur corrompu et un tenancier d'\u00e9tablissement interlope qui brouillent leurs pistes. \r\nLa traque devient un jeu mortel o\u00f9 Grace ignore si elle est la chasseuse ou la proie.","authors":["Christophe Follez"],"category_codes":["90000000","90010000"],"visuals":{"large":"https:\/\/images.epagine.fr\/504\/9782487020504_1_75.jpg","medium":"https:\/\/images.epagine.fr\/504\/9782487020504_1_m.jpg","thumbnail":"https:\/\/images.epagine.fr\/504\/9782487020504_1_v.jpg"},"orderable":true,"show_badge":true,"formatted_price":"12,50&nbsp;\u20ac","formatted_published_date":"4 mars 2025","publisher_availability_label":"Sur commande","short_details":"Christophe Follez \u2014 Aubane","translator":null,"weight":200,"page_count":232,"readership":"Tout public","editor":"Aubane","price":1250,"published_date":"2025-03-03T23:00:00.000000Z","support":"Poche","publisher_availability":1,"stock":0,"editions":[],"url":"https:\/\/quaidesbrumes.com\/ouvrage\/9782487020504\/le-peintre-aux-couteaux-traque-funebre-en-cote-dopale"},{"id":"9782487020566","title":"Atom : Enqu\u00eate terrifiante dans le Nord","description":"Le commandant Wawrziczny et sa coll\u00e8gue Sabine Rose doivent travailler sur une affaire des plus originales : plusieurs personnes au comportement de zombies ont \u00e9t\u00e9 retrouv\u00e9es et portent sur la tempe une cicatrice. Entre flics ripoux, pouvoirs obscurs et psychiatrie, le duo d'enqu\u00eateurs plonge dans les bas-fonds lillois et se rend aux confins de la Belgique, l\u00e0 o\u00f9 le mal se pare parfois de ses plus belles intentions... Dans cette enqu\u00eate terrifiante, le r\u00e9el vacille \u00e0 chaque pas.","authors":["Didier Bonnet"],"category_codes":["90000000","90010000"],"visuals":{"large":"https:\/\/images.epagine.fr\/566\/9782487020566_1_75.jpg","medium":"https:\/\/images.epagine.fr\/566\/9782487020566_1_m.jpg","thumbnail":"https:\/\/images.epagine.fr\/566\/9782487020566_1_v.jpg"},"orderable":true,"show_badge":true,"formatted_price":"14,00&nbsp;\u20ac","formatted_published_date":"17 mars 2025","publisher_availability_label":"Sur commande","short_details":"Didier Bonnet \u2014 Aubane","translator":null,"weight":300,"page_count":376,"readership":"Tout public","editor":"Aubane","price":1400,"published_date":"2025-03-16T23:00:00.000000Z","support":"Poche","publisher_availability":1,"stock":0,"editions":[],"url":"https:\/\/quaidesbrumes.com\/ouvrage\/9782487020566\/atom-enquete-terrifiante-dans-le-nord"},{"id":"9782896151851","title":"Le passager","description":"\u00c9tienne S\u00e9guin n'a pas trente ans. Originaire de Drummondville, demeurant depuis quelques ann\u00e9es \u00e0 Montr\u00e9al, il vient d'accepter un poste de professeur de litt\u00e9rature au c\u00e9gep de sa ville natale. Qu'\u00e0 cela ne tienne, il fera l'aller-retour par l'autoroute 20 ; le trajet ne prend pas plus d'une heure, cela lui permettra d'\u00e9couter la radio et, surtout, d'oublier sa r\u00e9cente s\u00e9paration ! Peu de temps apr\u00e8s, \u00c9tienne remarque un autostoppeur, toujours post\u00e9 au m\u00eame endroit au moment o\u00f9 il passe. Pourquoi ne pas le faire monter afin de rompre la monotonie de la route ? D\u00e8s la premi\u00e8re rencontre, le jeune homme comprend que son passager l'a connu dans son enfance. Mais voil\u00e0 : \u00c9tienne souffre d'amn\u00e9sie et n'a aucun souvenir de ses jeunes ann\u00e9es. C'est alors que les questions surgissent dans son esprit : qui donc est ce passager qu'il a pris l'habitude d'embarquer ? Et qu'ont-ils fait ensemble, dans leur jeunesse ?","authors":["Patrick Sen\u00e9cal"],"category_codes":["90000000","90010000"],"visuals":{"large":"https:\/\/images.epagine.fr\/851\/9782896151851_1_75.jpg","medium":"https:\/\/images.epagine.fr\/851\/9782896151851_1_m.jpg","thumbnail":"https:\/\/images.epagine.fr\/851\/9782896151851_1_v.jpg"},"orderable":true,"show_badge":true,"formatted_price":"17,00&nbsp;\u20ac","formatted_published_date":"30 juillet 2018","publisher_availability_label":"Sur commande","short_details":"Patrick Sen\u00e9cal \u2014 Alire","translator":null,"weight":401,"page_count":null,"readership":null,"editor":"Alire","price":1700,"published_date":"2018-07-29T22:00:00.000000Z","support":"Grand format","publisher_availability":1,"stock":0,"editions":[],"url":"https:\/\/quaidesbrumes.com\/ouvrage\/9782896151851\/le-passager"},{"id":"9782487020580","title":"Estrans sanglants : De Berck \u00e0 Bray-Dunes, les forces du mal se r\u00e9pandent","description":"Solstice d'\u00e9t\u00e9. La C\u00f4te d'Opale vacille. Tra\u00een\u00e9es de sang humain sur les estrans sans victimes identifi \u00e9es ni disparitions signal\u00e9es... Engins effarants aux sinistres symboles \u00e9chou\u00e9s sur les plages... Inqui\u00e9tant hologramme nocturne d'un voilier mythique... Lanc\u00e9s dans l'enqu\u00eate pr\u00e9liminaire, Delambre et Dubois d\u00e9couvrent peu \u00e0 peu toute l'horreur de la situation, des emprises, des trafics, des s\u00e9questrations, et manipulations \u00e0 l'oeuvre jusqu'\u00e0 l'extr\u00eame violence organis\u00e9e et aux morts programm\u00e9es. Confront\u00e9s aux men\u00e9es sataniques de malfrats machiav\u00e9liques \u00e0 \r\nl'incroyable ruse, il leur reste \u00e0 d\u00e9monter la m\u00e9canique d'une sorte de guerre hybride.","authors":["Jean-Pierre Bocquet"],"category_codes":["90000000","90010000"],"visuals":{"large":"https:\/\/quaidesbrumes.com\/img\/book-placeholder.png","medium":"https:\/\/quaidesbrumes.com\/img\/book-placeholder.png","thumbnail":"https:\/\/quaidesbrumes.com\/img\/book-placeholder.png"},"orderable":true,"show_badge":true,"formatted_price":"12,00&nbsp;\u20ac","formatted_published_date":"1er avril 2025","publisher_availability_label":"Sur commande","short_details":"Jean-Pierre Bocquet \u2014 Aubane","translator":null,"weight":200,"page_count":240,"readership":"Tout public","editor":"Aubane","price":1200,"published_date":"2025-03-31T22:00:00.000000Z","support":"Poche","publisher_availability":1,"stock":0,"editions":[],"url":"https:\/\/quaidesbrumes.com\/ouvrage\/9782487020580\/estrans-sanglants-de-berck-a-bray-dunes-les-forces-du-mal-se-repandent"},{"id":"9788491098690","title":"Hamabost egun urgainen","description":null,"authors":["Jose Antonio Loidi"],"category_codes":["90000000","90010000","90010500"],"visuals":{"large":"https:\/\/quaidesbrumes.com\/img\/book-placeholder.png","medium":"https:\/\/quaidesbrumes.com\/img\/book-placeholder.png","thumbnail":"https:\/\/quaidesbrumes.com\/img\/book-placeholder.png"},"orderable":true,"show_badge":true,"formatted_price":"21,00&nbsp;\u20ac","formatted_published_date":"17 avril 2023","publisher_availability_label":"Sur commande","short_details":"Jose Antonio Loidi \u2014 Erein","translator":null,"weight":501,"page_count":null,"readership":null,"editor":"Erein","price":2100,"published_date":"2023-04-16T22:00:00.000000Z","support":"Grand format","publisher_availability":1,"stock":0,"editions":[],"url":"https:\/\/quaidesbrumes.com\/ouvrage\/9788491098690\/hamabost-egun-urgainen"},{"id":"9789523909267","title":"R\u00e9surrection","description":"Double jeu excitant.\r\nUn r\u00e9cit gla\u00e7ant o\u00f9 s'entrem\u00ealent forfaits et vie quotidienne.\u00a0Il suffirait de pas grand-chose pour que n'importe qui se laisse glisser sur la pente.\r\nN\u00e9e d'une m\u00e8re junkie et d'un criminel de bas \u00e9tage, quelques traces sur le corps et l'\u00e2me fragile, Samantha m\u00e8ne une vie confin\u00e9e dans une routine barbante et m\u00e9dicalement assist\u00e9e.\r\nLeurrer son psy de petites victoires mensong\u00e8res. Laisser son esprit machiav\u00e9lique lui jouer des\u00a0tours. S'engouffrer dans le plaisir malsain du meurtre. \u00c9chafauder un projet diabolique.\r\nUne ascension effr\u00e9n\u00e9e et perturbante, poussant les actes tout au bout de leur logique.\r\n\u00a0","authors":["Sandra Bassano"],"category_codes":["90000000","90010000","90010500"],"visuals":{"large":"https:\/\/images.epagine.fr\/267\/9789523909267_1_75.jpg","medium":"https:\/\/images.epagine.fr\/267\/9789523909267_1_m.jpg","thumbnail":"https:\/\/images.epagine.fr\/267\/9789523909267_1_v.jpg"},"orderable":true,"show_badge":true,"formatted_price":"14,00&nbsp;\u20ac","formatted_published_date":"25 mars 2025","publisher_availability_label":"Sur commande","short_details":"Sandra Bassano \u2014 Stylit","translator":null,"weight":150,"page_count":144,"readership":"Tout public","editor":"Stylit","price":1400,"published_date":"2025-03-24T23:00:00.000000Z","support":"Grand format","publisher_availability":1,"stock":0,"editions":[],"url":"https:\/\/quaidesbrumes.com\/ouvrage\/9789523909267\/resurrection"},{"id":"9782897115272","title":"Chambre 1002 (poche)","description":null,"authors":["Brouillet Chrystine"],"category_codes":["90000000","90010000"],"visuals":{"large":"https:\/\/images.epagine.fr\/272\/9782897115272_1_75.jpg","medium":"https:\/\/images.epagine.fr\/272\/9782897115272_1_m.jpg","thumbnail":"https:\/\/images.epagine.fr\/272\/9782897115272_1_v.jpg"},"orderable":true,"show_badge":true,"formatted_price":"15,00&nbsp;\u20ac","formatted_published_date":"28 juillet 2020","publisher_availability_label":"Sur commande","short_details":"Brouillet Chrystine \u2014 Druide","translator":null,"weight":401,"page_count":null,"readership":null,"editor":"Druide","price":1500,"published_date":"2020-07-27T22:00:00.000000Z","support":"Grand format","publisher_availability":1,"stock":0,"editions":[],"url":"https:\/\/quaidesbrumes.com\/ouvrage\/9782897115272\/chambre-1002-poche"},{"id":"9782898350573","title":"Faces de boeufs","description":"Trois ans apr\u00e8s l'\u00e9t\u00e9 des brasiers, Vic Verdier et Jessy Di Filipo, sa partner de patrouille devenue partenaire de vie, envisagent de fonder une famille. Pendant que Vic s'emmerde dans des enqu\u00eates de routine, Jessy exulte \u00e0 titre d'agente de liaison aupr\u00e8s de Companion, la startup qui pilote un projet visant \u00e0 \u00e9quiper tous les policiers de Montr\u00e9al d'une cam\u00e9ra corporelle. Vic, pour sa part, n'est gu\u00e8re enthousiasm\u00e9 par ce projet : le monde entier a-t-il vraiment besoin de voir en permanence leurs \u00ab faces de boeufs \u00bb ?. Jessy d\u00e9chante \u00e0 son tour quand elle constate en direct sur ses \u00e9crans les d\u00e9boires de ses coll\u00e8gues. Quand ce n'est pas l'un qui se fait prendre litt\u00e9ralement les culottes \u00e0 terre, c'est un autre qui, le regard vide, attaque brutalement un suspect. D\u00e9cid\u00e9ment, l'algorithme du programme est particuli\u00e8rement efficace pour rep\u00e9rer les bavures !. Puis deux crimes violents requi\u00e8rent l'expertise de Vic - dans chacun des cas, un vol d'oeuvre d'art a mal tourn\u00e9 et un homme a \u00e9t\u00e9 battu \u00e0 mort. Or, plus ses enqu\u00eates avancent, plus le policier remarque des parall\u00e8les troublants avec des \u00e9v\u00e9nements survenus lors du passage \u00e0 Montr\u00e9al en 1976 de membres influents de la mafia napolitaine et - est-ce un hasard ? - il se chuchote dans certains milieux qu'une d\u00e9l\u00e9gation de celle-ci est r\u00e9cemment d\u00e9barqu\u00e9e en ville, le jour m\u00eame du lancement d'une certaine startup.... ","authors":["Vic Verdier"],"category_codes":["90000000","90010000"],"visuals":{"large":"https:\/\/images.epagine.fr\/573\/9782898350573_1_75.jpg","medium":"https:\/\/images.epagine.fr\/573\/9782898350573_1_m.jpg","thumbnail":"https:\/\/images.epagine.fr\/573\/9782898350573_1_v.jpg"},"orderable":true,"show_badge":true,"formatted_price":"23,50&nbsp;\u20ac","formatted_published_date":"1er novembre 2024","publisher_availability_label":"Sur commande","short_details":"Vic Verdier \u2014 Alire","translator":null,"weight":505,"page_count":348,"readership":null,"editor":"Alire","price":2350,"published_date":"2024-10-31T23:00:00.000000Z","support":"Grand format","publisher_availability":1,"stock":0,"editions":[],"url":"https:\/\/quaidesbrumes.com\/ouvrage\/9782898350573\/faces-de-boeufs"},{"id":"9782898350580","title":"La femme de Montr\u00e9al","description":"Montr\u00e9al, 1934.\r\nFille de bonne famille, Claude Dufresne a re\u00e7u une \u00e9ducation de haut niveau dans les grandes \u00e9coles europ\u00e9ennes. Brillante, elle aspire \u00e0 changer le monde comme journaliste, et rien ne peut l'arr\u00eater. Sauf qu'elle est une femme !\r\nQu'\u00e0 cela ne tienne, elle d\u00e9cide de postuler au quotidien La Laurentie sous le nom d'un alter ego masculin cr\u00e9\u00e9 de toutes pi\u00e8ces... Elle se pr\u00e9sente \u00e0 l'entretien d'embauche travestie et obtient le poste.\r\nClaude n'est au journal que depuis peu quand un coll\u00e8gue l'invite \u00e0 participer \u00e0 une r\u00e9union de l'Ordre, un rassemblement de fanatiques x\u00e9nophobes et misogynes\r\nL'occasion est trop belle : elle infiltrera l'organisation, au p\u00e9ril de sa propre vie !","authors":["Pauline Vincent"],"category_codes":["90000000","90010000"],"visuals":{"large":"https:\/\/images.epagine.fr\/580\/9782898350580_1_75.jpg","medium":"https:\/\/images.epagine.fr\/580\/9782898350580_1_m.jpg","thumbnail":"https:\/\/images.epagine.fr\/580\/9782898350580_1_v.jpg"},"orderable":true,"show_badge":true,"formatted_price":"23,50&nbsp;\u20ac","formatted_published_date":"15 novembre 2024","publisher_availability_label":"Sur commande","short_details":"Pauline Vincent \u2014 Alire","translator":null,"weight":505,"page_count":272,"readership":null,"editor":"Alire","price":2350,"published_date":"2024-11-14T23:00:00.000000Z","support":"Grand format","publisher_availability":1,"stock":0,"editions":[],"url":"https:\/\/quaidesbrumes.com\/ouvrage\/9782898350580\/la-femme-de-montreal"},{"id":"9782382112960","title":"Commandant Fran\u00e7ois Chanel","description":"Un \u00e9corch\u00e9 vif d'\u00e0 peine 18 ans se retrouve malgr\u00e9 lui au coeur d'une affaire criminelle dont il a \u00e9t\u00e9 le t\u00e9moin \u00ab sans le savoir \u00bb. Dans chaque seconde de chaque minute de cette intrigue \u00e9trangl\u00e9e de noeuds, tout concourt \u00e0 accuser ce gamin cr\u00e9dule du meurtre d'une riche propri\u00e9taire collectionneuses d'objets occultes. Il faudra tout le talent d'un commandant jazzman devenu culte pour confondre le vrai tueur. L'auteur nous plonge, une fois encore, dans la singularit\u00e9 de l'ex-brigade criminelle du 36 quai des Orf\u00e8vres d\u00e9sormais locataire de la rue Bastion \u00e0 Paris. L'excellence d'un polar r\u00e9side souvent dans un parfait alignement des plan\u00e8tes o\u00f9 atmosph\u00e8re, intrigue et proc\u00e9dure se jouent d'une v\u00e9rit\u00e9 invisible \u00e0 l'oeil nu. Avec un d\u00e9tour in\u00e9luctable, ce polar \u00ab \u00e0 la Maigret \u00bb se moque des r\u00e8gles et n'en suivra qu'une : l'impossibilit\u00e9 de l\u00e2cher ce drame humain avant la r\u00e9v\u00e9lation finale. Un polar haletant sur fond de sorcellerie qui nous d\u00e9voile les coulisses de la gare de Lyon et nous ouvre les portes du c\u00e9l\u00e8bre 36 quai des Orf\u00e8vres.","authors":["Pascal Marmet"],"category_codes":["90000000","90010000"],"visuals":{"large":"https:\/\/images.epagine.fr\/960\/9782382112960_1_75.jpg","medium":"https:\/\/images.epagine.fr\/960\/9782382112960_1_m.jpg","thumbnail":"https:\/\/images.epagine.fr\/960\/9782382112960_1_v.jpg"},"orderable":true,"show_badge":true,"formatted_price":"8,80&nbsp;\u20ac","formatted_published_date":"30 janvier 2025","publisher_availability_label":"Sur commande","short_details":"Pascal Marmet \u2014 M+","translator":null,"weight":160,"page_count":230,"readership":null,"editor":"M+","price":880,"published_date":"2025-01-29T23:00:00.000000Z","support":"Poche","publisher_availability":1,"stock":0,"editions":[],"url":"https:\/\/quaidesbrumes.com\/ouvrage\/9782382112960\/commandant-francois-chanel"},{"id":"9782846591102","title":"\u00c9treinte mortelle : Une enqu\u00eate du commissaire Cyprien Bonassieu","description":"En mati\u00e8re d'\u00e9criture de romans d'espionnage ou policiers, les mentors de l'auteur sont John Le Carr\u00e9, Andrea Camilleri, Manuel V\u00e1squez Mont\u00e1lban et Qiu Xiaolong. Le premier pour le machiav\u00e9lisme des intrigues, les deuxi\u00e8me et troisi\u00e8me pour l'\u00e9picurisme et l'humour de leur personnage principal, le quatri\u00e8me pour ses d\u00e9nonciations des turpitudes imputables aux autorit\u00e9s chinoises. Il s'inscrit dans leurs pas avec humilit\u00e9 n'ayant aucunement la pr\u00e9tention de se comparer \u00e0 eux et en cherchant \u00e0 confronter les lecteurs aux menaces que la Chine fait peser sur nos vies... car si la Chine ne vous int\u00e9resse pas, la Chine s'int\u00e9resse \u00e0 vous !","authors":["Jean Tuan"],"category_codes":["90000000","90020000"],"visuals":{"large":"https:\/\/images.epagine.fr\/102\/9782846591102_1_75.jpg","medium":"https:\/\/images.epagine.fr\/102\/9782846591102_1_m.jpg","thumbnail":"https:\/\/images.epagine.fr\/102\/9782846591102_1_v.jpg"},"orderable":true,"show_badge":true,"formatted_price":"20,00&nbsp;\u20ac","formatted_published_date":"7 avril 2025","publisher_availability_label":"Sur commande","short_details":"Jean Tuan \u2014 Clc","translator":null,"weight":269,"page_count":192,"readership":"Tout public","editor":"Clc","price":2000,"published_date":"2025-04-06T22:00:00.000000Z","support":"Grand format","publisher_availability":1,"stock":0,"editions":[],"url":"https:\/\/quaidesbrumes.com\/ouvrage\/9782846591102\/etreinte-mortelle-une-enquete-du-commissaire-cyprien-bonassieu"},{"id":"9782924568002","title":"Les phalanges d'eddy barcot v 01 sur ses gardes","description":null,"authors":["Ledien Stephane"],"category_codes":["90000000","90010000"],"visuals":{"large":"https:\/\/images.epagine.fr\/002\/9782924568002_1_75.jpg","medium":"https:\/\/images.epagine.fr\/002\/9782924568002_1_m.jpg","thumbnail":"https:\/\/images.epagine.fr\/002\/9782924568002_1_v.jpg"},"orderable":true,"show_badge":true,"formatted_price":"25,00&nbsp;\u20ac","formatted_published_date":"1er avril 2015","publisher_availability_label":"Sur commande","short_details":"Ledien Stephane \u2014 \u00c9ditions \u00e0 l'\u00e9tage","translator":null,"weight":501,"page_count":null,"readership":null,"editor":"\u00c9ditions \u00e0 l'\u00e9tage","price":2500,"published_date":"2015-03-31T22:00:00.000000Z","support":"Grand format","publisher_availability":1,"stock":0,"editions":[],"url":"https:\/\/quaidesbrumes.com\/ouvrage\/9782924568002\/les-phalanges-deddy-barcot-v-01-sur-ses-gardes"}]}