{"data":[{"id":"9782382111628","title":"La chim\u00e8re de la Dombes","description":"Un matin brumeux, au coeur de la Dombes aux mille \u00e9tangs, dans la r\u00e9gion lyonnaise, une adolescente est retrouv\u00e9e morte. Les enqu\u00eateurs de la gendarmerie croyaient avoir mis hors d'\u00e9tat de nuire celui que la presse avait surnomm\u00e9 \u00ab Le tueur de la Dombes \u00bb, mais le modus operandi de ce nouveau meurtre ne laisse aucun doute. Les voil\u00e0 \u00e0 nouveau plong\u00e9s dans un pass\u00e9 sordide qu'ils auraient vraiment pr\u00e9f\u00e9r\u00e9 oublier.  Gendarmes genevois et lyonnais vont unir leurs forces face au mal dans une course poursuite infernale.   Apr\u00e8s Quand la Dombes tue, Fr\u00e9d\u00e9ric Somon dans ce nouveau thriller sous haute tension entra\u00eene ses lecteurs aux limites du supportable   Fr\u00e9d\u00e9ric SOMON Retrait\u00e9 de la gendarmerie, il a consacr\u00e9 presque exclusivement sa carri\u00e8re \u00e0 l'exercice de la police judiciaire. Il a rencontr\u00e9 des hommes et des femmes formidables, passionn\u00e9s et enti\u00e8rement d\u00e9vou\u00e9s \u00e0 leur m\u00e9tier. L'hommage qu'il leur rend et le souffle de ses r\u00e9cits sont forts de son exp\u00e9rience.","authors":["Fr\u00e9d\u00e9ric Somon"],"category_codes":["90000000","90010000","90010500"],"visuals":{"large":"https:\/\/images.epagine.fr\/628\/9782382111628_1_75.jpg","medium":"https:\/\/images.epagine.fr\/628\/9782382111628_1_m.jpg","thumbnail":"https:\/\/images.epagine.fr\/628\/9782382111628_1_v.jpg"},"orderable":true,"show_badge":true,"formatted_price":"9,99&nbsp;\u20ac","formatted_published_date":"18 mai 2023","publisher_availability_label":"Sur commande","short_details":"Fr\u00e9d\u00e9ric Somon \u2014 M+","translator":null,"weight":276,"page_count":314,"readership":null,"editor":"M+","price":999,"published_date":"2023-05-17T22:00:00.000000Z","support":"Poche","publisher_availability":1,"stock":0,"editions":["9782490591930"],"url":"https:\/\/quaidesbrumes.com\/ouvrage\/9782382111628\/la-chimere-de-la-dombes"},{"id":"9782357920873","title":"Les eaux troubles","description":"Une fois de plus, notre journaliste arch\u00e9ologue, qui souhaite na\u00efvement enfin r\u00e9diger un reportage paisible sur les fouilles du lit du Rh\u00f4ne en Arles, si riche en ce lieu de vestiges gallo-romains, va encore \u00eatre m\u00eal\u00e9e malgr\u00e9 elle \u00e0 une sombre magouille entach\u00e9e de d\u00e9c\u00e8s \u00e0 r\u00e9p\u00e9tition. Si elle s'investit pour sa revue \u00e0 d\u00e9couvrir les merveilles antiques de la vieille cit\u00e9, si elle s'attache \u00e0 suivre les plong\u00e9es remontant r\u00e9guli\u00e8rement de fort belles pi\u00e8ces propres \u00e0 enrichir les collections du c\u00e9l\u00e8bre mus\u00e9e d\u00e9partemental de la ville, elle n'\u00e9chappera pas au sort qui la poursuit et qui la frappera cette fois-ci de fort pr\u00e8s... Trop, peut-\u00eatre ! Quand arrivera-t-elle \u00e0 se d\u00e9faire des morts qui collent \u00e0 ses pas ?\r\n\r\nSur la piste d'une trouvaille arch\u00e9ologique aussi myst\u00e9rieuse qu'inou\u00efe, il lui faudra d\u00e9nouer les fils d'une intrigue compliqu\u00e9e, dans laquelle elle laissera quelques plumes sentimentales. Bien s\u00fbr, \u00e0 force de moral et de t\u00e9nacit\u00e9, elle finira par avoir le fin mot de l'histoire ! Comme d'habitude...","authors":["Michel Lacombe"],"category_codes":["90000000","90010000"],"visuals":{"large":"https:\/\/images.epagine.fr\/873\/9782357920873_1_75.jpg","medium":"https:\/\/images.epagine.fr\/873\/9782357920873_1_m.jpg","thumbnail":"https:\/\/images.epagine.fr\/873\/9782357920873_1_v.jpg"},"orderable":true,"show_badge":true,"formatted_price":"12,00&nbsp;\u20ac","formatted_published_date":"6 juillet 2021","publisher_availability_label":"Sur commande","short_details":"Michel Lacombe \u2014 EDITIONS DU MOT PASSANT","translator":null,"weight":302,"page_count":312,"readership":null,"editor":"EDITIONS DU MOT PASSANT","price":1200,"published_date":"2021-07-05T22:00:00.000000Z","support":"Grand format","publisher_availability":1,"stock":0,"editions":[],"url":"https:\/\/quaidesbrumes.com\/ouvrage\/9782357920873\/les-eaux-troubles"},{"id":"9782372541992","title":"BRI, les formes de l'ombre","description":"\u00ab D'un geste de la main, l'effrac annonce qu'elle est pr\u00eate. Je serre \u00e0 pleine main l'\u00e9paule gauche de l'op\u00e9rateur qui se trouve juste devant moi, il en fait de m\u00eame avec l'op\u00e9rateur devant lui, et ainsi de suite jusqu'en t\u00eate. Tout le monde est pr\u00eat. Les gars respirent fort. Djamel, en passant plusieurs fois sa main rapidement de haut en bas devant son visage fait signe \u00e0 Sam qu'elle doit baisser sa visi\u00e8re, ce qu'elle fait imm\u00e9diatement. L'effrac, quand vous \u00eates pr\u00eats pour la porte, on lance l'assaut.\u00bb Seb, Martial, Djamel, Fabien, Lucas et Samantha font partie de la BRI, l'unit\u00e9 d'intervention de la PJ parisienne. Ces six policiers partagent un m\u00e9tier passionnant, risqu\u00e9 mais surtout tr\u00e8s prenant. Entre interventions, entra\u00eenements et vie de groupe, la routine n'existe pas dans ce service d'\u00e9lite surtout quand Nicolai Novic et Sebastian Sdarise, deux dangereux criminels d\u00e9cident de passer \u00e0 l'action en \u00e9liminant leurs rivaux...\r\nUn polar haletant et plus vrai que nature \u00e9crit par un ancien op\u00e9rateur de la BRI.","authors":["Philippe Deparis"],"category_codes":["90000000","90020000"],"visuals":{"large":"https:\/\/images.epagine.fr\/992\/9782372541992_1_75.jpg","medium":"https:\/\/images.epagine.fr\/992\/9782372541992_1_m.jpg","thumbnail":"https:\/\/images.epagine.fr\/992\/9782372541992_1_v.jpg"},"orderable":true,"show_badge":true,"formatted_price":"18,00&nbsp;\u20ac","formatted_published_date":"27 mai 2021","publisher_availability_label":"Sur commande","short_details":"Philippe Deparis \u2014 Mareuil \u00c9ditions","translator":null,"weight":343,"page_count":270,"readership":null,"editor":"Mareuil \u00c9ditions","price":1800,"published_date":"2021-05-26T22:00:00.000000Z","support":"Grand format","publisher_availability":1,"stock":0,"editions":[],"url":"https:\/\/quaidesbrumes.com\/ouvrage\/9782372541992\/bri-les-formes-de-lombre"},{"id":"9782846591010","title":"Oxymore ; une enqu\u00eate du commissaire Cyprien Bonassieu","description":"Jean Tuan a choisi le genre du roman policier et d'espionnage avec la volont\u00e9 de distraire le lecteur tout en esp\u00e9rant lui faire d\u00e9couvrir certaines r\u00e9alit\u00e9s li\u00e9es \u00e0 la Chine. Comment celle-ci utilise l'implantation de la 5G \u00e0 des fins pas toujours honorables et comment le sport de haut niveau sert ses ambitions quel qu'en soit le prix. La Chine a pris une telle importance sur la sc\u00e8ne mondiale que personne ne peut rester indiff\u00e9rent. Loin des clich\u00e9s, l'auteur montre que ce pays n'est ni un paradis ni un enfer... tout en proposant une promenade \u00e9picurienne et culturelle.","authors":["Jean Tuan"],"category_codes":["90000000","90020000"],"visuals":{"large":"https:\/\/images.epagine.fr\/010\/9782846591010_1_75.jpg","medium":"https:\/\/images.epagine.fr\/010\/9782846591010_1_m.jpg","thumbnail":"https:\/\/images.epagine.fr\/010\/9782846591010_1_v.jpg"},"orderable":true,"show_badge":true,"formatted_price":"19,50&nbsp;\u20ac","formatted_published_date":"10 mars 2021","publisher_availability_label":"Sur commande","short_details":"Jean Tuan \u2014 Clc","translator":null,"weight":268,"page_count":192,"readership":null,"editor":"Clc","price":1950,"published_date":"2021-03-09T23:00:00.000000Z","support":"Grand format","publisher_availability":1,"stock":0,"editions":[],"url":"https:\/\/quaidesbrumes.com\/ouvrage\/9782846591010\/oxymore-une-enquete-du-commissaire-cyprien-bonassieu"},{"id":"9782373110920","title":"L'arbre de violence","description":"Le chemin de l'enfance est celui de la violence. Si Boaz s'enfuit un jour de la maison paternelle, c'est pour ne pas rendre ses coups \u00e0 son p\u00e8re ivrogne qui le punit en l'attachant \u00e0 un arbre. Mais o\u00f9 qu'il aille, la violence le suit. Dans un restaurant mal fam\u00e9 o\u00f9 Boaz travaille chaque soir \u00e9clatera le drame qui, pendant des ann\u00e9es, va le s\u00e9parer d'H\u00e9va, la femme qu'il aime. Jug\u00e9 pour meurtre, Boaz est condamn\u00e9 \u00e0 perp\u00e9tuit\u00e9. Et derri\u00e8re les barreaux, les ann\u00e9es comptent double. H\u00e9va ne lui rend plus visite et ne r\u00e9pond plus \u00e0 ses lettres. Boaz ne r\u00eave que d'\u00e9vasion, jusqu'au jour o\u00f9 la rencontre d'un griot lui apprendra \u00e0 exorciser cette fatalit\u00e9 qu'il porte en lui comme une blessure.","authors":["Jean-Fran\u00e7ois Samlong"],"category_codes":["90000000","90010000"],"visuals":{"large":"https:\/\/images.epagine.fr\/920\/9782373110920_1_75.jpg","medium":"https:\/\/images.epagine.fr\/920\/9782373110920_1_m.jpg","thumbnail":"https:\/\/images.epagine.fr\/920\/9782373110920_1_v.jpg"},"orderable":true,"show_badge":true,"formatted_price":"8,60&nbsp;\u20ac","formatted_published_date":"22 mai 2021","publisher_availability_label":"Sur commande","short_details":"Jean-Fran\u00e7ois Samlong \u2014 CARAIBEDITIONS","translator":null,"weight":160,"page_count":192,"readership":null,"editor":"CARAIBEDITIONS","price":860,"published_date":"2021-05-21T22:00:00.000000Z","support":"Poche","publisher_availability":1,"stock":0,"editions":["9782246494010"],"url":"https:\/\/quaidesbrumes.com\/ouvrage\/9782373110920\/larbre-de-violence"},{"id":"9782862313030","title":"La racine ombreuse du mal","description":"L'intrigue de ce roman policier doit faire la lumi\u00e8re sur un meurtre incompr\u00e9hensible commis sur un jeune homme. Le chemin vers la difficile \u00e9lucidation et la d\u00e9couverte du meurtrier met les personnages en contact avec la face sombre du catharisme et des groupes li\u00e9s \u00e0 l'\u00e9sot\u00e9risme.  Roman, pour une part, \u00e9pistolaire et constitu\u00e9 de journaux intimes qui mettent en jeu les recherches crois\u00e9es des personnages, dans une sorte de chant choral, que l'on trouve rarement dans un polar.","authors":["Isabelle Caplet","Simone Soulas"],"category_codes":["90000000","90010000"],"visuals":{"large":"https:\/\/images.epagine.fr\/030\/9782862313030_1_75.jpg","medium":"https:\/\/images.epagine.fr\/030\/9782862313030_1_m.jpg","thumbnail":"https:\/\/images.epagine.fr\/030\/9782862313030_1_v.jpg"},"orderable":true,"show_badge":true,"formatted_price":"19,00&nbsp;\u20ac","formatted_published_date":"8 octobre 2021","publisher_availability_label":"Sur commande","short_details":"Isabelle Caplet, Simone Soulas \u2014 MAURICE NADEAU","translator":null,"weight":348,"page_count":200,"readership":null,"editor":"MAURICE NADEAU","price":1900,"published_date":"2021-10-07T22:00:00.000000Z","support":"Grand format","publisher_availability":1,"stock":0,"editions":[],"url":"https:\/\/quaidesbrumes.com\/ouvrage\/9782862313030\/la-racine-ombreuse-du-mal"},{"id":"9782352085478","title":"Dame hacker","description":"Sandrine, \u00e9lev\u00e9e par une m\u00e8re c\u00e9libataire a toujours \u00e9t\u00e9 un peu marginale. \u00c0 l'adolescence, elle se rebelle et devient une jeune informaticienne autodidacte et surdou\u00e9e. Apr\u00e8s de menues arnaques, elle d\u00e9cide de jouer les \u00ab\u00a0Robins de Bois\u00a0\u00bb du net. Elle se met \u00e0 pirater les serveurs de riches fraudeurs pour les d\u00e9lester, sans qu'ils s'en rendent compte, d'une partie de l'argent sale qu'ils dissimulent dans les paradis fiscaux. Persuad\u00e9e de la justesse de son combat, elle profite de cette redistribution des richesses et m\u00e8ne grand train dans un luxueux appartement qu'elle ach\u00e8te en plein centre de Bordeaux. Et puis un jour, la chance tourne, les agents de la cybers\u00e9curit\u00e9 du minist\u00e8re de l'int\u00e9rieur la d\u00e9busquent.  Elle est arr\u00eat\u00e9e et lourdement condamn\u00e9e. D\u00e8s cet instant, elle entame une spirale infernale qui, de dangers en incertitudes, va redessiner tout autant son pass\u00e9 que son avenir.","authors":["Pascal Reygner"],"category_codes":["90000000","90010000"],"visuals":{"large":"https:\/\/images.epagine.fr\/478\/9782352085478_1_75.jpg","medium":"https:\/\/images.epagine.fr\/478\/9782352085478_1_m.jpg","thumbnail":"https:\/\/images.epagine.fr\/478\/9782352085478_1_v.jpg"},"orderable":true,"show_badge":true,"formatted_price":"16,00&nbsp;\u20ac","formatted_published_date":"17 f\u00e9vrier 2021","publisher_availability_label":"Sur commande","short_details":"Pascal Reygner \u2014 Bord Du Lot","translator":null,"weight":260,"page_count":182,"readership":null,"editor":"Bord Du Lot","price":1600,"published_date":"2021-02-16T23:00:00.000000Z","support":"Grand format","publisher_availability":1,"stock":0,"editions":[],"url":"https:\/\/quaidesbrumes.com\/ouvrage\/9782352085478\/dame-hacker"},{"id":"9782363401687","title":"Les silences de l'aspic","description":"\"Derni\u00e8re pi\u00e8ce du puzzle, fin du jeu. Voici l'as de pique, c'est-\u00e0-dire : l'as-pic ou les roses et l'amour. R\u00e9ponds-moi en accrochant une rose \u00e0 ta fen\u00eatre...\" Au pied du massif des Mon\u00e9di\u00e8res, une nouvelle affaire vient troubler le pittoresque village d'Espignac et ses habitants, en ce d\u00e9but des ann\u00e9es soixante. Depuis l'assassinat de son mari, Jacqueline supporte tr\u00e8s mal la solitude, elle se sent d\u00e9sormais pr\u00eate \u00e0 croquer la vie \u00e0 pleines dents. Mais un jour, la veuve commence \u00e0 recevoir de myst\u00e9rieux messages alternant menaces et paroles de charme. La police ayant opt\u00e9 pour la th\u00e8se de l'admirateur maladroit, notre protagoniste d\u00e9cide de mener son enqu\u00eate, seule, au m\u00e9pris du danger qui la guette. Qui peut ainsi s'en prendre \u00e0 elle ? Elle aurait bien une petite id\u00e9e, mais...","authors":["Claude Carreaux"],"category_codes":["90000000","90010000"],"visuals":{"large":"https:\/\/images.epagine.fr\/687\/9782363401687_1_75.jpg","medium":"https:\/\/images.epagine.fr\/687\/9782363401687_1_m.jpg","thumbnail":"https:\/\/images.epagine.fr\/687\/9782363401687_1_v.jpg"},"orderable":true,"show_badge":true,"formatted_price":"19,00&nbsp;\u20ac","formatted_published_date":"3 juin 2021","publisher_availability_label":"Sur commande","short_details":"Claude Carreaux \u2014 Les Monedieres","translator":null,"weight":200,"page_count":184,"readership":null,"editor":"Les Monedieres","price":1900,"published_date":"2021-06-02T22:00:00.000000Z","support":"Grand format","publisher_availability":1,"stock":0,"editions":[],"url":"https:\/\/quaidesbrumes.com\/ouvrage\/9782363401687\/les-silences-de-laspic"},{"id":"9782951706941","title":"Vieux crimes et ch\u00e2timent","description":"Ils contourn\u00e8rent la grande b\u00e2tisse. De l'autre c\u00f4t\u00e9, la tour carr\u00e9e, vestige de l'ancien ch\u00e2teau, \u00e9tait plong\u00e9e dans le noir. Mehdi ne put emp\u00eacher sa gorge de se contracter en approchant du sombre b\u00e2timent. Un si\u00e8cle et demi plus t\u00f4t, il devait \u00eatre tout aussi sombre quand une main inconnue avait fendu l'une apr\u00e8s l'autre les t\u00eates de ses quatre habitants...","authors":["Beno\u00eet Thierry"],"category_codes":["90000000","90010000"],"visuals":{"large":"https:\/\/images.epagine.fr\/941\/9782951706941_1_75.jpg","medium":"https:\/\/images.epagine.fr\/941\/9782951706941_1_m.jpg","thumbnail":"https:\/\/images.epagine.fr\/941\/9782951706941_1_v.jpg"},"orderable":true,"show_badge":true,"formatted_price":"13,00&nbsp;\u20ac","formatted_published_date":"29 avril 2021","publisher_availability_label":"Sur commande","short_details":"Beno\u00eet Thierry \u2014 Cairn","translator":null,"weight":301,"page_count":460,"readership":null,"editor":"Cairn","price":1300,"published_date":"2021-04-28T22:00:00.000000Z","support":"Grand format","publisher_availability":1,"stock":0,"editions":[],"url":"https:\/\/quaidesbrumes.com\/ouvrage\/9782951706941\/vieux-crimes-et-chatiment"},{"id":"9782490732050","title":"BRASIERS SUR L'ARZON","description":"De retour apr\u00e9s de longues ann\u00e9es d'absence, l'adjudant Gabriel MONEYRON esp\u00e9re se refaire une sant\u00e9 dans la douce qui\u00e9tude de son village natal. Futile espoir, car les environs du village qui borde l'Arzon sont la proie d'incendies inexpliqu\u00e9s et els rues du bourg de Vorey sont devenues l'aire de jeux de l'atypique enquetrice amateure, Euphrasie EXBRAYAT. La trentenaire, un peu folledingue, ancienne notaire du village, est en qu\u00eate d'un corbeau cin\u00e9phile. La rencontre entre ces deux-l\u00e0 va faire des \u00e9tincelels. De Vorey au Puy-en-Velay, en passant par les sucs dominant le petit Nice de Haute-Loire, les aventures et investigations de ce duo sont promptes \u00e0 laisser \u00e9clore une passion tout feu tout flamme.","authors":["Jean Dominique"],"category_codes":["90000000","90010000","90010400"],"visuals":{"large":"https:\/\/images.epagine.fr\/050\/9782490732050_1_75.jpg","medium":"https:\/\/images.epagine.fr\/050\/9782490732050_1_m.jpg","thumbnail":"https:\/\/images.epagine.fr\/050\/9782490732050_1_v.jpg"},"orderable":true,"show_badge":true,"formatted_price":"12,00&nbsp;\u20ac","formatted_published_date":"1er juin 2021","publisher_availability_label":"Sur commande","short_details":"Jean Dominique \u2014 La Plume Du Poux","translator":null,"weight":215,"page_count":234,"readership":null,"editor":"La Plume Du Poux","price":1200,"published_date":"2021-05-31T22:00:00.000000Z","support":"Grand format","publisher_availability":1,"stock":0,"editions":[],"url":"https:\/\/quaidesbrumes.com\/ouvrage\/9782490732050\/brasiers-sur-larzon"},{"id":"9791031010694","title":"\u00e0 double tour","description":"Galeriste \u00e0 Jersey, Karen a tout pour \u00eatre heureuse, un mari avocat qui l'adore et un merveilleux petit gar\u00e7on de 5 ans, Viktor. Mais le jour o\u00f9 son beau-p\u00e8re lui offre un \u00e9trange tableau tout son univers va dangereusement basculer. \r\n\r\nLa jeune femme commence \u00e0 avoir des hallucinations. Des objets de son salon disparaissent et se retrouvent dans le tableau. Son mari, sceptique, commence \u00e0 douter de sa sant\u00e9 mentale. Pourtant, quand leur enfant dispara\u00eet myst\u00e9rieusement tout le monde prend l'affaire au s\u00e9rieux.\r\n\r\nFace aux vains efforts de la police, Karen d\u00e9cide de mener ses propres recherches pour ne pas sombrer dans la folie du d\u00e9sespoir. \r\n\r\nCette qu\u00eate l'emm\u00e8nera loin, bien plus loin qu'elle ne l'aurait jamais cru.\r\n\r\nMais jusqu'o\u00f9 sera-t-elle capable d'aller pour sauver son fils ?","authors":["Elodie Tirel"],"category_codes":["90000000","90010000"],"visuals":{"large":"https:\/\/images.epagine.fr\/694\/9791031010694_1_75.jpg","medium":"https:\/\/images.epagine.fr\/694\/9791031010694_1_m.jpg","thumbnail":"https:\/\/images.epagine.fr\/694\/9791031010694_1_v.jpg"},"orderable":true,"show_badge":true,"formatted_price":"15,00&nbsp;\u20ac","formatted_published_date":"18 janvier 2021","publisher_availability_label":"Sur commande","short_details":"Elodie Tirel \u2014 Presses Litteraires","translator":null,"weight":360,"page_count":446,"readership":null,"editor":"Presses Litteraires","price":1500,"published_date":"2021-01-17T23:00:00.000000Z","support":"Grand format","publisher_availability":1,"stock":0,"editions":[],"url":"https:\/\/quaidesbrumes.com\/ouvrage\/9791031010694\/a-double-tour"},{"id":"9782374538273","title":"L'or cach\u00e9 de Toulouse","description":"279 avant notre \u00e8re. Les Volques Tectosages participent au pillage du sanctuaire d'Apollon de Delphes. Par la suite, certains d'entre eux s'installent sur les hauteurs brumeuses de la vall\u00e9e de la Garonne, charg\u00e9s, dit-on, d'un tr\u00e9sor porteur d'une terrible mal\u00e9diction.\r\nDe nos jours. William Delange est un jeune professeur d'Histoire m\u00e9di\u00e9vale \u00e0 l'Universit\u00e9 de Toulouse. \u00c0 la mort de son grand-p\u00e8re, il d\u00e9couvre un myst\u00e9rieux parchemin contenant un po\u00e8me crypt\u00e9 suppos\u00e9 le mener \u00e0 l'Or perdu de la Ville rose. Le d\u00e9but d'une incroyable course contre la montre pour l'historien, aux prises avec une dangereuse organisation secr\u00e8te.\r\n\r\nJournaliste et romancier, Alexandre L\u00e9oty fait son entr\u00e9e au 38 avec L'Or cach\u00e9 de Toulouse, polar palpitant, son 4e roman. Il nous entra\u00eene avec maestria dans les quartiers du centre historique de Toulouse, o\u00f9 sous la beaut\u00e9 des vieilles pierres se cachent des myst\u00e8res insoup\u00e7onn\u00e9s. Et des gens peu recommandables...","authors":["Alexandre L\u00e9oty"],"category_codes":["90000000","90020000"],"visuals":{"large":"https:\/\/images.epagine.fr\/273\/9782374538273_1_75.jpg","medium":"https:\/\/images.epagine.fr\/273\/9782374538273_1_m.jpg","thumbnail":"https:\/\/images.epagine.fr\/273\/9782374538273_1_v.jpg"},"orderable":true,"show_badge":true,"formatted_price":"18,00&nbsp;\u20ac","formatted_published_date":"23 f\u00e9vrier 2021","publisher_availability_label":"Sur commande","short_details":"Alexandre L\u00e9oty \u2014 Editions Du 38","translator":null,"weight":322,"page_count":250,"readership":null,"editor":"Editions Du 38","price":1800,"published_date":"2021-02-22T23:00:00.000000Z","support":"Grand format","publisher_availability":1,"stock":0,"editions":[],"url":"https:\/\/quaidesbrumes.com\/ouvrage\/9782374538273\/lor-cache-de-toulouse"},{"id":"9782492359019","title":"Plus rien ne s'oppose \u00e0 ma mort","description":"Sexe drogue et Sologne. La D76 traverse les champs et les for\u00eats. Ici, c'est le centre, le centre de la France, le centre \u00e9questre, le centre commercial et tout le monde tourne en rond. Il fait chaud, nous sommes le 6 ao\u00fbt et Louise n'a qu'une obsession : que le maire de Romorantin, Jacky, ose la regarder. Cinq ans apr\u00e8s...\r\nA l'\u00e9poque, elle \u00e9tait jeune, elle \u00e9tait belle, elle \u00e9tait vivante. Puis elle l'a crois\u00e9. Elle veut qu'il se souvienne, qu'il d\u00e9tourne son regard. Peut-\u00eatre m\u00eame qu'il regrette. Mais en cet \u00e9t\u00e9 de canicule, elle ne sait pas tout.","authors":["Fabrice David"],"category_codes":["90000000","90010000"],"visuals":{"large":"https:\/\/images.epagine.fr\/019\/9782492359019_1_75.jpg","medium":"https:\/\/images.epagine.fr\/019\/9782492359019_1_m.jpg","thumbnail":"https:\/\/images.epagine.fr\/019\/9782492359019_1_v.jpg"},"orderable":true,"show_badge":true,"formatted_price":"13,80&nbsp;\u20ac","formatted_published_date":"15 juin 2021","publisher_availability_label":"Sur commande","short_details":"Fabrice David \u2014 Feed Back","translator":null,"weight":230,"page_count":216,"readership":null,"editor":"Feed Back","price":1380,"published_date":"2021-06-14T22:00:00.000000Z","support":"Grand format","publisher_availability":1,"stock":0,"editions":[],"url":"https:\/\/quaidesbrumes.com\/ouvrage\/9782492359019\/plus-rien-ne-soppose-a-ma-mort"},{"id":"9791093167893","title":"Meurtres dans le grand narbonne - le boucher de l ovalie","description":"Durant les ann\u00e9es 80, le club de rugby de La Palme fait la fiert\u00e9 de ses habitants avec des r\u00e9sultats plus qu'\u00e9loquents. Mais un drame va vite ternir cette joie de vivre : les joueurs sont tu\u00e9s les uns apr\u00e8s les autres. Cette affaire, jamais \u00e9lucid\u00e9e et attribu\u00e9e \u00e0 celui que la presse surnomma Le Boucher de l'Ovalie, mettra un terme \u00e0 ce club tant redout\u00e9 dans la r\u00e9gion.Vingt ans plus tard, le jeune Julian d\u00e9barque de son Aveyron pour suivre sa m\u00e8re qui vient d'\u00eatre mut\u00e9e dans les environs de La Palme. Vite int\u00e9gr\u00e9 \u00e0 la population locale, il parvient \u00e0 motiver les Palmistes pour faire rena\u00eetre le club afin de faire battre \u00e0 nouveau le coeur du village. Malheureusement, telle une mal\u00e9diction, la trag\u00e9die se r\u00e9p\u00e8te et les joueurs se font de nouveau assassiner. Le Boucher de l'Ovalie serait-il de retour ? Cette fois, la gendarmerie de Narbonne sur le qui-vive entend bien r\u00e9soudre cette affaire pour d\u00e9masquer celui qui se cache derri\u00e8re ces atrocit\u00e9s.","authors":["S\u00e9gas"],"category_codes":["90000000","90020000"],"visuals":{"large":"https:\/\/images.epagine.fr\/893\/9791093167893_1_75.jpg","medium":"https:\/\/images.epagine.fr\/893\/9791093167893_1_m.jpg","thumbnail":"https:\/\/images.epagine.fr\/893\/9791093167893_1_v.jpg"},"orderable":true,"show_badge":true,"formatted_price":"12,90&nbsp;\u20ac","formatted_published_date":"11 juin 2021","publisher_availability_label":"Sur commande","short_details":"S\u00e9gas \u2014 Estelas","translator":null,"weight":215,"page_count":null,"readership":null,"editor":"Estelas","price":1290,"published_date":"2021-06-10T22:00:00.000000Z","support":"Poche","publisher_availability":1,"stock":0,"editions":[],"url":"https:\/\/quaidesbrumes.com\/ouvrage\/9791093167893\/meurtres-dans-le-grand-narbonne-le-boucher-de-l-ovalie"},{"id":"9791093167985","title":"Meurtres a tautavel - les sorcieres de tautavel","description":"4\u00e8 de CouvAlors que Julien Jaume se prom\u00e8ne dans les ruines du ch\u00e2teau de Tautavel une nuit d'insomnie, il assiste \u00e0 un morbide rituel. Des sorci\u00e8res dansent autour d'un feu entonnant des incantations incompr\u00e9hensibles avant de transpercer la poitrine d'un homme \u00e0 l'aide de ce qui semble \u00eatre une lance rudimentaire.Tr\u00e8s vite les sorci\u00e8res vont faire parler d'elles dans la r\u00e9gion commettant moult meurtres tous plus horribles les uns que les autres. Mais qui peut bien se cacher sous ces accoutrements faisant ainsi rena\u00eetre des croyances r\u00e9gionales ancestrales ? Quels mobiles peuvent bien pousser un groupe d'individus \u00e0 tant de cruaut\u00e9 ? C'est \u00e0 ces questions que va tenter de r\u00e9pondre l'adjudante-cheffe Isabelle Martineau aid\u00e9e par le lieutenant Marcillac.Cette intrigue aux rebondissements inattendus et d\u00e9stabilisants se d\u00e9roule dans le cadre myst\u00e9rieux des Corbi\u00e8res, lieu fortement marqu\u00e9 d'une empreinte historique et d'un glorieux pass\u00e9.","authors":["Cognet Jc"],"category_codes":["90000000","90010000"],"visuals":{"large":"https:\/\/images.epagine.fr\/985\/9791093167985_1_75.jpg","medium":"https:\/\/images.epagine.fr\/985\/9791093167985_1_m.jpg","thumbnail":"https:\/\/images.epagine.fr\/985\/9791093167985_1_v.jpg"},"orderable":true,"show_badge":true,"formatted_price":"12,90&nbsp;\u20ac","formatted_published_date":"11 juin 2021","publisher_availability_label":"Sur commande","short_details":"Cognet Jc \u2014 Estelas","translator":null,"weight":218,"page_count":null,"readership":null,"editor":"Estelas","price":1290,"published_date":"2021-06-10T22:00:00.000000Z","support":"Poche","publisher_availability":1,"stock":0,"editions":[],"url":"https:\/\/quaidesbrumes.com\/ouvrage\/9791093167985\/meurtres-a-tautavel-les-sorcieres-de-tautavel"},{"id":"9782366661460","title":"Qui \u00e9tait vraiment Mich du H\u00e9das ?","description":"Le commandant Adrien Dubreuil, en poste \u00e0 la Brigade des Stups, apprend que sa m\u00e8re vient d'\u00eatre percut\u00e9e par une moto sur la voie publique. Cette femme, autoritaire et distante, lui imposait depuis toujours de n'\u00eatre appel\u00e9e que par son seul diminutif : Mich. Sans l'impardonnable d\u00e9lit de fuite du pilote et de son passager, cet homme d'action ne se serait jamais ouvert \u00e0 une r\u00e9flexion aigu\u00eb sur son univers familial.\r\nEt si ce banal fait divers dissimulait une action meurtri\u00e8re d'envergure ? P\u00e9rip\u00e9ties sanglantes autour de la lutte antidrogue et d\u00e9cha\u00eenement de la d\u00e9linquance urbaine vont encadrer cette instruction peu conventionnelle d'o\u00f9 surgira une rivalit\u00e9 polici\u00e8re implacable. C'est dans le quartier du H\u00e9das \u00e0 Pau, jadis de mauvaise r\u00e9putation, o\u00f9 sa m\u00e8re passa une enfance ardente dans un milieu cosmopolite, qu'Adrien parach\u00e8vera sa qu\u00eate de v\u00e9rit\u00e9.","authors":["Gilles Gourgousse"],"category_codes":["90000000","90010000"],"visuals":{"large":"https:\/\/images.epagine.fr\/460\/9782366661460_1_75.jpg","medium":"https:\/\/images.epagine.fr\/460\/9782366661460_1_m.jpg","thumbnail":"https:\/\/images.epagine.fr\/460\/9782366661460_1_v.jpg"},"orderable":true,"show_badge":true,"formatted_price":"20,00&nbsp;\u20ac","formatted_published_date":"24 septembre 2021","publisher_availability_label":"Sur commande","short_details":"Gilles Gourgousse \u2014 Gascogne","translator":null,"weight":501,"page_count":334,"readership":null,"editor":"Gascogne","price":2000,"published_date":"2021-09-23T22:00:00.000000Z","support":"Grand format","publisher_availability":1,"stock":0,"editions":[],"url":"https:\/\/quaidesbrumes.com\/ouvrage\/9782366661460\/qui-etait-vraiment-mich-du-hedas"},{"id":"9782322377060","title":"Le myst\u00e8re du Pont Gustave-Flaubert : \u00e9dition du bicentenaire (1821-2021)","description":"Le pont Gustave-Flaubert ne ressemble-t-il pas \u00e0 un gigantesque instrument de musique? N'est-ce pas le lieu id\u00e9al pour cr\u00e9er un op\u00e9ra dont le livret serait sign\u00e9 Flaubert? Quel est ce myst\u00e8re qui plane sur l'Armada 2017 \u00e0 Rouen? \u00c0 travers cette aventure du \u00abd\u00e9tective priv\u00e9\u00bb Jules Kostelos, vous visiterez Rouen, Flaubert et les r\u00eaves baroques de Charles Hockolmess le chat. Vous rencontrerez aussi Giovanni Bottesini virtuose de la contrebasse.. Vous serez peut-\u00eatre surpris d'apprendre que la Tr\u00e8s Grande M\u00e9diath\u00e8que de l'Ouest est dirig\u00e9e par Salammb\u00f4, biblioth\u00e9caire et danseuse. Cette \u00e9dition au format poche est publi\u00e9e \u00e0 l'occasion du bicentenaire de Gustave Flaubert (2021).","authors":["Pierre Thiry"],"category_codes":["90000000","90010000"],"visuals":{"large":"https:\/\/images.epagine.fr\/060\/9782322377060_1_75.jpg","medium":"https:\/\/images.epagine.fr\/060\/9782322377060_1_m.jpg","thumbnail":"https:\/\/images.epagine.fr\/060\/9782322377060_1_v.jpg"},"orderable":true,"show_badge":true,"formatted_price":"10,00&nbsp;\u20ac","formatted_published_date":"2 juillet 2021","publisher_availability_label":"Sur commande","short_details":"Pierre Thiry \u2014 Books on Demand","translator":null,"weight":201,"page_count":200,"readership":null,"editor":"Books on Demand","price":1000,"published_date":"2021-07-01T22:00:00.000000Z","support":"Grand format","publisher_availability":1,"stock":0,"editions":[],"url":"https:\/\/quaidesbrumes.com\/ouvrage\/9782322377060\/le-mystere-du-pont-gustave-flaubert-edition-du-bicentenaire-1821-2021"},{"id":"9782390620198","title":"St\u00e9phane Martin Tome 1 : le rat de Molenbeek-Saint-Jean","description":"Depuis le 22 mars 2016, jour sinistre o\u00f9 le radicalisme a frapp\u00e9, Bruxelles a d\u00e9finitivement chang\u00e9 de visage aux yeux des Belges et du monde. Le Rat ! Tel est le surnom d'un gosse sans papier qui cr\u00e8che quelque part dans \u00ab Molem \u00bb, commune tristement c\u00e9l\u00e8bre de l'Ouest bruxellois, o\u00f9 chacun se voit affubl\u00e9 d'un sobriquet. Il aurait pu \u00eatre baptis\u00e9 d'un autre nom, mais les jeunes du quartier Maritime en ont ainsi d\u00e9cid\u00e9, sur base des codes de la rue et l'effet de la beuh. Ce gar\u00e7on, qui a sombr\u00e9 dans la drogue et les vols avec violence, s'amuse \u00e0 narguer la Police f\u00e9d\u00e9rale. Un flic de la PJF de Bruxelles, aux m\u00e9thodes quelquefois border line, tente de mettre le grappin sur une bande organis\u00e9e employant ce jeune polycriminel... a priori de droit commun. Lorsque l'un de ses coll\u00e8gues lui rafle l'enqu\u00eate sous le nez gr\u00e2ce \u00e0 ses relations avec la magistrature, la coupe est pleine, et il demande sa mutation pour une zone de police locale. Dans ce polar sombre aux accents incroyablement authentiques, Armand Gabriel vous invite \u00e0 int\u00e9grer le coeur de la police et \u00e0 infiltrer le milieu bruxellois.","authors":["Armand Gabriel"],"category_codes":["90000000","90010000"],"visuals":{"large":"https:\/\/images.epagine.fr\/198\/9782390620198_1_75.jpg","medium":"https:\/\/images.epagine.fr\/198\/9782390620198_1_m.jpg","thumbnail":"https:\/\/images.epagine.fr\/198\/9782390620198_1_v.jpg"},"orderable":true,"show_badge":true,"formatted_price":"26,50&nbsp;\u20ac","formatted_published_date":"12 ao\u00fbt 2021","publisher_availability_label":"Sur commande","short_details":"Armand Gabriel \u2014 Fawkes","translator":null,"weight":870,"page_count":464,"readership":null,"editor":"Fawkes","price":2650,"published_date":"2021-08-11T22:00:00.000000Z","support":"Grand format","publisher_availability":1,"stock":0,"editions":[],"url":"https:\/\/quaidesbrumes.com\/ouvrage\/9782390620198\/stephane-martin-tome-1-le-rat-de-molenbeek-saint-jean"},{"id":"9782380942699","title":"Histoire universelle des hommes-chats","description":"Un village ench\u00e2ss\u00e9 dans les brumes des montagnes basques, non loin de la fronti\u00e8re fran\u00e7aise.\r\nUn village qui se maintient \u00e0 l'\u00e9cart d'un monde qu'il m\u00e9prise et qui l'agresse.\r\nUn village dont plusieurs habitants sont d\u00e9crits comme correspondants \u00e0 un f\u00e9lin particulier. D'o\u00f9 leurs surnoms d'hommes-chats.\r\nUn village dont une bonne partie de la population a choisi le camp des vainqueurs durant la guerre civile mais autour duquel des gu\u00e9rilleros anti-franquistes ont longtemps r\u00f4d\u00e9.\r\nUn village qui cache de terribles secrets. Outre les jalousies, rivalit\u00e9s ou haines ancestrales, une rumeur persistante fait \u00e9tat de cadavres aux mains coup\u00e9es. On ne sait par qui ni pourquoi.\r\nJusqu'\u00e0 ce que le brouillard se l\u00e8ve sur la sc\u00e8ne des crimes...\r\nTour \u00e0 tour spectateur na\u00eff ou fin observateur, le narrateur est lui-m\u00eame un villageois. Son r\u00e9cit constitue la chronique d'une communaut\u00e9 d'\u00e9corch\u00e9s. Une histoire aussi crue que po\u00e9tique. Terriblement universelle.","authors":["Josu Arteaga","Pierre-Jean Bourgeat"],"category_codes":["90000000","90010000","90010500"],"visuals":{"large":"https:\/\/images.epagine.fr\/699\/9782380942699_1_75.jpg","medium":"https:\/\/images.epagine.fr\/699\/9782380942699_1_m.jpg","thumbnail":"https:\/\/images.epagine.fr\/699\/9782380942699_1_v.jpg"},"orderable":true,"show_badge":true,"formatted_price":"17,90&nbsp;\u20ac","formatted_published_date":"2 mars 2022","publisher_availability_label":"Sur commande","short_details":"Josu Arteaga, Pierre-Jean Bourgeat \u2014 Nouveau Monde \u00c9ditions","translator":"PIERRE-JEAN BOURGEAT","weight":238,"page_count":184,"readership":null,"editor":"Nouveau Monde \u00c9ditions","price":1790,"published_date":"2022-03-01T23:00:00.000000Z","support":"Grand format","publisher_availability":1,"stock":0,"editions":[],"url":"https:\/\/quaidesbrumes.com\/ouvrage\/9782380942699\/histoire-universelle-des-hommes-chats"},{"id":"9782900446430","title":"La bretonne de Sedan","description":"M\u00e9gret et ses fant\u00f4mes. Rencontre avec une Bretonne singuli\u00e8re \u00e0 la vie plurielle. Fascin\u00e9e par le fabuleux... Elle a march\u00e9 dedans, du pied gauche, et \u00e7a lui a pas port\u00e9 chance... Contrefa\u00e7ons, crimes, du sang, pour une bal(l)ade sedanaise humaine, trop humaine. Ici pas de surhomme. Zarathoustra est au placard !\r\nAu final un polar \u00ab Feel good, very good... \u00bb","authors":["Daniel Grandjean"],"category_codes":["90000000","90010000","90010100"],"visuals":{"large":"https:\/\/images.epagine.fr\/430\/9782900446430_1_75.jpg","medium":"https:\/\/images.epagine.fr\/430\/9782900446430_1_m.jpg","thumbnail":"https:\/\/images.epagine.fr\/430\/9782900446430_1_v.jpg"},"orderable":true,"show_badge":true,"formatted_price":"20,00&nbsp;\u20ac","formatted_published_date":"29 juin 2021","publisher_availability_label":"Sur commande","short_details":"Daniel Grandjean \u2014 Noires Terres","translator":null,"weight":362,"page_count":276,"readership":null,"editor":"Noires Terres","price":2000,"published_date":"2021-06-28T22:00:00.000000Z","support":"Grand format","publisher_availability":1,"stock":0,"editions":[],"url":"https:\/\/quaidesbrumes.com\/ouvrage\/9782900446430\/la-bretonne-de-sedan"},{"id":"9791031011301","title":"Si tu cognes tu gagnes","description":"Deux golfeurs partagent une partie au golf de Vieille-Toulouse, lorsque l'un d'eux dispara\u00eet d'un seul coup, sans que l'autre s'en aper\u00e7oive tout de suite. C'est le d\u00e9but d'une investigation qui va amener les policiers de la Ville Rose \u00e0 enqu\u00eater dans un centre de l'Arm\u00e9e fran\u00e7aise. L\u00e0, ils d\u00e9couvriront des activit\u00e9s secr\u00e8tes r\u00e9prim\u00e9es par la loi. Un dilemme se pose \u00e0 eux : intervenir, quitte \u00e0 se mettre \u00e0 dos leur hi\u00e9rarchie, ou abandonner en rase campagne. Un dilemme qui n\u00e9cessitera l'intervention d'un ministre avant de passer \u00e0 l'action. \r\n\r\nLe lecteur le d\u00e9couvrira en m\u00eame temps qu'il voyagera dans les arcanes de la g\u00e9n\u00e9tique et de ses possibilit\u00e9s modernes.","authors":["G\u00e9rard Muller"],"category_codes":["90000000","90010000"],"visuals":{"large":"https:\/\/images.epagine.fr\/301\/9791031011301_1_75.jpg","medium":"https:\/\/images.epagine.fr\/301\/9791031011301_1_m.jpg","thumbnail":"https:\/\/images.epagine.fr\/301\/9791031011301_1_v.jpg"},"orderable":true,"show_badge":true,"formatted_price":"10,00&nbsp;\u20ac","formatted_published_date":"30 juin 2021","publisher_availability_label":"Sur commande","short_details":"G\u00e9rard Muller \u2014 Presses Litteraires","translator":null,"weight":145,"page_count":178,"readership":null,"editor":"Presses Litteraires","price":1000,"published_date":"2021-06-29T22:00:00.000000Z","support":"Poche","publisher_availability":1,"stock":0,"editions":[],"url":"https:\/\/quaidesbrumes.com\/ouvrage\/9791031011301\/si-tu-cognes-tu-gagnes"},{"id":"9782808309219","title":"Cavale meurtriere","description":"La ch\u00e2telaine et non moins commissaire, Marie-Charlotte de Zovy de Ramet, dite \u00ab?Macha?\u00bb, enqu\u00eate au sujet d'une s\u00e9rie de vols \u00e0 l'aide de violences et de menaces perp\u00e9tr\u00e9s au pr\u00e9judice de personnes \u00e2g\u00e9es qui vivent seules. Il s'agirait d'une bande de cinq \u00ab?militaires?\u00bb qui s\u00e9virait surtout la nuit.","authors":["Jean-paul Wilkin"],"category_codes":["90000000","90010000"],"visuals":{"large":"https:\/\/images.epagine.fr\/219\/9782808309219_1_75.jpg","medium":"https:\/\/images.epagine.fr\/219\/9782808309219_1_m.jpg","thumbnail":"https:\/\/images.epagine.fr\/219\/9782808309219_1_v.jpg"},"orderable":true,"show_badge":true,"formatted_price":"20,00&nbsp;\u20ac","formatted_published_date":"16 juin 2020","publisher_availability_label":"Sur commande","short_details":"Jean-paul Wilkin \u2014 LE LIVRE EN PAPIER","translator":null,"weight":370,"page_count":278,"readership":null,"editor":"LE LIVRE EN PAPIER","price":2000,"published_date":"2020-06-15T22:00:00.000000Z","support":"Grand format","publisher_availability":1,"stock":0,"editions":[],"url":"https:\/\/quaidesbrumes.com\/ouvrage\/9782808309219\/cavale-meurtriere"},{"id":"9782808301589","title":"De la d\u00e9linquance au crime","description":"La spirale infernale d'une bande de mineurs d'\u00e2ge qui les fera sombrer dans la criminalit\u00e9 organis\u00e9 et le meurtre.","authors":["Jean-paul Wilkin"],"category_codes":["90000000","90010000"],"visuals":{"large":"https:\/\/images.epagine.fr\/589\/9782808301589_1_75.jpg","medium":"https:\/\/images.epagine.fr\/589\/9782808301589_1_m.jpg","thumbnail":"https:\/\/images.epagine.fr\/589\/9782808301589_1_v.jpg"},"orderable":true,"show_badge":true,"formatted_price":"18,00&nbsp;\u20ac","formatted_published_date":"5 juin 2018","publisher_availability_label":"Sur commande","short_details":"Jean-paul Wilkin \u2014 LE LIVRE EN PAPIER","translator":null,"weight":403,"page_count":304,"readership":null,"editor":"LE LIVRE EN PAPIER","price":1800,"published_date":"2018-06-04T22:00:00.000000Z","support":"Grand format","publisher_availability":1,"stock":0,"editions":[],"url":"https:\/\/quaidesbrumes.com\/ouvrage\/9782808301589\/de-la-delinquance-au-crime"},{"id":"9782808308427","title":"Mafia","description":"Un commissaire de police dirigeant la section moeurs de la police de Milan, est jet\u00e9 \u00e0 la vindicte populaire par ceux qu'il tente d'emp\u00eacher de poursuivre leurs activit\u00e9s mafieuses.","authors":["Jean-paul Wilkin"],"category_codes":["90000000","90010000"],"visuals":{"large":"https:\/\/images.epagine.fr\/427\/9782808308427_1_75.jpg","medium":"https:\/\/images.epagine.fr\/427\/9782808308427_1_m.jpg","thumbnail":"https:\/\/images.epagine.fr\/427\/9782808308427_1_v.jpg"},"orderable":true,"show_badge":true,"formatted_price":"22,00&nbsp;\u20ac","formatted_published_date":"26 mars 2020","publisher_availability_label":"Sur commande","short_details":"Jean-paul Wilkin \u2014 LE LIVRE EN PAPIER","translator":null,"weight":513,"page_count":392,"readership":null,"editor":"LE LIVRE EN PAPIER","price":2200,"published_date":"2020-03-25T23:00:00.000000Z","support":"Grand format","publisher_availability":1,"stock":0,"editions":[],"url":"https:\/\/quaidesbrumes.com\/ouvrage\/9782808308427\/mafia"}]}