{"data":[{"id":"9782849933831","title":"Peste brune","description":"C\u00e9l\u00e8bre \u00e9crivain de romans noirs sur le d\u00e9clin, Didier Dairain est retrouv\u00e9 noy\u00e9 dans la Loire, \u00e0 Nantes. L'enqu\u00eate officielle conclut \u00e0 un suicide. Ce n'est pas l'avis de sa soeur, persuad\u00e9e qu'il s'agit d'un meurtre, et qui charge alors le d\u00e9tective priv\u00e9 Karanski de retrouver l'assassin de son fr\u00e8re. Second\u00e9 dans ses investigations par une charmante \u00e9tudiante, les p\u00e9r\u00e9grinations de Karanski vont le conduire de Nantes aux quartiers interlopes de Bruxelles, o\u00f9 il sera confront\u00e9 aux \u00adnostalgiques de la peste brune. Au risque d'y laisser sa peau. Sans compter que la d\u00e9couverte de la v\u00e9rit\u00e9 peut parfois avoir un go\u00fbt amer.","authors":["Philippe Ayraud"],"category_codes":["90000000","90010000"],"visuals":{"large":"https:\/\/images.epagine.fr\/831\/9782849933831_1_75.jpg","medium":"https:\/\/images.epagine.fr\/831\/9782849933831_1_m.jpg","thumbnail":"https:\/\/images.epagine.fr\/831\/9782849933831_1_v.jpg"},"orderable":true,"show_badge":true,"formatted_price":"10,00&nbsp;\u20ac","formatted_published_date":"15 octobre 2021","publisher_availability_label":"Sur commande","short_details":"Philippe Ayraud \u2014 COETQUEN","translator":null,"weight":169,"page_count":108,"readership":null,"editor":"COETQUEN","price":1000,"published_date":"2021-10-14T22:00:00.000000Z","support":"Grand format","publisher_availability":1,"stock":0,"editions":[],"url":"https:\/\/quaidesbrumes.com\/ouvrage\/9782849933831\/peste-brune"},{"id":"9782322397846","title":"Les morts insignifiants","description":"Paris est une capitale monstrueuse.  Elle d\u00e9vore et vomit ses habitants sur ses trottoirs, sans demander son reste. C\u00e9dric pensait pouvoir y vivre sa nouvelle vie... Sa rencontre avec Marion M\u00fcller, une dirigeante de friperie atypique, arrivera-t-elle \u00e0 le sortir du trou \u00e0 rat dans lequel il s'est enterr\u00e9 ?  La Grandeur n'a pas de prix.  Prostitution, ambition et richesse s'entrechoquent face \u00e0 un pass\u00e9 sombre et au souvenir d'Am\u00e9lia.","authors":["Gaetan Ballester"],"category_codes":["90000000","90020000"],"visuals":{"large":"https:\/\/images.epagine.fr\/846\/9782322397846_1_75.jpg","medium":"https:\/\/images.epagine.fr\/846\/9782322397846_1_m.jpg","thumbnail":"https:\/\/images.epagine.fr\/846\/9782322397846_1_v.jpg"},"orderable":true,"show_badge":true,"formatted_price":"14,90&nbsp;\u20ac","formatted_published_date":"14 octobre 2021","publisher_availability_label":"Sur commande","short_details":"Gaetan Ballester \u2014 Books on Demand","translator":null,"weight":354,"page_count":240,"readership":null,"editor":"Books on Demand","price":1490,"published_date":"2021-10-13T22:00:00.000000Z","support":"Grand format","publisher_availability":1,"stock":0,"editions":[],"url":"https:\/\/quaidesbrumes.com\/ouvrage\/9782322397846\/les-morts-insignifiants"},{"id":"9782849933909","title":"Claire","description":"Un nouveau projet en t\u00eate, Claire, discr\u00e8te dessinatrice, arpente les rues de Dieppe. Pouvait-elle soup\u00e7onner que son regard se poserait sur un visage li\u00e9 \u00e0 son pass\u00e9 ? Rencontre due au hasard ? Comment cet homme aust\u00e8re va-t-il bousculer sa routine ?\r\nEn parall\u00e8le, des corps calcin\u00e9s sont d\u00e9couverts \u00e0 Amiens et Rouen. Faut-il y lire un message ? C'est un trio d'enqu\u00eateurs qui nous emm\u00e8nera dans cette qu\u00eate de v\u00e9rit\u00e9. \r\nQui est v\u00e9ritablement Claire ?","authors":["Micka\u00ebl Moutonnet"],"category_codes":["90000000","90010000"],"visuals":{"large":"https:\/\/images.epagine.fr\/909\/9782849933909_1_75.jpg","medium":"https:\/\/images.epagine.fr\/909\/9782849933909_1_m.jpg","thumbnail":"https:\/\/images.epagine.fr\/909\/9782849933909_1_v.jpg"},"orderable":true,"show_badge":true,"formatted_price":"18,00&nbsp;\u20ac","formatted_published_date":"18 novembre 2021","publisher_availability_label":"Sur commande","short_details":"Micka\u00ebl Moutonnet \u2014 COETQUEN","translator":null,"weight":401,"page_count":228,"readership":null,"editor":"COETQUEN","price":1800,"published_date":"2021-11-17T23:00:00.000000Z","support":"Grand format","publisher_availability":1,"stock":0,"editions":[],"url":"https:\/\/quaidesbrumes.com\/ouvrage\/9782849933909\/claire"},{"id":"9791031011677","title":"Mon voisin de palier est un assassin","description":"Un tueur en s\u00e9rie, dit le tueur de la T\u00eat, terrorise un quartier de Perpignan. La police semble patauger.\r\nUn individu irascible, d'allure s\u00e9v\u00e8re, emm\u00e9nage sur le palier de Lina Castel, professeur de philosophie au lyc\u00e9e Maillol. Celle-ci, avec sa comparse, Jeanne Montagne, la concierge de la r\u00e9sidence au franc- parler paysan, se persuadent peu \u00e0 peu de la culpabilit\u00e9 du nouvel arrivant. Elles se mettent d\u00e8s lors en demeure de confondre le pr\u00e9sum\u00e9 criminel.\r\nLes voici engag\u00e9es dans les hypoth\u00e8ses, les rapprochements, les d\u00e9ductions... et les p\u00e9rilleuses investigations sur place...\r\nUne enqu\u00eate qui pourrait mener tout droit aux confins de la folie ?\r\nUn roman policier o\u00f9 le suspense et l'humour c\u00f4toient l'horreur, tandis que la vie quotidienne se d\u00e9roule, avec ses paradoxes et ses surprises...","authors":["Michel Llory"],"category_codes":["90000000","90010000"],"visuals":{"large":"https:\/\/images.epagine.fr\/677\/9791031011677_1_75.jpg","medium":"https:\/\/images.epagine.fr\/677\/9791031011677_1_m.jpg","thumbnail":"https:\/\/images.epagine.fr\/677\/9791031011677_1_v.jpg"},"orderable":true,"show_badge":true,"formatted_price":"13,00&nbsp;\u20ac","formatted_published_date":"23 novembre 2021","publisher_availability_label":"Sur commande","short_details":"Michel Llory \u2014 Presses Litteraires","translator":null,"weight":245,"page_count":292,"readership":null,"editor":"Presses Litteraires","price":1300,"published_date":"2021-11-22T23:00:00.000000Z","support":"Poche","publisher_availability":1,"stock":0,"editions":[],"url":"https:\/\/quaidesbrumes.com\/ouvrage\/9791031011677\/mon-voisin-de-palier-est-un-assassin"},{"id":"9782358591621","title":"Fiat lux","description":"Quel rapport peut-il bien y avoir entre une vieille dame assassin\u00e9e dans une maison de retraite de l'Eurom\u00e9tropole, une femme pendue derri\u00e8re un vitrail de la cath\u00e9drale de Strasbourg, le corps d'un homme retrouv\u00e9 flottant dans l'\u00e9cluse de la Petite France et l'assassinat d'une fillette maghr\u00e9bine ?\r\nC'est l'inspecteur Lapointe qui est charg\u00e9 de l'enqu\u00eate dans un Strasbourg en pleine f\u00eates de fin d'ann\u00e9e. Entre nouveau vitrail, vieux parchemin, secte, religion et histoire ancienne, il tentera de d\u00e9m\u00ealer l'\u00e9cheveau. Qui est responsable de ces crimes et pourquoi ?","authors":["Patrick Fintz"],"category_codes":["90000000","90010000"],"visuals":{"large":"https:\/\/images.epagine.fr\/621\/9782358591621_1_75.jpg","medium":"https:\/\/images.epagine.fr\/621\/9782358591621_1_m.jpg","thumbnail":"https:\/\/images.epagine.fr\/621\/9782358591621_1_v.jpg"},"orderable":true,"show_badge":true,"formatted_price":"15,20&nbsp;\u20ac","formatted_published_date":"15 novembre 2021","publisher_availability_label":"Sur commande","short_details":"Patrick Fintz \u2014 Bastberg","translator":null,"weight":420,"page_count":336,"readership":null,"editor":"Bastberg","price":1520,"published_date":"2021-11-14T23:00:00.000000Z","support":"Grand format","publisher_availability":1,"stock":0,"editions":[],"url":"https:\/\/quaidesbrumes.com\/ouvrage\/9782358591621\/fiat-lux"},{"id":"9782916835709","title":"Eman ho puhez en arvar","description":null,"authors":["Markaris Petros"],"category_codes":["90000000","90010000"],"visuals":{"large":"https:\/\/quaidesbrumes.com\/img\/book-placeholder.png","medium":"https:\/\/quaidesbrumes.com\/img\/book-placeholder.png","thumbnail":"https:\/\/quaidesbrumes.com\/img\/book-placeholder.png"},"orderable":true,"show_badge":true,"formatted_price":"14,00&nbsp;\u20ac","formatted_published_date":"1er janvier 2015","publisher_availability_label":"Sur commande","short_details":"Markaris Petros \u2014 AN ALARC'H","translator":null,"weight":523,"page_count":null,"readership":null,"editor":"AN ALARC'H","price":1400,"published_date":"2014-12-31T23:00:00.000000Z","support":"Grand format","publisher_availability":1,"stock":0,"editions":[],"url":"https:\/\/quaidesbrumes.com\/ouvrage\/9782916835709\/eman-ho-puhez-en-arvar"},{"id":"9782916835938","title":"Marc'heger ar marv","description":null,"authors":["Tremayne Peter"],"category_codes":["90000000","90010000","90010200"],"visuals":{"large":"https:\/\/quaidesbrumes.com\/img\/book-placeholder.png","medium":"https:\/\/quaidesbrumes.com\/img\/book-placeholder.png","thumbnail":"https:\/\/quaidesbrumes.com\/img\/book-placeholder.png"},"orderable":true,"show_badge":true,"formatted_price":"14,00&nbsp;\u20ac","formatted_published_date":"1er janvier 2019","publisher_availability_label":"Sur commande","short_details":"Tremayne Peter \u2014 AN ALARC'H","translator":null,"weight":380,"page_count":null,"readership":null,"editor":"AN ALARC'H","price":1400,"published_date":"2018-12-31T23:00:00.000000Z","support":"Grand format","publisher_availability":1,"stock":0,"editions":[],"url":"https:\/\/quaidesbrumes.com\/ouvrage\/9782916835938\/marcheger-ar-marv"},{"id":"9782367490939","title":"Le Goffo","description":"Le Goffo, artisan florentin dont la derni\u00e8re gaffe a fait s'esclaffer toute la ville, n'a rien d'un espion. Cependant, circulant dans le vieux palais labyrinthique du Vatican o\u00f9 on l'engage pour de menus travaux, il surprend les affrontements entre les cardinaux, entend le pape g\u00e9missant qui se plaint \u00e0 son paon, et met \u00e0 jour la naissance d'un complot, autant d'\u00e9v\u00e9nements historiques qu'il rapporte au ma\u00eetre de Florence dans un langage qui n'appartient qu'\u00e0 lui.","authors":["Jean-Philippe Brunet"],"category_codes":["90000000","90010000","90010500"],"visuals":{"large":"https:\/\/images.epagine.fr\/939\/9782367490939_1_75.jpg","medium":"https:\/\/images.epagine.fr\/939\/9782367490939_1_m.jpg","thumbnail":"https:\/\/images.epagine.fr\/939\/9782367490939_1_v.jpg"},"orderable":true,"show_badge":true,"formatted_price":"20,00&nbsp;\u20ac","formatted_published_date":"16 juin 2022","publisher_availability_label":"Sur commande","short_details":"Jean-Philippe Brunet \u2014 COHEN ET COHEN","translator":null,"weight":260,"page_count":142,"readership":null,"editor":"COHEN ET COHEN","price":2000,"published_date":"2022-06-15T22:00:00.000000Z","support":"Grand format","publisher_availability":1,"stock":0,"editions":[],"url":"https:\/\/quaidesbrumes.com\/ouvrage\/9782367490939\/le-goffo"},{"id":"9791023622140","title":"Des ombres dans les yeux","description":"Dans une France gangren\u00e9e par la violence et la r\u00e9pression, Nichiski, vend ill\u00e9galement des oeuvres d'art, devenues prohib\u00e9es. Sa vie prend un tournant tragique lorsque celui-ci subit une bavure polici\u00e8re o\u00f9 il est contraint de poignarder le flic qui l'agresse.","authors":["Jean Vicente"],"category_codes":["90000000","90010000"],"visuals":{"large":"https:\/\/images.epagine.fr\/140\/9791023622140_1_75.jpg","medium":"https:\/\/images.epagine.fr\/140\/9791023622140_1_m.jpg","thumbnail":"https:\/\/images.epagine.fr\/140\/9791023622140_1_v.jpg"},"orderable":true,"show_badge":true,"formatted_price":"15,00&nbsp;\u20ac","formatted_published_date":"26 novembre 2021","publisher_availability_label":"Sur commande","short_details":"Jean Vicente \u2014 Publishroom Factory","translator":null,"weight":340,"page_count":284,"readership":null,"editor":"Publishroom Factory","price":1500,"published_date":"2021-11-25T23:00:00.000000Z","support":"Grand format","publisher_availability":1,"stock":0,"editions":[],"url":"https:\/\/quaidesbrumes.com\/ouvrage\/9791023622140\/des-ombres-dans-les-yeux"},{"id":"9782490746804","title":"Matos","description":"Nantes, f\u00e9vrier 1994. On d\u00e9couvre dans le cong\u00e9lateur de Tony l'arbitre, acteur bienfaisant de la cit\u00e9 des Cerisiers \u00e0 Nantes, les restes de Joker et Batman, petits trafiquants de drogue locaux...\r\n\r\nJeune ado, Issa, surnomm\u00e9 Elvis pour son amour du rock et de Jimi Hendrix, grandit aupr\u00e8s de son fr\u00e8re a\u00een\u00e9 et de Tony l'arbitre, figure tut\u00e9laire et m\u00e9diateur du quartier. Un jour, un dealer s'\u00e9clipse corps et biens de la cit\u00e9. Cet \u00e9v\u00e9nement fait \u00e9cho \u00e0 une disparition similaire quelques ann\u00e9es plus t\u00f4t, ce qui ne manque pas d'interpeller un journaliste curieux. La descente aux enfers d'Elvis ne fait que commencer.","authors":["St\u00e9phane Pajot"],"category_codes":["90000000","90010000","90010500"],"visuals":{"large":"https:\/\/images.epagine.fr\/804\/9782490746804_1_75.jpg","medium":"https:\/\/images.epagine.fr\/804\/9782490746804_1_m.jpg","thumbnail":"https:\/\/images.epagine.fr\/804\/9782490746804_1_v.jpg"},"orderable":true,"show_badge":true,"formatted_price":"7,50&nbsp;\u20ac","formatted_published_date":"25 janvier 2022","publisher_availability_label":"Sur commande","short_details":"St\u00e9phane Pajot \u2014 Moissons noires","translator":null,"weight":193,"page_count":230,"readership":null,"editor":"Moissons noires","price":750,"published_date":"2022-01-24T23:00:00.000000Z","support":"Poche","publisher_availability":1,"stock":0,"editions":[],"url":"https:\/\/quaidesbrumes.com\/ouvrage\/9782490746804\/matos"},{"id":"9782847127157","title":"Passe de deux sur la presqu'ile","description":"Huit ans jour pour jour apr\u00e8s qu'un drame a \u00e9t\u00e9 perp\u00e9tr\u00e9, voil\u00e0 le commissaire Yves Gautier replong\u00e9 dans le pass\u00e9 : le meurtre d'une jeune fille, dans le m\u00eame appartement, ravive ses souvenirs. Les premi\u00e8res constatations r\u00e9v\u00e8lent un m\u00eame sc\u00e9nario macabre, pourtant l'homme alors jug\u00e9 et condamn\u00e9 est toujours sous les verrous....de Gu\u00e9rande \u00e0 Pontch\u00e2teau,Pornichet, la Baule...Yves Gautier n'est plus \u00e0 la brigade criminelle nantaise, mais le procureur insiste pour qu'il soit saisi de l'enqu\u00eate vu les faits troublants. Le commissaire se serait-il tromp\u00e9 \u00e0 l'\u00e9poque ? Quelqu'un, ayant une parfaite connaissance du premier meurtre, aurait-il pu le reproduire ? Si on tient compte des courriers anonymes qui viennent polluer le bon d\u00e9roulement de l'enqu\u00eate, vous avez tous les atouts pour un ouvrage \u00e0 suspens qui vous am\u00e8nera au gr\u00e9 de l'enqu\u00eate...","authors":["Moussu James"],"category_codes":["90000000","90010000"],"visuals":{"large":"https:\/\/images.epagine.fr\/157\/9782847127157_1_75.jpg","medium":"https:\/\/images.epagine.fr\/157\/9782847127157_1_m.jpg","thumbnail":"https:\/\/images.epagine.fr\/157\/9782847127157_1_v.jpg"},"orderable":true,"show_badge":true,"formatted_price":"20,00&nbsp;\u20ac","formatted_published_date":"6 avril 2022","publisher_availability_label":"Sur commande","short_details":"Moussu James \u2014 Petit Pave","translator":null,"weight":280,"page_count":null,"readership":null,"editor":"Petit Pave","price":2000,"published_date":"2022-04-05T22:00:00.000000Z","support":"Grand format","publisher_availability":1,"stock":0,"editions":[],"url":"https:\/\/quaidesbrumes.com\/ouvrage\/9782847127157\/passe-de-deux-sur-la-presquile"},{"id":"9782385911652","title":"St\u00e9phane","description":"Une s\u00e9rie de meurtres troublent le calme de Bourg-en-Bresse, petite ville de province habituellement tranquille, et son entreprise embl\u00e9matique : Renault Trucks.\r\n\r\nSt\u00e9phane est \u00e0 l'origine de cette agitation...\r\n\r\nC'est le commissaire Toussaint Orsoni, du S.R.P.J. de Lyon, qui est charg\u00e9 de l'enqu\u00eate.\r\n\r\nVenez d\u00e9couvrir la Bresse et la Dombes profondes, entre gastronomie, magnifiques paysages et crimes sanglants.","authors":["Denis Nicola\u00ef"],"category_codes":["90000000","90010000"],"visuals":{"large":"https:\/\/images.epagine.fr\/652\/9782385911652_1_75.jpg","medium":"https:\/\/images.epagine.fr\/652\/9782385911652_1_m.jpg","thumbnail":"https:\/\/images.epagine.fr\/652\/9782385911652_1_v.jpg"},"orderable":true,"show_badge":true,"formatted_price":"25,90&nbsp;\u20ac","formatted_published_date":"28 ao\u00fbt 2023","publisher_availability_label":"Sur commande","short_details":"Denis Nicola\u00ef \u2014 NOMBRE 7","translator":null,"weight":704,"page_count":550,"readership":null,"editor":"NOMBRE 7","price":2590,"published_date":"2023-08-27T22:00:00.000000Z","support":"Grand format","publisher_availability":1,"stock":0,"editions":[],"url":"https:\/\/quaidesbrumes.com\/ouvrage\/9782385911652\/stephane"},{"id":"9782897115937","title":"Les gouffres du Karst : une enqu\u00eate d'Alexandre Jobin","description":"Lorsqu'une op\u00e9ration visant \u00e0 d\u00e9manteler un r\u00e9seau de trafics d'armes et d'oeuvres d'art tourne mal, le Service canadien du renseignement de s\u00e9curit\u00e9 (SCRS) place ses espoirs en Alexandre Jobin, antiquaire et retrait\u00e9 de l'arm\u00e9e canadienne, pour reprendre les r\u00eanes de la mission. Celui-ci, d'abord r\u00e9ticent, se retrouve bien vite impliqu\u00e9 dans une enqu\u00eate qui d\u00e9passe les fronti\u00e8res canadiennes, alors que tout indique que le chef de cette organisation n'est nul autre qu'un ancien ennemi auquel il a eu affaire lors d'une mission militaire men\u00e9e quelques ann\u00e9es plus t\u00f4t dans les Balkans.","authors":["Andr\u00e9 Jacques"],"category_codes":["90000000","90010000"],"visuals":{"large":"https:\/\/images.epagine.fr\/937\/9782897115937_1_75.jpg","medium":"https:\/\/images.epagine.fr\/937\/9782897115937_1_m.jpg","thumbnail":"https:\/\/images.epagine.fr\/937\/9782897115937_1_v.jpg"},"orderable":true,"show_badge":true,"formatted_price":"25,00&nbsp;\u20ac","formatted_published_date":"1er d\u00e9cembre 2021","publisher_availability_label":"Sur commande","short_details":"Andr\u00e9 Jacques \u2014 Druide","translator":null,"weight":601,"page_count":null,"readership":null,"editor":"Druide","price":2500,"published_date":"2021-11-30T23:00:00.000000Z","support":"Grand format","publisher_availability":1,"stock":0,"editions":[],"url":"https:\/\/quaidesbrumes.com\/ouvrage\/9782897115937\/les-gouffres-du-karst-une-enquete-dalexandre-jobin"},{"id":"9782491987343","title":"Bobby + cathy","description":null,"authors":["Monnet Christelle"],"category_codes":["90000000","90010000","90010500"],"visuals":{"large":"https:\/\/quaidesbrumes.com\/img\/book-placeholder.png","medium":"https:\/\/quaidesbrumes.com\/img\/book-placeholder.png","thumbnail":"https:\/\/quaidesbrumes.com\/img\/book-placeholder.png"},"orderable":true,"show_badge":true,"formatted_price":"2,00&nbsp;\u20ac","formatted_published_date":"18 d\u00e9cembre 2020","publisher_availability_label":"Sur commande","short_details":"Monnet Christelle \u2014 Ours Editions","translator":null,"weight":12,"page_count":null,"readership":null,"editor":"Ours Editions","price":200,"published_date":"2020-12-17T23:00:00.000000Z","support":"Grand format","publisher_availability":1,"stock":0,"editions":[],"url":"https:\/\/quaidesbrumes.com\/ouvrage\/9782491987343\/bobby-cathy"},{"id":"9791038801981","title":"D'ocre et de sang","description":"Une ville du Nord Est de la France. Une main tranch\u00e9e d\u00e9couverte dans un parc... L'avant-bras d'un homme retrouv\u00e9 sur les bords d'un canal... Un tumulus en pleine for\u00eat qui d\u00e9gorge de corps mutil\u00e9s...\r\nL'inspecteur Eric Rocca, r\u00e9cemment mut\u00e9 dans la r\u00e9gion, m\u00e8ne l'enqu\u00eate. En proie aux fant\u00f4mes de son pass\u00e9, \u00e0 la d\u00e9fiance de sa hi\u00e9rarchie et \u00e0 son addiction \u00e0 l'alcool, il doit lutter contre ses vieux d\u00e9mons en plongeant bien malgr\u00e9 lui dans de sombres ab\u00eemes. Au milieu du chaos, il rencontre Laurence, une jeune m\u00e8re de famille c\u00e9libataire harcel\u00e9e par un ex-mari violent. Quelque chose na\u00eet alors entre eux.\r\nCette lente descente aux enfers le confronte \u00e0 la folie d'une \u00e2me bless\u00e9e et meurtri\u00e8re, pervertie par le mal. Ses investigations l\u00e8vent peu \u00e0 peu le voile sur un projet artistique d\u00e9ment, n\u00e9 dans l'esprit brillant et d\u00e9lirant d'un tueur pr\u00eat \u00e0 tout pour exister aux yeux du monde entier. Mais, au cours de cette \u00e9prouvante enqu\u00eate, Eric d\u00e9couvre bien vite aussi que c'est avant tout contre lui-m\u00eame et ses failles les plus profondes qu'il doit se battre. En sortira-t-il indemne ?","authors":["Emmanuel Taffarelli","Christine Zecchini"],"category_codes":["90000000","90010000","90010200"],"visuals":{"large":"https:\/\/images.epagine.fr\/981\/9791038801981_1_75.jpg","medium":"https:\/\/images.epagine.fr\/981\/9791038801981_1_m.jpg","thumbnail":"https:\/\/images.epagine.fr\/981\/9791038801981_1_v.jpg"},"orderable":true,"show_badge":true,"formatted_price":"24,00&nbsp;\u20ac","formatted_published_date":"30 septembre 2021","publisher_availability_label":"Sur commande","short_details":"Emmanuel Taffarelli, Christine Zecchini \u2014 Ex Aequo","translator":null,"weight":510,"page_count":null,"readership":null,"editor":"Ex Aequo","price":2400,"published_date":"2021-09-29T22:00:00.000000Z","support":"Grand format","publisher_availability":1,"stock":0,"editions":[],"url":"https:\/\/quaidesbrumes.com\/ouvrage\/9791038801981\/docre-et-de-sang"},{"id":"9791038802087","title":"N\u00e9crophonie","description":"Quel est le lien entre le cadavre d'une infirmi\u00e8re jet\u00e9 au bas de l'escalier menant au service des Urgences, des membres humains tranch\u00e9s et des corps d\u00e9capit\u00e9s, entass\u00e9s dans un ancien laboratoire d\u00e9saffect\u00e9 ? Les lieutenants Silaine et Legarde vont \u00eatre charg\u00e9s de l'enqu\u00eate.\r\nDe la morgue du CHU de Semier au guichet d'accueil des patients, ils vont inverser les rouages de la m\u00e9canique hospitali\u00e8re, remontant la piste d'un assassin dont ils ne comprennent pas le mobile.  \r\n\r\n\u00ab Nous ne pouvons pas prendre la place d'un mort. Est-ce cela qui a pouss\u00e9 de grands inventeurs comme Edison \u00e0 vouloir communiquer avec eux ? Les fun\u00e9railles sont cr\u00e9atrices. Nous ne masquons pas les morts pour nous soustraire \u00e0 leur pourrissement, mais pour nous reconstruire et en \u00e9difier une nouvelle image. Les fra\u00eeches paroles d'un d\u00e9funt pourraient \u00eatre la mati\u00e8re premi\u00e8re de cette charpente. La n\u00e9crophonie sera l'antidote aux affres du deuil. \u00bb","authors":["Thierry Dufrenne"],"category_codes":["90000000","90010000","90010200"],"visuals":{"large":"https:\/\/images.epagine.fr\/087\/9791038802087_1_75.jpg","medium":"https:\/\/images.epagine.fr\/087\/9791038802087_1_m.jpg","thumbnail":"https:\/\/images.epagine.fr\/087\/9791038802087_1_v.jpg"},"orderable":true,"show_badge":true,"formatted_price":"23,00&nbsp;\u20ac","formatted_published_date":"9 octobre 2021","publisher_availability_label":"Sur commande","short_details":"Thierry Dufrenne \u2014 Ex Aequo","translator":null,"weight":380,"page_count":null,"readership":null,"editor":"Ex Aequo","price":2300,"published_date":"2021-10-08T22:00:00.000000Z","support":"Grand format","publisher_availability":1,"stock":0,"editions":[],"url":"https:\/\/quaidesbrumes.com\/ouvrage\/9791038802087\/necrophonie"},{"id":"9782845787803","title":"Une disparition et autres nouvelles","description":"\u00c9. Gaboriau n'a pas \u00e9t\u00e9 seulement le cr\u00e9ateur du roman policier et des fameuses enqu\u00eates de M. Lecoq. Auteur de nouvelles, on y retrouve les m\u00eames qualit\u00e9s narratives port\u00e9es par un style alerte et vigoureux.\r\nLe Petit Vieux des Batignolles et Une Disparition sont des classiques de la litt\u00e9rature polici\u00e8re.\r\nLe Roman d'un Tambour, Maudite Maison, Promesses de Mariage etc., d'une tout autre veine, sont le th\u00e9\u00e2tre d'aventures de personnages pittoresques.\r\nLe ton, le style de ces r\u00e9cits pour la premi\u00e8re fois rassembl\u00e9s et pour certains in\u00e9dits, t\u00e9moignent d'un auteur \u00e0 la large palette, capable de se mouvoir tout aussi bien dans l'atmosph\u00e8re interlope du crime que dans les riches h\u00f4tels particuliers parisiens. A ce titre, il fut sans conteste un observateur brillant de son temps.","authors":["Emile Gaboriau"],"category_codes":["90000000","90010000"],"visuals":{"large":"https:\/\/images.epagine.fr\/803\/9782845787803_1_75.jpg","medium":"https:\/\/images.epagine.fr\/803\/9782845787803_1_m.jpg","thumbnail":"https:\/\/images.epagine.fr\/803\/9782845787803_1_v.jpg"},"orderable":true,"show_badge":true,"formatted_price":"22,00&nbsp;\u20ac","formatted_published_date":"17 mars 2022","publisher_availability_label":"Sur commande","short_details":"Emile Gaboriau \u2014 MANUCIUS","translator":null,"weight":442,"page_count":284,"readership":null,"editor":"MANUCIUS","price":2200,"published_date":"2022-03-16T23:00:00.000000Z","support":"Grand format","publisher_availability":1,"stock":0,"editions":[],"url":"https:\/\/quaidesbrumes.com\/ouvrage\/9782845787803\/une-disparition-et-autres-nouvelles"},{"id":"9791097052294","title":"Canicule sanglante","description":"Le r\u00e9chauffement climatique augmente-t-il les risques de passages \u00e0 l'acte meurtriers ?\r\nCaen suffoque sous l'effet d'un \u00e9pisode caniculaire d'une intensit\u00e9 in\u00e9dite. Dans cette lourde atmosph\u00e8re assortie de graves perturbations de la production \u00e9lectrique, l'assassinat \u00e0 quatre jours d'intervalle d'un chef d'entreprise en vue, puis d'un s\u00e9nateur, s\u00e8me un \u00e9moi consid\u00e9rable parmi la population locale et s'\u00e9tend \u00e0 tout le pays.\r\nL'enqu\u00eate est confi\u00e9e \u00e0 Marion M\u00e9tayer, commandant de police judiciaire. Avec son \u00e9quipe, elle doit \u00e0 la fois contenir les pressions politiques dont elle est l'objet et trouver les raisons qui poussent un tueur d\u00e9termin\u00e9 \u00e0 poursuivre jusqu'au bout sa vendetta.\r\n\r\nAvertissement : L'atmosph\u00e8re de Canicule sanglante n'\u00e9pargnera pas les frissons au lecteur, plong\u00e9 dans une ambiance implacable o\u00f9 chacun d\u00e9fend sa part de pouvoir.\r\n\r\nCe livre a re\u00e7u le Prix Reine-Mathilde 2022 remis lors du salon du livre de Cheux pr\u00e8s de Caen (14)","authors":["Pierre Guinot-Del\u00e9ry"],"category_codes":["90000000","90010000"],"visuals":{"large":"https:\/\/images.epagine.fr\/294\/9791097052294_1_75.jpg","medium":"https:\/\/images.epagine.fr\/294\/9791097052294_1_m.jpg","thumbnail":"https:\/\/images.epagine.fr\/294\/9791097052294_1_v.jpg"},"orderable":true,"show_badge":true,"formatted_price":"16,00&nbsp;\u20ac","formatted_published_date":"2 ao\u00fbt 2023","publisher_availability_label":"Sur commande","short_details":"Pierre Guinot-Del\u00e9ry \u2014 La Gronde","translator":null,"weight":350,"page_count":280,"readership":null,"editor":"La Gronde","price":1600,"published_date":"2023-08-01T22:00:00.000000Z","support":"Grand format","publisher_availability":1,"stock":0,"editions":[],"url":"https:\/\/quaidesbrumes.com\/ouvrage\/9791097052294\/canicule-sanglante"},{"id":"9791038802797","title":"Le secret du Bellerophon","description":"Lorsque Marc Peterson et Alwin Stark, les deux experts vedettes de l'US Submarine Veterans, une association charg\u00e9e d'enqu\u00eater sur des accidents de sous-marins, d\u00e9barquent au Liban, ils sont loin de se douter qu'ils viennent de mettre les pieds sur un nid de frelons.\r\nMissionn\u00e9s pour identifier et r\u00e9pertorier une \u00e9pave de submersible d\u00e9couverte par des p\u00eacheurs locaux, les deux plongeurs vont se retrouver m\u00eal\u00e9s \u00e0 un incroyable complot dont le pivot central est un myst\u00e9rieux objet, nomm\u00e9 Artefact. En compagnie de Audrey Lebel, descendante du commandant du navire naufrag\u00e9 et de Omar, un gamin plein de ressources et de malice, ils devront remonter le temps jusqu'aux portes de la Seconde Guerre mondiale et entamer une haletante course contre la montre, depuis les profondeurs abyssales jusqu'aux tr\u00e9fonds du d\u00e9sert de Hermel, pour d\u00e9couvrir les premiers ce qui se cache derri\u00e8re l'Artefact. Tandis que des forces antagonistes s'affrontent dans l'ombre, ils devront aussi compter avec un tueur implacable, lanc\u00e9 sur leurs traces pour les emp\u00eacher de r\u00e9v\u00e9ler l'incroyable v\u00e9rit\u00e9.","authors":["Herv\u00e9 Michel"],"category_codes":["90000000","90010000"],"visuals":{"large":"https:\/\/images.epagine.fr\/797\/9791038802797_1_75.jpg","medium":"https:\/\/images.epagine.fr\/797\/9791038802797_1_m.jpg","thumbnail":"https:\/\/images.epagine.fr\/797\/9791038802797_1_v.jpg"},"orderable":true,"show_badge":true,"formatted_price":"20,00&nbsp;\u20ac","formatted_published_date":"15 f\u00e9vrier 2022","publisher_availability_label":"Sur commande","short_details":"Herv\u00e9 Michel \u2014 Ex Aequo","translator":null,"weight":375,"page_count":252,"readership":null,"editor":"Ex Aequo","price":2000,"published_date":"2022-02-14T23:00:00.000000Z","support":"Grand format","publisher_availability":1,"stock":0,"editions":[],"url":"https:\/\/quaidesbrumes.com\/ouvrage\/9791038802797\/le-secret-du-bellerophon"},{"id":"9791038802896","title":"Promesse d'une aube","description":"La Terre est au plus mal : faune et flore dilapid\u00e9es, humains-objets complices d'un syst\u00e8me \u00e9conomique qui les enferme et les condamne, la plan\u00e8te n'est plus capable d'encaisser les coups.\r\nParce qu'ils savent la fin proche, les vingt-six familles les plus riches du monde se sont alli\u00e9es pour survivre \u00e0 la purge plan\u00e9taire annonc\u00e9e par des catastrophes naturelles r\u00e9p\u00e9t\u00e9es.\r\nFace \u00e0 eux, les \u00c9veilleurs, des humains \u00e0 la spiritualit\u00e9 d\u00e9velopp\u00e9e et aux capacit\u00e9s extraordinaires, refusent cet avenir mortif\u00e8re.\r\nEntre les deux forces, Hilel, simple documentariste, se trouve entra\u00een\u00e9 malgr\u00e9 lui dans un affrontement qui verra l'av\u00e8nement d'un monde nouveau.\r\nSera-t-il meilleur ? Rien ne le laisse pr\u00e9sager.","authors":["V\u00e9ronique Ribera"],"category_codes":["90000000","90020000"],"visuals":{"large":"https:\/\/images.epagine.fr\/896\/9791038802896_1_75.jpg","medium":"https:\/\/images.epagine.fr\/896\/9791038802896_1_m.jpg","thumbnail":"https:\/\/images.epagine.fr\/896\/9791038802896_1_v.jpg"},"orderable":true,"show_badge":true,"formatted_price":"20,00&nbsp;\u20ac","formatted_published_date":"15 f\u00e9vrier 2022","publisher_availability_label":"Sur commande","short_details":"V\u00e9ronique Ribera \u2014 Ex Aequo","translator":null,"weight":360,"page_count":244,"readership":null,"editor":"Ex Aequo","price":2000,"published_date":"2022-02-14T23:00:00.000000Z","support":"Grand format","publisher_availability":1,"stock":0,"editions":[],"url":"https:\/\/quaidesbrumes.com\/ouvrage\/9791038802896\/promesse-dune-aube"},{"id":"9791038803909","title":"Pendant que chantent les cigales","description":"Le Thor, petit village proche d'Avignon s'appr\u00eate \u00e0 vivre la troisi\u00e8me \u00e9dition de sa d\u00e9cade festive. Au retour d'une balade, Viviane Meyer, la maire, d\u00e9couvre le corps d'une femme dans sa piscine. L'enqu\u00eate est confi\u00e9e au commandant Lucas Berlaine de la SR de N\u00eemes qui sera second\u00e9 par le capitaine Leguerzec et le brigadier Choupin, fine fleur de la gendarmerie du village. \r\nPourquoi Odile Versepluie, t\u00e9moin de J\u00e9hovah se baignait-elle seule chez Vivianne Meyer qu'elle connaissait \u00e0 peine ? Pourquoi son meurtrier a-t-il pris le risque de la tuer dans cette propri\u00e9t\u00e9 ? Qui a commis des actes de vandalisme chez madame la maire et dans quel but ? Voil\u00e0 quelques-unes des questions auxquelles le commandant Berlaine aura \u00e0 r\u00e9pondre alors que tr\u00e8s rapidement un doute s'installe dans son esprit : \u00e9tait-ce vraiment Odile Versepluie que le meurtrier visait r\u00e9ellement ?\r\nRythm\u00e9 par le chant des cigales ce roman donne rendez-vous avec la mort mais aussi avec   la bonne humeur, la jovialit\u00e9 et l'exub\u00e9rance des gens du midi \u00e0 la faconde intarissable.","authors":["Anne-Marie Plachta"],"category_codes":["90000000","90010000"],"visuals":{"large":"https:\/\/images.epagine.fr\/909\/9791038803909_1_75.jpg","medium":"https:\/\/images.epagine.fr\/909\/9791038803909_1_m.jpg","thumbnail":"https:\/\/images.epagine.fr\/909\/9791038803909_1_v.jpg"},"orderable":true,"show_badge":true,"formatted_price":"18,00&nbsp;\u20ac","formatted_published_date":"5 ao\u00fbt 2022","publisher_availability_label":"Sur commande","short_details":"Anne-Marie Plachta \u2014 Ex Aequo","translator":null,"weight":401,"page_count":216,"readership":null,"editor":"Ex Aequo","price":1800,"published_date":"2022-08-04T22:00:00.000000Z","support":"Grand format","publisher_availability":1,"stock":0,"editions":[],"url":"https:\/\/quaidesbrumes.com\/ouvrage\/9791038803909\/pendant-que-chantent-les-cigales"},{"id":"9782382110485","title":"Execution","description":"Branle-bas de combat au 36 Quai des Orf\u00e8vres.Un avocat renomm\u00e9 est assassin\u00e9 dans les sous-sols du Palais de Justice. Travaillant sous les ordres de la p\u00e9nible chef divisionnaire surnomm\u00e9e Mademoiselle Maigret, le commandant Fran\u00e7ois Chanel m\u00e8ne l'enqu\u00eate, dans les eaux troubles des go\u00fbts pervers du t\u00e9nor du barreau.Qu'est-ce que l'homme de loi aux app\u00e9tences glauques a affaire avec le sublime personnage d'un roman du XIXe si\u00e8cle, Madame Bovary et une femme asociale aux tentations terroristes ? C'est ce que devra d\u00e9m\u00ealer Chanel de la brigade criminelle, morphopsychologue au regard ac\u00e9r\u00e9, avec l'aide de son \u00e9quipe renforc\u00e9e d'une stagiaire surdou\u00e9e et d'un \u00e9trange gar\u00e7on frapp\u00e9 par la foudre.Jusqu'\u00e0 la r\u00e9solution finale o\u00f9 se m\u00ealent r\u00e9el et magie, le cocktail des protagonistes du Palais de Justice et du 36 Quai des Orf\u00e8vres exprime toute l'\u00e9tranget\u00e9 du monde criminel. Ex\u00e9cution, est la nouvelle enqu\u00eate du commandant Chanel apr\u00e8s Tir\u00e9 \u00e0 quatre \u00e9pingles, Prix Coeur de France. Pascal Marmet, romancier quinquag\u00e9naire, auteur de romans historiques prim\u00e9s, vit depuis 2016 \u00e0 Cagnes sur Mer o\u00f9 il se consacre \u00e0 l'\u00e9criture d'une s\u00e9rie polici\u00e8re avec un h\u00e9ros r\u00e9current, le commandant Fran\u00e7ois Chanel qui officie au 36, quai des Orf\u00e8vres \u00e0 Paris. Cette s\u00e9rie est une fiction, inspir\u00e9e de faits r\u00e9els.","authors":["Pascal Marmet"],"category_codes":["90000000","90010000","90010500"],"visuals":{"large":"https:\/\/images.epagine.fr\/485\/9782382110485_1_75.jpg","medium":"https:\/\/images.epagine.fr\/485\/9782382110485_1_m.jpg","thumbnail":"https:\/\/images.epagine.fr\/485\/9782382110485_1_v.jpg"},"orderable":true,"show_badge":true,"formatted_price":"16,80&nbsp;\u20ac","formatted_published_date":"26 mai 2022","publisher_availability_label":"Sur commande","short_details":"Pascal Marmet \u2014 M+","translator":null,"weight":280,"page_count":204,"readership":null,"editor":"M+","price":1680,"published_date":"2022-05-25T22:00:00.000000Z","support":"Grand format","publisher_availability":1,"stock":0,"editions":[],"url":"https:\/\/quaidesbrumes.com\/ouvrage\/9782382110485\/execution"},{"id":"9782492738517","title":"C'\u00e9tait le r\u00f4le de sa vie : Lille : l'arnaque vire au drame","description":"Les parents de la com\u00e9dienne Christine Marsay alertent la police, affol\u00e9s : leur fille leur a envoy\u00e9 un mail d'Italie, mais ils sont convaincus qu'il n'est pas d'elle et craignent un enl\u00e8vement. Le dossier aboutit au capitaine Preux et \u00e0 son adjointe, le lieutenant Sophie Cl\u00e9ry.Rapidement, d'autres \u00e9l\u00e9ments troublants et inqui\u00e9tants font leur apparition, laissant \u00e0 penser que l'affaire est bien plus complexe qu'\u00e0 premi\u00e8re vue.","authors":["Emmanuel Sys"],"category_codes":["90000000","90010000"],"visuals":{"large":"https:\/\/images.epagine.fr\/517\/9782492738517_1_75.jpg","medium":"https:\/\/images.epagine.fr\/517\/9782492738517_1_m.jpg","thumbnail":"https:\/\/images.epagine.fr\/517\/9782492738517_1_v.jpg"},"orderable":true,"show_badge":true,"formatted_price":"11,50&nbsp;\u20ac","formatted_published_date":"4 mars 2022","publisher_availability_label":"Sur commande","short_details":"Emmanuel Sys \u2014 Aubane","translator":null,"weight":160,"page_count":null,"readership":null,"editor":"Aubane","price":1150,"published_date":"2022-03-03T23:00:00.000000Z","support":"Poche","publisher_availability":1,"stock":0,"editions":[],"url":"https:\/\/quaidesbrumes.com\/ouvrage\/9782492738517\/cetait-le-role-de-sa-vie-lille-larnaque-vire-au-drame"},{"id":"9782492738555","title":"Julia, morte deux fois : la police lilloise rouvre le dossier","description":"...La lettre \u00e9manant du procureur du roi \u00e0 Tournai \u00e9tait br\u00e8ve. Le magistrat belge avertissait simplement son homologue lillois d'un \u00abnouvel \u00e9l\u00e9ment susceptible de remettre en cause les conclusions judiciaires du meurtre de Julia Vanacker en juin 1998\u00bb. Derri\u00e8re cette formulation \u00e9vasive et prudente, on devinait la volont\u00e9 politique de se d\u00e9barrasser au plus vite, en la renvoyant chez les voisins fran\u00e7ais, d'une affaire qu'on pressentait d\u00e9licate.A Lille, les documents belges avaient suivi la fili\u00e8re hi\u00e9rarchique classique. Monin, chef de groupe \u00e0 la brigade, constituait le dernier maillon de cette cha\u00eene...\u00bbIl y a dix ans, l'affaire Vanacker faisait la une des journaux. Julia Vanacker, une \u00e9tudiante lilloise, avait \u00e9t\u00e9 retrouv\u00e9e \u00e9touff\u00e9e dans son appartement. Franck Tison, son petit ami de l'\u00e9poque, passa rapidement aux aveux et fut condamn\u00e9 avant de sombrer dans la folie et de se suicider en prison. Aujourd'hui, un t\u00e9moignage inattendu remet en question la culpabilit\u00e9 de Tison et oblige la police \u00e0 rouvrir une enqu\u00eate. Si Tison n'est pas l'assassin de Julia Vanacker, qui l'a tu\u00e9e ? C'est ce que vont devoir d\u00e9couvrir Preux et Monin, deux policiers de la P.J. de Lille.","authors":["Emmanuel Sys"],"category_codes":["90000000","90010000"],"visuals":{"large":"https:\/\/images.epagine.fr\/555\/9782492738555_1_75.jpg","medium":"https:\/\/images.epagine.fr\/555\/9782492738555_1_m.jpg","thumbnail":"https:\/\/images.epagine.fr\/555\/9782492738555_1_v.jpg"},"orderable":true,"show_badge":true,"formatted_price":"10,00&nbsp;\u20ac","formatted_published_date":"4 mars 2022","publisher_availability_label":"Sur commande","short_details":"Emmanuel Sys \u2014 Aubane","translator":null,"weight":140,"page_count":null,"readership":null,"editor":"Aubane","price":1000,"published_date":"2022-03-03T23:00:00.000000Z","support":"Poche","publisher_availability":1,"stock":0,"editions":[],"url":"https:\/\/quaidesbrumes.com\/ouvrage\/9782492738555\/julia-morte-deux-fois-la-police-lilloise-rouvre-le-dossier"}]}