{"data":[{"id":"9782343027296","title":"De l'exp\u00e9rience \u00e0 l'identit\u00e9 photographique","description":"La photographie nous met dans une distance forc\u00e9e. Elle s'organise dans sa r\u00e9alit\u00e9 temporelle et met en sc\u00e8ne le monde ou son monde. C'est un moyen de connaissance et de re-connaissance. Elle devient oeuvre car l'exp\u00e9rience est un jour d\u00e9pass\u00e9e, mais elle reste bien exp\u00e9rience de soi au travers d'une subjectivit\u00e9 qui se confronte et se r\u00e9-invente face \u00e0 une r\u00e9alit\u00e9.","authors":["Catherine Rebois","Fran\u00e7oise Paviot"],"category_codes":["6000000","6070000","6070200"],"visuals":{"large":"https:\/\/images.epagine.fr\/296\/9782343027296_1_75.jpg","medium":"https:\/\/images.epagine.fr\/296\/9782343027296_1_m.jpg","thumbnail":"https:\/\/images.epagine.fr\/296\/9782343027296_1_v.jpg"},"orderable":true,"show_badge":true,"formatted_price":"19,50&nbsp;\u20ac","formatted_published_date":"14 f\u00e9vrier 2014","publisher_availability_label":"Sur commande","short_details":"Catherine Rebois, Fran\u00e7oise Paviot \u2014 \u00c9ditions L'Harmattan","translator":null,"weight":230,"page_count":182,"readership":null,"editor":"\u00c9ditions L'Harmattan","price":1950,"published_date":"2014-02-13T23:00:00.000000Z","support":"Grand format","publisher_availability":1,"stock":0,"editions":[],"url":"https:\/\/quaidesbrumes.com\/ouvrage\/9782343027296\/de-lexperience-a-lidentite-photographique"},{"id":"9780244854188","title":"Cin\u00e9ma Fran\u00e7ais - Les Quiz - Volume 2 : Les Quiz - Volume 2","description":"\u00cates-vous r\u00e9ellement cin\u00e9phile ? Vos amis se pr\u00e9tendent incollables sur le cin\u00e9ma fran\u00e7ais ?Il est temps de faire \u00e9clater la v\u00e9rit\u00e9 gr\u00e2ce \u00e0 ce second volume de quiz sp\u00e9cialement con\u00e7u par un fan pour les fans de notre patrimoine cin\u00e9matographique !2000 questions vous attendent sur 100 quiz diff\u00e9rents. Du cin\u00e9ma populaire au film d'auteur, de la com\u00e9die romantique au thriller, ou des ann\u00e9es 30 \u00e0 aujourd'hui, faites chauffer les m\u00e9ninges, et ravivez vos souvenirs les plus enfouis.Qui est expert en cin\u00e9ma ? Qui est un simple cin\u00e9phile du dimanche ? Interrogez vos proches, vos amis, et partagez votre passion autour de vous !","authors":["Christopher Magnier"],"category_codes":["6000000","6070000","6070200"],"visuals":{"large":"https:\/\/images.epagine.fr\/188\/9780244854188_1_75.jpg","medium":"https:\/\/images.epagine.fr\/188\/9780244854188_1_m.jpg","thumbnail":"https:\/\/images.epagine.fr\/188\/9780244854188_1_v.jpg"},"orderable":true,"show_badge":true,"formatted_price":"20,05&nbsp;\u20ac","formatted_published_date":"1er avril 2020","publisher_availability_label":"Sur commande","short_details":"Christopher Magnier \u2014 LULU","translator":null,"weight":500,"page_count":420,"readership":null,"editor":"LULU","price":2005,"published_date":"2020-03-31T22:00:00.000000Z","support":"Poche","publisher_availability":1,"stock":0,"editions":[],"url":"https:\/\/quaidesbrumes.com\/ouvrage\/9780244854188\/cinema-francais-les-quiz-volume-2-les-quiz-volume-2"},{"id":"9782842304324","title":"Paris du temps perdu","description":"Marcel Proust et Eug\u00e8ne Atget, bien que contemporains, ne se connaissaient pas.\r\nToutefois, leurs oeuvres monumentales t\u00e9moignent d'une m\u00eame volont\u00e9 patiente et m\u00e9ticuleuse de restituer la vie de leur temps, ce Paris l\u00e9gendaire de la Belle \u00c9poque. Tandis que Proust s'attache \u00e0 d\u00e9crire la complexit\u00e9 de l'\u00e2me humaine dans sa Recherche du temps perdu, Atget, lui, photographie d\u00e8s 1895 les rues, les places, les jardins, les \u00e9choppes qui servent de d\u00e9cor au peuple parisien. Deux projets \u00e0 l'ambition colossale, qui allaient se r\u00e9v\u00e9ler d'autant plus pr\u00e9cieux que la Premi\u00e8re Guerre mondiale devait bient\u00f4t profond\u00e9ment bouleverser la vie des Parisiens et leur ville.\r\nLes photographies de l'un font subtilement \u00e9cho aux mots de l'autre, c'est Odette ou Albertine que l'on croit reconna\u00eetre derri\u00e8re les passantes furtives, c'est l'h\u00f4tel de la duchesse de Guermantes que dissimulent les lourdes portes coch\u00e8res. Ces deux regards crois\u00e9s sur un Paris irr\u00e9m\u00e9diablement perdu suscitent une \u00e9motion teint\u00e9e de m\u00e9lancolie.","authors":["Eug\u00e8ne Atget","Marcel Proust"],"category_codes":["6000000","6070000","6070200"],"visuals":{"large":"https:\/\/images.epagine.fr\/324\/9782842304324_1_75.jpg","medium":"https:\/\/images.epagine.fr\/324\/9782842304324_1_m.jpg","thumbnail":"https:\/\/images.epagine.fr\/324\/9782842304324_1_v.jpg"},"orderable":true,"show_badge":true,"formatted_price":"19,90&nbsp;\u20ac","formatted_published_date":"10 avril 2012","publisher_availability_label":"Sur commande","short_details":"Eug\u00e8ne Atget, Marcel Proust \u2014 Ho\u00ebbeke","translator":null,"weight":566,"page_count":120,"readership":null,"editor":"Ho\u00ebbeke","price":1990,"published_date":"2012-04-09T22:00:00.000000Z","support":"Grand format","publisher_availability":1,"stock":0,"editions":[],"url":"https:\/\/quaidesbrumes.com\/ouvrage\/9782842304324\/paris-du-temps-perdu"},{"id":"9783039422692","title":"Peter Maurer terra deposita","description":"Peter Maurers Fotoarbeit Terra Deposita entfaltet unerwartete Perspektiven auf allt\u00e4gliche Landschaften. Was zun\u00e4chst harmlos, teilweise gar idyllisch und malerisch erscheint - Wiesen, verlassene Strassen und stille Orte -, verbirgt im Wortsinn tieferliegende Geschichten und \u00f6kologische Sch\u00e4den von grosser Tragweite. Diese Bilder zeigen nicht einfach Augenblicke in der Natur, sondern bilden einen Spiegel menschlichen Handelns und seiner Folgen: das Deponieren sch\u00e4dlicher, teilweise hochgiftiger Abf\u00e4lle in der Umwelt.\r\n\r\nMaurer nutzt das Licht der D\u00e4mmerung oder gar die n\u00e4chtliche Dunkelheit und ungew\u00f6hnliche Bildausschnitte, um gesellschaftliche und \u00f6kologische Themen ins Bewusstsein zu r\u00fccken; er hat eine eigenst\u00e4ndige Sprache gefunden, um seiner eigenen Beunruhigung Ausdruck zu verleihen. Konsequent angewendet, verwandelt sich sein Inventar \u00abbelasteter Standorte\u00bb in ein Panorama der verlorenen Unschuld.\r\n\r\nDieses Buch zeigt 70 Aufnahmen aus Peter Maurers 2020-2022 entstandener Serie Terra Deposita, begleitet von einem Text des Kurators und Fotospezialisten Peter Pfrunder sowie Informationen zu den dokumentierten schadstoffbelasteten Orten.","authors":["Peter Maurer"],"category_codes":["6000000","6070000","6070200","6070205"],"visuals":{"large":"https:\/\/images.epagine.fr\/692\/9783039422692_1_75.jpg","medium":"https:\/\/images.epagine.fr\/692\/9783039422692_1_m.jpg","thumbnail":"https:\/\/images.epagine.fr\/692\/9783039422692_1_v.jpg"},"orderable":true,"show_badge":true,"formatted_price":"58,00&nbsp;\u20ac","formatted_published_date":"1er avril 2025","publisher_availability_label":"Sur commande","short_details":"Peter Maurer \u2014 Scheidegger & Spiess","translator":null,"weight":788,"page_count":144,"readership":"Tout public","editor":"Scheidegger & Spiess","price":5800,"published_date":"2025-03-31T22:00:00.000000Z","support":"Beaux-livres","publisher_availability":1,"stock":0,"editions":[],"url":"https:\/\/quaidesbrumes.com\/ouvrage\/9783039422692\/peter-maurer-terra-deposita"},{"id":"9783039422609","title":"T\u00fcren, tore, pforten, portale","description":"Im Z\u00fcrcher Stadtquartier Aussersihl \u00f6ffnen sich T\u00fcren und Tore, Pforten und Portale. So unscheinbar sie sein m\u00f6gen, so oft wir sie im Alltag \u00fcbersehen: Eing\u00e4nge geben Einblicke, verschaffen \u00fcberraschende Zug\u00e4nge zur Geschichte eines ber\u00fcchtigten Teils der Stadt Z\u00fcrich. Alltag und Arbeitsbedingungen, politische K\u00e4mpfe und religi\u00f6se Bekenntnisse, Immigration und Emigration, Ausschluss und Integration, Gentrifizierung und Sexarbeit - all das l\u00e4sst sich an Ein- und Zug\u00e4ngen erfahren.\r\n\r\nSechs thematische Rundg\u00e4nge f\u00fchren mitten in dieses Quartierleben. Sie zeigen, ausgehend von Eing\u00e4ngen, anschaulich gesellschaftliche und st\u00e4dtebauliche Ver\u00e4nderungen. Mit zahlreichen Fotografien, k\u00fcnstlerischen Interventionen und Collagen sch\u00e4rft das Buch als F\u00fchrer entlang dieser Rundg\u00e4nge den Blick f\u00fcr das Gew\u00f6hnliche und zugleich Ausserordentliche in Aussersihl. So werden neue Perspektiven und bemerkenswerte Details gekonnt hervorgehoben. Ein weiterf\u00fchrender Essay skizziert die existenzielle Brisanz, die Ein-, Aus- und Zug\u00e4nge \u00fcber Z\u00fcrich und sein vielf\u00e4ltigstes Quartier hinaus haben.","authors":["Collectif"],"category_codes":["6000000","6070000","6070200","6070205"],"visuals":{"large":"https:\/\/images.epagine.fr\/609\/9783039422609_1_75.jpg","medium":"https:\/\/images.epagine.fr\/609\/9783039422609_1_m.jpg","thumbnail":"https:\/\/images.epagine.fr\/609\/9783039422609_1_v.jpg"},"orderable":true,"show_badge":true,"formatted_price":"38,00&nbsp;\u20ac","formatted_published_date":"1er avril 2025","publisher_availability_label":"Sur commande","short_details":"Collectif \u2014 Scheidegger & Spiess","translator":null,"weight":801,"page_count":400,"readership":"Tout public","editor":"Scheidegger & Spiess","price":3800,"published_date":"2025-03-31T22:00:00.000000Z","support":"Beaux-livres","publisher_availability":1,"stock":0,"editions":[],"url":"https:\/\/quaidesbrumes.com\/ouvrage\/9783039422609\/turen-tore-pforten-portale"},{"id":"9783791393254","title":"Waits\/Corbijn 77-11","description":"Now back in print in an updated edition, this stunning, award-winning visual odyssey encapsulates the essence of Tom Waits' enigmatic persona and Anton Corbijn's distinctive photographic style.\r\n\r\nSpanning over three decades, this extraordinary book showcases the enduring collaboration between a legendary musician and a renowned Dutch photographer?a creative symbiosis that has produced some of the most memorable images in rock and roll history.","authors":["Jim Jarmusch","Robert Christgau","Anton Corbijn"],"category_codes":["6000000","6070000","6070200","6070205"],"visuals":{"large":"https:\/\/images.epagine.fr\/254\/9783791393254_1_75.jpg","medium":"https:\/\/images.epagine.fr\/254\/9783791393254_1_m.jpg","thumbnail":"https:\/\/images.epagine.fr\/254\/9783791393254_1_v.jpg"},"orderable":true,"show_badge":true,"formatted_price":"74,00&nbsp;\u20ac","formatted_published_date":"21 octobre 2025","publisher_availability_label":"Sur commande","short_details":"Jim Jarmusch, Robert Christgau, Anton Corbijn \u2014 Prestel","translator":null,"weight":567,"page_count":272,"readership":"Tout public","editor":"Prestel","price":7400,"published_date":"2025-10-20T22:00:00.000000Z","support":"Beaux-livres","publisher_availability":1,"stock":0,"editions":[],"url":"https:\/\/quaidesbrumes.com\/ouvrage\/9783791393254\/waitscorbijn-77-11"},{"id":"9782491157289","title":"Un r\u00eave am\u00e9ricain","description":"Au sortir de la Seconde Guerre mondiale, le Coll\u00e8ge International Protestant de la petite commune du Chambon-sur-Lignon, suscite bien des jalousies parmi les jeunes. Seuls les enfants de Parisiens ais\u00e9s peuvent assumer les frais de scolarit\u00e9, tandis que les villageois, faute de moyens, n'y ont pas acc\u00e8s. Deux clans divisent alors cette jeunesse huguenote : les riches et les pauvres. \r\nQuel n'est pas l'\u00e9merveillement de Jean, fils d'un R\u00e9sistant du Chambon-sur-Lignon, lorsque le pasteur Andr\u00e9 Trocm\u00e9 lui propose de partir pour les \u00c9tats-Unis ! Ce programme,  concoct\u00e9 par l'entraide protestante de Reinbeck, Iowa, poursuit deux objectifs : permettre \u00e0 Jean de reprendre ses \u00e9tudes et lui apprendre \u00e0 travailler dans une exploitation agricole moderne. \r\nEn ao\u00fbt 1948, ce jeune campagnard de 17 ans d\u00e9barque \u00e0 New York sans parler un seul mot d'anglais. De l\u00e0, il se rend \u00e0 Chicago puis dans l'Iowa. Commence alors pour lui une fabuleuse aventure humaine et un choc des cultures qui le marquera \u00e0 jamais. Une histoire vraie, \u00e9crite sous la forme d'un sc\u00e9nario long m\u00e9trage, solidement document\u00e9e et m\u00e9connue.","authors":["Armen Julie"],"category_codes":["6000000","6070000","6070300"],"visuals":{"large":"https:\/\/images.epagine.fr\/289\/9782491157289_1_75.jpg","medium":"https:\/\/images.epagine.fr\/289\/9782491157289_1_m.jpg","thumbnail":"https:\/\/images.epagine.fr\/289\/9782491157289_1_v.jpg"},"orderable":true,"show_badge":true,"formatted_price":"20,00&nbsp;\u20ac","formatted_published_date":"31 d\u00e9cembre 2022","publisher_availability_label":"Sur commande","short_details":"Armen Julie \u2014 RENAISSENS","translator":null,"weight":298,"page_count":200,"readership":null,"editor":"RENAISSENS","price":2000,"published_date":"2022-12-30T23:00:00.000000Z","support":"Grand format","publisher_availability":1,"stock":0,"editions":[],"url":"https:\/\/quaidesbrumes.com\/ouvrage\/9782491157289\/un-reve-americain"},{"id":"7107715885625","title":"Mich\u00e8le Guignon","description":"Force de la nature, bouffeuse de th\u00e9\u00e2tre, enqu\u00eateuse du sens de la vie, Mich\u00e8le Guigon a toujours mis sa vision pleine d'humour, d'humanit\u00e9 et de po\u00e9sie au service d'un th\u00e9\u00e2tre \u00ab fin et populaire \u00bb comme elle le disait. Avec sa troupe, la Compagnie du P'tit Matin, elle a r\u00e9alis\u00e9 une quinzaine de spectacles o\u00f9 le verbe, quasi-inexistant \u00e0 ses d\u00e9buts, a pris une place toujours grandissante. La voici au sommet de son art, seule en sc\u00e8ne, se livrant en parole dans ses deux derniers spectacles, qui sont un hymne \u00e0 la vie et \u00e0 l'amour.\r\n\"La vie va o\u00f9 ?...\" et \"Pieds nus, traverser mon coeur\", ses derniers spectacles film\u00e9s en 2011 \u00e0 Lausanne, sont ici en DVD avec de nombreux bonus !","authors":["Susy Firth","Mich\u00e8le Guigon","Anne Artigau"],"category_codes":["6000000","6070000","6070400"],"visuals":{"large":"https:\/\/images.epagine.fr\/625\/7107715885625_1_75.jpg","medium":"https:\/\/images.epagine.fr\/625\/7107715885625_1_m.jpg","thumbnail":"https:\/\/images.epagine.fr\/625\/7107715885625_1_v.jpg"},"orderable":true,"show_badge":true,"formatted_price":"25,00&nbsp;\u20ac","formatted_published_date":"20 juillet 2017","publisher_availability_label":"Sur commande","short_details":"Susy Firth, Mich\u00e8le Guigon, Anne Artigau \u2014 CAMINO VERDE","translator":null,"weight":130,"page_count":null,"readership":null,"editor":"CAMINO VERDE","price":2500,"published_date":"2017-07-19T22:00:00.000000Z","support":"DVD","publisher_availability":1,"stock":0,"editions":[],"url":"https:\/\/quaidesbrumes.com\/ouvrage\/7107715885625\/michele-guignon"},{"id":"9781913620905","title":"Face to face","description":"Face to Face presents a selection of portraits of artists by three of the most prominent portrait artists of our time. Bringing together the diverse and distinctive work of Tacita Dean, Brigitte Lacombe, and Catherine Opie, this book forms an investigation into the charged genre of portraiture and its various approaches, navigating tensions between intimacy and publicity.\r\nWhile the three artists collected here share a wide set of historical touchstones, each deploys the camera differently: Dean exploits cinema's capacity for duration; Lacombe takes her cameras out on assignment; Opie works in the tradition of the studio photograph. Often overlapping in the subjects depicted, Face to Face offers an opportunity to look closely at bracing, intimate, and resonant portraits of the seminal thinkers and makers that these artists have encountered across the fields of music, painting, photography, film, and literature, among them Hilton Als, Maya Angelou, Richard Avedon, Joan Didion, David Hockney, Joan Jonas, Patti Smith, Kara Walker, and many other others.\r\nPublished in conjunction with an exhibition at the International Center of Photography (ICP), New York, the book includes essays by the exhibition's curator, Helen Molesworth, and the artist and writer Jarrett Earnest.","authors":["Helen Molesworth"],"category_codes":["6000000","6070000","6070200","6070205"],"visuals":{"large":"https:\/\/images.epagine.fr\/905\/9781913620905_1_75.jpg","medium":"https:\/\/images.epagine.fr\/905\/9781913620905_1_m.jpg","thumbnail":"https:\/\/images.epagine.fr\/905\/9781913620905_1_v.jpg"},"orderable":true,"show_badge":true,"formatted_price":"40,00&nbsp;\u20ac","formatted_published_date":"1er janvier 2023","publisher_availability_label":"Sur commande","short_details":"Helen Molesworth \u2014 Mack Books","translator":null,"weight":801,"page_count":164,"readership":null,"editor":"Mack Books","price":4000,"published_date":"2022-12-31T23:00:00.000000Z","support":"Grand format","publisher_availability":1,"stock":0,"editions":[],"url":"https:\/\/quaidesbrumes.com\/ouvrage\/9781913620905\/face-to-face"},{"id":"9782846790567","title":"Paul Burty Haviland","description":"Figure m\u00e9connue de la photographie am\u00e9ricaine du d\u00e9but du si\u00e8cle, Paul Burty Haviland a jou\u00e9 un r\u00f4le important au sein du mouvement pictorialiste et du groupe Photo-Secession, sous la conduite du photographe Alfred Stiedlitz dont il fut l'un des plus fid\u00e8les alli\u00e9s. Il fut un ardent d\u00e9fenseur de l'art moderne et de la photographie, m\u00e9c\u00e8ne de la c\u00e9l\u00e8bre galerie 291, r\u00e9dacteur en chef de la luxueuse revue Camera Work, collectionneur d'oeuvres d'avant-garde, d'art africain et pr\u00e9colombien. Proche de Picabia et des cubistes, il \u00e9tait un dandy, dada\u00efste avant la lettre. Ce touche-\u00e0-tout a laiss\u00e9 des photographies \u00e9tonnantes, tr\u00e8s peu diffus\u00e9es de son vivant, marqu\u00e9es par Whistler et le japonisme, et compos\u00e9es pour l'essentiel de portraits et de nus f\u00e9minins. (Extrait de la quatri\u00e8me de couverture du catalogue P. B .Haviland, \u00e9dition du mus\u00e9e d'Orsay, 2007).\r\n\r\nIl n'existait pas de monographie importante de cet artiste qui fut proche des photographes comme son fr\u00e8re fut proche des peintres (Picasso, Modigliani...) Celle-ci n'est que justice enfin rendue \u00e0 cet acteur de la modernit\u00e9. Elle nous donne acc\u00e8s, gr\u00e2ce \u00e0 madame Nicole Marich Haviland, sa fille, \u00e0 un fonds de documents (photographies, lettres, po\u00e8me de Picabia, archives familiales...) qui satisfera chercheurs et esth\u00e8tes.","authors":["Eva Gravensten"],"category_codes":["6000000","6070000","6070200","6070205"],"visuals":{"large":"https:\/\/images.epagine.fr\/567\/9782846790567_1_75.jpg","medium":"https:\/\/images.epagine.fr\/567\/9782846790567_1_m.jpg","thumbnail":"https:\/\/images.epagine.fr\/567\/9782846790567_1_v.jpg"},"orderable":true,"show_badge":true,"formatted_price":"30,00&nbsp;\u20ac","formatted_published_date":"30 juin 2003","publisher_availability_label":"Sur commande","short_details":"Eva Gravensten \u2014 GINKGO","translator":null,"weight":580,"page_count":160,"readership":null,"editor":"GINKGO","price":3000,"published_date":"2003-06-29T22:00:00.000000Z","support":"Beaux-livres","publisher_availability":1,"stock":0,"editions":[],"url":"https:\/\/quaidesbrumes.com\/ouvrage\/9782846790567\/paul-burty-haviland"},{"id":"9783516525472","title":"Les \u00eeles mythiques de Gr\u00e8ce - MILOS (Calendrier mural 2026 DIN A4 vertical), CALVENDO calendrier mensuel : Milos, l'une des \u00eeles les plus mythiques de Gr\u00e8ce, avec ses paysages uniques, sa riche histoire et ses plages paradisiaques.","description":"Milos est une \u00eele o\u00f9 la mythologie et la nature se rencontrent. Son h\u00e9ritage historique, ses plages enchanteresses et ses villages pittoresques en font une destination magique, loin du tourisme de masse. Chaque coin de l'\u00eele raconte une histoire, que ce soit \u00e0 travers ses monuments antiques, ses formations g\u00e9ologiques uniques ou la simplicit\u00e9 de sa vie insulaire.\r\n\r\nCalendrier mural de qualit\u00e9 sup\u00e9rieure avec 12 magnifiques photos. L'environnement nous tient \u00e0 coeur. C'est pourquoi nous utilisons exclusivement du papier certifi\u00e9 FSC provenant de for\u00eats g\u00e9r\u00e9es de mani\u00e8re \u00e9coresponsable. Nous \u00e9vitons la surproduction et donc des quantit\u00e9s significatives de d\u00e9chets, en produisant dans l'UE \u00e0 l'unit\u00e9 et sur demande. Nous r\u00e9duisons nos distances de transport et assurons une logistique respectueuse de l'environnement.\r\n\r\n14 pages dont 1 couverture | 12 pages mensuelles | 1 page d'index | dos cartonn\u00e9\r\n\r\nCe calendrier \u00e0 succ\u00e8s a \u00e9t\u00e9 r\u00e9\u00e9dit\u00e9 cette ann\u00e9e avec les m\u00eames images et une grille calendaire mise \u00e0 jour.\r\n\r\nIllustrations:\r\nJanvier: Petit village de p\u00eacheurs aux milles couleurs\r\nF\u00e9vrier: Le vol des mouettes de la mer Eg\u00e9e\r\nMars: Un coin calme pour se d\u00e9tendre\r\nAvril: Une petite sieste quand il fait chaud\r\nMai: Les poulpes pour accompagner l'ouzo du soir\r\nJuin: La place du village est d\u00e9cor\u00e9e de drapeaux\r\nJuillet: Les vagues et la mer turquoise en vue a\u00e9rienne \r\nAo\u00fbt: Village pittoresque aux couleurs vives\r\nSeptembre: Aphrodite (V\u00e9nus) de Milos\r\nOctobre: Vieux moulins endommag\u00e9s par le temps\r\nNovembre: Vue a\u00e9rienne d'un bateau \u00e0 la mer turquoise\r\nD\u00e9cembre: Coucher de soleil parmi les \u00eeles de la mer \u00c9g\u00e9e\r\n\r\nQUALITATIF - un calendrier annuel de qualit\u00e9 sup\u00e9rieure avec 12 magnifiques motifs, sur papier d'impression photo, avec une reliure spirale robuste et un crochet de suspension.\r\nDURABLE - r\u00e9duction significative des d\u00e9chets gr\u00e2ce \u00e0 une fabrication sur papier certifi\u00e9 FSC \u00e0 l'unit\u00e9 et sur demande, production dans l'UE, logistique \u00e9cologique.\r\nCADEAU ID\u00c9AL - destin\u00e9 \u00e0 vos contacts priv\u00e9s ou professionnels, \u00e0 la famille ou aux amis, aux jeunes adultes ou aux moins jeunes,  pour un cadeau de No\u00ebl ou d'anniversaire ou juste pour le plaisir d'offrir.\r\nDIVERSIFI\u00c9 - de nombreux formats DIN A4 ou DIN A3, pour s'adapter \u00e0 toutes vos envies et vos cadres de vie.\r\nMilos, l'une des \u00eeles les plus mythiques de Gr\u00e8ce, avec ses paysages uniques, sa riche histoire et ses plages paradisiaques. par l'auteur(rice): LivePics by Lena Iliopoulou","authors":["Lena Iliopoulou"],"category_codes":["6000000","6070000","6070200"],"visuals":{"large":"https:\/\/images.epagine.fr\/472\/9783516525472_1_75.jpg","medium":"https:\/\/images.epagine.fr\/472\/9783516525472_1_m.jpg","thumbnail":"https:\/\/images.epagine.fr\/472\/9783516525472_1_v.jpg"},"orderable":true,"show_badge":true,"formatted_price":"0,00&nbsp;\u20ac","formatted_published_date":"14 mai 2025","publisher_availability_label":"Sur commande","short_details":"Lena Iliopoulou \u2014 CALVENDO","translator":null,"weight":210,"page_count":14,"readership":null,"editor":"CALVENDO","price":0,"published_date":"2025-05-13T22:00:00.000000Z","support":"Calendrier","publisher_availability":1,"stock":0,"editions":[],"url":"https:\/\/quaidesbrumes.com\/ouvrage\/9783516525472\/les-iles-mythiques-de-grece-milos-calendrier-mural-2026-din-a4-vertical-calvendo-calendrier-mensuel-milos-lune-des-iles-les-plus-mythiques-de-grece-avec-ses-paysages-uniques-sa-riche-histoire-et-ses-plages-paradisiaques"},{"id":"9783516525588","title":"Une Bretagne unique (Calendrier mural 2026 DIN A4 vertical), CALVENDO calendrier mensuel : Un calendrier avec des motifs extraordinaires de la Bretagne","description":"D\u00e9couvrez la beaut\u00e9 sauvage de la Bretagne avec notre calendrier photo exclusif ! Chaque mois, laissez-vous emporter par des paysages \u00e0 couper le souffle, des c\u00f4tes d\u00e9chiquet\u00e9es aux villages pittoresques, en passant par les phares majestueux et les plages infinies. Nos photos capturent l'essence de cette r\u00e9gion unique, o\u00f9 la nature rencontre l'histoire et o\u00f9 la lumi\u00e8re changeante cr\u00e9e des sc\u00e8nes inoubliables. Ce calendrier est une invitation \u00e0 voyager au coeur de la Bretagne tout en restant chez vous. Parfait pour les amoureux de la nature, les passionn\u00e9s de photographie et tous celles et ceux qui souhaitent s'\u00e9vader dans un coin de France authentique et inspirant.\r\n\r\nCalendrier mural de qualit\u00e9 sup\u00e9rieure avec 12 magnifiques photos. L'environnement nous tient \u00e0 coeur. C'est pourquoi nous utilisons exclusivement du papier certifi\u00e9 FSC provenant de for\u00eats g\u00e9r\u00e9es de mani\u00e8re \u00e9coresponsable. Nous \u00e9vitons la surproduction et donc des quantit\u00e9s significatives de d\u00e9chets, en produisant dans l'UE \u00e0 l'unit\u00e9 et sur demande. Nous r\u00e9duisons nos distances de transport et assurons une logistique respectueuse de l'environnement.\r\n\r\n14 pages dont 1 couverture | 12 pages mensuelles | 1 page d'index | dos cartonn\u00e9\r\n\r\nCe calendrier \u00e0 succ\u00e8s a \u00e9t\u00e9 r\u00e9\u00e9dit\u00e9 cette ann\u00e9e avec les m\u00eames images et une grille calendaire mise \u00e0 jour.\r\n\r\nIllustrations:\r\nJanvier: Phare de Saint - Mathieu\r\nF\u00e9vrier: Phare de Ploumanac'h\r\nMars: Camaret Sur Mer\r\nAvril: Phare du Petit Minou\r\nMai: Le Gouffre\r\nJuin: Saint-Michel de la Roche au Nay\r\nJuillet: Vo\u00fbte Phare de Saint - Mathieu\r\nAo\u00fbt: Le Gouffre\r\nSeptembre: Mont-Saint-Michel\r\nOctobre: Rochefort en terre\r\nNovembre: Mont-Saint-Michel\r\nD\u00e9cembre: Camaret-Sur-mer\r\n\r\nQUALITATIF - un calendrier annuel de qualit\u00e9 sup\u00e9rieure avec 12 magnifiques motifs, sur papier d'impression photo, avec une reliure spirale robuste et un crochet de suspension.\r\nDURABLE - r\u00e9duction significative des d\u00e9chets gr\u00e2ce \u00e0 une fabrication sur papier certifi\u00e9 FSC \u00e0 l'unit\u00e9 et sur demande, production dans l'UE, logistique \u00e9cologique.\r\nCADEAU ID\u00c9AL - destin\u00e9 \u00e0 vos contacts priv\u00e9s ou professionnels, \u00e0 la famille ou aux amis, aux jeunes adultes ou aux moins jeunes,  pour un cadeau de No\u00ebl ou d'anniversaire ou juste pour le plaisir d'offrir.\r\nDIVERSIFI\u00c9 - de nombreux formats DIN A4 ou DIN A3, pour s'adapter \u00e0 toutes vos envies et vos cadres de vie.\r\nUn calendrier avec des motifs extraordinaires de la Bretagne par l'auteur(rice): Charles Schrader","authors":["Collectif"],"category_codes":["6000000","6070000","6070200"],"visuals":{"large":"https:\/\/images.epagine.fr\/588\/9783516525588_1_75.jpg","medium":"https:\/\/images.epagine.fr\/588\/9783516525588_1_m.jpg","thumbnail":"https:\/\/images.epagine.fr\/588\/9783516525588_1_v.jpg"},"orderable":true,"show_badge":true,"formatted_price":"0,00&nbsp;\u20ac","formatted_published_date":"14 mai 2025","publisher_availability_label":"Sur commande","short_details":"Collectif \u2014 CALVENDO","translator":null,"weight":210,"page_count":14,"readership":null,"editor":"CALVENDO","price":0,"published_date":"2025-05-13T22:00:00.000000Z","support":"Calendrier","publisher_availability":1,"stock":0,"editions":[],"url":"https:\/\/quaidesbrumes.com\/ouvrage\/9783516525588\/une-bretagne-unique-calendrier-mural-2026-din-a4-vertical-calvendo-calendrier-mensuel-un-calendrier-avec-des-motifs-extraordinaires-de-la-bretagne"},{"id":"9783516525694","title":"Les gardiens des \u00e9cosyst\u00e8mes (Calendrier mural 2026 DIN A4 vertical), CALVENDO calendrier mensuel : R\u00f4le crucial des insectes r\u00e9gulateurs dans le maintien de l'\u00e9quilibre \u00e9cologique.","description":"Ces gendarmes, comme les insectes pr\u00e9dateurs et d\u00e9composeurs, participent \u00e0 la r\u00e9gulation des populations d'autres organismes nuisibles, \u00e0 la d\u00e9composition de la mati\u00e8re organique et \u00e0 la fertilisation des sols. Ils sont indispensables \u00e0 la biodiversit\u00e9 et \u00e0 la sant\u00e9 des \u00e9cosyst\u00e8mes, jouant un r\u00f4le similaire \u00e0 celui de gardiens naturels, contr\u00f4lant et stabilisant l'environnement pour \u00e9viter les d\u00e9s\u00e9quilibres \u00e9cologiques.\r\n\r\nCalendrier mural de qualit\u00e9 sup\u00e9rieure avec 12 magnifiques photos. L'environnement nous tient \u00e0 coeur. C'est pourquoi nous utilisons exclusivement du papier certifi\u00e9 FSC provenant de for\u00eats g\u00e9r\u00e9es de mani\u00e8re \u00e9coresponsable. Nous \u00e9vitons la surproduction et donc des quantit\u00e9s significatives de d\u00e9chets, en produisant dans l'UE \u00e0 l'unit\u00e9 et sur demande. Nous r\u00e9duisons nos distances de transport et assurons une logistique respectueuse de l'environnement.\r\n\r\n14 pages dont 1 couverture | 12 pages mensuelles | 1 page d'index | dos cartonn\u00e9\r\n\r\nCe calendrier \u00e0 succ\u00e8s a \u00e9t\u00e9 r\u00e9\u00e9dit\u00e9 cette ann\u00e9e avec les m\u00eames images et une grille calendaire mise \u00e0 jour.\r\n\r\nIllustrations:\r\nJanvier: Larinioides sclopetarius\r\nF\u00e9vrier: Phaonia pallida\r\nMars: Pyrrhocoris apterus\r\nAvril: Adelphocoris \r\nMai: Cardinal rouge\r\nJuin: Mouche noire\r\nJuillet: Pyrrhocoris apterus\r\nAo\u00fbt: Mouche bleue\r\nSeptembre: Coccinelle\r\nOctobre: Psilothrix viridicoerulea\r\nNovembre: Gu\u00eape attaqu\u00e9e par une araign\u00e9e\r\nD\u00e9cembre: Tipula\r\n\r\nQUALITATIF - un calendrier annuel de qualit\u00e9 sup\u00e9rieure avec 12 magnifiques motifs, sur papier d'impression photo, avec une reliure spirale robuste et un crochet de suspension.\r\nDURABLE - r\u00e9duction significative des d\u00e9chets gr\u00e2ce \u00e0 une fabrication sur papier certifi\u00e9 FSC \u00e0 l'unit\u00e9 et sur demande, production dans l'UE, logistique \u00e9cologique.\r\nCADEAU ID\u00c9AL - destin\u00e9 \u00e0 vos contacts priv\u00e9s ou professionnels, \u00e0 la famille ou aux amis, aux jeunes adultes ou aux moins jeunes,  pour un cadeau de No\u00ebl ou d'anniversaire ou juste pour le plaisir d'offrir.\r\nDIVERSIFI\u00c9 - de nombreux formats DIN A4 ou DIN A3, pour s'adapter \u00e0 toutes vos envies et vos cadres de vie.\r\nR\u00f4le crucial des insectes r\u00e9gulateurs dans le maintien de l'\u00e9quilibre \u00e9cologique. par l'auteur(rice): thierry planche","authors":["Thierry Planche"],"category_codes":["6000000","6070000","6070200"],"visuals":{"large":"https:\/\/images.epagine.fr\/694\/9783516525694_1_75.jpg","medium":"https:\/\/images.epagine.fr\/694\/9783516525694_1_m.jpg","thumbnail":"https:\/\/images.epagine.fr\/694\/9783516525694_1_v.jpg"},"orderable":true,"show_badge":true,"formatted_price":"0,00&nbsp;\u20ac","formatted_published_date":"14 mai 2025","publisher_availability_label":"Sur commande","short_details":"Thierry Planche \u2014 CALVENDO","translator":null,"weight":210,"page_count":14,"readership":null,"editor":"CALVENDO","price":0,"published_date":"2025-05-13T22:00:00.000000Z","support":"Calendrier","publisher_availability":1,"stock":0,"editions":[],"url":"https:\/\/quaidesbrumes.com\/ouvrage\/9783516525694\/les-gardiens-des-ecosystemes-calendrier-mural-2026-din-a4-vertical-calvendo-calendrier-mensuel-role-crucial-des-insectes-regulateurs-dans-le-maintien-de-lequilibre-ecologique"},{"id":"9783516526110","title":"Une Bretagne unique (Calendrier mural 2026 DIN A3 vertical), CALVENDO calendrier mensuel : Un calendrier avec des motifs extraordinaires de la Bretagne","description":"D\u00e9couvrez la beaut\u00e9 sauvage de la Bretagne avec notre calendrier photo exclusif ! Chaque mois, laissez-vous emporter par des paysages \u00e0 couper le souffle, des c\u00f4tes d\u00e9chiquet\u00e9es aux villages pittoresques, en passant par les phares majestueux et les plages infinies. Nos photos capturent l'essence de cette r\u00e9gion unique, o\u00f9 la nature rencontre l'histoire et o\u00f9 la lumi\u00e8re changeante cr\u00e9e des sc\u00e8nes inoubliables. Ce calendrier est une invitation \u00e0 voyager au coeur de la Bretagne tout en restant chez vous. Parfait pour les amoureux de la nature, les passionn\u00e9s de photographie et tous celles et ceux qui souhaitent s'\u00e9vader dans un coin de France authentique et inspirant.\r\n\r\nCalendrier mural de qualit\u00e9 sup\u00e9rieure avec 12 magnifiques photos. L'environnement nous tient \u00e0 coeur. C'est pourquoi nous utilisons exclusivement du papier certifi\u00e9 FSC provenant de for\u00eats g\u00e9r\u00e9es de mani\u00e8re \u00e9coresponsable. Nous \u00e9vitons la surproduction et donc des quantit\u00e9s significatives de d\u00e9chets, en produisant dans l'UE \u00e0 l'unit\u00e9 et sur demande. Nous r\u00e9duisons nos distances de transport et assurons une logistique respectueuse de l'environnement.\r\n\r\n14 pages dont 1 couverture | 12 pages mensuelles | 1 page d'index | dos cartonn\u00e9\r\n\r\nCe calendrier \u00e0 succ\u00e8s a \u00e9t\u00e9 r\u00e9\u00e9dit\u00e9 cette ann\u00e9e avec les m\u00eames images et une grille calendaire mise \u00e0 jour.\r\n\r\nIllustrations:\r\nJanvier: Phare de Saint - Mathieu\r\nF\u00e9vrier: Phare de Ploumanac'h\r\nMars: Camaret Sur Mer\r\nAvril: Phare du Petit Minou\r\nMai: Le Gouffre\r\nJuin: Saint-Michel de la Roche au Nay\r\nJuillet: Vo\u00fbte Phare de Saint - Mathieu\r\nAo\u00fbt: Le Gouffre\r\nSeptembre: Mont-Saint-Michel\r\nOctobre: Rochefort en terre\r\nNovembre: Mont-Saint-Michel\r\nD\u00e9cembre: Camaret-Sur-mer\r\n\r\nQUALITATIF - un calendrier annuel de qualit\u00e9 sup\u00e9rieure avec 12 magnifiques motifs, sur papier d'impression photo, avec une reliure spirale robuste et un crochet de suspension.\r\nDURABLE - r\u00e9duction significative des d\u00e9chets gr\u00e2ce \u00e0 une fabrication sur papier certifi\u00e9 FSC \u00e0 l'unit\u00e9 et sur demande, production dans l'UE, logistique \u00e9cologique.\r\nCADEAU ID\u00c9AL - destin\u00e9 \u00e0 vos contacts priv\u00e9s ou professionnels, \u00e0 la famille ou aux amis, aux jeunes adultes ou aux moins jeunes,  pour un cadeau de No\u00ebl ou d'anniversaire ou juste pour le plaisir d'offrir.\r\nDIVERSIFI\u00c9 - de nombreux formats DIN A4 ou DIN A3, pour s'adapter \u00e0 toutes vos envies et vos cadres de vie.\r\nUn calendrier avec des motifs extraordinaires de la Bretagne par l'auteur(rice): Charles Schrader","authors":["Collectif"],"category_codes":["6000000","6070000","6070200"],"visuals":{"large":"https:\/\/images.epagine.fr\/110\/9783516526110_1_75.jpg","medium":"https:\/\/images.epagine.fr\/110\/9783516526110_1_m.jpg","thumbnail":"https:\/\/images.epagine.fr\/110\/9783516526110_1_v.jpg"},"orderable":true,"show_badge":true,"formatted_price":"0,00&nbsp;\u20ac","formatted_published_date":"14 mai 2025","publisher_availability_label":"Sur commande","short_details":"Collectif \u2014 CALVENDO","translator":null,"weight":460,"page_count":14,"readership":null,"editor":"CALVENDO","price":0,"published_date":"2025-05-13T22:00:00.000000Z","support":"Calendrier","publisher_availability":1,"stock":0,"editions":[],"url":"https:\/\/quaidesbrumes.com\/ouvrage\/9783516526110\/une-bretagne-unique-calendrier-mural-2026-din-a3-vertical-calvendo-calendrier-mensuel-un-calendrier-avec-des-motifs-extraordinaires-de-la-bretagne"},{"id":"9783516526189","title":"Les \u00eeles mythiques de Gr\u00e8ce - MILOS (Calendrier mural 2026 DIN A3 vertical), CALVENDO calendrier mensuel : Milos, l'une des \u00eeles les plus mythiques de Gr\u00e8ce, avec ses paysages uniques, sa riche histoire et ses plages paradisiaques.","description":"Milos est une \u00eele o\u00f9 la mythologie et la nature se rencontrent. Son h\u00e9ritage historique, ses plages enchanteresses et ses villages pittoresques en font une destination magique, loin du tourisme de masse. Chaque coin de l'\u00eele raconte une histoire, que ce soit \u00e0 travers ses monuments antiques, ses formations g\u00e9ologiques uniques ou la simplicit\u00e9 de sa vie insulaire.\r\n\r\nCalendrier mural de qualit\u00e9 sup\u00e9rieure avec 12 magnifiques photos. L'environnement nous tient \u00e0 coeur. C'est pourquoi nous utilisons exclusivement du papier certifi\u00e9 FSC provenant de for\u00eats g\u00e9r\u00e9es de mani\u00e8re \u00e9coresponsable. Nous \u00e9vitons la surproduction et donc des quantit\u00e9s significatives de d\u00e9chets, en produisant dans l'UE \u00e0 l'unit\u00e9 et sur demande. Nous r\u00e9duisons nos distances de transport et assurons une logistique respectueuse de l'environnement.\r\n\r\n14 pages dont 1 couverture | 12 pages mensuelles | 1 page d'index | dos cartonn\u00e9\r\n\r\nCe calendrier \u00e0 succ\u00e8s a \u00e9t\u00e9 r\u00e9\u00e9dit\u00e9 cette ann\u00e9e avec les m\u00eames images et une grille calendaire mise \u00e0 jour.\r\n\r\nIllustrations:\r\nJanvier: Petit village de p\u00eacheurs aux milles couleurs\r\nF\u00e9vrier: Le vol des mouettes de la mer Eg\u00e9e\r\nMars: Un coin calme pour se d\u00e9tendre\r\nAvril: Une petite sieste quand il fait chaud\r\nMai: Les poulpes pour accompagner l'ouzo du soir\r\nJuin: La place du village est d\u00e9cor\u00e9e de drapeaux\r\nJuillet: Les vagues et la mer turquoise en vue a\u00e9rienne \r\nAo\u00fbt: Village pittoresque aux couleurs vives\r\nSeptembre: Aphrodite (V\u00e9nus) de Milos\r\nOctobre: Vieux moulins endommag\u00e9s par le temps\r\nNovembre: Vue a\u00e9rienne d'un bateau \u00e0 la mer turquoise\r\nD\u00e9cembre: Coucher de soleil parmi les \u00eeles de la mer \u00c9g\u00e9e\r\n\r\nQUALITATIF - un calendrier annuel de qualit\u00e9 sup\u00e9rieure avec 12 magnifiques motifs, sur papier d'impression photo, avec une reliure spirale robuste et un crochet de suspension.\r\nDURABLE - r\u00e9duction significative des d\u00e9chets gr\u00e2ce \u00e0 une fabrication sur papier certifi\u00e9 FSC \u00e0 l'unit\u00e9 et sur demande, production dans l'UE, logistique \u00e9cologique.\r\nCADEAU ID\u00c9AL - destin\u00e9 \u00e0 vos contacts priv\u00e9s ou professionnels, \u00e0 la famille ou aux amis, aux jeunes adultes ou aux moins jeunes,  pour un cadeau de No\u00ebl ou d'anniversaire ou juste pour le plaisir d'offrir.\r\nDIVERSIFI\u00c9 - de nombreux formats DIN A4 ou DIN A3, pour s'adapter \u00e0 toutes vos envies et vos cadres de vie.\r\nMilos, l'une des \u00eeles les plus mythiques de Gr\u00e8ce, avec ses paysages uniques, sa riche histoire et ses plages paradisiaques. par l'auteur(rice): LivePics by Lena Iliopoulou","authors":["Lena Iliopoulou"],"category_codes":["6000000","6070000","6070200"],"visuals":{"large":"https:\/\/images.epagine.fr\/189\/9783516526189_1_75.jpg","medium":"https:\/\/images.epagine.fr\/189\/9783516526189_1_m.jpg","thumbnail":"https:\/\/images.epagine.fr\/189\/9783516526189_1_v.jpg"},"orderable":true,"show_badge":true,"formatted_price":"0,00&nbsp;\u20ac","formatted_published_date":"14 mai 2025","publisher_availability_label":"Sur commande","short_details":"Lena Iliopoulou \u2014 CALVENDO","translator":null,"weight":460,"page_count":14,"readership":null,"editor":"CALVENDO","price":0,"published_date":"2025-05-13T22:00:00.000000Z","support":"Calendrier","publisher_availability":1,"stock":0,"editions":[],"url":"https:\/\/quaidesbrumes.com\/ouvrage\/9783516526189\/les-iles-mythiques-de-grece-milos-calendrier-mural-2026-din-a3-vertical-calvendo-calendrier-mensuel-milos-lune-des-iles-les-plus-mythiques-de-grece-avec-ses-paysages-uniques-sa-riche-histoire-et-ses-plages-paradisiaques"},{"id":"9781446620199","title":"DESSINE MOI MA DOULEUR : Livret de t\u00e9moignages illustr\u00e9s de malades chroniques","description":"Il est important de rendre visible l'invisible et  de faire comprendre que les malades chroniques ne sont pas des malades imaginaires!","authors":["Adeline Houillon"],"category_codes":["6000000","6070000","6070200"],"visuals":{"large":"https:\/\/images.epagine.fr\/199\/9781446620199_1_75.jpg","medium":"https:\/\/images.epagine.fr\/199\/9781446620199_1_m.jpg","thumbnail":"https:\/\/images.epagine.fr\/199\/9781446620199_1_v.jpg"},"orderable":true,"show_badge":true,"formatted_price":"16,88&nbsp;\u20ac","formatted_published_date":"20 janvier 2025","publisher_availability_label":"Sur commande","short_details":"Adeline Houillon \u2014 LULU","translator":null,"weight":188,"page_count":130,"readership":null,"editor":"LULU","price":1688,"published_date":"2025-01-19T23:00:00.000000Z","support":"Poche","publisher_availability":1,"stock":0,"editions":[],"url":"https:\/\/quaidesbrumes.com\/ouvrage\/9781446620199\/dessine-moi-ma-douleur-livret-de-temoignages-illustres-de-malades-chroniques"},{"id":"9782959513046","title":"Le co\u00fbt du bonheur","description":"Fra\u00eechement employ\u00e9 \u00e0 l'essai dans une entreprise de consulting jeune et dynamique, Niaque Incorporated, Nicolas n'a qu'un mot \u00e0 la bouche : il est heureux. De la moquette \u00e0 la couleur des si\u00e8ges de l'espace d\u00e9tente, tout est parfait. La DRH est un coeur, la chef comptable ma\u00eetrise comme personne l'art du PowerPoint, et tous les membres de l'\u00e9quipe clament haut et fort nager dans un indiscutable bonheur. Cependant, malgr\u00e9 la splendeur du tableau, Nicolas ne peut qu'\u00eatre t\u00e9moin de crispations entre diff\u00e9rents employ\u00e9s. L'aimable fa\u00e7ade se fissure : \u00e0 force d'\u00e9riger le bien-\u00eatre en garant absolu de la r\u00e9ussite, la hi\u00e9rarchie a cr\u00e9\u00e9 les conditions d'une hypocrisie g\u00e9n\u00e9ralis\u00e9e dont les rancoeurs et jalousies, cach\u00e9es, n'en sont pas moins vives. Lorsqu'un plan de restructuration est envisag\u00e9, les solidarit\u00e9s vont voler en \u00e9clat. Et ce ne sont pas les moins heureux qui paieront pour les autres... Le bonheur universel a-t-il le pouvoir de sauver une start-up ? Une com\u00e9die dramatique glaciale et absurde, pour 3 hommes et 9 femmes.","authors":["Laurent Kiefer"],"category_codes":["6000000","6070000","6070300","6070303"],"visuals":{"large":"https:\/\/images.epagine.fr\/046\/9782959513046_1_75.jpg","medium":"https:\/\/images.epagine.fr\/046\/9782959513046_1_m.jpg","thumbnail":"https:\/\/images.epagine.fr\/046\/9782959513046_1_v.jpg"},"orderable":true,"show_badge":true,"formatted_price":"12,00&nbsp;\u20ac","formatted_published_date":"3 octobre 2025","publisher_availability_label":"Sur commande","short_details":"Laurent Kiefer \u2014 Laurent Kiefer","translator":null,"weight":136,"page_count":100,"readership":null,"editor":"Laurent Kiefer","price":1200,"published_date":"2025-10-02T22:00:00.000000Z","support":"Grand format","publisher_availability":1,"stock":0,"editions":[],"url":"https:\/\/quaidesbrumes.com\/ouvrage\/9782959513046\/le-cout-du-bonheur"},{"id":"9781716788444","title":"La beaut\u00e9 de Mazatlan : Un petit guide photographique","description":"Un guide photographique avec une vue magnifique pour en savoir plus sur les plages de Mazatl\u00e1n, \u00e9galement connue sous le nom de La joyau du Pacifique, au Mexique.","authors":["Jesus Alberto Lopez Carranza"],"category_codes":["6000000","6070000","6070200"],"visuals":{"large":"https:\/\/images.epagine.fr\/444\/9781716788444_1_75.jpg","medium":"https:\/\/images.epagine.fr\/444\/9781716788444_1_m.jpg","thumbnail":"https:\/\/images.epagine.fr\/444\/9781716788444_1_v.jpg"},"orderable":true,"show_badge":true,"formatted_price":"17,72&nbsp;\u20ac","formatted_published_date":"16 ao\u00fbt 2022","publisher_availability_label":"Sur commande","short_details":"Jesus Alberto Lopez Carranza \u2014 LULU","translator":null,"weight":156,"page_count":38,"readership":null,"editor":"LULU","price":1772,"published_date":"2022-08-15T22:00:00.000000Z","support":"Poche","publisher_availability":1,"stock":0,"editions":[],"url":"https:\/\/quaidesbrumes.com\/ouvrage\/9781716788444\/la-beaute-de-mazatlan-un-petit-guide-photographique"},{"id":"9782322634361","title":"Atip pink october : Octobre Rose","description":"ATIP PINK OCTOBER a \u00e9t\u00e9 r\u00e9alis\u00e9 en hommage \u00e0 la cause du  collectif 'Octobre Rose' et \u00e0 toutes les femmes Impact\u00e9es par le cancer du Sein.\r\nDix femmes ont alors pos\u00e9 dans une tenue intimiste..., toutes motiv\u00e9es et impliqu\u00e9es  pour cette cause. Elles sont membres de la m\u00eame association Atip'ink PIN UP Club.\r\nJ'avais souhait\u00e9 faire une r\u00e9alisation avec des femmes ayant une activit\u00e9, des passions communes. Gabi, leur Pr\u00e9sidente, m'a suivi dans le projet, puis elles.\r\nSi la cause est collective, elles se sont expos\u00e9es dans leur singularit\u00e9. J'ai voulu qu'elles se r\u00e9alisent devant mon objectif selon leur volont\u00e9, ne pas les obliger \u00e0 un d\u00e9cor strict, \u00e0  des postures qui seraient all\u00e9es contre leur volont\u00e9. Cela donne des images r\u00e9alistes et pleines de sensibilit\u00e9.\r\n ATIP PINK OCTOBER est alors le titre qu'il fallait en compilant le nom de l'association avec Octobre Rose, en anglo-saxon Pink October.\r\nLa majorit\u00e9 des b\u00e9n\u00e9fices de la vente de ce livre ira \u00e0 un organisme qui oeuvre contre le cancer du Sein","authors":["Philippe Pennerat"],"category_codes":["6000000","6070000","6070200"],"visuals":{"large":"https:\/\/images.epagine.fr\/361\/9782322634361_1_75.jpg","medium":"https:\/\/images.epagine.fr\/361\/9782322634361_1_m.jpg","thumbnail":"https:\/\/images.epagine.fr\/361\/9782322634361_1_v.jpg"},"orderable":true,"show_badge":true,"formatted_price":"22,50&nbsp;\u20ac","formatted_published_date":"8 octobre 2025","publisher_availability_label":"Sur commande","short_details":"Philippe Pennerat \u2014 Books on Demand","translator":null,"weight":205,"page_count":82,"readership":null,"editor":"Books on Demand","price":2250,"published_date":"2025-10-07T22:00:00.000000Z","support":"Grand format","publisher_availability":1,"stock":0,"editions":[],"url":"https:\/\/quaidesbrumes.com\/ouvrage\/9782322634361\/atip-pink-october-octobre-rose"},{"id":"9783516526349","title":"Les gardiens des \u00e9cosyst\u00e8mes (Calendrier mural 2026 DIN A3 vertical), CALVENDO calendrier mensuel : R\u00f4le crucial des insectes r\u00e9gulateurs dans le maintien de l'\u00e9quilibre \u00e9cologique.","description":"Ces gendarmes, comme les insectes pr\u00e9dateurs et d\u00e9composeurs, participent \u00e0 la r\u00e9gulation des populations d'autres organismes nuisibles, \u00e0 la d\u00e9composition de la mati\u00e8re organique et \u00e0 la fertilisation des sols. Ils sont indispensables \u00e0 la biodiversit\u00e9 et \u00e0 la sant\u00e9 des \u00e9cosyst\u00e8mes, jouant un r\u00f4le similaire \u00e0 celui de gardiens naturels, contr\u00f4lant et stabilisant l'environnement pour \u00e9viter les d\u00e9s\u00e9quilibres \u00e9cologiques.\r\n\r\nCalendrier mural de qualit\u00e9 sup\u00e9rieure avec 12 magnifiques photos. L'environnement nous tient \u00e0 coeur. C'est pourquoi nous utilisons exclusivement du papier certifi\u00e9 FSC provenant de for\u00eats g\u00e9r\u00e9es de mani\u00e8re \u00e9coresponsable. Nous \u00e9vitons la surproduction et donc des quantit\u00e9s significatives de d\u00e9chets, en produisant dans l'UE \u00e0 l'unit\u00e9 et sur demande. Nous r\u00e9duisons nos distances de transport et assurons une logistique respectueuse de l'environnement.\r\n\r\n14 pages dont 1 couverture | 12 pages mensuelles | 1 page d'index | dos cartonn\u00e9\r\n\r\nCe calendrier \u00e0 succ\u00e8s a \u00e9t\u00e9 r\u00e9\u00e9dit\u00e9 cette ann\u00e9e avec les m\u00eames images et une grille calendaire mise \u00e0 jour.\r\n\r\nIllustrations:\r\nJanvier: Larinioides sclopetarius\r\nF\u00e9vrier: Phaonia pallida\r\nMars: Pyrrhocoris apterus\r\nAvril: Adelphocoris \r\nMai: Cardinal rouge\r\nJuin: Mouche noire\r\nJuillet: Pyrrhocoris apterus\r\nAo\u00fbt: Mouche bleue\r\nSeptembre: Coccinelle\r\nOctobre: Psilothrix viridicoerulea\r\nNovembre: Gu\u00eape attaqu\u00e9e par une araign\u00e9e\r\nD\u00e9cembre: Tipula\r\n\r\nQUALITATIF - un calendrier annuel de qualit\u00e9 sup\u00e9rieure avec 12 magnifiques motifs, sur papier d'impression photo, avec une reliure spirale robuste et un crochet de suspension.\r\nDURABLE - r\u00e9duction significative des d\u00e9chets gr\u00e2ce \u00e0 une fabrication sur papier certifi\u00e9 FSC \u00e0 l'unit\u00e9 et sur demande, production dans l'UE, logistique \u00e9cologique.\r\nCADEAU ID\u00c9AL - destin\u00e9 \u00e0 vos contacts priv\u00e9s ou professionnels, \u00e0 la famille ou aux amis, aux jeunes adultes ou aux moins jeunes,  pour un cadeau de No\u00ebl ou d'anniversaire ou juste pour le plaisir d'offrir.\r\nDIVERSIFI\u00c9 - de nombreux formats DIN A4 ou DIN A3, pour s'adapter \u00e0 toutes vos envies et vos cadres de vie.\r\nR\u00f4le crucial des insectes r\u00e9gulateurs dans le maintien de l'\u00e9quilibre \u00e9cologique. par l'auteur(rice): thierry planche","authors":["Thierry Planche"],"category_codes":["6000000","6070000","6070200"],"visuals":{"large":"https:\/\/images.epagine.fr\/349\/9783516526349_1_75.jpg","medium":"https:\/\/images.epagine.fr\/349\/9783516526349_1_m.jpg","thumbnail":"https:\/\/images.epagine.fr\/349\/9783516526349_1_v.jpg"},"orderable":true,"show_badge":true,"formatted_price":"0,00&nbsp;\u20ac","formatted_published_date":"14 mai 2025","publisher_availability_label":"Sur commande","short_details":"Thierry Planche \u2014 CALVENDO","translator":null,"weight":460,"page_count":14,"readership":null,"editor":"CALVENDO","price":0,"published_date":"2025-05-13T22:00:00.000000Z","support":"Calendrier","publisher_availability":1,"stock":0,"editions":[],"url":"https:\/\/quaidesbrumes.com\/ouvrage\/9783516526349\/les-gardiens-des-ecosystemes-calendrier-mural-2026-din-a3-vertical-calvendo-calendrier-mensuel-role-crucial-des-insectes-regulateurs-dans-le-maintien-de-lequilibre-ecologique"},{"id":"9783516526585","title":"Les \u00eeles mythiques de Gr\u00e8ce - MILOS (Calendrier mural 2026 DIN A2 vertical), CALVENDO calendrier mensuel : Milos, l'une des \u00eeles les plus mythiques de Gr\u00e8ce, avec ses paysages uniques, sa riche histoire et ses plages paradisiaques.","description":"Milos est une \u00eele o\u00f9 la mythologie et la nature se rencontrent. Son h\u00e9ritage historique, ses plages enchanteresses et ses villages pittoresques en font une destination magique, loin du tourisme de masse. Chaque coin de l'\u00eele raconte une histoire, que ce soit \u00e0 travers ses monuments antiques, ses formations g\u00e9ologiques uniques ou la simplicit\u00e9 de sa vie insulaire.\r\n\r\nCalendrier mural de qualit\u00e9 sup\u00e9rieure avec 12 magnifiques photos. L'environnement nous tient \u00e0 coeur. C'est pourquoi nous utilisons exclusivement du papier certifi\u00e9 FSC provenant de for\u00eats g\u00e9r\u00e9es de mani\u00e8re \u00e9coresponsable. Nous \u00e9vitons la surproduction et donc des quantit\u00e9s significatives de d\u00e9chets, en produisant dans l'UE \u00e0 l'unit\u00e9 et sur demande. Nous r\u00e9duisons nos distances de transport et assurons une logistique respectueuse de l'environnement.\r\n\r\n14 pages dont 1 couverture | 12 pages mensuelles | 1 page d'index | dos cartonn\u00e9\r\n\r\nCe calendrier \u00e0 succ\u00e8s a \u00e9t\u00e9 r\u00e9\u00e9dit\u00e9 cette ann\u00e9e avec les m\u00eames images et une grille calendaire mise \u00e0 jour.\r\n\r\nIllustrations:\r\nJanvier: Petit village de p\u00eacheurs aux milles couleurs\r\nF\u00e9vrier: Le vol des mouettes de la mer Eg\u00e9e\r\nMars: Un coin calme pour se d\u00e9tendre\r\nAvril: Une petite sieste quand il fait chaud\r\nMai: Les poulpes pour accompagner l'ouzo du soir\r\nJuin: La place du village est d\u00e9cor\u00e9e de drapeaux\r\nJuillet: Les vagues et la mer turquoise en vue a\u00e9rienne \r\nAo\u00fbt: Village pittoresque aux couleurs vives\r\nSeptembre: Aphrodite (V\u00e9nus) de Milos\r\nOctobre: Vieux moulins endommag\u00e9s par le temps\r\nNovembre: Vue a\u00e9rienne d'un bateau \u00e0 la mer turquoise\r\nD\u00e9cembre: Coucher de soleil parmi les \u00eeles de la mer \u00c9g\u00e9e\r\n\r\nQUALITATIF - un calendrier annuel de qualit\u00e9 sup\u00e9rieure avec 12 magnifiques motifs, sur papier d'impression photo, avec une reliure spirale robuste et un crochet de suspension.\r\nDURABLE - r\u00e9duction significative des d\u00e9chets gr\u00e2ce \u00e0 une fabrication sur papier certifi\u00e9 FSC \u00e0 l'unit\u00e9 et sur demande, production dans l'UE, logistique \u00e9cologique.\r\nCADEAU ID\u00c9AL - destin\u00e9 \u00e0 vos contacts priv\u00e9s ou professionnels, \u00e0 la famille ou aux amis, aux jeunes adultes ou aux moins jeunes,  pour un cadeau de No\u00ebl ou d'anniversaire ou juste pour le plaisir d'offrir.\r\nDIVERSIFI\u00c9 - de nombreux formats DIN A4 ou DIN A3, pour s'adapter \u00e0 toutes vos envies et vos cadres de vie.\r\nMilos, l'une des \u00eeles les plus mythiques de Gr\u00e8ce, avec ses paysages uniques, sa riche histoire et ses plages paradisiaques. par l'auteur(rice): LivePics by Lena Iliopoulou","authors":["Lena Iliopoulou"],"category_codes":["6000000","6070000","6070200"],"visuals":{"large":"https:\/\/images.epagine.fr\/585\/9783516526585_1_75.jpg","medium":"https:\/\/images.epagine.fr\/585\/9783516526585_1_m.jpg","thumbnail":"https:\/\/images.epagine.fr\/585\/9783516526585_1_v.jpg"},"orderable":true,"show_badge":true,"formatted_price":"0,00&nbsp;\u20ac","formatted_published_date":"14 mai 2025","publisher_availability_label":"Sur commande","short_details":"Lena Iliopoulou \u2014 CALVENDO","translator":null,"weight":940,"page_count":14,"readership":null,"editor":"CALVENDO","price":0,"published_date":"2025-05-13T22:00:00.000000Z","support":"Calendrier","publisher_availability":1,"stock":0,"editions":[],"url":"https:\/\/quaidesbrumes.com\/ouvrage\/9783516526585\/les-iles-mythiques-de-grece-milos-calendrier-mural-2026-din-a2-vertical-calvendo-calendrier-mensuel-milos-lune-des-iles-les-plus-mythiques-de-grece-avec-ses-paysages-uniques-sa-riche-histoire-et-ses-plages-paradisiaques"},{"id":"9783516526622","title":"Une Bretagne unique (Calendrier mural 2026 DIN A2 vertical), CALVENDO calendrier mensuel : Un calendrier avec des motifs extraordinaires de la Bretagne","description":"D\u00e9couvrez la beaut\u00e9 sauvage de la Bretagne avec notre calendrier photo exclusif ! Chaque mois, laissez-vous emporter par des paysages \u00e0 couper le souffle, des c\u00f4tes d\u00e9chiquet\u00e9es aux villages pittoresques, en passant par les phares majestueux et les plages infinies. Nos photos capturent l'essence de cette r\u00e9gion unique, o\u00f9 la nature rencontre l'histoire et o\u00f9 la lumi\u00e8re changeante cr\u00e9e des sc\u00e8nes inoubliables. Ce calendrier est une invitation \u00e0 voyager au coeur de la Bretagne tout en restant chez vous. Parfait pour les amoureux de la nature, les passionn\u00e9s de photographie et tous celles et ceux qui souhaitent s'\u00e9vader dans un coin de France authentique et inspirant.\r\n\r\nCalendrier mural de qualit\u00e9 sup\u00e9rieure avec 12 magnifiques photos. L'environnement nous tient \u00e0 coeur. C'est pourquoi nous utilisons exclusivement du papier certifi\u00e9 FSC provenant de for\u00eats g\u00e9r\u00e9es de mani\u00e8re \u00e9coresponsable. Nous \u00e9vitons la surproduction et donc des quantit\u00e9s significatives de d\u00e9chets, en produisant dans l'UE \u00e0 l'unit\u00e9 et sur demande. Nous r\u00e9duisons nos distances de transport et assurons une logistique respectueuse de l'environnement.\r\n\r\n14 pages dont 1 couverture | 12 pages mensuelles | 1 page d'index | dos cartonn\u00e9\r\n\r\nCe calendrier \u00e0 succ\u00e8s a \u00e9t\u00e9 r\u00e9\u00e9dit\u00e9 cette ann\u00e9e avec les m\u00eames images et une grille calendaire mise \u00e0 jour.\r\n\r\nIllustrations:\r\nJanvier: Phare de Saint - Mathieu\r\nF\u00e9vrier: Phare de Ploumanac'h\r\nMars: Camaret Sur Mer\r\nAvril: Phare du Petit Minou\r\nMai: Le Gouffre\r\nJuin: Saint-Michel de la Roche au Nay\r\nJuillet: Vo\u00fbte Phare de Saint - Mathieu\r\nAo\u00fbt: Le Gouffre\r\nSeptembre: Mont-Saint-Michel\r\nOctobre: Rochefort en terre\r\nNovembre: Mont-Saint-Michel\r\nD\u00e9cembre: Camaret-Sur-mer\r\n\r\nQUALITATIF - un calendrier annuel de qualit\u00e9 sup\u00e9rieure avec 12 magnifiques motifs, sur papier d'impression photo, avec une reliure spirale robuste et un crochet de suspension.\r\nDURABLE - r\u00e9duction significative des d\u00e9chets gr\u00e2ce \u00e0 une fabrication sur papier certifi\u00e9 FSC \u00e0 l'unit\u00e9 et sur demande, production dans l'UE, logistique \u00e9cologique.\r\nCADEAU ID\u00c9AL - destin\u00e9 \u00e0 vos contacts priv\u00e9s ou professionnels, \u00e0 la famille ou aux amis, aux jeunes adultes ou aux moins jeunes,  pour un cadeau de No\u00ebl ou d'anniversaire ou juste pour le plaisir d'offrir.\r\nDIVERSIFI\u00c9 - de nombreux formats DIN A4 ou DIN A3, pour s'adapter \u00e0 toutes vos envies et vos cadres de vie.\r\nUn calendrier avec des motifs extraordinaires de la Bretagne par l'auteur(rice): Charles Schrader","authors":["Collectif"],"category_codes":["6000000","6070000","6070200"],"visuals":{"large":"https:\/\/images.epagine.fr\/622\/9783516526622_1_75.jpg","medium":"https:\/\/images.epagine.fr\/622\/9783516526622_1_m.jpg","thumbnail":"https:\/\/images.epagine.fr\/622\/9783516526622_1_v.jpg"},"orderable":true,"show_badge":true,"formatted_price":"0,00&nbsp;\u20ac","formatted_published_date":"14 mai 2025","publisher_availability_label":"Sur commande","short_details":"Collectif \u2014 CALVENDO","translator":null,"weight":940,"page_count":14,"readership":null,"editor":"CALVENDO","price":0,"published_date":"2025-05-13T22:00:00.000000Z","support":"Calendrier","publisher_availability":1,"stock":0,"editions":[],"url":"https:\/\/quaidesbrumes.com\/ouvrage\/9783516526622\/une-bretagne-unique-calendrier-mural-2026-din-a2-vertical-calvendo-calendrier-mensuel-un-calendrier-avec-des-motifs-extraordinaires-de-la-bretagne"},{"id":"9783516526745","title":"Les gardiens des \u00e9cosyst\u00e8mes (Calendrier mural 2026 DIN A2 vertical), CALVENDO calendrier mensuel : R\u00f4le crucial des insectes r\u00e9gulateurs dans le maintien de l'\u00e9quilibre \u00e9cologique.","description":"Ces gendarmes, comme les insectes pr\u00e9dateurs et d\u00e9composeurs, participent \u00e0 la r\u00e9gulation des populations d'autres organismes nuisibles, \u00e0 la d\u00e9composition de la mati\u00e8re organique et \u00e0 la fertilisation des sols. Ils sont indispensables \u00e0 la biodiversit\u00e9 et \u00e0 la sant\u00e9 des \u00e9cosyst\u00e8mes, jouant un r\u00f4le similaire \u00e0 celui de gardiens naturels, contr\u00f4lant et stabilisant l'environnement pour \u00e9viter les d\u00e9s\u00e9quilibres \u00e9cologiques.\r\n\r\nCalendrier mural de qualit\u00e9 sup\u00e9rieure avec 12 magnifiques photos. L'environnement nous tient \u00e0 coeur. C'est pourquoi nous utilisons exclusivement du papier certifi\u00e9 FSC provenant de for\u00eats g\u00e9r\u00e9es de mani\u00e8re \u00e9coresponsable. Nous \u00e9vitons la surproduction et donc des quantit\u00e9s significatives de d\u00e9chets, en produisant dans l'UE \u00e0 l'unit\u00e9 et sur demande. Nous r\u00e9duisons nos distances de transport et assurons une logistique respectueuse de l'environnement.\r\n\r\n14 pages dont 1 couverture | 12 pages mensuelles | 1 page d'index | dos cartonn\u00e9\r\n\r\nCe calendrier \u00e0 succ\u00e8s a \u00e9t\u00e9 r\u00e9\u00e9dit\u00e9 cette ann\u00e9e avec les m\u00eames images et une grille calendaire mise \u00e0 jour.\r\n\r\nIllustrations:\r\nJanvier: Larinioides sclopetarius\r\nF\u00e9vrier: Phaonia pallida\r\nMars: Pyrrhocoris apterus\r\nAvril: Adelphocoris \r\nMai: Cardinal rouge\r\nJuin: Mouche noire\r\nJuillet: Pyrrhocoris apterus\r\nAo\u00fbt: Mouche bleue\r\nSeptembre: Coccinelle\r\nOctobre: Psilothrix viridicoerulea\r\nNovembre: Gu\u00eape attaqu\u00e9e par une araign\u00e9e\r\nD\u00e9cembre: Tipula\r\n\r\nQUALITATIF - un calendrier annuel de qualit\u00e9 sup\u00e9rieure avec 12 magnifiques motifs, sur papier d'impression photo, avec une reliure spirale robuste et un crochet de suspension.\r\nDURABLE - r\u00e9duction significative des d\u00e9chets gr\u00e2ce \u00e0 une fabrication sur papier certifi\u00e9 FSC \u00e0 l'unit\u00e9 et sur demande, production dans l'UE, logistique \u00e9cologique.\r\nCADEAU ID\u00c9AL - destin\u00e9 \u00e0 vos contacts priv\u00e9s ou professionnels, \u00e0 la famille ou aux amis, aux jeunes adultes ou aux moins jeunes,  pour un cadeau de No\u00ebl ou d'anniversaire ou juste pour le plaisir d'offrir.\r\nDIVERSIFI\u00c9 - de nombreux formats DIN A4 ou DIN A3, pour s'adapter \u00e0 toutes vos envies et vos cadres de vie.\r\nR\u00f4le crucial des insectes r\u00e9gulateurs dans le maintien de l'\u00e9quilibre \u00e9cologique. par l'auteur(rice): thierry planche","authors":["Thierry Planche"],"category_codes":["6000000","6070000","6070200"],"visuals":{"large":"https:\/\/images.epagine.fr\/745\/9783516526745_1_75.jpg","medium":"https:\/\/images.epagine.fr\/745\/9783516526745_1_m.jpg","thumbnail":"https:\/\/images.epagine.fr\/745\/9783516526745_1_v.jpg"},"orderable":true,"show_badge":true,"formatted_price":"0,00&nbsp;\u20ac","formatted_published_date":"14 mai 2025","publisher_availability_label":"Sur commande","short_details":"Thierry Planche \u2014 CALVENDO","translator":null,"weight":940,"page_count":14,"readership":null,"editor":"CALVENDO","price":0,"published_date":"2025-05-13T22:00:00.000000Z","support":"Calendrier","publisher_availability":1,"stock":0,"editions":[],"url":"https:\/\/quaidesbrumes.com\/ouvrage\/9783516526745\/les-gardiens-des-ecosystemes-calendrier-mural-2026-din-a2-vertical-calvendo-calendrier-mensuel-role-crucial-des-insectes-regulateurs-dans-le-maintien-de-lequilibre-ecologique"},{"id":"9783516526875","title":"Les \u00eeles mythiques de Gr\u00e8ce - MILOS (Calendrier de bureau 2026 DIN A5 vertical), CALVENDO calendrier mensuel : Milos, l'une des \u00eeles les plus mythiques de Gr\u00e8ce, avec ses paysages uniques, sa riche histoire et ses plages paradisiaques.","description":"Milos est une \u00eele o\u00f9 la mythologie et la nature se rencontrent. Son h\u00e9ritage historique, ses plages enchanteresses et ses villages pittoresques en font une destination magique, loin du tourisme de masse. Chaque coin de l'\u00eele raconte une histoire, que ce soit \u00e0 travers ses monuments antiques, ses formations g\u00e9ologiques uniques ou la simplicit\u00e9 de sa vie insulaire.\r\n\r\nCalendrier de bureau de qualit\u00e9 sup\u00e9rieure avec 12 magnifiques photos. L'environnement nous tient \u00e0 coeur. C'est pourquoi nous utilisons exclusivement du papier certifi\u00e9 FSC provenant de for\u00eats g\u00e9r\u00e9es de mani\u00e8re \u00e9coresponsable. Nous \u00e9vitons la surproduction et donc des quantit\u00e9s significatives de d\u00e9chets, en produisant dans l'UE \u00e0 l'unit\u00e9 et sur demande. Nous r\u00e9duisons nos distances de transport et assurons une logistique respectueuse de l'environnement.\r\n\r\n14 pages dont 1 couverture | 12 pages mensuelles | 1 page d'index I dos cartonn\u00e9.\r\n\r\nCe calendrier \u00e0 succ\u00e8s a \u00e9t\u00e9 r\u00e9\u00e9dit\u00e9 cette ann\u00e9e avec les m\u00eames images et une grille calendaire mise \u00e0 jour.\r\n\r\nIllustrations:\r\nJanvier: Petit village de p\u00eacheurs aux milles couleurs\r\nF\u00e9vrier: Le vol des mouettes de la mer Eg\u00e9e\r\nMars: Un coin calme pour se d\u00e9tendre\r\nAvril: Une petite sieste quand il fait chaud\r\nMai: Les poulpes pour accompagner l'ouzo du soir\r\nJuin: La place du village est d\u00e9cor\u00e9e de drapeaux\r\nJuillet: Les vagues et la mer turquoise en vue a\u00e9rienne \r\nAo\u00fbt: Village pittoresque aux couleurs vives\r\nSeptembre: Aphrodite (V\u00e9nus) de Milos\r\nOctobre: Vieux moulins endommag\u00e9s par le temps\r\nNovembre: Vue a\u00e9rienne d'un bateau \u00e0 la mer turquoise\r\nD\u00e9cembre: Coucher de soleil parmi les \u00eeles de la mer \u00c9g\u00e9e\r\n\r\nQUALITATIF - un calendrier annuel de qualit\u00e9 sup\u00e9rieure avec 12 magnifiques motifs, sur papier d'impression photo, avec une reliure spirale robuste.\r\nDURABLE - r\u00e9duction significative des d\u00e9chets gr\u00e2ce \u00e0 une fabrication sur papier certifi\u00e9 FSC \u00e0 l'unit\u00e9 et sur demande, production dans l'UE, logistique \u00e9cologique.\r\nCADEAU ID\u00c9AL - destin\u00e9 \u00e0 vos contacts priv\u00e9s ou professionnels, \u00e0 la famille ou aux amis, aux jeunes adultes ou aux moins jeunes,  pour un cadeau de No\u00ebl ou d'anniversaire ou juste pour le plaisir d'offrir.\r\nDIVERSIFI\u00c9 - de nombreux formats DIN A4 ou DIN A3, pour s'adapter \u00e0 toutes vos envies et vos cadres de vie.\r\nMilos, l'une des \u00eeles les plus mythiques de Gr\u00e8ce, avec ses paysages uniques, sa riche histoire et ses plages paradisiaques. par l'auteur(rice): LivePics by Lena Iliopoulou","authors":["Lena Iliopoulou"],"category_codes":["6000000","6070000","6070200"],"visuals":{"large":"https:\/\/images.epagine.fr\/875\/9783516526875_1_75.jpg","medium":"https:\/\/images.epagine.fr\/875\/9783516526875_1_m.jpg","thumbnail":"https:\/\/images.epagine.fr\/875\/9783516526875_1_v.jpg"},"orderable":true,"show_badge":true,"formatted_price":"0,00&nbsp;\u20ac","formatted_published_date":"14 mai 2025","publisher_availability_label":"Sur commande","short_details":"Lena Iliopoulou \u2014 CALVENDO","translator":null,"weight":165,"page_count":14,"readership":null,"editor":"CALVENDO","price":0,"published_date":"2025-05-13T22:00:00.000000Z","support":"Calendrier","publisher_availability":1,"stock":0,"editions":[],"url":"https:\/\/quaidesbrumes.com\/ouvrage\/9783516526875\/les-iles-mythiques-de-grece-milos-calendrier-de-bureau-2026-din-a5-vertical-calvendo-calendrier-mensuel-milos-lune-des-iles-les-plus-mythiques-de-grece-avec-ses-paysages-uniques-sa-riche-histoire-et-ses-plages-paradisiaques"}]}