{"data":[{"id":"9783959058643","title":"Jonathan schmidt-ott : st.gil \/anglais","description":null,"authors":["Feireiss Lukas","Reed"],"category_codes":["6000000","6070000","6070200"],"visuals":{"large":"https:\/\/images.epagine.fr\/643\/9783959058643_1_75.jpg","medium":"https:\/\/images.epagine.fr\/643\/9783959058643_1_m.jpg","thumbnail":"https:\/\/images.epagine.fr\/643\/9783959058643_1_v.jpg"},"orderable":true,"show_badge":true,"formatted_price":"52,00&nbsp;\u20ac","formatted_published_date":"2 juillet 2024","publisher_availability_label":"Sur commande","short_details":"Feireiss Lukas, Reed \u2014 Spector Books","translator":null,"weight":1101,"page_count":null,"readership":null,"editor":"Spector Books","price":5200,"published_date":"2024-07-01T22:00:00.000000Z","support":"Grand format","publisher_availability":1,"stock":0,"editions":[],"url":"https:\/\/quaidesbrumes.com\/ouvrage\/9783959058643\/jonathan-schmidt-ott-stgil-anglais"},{"id":"9781984859297","title":"Black archives : a photographic celebration of black lives","description":"A photographic celebration and exploration of Black identity and experience through the twentieth century from the founder and curator of the hit multimedia platform Black Archives.\r\n\r\n\"A spell-binding visual narrativization of family, culture, and history.\"--Thelma Golden, director and chief curator of the Studio Museum in Harlem Renata Cherlise's family loved capturing their lives in photographs and home movies, sparking her love of archival photography. Following in her family's footsteps, Cherlise established Black Archives, which presents a nuanced representation of Black people across time living vibrant, ordinary lives. Through the platform, many have discovered and shared images of themselves and their loved ones experiencing daily life, forming multidimensional portraits of people, places, and the Black community. These photographs not only tell captivating stories, they hold space for collective memory and kinship.\r\n\r\nBlack Archives is a stunning collection of timeless images that tell powerful, joyful stories of everyday life and shed light on Black culture's dynamic, enduring influence through the generations. The images showcase reunions, nights out on the town, parents and children, church and school functions, holidays, big life events, family vacations, moments at home, and many more occasions of leisure, excitement, reflection, and pride.\r\n\r\nFeaturing more than three hundred images that spotlight the iconic and the candid, Black Archives offers a nuanced compendium of Black memory and imagination.","authors":["Renata Cherlise"],"category_codes":["6000000","6070000","6070200","6070204"],"visuals":{"large":"https:\/\/images.epagine.fr\/297\/9781984859297_1_75.jpg","medium":"https:\/\/images.epagine.fr\/297\/9781984859297_1_m.jpg","thumbnail":"https:\/\/images.epagine.fr\/297\/9781984859297_1_v.jpg"},"orderable":true,"show_badge":true,"formatted_price":"39,00&nbsp;\u20ac","formatted_published_date":"14 f\u00e9vrier 2023","publisher_availability_label":"Sur commande","short_details":"Renata Cherlise \u2014 Random House US","translator":null,"weight":567,"page_count":288,"readership":null,"editor":"Random House US","price":3900,"published_date":"2023-02-13T23:00:00.000000Z","support":"Grand format","publisher_availability":1,"stock":0,"editions":[],"url":"https:\/\/quaidesbrumes.com\/ouvrage\/9781984859297\/black-archives-a-photographic-celebration-of-black-lives"},{"id":"9782322622832","title":"Les f\u00eates maritimes de Granville : The Maritime Festival of Granville (Manche, Normandy, France)","description":"Les f\u00eates maritimes de Granville sont un \u00e9v\u00e9nement majeur qui rend hommage \u00e0 l'h\u00e9ritage maritime et \u00e0 l'histoire de la ville. Ces festivit\u00e9s c\u00e9l\u00e8brent avec passion un patrimoine vivant et historique, en mettant \u00e0 l'honneur la mer et ses traditions. Chaque ann\u00e9e, le festival des Voiles de Travail r\u00e9unit des voiliers majestueux, des bateaux de p\u00eache traditionnels et des yachts classiques. Parmi eux, des embarcations embl\u00e9matiques telles que la Granvillaise, la Cancalaise, le Marit\u00e9, El Galeon, l'\u00c9toile de France, l'\u00c9toile du Roy, l'\u00c9toile Mol\u00e8ne, Le Fran\u00e7ais, le Lys Noir, le Ruth, la croix du Sud III, le Grand L\u00e9jon, le Foudroyant, le Shtandart, le Courrier des Isles, la Belle Poule, Fleur de Lampaul, la Pauline de Dahouet, la Louise, la Sainte-Jeanne, la Neire M\u00e2ove, le Charles Marie, et bien d'autres.\r\nThe maritime festival of Granville are a major event that pays tribute to the town's maritime heritage and history. These festivities passionately celebrate a living and historical legacy, highlighting the sea and its traditions. Each year, the Voiles de Travail festival brings together majestic sailing ships, tradtional fishing boats, and classic yachts. Among them are iconic vessels such as the Granvillaise, the Cancalaise, the Marit\u00e9, El Galeon, \u00c9toile de France, \u00c9toile du Roy, \u00c9toile Mol\u00e8ne, Le Fran\u00e7ais, Lys Noir, Ruth, Croix du sud III, Grand L\u00e9jon, Foudroyant, Shtandart, Courrier des Isles, Belle Poule, Fleur de Lampaul, Pauline de Dahouet, Louise, Sainte-Jeanne, Neire M\u00e2ove, Charles Marie, and many more.","authors":["Jo\u00ebl Douillet"],"category_codes":["6000000","6070000","6070200"],"visuals":{"large":"https:\/\/images.epagine.fr\/832\/9782322622832_1_75.jpg","medium":"https:\/\/images.epagine.fr\/832\/9782322622832_1_m.jpg","thumbnail":"https:\/\/images.epagine.fr\/832\/9782322622832_1_v.jpg"},"orderable":true,"show_badge":true,"formatted_price":"28,99&nbsp;\u20ac","formatted_published_date":"29 septembre 2025","publisher_availability_label":"Sur commande","short_details":"Jo\u00ebl Douillet \u2014 Books on Demand","translator":null,"weight":271,"page_count":56,"readership":null,"editor":"Books on Demand","price":2899,"published_date":"2025-09-28T22:00:00.000000Z","support":"Grand format","publisher_availability":1,"stock":0,"editions":[],"url":"https:\/\/quaidesbrumes.com\/ouvrage\/9782322622832\/les-fetes-maritimes-de-granville-the-maritime-festival-of-granville-manche-normandy-france"},{"id":"9780593580127","title":"Corky Lee's Asian America","description":"Known throughout his lifestyime as the \u00abundisputed, unofficial Asian American photographer laureate,\u00bb the late photojournalist Corky Lee documented Asian American and Pacific Islander communities for fifty years, breaking the stereotype of Asian Americans as docile, passive, and, above all, foreign to this country. Corky Lee's Asian America is a stunning retrospective of his life's work--a selection of the best photographs from his vast collection, from his start in New York's Chinatown in the 1970s to his coverage of diverse Asian American communities across the country until his untimely passing in 2021.\r\n\r\nCorky Lee's Asian America traces Lee's decades-long quest for photographic justice, following Asian American social movements for recognition and rights alongside his artistic development as an activist social photographer. Iconic photographs feature protests against police brutality in New York in the 1970s, a Sikh man draped in an American flag after 9\/11, and a reenactment of the completion of the transcontinental railroad of 1869 featuring descendants of Chinese railroad workers, and his last photos of community life and struggle during the coronavirus pandemic. Asian American writers, artists, activists, and friends of Lee reflect on his life and career and provide rich historical and cultural context to his photographs, including a foreword from writer Hua Hsu and contributions from artist Ai Weiwei, filmmaker Ren\u00e9e Tajima-Pe\u00f1a, writer Helen Zia, photographer Alan Chin, historian Gordon Chang, playwright David Henry Hwang, and more.\r\n\r\nFeaturing never-before-seen photographs alongside his best-known images, Corky Lee's Asian America represents Lee's mission to chronicle a history of inclusion, resistance, ethnic pride, and patriotism. This is a remarkable documentation of vital moments in Asian American history and a timely reminder that it's also a history that we continue to make.","authors":["Lee Corky"],"category_codes":["6000000","6070000","6070200","6070205"],"visuals":{"large":"https:\/\/images.epagine.fr\/127\/9780593580127_1_75.jpg","medium":"https:\/\/images.epagine.fr\/127\/9780593580127_1_m.jpg","thumbnail":"https:\/\/images.epagine.fr\/127\/9780593580127_1_v.jpg"},"orderable":true,"show_badge":true,"formatted_price":"56,00&nbsp;\u20ac","formatted_published_date":"4 avril 2024","publisher_availability_label":"Sur commande","short_details":"Lee Corky \u2014 Random House US","translator":null,"weight":566,"page_count":320,"readership":null,"editor":"Random House US","price":5600,"published_date":"2024-04-03T22:00:00.000000Z","support":"Grand format","publisher_availability":1,"stock":0,"editions":[],"url":"https:\/\/quaidesbrumes.com\/ouvrage\/9780593580127\/corky-lees-asian-america"},{"id":"9782385891183","title":"Les enfants du Cambodge \/ Children of Cambodia","description":"Ce livre est n\u00e9 de ma rencontre avec la journaliste Tina Kieffer, fondatrice de l'association Toutes \u00e0 l'\u00e9cole. En 2016, j'ai \u00e9t\u00e9 touch\u00e9 et convaincu par son action en faveur des petites filles au Cambodge, en leur offrant un acc\u00e8s \u00e0 la scolarit\u00e9. Je lui ai alors propos\u00e9 de partir d\u00e9couvrir son association \u00e0 ses c\u00f4t\u00e9s. Issues de familles trop pauvres pour les envoyer \u00e0 l'\u00e9cole, orphelines, parfois m\u00eame en danger \u00e0 cause des r\u00e9seaux p\u00e9docriminels, ces enfants trouvent en Toutes \u00e0 l'\u00e9cole un havre de paix o\u00f9 elles peuvent recevoir une \u00e9ducation de haut niveau et aspirer \u00e0 un avenir meilleur. Sur place, j'ai photographi\u00e9 leur quotidien, ainsi que celui des villages dont elles sont originaires, afin de mieux comprendre les probl\u00e9matiques locales. J'ai \u00e9galement document\u00e9 la vie \u00e0 Phnom Penh, la capitale, o\u00f9 de nombreux enfants sont livr\u00e9s \u00e0 eux-m\u00eames. Et cette exp\u00e9rience m'a donn\u00e9 l'envie de concevoir ce livre. 50% des droits d'auteurs revers\u00e9 \u00e0 Toutes \u00e0 l'\u00e9cole Si ce livre a pour premi\u00e8re vocation de mettre en lumi\u00e8re la r\u00e9alit\u00e9 quotidienne de ces enfants cambodgiens, je souhaitais aller plus loin et avoir un impact concret sur leurs conditions de vie. C'est pourquoi une partie des ventes sera revers\u00e9e \u00e0 l'association, afin d'aider Toutes \u00e0 l'\u00e9cole \u00e0 am\u00e9liorer les infrastructures scolaires, fournir des biens de premi\u00e8re n\u00e9cessit\u00e9 et, plus largement, contribuer \u00e0 leur bien-\u00eatre. Une initiative \u00e0 laquelle Dashbook a \u00e9galement choisi de s'associer en reversant 1 \u20ac par vente r\u00e9alis\u00e9e \u00e0 l'association. -- This book was born from my encounter with journalist Tina Kieffer, founder of the association Toutes \u00e0 l'\u00e9cole. In 2016, I was deeply moved and convinced by her work supporting young girls in Cambodia by providing them access to education. I then proposed to join her in discovering her association. Coming from families too poor to send them to school, orphaned, and sometimes even at risk due to child trafficking networks, these children find a safe haven at Toutes \u00e0 l'\u00e9cole, where they can receive a high-level education and aspire to a better future. While there, I photographed their daily lives, as well as the villages they come from, to better understand the local challenges. I also documented life in Phnom Penh, the capital, where many children are left to fend for themselves. This experience inspired me to create this book. 50% of the author royalties will be donated to Toutes \u00e0 l'\u00e9cole. While the primary goal of this book is to shed light on the daily reality of these Cambodian children, I wanted to go further and have a tangible impact on their living conditions. That's why a portion of the sales will be donated to the association to help improve school infrastructure, provide essential goods, and more broadly contribute to their well-being. An initiative that Dashbook has also joined, donating \u20ac1 per sale to the association.\r\n","authors":["Gr\u00e9gory Herpe","Tina Kieffer","Vera Kempf"],"category_codes":["6000000","6070000","6070200"],"visuals":{"large":"https:\/\/images.epagine.fr\/183\/9782385891183_1_75.jpg","medium":"https:\/\/images.epagine.fr\/183\/9782385891183_1_m.jpg","thumbnail":"https:\/\/images.epagine.fr\/183\/9782385891183_1_v.jpg"},"orderable":true,"show_badge":true,"formatted_price":"44,90&nbsp;\u20ac","formatted_published_date":"7 octobre 2025","publisher_availability_label":"Sur commande","short_details":"Gr\u00e9gory Herpe, Tina Kieffer, Vera Kempf \u2014 DASHBOOK","translator":null,"weight":1090,"page_count":210,"readership":null,"editor":"DASHBOOK","price":4490,"published_date":"2025-10-06T22:00:00.000000Z","support":"Grand format","publisher_availability":1,"stock":0,"editions":[],"url":"https:\/\/quaidesbrumes.com\/ouvrage\/9782385891183\/les-enfants-du-cambodge-children-of-cambodia"},{"id":"9783969002209","title":"The Hunter from Ittoqqortoormiit : Tradition and Survival in Greenland","description":"La dure r\u00e9alit\u00e9 d'un chasseur d'ours polaires au Groenland Dans sa quatri\u00e8me publication chez Kehrer Verlag, le photographe islandais Ragnar Axelsson pr\u00e9sente un r\u00e9cit visuel poignant d'un mode de vie en voie de disparition dans l'un des \u00e9tablissements les plus isol\u00e9s du monde. Sur une p\u00e9riode de trente-cinq ans, Axelsson a document\u00e9 la vie de Hjelmer Hammeken, un chasseur d'Ittoqqortoormiit, un village nich\u00e9 au bord du vaste fjord de Kangertittivaq au Groenland oriental. \u00c0 travers des photographies \u00e9vocatrices en noir et blanc, Axelsson capture les traditions durables des chasseurs de l'Arctique, leur lien profond avec la terre et les dures r\u00e9alit\u00e9s auxquelles ils sont confront\u00e9s face \u00e0 l'\u00e9volution des temps. Les images refl\u00e8tent la r\u00e9silience d'une communaut\u00e9 o\u00f9 la chasse n'est pas seulement un moyen de subsistance, mais un mode de vie, aujourd'hui re- mis en question par l'isolement, le changement climatique et les mutations socio-\u00e9conomiques. Le travail d'Axelsson a \u00e9t\u00e9 reconnu internationalement, notamment avec des distinctions du Leica Oskar Barnack Award et du Prix Pictet.","authors":["Ragnar Axelssona"],"category_codes":["6000000","6070000","6070200","6070205"],"visuals":{"large":"https:\/\/images.epagine.fr\/209\/9783969002209_1_75.jpg","medium":"https:\/\/images.epagine.fr\/209\/9783969002209_1_m.jpg","thumbnail":"https:\/\/images.epagine.fr\/209\/9783969002209_1_v.jpg"},"orderable":true,"show_badge":true,"formatted_price":"84,00&nbsp;\u20ac","formatted_published_date":"10 octobre 2025","publisher_availability_label":"Sur commande","short_details":"Ragnar Axelssona \u2014 Kehrer","translator":null,"weight":1000,"page_count":240,"readership":null,"editor":"Kehrer","price":8400,"published_date":"2025-10-09T22:00:00.000000Z","support":"Beaux-livres","publisher_availability":1,"stock":0,"editions":[],"url":"https:\/\/quaidesbrumes.com\/ouvrage\/9783969002209\/the-hunter-from-ittoqqortoormiit-tradition-and-survival-in-greenland"},{"id":"9783969002216","title":"Frank Horvat India-Pakistan : The Birth of a Photographer","description":"Le d\u00e9but d'une carri\u00e8re r\u00e9volutionnaire : voyages photographiques \u00e0 travers l'Inde et le Pakistan Le c\u00e9l\u00e8bre photographe de mode Frank Horvat (1928 - 2020) a voyag\u00e9 pour la premi\u00e8re fois, \u00e0 l'\u00e2ge de vingt-cinq ans, en Inde et au Pakistan en 1952, apr\u00e8s avoir rencontr\u00e9 des soldats indiens en Suisse pendant la Seconde Guerre mondiale alors qu'il \u00e9tait un jeune r\u00e9fugi\u00e9 juif hongrois. Il est ensuite rest\u00e9 deux ans en Inde et au Pakistan et ses premi\u00e8res photographies ont \u00e9t\u00e9 publi\u00e9es en Europe et aux \u00c9tats-Unis. \u00c0 son retour, il \u00e9tait presque devenu c\u00e9l\u00e8bre avant m\u00eame de commencer sa carri\u00e8re de photographe de mode pionnier. Sa photographie de la mari\u00e9e prise au Pakistan en 1952 a notamment \u00e9t\u00e9 expos\u00e9e par Edward Steichen au MoMA de New York en 1955 dans le cadre de The Family of Man. En 1962, Horvat a fait un autre voyage en Inde. Ce livre pr\u00e9sente pour la premi\u00e8re fois une cen- taine de photographies en noir et blanc de ces deux voyages qu'il a effectu\u00e9s en Inde et au Pakistan, rencontrant les grands th\u00e8mes de l'humanit\u00e9 au d\u00e9but de son extraordinaire carri\u00e8re.","authors":["Frank Horvat","Peter Pfrunder","Karinne Lisbonne"],"category_codes":["6000000","6070000","6070200","6070205"],"visuals":{"large":"https:\/\/images.epagine.fr\/216\/9783969002216_1_75.jpg","medium":"https:\/\/images.epagine.fr\/216\/9783969002216_1_m.jpg","thumbnail":"https:\/\/images.epagine.fr\/216\/9783969002216_1_v.jpg"},"orderable":true,"show_badge":true,"formatted_price":"52,00&nbsp;\u20ac","formatted_published_date":"10 octobre 2025","publisher_availability_label":"Sur commande","short_details":"Frank Horvat, Peter Pfrunder, Karinne Lisbonne \u2014 Kehrer","translator":null,"weight":870,"page_count":176,"readership":null,"editor":"Kehrer","price":5200,"published_date":"2025-10-09T22:00:00.000000Z","support":"Beaux-livres","publisher_availability":1,"stock":0,"editions":[],"url":"https:\/\/quaidesbrumes.com\/ouvrage\/9783969002216\/frank-horvat-india-pakistan-the-birth-of-a-photographer"},{"id":"3663322134203","title":"Bizaphotofanzine n.11","description":"Yohan Serfaty (1972-2013), cr\u00e9ateur discret mais profond\u00e9ment respect\u00e9, a marqu\u00e9 la mode masculine par une approche sensorielle, organique, brute.\r\n Son oeuvre, hors des tendances, s'ancre dans une esth\u00e9tique sombre, architecturale et intellectuelle.\r\n Son exigence de v\u00e9rit\u00e9 et de mati\u00e8re continue d'inspirer.","authors":["Micha\u00ebl Serfaty"],"category_codes":["6000000","6070000","6070200"],"visuals":{"large":"https:\/\/images.epagine.fr\/203\/3663322134203_1_75.jpg","medium":"https:\/\/images.epagine.fr\/203\/3663322134203_1_m.jpg","thumbnail":"https:\/\/images.epagine.fr\/203\/3663322134203_1_v.jpg"},"orderable":true,"show_badge":true,"formatted_price":"14,90&nbsp;\u20ac","formatted_published_date":"8 octobre 2025","publisher_availability_label":"Sur commande","short_details":"Micha\u00ebl Serfaty \u2014 Arnaud Bizalion","translator":null,"weight":224,"page_count":76,"readership":null,"editor":"Arnaud Bizalion","price":1490,"published_date":"2025-10-07T22:00:00.000000Z","support":"Revue","publisher_availability":1,"stock":0,"editions":[],"url":"https:\/\/quaidesbrumes.com\/ouvrage\/3663322134203\/bizaphotofanzine-n11"},{"id":"9781426221873","title":"Secrets of the whales","description":"This provocative book of photography offers bold new insight into the lives of the world's largest mammals, along with their complex societies. In these pages, we learn that whales share an amazing ability to learn and adapt to opportunities, from specialized feeding strategies to parenting techniques. There is also evidence of deeper, cultural elements of whale identity, from unique dialects to matrilineal societies to organized social customs like singing contests. Featuring the arresting underwater images of Brian Skerry, who has explored and documented oceans for over four decades, this book will document these alluring creatures in all their glory--and demonstrate how these majestic creatures can teach us about ourselves and our planet.","authors":["Skerry"],"category_codes":["6000000","6070000","6070200","6070205"],"visuals":{"large":"https:\/\/images.epagine.fr\/873\/9781426221873_1_75.jpg","medium":"https:\/\/images.epagine.fr\/873\/9781426221873_1_m.jpg","thumbnail":"https:\/\/images.epagine.fr\/873\/9781426221873_1_v.jpg"},"orderable":true,"show_badge":true,"formatted_price":"39,00&nbsp;\u20ac","formatted_published_date":"6 avril 2021","publisher_availability_label":"Sur commande","short_details":"Skerry \u2014 Random House US","translator":null,"weight":801,"page_count":192,"readership":null,"editor":"Random House US","price":3900,"published_date":"2021-04-05T22:00:00.000000Z","support":"Grand format","publisher_availability":1,"stock":0,"editions":[],"url":"https:\/\/quaidesbrumes.com\/ouvrage\/9781426221873\/secrets-of-the-whales"},{"id":"9781426330728","title":"The ultimate book of sharks \/anglais","description":null,"authors":["Skerry"],"category_codes":["6000000","6070000","6070200"],"visuals":{"large":"https:\/\/quaidesbrumes.com\/img\/book-placeholder.png","medium":"https:\/\/quaidesbrumes.com\/img\/book-placeholder.png","thumbnail":"https:\/\/quaidesbrumes.com\/img\/book-placeholder.png"},"orderable":true,"show_badge":true,"formatted_price":"32,00&nbsp;\u20ac","formatted_published_date":"15 mai 2018","publisher_availability_label":"Sur commande","short_details":"Skerry \u2014 Random House US","translator":null,"weight":700,"page_count":null,"readership":null,"editor":"Random House US","price":3200,"published_date":"2018-05-14T22:00:00.000000Z","support":"Grand format","publisher_availability":1,"stock":0,"editions":[],"url":"https:\/\/quaidesbrumes.com\/ouvrage\/9781426330728\/the-ultimate-book-of-sharks-anglais"},{"id":"9780593703328","title":"Audrey Hepburn : A little golden book biography","description":"Help your little one dream big with a Little Golden Book biography about film legend and humanitarian, Audrey Hepburn. Little Golden Book biographies are the perfect introduction to nonfiction for young readers-as well as fans of all ages!\r\n\r\nThis Little Golden Book about Audrey Hepburn--the Medal of Freedom recipient, UNICEF Goodwill Ambassador, fashion icon, and star of Roman Holiday and Breakfast at Tiffany's--is an inspiring read-aloud for young children and fans of any age.\r\n\r\nLook for more Little Golden Book biographies:\r\nBetty White\r\nLucille Ball\r\nJulie Andrews\r\nIris Apfel\r\nHarry Belafonte\r\nCarol Burnett","authors":["Emily Easton"],"category_codes":["6000000","6070000","6070300","6070305"],"visuals":{"large":"https:\/\/images.epagine.fr\/328\/9780593703328_1_75.jpg","medium":"https:\/\/images.epagine.fr\/328\/9780593703328_1_m.jpg","thumbnail":"https:\/\/images.epagine.fr\/328\/9780593703328_1_v.jpg"},"orderable":true,"show_badge":true,"formatted_price":"7,00&nbsp;\u20ac","formatted_published_date":"30 juillet 2024","publisher_availability_label":"Sur commande","short_details":"Emily Easton \u2014 Random House US","translator":null,"weight":113,"page_count":24,"readership":"\u00e0 partir de 4 ANS","editor":"Random House US","price":700,"published_date":"2024-07-29T22:00:00.000000Z","support":"Grand format","publisher_availability":1,"stock":0,"editions":[],"url":"https:\/\/quaidesbrumes.com\/ouvrage\/9780593703328\/audrey-hepburn-a-little-golden-book-biography"},{"id":"9781681378633","title":"The picture not taken : On life and photography","description":"An ecologically minded collection of essays in the vein of Rebecca Solnit and Susan Sontag, covering everything from the equipment of photography to the difficulties of perception itself.\r\n\r\nIn The Picture Not Taken, the photographer and writer Benjamin Swett considers the intersections between photography, memory, the natural world, and the course of life in essays on subjects that include family snapshots, images of racial violence, the shape of abiding love, and the experience of unforseen and irremediable loss. In these beautifully written, deeply affecting pages, Swett moves with a wonderful improvisatory freedom among his chosen themes. The Picture Not Taken is a book of transfixing pieces that possesses the intensity and integrity and heft of the wholly new. ","authors":["Benjamin Swett"],"category_codes":["6000000","6070000","6070200","6070205"],"visuals":{"large":"https:\/\/images.epagine.fr\/633\/9781681378633_1_75.jpg","medium":"https:\/\/images.epagine.fr\/633\/9781681378633_1_m.jpg","thumbnail":"https:\/\/images.epagine.fr\/633\/9781681378633_1_v.jpg"},"orderable":true,"show_badge":true,"formatted_price":"21,00&nbsp;\u20ac","formatted_published_date":"15 octobre 2024","publisher_availability_label":"Sur commande","short_details":"Benjamin Swett \u2014 Random House US","translator":null,"weight":367,"page_count":208,"readership":null,"editor":"Random House US","price":2100,"published_date":"2024-10-14T22:00:00.000000Z","support":"Grand format","publisher_availability":1,"stock":0,"editions":[],"url":"https:\/\/quaidesbrumes.com\/ouvrage\/9781681378633\/the-picture-not-taken-on-life-and-photography"},{"id":"9781984858399","title":"Coltrane","description":"The definitive photographic celebration of John Coltrane's life and music, featuring exclusive contributions written by Ravi Coltrane, Wayne Coyne, Dev Hynes, Phil Lesh, Julie Mehretu, Carlos Santana, and Patti Smith.\r\n\r\nJohn Coltrane's impact on music and culture has endured far beyond his prolific career and untimely death in 1967 at age forty. His masterful saxophone style and groundbreaking compositions profoundly affected the evolution of music for decades and continue to resonate across styles and genres to this day. This beautiful photography book offers an intimate and in-depth look at his life with two hundred expertly curated images of the legendary saxophonist and composer. Coltrane further explores John's musical legacy with an introduction by his son and fellow musician Ravi Coltrane along with stories from other musicians, artists, and writers who have been moved by his work.\r\n\r\nColtrane is a visual celebration of one of the all-time great musicians, and a must-have for fans of John Coltrane, jazz, and music photography.","authors":["Collectif","Ravi Coltrane"],"category_codes":["6000000","6070000","6070200","6070204"],"visuals":{"large":"https:\/\/images.epagine.fr\/399\/9781984858399_1_75.jpg","medium":"https:\/\/images.epagine.fr\/399\/9781984858399_1_m.jpg","thumbnail":"https:\/\/images.epagine.fr\/399\/9781984858399_1_v.jpg"},"orderable":false,"show_badge":true,"formatted_price":"68,00&nbsp;\u20ac","formatted_published_date":"1er ao\u00fbt 2026","publisher_availability_label":"\u00c0 para\u00eetre","short_details":"Collectif, Ravi Coltrane \u2014 Random House US","translator":null,"weight":1050,"page_count":288,"readership":null,"editor":"Random House US","price":6800,"published_date":"2026-07-31T22:00:00.000000Z","support":"Grand format","publisher_availability":2,"stock":0,"editions":[],"url":"https:\/\/quaidesbrumes.com\/ouvrage\/9781984858399\/coltrane"},{"id":"9782246671015","title":"Va, vis et deviens","description":"Un grand roman \u00e9crit \u00e0 quatre mains \u00e0 partir de l'histoire du film de Radu Mihaileanu (Prix du Meilleur Sc\u00e9nario en 2004) 1984. Des milliers d'Africains de vingt-six pays frapp\u00e9s par la famine se retrouvent dans des camps, au Soudan. A l'initiative d'Isra\u00ebl et des Etats-Unis, une vaste action (op\u00e9ration Mo\u00efse) est men\u00e9e pour emmener des milliers de Juifs Ethiopiens (Falashas) vers Isra\u00ebl.\r\nUne m\u00e8re chr\u00e9tienne pousse son fils de 9 ans \u00e0 se d\u00e9clarer juif, pour le sauver de la famine et de la mort.\r\nL'enfant arrive en Terre Sainte. D\u00e9clar\u00e9 orphelin, il est adopt\u00e9 par une famille fran\u00e7aise s\u00e9pharade vivant \u00e0 Tel-Aviv. Il grandit avec la peur que l'on ne d\u00e9couvre son double secret-mensonge : ni juif, ni orphelin, seulement noir.\r\nIl d\u00e9couvrira l'amour, la culture occidentale, la juda\u00eft\u00e9, mais aussi le racisme et la guerre dans les territoires occup\u00e9s. Il deviendra tout \u00e0 la fois juif - Isra\u00eblien - Fran\u00e7ais - Tunisien..., une vraie tour de Babel.\r\nMais jamais il n'oubliera sa vraie m\u00e8re, rest\u00e9e dans le camp, et que secr\u00e8tement et obstin\u00e9ment, il r\u00eave de retrouver un jour...","authors":["Mihaileanu\/Dugrand"],"category_codes":["6000000","6000000"],"visuals":{"large":"https:\/\/images.epagine.fr\/015\/9782246671015_1_75.jpg","medium":"https:\/\/images.epagine.fr\/015\/9782246671015_1_m.jpg","thumbnail":"https:\/\/images.epagine.fr\/015\/9782246671015_1_v.jpg"},"orderable":true,"show_badge":true,"formatted_price":"22,40&nbsp;\u20ac","formatted_published_date":"6 avril 2005","publisher_availability_label":"Sur commande","short_details":"Mihaileanu\/Dugrand \u2014 \u00c9ditions Grasset","translator":null,"weight":322,"page_count":296,"readership":null,"editor":"\u00c9ditions Grasset","price":2240,"published_date":"2005-04-05T22:00:00.000000Z","support":"Grand format","publisher_availability":1,"stock":0,"editions":[],"url":"https:\/\/quaidesbrumes.com\/ouvrage\/9782246671015\/va-vis-et-deviens"},{"id":"9782915173390","title":"Santulussurgiu","description":"Livre de phtos r\u00e9alis\u00e9es entre 1998 et 2008 dans le village de Santulussurgiu (Sardaigne).","authors":["Patrick Faigenbaum"],"category_codes":["6000000","6070000","6070200"],"visuals":{"large":"https:\/\/images.epagine.fr\/390\/9782915173390_1_75.jpg","medium":"https:\/\/images.epagine.fr\/390\/9782915173390_1_m.jpg","thumbnail":"https:\/\/images.epagine.fr\/390\/9782915173390_1_v.jpg"},"orderable":true,"show_badge":true,"formatted_price":"40,50&nbsp;\u20ac","formatted_published_date":"4 d\u00e9cembre 2008","publisher_availability_label":"Sur commande","short_details":"Patrick Faigenbaum \u2014 Atelier EXB","translator":null,"weight":1018,"page_count":133,"readership":null,"editor":"Atelier EXB","price":4050,"published_date":"2008-12-03T23:00:00.000000Z","support":"Grand format","publisher_availability":1,"stock":0,"editions":[],"url":"https:\/\/quaidesbrumes.com\/ouvrage\/9782915173390\/santulussurgiu"},{"id":"9783907236796","title":"Human Insights","description":"Le travail sur l'anatomie humaine r\u00e9alis\u00e9 par le photographe Michael Tummings derri\u00e8re l'\u00e9paule du chirurgien.","authors":["Michael Tummings","Jorg Christian Tonn","Michael Hagner"],"category_codes":["6000000","6070000","6070200","6070205"],"visuals":{"large":"https:\/\/images.epagine.fr\/796\/9783907236796_1_75.jpg","medium":"https:\/\/images.epagine.fr\/796\/9783907236796_1_m.jpg","thumbnail":"https:\/\/images.epagine.fr\/796\/9783907236796_1_v.jpg"},"orderable":true,"show_badge":true,"formatted_price":"68,00&nbsp;\u20ac","formatted_published_date":"20 mai 2025","publisher_availability_label":"Sur commande","short_details":"Michael Tummings, Jorg Christian Tonn, Michael Hagner \u2014 Patrick Frey","translator":null,"weight":1059,"page_count":200,"readership":null,"editor":"Patrick Frey","price":6800,"published_date":"2025-05-19T22:00:00.000000Z","support":"Grand format","publisher_availability":1,"stock":0,"editions":[],"url":"https:\/\/quaidesbrumes.com\/ouvrage\/9783907236796\/human-insights"},{"id":"9782365112925","title":"Chongqing : prix HSBC pour la photographie 2021","description":"Cr\u00e9\u00e9 en 1995, le prix vient de c\u00e9l\u00e9brer sa 25e \u00e9dition en mettant \u00e0 l'honneur Louise Hon\u00e9e et Charlotte Mano qui ont rejoint Antoine Bruy, Petros Efsthadiadis, Dominic Teufen et Nuno Andrade, pr\u00e9c\u00e9demment publi\u00e9s dans la collection, respectivement en 2018 et 2019.\r\nCe soutien rare et exceptionnel \u00e0 la jeune cr\u00e9ation, sans crit\u00e8re d'\u00e2ge ni de nationalit\u00e9, rejoint les valeurs que d\u00e9fend l'Atelier EXB dans l'envie de d\u00e9couvrir et faire d\u00e9couvrir le travail de jeunes artistes au public. Le choix des laur\u00e9ats est assur\u00e9 par un jury de professionnels au c\u00f4t\u00e9 de Christian Caujolle, directeur artistique du prix, et d'un conseiller artistique. Ce conseiller, diff\u00e9rent chaque ann\u00e9e, assure \u00e9galement le commissariat des expositions.","authors":["Cyrus Cornut","Sylvie Hugues"],"category_codes":["6000000","6070000","6070200","6070205"],"visuals":{"large":"https:\/\/images.epagine.fr\/925\/9782365112925_1_75.jpg","medium":"https:\/\/images.epagine.fr\/925\/9782365112925_1_m.jpg","thumbnail":"https:\/\/images.epagine.fr\/925\/9782365112925_1_v.jpg"},"orderable":true,"show_badge":true,"formatted_price":"30,00&nbsp;\u20ac","formatted_published_date":"1er juillet 2021","publisher_availability_label":"Sur commande","short_details":"Cyrus Cornut, Sylvie Hugues \u2014 Atelier EXB","translator":null,"weight":590,"page_count":90,"readership":null,"editor":"Atelier EXB","price":3000,"published_date":"2021-06-30T22:00:00.000000Z","support":"Grand format","publisher_availability":1,"stock":0,"editions":[],"url":"https:\/\/quaidesbrumes.com\/ouvrage\/9782365112925\/chongqing-prix-hsbc-pour-la-photographie-2021"},{"id":"9783457832028","title":"Lumi\u00e8res d'automne aux \u00eeles F\u00e9ro\u00e9 (Calendrier mural 2026 DIN A2 vertical), CALVENDO calendrier mensuel : L'atmosph\u00e8re du nord","description":"L'atmosph\u00e8re nordique a toujours le pouvoir de donner une touche particuli\u00e8re aux images photographiques. Dans ce cas, aux \u00eeles F\u00e9ro\u00e9, l'automne offre des nuances infinies de jaune et d'orange. Les petits villages de la c\u00f4te, avec leurs \u00e9glises aux toits pointus et leurs animaux au p\u00e2turage, cr\u00e9ent de merveilleux paysages de contes de f\u00e9es.\r\n\r\nCalendrier mural de qualit\u00e9 sup\u00e9rieure avec 12 magnifiques photos. L'environnement nous tient \u00e0 coeur. C'est pourquoi nous utilisons exclusivement du papier certifi\u00e9 FSC provenant de for\u00eats g\u00e9r\u00e9es de mani\u00e8re \u00e9coresponsable. Nous \u00e9vitons la surproduction et donc des quantit\u00e9s significatives de d\u00e9chets, en produisant dans l'UE \u00e0 l'unit\u00e9 et sur demande. Nous r\u00e9duisons nos distances de transport et assurons une logistique respectueuse de l'environnement.\r\n\r\n14 pages dont 1 couverture | 12 pages mensuelles | 1 page d'index | dos cartonn\u00e9\r\n\r\nIllustrations:\r\nJanvier: Tr\u00e6lan\u00edpa falaise\r\nF\u00e9vrier: Village typique des \u00eeles F\u00e9ro\u00e9\r\nMars: Village de Saksun\r\nAvril: Village de Saksun\r\nMai: Village de B\u00f8ur\r\nJuin: Petit chalet dans la baie\r\nJuillet: Double arc-en-ciel apr\u00e8s une temp\u00eate\r\nAo\u00fbt: La petite \u00e9glise de Vidareidi\r\nSeptembre: Village de Vidareidi\r\nOctobre: Village de B\u00f8ur\r\nNovembre: Cascade de M\u00falafossur\r\nD\u00e9cembre: Village de Kirkjub\u00f8ur\r\n\r\nQUALITATIF - un calendrier annuel de qualit\u00e9 sup\u00e9rieure avec 12 magnifiques motifs, sur papier d'impression photo, avec une reliure spirale robuste et un crochet de suspension.\r\nDURABLE - r\u00e9duction significative des d\u00e9chets gr\u00e2ce \u00e0 une fabrication sur papier certifi\u00e9 FSC \u00e0 l'unit\u00e9 et sur demande, production dans l'UE, logistique \u00e9cologique.\r\nCADEAU ID\u00c9AL - destin\u00e9 \u00e0 vos contacts priv\u00e9s ou professionnels, \u00e0 la famille ou aux amis, aux jeunes adultes ou aux moins jeunes,  pour un cadeau de No\u00ebl ou d'anniversaire ou juste pour le plaisir d'offrir.\r\nDIVERSIFI\u00c9 - de nombreux formats DIN A4 ou DIN A3, pour s'adapter \u00e0 toutes vos envies et vos cadres de vie.\r\nL'atmosph\u00e8re du nord par l'auteur(rice): Photostravellers","authors":["Photostravellers Photostravellers"],"category_codes":["6000000","6070000","6070200"],"visuals":{"large":"https:\/\/images.epagine.fr\/028\/9783457832028_1_75.jpg","medium":"https:\/\/images.epagine.fr\/028\/9783457832028_1_m.jpg","thumbnail":"https:\/\/images.epagine.fr\/028\/9783457832028_1_v.jpg"},"orderable":true,"show_badge":true,"formatted_price":"0,00&nbsp;\u20ac","formatted_published_date":"18 avril 2025","publisher_availability_label":"Sur commande","short_details":"Photostravellers Photostravellers \u2014 CALVENDO","translator":null,"weight":940,"page_count":14,"readership":null,"editor":"CALVENDO","price":0,"published_date":"2025-04-17T22:00:00.000000Z","support":"Calendrier","publisher_availability":1,"stock":0,"editions":[],"url":"https:\/\/quaidesbrumes.com\/ouvrage\/9783457832028\/lumieres-dautomne-aux-iles-feroe-calendrier-mural-2026-din-a2-vertical-calvendo-calendrier-mensuel-latmosphere-du-nord"},{"id":"9783457832332","title":"Lumi\u00e8res d'automne aux \u00eeles F\u00e9ro\u00e9 (Calendrier de bureau 2026 DIN A5 vertical), CALVENDO calendrier mensuel : L'atmosph\u00e8re du nord","description":"L'atmosph\u00e8re nordique a toujours le pouvoir de donner une touche particuli\u00e8re aux images photographiques. Dans ce cas, aux \u00eeles F\u00e9ro\u00e9, l'automne offre des nuances infinies de jaune et d'orange. Les petits villages de la c\u00f4te, avec leurs \u00e9glises aux toits pointus et leurs animaux au p\u00e2turage, cr\u00e9ent de merveilleux paysages de contes de f\u00e9es.\r\n\r\nCalendrier de bureau de qualit\u00e9 sup\u00e9rieure avec 12 magnifiques photos. L'environnement nous tient \u00e0 coeur. C'est pourquoi nous utilisons exclusivement du papier certifi\u00e9 FSC provenant de for\u00eats g\u00e9r\u00e9es de mani\u00e8re \u00e9coresponsable. Nous \u00e9vitons la surproduction et donc des quantit\u00e9s significatives de d\u00e9chets, en produisant dans l'UE \u00e0 l'unit\u00e9 et sur demande. Nous r\u00e9duisons nos distances de transport et assurons une logistique respectueuse de l'environnement.\r\n\r\n14 pages dont 1 couverture | 12 pages mensuelles | 1 page d'index I dos cartonn\u00e9.\r\n\r\nIllustrations:\r\nJanvier: Tr\u00e6lan\u00edpa falaise\r\nF\u00e9vrier: Village typique des \u00eeles F\u00e9ro\u00e9\r\nMars: Village de Saksun\r\nAvril: Village de Saksun\r\nMai: Village de B\u00f8ur\r\nJuin: Petit chalet dans la baie\r\nJuillet: Double arc-en-ciel apr\u00e8s une temp\u00eate\r\nAo\u00fbt: La petite \u00e9glise de Vidareidi\r\nSeptembre: Village de Vidareidi\r\nOctobre: Village de B\u00f8ur\r\nNovembre: Cascade de M\u00falafossur\r\nD\u00e9cembre: Village de Kirkjub\u00f8ur\r\n\r\nQUALITATIF - un calendrier annuel de qualit\u00e9 sup\u00e9rieure avec 12 magnifiques motifs, sur papier d'impression photo, avec une reliure spirale robuste.\r\nDURABLE - r\u00e9duction significative des d\u00e9chets gr\u00e2ce \u00e0 une fabrication sur papier certifi\u00e9 FSC \u00e0 l'unit\u00e9 et sur demande, production dans l'UE, logistique \u00e9cologique.\r\nCADEAU ID\u00c9AL - destin\u00e9 \u00e0 vos contacts priv\u00e9s ou professionnels, \u00e0 la famille ou aux amis, aux jeunes adultes ou aux moins jeunes,  pour un cadeau de No\u00ebl ou d'anniversaire ou juste pour le plaisir d'offrir.\r\nDIVERSIFI\u00c9 - de nombreux formats DIN A4 ou DIN A3, pour s'adapter \u00e0 toutes vos envies et vos cadres de vie.\r\nL'atmosph\u00e8re du nord par l'auteur(rice): Photostravellers","authors":["Photostravellers Photostravellers"],"category_codes":["6000000","6070000","6070200"],"visuals":{"large":"https:\/\/images.epagine.fr\/332\/9783457832332_1_75.jpg","medium":"https:\/\/images.epagine.fr\/332\/9783457832332_1_m.jpg","thumbnail":"https:\/\/images.epagine.fr\/332\/9783457832332_1_v.jpg"},"orderable":true,"show_badge":true,"formatted_price":"0,00&nbsp;\u20ac","formatted_published_date":"18 avril 2025","publisher_availability_label":"Sur commande","short_details":"Photostravellers Photostravellers \u2014 CALVENDO","translator":null,"weight":165,"page_count":14,"readership":null,"editor":"CALVENDO","price":0,"published_date":"2025-04-17T22:00:00.000000Z","support":"Calendrier","publisher_availability":1,"stock":0,"editions":[],"url":"https:\/\/quaidesbrumes.com\/ouvrage\/9783457832332\/lumieres-dautomne-aux-iles-feroe-calendrier-de-bureau-2026-din-a5-vertical-calvendo-calendrier-mensuel-latmosphere-du-nord"},{"id":"9783457832592","title":"Lumi\u00e8res d'automne aux \u00eeles F\u00e9ro\u00e9  (Calendrier mural 2026 DIN A2 vertical) calendrier de bureau : L'atmosph\u00e8re du nord","description":"L'atmosph\u00e8re nordique a toujours le pouvoir de donner une touche particuli\u00e8re aux images photographiques. Dans ce cas, aux \u00eeles F\u00e9ro\u00e9, l'automne offre des nuances infinies de jaune et d'orange. Les petits villages de la c\u00f4te, avec leurs \u00e9glises aux toits pointus et leurs animaux au p\u00e2turage, cr\u00e9ent de merveilleux paysages de contes de f\u00e9es.\r\n\r\nImpression d'art premium en haute brillance de qualit\u00e9 mus\u00e9e. Pour que les feuilles de papier soient bien accroch\u00e9es au mur, ce calendrier haut de gamme est dot\u00e9 de pochettes innovantes. Elles prot\u00e8gent les grandes feuilles des effets de l'humidit\u00e9 de l'air. Le papier est un mat\u00e9riau naturel. Les fibres r\u00e9agissent aux variations du climat ambiant. Il est donc conseill\u00e9 de ne pas retirer les pochettes d'insertion.\r\n\r\nNotre environnement nous tient \u00e0 coeur, c'est pourquoi nous misons sur une fabrication individuelle en Allemagne (Made in Germany) avec des mat\u00e9riaux de qualit\u00e9 sup\u00e9rieure.\r\n\r\n14 pages dont 1 couverture | 12 pages mensuelles | 1 page d'index I dos cartonn\u00e9.\r\n\r\n\r\nIllustrations:\r\nJanvier: Tr\u00e6lan\u00edpa falaise\r\nF\u00e9vrier: Village typique des \u00eeles F\u00e9ro\u00e9\r\nMars: Village de Saksun\r\nAvril: Village de Saksun\r\nMai: Village de B\u00f8ur\r\nJuin: Petit chalet dans la baie\r\nJuillet: Double arc-en-ciel apr\u00e8s une temp\u00eate\r\nAo\u00fbt: La petite \u00e9glise de Vidareidi\r\nSeptembre: Village de Vidareidi\r\nOctobre: Village de B\u00f8ur\r\nNovembre: Cascade de M\u00falafossur\r\nD\u00e9cembre: Village de Kirkjub\u00f8ur\r\n\r\nLIGNE PREMIUM - Calendrier photo brillant avec 12 magnifiques motifs, impression d'art en haute brillance de qualit\u00e9 mus\u00e9e\r\nQUALIT\u00c9 - mat\u00e9riaux nobles, dos solide avec 2 pochettes innovantes pour une pr\u00e9sentation optimale au mur\r\nDURABLE - nette r\u00e9duction des d\u00e9chets gr\u00e2ce \u00e0 une fabrication \u00e0 l'unit\u00e9 adapt\u00e9e aux besoins, papier certifi\u00e9 FSC respectueux de l'environnement, production en Allemagne, logistique respectueuse du climat.\r\nCADEAU PARFAIT - calendrier pour les amis et la famille, pour les enfants et les adultes, les jeunes et les moins jeunes, pour No\u00ebl, les anniversaires ou entre deux.\r\nL'atmosph\u00e8re du nord par l'auteur(rice): Photostravellers","authors":["Photostravellers Photostravellers"],"category_codes":["6000000","6070000","6070200"],"visuals":{"large":"https:\/\/images.epagine.fr\/592\/9783457832592_1_75.jpg","medium":"https:\/\/images.epagine.fr\/592\/9783457832592_1_m.jpg","thumbnail":"https:\/\/images.epagine.fr\/592\/9783457832592_1_v.jpg"},"orderable":true,"show_badge":true,"formatted_price":"0,00&nbsp;\u20ac","formatted_published_date":"18 avril 2025","publisher_availability_label":"Sur commande","short_details":"Photostravellers Photostravellers \u2014 CALVENDO","translator":null,"weight":1280,"page_count":14,"readership":null,"editor":"CALVENDO","price":0,"published_date":"2025-04-17T22:00:00.000000Z","support":"Calendrier","publisher_availability":1,"stock":0,"editions":[],"url":"https:\/\/quaidesbrumes.com\/ouvrage\/9783457832592\/lumieres-dautomne-aux-iles-feroe-calendrier-mural-2026-din-a2-vertical-calendrier-de-bureau-latmosphere-du-nord"},{"id":"9791097855376","title":"Les contes de No\u00ebl de Tante Trudi","description":"Vous r\u00eavez encore d'un vrai No\u00ebl ? Trudi Kohl vous en offre un avec ce recueil de nouvelles br\u00fblantes, d\u00e9jant\u00e9es, d\u00e9capantes. Sapins saignants, dindes en furie, P\u00e8res No\u00ebl passablement \u00e9m\u00e9ch\u00e9s : Trudi va vous r\u00e9concilier avec No\u00ebl comme jamais ! \u00abJoshua avait neuf ans. Neuf ans. Pas dix. Pas huit. Neuf ans pleins, assum\u00e9s, revendiqu\u00e9s. Et d\u00e9j\u00e0 v\u00e9g\u00e9talien, militant, absolutiste, incapable de compromis, intol\u00e9rant \u00e0 la mayonnaise, au second degr\u00e9, aux traditions, aux chants populaires et \u00e0 la cannelle. Il portait des bottes biod\u00e9gradables cousues par des moines tib\u00e9tains reconvertis \u00e0 l'agriculture urbaine. Il ne souriait jamais. Il disait que le sourire \u00e9tait une soumission faciale au capitalisme festif. Il avait d\u00e9cid\u00e9 qu'il fallait supprimer No\u00ebl. Supprimer, disait-il. Supprimer, pas repenser, pas all\u00e9ger, pas composter, pas colorier avec des teintes neutres, non : supprimer. Annihiler. \u00c9radiquer. Extirper No\u00ebl du calendrier, de la m\u00e9moire collective, de la nappe familiale. Il parlait comme un manifeste ambulant, un \u00e9ditorial vivant, un tract en chair et en os. Il disait : \u00abNo\u00ebl est une f\u00eate de l'oppression sucr\u00e9e. No\u00ebl est une usine \u00e0 d\u00e9sillusion. No\u00ebl est une orgie consum\u00e9riste, une avalanche d'\u00e9motions standardis\u00e9es.\u00bb Il r\u00e9p\u00e9tait cela, encore et encore, \u00e0 l'\u00e9cole, \u00e0 la maison, \u00e0 la biblioth\u00e8que, \u00e0 la piscine, au march\u00e9, au square. \u00c0 chaque adulte qu'il croisait. M\u00eame au facteur, qui finit par changer de tourn\u00e9e.\u00bb D\u00e9couvrez un No\u00ebl hors des sentiers battus, o\u00f9 la f\u00e9erie se fait f\u00e9roce et o\u00f9 l'\u00e9merveillement vire \u00e0 l'humour noir. Trudi Kohl vous entra\u00eene dans soixante-dix r\u00e9cits courts et aff\u00fbt\u00e9s, peupl\u00e9s d'elfes nihilistes, de rennes saouls et de cr\u00e8ches mill\u00e9naires en pleine crise d'adolescence. Oubliez les cartes postales ! Ici, chaque instant festif meurt sous le poids d'une satire mordante. Vous assisterez \u00e0 des go\u00fbters chor\u00e9graphi\u00e9s en cauchemar, verrez des guirlandes se liguer contre leurs propri\u00e9taires et go\u00fbterez \u00e0 un chocolat chaud charg\u00e9 d'ironie (et d'autres substances). D\u00e9conseill\u00e9 aux enfants sages. Mais parfait pour les adultes en qu\u00eate d'un vent de folie, ce recueil est le rem\u00e8de ultime contre la mi\u00e8vrerie de saison.","authors":["Trudi Kohl"],"category_codes":["6000000","6070000","6070300","6070303"],"visuals":{"large":"https:\/\/images.epagine.fr\/376\/9791097855376_1_75.jpg","medium":"https:\/\/images.epagine.fr\/376\/9791097855376_1_m.jpg","thumbnail":"https:\/\/images.epagine.fr\/376\/9791097855376_1_v.jpg"},"orderable":true,"show_badge":true,"formatted_price":"17,00&nbsp;\u20ac","formatted_published_date":"15 octobre 2025","publisher_availability_label":"Sur commande","short_details":"Trudi Kohl \u2014 Ce qui reste du jour","translator":null,"weight":300,"page_count":240,"readership":null,"editor":"Ce qui reste du jour","price":1700,"published_date":"2025-10-14T22:00:00.000000Z","support":"Grand format","publisher_availability":1,"stock":0,"editions":[],"url":"https:\/\/quaidesbrumes.com\/ouvrage\/9791097855376\/les-contes-de-noel-de-tante-trudi"},{"id":"9783457725832","title":"Lumi\u00e8res d'automne aux \u00eeles F\u00e9ro\u00e9 (Calendrier mural 2026 DIN A4 vertical), CALVENDO calendrier mensuel : L'atmosph\u00e8re du nord","description":"L'atmosph\u00e8re nordique a toujours le pouvoir de donner une touche particuli\u00e8re aux images photographiques. Dans ce cas, aux \u00eeles F\u00e9ro\u00e9, l'automne offre des nuances infinies de jaune et d'orange. Les petits villages de la c\u00f4te, avec leurs \u00e9glises aux toits pointus et leurs animaux au p\u00e2turage, cr\u00e9ent de merveilleux paysages de contes de f\u00e9es.\r\n\r\nCalendrier mural de qualit\u00e9 sup\u00e9rieure avec 12 magnifiques photos. L'environnement nous tient \u00e0 coeur. C'est pourquoi nous utilisons exclusivement du papier certifi\u00e9 FSC provenant de for\u00eats g\u00e9r\u00e9es de mani\u00e8re \u00e9coresponsable. Nous \u00e9vitons la surproduction et donc des quantit\u00e9s significatives de d\u00e9chets, en produisant dans l'UE \u00e0 l'unit\u00e9 et sur demande. Nous r\u00e9duisons nos distances de transport et assurons une logistique respectueuse de l'environnement.\r\n\r\n14 pages dont 1 couverture | 12 pages mensuelles | 1 page d'index | dos cartonn\u00e9\r\n\r\nIllustrations:\r\nJanvier: Tr\u00e6lan\u00edpa falaise\r\nF\u00e9vrier: Village typique des \u00eeles F\u00e9ro\u00e9\r\nMars: Village de Saksun\r\nAvril: Village de Saksun\r\nMai: Village de B\u00f8ur\r\nJuin: Petit chalet dans la baie\r\nJuillet: Double arc-en-ciel apr\u00e8s une temp\u00eate\r\nAo\u00fbt: La petite \u00e9glise de Vidareidi\r\nSeptembre: Village de Vidareidi\r\nOctobre: Village de B\u00f8ur\r\nNovembre: Cascade de M\u00falafossur\r\nD\u00e9cembre: Village de Kirkjub\u00f8ur\r\n\r\nQUALITATIF - un calendrier annuel de qualit\u00e9 sup\u00e9rieure avec 12 magnifiques motifs, sur papier d'impression photo, avec une reliure spirale robuste et un crochet de suspension.\r\nDURABLE - r\u00e9duction significative des d\u00e9chets gr\u00e2ce \u00e0 une fabrication sur papier certifi\u00e9 FSC \u00e0 l'unit\u00e9 et sur demande, production dans l'UE, logistique \u00e9cologique.\r\nCADEAU ID\u00c9AL - destin\u00e9 \u00e0 vos contacts priv\u00e9s ou professionnels, \u00e0 la famille ou aux amis, aux jeunes adultes ou aux moins jeunes,  pour un cadeau de No\u00ebl ou d'anniversaire ou juste pour le plaisir d'offrir.\r\nDIVERSIFI\u00c9 - de nombreux formats DIN A4 ou DIN A3, pour s'adapter \u00e0 toutes vos envies et vos cadres de vie.\r\nL'atmosph\u00e8re du nord par l'auteur(rice): Photostravellers","authors":["Photostravellers Photostravellers"],"category_codes":["6000000","6070000","6070200"],"visuals":{"large":"https:\/\/images.epagine.fr\/832\/9783457725832_1_75.jpg","medium":"https:\/\/images.epagine.fr\/832\/9783457725832_1_m.jpg","thumbnail":"https:\/\/images.epagine.fr\/832\/9783457725832_1_v.jpg"},"orderable":true,"show_badge":true,"formatted_price":"0,00&nbsp;\u20ac","formatted_published_date":"18 avril 2025","publisher_availability_label":"Sur commande","short_details":"Photostravellers Photostravellers \u2014 CALVENDO","translator":null,"weight":210,"page_count":14,"readership":null,"editor":"CALVENDO","price":0,"published_date":"2025-04-17T22:00:00.000000Z","support":"Calendrier","publisher_availability":1,"stock":0,"editions":[],"url":"https:\/\/quaidesbrumes.com\/ouvrage\/9783457725832\/lumieres-dautomne-aux-iles-feroe-calendrier-mural-2026-din-a4-vertical-calvendo-calendrier-mensuel-latmosphere-du-nord"},{"id":"9783457831700","title":"Lumi\u00e8res d'automne aux \u00eeles F\u00e9ro\u00e9 (Calendrier mural 2026 DIN A3 vertical), CALVENDO calendrier mensuel : L'atmosph\u00e8re du nord","description":"L'atmosph\u00e8re nordique a toujours le pouvoir de donner une touche particuli\u00e8re aux images photographiques. Dans ce cas, aux \u00eeles F\u00e9ro\u00e9, l'automne offre des nuances infinies de jaune et d'orange. Les petits villages de la c\u00f4te, avec leurs \u00e9glises aux toits pointus et leurs animaux au p\u00e2turage, cr\u00e9ent de merveilleux paysages de contes de f\u00e9es.\r\n\r\nCalendrier mural de qualit\u00e9 sup\u00e9rieure avec 12 magnifiques photos. L'environnement nous tient \u00e0 coeur. C'est pourquoi nous utilisons exclusivement du papier certifi\u00e9 FSC provenant de for\u00eats g\u00e9r\u00e9es de mani\u00e8re \u00e9coresponsable. Nous \u00e9vitons la surproduction et donc des quantit\u00e9s significatives de d\u00e9chets, en produisant dans l'UE \u00e0 l'unit\u00e9 et sur demande. Nous r\u00e9duisons nos distances de transport et assurons une logistique respectueuse de l'environnement.\r\n\r\n14 pages dont 1 couverture | 12 pages mensuelles | 1 page d'index | dos cartonn\u00e9\r\n\r\nIllustrations:\r\nJanvier: Tr\u00e6lan\u00edpa falaise\r\nF\u00e9vrier: Village typique des \u00eeles F\u00e9ro\u00e9\r\nMars: Village de Saksun\r\nAvril: Village de Saksun\r\nMai: Village de B\u00f8ur\r\nJuin: Petit chalet dans la baie\r\nJuillet: Double arc-en-ciel apr\u00e8s une temp\u00eate\r\nAo\u00fbt: La petite \u00e9glise de Vidareidi\r\nSeptembre: Village de Vidareidi\r\nOctobre: Village de B\u00f8ur\r\nNovembre: Cascade de M\u00falafossur\r\nD\u00e9cembre: Village de Kirkjub\u00f8ur\r\n\r\nQUALITATIF - un calendrier annuel de qualit\u00e9 sup\u00e9rieure avec 12 magnifiques motifs, sur papier d'impression photo, avec une reliure spirale robuste et un crochet de suspension.\r\nDURABLE - r\u00e9duction significative des d\u00e9chets gr\u00e2ce \u00e0 une fabrication sur papier certifi\u00e9 FSC \u00e0 l'unit\u00e9 et sur demande, production dans l'UE, logistique \u00e9cologique.\r\nCADEAU ID\u00c9AL - destin\u00e9 \u00e0 vos contacts priv\u00e9s ou professionnels, \u00e0 la famille ou aux amis, aux jeunes adultes ou aux moins jeunes,  pour un cadeau de No\u00ebl ou d'anniversaire ou juste pour le plaisir d'offrir.\r\nDIVERSIFI\u00c9 - de nombreux formats DIN A4 ou DIN A3, pour s'adapter \u00e0 toutes vos envies et vos cadres de vie.\r\nL'atmosph\u00e8re du nord par l'auteur(rice): Photostravellers","authors":["Photostravellers Photostravellers"],"category_codes":["6000000","6070000","6070200"],"visuals":{"large":"https:\/\/images.epagine.fr\/700\/9783457831700_1_75.jpg","medium":"https:\/\/images.epagine.fr\/700\/9783457831700_1_m.jpg","thumbnail":"https:\/\/images.epagine.fr\/700\/9783457831700_1_v.jpg"},"orderable":true,"show_badge":true,"formatted_price":"0,00&nbsp;\u20ac","formatted_published_date":"18 avril 2025","publisher_availability_label":"Sur commande","short_details":"Photostravellers Photostravellers \u2014 CALVENDO","translator":null,"weight":460,"page_count":14,"readership":null,"editor":"CALVENDO","price":0,"published_date":"2025-04-17T22:00:00.000000Z","support":"Calendrier","publisher_availability":1,"stock":0,"editions":[],"url":"https:\/\/quaidesbrumes.com\/ouvrage\/9783457831700\/lumieres-dautomne-aux-iles-feroe-calendrier-mural-2026-din-a3-vertical-calvendo-calendrier-mensuel-latmosphere-du-nord"},{"id":"9782895405245","title":"Tu me prends en photo","description":"Texte de Marie-France H\u00e9bert et illustrations de Jean-Luc Trudel  Collection : Les 400 coups  32 pages - 21,3 x 27,6 cm  11,90 ? \r\nCouverture cartonn\u00e9e  ISBN : 978-2-89540-524-5  Un texte po\u00e9tique qui am\u00e8nera les enfants \u00e0 s'interroger sur la guerre et le m\u00e9tier de reporter. \r\n \r\nTh\u00e8mes : La guerre, la photographie, le t\u00e9moignage. \r\n \r\n6-12 ans  Tu me prends en photo. \r\nPourquoi donc. \r\nL'oil de ton appareil braqu\u00e9 sur moi,  tu attires mon attention : \r\nH\u00e9 l'enfant, regarde ici ! \r\nTu portes un jean tout neuf,  un blouson chaud,  et des chaussures aux pieds. \r\nTu essaies d'engager la conversation. \r\nNon, le chat ne m'a pas mang\u00e9 la langue. \r\nPas le chat ! \r\n \r\nVoici la rencontre entre un photographe de guerre et une jeune fille accompagn\u00e9e de son petit fr\u00e8re. Elle questionne ce photographe et ses intentions, tout en parlant de sa souffrance et de ses espoirs. \r\nL'auteure signe ici un texte important et parfois d\u00e9rangeant sur ce difficile m\u00e9tier de photographe de guerre. Un m\u00e9tier sans lequel le reste du monde ignorerait l'existence des victimes. \r\nReconnue pour son aptitude \u00e0 aborder des sujets difficiles et \u00e0 \u00e9mouvoir, Marie-Francine H\u00e9bert nous entra\u00eene dans une conversation honn\u00eate sur notre regard, et oui, sur notre indiff\u00e9rence parfois si facile... \r\nUn livre qui ne laissera personne indiff\u00e9rent. Un bel ajout \u00e0 la collection Carr\u00e9 blanc. \r\n \r\n \r\nL'AUTEURE - L'ILLUSTRATEUR  Marie-Francine H\u00e9bert est n\u00e9e \u00e0 Montr\u00e9al (Qu\u00e9bec) en 1943. Elle a termin\u00e9 des \u00e9tudes de Lettres \u00e0 l'Universit\u00e9 de Montr\u00e9al. Elle est \u00e9crivaine, auteure dramatique et sc\u00e9nariste depuis plus de 30 ans. C'est une pionni\u00e8re de la litt\u00e9rature qu\u00e9b\u00e9coise contemporaine et comme tous les b\u00e2tisseurs, c'est une battante qui d\u00e9fend son art et sa pratique, le patrimoine qu\u00e9b\u00e9cois en litt\u00e9rature pour la jeunesse et la relation indispensable de l'auteur avec le jeune lecteur. Sa trilogie pour adolescents, chez Pocket Jeunesse, s'est vendue \u00e0 plus de 250 000 exemplaires. Elle travaille actuellement \u00e0 l'adaptation de Nul poisson o\u00f9 aller (son premier album aux 400 coups) en dessin anim\u00e9 Tu me prends en photo est son second album paru aux 400 coups. \r\n \r\nJean-Luc Trudel dessine depuis toujours. Il a \u00e9t\u00e9 graphiste, dessinateur de storyboards pour l'animation et illustrateur de livres scolaires. Il a d\u00e9j\u00e0 illustr\u00e9, aux \u00e9ditions Les 400 coups, J'aime pas les mascottes et \u00c0 bas les vacances ! \r\nDans ce livre-ci, il laisse toute la place \u00e0 l'\u00e9motion du lecteur gr\u00e2ce asa palette de couleurs et cette atmosph\u00e8re de terre br\u00fbl\u00e9e.","authors":["Marie-Francine H\u00e9bert"],"category_codes":["6000000","6070000","6070200"],"visuals":{"large":"https:\/\/images.epagine.fr\/245\/9782895405245_1_75.jpg","medium":"https:\/\/images.epagine.fr\/245\/9782895405245_1_m.jpg","thumbnail":"https:\/\/images.epagine.fr\/245\/9782895405245_1_v.jpg"},"orderable":true,"show_badge":true,"formatted_price":"11,90&nbsp;\u20ac","formatted_published_date":"26 janvier 2012","publisher_availability_label":"Sur commande","short_details":"Marie-Francine H\u00e9bert \u2014 Les 400 coups","translator":null,"weight":390,"page_count":36,"readership":null,"editor":"Les 400 coups","price":1190,"published_date":"2012-01-25T23:00:00.000000Z","support":"Grand format","publisher_availability":1,"stock":0,"editions":[],"url":"https:\/\/quaidesbrumes.com\/ouvrage\/9782895405245\/tu-me-prends-en-photo"}]}