{"data":[{"id":"9782377160907","title":"Cahiers du cin\u00e9ma n.799 : Asteroid City, Wes Anderson","description":"La ressortie en salle de tous les films de Jean Eustache est, litt\u00e9ralement, un \u00e9v\u00e9nement : au-del\u00e0 du mythique La Maman et la Putain, ressorti l'\u00e9t\u00e9 dernier, la richesse de cette oeuvre restait jusqu'\u00e0 pr\u00e9sent \u00e0 la fois objet de culte et relativement secr\u00e8te, rare sur grand \u00e9cran. Les Films du Losange exaucent un r\u00eave de cin\u00e9phile, et les Cahiers sont au rendez-vous : peu de cin\u00e9astes auront \u00e9t\u00e9 si proches de la revue, biographiquement mais surtout dans l'histoire de ses textes, de ses inqui\u00e9tudes, de ses approches du cin\u00e9ma. Nous reparcourons toute sa filmographie, film par film, des Mauvaises Fr\u00e9quentations aux Photos d'Alix. \r\n \r\n Asteroid City de Wes Anderson, \u00e0 qui nous consacrons notre couverture, a beaucoup divis\u00e9 \u00e0 Cannes (festival sur lequel nous revenons sous la forme d'un texte collectif, coup de sonde sur les films majeurs de la saison cin\u00e9ma \u00e0 venir). La sortie en salle de ce film avec Scarlett Johansson, Tom Hanks et Jason Schwarzman permettra aux spectateurs d'appr\u00e9cier sa beaut\u00e9 et sa m\u00e9lancolie \u00e0 leur juste mesure. Dans notre entretien exclusif, le cin\u00e9aste parle \u00e0 la fois du sujet du film (\u00ab se transplanter soi-m\u00eame ailleurs \u00bb) et des arcanes de sa minutieuse fabrication, documents \u00e0 l'appui. \r\n \r\n Aux c\u00f4t\u00e9s de rencontres plus br\u00e8ves avec des cin\u00e9astes aussi vari\u00e9s que Masao Adachi, Telmo Churro et Jean-Pierre Gorin, l'autre entretien du num\u00e9ro permet de prendre des nouvelles d'un habitu\u00e9 de la revue : Nanni Moretti. Vers un avenir radieux r\u00e9ussit l'improbable pari de regarder le pr\u00e9sent sans l'\u00e9dulcorer, en revisitant un pass\u00e9 : celui du Parti Communiste Italien des ann\u00e9es 1950. \r\n \r\n Autre \u00e2ge d'or, cin\u00e9matographique celui-l\u00e0 : celui du film noir mexicain, dont cinq sp\u00e9cimens brillants font l'objet de restaurations qui sortiront en salle, alliant classicisme formel et critique incisive du Mexique de l'apr\u00e8s-guerre. \r\n \r\n L'actualit\u00e9 des films, des ressorties, festivals et DVD, ainsi que des hommages \u00e0 Kenneth Anger et Jean-Claude Biette compl\u00e8tent ce num\u00e9ro de juin d\u00e9fricheur et voyageur.","authors":["Collectif"],"category_codes":["6000000","6070000","6070300","6070306"],"visuals":{"large":"https:\/\/images.epagine.fr\/907\/9782377160907_1_75.jpg","medium":"https:\/\/images.epagine.fr\/907\/9782377160907_1_m.jpg","thumbnail":"https:\/\/images.epagine.fr\/907\/9782377160907_1_v.jpg"},"orderable":true,"show_badge":true,"formatted_price":"7,90&nbsp;\u20ac","formatted_published_date":"8 juin 2023","publisher_availability_label":"Sur commande","short_details":"Collectif \u2014 Revue Cahiers Du Cinema","translator":null,"weight":188,"page_count":100,"readership":null,"editor":"Revue Cahiers Du Cinema","price":790,"published_date":"2023-06-07T22:00:00.000000Z","support":"Revue","publisher_availability":1,"stock":0,"editions":[],"url":"https:\/\/quaidesbrumes.com\/ouvrage\/9782377160907\/cahiers-du-cinema-n799-asteroid-city-wes-anderson"},{"id":"9791095822080","title":"La dimension \u00e9th\u00e9rique du r\u00e9seau par Anton Bequii","description":"Avec La Dimension \u00e9th\u00e9rique du r\u00e9seau, Benoit Aquin met en sc\u00e8ne son double, Anton Bequii, pourfendeur de la soci\u00e9t\u00e9 technicienne. Il nous offre une lecture in\u00e9dite des oeuvres de ce photographe qu\u00e9b\u00e9cois et de son combat pour s'affranchir de l'emprise de la technique.\r\nSes photographies c\u00f4toient des captures d'images d'Internet dont les algorithmes ont \u00e9t\u00e9 modifi\u00e9s. Chacune de ses images d\u00e9montre l'omnipr\u00e9sence du r\u00e9seau. Le fil narratif s'accompagne d'extraits des \u00e9crits de Jacques Ellul sur la technique et la propagande, ainsi que de lettres qu'Anton Bequii adresse \u00e0 la femme qu'il aime.\r\nL'auteur d\u00e9nonce les d\u00e9rives de la soci\u00e9t\u00e9 technologique, o\u00f9 l'information est transmise \u00e0 une vitesse fulgurante. D\u00e9pass\u00e9, l'individu perd son pouvoir d'action. Benoit Aquin rejette le conformisme et questionne la fabrication du consensus social par le biais des m\u00e9dias de masse. Il proc\u00e8de ainsi \u00e0 une critique de la soci\u00e9t\u00e9 et de la technologie.\r","authors":["Beno\u00eet Aquin"],"category_codes":["6000000","6070000","6070200","6070205"],"visuals":{"large":"https:\/\/images.epagine.fr\/080\/9791095822080_1_75.jpg","medium":"https:\/\/images.epagine.fr\/080\/9791095822080_1_m.jpg","thumbnail":"https:\/\/images.epagine.fr\/080\/9791095822080_1_v.jpg"},"orderable":true,"show_badge":true,"formatted_price":"75,00&nbsp;\u20ac","formatted_published_date":"21 novembre 2019","publisher_availability_label":"Sur commande","short_details":"Beno\u00eet Aquin \u2014 \u00c9ditions Photosynth\u00e8ses","translator":null,"weight":1262,"page_count":240,"readership":null,"editor":"\u00c9ditions Photosynth\u00e8ses","price":7500,"published_date":"2019-11-20T23:00:00.000000Z","support":"Beaux-livres","publisher_availability":1,"stock":0,"editions":[],"url":"https:\/\/quaidesbrumes.com\/ouvrage\/9791095822080\/la-dimension-etherique-du-reseau-par-anton-bequii"},{"id":"9791037003041","title":"Cin\u00e9ma, mythe et id\u00e9ologie : \u00c9chos de Wagner chez Hans-Jurgen Syberberg et Werner Herzog","description":"Cet essai revient sur la mani\u00e8re dont l'oeuvre, la personnalit\u00e9 et les id\u00e9es de Richard Wagner ont marqu\u00e9 le cin\u00e9ma au travers de l'apport de deux cin\u00e9astes allemands\u00a0: Hans-J\u00fcrgen Syberberg (cinq films tourn\u00e9s entre 1972 et 1985, ainsi qu'une imposante production th\u00e9orique, pour une part in\u00e9dite en fran\u00e7ais) et Werner Herzog (une dizaine de films, avant tout documentaires). L'un comme l'autre ont en effet largement contribu\u00e9 \u00e0 la \u00ab\u00a0r\u00e9demption\u00a0\u00bb cin\u00e9matographique de Wagner, en insistant sur les ambigu\u00eft\u00e9s id\u00e9ologiques profondes du grand compositeur. Ils ne cherchent pas tant \u00e0 servir la post\u00e9rit\u00e9 de Wagner lui-m\u00eame qu'\u00e0 s'en emparer pour explorer la port\u00e9e contemporaine des aspirations romantiques au mythe que le wagn\u00e9risme a pouss\u00e9 \u00e0 ses limites. Ces conceptions se r\u00e9v\u00e8lent tr\u00e8s productives pour comprendre une certaine vision de la culture occidentale dans le contexte mondialis\u00e9 du XXIe si\u00e8cle.","authors":["Laurent Guido"],"category_codes":["6000000","6070000","6070300"],"visuals":{"large":"https:\/\/images.epagine.fr\/041\/9791037003041_1_75.jpg","medium":"https:\/\/images.epagine.fr\/041\/9791037003041_1_m.jpg","thumbnail":"https:\/\/images.epagine.fr\/041\/9791037003041_1_v.jpg"},"orderable":true,"show_badge":true,"formatted_price":"28,00&nbsp;\u20ac","formatted_published_date":"20 janvier 2020","publisher_availability_label":"Sur commande","short_details":"Laurent Guido \u2014 Hermann","translator":null,"weight":337,"page_count":276,"readership":null,"editor":"Hermann","price":2800,"published_date":"2020-01-19T23:00:00.000000Z","support":"Grand format","publisher_availability":1,"stock":0,"editions":[],"url":"https:\/\/quaidesbrumes.com\/ouvrage\/9791037003041\/cinema-mythe-et-ideologie-echos-de-wagner-chez-hans-jurgen-syberberg-et-werner-herzog"},{"id":"9782358876193","title":"Apparitions","description":"Cette s\u00e9rie d'interviews chorales donne la parole \u00e0 celles et ceux qui se battent pour plus de diversit\u00e9 \u00e0 la t\u00e9l\u00e9vision et au cin\u00e9ma, \u00e0 celles et ceux qui r\u00e9fl\u00e9chissent pour rendre intelligibles ces enjeux et enfin, aux acteurs institutionnels qui ont po","authors":["Alexandre Michelin"],"category_codes":["6000000","6070000","6070300","6070306"],"visuals":{"large":"https:\/\/images.epagine.fr\/193\/9782358876193_1_75.jpg","medium":"https:\/\/images.epagine.fr\/193\/9782358876193_1_m.jpg","thumbnail":"https:\/\/images.epagine.fr\/193\/9782358876193_1_v.jpg"},"orderable":true,"show_badge":true,"formatted_price":"16,00&nbsp;\u20ac","formatted_published_date":"21 mai 2020","publisher_availability_label":"Sur commande","short_details":"Alexandre Michelin \u2014 La Manufacture de Livres","translator":null,"weight":222,"page_count":null,"readership":null,"editor":"La Manufacture de Livres","price":1600,"published_date":"2020-05-20T22:00:00.000000Z","support":"Grand format","publisher_availability":1,"stock":0,"editions":[],"url":"https:\/\/quaidesbrumes.com\/ouvrage\/9782358876193\/apparitions"},{"id":"9782957100750","title":"Exil au f\u00e9minin","description":"Exil au F\u00e9minin\r\nRester soi-m\u00eame, en tant que femme, en tant qu'artiste, un d\u00e9fi \u00e0 relever !\r\nExil\u00e9es pour des raisons choisies ou subies, Varvara Pomidor (Russie), Rouja Lazarova (Bulgarie), Li-Chin Lin (Ta\u00efwan), Louise A. Karim (Syrie), Maha Hassan (Kurdistan\/Syrie), auteures, illustratrice, b\u00e9d\u00e9iste, com\u00e9dienne tentent de r\u00e9pondre, lors du Festival litt\u00e9raire et artistique participatif Exil au F\u00e9minin, initi\u00e9 et pilot\u00e9 par La Balade des Livres.","authors":["Rouja Lazarova","Li-chin Lin","Maha Hassan","Varvara Pomidor"],"category_codes":["6000000","6070000","6070300","6070304"],"visuals":{"large":"https:\/\/images.epagine.fr\/750\/9782957100750_1_75.jpg","medium":"https:\/\/images.epagine.fr\/750\/9782957100750_1_m.jpg","thumbnail":"https:\/\/images.epagine.fr\/750\/9782957100750_1_v.jpg"},"orderable":true,"show_badge":true,"formatted_price":"10,00&nbsp;\u20ac","formatted_published_date":"19 septembre 2025","publisher_availability_label":"Sur commande","short_details":"Rouja Lazarova, Li-chin Lin, Maha Hassan, Varvara Pomidor \u2014 La Balade Des Livres","translator":null,"weight":96,"page_count":32,"readership":null,"editor":"La Balade Des Livres","price":1000,"published_date":"2025-09-18T22:00:00.000000Z","support":"Poche","publisher_availability":1,"stock":0,"editions":[],"url":"https:\/\/quaidesbrumes.com\/ouvrage\/9782957100750\/exil-au-feminin"},{"id":"9782847205909","title":"32 photos de Valentina Kallenbach","description":"\u00ab Aujourd'hui le bilan du tsunami s'est alourdi et j'ai encore perdu mes cl\u00e9s. \u00bb Simon est journaliste et accro \u00e0 l'actualit\u00e9. Lorsqu'il perd ses cl\u00e9s, il traverse le salon de sa voisine au doux parfum de cannelle et passe par le balcon. Soudain, un mardi, il re\u00e7oit sous pli anonyme une photo. Du Diablotin, photographe trop t\u00f4t disparue et c\u00e9l\u00e8bre pour ses clich\u00e9s pris sur le vif, les deux pieds dans l'Histoire. Entre la vie de la r\u00e9dac' et ce qui s'annonce comme un jeu de piste, Simon part \u00e0 la recherche d'un toucan, d'un Mur qui tombe, de son amour perdu et du temps qui file.\r","authors":["Philippe Mouche"],"category_codes":["6000000","6070000","6070200"],"visuals":{"large":"https:\/\/images.epagine.fr\/909\/9782847205909_1_75.jpg","medium":"https:\/\/images.epagine.fr\/909\/9782847205909_1_m.jpg","thumbnail":"https:\/\/images.epagine.fr\/909\/9782847205909_1_v.jpg"},"orderable":true,"show_badge":true,"formatted_price":"19,00&nbsp;\u20ac","formatted_published_date":"1er avril 2015","publisher_availability_label":"Sur commande","short_details":"Philippe Mouche \u2014 Ga\u00efa","translator":null,"weight":366,"page_count":240,"readership":null,"editor":"Ga\u00efa","price":1900,"published_date":"2015-03-31T22:00:00.000000Z","support":"Grand format","publisher_availability":1,"stock":0,"editions":[],"url":"https:\/\/quaidesbrumes.com\/ouvrage\/9782847205909\/32-photos-de-valentina-kallenbach"},{"id":"9781635901597","title":"The letters of Mina Harker","description":"Bellamy's debut novel revives the central female character from Bram Stoker's Dracula and imagines her as an independent woman living in San Francisco during the 1980s.\r\n\r\nHypocrisy's not the problem, I think, it's allegory the breeding ground of paranoia. The act of reading into--how does one know when to stop? KK says that Dodie has the advantage because she's physical and I'm only psychic. ... The truth is: everyone is adopted. My true mother wore a turtleneck and a long braid down her back, drove a Karmann Ghia, drank Chianti in dark corners, fucked Gregroy Corso ...\r\n--Dodie Bellamy, The Letters of Mina Harker First published in 1998, Dodie Bellamy's debut novel The Letters of Mina Harker sought to resuscitate the central female character from Bram Stoker's Dracula and reimagine her as an independent woman living in San Francisco during the 1980s--a woman not unlike Dodie Bellamy. Harker confesses the most intimate details of her relationships with four different men in a series of letters. Vampirizing Mina Harker, Bellamy turns the novel into a laboratory: a series of attempted transmutations between the two women in which the real story occurs in the gaps and the slippages. Lampooning the intellectual theory-speak of that era, Bellamy's narrator fights to inhabit her own sexuality despite feelings of vulnerability and destruction. Stylish but ruthlessly unpretentious, The Letters of Mina Harker was Bellamy's first major claim to the literary space she would come to inhabit.","authors":["Dodie Bellamy"],"category_codes":["6000000","6070000","6070300","6070305"],"visuals":{"large":"https:\/\/images.epagine.fr\/597\/9781635901597_1_75.jpg","medium":"https:\/\/images.epagine.fr\/597\/9781635901597_1_m.jpg","thumbnail":"https:\/\/images.epagine.fr\/597\/9781635901597_1_v.jpg"},"orderable":true,"show_badge":true,"formatted_price":"20,00&nbsp;\u20ac","formatted_published_date":"19 octobre 2021","publisher_availability_label":"Sur commande","short_details":"Dodie Bellamy \u2014 Semiotexte","translator":null,"weight":501,"page_count":240,"readership":null,"editor":"Semiotexte","price":2000,"published_date":"2021-10-18T22:00:00.000000Z","support":"Grand format","publisher_availability":1,"stock":0,"editions":[],"url":"https:\/\/quaidesbrumes.com\/ouvrage\/9781635901597\/the-letters-of-mina-harker"},{"id":"9782363121271","title":"De la mer \u00e0 l'assiette","description":"La s\u00e9rie de la mer \u00e0 l'assiette veut montrer toutes les mains qui permettent \u00e0 un crustac\u00e9, un coquillage ou un poisson d'arriver dans l'assiette. Denis Rohou a ainsi photographi\u00e9 les hommes et femmes sur les bateaux de p\u00eache, dans la gr\u00e8ve, dans les cri\u00e9es, chez les mareyeurs, poissonniers et restaurateurs. Il partage ce travail \u00e0 l'occasion d'expositions et il participe r\u00e9guli\u00e8rement \u00e0 des concours. Il est laur\u00e9at des concours photo de mer de Vannes, de Perros-Guirec, de Roscoff... Une exposition aura lieu cet \u00e9t\u00e9 sur les bateaux de p\u00eache au port de Roscoff et sous l'eau. Ce livre permet de faire partager ce regard sur ces travailleurs de l'ombre. Il s'adresse aussi bien aux curieux qu'aux gens de la mer.\r\nC'est \u00e0 l'occasion d'un tour de Bretagne en kayak de mer en 2014 que Denis Rohou a red\u00e9couvert la photographie. D\u00e9sireux de rapporter de beaux paysages, il s'est vite rendu compte qu'il pr\u00e9f\u00e9rait aller \u00e0 la rencontre des bretons dans leur vie quotidienne. Il r\u00e9alise depuis des s\u00e9ries photographiques autour des transitions. Il essaie de figer des m\u00e9tiers, des passions qui n'existeront plus sous la m\u00eame forme dans quelques ann\u00e9es.","authors":["Daniel Rohou"],"category_codes":["6000000","6070000","6070200","6070205"],"visuals":{"large":"https:\/\/images.epagine.fr\/271\/9782363121271_1_75.jpg","medium":"https:\/\/images.epagine.fr\/271\/9782363121271_1_m.jpg","thumbnail":"https:\/\/images.epagine.fr\/271\/9782363121271_1_v.jpg"},"orderable":true,"show_badge":true,"formatted_price":"19,00&nbsp;\u20ac","formatted_published_date":"16 novembre 2022","publisher_availability_label":"Sur commande","short_details":"Daniel Rohou \u2014 Le Temps \u00c9diteur","translator":null,"weight":400,"page_count":128,"readership":null,"editor":"Le Temps \u00c9diteur","price":1900,"published_date":"2022-11-15T23:00:00.000000Z","support":"Grand format","publisher_availability":1,"stock":0,"editions":[],"url":"https:\/\/quaidesbrumes.com\/ouvrage\/9782363121271\/de-la-mer-a-lassiette"},{"id":"9782869586697","title":"\"En-qu\u00eate d'Orient\" : Destins crois\u00e9s d'arch\u00e9ologues durant l'entre-deux-guerres","description":"La collection \u00ab Patrimoine photographique \u00bb de l'\u00c9cole fran\u00e7aise d'Ath\u00e8nes renoue ici avec son int\u00e9r\u00eat pour les archives photographiques : apr\u00e8s D\u00e9los, Thasos, Philippes, les images qui sont reproduites ici nous conduisent sur les pas d'autres arch\u00e9ologues, vers l'Anatolie, le Proche Orient, l'Asie centrale. Si les clich\u00e9s ne font pas directement partie des archives de l'\u00c9cole fran\u00e7aise d'Ath\u00e8nes, ils n'en t\u00e9moignent pas moins de son histoire : en effet, les membres scientifiques de l'\u00c9cole, apr\u00e8s avoir appris l'arch\u00e9ologie \u00ab \u00e0 l'\u00e9cole de la Gr\u00e8ce \u00bb, ont souvent poursuivi leurs enqu\u00eates par-del\u00e0 ses fronti\u00e8res, \u00e0 la recherche des diff\u00e9rentes formes de l'hell\u00e9nisme, de ses m\u00e9tissages et de ses mutations. Ainsi, Paul Perdrizet, Henri Seyrig, Daniel Schlumberger, Albert Gabriel, tous li\u00e9s \u00e0 l'\u00c9cole fran\u00e7aise d'Ath\u00e8nes et \u00e0 l'universit\u00e9 de Strasbourg, ont jou\u00e9 un r\u00f4le d\u00e9terminant dans la cr\u00e9ation des instituts fran\u00e7ais de recherche arch\u00e9ologique dans le cadre du Mandat fran\u00e7ais durant l'entre-deux-guerres. Leurs images dialoguent avec celles des archives de l'EFA et de plusieurs instituts, pour restituer le regard de ces chercheurs dans leur attrait pour l'Orient mais aussi leur qu\u00eate de vestiges arch\u00e9ologiques toujours doubl\u00e9e d'une curiosit\u00e9 pour les hommes et les femmes qui ont accompagn\u00e9 cette exploration. C'est de cette aventure partag\u00e9e dont t\u00e9moigne le volume En-qu\u00eate d'Orient et je sais gr\u00e9 \u00e0 l'universit\u00e9 de Strasbourg et \u00e0 tous les auteurs de l'\u00e9quipe organisatrice pour les synergies qui ont permis de rendre visible ces trajectoires hors du commun. Fruit d'un patient travail d'identification et d'\u00e9ditorialisation de photographies jusqu'alors inconnues, l'enqu\u00eate nous conduit sur les pas de ces arch\u00e9ologues explorateurs qui, forts de leurs exp\u00e9riences grecques, ont su avant tout regarder un monde dont les mutations transparaissent d\u00e9j\u00e0 et rendre visible son patrimoine.\r\n\r\nThe 'Photographic Heritage' collection of the \u00c9cole fran\u00e7aise d'Ath\u00e8nes (EFA) is pursuing its interest in photographic archives: after Delos, Thasos and Philippi, the images reproduced here lead us in the footsteps of other archaeologists in the direction of Anatolia, the Near East and Central Asia. Although the photographs are not directly part of the archives of the French School at Athens, they nevertheless bear witness to its history: after learning archaeology 'in the school of Greece', the scientific members of the School often continued their investigations beyond its borders, in search of the different forms of Hellenism, its hybrids and its mutations. Paul Perdrizet, Henri Seyrig, Daniel Schlumberger and Albert Gabriel, all associated with the French School at Athens and the University of Strasbourg, played key roles in the creation of French archaeological research institutes under the French Mandate in the years between the World Wars. Their pictures converse with those from the archives of the EFA and a number of other institutes, re-telling the way these researchers viewed their attraction to the Orient and their quest for archaeological remains, invariably paired with a curiosity about the men and women who accompanied this exploration. The volume En-qu\u00eate d'Orient bears witness to this shared adventure, and I am grateful to the University of Strasbourg\r\nand to all the authors in the organizing team for the synergies that mean we are now given to see these out-of-the-ordinary journeys. The result of painstaking work to identify and edit hitherto unknown photographs, this investigation or 'in-quest' follows in the tracks of these archaeological explorers who, on the strength of their Greek experience, were above all able to look at a world whose changes were in the offing and to render its legacy visible.","authors":["G\u00e9raldine Mastelli Weissrock","Maria Noussis"],"category_codes":["6000000","6070000","6070200","6070205"],"visuals":{"large":"https:\/\/images.epagine.fr\/697\/9782869586697_1_75.jpg","medium":"https:\/\/images.epagine.fr\/697\/9782869586697_1_m.jpg","thumbnail":"https:\/\/images.epagine.fr\/697\/9782869586697_1_v.jpg"},"orderable":true,"show_badge":true,"formatted_price":"47,70&nbsp;\u20ac","formatted_published_date":"10 septembre 2025","publisher_availability_label":"Sur commande","short_details":"G\u00e9raldine Mastelli Weissrock, Maria Noussis \u2014 Ecole Francaise D'Athenes","translator":null,"weight":1500,"page_count":338,"readership":null,"editor":"Ecole Francaise D'Athenes","price":4770,"published_date":"2025-09-09T22:00:00.000000Z","support":"Grand format","publisher_availability":1,"stock":0,"editions":[],"url":"https:\/\/quaidesbrumes.com\/ouvrage\/9782869586697\/en-quete-dorient-destins-croises-darcheologues-durant-lentre-deux-guerres"},{"id":"9780262049030","title":"The cities we need","description":"An expressive book of prose and photographs that reveals the powerful ways our everyday places support our shared belonging.\r\n\r\nWhere would you take someone on a guided tour of your neighborhood? In The Cities We Need, photographer and urbanist Gabrielle Bendiner-Viani introduces us to the complex, political, and eminently personable stories of residents who answered this question in Brooklyn, New York, and Oakland, California. Their universal stories and Bendiner-Viani's evocative images illuminate what's at stake in our everyday places-from diners to churches to donut shops. In this culmination of two decades of research and art practice, Bendiner-Viani intertwines the personal, historical, and photographic to present us with placework, the way that unassuming places foster a sense of belonging and, in fact, do the essential work of helping us become communities.\r\n\r\nIn this unique book, Bendiner-Viani makes visible how seemingly unimportant places can lay the foundation for a functional interconnected society, so necessary for both public health and social justice. The Cities We Need explores both what we gain in these spaces and what we risk losing as they are threatened by gentrification, large-scale development, and most recently the COVID-19 pandemic. Ultimately, Bendiner-Viani shows us how to understand ourselves as part of a shared society, with a shared fate; she shows us that everyday places can be the spaces of liberation in which we can build the cities we need.","authors":["Bendiner-Viani Gabri"],"category_codes":["6000000","6070000","6070200","6070205"],"visuals":{"large":"https:\/\/images.epagine.fr\/030\/9780262049030_1_75.jpg","medium":"https:\/\/images.epagine.fr\/030\/9780262049030_1_m.jpg","thumbnail":"https:\/\/images.epagine.fr\/030\/9780262049030_1_v.jpg"},"orderable":true,"show_badge":true,"formatted_price":"44,00&nbsp;\u20ac","formatted_published_date":"27 ao\u00fbt 2024","publisher_availability_label":"Sur commande","short_details":"Bendiner-Viani Gabri \u2014 Mit Press","translator":null,"weight":1050,"page_count":288,"readership":null,"editor":"Mit Press","price":4400,"published_date":"2024-08-26T22:00:00.000000Z","support":"Grand format","publisher_availability":1,"stock":0,"editions":[],"url":"https:\/\/quaidesbrumes.com\/ouvrage\/9780262049030\/the-cities-we-need"},{"id":"9782840669715","title":"Star turns in hollywood musicals","description":"More than any other film genre, the musical of Hollywood's Golden Age depended on the presence of performers on the bill: these personalities met the expectations of the star system and, in addition, their dancing and\/or singing skills gave them a special place in a context where star images were foregrounded. This book studies what makes musical stars so specific from the 1930s on: their performances, especially solo, which also reveal how film musicals tackle highbrow and popular culture. Acts by Fred Astaire, Cyd Charisse, Rita Hayworth, Barbra Streisand, Carmen Miranda, Eleanor Powell, Bing Crosby, Bob Hope, Eddie Cantor, Doris Day and the Nicholas Brothers are analyzed according to four main issues: the role of technology in cinema-made performances (editing, dubbing...); ethnicity issues and the distinctive place that the musical genre granted - or not - to \"non-white\" artists; the importance of stars specialized in comedy who developed a carnivalesque dimension in films; and the process of star construction itself within the Hollywood system, in relation to other forms of performance or cultural industries.","authors":["& Toulza Chabrol"],"category_codes":["6000000","6070000","6070300"],"visuals":{"large":"https:\/\/images.epagine.fr\/715\/9782840669715_1_75.jpg","medium":"https:\/\/images.epagine.fr\/715\/9782840669715_1_m.jpg","thumbnail":"https:\/\/images.epagine.fr\/715\/9782840669715_1_v.jpg"},"orderable":true,"show_badge":true,"formatted_price":"24,00&nbsp;\u20ac","formatted_published_date":"1er novembre 2017","publisher_availability_label":"Sur commande","short_details":"& Toulza Chabrol \u2014 Les presses du r\u00e9el","translator":null,"weight":540,"page_count":null,"readership":null,"editor":"Les presses du r\u00e9el","price":2400,"published_date":"2017-10-31T23:00:00.000000Z","support":"Grand format","publisher_availability":1,"stock":0,"editions":[],"url":"https:\/\/quaidesbrumes.com\/ouvrage\/9782840669715\/star-turns-in-hollywood-musicals"},{"id":"9782111557376","title":"Soldats de l'image","description":"L'\u00c9tablissement de communication et de production audiovisuelle de la D\u00e9fense (ECPAD) est un op\u00e9rateur public unique en Europe. Depuis plus d'un si\u00e8cle, il r\u00e9unit les comp\u00e9tences et techniques inh\u00e9rentes \u00e0 la vie des images: production, conservation, restauration et valorisation.\r\n\r\nCet ouvrage permet de d\u00e9couvrir l'exceptionnel patrimoine humain et mat\u00e9riel de cette institution riche de plus de 13 millions de clich\u00e9s et de 36 000 films. Pierre Schoendoerffer, Claude Lelouch, ou encore Philippe de Broca y ont fait leurs armes, avant de se faire un nom. De nos jours, partout o\u00f9 les forces fran\u00e7aises sont d\u00e9ploy\u00e9es, les \"soldats de l'image\" engagent leur professionnalisme au service de l'actualit\u00e9 pour g\u00e9n\u00e9rer les archives de demain.","authors":["Collectif"],"category_codes":["6000000","6070000","6070200","6070208"],"visuals":{"large":"https:\/\/images.epagine.fr\/376\/9782111557376_1_75.jpg","medium":"https:\/\/images.epagine.fr\/376\/9782111557376_1_m.jpg","thumbnail":"https:\/\/images.epagine.fr\/376\/9782111557376_1_v.jpg"},"orderable":true,"show_badge":true,"formatted_price":"5,00&nbsp;\u20ac","formatted_published_date":"1er octobre 2019","publisher_availability_label":"Sur commande","short_details":"Collectif \u2014 Ecpad","translator":null,"weight":140,"page_count":76,"readership":null,"editor":"Ecpad","price":500,"published_date":"2019-09-30T22:00:00.000000Z","support":"Grand format","publisher_availability":1,"stock":0,"editions":[],"url":"https:\/\/quaidesbrumes.com\/ouvrage\/9782111557376\/soldats-de-limage"},{"id":"9781917651158","title":"Desatar Amores Perros","description":"Unleashing Amores Perros tells the story behind the making of Alejandro G. I\u00f1\u00e1rritu's Academy Award-nominated feature through the many individuals who brought the film to life. Comprising seventy-seven testimonials from the cast and crew - actors, cinematographers, editors, set designers, sound engineers, and production assistants - Fernando Llanos's book makes known the triumphs and challenges of the film's extraordinary production. Through these diverse perspectives, the book provides a comprehensive behind-the-scenes look at the creative force behind a film which redefined Mexican cinema upon its release in 2000. Underlining the collective vision of?Amores Perros, these interviews reveal the passion and artistry that went into each frame, honouring each person's contribution to its masterful construction.","authors":["Fernando Llanos"],"category_codes":["6000000","6070000","6070300"],"visuals":{"large":"https:\/\/images.epagine.fr\/158\/9781917651158_1_75.jpg","medium":"https:\/\/images.epagine.fr\/158\/9781917651158_1_m.jpg","thumbnail":"https:\/\/images.epagine.fr\/158\/9781917651158_1_v.jpg"},"orderable":true,"show_badge":true,"formatted_price":"20,00&nbsp;\u20ac","formatted_published_date":"1er octobre 2025","publisher_availability_label":"Sur commande","short_details":"Fernando Llanos \u2014 Mack","translator":null,"weight":505,"page_count":128,"readership":null,"editor":"Mack","price":2000,"published_date":"2025-09-30T22:00:00.000000Z","support":"Grand format","publisher_availability":1,"stock":0,"editions":[],"url":"https:\/\/quaidesbrumes.com\/ouvrage\/9781917651158\/desatar-amores-perros"},{"id":"9789462626287","title":"Bouke de vries unbroken","description":"De Nederlandse kunstenaar Bouke de Vries maakt buitengewone kunstwerken van gebroken porselein en aardewerk en afgedankte scherven. Daarmee zet hij de kijker aan het denken over wat schoonheid en perfectie is. Deze combinatie van vakmanschap en creativiteit maakt zijn kunst zowel visueel indrukwekkend als conceptueel prikkelend. Het museale werk van De Vries is opgenomen in vele toonaangevende internationale collecties en hij wordt vertegenwoordigd door vooraanstaande internationale galerie\u00ebn.","authors":["Collectif"],"category_codes":["6000000","6070000","6070200","6070206"],"visuals":{"large":"https:\/\/images.epagine.fr\/287\/9789462626287_1_75.jpg","medium":"https:\/\/images.epagine.fr\/287\/9789462626287_1_m.jpg","thumbnail":"https:\/\/images.epagine.fr\/287\/9789462626287_1_v.jpg"},"orderable":true,"show_badge":true,"formatted_price":"62,00&nbsp;\u20ac","formatted_published_date":"18 ao\u00fbt 2025","publisher_availability_label":"Sur commande","short_details":"Collectif \u2014 Acc Art Books","translator":null,"weight":1201,"page_count":176,"readership":null,"editor":"Acc Art Books","price":6200,"published_date":"2025-08-17T22:00:00.000000Z","support":"Beaux-livres","publisher_availability":1,"stock":0,"editions":[],"url":"https:\/\/quaidesbrumes.com\/ouvrage\/9789462626287\/bouke-de-vries-unbroken"},{"id":"9783960701293","title":"Ukraine 2004-2024 we had a normal life","description":"This book tells the story of a Ukraine caught between hope and destruction, between peace and war, from 2004 to 2024. 18 international photographers turn their gaze to this period in Ukraine, starting with the Orange Revolution in 2004, through the occupation of Crimea in 2014, the outbreak of war in February 2022, and into the present. They show what was once 'home' to the Ukrainians, what's been lost, and what they long to reclaim: their country, their peace, an existence without constant threat, an entirely normal life ... The images captured by these many photographers speak in different visual languages, yet they share a common message: the deep humanity that persists amidst a decades-long conflict marked by growing brutality. It's a moving chronicle of multiple perspectives and experiences-haunting, harrowing, and unforgettable. Photography cannot end wars, but it plays a vital role in enabling a deeper understanding, by making visible what is happening, and preserving a record for posterity of the things that have happened.","authors":["Collectif"],"category_codes":["6000000","6070000","6070200","6070205"],"visuals":{"large":"https:\/\/images.epagine.fr\/293\/9783960701293_1_75.jpg","medium":"https:\/\/images.epagine.fr\/293\/9783960701293_1_m.jpg","thumbnail":"https:\/\/images.epagine.fr\/293\/9783960701293_1_v.jpg"},"orderable":true,"show_badge":true,"formatted_price":"40,00&nbsp;\u20ac","formatted_published_date":"15 ao\u00fbt 2025","publisher_availability_label":"Sur commande","short_details":"Collectif \u2014 Hartmann Books","translator":null,"weight":801,"page_count":null,"readership":null,"editor":"Hartmann Books","price":4000,"published_date":"2025-08-14T22:00:00.000000Z","support":"Beaux-livres","publisher_availability":1,"stock":0,"editions":[],"url":"https:\/\/quaidesbrumes.com\/ouvrage\/9783960701293\/ukraine-2004-2024-we-had-a-normal-life"},{"id":"9781917651349","title":"Returning to benjamin art in the age of AI","description":"Walter Benjamin's essay of cultural criticism 'The Work of Art in the Age of Mechanical Reproduction' has become a 'classic' text, one which resonated through the twentieth century and beyond. In it, Benjamin suggested the mediums of photography and film had dissolved the auratic quality of art. Today, digital technology has dissolved the very category of 'medium' itself.? In this pair of succinct and pointed essays, the artist and writer Victor Burgin rereads Benjamin's 1935 text twice: first to consider the relation of art to digital reproduction, and second to reflect on the further implications of artificial intelligence. Completed by a conversation with media theorist Katrina Sluis, these texts offer a compelling engagement with the image today, arguing that the camera is now profoundly imbricated in that which is not visible.","authors":["Victor Burgin"],"category_codes":["6000000","6070000","6070200","6070204"],"visuals":{"large":"https:\/\/images.epagine.fr\/349\/9781917651349_1_75.jpg","medium":"https:\/\/images.epagine.fr\/349\/9781917651349_1_m.jpg","thumbnail":"https:\/\/images.epagine.fr\/349\/9781917651349_1_v.jpg"},"orderable":true,"show_badge":true,"formatted_price":"17,00&nbsp;\u20ac","formatted_published_date":"1er octobre 2025","publisher_availability_label":"Sur commande","short_details":"Victor Burgin \u2014 Mack","translator":null,"weight":408,"page_count":96,"readership":null,"editor":"Mack","price":1700,"published_date":"2025-09-30T22:00:00.000000Z","support":"Grand format","publisher_availability":1,"stock":0,"editions":[],"url":"https:\/\/quaidesbrumes.com\/ouvrage\/9781917651349\/returning-to-benjamin-art-in-the-age-of-ai"},{"id":"9782810005567","title":"Un d\u00e9licieux canard laquais","description":"Jean-Yves Viollier, 59 ans, a pass\u00e9 vingt ans de sa vie dans un grand quotidien sportif en tant que r\u00e9dacteur en chef technique, et seize ans dans un hebdomadaire satirique  r\u00e9put\u00e9 o\u00f9 il cumulait une double casquette de r\u00e9dacteur et de secr\u00e9taire de r\u00e9daction. \r\nDans Un d\u00e9licieux canard laquais, il nous conte, v\u00e9cu de l'int\u00e9rieur, L'Exemplaire, un hebdomadaire prestigieux qui se veut le donneur de le\u00e7ons de la presse fran\u00e7aise. Il  d\u00e9voile certains de ses titres de gloire, mais aussi des tricheries, des l\u00e2chet\u00e9s, des bassesses.  \r\nBien entendu, toute ressemblance entre L'Exemplaire et les journaux qu'a travers\u00e9s l'auteur et o\u00f9 il a laiss\u00e9 un souvenir d\u00e9testable, ne serait qu'une totale, absolue et  d\u00e9solante co\u00efncidence.\r","authors":["Jean-Yves Viollier"],"category_codes":["6000000","6070000","6070300"],"visuals":{"large":"https:\/\/images.epagine.fr\/567\/9782810005567_1_75.jpg","medium":"https:\/\/images.epagine.fr\/567\/9782810005567_1_m.jpg","thumbnail":"https:\/\/images.epagine.fr\/567\/9782810005567_1_v.jpg"},"orderable":true,"show_badge":true,"formatted_price":"18,00&nbsp;\u20ac","formatted_published_date":"16 octobre 2013","publisher_availability_label":"Sur commande","short_details":"Jean-Yves Viollier \u2014 TOUCAN","translator":null,"weight":300,"page_count":224,"readership":null,"editor":"TOUCAN","price":1800,"published_date":"2013-10-15T22:00:00.000000Z","support":"Grand format","publisher_availability":1,"stock":0,"editions":[],"url":"https:\/\/quaidesbrumes.com\/ouvrage\/9782810005567\/un-delicieux-canard-laquais"},{"id":"9782847362909","title":"George Clooney, gentleman-acteur","description":"Consid\u00e9r\u00e9 \u00e0 deux reprises (1997, 2006) par le magazine People comme l'\u00abhomme en vie le plus sexy\u00bb de la plan\u00e8te, pr\u00e9sent chaque ann\u00e9e dans de grosses productions hollywoodiennes comme dans des films ind\u00e9pendants, engag\u00e9 dans de grandes causes humanitaires comme le Darfour, George Clooney en s\u00e9duit beaucoup et en agace quelques-uns par son apparente perfection.\r\nAux Etats-Unis, on attend d'une star qu'elle projette une image glamour et affiche avec circonspection ses opinions. George Clooney, lui, n'h\u00e9site pas \u00e0 d\u00e9passer ces standards. \u00c9lev\u00e9 par un p\u00e8re journaliste engag\u00e9, il a appris \u00e0 dire haut et fort ce qu'il pense et \u00e0 se battre pour ses id\u00e9es.\r\nOmnipr\u00e9sent, surm\u00e9diatis\u00e9, Clooney est pourtant toujours \u00e9gal \u00e0 lui-m\u00eame, qu'il s'adresse \u00e0 la chanceli\u00e8re allemande Angela Merkel ou qu'il signe des autographes \u00e0 ses admirateurs. Inconnu avant l'\u00e2ge de 33 ans, il ne lui a fallu que quelques ann\u00e9es apr\u00e8s son passage dans la s\u00e9rie t\u00e9l\u00e9vis\u00e9e Urgences pour entrer dans la l\u00e9gende et devenir l'Am\u00e9ricain le plus estim\u00e9 au monde.\r\nActeur oscaris\u00e9, producteur, r\u00e9alisateur, il est aussi un des c\u00e9libataires les plus endurcis de la plan\u00e8te. Connu pourtant pour sa longue liaison v\u00e9cue avec une Fran\u00e7aise, il continue d'encha\u00eener les aventures tout en assumant son statut de play-boy.\r\n\r\nAnecdotes in\u00e9dites, t\u00e9moignages de proches, secrets de tournage... Un r\u00e9cit passionnant sur la vie, l'oeuvre cin\u00e9matographique et l'engagement politique du c\u00e9l\u00e8bre acteur am\u00e9ricain.\r\n\r\nKarine Cohen-Dicker est journaliste sp\u00e9cialis\u00e9e en cin\u00e9ma. Elle vit actuellement entre les Etats-Unis et la France.","authors":["Karine Cohen-dicker"],"category_codes":["6000000","6070000","6070300"],"visuals":{"large":"https:\/\/images.epagine.fr\/909\/9782847362909_1_75.jpg","medium":"https:\/\/images.epagine.fr\/909\/9782847362909_1_m.jpg","thumbnail":"https:\/\/images.epagine.fr\/909\/9782847362909_1_v.jpg"},"orderable":true,"show_badge":true,"formatted_price":"18,30&nbsp;\u20ac","formatted_published_date":"17 avril 2008","publisher_availability_label":"Sur commande","short_details":"Karine Cohen-dicker \u2014 Nouveau Monde \u00c9ditions","translator":null,"weight":410,"page_count":280,"readership":null,"editor":"Nouveau Monde \u00c9ditions","price":1830,"published_date":"2008-04-16T22:00:00.000000Z","support":"Grand format","publisher_availability":1,"stock":0,"editions":[],"url":"https:\/\/quaidesbrumes.com\/ouvrage\/9782847362909\/george-clooney-gentleman-acteur"},{"id":"9791036700446","title":"Encyclop\u00e9die du cin\u00e9ma chinois A-F","description":null,"authors":["Raymond Delambre"],"category_codes":["6000000","6070000","6070300","6070302"],"visuals":{"large":"https:\/\/images.epagine.fr\/446\/9791036700446_1_75.jpg","medium":"https:\/\/images.epagine.fr\/446\/9791036700446_1_m.jpg","thumbnail":"https:\/\/images.epagine.fr\/446\/9791036700446_1_v.jpg"},"orderable":true,"show_badge":true,"formatted_price":"29,00&nbsp;\u20ac","formatted_published_date":"1er janvier 2019","publisher_availability_label":"Sur commande","short_details":"Raymond Delambre \u2014 YOU FENG","translator":null,"weight":1025,"page_count":null,"readership":null,"editor":"YOU FENG","price":2900,"published_date":"2018-12-31T23:00:00.000000Z","support":"Grand format","publisher_availability":1,"stock":0,"editions":[],"url":"https:\/\/quaidesbrumes.com\/ouvrage\/9791036700446\/encyclopedie-du-cinema-chinois-a-f"},{"id":"9791036700453","title":"Encyclop\u00e9die du cin\u00e9ma chinois G-P","description":null,"authors":["Raymond Delambre"],"category_codes":["6000000","6070000","6070300","6070302"],"visuals":{"large":"https:\/\/images.epagine.fr\/453\/9791036700453_1_75.jpg","medium":"https:\/\/images.epagine.fr\/453\/9791036700453_1_m.jpg","thumbnail":"https:\/\/images.epagine.fr\/453\/9791036700453_1_v.jpg"},"orderable":true,"show_badge":true,"formatted_price":"32,00&nbsp;\u20ac","formatted_published_date":"1er janvier 2019","publisher_availability_label":"Sur commande","short_details":"Raymond Delambre \u2014 YOU FENG","translator":null,"weight":1070,"page_count":null,"readership":null,"editor":"YOU FENG","price":3200,"published_date":"2018-12-31T23:00:00.000000Z","support":"Grand format","publisher_availability":1,"stock":0,"editions":[],"url":"https:\/\/quaidesbrumes.com\/ouvrage\/9791036700453\/encyclopedie-du-cinema-chinois-g-p"},{"id":"9791036700460","title":"Encyclopedie du cinema chinois q-z","description":null,"authors":["Delambre Raymond"],"category_codes":["6000000","6070000","6070300","6070306"],"visuals":{"large":"https:\/\/quaidesbrumes.com\/img\/book-placeholder.png","medium":"https:\/\/quaidesbrumes.com\/img\/book-placeholder.png","thumbnail":"https:\/\/quaidesbrumes.com\/img\/book-placeholder.png"},"orderable":true,"show_badge":true,"formatted_price":"29,00&nbsp;\u20ac","formatted_published_date":"1er janvier 2019","publisher_availability_label":"Sur commande","short_details":"Delambre Raymond \u2014 YOU FENG","translator":null,"weight":1025,"page_count":null,"readership":null,"editor":"YOU FENG","price":2900,"published_date":"2018-12-31T23:00:00.000000Z","support":"Grand format","publisher_availability":1,"stock":0,"editions":[],"url":"https:\/\/quaidesbrumes.com\/ouvrage\/9791036700460\/encyclopedie-du-cinema-chinois-q-z"},{"id":"9782914602006","title":"Photographies de loi nguyen khoa hue 1930-1960","description":null,"authors":["Loi Nguyen Khoa"],"category_codes":["6000000","6070000","6070200","6070204"],"visuals":{"large":"https:\/\/quaidesbrumes.com\/img\/book-placeholder.png","medium":"https:\/\/quaidesbrumes.com\/img\/book-placeholder.png","thumbnail":"https:\/\/quaidesbrumes.com\/img\/book-placeholder.png"},"orderable":true,"show_badge":true,"formatted_price":"23,50&nbsp;\u20ac","formatted_published_date":"1er avril 2001","publisher_availability_label":"Sur commande","short_details":"Loi Nguyen Khoa \u2014 YOU FENG","translator":null,"weight":964,"page_count":null,"readership":null,"editor":"YOU FENG","price":2350,"published_date":"2001-03-31T22:00:00.000000Z","support":"Grand format","publisher_availability":1,"stock":0,"editions":[],"url":"https:\/\/quaidesbrumes.com\/ouvrage\/9782914602006\/photographies-de-loi-nguyen-khoa-hue-1930-1960"},{"id":"9781907071416","title":"David armstrong polaroids","description":null,"authors":["Armstrong David"],"category_codes":["6000000","6070000","6070200","6070205"],"visuals":{"large":"https:\/\/quaidesbrumes.com\/img\/book-placeholder.png","medium":"https:\/\/quaidesbrumes.com\/img\/book-placeholder.png","thumbnail":"https:\/\/quaidesbrumes.com\/img\/book-placeholder.png"},"orderable":true,"show_badge":true,"formatted_price":"40,00&nbsp;\u20ac","formatted_published_date":"15 d\u00e9cembre 2015","publisher_availability_label":"Sur commande","short_details":"Armstrong David \u2014 Morel Books","translator":null,"weight":503,"page_count":null,"readership":null,"editor":"Morel Books","price":4000,"published_date":"2015-12-14T23:00:00.000000Z","support":"Grand format","publisher_availability":1,"stock":0,"editions":[],"url":"https:\/\/quaidesbrumes.com\/ouvrage\/9781907071416\/david-armstrong-polaroids"},{"id":"9782732429021","title":"Daniel buren - mot a mot","description":null,"authors":["Collectif"],"category_codes":["6000000","6070000","6070200"],"visuals":{"large":"https:\/\/images.epagine.fr\/021\/9782732429021_1_75.jpg","medium":"https:\/\/images.epagine.fr\/021\/9782732429021_1_m.jpg","thumbnail":"https:\/\/images.epagine.fr\/021\/9782732429021_1_v.jpg"},"orderable":true,"show_badge":true,"formatted_price":"80,00&nbsp;\u20ac","formatted_published_date":"6 juin 2008","publisher_availability_label":"Sur commande","short_details":"Collectif \u2014 Atelier EXB","translator":null,"weight":2735,"page_count":null,"readership":null,"editor":"Atelier EXB","price":8000,"published_date":"2008-06-05T22:00:00.000000Z","support":"Grand format","publisher_availability":1,"stock":0,"editions":[],"url":"https:\/\/quaidesbrumes.com\/ouvrage\/9782732429021\/daniel-buren-mot-a-mot"}]}