{"data":[{"id":"9783858815750","title":"James licini 15 stahlbauten in ascona \/allemand","description":null,"authors":[],"category_codes":["6000000","6070000","6070200"],"visuals":{"large":"https:\/\/images.epagine.fr\/750\/9783858815750_1_75.jpg","medium":"https:\/\/images.epagine.fr\/750\/9783858815750_1_m.jpg","thumbnail":"https:\/\/images.epagine.fr\/750\/9783858815750_1_v.jpg"},"orderable":true,"show_badge":true,"formatted_price":"48,00&nbsp;\u20ac","formatted_published_date":"1er janvier 2018","publisher_availability_label":"Sur commande","short_details":"Scheidegger & Spiess","translator":null,"weight":1000,"page_count":null,"readership":null,"editor":"Scheidegger & Spiess","price":4800,"published_date":"2017-12-31T23:00:00.000000Z","support":"Grand format","publisher_availability":1,"stock":0,"editions":[],"url":"https:\/\/quaidesbrumes.com\/ouvrage\/9783858815750\/james-licini-15-stahlbauten-in-ascona-allemand"},{"id":"9783959052054","title":"Natalie Czech : To icon","description":"The most recent works of German photographer Natalie Czech (born 1976) explore the icon and the pictogram. She photographs items of clothing in a commercial style and highlights the icons in the images through digital intervention and captions.","authors":["Natalie Czech"],"category_codes":["6000000","6070000","6070200","6070205"],"visuals":{"large":"https:\/\/images.epagine.fr\/054\/9783959052054_1_75.jpg","medium":"https:\/\/images.epagine.fr\/054\/9783959052054_1_m.jpg","thumbnail":"https:\/\/images.epagine.fr\/054\/9783959052054_1_v.jpg"},"orderable":true,"show_badge":true,"formatted_price":"32,00&nbsp;\u20ac","formatted_published_date":"25 janvier 2024","publisher_availability_label":"Sur commande","short_details":"Natalie Czech \u2014 Spector Books","translator":null,"weight":1133,"page_count":128,"readership":null,"editor":"Spector Books","price":3200,"published_date":"2024-01-24T23:00:00.000000Z","support":"Grand format","publisher_availability":1,"stock":0,"editions":[],"url":"https:\/\/quaidesbrumes.com\/ouvrage\/9783959052054\/natalie-czech-to-icon"},{"id":"9788417048785","title":"PHOTOBOLSILLO : Jean-Marie del Moral","description":"Jean Marie del Moral started his career in the 1970s, when he photographed the social movements that were taking place in France and the Carnation Revolution in Portugal for left-wing newspapers. After, he started capturing the studios of famous artists beginning with Joan Mir\u00f3's in Palma (Spain) in 1978. From then on, he would follow the imagery of countless Spanish and international artists. His work has been published in prestigious international magazines. His first solo exhibitions took place in 1987 and 1988. He has also directed documentaries on Pablo Picasso and Miquel Barcel\u00f3.\r","authors":["Del Moral"],"category_codes":["6000000","6070000","6070200"],"visuals":{"large":"https:\/\/images.epagine.fr\/785\/9788417048785_1_75.jpg","medium":"https:\/\/images.epagine.fr\/785\/9788417048785_1_m.jpg","thumbnail":"https:\/\/images.epagine.fr\/785\/9788417048785_1_v.jpg"},"orderable":true,"show_badge":true,"formatted_price":"19,95&nbsp;\u20ac","formatted_published_date":"1er septembre 2018","publisher_availability_label":"Sur commande","short_details":"Del Moral \u2014 La Fabrica","translator":null,"weight":401,"page_count":96,"readership":null,"editor":"La Fabrica","price":1995,"published_date":"2018-08-31T22:00:00.000000Z","support":"Poche","publisher_availability":1,"stock":0,"editions":[],"url":"https:\/\/quaidesbrumes.com\/ouvrage\/9788417048785\/photobolsillo-jean-marie-del-moral"},{"id":"9783959052405","title":"Jochen Lempert : some plant volatiles","description":"German photographer Jochen Lempert's (born 1958) images resemble scientific photographs in both composition and titling. Some Plant Volatiles accompanies exhibitions in Vienna and Zagreb in which Lempert worked exclusively within the parameters of display cabinets, the format of which is echoed in the design of the book's pages.\r","authors":["Jochen Lempert"],"category_codes":["6000000","6070000","6070200","6070205"],"visuals":{"large":"https:\/\/images.epagine.fr\/405\/9783959052405_1_75.jpg","medium":"https:\/\/images.epagine.fr\/405\/9783959052405_1_m.jpg","thumbnail":"https:\/\/images.epagine.fr\/405\/9783959052405_1_v.jpg"},"orderable":false,"show_badge":true,"formatted_price":"42,00&nbsp;\u20ac","formatted_published_date":"15 juin 2026","publisher_availability_label":"\u00c0 para\u00eetre","short_details":"Jochen Lempert \u2014 Spector Books","translator":null,"weight":0,"page_count":32,"readership":null,"editor":"Spector Books","price":4200,"published_date":"2026-06-14T22:00:00.000000Z","support":"Grand format","publisher_availability":2,"stock":0,"editions":[],"url":"https:\/\/quaidesbrumes.com\/ouvrage\/9783959052405\/jochen-lempert-some-plant-volatiles"},{"id":"9782490161027","title":"Noches fieras savage nights 1970\/2017","description":"Jamais compl\u00e8tement noires, les nuits sud-am\u00e9ricaines sont le th\u00e9\u00e2tre de la violence, de la peur, de la d\u00e9ch\u00e9ance et de la nostalgie. Elles sont aussi le terrain de jeu des photographes qui profitent du spectacle pour immortaliser en clich\u00e9s cette f\u00eate am\u00e8re qui ne conna\u00eet pas de fin. Noches Fieras compile les photographies nocturnes de 37 artistes contemporains mexicains, chiliens, br\u00e9silien, p\u00e9ruvien, argentins, v\u00e9n\u00e9zu\u00e9liens ou colombiens, capturant la solitude, le d\u00e9sir et la r\u00e9volution qui reviennent inlassablement hanter l'imaginaire et le quotidien de ce continent.\r","authors":["Fabry Alexis"],"category_codes":["6000000","6070000","6070200"],"visuals":{"large":"https:\/\/images.epagine.fr\/027\/9782490161027_1_75.jpg","medium":"https:\/\/images.epagine.fr\/027\/9782490161027_1_m.jpg","thumbnail":"https:\/\/images.epagine.fr\/027\/9782490161027_1_v.jpg"},"orderable":true,"show_badge":true,"formatted_price":"45,00&nbsp;\u20ac","formatted_published_date":"14 septembre 2018","publisher_availability_label":"Sur commande","short_details":"Fabry Alexis \u2014 Toluca","translator":null,"weight":2300,"page_count":288,"readership":null,"editor":"Toluca","price":4500,"published_date":"2018-09-13T22:00:00.000000Z","support":"Grand format","publisher_availability":1,"stock":0,"editions":[],"url":"https:\/\/quaidesbrumes.com\/ouvrage\/9782490161027\/noches-fieras-savage-nights-19702017"},{"id":"9783959052979","title":"Marge monko diamonds against stones","description":null,"authors":["Monko Marge"],"category_codes":["6000000","6070000","6070200"],"visuals":{"large":"https:\/\/images.epagine.fr\/979\/9783959052979_1_75.jpg","medium":"https:\/\/images.epagine.fr\/979\/9783959052979_1_m.jpg","thumbnail":"https:\/\/images.epagine.fr\/979\/9783959052979_1_v.jpg"},"orderable":true,"show_badge":true,"formatted_price":"27,00&nbsp;\u20ac","formatted_published_date":"9 octobre 2019","publisher_availability_label":"Sur commande","short_details":"Monko Marge \u2014 Spector Books","translator":null,"weight":601,"page_count":160,"readership":null,"editor":"Spector Books","price":2700,"published_date":"2019-10-08T22:00:00.000000Z","support":"Grand format","publisher_availability":1,"stock":0,"editions":[],"url":"https:\/\/quaidesbrumes.com\/ouvrage\/9783959052979\/marge-monko-diamonds-against-stones"},{"id":"9783858816337","title":"Andreas greber","description":null,"authors":["Greber Andreas"],"category_codes":["6000000","6070000","6070200"],"visuals":{"large":"https:\/\/images.epagine.fr\/337\/9783858816337_1_75.jpg","medium":"https:\/\/images.epagine.fr\/337\/9783858816337_1_m.jpg","thumbnail":"https:\/\/images.epagine.fr\/337\/9783858816337_1_v.jpg"},"orderable":true,"show_badge":true,"formatted_price":"48,00&nbsp;\u20ac","formatted_published_date":"1er avril 2019","publisher_availability_label":"Sur commande","short_details":"Greber Andreas \u2014 Scheidegger & Spiess","translator":null,"weight":600,"page_count":96,"readership":null,"editor":"Scheidegger & Spiess","price":4800,"published_date":"2019-03-31T22:00:00.000000Z","support":"Grand format","publisher_availability":1,"stock":0,"editions":[],"url":"https:\/\/quaidesbrumes.com\/ouvrage\/9783858816337\/andreas-greber"},{"id":"9781590055038","title":"Susan a. zadeh drowned in a dream","description":null,"authors":["Zadeh Susan A."],"category_codes":["6000000","6070000","6070200"],"visuals":{"large":"https:\/\/images.epagine.fr\/038\/9781590055038_1_75.jpg","medium":"https:\/\/images.epagine.fr\/038\/9781590055038_1_m.jpg","thumbnail":"https:\/\/images.epagine.fr\/038\/9781590055038_1_v.jpg"},"orderable":true,"show_badge":true,"formatted_price":"60,00&nbsp;\u20ac","formatted_published_date":"10 avril 2019","publisher_availability_label":"Sur commande","short_details":"Zadeh Susan A. \u2014 Nazraeli","translator":null,"weight":1201,"page_count":null,"readership":null,"editor":"Nazraeli","price":6000,"published_date":"2019-04-09T22:00:00.000000Z","support":"Grand format","publisher_availability":1,"stock":0,"editions":[],"url":"https:\/\/quaidesbrumes.com\/ouvrage\/9781590055038\/susan-a-zadeh-drowned-in-a-dream"},{"id":"9781590055113","title":"Melba levick mission san miguel arcangel","description":null,"authors":["Melba Levick"],"category_codes":["6000000","6070000","6070200"],"visuals":{"large":"https:\/\/images.epagine.fr\/113\/9781590055113_1_75.jpg","medium":"https:\/\/images.epagine.fr\/113\/9781590055113_1_m.jpg","thumbnail":"https:\/\/images.epagine.fr\/113\/9781590055113_1_v.jpg"},"orderable":true,"show_badge":true,"formatted_price":"65,00&nbsp;\u20ac","formatted_published_date":"30 octobre 2019","publisher_availability_label":"Sur commande","short_details":"Melba Levick \u2014 Nazraeli","translator":null,"weight":750,"page_count":68,"readership":null,"editor":"Nazraeli","price":6500,"published_date":"2019-10-29T23:00:00.000000Z","support":"Grand format","publisher_availability":1,"stock":0,"editions":[],"url":"https:\/\/quaidesbrumes.com\/ouvrage\/9781590055113\/melba-levick-mission-san-miguel-arcangel"},{"id":"9782343255460","title":"Op\u00e9ra : art passeiste ou visionnaire ? de la Scala au cinerama","description":"Le tournant du si\u00e8cle \u00e0 peine franchi, de grands compositeurs d'op\u00e9ras comme Richard Strauss ou Pietro Mascagni s'int\u00e9ressaient \u00e0 cette nouvelle forme d'expression appel\u00e9e cin\u00e9matographe. Les premiers cr\u00e9ateurs sur pellicule, eux, puisaient dans le corpus des op\u00e9ras franco-italiens pour \u00e9laborer des sc\u00e9narios susceptibles d'attirer un large public. Certains m\u00e9lomanes passionn\u00e9s et critiques professionnels rechignaient \u00e0 cautionner ce mariage hybride, usant de nombreux arguments. Le plus radical revendiquait un droit de \u00ab propri\u00e9t\u00e9 priv\u00e9e \u00bb sur l'op\u00e9ra, ses parures et ses dorures.  Le cin\u00e9ma, c'\u00e9tait bon pour le peuple, pas pour les connaisseurs patent\u00e9s. Mais peu \u00e0 peu, il se lib\u00e9rait des foires et du grand-guignol pour pr\u00e9tendre \u00e0 un v\u00e9ritable statut artistique, un septi\u00e8me art qui allait rapidement phagocyter les six pr\u00e9c\u00e9dents. Au moment o\u00f9 les expressions musicales sont transmut\u00e9es par les technologies refondatrices de l'image et du son, o\u00f9 se dirige aujourd'hui cet art h\u00e9rit\u00e9 des soci\u00e9t\u00e9s aristo-bourgeoises des si\u00e8cles pass\u00e9s ? vers une mort annonc\u00e9e, ou vers une renaissance paradoxale ?","authors":["Francis Gayte"],"category_codes":["6000000","6070000","6070300"],"visuals":{"large":"https:\/\/images.epagine.fr\/460\/9782343255460_1_75.jpg","medium":"https:\/\/images.epagine.fr\/460\/9782343255460_1_m.jpg","thumbnail":"https:\/\/images.epagine.fr\/460\/9782343255460_1_v.jpg"},"orderable":true,"show_badge":true,"formatted_price":"39,00&nbsp;\u20ac","formatted_published_date":"26 janvier 2023","publisher_availability_label":"Sur commande","short_details":"Francis Gayte \u2014 \u00c9ditions L'Harmattan","translator":null,"weight":590,"page_count":434,"readership":null,"editor":"\u00c9ditions L'Harmattan","price":3900,"published_date":"2023-01-25T23:00:00.000000Z","support":"Grand format","publisher_availability":1,"stock":0,"editions":[],"url":"https:\/\/quaidesbrumes.com\/ouvrage\/9782343255460\/opera-art-passeiste-ou-visionnaire-de-la-scala-au-cinerama"},{"id":"9788410290174","title":"Mohamed Hassan : Our hidden room","description":"Ganador del \"Star Photobook Dummy Award 2024\", consolid\u00e1ndose como una obra excepcional en narrativa visual y memoria.\r\n\r\nOur Hidden Room combina fotograf\u00eda y narraci\u00f3n para ofrecer un retrato crudo e \u00edntimo de la compleja, pero amorosa, relaci\u00f3n entre un padre y su hijo, marcada tanto por la ternura como por el dolor.\r\n\r\nUn testimonio del poder del arte para dar voz, convertir el sufrimiento en significado y encontrar belleza incluso en la p\u00e9rdida.\r\n\r\n\"Esto es sobre mi padre. Esto es sobre m\u00ed. Esto es sobre nuestra habitaci\u00f3n oculta.\" Our Hidden Room es un relato \u00edntimo y conmovedor sobre la vida del padre del autor, un hombre marcado por la adversidad, la pasi\u00f3n por la fotograf\u00eda y la lucha contra la enfermedad mental. A trav\u00e9s de seis cap\u00edtulos, la historia recorre desde su infancia dif\u00edcil en un orfanato de Alejandr\u00eda hasta su paso por el ej\u00e9rcito egipcio, donde encontr\u00f3 en la fotograf\u00eda un refugio y una forma de expresi\u00f3n. Con un tono reflexivo y personal, el autor explora el legado de su padre, su impacto en su propia identidad y la manera en que la fotograf\u00eda se convierte en un medio para comprender el mundo y reivindicar la memoria. Es una historia sobre la resiliencia, el arte como testimonio y la b\u00fasqueda de sentido en medio del dolor.","authors":["Mohamed Hassan"],"category_codes":["6000000","6070000","6070200","6070205"],"visuals":{"large":"https:\/\/images.epagine.fr\/174\/9788410290174_1_75.jpg","medium":"https:\/\/images.epagine.fr\/174\/9788410290174_1_m.jpg","thumbnail":"https:\/\/images.epagine.fr\/174\/9788410290174_1_v.jpg"},"orderable":true,"show_badge":true,"formatted_price":"42,00&nbsp;\u20ac","formatted_published_date":"15 juillet 2025","publisher_availability_label":"Sur commande","short_details":"Mohamed Hassan \u2014 Rm Editorial","translator":null,"weight":799,"page_count":126,"readership":"Tout public","editor":"Rm Editorial","price":4200,"published_date":"2025-07-14T22:00:00.000000Z","support":"Beaux-livres","publisher_availability":1,"stock":0,"editions":[],"url":"https:\/\/quaidesbrumes.com\/ouvrage\/9788410290174\/mohamed-hassan-our-hidden-room"},{"id":"9782385891053","title":"Gardiens des Cr\u00eates","description":"Au fil des pages, ce livre a pour but de vous faire d\u00e9couvrir une esp\u00e8ce commune, mais n\u00e9anmoins embl\u00e9matique du massif jurassien : le chamois. Depuis mes d\u00e9buts en photographie, je voue une affection particuli\u00e8re \u00e0 cette esp\u00e8ce, que j'ai appris \u00e0 conna\u00eetre au gr\u00e9 des balades sur les cr\u00eates montagneuses.\r\n\r\nDu lever du soleil \u00e0 la pleine lune, de la temp\u00eate de neige aux champs fleuris du printemps, chaque photographie et chaque texte du livre ont pour vocation de vous plonger dans l'intimit\u00e9 de la vie des chamois et de vous faire vivre ces magnifiques rencontres \u00e0 mes c\u00f4t\u00e9s.","authors":["Steve Amizet"],"category_codes":["6000000","6070000","6070200"],"visuals":{"large":"https:\/\/images.epagine.fr\/053\/9782385891053_1_75.jpg","medium":"https:\/\/images.epagine.fr\/053\/9782385891053_1_m.jpg","thumbnail":"https:\/\/images.epagine.fr\/053\/9782385891053_1_v.jpg"},"orderable":true,"show_badge":true,"formatted_price":"43,90&nbsp;\u20ac","formatted_published_date":"18 septembre 2025","publisher_availability_label":"Sur commande","short_details":"Steve Amizet \u2014 DASHBOOK","translator":null,"weight":1210,"page_count":194,"readership":null,"editor":"DASHBOOK","price":4390,"published_date":"2025-09-17T22:00:00.000000Z","support":"Grand format","publisher_availability":1,"stock":0,"editions":[],"url":"https:\/\/quaidesbrumes.com\/ouvrage\/9782385891053\/gardiens-des-cretes"},{"id":"9791280336286","title":"A War Play","description":"Le projet est n\u00e9 d'une image st\u00e9r\u00e9oscopique du peintre Giuseppe Augusto Levis (1879-1926), issue d'une s\u00e9rie d'oeuvres consacr\u00e9es \u00e0 la repr\u00e9sentation historique de la Premi\u00e8re Guerre mondiale. Levis a construit des tableaux vivants en utilisant des paysans de la r\u00e9gion (Pi\u00e9mont), embauch\u00e9s pour l'occasion. Squillacciotti travaille sur la retemporalisation de l'oeuvre dans le contexte contemporain, en ajoutant des niveaux suppl\u00e9mentaires \u00e0 la mise en sc\u00e8ne. Le livre retrace le projet d'un point de vue th\u00e9orico-narratif, r\u00e9unissant les contributions des commissaires, ARTECO et CRIPTA747, ainsi que des chercheurs Vittoria Martini et Kamil Dalkir, qui s'interrogent sur la mani\u00e8re dans laquelle les constructions visuelles peuvent influencer la perception et l'interpr\u00e9tation du spectateur, en devan\u00e7ant et parfois en subvertissant la v\u00e9racit\u00e9 de la narration.","authors":["Giulio Squillacciotti","Vittoria Martini","Arteco Cripta747","Kamil Dalkir"],"category_codes":["6000000","6070000","6070400"],"visuals":{"large":"https:\/\/images.epagine.fr\/286\/9791280336286_1_75.jpg","medium":"https:\/\/images.epagine.fr\/286\/9791280336286_1_m.jpg","thumbnail":"https:\/\/images.epagine.fr\/286\/9791280336286_1_v.jpg"},"orderable":true,"show_badge":true,"formatted_price":"24,00&nbsp;\u20ac","formatted_published_date":"28 f\u00e9vrier 2025","publisher_availability_label":"Sur commande","short_details":"Giulio Squillacciotti, Vittoria Martini, Arteco Cripta747, Kamil Dalkir \u2014 Humboldt Books","translator":null,"weight":483,"page_count":64,"readership":null,"editor":"Humboldt Books","price":2400,"published_date":"2025-02-27T23:00:00.000000Z","support":"Grand format","publisher_availability":1,"stock":0,"editions":[],"url":"https:\/\/quaidesbrumes.com\/ouvrage\/9791280336286\/a-war-play"},{"id":"9782742795413","title":"Picto ; 1950-2010 : voir avec le regard de l'autre","description":"En 1950, Pierre Gassmann cr\u00e9e, rue de la Com\u00e8te \u00e0 Paris, le modeste laboratoire PICTORIAL Services. Amateur passionn\u00e9 de photographie et complice de Brassa\u00ef, technicien hors pair et personnalit\u00e9 charismatique, Gassmann, soutenu par ses amis photographes (dont certains viennent de fonder l'agence Magnum), se lance solitairement dans une entreprise commerciale quasi inconnue en France: le tirage haut de gamme d'\u00e9preuves photographiques.\r\nSoixante ans et quelques r\u00e9volutions technologiques plus tard, le laboratoire PICTO poursuit son activit\u00e9 et son d\u00e9veloppement en s'attachant \u00e0 perp\u00e9tuer la volont\u00e9 initiale de son fondateur : faire du technicien le complice d\u00e9vou\u00e9 de l'artiste. Le bilan de cette exigence, maintenue \u00e0 travers six d\u00e9cennies, se lit aussi d\u00e8s lors comme un pan de l'histoire de la photographie. Des vintages des heures h\u00e9ro\u00efques aux tirages num\u00e9riques contemporains ornant les cimaises mus\u00e9ales, des grands noms des ma\u00eetres de la photographie aux jeunes talents en devenir, une somme iconographique exceptionnelle s'offre d\u00e9sormais \u00e0 la contemplation de tous.\r\nDans le nom inaugural voulu par son cr\u00e9ateur, il convient de retenir le mot \u00abServices\u00bb. Il dit \u00e0 lui seul la mani\u00e8re dont PICTO envisage la fonction et le r\u00f4le du technicien, qu'il soit tireur, retoucheur ou sp\u00e9cialiste de telle ou telle technologie: \u00abLa technique ne doit \u00eatre que l'intendance mise au service du photographe\u00bb \u00e9crit Pierre Gassmann, convaincu que dans des dispositifs aussi complexes que ceux qui aboutissent \u00e0 toute photographie, la volont\u00e9 et la cr\u00e9ativit\u00e9 de l'artiste doivent rester souverainement libres et ind\u00e9pendantes.\r\nPlus encore, \u00abServices\u00bb vient rappeler qu'au-del\u00e0 de la valeur v\u00e9nale de toute prestation, se joue entre le photographe et \u00abson\u00bb tireur une relation d'une nature tout \u00e0 fait singuli\u00e8re, o\u00f9 la qu\u00eate d'une certaine perfection installe un \u00e9change, un dialogue qui ne peut se construire que dans l'oubli du temps pass\u00e9. Attentif mais non directif, le technicien de laboratoire est \u00e0 la fois complice et t\u00e9moin de l'av\u00e8nement final de l'oeuvre, d'o\u00f9 le sens aigu de la responsabilit\u00e9 et de la discr\u00e9tion qui l'anime.\r\n\u00c0 travers les quelque cent cinquante photographies pr\u00e9sent\u00e9es dans cet ouvrage, on pourra d\u00e9couvrir un panorama des talents qui ont constitu\u00e9 la saga PICTO, parmi lesquels : \u00c9douard Boubat, Fr\u00e9d\u00e9ric Brenner, Henri Cartier-Bresson, Jean-Louis Courtinat, Raymond Depardon, Ernst Haas, Peter Knapp, Man Ray, Sarah Moon, Mathieu Pernot, \u00c9ric Valli, Kimiko Yoshida, et tant d'autres.\r\nLes textes et entretiens du critique Herv\u00e9 Le Goff, qui composent \u00e9galement ce livre r\u00e9trospectif, permettent de retracer les formidables mutations technologiques qui ont travers\u00e9 le champ de la photographie, de l'argentique aux pixels et du n\u00e9gatif des origines \u00e0 la num\u00e9risation des images, et nous font d\u00e9couvrir les t\u00e9moignages in\u00e9dits de photographes, tireurs, retoucheurs, techniciens et techniciennes qui tissent au quotidien les fils d'une complicit\u00e9 que l'\u00e8re moderne n'a pas d\u00e9nou\u00e9s.\r","authors":["Christian Caujolle"],"category_codes":["6000000","6070000","6070200"],"visuals":{"large":"https:\/\/images.epagine.fr\/413\/9782742795413_1_75.jpg","medium":"https:\/\/images.epagine.fr\/413\/9782742795413_1_m.jpg","thumbnail":"https:\/\/images.epagine.fr\/413\/9782742795413_1_v.jpg"},"orderable":true,"show_badge":true,"formatted_price":"39,60&nbsp;\u20ac","formatted_published_date":"8 janvier 2011","publisher_availability_label":"Sur commande","short_details":"Christian Caujolle \u2014 Actes Sud","translator":null,"weight":1378,"page_count":200,"readership":null,"editor":"Actes Sud","price":3960,"published_date":"2011-01-07T23:00:00.000000Z","support":"Beaux-livres","publisher_availability":1,"stock":0,"editions":[],"url":"https:\/\/quaidesbrumes.com\/ouvrage\/9782742795413\/picto-1950-2010-voir-avec-le-regard-de-lautre"},{"id":"9791031000459","title":"Un h\u00f4tel en province","description":"Livre de photos\/textes n\/b. du photographe Michel Portier.","authors":["Michel Portier"],"category_codes":["6000000","6070000","6070200","6070205"],"visuals":{"large":"https:\/\/images.epagine.fr\/459\/9791031000459_1_75.jpg","medium":"https:\/\/images.epagine.fr\/459\/9791031000459_1_m.jpg","thumbnail":"https:\/\/images.epagine.fr\/459\/9791031000459_1_v.jpg"},"orderable":true,"show_badge":true,"formatted_price":"16,00&nbsp;\u20ac","formatted_published_date":"6 octobre 2015","publisher_availability_label":"Sur commande","short_details":"Michel Portier \u2014 Presses Litteraires","translator":null,"weight":489,"page_count":202,"readership":null,"editor":"Presses Litteraires","price":1600,"published_date":"2015-10-05T22:00:00.000000Z","support":"Grand format","publisher_availability":1,"stock":0,"editions":[],"url":"https:\/\/quaidesbrumes.com\/ouvrage\/9791031000459\/un-hotel-en-province"},{"id":"9782742728596","title":"Franck Horvat 1999","description":"Chaque jour de l'ann\u00e9e 1999, Frank Horvat a photographi\u00e9 un instant, un lieu, une rencontre. Ce journal de voyage \u00e9voque les \u00e9mergences identitaires qui l'ont guid\u00e9 \u00e0 travers les quinze pays de l'Union europ\u00e9enne en ce tournant de mill\u00e9naire.","authors":["Frank Horvat"],"category_codes":["6000000","6070000","6070200"],"visuals":{"large":"https:\/\/images.epagine.fr\/596\/9782742728596_1_75.jpg","medium":"https:\/\/images.epagine.fr\/596\/9782742728596_1_m.jpg","thumbnail":"https:\/\/images.epagine.fr\/596\/9782742728596_1_v.jpg"},"orderable":true,"show_badge":true,"formatted_price":"30,70&nbsp;\u20ac","formatted_published_date":"30 octobre 2000","publisher_availability_label":"Sur commande","short_details":"Frank Horvat \u2014 Actes Sud","translator":null,"weight":1160,"page_count":560,"readership":null,"editor":"Actes Sud","price":3070,"published_date":"2000-10-29T23:00:00.000000Z","support":"Beaux-livres","publisher_availability":1,"stock":0,"editions":[],"url":"https:\/\/quaidesbrumes.com\/ouvrage\/9782742728596\/franck-horvat-1999"},{"id":"9782742731374","title":"Denis Darzacq","description":"Les photographies de Denis Darzacq nous repr\u00e9sentent, passants au coeur des villes, comme des particules qui s'encha\u00eenent, se croisent, s'\u00e9vitent puis se rejoignent. Il consid\u00e8re l'espace public comme un th\u00e9\u00e2tre et ses \u00abEnsembles\u00bb comme des repr\u00e9sentations de nos r\u00e9alit\u00e9s.","authors":["Denis Darzacq"],"category_codes":["6000000","6070000","6070200"],"visuals":{"large":"https:\/\/images.epagine.fr\/374\/9782742731374_1_75.jpg","medium":"https:\/\/images.epagine.fr\/374\/9782742731374_1_m.jpg","thumbnail":"https:\/\/images.epagine.fr\/374\/9782742731374_1_v.jpg"},"orderable":true,"show_badge":true,"formatted_price":"9,20&nbsp;\u20ac","formatted_published_date":"8 janvier 2001","publisher_availability_label":"Sur commande","short_details":"Denis Darzacq \u2014 Actes Sud","translator":null,"weight":80,"page_count":null,"readership":null,"editor":"Actes Sud","price":920,"published_date":"2001-01-07T23:00:00.000000Z","support":"Grand format","publisher_availability":1,"stock":0,"editions":[],"url":"https:\/\/quaidesbrumes.com\/ouvrage\/9782742731374\/denis-darzacq"},{"id":"9782742742165","title":"Olivier Leroi","description":"\"Olivier Leroi est un original. Par ses th\u00e8mes de pr\u00e9dilection, volontiers contextuels, li\u00e9s \u00e0 son exp\u00e9rience imm\u00e9diate et instinctive du territoire ; par sa mani\u00e8re de faire, aussi, pince-sans-rire ; par la singularit\u00e9 de ses oeuvres, enfin.\" (Paul Ardenne) \r\n  \r\n Fourches, branches d'arbres, plumes de pintades, cages d'oiseaux et clapiers, r\u00e9quisitions d'animaux d'\u00e9levage ou de la grande for\u00eat o\u00f9 croisent les chasses \u00e0 courre... Olivier Leroi vanterait-il la \"ruralit\u00e9\" ? C'est trop peu dire. Impr\u00e9gn\u00e9e d'une magie bonhomme mais aussi de malice, aussi proche de Duchamp ou de Hains que des \"inspir\u00e9s\" chers nagu\u00e8re au photographe Gilles Ehrmann (le Facteur Cheval, Gaston Chaissac...), l'oeuvre d'Olivier Leroi r\u00e9siste en fait \u00e0 toute classification. Un travail privil\u00e9giant le milieu naturel, du pr\u00e9 aux d\u00e9serts africains, sans rien de morose, o\u00f9 s'exprime un rapport enchant\u00e9 et euphorique au monde. \r\n  \r\n La collection \r\n  \r\n Avec le \"Prix Altadis Arts Plastiques\" inaugur\u00e9 en l'an 2000, Altadis choisit d'accompagner chaque ann\u00e9e six artistes d'aujourd'hui, peintres, photographes et sculpteurs, qu'ils travaillent en France ou en Espagne, sans crit\u00e8res d'\u00e2ge ni de nationalit\u00e9.","authors":["Olivier Leroi"],"category_codes":["6000000","6070000","6070200"],"visuals":{"large":"https:\/\/images.epagine.fr\/165\/9782742742165_1_75.jpg","medium":"https:\/\/images.epagine.fr\/165\/9782742742165_1_m.jpg","thumbnail":"https:\/\/images.epagine.fr\/165\/9782742742165_1_v.jpg"},"orderable":true,"show_badge":true,"formatted_price":"9,20&nbsp;\u20ac","formatted_published_date":"4 mars 2003","publisher_availability_label":"Sur commande","short_details":"Olivier Leroi \u2014 Actes Sud","translator":null,"weight":80,"page_count":63,"readership":null,"editor":"Actes Sud","price":920,"published_date":"2003-03-03T23:00:00.000000Z","support":"Grand format","publisher_availability":1,"stock":0,"editions":[],"url":"https:\/\/quaidesbrumes.com\/ouvrage\/9782742742165\/olivier-leroi"},{"id":"9798986093079","title":"Scrapyard abstraction","description":"Le deuxi\u00e8me livre d'artiste de Machteld Rullens publi\u00e9 par Zolo Press documente trois ann\u00e9es de travail, de moments entre amis et en famille, de voyages au S\u00e9n\u00e9gal, \u00e0 New York, \u00e0 Los Angeles et dans la maison de Vincent van Gogh...\r\n\u00ab A friend told me my works are \"warmly laconic\" without becoming ironic or cynical. They show serious material research with humor and a dark side. In this book, I share my personal life and way of working. It might clarify my obsession with art, art history, the studio, travels I made, and the way I use my analog camera. My work has become more mature and I've turned a little grey myself. In the work I use all the possibilities of the box. Paint and surface become one. The cardboard is not a background that is separate from the paint. In this way, I expand my visual research, which I do not only as a painter but also as a sculptor. The pictures taken over the past years were made while spending time in a small village in Senegal, in Vincent van Gogh's house, my studio in The Hague, Los Angeles, Brussels, and my friend's place in Germany. \u00bb\r\nMachteld Rullens","authors":["Machteld Rullens"],"category_codes":["6000000","6070000","6070200","6070205"],"visuals":{"large":"https:\/\/images.epagine.fr\/079\/9798986093079_1_75.jpg","medium":"https:\/\/images.epagine.fr\/079\/9798986093079_1_m.jpg","thumbnail":"https:\/\/images.epagine.fr\/079\/9798986093079_1_v.jpg"},"orderable":true,"show_badge":true,"formatted_price":"35,00&nbsp;\u20ac","formatted_published_date":"27 mars 2024","publisher_availability_label":"Sur commande","short_details":"Machteld Rullens \u2014 Zolo Press","translator":null,"weight":1025,"page_count":192,"readership":null,"editor":"Zolo Press","price":3500,"published_date":"2024-03-26T23:00:00.000000Z","support":"Grand format","publisher_availability":1,"stock":0,"editions":[],"url":"https:\/\/quaidesbrumes.com\/ouvrage\/9798986093079\/scrapyard-abstraction"},{"id":"9782959313103","title":"La Lettre","description":"La lettre est une adaptation livresque du film \u00e9ponyme de Christophe Lemaitre : une hypoth\u00e8se, celle du langage envisag\u00e9 comme un parasite pour les corps qui lui donnent naissance. Au fil du r\u00e9cit, le contour des corps des deux protagonistes s'\u00e9tirent et se diluent dans le reflet d'un dispositif technique film\u00e9, pour ne former qu'un seul personnage \u00e0 l'identit\u00e9 double.","authors":["Christophe Lema\u00eetre"],"category_codes":["6000000","6070000","6070300"],"visuals":{"large":"https:\/\/images.epagine.fr\/103\/9782959313103_1_75.jpg","medium":"https:\/\/images.epagine.fr\/103\/9782959313103_1_m.jpg","thumbnail":"https:\/\/images.epagine.fr\/103\/9782959313103_1_v.jpg"},"orderable":true,"show_badge":true,"formatted_price":"15,00&nbsp;\u20ac","formatted_published_date":"10 d\u00e9cembre 2024","publisher_availability_label":"Sur commande","short_details":"Christophe Lema\u00eetre \u2014 Tombolo Presses","translator":null,"weight":211,"page_count":40,"readership":null,"editor":"Tombolo Presses","price":1500,"published_date":"2024-12-09T23:00:00.000000Z","support":"Grand format","publisher_availability":1,"stock":0,"editions":[],"url":"https:\/\/quaidesbrumes.com\/ouvrage\/9782959313103\/la-lettre"},{"id":"9788899058166","title":"Atlas Soccer","description":null,"authors":["Marco Mazzoni"],"category_codes":["6000000","6070000","6070200"],"visuals":{"large":"https:\/\/images.epagine.fr\/166\/9788899058166_1_75.jpg","medium":"https:\/\/images.epagine.fr\/166\/9788899058166_1_m.jpg","thumbnail":"https:\/\/images.epagine.fr\/166\/9788899058166_1_v.jpg"},"orderable":true,"show_badge":true,"formatted_price":"20,00&nbsp;\u20ac","formatted_published_date":"1er juin 2017","publisher_availability_label":"Sur commande","short_details":"Marco Mazzoni \u2014 Bruno","translator":null,"weight":525,"page_count":208,"readership":null,"editor":"Bruno","price":2000,"published_date":"2017-05-31T22:00:00.000000Z","support":"Grand format","publisher_availability":1,"stock":0,"editions":[],"url":"https:\/\/quaidesbrumes.com\/ouvrage\/9788899058166\/atlas-soccer"},{"id":"9791095822028","title":"Prix Elys\u00e9e 2016 ; les nomin\u00e9s","description":"Le Prix \u00c9lys\u00e9e, lanc\u00e9 par le Mus\u00e9e de l'\u00c9lys\u00e9e et Parmigiani Fleurier, encourage la cr\u00e9ativit\u00e9 et la r\u00e9alisation de nouvelles oeuvres. Il est ouvert \u00e0 des photographes ou \u00e0 des artistes prometteurs, quelle que soit leur nationalit\u00e9, utilisant tous les genres et les techniques photographiques, et dont le travail a fait l'objet d'expositions et de publications. Ils sont recommand\u00e9s par un professionnel reconnu dans le domaine de la photographie, de l'art contemporain, du cin\u00e9ma, de la mode, du journalisme ou de l'\u00e9dition.\r\nCet ouvrage pr\u00e9sente les projets in\u00e9dits des huit nomin\u00e9s : The True Truth's Stories d'Isabelle Blanc et d'Olivier Hilaire, un recueil de nouvelles photographiques ;\r\nLa fabrication d'images \u00e0 partir des \u00ab partitions \u00bb, les pr\u00e9paratifs des actions du mouvement Fluxus des ann\u00e9es 1960 et 1970, d'Elina Brotherus; la poursuite du projet photographique de longue haleine sur le conflit en Syrie de Matthias Bruggmann; \u00ab Limbo \u00bb de David Jim\u00e9nez, qui joue avec les limites de la perception; \u00ab Tales \u00bb, de Sofie Knijff, qui explore l'influence des contes de f\u00e9es et de leur signification dans diff\u00e9rentes cultures contemporaines; \u00ab Les montagnes du Kong \u00bb, une terre imaginaire qui a exist\u00e9 dans la conscience collective et sur les cartes pendant plus d'un si\u00e8cle, de Jim Naughten ; \u00ab As We Recede \u00bb d'Emeka Okereke, qui, au travers d'un projet multim\u00e9dia m\u00ealant la photographie, la vid\u00e9o et le son, revient sur l'histoire et les hypoth\u00e8ses de la guerre du Biafra au Nig\u00e9ria ; \u00ab Histoires naturelles \u00bb de Zhao Renhui, une enqu\u00eate photographique sur les diff\u00e9rentes id\u00e9es que nous nous sommes fait de la nature.\r","authors":["Collectif"],"category_codes":["6000000","6070000","6070200","6070205"],"visuals":{"large":"https:\/\/images.epagine.fr\/028\/9791095822028_1_75.jpg","medium":"https:\/\/images.epagine.fr\/028\/9791095822028_1_m.jpg","thumbnail":"https:\/\/images.epagine.fr\/028\/9791095822028_1_v.jpg"},"orderable":true,"show_badge":true,"formatted_price":"108,00&nbsp;\u20ac","formatted_published_date":"2 f\u00e9vrier 2017","publisher_availability_label":"Sur commande","short_details":"Collectif \u2014 \u00c9ditions Photosynth\u00e8ses","translator":null,"weight":2124,"page_count":null,"readership":null,"editor":"\u00c9ditions Photosynth\u00e8ses","price":10800,"published_date":"2017-02-01T23:00:00.000000Z","support":"Grand format","publisher_availability":1,"stock":0,"editions":[],"url":"https:\/\/quaidesbrumes.com\/ouvrage\/9791095822028\/prix-elysee-2016-les-nomines"},{"id":"9782842699260","title":"Lieux renoiriens","description":"Les contributions de ce volume n'ont pas pour th\u00e8me frontal des p\u00e9riodes de la carri\u00e8re de Jean Renoir, comme dans les deux num\u00e9ros pr\u00e9c\u00e9dents, mais abordent plus transversalement son oeuvre, plus \u00abspatialement\u00bb, m\u00eame si les auteurs n'excluent pas la dimension historique, bien entendu. Ces \u00e9tudes des lieux renoiriens vont des approches les plus g\u00e9n\u00e9riques et structurelles aux approches qui privil\u00e9gient plut\u00f4t les aspects singuliers et concrets (lieux de tournage et traitement filmique, th\u00e9matiques biographiques et g\u00e9ographiques, etc.). La plupart des textes alternent et m\u00ealent \u00e9l\u00e9ments historiques ou descriptifs et consid\u00e9rations esth\u00e9tiques ou th\u00e9matiques plus th\u00e9oriques, dans des proportions variables selon les auteurs, mais toujours dans le souci d'\u00e9clairer le g\u00e9n\u00e9ral par le particulier et r\u00e9ciproquement, \u00e0 l'image, d'ailleurs, de la d\u00e9marche de composition des films de Jean Renoir.\r\n\r\nL'ouvrage est compos\u00e9 de trois parties principales : Les lieux et leurs structures (Frank Curot), Lieux naturels et lieux urbains (Bernard Pharisien, Ren\u00e9 Pr\u00e9dal et Daniel Serceau), Lieux de th\u00e9\u00e2tre et de th\u00e9\u00e2tralit\u00e9 (Guy Cavagnac, Giorgio De  Vincenti).\r","authors":["Franck Curot"],"category_codes":["6000000","6070000","6070300"],"visuals":{"large":"https:\/\/images.epagine.fr\/260\/9782842699260_1_75.jpg","medium":"https:\/\/images.epagine.fr\/260\/9782842699260_1_m.jpg","thumbnail":"https:\/\/images.epagine.fr\/260\/9782842699260_1_v.jpg"},"orderable":true,"show_badge":true,"formatted_price":"32,00&nbsp;\u20ac","formatted_published_date":"20 octobre 2011","publisher_availability_label":"Sur commande","short_details":"Franck Curot \u2014 Pu De La Mediterranee","translator":null,"weight":640,"page_count":264,"readership":null,"editor":"Pu De La Mediterranee","price":3200,"published_date":"2011-10-19T22:00:00.000000Z","support":"Grand format","publisher_availability":1,"stock":0,"editions":[],"url":"https:\/\/quaidesbrumes.com\/ouvrage\/9782842699260\/lieux-renoiriens"},{"id":"9782842698867","title":"\u00c9crits de cin\u00e9ma et derni\u00e8res pens\u00e9es. Francis Ramirez (1947-2006)","description":"Cet ouvrage qui r\u00e9unit les \u00e9crits de cin\u00e9ma et les derni\u00e8res pens\u00e9es de Francis Ramirez manifeste de fa\u00e7on \u00e9clatante son intelligence critique et son ouverture d'esprit, non seulement dans le champ cin\u00e9matographique mais encore dans celui de la litt\u00e9rature reli\u00e9e au monde du septi\u00e8me art. Le premier chapitre du livre en t\u00e9moigne plus particuli\u00e8rement, mais les chapitres suivants apportent aussi des \u00e9clairages neufs \u00e0 la question toujours d\u00e9battue des rapports entre le cin\u00e9ma et la litt\u00e9rature. C'est assez dire que ce volume ne s'adresse pas aux seuls sp\u00e9cialistes de cin\u00e9ma.\r\nFrancis Ramirez, qui contribua r\u00e9guli\u00e8rement aux activit\u00e9s du Centre d'\u00e9tudes du XXe si\u00e8cle, en fut l'un des membres les plus actifs. Ses contributions \u00e9taient d'une qualit\u00e9 peu commune et l'on retrouvera avec bonheur, ici notamment, ses articles sur le cin\u00e9ma comique et sur le cin\u00e9ma de Jean Cocteau dont il fut, avec Christian Rolot, l'un des meilleurs sp\u00e9cialistes. Invit\u00e9 \u00e0 prendre part aux activit\u00e9s du m\u00eame centre de recherches, il fut un participant remarqu\u00e9 aux diff\u00e9rentes manifestations organis\u00e9es sous les auspices de Cocteau, \u00e0 Montpellier, \u00e0 Paris ou \u00e0 Toronto. Et l'on entend encore sa voix, nette et chaleureuse, mise au service des causes esth\u00e9tiques qu'il d\u00e9fendait avec alacrit\u00e9 et une conviction que son immense talent p\u00e9dagogique savait faire partager.\r\nL' hommage que le Centre d'\u00e9tudes du xxe si\u00e8cle veut lui rendre en publiant ces \u00e9crits et ces derni\u00e8res pens\u00e9es est bien modeste au regard de tout ce que Francis Ramirez nous a apport\u00e9, mais on se pla\u00eet \u00e0 penser qu'une trace durable de ses recherches se voit ainsi propos\u00e9e \u00e0 ceux qui ont eu le privil\u00e8ge de le rencontrer aussi bien qu'\u00e0 ceux qui, par chance, vont d\u00e9couvrir une plume brillante, jamais jargonnante, et une pens\u00e9e qui, pour \u00eatre souvent fort subtile, ne tombe jamais dans l'herm\u00e9tisme.","authors":["Christian Rolot"],"category_codes":["6000000","6070000","6070300"],"visuals":{"large":"https:\/\/images.epagine.fr\/867\/9782842698867_1_75.jpg","medium":"https:\/\/images.epagine.fr\/867\/9782842698867_1_m.jpg","thumbnail":"https:\/\/images.epagine.fr\/867\/9782842698867_1_v.jpg"},"orderable":true,"show_badge":true,"formatted_price":"32,00&nbsp;\u20ac","formatted_published_date":"3 mai 2010","publisher_availability_label":"Sur commande","short_details":"Christian Rolot \u2014 Pu De La Mediterranee","translator":null,"weight":660,"page_count":336,"readership":null,"editor":"Pu De La Mediterranee","price":3200,"published_date":"2010-05-02T22:00:00.000000Z","support":"Grand format","publisher_availability":1,"stock":0,"editions":[],"url":"https:\/\/quaidesbrumes.com\/ouvrage\/9782842698867\/ecrits-de-cinema-et-dernieres-pensees-francis-ramirez-1947-2006"}]}