{"data":[{"id":"9788416248278","title":"PHOTOBOLSILLO : Aitor Lara","description":"Spanish photographer Aitor Lara (born 1975) addresses sociocultural values and identity, working in such countries as Africa, India, Uzbekistan and Spain. This issue celebrates his black-and-white portraits of different communities, ranging from indigenous peoples around the world to impoverished neighborhoods in southern Spain.","authors":["Aitor Lara"],"category_codes":["6000000","6070000","6070200","6070205"],"visuals":{"large":"https:\/\/images.epagine.fr\/278\/9788416248278_1_75.jpg","medium":"https:\/\/images.epagine.fr\/278\/9788416248278_1_m.jpg","thumbnail":"https:\/\/images.epagine.fr\/278\/9788416248278_1_v.jpg"},"orderable":true,"show_badge":true,"formatted_price":"18,00&nbsp;\u20ac","formatted_published_date":"4 mai 2016","publisher_availability_label":"Sur commande","short_details":"Aitor Lara \u2014 La Fabrica","translator":null,"weight":190,"page_count":96,"readership":null,"editor":"La Fabrica","price":1800,"published_date":"2016-05-03T22:00:00.000000Z","support":"Poche","publisher_availability":1,"stock":0,"editions":[],"url":"https:\/\/quaidesbrumes.com\/ouvrage\/9788416248278\/photobolsillo-aitor-lara"},{"id":"9788416248186","title":"Art in movement","description":"This volume gathers images taken in Uganda by journalist and photographer Ana Palacios (born 1972) of children who have overcome social marginalization through art. Supported by the work of the NGO In Movement, these youngsters tell their story before her lens. Here, music, dance, circus and a wealth of other tools become the spark that triggers social transformation.","authors":["Ana Palacios"],"category_codes":["6000000","6070000","6070200","6070205"],"visuals":{"large":"https:\/\/images.epagine.fr\/186\/9788416248186_1_75.jpg","medium":"https:\/\/images.epagine.fr\/186\/9788416248186_1_m.jpg","thumbnail":"https:\/\/images.epagine.fr\/186\/9788416248186_1_v.jpg"},"orderable":true,"show_badge":true,"formatted_price":"30,00&nbsp;\u20ac","formatted_published_date":"30 mars 2016","publisher_availability_label":"Sur commande","short_details":"Ana Palacios \u2014 La Fabrica","translator":null,"weight":601,"page_count":128,"readership":null,"editor":"La Fabrica","price":3000,"published_date":"2016-03-29T22:00:00.000000Z","support":"Grand format","publisher_availability":1,"stock":0,"editions":[],"url":"https:\/\/quaidesbrumes.com\/ouvrage\/9788416248186\/art-in-movement"},{"id":"9788416248346","title":"Matador R","description":"This issue of Matador magazine presents documents, objects and unpublished drawings from the first Spanish botanical expeditions of the 18th century. Photographers such as Paul Strand, Rodney Graham, Imogen Cunningham, Helene Schmitz and Stephen Gill contribute to the collection, alongside researchers, scientists and writers.","authors":["Collectif"],"category_codes":["6000000","6070000","6070200","6070205"],"visuals":{"large":"https:\/\/images.epagine.fr\/346\/9788416248346_1_75.jpg","medium":"https:\/\/images.epagine.fr\/346\/9788416248346_1_m.jpg","thumbnail":"https:\/\/images.epagine.fr\/346\/9788416248346_1_v.jpg"},"orderable":true,"show_badge":true,"formatted_price":"90,00&nbsp;\u20ac","formatted_published_date":"4 mai 2016","publisher_availability_label":"Sur commande","short_details":"Collectif \u2014 La Fabrica","translator":null,"weight":1864,"page_count":168,"readership":null,"editor":"La Fabrica","price":9000,"published_date":"2016-05-03T22:00:00.000000Z","support":"Grand format","publisher_availability":1,"stock":0,"editions":[],"url":"https:\/\/quaidesbrumes.com\/ouvrage\/9788416248346\/matador-r"},{"id":"9788416248087","title":"One line","description":"Cat\u00e1logo de la primera muestra antol\u00f3gica dedicada al artista madrile\u00f1o SUSO33, figura internacional del \"arte urbano\". Su obra desbord\u00f3 esta etiqueta para expandirse por casi todas las disciplinas art\u00edsticas: pintura, performances, v\u00eddeo, artes esc\u00e9nicas...","authors":["Suso33"],"category_codes":["6000000","6070000","6070200","6070205"],"visuals":{"large":"https:\/\/images.epagine.fr\/087\/9788416248087_1_75.jpg","medium":"https:\/\/images.epagine.fr\/087\/9788416248087_1_m.jpg","thumbnail":"https:\/\/images.epagine.fr\/087\/9788416248087_1_v.jpg"},"orderable":true,"show_badge":true,"formatted_price":"39,95&nbsp;\u20ac","formatted_published_date":"10 mai 2016","publisher_availability_label":"Sur commande","short_details":"Suso33 \u2014 La Fabrica","translator":null,"weight":1850,"page_count":264,"readership":null,"editor":"La Fabrica","price":3995,"published_date":"2016-05-09T22:00:00.000000Z","support":"Grand format","publisher_availability":1,"stock":0,"editions":[],"url":"https:\/\/quaidesbrumes.com\/ouvrage\/9788416248087\/one-line"},{"id":"9783959051163","title":"Peter tillessen superficial images \/anglais\/allemand","description":null,"authors":["Jeffrey Ian"],"category_codes":["6000000","6070000","6070200"],"visuals":{"large":"https:\/\/images.epagine.fr\/163\/9783959051163_1_75.jpg","medium":"https:\/\/images.epagine.fr\/163\/9783959051163_1_m.jpg","thumbnail":"https:\/\/images.epagine.fr\/163\/9783959051163_1_v.jpg"},"orderable":true,"show_badge":true,"formatted_price":"39,00&nbsp;\u20ac","formatted_published_date":"1er novembre 2016","publisher_availability_label":"Sur commande","short_details":"Jeffrey Ian \u2014 Spector Books","translator":null,"weight":800,"page_count":252,"readership":null,"editor":"Spector Books","price":3900,"published_date":"2016-10-31T23:00:00.000000Z","support":"Grand format","publisher_availability":1,"stock":0,"editions":[],"url":"https:\/\/quaidesbrumes.com\/ouvrage\/9783959051163\/peter-tillessen-superficial-images-anglaisallemand"},{"id":"9788416248551","title":"Camera and model ; Mockups Photography of Modern Architecture in Spain, 1925 1970","description":"This book pays tribute to two important systems of architectural representation: the model and the photography. It rescues over one hundred original photographs of outstanding models finally built or not built in Spain during the twentieth-century. A modern, visual, critical and historiographical discourse of the first magnitude. Beyond the analysis of their technical or compositional structure, the book includes sample pictures by photographs like Catala - Roca, Kindel , Pando, Llado, Maspons - Ubin a Gomez or Massats and architects as Aizpurua, de la Sota and Higueras.","authors":["Inaki Bergera"],"category_codes":["6000000","6070000","6070200","6070205"],"visuals":{"large":"https:\/\/images.epagine.fr\/551\/9788416248551_1_75.jpg","medium":"https:\/\/images.epagine.fr\/551\/9788416248551_1_m.jpg","thumbnail":"https:\/\/images.epagine.fr\/551\/9788416248551_1_v.jpg"},"orderable":true,"show_badge":true,"formatted_price":"45,00&nbsp;\u20ac","formatted_published_date":"9 juillet 2016","publisher_availability_label":"Sur commande","short_details":"Inaki Bergera \u2014 La Fabrica","translator":null,"weight":1174,"page_count":208,"readership":null,"editor":"La Fabrica","price":4500,"published_date":"2016-07-08T22:00:00.000000Z","support":"Grand format","publisher_availability":1,"stock":0,"editions":[],"url":"https:\/\/quaidesbrumes.com\/ouvrage\/9788416248551\/camera-and-model-mockups-photography-of-modern-architecture-in-spain-1925-1970"},{"id":"9788416248629","title":"Muchismo","description":"In the work Muchismo, the photographer Cristina de Middel digs around in her studios and brings all of her images to light, exactly the way she has them stored, in colossal, gorgeous chaos. This is a sui generis display of her entire oeuvre, with neither a curator nor any apparent order, which seeks to question the art market and its rules.\r\nAt the same time, this book shows a series made up of pictures taken in New Zealand in which the artist strives to bring depth back to landscape photography by using mirrors and her own devices.\r\nBoth works are captured in this publication, a book that had become an object of desire even before it materialised, as always happens with the works of one of the most fascinating photographers on today's scene.","authors":["Cristina De Middel"],"category_codes":["6000000","6070000","6070200","6070205"],"visuals":{"large":"https:\/\/images.epagine.fr\/629\/9788416248629_1_75.jpg","medium":"https:\/\/images.epagine.fr\/629\/9788416248629_1_m.jpg","thumbnail":"https:\/\/images.epagine.fr\/629\/9788416248629_1_v.jpg"},"orderable":true,"show_badge":true,"formatted_price":"45,00&nbsp;\u20ac","formatted_published_date":"19 octobre 2016","publisher_availability_label":"Sur commande","short_details":"Cristina De Middel \u2014 La Fabrica","translator":null,"weight":402,"page_count":180,"readership":null,"editor":"La Fabrica","price":4500,"published_date":"2016-10-18T22:00:00.000000Z","support":"Grand format","publisher_availability":1,"stock":0,"editions":[],"url":"https:\/\/quaidesbrumes.com\/ouvrage\/9788416248629\/muchismo"},{"id":"9788416248728","title":"PHOTOBOLSILLO : Alfredo Cortina","description":"Alfredo Cortina (Carabobo, 1903-Caracas, 1988) was not only a photographer but also a famous scriptwriter for Venezuelan radio and television, a publicist and an inventor. His urban images or landscapes, like still images from a film, in which he often shot his wife (the poet Elizabeth Sch\u00f6n) are an artistic and sociological treasure trove that is virtually unknown in Europe. In fact, Cortina's images were chosen by the curator Luis P\u00e9rez Oramas for the 30th Biennale of S\u00e3o Paulo (2012); P\u00e9rez Oramas defined the Venezuelan photographer's images as \u00aban early Cindy Sherman.\u00bb La F\u00e1brica is reviving this artist in its PHotoBolsillo collection in conjunction with the Urban Photography Archive of Venezuela, an institution devoted to conserving, disseminating and researching the country's urban memory through photography.","authors":["Alfredo Cortina"],"category_codes":["6000000","6070000","6070200","6070205"],"visuals":{"large":"https:\/\/images.epagine.fr\/728\/9788416248728_1_75.jpg","medium":"https:\/\/images.epagine.fr\/728\/9788416248728_1_m.jpg","thumbnail":"https:\/\/images.epagine.fr\/728\/9788416248728_1_v.jpg"},"orderable":true,"show_badge":true,"formatted_price":"19,95&nbsp;\u20ac","formatted_published_date":"10 octobre 2016","publisher_availability_label":"Sur commande","short_details":"Alfredo Cortina \u2014 La Fabrica","translator":null,"weight":401,"page_count":96,"readership":null,"editor":"La Fabrica","price":1995,"published_date":"2016-10-09T22:00:00.000000Z","support":"Poche","publisher_availability":1,"stock":0,"editions":[],"url":"https:\/\/quaidesbrumes.com\/ouvrage\/9788416248728\/photobolsillo-alfredo-cortina"},{"id":"9788416248520","title":"PHOTOBOLSILLO : photobolsillo","description":"El fot\u00f3grafo The San Sebastian native Ricardo Martin (1882-1936)is one of the great forgotten figures of Spanish photography during the first half of the 20th century. He used his camera to capture the life of San Sebastian in the midst of the Belle \u00c9poque, a cosmopolitan city where he snapped portraits of Sorolla, Chaplin, Azorin, Unamuno and Pio Baroja, among others.\r\nSports was another theme photographed by Martin, whose spreads were published in Italian and Swiss magazines. But he was also concerned with social issues, as proven by the photographs he took around the Hispano- Moroccan War: images of soldiers embarking or demonstrations against the conflict. In this volume, La Fabrica compiles some of his most representative photographs.","authors":["Ricardo Martin"],"category_codes":["6000000","6070000","6070200","6070205"],"visuals":{"large":"https:\/\/images.epagine.fr\/520\/9788416248520_1_75.jpg","medium":"https:\/\/images.epagine.fr\/520\/9788416248520_1_m.jpg","thumbnail":"https:\/\/images.epagine.fr\/520\/9788416248520_1_v.jpg"},"orderable":true,"show_badge":true,"formatted_price":"20,00&nbsp;\u20ac","formatted_published_date":"10 octobre 2016","publisher_availability_label":"Sur commande","short_details":"Ricardo Martin \u2014 La Fabrica","translator":null,"weight":401,"page_count":96,"readership":null,"editor":"La Fabrica","price":2000,"published_date":"2016-10-09T22:00:00.000000Z","support":"Poche","publisher_availability":1,"stock":0,"editions":[],"url":"https:\/\/quaidesbrumes.com\/ouvrage\/9788416248520\/photobolsillo-photobolsillo"},{"id":"9783858815163","title":"Andrea helbling \/allemand","description":null,"authors":[],"category_codes":["6000000","6070000","6070200"],"visuals":{"large":"https:\/\/images.epagine.fr\/163\/9783858815163_1_75.jpg","medium":"https:\/\/images.epagine.fr\/163\/9783858815163_1_m.jpg","thumbnail":"https:\/\/images.epagine.fr\/163\/9783858815163_1_v.jpg"},"orderable":true,"show_badge":true,"formatted_price":"68,00&nbsp;\u20ac","formatted_published_date":"4 juillet 2017","publisher_availability_label":"Sur commande","short_details":"Scheidegger & Spiess","translator":null,"weight":1300,"page_count":null,"readership":null,"editor":"Scheidegger & Spiess","price":6800,"published_date":"2017-07-03T22:00:00.000000Z","support":"Grand format","publisher_availability":1,"stock":0,"editions":[],"url":"https:\/\/quaidesbrumes.com\/ouvrage\/9783858815163\/andrea-helbling-allemand"},{"id":"9783858817914","title":"Christian Vogt ; the longer I look","description":null,"authors":["Martin Gasser"],"category_codes":["6000000","6070000","6070200"],"visuals":{"large":"https:\/\/images.epagine.fr\/914\/9783858817914_1_75.jpg","medium":"https:\/\/images.epagine.fr\/914\/9783858817914_1_m.jpg","thumbnail":"https:\/\/images.epagine.fr\/914\/9783858817914_1_v.jpg"},"orderable":true,"show_badge":true,"formatted_price":"68,00&nbsp;\u20ac","formatted_published_date":"30 avril 2017","publisher_availability_label":"Sur commande","short_details":"Martin Gasser \u2014 Scheidegger & Spiess","translator":null,"weight":1300,"page_count":268,"readership":null,"editor":"Scheidegger & Spiess","price":6800,"published_date":"2017-04-29T22:00:00.000000Z","support":"Grand format","publisher_availability":1,"stock":0,"editions":[],"url":"https:\/\/quaidesbrumes.com\/ouvrage\/9783858817914\/christian-vogt-the-longer-i-look"},{"id":"9783858815453","title":"Hans peter jost alpen-blicke.ch \/allemand","description":null,"authors":["Jost"],"category_codes":["6000000","6070000","6070200"],"visuals":{"large":"https:\/\/images.epagine.fr\/453\/9783858815453_1_75.jpg","medium":"https:\/\/images.epagine.fr\/453\/9783858815453_1_m.jpg","thumbnail":"https:\/\/images.epagine.fr\/453\/9783858815453_1_v.jpg"},"orderable":true,"show_badge":true,"formatted_price":"58,00&nbsp;\u20ac","formatted_published_date":"1er avril 2017","publisher_availability_label":"Sur commande","short_details":"Jost \u2014 Scheidegger & Spiess","translator":null,"weight":1200,"page_count":320,"readership":null,"editor":"Scheidegger & Spiess","price":5800,"published_date":"2017-03-31T22:00:00.000000Z","support":"Grand format","publisher_availability":1,"stock":0,"editions":[],"url":"https:\/\/quaidesbrumes.com\/ouvrage\/9783858815453\/hans-peter-jost-alpen-blickech-allemand"},{"id":"9788416248742","title":"Autobiographies","description":"This work is a personal biography by Australian photographer Max Pam in which photographs are mixed with facsimiles of notebooks, diaries, passports, postcards, letters, drawings... A unique and surprising artist's book that, in the form of a collage, complies 50 years of work by Max Pam.\r\nIt will delight fans of Pam's work, as it enables a personal and intimate dialogue with the artist and provides a unique insight into the photographer's journeys.\r\nWith Autobiographies, Max Pam proves that anything can be turned into a small work of art if one finds the right discourse and point of view.","authors":["Max Pam"],"category_codes":["6000000","6070000","6070200","6070205"],"visuals":{"large":"https:\/\/images.epagine.fr\/742\/9788416248742_1_75.jpg","medium":"https:\/\/images.epagine.fr\/742\/9788416248742_1_m.jpg","thumbnail":"https:\/\/images.epagine.fr\/742\/9788416248742_1_v.jpg"},"orderable":true,"show_badge":true,"formatted_price":"55,00&nbsp;\u20ac","formatted_published_date":"8 d\u00e9cembre 2016","publisher_availability_label":"Sur commande","short_details":"Max Pam \u2014 La Fabrica","translator":null,"weight":1201,"page_count":264,"readership":null,"editor":"La Fabrica","price":5500,"published_date":"2016-12-07T23:00:00.000000Z","support":"Grand format","publisher_availability":1,"stock":0,"editions":[],"url":"https:\/\/quaidesbrumes.com\/ouvrage\/9788416248742\/autobiographies"},{"id":"9788416248766","title":"Every night temo ser la dinner","description":"Every night temo ser la dinner, by Sof\u00eda Ayarzagoitia, is a vibrant and rambling narration which revolves around her encounters with eleven men of different races and backgrounds. A wild proclamation of love by an author who displays the crude view of children and the insane.\r\nThrough non-linear micro-narrations, Sof\u00eda Ayarzagoitia composes, in the form of a performance, a series of experiences captured by her camera.\r\nThe texts in the book are written in 'pocho', the name given in Mexico to the frontier language between Spanish and English.\r\nAccording to the photographer, \u00abthe title of the book is an ironic metaphor of how I came to feel some of those nights [...] In a primarily male universe, I was never sure whether they were going to ask me for a date, or tell me off for wanting to take their picture\u00bb.","authors":["Sofia Ayarzagoitia"],"category_codes":["6000000","6070000","6070200","6070205"],"visuals":{"large":"https:\/\/images.epagine.fr\/766\/9788416248766_1_75.jpg","medium":"https:\/\/images.epagine.fr\/766\/9788416248766_1_m.jpg","thumbnail":"https:\/\/images.epagine.fr\/766\/9788416248766_1_v.jpg"},"orderable":true,"show_badge":true,"formatted_price":"49,95&nbsp;\u20ac","formatted_published_date":"28 janvier 2017","publisher_availability_label":"Sur commande","short_details":"Sofia Ayarzagoitia \u2014 La Fabrica","translator":null,"weight":1001,"page_count":160,"readership":null,"editor":"La Fabrica","price":4995,"published_date":"2017-01-27T23:00:00.000000Z","support":"Grand format","publisher_availability":1,"stock":0,"editions":[],"url":"https:\/\/quaidesbrumes.com\/ouvrage\/9788416248766\/every-night-temo-ser-la-dinner"},{"id":"9788416248827","title":"Gaia","description":"La F\u00e1brica presents this spectacular large-format book with hardcover binding and full-color photographs.\r\nFrom Ha-Long Bay in Vietnam to the Grand Canyon in Colorado, Gaia is a collection of the most beautiful and startling natural landscapes in the world.\r\nIt is a book that not only photography enthusiasts will enjoy, but also nature and travel lovers as well as the general public, which turns it into the perfect present.\r\nP\u00edo Cabanillas Alonso has been developing his facet as a photographer for more than fifteen years. His images, centred around the main themes of travel and landscape and known for their beauty, have been exhibited in Spain and abroad.","authors":["Pio Cabanillas alonso"],"category_codes":["6000000","6070000","6070200","6070205"],"visuals":{"large":"https:\/\/images.epagine.fr\/827\/9788416248827_1_75.jpg","medium":"https:\/\/images.epagine.fr\/827\/9788416248827_1_m.jpg","thumbnail":"https:\/\/images.epagine.fr\/827\/9788416248827_1_v.jpg"},"orderable":true,"show_badge":true,"formatted_price":"55,00&nbsp;\u20ac","formatted_published_date":"30 janvier 2017","publisher_availability_label":"Sur commande","short_details":"Pio Cabanillas alonso \u2014 La Fabrica","translator":null,"weight":1101,"page_count":null,"readership":null,"editor":"La Fabrica","price":5500,"published_date":"2017-01-29T23:00:00.000000Z","support":"Grand format","publisher_availability":1,"stock":0,"editions":[],"url":"https:\/\/quaidesbrumes.com\/ouvrage\/9788416248827\/gaia"},{"id":"9788416248858","title":"Wannabe","description":"Wannabe is a photographic project about doll-like girls in Japanese culture- about the objectification of these women to serve societal customs that lead to android-like behaviours. It illustrates how people who grow up in a given culture unconsciously feel the need to follow a predetermined role.\r\nWith this work, Gonz\u00e1lez Miralles aims to question how societal standards- not only in Japan, but elsewhere-, constrain human behaviour and the development of identity. Questions that affect us all, especially considering the obsession with self-projection in today's society.","authors":["Elisa Miralles Gonzalez"],"category_codes":["6000000","6070000","6070200","6070205"],"visuals":{"large":"https:\/\/images.epagine.fr\/858\/9788416248858_1_75.jpg","medium":"https:\/\/images.epagine.fr\/858\/9788416248858_1_m.jpg","thumbnail":"https:\/\/images.epagine.fr\/858\/9788416248858_1_v.jpg"},"orderable":true,"show_badge":true,"formatted_price":"49,95&nbsp;\u20ac","formatted_published_date":"28 f\u00e9vrier 2017","publisher_availability_label":"Sur commande","short_details":"Elisa Miralles Gonzalez \u2014 La Fabrica","translator":null,"weight":1101,"page_count":64,"readership":null,"editor":"La Fabrica","price":4995,"published_date":"2017-02-27T23:00:00.000000Z","support":"Grand format","publisher_availability":1,"stock":0,"editions":[],"url":"https:\/\/quaidesbrumes.com\/ouvrage\/9788416248858\/wannabe"},{"id":"9783858815323","title":"Reklamekunst und reisetraume \/allemand","description":null,"authors":[],"category_codes":["6000000","6070000","6070200"],"visuals":{"large":"https:\/\/images.epagine.fr\/323\/9783858815323_1_75.jpg","medium":"https:\/\/images.epagine.fr\/323\/9783858815323_1_m.jpg","thumbnail":"https:\/\/images.epagine.fr\/323\/9783858815323_1_v.jpg"},"orderable":true,"show_badge":true,"formatted_price":"58,00&nbsp;\u20ac","formatted_published_date":"1er janvier 2016","publisher_availability_label":"Sur commande","short_details":"Scheidegger & Spiess","translator":null,"weight":1200,"page_count":null,"readership":null,"editor":"Scheidegger & Spiess","price":5800,"published_date":"2015-12-31T23:00:00.000000Z","support":"Grand format","publisher_availability":1,"stock":0,"editions":[],"url":"https:\/\/quaidesbrumes.com\/ouvrage\/9783858815323\/reklamekunst-und-reisetraume-allemand"},{"id":"9781590054659","title":"Jeff Liao ; Central Park New York","description":null,"authors":["Collectif"],"category_codes":["6000000","6070000","6070200"],"visuals":{"large":"https:\/\/images.epagine.fr\/659\/9781590054659_1_75.jpg","medium":"https:\/\/images.epagine.fr\/659\/9781590054659_1_m.jpg","thumbnail":"https:\/\/images.epagine.fr\/659\/9781590054659_1_v.jpg"},"orderable":true,"show_badge":true,"formatted_price":"68,00&nbsp;\u20ac","formatted_published_date":"1er octobre 2017","publisher_availability_label":"Sur commande","short_details":"Collectif \u2014 Nazraeli","translator":null,"weight":1301,"page_count":56,"readership":null,"editor":"Nazraeli","price":6800,"published_date":"2017-09-30T22:00:00.000000Z","support":"Grand format","publisher_availability":1,"stock":0,"editions":[],"url":"https:\/\/quaidesbrumes.com\/ouvrage\/9781590054659\/jeff-liao-central-park-new-york"},{"id":"9788417048204","title":"An uncanny impulse","description":null,"authors":["Collectif"],"category_codes":["6000000","6070000","6070200"],"visuals":{"large":"https:\/\/images.epagine.fr\/204\/9788417048204_1_75.jpg","medium":"https:\/\/images.epagine.fr\/204\/9788417048204_1_m.jpg","thumbnail":"https:\/\/images.epagine.fr\/204\/9788417048204_1_v.jpg"},"orderable":true,"show_badge":true,"formatted_price":"25,00&nbsp;\u20ac","formatted_published_date":"27 f\u00e9vrier 2018","publisher_availability_label":"Sur commande","short_details":"Collectif \u2014 La Fabrica","translator":null,"weight":501,"page_count":null,"readership":null,"editor":"La Fabrica","price":2500,"published_date":"2018-02-26T23:00:00.000000Z","support":"Grand format","publisher_availability":1,"stock":0,"editions":[],"url":"https:\/\/quaidesbrumes.com\/ouvrage\/9788417048204\/an-uncanny-impulse"},{"id":"9788417048174","title":"PHOTOBOLSILLO : Pepe Camp\u00faa","description":null,"authors":["Collectif"],"category_codes":["6000000","6070000","6070200"],"visuals":{"large":"https:\/\/images.epagine.fr\/174\/9788417048174_1_75.jpg","medium":"https:\/\/images.epagine.fr\/174\/9788417048174_1_m.jpg","thumbnail":"https:\/\/images.epagine.fr\/174\/9788417048174_1_v.jpg"},"orderable":true,"show_badge":true,"formatted_price":"19,95&nbsp;\u20ac","formatted_published_date":"1er octobre 2017","publisher_availability_label":"Sur commande","short_details":"Collectif \u2014 La Fabrica","translator":null,"weight":200,"page_count":null,"readership":null,"editor":"La Fabrica","price":1995,"published_date":"2017-09-30T22:00:00.000000Z","support":"Poche","publisher_availability":1,"stock":0,"editions":[],"url":"https:\/\/quaidesbrumes.com\/ouvrage\/9788417048174\/photobolsillo-pepe-campua"},{"id":"9788417048181","title":"PHOTOBOLSILLO : Ricardo Jimenez","description":null,"authors":["Collectif"],"category_codes":["6000000","6070000","6070200"],"visuals":{"large":"https:\/\/images.epagine.fr\/181\/9788417048181_1_75.jpg","medium":"https:\/\/images.epagine.fr\/181\/9788417048181_1_m.jpg","thumbnail":"https:\/\/images.epagine.fr\/181\/9788417048181_1_v.jpg"},"orderable":true,"show_badge":true,"formatted_price":"19,95&nbsp;\u20ac","formatted_published_date":"20 novembre 2017","publisher_availability_label":"Sur commande","short_details":"Collectif \u2014 La Fabrica","translator":null,"weight":401,"page_count":null,"readership":null,"editor":"La Fabrica","price":1995,"published_date":"2017-11-19T23:00:00.000000Z","support":"Poche","publisher_availability":1,"stock":0,"editions":[],"url":"https:\/\/quaidesbrumes.com\/ouvrage\/9788417048181\/photobolsillo-ricardo-jimenez"},{"id":"9788417048501","title":"PHOTOBOLSILLO : Carlos P\u00e9rez Siquier","description":null,"authors":["Perez Siquier"],"category_codes":["6000000","6070000","6070200"],"visuals":{"large":"https:\/\/images.epagine.fr\/501\/9788417048501_1_75.jpg","medium":"https:\/\/images.epagine.fr\/501\/9788417048501_1_m.jpg","thumbnail":"https:\/\/images.epagine.fr\/501\/9788417048501_1_v.jpg"},"orderable":true,"show_badge":true,"formatted_price":"19,95&nbsp;\u20ac","formatted_published_date":"15 mars 2018","publisher_availability_label":"Sur commande","short_details":"Perez Siquier \u2014 La Fabrica","translator":null,"weight":401,"page_count":96,"readership":null,"editor":"La Fabrica","price":1995,"published_date":"2018-03-14T23:00:00.000000Z","support":"Poche","publisher_availability":1,"stock":0,"editions":[],"url":"https:\/\/quaidesbrumes.com\/ouvrage\/9788417048501\/photobolsillo-carlos-perez-siquier"},{"id":"9788417048303","title":"Max de Esteban ; twenty reds lights","description":null,"authors":["Max De esteban"],"category_codes":["6000000","6070000","6070200"],"visuals":{"large":"https:\/\/images.epagine.fr\/303\/9788417048303_1_75.jpg","medium":"https:\/\/images.epagine.fr\/303\/9788417048303_1_m.jpg","thumbnail":"https:\/\/images.epagine.fr\/303\/9788417048303_1_v.jpg"},"orderable":true,"show_badge":true,"formatted_price":"40,00&nbsp;\u20ac","formatted_published_date":"1er janvier 2018","publisher_availability_label":"Sur commande","short_details":"Max De esteban \u2014 La Fabrica","translator":null,"weight":500,"page_count":null,"readership":null,"editor":"La Fabrica","price":4000,"published_date":"2017-12-31T23:00:00.000000Z","support":"Grand format","publisher_availability":1,"stock":0,"editions":[],"url":"https:\/\/quaidesbrumes.com\/ouvrage\/9788417048303\/max-de-esteban-twenty-reds-lights"},{"id":"9788417048518","title":"PHOTOBOLSILLO : Navia","description":null,"authors":["Navia"],"category_codes":["6000000","6070000","6070200"],"visuals":{"large":"https:\/\/images.epagine.fr\/518\/9788417048518_1_75.jpg","medium":"https:\/\/images.epagine.fr\/518\/9788417048518_1_m.jpg","thumbnail":"https:\/\/images.epagine.fr\/518\/9788417048518_1_v.jpg"},"orderable":true,"show_badge":true,"formatted_price":"19,95&nbsp;\u20ac","formatted_published_date":"14 mars 2018","publisher_availability_label":"Sur commande","short_details":"Navia \u2014 La Fabrica","translator":null,"weight":200,"page_count":null,"readership":null,"editor":"La Fabrica","price":1995,"published_date":"2018-03-13T23:00:00.000000Z","support":"Poche","publisher_availability":1,"stock":0,"editions":[],"url":"https:\/\/quaidesbrumes.com\/ouvrage\/9788417048518\/photobolsillo-navia"}]}