{"data":[{"id":"9783960989516","title":"Wolfgang Tillmans : ges\u00e4ttigtes licht","description":null,"authors":["Wolfgang Tillmans"],"category_codes":["6000000","6070000","6070200","6070205"],"visuals":{"large":"https:\/\/images.epagine.fr\/516\/9783960989516_1_75.jpg","medium":"https:\/\/images.epagine.fr\/516\/9783960989516_1_m.jpg","thumbnail":"https:\/\/images.epagine.fr\/516\/9783960989516_1_v.jpg"},"orderable":true,"show_badge":true,"formatted_price":"39,80&nbsp;\u20ac","formatted_published_date":"1er mars 2021","publisher_availability_label":"Sur commande","short_details":"Wolfgang Tillmans \u2014 Walther Konig","translator":null,"weight":801,"page_count":416,"readership":null,"editor":"Walther Konig","price":3980,"published_date":"2021-02-28T23:00:00.000000Z","support":"Grand format","publisher_availability":1,"stock":0,"editions":[],"url":"https:\/\/quaidesbrumes.com\/ouvrage\/9783960989516\/wolfgang-tillmans-gesattigtes-licht"},{"id":"9781590053089","title":"Neil krug & joni harbeck - pulp art book","description":"\u00abNeil Krug's stylized photos of his girlfriend [now wife], the model Joni Harbeck, were taken with Polaroid film years past its sell-by date. They have the kind of grainy, sun-scorched feel of a Sergio Leone spaghetti western. And ever since the couple began posting the photos on Flickr early this year, they've drawn a blaze of attention.\u00bb - The New York Times. Pulp - the multi-media collaboration between photographer Neil Krug and supermodel Joni Harbeck - has become a virtual sensation online, and is now the subject of the artists' first monograph. 'Pulp Art Book: Volume One' is an LP-sized hardcover book, split into several vignettes ranging from a spaghetti western theme to a Bonnie and Clyde revival and to the struggles of a 1950s housewife. These series tell the story of each character, and will be expanded in subsequent volumes. The inspiration for the pulp theme comes from the artists' collective appreciation of societal life and the artistic expressions of the 1960s and 70s. Old LP jackets, Giallo posters, vintage book covers, and B-movie cinema themes have defined their taste for this project. Initially they set out to capture something simple and sexy; as the shoots progressed, however, natural story lines emerged. The resulting work captures the smell of those decades and expresses them in a fresh way.","authors":["Krug\/Harbeck"],"category_codes":["6000000","6070000","6070200"],"visuals":{"large":"https:\/\/images.epagine.fr\/089\/9781590053089_1_75.jpg","medium":"https:\/\/images.epagine.fr\/089\/9781590053089_1_m.jpg","thumbnail":"https:\/\/images.epagine.fr\/089\/9781590053089_1_v.jpg"},"orderable":true,"show_badge":true,"formatted_price":"40,00&nbsp;\u20ac","formatted_published_date":"1er f\u00e9vrier 2011","publisher_availability_label":"Sur commande","short_details":"Krug\/Harbeck \u2014 Nazraeli","translator":null,"weight":820,"page_count":72,"readership":null,"editor":"Nazraeli","price":4000,"published_date":"2011-01-31T23:00:00.000000Z","support":"Grand format","publisher_availability":1,"stock":0,"editions":[],"url":"https:\/\/quaidesbrumes.com\/ouvrage\/9781590053089\/neil-krug-joni-harbeck-pulp-art-book"},{"id":"9788415303633","title":"PHOTOBOLSILLO : Francesc Catal\u00e0-Roca (4e \u00e9dition)","description":null,"authors":["Francesc Catal\u00e0 Roca"],"category_codes":["6000000","6070000","6070200"],"visuals":{"large":"https:\/\/images.epagine.fr\/633\/9788415303633_1_75.jpg","medium":"https:\/\/images.epagine.fr\/633\/9788415303633_1_m.jpg","thumbnail":"https:\/\/images.epagine.fr\/633\/9788415303633_1_v.jpg"},"orderable":true,"show_badge":true,"formatted_price":"20,00&nbsp;\u20ac","formatted_published_date":"30 d\u00e9cembre 1999","publisher_availability_label":"Sur commande","short_details":"Francesc Catal\u00e0 Roca \u2014 La Fabrica","translator":null,"weight":401,"page_count":null,"readership":null,"editor":"La Fabrica","price":2000,"published_date":"1999-12-29T23:00:00.000000Z","support":"Grand format","publisher_availability":1,"stock":0,"editions":[],"url":"https:\/\/quaidesbrumes.com\/ouvrage\/9788415303633\/photobolsillo-francesc-catala-roca-4e-edition"},{"id":"9788492498482","title":"Santiago Torralba : Geometrias","description":"Bringing a new perspective to the photographic genre of typologies first established by the Bechers, Spanish photographer Santiago Torralba (born 1977) solicits recurrent geometric patterns from all kinds of architectures, in deserted or dilapidated Spanish landscapes. Against throbbing blue skies, Torralba elicits triangles, semicircles, rectangles and other small signs of order from these chaotic landscapes.","authors":["Santiago Torralba"],"category_codes":["6000000","6070000","6070200","6070205"],"visuals":{"large":"https:\/\/images.epagine.fr\/482\/9788492498482_1_75.jpg","medium":"https:\/\/images.epagine.fr\/482\/9788492498482_1_m.jpg","thumbnail":"https:\/\/images.epagine.fr\/482\/9788492498482_1_v.jpg"},"orderable":true,"show_badge":true,"formatted_price":"40,00&nbsp;\u20ac","formatted_published_date":"30 d\u00e9cembre 1999","publisher_availability_label":"Sur commande","short_details":"Santiago Torralba \u2014 La Fabrica","translator":null,"weight":860,"page_count":null,"readership":null,"editor":"La Fabrica","price":4000,"published_date":"1999-12-29T23:00:00.000000Z","support":"Grand format","publisher_availability":1,"stock":0,"editions":[],"url":"https:\/\/quaidesbrumes.com\/ouvrage\/9788492498482\/santiago-torralba-geometrias"},{"id":"9788492841158","title":"PHOTOBOLSILLO : Gervasio Sanchez","description":"Gervasio S\u00e1nchez (born 1959) is among the most accomplished photojournalists today, and this book compiles seven of his most important and trenchant black-and-white series. Reflecting S\u00e1nchez's travels to war zones in Iraq, Kosovo, Sarajevo, Sierra Leone and beyond, the collection is a sobering look at the devastated lands and lives, ruined cities and incapacitated hospitals that often remain the untold stories of war.","authors":["Gervasio Sanchez"],"category_codes":["6000000","6070000","6070200"],"visuals":{"large":"https:\/\/images.epagine.fr\/158\/9788492841158_1_75.jpg","medium":"https:\/\/images.epagine.fr\/158\/9788492841158_1_m.jpg","thumbnail":"https:\/\/images.epagine.fr\/158\/9788492841158_1_v.jpg"},"orderable":true,"show_badge":true,"formatted_price":"20,00&nbsp;\u20ac","formatted_published_date":"30 d\u00e9cembre 1999","publisher_availability_label":"Sur commande","short_details":"Gervasio Sanchez \u2014 La Fabrica","translator":null,"weight":401,"page_count":null,"readership":null,"editor":"La Fabrica","price":2000,"published_date":"1999-12-29T23:00:00.000000Z","support":"Poche","publisher_availability":1,"stock":0,"editions":[],"url":"https:\/\/quaidesbrumes.com\/ouvrage\/9788492841158\/photobolsillo-gervasio-sanchez"},{"id":"9788492498512","title":"PHOTOBOLSILLO : Gonzalo Juanes","description":null,"authors":["Jose Manuel Navia"],"category_codes":["6000000","6070000","6070200"],"visuals":{"large":"https:\/\/images.epagine.fr\/512\/9788492498512_1_75.jpg","medium":"https:\/\/images.epagine.fr\/512\/9788492498512_1_m.jpg","thumbnail":"https:\/\/images.epagine.fr\/512\/9788492498512_1_v.jpg"},"orderable":true,"show_badge":true,"formatted_price":"20,00&nbsp;\u20ac","formatted_published_date":"30 d\u00e9cembre 1999","publisher_availability_label":"Sur commande","short_details":"Jose Manuel Navia \u2014 La Fabrica","translator":null,"weight":401,"page_count":null,"readership":null,"editor":"La Fabrica","price":2000,"published_date":"1999-12-29T23:00:00.000000Z","support":"Poche","publisher_availability":1,"stock":0,"editions":[],"url":"https:\/\/quaidesbrumes.com\/ouvrage\/9788492498512\/photobolsillo-gonzalo-juanes"},{"id":"9788492841776","title":"PHOTOBOLSILLO : Humberto Rivas","description":"Le photographe argentin Humberto Rivas (1937-2009) a \u00e9t\u00e9 appel\u00e9 le photographe du silence. Rivas a fui le coup militaire argentin en 1976 pour l'Espagne, o\u00f9 il a v\u00e9cu jusqu'\u00e0 sa mort. Il a \u00e9t\u00e9 charg\u00e9 de produire des portraits de quelques-uns des plus connus catalans d'Espagne - Joan Mir\u00f3, Antoni T\u00e1pies, parmi eux. Que ce soit le portrait, le paysage ou la nature morte, les oeuvres de l'artiste r\u00e9v\u00e8lent invariablement son regard sombre.","authors":["Rivas Humberto"],"category_codes":["6000000","6070000","6070200"],"visuals":{"large":"https:\/\/images.epagine.fr\/776\/9788492841776_1_75.jpg","medium":"https:\/\/images.epagine.fr\/776\/9788492841776_1_m.jpg","thumbnail":"https:\/\/images.epagine.fr\/776\/9788492841776_1_v.jpg"},"orderable":true,"show_badge":true,"formatted_price":"20,00&nbsp;\u20ac","formatted_published_date":"30 d\u00e9cembre 1999","publisher_availability_label":"Sur commande","short_details":"Rivas Humberto \u2014 La Fabrica","translator":null,"weight":200,"page_count":null,"readership":null,"editor":"La Fabrica","price":2000,"published_date":"1999-12-29T23:00:00.000000Z","support":"Poche","publisher_availability":1,"stock":0,"editions":[],"url":"https:\/\/quaidesbrumes.com\/ouvrage\/9788492841776\/photobolsillo-humberto-rivas"},{"id":"9781590052501","title":"Flora","description":"According to the Oxford English Dictionary, personification is the representation 'of a thing or abstraction as a person.' In Neeta Madahar's new series of allegorical portraits 'Flora,' the traditional procedure of personification is reversed: here, actual women appropriate imagery stretching back to antiquity to fashion an empowering public persona. A favorite subject of Renaissance and Baroque painters, Flora was traditionally depicted as a young woman surrounded by reveling devotees bearing floral tributes. Madahar, however, presents us with a different Flora. Her immediate inspiration was not Botticelli but the stylized portrait photography of the 1930-50s including that of Cecil Beaton, Angus McBean and Madame Yevonde. These are images of real women whose bodies and comportment exemplify a willful sense of self-possession won through lived experience. Printed in process color on matt art paper, and opening with an insightful essay by Allan Doyle, this beautifully-produced artist's book is bound in French suede covers in a first edition of 1,000 copies.","authors":["Neeta Madahar"],"category_codes":["6000000","6070000","6070200"],"visuals":{"large":"https:\/\/images.epagine.fr\/501\/9781590052501_1_75.jpg","medium":"https:\/\/images.epagine.fr\/501\/9781590052501_1_m.jpg","thumbnail":"https:\/\/images.epagine.fr\/501\/9781590052501_1_v.jpg"},"orderable":true,"show_badge":true,"formatted_price":"55,00&nbsp;\u20ac","formatted_published_date":"1er f\u00e9vrier 2011","publisher_availability_label":"Sur commande","short_details":"Neeta Madahar \u2014 Nazraeli","translator":null,"weight":900,"page_count":48,"readership":null,"editor":"Nazraeli","price":5500,"published_date":"2011-01-31T23:00:00.000000Z","support":"Grand format","publisher_availability":1,"stock":0,"editions":[],"url":"https:\/\/quaidesbrumes.com\/ouvrage\/9781590052501\/flora"},{"id":"9781590052532","title":"Steve pyke earthward","description":null,"authors":["Steve Pyke"],"category_codes":["6000000","6070000","6070200"],"visuals":{"large":"https:\/\/images.epagine.fr\/532\/9781590052532_1_75.jpg","medium":"https:\/\/images.epagine.fr\/532\/9781590052532_1_m.jpg","thumbnail":"https:\/\/images.epagine.fr\/532\/9781590052532_1_v.jpg"},"orderable":true,"show_badge":true,"formatted_price":"35,00&nbsp;\u20ac","formatted_published_date":"9 f\u00e9vrier 2009","publisher_availability_label":"Sur commande","short_details":"Steve Pyke \u2014 Nazraeli","translator":null,"weight":700,"page_count":64,"readership":null,"editor":"Nazraeli","price":3500,"published_date":"2009-02-08T23:00:00.000000Z","support":"Grand format","publisher_availability":1,"stock":0,"editions":[],"url":"https:\/\/quaidesbrumes.com\/ouvrage\/9781590052532\/steve-pyke-earthward"},{"id":"9781590053058","title":"Leon Borensztein portraits 1978-1986","description":".","authors":["Leon Borensztein"],"category_codes":["6000000","6070000","6070200"],"visuals":{"large":"https:\/\/images.epagine.fr\/058\/9781590053058_1_75.jpg","medium":"https:\/\/images.epagine.fr\/058\/9781590053058_1_m.jpg","thumbnail":"https:\/\/images.epagine.fr\/058\/9781590053058_1_v.jpg"},"orderable":true,"show_badge":true,"formatted_price":"55,00&nbsp;\u20ac","formatted_published_date":"15 octobre 2011","publisher_availability_label":"Sur commande","short_details":"Leon Borensztein \u2014 Nazraeli","translator":null,"weight":1000,"page_count":96,"readership":null,"editor":"Nazraeli","price":5500,"published_date":"2011-10-14T22:00:00.000000Z","support":"Beaux-livres","publisher_availability":1,"stock":0,"editions":[],"url":"https:\/\/quaidesbrumes.com\/ouvrage\/9781590053058\/leon-borensztein-portraits-1978-1986"},{"id":"9781590053072","title":"Grid-portraits","description":"In the mid-1980s, Stu Levy began making \u00abgrid-portraits\u00bb in order to overcome his his frustration with traditional portraiture's limited point of view. These constructs of photographs, consisting of twelve to twenty-five individual images, scan the architecture and flow of time in a subject's living or working environment. The resulting portraits, usually of artists, craftspeople and musicians, are made in the subjects' studios or living spaces and serve as a backstage tour of the artist's mind and creative process. Levy is fascinated by the artifacts that fill these spaces - the possessions by which the subjects are themselves possessed. Rather than confining himself to a single \u00abdecisive\u00bb moment, Levy explore its antithesis, a maze of scrambled time. These are made with a view camera using 4 x 5-inch negatives to allow for precision of detail. The sections are printed together to form the illusion of glancing through a window at a \u00absnapshot\u00bb of an event, which in reality might consist of fragmentary views made months apart and in totally separate rooms or environments. Among the subjects included in this important new monograph are Dr. Stanley Burns, Linda Connor, Barbara Crane, Jay Dusard, David Hockney, Graham Nash, and Jerry Uelsmann. Beautifully printed in duotone on matt art paper and bound in black Japanese cloth, this first printing of \u00abGrid-Portraits is limited to 1,000 copies.","authors":["Stu Levy"],"category_codes":["6000000","6070000","6070200"],"visuals":{"large":"https:\/\/images.epagine.fr\/072\/9781590053072_1_75.jpg","medium":"https:\/\/images.epagine.fr\/072\/9781590053072_1_m.jpg","thumbnail":"https:\/\/images.epagine.fr\/072\/9781590053072_1_v.jpg"},"orderable":true,"show_badge":true,"formatted_price":"55,00&nbsp;\u20ac","formatted_published_date":"1er octobre 2010","publisher_availability_label":"Sur commande","short_details":"Stu Levy \u2014 Nazraeli","translator":null,"weight":1300,"page_count":108,"readership":null,"editor":"Nazraeli","price":5500,"published_date":"2010-09-30T22:00:00.000000Z","support":"Grand format","publisher_availability":1,"stock":0,"editions":[],"url":"https:\/\/quaidesbrumes.com\/ouvrage\/9781590053072\/grid-portraits"},{"id":"9781590055243","title":"Carol E. Richards dreams of birds","description":"Carol E. Richards is a fine art photographer who captures the fleeting images of her avian subjects through a viewing scope, creating detailed portraits - simultaneously distant and near. Each feathered body in Dreams of Birds nearly fills the scope's small oculus, as if in a spotlight before departing their small stage. To emphasize impermanence, the artist also documents the spaces left behind, prompting us to consider how we too are changed by absence. Seen as diptychs, her work explores the ephemeral natural world, \u00abintimate yet vague, like a memory of a dream.\u00bb Richards lived in Los Angeles for 30 years where she worked in commercial photography, television production, and art consulting while continuing her photography practice. Her artwork resides in numerous private and corporate collections. This first edition volume of Dreams of Birds is limited to 750 copies. The book comprises 47 images beautifully printed on matte art paper and bound in cloth over boards. The artist's first book, Birds have Wings, was published by Nazraeli Press in 2013 as part of our One Picture Book series.","authors":["Carol E. Richards"],"category_codes":["6000000","6070000","6070200","6070205"],"visuals":{"large":"https:\/\/images.epagine.fr\/243\/9781590055243_1_75.jpg","medium":"https:\/\/images.epagine.fr\/243\/9781590055243_1_m.jpg","thumbnail":"https:\/\/images.epagine.fr\/243\/9781590055243_1_v.jpg"},"orderable":true,"show_badge":true,"formatted_price":"55,00&nbsp;\u20ac","formatted_published_date":"15 janvier 2023","publisher_availability_label":"Sur commande","short_details":"Carol E. Richards \u2014 Nazraeli","translator":null,"weight":1101,"page_count":76,"readership":null,"editor":"Nazraeli","price":5500,"published_date":"2023-01-14T23:00:00.000000Z","support":"Grand format","publisher_availability":1,"stock":0,"editions":[],"url":"https:\/\/quaidesbrumes.com\/ouvrage\/9781590055243\/carol-e-richards-dreams-of-birds"},{"id":"9788496466272","title":"PHOTOBOLSILLO : Alfonso","description":"Alfonso Sanchez Portela, dit Alfonso, est un photographe de Madrid, n\u00e9 en 1902, qui n'a jamais \u00e9t\u00e9 un militant franquiste mais dont les photos ont paru dans la presse r\u00e9publicaine. A 37 ans, mis \u00e0 l'index, il doit, pour survivre, charger son tr\u00e9pied sur son dos pour arpenter le pays comme photographe ambulant. Il r\u00e9ussit \u00e0 convaincre le g\u00e9n\u00e9ral Moscardo, h\u00e9ros des nationalistes, de poser pour lui dans les ruines de l'Alcazar de Tol\u00e8de. Enthousiasm\u00e9 par l'effigie martiale qui en r\u00e9sulte, Moscardo s'entremet : Alfonso, \u00e0 d\u00e9faut de retravailler dans la presse, retrouvera son studio.","authors":["Lorenzo Silva"],"category_codes":["6000000","6070000","6070200"],"visuals":{"large":"https:\/\/images.epagine.fr\/272\/9788496466272_1_75.jpg","medium":"https:\/\/images.epagine.fr\/272\/9788496466272_1_m.jpg","thumbnail":"https:\/\/images.epagine.fr\/272\/9788496466272_1_v.jpg"},"orderable":true,"show_badge":true,"formatted_price":"20,00&nbsp;\u20ac","formatted_published_date":"30 d\u00e9cembre 1999","publisher_availability_label":"Sur commande","short_details":"Lorenzo Silva \u2014 La Fabrica","translator":null,"weight":401,"page_count":null,"readership":null,"editor":"La Fabrica","price":2000,"published_date":"1999-12-29T23:00:00.000000Z","support":"Poche","publisher_availability":1,"stock":0,"editions":[],"url":"https:\/\/quaidesbrumes.com\/ouvrage\/9788496466272\/photobolsillo-alfonso"},{"id":"9788496466852","title":"PHOTOBOLSILLO : Baylon","description":"Luis Bayl\u00f3n na\u00eet \u00e0 Madrid en 1958. D\u00e8s 18 ans, il apprend la photographie et commence sa carri\u00e8re professionnelle en 1987. Depuis plus de trente ans il photographie les rues de Madrid et ses habitants anonymes, voyage en Inde, au Maroc et au Portugal. En noir et blanc, au Rolleiflex. En 2000, la commune de Madrid le r\u00e9compense du Grand prix de photographie pour son travail : 15 ans de photographie des rues, des couloirs de m\u00e9tro, de corridas.","authors":["Quico Rivas"],"category_codes":["6000000","6070000","6070200"],"visuals":{"large":"https:\/\/images.epagine.fr\/852\/9788496466852_1_75.jpg","medium":"https:\/\/images.epagine.fr\/852\/9788496466852_1_m.jpg","thumbnail":"https:\/\/images.epagine.fr\/852\/9788496466852_1_v.jpg"},"orderable":true,"show_badge":true,"formatted_price":"20,00&nbsp;\u20ac","formatted_published_date":"30 d\u00e9cembre 1999","publisher_availability_label":"Sur commande","short_details":"Quico Rivas \u2014 La Fabrica","translator":null,"weight":401,"page_count":null,"readership":null,"editor":"La Fabrica","price":2000,"published_date":"1999-12-29T23:00:00.000000Z","support":"Poche","publisher_availability":1,"stock":0,"editions":[],"url":"https:\/\/quaidesbrumes.com\/ouvrage\/9788496466852\/photobolsillo-baylon"},{"id":"9788492841127","title":"PHOTOBOLSILLO : C\u00e9sar Lucas","description":null,"authors":["Cesar Lucas"],"category_codes":["6000000","6070000","6070200"],"visuals":{"large":"https:\/\/images.epagine.fr\/127\/9788492841127_1_75.jpg","medium":"https:\/\/images.epagine.fr\/127\/9788492841127_1_m.jpg","thumbnail":"https:\/\/images.epagine.fr\/127\/9788492841127_1_v.jpg"},"orderable":true,"show_badge":true,"formatted_price":"20,00&nbsp;\u20ac","formatted_published_date":"30 d\u00e9cembre 1999","publisher_availability_label":"Sur commande","short_details":"Cesar Lucas \u2014 La Fabrica","translator":null,"weight":401,"page_count":null,"readership":null,"editor":"La Fabrica","price":2000,"published_date":"1999-12-29T23:00:00.000000Z","support":"Poche","publisher_availability":1,"stock":0,"editions":[],"url":"https:\/\/quaidesbrumes.com\/ouvrage\/9788492841127\/photobolsillo-cesar-lucas"},{"id":"9788415303350","title":"PHOTOBOLSILLO : cia de foto","description":"Founded in 2003 by Rafael Jacinto and Pio Figueiroa, and based in S\u00e3o Paulo, Brazil, Cia de Foto is a photography collective comprised of photo theoreticians as well as photographers. Among its other members are Jo\u00e3o Kehl and Carol Lopes. Their work, introduced in this pocket-sized volume, explores all collaborative possibilities of photography.","authors":["Ronaldo Entler"],"category_codes":["6000000","6070000","6070200"],"visuals":{"large":"https:\/\/images.epagine.fr\/350\/9788415303350_1_75.jpg","medium":"https:\/\/images.epagine.fr\/350\/9788415303350_1_m.jpg","thumbnail":"https:\/\/images.epagine.fr\/350\/9788415303350_1_v.jpg"},"orderable":true,"show_badge":true,"formatted_price":"20,00&nbsp;\u20ac","formatted_published_date":"30 d\u00e9cembre 1999","publisher_availability_label":"Sur commande","short_details":"Ronaldo Entler \u2014 La Fabrica","translator":null,"weight":401,"page_count":null,"readership":null,"editor":"La Fabrica","price":2000,"published_date":"1999-12-29T23:00:00.000000Z","support":"Poche","publisher_availability":1,"stock":0,"editions":[],"url":"https:\/\/quaidesbrumes.com\/ouvrage\/9788415303350\/photobolsillo-cia-de-foto"},{"id":"9788492841202","title":"PHOTOBOLSILLO : Colita","description":"Figure mythique du mouvement intellectuel barcelonais Gauche Divine, le photographe espagnol Cortela a saisi la r\u00e9volte qui court dans les ann\u00e9es 70 \u00e0 Barcelone alors que nombre d'artistes et de penseurs se rallient au r\u00e9gime r\u00e9pressif de Franco. Depuis lors, il continue \u00e0 photographier sa ville avec un regard amus\u00e9 et sans complaisance.","authors":["Laura Terre"],"category_codes":["6000000","6070000","6070200"],"visuals":{"large":"https:\/\/images.epagine.fr\/202\/9788492841202_1_75.jpg","medium":"https:\/\/images.epagine.fr\/202\/9788492841202_1_m.jpg","thumbnail":"https:\/\/images.epagine.fr\/202\/9788492841202_1_v.jpg"},"orderable":true,"show_badge":true,"formatted_price":"20,00&nbsp;\u20ac","formatted_published_date":"30 d\u00e9cembre 1999","publisher_availability_label":"Sur commande","short_details":"Laura Terre \u2014 La Fabrica","translator":null,"weight":401,"page_count":null,"readership":null,"editor":"La Fabrica","price":2000,"published_date":"1999-12-29T23:00:00.000000Z","support":"Poche","publisher_availability":1,"stock":0,"editions":[],"url":"https:\/\/quaidesbrumes.com\/ouvrage\/9788492841202\/photobolsillo-colita"},{"id":"9788415303206","title":"PHOTOBOLSILLO : Emilio Morenatti","description":"La mission officielle d'Emilio Morenatti en tant que photojournaliste est de \u00abtransmettre un message le plus clairement possible au plus grand nombre possible de personnes\u00bb. Ses r\u00e9cents travaux sur l'\u00e9pid\u00e9mie de chol\u00e9ra en Ha\u00efti et la r\u00e9volution en Egypte illustrent son engagement \u00e0 raconter les histoires de les d\u00e9poss\u00e9d\u00e9s et les afflig\u00e9s, dont un \u00e9chantillon est pr\u00e9sent\u00e9 dans ce volume introductif.","authors":["Emilio Morenatti"],"category_codes":["6000000","6070000","6070200"],"visuals":{"large":"https:\/\/images.epagine.fr\/206\/9788415303206_1_75.jpg","medium":"https:\/\/images.epagine.fr\/206\/9788415303206_1_m.jpg","thumbnail":"https:\/\/images.epagine.fr\/206\/9788415303206_1_v.jpg"},"orderable":true,"show_badge":true,"formatted_price":"20,00&nbsp;\u20ac","formatted_published_date":"30 d\u00e9cembre 1999","publisher_availability_label":"Sur commande","short_details":"Emilio Morenatti \u2014 La Fabrica","translator":null,"weight":401,"page_count":null,"readership":null,"editor":"La Fabrica","price":2000,"published_date":"1999-12-29T23:00:00.000000Z","support":"Poche","publisher_availability":1,"stock":0,"editions":[],"url":"https:\/\/quaidesbrumes.com\/ouvrage\/9788415303206\/photobolsillo-emilio-morenatti"},{"id":"9788415303657","title":"PHOTOBOLSILLO : Isabel Munoz","description":"One of the most renowned female contemporary photographers in Spain, Isabel Mu\u00f1oz (born 1951) makes color and black-and-white photographs that offer an exploration of the body in motion--particularly bodies of dancers, as in her series on the traditional forms of tango and flamenco. Her work is surveyed in this PHotoBolsillo pocket monograph.","authors":["Isabel Munoz"],"category_codes":["6000000","6070000","6070200","6070205"],"visuals":{"large":"https:\/\/images.epagine.fr\/657\/9788415303657_1_75.jpg","medium":"https:\/\/images.epagine.fr\/657\/9788415303657_1_m.jpg","thumbnail":"https:\/\/images.epagine.fr\/657\/9788415303657_1_v.jpg"},"orderable":true,"show_badge":true,"formatted_price":"20,00&nbsp;\u20ac","formatted_published_date":"30 d\u00e9cembre 1999","publisher_availability_label":"Sur commande","short_details":"Isabel Munoz \u2014 La Fabrica","translator":null,"weight":401,"page_count":108,"readership":null,"editor":"La Fabrica","price":2000,"published_date":"1999-12-29T23:00:00.000000Z","support":"Poche","publisher_availability":1,"stock":0,"editions":[],"url":"https:\/\/quaidesbrumes.com\/ouvrage\/9788415303657\/photobolsillo-isabel-munoz"},{"id":"9788492841042","title":"PHOTOBOLSILLO : Jordi Socias","description":null,"authors":["Manuel Vicent"],"category_codes":["6000000","6070000","6070200"],"visuals":{"large":"https:\/\/images.epagine.fr\/042\/9788492841042_1_75.jpg","medium":"https:\/\/images.epagine.fr\/042\/9788492841042_1_m.jpg","thumbnail":"https:\/\/images.epagine.fr\/042\/9788492841042_1_v.jpg"},"orderable":true,"show_badge":true,"formatted_price":"20,00&nbsp;\u20ac","formatted_published_date":"30 d\u00e9cembre 1999","publisher_availability_label":"Sur commande","short_details":"Manuel Vicent \u2014 La Fabrica","translator":null,"weight":401,"page_count":null,"readership":null,"editor":"La Fabrica","price":2000,"published_date":"1999-12-29T23:00:00.000000Z","support":"Poche","publisher_availability":1,"stock":0,"editions":[],"url":"https:\/\/quaidesbrumes.com\/ouvrage\/9788492841042\/photobolsillo-jordi-socias"},{"id":"9788492498697","title":"PHOTOBOLSILLO : Jos\u00e9 Ram\u00f3n Bas","description":null,"authors":["Christian Caujolle"],"category_codes":["6000000","6070000","6070200"],"visuals":{"large":"https:\/\/images.epagine.fr\/697\/9788492498697_1_75.jpg","medium":"https:\/\/images.epagine.fr\/697\/9788492498697_1_m.jpg","thumbnail":"https:\/\/images.epagine.fr\/697\/9788492498697_1_v.jpg"},"orderable":true,"show_badge":true,"formatted_price":"20,00&nbsp;\u20ac","formatted_published_date":"30 d\u00e9cembre 1999","publisher_availability_label":"Sur commande","short_details":"Christian Caujolle \u2014 La Fabrica","translator":null,"weight":210,"page_count":null,"readership":null,"editor":"La Fabrica","price":2000,"published_date":"1999-12-29T23:00:00.000000Z","support":"Poche","publisher_availability":1,"stock":0,"editions":[],"url":"https:\/\/quaidesbrumes.com\/ouvrage\/9788492498697\/photobolsillo-jose-ramon-bas"},{"id":"9788492498918","title":"PHOTOBOLSILLO : Leonard Cantero","description":null,"authors":["Catherine Coleman"],"category_codes":["6000000","6070000","6070200"],"visuals":{"large":"https:\/\/images.epagine.fr\/918\/9788492498918_1_75.jpg","medium":"https:\/\/images.epagine.fr\/918\/9788492498918_1_m.jpg","thumbnail":"https:\/\/images.epagine.fr\/918\/9788492498918_1_v.jpg"},"orderable":true,"show_badge":true,"formatted_price":"20,00&nbsp;\u20ac","formatted_published_date":"30 d\u00e9cembre 1999","publisher_availability_label":"Sur commande","short_details":"Catherine Coleman \u2014 La Fabrica","translator":null,"weight":401,"page_count":null,"readership":null,"editor":"La Fabrica","price":2000,"published_date":"1999-12-29T23:00:00.000000Z","support":"Poche","publisher_availability":1,"stock":0,"editions":[],"url":"https:\/\/quaidesbrumes.com\/ouvrage\/9788492498918\/photobolsillo-leonard-cantero"},{"id":"9788415303244","title":"PHOTOBOLSILLO : Marcos Lopez","description":"Le photographe argentin Marcos L\u00f3pez (n\u00e9 en 1958) met en sc\u00e8ne ses mod\u00e8les dans des photographies grand format aux couleurs vives qui parodient et critiquent avec humour la soci\u00e9t\u00e9 (principalement la soci\u00e9t\u00e9 argentine). Ce volume donne un aper\u00e7u des trois d\u00e9cennies de photographie extravagante et acerbe de ce photographe autodidacte.","authors":["Lopez Marcos"],"category_codes":["6000000","6070000","6070200"],"visuals":{"large":"https:\/\/images.epagine.fr\/244\/9788415303244_1_75.jpg","medium":"https:\/\/images.epagine.fr\/244\/9788415303244_1_m.jpg","thumbnail":"https:\/\/images.epagine.fr\/244\/9788415303244_1_v.jpg"},"orderable":true,"show_badge":true,"formatted_price":"20,00&nbsp;\u20ac","formatted_published_date":"30 d\u00e9cembre 1999","publisher_availability_label":"Sur commande","short_details":"Lopez Marcos \u2014 La Fabrica","translator":null,"weight":200,"page_count":null,"readership":null,"editor":"La Fabrica","price":2000,"published_date":"1999-12-29T23:00:00.000000Z","support":"Poche","publisher_availability":1,"stock":0,"editions":[],"url":"https:\/\/quaidesbrumes.com\/ouvrage\/9788415303244\/photobolsillo-marcos-lopez"},{"id":"9788496466715","title":"PHOTOBOLSILLO : Paco G\u00f3mez","description":null,"authors":["Ram\u00f3n Masats"],"category_codes":["6000000","6070000","6070200"],"visuals":{"large":"https:\/\/images.epagine.fr\/715\/9788496466715_1_75.jpg","medium":"https:\/\/images.epagine.fr\/715\/9788496466715_1_m.jpg","thumbnail":"https:\/\/images.epagine.fr\/715\/9788496466715_1_v.jpg"},"orderable":true,"show_badge":true,"formatted_price":"20,00&nbsp;\u20ac","formatted_published_date":"30 d\u00e9cembre 1999","publisher_availability_label":"Sur commande","short_details":"Ram\u00f3n Masats \u2014 La Fabrica","translator":null,"weight":401,"page_count":null,"readership":null,"editor":"La Fabrica","price":2000,"published_date":"1999-12-29T23:00:00.000000Z","support":"Poche","publisher_availability":1,"stock":0,"editions":[],"url":"https:\/\/quaidesbrumes.com\/ouvrage\/9788496466715\/photobolsillo-paco-gomez"}]}