{"data":[{"id":"9789188113627","title":"Osamu Yokonami : small town","description":null,"authors":["Osamu Yokonami"],"category_codes":["6000000","6070000","6070200","6070205"],"visuals":{"large":"https:\/\/images.epagine.fr\/627\/9789188113627_1_75.jpg","medium":"https:\/\/images.epagine.fr\/627\/9789188113627_1_m.jpg","thumbnail":"https:\/\/images.epagine.fr\/627\/9789188113627_1_v.jpg"},"orderable":true,"show_badge":true,"formatted_price":"54,00&nbsp;\u20ac","formatted_published_date":"15 mars 2023","publisher_availability_label":"Sur commande","short_details":"Osamu Yokonami \u2014 Libraryman","translator":null,"weight":1101,"page_count":null,"readership":null,"editor":"Libraryman","price":5400,"published_date":"2023-03-14T23:00:00.000000Z","support":"Beaux-livres","publisher_availability":1,"stock":0,"editions":[],"url":"https:\/\/quaidesbrumes.com\/ouvrage\/9789188113627\/osamu-yokonami-small-town"},{"id":"9789188113610","title":"Victoria Hely-Hutchinson : I left my grandmother's house","description":null,"authors":["Victoria Hely-Hutchinson"],"category_codes":["6000000","6070000","6070200","6070205"],"visuals":{"large":"https:\/\/images.epagine.fr\/610\/9789188113610_1_75.jpg","medium":"https:\/\/images.epagine.fr\/610\/9789188113610_1_m.jpg","thumbnail":"https:\/\/images.epagine.fr\/610\/9789188113610_1_v.jpg"},"orderable":true,"show_badge":true,"formatted_price":"49,00&nbsp;\u20ac","formatted_published_date":"18 mai 2023","publisher_availability_label":"Sur commande","short_details":"Victoria Hely-Hutchinson \u2014 Libraryman","translator":null,"weight":1001,"page_count":null,"readership":null,"editor":"Libraryman","price":4900,"published_date":"2023-05-17T22:00:00.000000Z","support":"Grand format","publisher_availability":1,"stock":0,"editions":[],"url":"https:\/\/quaidesbrumes.com\/ouvrage\/9789188113610\/victoria-hely-hutchinson-i-left-my-grandmothers-house"},{"id":"9783753301624","title":"Annette kelm die bucher \/anglais\/allemand","description":null,"authors":[],"category_codes":["6000000","6070000","6070200"],"visuals":{"large":"https:\/\/quaidesbrumes.com\/img\/book-placeholder.png","medium":"https:\/\/quaidesbrumes.com\/img\/book-placeholder.png","thumbnail":"https:\/\/quaidesbrumes.com\/img\/book-placeholder.png"},"orderable":true,"show_badge":true,"formatted_price":"60,00&nbsp;\u20ac","formatted_published_date":"22 septembre 2022","publisher_availability_label":"Sur commande","short_details":"Walther Konig","translator":null,"weight":1200,"page_count":null,"readership":null,"editor":"Walther Konig","price":6000,"published_date":"2022-09-21T22:00:00.000000Z","support":"Grand format","publisher_availability":1,"stock":0,"editions":[],"url":"https:\/\/quaidesbrumes.com\/ouvrage\/9783753301624\/annette-kelm-die-bucher-anglaisallemand"},{"id":"9783753304496","title":"Klara K\u00e4llstrom Thobias F\u00e4ldt","description":"L'oeuvre de Klara K\u00e4llstrom et Thobias F\u00e4ldt se caract\u00e9rise par un fort engagement social. Ce catalogue comprend des oeuvres sur les m\u00e9dias, le pouvoir et l'histoire, interrogeant la place que l'image y occupe. Notamment, leur travail sur Julian Assange et WikiLeaks est peut-\u00eatre l'exemple le plus frappant de leur engagement \u00e0 explorer des r\u00e9cits qui ne correspondent pas \u00e0 un certain mod\u00e8le. Ce projet en cours examine l'image m\u00e9diatique d'Assange suite \u00e0 sa d\u00e9nonciation des crimes de guerre am\u00e9ricains. En examinant les lacunes de l'histoire d'Assange, les artistes ont mis en lumi\u00e8re les forces anti-d\u00e9mocratiques et les attaques contre la libert\u00e9 de la presse. Ils cherchent \u00e0 d\u00e9voiler et \u00e0 exposer des parties n\u00e9glig\u00e9es des r\u00e9cits officiels.","authors":["Collectif"],"category_codes":["6000000","6070000","6070200","6070205"],"visuals":{"large":"https:\/\/images.epagine.fr\/496\/9783753304496_1_75.jpg","medium":"https:\/\/images.epagine.fr\/496\/9783753304496_1_m.jpg","thumbnail":"https:\/\/images.epagine.fr\/496\/9783753304496_1_v.jpg"},"orderable":true,"show_badge":true,"formatted_price":"64,00&nbsp;\u20ac","formatted_published_date":"30 juillet 2023","publisher_availability_label":"Sur commande","short_details":"Collectif \u2014 Walther Konig","translator":null,"weight":1301,"page_count":null,"readership":null,"editor":"Walther Konig","price":6400,"published_date":"2023-07-29T22:00:00.000000Z","support":"Grand format","publisher_availability":1,"stock":0,"editions":[],"url":"https:\/\/quaidesbrumes.com\/ouvrage\/9783753304496\/klara-kallstrom-thobias-faldt"},{"id":"9789188113689","title":"Stephan Crasneanscki\/Patti Smith medea","description":"Dans sa recherche artistique, St\u00e9phan Crasneanscki (n\u00e9 en 1969, fran\u00e7ais) combine le son, l'image et le texte. Medea ne fait pas exception \u00e0 cette r\u00e8gle : le projet s'est d\u00e9velopp\u00e9 lors d'une travers\u00e9e de la mer Noire, o\u00f9, au large des c\u00f4tes de Turquie, de G\u00e9orgie, de Russie, de Crim\u00e9e, d'Ukraine, de Roumanie et de Bulgarie, il a travaill\u00e9 avec son Soundwalk Collective, pour rassembler le mat\u00e9riel sonore qui allait donner vie au disque Medea. Ses photographies prises pendant dix ans \u00e0 la tomb\u00e9e de la nuit, s'int\u00e9ressent aux aspects sombres du mythe de M\u00e9d\u00e9e. Sans cesse r\u00e9fract\u00e9e, la figure de la m\u00e8re vengeresse, la pr\u00eatresse H\u00e9cate, ni\u00e8ce de Circ\u00e9, est reconstitu\u00e9e par fragments, ceux d'un journal de bord qui retrace le mythe \u00e0 travers une r\u00e9gion fractur\u00e9e par les guerres et les pouvoirs en place. Le livre contient une pr\u00e9face et des oeuvres de St\u00e9phan Crasneanscki, un texte et une photographie de l'autrice et po\u00e8te Patti Smith ainsi qu'un texte et des dessins du r\u00e9alisateur et sc\u00e9nariste Philippe Grandrieux (n\u00e9 en 1954, fran\u00e7ais).","authors":["Stephan Crasneanscki"],"category_codes":["6000000","6070000","6070200","6070205"],"visuals":{"large":"https:\/\/images.epagine.fr\/689\/9789188113689_1_75.jpg","medium":"https:\/\/images.epagine.fr\/689\/9789188113689_1_m.jpg","thumbnail":"https:\/\/images.epagine.fr\/689\/9789188113689_1_v.jpg"},"orderable":true,"show_badge":true,"formatted_price":"79,00&nbsp;\u20ac","formatted_published_date":"1er d\u00e9cembre 2023","publisher_availability_label":"Sur commande","short_details":"Stephan Crasneanscki \u2014 Libraryman","translator":null,"weight":1501,"page_count":null,"readership":null,"editor":"Libraryman","price":7900,"published_date":"2023-11-30T23:00:00.000000Z","support":"Grand format","publisher_availability":1,"stock":0,"editions":[],"url":"https:\/\/quaidesbrumes.com\/ouvrage\/9789188113689\/stephan-crasneansckipatti-smith-medea"},{"id":"9783959057509","title":"Veronika Kellndorfer wild windows","description":"Wild Windows est une \u00e9tude r\u00e9cente du modernisme br\u00e9silien, publi\u00e9e sous la forme d'un livre d'artiste. Le titre fait r\u00e9f\u00e9rence \u00e0 l'ouvrage de Claude L\u00e9vi-Strauss, L'esprit sauvage, et aux recherches men\u00e9es depuis plus de vingt ans par Veronika Kellndorfer sur la signification picturale des fen\u00eatres. \r\n\r\n Kellndorfer consid\u00e8re les b\u00e2timents de Lina Bo Bardi et les paysages de Burle Marx comme des monuments fragiles comm\u00e9morant un esprit d'optimisme pass\u00e9 qui semble avoir anticip\u00e9 l'aube d'une nouvelle \u00e8re. Une grande partie du livre est consacr\u00e9e \u00e0 ses sources photographiques : une s\u00e9rie d'images refl\u00e9tant des analogies entre les plantes, l'architecture et l'espace public. Elle entrelace ces images avec des vues de ses expositions sur Lina Bo Bardi et Burle Marx, dans lesquelles elle combine la sp\u00e9cificit\u00e9 des espaces individuels avec du mat\u00e9riel extrait de ses archives. Les villes n'appartiennent jamais qu'aux gens. Wild Windows r\u00e9fl\u00e9chit aux architectures de cohabitation et au discours actuel sur les mani\u00e8res vernaculaires d'aborder les plantes et les ressources. \r\n\r\n Veronika Kellndorfer est une artiste visuelle bas\u00e9e \u00e0 Berlin. Mark Wigley est architecte, auteur et doyen \u00e9m\u00e9rite de l'universit\u00e9 de Columbia. Beatriz Colomina est th\u00e9oricienne de l'architecture et professeur d'histoire et de th\u00e9orie de l'architecture \u00e0 Princeton.","authors":["Veronika Kellndorfer"],"category_codes":["6000000","6070000","6070200","6070205"],"visuals":{"large":"https:\/\/images.epagine.fr\/509\/9783959057509_1_75.jpg","medium":"https:\/\/images.epagine.fr\/509\/9783959057509_1_m.jpg","thumbnail":"https:\/\/images.epagine.fr\/509\/9783959057509_1_v.jpg"},"orderable":true,"show_badge":true,"formatted_price":"42,00&nbsp;\u20ac","formatted_published_date":"9 septembre 2023","publisher_availability_label":"Sur commande","short_details":"Veronika Kellndorfer \u2014 Spector Books","translator":null,"weight":910,"page_count":180,"readership":null,"editor":"Spector Books","price":4200,"published_date":"2023-09-08T22:00:00.000000Z","support":"Grand format","publisher_availability":1,"stock":0,"editions":[],"url":"https:\/\/quaidesbrumes.com\/ouvrage\/9783959057509\/veronika-kellndorfer-wild-windows"},{"id":"9783753304595","title":"Hans G. Conrad : aicher in ulm","description":"Otl Aicher (1922-1991) compte parmi les designers graphiques les plus influents du XXe si\u00e8cle. Ses oeuvres \u00e9taient profond\u00e9ment politiques et morales, et elles ont influenc\u00e9 la vie quotidienne de beaucoup de gens. Lui et son \u00e9quipe ont con\u00e7u l'apparence des Jeux olympiques de Munich de 1972 comme un contre-design humaniste aux Jeux nazis de Berlin en 1936 : pour ce faire, il a d\u00e9velopp\u00e9 les pictogrammes d\u00e9finissant le style sur une base g\u00e9om\u00e9trique pour une compr\u00e9hension universelle au-del\u00e0 des barri\u00e8res linguistiques. Son identit\u00e9 visuelle pour Lufthansa a fa\u00e7onn\u00e9 la perception de la compagnie a\u00e9rienne pendant des d\u00e9cennies. Avec Inge Scholl et Max Bill, il a \u00e9galement cr\u00e9\u00e9 la HfG Ulm (1953-1968), consid\u00e9r\u00e9e comme la plus importante \u00e9cole de design graphique du XXe si\u00e8cle.","authors":["Collectif"],"category_codes":["6000000","6070000","6070200","6070205"],"visuals":{"large":"https:\/\/images.epagine.fr\/595\/9783753304595_1_75.jpg","medium":"https:\/\/images.epagine.fr\/595\/9783753304595_1_m.jpg","thumbnail":"https:\/\/images.epagine.fr\/595\/9783753304595_1_v.jpg"},"orderable":true,"show_badge":true,"formatted_price":"78,00&nbsp;\u20ac","formatted_published_date":"30 ao\u00fbt 2023","publisher_availability_label":"Sur commande","short_details":"Collectif \u2014 Walther Konig","translator":null,"weight":1501,"page_count":null,"readership":null,"editor":"Walther Konig","price":7800,"published_date":"2023-08-29T22:00:00.000000Z","support":"Grand format","publisher_availability":1,"stock":0,"editions":[],"url":"https:\/\/quaidesbrumes.com\/ouvrage\/9783753304595\/hans-g-conrad-aicher-in-ulm"},{"id":"9783753305349","title":"Man Ray : other objects","description":null,"authors":["Collectif"],"category_codes":["6000000","6070000","6070200","6070205"],"visuals":{"large":"https:\/\/images.epagine.fr\/349\/9783753305349_1_75.jpg","medium":"https:\/\/images.epagine.fr\/349\/9783753305349_1_m.jpg","thumbnail":"https:\/\/images.epagine.fr\/349\/9783753305349_1_v.jpg"},"orderable":true,"show_badge":true,"formatted_price":"29,80&nbsp;\u20ac","formatted_published_date":"15 septembre 2023","publisher_availability_label":"Sur commande","short_details":"Collectif \u2014 Walther Konig","translator":null,"weight":250,"page_count":null,"readership":null,"editor":"Walther Konig","price":2980,"published_date":"2023-09-14T22:00:00.000000Z","support":"Grand format","publisher_availability":1,"stock":0,"editions":[],"url":"https:\/\/quaidesbrumes.com\/ouvrage\/9783753305349\/man-ray-other-objects"},{"id":"9789464770834","title":"Sybren Vanoverberghe desert spirals","description":"\u00ab Desert Spirals \u00bb de Sybren Vanoverberghe pr\u00e9sente une nouvelle s\u00e9rie de photographies prises dans le d\u00e9sert marocain. Les images repr\u00e9sentent des artefacts, des abris et des gravures anciennes au milieu du vaste paysage. La d\u00e9marche artistique de Vanoverberghe se plonge dans les traces d'un pass\u00e9 r\u00e9cent ou oubli\u00e9, capturant l'essence du n\u00e9ant du d\u00e9sert. Dans ses photographies, elle m\u00e9lange les sc\u00e8nes contemporaines avec des gravures anciennes, r\u00e9alisant des associations \u00e9vocatives et compositions puissantes.","authors":["Sybren Vanoverberghe"],"category_codes":["6000000","6070000","6070200","6070205"],"visuals":{"large":"https:\/\/images.epagine.fr\/834\/9789464770834_1_75.jpg","medium":"https:\/\/images.epagine.fr\/834\/9789464770834_1_m.jpg","thumbnail":"https:\/\/images.epagine.fr\/834\/9789464770834_1_v.jpg"},"orderable":true,"show_badge":true,"formatted_price":"25,00&nbsp;\u20ac","formatted_published_date":"10 octobre 2023","publisher_availability_label":"Sur commande","short_details":"Sybren Vanoverberghe \u2014 Ape Art Paper","translator":null,"weight":501,"page_count":88,"readership":null,"editor":"Ape Art Paper","price":2500,"published_date":"2023-10-09T22:00:00.000000Z","support":"Grand format","publisher_availability":1,"stock":0,"editions":[],"url":"https:\/\/quaidesbrumes.com\/ouvrage\/9789464770834\/sybren-vanoverberghe-desert-spirals"},{"id":"9783959055574","title":"Nele Hertling : into the open","description":null,"authors":["Nele Hertling"],"category_codes":["6000000","6070000","6070200","6070205"],"visuals":{"large":"https:\/\/images.epagine.fr\/574\/9783959055574_1_75.jpg","medium":"https:\/\/images.epagine.fr\/574\/9783959055574_1_m.jpg","thumbnail":"https:\/\/images.epagine.fr\/574\/9783959055574_1_v.jpg"},"orderable":true,"show_badge":true,"formatted_price":"33,00&nbsp;\u20ac","formatted_published_date":"1er novembre 2022","publisher_availability_label":"Sur commande","short_details":"Nele Hertling \u2014 Spector Books","translator":null,"weight":900,"page_count":null,"readership":null,"editor":"Spector Books","price":3300,"published_date":"2022-10-31T23:00:00.000000Z","support":"Grand format","publisher_availability":1,"stock":0,"editions":[],"url":"https:\/\/quaidesbrumes.com\/ouvrage\/9783959055574\/nele-hertling-into-the-open"},{"id":"9789464775815","title":"Ivo Sekulovski : Down the jade mountain","description":"'Down the Jade Mountain' is a concise exploration of identity crises across person, artist, family, country, and photography itself. Ivo Sekulovski, living in Italy and wrestling with belonging, embarks on a project in his hometown Ohrid, North Macedonia.\r\n\r\nThe book reads like a series of visual riddles, every page bustling with hints and symbols; some universally readable, some deeply and irredeemably personal. In it, Ivo explores and dissects his family dynamics, the multitude of cultures that compose his native country, and his scattered sense of self while all the time playing with the everconflicted relationship between photography, reality, and truth. With an un\u00adsettling ability to blur the lines between all these themes, we see family archival images intersecting with staged images of his parents and immaculate, eerie still lifes.\r\n\r\nThe medium suits the story-images hold mystery, blurring reality. Ivo's play with photography raises questions on time, truth, memory, and reality.","authors":["Ivo Sekulovski"],"category_codes":["6000000","6070000","6070200","6070205"],"visuals":{"large":"https:\/\/images.epagine.fr\/815\/9789464775815_1_75.jpg","medium":"https:\/\/images.epagine.fr\/815\/9789464775815_1_m.jpg","thumbnail":"https:\/\/images.epagine.fr\/815\/9789464775815_1_v.jpg"},"orderable":true,"show_badge":true,"formatted_price":"30,00&nbsp;\u20ac","formatted_published_date":"20 mai 2024","publisher_availability_label":"Sur commande","short_details":"Ivo Sekulovski \u2014 Ape Art Paper","translator":null,"weight":503,"page_count":80,"readership":null,"editor":"Ape Art Paper","price":3000,"published_date":"2024-05-19T22:00:00.000000Z","support":"Grand format","publisher_availability":1,"stock":0,"editions":[],"url":"https:\/\/quaidesbrumes.com\/ouvrage\/9789464775815\/ivo-sekulovski-down-the-jade-mountain"},{"id":"9788495183460","title":"Ortiz Echag\u00fce : Photographs 1903-1964","description":"Between 1903 and 1964, when he laid down his camera for good, Ortiz Echag\u00fce (1886-1980) documented a vanishing, pre-industrial, rural Spain with heroic diligence, traveling thousands of miles to photograph communities and ways of life on the verge of extinction. This volume compiles some of his best-loved series.","authors":["Ortiz Echag\u00fce"],"category_codes":["6000000","6070000","6070200","6070205"],"visuals":{"large":"https:\/\/images.epagine.fr\/460\/9788495183460_1_75.jpg","medium":"https:\/\/images.epagine.fr\/460\/9788495183460_1_m.jpg","thumbnail":"https:\/\/images.epagine.fr\/460\/9788495183460_1_v.jpg"},"orderable":true,"show_badge":true,"formatted_price":"90,00&nbsp;\u20ac","formatted_published_date":"31 mars 2012","publisher_availability_label":"Sur commande","short_details":"Ortiz Echag\u00fce \u2014 La Fabrica","translator":null,"weight":2000,"page_count":206,"readership":null,"editor":"La Fabrica","price":9000,"published_date":"2012-03-30T22:00:00.000000Z","support":"Grand format","publisher_availability":1,"stock":0,"editions":[],"url":"https:\/\/quaidesbrumes.com\/ouvrage\/9788495183460\/ortiz-echague-photographs-1903-1964"},{"id":"9788418934612","title":"Spain : Portrait of a country","description":"A panoramic vision of contemporary Spain.\r\n\r\nThis book offers a colorful and panoramic vision of Spain through photographs taken by a large group of accomplished photographers, and also includes a special selection of 19 images obtained through a national contest that invited Spaniards to share personal views of their country.","authors":["Elvira Sastre"],"category_codes":["6000000","6070000","6070200","6070205"],"visuals":{"large":"https:\/\/images.epagine.fr\/612\/9788418934612_1_75.jpg","medium":"https:\/\/images.epagine.fr\/612\/9788418934612_1_m.jpg","thumbnail":"https:\/\/images.epagine.fr\/612\/9788418934612_1_v.jpg"},"orderable":true,"show_badge":true,"formatted_price":"42,00&nbsp;\u20ac","formatted_published_date":"16 janvier 2024","publisher_availability_label":"Sur commande","short_details":"Elvira Sastre \u2014 La Fabrica","translator":null,"weight":1301,"page_count":272,"readership":null,"editor":"La Fabrica","price":4200,"published_date":"2024-01-15T23:00:00.000000Z","support":"Grand format","publisher_availability":1,"stock":0,"editions":[],"url":"https:\/\/quaidesbrumes.com\/ouvrage\/9788418934612\/spain-portrait-of-a-country"},{"id":"9789874460226","title":"Juan Travnik : Materia","description":null,"authors":["Juan Travnik"],"category_codes":["6000000","6070000","6070200","6070205"],"visuals":{"large":"https:\/\/images.epagine.fr\/226\/9789874460226_1_75.jpg","medium":"https:\/\/images.epagine.fr\/226\/9789874460226_1_m.jpg","thumbnail":"https:\/\/images.epagine.fr\/226\/9789874460226_1_v.jpg"},"orderable":true,"show_badge":true,"formatted_price":"35,00&nbsp;\u20ac","formatted_published_date":"16 octobre 2023","publisher_availability_label":"Sur commande","short_details":"Juan Travnik \u2014 Toluca","translator":null,"weight":701,"page_count":null,"readership":null,"editor":"Toluca","price":3500,"published_date":"2023-10-15T22:00:00.000000Z","support":"Grand format","publisher_availability":1,"stock":0,"editions":[],"url":"https:\/\/quaidesbrumes.com\/ouvrage\/9789874460226\/juan-travnik-materia"},{"id":"9783753305165","title":"Manon de Boer Latifa La\u00e2bissi : Another ghost party","description":null,"authors":["Collectif"],"category_codes":["6000000","6070000","6070400"],"visuals":{"large":"https:\/\/images.epagine.fr\/165\/9783753305165_1_75.jpg","medium":"https:\/\/images.epagine.fr\/165\/9783753305165_1_m.jpg","thumbnail":"https:\/\/images.epagine.fr\/165\/9783753305165_1_v.jpg"},"orderable":true,"show_badge":true,"formatted_price":"34,00&nbsp;\u20ac","formatted_published_date":"15 octobre 2023","publisher_availability_label":"Sur commande","short_details":"Collectif \u2014 Walther Konig","translator":null,"weight":701,"page_count":null,"readership":null,"editor":"Walther Konig","price":3400,"published_date":"2023-10-14T22:00:00.000000Z","support":"Grand format","publisher_availability":1,"stock":0,"editions":[],"url":"https:\/\/quaidesbrumes.com\/ouvrage\/9783753305165\/manon-de-boer-latifa-laabissi-another-ghost-party"},{"id":"9780714848402","title":"Questions without answers ; the world in pictures by the photographers of VII","description":"- A powerful visual history of the world from the end of the Cold War to the present - day, by the photographers at groundbreaking photo agency VII.\r\n- Features a startlingly wide variety of work; from coverage of the war in Iraq - - and the events of 9\/11 to an exploration of Hurricane Katrina's aftermath, from portraits of our most significant cultural figures to dispatches from the current economic crisis.\r\n- The VII photographers are leaders in their field and include eminent figures such - as Christopher Morris, John Stanmeyer and Alexandra Boulat, alongside exciting emerging photojournalists such as Joachim Ladefoged and Marcus Bleasdale.\r\n- A moving and compelling record of conflict - environmental, social and political, - - both violent and non-violent - through photo-stories from around the world.\r\n- An introduction by David Friend, former director of photography at - Life - magazine, provides a context for the work and a commentary on world events in the 21st century.\r\n\r\nVII derives its name from the number of founding photo-journalists who, in September 2001, formed this collectively owned photo agency. Responsible for creating and relaying to the world many of the images that define the turbulent opening years of the 21st century, VII documents the changes and development of society and culture worldwide. David Friend is Vanity Fair's editor of Creative Development and served as Life magazine's director of photography during the 1990s. An Emmy and Peabody award-winning producer, he is the author of Watching the World Change: The Stories Behind the Images of 9\/11 (2006).\r","authors":["Collectif"],"category_codes":["6000000","6070000","6070200"],"visuals":{"large":"https:\/\/images.epagine.fr\/402\/9780714848402_1_75.jpg","medium":"https:\/\/images.epagine.fr\/402\/9780714848402_1_m.jpg","thumbnail":"https:\/\/images.epagine.fr\/402\/9780714848402_1_v.jpg"},"orderable":true,"show_badge":true,"formatted_price":"69,95&nbsp;\u20ac","formatted_published_date":"7 mai 2012","publisher_availability_label":"Sur commande","short_details":"Collectif \u2014 Phaidon Press","translator":null,"weight":2632,"page_count":368,"readership":null,"editor":"Phaidon Press","price":6995,"published_date":"2012-05-06T22:00:00.000000Z","support":"Grand format","publisher_availability":1,"stock":0,"editions":[],"url":"https:\/\/quaidesbrumes.com\/ouvrage\/9780714848402\/questions-without-answers-the-world-in-pictures-by-the-photographers-of-vii"},{"id":"9783753305943","title":"Bruno Pacheco in a flash","description":"Bruno Pacheco has been engaged in the medium of painting for almost over 30 years and has worked on countless themes and styles during this time. The flowing is at the heart of his artistic approach. This fully illustrated monograph is the most extensive on the artist's work to date. Text: Jennifer Higgie, Barry Schwabsky, Anthony Spira","authors":["Collectif"],"category_codes":["6000000","6070000","6070200","6070205"],"visuals":{"large":"https:\/\/images.epagine.fr\/943\/9783753305943_1_75.jpg","medium":"https:\/\/images.epagine.fr\/943\/9783753305943_1_m.jpg","thumbnail":"https:\/\/images.epagine.fr\/943\/9783753305943_1_v.jpg"},"orderable":true,"show_badge":true,"formatted_price":"39,80&nbsp;\u20ac","formatted_published_date":"15 mai 2024","publisher_availability_label":"Sur commande","short_details":"Collectif \u2014 Walther Konig","translator":null,"weight":788,"page_count":172,"readership":null,"editor":"Walther Konig","price":3980,"published_date":"2024-05-14T22:00:00.000000Z","support":"Grand format","publisher_availability":1,"stock":0,"editions":[],"url":"https:\/\/quaidesbrumes.com\/ouvrage\/9783753305943\/bruno-pacheco-in-a-flash"},{"id":"9783959057622","title":"Wanderings about history the photography of ulrich wust \/anglais\/allemand","description":null,"authors":["Flugge Matthias","Wust"],"category_codes":["6000000","6070000","6070200"],"visuals":{"large":"https:\/\/images.epagine.fr\/622\/9783959057622_1_75.jpg","medium":"https:\/\/images.epagine.fr\/622\/9783959057622_1_m.jpg","thumbnail":"https:\/\/images.epagine.fr\/622\/9783959057622_1_v.jpg"},"orderable":true,"show_badge":true,"formatted_price":"38,00&nbsp;\u20ac","formatted_published_date":"15 juillet 2023","publisher_availability_label":"Sur commande","short_details":"Flugge Matthias, Wust \u2014 Spector Books","translator":null,"weight":600,"page_count":null,"readership":null,"editor":"Spector Books","price":3800,"published_date":"2023-07-14T22:00:00.000000Z","support":"Grand format","publisher_availability":1,"stock":0,"editions":[],"url":"https:\/\/quaidesbrumes.com\/ouvrage\/9783959057622\/wanderings-about-history-the-photography-of-ulrich-wust-anglaisallemand"},{"id":"9783959057929","title":"Stephanie Kiwitt : flachenland","description":"The title Fl\u00e4chenland is a reference to the geographical term, alluding to the urban sprawl in rural areas that the majority of people in Saxony-Anhalt live in. Stephanie Kiwitt took these atmospherically dense photographs while travelling through the state: on walks, from her car, or from the train. They show glimpses of towns, villages, and landscapes, often put together as sequences that communicate a shift in perspective or convey movement or a sense of getting closer. Kiwitt's images describe a living space that has been hugely influenced by economic and social processes and is in an ongoing process of transformation. The photos give visual expression to political statements and signs of continuous structural change.\r\n\r\nIn the booklet accompanying the images, Jonathan Everts and Daniel Herrmann use Kiwitt's photographic work as a means to reflect on the present and future of urban agglomerations and rural areas in Saxony-Anhalt.\r\n\r\nStephanie Kiwitt is a photographer and Professor of Communication Design \/ Photography at Burg Giebichenstein University of Art and Design Halle. Jonathan Everts is Professor of Human Geography at Martin Luther University Halle-Wittenberg. Daniel Herrmann is artistic director of the Werkleitz Centre for Media Art.","authors":["Collectif"],"category_codes":["6000000","6070000","6070200","6070205"],"visuals":{"large":"https:\/\/images.epagine.fr\/929\/9783959057929_1_75.jpg","medium":"https:\/\/images.epagine.fr\/929\/9783959057929_1_m.jpg","thumbnail":"https:\/\/images.epagine.fr\/929\/9783959057929_1_v.jpg"},"orderable":true,"show_badge":true,"formatted_price":"52,00&nbsp;\u20ac","formatted_published_date":"15 mars 2024","publisher_availability_label":"Sur commande","short_details":"Collectif \u2014 Spector Books","translator":null,"weight":2458,"page_count":464,"readership":null,"editor":"Spector Books","price":5200,"published_date":"2024-03-14T23:00:00.000000Z","support":"Grand format","publisher_availability":1,"stock":0,"editions":[],"url":"https:\/\/quaidesbrumes.com\/ouvrage\/9783959057929\/stephanie-kiwitt-flachenland"},{"id":"9781788842570","title":"Liam Bailey glastonbury","description":"Glastonbury is the striking distillation of over 30 years' unprecedented photographic access to the world's largest green-field music and performing arts festival. In over 120 memorable images, Liam Bailey invites us to share his experiences of being among its diverse tribes.\r\n\r\nAlthough Glastonbury has evolved into a sprawling fixture of the British summer calendar, this famously vibrant event is still powered by the belief in alternative communal culture.","authors":["Liam Bailey"],"category_codes":["6000000","6070000","6070200","6070205"],"visuals":{"large":"https:\/\/images.epagine.fr\/570\/9781788842570_1_75.jpg","medium":"https:\/\/images.epagine.fr\/570\/9781788842570_1_m.jpg","thumbnail":"https:\/\/images.epagine.fr\/570\/9781788842570_1_v.jpg"},"orderable":true,"show_badge":true,"formatted_price":"37,00&nbsp;\u20ac","formatted_published_date":"10 juin 2024","publisher_availability_label":"Sur commande","short_details":"Liam Bailey \u2014 Acc Art Books","translator":null,"weight":454,"page_count":120,"readership":null,"editor":"Acc Art Books","price":3700,"published_date":"2024-06-09T22:00:00.000000Z","support":"Grand format","publisher_availability":1,"stock":0,"editions":[],"url":"https:\/\/quaidesbrumes.com\/ouvrage\/9781788842570\/liam-bailey-glastonbury"},{"id":"9783753305882","title":"Julian rosefeldt euphoria \/anglais","description":null,"authors":[],"category_codes":["6000000","6070000","6070200"],"visuals":{"large":"https:\/\/quaidesbrumes.com\/img\/book-placeholder.png","medium":"https:\/\/quaidesbrumes.com\/img\/book-placeholder.png","thumbnail":"https:\/\/quaidesbrumes.com\/img\/book-placeholder.png"},"orderable":true,"show_badge":true,"formatted_price":"60,00&nbsp;\u20ac","formatted_published_date":"15 janvier 2024","publisher_availability_label":"Sur commande","short_details":"Walther Konig","translator":null,"weight":1200,"page_count":null,"readership":null,"editor":"Walther Konig","price":6000,"published_date":"2024-01-14T23:00:00.000000Z","support":"Grand format","publisher_availability":1,"stock":0,"editions":[],"url":"https:\/\/quaidesbrumes.com\/ouvrage\/9783753305882\/julian-rosefeldt-euphoria-anglais"},{"id":"9783959058421","title":"Laura Bielau : Test","description":null,"authors":["Laura Bielau"],"category_codes":["6000000","6070000","6070200","6070205"],"visuals":{"large":"https:\/\/quaidesbrumes.com\/img\/book-placeholder.png","medium":"https:\/\/quaidesbrumes.com\/img\/book-placeholder.png","thumbnail":"https:\/\/quaidesbrumes.com\/img\/book-placeholder.png"},"orderable":true,"show_badge":true,"formatted_price":"32,00&nbsp;\u20ac","formatted_published_date":"27 f\u00e9vrier 2024","publisher_availability_label":"Sur commande","short_details":"Laura Bielau \u2014 Spector Books","translator":null,"weight":601,"page_count":null,"readership":null,"editor":"Spector Books","price":3200,"published_date":"2024-02-26T23:00:00.000000Z","support":"Grand format","publisher_availability":1,"stock":0,"editions":[],"url":"https:\/\/quaidesbrumes.com\/ouvrage\/9783959058421\/laura-bielau-test"},{"id":"9783753305820","title":"Wolfgang gunzel moment mal! wait a moment! \/anglais\/allemand","description":null,"authors":[],"category_codes":["6000000","6070000","6070200"],"visuals":{"large":"https:\/\/quaidesbrumes.com\/img\/book-placeholder.png","medium":"https:\/\/quaidesbrumes.com\/img\/book-placeholder.png","thumbnail":"https:\/\/quaidesbrumes.com\/img\/book-placeholder.png"},"orderable":true,"show_badge":true,"formatted_price":"39,80&nbsp;\u20ac","formatted_published_date":"15 avril 2024","publisher_availability_label":"Sur commande","short_details":"Walther Konig","translator":null,"weight":800,"page_count":null,"readership":null,"editor":"Walther Konig","price":3980,"published_date":"2024-04-14T22:00:00.000000Z","support":"Grand format","publisher_availability":1,"stock":0,"editions":[],"url":"https:\/\/quaidesbrumes.com\/ouvrage\/9783753305820\/wolfgang-gunzel-moment-mal-wait-a-moment-anglaisallemand"},{"id":"9789464775877","title":"Donna trope la petite morte \/anglais","description":"MONOGRAM est une publication mensuelle lanc\u00e9e en 2022 par Jurgen Maelfeyt et imprim\u00e9e par Art Paper Editions. Con\u00e7ue en tant que plateforme pour de nouvelles id\u00e9es dans l'\u00e9dition de photographie, elle accueille chaque mois un.e artiste diff\u00e9rent.e qui pr\u00e9sente une s\u00e9rie in\u00e9dite.Dans ce num\u00e9ro, la photographe Donna Trope propose une s\u00e9rie de nus f\u00e9minins au fort caract\u00e8re erotique.","authors":["Trope Donna"],"category_codes":["6000000","6070000","6070200"],"visuals":{"large":"https:\/\/images.epagine.fr\/877\/9789464775877_1_75.jpg","medium":"https:\/\/images.epagine.fr\/877\/9789464775877_1_m.jpg","thumbnail":"https:\/\/images.epagine.fr\/877\/9789464775877_1_v.jpg"},"orderable":true,"show_badge":true,"formatted_price":"25,00&nbsp;\u20ac","formatted_published_date":"15 avril 2024","publisher_availability_label":"Sur commande","short_details":"Trope Donna \u2014 Monogram","translator":null,"weight":500,"page_count":null,"readership":null,"editor":"Monogram","price":2500,"published_date":"2024-04-14T22:00:00.000000Z","support":"Grand format","publisher_availability":1,"stock":0,"editions":[],"url":"https:\/\/quaidesbrumes.com\/ouvrage\/9789464775877\/donna-trope-la-petite-morte-anglais"}]}