{"data":[{"id":"9783735607355","title":"Overtrump","description":null,"authors":["Lindhorst-Emme Sven"],"category_codes":["6000000","6070000","6070200"],"visuals":{"large":"https:\/\/images.epagine.fr\/355\/9783735607355_1_75.jpg","medium":"https:\/\/images.epagine.fr\/355\/9783735607355_1_m.jpg","thumbnail":"https:\/\/images.epagine.fr\/355\/9783735607355_1_v.jpg"},"orderable":true,"show_badge":true,"formatted_price":"18,95&nbsp;\u20ac","formatted_published_date":"21 septembre 2020","publisher_availability_label":"Sur commande","short_details":"Lindhorst-Emme Sven \u2014 Acc Art Books","translator":null,"weight":170,"page_count":128,"readership":null,"editor":"Acc Art Books","price":1895,"published_date":"2020-09-20T22:00:00.000000Z","support":"Grand format","publisher_availability":1,"stock":0,"editions":[],"url":"https:\/\/quaidesbrumes.com\/ouvrage\/9783735607355\/overtrump"},{"id":"9783959054287","title":"Anna ehrenstein tools for conviviality \/anglais\/allemand","description":"Ce projet de Anna Ehrenstein, prix du C\/O Berlin 2020, interroge la neutralit\u00e9 des technologies num\u00e9riques et de leur potentiel communicatif. En examinant \u00e0 travers des photo-collages et des vid\u00e9os au smartphone les diff\u00e9rents modes de convivialit\u00e9 \u00e0 Dakar, l'artiste en s'int\u00e9resse aux cons\u00e9quences socio-culturelles globales de la num\u00e9risation de la communication face aux traditions de rassemblement physique ancestrales. Elle a collabor\u00e9 dans cette d\u00e9marche avec Saliou Ba, Donkafele, Nyamwathi Gichau, Lydia Likibi, et Awa Seck..\r","authors":["Ehrenstein Anna"],"category_codes":["6000000","6070000","6070200"],"visuals":{"large":"https:\/\/images.epagine.fr\/287\/9783959054287_1_75.jpg","medium":"https:\/\/images.epagine.fr\/287\/9783959054287_1_m.jpg","thumbnail":"https:\/\/images.epagine.fr\/287\/9783959054287_1_v.jpg"},"orderable":true,"show_badge":true,"formatted_price":"32,00&nbsp;\u20ac","formatted_published_date":"23 mars 2021","publisher_availability_label":"Sur commande","short_details":"Ehrenstein Anna \u2014 Spector Books","translator":null,"weight":700,"page_count":null,"readership":null,"editor":"Spector Books","price":3200,"published_date":"2021-03-22T23:00:00.000000Z","support":"Grand format","publisher_availability":1,"stock":0,"editions":[],"url":"https:\/\/quaidesbrumes.com\/ouvrage\/9783959054287\/anna-ehrenstein-tools-for-conviviality-anglaisallemand"},{"id":"9783959054409","title":"Piles of earth and rubble. gyeongju \/ munchen \/anglais\/allemand","description":"\u00c0 Gyeongju, en Cor\u00e9e du Sud, des tumulus datant du royaume de Silla se trouvent dans toute la ville. Apr\u00e8s des ann\u00e9es dans l'oubli, beaucoup de ces tumulus ont \u00e9t\u00e9 am\u00e9nag\u00e9s en espaces publics dans les ann\u00e9es 1970. Pour les Jeux olympiques d'\u00e9t\u00e9 de 1972 \u00e0 Munich, une colline artificielle constitu\u00e9e de d\u00e9chets et de gravats a \u00e9t\u00e9 transform\u00e9e en un \u00e9l\u00e9ment essentiel d'un parc paysager. L'ensemble du complexe y a \u00e9t\u00e9 am\u00e9nag\u00e9 avec l'id\u00e9e de montrer l'Allemagne de l'Ouest comme ouverte sur le monde. Les d\u00e9bris des b\u00e2timents d\u00e9truits pendant la guerre sont enterr\u00e9s sous l'herbe bien entretenue du parc. Ina Kwon utilise des photographies et des textes pour d\u00e9crire les recherches qu'elle a men\u00e9es dans ces deux lieux, dans lesquels des collines artificielles sont d\u00e9ploy\u00e9es pour enterrer, exposer, construire et r\u00e9\u00e9crire l'histoire. Le livre se compose de deux sections - Gyeongju et Munich - qui sont imprim\u00e9es en juxtaposition \u00e0 180 \u00b0 l'une de l'autre afin que le livre puisse \u00eatre lu dans les deux sens.\r","authors":["Kwon Ina"],"category_codes":["6000000","6070000","6070200"],"visuals":{"large":"https:\/\/images.epagine.fr\/409\/9783959054409_1_75.jpg","medium":"https:\/\/images.epagine.fr\/409\/9783959054409_1_m.jpg","thumbnail":"https:\/\/images.epagine.fr\/409\/9783959054409_1_v.jpg"},"orderable":true,"show_badge":true,"formatted_price":"32,00&nbsp;\u20ac","formatted_published_date":"23 juillet 2021","publisher_availability_label":"Sur commande","short_details":"Kwon Ina \u2014 Spector Books","translator":null,"weight":700,"page_count":null,"readership":null,"editor":"Spector Books","price":3200,"published_date":"2021-07-22T22:00:00.000000Z","support":"Grand format","publisher_availability":1,"stock":0,"editions":[],"url":"https:\/\/quaidesbrumes.com\/ouvrage\/9783959054409\/piles-of-earth-and-rubble-gyeongju-munchen-anglaisallemand"},{"id":"9783959057004","title":"There was always someone taking photos private photography in east Germany, 1980-2000","description":"A selection of found photography from the turn of the century in East Germany\r\n\r\nThis volume gathers private photo albums from East Germany dating from 1980 to 2000. Treating photography as a social practice, it reviews how the images were produced and the ways in which they reflect the political conditions of the times.","authors":["Collectif"],"category_codes":["6000000","6070000","6070200","6070207"],"visuals":{"large":"https:\/\/images.epagine.fr\/004\/9783959057004_1_75.jpg","medium":"https:\/\/images.epagine.fr\/004\/9783959057004_1_m.jpg","thumbnail":"https:\/\/images.epagine.fr\/004\/9783959057004_1_v.jpg"},"orderable":true,"show_badge":true,"formatted_price":"32,00&nbsp;\u20ac","formatted_published_date":"15 ao\u00fbt 2024","publisher_availability_label":"Sur commande","short_details":"Collectif \u2014 Spector Books","translator":null,"weight":1130,"page_count":160,"readership":null,"editor":"Spector Books","price":3200,"published_date":"2024-08-14T22:00:00.000000Z","support":"Grand format","publisher_availability":1,"stock":0,"editions":[],"url":"https:\/\/quaidesbrumes.com\/ouvrage\/9783959057004\/there-was-always-someone-taking-photos-private-photography-in-east-germany-1980-2000"},{"id":"9783959054379","title":"Laszl\u00f3 Moholy-Nagy : die beispiellose fotografie","description":"Der ungarische K\u00fcnstler L\u00e1szl\u00f3 Moholy-Nagy (1895-1946) war nicht nur einer der bedeutendsten Fotografen der Klassischen Moderne, seit den fr\u00fchen 1920er Jahren publizierte er zudem regelm\u00e4\u00dfig kritische Texte zur Fotografie. In seinen Essays, Streitschriften und Rezensionen entwarf Moholy-Nagy die Fotografie als das Leitmedium der Moderne. Seine weit verstreuten Schriften zur Fotografie werden in diesem Band zum ersten Mal vollst\u00e4ndig zusammengef\u00fchrt: insgesamt 38 k\u00fcrzere Artikel sowie im Reprint die beiden B\u00fccher Malerei, Fotografie, Film und 60 Fotos. Von seinen Jahren als Bauhaus-Lehrer in Dessau \u00fcber seine Zeit als selbstst\u00e4ndiger Gestalter in Berlin, Amsterdam und London bis hin zum Professor am New Bauhaus in Chicago entwickelte Moholy-Nagy eine wegweisende \u00c4sthetik. Ausgehend von der Fotografie wird sie in diesem Buch als eine originelle Theorie der Moderne sichtbar gemacht. Steffen Siegel ist Professor f\u00fcr Theorie und Geschichte der Fotografie an der Folkwang Universit\u00e4t der K\u00fcnste in Essen. Bernd Stiegler ist Professor f\u00fcr Professor f\u00fcr Neuere Deutsche Literatur im medialen Kontext an der Universit\u00e4t Konstanz. -- Hungarian artist L\u00e1szl\u00f3 Moholy-Nagy (1895-1946) was not only one of the most important photographers of the classical modernist period but also regularly published critical texts on photography from the early 1920s on. In his essays, polemics, and reviews Moholy-Nagy delineated photography as the leading medium of the modern age. His broad spread of writings on photography are brought together in their entirety for the first time in this volume: a total of thirty- eight shorter articles and reprints of his two books Painting, Photography, Film and 60 Photos. From his years as a Bauhaus teacher in Dessau and his time as a freelance designer in Berlin, Amsterdam, and London to his professorship at the New Bauhaus in Chicago, Moholy-Nagy developed a groundbreaking aesthetic. With photography as a starting point, this aesthetic is visualized here as an original theory of modernity. Steffen Siegel is professor of the theory and history of photography at Folkwang University of the Arts in Essen. Bernd Stiegler is professor of modern German literature with a focus on media contexts at the University of Konstanz.\r","authors":["Laszl\u00f3 Moholy-nagy"],"category_codes":["6000000","6070000","6070200","6070205"],"visuals":{"large":"https:\/\/quaidesbrumes.com\/img\/book-placeholder.png","medium":"https:\/\/quaidesbrumes.com\/img\/book-placeholder.png","thumbnail":"https:\/\/quaidesbrumes.com\/img\/book-placeholder.png"},"orderable":false,"show_badge":true,"formatted_price":"38,00&nbsp;\u20ac","formatted_published_date":"15 octobre 2026","publisher_availability_label":"\u00c0 para\u00eetre","short_details":"Laszl\u00f3 Moholy-nagy \u2014 Spector Books","translator":null,"weight":0,"page_count":284,"readership":null,"editor":"Spector Books","price":3800,"published_date":"2026-10-14T22:00:00.000000Z","support":"Grand format","publisher_availability":2,"stock":0,"editions":[],"url":"https:\/\/quaidesbrumes.com\/ouvrage\/9783959054379\/laszlo-moholy-nagy-die-beispiellose-fotografie"},{"id":"9788418934063","title":"Estela de Castro : the animals","description":"Portraits of abused animals, from highway roadkill to the circus.\r\n\r\nEstela de Castro (born 1978) is a renowned Spanish portrait photographer who currently serves as the official photographer of the Spanish royal family. Though she has had a vast and wide-ranging career, her work has always maintained a strong link to the struggle for human and animal rights. In this latest series, de Castro aims to raise awareness about animal abuse through portraits of animals rescued from circumstances of abandonment, captivity, hunting, testing, breeding or illegal trafficking. These powerful images make us reflect on the ways in which we classify, control and dominate everything that human beings have deemed to belong to a separate species.","authors":["Estela De castro"],"category_codes":["6000000","6070000","6070200","6070205"],"visuals":{"large":"https:\/\/images.epagine.fr\/063\/9788418934063_1_75.jpg","medium":"https:\/\/images.epagine.fr\/063\/9788418934063_1_m.jpg","thumbnail":"https:\/\/images.epagine.fr\/063\/9788418934063_1_v.jpg"},"orderable":true,"show_badge":true,"formatted_price":"45,00&nbsp;\u20ac","formatted_published_date":"1er juillet 2022","publisher_availability_label":"Sur commande","short_details":"Estela De castro \u2014 La Fabrica","translator":null,"weight":1101,"page_count":176,"readership":null,"editor":"La Fabrica","price":4500,"published_date":"2022-06-30T22:00:00.000000Z","support":"Grand format","publisher_availability":1,"stock":0,"editions":[],"url":"https:\/\/quaidesbrumes.com\/ouvrage\/9788418934063\/estela-de-castro-the-animals"},{"id":"9783039420254","title":"Andrea garbald album \/allemand\/italien","description":null,"authors":["Kunz S"],"category_codes":["6000000","6070000","6070200"],"visuals":{"large":"https:\/\/images.epagine.fr\/254\/9783039420254_1_75.jpg","medium":"https:\/\/images.epagine.fr\/254\/9783039420254_1_m.jpg","thumbnail":"https:\/\/images.epagine.fr\/254\/9783039420254_1_v.jpg"},"orderable":true,"show_badge":true,"formatted_price":"29,00&nbsp;\u20ac","formatted_published_date":"6 mai 2021","publisher_availability_label":"Sur commande","short_details":"Kunz S \u2014 Scheidegger & Spiess","translator":null,"weight":600,"page_count":null,"readership":null,"editor":"Scheidegger & Spiess","price":2900,"published_date":"2021-05-05T22:00:00.000000Z","support":"Grand format","publisher_availability":1,"stock":0,"editions":[],"url":"https:\/\/quaidesbrumes.com\/ouvrage\/9783039420254\/andrea-garbald-album-allemanditalien"},{"id":"9789493146815","title":"Arnaud Lajeunie","description":"Photographe de mode bas\u00e9 \u00e0 Paris, Arnaud Lajeunie aime proposer un pas de c\u00f4t\u00e9 dans son travail, choisir un angle de vue d\u00e9cal\u00e9, les d\u00e9tails d'un corps, rendre compte de son interaction avec les mod\u00e8les. Pour son portfolio personnel, il laisse la mode de c\u00f4t\u00e9 et se concentre sur les paysages, les architectures ou les pratiques photographiques anciennes. Cet ouvrage pr\u00e9sente conjointement les deux versants de son travail, personnel et de commande.\r","authors":["Arnaud Lajeunie"],"category_codes":["6000000","6070000","6070200","6070205"],"visuals":{"large":"https:\/\/images.epagine.fr\/815\/9789493146815_1_75.jpg","medium":"https:\/\/images.epagine.fr\/815\/9789493146815_1_m.jpg","thumbnail":"https:\/\/images.epagine.fr\/815\/9789493146815_1_v.jpg"},"orderable":true,"show_badge":true,"formatted_price":"60,00&nbsp;\u20ac","formatted_published_date":"20 juillet 2022","publisher_availability_label":"Sur commande","short_details":"Arnaud Lajeunie \u2014 Ape Art Paper","translator":null,"weight":1201,"page_count":300,"readership":null,"editor":"Ape Art Paper","price":6000,"published_date":"2022-07-19T22:00:00.000000Z","support":"Grand format","publisher_availability":1,"stock":0,"editions":[],"url":"https:\/\/quaidesbrumes.com\/ouvrage\/9789493146815\/arnaud-lajeunie"},{"id":"9788417769628","title":"Carmela garcia utopian authoresses \/anglais\/espagnol","description":null,"authors":["Garcia Carmela"],"category_codes":["6000000","6070000","6070200"],"visuals":{"large":"https:\/\/images.epagine.fr\/628\/9788417769628_1_75.jpg","medium":"https:\/\/images.epagine.fr\/628\/9788417769628_1_m.jpg","thumbnail":"https:\/\/images.epagine.fr\/628\/9788417769628_1_v.jpg"},"orderable":true,"show_badge":true,"formatted_price":"30,00&nbsp;\u20ac","formatted_published_date":"3 juin 2021","publisher_availability_label":"Sur commande","short_details":"Garcia Carmela \u2014 La Fabrica","translator":null,"weight":600,"page_count":null,"readership":null,"editor":"La Fabrica","price":3000,"published_date":"2021-06-02T22:00:00.000000Z","support":"Grand format","publisher_availability":1,"stock":0,"editions":[],"url":"https:\/\/quaidesbrumes.com\/ouvrage\/9788417769628\/carmela-garcia-utopian-authoresses-anglaisespagnol"},{"id":"9783959055192","title":"Daniel Poller : Frankfurt copies","description":null,"authors":["Daniel Poller"],"category_codes":["6000000","6070000","6070200","6070205"],"visuals":{"large":"https:\/\/images.epagine.fr\/192\/9783959055192_1_75.jpg","medium":"https:\/\/images.epagine.fr\/192\/9783959055192_1_m.jpg","thumbnail":"https:\/\/images.epagine.fr\/192\/9783959055192_1_v.jpg"},"orderable":true,"show_badge":true,"formatted_price":"38,00&nbsp;\u20ac","formatted_published_date":"1er ao\u00fbt 2022","publisher_availability_label":"Sur commande","short_details":"Daniel Poller \u2014 Spector Books","translator":null,"weight":1300,"page_count":272,"readership":null,"editor":"Spector Books","price":3800,"published_date":"2022-07-31T22:00:00.000000Z","support":"Grand format","publisher_availability":1,"stock":0,"editions":[],"url":"https:\/\/quaidesbrumes.com\/ouvrage\/9783959055192\/daniel-poller-frankfurt-copies"},{"id":"9788417769642","title":"Manuel naranjo martell 2016 \/anglais\/espagnol","description":null,"authors":["Martell Manuel Naran"],"category_codes":["6000000","6070000","6070200"],"visuals":{"large":"https:\/\/images.epagine.fr\/642\/9788417769642_1_75.jpg","medium":"https:\/\/images.epagine.fr\/642\/9788417769642_1_m.jpg","thumbnail":"https:\/\/images.epagine.fr\/642\/9788417769642_1_v.jpg"},"orderable":true,"show_badge":true,"formatted_price":"45,00&nbsp;\u20ac","formatted_published_date":"3 juin 2021","publisher_availability_label":"Sur commande","short_details":"Martell Manuel Naran \u2014 La Fabrica","translator":null,"weight":900,"page_count":null,"readership":null,"editor":"La Fabrica","price":4500,"published_date":"2021-06-02T22:00:00.000000Z","support":"Grand format","publisher_availability":1,"stock":0,"editions":[],"url":"https:\/\/quaidesbrumes.com\/ouvrage\/9788417769642\/manuel-naranjo-martell-2016-anglaisespagnol"},{"id":"9788417769635","title":"Matias costa solo \/anglais\/espagnol","description":null,"authors":["Costa Matias"],"category_codes":["6000000","6070000","6070200"],"visuals":{"large":"https:\/\/images.epagine.fr\/635\/9788417769635_1_75.jpg","medium":"https:\/\/images.epagine.fr\/635\/9788417769635_1_m.jpg","thumbnail":"https:\/\/images.epagine.fr\/635\/9788417769635_1_v.jpg"},"orderable":true,"show_badge":true,"formatted_price":"35,00&nbsp;\u20ac","formatted_published_date":"3 juin 2021","publisher_availability_label":"Sur commande","short_details":"Costa Matias \u2014 La Fabrica","translator":null,"weight":700,"page_count":null,"readership":null,"editor":"La Fabrica","price":3500,"published_date":"2021-06-02T22:00:00.000000Z","support":"Grand format","publisher_availability":1,"stock":0,"editions":[],"url":"https:\/\/quaidesbrumes.com\/ouvrage\/9788417769635\/matias-costa-solo-anglaisespagnol"},{"id":"9783039420377","title":"Max von Moos in fotografien","description":"Max von Moos (1903-1979), zeitlebens in Luzern wohnhaft und dort \u00fcber dreissig Jahre an der Kunstgewerbeschule unterrichtend, z\u00e4hlt zu den pr\u00e4gendsten und prominentesten K\u00fcnstlerpers\u00f6nlichkeiten der modernen Schweizer Malerei. Weit weniger bekannt ist jedoch seine Tendenz, sich vor der Kamera als K\u00fcnstlerfigur zu inszenieren. Dies belegen zahlreiche Fotografien aus seinem Nachlass - darunter auch die einpr\u00e4gsamen Portr\u00e4ts der bekannten Fotografin Lisa Meyerlist. Max von Moos in Fotografien sp\u00fcrt diesen Zeugnissen nach und stellt ausnahmsweise nicht das bildnerische Werk des K\u00fcnstlers ins Zentrum, sondern l\u00e4sst dessen Alltag und das Umfeld, in dem er sein bedeutendes surreales oeuvre schuf, wieder aufleben. Teils bisher unver\u00f6ffentlichte private Aufnahmen von ihm als Kind und jungem Mann, auf Reisen, als Lehrer oder zeichnend im Atelier in seinem Elternhaus, der Villa Heimbach, offenbaren eine bislang wenig bekannte Seite dieses facettenreichen und charismatischen K\u00fcnstlers.","authors":["Max von Moos-stiftung"],"category_codes":["6000000","6070000","6070200","6070204"],"visuals":{"large":"https:\/\/images.epagine.fr\/377\/9783039420377_1_75.jpg","medium":"https:\/\/images.epagine.fr\/377\/9783039420377_1_m.jpg","thumbnail":"https:\/\/images.epagine.fr\/377\/9783039420377_1_v.jpg"},"orderable":true,"show_badge":true,"formatted_price":"38,00&nbsp;\u20ac","formatted_published_date":"30 septembre 2022","publisher_availability_label":"Sur commande","short_details":"Max von Moos-stiftung \u2014 Scheidegger & Spiess","translator":null,"weight":801,"page_count":120,"readership":null,"editor":"Scheidegger & Spiess","price":3800,"published_date":"2022-09-29T22:00:00.000000Z","support":"Grand format","publisher_availability":1,"stock":0,"editions":[],"url":"https:\/\/quaidesbrumes.com\/ouvrage\/9783039420377\/max-von-moos-in-fotografien"},{"id":"9789188113542","title":"Osamu Yokonami : wild children","description":null,"authors":["Osamu Yokonami"],"category_codes":["6000000","6070000","6070200","6070205"],"visuals":{"large":"https:\/\/images.epagine.fr\/542\/9789188113542_1_75.jpg","medium":"https:\/\/images.epagine.fr\/542\/9789188113542_1_m.jpg","thumbnail":"https:\/\/images.epagine.fr\/542\/9789188113542_1_v.jpg"},"orderable":true,"show_badge":true,"formatted_price":"38,00&nbsp;\u20ac","formatted_published_date":"20 octobre 2021","publisher_availability_label":"Sur commande","short_details":"Osamu Yokonami \u2014 Libraryman","translator":null,"weight":100,"page_count":null,"readership":null,"editor":"Libraryman","price":3800,"published_date":"2021-10-19T22:00:00.000000Z","support":"Grand format","publisher_availability":1,"stock":0,"editions":[],"url":"https:\/\/quaidesbrumes.com\/ouvrage\/9789188113542\/osamu-yokonami-wild-children"},{"id":"9789493146792","title":"Rita Lino : replica","description":"Ce volume pr\u00e9sente le travail de la photographe portugaise Rita Lino (1986) concentr\u00e9 autour de l'exploration de soi, du corps, de l'\u00e9tude de la sexualit\u00e9 et de la f\u00e9minit\u00e9.\r","authors":["Rita Lino"],"category_codes":["6000000","6070000","6070200","6070205"],"visuals":{"large":"https:\/\/images.epagine.fr\/792\/9789493146792_1_75.jpg","medium":"https:\/\/images.epagine.fr\/792\/9789493146792_1_m.jpg","thumbnail":"https:\/\/images.epagine.fr\/792\/9789493146792_1_v.jpg"},"orderable":true,"show_badge":true,"formatted_price":"40,00&nbsp;\u20ac","formatted_published_date":"15 novembre 2021","publisher_availability_label":"Sur commande","short_details":"Rita Lino \u2014 Ape Art Paper","translator":null,"weight":800,"page_count":null,"readership":null,"editor":"Ape Art Paper","price":4000,"published_date":"2021-11-14T23:00:00.000000Z","support":"Grand format","publisher_availability":1,"stock":0,"editions":[],"url":"https:\/\/quaidesbrumes.com\/ouvrage\/9789493146792\/rita-lino-replica"},{"id":"9783039420414","title":"Siegfried K\u00fchn : mein leben als pressefotograf","description":"Ber\u00fchmtheiten aus Politik, Sport und Kultur z\u00e4hlten zu seinen Motiven, aber auch das Leben einfacher Leute, von Originalen und Aussenseitern: Mehr als drei Jahrzehnte lang war Siegfried Kuhn als Fotograf f\u00fcr die traditionsreiche Zeitschrift Schweizer Illustrierte unterwegs. Siegfried Kuhn. Mein Leben als Pressefotograf versammelt seine Erinnerungen. Anhand von Fotos, Reportagen und vielen weiteren Dokumenten erz\u00e4hlt Kuhn gegen hundert Geschichten aus der Perspektive des Mannes hinter der Kamera. Fotografien, die auf den Titelbl\u00e4ttern und in den Reportagen erschienen, stehen neben solchen, die es nicht in den Druck schafften. Dieses fotomediale Schau- und Leseerlebnis ist zugleich eine fotohistorische Informationsquelle einer Epoche, f\u00fcr die Monografien noch rar sind. Als erfrischende Fotografenautobiografie der anderen Art gibt der Bildband einen Einblick in die Entstehung von Pressefotografien und ihren Weg in die Illustrierte und macht den Reporteralltag zwischen Sensation und Routin.","authors":["Siegfried Kuhn"],"category_codes":["6000000","6070000","6070300","6070305"],"visuals":{"large":"https:\/\/images.epagine.fr\/414\/9783039420414_1_75.jpg","medium":"https:\/\/images.epagine.fr\/414\/9783039420414_1_m.jpg","thumbnail":"https:\/\/images.epagine.fr\/414\/9783039420414_1_v.jpg"},"orderable":true,"show_badge":true,"formatted_price":"48,00&nbsp;\u20ac","formatted_published_date":"15 septembre 2022","publisher_availability_label":"Sur commande","short_details":"Siegfried Kuhn \u2014 Scheidegger & Spiess","translator":null,"weight":1001,"page_count":356,"readership":null,"editor":"Scheidegger & Spiess","price":4800,"published_date":"2022-09-14T22:00:00.000000Z","support":"Grand format","publisher_availability":1,"stock":0,"editions":[],"url":"https:\/\/quaidesbrumes.com\/ouvrage\/9783039420414\/siegfried-kuhn-mein-leben-als-pressefotograf"},{"id":"9783959054829","title":"The fall Tome 1","description":null,"authors":["Tobias Zielony"],"category_codes":["6000000","6070000","6070200","6070205"],"visuals":{"large":"https:\/\/images.epagine.fr\/829\/9783959054829_1_75.jpg","medium":"https:\/\/images.epagine.fr\/829\/9783959054829_1_m.jpg","thumbnail":"https:\/\/images.epagine.fr\/829\/9783959054829_1_v.jpg"},"orderable":true,"show_badge":true,"formatted_price":"13,80&nbsp;\u20ac","formatted_published_date":"30 juillet 2021","publisher_availability_label":"Sur commande","short_details":"Tobias Zielony \u2014 Spector Books","translator":null,"weight":401,"page_count":158,"readership":null,"editor":"Spector Books","price":1380,"published_date":"2021-07-29T22:00:00.000000Z","support":"Grand format","publisher_availability":1,"stock":0,"editions":[],"url":"https:\/\/quaidesbrumes.com\/ouvrage\/9783959054829\/the-fall-tome-1"},{"id":"9783959055314","title":"The fall Tome 2","description":null,"authors":["Tobias Zielony"],"category_codes":["6000000","6070000","6070200","6070205"],"visuals":{"large":"https:\/\/images.epagine.fr\/314\/9783959055314_1_75.jpg","medium":"https:\/\/images.epagine.fr\/314\/9783959055314_1_m.jpg","thumbnail":"https:\/\/images.epagine.fr\/314\/9783959055314_1_v.jpg"},"orderable":true,"show_badge":true,"formatted_price":"13,80&nbsp;\u20ac","formatted_published_date":"30 juillet 2021","publisher_availability_label":"Sur commande","short_details":"Tobias Zielony \u2014 Spector Books","translator":null,"weight":401,"page_count":158,"readership":null,"editor":"Spector Books","price":1380,"published_date":"2021-07-29T22:00:00.000000Z","support":"Grand format","publisher_availability":1,"stock":0,"editions":[],"url":"https:\/\/quaidesbrumes.com\/ouvrage\/9783959055314\/the-fall-tome-2"},{"id":"9783959054836","title":"The fall Tome 3","description":null,"authors":["Tobias Zielony"],"category_codes":["6000000","6070000","6070200","6070205"],"visuals":{"large":"https:\/\/images.epagine.fr\/836\/9783959054836_1_75.jpg","medium":"https:\/\/images.epagine.fr\/836\/9783959054836_1_m.jpg","thumbnail":"https:\/\/images.epagine.fr\/836\/9783959054836_1_v.jpg"},"orderable":true,"show_badge":true,"formatted_price":"13,80&nbsp;\u20ac","formatted_published_date":"30 juillet 2021","publisher_availability_label":"Sur commande","short_details":"Tobias Zielony \u2014 Spector Books","translator":null,"weight":401,"page_count":null,"readership":null,"editor":"Spector Books","price":1380,"published_date":"2021-07-29T22:00:00.000000Z","support":"Grand format","publisher_availability":1,"stock":0,"editions":[],"url":"https:\/\/quaidesbrumes.com\/ouvrage\/9783959054836\/the-fall-tome-3"},{"id":"9783959055307","title":"The fall Tome 4","description":null,"authors":["Tobias Zielony"],"category_codes":["6000000","6070000","6070200","6070205"],"visuals":{"large":"https:\/\/images.epagine.fr\/307\/9783959055307_1_75.jpg","medium":"https:\/\/images.epagine.fr\/307\/9783959055307_1_m.jpg","thumbnail":"https:\/\/images.epagine.fr\/307\/9783959055307_1_v.jpg"},"orderable":true,"show_badge":true,"formatted_price":"13,80&nbsp;\u20ac","formatted_published_date":"30 juillet 2021","publisher_availability_label":"Sur commande","short_details":"Tobias Zielony \u2014 Spector Books","translator":null,"weight":401,"page_count":158,"readership":null,"editor":"Spector Books","price":1380,"published_date":"2021-07-29T22:00:00.000000Z","support":"Grand format","publisher_availability":1,"stock":0,"editions":[],"url":"https:\/\/quaidesbrumes.com\/ouvrage\/9783959055307\/the-fall-tome-4"},{"id":"9783959055284","title":"The fall Tome 5","description":null,"authors":["Tobias Zielony"],"category_codes":["6000000","6070000","6070200","6070205"],"visuals":{"large":"https:\/\/images.epagine.fr\/284\/9783959055284_1_75.jpg","medium":"https:\/\/images.epagine.fr\/284\/9783959055284_1_m.jpg","thumbnail":"https:\/\/images.epagine.fr\/284\/9783959055284_1_v.jpg"},"orderable":true,"show_badge":true,"formatted_price":"13,80&nbsp;\u20ac","formatted_published_date":"30 juillet 2021","publisher_availability_label":"Sur commande","short_details":"Tobias Zielony \u2014 Spector Books","translator":null,"weight":401,"page_count":158,"readership":null,"editor":"Spector Books","price":1380,"published_date":"2021-07-29T22:00:00.000000Z","support":"Grand format","publisher_availability":1,"stock":0,"editions":[],"url":"https:\/\/quaidesbrumes.com\/ouvrage\/9783959055284\/the-fall-tome-5"},{"id":"9783959055291","title":"The fall Tome 6","description":null,"authors":["Tobias Zielony"],"category_codes":["6000000","6070000","6070200","6070205"],"visuals":{"large":"https:\/\/images.epagine.fr\/291\/9783959055291_1_75.jpg","medium":"https:\/\/images.epagine.fr\/291\/9783959055291_1_m.jpg","thumbnail":"https:\/\/images.epagine.fr\/291\/9783959055291_1_v.jpg"},"orderable":true,"show_badge":true,"formatted_price":"13,80&nbsp;\u20ac","formatted_published_date":"30 juillet 2021","publisher_availability_label":"Sur commande","short_details":"Tobias Zielony \u2014 Spector Books","translator":null,"weight":401,"page_count":158,"readership":null,"editor":"Spector Books","price":1380,"published_date":"2021-07-29T22:00:00.000000Z","support":"Grand format","publisher_availability":1,"stock":0,"editions":[],"url":"https:\/\/quaidesbrumes.com\/ouvrage\/9783959055291\/the-fall-tome-6"},{"id":"9783960989844","title":"Counter gravity : the films of Heinz Emigholz","description":null,"authors":["Heinz Emigholz"],"category_codes":["6000000","6070000","6070300"],"visuals":{"large":"https:\/\/images.epagine.fr\/844\/9783960989844_1_75.jpg","medium":"https:\/\/images.epagine.fr\/844\/9783960989844_1_m.jpg","thumbnail":"https:\/\/images.epagine.fr\/844\/9783960989844_1_v.jpg"},"orderable":true,"show_badge":true,"formatted_price":"36,00&nbsp;\u20ac","formatted_published_date":"14 octobre 2021","publisher_availability_label":"Sur commande","short_details":"Heinz Emigholz \u2014 Walther Konig","translator":null,"weight":906,"page_count":352,"readership":null,"editor":"Walther Konig","price":3600,"published_date":"2021-10-13T22:00:00.000000Z","support":"Grand format","publisher_availability":1,"stock":0,"editions":[],"url":"https:\/\/quaidesbrumes.com\/ouvrage\/9783960989844\/counter-gravity-the-films-of-heinz-emigholz"},{"id":"9789188113559","title":"Joe Lai & Heitai Cheung : big hair","description":null,"authors":["Joe Lai"],"category_codes":["6000000","6070000","6070200","6070205"],"visuals":{"large":"https:\/\/images.epagine.fr\/559\/9789188113559_1_75.jpg","medium":"https:\/\/images.epagine.fr\/559\/9789188113559_1_m.jpg","thumbnail":"https:\/\/images.epagine.fr\/559\/9789188113559_1_v.jpg"},"orderable":true,"show_badge":true,"formatted_price":"38,00&nbsp;\u20ac","formatted_published_date":"28 octobre 2021","publisher_availability_label":"Sur commande","short_details":"Joe Lai \u2014 Libraryman","translator":null,"weight":801,"page_count":null,"readership":null,"editor":"Libraryman","price":3800,"published_date":"2021-10-27T22:00:00.000000Z","support":"Grand format","publisher_availability":1,"stock":0,"editions":[],"url":"https:\/\/quaidesbrumes.com\/ouvrage\/9789188113559\/joe-lai-heitai-cheung-big-hair"}]}