{"data":[{"id":"9782959024726","title":"Memory Masks","description":"Daphne Youree revisite ses souvenirs d'enfance au travers de photos en noir et blanc, v\u00e9ritables m\u00e9taphores visuelles des \u00e9motions associ\u00e9es \u00e0 ses histoires, qui nous plongent au coeur d'une enfance pass\u00e9e sur Long Island dans les ann\u00e9es 70.","authors":["Daphne Youree"],"category_codes":["6000000","6070000","6070200","6070205"],"visuals":{"large":"https:\/\/images.epagine.fr\/726\/9782959024726_1_75.jpg","medium":"https:\/\/images.epagine.fr\/726\/9782959024726_1_m.jpg","thumbnail":"https:\/\/images.epagine.fr\/726\/9782959024726_1_v.jpg"},"orderable":true,"show_badge":true,"formatted_price":"29,00&nbsp;\u20ac","formatted_published_date":"24 octobre 2024","publisher_availability_label":"Sur commande","short_details":"Daphne Youree \u2014 La Maison Lis","translator":null,"weight":313,"page_count":72,"readership":null,"editor":"La Maison Lis","price":2900,"published_date":"2024-10-23T22:00:00.000000Z","support":"Grand format","publisher_availability":1,"stock":0,"editions":[],"url":"https:\/\/quaidesbrumes.com\/ouvrage\/9782959024726\/memory-masks"},{"id":"9781915743589","title":"Cursed","description":null,"authors":["Engman Charlie"],"category_codes":["6000000","6070000","6070200","6070205"],"visuals":{"large":"https:\/\/quaidesbrumes.com\/img\/book-placeholder.png","medium":"https:\/\/quaidesbrumes.com\/img\/book-placeholder.png","thumbnail":"https:\/\/quaidesbrumes.com\/img\/book-placeholder.png"},"orderable":true,"show_badge":true,"formatted_price":"55,00&nbsp;\u20ac","formatted_published_date":"2 octobre 2024","publisher_availability_label":"Sur commande","short_details":"Engman Charlie \u2014 Mack Books","translator":null,"weight":1101,"page_count":null,"readership":null,"editor":"Mack Books","price":5500,"published_date":"2024-10-01T22:00:00.000000Z","support":"Grand format","publisher_availability":1,"stock":0,"editions":[],"url":"https:\/\/quaidesbrumes.com\/ouvrage\/9781915743589\/cursed"},{"id":"9791280978165","title":"Almost home","description":null,"authors":["Green Gary"],"category_codes":["6000000","6070000","6070200","6070205"],"visuals":{"large":"https:\/\/images.epagine.fr\/165\/9791280978165_1_75.jpg","medium":"https:\/\/images.epagine.fr\/165\/9791280978165_1_m.jpg","thumbnail":"https:\/\/images.epagine.fr\/165\/9791280978165_1_v.jpg"},"orderable":true,"show_badge":true,"formatted_price":"50,00&nbsp;\u20ac","formatted_published_date":"4 septembre 2024","publisher_availability_label":"Sur commande","short_details":"Green Gary \u2014 L'Artiere","translator":null,"weight":1001,"page_count":null,"readership":null,"editor":"L'Artiere","price":5000,"published_date":"2024-09-03T22:00:00.000000Z","support":"Grand format","publisher_availability":1,"stock":0,"editions":[],"url":"https:\/\/quaidesbrumes.com\/ouvrage\/9791280978165\/almost-home"},{"id":"9780767918763","title":"THE FILM SNOB''S DICTIONARY - AN ESSENTIAL LEXICON OF FILMOLOGICAL KNOWLEDGE","description":"Offers an alphabetically arranged compilation of trivia, little-known facts, and hidden information about all aspects of cinema.","authors":["David Kamp","Lawrence Levi"],"category_codes":["6000000","6070000","6070300"],"visuals":{"large":"https:\/\/images.epagine.fr\/763\/9780767918763_1_75.jpg","medium":"https:\/\/images.epagine.fr\/763\/9780767918763_1_m.jpg","thumbnail":"https:\/\/images.epagine.fr\/763\/9780767918763_1_v.jpg"},"orderable":true,"show_badge":true,"formatted_price":"20,50&nbsp;\u20ac","formatted_published_date":"24 f\u00e9vrier 2006","publisher_availability_label":"Sur commande","short_details":"David Kamp, Lawrence Levi \u2014 Broadway","translator":null,"weight":162,"page_count":114,"readership":null,"editor":"Broadway","price":2050,"published_date":"2006-02-23T23:00:00.000000Z","support":"Poche","publisher_availability":1,"stock":0,"editions":[],"url":"https:\/\/quaidesbrumes.com\/ouvrage\/9780767918763\/the-film-snobs-dictionary-an-essential-lexicon-of-filmological-knowledge"},{"id":"9782750018733","title":"Hello, I am Marilyn Monroe : Le g\u00e9nie d'une actrice","description":"Marilyn Monroe \u00e9tait dans la vie une femme charmante, modeste, sensible, attentive aux autres et fut\u00e9e. Elle trouvait toujours des \u00ab trucs \u00bb pour am\u00e9liorer sa vie ou pour r\u00e9ussir dans son travail. Elle avait du g\u00e9nie. Elle n'\u00e9tait pas et ne fut jamais la sotte fille blonde qui n'a qu'un pois chiche dans le cr\u00e2ne.\r\nDe nombreuses anecdotes rapport\u00e9es par ses biographes t\u00e9moignent de l'inventivit\u00e9 de cette femme, de sa capacit\u00e9 \u00e0 r\u00e9agir et \u00e0 affronter les difficult\u00e9s de l'existence sans baisser les bras, de sa force morale, de sa psychologie, de son sens du devoir et des affaires, de ses dons multiples, et m\u00eame, par certains c\u00f4t\u00e9s, de sa m\u00e9diumnit\u00e9 !","authors":["Argolus"],"category_codes":["6000000","6070000","6070300","6070305"],"visuals":{"large":"https:\/\/images.epagine.fr\/733\/9782750018733_1_75.jpg","medium":"https:\/\/images.epagine.fr\/733\/9782750018733_1_m.jpg","thumbnail":"https:\/\/images.epagine.fr\/733\/9782750018733_1_v.jpg"},"orderable":true,"show_badge":true,"formatted_price":"20,00&nbsp;\u20ac","formatted_published_date":"15 novembre 2024","publisher_availability_label":"Sur commande","short_details":"Argolus \u2014 La Bruyere","translator":null,"weight":182,"page_count":144,"readership":null,"editor":"La Bruyere","price":2000,"published_date":"2024-11-14T23:00:00.000000Z","support":"Grand format","publisher_availability":1,"stock":0,"editions":[],"url":"https:\/\/quaidesbrumes.com\/ouvrage\/9782750018733\/hello-i-am-marilyn-monroe-le-genie-dune-actrice"},{"id":"9782356872579","title":"Les m\u00e9dias et la banlieue","description":"Quel r\u00f4le les journalistes jouent-ils dans la mise sur agenda des probl\u00e8mes publics ? A travers l'exemple du \u00ab probl\u00e8me des banlieues \u00bb, ce livre se propose d'y r\u00e9pondre. Apr\u00e8s avoir pr\u00e9sent\u00e9, sur la base de recherches dans les archives audiovisuelles et \u00e9crites, l'\u00e9volution des visions journalistiques et politiques des grands ensembles d'habitat social de la p\u00e9riph\u00e9rie des villes, des ann\u00e9es 1960 \u00e0 2000, l'ouvrage laisse place \u00e0 l'enqu\u00eate sociologique. Men\u00e9e dans deux grands ensembles de banlieue parisienne et dans les r\u00e9dactions, aupr\u00e8s des journalistes pr\u00e9pos\u00e9s aux sujets \u00ab banlieues \u00bb, elle montre que la construction de ces espaces urbains et de leurs habitants comme \u00ab probl\u00e8me social \u00bb tient tout \u00e0 la fois aux caract\u00e9ristiques de ces univers, aux logiques de fonctionnement journalistique, ainsi qu'\u00e0 la fa\u00e7on dont les acteurs engag\u00e9s autour du \u00ab probl\u00e8me \u00bb (minist\u00e8res, responsables politiques, \u00e9lus locaux, travailleurs sociaux, habitants.) tentent de peser sur l'\u00e9v\u00e9nement. Depuis les ann\u00e9es 1980, les quartiers HLM comme le champ journalistique ont connu des transformations majeures : d\u00e9gradation des conditions de vie, affirmation des logiques de d\u00e9fense du territoire et de l'honneur ; mont\u00e9e des logiques commerciales, promotion d'un journalisme \u00ab professionnel \u00bb sur un journalisme plus engag\u00e9 et\/ou sp\u00e9cialis\u00e9. Parall\u00e8lement, la multiplication de reportages jug\u00e9s stigmatisant, a conduit des mairies, des associations \u00e0 mettre en place des \u00ab sp\u00e9cialistes de la dramatisation \u00bb charg\u00e9s de produire une certaine repr\u00e9sentation, publique, de ces quartiers. Pointant les limites (et les impens\u00e9s) de ces luttes symboliques, le livre souligne la difficult\u00e9 pour les groupes domin\u00e9s d'infl\u00e9chir le cours des repr\u00e9sentations.\r","authors":["Julies Sedel","Patrick Champagne"],"category_codes":["6000000","6070000","6070300"],"visuals":{"large":"https:\/\/images.epagine.fr\/579\/9782356872579_1_75.jpg","medium":"https:\/\/images.epagine.fr\/579\/9782356872579_1_m.jpg","thumbnail":"https:\/\/images.epagine.fr\/579\/9782356872579_1_v.jpg"},"orderable":true,"show_badge":true,"formatted_price":"12,00&nbsp;\u20ac","formatted_published_date":"21 octobre 2013","publisher_availability_label":"Sur commande","short_details":"Julies Sedel, Patrick Champagne \u2014 Le Bord de l'eau","translator":null,"weight":175,"page_count":310,"readership":null,"editor":"Le Bord de l'eau","price":1200,"published_date":"2013-10-20T22:00:00.000000Z","support":"Poche","publisher_availability":1,"stock":0,"editions":[],"url":"https:\/\/quaidesbrumes.com\/ouvrage\/9782356872579\/les-medias-et-la-banlieue"},{"id":"9791280336279","title":"In girum imus nocte","description":"Un retour sur les dimensions po\u00e9tique, politique et anthropologique de la performance collective initi\u00e9e par l'artiste Giorgio Andreotta Cal\u00f2 autour d'une usine mini\u00e8re en Sardaigne.\r\nDans la nuit du 4 d\u00e9cembre 2014, au coeur de la r\u00e9gion de Sulcis Iglesiente en Sardaigne, s'est d\u00e9roul\u00e9e une action de l'artiste Giorgio Andreotta Cal\u00f2, impliquant une dizaine de mineurs locaux qui ont suivi un parcours rituel du cr\u00e9puscule jusqu'\u00e0 l'aube. Partis des entrailles de l'usine mini\u00e8re de Nuraxi Figus, les mineurs se sont dirig\u00e9s vers Punta Trettu, o\u00f9 les attendait un groupe de p\u00eacheurs qui devaient les transporter jusqu'\u00e0 l'\u00eele de Sant'Antioco. \u00c0 leur arriv\u00e9e, un bateau a \u00e9t\u00e9 la proie des flammes. La communaut\u00e9 s'est rassembl\u00e9e autour des flammes vacillantes pour assister \u00e0 la m\u00e9tamorphose du bateau en cendres et en charbon. C'est la nuit de Santa Barbara, la patronne des mineurs, et la r\u00e9gion du Sulcis est \u00e0 l'aube d'un tournant historique : apr\u00e8s plus d'un si\u00e8cle de production, la fermeture des mines a \u00e9t\u00e9 annonc\u00e9e. \u00c0 mi-chemin entre la manifestation politique et le rituel pa\u00efen, in girum imus nocte \u00e9tait plus qu'un simple rituel collectif. Et ce livre, dix ans apr\u00e8s l'action, r\u00e9fl\u00e9chit \u00e0 ses dimensions po\u00e9tique, politique et anthropologique, tra\u00e7ant un chemin circulaire qui s'oppose \u00e0 la perspective d'une fin d\u00e9finitive.","authors":["Giorgio Andreotta Cal\u00f3"],"category_codes":["6000000","6070000","6070200","6070205"],"visuals":{"large":"https:\/\/images.epagine.fr\/279\/9791280336279_1_75.jpg","medium":"https:\/\/images.epagine.fr\/279\/9791280336279_1_m.jpg","thumbnail":"https:\/\/images.epagine.fr\/279\/9791280336279_1_v.jpg"},"orderable":true,"show_badge":true,"formatted_price":"28,00&nbsp;\u20ac","formatted_published_date":"31 janvier 2025","publisher_availability_label":"Sur commande","short_details":"Giorgio Andreotta Cal\u00f3 \u2014 Humboldt Books","translator":null,"weight":0,"page_count":176,"readership":null,"editor":"Humboldt Books","price":2800,"published_date":"2025-01-30T23:00:00.000000Z","support":"Grand format","publisher_availability":1,"stock":0,"editions":[],"url":"https:\/\/quaidesbrumes.com\/ouvrage\/9791280336279\/in-girum-imus-nocte"},{"id":"9791090306998","title":"Corso \/anglais","description":null,"authors":["Thomas Mailaender"],"category_codes":["6000000","6070000","6070200"],"visuals":{"large":"https:\/\/images.epagine.fr\/998\/9791090306998_1_75.jpg","medium":"https:\/\/images.epagine.fr\/998\/9791090306998_1_m.jpg","thumbnail":"https:\/\/images.epagine.fr\/998\/9791090306998_1_v.jpg"},"orderable":true,"show_badge":true,"formatted_price":"10,00&nbsp;\u20ac","formatted_published_date":"27 juin 2024","publisher_availability_label":"Sur commande","short_details":"Thomas Mailaender \u2014 Rvb Books","translator":null,"weight":201,"page_count":null,"readership":null,"editor":"Rvb Books","price":1000,"published_date":"2024-06-26T22:00:00.000000Z","support":"Grand format","publisher_availability":1,"stock":0,"editions":[],"url":"https:\/\/quaidesbrumes.com\/ouvrage\/9791090306998\/corso-anglais"},{"id":"9781588398000","title":"Lorna Simpson : Source notes","description":"Un premier regard r\u00e9v\u00e9lateur sur la pratique picturale de l'artiste Lorna Simpson, dont le travail com- bine abstraction et figuration pour mettre en lumi\u00e8re les questions d'identit\u00e9 et de repr\u00e9sentation. Bien que Lorna Simpson (n\u00e9e en 1960) soit peut-\u00eatre mieux connue en tant que photographe, cette publication est la premi\u00e8re \u00e0 examiner un nouveau d\u00e9veloppement significatif dans son travail des dix derni\u00e8res ann\u00e9es : des peintures qui font progresser ses explorations incisives du genre, de la race et de l'histoire. Ces oeuvres, \u00e0 mi-chemin entre la photographie et la peinture, combinent des collages s\u00e9rigraphi\u00e9s d'images trouv\u00e9es avec des lavis d'encre color\u00e9e sur de la fibre de verre, du bois ou du carton d'argile. S'inspirant de photographies documentaires et d'images tir\u00e9es des magazines Ebony et Jet, les peintures de Simpson montrent des corps qui \u00e9mergent et disparaissent, \u00e9mergeant de surfaces encr\u00e9es ou se dissolvant dans des paysages de glace fondante. Les textes de ce volume explorent comment la fascination de Simpson pour la politique de la repr\u00e9sentation l'am\u00e8ne \u00e0 exp\u00e9- rimenter des oeuvres \u00e0 la fois figuratives et abstraites, des portraits et des paysages, des peintures et des photographies.","authors":["Lauren Rosati"],"category_codes":["6000000","6070000","6070200","6070205"],"visuals":{"large":"https:\/\/images.epagine.fr\/000\/9781588398000_1_75.jpg","medium":"https:\/\/images.epagine.fr\/000\/9781588398000_1_m.jpg","thumbnail":"https:\/\/images.epagine.fr\/000\/9781588398000_1_v.jpg"},"orderable":true,"show_badge":true,"formatted_price":"55,00&nbsp;\u20ac","formatted_published_date":"15 mai 2025","publisher_availability_label":"Sur commande","short_details":"Lauren Rosati \u2014 Yale Uk","translator":null,"weight":880,"page_count":212,"readership":"Tout public","editor":"Yale Uk","price":5500,"published_date":"2025-05-14T22:00:00.000000Z","support":"Beaux-livres","publisher_availability":1,"stock":0,"editions":[],"url":"https:\/\/quaidesbrumes.com\/ouvrage\/9781588398000\/lorna-simpson-source-notes"},{"id":"9782494767294","title":"Sur les traces de la ligne de d\u00e9marcation","description":"Ce livre a pour but d'explorer les traces de la ligne de d\u00e9marcation de la Seconde Guerre mondiale. La ligne de d\u00e9marcation, qui partait de la fronti\u00e8re suisse et se terminait \u00e0 la fronti\u00e8re espagnole, a coup\u00e9 la France en deux. Une fronti\u00e8re int\u00e9rieure qui s\u00e9parait la zone libre de la zone occup\u00e9e. Cons\u00e9quence de la d\u00e9faite de la dr\u00f4le de guerre, la ligne de d\u00e9marcation est une seconde humiliation impos\u00e9e par le Diktat nazi et accept\u00e9e par P\u00e9tain, nous rappelant ainsi \u00e0 Vichy et son pass\u00e9 honteux. Mais la ligne est aussi marqu\u00e9e par la figure du passeur, des \u00e9vad\u00e9s, des Juifs, des clandestins, de r\u00e9seaux de r\u00e9sistance... La m\u00e9moire de la ligne est plurielle et complexe. Pourtant, aujourd'hui, la ligne de d\u00e9marcation est le plus souvent invisible. Enfouie dans un paysage et un pass\u00e9 de plus en plus lointain, elle laisse quelques rares traces qui nous renvoient \u00e0 la question de l'oubli ou du devoir de m\u00e9moire, \u00ab \u00e0 travers une mise en image des lieux de m\u00e9moire, nous explorons le pass\u00e9 de notre pays. Nous r\u00e9v\u00e9lons ses zones d'ombres et refoul\u00e9es. \u00bb Le livre aborde les enjeux de la m\u00e9moire et de sa transmission, le but est de questionner les lieux et les non-lieux de la m\u00e9moire, comme l'indique Pierre Nora : \u00ab Un objet devient lieu de m\u00e9moire quand il \u00e9chappe \u00e0 l'oubli, par exemple avec l'apposition de plaques comm\u00e9moratives, quand une collectivit\u00e9 le r\u00e9investit de son affect et de ses \u00e9motions \u00bb. \u00c0 travers ce livre, nous devenons nous-m\u00eames acteurs et \u00ab passeurs \u00bb de cette m\u00e9moire. \u00c0 travers notre engagement, nous souhaitons aussi transmettre une m\u00e9moire aux g\u00e9n\u00e9rations suivantes.","authors":["Thomas Ermel"],"category_codes":["6000000","6070000","6070200","6070205"],"visuals":{"large":"https:\/\/quaidesbrumes.com\/img\/book-placeholder.png","medium":"https:\/\/quaidesbrumes.com\/img\/book-placeholder.png","thumbnail":"https:\/\/quaidesbrumes.com\/img\/book-placeholder.png"},"orderable":true,"show_badge":true,"formatted_price":"48,00&nbsp;\u20ac","formatted_published_date":"1er mai 2025","publisher_availability_label":"Sur commande","short_details":"Thomas Ermel \u2014 Odyssee","translator":null,"weight":788,"page_count":196,"readership":"Tout public","editor":"Odyssee","price":4800,"published_date":"2025-04-30T22:00:00.000000Z","support":"Grand format","publisher_availability":1,"stock":0,"editions":[],"url":"https:\/\/quaidesbrumes.com\/ouvrage\/9782494767294\/sur-les-traces-de-la-ligne-de-demarcation"},{"id":"9788412817478","title":"Oddments","description":null,"authors":["Bani Luca"],"category_codes":["6000000","6070000","6070200","6070205"],"visuals":{"large":"https:\/\/quaidesbrumes.com\/img\/book-placeholder.png","medium":"https:\/\/quaidesbrumes.com\/img\/book-placeholder.png","thumbnail":"https:\/\/quaidesbrumes.com\/img\/book-placeholder.png"},"orderable":true,"show_badge":true,"formatted_price":"60,00&nbsp;\u20ac","formatted_published_date":"1er novembre 2024","publisher_availability_label":"Sur commande","short_details":"Bani Luca \u2014 Ediciones Posibles","translator":null,"weight":1201,"page_count":null,"readership":null,"editor":"Ediciones Posibles","price":6000,"published_date":"2024-10-31T23:00:00.000000Z","support":"Grand format","publisher_availability":1,"stock":0,"editions":[],"url":"https:\/\/quaidesbrumes.com\/ouvrage\/9788412817478\/oddments"},{"id":"9788412507393","title":"Pastinsky - edition bilingue","description":null,"authors":["De Llobet J M."],"category_codes":["6000000","6070000","6070200","6070205"],"visuals":{"large":"https:\/\/quaidesbrumes.com\/img\/book-placeholder.png","medium":"https:\/\/quaidesbrumes.com\/img\/book-placeholder.png","thumbnail":"https:\/\/quaidesbrumes.com\/img\/book-placeholder.png"},"orderable":true,"show_badge":true,"formatted_price":"45,00&nbsp;\u20ac","formatted_published_date":"1er d\u00e9cembre 2023","publisher_availability_label":"Sur commande","short_details":"De Llobet J M. \u2014 Ediciones Posibles","translator":null,"weight":901,"page_count":null,"readership":null,"editor":"Ediciones Posibles","price":4500,"published_date":"2023-11-30T23:00:00.000000Z","support":"Grand format","publisher_availability":1,"stock":0,"editions":[],"url":"https:\/\/quaidesbrumes.com\/ouvrage\/9788412507393\/pastinsky-edition-bilingue"},{"id":"9788412817492","title":"The ridge - edition bilingue","description":null,"authors":["Lopez Pablo"],"category_codes":["6000000","6070000","6070200","6070205"],"visuals":{"large":"https:\/\/quaidesbrumes.com\/img\/book-placeholder.png","medium":"https:\/\/quaidesbrumes.com\/img\/book-placeholder.png","thumbnail":"https:\/\/quaidesbrumes.com\/img\/book-placeholder.png"},"orderable":true,"show_badge":true,"formatted_price":"50,00&nbsp;\u20ac","formatted_published_date":"2 d\u00e9cembre 2024","publisher_availability_label":"Sur commande","short_details":"Lopez Pablo \u2014 Ediciones Posibles","translator":null,"weight":1001,"page_count":null,"readership":null,"editor":"Ediciones Posibles","price":5000,"published_date":"2024-12-01T23:00:00.000000Z","support":"Grand format","publisher_availability":1,"stock":0,"editions":[],"url":"https:\/\/quaidesbrumes.com\/ouvrage\/9788412817492\/the-ridge-edition-bilingue"},{"id":"9782818504253","title":"Envoy\u00e9 sp\u00e9cial","description":"\u00ab J'ai pass\u00e9 cinq semaines \u00e0 Bagdad en 2003 en tant que reporter au moment de la guerre d'Irak, la troisi\u00e8me pour le pays en moins de vingt-cinq ans. J'avais atterri en mars dans une dictature dirig\u00e9e par Saddam Hussein et moins d'un mois et demi plus tard, en avril, j'ai quitt\u00e9 un protectorat am\u00e9ricain aux mains des sbires de George W. Bush. \u00bb Dans ce t\u00e9moignage, Aymeric Caron tient \u00e0 faire partager les coulisses, les hors-champs, les nuances et certains de ses questionnements. Comment r\u00e9ussir \u00e0 informer malgr\u00e9 les contraintes du r\u00e9gime despotique de Saddam Hussein ? Et, a contrario, comment lutter contre la machine de d\u00e9sinformation am\u00e9ricaine ? Au-del\u00e0 du regard port\u00e9 sur le conflit irakien, cet ouvrage se veut \u00e9galement une r\u00e9flexion sur le m\u00e9tier de reporter.\r","authors":["Aymeric Caron"],"category_codes":["6000000","6070000","6070300"],"visuals":{"large":"https:\/\/images.epagine.fr\/253\/9782818504253_1_75.jpg","medium":"https:\/\/images.epagine.fr\/253\/9782818504253_1_m.jpg","thumbnail":"https:\/\/images.epagine.fr\/253\/9782818504253_1_v.jpg"},"orderable":true,"show_badge":true,"formatted_price":"9,00&nbsp;\u20ac","formatted_published_date":"1er octobre 2014","publisher_availability_label":"Sur commande","short_details":"Aymeric Caron \u2014 Pluriel","translator":null,"weight":260,"page_count":320,"readership":null,"editor":"Pluriel","price":900,"published_date":"2014-09-30T22:00:00.000000Z","support":"Poche","publisher_availability":1,"stock":0,"editions":[],"url":"https:\/\/quaidesbrumes.com\/ouvrage\/9782818504253\/envoye-special"},{"id":"9788412817423","title":"Yami no hikari - edition multilingue","description":null,"authors":["Saez Salvador"],"category_codes":["6000000","6070000","6070200","6070205"],"visuals":{"large":"https:\/\/quaidesbrumes.com\/img\/book-placeholder.png","medium":"https:\/\/quaidesbrumes.com\/img\/book-placeholder.png","thumbnail":"https:\/\/quaidesbrumes.com\/img\/book-placeholder.png"},"orderable":true,"show_badge":true,"formatted_price":"45,00&nbsp;\u20ac","formatted_published_date":"8 mai 2024","publisher_availability_label":"Sur commande","short_details":"Saez Salvador \u2014 Ediciones Posibles","translator":null,"weight":901,"page_count":null,"readership":null,"editor":"Ediciones Posibles","price":4500,"published_date":"2024-05-07T22:00:00.000000Z","support":"Grand format","publisher_availability":1,"stock":0,"editions":[],"url":"https:\/\/quaidesbrumes.com\/ouvrage\/9788412817423\/yami-no-hikari-edition-multilingue"},{"id":"9782494767188","title":"Chromatic - edition bilingue","description":null,"authors":["Favre Ludwig"],"category_codes":["6000000","6070000","6070200","6070205"],"visuals":{"large":"https:\/\/images.epagine.fr\/188\/9782494767188_1_75.jpg","medium":"https:\/\/images.epagine.fr\/188\/9782494767188_1_m.jpg","thumbnail":"https:\/\/images.epagine.fr\/188\/9782494767188_1_v.jpg"},"orderable":true,"show_badge":true,"formatted_price":"48,00&nbsp;\u20ac","formatted_published_date":"15 novembre 2024","publisher_availability_label":"Sur commande","short_details":"Favre Ludwig \u2014 Odyssee","translator":null,"weight":990,"page_count":null,"readership":null,"editor":"Odyssee","price":4800,"published_date":"2024-11-14T23:00:00.000000Z","support":"Grand format","publisher_availability":1,"stock":0,"editions":[],"url":"https:\/\/quaidesbrumes.com\/ouvrage\/9782494767188\/chromatic-edition-bilingue"},{"id":"9782954959306","title":"Allez, faites-moi plaisir, soyez heureux au moins pour aujourd'hui","description":"\u00ab Allez faites-moi plaisir, soyez heureux au moins pour aujourd'hui ! \u00bb Ainsi se terminent les chroniques de Zef tous les matins sur les ondes de France Bleu Nord. Leur objectif est que vous d\u00e9marriez la journ\u00e9e de bonne humeur, et cela fait 560 \u00e9pisodes que \u00e7a dure !\r\nDans ce livre, vous trouverez cinquante d'entre elles (et ce n'est qu'un d\u00e9but !) et vous y reconnaitrez les chroniques vedettes tels que Kate Middleton et William(Kakate et Wiwi), F. Hollande et N. Sarkozy (Chapi et Chapo) et bien d'autres encore !\r\nVous y trouverez aussi les chroniques faits divers telles que \u00ab le voleur qui pleure au Lidl \u00bb ou encore politiques avec Cahuzac, Gu\u00e9ant.\r\nEnfin les chroniques r\u00e9cits de vie avec les travaux de la maison de Zef, le panari de sa femme ou comment mettre un body \u00e0 son enfant.\r\nUn condens\u00e9 d'humour et de bonne humeur \u00e0 emporter partout avec soi afin de d\u00e9marrer, de poursuivre ou de terminer la journ\u00e9e avec le sourire !\r","authors":["Zef"],"category_codes":["6000000","6070000","6070300"],"visuals":{"large":"https:\/\/images.epagine.fr\/306\/9782954959306_1_75.jpg","medium":"https:\/\/images.epagine.fr\/306\/9782954959306_1_m.jpg","thumbnail":"https:\/\/images.epagine.fr\/306\/9782954959306_1_v.jpg"},"orderable":true,"show_badge":true,"formatted_price":"13,00&nbsp;\u20ac","formatted_published_date":"1er novembre 2014","publisher_availability_label":"Sur commande","short_details":"Zef \u2014 Mafleure","translator":null,"weight":800,"page_count":108,"readership":null,"editor":"Mafleure","price":1300,"published_date":"2014-10-31T23:00:00.000000Z","support":"Poche","publisher_availability":1,"stock":0,"editions":[],"url":"https:\/\/quaidesbrumes.com\/ouvrage\/9782954959306\/allez-faites-moi-plaisir-soyez-heureux-au-moins-pour-aujourdhui"},{"id":"9783950550818","title":"The australian journey","description":"En mars 2024, Regina Anzenberger se rendra \u00e0 nouveau en Australie. Depuis son premier voyage en 1989, son travail artistique n'a cess\u00e9 d'\u00eatre inspir\u00e9 par la nature de ce continent. En quatre chapitres : Prolog, Riverbed Rocks, Rainforest et Floating Bonds, elle nous raconte l'histoire d'une amiti\u00e9 particuli\u00e8re, de foug\u00e8res g\u00e9antes, de pierres et de v\u00e9g\u00e9tation dans le lit d'une rivi\u00e8re, d'une plage sans fin et de myst\u00e9- rieux hippocampes. Avec ses photographies peintes, compl\u00e9t\u00e9es par des dessins et des objets trouv\u00e9s dans la nature, l'artiste cr\u00e9e non seulement une vue unique du cinqui\u00e8me continent sous la forme d'une po\u00e9sie visuelle, mais aussi une m\u00e9taphore de la vie elle-m\u00eame.","authors":["Regina Anzenberger","Andrea Grill"],"category_codes":["6000000","6070000","6070200","6070205"],"visuals":{"large":"https:\/\/images.epagine.fr\/818\/9783950550818_1_75.jpg","medium":"https:\/\/images.epagine.fr\/818\/9783950550818_1_m.jpg","thumbnail":"https:\/\/images.epagine.fr\/818\/9783950550818_1_v.jpg"},"orderable":true,"show_badge":true,"formatted_price":"125,00&nbsp;\u20ac","formatted_published_date":"9 septembre 2025","publisher_availability_label":"Sur commande","short_details":"Regina Anzenberger, Andrea Grill \u2014 Anzenberger","translator":null,"weight":788,"page_count":196,"readership":"Tout public","editor":"Anzenberger","price":12500,"published_date":"2025-09-08T22:00:00.000000Z","support":"Beaux-livres","publisher_availability":1,"stock":0,"editions":[],"url":"https:\/\/quaidesbrumes.com\/ouvrage\/9783950550818\/the-australian-journey"},{"id":"9781912719594","title":"Shadow cast","description":null,"authors":["Pacifico Silano"],"category_codes":["6000000","6070000","6070200","6070205"],"visuals":{"large":"https:\/\/quaidesbrumes.com\/img\/book-placeholder.png","medium":"https:\/\/quaidesbrumes.com\/img\/book-placeholder.png","thumbnail":"https:\/\/quaidesbrumes.com\/img\/book-placeholder.png"},"orderable":true,"show_badge":true,"formatted_price":"165,00&nbsp;\u20ac","formatted_published_date":"23 novembre 2024","publisher_availability_label":"Sur commande","short_details":"Pacifico Silano \u2014 Loose Joints Publishing","translator":null,"weight":1800,"page_count":null,"readership":null,"editor":"Loose Joints Publishing","price":16500,"published_date":"2024-11-22T23:00:00.000000Z","support":"Grand format","publisher_availability":1,"stock":0,"editions":[],"url":"https:\/\/quaidesbrumes.com\/ouvrage\/9781912719594\/shadow-cast"},{"id":"9781912719624","title":"Loose joints 20142024: ten years of publishing contemporary photographic discourse","description":null,"authors":["Loose Joints"],"category_codes":["6000000","6070000","6070200","6070205"],"visuals":{"large":"https:\/\/quaidesbrumes.com\/img\/book-placeholder.png","medium":"https:\/\/quaidesbrumes.com\/img\/book-placeholder.png","thumbnail":"https:\/\/quaidesbrumes.com\/img\/book-placeholder.png"},"orderable":true,"show_badge":true,"formatted_price":"40,00&nbsp;\u20ac","formatted_published_date":"5 septembre 2024","publisher_availability_label":"Sur commande","short_details":"Loose Joints \u2014 Loose Joints Publishing","translator":null,"weight":801,"page_count":null,"readership":null,"editor":"Loose Joints Publishing","price":4000,"published_date":"2024-09-04T22:00:00.000000Z","support":"Grand format","publisher_availability":1,"stock":0,"editions":[],"url":"https:\/\/quaidesbrumes.com\/ouvrage\/9781912719624\/loose-joints-20142024-ten-years-of-publishing-contemporary-photographic-discourse"},{"id":"9781963814095","title":"Flaco - the owl who escaped captivity and won the hearts of the world","description":null,"authors":["Hollingsworth J."],"category_codes":["6000000","6070000","6070200","6070205"],"visuals":{"large":"https:\/\/quaidesbrumes.com\/img\/book-placeholder.png","medium":"https:\/\/quaidesbrumes.com\/img\/book-placeholder.png","thumbnail":"https:\/\/quaidesbrumes.com\/img\/book-placeholder.png"},"orderable":true,"show_badge":true,"formatted_price":"48,00&nbsp;\u20ac","formatted_published_date":"11 avril 2025","publisher_availability_label":"Sur commande","short_details":"Hollingsworth J. \u2014 Blurring books","translator":null,"weight":1410,"page_count":null,"readership":null,"editor":"Blurring books","price":4800,"published_date":"2025-04-10T22:00:00.000000Z","support":"Grand format","publisher_availability":1,"stock":0,"editions":[],"url":"https:\/\/quaidesbrumes.com\/ouvrage\/9781963814095\/flaco-the-owl-who-escaped-captivity-and-won-the-hearts-of-the-world"},{"id":"9791280978219","title":"Tragedia","description":"Trag\u00e9dia fait partie du projet CHAM \u00e0 long terme sur les m\u00e9moires du marronnage et des r\u00e9sistances \u00e0 l'esclavage colonial, commenc\u00e9 en 2010. Tragedia de Nicola Lo Calzo explore trag\u00e9dia, une tradition th\u00e9\u00e2trale unique de S\u00e3o Tom\u00e9 et Pr\u00edncipe. Ce th\u00e9\u00e2tre de rue, fa\u00e7onn\u00e9 par les influences cr\u00e9oles, africaines et europ\u00e9ennes, sert d'outil puissant de r\u00e9sistance culturelle et politique. \u00c0 travers des performances telles que tchiloli, dan\u00e7o congo et auto de Floripes, trag\u00e9dia raconte des histoires de colo- nialisme, d'oppression et de lutte pour l'identit\u00e9. Le livre examine son r\u00f4le dans la formation de la m\u00e9moire collective, mettant en lumi\u00e8re les racines historiques et les dynamiques postcoloniales de l'archipel. Un voyage \u00e0 travers des per- formances rituelles et la critique sociale, o\u00f9 l'expression th\u00e9\u00e2trale devient un acte d'autonomisation et de lib\u00e9ration. Riche en informations historiques et en t\u00e9moignages visuels, ce volume capture la complexit\u00e9 d'une tradition qui reste vibrante et essentielle \u00e0 la communaut\u00e9 santom\u00e9enne aujourd'hui.","authors":["Nicola Lo Calzo","Eduardo Mal\u00e9"],"category_codes":["6000000","6070000","6070200","6070205"],"visuals":{"large":"https:\/\/images.epagine.fr\/219\/9791280978219_1_75.jpg","medium":"https:\/\/images.epagine.fr\/219\/9791280978219_1_m.jpg","thumbnail":"https:\/\/images.epagine.fr\/219\/9791280978219_1_v.jpg"},"orderable":true,"show_badge":true,"formatted_price":"60,00&nbsp;\u20ac","formatted_published_date":"9 septembre 2025","publisher_availability_label":"Sur commande","short_details":"Nicola Lo Calzo, Eduardo Mal\u00e9 \u2014 L'Artiere","translator":null,"weight":998,"page_count":152,"readership":null,"editor":"L'Artiere","price":6000,"published_date":"2025-09-08T22:00:00.000000Z","support":"Beaux-livres","publisher_availability":1,"stock":0,"editions":[],"url":"https:\/\/quaidesbrumes.com\/ouvrage\/9791280978219\/tragedia"},{"id":"9781788842808","title":"Andy gotts the photograph (new edition) \/anglais","description":null,"authors":["Gotts Andy"],"category_codes":["6000000","6070000","6070200"],"visuals":{"large":"https:\/\/images.epagine.fr\/808\/9781788842808_1_75.jpg","medium":"https:\/\/images.epagine.fr\/808\/9781788842808_1_m.jpg","thumbnail":"https:\/\/images.epagine.fr\/808\/9781788842808_1_v.jpg"},"orderable":true,"show_badge":true,"formatted_price":"59,00&nbsp;\u20ac","formatted_published_date":"20 mai 2025","publisher_availability_label":"Sur commande","short_details":"Gotts Andy \u2014 Acc Art Books","translator":null,"weight":1850,"page_count":null,"readership":null,"editor":"Acc Art Books","price":5900,"published_date":"2025-05-19T22:00:00.000000Z","support":"Grand format","publisher_availability":1,"stock":0,"editions":[],"url":"https:\/\/quaidesbrumes.com\/ouvrage\/9781788842808\/andy-gotts-the-photograph-new-edition-anglais"},{"id":"9781864709186","title":"Anouk masson krantz american cowboys \/anglais","description":null,"authors":["Krantz Anouk Masson"],"category_codes":["6000000","6070000","6070200"],"visuals":{"large":"https:\/\/images.epagine.fr\/186\/9781864709186_1_75.jpg","medium":"https:\/\/images.epagine.fr\/186\/9781864709186_1_m.jpg","thumbnail":"https:\/\/images.epagine.fr\/186\/9781864709186_1_v.jpg"},"orderable":true,"show_badge":true,"formatted_price":"105,00&nbsp;\u20ac","formatted_published_date":"6 septembre 2021","publisher_availability_label":"Sur commande","short_details":"Krantz Anouk Masson \u2014 Acc Art Books","translator":null,"weight":3120,"page_count":null,"readership":null,"editor":"Acc Art Books","price":10500,"published_date":"2021-09-05T22:00:00.000000Z","support":"Grand format","publisher_availability":1,"stock":0,"editions":[],"url":"https:\/\/quaidesbrumes.com\/ouvrage\/9781864709186\/anouk-masson-krantz-american-cowboys-anglais"}]}