{"data":[{"id":"9791032001875","title":"Cin\u00e9pratiques de la ville ; documentaires de l'urbanit\u00e9 apres chronique d'un \u00e9t\u00e9","description":"Si de nombreux ouvrages s'int\u00e9ressent \u00e0 la place de la ville dans le cin\u00e9ma de fiction, trop peu de\u00a0publications \u00a0e font dans le champ de la cr\u00e9ation documentaire, pourtant toujours plus foisonnant.\r\n\u00c0\u00a0partir du documentaire Chronique d'un \u00e9t\u00e9 (1960) de Jean Rouch et Edgar Morin - film c\u00e9l\u00e9br\u00e9 mais dont l'h\u00e9ritage est rarement interrog\u00e9 -, cet ouvrage \u00e9tudie les mani\u00e8res dont plusieurs films urbains r\u00e9actualisent le projet participatif du \u00ab cin\u00e9ma-v\u00e9rit\u00e9 \u00bb \u00e0 l'heure de la globalisation et du n\u00e9olib\u00e9ralisme.\r\n\u00c0\u00a0travers le\u00a0regard de documentaristes relativement connus du public cin\u00e9phile, mais aussi de r\u00e9alisateurs qui gagnent \u00e0 \u00eatre\u00a0d\u00e9couverts, le livre traverse les rues de Paris, Marseille, New York, Amsterdam ou encore\u00a0Montr\u00e9al.\r\nPar une m\u00e9thode originale, qui croise esth\u00e9tique du cin\u00e9ma et \u00e9tudes urbaines, l'ouvrage d\u00e9passe les poncifs de \u00ab la ville au cin\u00e9ma \u00bb pour conceptualiser le pouvoir du geste documentaire \u00e0 repr\u00e9senter et pratiquer l'espace des villes contemporaines, autant qu'\u00e0 imaginer des communaut\u00e9s d\u00e9mocratiques \u00e0\u00a0venir.\r\nGr\u00e2ce \u00e0 une langue accessible et un travail approfondi d'analyse filmique, le livre rend visibles les interactions entre les ph\u00e9nom\u00e8nes urbains (mouvement, interaction, multiculturalisme, gentrification...) et les formes filmiques (cadre, son synchrone, montage...). Parce qu'elle est ancr\u00e9e dans la logique du faire, cette approche esth\u00e9tique s'adresse autant aux chercheurs et \u00e9tudiants en \u00e9tudes cin\u00e9matographiques qu'aux professionnels du cin\u00e9ma et aux urbanistes ou architectes sensibles aux qualit\u00e9s de l'espace v\u00e9cu.\r","authors":["Camille Bui"],"category_codes":["6000000","6070000","6070300","6070306"],"visuals":{"large":"https:\/\/images.epagine.fr\/875\/9791032001875_1_75.jpg","medium":"https:\/\/images.epagine.fr\/875\/9791032001875_1_m.jpg","thumbnail":"https:\/\/images.epagine.fr\/875\/9791032001875_1_v.jpg"},"orderable":true,"show_badge":true,"formatted_price":"29,00&nbsp;\u20ac","formatted_published_date":"8 novembre 2018","publisher_availability_label":"Sur commande","short_details":"Camille Bui \u2014 Pu De Provence","translator":null,"weight":536,"page_count":338,"readership":null,"editor":"Pu De Provence","price":2900,"published_date":"2018-11-07T23:00:00.000000Z","support":"Grand format","publisher_availability":1,"stock":0,"editions":[],"url":"https:\/\/quaidesbrumes.com\/ouvrage\/9791032001875\/cinepratiques-de-la-ville-documentaires-de-lurbanite-apres-chronique-dun-ete"},{"id":"9782490308309","title":"Mad Movies Classic Hors-S\u00e9rie n.59 : la saga Freddy : le boogeyman de vos cauchemars","description":"Un ouvrage de 132 pages qui aborde tous les films de la franchise et ses principaux artisans, tout en s'int\u00e9ressant ses effets sp\u00e9ciaux et sa musique, le tout aliment\u00e9 par des entretiens exclusifs. Il fallait au moins \u00e7a pour rendre hommage au King des boogeymen !\r","authors":["Collectif"],"category_codes":["6000000","6070000","6070300","6070307"],"visuals":{"large":"https:\/\/images.epagine.fr\/309\/9782490308309_1_75.jpg","medium":"https:\/\/images.epagine.fr\/309\/9782490308309_1_m.jpg","thumbnail":"https:\/\/images.epagine.fr\/309\/9782490308309_1_v.jpg"},"orderable":true,"show_badge":true,"formatted_price":"17,50&nbsp;\u20ac","formatted_published_date":"10 f\u00e9vrier 2021","publisher_availability_label":"Sur commande","short_details":"Collectif \u2014 CustomPop","translator":null,"weight":713,"page_count":132,"readership":"Tout public","editor":"CustomPop","price":1750,"published_date":"2021-02-09T23:00:00.000000Z","support":"Revue","publisher_availability":1,"stock":0,"editions":[],"url":"https:\/\/quaidesbrumes.com\/ouvrage\/9782490308309\/mad-movies-classic-hors-serie-n59-la-saga-freddy-le-boogeyman-de-vos-cauchemars"},{"id":"9782490308408","title":"Mad Movies Classic Hors-S\u00e9rie n.64 : La saga de l'anneau : J.R.R. Tolkien au cin\u00e9ma","description":"En d\u00e9cembre 2001 sortait sur les \u00e9crans La Communaut\u00e9 de l'Anneau, premier volet d'une saga cin\u00e9matographique qui marquera \u00e0 jamais l'histoire du cin\u00e9ma \u00e9pique et de l'Heroic          Fantasy. \u00c0 l'occasion du 20e anniversaire de ce chef-d'oeuvre matriciel, MadMovies vous propose un Classic Tolkien ambitieux de 180 pages, retra\u00e7ant en d\u00e9tail la cr\u00e9ation des six longs-m\u00e9trages de Peter Jackson. Orn\u00e9 de son illustration de couverture originale sp\u00e9cialement con\u00e7ue par l'artiste am\u00e9ricain Paul Wee, ce hors-s\u00e9rie vous fera revivre toutes les \u00e9tapes de la conception des deux trilogies ! Entretiens in\u00e9dits de leurs principaux artisans, dossiers complets et images d'archives rares... Plongez dans le hors-s\u00e9rie MadMovies Classic Tolkien et trouvez enfin l'anneau pour les gouverner tous !","authors":["Mad Movies"],"category_codes":["6000000","6070000","6070300","6070307"],"visuals":{"large":"https:\/\/images.epagine.fr\/408\/9782490308408_1_75.jpg","medium":"https:\/\/images.epagine.fr\/408\/9782490308408_1_m.jpg","thumbnail":"https:\/\/images.epagine.fr\/408\/9782490308408_1_v.jpg"},"orderable":true,"show_badge":true,"formatted_price":"24,90&nbsp;\u20ac","formatted_published_date":"14 janvier 2022","publisher_availability_label":"Sur commande","short_details":"Mad Movies \u2014 CustomPop","translator":null,"weight":804,"page_count":180,"readership":"Tout public","editor":"CustomPop","price":2490,"published_date":"2022-01-13T23:00:00.000000Z","support":"Revue","publisher_availability":1,"stock":0,"editions":[],"url":"https:\/\/quaidesbrumes.com\/ouvrage\/9782490308408\/mad-movies-classic-hors-serie-n64-la-saga-de-lanneau-jrr-tolkien-au-cinema"},{"id":"9782490308910","title":"Mad Movies Classic Hors-S\u00e9rie n.78 : Au nom du Diable : mal\u00e9dictions, sorcellerie et d\u00e9mons...","description":"Pour notre quatri\u00e8me Hors-S\u00e9rie Classic Best of, nous nous aventurons en terres impies et \u00e9laborons un panorama de l'enfer !  Nous r\u00e9unissons dans un m\u00eame ouvrage les meilleurs films de d\u00e9mons, de mal\u00e9dictions et de sorcellerie. De H\u00e4xan \u00e0 Hellboy en passant par La Mal\u00e9diction, retrouvez des analyses in\u00e9dites et d\u00e9moniaques, r\u00e9parties dans 6 cercles th\u00e9matiques.","authors":["Collectif"],"category_codes":["6000000","6070000","6070300","6070307"],"visuals":{"large":"https:\/\/images.epagine.fr\/910\/9782490308910_1_75.jpg","medium":"https:\/\/images.epagine.fr\/910\/9782490308910_1_m.jpg","thumbnail":"https:\/\/images.epagine.fr\/910\/9782490308910_1_v.jpg"},"orderable":true,"show_badge":true,"formatted_price":"22,00&nbsp;\u20ac","formatted_published_date":"10 mai 2024","publisher_availability_label":"Sur commande","short_details":"Collectif \u2014 CustomPop","translator":null,"weight":813,"page_count":148,"readership":"Tout public","editor":"CustomPop","price":2200,"published_date":"2024-05-09T22:00:00.000000Z","support":"Revue","publisher_availability":1,"stock":0,"editions":[],"url":"https:\/\/quaidesbrumes.com\/ouvrage\/9782490308910\/mad-movies-classic-hors-serie-n78-au-nom-du-diable-maledictions-sorcellerie-et-demons"},{"id":"9782490308958","title":"Mad Movies Classic Hors-S\u00e9rie n.79 : George Miller","description":"De ses d\u00e9buts dans la m\u00e9decine et la cr\u00e9ation de ses premiers courts-m\u00e9trages suivis de la longue gestation du cultissime Mad Max \u00e0 son monumental et tout nouveau Furiosa : une saga Mad Max en passant par le m\u00e9sestim\u00e9 Babe, le cochon dans la ville, on retrace l'int\u00e9gralit\u00e9 de la carri\u00e8re de George Miller - interview\u00e9 pour l'occasion dans un hors-s\u00e9rie aussi furieux qu'un moteur V8 !","authors":["Mad Movies"],"category_codes":["6000000","6070000","6070300","6070307"],"visuals":{"large":"https:\/\/images.epagine.fr\/958\/9782490308958_1_75.jpg","medium":"https:\/\/images.epagine.fr\/958\/9782490308958_1_m.jpg","thumbnail":"https:\/\/images.epagine.fr\/958\/9782490308958_1_v.jpg"},"orderable":true,"show_badge":true,"formatted_price":"19,90&nbsp;\u20ac","formatted_published_date":"21 juin 2024","publisher_availability_label":"Sur commande","short_details":"Mad Movies \u2014 CustomPop","translator":null,"weight":760,"page_count":132,"readership":"Tout public","editor":"CustomPop","price":1990,"published_date":"2024-06-20T22:00:00.000000Z","support":"Revue","publisher_availability":1,"stock":0,"editions":[],"url":"https:\/\/quaidesbrumes.com\/ouvrage\/9782490308958\/mad-movies-classic-hors-serie-n79-george-miller"},{"id":"9782490308972","title":"Mad Movies Classic Hors-S\u00e9rie n.80 : Alien : contamination, \u00e9volution, annihilation","description":"Sept ans apr\u00e8s Alien: Covenant, la saga Alien revient cet \u00e9t\u00e9 avec Alien: Romulus. Pour f\u00eater le retour des X\u00e9nomorphes, nous vous proposons une version Redux augment\u00e9e de notre hors-s\u00e9rie d\u00e9di\u00e9 \u00e0 la s\u00e9rie de films cultes initi\u00e9e en 1979 par Ridley Scott avec Le Huiti\u00e8me Passager, avec \u00e0 la cl\u00e9 une interview in\u00e9dite de Fede Alvarez, r\u00e9alisateur du nouveau volet.","authors":["Collectif"],"category_codes":["6000000","6070000","6070300","6070307"],"visuals":{"large":"https:\/\/images.epagine.fr\/972\/9782490308972_1_75.jpg","medium":"https:\/\/images.epagine.fr\/972\/9782490308972_1_m.jpg","thumbnail":"https:\/\/images.epagine.fr\/972\/9782490308972_1_v.jpg"},"orderable":true,"show_badge":true,"formatted_price":"19,90&nbsp;\u20ac","formatted_published_date":"6 septembre 2024","publisher_availability_label":"Sur commande","short_details":"Collectif \u2014 CustomPop","translator":null,"weight":746,"page_count":132,"readership":"Tout public","editor":"CustomPop","price":1990,"published_date":"2024-09-05T22:00:00.000000Z","support":"Revue","publisher_availability":1,"stock":0,"editions":[],"url":"https:\/\/quaidesbrumes.com\/ouvrage\/9782490308972\/mad-movies-classic-hors-serie-n80-alien-contamination-evolution-annihilation"},{"id":"9782749535005","title":"La France en 50 films","description":"L'histoire de France de 1939 \u00e0 nos jours au prisme de 50 films embl\u00e9matiques. De la Grande illusion \u00e0 La cr\u00e8me de la cr\u00e8me, les auteurs analysent notre histoire en s'appuyant sur celle de chaque film retenu. Une mise en abyme, des r\u00e9sonances pour d\u00e9couvrir autrement notre histoire et notre patrimoine cin\u00e9matographique.\r","authors":["Collectif","Fr\u00e9d\u00e9ric Bialecki"],"category_codes":["6000000","6070000","6070300","6070307"],"visuals":{"large":"https:\/\/images.epagine.fr\/005\/9782749535005_1_75.jpg","medium":"https:\/\/images.epagine.fr\/005\/9782749535005_1_m.jpg","thumbnail":"https:\/\/images.epagine.fr\/005\/9782749535005_1_v.jpg"},"orderable":true,"show_badge":true,"formatted_price":"16,00&nbsp;\u20ac","formatted_published_date":"27 mai 2016","publisher_availability_label":"Sur commande","short_details":"Collectif, Fr\u00e9d\u00e9ric Bialecki \u2014 \u00c9ditions Br\u00e9al","translator":null,"weight":452,"page_count":309,"readership":null,"editor":"\u00c9ditions Br\u00e9al","price":1600,"published_date":"2016-05-26T22:00:00.000000Z","support":"Grand format","publisher_availability":1,"stock":0,"editions":[],"url":"https:\/\/quaidesbrumes.com\/ouvrage\/9782749535005\/la-france-en-50-films"},{"id":"9782296061712","title":"Regards crois\u00e9s sur \"l'intime-quotidien\" en France et au Portugal ; les cas de TF1 et de SIC","description":"V\u00e9ritable plong\u00e9e au coeur de l'intimit\u00e9 t\u00e9l\u00e9visuelle, cet ouvrage rigoureux et pr\u00e9cis livre pour la premi\u00e8re fois une r\u00e9flexion compar\u00e9e sur les petites lucarnes fran\u00e7aise et portugaise, \u00e0 travers l'histoire de deux cha\u00eenes priv\u00e9es europ\u00e9ennes, tf1 et sic.\r\n Oeuvre d'un chercheur qui a p\u00e9n\u00e9tr\u00e9 les archives de la premi\u00e8re cha\u00eene priv\u00e9e portugaise (et visionn\u00e9 des centaines d'\u00e9missions), ce travail pionnier, fruit d'un travail document\u00e9 et \u00e9crit dans une langue savoureuse, donne des clefs pour comprendre ce que l'auteur a appel\u00e9 \" l'intime-quotidien \", un assemblage qui allie deux territoires de l'individu, de plus en plus d\u00e9voil\u00e9s et mis en sc\u00e8ne.  ce ph\u00e9nom\u00e8ne plan\u00e9taire, capt\u00e9 ici dans des espaces culturels diff\u00e9rents, est sond\u00e9 de fa\u00e7on transversale, \u00e0 travers plusieurs genres m\u00e9diatiques (reality shows, talk-shows, magazines, etc.\r\n).  c'est ainsi que l'auteur observe comment la vie priv\u00e9e du citoyen ordinaire s'expose et se codifie.  dans un monde de plus en plus globalis\u00e9, il appr\u00e9hende les nuances et les degr\u00e9s de pudeur et d'impudeur, qui caract\u00e9risent ces deux univers audiovisuels.  en d\u00e9couvrant des \u00e9l\u00e9ments culturels et historiques couvant expliquer ces gradations, le lecteur se d\u00e9lectera d'une analyse riche, indispensable pour tous ceux qui veulent en savoir plus sur les dessous de l'\u00e9cran, en france et au portugal.\r","authors":["Marcellin Machado"],"category_codes":["6000000","6070000","6070300"],"visuals":{"large":"https:\/\/images.epagine.fr\/712\/9782296061712_1_75.jpg","medium":"https:\/\/images.epagine.fr\/712\/9782296061712_1_m.jpg","thumbnail":"https:\/\/images.epagine.fr\/712\/9782296061712_1_v.jpg"},"orderable":true,"show_badge":true,"formatted_price":"30,00&nbsp;\u20ac","formatted_published_date":"18 juillet 2008","publisher_availability_label":"Sur commande","short_details":"Marcellin Machado \u2014 \u00c9ditions L'Harmattan","translator":null,"weight":510,"page_count":294,"readership":null,"editor":"\u00c9ditions L'Harmattan","price":3000,"published_date":"2008-07-17T22:00:00.000000Z","support":"Grand format","publisher_availability":1,"stock":0,"editions":[],"url":"https:\/\/quaidesbrumes.com\/ouvrage\/9782296061712\/regards-croises-sur-lintime-quotidien-en-france-et-au-portugal-les-cas-de-tf1-et-de-sic"},{"id":"9782843211188","title":"Filmer le XVIII si\u00e8cle","description":"V\u00e9hicule privil\u00e9gi\u00e9 des voyages dans le temps, le cin\u00e9ma semble avoir vocation \u00e0 r\u00e9veiller les fant\u00f4mes du pass\u00e9, \u00e0 leur redonner pr\u00e9sence et vie. \r\nL'histoire du 18e si\u00e8cle, les puissantes ou s\u00e9duisantes mythologies des Lumi\u00e8res, ont exerc\u00e9 sur les cin\u00e9astes une fascination assez forte pour les inspirer sous toutes les latitudes et \u00e0 toutes les \u00e9poques. Pour se r\u00e9approprier cet h\u00e9ritage du si\u00e8cle des Lumi\u00e8res, le cin\u00e9ma renoue tout naturellement avec la sensualit\u00e9, la th\u00e9\u00e2tralit\u00e9 et la libert\u00e9 de ton du 18e si\u00e8cle. Dans les films \u00e9voqu\u00e9s - ceux d'\u00c9ric Rohmer, de Milos Forman, de Sofia Coppola etc. -  le spectateur  voit, entend, respire un \u00ab\u00a0air\u00a0\u00bb 18e si\u00e8cle. Ainsi, un dialogue cr\u00e9atif s'instaure entre le si\u00e8cle des Lumi\u00e8res et le n\u00f4tre. \r","authors":["Poirson\/Schifano"],"category_codes":["6000000","6070000","6070300"],"visuals":{"large":"https:\/\/images.epagine.fr\/188\/9782843211188_1_75.jpg","medium":"https:\/\/images.epagine.fr\/188\/9782843211188_1_m.jpg","thumbnail":"https:\/\/images.epagine.fr\/188\/9782843211188_1_v.jpg"},"orderable":true,"show_badge":true,"formatted_price":"27,40&nbsp;\u20ac","formatted_published_date":"25 septembre 2009","publisher_availability_label":"Sur commande","short_details":"Poirson\/Schifano \u2014 DESJONQUERES","translator":null,"weight":360,"page_count":400,"readership":null,"editor":"DESJONQUERES","price":2740,"published_date":"2009-09-24T22:00:00.000000Z","support":"Grand format","publisher_availability":1,"stock":0,"editions":[],"url":"https:\/\/quaidesbrumes.com\/ouvrage\/9782843211188\/filmer-le-xviii-siecle"},{"id":"9782363260086","title":"MUD human sculpture","description":"La d\u00e9marche artistique d'Alain et Josyane Cassaigne est le fruit d'une triple rencontre entre la performance extr\u00eame, la photographie contemporaine et le f\u00e9tichisme de la boue.\r\nCe livre expose plusieurs ann\u00e9es de travail en environnements vaseux. Le photographe s'est employ\u00e9 \u00e0 figer l'instant subtil o\u00f9 na\u00eet l'harmonie, entre l'expression corporelle et une mati\u00e8re aussi s\u00e9duisante et sensuelle qu' inhospitali\u00e8re.\r\nLes mod\u00e8les se muent ainsi en statues vivantes, \u00e0 l'esth\u00e9tisme singulier, souvent provocantes, parfois inqui\u00e9tantes, mais qui ne laissent jamais indiff\u00e9rents.\r\nLes amateurs de photographie appr\u00e9cieront les cadrages rigoureux et sensibles qui ont su r\u00e9v\u00e9ler chez les mod\u00e8les l'expression d'un d\u00e9sir animal et le plaisir d'un acte transgressif.\r\nSeules ou en duo, souvent d\u00e9nud\u00e9es, parfois enlac\u00e9es, ces femmes se fondent et s'immergent dans ce d\u00e9cor baroque qui \u00e9l\u00e8ve la boue au rang de mati\u00e8re pr\u00e9cieuse.\r","authors":["Alain Cassaigne","Josyane Cassaigne"],"category_codes":["6000000","6070000","6070200"],"visuals":{"large":"https:\/\/images.epagine.fr\/086\/9782363260086_1_75.jpg","medium":"https:\/\/images.epagine.fr\/086\/9782363260086_1_m.jpg","thumbnail":"https:\/\/images.epagine.fr\/086\/9782363260086_1_v.jpg"},"orderable":true,"show_badge":true,"formatted_price":"33,00&nbsp;\u20ac","formatted_published_date":"14 juin 2013","publisher_availability_label":"Sur commande","short_details":"Alain Cassaigne, Josyane Cassaigne \u2014 TABOU","translator":null,"weight":1050,"page_count":1,"readership":"\u00e0 partir de 16 ans","editor":"TABOU","price":3300,"published_date":"2013-06-13T22:00:00.000000Z","support":"Grand format","publisher_availability":1,"stock":0,"editions":[],"url":"https:\/\/quaidesbrumes.com\/ouvrage\/9782363260086\/mud-human-sculpture"},{"id":"9782915635935","title":"Le\u00e7ons de photographie \u00e9rotique","description":"B\u00e9n\u00e9ficiez des conseils d'un photographe professionnel sp\u00e9cialis\u00e9 dans le charme, le f\u00e9tichisme et l'\u00e9rotisme. Michel L\u00e9vy vous fait partager ses secrets de fabrication, depuis le choix du mat\u00e9riel, jusqu'au traitement des images, \u00e0 travers ses le\u00e7ons de photographie \u00e9rotique. Apprenez \u00e0 composer, \u00e9clairer, modifier vos images, initiez-vous au maquillage et au choix des accessoires, \u00e0 la direction de vos mod\u00e8les, que ceux-ci soient votre amie, votre femme ou un mod\u00e8le professionnel. \r\nAu fil des pages, affinez votre technique, et d\u00e9passez le stade du d\u00e9clenchement instinctif. L'auteur met \u00e0 votre disposition ses trente ann\u00e9es d'exp\u00e9rience photographique dans le domaine, pour vous faire progresser rapidement et simplement. Que vous soyez simple curieux, photographe amateur ou professionnel de l'image cherchant \u00e0 explorer de nouveaux horizons, ce livre est fait pour vous. Vous y trouverez de fa\u00e7on claire et pr\u00e9cise, toutes les r\u00e9ponses \u00e0 vos questions, m\u00eame les plus secr\u00e8tes. \r\nVous pourrez encore mettre \u00e0 profit les le\u00e7ons de la premi\u00e8re partie du livre en vous inspirant d'un large portfolio qui conclut l'ouvrage, dans lequel l'auteur vous livre ses plus belles r\u00e9alisations.\r","authors":["Michel L\u00e9vy"],"category_codes":["6000000","6070000","6070200"],"visuals":{"large":"https:\/\/images.epagine.fr\/935\/9782915635935_1_75.jpg","medium":"https:\/\/images.epagine.fr\/935\/9782915635935_1_m.jpg","thumbnail":"https:\/\/images.epagine.fr\/935\/9782915635935_1_v.jpg"},"orderable":true,"show_badge":true,"formatted_price":"28,00&nbsp;\u20ac","formatted_published_date":"11 mai 2012","publisher_availability_label":"Sur commande","short_details":"Michel L\u00e9vy \u2014 TABOU","translator":null,"weight":1258,"page_count":1,"readership":"\u00e0 partir de 16 ans","editor":"TABOU","price":2800,"published_date":"2012-05-10T22:00:00.000000Z","support":"Grand format","publisher_availability":1,"stock":0,"editions":[],"url":"https:\/\/quaidesbrumes.com\/ouvrage\/9782915635935\/lecons-de-photographie-erotique"},{"id":"9782864809777","title":"Minorit\u00e9s interculturelles et m\u00e9dias","description":"Cette troisi\u00e8me \u00e9dition de la collection \"interculturalit\u00e9s\" intitul\u00e9e Minorit\u00e9s interculturelles et m\u00e9dias dirig\u00e9e par Sylvie Thi\u00e9blemont-Dollet, confronte des points de vue autour de la notion de visibilit\u00e9 interculturelle (vs invisibilit\u00e9), des populations immigr\u00e9es et\/ou d'origine immigr\u00e9e install\u00e9es en Europe et ailleurs dans le monde, dans les espaces publics et m\u00e9diatiques. Les chercheurs y ont mis en perspective les dimensions interculturelles, les liens et\/ou les ruptures, entre les populations consid\u00e9r\u00e9es comme ancr\u00e9es dans les pays d'accueil, celles plus r\u00e9cemment ou nouvellement install\u00e9es et celles temporairement \u00e9tablies, par le biais de diff\u00e9rents supports m\u00e9diatiques (blogs, forums internet, presse \u00e9crite, t\u00e9l\u00e9visions locales, s\u00e9ries t\u00e9l\u00e9vis\u00e9es, documentaires, etc.). ainsi, les notions de visibilit\u00e9 et de minorit\u00e9 interculturelles ont \u00e9t\u00e9 discut\u00e9es au prisme de l'une et de l'autre. Par ailleurs, inscrit dans le cadre de l'ann\u00e9e europ\u00e9enne du dialogue interculturel (2008), cet ensemble de contributions a pour objet de sensibiliser \u00e0 la construction d'une citoyennet\u00e9 europ\u00e9enne dans le respect des diff\u00e9rences culturelles pluralistes, y compris des minorit\u00e9s, d'inciter \u00e0 promouvoir le dialogue interculturel et de d\u00e9velopper aupr\u00e8s du public une conscience multiculturelle, un respect des traditions et des valeurs culturelles de l'autre.\r","authors":["Thieblemont-Dollet S"],"category_codes":["6000000","6070000","6070300"],"visuals":{"large":"https:\/\/images.epagine.fr\/777\/9782864809777_1_75.jpg","medium":"https:\/\/images.epagine.fr\/777\/9782864809777_1_m.jpg","thumbnail":"https:\/\/images.epagine.fr\/777\/9782864809777_1_v.jpg"},"orderable":true,"show_badge":true,"formatted_price":"18,00&nbsp;\u20ac","formatted_published_date":"23 f\u00e9vrier 2009","publisher_availability_label":"Sur commande","short_details":"Thieblemont-Dollet S \u2014 Pu De Nancy","translator":null,"weight":368,"page_count":218,"readership":null,"editor":"Pu De Nancy","price":1800,"published_date":"2009-02-22T23:00:00.000000Z","support":"Grand format","publisher_availability":1,"stock":0,"editions":[],"url":"https:\/\/quaidesbrumes.com\/ouvrage\/9782864809777\/minorites-interculturelles-et-medias"},{"id":"9782296077621","title":"Un temps d'immobilit\u00e9 ; journal 2000\/2005","description":"A condition de ne pas sombrer dans les r\u00e9sum\u00e9s d'emplois du temps et les anecdotes futiles, un journal est un espace de libert\u00e9 pour son auteur et peut \u00eatre une aire de divertissement pour ses lecteurs.\r\nC'est l'impression qui se d\u00e9gage de ce texte qui s'interroge avec s\u00e9rieux et humour, \u00e0 propos de la p\u00e9riode 2000-2005, sur la soci\u00e9t\u00e9 fran\u00e7aise, la conduite politique du pays, l'\u00e9volution mondiale, les conflits en cours, le XXe si\u00e8cle depuis la Grande Guerre, le vieillissement et la maladie. Ainsi, sur la sc\u00e8ne int\u00e9rieure, Jacques Lesourne s'interroge sur une France immobile, s\u00e9par\u00e9e entre celle du statut et celle de la concurrence, de l'opposition entre une fausse droite et une fausse gauche, sur l'action en trompe-l'oeil de Jacques Chirac qui a gaspill\u00e9 l'ouverture permise par ses majorit\u00e9s.\r\nEn \u00e9conomie, il d\u00e9nonce l'illusion de \" la nouvelle \u00e9conomie \", cette \u00e9conomie de croissance \u00e9ternelle que plus personne n'\u00e9voque. L'attentat du 11 septembre est l'occasion d'une analyse prospective du terrorisme et l'invasion de l'Irak est le sujet d'une recherche de sc\u00e9narios sur le Moyent-Orient. Quant aux guerres mondiales, les commentaires des M\u00e9moires de quelques grands acteurs permettent d'approfondir leur compr\u00e9hension.\r","authors":["Jacques Lesourne"],"category_codes":["6000000","6070000","6070300"],"visuals":{"large":"https:\/\/images.epagine.fr\/621\/9782296077621_1_75.jpg","medium":"https:\/\/images.epagine.fr\/621\/9782296077621_1_m.jpg","thumbnail":"https:\/\/images.epagine.fr\/621\/9782296077621_1_v.jpg"},"orderable":true,"show_badge":true,"formatted_price":"33,50&nbsp;\u20ac","formatted_published_date":"30 avril 2009","publisher_availability_label":"Sur commande","short_details":"Jacques Lesourne \u2014 \u00c9ditions L'Harmattan","translator":null,"weight":440,"page_count":330,"readership":null,"editor":"\u00c9ditions L'Harmattan","price":3350,"published_date":"2009-04-29T22:00:00.000000Z","support":"Grand format","publisher_availability":1,"stock":0,"editions":[],"url":"https:\/\/quaidesbrumes.com\/ouvrage\/9782296077621\/un-temps-dimmobilite-journal-20002005"},{"id":"9782846172776","title":"Lutteurs s\u00e9n\u00e9galais","description":"Chaque jour plus \u00ab\u00e9norme\u00bb dans un pays o\u00f9 il est devenu sport num\u00e9ro un, plus populaire que le football dont on sait pourtant les S\u00e9n\u00e9galais si friands, \u00e0 la fois ancestral, end\u00e9mique (dans la mesure o\u00f9 il ne se pratique qu'au S\u00e9n\u00e9gal sous sa forme moderne dite \u00ablutte avec frappe\u00bb) et paradoxalement tr\u00e8s actuel, pour ne pas dire diablement \u00abtendance\u00bb vu le boom du free fight en Occident, le Lamb (\u00ab lutte \u00bb en wolof) n'est pas qu'un sport, f\u00fbt-il de tr\u00e8s haut niveau, avec ses champions, h\u00e9ros de tout un peuple, de Dakar en Casamance.\r\nLa lutte s\u00e9n\u00e9galaise, c'est \u00e9galement et d'abord un spectacle, une vraie tranche d'Afrique en direct-live : au rythme des \u00abmballars\u00bb, le public n'h\u00e9site jamais \u00e0 entrer lui aussi dans la danse, chauff\u00e9 par l'entourage des lutteurs, des accompagnateurs toujours nombreux, color\u00e9s et survolt\u00e9s, aux ordres du ou des marabouts dont tous, les combattants les premiers, respectent scrupuleusement les pouvoirs, assur\u00e9s par tout un arsenal de gri-gri, potions, incantations et autre protocole magiques ! Une dimension mystique qui d\u00e9borde sur la pr\u00e9paration pugilistique, un rituel solennel mais joyeux agr\u00e9ment\u00e9 d'un \u00e9tonnant \u00e9talage d'attirail folklorique.\r\nD\u00e9couvrez Y\u00e9kini, cet impressionnant champion, ainsi que tous les aspects de la lutte S\u00e9n\u00e9galaise, techniques pugilistiques, historiques, g\u00e9ographiques, ethniques, sociaux, \u00e9conomiques, religieux, mystiques, folkloriques, culturels, artistiques. et percez \u00e0 jour un pays, le S\u00e9n\u00e9gal, \u00e0 travers son sport national et tous ses acteurs. Yalla !\r","authors":["Laurent Gudin"],"category_codes":["6000000","6070000","6070200"],"visuals":{"large":"https:\/\/images.epagine.fr\/776\/9782846172776_1_75.jpg","medium":"https:\/\/images.epagine.fr\/776\/9782846172776_1_m.jpg","thumbnail":"https:\/\/images.epagine.fr\/776\/9782846172776_1_v.jpg"},"orderable":true,"show_badge":true,"formatted_price":"33,00&nbsp;\u20ac","formatted_published_date":"17 janvier 2011","publisher_availability_label":"Sur commande","short_details":"Laurent Gudin \u2014 BUDO","translator":null,"weight":2412,"page_count":1,"readership":null,"editor":"BUDO","price":3300,"published_date":"2011-01-16T23:00:00.000000Z","support":"Grand format","publisher_availability":1,"stock":0,"editions":[],"url":"https:\/\/quaidesbrumes.com\/ouvrage\/9782846172776\/lutteurs-senegalais"},{"id":"9782296098855","title":"Photographie, m\u00e9dias et capitalisme","description":"A partir des r\u00e9flexions de Deleuze et Guattari dans Capitalisme et schizophr\u00e9nie, les contributions de cet ouvrage s'interrogent sur les relations entre photographie et m\u00e9dias, m\u00e9dias et capitalisme et photographie et capitalisme. Mais surtout elles cr\u00e9ent un champ de pens\u00e9e et d'exp\u00e9rimentation autour de ce triangle conceptuel et r\u00e9el et plus largement sur l'imaginaire et sur l'art.\r","authors":["Fran\u00e7ois Soulages","Julien Verhaeghe"],"category_codes":["6000000","6070000","6070300"],"visuals":{"large":"https:\/\/images.epagine.fr\/855\/9782296098855_1_75.jpg","medium":"https:\/\/images.epagine.fr\/855\/9782296098855_1_m.jpg","thumbnail":"https:\/\/images.epagine.fr\/855\/9782296098855_1_v.jpg"},"orderable":true,"show_badge":true,"formatted_price":"23,00&nbsp;\u20ac","formatted_published_date":"18 septembre 2009","publisher_availability_label":"Sur commande","short_details":"Fran\u00e7ois Soulages, Julien Verhaeghe \u2014 \u00c9ditions L'Harmattan","translator":null,"weight":255,"page_count":232,"readership":null,"editor":"\u00c9ditions L'Harmattan","price":2300,"published_date":"2009-09-17T22:00:00.000000Z","support":"Grand format","publisher_availability":1,"stock":0,"editions":[],"url":"https:\/\/quaidesbrumes.com\/ouvrage\/9782296098855\/photographie-medias-et-capitalisme"},{"id":"9782296099494","title":"Un cin\u00e9ma d'apr\u00e9s l'antique ; du culte de l'antiquit\u00e9 au nationalisme italien","description":"Le cin\u00e9ma italien entre 1900 et 1930 est le plus important producteur de films mettant en sc\u00e8ne l'Antiquit\u00e9, avec des succ\u00e8s mondiaux comme Cabiria, Derniers jours de Pomp\u00e9i et autres Quo vadis ? Cette \u00e9tude novatrice d\u00e9montre comment les vis\u00e9es nationalistes, colonisatrices du pr\u00e9sent ont pu \u00eatre servies gr\u00e2ce au rappel fr\u00e9quent \u00e0 une Antiquit\u00e9 glorieuse, d\u00e9peignant une Italie forte et conqu\u00e9rante.\r","authors":["Natacha Aubert"],"category_codes":["6000000","6070000","6070300"],"visuals":{"large":"https:\/\/images.epagine.fr\/494\/9782296099494_1_75.jpg","medium":"https:\/\/images.epagine.fr\/494\/9782296099494_1_m.jpg","thumbnail":"https:\/\/images.epagine.fr\/494\/9782296099494_1_v.jpg"},"orderable":true,"show_badge":true,"formatted_price":"36,50&nbsp;\u20ac","formatted_published_date":"18 septembre 2009","publisher_availability_label":"Sur commande","short_details":"Natacha Aubert \u2014 \u00c9ditions L'Harmattan","translator":null,"weight":640,"page_count":null,"readership":null,"editor":"\u00c9ditions L'Harmattan","price":3650,"published_date":"2009-09-17T22:00:00.000000Z","support":"Grand format","publisher_availability":1,"stock":0,"editions":[],"url":"https:\/\/quaidesbrumes.com\/ouvrage\/9782296099494\/un-cinema-dapres-lantique-du-culte-de-lantiquite-au-nationalisme-italien"},{"id":"9782296093652","title":"Les sitcoms ethniques \u00e0 la t\u00e9l\u00e9vision britannique de 1972 \u00e0 nos jours ; jusqu'\u00e0 ce que l'humour nous r\u00e9pare","description":"En 1972 appara\u00eet en Angleterre la premi\u00e8re s\u00e9rie comique fond\u00e9e sur une alternance entre un foyer blanc et foyer noir. L'entr\u00e9e de com\u00e9diens, r\u00e9alisateurs et sc\u00e9naristes issus de minorit\u00e9s ethniques dans le cercle des m\u00e9dias, refl\u00e8te une \u00e9volution sociale majeure Outre-Manche. Le passage de sitcoms \u00e0 \"th\u00e9matique ethnique\" invent\u00e9es par la majorit\u00e9 blanche, \u00e0 un \"mat\u00e9riau ethnique\" \u00e9crit, tourn\u00e9 et jou\u00e9 par des Britanniques noirs ou d'origine sud-asiatique, marque un renouveau manifeste du genre.\r","authors":["Amandine Ducray"],"category_codes":["6000000","6070000","6070300"],"visuals":{"large":"https:\/\/images.epagine.fr\/652\/9782296093652_1_75.jpg","medium":"https:\/\/images.epagine.fr\/652\/9782296093652_1_m.jpg","thumbnail":"https:\/\/images.epagine.fr\/652\/9782296093652_1_v.jpg"},"orderable":true,"show_badge":true,"formatted_price":"30,00&nbsp;\u20ac","formatted_published_date":"6 mai 2009","publisher_availability_label":"Sur commande","short_details":"Amandine Ducray \u2014 \u00c9ditions L'Harmattan","translator":null,"weight":310,"page_count":null,"readership":null,"editor":"\u00c9ditions L'Harmattan","price":3000,"published_date":"2009-05-05T22:00:00.000000Z","support":"Grand format","publisher_availability":1,"stock":0,"editions":[],"url":"https:\/\/quaidesbrumes.com\/ouvrage\/9782296093652\/les-sitcoms-ethniques-a-la-television-britannique-de-1972-a-nos-jours-jusqua-ce-que-lhumour-nous-repare"},{"id":"9782940406074","title":"L'architecture du cin\u00e9ma ; Hans Schmidt, architecte Agbar","description":"Sensible aux mutations des lieux, V\u00e9ronique Go\u00ebl rep\u00e8re les aspects id\u00e9ologiques v\u00e9hicul\u00e9s par l'architecture et l'urbanisme. Son \u00e9criture cin\u00e9matographique articule fragments de m\u00e9moire collective et individuelle, invitant \u00e0 questionner l'histoire des formes et ses enjeux politiques et sociaux.\r\nHans Schmidt, architecte et Agbar mettent en opposition deux mod\u00e8les pr\u00e9nants de l'histoire de l'architecture du 20e si\u00e8cle. Ces deux films sont accompagn\u00e9s d'une s\u00e9rie de contributions portant sur les usages de l'espace, aussi bien dans l'histoire de l'architecture que dans le travail de V\u00e9ronique Go\u00ebl.\r\nV\u00e9ronique Go\u00ebl est cin\u00e9aste et plasticienne. Elle vit et travaille \u00e0 Gen\u00e8ve.","authors":["Goel"],"category_codes":["6000000","6070000","6070300"],"visuals":{"large":"https:\/\/quaidesbrumes.com\/img\/book-placeholder.png","medium":"https:\/\/quaidesbrumes.com\/img\/book-placeholder.png","thumbnail":"https:\/\/quaidesbrumes.com\/img\/book-placeholder.png"},"orderable":true,"show_badge":true,"formatted_price":"30,00&nbsp;\u20ac","formatted_published_date":"20 novembre 2008","publisher_availability_label":"Sur commande","short_details":"Goel \u2014 Metispresses","translator":null,"weight":270,"page_count":128,"readership":null,"editor":"Metispresses","price":3000,"published_date":"2008-11-19T23:00:00.000000Z","support":"Grand format","publisher_availability":1,"stock":0,"editions":[],"url":"https:\/\/quaidesbrumes.com\/ouvrage\/9782940406074\/larchitecture-du-cinema-hans-schmidt-architecte-agbar"},{"id":"9782296110557","title":"Du film noir au n\u00e9o-noir ; mythes et st\u00e9reotypes de l'Am\u00e9rique 1941-2008","description":"Cet ouvrage retrace la filiation esth\u00e9tique et th\u00e9matique entre le film noir et ses avatars (polar, n\u00e9o-noir). Fiction urbaine et criminelle, oeuvre de propagande ou acte subversif, le film noir explore la face sombre de l'Am\u00e9rique \u00e0 travers le r\u00e9cit de personnages marginaux dont l'ind\u00e9pendance d'esprit est tant\u00f4t glorifi\u00e9e (d\u00e9tective priv\u00e9), tant\u00f4t condamn\u00e9e (femme fatale). Il a cr\u00e9\u00e9 sa propre mythologie autour de st\u00e9r\u00e9otypes mettant l'accent sur l'artificialit\u00e9 de la construction des repr\u00e9sentations sociales et filmiques. La fiction noire accompagne les crises du vingti\u00e8me si\u00e8cle.\r","authors":["Delphine Letort"],"category_codes":["6000000","6070000","6070300"],"visuals":{"large":"https:\/\/images.epagine.fr\/557\/9782296110557_1_75.jpg","medium":"https:\/\/images.epagine.fr\/557\/9782296110557_1_m.jpg","thumbnail":"https:\/\/images.epagine.fr\/557\/9782296110557_1_v.jpg"},"orderable":true,"show_badge":true,"formatted_price":"33,50&nbsp;\u20ac","formatted_published_date":"26 janvier 2010","publisher_availability_label":"Sur commande","short_details":"Delphine Letort \u2014 \u00c9ditions L'Harmattan","translator":null,"weight":470,"page_count":null,"readership":null,"editor":"\u00c9ditions L'Harmattan","price":3350,"published_date":"2010-01-25T23:00:00.000000Z","support":"Grand format","publisher_availability":1,"stock":0,"editions":[],"url":"https:\/\/quaidesbrumes.com\/ouvrage\/9782296110557\/du-film-noir-au-neo-noir-mythes-et-stereotypes-de-lamerique-1941-2008"},{"id":"9782296113657","title":"Casque d'or : lectures crois\u00e9es","description":"Ce recueil propose sept lectures du film Casque d'Or de Jacques Becker (1952), par des chercheurs en \u00e9tudes cin\u00e9matographiques qui ne sont pas sp\u00e9cialistes de Becker mais chercheurs dans un champ particulier (histoire culturelle, gender studies, star studies, \u00e9tude de sc\u00e9nario...). Sont abord\u00e9s : le r\u00e9ception du film, sa mise en perspective dans l'histoire du cin\u00e9ma fran\u00e7ais d'apr\u00e8s-guerre, le genre \"Belle \u00e9poque\", la repr\u00e9sentation des rapports de sexes, la modernit\u00e9 de Casque d'or et celle de la star Signoret...\r","authors":["Marguerite Chabrol","Alain Kleinberger"],"category_codes":["6000000","6070000","6070300"],"visuals":{"large":"https:\/\/images.epagine.fr\/657\/9782296113657_1_75.jpg","medium":"https:\/\/images.epagine.fr\/657\/9782296113657_1_m.jpg","thumbnail":"https:\/\/images.epagine.fr\/657\/9782296113657_1_v.jpg"},"orderable":true,"show_badge":true,"formatted_price":"20,50&nbsp;\u20ac","formatted_published_date":"26 janvier 2010","publisher_availability_label":"Sur commande","short_details":"Marguerite Chabrol, Alain Kleinberger \u2014 \u00c9ditions L'Harmattan","translator":null,"weight":280,"page_count":195,"readership":null,"editor":"\u00c9ditions L'Harmattan","price":2050,"published_date":"2010-01-25T23:00:00.000000Z","support":"Grand format","publisher_availability":1,"stock":0,"editions":[],"url":"https:\/\/quaidesbrumes.com\/ouvrage\/9782296113657\/casque-dor-lectures-croisees"},{"id":"9782296074972","title":"M\u00e9dias & culture ; num\u00e9ro sp\u00e9cial novembre 2008","description":"Ce num\u00e9ro sp\u00e9cial regroupe une partie des contributions du colloque de Lyon consacr\u00e9 au \"Fait divers dans tous ses \u00e9tats\". Les faits divers, qu'il aient fait la Une de la presse ou seulement dix lignes en page quinze, ont souvent une seconde vie dans un nombre cons\u00e9quent d'ouvrages de grande diffusion. Pr\u00e9ambule \u00e0 ces travaux, l'article de Jean-Fran\u00e7ois Tetu revient sur la notion d'\u00e9v\u00e8nement et montre comment les r\u00e9flexions sur le fait divers s'inscrivent dans un ensemble plus large: celui des m\u00e9diations de l'accidentelle.\r","authors":["Medias Et Culture"],"category_codes":["6000000","6070000","6070300"],"visuals":{"large":"https:\/\/images.epagine.fr\/972\/9782296074972_1_75.jpg","medium":"https:\/\/images.epagine.fr\/972\/9782296074972_1_m.jpg","thumbnail":"https:\/\/images.epagine.fr\/972\/9782296074972_1_v.jpg"},"orderable":true,"show_badge":true,"formatted_price":"17,50&nbsp;\u20ac","formatted_published_date":"8 d\u00e9cembre 2008","publisher_availability_label":"Sur commande","short_details":"Medias Et Culture \u2014 \u00c9ditions L'Harmattan","translator":null,"weight":210,"page_count":156,"readership":null,"editor":"\u00c9ditions L'Harmattan","price":1750,"published_date":"2008-12-07T23:00:00.000000Z","support":"Grand format","publisher_availability":1,"stock":0,"editions":[],"url":"https:\/\/quaidesbrumes.com\/ouvrage\/9782296074972\/medias-culture-numero-special-novembre-2008"},{"id":"9782287771354","title":"Autoformation et aide au diagnostic en h\u00e9matologie","description":"Cet outil multim\u00e9dia d'autoformation a \u00e9t\u00e9 r\u00e9alis\u00e9 \u00e0 l'aide d'un logiciel de base de donn\u00e9es pour faciliter la recherche multicrit\u00e8res afin d'\u00e9tablir un diagnostic de la maladie en h\u00e9matologie. Le livre permet, sans l'utilisation d'un ordinateur, une consultation rapide des maladies \u00e0 travers une pr\u00e9sentation identique sous forme de fiches : d\u00e9finition de la maladie, signes cliniques et paracliniques, imagerie, physiopathologie, \u00e9tiologie, g\u00e9n\u00e9tique et signes biologiques.\r\n\r\nAvec le CD-ROM, l'utilisateur aura acc\u00e8s aux donn\u00e9es biologiques, aux examens sanguins courants ou moins courants gr\u00e2ce \u00e0 la structure rigoureuse des fiches biologiques des maladies class\u00e9es par ordre alphab\u00e9tique. Les examens des autres milieux biologiques (moelle osseuse, ganglions, urine...) sont \u00e9galement pr\u00e9sent\u00e9s.\r\n\r\nLes photographies des cellules du sang et de la moelle compl\u00e8tent les connaissances en cytologie des h\u00e9matologistes et enrichissent leur autoformation pour le diagnostic microscopique. Elles donnent \u00e9galement un aper\u00e7u des anomalies cytologiques rencontr\u00e9es dans certaines pathologies.\r\n\r\nLe logiciel ADH, \u00e0 travers la recherche multicrit\u00e8res, facilite l'orientation diagnostique de la maladie h\u00e9matologique que la lecture seule des diff\u00e9rentes analyses h\u00e9matologiques ne permet pas facilement. L'utilisation du logiciel orientera \u00e9ventuellement vers la prescription d'examens compl\u00e9mentaires n\u00e9cessaires au diagnostic de la maladie.","authors":["Arock\/Chemla"],"category_codes":["6000000","6070000","6070200"],"visuals":{"large":"https:\/\/images.epagine.fr\/354\/9782287771354_1_75.jpg","medium":"https:\/\/images.epagine.fr\/354\/9782287771354_1_m.jpg","thumbnail":"https:\/\/images.epagine.fr\/354\/9782287771354_1_v.jpg"},"orderable":true,"show_badge":true,"formatted_price":"70,00&nbsp;\u20ac","formatted_published_date":"12 juin 2008","publisher_availability_label":"Sur commande","short_details":"Arock\/Chemla \u2014 Springer","translator":null,"weight":1401,"page_count":230,"readership":null,"editor":"Springer","price":7000,"published_date":"2008-06-11T22:00:00.000000Z","support":"Grand format","publisher_availability":1,"stock":0,"editions":[],"url":"https:\/\/quaidesbrumes.com\/ouvrage\/9782287771354\/autoformation-et-aide-au-diagnostic-en-hematologie"},{"id":"9782843032011","title":"Cin\u00e9ma, spaghettis, classe ouvri\u00e8re et immigration","description":"Du fait de son lien \u00e9troit avec l'industrialisation des soci\u00e9t\u00e9s et le d\u00e9veloppement du march\u00e9 mondial.\r\nLe cin\u00e9ma est ins\u00e9parable de la modernit\u00e9 et de ses batailles. Le reconna\u00eetre, c'est retrouver la m\u00e9moire du cin\u00e9ma comme loisir privil\u00e9gi\u00e9 des citadins, et notamment de la classe ouvri\u00e8re. C'est constater le vecteur de civilisation qu'il a repr\u00e9sent\u00e9 en particulier pour cette classe en permettant \u00e0 ses membres de cultiver leur plaisir au-del\u00e0 des pr\u00e9jug\u00e9s sociaux, des fronti\u00e8res nationales et des engagements id\u00e9ologiques et religieux.\r\nParler de cin\u00e9ma, c'est parler des personnes qui le regardent. Dans ce livre. l'observation ethnographique. l'implication biographique de l'auteur sont utilis\u00e9es pour rendre compte des liens qui se tissent entre l'exp\u00e9rience des spectateurs, la m\u00e9moire familiale de l'immigration. la m\u00e9moire collective locale, la sociabilit\u00e9 culturelle et la culture cin\u00e9matographique. A contrario d'une vision intellectuelle qui tend \u00e0 distinguer la cin\u00e9philie et la r\u00e9flexion sur le cin\u00e9ma du loisir cin\u00e9matographique ordinaire.\r\nJean-Marc Leveratto valorise la capacit\u00e9 des personnes \u00e0 se laisser prendre par les films, \u00e0 les critiquer - et \u00e0 se critiquer soi-m\u00eame - pour en \u00e9prouver la qualit\u00e9 artistique et la valeur \u00e9thique. C'est cette expertise cin\u00e9matographique du spectateur ordinaire consistant \u00e0 savoir ne pas parler que du cin\u00e9ma, mais du monde tel qu'il peut \u00eatre chang\u00e9. que ce livre met en \u00e9vidence.\r","authors":["Jean-marc Leveratto"],"category_codes":["6000000","6070000","6070300"],"visuals":{"large":"https:\/\/images.epagine.fr\/011\/9782843032011_1_75.jpg","medium":"https:\/\/images.epagine.fr\/011\/9782843032011_1_m.jpg","thumbnail":"https:\/\/images.epagine.fr\/011\/9782843032011_1_v.jpg"},"orderable":true,"show_badge":true,"formatted_price":"15,00&nbsp;\u20ac","formatted_published_date":"25 f\u00e9vrier 2010","publisher_availability_label":"Sur commande","short_details":"Jean-marc Leveratto \u2014 La Dispute","translator":null,"weight":240,"page_count":228,"readership":null,"editor":"La Dispute","price":1500,"published_date":"2010-02-24T23:00:00.000000Z","support":"Grand format","publisher_availability":1,"stock":0,"editions":[],"url":"https:\/\/quaidesbrumes.com\/ouvrage\/9782843032011\/cinema-spaghettis-classe-ouvriere-et-immigration"},{"id":"9782878544602","title":"H\u00e9ros aux supers h\u00e9ros (du) Mutations cin\u00e9matographiques","description":"L'engouement\u00a0croissant\u00a0du public pour les films de super h\u00e9ros depuis le d\u00e9but du vingt-et-uni\u00e8me si\u00e8cle am\u00e8ne \u00e0 interroger la notion m\u00eame de h\u00e9ros cin\u00e9matographique, son \u00e9volution et la place qu'occupe d\u00e9sormais le super h\u00e9ros. Qui sont ces h\u00e9ros au superlatif issus de l'univers de la bande dessin\u00e9e ?\u00a0Quelle\u00a0typologie de personnages\u00a0r\u00e9v\u00e8lent-ils\u00a0? Pourquoi ces films d'origine\u00a0am\u00e9ricaine\u00a0s\u00e9duisent-ils un aussi large public international, et comment ont-ils pu en si peu de temps\u00a0conqu\u00e9rir\u00a0le haut du box-office malgr\u00e9 une production quantitativement restreinte ? Leur arriv\u00e9e a-t-elle\u00a0eu un impact sur\u00a0les autres h\u00e9ros, notamment les h\u00e9ros d'action traditionnels du cin\u00e9ma hollywoodien ?","authors":["Claude Forest"],"category_codes":["6000000","6070000","6070300","6070306"],"visuals":{"large":"https:\/\/images.epagine.fr\/602\/9782878544602_1_75.jpg","medium":"https:\/\/images.epagine.fr\/602\/9782878544602_1_m.jpg","thumbnail":"https:\/\/images.epagine.fr\/602\/9782878544602_1_v.jpg"},"orderable":true,"show_badge":true,"formatted_price":"24,90&nbsp;\u20ac","formatted_published_date":"8 juin 2009","publisher_availability_label":"Sur commande","short_details":"Claude Forest \u2014 Presses De La Sorbonne Nouvelle","translator":null,"weight":617,"page_count":274,"readership":null,"editor":"Presses De La Sorbonne Nouvelle","price":2490,"published_date":"2009-06-07T22:00:00.000000Z","support":"Grand format","publisher_availability":1,"stock":0,"editions":[],"url":"https:\/\/quaidesbrumes.com\/ouvrage\/9782878544602\/heros-aux-supers-heros-du-mutations-cinematographiques"}]}