{"data":[{"id":"3663322129285","title":"Bizafanzine n.8","description":"Dans la suggestion du th\u00e8me (Autoportrait) se profile une proposition un peu plus ac\u00e9r\u00e9e que la rebattue th\u00e9matique de l'autoportrait. Pour nourrir notre id\u00e9e, op\u00e9rer un glissement entre Moi et Soi reviendrait \u00e0 ouvrir un regard autocentr\u00e9 vers la notion plus universelle du Soi. Ou encore, passer du \u00ab Je \u00bb au \u00ab Singulier \u00bb. C'est une pens\u00e9e que nous soumettons \u00e0 l'interpr\u00e9tation des auteurs, gourmands que nous sommes des belles surprises, n\u00e9es de l'infini des imaginations cr\u00e9atrices. La moindre des choses, il faut bien l'admettre, en mati\u00e8re de miroirs.","authors":["Micha\u00ebl Serfaty"],"category_codes":["6000000","6070000","6070200"],"visuals":{"large":"https:\/\/images.epagine.fr\/285\/3663322129285_1_75.jpg","medium":"https:\/\/images.epagine.fr\/285\/3663322129285_1_m.jpg","thumbnail":"https:\/\/images.epagine.fr\/285\/3663322129285_1_v.jpg"},"orderable":true,"show_badge":true,"formatted_price":"14,90&nbsp;\u20ac","formatted_published_date":"30 octobre 2024","publisher_availability_label":"Sur commande","short_details":"Micha\u00ebl Serfaty \u2014 Arnaud Bizalion","translator":null,"weight":100,"page_count":80,"readership":null,"editor":"Arnaud Bizalion","price":1490,"published_date":"2024-10-29T23:00:00.000000Z","support":"Revue","publisher_availability":1,"stock":0,"editions":[],"url":"https:\/\/quaidesbrumes.com\/ouvrage\/3663322129285\/bizafanzine-n8"},{"id":"9783829601382","title":"Heinrich zille berlin photographien 1890-1910 (bibliotheque visuelle)","description":null,"authors":["Zille Heinrich"],"category_codes":["6000000","6070000","6070200"],"visuals":{"large":"https:\/\/images.epagine.fr\/382\/9783829601382_1_75.jpg","medium":"https:\/\/images.epagine.fr\/382\/9783829601382_1_m.jpg","thumbnail":"https:\/\/images.epagine.fr\/382\/9783829601382_1_v.jpg"},"orderable":true,"show_badge":true,"formatted_price":"12,50&nbsp;\u20ac","formatted_published_date":"5 d\u00e9cembre 2007","publisher_availability_label":"Sur commande","short_details":"Zille Heinrich \u2014 Schirmer Mosel","translator":null,"weight":240,"page_count":null,"readership":null,"editor":"Schirmer Mosel","price":1250,"published_date":"2007-12-04T23:00:00.000000Z","support":"Grand format","publisher_availability":1,"stock":0,"editions":[],"url":"https:\/\/quaidesbrumes.com\/ouvrage\/9783829601382\/heinrich-zille-berlin-photographien-1890-1910-bibliotheque-visuelle"},{"id":"9782343243733","title":"Technopolitique du geste contemporain ; vivre et penser le naufrage num\u00e9rique","description":"Notre \u00e9poque est celle du Game. Le jeu vid\u00e9o est le nouveau visage de notre exp\u00e9rience. Des films comme Wargames, Matrix, Pacific Rim s'en font l'\u00e9cho au cin\u00e9ma. Notre corps est d\u00e9sormais index\u00e9 \u00e0 un protocole num\u00e9rique qui peu \u00e0 peu impr\u00e8gne tous nos modes de pens\u00e9e et d'action. Cet ouvrage se propose de penser la technopolitique du geste, c'est-\u00e0-dire l'\u00e9nigme de l'appareillage sensori-moteur qui r\u00e9git nos existences depuis longtemps et qui est encore au coeur du protocole num\u00e9rique. L'enjeu est d'importance : y a-t-il encore des gestes lib\u00e9rateurs capables d'ouvrir une br\u00e8che dans notre pr\u00e9sent, de retrouver une certaine forme d'imm\u00e9morial et de cr\u00e9er un nouveau rapport au temps, \u00e0 la technique et au corps ? Ou sommes-nous d\u00e9finitivement condamn\u00e9s au naufrage ?","authors":["Roman Dominguez Jim\u00e9nez"],"category_codes":["6000000","6070000","6070300","6070306"],"visuals":{"large":"https:\/\/images.epagine.fr\/733\/9782343243733_1_75.jpg","medium":"https:\/\/images.epagine.fr\/733\/9782343243733_1_m.jpg","thumbnail":"https:\/\/images.epagine.fr\/733\/9782343243733_1_v.jpg"},"orderable":true,"show_badge":true,"formatted_price":"18,00&nbsp;\u20ac","formatted_published_date":"4 octobre 2021","publisher_availability_label":"Sur commande","short_details":"Roman Dominguez Jim\u00e9nez \u2014 \u00c9ditions L'Harmattan","translator":null,"weight":199,"page_count":154,"readership":null,"editor":"\u00c9ditions L'Harmattan","price":1800,"published_date":"2021-10-03T22:00:00.000000Z","support":"Grand format","publisher_availability":1,"stock":0,"editions":[],"url":"https:\/\/quaidesbrumes.com\/ouvrage\/9782343243733\/technopolitique-du-geste-contemporain-vivre-et-penser-le-naufrage-numerique"},{"id":"9782140494659","title":"Demy, Mekas : Les puissances de la couleur","description":"On pourrait, \u00e0 priori, s'\u00e9tonner du parall\u00e8le effectu\u00e9 ici entre Jacques Demy et Jonas Mekas, autour du th\u00e8me de la couleur. Ils ne pratiquent pas le m\u00eame type de cin\u00e9ma : plus populaire pour l'un, plus exp\u00e9rimental pour l'autre. Si une association est possible, c est peut-\u00eatre parce que la couleur les place dans une m\u00eame direction, celle du temps perdu de l'enfance pour Jacques Demy ou de la nostalgie pour Jonas Mekas, qui, pour \u00e9chapper au sovi\u00e9tisme, a fait de l'Am\u00e9rique sa seconde patrie.\r\n\r\nC'est au fond cette couleur du temps, fruit de l imagination comme puissance de d\u00e9formation, comme le voulait W. Benjamin, qui en fait des \u00e2mes-soeurs.","authors":["Alain Naze"],"category_codes":["6000000","6070000","6070300"],"visuals":{"large":"https:\/\/images.epagine.fr\/659\/9782140494659_1_75.jpg","medium":"https:\/\/images.epagine.fr\/659\/9782140494659_1_m.jpg","thumbnail":"https:\/\/images.epagine.fr\/659\/9782140494659_1_v.jpg"},"orderable":true,"show_badge":true,"formatted_price":"14,00&nbsp;\u20ac","formatted_published_date":"4 septembre 2023","publisher_availability_label":"Sur commande","short_details":"Alain Naze \u2014 \u00c9ditions L'Harmattan","translator":null,"weight":150,"page_count":122,"readership":null,"editor":"\u00c9ditions L'Harmattan","price":1400,"published_date":"2023-09-03T22:00:00.000000Z","support":"Grand format","publisher_availability":1,"stock":0,"editions":[],"url":"https:\/\/quaidesbrumes.com\/ouvrage\/9782140494659\/demy-mekas-les-puissances-de-la-couleur"},{"id":"9782080645005","title":"De la France consid\u00e9r\u00e9e comme une maladie","description":"Les deux rubriques les plus c\u00e9l\u00e8bres de la presse fran\u00e7aise sont le dessin de Faizant dans le Figaro et la chronique de Dutourd dans France-Soir. Faizant, chaque ann\u00e9e, publie un album de ses meilleurs dessins. Voici l'album de Dutourd pour 1981. La France est-elle vraiment une maladie ?  Quand on est fran\u00e7ais, dit l'auteur, il ne se passe pas de jour que l'on n'\u00e9prouve une douleur quelque part. D'o\u00f9 l'expression na\u00efve et ridicule :  J'ai mal \u00e0 la France . On n'imagine pas un Chinois disant qu'il a mal \u00e0 la Chine, ni un Zurichois ayant mal \u00e0 la Suisse.  L'ouvrage est divis\u00e9 en deux parties :  Avant le 10 mai  et  Apr\u00e8s le 10 mai , et traite principalement des \u00e9v\u00e9nements que l'on sait selon une optique particuli\u00e8re. Exemple :  C'est un r\u00e9gal pour le philosophe de voir un peuple d'amn\u00e9siques porter au pouvoir des gens qui n'ont jamais manqu\u00e9 une sottise.  Ce r\u00e9gal, Jean Dutourd nous le fait partager. Il n'est ni pol\u00e9miste ni pamphl\u00e9taire. Il parle de tout avec bonhomie, na\u00efvet\u00e9, moquerie, humour, sans jamais hausser le ton, et chacun de ses traits est meurtrier. Son secret consiste \u00e0 aborder les sujets par un angle que personne n'avait soup\u00e7onn\u00e9 avant lui. D'o\u00f9 une surprise perp\u00e9tuelle du lecteur qui voit qu'avec les id\u00e9es de tout le monde et le simple bon sens de l'homme de la rue, on peut aller avec une vitesse fulgurante jusqu'au fond des choses.","authors":["Jean Dutourd"],"category_codes":["6000000","6070000","6070300"],"visuals":{"large":"https:\/\/images.epagine.fr\/005\/9782080645005_1_75.jpg","medium":"https:\/\/images.epagine.fr\/005\/9782080645005_1_m.jpg","thumbnail":"https:\/\/images.epagine.fr\/005\/9782080645005_1_v.jpg"},"orderable":true,"show_badge":true,"formatted_price":"11,90&nbsp;\u20ac","formatted_published_date":"8 janvier 1992","publisher_availability_label":"Sur commande","short_details":"Jean Dutourd \u2014 Flammarion","translator":null,"weight":356,"page_count":286,"readership":null,"editor":"Flammarion","price":1190,"published_date":"1992-01-07T23:00:00.000000Z","support":"Grand format","publisher_availability":1,"stock":0,"editions":[],"url":"https:\/\/quaidesbrumes.com\/ouvrage\/9782080645005\/de-la-france-consideree-comme-une-maladie"},{"id":"9791020800091","title":"Traite general de photographie en noir et en couleurs","description":null,"authors":["Coustet Ernest"],"category_codes":["6000000","6070000","6070200"],"visuals":{"large":"https:\/\/images.epagine.fr\/091\/9791020800091_1_75.jpg","medium":"https:\/\/images.epagine.fr\/091\/9791020800091_1_m.jpg","thumbnail":"https:\/\/images.epagine.fr\/091\/9791020800091_1_v.jpg"},"orderable":true,"show_badge":true,"formatted_price":"39,00&nbsp;\u20ac","formatted_published_date":"28 mai 2012","publisher_availability_label":"Sur commande","short_details":"Coustet Ernest \u2014 Maxtor","translator":null,"weight":664,"page_count":null,"readership":null,"editor":"Maxtor","price":3900,"published_date":"2012-05-27T22:00:00.000000Z","support":"Grand format","publisher_availability":1,"stock":0,"editions":[],"url":"https:\/\/quaidesbrumes.com\/ouvrage\/9791020800091\/traite-general-de-photographie-en-noir-et-en-couleurs"},{"id":"9789460582455","title":"Wild at heart","description":null,"authors":["Magali Elali"],"category_codes":["6000000","6070000","6070200"],"visuals":{"large":"https:\/\/images.epagine.fr\/455\/9789460582455_1_75.jpg","medium":"https:\/\/images.epagine.fr\/455\/9789460582455_1_m.jpg","thumbnail":"https:\/\/images.epagine.fr\/455\/9789460582455_1_v.jpg"},"orderable":true,"show_badge":true,"formatted_price":"33,00&nbsp;\u20ac","formatted_published_date":"18 juin 2019","publisher_availability_label":"Sur commande","short_details":"Magali Elali \u2014 Luster","translator":null,"weight":701,"page_count":null,"readership":null,"editor":"Luster","price":3300,"published_date":"2019-06-17T22:00:00.000000Z","support":"Grand format","publisher_availability":1,"stock":0,"editions":[],"url":"https:\/\/quaidesbrumes.com\/ouvrage\/9789460582455\/wild-at-heart"},{"id":"9789460582578","title":"You've got mail","description":null,"authors":["Peter Schouten"],"category_codes":["6000000","6070000","6070200"],"visuals":{"large":"https:\/\/images.epagine.fr\/578\/9789460582578_1_75.jpg","medium":"https:\/\/images.epagine.fr\/578\/9789460582578_1_m.jpg","thumbnail":"https:\/\/images.epagine.fr\/578\/9789460582578_1_v.jpg"},"orderable":true,"show_badge":true,"formatted_price":"16,00&nbsp;\u20ac","formatted_published_date":"18 novembre 2019","publisher_availability_label":"Sur commande","short_details":"Peter Schouten \u2014 Luster","translator":null,"weight":401,"page_count":null,"readership":null,"editor":"Luster","price":1600,"published_date":"2019-11-17T23:00:00.000000Z","support":"Grand format","publisher_availability":1,"stock":0,"editions":[],"url":"https:\/\/quaidesbrumes.com\/ouvrage\/9789460582578\/youve-got-mail"},{"id":"9789460582424","title":"The 500 hidden secrets of istambul","description":null,"authors":["Feride Yalav"],"category_codes":["6000000","6070000","6070200"],"visuals":{"large":"https:\/\/images.epagine.fr\/424\/9789460582424_1_75.jpg","medium":"https:\/\/images.epagine.fr\/424\/9789460582424_1_m.jpg","thumbnail":"https:\/\/images.epagine.fr\/424\/9789460582424_1_v.jpg"},"orderable":true,"show_badge":true,"formatted_price":"18,00&nbsp;\u20ac","formatted_published_date":"16 avril 2019","publisher_availability_label":"Sur commande","short_details":"Feride Yalav \u2014 Luster","translator":null,"weight":401,"page_count":null,"readership":null,"editor":"Luster","price":1800,"published_date":"2019-04-15T22:00:00.000000Z","support":"Grand format","publisher_availability":1,"stock":0,"editions":[],"url":"https:\/\/quaidesbrumes.com\/ouvrage\/9789460582424\/the-500-hidden-secrets-of-istambul"},{"id":"9789460582417","title":"The 500 hidden secrets of venice","description":null,"authors":["Anna Sardi"],"category_codes":["6000000","6070000","6070200"],"visuals":{"large":"https:\/\/images.epagine.fr\/417\/9789460582417_1_75.jpg","medium":"https:\/\/images.epagine.fr\/417\/9789460582417_1_m.jpg","thumbnail":"https:\/\/images.epagine.fr\/417\/9789460582417_1_v.jpg"},"orderable":true,"show_badge":true,"formatted_price":"18,00&nbsp;\u20ac","formatted_published_date":"16 avril 2019","publisher_availability_label":"Sur commande","short_details":"Anna Sardi \u2014 Luster","translator":null,"weight":401,"page_count":null,"readership":null,"editor":"Luster","price":1800,"published_date":"2019-04-15T22:00:00.000000Z","support":"Grand format","publisher_availability":1,"stock":0,"editions":[],"url":"https:\/\/quaidesbrumes.com\/ouvrage\/9789460582417\/the-500-hidden-secrets-of-venice"},{"id":"9791090131309","title":"Les grandes voix de la musique beninoise","description":null,"authors":["Eklou","Yai"],"category_codes":["6000000","6070000","6070300","6070304"],"visuals":{"large":"https:\/\/images.epagine.fr\/309\/9791090131309_1_75.jpg","medium":"https:\/\/images.epagine.fr\/309\/9791090131309_1_m.jpg","thumbnail":"https:\/\/images.epagine.fr\/309\/9791090131309_1_v.jpg"},"orderable":true,"show_badge":true,"formatted_price":"23,00&nbsp;\u20ac","formatted_published_date":"15 d\u00e9cembre 2016","publisher_availability_label":"Sur commande","short_details":"Eklou, Yai \u2014 Les \u00c9ditions Ibidun","translator":null,"weight":250,"page_count":null,"readership":null,"editor":"Les \u00c9ditions Ibidun","price":2300,"published_date":"2016-12-14T23:00:00.000000Z","support":"Grand format","publisher_availability":1,"stock":0,"editions":[],"url":"https:\/\/quaidesbrumes.com\/ouvrage\/9791090131309\/les-grandes-voix-de-la-musique-beninoise"},{"id":"9791090131392","title":"Nicephore soglo en un siecle","description":null,"authors":["Choubade Arimi"],"category_codes":["6000000","6070000","6070300","6070304"],"visuals":{"large":"https:\/\/images.epagine.fr\/392\/9791090131392_1_75.jpg","medium":"https:\/\/images.epagine.fr\/392\/9791090131392_1_m.jpg","thumbnail":"https:\/\/images.epagine.fr\/392\/9791090131392_1_v.jpg"},"orderable":true,"show_badge":true,"formatted_price":"25,00&nbsp;\u20ac","formatted_published_date":"9 janvier 2024","publisher_availability_label":"Sur commande","short_details":"Choubade Arimi \u2014 Les \u00c9ditions Ibidun","translator":null,"weight":300,"page_count":null,"readership":null,"editor":"Les \u00c9ditions Ibidun","price":2500,"published_date":"2024-01-08T23:00:00.000000Z","support":"Grand format","publisher_availability":1,"stock":0,"editions":[],"url":"https:\/\/quaidesbrumes.com\/ouvrage\/9791090131392\/nicephore-soglo-en-un-siecle"},{"id":"9789998785120","title":"Home is elsewhere","description":null,"authors":["O'Sullivan"],"category_codes":["6000000","6070000","6070200"],"visuals":{"large":"https:\/\/images.epagine.fr\/120\/9789998785120_1_75.jpg","medium":"https:\/\/images.epagine.fr\/120\/9789998785120_1_m.jpg","thumbnail":"https:\/\/images.epagine.fr\/120\/9789998785120_1_v.jpg"},"orderable":true,"show_badge":true,"formatted_price":"29,90&nbsp;\u20ac","formatted_published_date":"1er juin 2022","publisher_availability_label":"Sur commande","short_details":"O'Sullivan \u2014 Whale And Bear","translator":null,"weight":525,"page_count":null,"readership":null,"editor":"Whale And Bear","price":2990,"published_date":"2022-05-31T22:00:00.000000Z","support":"Grand format","publisher_availability":1,"stock":0,"editions":[],"url":"https:\/\/quaidesbrumes.com\/ouvrage\/9789998785120\/home-is-elsewhere"},{"id":"9783829602563","title":"Bernd & Hilla Becher getreudesilos","description":"Toujours de mani\u00e8re topographique, les Becher s'int\u00e9ressent aux marques de l'industrie agro-alimentaire en se concentrant sur les silos \u00e0 grains. Souvent abandonn\u00e9es aujourd'hui, ces structures monolithiques qui \u00e9mergent dans le paysage sont trait\u00e9es par les deux photographes comme les monuments d'une \u00e8re r\u00e9volue.","authors":["Bernd Becher","Hilla Becher"],"category_codes":["6000000","6070000","6070200"],"visuals":{"large":"https:\/\/images.epagine.fr\/563\/9783829602563_1_75.jpg","medium":"https:\/\/images.epagine.fr\/563\/9783829602563_1_m.jpg","thumbnail":"https:\/\/images.epagine.fr\/563\/9783829602563_1_v.jpg"},"orderable":true,"show_badge":true,"formatted_price":"95,00&nbsp;\u20ac","formatted_published_date":"21 ao\u00fbt 2007","publisher_availability_label":"Sur commande","short_details":"Bernd Becher, Hilla Becher \u2014 Schirmer Mosel","translator":null,"weight":1501,"page_count":256,"readership":null,"editor":"Schirmer Mosel","price":9500,"published_date":"2007-08-20T22:00:00.000000Z","support":"Grand format","publisher_availability":1,"stock":0,"editions":[],"url":"https:\/\/quaidesbrumes.com\/ouvrage\/9783829602563\/bernd-hilla-becher-getreudesilos"},{"id":"9782343232607","title":"Le diable est dans les d\u00e9tails ; le cin\u00e9ma comme fabrique de la grammaire des esp\u00e8ces","description":"Dans ces deux essais, la notion de grammaire des esp\u00e8ces est mise \u00e0 l'\u00e9preuve dans l'usage qu'en fait le cin\u00e9ma. Le propre du cin\u00e9ma, comme art et technique, est de travailler en premier lieu sur la mise en visibilit\u00e9 des sujets humains en tant que corps. Ici surgit d'embl\u00e9e l'enjeu des ph\u00e9notypes, c'est-\u00e0-dire de la relation qui s'\u00e9tablit dans le champ du visuel et de l'observable entre un corps singulier, un groupe de corps humains, et une cat\u00e9gorie. La grammaire des esp\u00e8ces, au cin\u00e9ma, c'est le mode d'\u00e9pinglage, de classification et de hi\u00e9rarchisation des sujets-corps selon leurs propri\u00e9t\u00e9s ph\u00e9notypiques : la pr\u00e9sentation d'un corps sur le mode propre \u00e0 le faire appara\u00eetre comme ce qu'il est suppos\u00e9 \u00eatre. Cette op\u00e9ration a des cons\u00e9quences lourdes et irr\u00e9versibles. Les logiques de la grammaire des esp\u00e8ces et l'esprit de la d\u00e9mocratie moderne ne font pas bon m\u00e9nage. Comment le cin\u00e9ma se fraie-t-il un chemin entre les premi\u00e8res et le second ? Telle est l'interrogation au coeur de cet ouvrage.","authors":["Alain Brossat"],"category_codes":["6000000","6070000","6070300","6070306"],"visuals":{"large":"https:\/\/images.epagine.fr\/607\/9782343232607_1_75.jpg","medium":"https:\/\/images.epagine.fr\/607\/9782343232607_1_m.jpg","thumbnail":"https:\/\/images.epagine.fr\/607\/9782343232607_1_v.jpg"},"orderable":true,"show_badge":true,"formatted_price":"21,50&nbsp;\u20ac","formatted_published_date":"13 juillet 2021","publisher_availability_label":"Sur commande","short_details":"Alain Brossat \u2014 \u00c9ditions L'Harmattan","translator":null,"weight":225,"page_count":158,"readership":null,"editor":"\u00c9ditions L'Harmattan","price":2150,"published_date":"2021-07-12T22:00:00.000000Z","support":"Grand format","publisher_availability":1,"stock":0,"editions":[],"url":"https:\/\/quaidesbrumes.com\/ouvrage\/9782343232607\/le-diable-est-dans-les-details-le-cinema-comme-fabrique-de-la-grammaire-des-especes"},{"id":"9791092727470","title":"The eyes 12 b-side (english version) \/anglais","description":null,"authors":[],"category_codes":["6000000","6070000","6070200"],"visuals":{"large":"https:\/\/images.epagine.fr\/470\/9791092727470_1_75.jpg","medium":"https:\/\/images.epagine.fr\/470\/9791092727470_1_m.jpg","thumbnail":"https:\/\/images.epagine.fr\/470\/9791092727470_1_v.jpg"},"orderable":true,"show_badge":true,"formatted_price":"25,00&nbsp;\u20ac","formatted_published_date":"18 octobre 2021","publisher_availability_label":"Sur commande","short_details":"THE EYES PUBLISHING","translator":null,"weight":740,"page_count":null,"readership":null,"editor":"THE EYES PUBLISHING","price":2500,"published_date":"2021-10-17T22:00:00.000000Z","support":"Grand format","publisher_availability":1,"stock":0,"editions":[],"url":"https:\/\/quaidesbrumes.com\/ouvrage\/9791092727470\/the-eyes-12-b-side-english-version-anglais"},{"id":"9782847200959","title":"Insolite nordland","description":"insolite nordland est une invitation \u00e0 p\u00e9n\u00e9trer au plus profond de cette r\u00e9gion du nord de la norv\u00e8ge.\r\n le photographe rune johansen s'attarde sur les lieux de ses origines, les paysages contrast\u00e9s, les voisins ou membres de sa propre famille, les int\u00e9rieurs si personnels, souvent originaux, parfois farfelus, et en m\u00eame temps d'un naturel ordinaire pour chacun. \r\n\"je m'efforce toujours de prendre soin de la r\u00e9alit\u00e9, du moins telle que je la con\u00e7ois. aucune de mes photos n'est mise en sc\u00e8ne. j'immortalise la part de simplicit\u00e9 et de proximit\u00e9 qu'on trouve chez les gens ordinaires, sans changer ni leur int\u00e9rieur ni leur identit\u00e9.\r\n \"\r\n\r\n","authors":["Rune Johansen"],"category_codes":["6000000","6070000","6070200"],"visuals":{"large":"https:\/\/images.epagine.fr\/959\/9782847200959_1_75.jpg","medium":"https:\/\/images.epagine.fr\/959\/9782847200959_1_m.jpg","thumbnail":"https:\/\/images.epagine.fr\/959\/9782847200959_1_v.jpg"},"orderable":true,"show_badge":true,"formatted_price":"25,40&nbsp;\u20ac","formatted_published_date":"31 mai 2007","publisher_availability_label":"Sur commande","short_details":"Rune Johansen \u2014 Ga\u00efa","translator":null,"weight":400,"page_count":128,"readership":null,"editor":"Ga\u00efa","price":2540,"published_date":"2007-05-30T22:00:00.000000Z","support":"Grand format","publisher_availability":1,"stock":0,"editions":[],"url":"https:\/\/quaidesbrumes.com\/ouvrage\/9782847200959\/insolite-nordland"},{"id":"9782915640458","title":"Jeanne Moreau, une \u00e9toile !","description":"Jeanne Moreau est n\u00e9e \u00e0 Paris le 23 janvier 1928. Sa m\u00e8re d'origine anglaise \u00e9tait danseuse, et son p\u00e8re h\u00f4telier. Elle passe une partie de son enfance \u00e0 Vichy avant de regagner Paris pour y achever ses \u00e9tudes secondaires tout en commen\u00e7ant (\u00e0 l'insu de son p\u00e8re) de suivre les cours de th\u00e9\u00e2tre de Denis d'In\u00e8s. C'est en 1948 qu'elle entre \u00e0 la Com\u00e9die Fran\u00e7aise, mais ses r\u00e9els d\u00e9buts se font en 1950 dans la pi\u00e8ce d'Andr\u00e9 Gide Les caves du Vatican, dont la mise en sc\u00e8ne est sign\u00e9e Jean Meyer. Par la suite, d\u00e9missionnant de la Com\u00e9die Fran\u00e7aise, elle rejoint le TNP de jean Vilar, se produit au Festival d'Avignon... C'st ainsi que commence l'immense carri\u00e8re de Mademoiselle Jeanne Moreau. Ce livre n'a d'autre objet que de mieux vous faire conna\u00eetre cette femme d'exception. Il va vous faire p\u00e9n\u00e9trer dans l'univers d'une \" toile \", d'une personnalit\u00e9 rare, d'une femme authentique et assur\u00e9ment d'une de nos plus grandes com\u00e9diennes.","authors":["Alain Guillo"],"category_codes":["6000000","6070000","6070300"],"visuals":{"large":"https:\/\/images.epagine.fr\/458\/9782915640458_1_75.jpg","medium":"https:\/\/images.epagine.fr\/458\/9782915640458_1_m.jpg","thumbnail":"https:\/\/images.epagine.fr\/458\/9782915640458_1_v.jpg"},"orderable":true,"show_badge":true,"formatted_price":"10,50&nbsp;\u20ac","formatted_published_date":"1er mars 2024","publisher_availability_label":"Sur commande","short_details":"Alain Guillo \u2014 Les Points Sur Les I","translator":null,"weight":145,"page_count":102,"readership":null,"editor":"Les Points Sur Les I","price":1050,"published_date":"2024-02-29T23:00:00.000000Z","support":"Grand format","publisher_availability":1,"stock":0,"editions":[],"url":"https:\/\/quaidesbrumes.com\/ouvrage\/9782915640458\/jeanne-moreau-une-etoile"},{"id":"9789464941739","title":"Stacii Samidin : Societies","description":"In his powerful debut, photographer Stacii Samidin (b. 1987, Rotterdam) captures the raw honesty and radical spirit that defines his ongoing project, Societies. Through unflinching images, Samidin delves into the lives of minorities, the oppressed, and those living unconventional lifestyles across the globe. His work challenges our perceptions, urging us to see, hear, and accept one another without judgment. This collection not only documents minorities but also amplifies their voices, sparking a shift in both individual and collective consciousness.","authors":["Metz Tracy"],"category_codes":["6000000","6070000","6070200","6070205"],"visuals":{"large":"https:\/\/images.epagine.fr\/739\/9789464941739_1_75.jpg","medium":"https:\/\/images.epagine.fr\/739\/9789464941739_1_m.jpg","thumbnail":"https:\/\/images.epagine.fr\/739\/9789464941739_1_v.jpg"},"orderable":true,"show_badge":true,"formatted_price":"45,00&nbsp;\u20ac","formatted_published_date":"13 mai 2025","publisher_availability_label":"Sur commande","short_details":"Metz Tracy \u2014 Hannibal","translator":null,"weight":901,"page_count":216,"readership":null,"editor":"Hannibal","price":4500,"published_date":"2025-05-12T22:00:00.000000Z","support":"Grand format","publisher_availability":1,"stock":0,"editions":[],"url":"https:\/\/quaidesbrumes.com\/ouvrage\/9789464941739\/stacii-samidin-societies"},{"id":"9782960047387","title":"La r\u00e9alit\u00e9 augment\u00e9e ou l'\u00e8re Wikileaks","description":"WikiLeaks, stop ou encore ? Si l'on en juge par les \u00ab unes \u00bb de la presse mondiale ces derniers mois, qui se nourrissent abondamment des fuites WikiLeaks, la r\u00e9ponse est un encore enthousiaste. Pour les services diplomatiques, en revanche, WikiLeaks doit cesser ses activit\u00e9s criminelles.\r\nToutefois, la question est rh\u00e9torique car tout le monde \u00ab sent \u00bb ce qui s'imposera comme un \u00e9vidence : WikiLeaks n'est que le sympt\u00f4me d'une nouvelle r\u00e9volution de l'information, sa d\u00e9mocratisation. Le d\u00e9tenteur d'une information peut d\u00e9sormais, en une fraction de seconde, la partager avec l'ensemble du genre humain. Chaque jour de nouveaux secrets d'\u00c9tats, de multinationales, de puissantes ONG se joignent au d\u00e9luge de terabytes qui fait l'oc\u00e9an mondialis\u00e9 de l'information, cette soupe dynamique de 0 et de 1 dans laquelle mijotent jusqu'aux d\u00e9tails les plus intimes de nos vies priv\u00e9es.\r\nLa r\u00e9volution dont WikiLeaks est le sympt\u00f4me, est la mutation de chaque individu en un media de masse et l'\u00e9largissement de la r\u00e9alit\u00e9 individuelle - ce que Martin Heidegger appelait la Vorhandenheit - \u00e0 la dimension d'un media-monde. Il faut comprendre cette r\u00e9volution pour embrasser ses opportunit\u00e9s, et se garder de ses p\u00e9rils.","authors":["Drieu Godefridi"],"category_codes":["6000000","6070000","6070300"],"visuals":{"large":"https:\/\/images.epagine.fr\/387\/9782960047387_1_75.jpg","medium":"https:\/\/images.epagine.fr\/387\/9782960047387_1_m.jpg","thumbnail":"https:\/\/images.epagine.fr\/387\/9782960047387_1_v.jpg"},"orderable":true,"show_badge":true,"formatted_price":"16,00&nbsp;\u20ac","formatted_published_date":"1er f\u00e9vrier 2011","publisher_availability_label":"Sur commande","short_details":"Drieu Godefridi \u2014 Texquis","translator":null,"weight":183,"page_count":128,"readership":null,"editor":"Texquis","price":1600,"published_date":"2011-01-31T23:00:00.000000Z","support":"Grand format","publisher_availability":1,"stock":0,"editions":[],"url":"https:\/\/quaidesbrumes.com\/ouvrage\/9782960047387\/la-realite-augmentee-ou-lere-wikileaks"},{"id":"9782959334528","title":"Dis papa","description":null,"authors":["Lavisse","Orsucci"],"category_codes":["6000000","6070000","6070300","6070304"],"visuals":{"large":"https:\/\/quaidesbrumes.com\/img\/book-placeholder.png","medium":"https:\/\/quaidesbrumes.com\/img\/book-placeholder.png","thumbnail":"https:\/\/quaidesbrumes.com\/img\/book-placeholder.png"},"orderable":true,"show_badge":true,"formatted_price":"16,88&nbsp;\u20ac","formatted_published_date":"6 juin 2025","publisher_availability_label":"Sur commande","short_details":"Lavisse, Orsucci \u2014 Comme Une Evidence","translator":null,"weight":200,"page_count":null,"readership":null,"editor":"Comme Une Evidence","price":1688,"published_date":"2025-06-05T22:00:00.000000Z","support":"Grand format","publisher_availability":1,"stock":0,"editions":[],"url":"https:\/\/quaidesbrumes.com\/ouvrage\/9782959334528\/dis-papa"},{"id":"9782915640892","title":"G\u00e9rard Philippe ; le murmure d'un ange","description":null,"authors":["Christel Givelet"],"category_codes":["6000000","6070000","6070300"],"visuals":{"large":"https:\/\/images.epagine.fr\/892\/9782915640892_1_75.jpg","medium":"https:\/\/images.epagine.fr\/892\/9782915640892_1_m.jpg","thumbnail":"https:\/\/images.epagine.fr\/892\/9782915640892_1_v.jpg"},"orderable":true,"show_badge":true,"formatted_price":"14,90&nbsp;\u20ac","formatted_published_date":"1er mars 2024","publisher_availability_label":"Sur commande","short_details":"Christel Givelet \u2014 Les Points Sur Les I","translator":null,"weight":400,"page_count":null,"readership":null,"editor":"Les Points Sur Les I","price":1490,"published_date":"2024-02-29T23:00:00.000000Z","support":"Grand format","publisher_availability":1,"stock":0,"editions":[],"url":"https:\/\/quaidesbrumes.com\/ouvrage\/9782915640892\/gerard-philippe-le-murmure-dun-ange"},{"id":"9782915640755","title":"V\u00eatements de Hiroshima","description":"... Je ressentais le besoin de photographier ces signes intimes du corps des victimes de Hiroshima, je voulais transmettre la souffrance dont ces tissus sont les t\u00e9moins.\r\nLes v\u00eatements des victimes de l'explosion me sont apparus \u00e0 la mani\u00e8re de fossiles que l'on d\u00e9couvre enfouis, qui renferment les sensations de ce qui a \u00e9t\u00e9 v\u00e9cu dans la chair, la douleur, l'impuissance, la honte.\r\n\r\nEn photographiant ces v\u00eatements du malheur, j'ai voulu cr\u00e9er un relais de m\u00e9moire sensible et actuel, comme les voix des survivants qui racontent encore et toujours ce souvenir br\u00fblant du feu nucl\u00e9aire... cet instant programm\u00e9 de l'enfer venu du ciel.","authors":["Michel Aguilera"],"category_codes":["6000000","6070000","6070200"],"visuals":{"large":"https:\/\/images.epagine.fr\/755\/9782915640755_1_75.jpg","medium":"https:\/\/images.epagine.fr\/755\/9782915640755_1_m.jpg","thumbnail":"https:\/\/images.epagine.fr\/755\/9782915640755_1_v.jpg"},"orderable":true,"show_badge":true,"formatted_price":"25,00&nbsp;\u20ac","formatted_published_date":"1er mars 2024","publisher_availability_label":"Sur commande","short_details":"Michel Aguilera \u2014 Les Points Sur Les I","translator":null,"weight":400,"page_count":null,"readership":null,"editor":"Les Points Sur Les I","price":2500,"published_date":"2024-02-29T23:00:00.000000Z","support":"Grand format","publisher_availability":1,"stock":0,"editions":[],"url":"https:\/\/quaidesbrumes.com\/ouvrage\/9782915640755\/vetements-de-hiroshima"},{"id":"9782350303499","title":"Breaking bad","description":"S\u00e9rie pr\u00e9f\u00e9r\u00e9e des Fran\u00e7ais, Breaking Bad raconte les aventures d'un professeur de chimie qui, atteint d'un cancer du poumon se lance dans la fabrication de m\u00e9taamph\u00e9tamines pour assurer l'avenir de sa famille. La s\u00e9rie est d'ailleurs intitul\u00e9e au Qu\u00e9bec Le chimiste.\r\nD\u00e9cortiquez comment les cr\u00e9ateurs ont r\u00e9ussi la s\u00e9rie la plus prim\u00e9e de l'histoire du genre. Scrutez les rouages infernaux de la d\u00e9votion familiale qui entra\u00eenent les personnages dans des situations inextricables. D\u00e9couvrez les ficelles qui font r\u00e9fl\u00e9chir le spectacteur aux cons\u00e9quences de leurs propres actes. Palpez l'atmosph\u00e8re des lieux de tournage. Percez les r\u00e9f\u00e9rences po\u00e9tiques et constituez votre propre trousseau de clefs de lecture.","authors":["Fran\u00e7ois Jost"],"category_codes":["6000000","6070000","6070300","6070309"],"visuals":{"large":"https:\/\/images.epagine.fr\/499\/9782350303499_1_75.jpg","medium":"https:\/\/images.epagine.fr\/499\/9782350303499_1_m.jpg","thumbnail":"https:\/\/images.epagine.fr\/499\/9782350303499_1_v.jpg"},"orderable":true,"show_badge":true,"formatted_price":"15,00&nbsp;\u20ac","formatted_published_date":"21 avril 2016","publisher_availability_label":"Sur commande","short_details":"Fran\u00e7ois Jost \u2014 Atlande","translator":null,"weight":274,"page_count":1,"readership":null,"editor":"Atlande","price":1500,"published_date":"2016-04-20T22:00:00.000000Z","support":"Grand format","publisher_availability":1,"stock":0,"editions":[],"url":"https:\/\/quaidesbrumes.com\/ouvrage\/9782350303499\/breaking-bad"}]}