{"data":[{"id":"9782753520684","title":"L'op\u00e9ra en TDA ; sous le signe de B\u00fcchner","description":"Ce livre fait l'histoire des op\u00e9ras de la RDA, v\u00e9ritable avant-garde musicale dont ceux d'apr\u00e8s la vie et l'oeuvre de Georg B\u00fcchner sont embl\u00e9matiques. Il est \u00e9tay\u00e9 par de nombreux documents d'archives et de t\u00e9moignages  et il propose une lecture des oeuvres \u00e0 l'aune du concept d'utopie. En entreprenant une r\u00e9\u00e9criture de B\u00fcchner, les compositeurs Kurt Schwaen, Paul Dessau, Thomas Hertel et Friedrich Schenker prenaient eux-m\u00eames position \u00e0 l'\u00e9gard de la question tant formelle qu'id\u00e9ologique de la perfection et de l'id\u00e9al de beaut\u00e9 que l'op\u00e9ra se devait, ou non, de repr\u00e9senter.\r","authors":["Laetitia Devos","Bernard Banoun"],"category_codes":["6000000","6070000","6070300"],"visuals":{"large":"https:\/\/images.epagine.fr\/684\/9782753520684_1_75.jpg","medium":"https:\/\/images.epagine.fr\/684\/9782753520684_1_m.jpg","thumbnail":"https:\/\/images.epagine.fr\/684\/9782753520684_1_v.jpg"},"orderable":true,"show_badge":true,"formatted_price":"19,00&nbsp;\u20ac","formatted_published_date":"16 novembre 2012","publisher_availability_label":"Sur commande","short_details":"Laetitia Devos, Bernard Banoun \u2014 Presse Universitaire de Rennes","translator":null,"weight":592,"page_count":358,"readership":null,"editor":"Presse Universitaire de Rennes","price":1900,"published_date":"2012-11-15T23:00:00.000000Z","support":"Grand format","publisher_availability":1,"stock":0,"editions":[],"url":"https:\/\/quaidesbrumes.com\/ouvrage\/9782753520684\/lopera-en-tda-sous-le-signe-de-buchner"},{"id":"9791090371132","title":"Corps lato sensu","description":"Ne pas avoir un corps, comme un objet que l'on tiendrait \u00e0 sa disposition et que l'on pourrait \u00e0 loisir domestiquer, mais \u00eatre un corps.\r\nEt peut-\u00eatre n'\u00eatre que cela.\r\nEt vivre avec, s'en d\u00e9brouiller, tra\u00eener avec soi blessures et fatigues, exp\u00e9rimenter plaisirs et d\u00e9senchantements.\r\nJouer, aussi, avec d'improbables gestuelles.\r\nS'aventurer au bord de la jouissance.\r\nAinsi va le travail de Catherine Rebois autour du corps :\r\nSans cesse r\u00e9activ\u00e9, sans cesse mis \u00e0 la question,obsessionnel et cependant distanc\u00e9.\r\nLe corps comme unique objet et fondement de la pens\u00e9e. [.] Extrait du texte de Dominique Baqu\u00e9\r","authors":["Emmanuel Faure-Carricaburu","Catherine Rebois","Dominique Baqu\u00e9"],"category_codes":["6000000","6070000","6070200"],"visuals":{"large":"https:\/\/images.epagine.fr\/132\/9791090371132_1_75.jpg","medium":"https:\/\/images.epagine.fr\/132\/9791090371132_1_m.jpg","thumbnail":"https:\/\/images.epagine.fr\/132\/9791090371132_1_v.jpg"},"orderable":true,"show_badge":true,"formatted_price":"42,00&nbsp;\u20ac","formatted_published_date":"1er septembre 2012","publisher_availability_label":"Sur commande","short_details":"Emmanuel Faure-Carricaburu, Catherine Rebois, Dominique Baqu\u00e9 \u2014 Trans Photographic Press","translator":null,"weight":1010,"page_count":160,"readership":null,"editor":"Trans Photographic Press","price":4200,"published_date":"2012-08-31T22:00:00.000000Z","support":"Grand format","publisher_availability":1,"stock":0,"editions":[],"url":"https:\/\/quaidesbrumes.com\/ouvrage\/9791090371132\/corps-lato-sensu"},{"id":"9791090371125","title":"Du loukoum au b\u00e9ton","description":"Un projet photographique envisag\u00e9 comme un voyage documentaire aux couleurs acidul\u00e9es, une approche \u00e0 la recherche de paroles et visions de l'int\u00e9rieur d'un vaste pays mal connu et tr\u00e8s fantasm\u00e9 de ce c\u00f4t\u00e9-ci de l'Europe.\r\nFranc\u00e8s Dal Chele voulait savoir, elle y est all\u00e9e voir.\r\nKayseri, Konya, Istanbul, Trabzon, Diyarbakir.\r\nDepuis 2007 cinq s\u00e9jours en Turquie.\r\n\r\nTransformations urbaines, stigmates les plus \u00e9vidents de la modernit\u00e9 en marche, rencontres avec les jeunes de Turquie, valeurs traditionnelles et aspirations \u00e0 plus de libert\u00e9s, de l\u00e9g\u00e8ret\u00e9.\r\n\r\n\u00ab Une ville est l\u00e0, se donne \u00e0 vous si vous vous donnez la peine de l'arpenter.\r\nNul besoin comme dans le portrait d'acqu\u00e9rir sa confiance et son autorisation. \u00bb F. Dal Chele\r","authors":["Franc\u00e8s Dal chele","Ahmet Altan"],"category_codes":["6000000","6070000","6070200"],"visuals":{"large":"https:\/\/images.epagine.fr\/125\/9791090371125_1_75.jpg","medium":"https:\/\/images.epagine.fr\/125\/9791090371125_1_m.jpg","thumbnail":"https:\/\/images.epagine.fr\/125\/9791090371125_1_v.jpg"},"orderable":true,"show_badge":true,"formatted_price":"35,00&nbsp;\u20ac","formatted_published_date":"6 novembre 2012","publisher_availability_label":"Sur commande","short_details":"Franc\u00e8s Dal chele, Ahmet Altan \u2014 Trans Photographic Press","translator":null,"weight":792,"page_count":130,"readership":null,"editor":"Trans Photographic Press","price":3500,"published_date":"2012-11-05T23:00:00.000000Z","support":"Grand format","publisher_availability":1,"stock":0,"editions":[],"url":"https:\/\/quaidesbrumes.com\/ouvrage\/9791090371125\/du-loukoum-au-beton"},{"id":"9782840497301","title":"Pierre Chevalier ; entretiens","description":"Un recueil d'entretiens poignants avec un homme de l'ombre devenu une figure incontournable du paysage audiovisuel fran\u00e7ais.\r\nL'histoire de Pierre Chevalier n'a pas d'\u00e9quivalent dans le cin\u00e9ma contemporain. \u00c9lev\u00e9 dans la proximit\u00e9 de Pierre Boulez, son oncle, et proche de Fanny et Gilles Deleuze dont il partage le quotidien pendant onze ans, c'est presque par hasard qu'il devient l'une des personnalit\u00e9s les plus marquantes de la t\u00e9l\u00e9vision et du cin\u00e9ma fran\u00e7ais des ann\u00e9es 1990.\r\n\r\nEn dirigeant pendant douze ans l'unit\u00e9 Fiction d'Arte France, c'est pr\u00e8s de 350 t\u00e9l\u00e9films que Pierre Chevalier fait exister, collaborant avec 260 cin\u00e9astes. Sa r\u00e9ussite est telle que de nombreux films initialement pr\u00e9vus pour la t\u00e9l\u00e9vision sortiront au cin\u00e9ma, tels Marius et Jeannette, Le P\u00e9ril jeune, Les Roseaux sauvages ou L'Amant de Lady Chatterley.\r\n\r\nComment Pierre Chevalier a-t-il d\u00e9couvert toute une g\u00e9n\u00e9ration de cin\u00e9astes ? Quels combats a-t-il d\u00fb mener ? Quelle \u00e9tait sa m\u00e9thode pour lancer un nouveau film tous les treize jours pendant plus de dix ans ? Ce livre d'entretiens dresse le portrait d'un homme de l'ombre aussi complexe qu'attachant, dont l'essentiel de la vie aura \u00e9t\u00e9 consacr\u00e9 aux artistes et \u00e0 la cr\u00e9ation.\r\n\r\n\r\n\r\nPhilippe Martin est producteur de cin\u00e9ma et fondateur des Films Pell\u00e9as. En 2013, il a publi\u00e9 Mag Bodard, portrait d'une productrice aux \u00e9ditions La Tour verte.","authors":["Philippe Martin"],"category_codes":["6000000","6070000","6070300"],"visuals":{"large":"https:\/\/images.epagine.fr\/301\/9782840497301_1_75.jpg","medium":"https:\/\/images.epagine.fr\/301\/9782840497301_1_m.jpg","thumbnail":"https:\/\/images.epagine.fr\/301\/9782840497301_1_v.jpg"},"orderable":true,"show_badge":true,"formatted_price":"20,00&nbsp;\u20ac","formatted_published_date":"11 f\u00e9vrier 2017","publisher_availability_label":"Sur commande","short_details":"Philippe Martin \u2014 \u00c9ditions S\u00e9guier","translator":null,"weight":240,"page_count":176,"readership":null,"editor":"\u00c9ditions S\u00e9guier","price":2000,"published_date":"2017-02-10T23:00:00.000000Z","support":"Grand format","publisher_availability":1,"stock":0,"editions":[],"url":"https:\/\/quaidesbrumes.com\/ouvrage\/9782840497301\/pierre-chevalier-entretiens"},{"id":"9783037346914","title":"The past's threshold - essays on photography","description":null,"authors":["Siegfried Kracauer"],"category_codes":["6000000","6070000","6070200"],"visuals":{"large":"https:\/\/images.epagine.fr\/914\/9783037346914_1_75.jpg","medium":"https:\/\/images.epagine.fr\/914\/9783037346914_1_m.jpg","thumbnail":"https:\/\/images.epagine.fr\/914\/9783037346914_1_v.jpg"},"orderable":true,"show_badge":true,"formatted_price":"18,00&nbsp;\u20ac","formatted_published_date":"1er octobre 2014","publisher_availability_label":"Sur commande","short_details":"Siegfried Kracauer \u2014 Diaphanes","translator":null,"weight":200,"page_count":null,"readership":null,"editor":"Diaphanes","price":1800,"published_date":"2014-09-30T22:00:00.000000Z","support":"Grand format","publisher_availability":1,"stock":0,"editions":[],"url":"https:\/\/quaidesbrumes.com\/ouvrage\/9783037346914\/the-pasts-threshold-essays-on-photography"},{"id":"9788417975210","title":"Joan fontcuberta \/ pilar rosado prosopagnosia","description":null,"authors":["Joan Fontcuberta"],"category_codes":["6000000","6070000","6070200"],"visuals":{"large":"https:\/\/images.epagine.fr\/210\/9788417975210_1_75.jpg","medium":"https:\/\/images.epagine.fr\/210\/9788417975210_1_m.jpg","thumbnail":"https:\/\/images.epagine.fr\/210\/9788417975210_1_v.jpg"},"orderable":true,"show_badge":true,"formatted_price":"29,00&nbsp;\u20ac","formatted_published_date":"18 d\u00e9cembre 2019","publisher_availability_label":"Sur commande","short_details":"Joan Fontcuberta \u2014 Rm Editorial","translator":null,"weight":601,"page_count":94,"readership":null,"editor":"Rm Editorial","price":2900,"published_date":"2019-12-17T23:00:00.000000Z","support":"Grand format","publisher_availability":1,"stock":0,"editions":[],"url":"https:\/\/quaidesbrumes.com\/ouvrage\/9788417975210\/joan-fontcuberta-pilar-rosado-prosopagnosia"},{"id":"9788396596925","title":"The world is where you stop","description":"Partez pour un voyage autour du monde \u00e0 la recherche de la nature humaine. The World Is Where You Stop est un regard critique sur notre r\u00e9alit\u00e9, o\u00f9 le bien et le mal, l'euphorie et la souffrance, la richesse et la pauvret\u00e9, la vertu et la licence, coexistent. Pendant plus de 40 ans de carri\u00e8re, Tomasz Tomaszewski, l'un des photographes les plus remarquables de Pologne, a enregistr\u00e9 des situations qu'il est difficile de laisser passer indiff\u00e9remment. Des juxtapositions de photos choquantes, comme des plans de documentaires de mondo films, vous font r\u00e9fl\u00e9chir sur la condition de l'homme contemporain et sur le monde dans lequel il vit et qu'il cr\u00e9e. Parfois, les cadres expriment l'admiration de l'artiste pour la beaut\u00e9 et la puissance de la nature, parfois on peut y voir sa peur envahissante ou des r\u00e9flexions sur notre humanit\u00e9. 150 images en noir et blanc n'expliquent pas comment il se fait que nous nous soyons retrouv\u00e9s dans un tel endroit. Elles posent plut\u00f4t des questions sur la direction que prend notre monde et sur ce que nous pouvons attendre au bout du chemin. Construit comme une histoire coh\u00e9rente \u00e0 plusieurs fils, ce livre est une pr\u00e9sentation transversale du travail de Tomasz Tomaszewski et comprend de nombreuses images qui n'ont jamais \u00e9t\u00e9 publi\u00e9es auparavant.","authors":["Tomasz Tomaszewski"],"category_codes":["6000000","6070000","6070200","6070205"],"visuals":{"large":"https:\/\/images.epagine.fr\/925\/9788396596925_1_75.jpg","medium":"https:\/\/images.epagine.fr\/925\/9788396596925_1_m.jpg","thumbnail":"https:\/\/images.epagine.fr\/925\/9788396596925_1_v.jpg"},"orderable":true,"show_badge":true,"formatted_price":"95,00&nbsp;\u20ac","formatted_published_date":"10 juillet 2023","publisher_availability_label":"Sur commande","short_details":"Tomasz Tomaszewski \u2014 Blowup","translator":null,"weight":1701,"page_count":320,"readership":null,"editor":"Blowup","price":9500,"published_date":"2023-07-09T22:00:00.000000Z","support":"Grand format","publisher_availability":1,"stock":0,"editions":[],"url":"https:\/\/quaidesbrumes.com\/ouvrage\/9788396596925\/the-world-is-where-you-stop"},{"id":"9788395284083","title":"Object amnesic: a compost manifesto","description":null,"authors":["Henrik Stromberg"],"category_codes":["6000000","6070000","6070200"],"visuals":{"large":"https:\/\/images.epagine.fr\/083\/9788395284083_1_75.jpg","medium":"https:\/\/images.epagine.fr\/083\/9788395284083_1_m.jpg","thumbnail":"https:\/\/images.epagine.fr\/083\/9788395284083_1_v.jpg"},"orderable":true,"show_badge":true,"formatted_price":"65,00&nbsp;\u20ac","formatted_published_date":"3 novembre 2021","publisher_availability_label":"Sur commande","short_details":"Henrik Stromberg \u2014 Blowup","translator":null,"weight":1301,"page_count":null,"readership":null,"editor":"Blowup","price":6500,"published_date":"2021-11-02T23:00:00.000000Z","support":"Grand format","publisher_availability":1,"stock":0,"editions":[],"url":"https:\/\/quaidesbrumes.com\/ouvrage\/9788395284083\/object-amnesic-a-compost-manifesto"},{"id":"9788395284076","title":"Erna helena ania","description":null,"authors":["Tomasz Laczny"],"category_codes":["6000000","6070000","6070200"],"visuals":{"large":"https:\/\/images.epagine.fr\/076\/9788395284076_1_75.jpg","medium":"https:\/\/images.epagine.fr\/076\/9788395284076_1_m.jpg","thumbnail":"https:\/\/images.epagine.fr\/076\/9788395284076_1_v.jpg"},"orderable":true,"show_badge":true,"formatted_price":"55,00&nbsp;\u20ac","formatted_published_date":"3 mai 2021","publisher_availability_label":"Sur commande","short_details":"Tomasz Laczny \u2014 Blowup","translator":null,"weight":1101,"page_count":null,"readership":null,"editor":"Blowup","price":5500,"published_date":"2021-05-02T22:00:00.000000Z","support":"Grand format","publisher_availability":1,"stock":0,"editions":[],"url":"https:\/\/quaidesbrumes.com\/ouvrage\/9788395284076\/erna-helena-ania"},{"id":"9782919436057","title":"Seeuropeans","description":"Seeuropeans est une s\u00e9rie de portraits d'europ\u00e9ens \u00e0 la plage.  \r\n\u00c0 priori, toutes les plages se ressemblent, de m\u00eame que se ressemblent tous ceux qui les fr\u00e9quentent. Pourtant, les portraits issus de l'investigation des deux photographes soulignent les nombreuses diff\u00e9rences qui peuvent exister entre les gens, sur les plages europ\u00e9ennes, du nord au sud. Ce qui se d\u00e9gage surtout de ces images, c'est combien, sur la plage, peuvent s'exprimer de mani\u00e8re surprenante les particularit\u00e9s de la soci\u00e9t\u00e9 \u00e0 laquelle on appartient. Or, dans le contexte actuel, il leur a paru primordial de mettre en valeur la multiplicit\u00e9, l'individualit\u00e9 et les singularit\u00e9s de chacun, selon le pays dans lequel il \u00e9volue.\r\nCes deux photographes sont repr\u00e9sent\u00e9s par l'Agence Vu'.\r","authors":["Alessandro Albert","Christian Caujolle","Paolo Verzone"],"category_codes":["6000000","6070000","6070200"],"visuals":{"large":"https:\/\/images.epagine.fr\/057\/9782919436057_1_75.jpg","medium":"https:\/\/images.epagine.fr\/057\/9782919436057_1_m.jpg","thumbnail":"https:\/\/images.epagine.fr\/057\/9782919436057_1_v.jpg"},"orderable":true,"show_badge":true,"formatted_price":"25,00&nbsp;\u20ac","formatted_published_date":"14 avril 2012","publisher_availability_label":"Sur commande","short_details":"Alessandro Albert, Christian Caujolle, Paolo Verzone \u2014 IMAGES PLURIELLES","translator":null,"weight":726,"page_count":120,"readership":null,"editor":"IMAGES PLURIELLES","price":2500,"published_date":"2012-04-13T22:00:00.000000Z","support":"Beaux-livres","publisher_availability":1,"stock":0,"editions":[],"url":"https:\/\/quaidesbrumes.com\/ouvrage\/9782919436057\/seeuropeans"},{"id":"9788836628742","title":"Herbert List","description":"L'oeuvre d'Herbert List (1903-1975) est \u00e0 la fois insaisissable et diffi cile \u00e0 classer. Le photographe allemand a abord\u00e9 presque tous les genres que peut offrir la photographie - l'architecture, la nature morte, la photographie de rue, le portrait, la documentation et la photo de catalogue -, mais en brouillant les fronti\u00e8res entre ces diff\u00e9rents domaines : ainsi, ses photos d'architecture ressemblent \u00e0 des natures mortes ou \u00e0 des compositions surr\u00e9alistes et sa documentation de sculptures grecques ou d'objets africains n'est pas sans \u00e9voquer l'art du portrait.\r\nEt lorsque List capture la beaut\u00e9 classique du corps masculin, l'observateur ne sait plus vraiment s'il regarde des arrangements compos\u00e9s avec minutie ou une photo intime, prise spontan\u00e9ment.\r\nAvec ce livre, nous invitons le lecteur \u00e0 d\u00e9couvrir le travail multiforme d'Herbert List, o\u00f9 de nombreux chefsd'oeuvre c\u00f4toient des travaux moins connus. Le r\u00e9sultat est un voyage visuel qui nous fait d\u00e9couvrir des photos de nuit \u00e9nigmatiques et des compositions surr\u00e9alistes et sombres, avant de nous entra\u00eener sous la lumi\u00e8re du soleil de la M\u00e9diterran\u00e9e caressant des corps de jeunes hommes et les ruines de la Gr\u00e8ce antique. List nous offre ensuite une galerie d'artistes du XXe si\u00e8cle, avant de nous faire partager sa d\u00e9claration d'amour pour l'Italie et sa c\u00e9l\u00e9bration de la beaut\u00e9 \u00e9ternelle de la vie.\r","authors":["Collectif"],"category_codes":["6000000","6070000","6070200"],"visuals":{"large":"https:\/\/images.epagine.fr\/742\/9788836628742_1_75.jpg","medium":"https:\/\/images.epagine.fr\/742\/9788836628742_1_m.jpg","thumbnail":"https:\/\/images.epagine.fr\/742\/9788836628742_1_v.jpg"},"orderable":true,"show_badge":true,"formatted_price":"28,00&nbsp;\u20ac","formatted_published_date":"1er juillet 2014","publisher_availability_label":"Sur commande","short_details":"Collectif \u2014 Silvana Editoriale","translator":null,"weight":960,"page_count":160,"readership":null,"editor":"Silvana Editoriale","price":2800,"published_date":"2014-06-30T22:00:00.000000Z","support":"Grand format","publisher_availability":1,"stock":0,"editions":[],"url":"https:\/\/quaidesbrumes.com\/ouvrage\/9788836628742\/herbert-list"},{"id":"9783960701101","title":"Angela Boehm : Minus 30","description":"White, nothing but white, is the colour of winter.\r\n\r\nWhen Canadian photographer Angela Boehm was growing up in rural Saskatchewan, long, cold winters were a constant and enduring part of her youth. The experience of deep winter, the silence and heaviness, the solitude in nature left her with lasting, deep memories.\r\n\r\nIn 2021, she began photographing snowstorms in Saskatchewan and set herself the self-imposed rule of only working at minus 30 degrees Celsius or colder. ","authors":["Collectif"],"category_codes":["6000000","6070000","6070200","6070205"],"visuals":{"large":"https:\/\/images.epagine.fr\/101\/9783960701101_1_75.jpg","medium":"https:\/\/images.epagine.fr\/101\/9783960701101_1_m.jpg","thumbnail":"https:\/\/images.epagine.fr\/101\/9783960701101_1_v.jpg"},"orderable":true,"show_badge":true,"formatted_price":"58,00&nbsp;\u20ac","formatted_published_date":"30 octobre 2024","publisher_availability_label":"Sur commande","short_details":"Collectif \u2014 Hartmann Books","translator":null,"weight":788,"page_count":112,"readership":null,"editor":"Hartmann Books","price":5800,"published_date":"2024-10-29T23:00:00.000000Z","support":"Grand format","publisher_availability":1,"stock":0,"editions":[],"url":"https:\/\/quaidesbrumes.com\/ouvrage\/9783960701101\/angela-boehm-minus-30"},{"id":"9783862067640","title":"Sequence as a dialogue","description":null,"authors":["Nadja Imail"],"category_codes":["6000000","6070000","6070200"],"visuals":{"large":"https:\/\/images.epagine.fr\/640\/9783862067640_1_75.jpg","medium":"https:\/\/images.epagine.fr\/640\/9783862067640_1_m.jpg","thumbnail":"https:\/\/images.epagine.fr\/640\/9783862067640_1_v.jpg"},"orderable":true,"show_badge":true,"formatted_price":"24,00&nbsp;\u20ac","formatted_published_date":"4 septembre 2019","publisher_availability_label":"Sur commande","short_details":"Nadja Imail \u2014 Kettler","translator":null,"weight":501,"page_count":null,"readership":null,"editor":"Kettler","price":2400,"published_date":"2019-09-03T22:00:00.000000Z","support":"Grand format","publisher_availability":1,"stock":0,"editions":[],"url":"https:\/\/quaidesbrumes.com\/ouvrage\/9783862067640\/sequence-as-a-dialogue"},{"id":"9782810629015","title":"Au rythme des voiles : Le Golfe du Morbihan en f\u00eate","description":"La Semaine du golfe du Morbihan est un \u00e9v\u00e8nement maritime qui a lieu tous les deux ans, elle attire des milliers de passionn\u00e9s, qu'ils soient marins ou simples spectateurs. Sur les eaux tranquilles de la \" Petite Mer \" du golfe, voiliers traditionnels, yachts classiques, bateaux voile-aviron et grands voiliers, se croisent pour le plaisir de naviguer. Des voiles de toutes formes et de toutes tailles, qu'elles soient anciennes ou modernes, s'\u00e9panouissent dans un d\u00e9cor naturel unique : des \u00eeles myst\u00e9rieuses, des criques secr\u00e8tes, des plages discr\u00e8tes et des ports pittoresques qui se d\u00e9voilent au rythme des mar\u00e9es.\r\nThe Semaine du Golfe du Morbihan is a maritime event held every two years, attracting thousands of enthusiasts, whether seasoned sailors or curions spectators. On the calm waters of the Gulf's \"Little Sea\", traditionnal sailing boats, classic yachts, sail-and-oar crafts, and tall ships mingle in a joyful celebration of sailing. It is a true festival of the sea, a heartfeld tribute to the passion for boats and the ocean. Sails of all shapes and sizes, both old and new, blossom in a unique natural setting: mysterious islands, hidden coves, secluded beaches, and picturesque harbours, all revealed in tune with the rhythm of the tides.","authors":["Jo\u00ebl Douillet"],"category_codes":["6000000","6070000","6070200"],"visuals":{"large":"https:\/\/images.epagine.fr\/015\/9782810629015_1_75.jpg","medium":"https:\/\/images.epagine.fr\/015\/9782810629015_1_m.jpg","thumbnail":"https:\/\/images.epagine.fr\/015\/9782810629015_1_v.jpg"},"orderable":true,"show_badge":true,"formatted_price":"31,99&nbsp;\u20ac","formatted_published_date":"14 juin 2025","publisher_availability_label":"Sur commande","short_details":"Jo\u00ebl Douillet \u2014 Books on Demand","translator":null,"weight":324,"page_count":68,"readership":null,"editor":"Books on Demand","price":3199,"published_date":"2025-06-13T22:00:00.000000Z","support":"Grand format","publisher_availability":1,"stock":0,"editions":[],"url":"https:\/\/quaidesbrumes.com\/ouvrage\/9782810629015\/au-rythme-des-voiles-le-golfe-du-morbihan-en-fete"},{"id":"9788873015475","title":"Steven Spielberg","description":null,"authors":["Valerio Caprara"],"category_codes":["6000000","6070000","6070300"],"visuals":{"large":"https:\/\/images.epagine.fr\/475\/9788873015475_1_75.jpg","medium":"https:\/\/images.epagine.fr\/475\/9788873015475_1_m.jpg","thumbnail":"https:\/\/images.epagine.fr\/475\/9788873015475_1_v.jpg"},"orderable":true,"show_badge":true,"formatted_price":"22,00&nbsp;\u20ac","formatted_published_date":"5 juillet 2005","publisher_availability_label":"Sur commande","short_details":"Valerio Caprara \u2014 Gremese","translator":null,"weight":518,"page_count":null,"readership":null,"editor":"Gremese","price":2200,"published_date":"2005-07-04T22:00:00.000000Z","support":"Grand format","publisher_availability":1,"stock":0,"editions":[],"url":"https:\/\/quaidesbrumes.com\/ouvrage\/9788873015475\/steven-spielberg"},{"id":"9782371586260","title":"L'archipel des cons","description":"Le but de cet ouvrage n'est en aucun cas de placer le lecteur au-dessus de la masse des cons qu'il aurait l'outrecuidance de consid\u00e9rer comme inf\u00e9rieurs \u00e0 lui, mais bien de l'aider, dans la mesure du possible, \u00e0 ne faire partie que d'un nombre limit\u00e9 de cat\u00e9gories.","authors":["David Garnier"],"category_codes":["6000000","6070000","6070300","6070303"],"visuals":{"large":"https:\/\/images.epagine.fr\/260\/9782371586260_1_75.jpg","medium":"https:\/\/images.epagine.fr\/260\/9782371586260_1_m.jpg","thumbnail":"https:\/\/images.epagine.fr\/260\/9782371586260_1_v.jpg"},"orderable":true,"show_badge":true,"formatted_price":"21,50&nbsp;\u20ac","formatted_published_date":"1er juillet 2025","publisher_availability_label":"Sur commande","short_details":"David Garnier \u2014 \u00c9ditions de l'Onde","translator":null,"weight":186,"page_count":146,"readership":null,"editor":"\u00c9ditions de l'Onde","price":2150,"published_date":"2025-06-30T22:00:00.000000Z","support":"Grand format","publisher_availability":1,"stock":0,"editions":[],"url":"https:\/\/quaidesbrumes.com\/ouvrage\/9782371586260\/larchipel-des-cons"},{"id":"9783943620320","title":"Lieux de memoire and desire","description":null,"authors":["Schweizer Maya"],"category_codes":["6000000","6070000","6070300"],"visuals":{"large":"https:\/\/images.epagine.fr\/320\/9783943620320_1_75.jpg","medium":"https:\/\/images.epagine.fr\/320\/9783943620320_1_m.jpg","thumbnail":"https:\/\/images.epagine.fr\/320\/9783943620320_1_v.jpg"},"orderable":true,"show_badge":true,"formatted_price":"18,00&nbsp;\u20ac","formatted_published_date":"1er ao\u00fbt 2015","publisher_availability_label":"Sur commande","short_details":"Schweizer Maya \u2014 Archive Books","translator":null,"weight":310,"page_count":null,"readership":null,"editor":"Archive Books","price":1800,"published_date":"2015-07-31T22:00:00.000000Z","support":"Grand format","publisher_availability":1,"stock":0,"editions":[],"url":"https:\/\/quaidesbrumes.com\/ouvrage\/9783943620320\/lieux-de-memoire-and-desire"},{"id":"9783960700302","title":"Anne collier photographic","description":null,"authors":["Collier Anne"],"category_codes":["6000000","6070000","6070200"],"visuals":{"large":"https:\/\/images.epagine.fr\/302\/9783960700302_1_75.jpg","medium":"https:\/\/images.epagine.fr\/302\/9783960700302_1_m.jpg","thumbnail":"https:\/\/images.epagine.fr\/302\/9783960700302_1_v.jpg"},"orderable":true,"show_badge":true,"formatted_price":"30,00&nbsp;\u20ac","formatted_published_date":"18 novembre 2018","publisher_availability_label":"Sur commande","short_details":"Collier Anne \u2014 Hartmann Books","translator":null,"weight":501,"page_count":64,"readership":null,"editor":"Hartmann Books","price":3000,"published_date":"2018-11-17T23:00:00.000000Z","support":"Grand format","publisher_availability":1,"stock":0,"editions":[],"url":"https:\/\/quaidesbrumes.com\/ouvrage\/9783960700302\/anne-collier-photographic"},{"id":"9782841351398","title":"La photo c'est rigolo","description":null,"authors":["Louis","Cavanna"],"category_codes":["6000000","6070000","6070200"],"visuals":{"large":"https:\/\/images.epagine.fr\/398\/9782841351398_1_75.jpg","medium":"https:\/\/images.epagine.fr\/398\/9782841351398_1_m.jpg","thumbnail":"https:\/\/images.epagine.fr\/398\/9782841351398_1_v.jpg"},"orderable":true,"show_badge":true,"formatted_price":"15,00&nbsp;\u20ac","formatted_published_date":"23 novembre 1999","publisher_availability_label":"Sur commande","short_details":"Louis, Cavanna \u2014 Equinoxe","translator":null,"weight":344,"page_count":null,"readership":null,"editor":"Equinoxe","price":1500,"published_date":"1999-11-22T23:00:00.000000Z","support":"Grand format","publisher_availability":1,"stock":0,"editions":[],"url":"https:\/\/quaidesbrumes.com\/ouvrage\/9782841351398\/la-photo-cest-rigolo"},{"id":"9783906803623","title":"Fridge food soul","description":null,"authors":["Olivier Degorce"],"category_codes":["6000000","6070000","6070200"],"visuals":{"large":"https:\/\/images.epagine.fr\/623\/9783906803623_1_75.jpg","medium":"https:\/\/images.epagine.fr\/623\/9783906803623_1_m.jpg","thumbnail":"https:\/\/images.epagine.fr\/623\/9783906803623_1_v.jpg"},"orderable":true,"show_badge":true,"formatted_price":"42,00&nbsp;\u20ac","formatted_published_date":"1er juin 2018","publisher_availability_label":"Sur commande","short_details":"Olivier Degorce \u2014 Patrick Frey","translator":null,"weight":640,"page_count":null,"readership":null,"editor":"Patrick Frey","price":4200,"published_date":"2018-05-31T22:00:00.000000Z","support":"Grand format","publisher_availability":1,"stock":0,"editions":[],"url":"https:\/\/quaidesbrumes.com\/ouvrage\/9783906803623\/fridge-food-soul"},{"id":"9783868289008","title":"Mikhailovna called","description":null,"authors":["Schweizer Beat"],"category_codes":["6000000","6070000","6070200"],"visuals":{"large":"https:\/\/images.epagine.fr\/008\/9783868289008_1_75.jpg","medium":"https:\/\/images.epagine.fr\/008\/9783868289008_1_m.jpg","thumbnail":"https:\/\/images.epagine.fr\/008\/9783868289008_1_v.jpg"},"orderable":true,"show_badge":true,"formatted_price":"45,00&nbsp;\u20ac","formatted_published_date":"1er janvier 2019","publisher_availability_label":"Sur commande","short_details":"Schweizer Beat \u2014 Kehrer","translator":null,"weight":901,"page_count":null,"readership":null,"editor":"Kehrer","price":4500,"published_date":"2018-12-31T23:00:00.000000Z","support":"Grand format","publisher_availability":1,"stock":0,"editions":[],"url":"https:\/\/quaidesbrumes.com\/ouvrage\/9783868289008\/mikhailovna-called"},{"id":"9782841355273","title":"Lectures, images d'une belle amiti\u00e9","description":"Sur ses vieux jours, on avait pos\u00e9 \u00e0 Groucho Marx la question : \" - Que feriez-vous dans une vie nouvelle ? \" Il a r\u00e9pondu: \" - J'essayerais plus de positions.\r\n\" Ce pr\u00e9cepte nous para\u00eet tout aussi valable pour un autre plaisir, celui de la lecture m\u00eame notion d'instant privil\u00e9gi\u00e9. C'est justement le propos du photographe attach\u00e9 \u00e0 v\u00e9rifier \u00e0 travers le monde que la lecture est presque devenue un loisir de plein air. Jean-Paul Olive, d\u00e9cid\u00e9ment, a install\u00e9 ses lecteurs dans la rue: comme Doisneau ses amoureux et Brassa\u00ef sa po\u00e9sie de graffiti. Le Caire, Marseille, Venise ou New York: il ne s'agit pas de cartes postales de voyages; il s'agit de rencontres fortuites.\r\nLe choix d'un th\u00e8me implique trop souvent un risque de r\u00e9p\u00e9titions, mais, ici, le saugrenu, l'inattendu des situations \u00f4tent toutes inqui\u00e9tudes. Jacques Rour\u00e9.\r","authors":["Jacques Roure"],"category_codes":["6000000","6070000","6070200"],"visuals":{"large":"https:\/\/images.epagine.fr\/273\/9782841355273_1_75.jpg","medium":"https:\/\/images.epagine.fr\/273\/9782841355273_1_m.jpg","thumbnail":"https:\/\/images.epagine.fr\/273\/9782841355273_1_v.jpg"},"orderable":true,"show_badge":true,"formatted_price":"15,00&nbsp;\u20ac","formatted_published_date":"13 juin 2006","publisher_availability_label":"Sur commande","short_details":"Jacques Roure \u2014 Equinoxe","translator":null,"weight":293,"page_count":112,"readership":null,"editor":"Equinoxe","price":1500,"published_date":"2006-06-12T22:00:00.000000Z","support":"Grand format","publisher_availability":1,"stock":0,"editions":[],"url":"https:\/\/quaidesbrumes.com\/ouvrage\/9782841355273\/lectures-images-dune-belle-amitie"},{"id":"9782353742059","title":"L'inquisition m\u00e9diatique","description":"Fr\u00e8res des \u00e9pistoliers d'hier qui pourvoyaient les b\u00fbchers et les \u00e9chafauds, des journalistes d'aujourd'hui d\u00e9noncent, instruisent, jugent et condamnent.\r\nDans la presse \u00e9crite et audiovisuelle, ils fabriquent des innocents ou des coupables. Leur opinion personnelle forge l'opinion publique. Moralistes, ils nous pr\u00eachent le Bien et le Mal. Intouchables, ils d\u00e9tiennent le 1er pouvoir, celui qui influence les trois autres, l'ex\u00e9cutif, le l\u00e9gislatif et le judicaire. Ce sont les nouveaux Inquisiteurs. Du proc\u00e8s Omar Raddad, version \"touche pas \u00e0 mon pote\", \u00e0 celui de Maurice Papon, jou\u00e9 d'avance, du l\u00e9chage et du l\u00e2chage de Bernard Tapie au lynchage de Georges Fr\u00eache, des jeunes de banlieue aux bobos des salons parisiens, de Dutroux \u00e0 Outreau ou d'un Dominique \u00e0 l'autre, mais surtout des \"magistrats p\u00e9dophiles\" de Nice \u00e0 la m\u00e9tamorphose d'imposteurs en ic\u00f4nes, Francis Puyalte accuse l'implacable tribunal des m\u00e9dias.\r\nJournaliste lui-m\u00eame (carte n\u00b023762, d\u00e9livr\u00e9e le 4 novembre 1966), il propose une dissection d'affaires retentissantes et de quelques autres, moins tapageuses, mais pareillement tripatouill\u00e9es, instrumentalis\u00e9es par des titulaires de cartes de presse amateurs, aveugles ou sans conscience. C'est un petit voyage de l'autre c\u00f4t\u00e9 du miroir.\r","authors":["Francis Puyalte","Christian Millau"],"category_codes":["6000000","6070000","6070300"],"visuals":{"large":"https:\/\/images.epagine.fr\/059\/9782353742059_1_75.jpg","medium":"https:\/\/images.epagine.fr\/059\/9782353742059_1_m.jpg","thumbnail":"https:\/\/images.epagine.fr\/059\/9782353742059_1_v.jpg"},"orderable":true,"show_badge":true,"formatted_price":"33,00&nbsp;\u20ac","formatted_published_date":"24 octobre 2011","publisher_availability_label":"Sur commande","short_details":"Francis Puyalte, Christian Millau \u2014 Dualpha","translator":null,"weight":457,"page_count":348,"readership":null,"editor":"Dualpha","price":3300,"published_date":"2011-10-23T22:00:00.000000Z","support":"Grand format","publisher_availability":1,"stock":0,"editions":[],"url":"https:\/\/quaidesbrumes.com\/ouvrage\/9782353742059\/linquisition-mediatique"},{"id":"9783868289572","title":"Dark waters","description":null,"authors":["Daniel Tchetchik"],"category_codes":["6000000","6070000","6070200"],"visuals":{"large":"https:\/\/images.epagine.fr\/572\/9783868289572_1_75.jpg","medium":"https:\/\/images.epagine.fr\/572\/9783868289572_1_m.jpg","thumbnail":"https:\/\/images.epagine.fr\/572\/9783868289572_1_v.jpg"},"orderable":true,"show_badge":true,"formatted_price":"44,00&nbsp;\u20ac","formatted_published_date":"3 septembre 2019","publisher_availability_label":"Sur commande","short_details":"Daniel Tchetchik \u2014 Kehrer","translator":null,"weight":901,"page_count":null,"readership":null,"editor":"Kehrer","price":4400,"published_date":"2019-09-02T22:00:00.000000Z","support":"Grand format","publisher_availability":1,"stock":0,"editions":[],"url":"https:\/\/quaidesbrumes.com\/ouvrage\/9783868289572\/dark-waters"}]}