{"data":[{"id":"9782343006543","title":"Les imaginaires cin\u00e9matographiques de la menace ; \u00e9mergence du h\u00e9ros postmoderne","description":"Comment les imaginaires cin\u00e9matographiques de la menace d'origine naturelle, technologique ou sociale traduisent le climat mental qui se d\u00e9veloppe \u00e0 notre \u00e9poque ? L'\u00e9mergence d'un h\u00e9ros postmoderne semble \u00eatre le signe d'une mutation du social. La recherche s'appuie sur diff\u00e9rentes analyses sociologiques du cin\u00e9ma, sur l'analyse du contenu d'un corpus de trente films r\u00e9alis\u00e9s durant ces derni\u00e8res ann\u00e9es, sur des r\u00e9ponses \u00e0 divers sondages d'opinion.\r","authors":["Nadine Boudou","Jean-bruno Renard"],"category_codes":["6000000","6070000","6070300"],"visuals":{"large":"https:\/\/images.epagine.fr\/543\/9782343006543_1_75.jpg","medium":"https:\/\/images.epagine.fr\/543\/9782343006543_1_m.jpg","thumbnail":"https:\/\/images.epagine.fr\/543\/9782343006543_1_v.jpg"},"orderable":true,"show_badge":true,"formatted_price":"29,00&nbsp;\u20ac","formatted_published_date":"25 avril 2013","publisher_availability_label":"Sur commande","short_details":"Nadine Boudou, Jean-bruno Renard \u2014 \u00c9ditions L'Harmattan","translator":null,"weight":330,"page_count":270,"readership":null,"editor":"\u00c9ditions L'Harmattan","price":2900,"published_date":"2013-04-24T22:00:00.000000Z","support":"Grand format","publisher_availability":1,"stock":0,"editions":[],"url":"https:\/\/quaidesbrumes.com\/ouvrage\/9782343006543\/les-imaginaires-cinematographiques-de-la-menace-emergence-du-heros-postmoderne"},{"id":"9782343001005","title":"Le quotidien des b\u00eatisseurs ou l'histoire humaine d'une construction","description":"La philosophie d\u00e9gag\u00e9e \u00e0 travers ce t\u00e9moignage photographique se veut avant tout humaniste : un vrai patrimoine \u00e0 transmettre et \u00e0 faire d\u00e9couvrir. Les images (photos toutes r\u00e9alis\u00e9es par l'auteur) t\u00e9moignent du travail et de l'engagement d'ouvriers, de compagnons, de cadres, tous en actions, au rythme des saisons en toutes circonstances. Chaque chapitre aborde une \u00e9tape de la vie d'un chantier : une phase de construction, un m\u00e9tier, une m\u00e9thode, un \u00e9v\u00e9nement de chantier, une c\u00e9r\u00e9monie...\r","authors":["Jacques Revon","Fran\u00e7ois Rebsamen"],"category_codes":["6000000","6070000","6070200"],"visuals":{"large":"https:\/\/images.epagine.fr\/005\/9782343001005_1_75.jpg","medium":"https:\/\/images.epagine.fr\/005\/9782343001005_1_m.jpg","thumbnail":"https:\/\/images.epagine.fr\/005\/9782343001005_1_v.jpg"},"orderable":true,"show_badge":true,"formatted_price":"38,00&nbsp;\u20ac","formatted_published_date":"4 avril 2013","publisher_availability_label":"Sur commande","short_details":"Jacques Revon, Fran\u00e7ois Rebsamen \u2014 \u00c9ditions L'Harmattan","translator":null,"weight":585,"page_count":264,"readership":null,"editor":"\u00c9ditions L'Harmattan","price":3800,"published_date":"2013-04-03T22:00:00.000000Z","support":"Grand format","publisher_availability":1,"stock":0,"editions":[],"url":"https:\/\/quaidesbrumes.com\/ouvrage\/9782343001005\/le-quotidien-des-betisseurs-ou-lhistoire-humaine-dune-construction"},{"id":"9782356872623","title":"Isabelle Adjani, un mythe de l'incarnation","description":"\u00ab Je ne sais pas tout jouer. Et je ne le veux pas \u00bb, a d\u00e9clar\u00e9 Isabelle Adjani. Nul doute que cette conception du m\u00e9tier rel\u00e8ve d'une profession de foi tant l'actrice l'a respect\u00e9e tout au long de sa carri\u00e8re. Cependant, si Isabelle Adjani se tourne naturellement vers les h\u00e9ro\u00efnes qui interpellent son imaginaire, sa filmographie pr\u00e9sente un caract\u00e8re unitaire dont l'explication est \u00e0 chercher ailleurs que dans une simple typologie des personnages. En \u00ab constituant une parole \u00bb pour l'actrice, ces h\u00e9ro\u00efnes entretiennent un lien intime qui les r\u00e9unit au-del\u00e0 de leurs personnalit\u00e9s contradictoires et de leurs histoires, souvent \u00e0 travers une figure adverse, qui fait obstacle \u00e0 un processus de d\u00e9veloppement personnel et d'affirmation de soi.\r\nDans cet ouvrage, nous revenons sur la filmographie d'Isabelle Adjani pour d\u00e9finir cette figure et interroger son importance au coeoeur de l'oeoeuvre, en la confrontant \u00e0 d'autres grands motifs comme les amours tragiques ou la cr\u00e9ation artistique. Nous verrons notamment que le th\u00e8me de la filiation peut \u00e9voquer de mani\u00e8re m\u00e9taphorique la place occup\u00e9e par les actrices au sein de la cr\u00e9ation filmique, entre cr\u00e9atrices affirm\u00e9es et cr\u00e9atures marqu\u00e9es \u00e0 jamais par l'empreinte d'un cin\u00e9aste pygmalion, d'autant plus que les relations qu'a entretenues Isabelle Adjani avec ses r\u00e9alisateurs - depuis le regard fondateur de Fran\u00e7ois Truffaut - ont plus d'une fois d\u00e9termin\u00e9 la cr\u00e9ation de ces oeoeuvres cin\u00e9matographiques.\r\nD\u00e8s lors, les films d'Isabelle Adjani sont travers\u00e9s par une pens\u00e9e. Selon la c\u00e9l\u00e8bre Politique \u00e9tablie par les Cahiers du cin\u00e9ma dans les ann\u00e9es cinquante, nous pourrions dire qu'Isabelle Adjani est un auteur. S'il ne fait pas d'elle un cas unique, ce ph\u00e9nom\u00e8ne a rarement \u00e9t\u00e9 pouss\u00e9 aussi loin. Replongeons dans ces films pour faire surgir son auteur d'entre les mots et les images et rendre hommage \u00e0 la pertinence et la puissance d'une d\u00e9marche artistique, qui avec le temps a fait passer Isabelle Adjani du statut de star \u00e0 celui de mythe.\r","authors":["Arnaud Duprat","Isabelle Adjani"],"category_codes":["6000000","6070000","6070300"],"visuals":{"large":"https:\/\/images.epagine.fr\/623\/9782356872623_1_75.jpg","medium":"https:\/\/images.epagine.fr\/623\/9782356872623_1_m.jpg","thumbnail":"https:\/\/images.epagine.fr\/623\/9782356872623_1_v.jpg"},"orderable":true,"show_badge":true,"formatted_price":"22,00&nbsp;\u20ac","formatted_published_date":"11 octobre 2013","publisher_availability_label":"Sur commande","short_details":"Arnaud Duprat, Isabelle Adjani \u2014 Le Bord de l'eau","translator":null,"weight":404,"page_count":180,"readership":null,"editor":"Le Bord de l'eau","price":2200,"published_date":"2013-10-10T22:00:00.000000Z","support":"Grand format","publisher_availability":1,"stock":0,"editions":[],"url":"https:\/\/quaidesbrumes.com\/ouvrage\/9782356872623\/isabelle-adjani-un-mythe-de-lincarnation"},{"id":"9791030002232","title":"La repr\u00e9sentation du contrat dans le cin\u00e9ma anglophone","description":"Le contrat, convention g\u00e9n\u00e9ratrice d'obligations entre personnes, traduit juridiquement des rapports - sociaux, \u00e9conomiques - et sa mise en oeuvre constitue l'un des fondements de toute organisation sociale.\r\nLa repr\u00e9sentation de ce lien de droit dans le cin\u00e9ma anglophone constitue le premier axe des \u00e9tudes rassembl\u00e9es dans ce volume. La relation contractuelle s'int\u00e8gre dans l'intrigue, la narration scellant les rapports entre les personnages, dans tous les domaines et dans tous les genres cin\u00e9matographiques (policier, western, film historique, com\u00e9die, etc.). Mais, tr\u00e8s vite, il appara\u00eet que le rapport purement juridique laisse la place \u00e0 d'autres relations contractuelles - plus intimes, parfois fonci\u00e8rement illicites...\r\nLe contrat est \u00e9galement per\u00e7u comme mod\u00e8le de la relation qui s'instaurerait entre le prescripteur (l'auteur, voire l'acteur) et le destinataire (le spectateur). Le contrat qu'on dit alors \u00ab spectatoriel \u00bb, est, dans un second axe, l'objet de plusieurs des \u00e9tudes r\u00e9unies ici. Entre horizons d'attente, protocoles de lecture, jeux sur les habitudes du public, promesses de l'inscription dans un genre cin\u00e9matographique, mobilisation d'une cin\u00e9philie du spectateur, discours m\u00e9diatiques sur les films, etc., c'est la pertinence de la r\u00e9f\u00e9rence contractuelle pour d\u00e9signer cette relation diffuse entre un locuteur et un r\u00e9cepteur, accompagnant l'acte de cr\u00e9ation cin\u00e9matographique, qui est alors interrog\u00e9e.\r","authors":["Xavier Daverat"],"category_codes":["6000000","6070000","6070300","6070306"],"visuals":{"large":"https:\/\/images.epagine.fr\/232\/9791030002232_1_75.jpg","medium":"https:\/\/images.epagine.fr\/232\/9791030002232_1_m.jpg","thumbnail":"https:\/\/images.epagine.fr\/232\/9791030002232_1_v.jpg"},"orderable":true,"show_badge":true,"formatted_price":"23,00&nbsp;\u20ac","formatted_published_date":"7 f\u00e9vrier 2019","publisher_availability_label":"Sur commande","short_details":"Xavier Daverat \u2014 Pu De Bordeaux","translator":null,"weight":814,"page_count":395,"readership":null,"editor":"Pu De Bordeaux","price":2300,"published_date":"2019-02-06T23:00:00.000000Z","support":"Grand format","publisher_availability":1,"stock":0,"editions":[],"url":"https:\/\/quaidesbrumes.com\/ouvrage\/9791030002232\/la-representation-du-contrat-dans-le-cinema-anglophone"},{"id":"9782343019994","title":"Identit\u00e9s num\u00e9riques","description":"Les enjeux soulev\u00e9s par les identit\u00e9s num\u00e9riques sont complexes et multiples. Bien les appr\u00e9hender n\u00e9cessite d'\u00eatre attentif non seulement aux usages des internautes, mais aussi aux affordances des plateformes, terminaux et services, aux possibilit\u00e9s offertes en mati\u00e8re d'archivage et d'exploitation de donn\u00e9es par les techniques num\u00e9riques, aux strat\u00e9gies des acteurs \u00e9conomiques, \u00e0 l'encadrement juridique de ce ph\u00e9nom\u00e8ne. La vari\u00e9t\u00e9 de ces dimensions exige une pproche Sinterdisciplinaire.\r","authors":["Alexandre Coutant","Thomas Stenger","Jacques Perriault"],"category_codes":["6000000","6070000","6070300"],"visuals":{"large":"https:\/\/images.epagine.fr\/994\/9782343019994_1_75.jpg","medium":"https:\/\/images.epagine.fr\/994\/9782343019994_1_m.jpg","thumbnail":"https:\/\/images.epagine.fr\/994\/9782343019994_1_v.jpg"},"orderable":true,"show_badge":true,"formatted_price":"20,50&nbsp;\u20ac","formatted_published_date":"13 d\u00e9cembre 2013","publisher_availability_label":"Sur commande","short_details":"Alexandre Coutant, Thomas Stenger, Jacques Perriault \u2014 \u00c9ditions L'Harmattan","translator":null,"weight":254,"page_count":186,"readership":null,"editor":"\u00c9ditions L'Harmattan","price":2050,"published_date":"2013-12-12T23:00:00.000000Z","support":"Grand format","publisher_availability":1,"stock":0,"editions":[],"url":"https:\/\/quaidesbrumes.com\/ouvrage\/9782343019994\/identites-numeriques"},{"id":"9782487344174","title":"L'appel de Londres","description":"Londres n'est pas une ville que l'on visite, c'est une ville qui s'impose \u00e0 nous. Elle vous happe dans ses rues vibrantes, vous glisse entre ses fa\u00e7ades de briques, vous entra\u00eene dans le ballet incessant des silhouettes press\u00e9es, des ombres furtives et des lumi\u00e8res changeantes.\r\nQuatre jours. Une errance photographique. Un dialogue silencieux entre l'objectif et la ville. Valentin traverse Londres comme on traverse un film en mouvement, captant l'\u00e9ph\u00e9m\u00e8re, composant avec l'inattendu. Il y a des visages, des reflets, des fragments d'histoires qui s'\u00e9crivent \u00e0 chaque coin de rue. Des instants suspendus, o\u00f9 l'on ressent ce frisson rare : \u00eatre exactement \u00e0 sa place, ici et maintenant.\r\nD'abord h\u00e9sitant \u00e0 pointer son appareil vers l'autre, il d\u00e9couvre, au fil de ses errances, que la rue est une sc\u00e8ne, une \u00e9nigme \u00e0 d\u00e9chiffrer. Son regard se pr\u00e9cise, s'aff\u00fbte, influenc\u00e9 par Cartier-Bresson, Doisneau, Saul Leiter ou encore Phil Penman. Entre clair-obscur et \u00e9clats de couleur, L'Appel de Londres est une travers\u00e9e photographique o\u00f9 l'image devient un langage, et la ville, une \u00e9vidence.","authors":["Valentin Gay"],"category_codes":["6000000","6070000","6070200"],"visuals":{"large":"https:\/\/images.epagine.fr\/174\/9782487344174_1_75.jpg","medium":"https:\/\/images.epagine.fr\/174\/9782487344174_1_m.jpg","thumbnail":"https:\/\/images.epagine.fr\/174\/9782487344174_1_v.jpg"},"orderable":true,"show_badge":true,"formatted_price":"37,00&nbsp;\u20ac","formatted_published_date":"2 janvier 2023","publisher_availability_label":"Sur commande","short_details":"Valentin Gay \u2014 Street Photo France","translator":null,"weight":294,"page_count":120,"readership":null,"editor":"Street Photo France","price":3700,"published_date":"2023-01-01T23:00:00.000000Z","support":"Grand format","publisher_availability":1,"stock":0,"editions":[],"url":"https:\/\/quaidesbrumes.com\/ouvrage\/9782487344174\/lappel-de-londres"},{"id":"9782952669955","title":"Nefta","description":null,"authors":["Olivier Roller"],"category_codes":["6000000","6070000","6070200"],"visuals":{"large":"https:\/\/images.epagine.fr\/955\/9782952669955_1_75.jpg","medium":"https:\/\/images.epagine.fr\/955\/9782952669955_1_m.jpg","thumbnail":"https:\/\/images.epagine.fr\/955\/9782952669955_1_v.jpg"},"orderable":true,"show_badge":true,"formatted_price":"35,00&nbsp;\u20ac","formatted_published_date":"1er mars 2016","publisher_availability_label":"Sur commande","short_details":"Olivier Roller \u2014 De L'Air Editions","translator":null,"weight":701,"page_count":null,"readership":null,"editor":"De L'Air Editions","price":3500,"published_date":"2016-02-29T23:00:00.000000Z","support":"Grand format","publisher_availability":1,"stock":0,"editions":[],"url":"https:\/\/quaidesbrumes.com\/ouvrage\/9782952669955\/nefta"},{"id":"9782952352925","title":"Introduction \u00e0 la science de la publicit\u00e9 ; reich mode d'emploi","description":null,"authors":["Jean-pierre Voyer"],"category_codes":["6000000","6070000","6070300"],"visuals":{"large":"https:\/\/images.epagine.fr\/925\/9782952352925_1_75.jpg","medium":"https:\/\/images.epagine.fr\/925\/9782952352925_1_m.jpg","thumbnail":"https:\/\/images.epagine.fr\/925\/9782952352925_1_v.jpg"},"orderable":true,"show_badge":true,"formatted_price":"13,20&nbsp;\u20ac","formatted_published_date":"15 novembre 2006","publisher_availability_label":"Sur commande","short_details":"Jean-pierre Voyer \u2014 Anonymes","translator":null,"weight":150,"page_count":null,"readership":null,"editor":"Anonymes","price":1320,"published_date":"2006-11-14T23:00:00.000000Z","support":"Grand format","publisher_availability":1,"stock":0,"editions":[],"url":"https:\/\/quaidesbrumes.com\/ouvrage\/9782952352925\/introduction-a-la-science-de-la-publicite-reich-mode-demploi"},{"id":"9782917790533","title":"La pratique de la mise en sc\u00e8ne en 3D relief","description":"Le cin\u00e9ma est un art en perp\u00e9tuelle mutation, mais peut-\u00eatre que le relief serait le synonyme d'un aboutissement recherch\u00e9 depuis ses balbutiements, \u00e0 la fin du 19\u00e8me si\u00e8cle. Un cin\u00e9ma adulte, complet, o\u00f9 seraient enfin r\u00e9unis le mouvement, la couleur, le son et la profondeur. Serait-on sur le point de r\u00e9ussir \u00e0 immerger totalement le spectateur dans l'espace narratif cr\u00e9\u00e9 par le r\u00e9alisateur dont il ma\u00eetrise les quatre dimensions ? \r\nVouloir parler de la mise en sc\u00e8ne en 3D relief, c'est d'abord se heurter \u00e0 son aspect double mais n\u00e9anmoins compl\u00e9mentaire de technique et de langage cin\u00e9matographique. C'est pour cela que cet ouvrage se d\u00e9compose en deux parties distinctes, la premi\u00e8re consacr\u00e9e aux fondamentaux th\u00e9oriques et techniques de la st\u00e9r\u00e9oscopie, et la deuxi\u00e8me s'attachant \u00e0 en explorer le langage, afin d'en dresser un portrait complet et coh\u00e9rent, au sein duquel chacun pourra aller y puiser les connaissances qui lui manquent. \r\nLes f\u00e9rus de r\u00e8gles math\u00e9matiques et de lois physiques et physiologiques pourront rechercher dans la partie 1 les connaissances qui leur font d\u00e9faut ou bien les compl\u00e9ter, alors que les auteurs et autres metteurs en sc\u00e8ne qui pr\u00e9f\u00e8rent manier le mot ou la cam\u00e9ra de fa\u00e7on plus intuitive trouveront dans la partie 2 certaines pistes et id\u00e9es qui les aideront \u00e0 mieux appr\u00e9hender le concept de boite sc\u00e9nique et \u00e0 s'approprier ce nouveau langage qu'est la 3D relief. \r\nConsid\u00e9rez en quelque sorte que vous tenez en main deux livres en un !\r\nAfin de rendre cet ouvrage le plus repr\u00e9sentatif possible de l'\u00e9tat de l'art st\u00e9r\u00e9oscopique aujourd'hui, les chapitres sont accompagn\u00e9s de nombreuses illustrations et de plus de 25 extraits d'interviews de professionnels, dont Jean-Pierre Jeunet, Demetri Portelli  (st\u00e9r\u00e9ographe \" Hugo Cabret \" ), Phil \" Captain 3D \" Mc Nally (st\u00e9r\u00e9ographe chez Dreamworks Animation ). Leur pr\u00e9cieuse contribution permet d'\u00e9mailler les concepts \u00e9voqu\u00e9s, d'exemples concrets et v\u00e9cus, et d'exposer divers points de vues, parfois oppos\u00e9s, afin d'enrichir la r\u00e9flexion globale sur le relief en tant que technique et langage cin\u00e9matographique.\r","authors":["Celine Tricart","Jean-pierre Jeunet"],"category_codes":["6000000","6070000","6070300"],"visuals":{"large":"https:\/\/images.epagine.fr\/533\/9782917790533_1_75.jpg","medium":"https:\/\/images.epagine.fr\/533\/9782917790533_1_m.jpg","thumbnail":"https:\/\/images.epagine.fr\/533\/9782917790533_1_v.jpg"},"orderable":true,"show_badge":true,"formatted_price":"34,90&nbsp;\u20ac","formatted_published_date":"15 avril 2013","publisher_availability_label":"Sur commande","short_details":"Celine Tricart, Jean-pierre Jeunet \u2014 Baie Des Anges","translator":null,"weight":800,"page_count":280,"readership":null,"editor":"Baie Des Anges","price":3490,"published_date":"2013-04-14T22:00:00.000000Z","support":"Grand format","publisher_availability":1,"stock":0,"editions":[],"url":"https:\/\/quaidesbrumes.com\/ouvrage\/9782917790533\/la-pratique-de-la-mise-en-scene-en-3d-relief"},{"id":"9791030010442","title":"La Nouvelle-Aquitaine \u00e0 l'\u00e9cran Tome 1 : Territoires et imaginaires fictionnels","description":"Premier ouvrage consacr\u00e9 \u00e0 l'image que le cin\u00e9ma, les t\u00e9l\u00e9films et les s\u00e9ries donnent de la Nouvelle-Aquitaine des ann\u00e9es 1960 \u00e0 nos jours. Le Rochefort de Jacques Demy, le bassin d'Arcachon de Camping ou des Petits mouchoirs, Biarritz dans Hors de prix ou dans Les Derniers jours du monde, la for\u00eat landaise dans Les Combattants ou dans la s\u00e9rie La Promesse ou encore Limoges dans Vaurien ou le parc zoologique du Reynou dans Gaspard va au mariage : tels sont quelques-uns des paysages n\u00e9o-aquitains \u00e9voqu\u00e9s dans cet ouvrage qui rassemble des sp\u00e9cialistes de cin\u00e9ma, de langues, de litt\u00e9rature et de g\u00e9ographie et comprend de nombreuses illustrations. Il inclut \u00e9galement des t\u00e9moignages de r\u00e9alisateurs (Abel Moreno, Peter Dourountzis) qui ont tourn\u00e9 dans la r\u00e9gion et \u00e9voque la mission patrimoniale de la Cin\u00e9math\u00e8que de Nouvelle-Aquitaine.","authors":["Pierre Beylot","Diane Bracco"],"category_codes":["6000000","6070000","6070300"],"visuals":{"large":"https:\/\/images.epagine.fr\/442\/9791030010442_1_75.jpg","medium":"https:\/\/images.epagine.fr\/442\/9791030010442_1_m.jpg","thumbnail":"https:\/\/images.epagine.fr\/442\/9791030010442_1_v.jpg"},"orderable":true,"show_badge":true,"formatted_price":"25,00&nbsp;\u20ac","formatted_published_date":"10 janvier 2024","publisher_availability_label":"Sur commande","short_details":"Pierre Beylot, Diane Bracco \u2014 Pu De Bordeaux","translator":null,"weight":596,"page_count":262,"readership":null,"editor":"Pu De Bordeaux","price":2500,"published_date":"2024-01-09T23:00:00.000000Z","support":"Grand format","publisher_availability":1,"stock":0,"editions":[],"url":"https:\/\/quaidesbrumes.com\/ouvrage\/9791030010442\/la-nouvelle-aquitaine-a-lecran-tome-1-territoires-et-imaginaires-fictionnels"},{"id":"9782888921363","title":"Les visages du cin\u00e9ma ; 35 portraits non conformistes","description":"Cet ouvrage est un recueil des portraits, au nombre de 35, que l'auteur a donn\u00e9s au Spectacle du Monde entre janvier 2003 et avril 2011, floril\u00e8ge o\u00f9 com\u00e9diens et com\u00e9diennes se taillent la part du lion (25 sur 35).\r\nS'y adjoignent 3 acteurs-r\u00e9alisateurs, 6 metteurs en sc\u00e8ne et 1 sc\u00e9nariste.\r\nSur les 35 artistes rassembl\u00e9s, 25 appartiennent au cin\u00e9ma fran\u00e7ais, 10 au domaine anglo-saxon. Tous se situent dans la p\u00e9riode qui va de la Nouvelle Vague \u00e0 nos jours,. Sous l'apparente disparit\u00e9 de l'ensemble, on finit par pressentir qu'il existe une coh\u00e9rence secr\u00e8te. Si - pour s'en tenir aux com\u00e9diens de chez nous - Louis de Fun\u00e8s voisine avec Michel Bouquet, Jean-Pierre Marielle avec Bruno Cremer, Claude Rich avec Poelvoorde, Catherine Frot avec Isabelle Carr\u00e9, c'est que ces acteurs si dissemblables appartiennent \u00e0 un cin\u00e9ma qui est \u00e0 la fois populaire et de qualit\u00e9, et que tous ont en commun d'\u00eatre de probes artisans, soucieux de plaire au plus vaste public mais se tenant par convenance \u00e0 l'\u00e9cart du cirque m\u00e9diatique, pensant que l'art n'a pas d'autre but que lui-m\u00eame et, contrairement \u00e0 tant d'autres, r\u00e9pugnant \u00e0 le mettre au service d'une cause quelconque.\r\nGuyot-Jeannin a pens\u00e9 \u00e0 l'amateur du cin\u00e9ma d'outre-Atlantique en incluant d'\u00e9minents metteurs en sc\u00e8ne et acteurs am\u00e9ricains : De Palma, Oliver Stone, Clint Eastwood, Mel Gibson, Sean Connery, Andy Garcia, Charlotte Rampling, Catherine Zeta- Jones et Sharon Stone.\r","authors":["Arnaud Guyot-jeannin","Jean-paul Torok"],"category_codes":["6000000","6070000","6070300"],"visuals":{"large":"https:\/\/images.epagine.fr\/363\/9782888921363_1_75.jpg","medium":"https:\/\/images.epagine.fr\/363\/9782888921363_1_m.jpg","thumbnail":"https:\/\/images.epagine.fr\/363\/9782888921363_1_v.jpg"},"orderable":true,"show_badge":true,"formatted_price":"17,00&nbsp;\u20ac","formatted_published_date":"11 octobre 2012","publisher_availability_label":"Sur commande","short_details":"Arnaud Guyot-jeannin, Jean-paul Torok \u2014 Xenia","translator":null,"weight":268,"page_count":232,"readership":null,"editor":"Xenia","price":1700,"published_date":"2012-10-10T22:00:00.000000Z","support":"Grand format","publisher_availability":1,"stock":0,"editions":[],"url":"https:\/\/quaidesbrumes.com\/ouvrage\/9782888921363\/les-visages-du-cinema-35-portraits-non-conformistes"},{"id":"9798587177895","title":"Chroniques du c'hoarzh - t01 - chroniques du c'hoarzh - edition noir & blanc","description":null,"authors":["Le Gal Olivier"],"category_codes":["6000000","6070000","6070300","6070303"],"visuals":{"large":"https:\/\/quaidesbrumes.com\/img\/book-placeholder.png","medium":"https:\/\/quaidesbrumes.com\/img\/book-placeholder.png","thumbnail":"https:\/\/quaidesbrumes.com\/img\/book-placeholder.png"},"orderable":true,"show_badge":true,"formatted_price":"12,00&nbsp;\u20ac","formatted_published_date":"20 d\u00e9cembre 2020","publisher_availability_label":"Sur commande","short_details":"Le Gal Olivier \u2014 Mojenn \u00c9ditions","translator":null,"weight":118,"page_count":null,"readership":null,"editor":"Mojenn \u00c9ditions","price":1200,"published_date":"2020-12-19T23:00:00.000000Z","support":"Grand format","publisher_availability":1,"stock":0,"editions":[],"url":"https:\/\/quaidesbrumes.com\/ouvrage\/9798587177895\/chroniques-du-choarzh-t01-chroniques-du-choarzh-edition-noir-blanc"},{"id":"9782296996328","title":"Les nibelungen de Fritz Lang, musique de Gottfried Huppertz ; une approche pluridisciplinaire","description":"Le film Les Nibelungen de Fritz Lang appara\u00eet, \u00e0 sa sortie en 1924, comme une oeuvre atypique : d'une ampleur exceptionnelle, surtout pour un film muet, il a aussi b\u00e9n\u00e9fici\u00e9 d'une \u00e9criture musicale pour grand orchestre ainsi que de moyens impressionnants pour le tournage. Gottfried Huppertz, le compositeur, conna\u00eetra une longue descendance. Cet ouvrage collectif croise des approches cin\u00e9matographiques, th\u00e9\u00e2trales, historiques et musicales d'une oeuvre monumentale \u00e0 plus d'un titre.\r","authors":["Violaine Anger","Antoine Roull\u00e9","Jean-loup Bourget"],"category_codes":["6000000","6070000","6070300"],"visuals":{"large":"https:\/\/images.epagine.fr\/328\/9782296996328_1_75.jpg","medium":"https:\/\/images.epagine.fr\/328\/9782296996328_1_m.jpg","thumbnail":"https:\/\/images.epagine.fr\/328\/9782296996328_1_v.jpg"},"orderable":true,"show_badge":true,"formatted_price":"30,00&nbsp;\u20ac","formatted_published_date":"3 octobre 2012","publisher_availability_label":"Sur commande","short_details":"Violaine Anger, Antoine Roull\u00e9, Jean-loup Bourget \u2014 \u00c9ditions L'Harmattan","translator":null,"weight":330,"page_count":258,"readership":null,"editor":"\u00c9ditions L'Harmattan","price":3000,"published_date":"2012-10-02T22:00:00.000000Z","support":"Grand format","publisher_availability":1,"stock":0,"editions":[],"url":"https:\/\/quaidesbrumes.com\/ouvrage\/9782296996328\/les-nibelungen-de-fritz-lang-musique-de-gottfried-huppertz-une-approche-pluridisciplinaire"},{"id":"9783960701217","title":"Peter Bialobrzeski Norderney Diary","description":null,"authors":["Peter Bialobrzeski"],"category_codes":["6000000","6070000","6070200","6070205"],"visuals":{"large":"https:\/\/images.epagine.fr\/217\/9783960701217_1_75.jpg","medium":"https:\/\/images.epagine.fr\/217\/9783960701217_1_m.jpg","thumbnail":"https:\/\/images.epagine.fr\/217\/9783960701217_1_v.jpg"},"orderable":true,"show_badge":true,"formatted_price":"24,00&nbsp;\u20ac","formatted_published_date":"15 f\u00e9vrier 2025","publisher_availability_label":"Sur commande","short_details":"Peter Bialobrzeski \u2014 Hartmann Books","translator":null,"weight":265,"page_count":96,"readership":null,"editor":"Hartmann Books","price":2400,"published_date":"2025-02-14T23:00:00.000000Z","support":"Grand format","publisher_availability":1,"stock":0,"editions":[],"url":"https:\/\/quaidesbrumes.com\/ouvrage\/9783960701217\/peter-bialobrzeski-norderney-diary"},{"id":"9783960701194","title":"Peter Bialobrzeski Vilnius Diary","description":null,"authors":["Peter Bialobrzeski"],"category_codes":["6000000","6070000","6070200","6070205"],"visuals":{"large":"https:\/\/images.epagine.fr\/194\/9783960701194_1_75.jpg","medium":"https:\/\/images.epagine.fr\/194\/9783960701194_1_m.jpg","thumbnail":"https:\/\/images.epagine.fr\/194\/9783960701194_1_v.jpg"},"orderable":true,"show_badge":true,"formatted_price":"24,00&nbsp;\u20ac","formatted_published_date":"15 f\u00e9vrier 2025","publisher_availability_label":"Sur commande","short_details":"Peter Bialobrzeski \u2014 Hartmann Books","translator":null,"weight":265,"page_count":96,"readership":null,"editor":"Hartmann Books","price":2400,"published_date":"2025-02-14T23:00:00.000000Z","support":"Grand format","publisher_availability":1,"stock":0,"editions":[],"url":"https:\/\/quaidesbrumes.com\/ouvrage\/9783960701194\/peter-bialobrzeski-vilnius-diary"},{"id":"9782336001630","title":"Le Fespaco, une affaire d'Etat(s) ; festival panafricain de cin\u00e9ma et de t\u00e9l\u00e9vision de Ouagadougou, 1969-2009","description":"En f\u00e9vrier 1969, \u00e0 l'initiative d'un groupe de cin\u00e9astes et de passionn\u00e9s, na\u00eet \u00e0 Ouagadougou au Burkina Faso, le premier festival de cin\u00e9ma africain au sud du Sahara, devenu aujourd'hui le rendez-vous incontournable pour les cin\u00e9astes du continent, pour lesquels il constitue un tremplin. Le Fespaco rev\u00eat une dimension politique \u00e9vidente, et au fil des ann\u00e9es, il est devenu une v\u00e9ritable vitrine culturelle et politique pour le Burkina.\r","authors":["Colin Dupre","Catherine Ruelle"],"category_codes":["6000000","6070000","6070300"],"visuals":{"large":"https:\/\/images.epagine.fr\/630\/9782336001630_1_75.jpg","medium":"https:\/\/images.epagine.fr\/630\/9782336001630_1_m.jpg","thumbnail":"https:\/\/images.epagine.fr\/630\/9782336001630_1_v.jpg"},"orderable":true,"show_badge":true,"formatted_price":"35,50&nbsp;\u20ac","formatted_published_date":"19 octobre 2012","publisher_availability_label":"Sur commande","short_details":"Colin Dupre, Catherine Ruelle \u2014 \u00c9ditions L'Harmattan","translator":null,"weight":660,"page_count":null,"readership":null,"editor":"\u00c9ditions L'Harmattan","price":3550,"published_date":"2012-10-18T22:00:00.000000Z","support":"Grand format","publisher_availability":1,"stock":0,"editions":[],"url":"https:\/\/quaidesbrumes.com\/ouvrage\/9782336001630\/le-fespaco-une-affaire-detats-festival-panafricain-de-cinema-et-de-television-de-ouagadougou-1969-2009"},{"id":"9782916753218","title":"Love, tattoos & family","description":"Ce livre est n\u00e9 de mon amour pour le tatouage, la photographie et de ma propre exp\u00e9rience en tant que m\u00e8re tatou\u00e9e. J'avais envie de repr\u00e9senter les familles de mani\u00e8re positive, de montrer l'amour qui les unit. J'avais envie de casser l'image du bad guy ou de la femme fantasmatique et d'aller \u00e0 contre-sens des images trop l\u00e9ch\u00e9es de la mode. Le tatouage n'est pas un produit de consommation, il d\u00e9coule d'une vraie passion sinc\u00e8re et durable qu'elle soit adolescente ou plus tardive. J'avais aussi envie de montrer que cette passion s'inscrit dans le temps et que beaucoup de parents n'ont pas de regrets quelque soit leur milieu professionnel ; leur seul regret est de ne plus avoir assez de peau \u00e0 orner. Si le tatouage s'est plus ou moins int\u00e9gr\u00e9 aux moeurs et que chacun a son petit ornement, il n'en demeure pas moins que les personnes fortement tatou\u00e9es (visage, mains, cou, etc.) restent marginalis\u00e9es dans leur pratique. C'est pour cette raison que j'ai essay\u00e9 de photographier beaucoup de parents tr\u00e8s tatou\u00e9s qui avaient des m\u00e9tiers assez    \u00ab norm\u00e9s \u00bb et \u00ab conventionnels \u00bb.\r\nAlexandra Bay","authors":["Bay Alexandra"],"category_codes":["6000000","6070000","6070200"],"visuals":{"large":"https:\/\/images.epagine.fr\/218\/9782916753218_1_75.jpg","medium":"https:\/\/images.epagine.fr\/218\/9782916753218_1_m.jpg","thumbnail":"https:\/\/images.epagine.fr\/218\/9782916753218_1_v.jpg"},"orderable":true,"show_badge":true,"formatted_price":"25,00&nbsp;\u20ac","formatted_published_date":"27 octobre 2012","publisher_availability_label":"Sur commande","short_details":"Bay Alexandra \u2014 Black Out","translator":null,"weight":700,"page_count":76,"readership":null,"editor":"Black Out","price":2500,"published_date":"2012-10-26T22:00:00.000000Z","support":"Beaux-livres","publisher_availability":1,"stock":0,"editions":[],"url":"https:\/\/quaidesbrumes.com\/ouvrage\/9782916753218\/love-tattoos-family"},{"id":"9782336299044","title":"La photographie humanitaire en question ; entre \u00e9thique du photographe et loi du tapage m\u00e9diatique","description":"En raison de son r\u00e9alisme, la photographie a rapidement \u00e9t\u00e9 consid\u00e9r\u00e9e comme le support de communication id\u00e9al pour toutes les ONG qui souhaitaient sensibiliser le public aux grandes causes humanitaires. Ce noble objectif l'a longtemps tenu \u00e0 l'\u00e9cart de toutes critiques, jusqu'\u00e0 ce que ses exc\u00e8s voyeurs et mis\u00e9rabilistes fassent \u00e9merger un plus grand besoin d'\u00e9thique. C'est ainsi que s'est d\u00e9velopp\u00e9e une mani\u00e8re alternative de faire de la photographie humanitaire.\r","authors":["Victoire Dewaegeneire","Serge Regourd"],"category_codes":["6000000","6070000","6070200"],"visuals":{"large":"https:\/\/images.epagine.fr\/044\/9782336299044_1_75.jpg","medium":"https:\/\/images.epagine.fr\/044\/9782336299044_1_m.jpg","thumbnail":"https:\/\/images.epagine.fr\/044\/9782336299044_1_v.jpg"},"orderable":true,"show_badge":true,"formatted_price":"13,00&nbsp;\u20ac","formatted_published_date":"27 juin 2013","publisher_availability_label":"Sur commande","short_details":"Victoire Dewaegeneire, Serge Regourd \u2014 \u00c9ditions L'Harmattan","translator":null,"weight":120,"page_count":92,"readership":null,"editor":"\u00c9ditions L'Harmattan","price":1300,"published_date":"2013-06-26T22:00:00.000000Z","support":"Grand format","publisher_availability":1,"stock":0,"editions":[],"url":"https:\/\/quaidesbrumes.com\/ouvrage\/9782336299044\/la-photographie-humanitaire-en-question-entre-ethique-du-photographe-et-loi-du-tapage-mediatique"},{"id":"9782746654723","title":"Tours au coeur de l'art, embarquement imm\u00e9diat !","description":"Cet ouvrage pr\u00e9fac\u00e9 par Madame Martine AUBRY, Maire de Lille et Pr\u00e9sidente de Lille M\u00e9tropole Communaut\u00e9 urbaine, est compos\u00e9 de 50 cr\u00e9ations photographiques que j'ai prises dans plus de 20 villes touristiques diff\u00e9rentes, \u00e0 Paris, dans le Nord, dans d'autres villes de la France et en Belgique .\r\nCes photos sont accompagn\u00e9es de textes personnels et anciens (certains articles de presse et extraits de livres sur la f\u00eate foraine datent de la fin du XIX\u00b0 si\u00e8cle).  Des parall\u00e8les incroyables entre le pass\u00e9 et le pr\u00e9sent surgissent au fil des pages pour \u00e9veiller la curiosit\u00e9 du lecteur et lui susciter des interrogations. \r\n    Les clich\u00e9s ont \u00e9t\u00e9 r\u00e9alis\u00e9s avec toute mon \u00e2me, sans trucage, au coeur des villes. La nacelle du man\u00e8ge se pr\u00e9sente naturellement  comme  une nacelle touristique qui nous fait d\u00e9couvrir ou red\u00e9couvrir le patrimoine comme les statues, les \u00e9glises, les beffrois; le d\u00e9cor urbain et nous r\u00e9v\u00e8le ainsi l'Histoire et l'Art. Dans le tourbillon de la f\u00eate, notre regard se pose sur la ville pour la contempler et nous restituer cette po\u00e9sie urbaine. C'est peut-\u00eatre une nouvelle d\u00e9finition de l'Art forain du XXI\u00b0si\u00e8cle que je mets en lumi\u00e8re au travers de photos exceptionnelles, insolites et originales de man\u00e8ges dialoguant avec le patrimoine. C'est un rendez-vous avec un \"imaginaire r\u00e9el\" !\r\n  Ce livre d'art est d'une excellente pr\u00e9sentation et sa finition est des plus soign\u00e9es ; il a un cordon marque page et toutes les photos sont rev\u00eatues d'un vernis UV s\u00e9lectif (couvrant jusqu'\u00e0 50% chacune des photos) leur donnant ainsi de l'\u00e9clat et des effets de relief.\r","authors":["R\u00e9gis Renard","Martine Aubry"],"category_codes":["6000000","6070000","6070200"],"visuals":{"large":"https:\/\/images.epagine.fr\/723\/9782746654723_1_75.jpg","medium":"https:\/\/images.epagine.fr\/723\/9782746654723_1_m.jpg","thumbnail":"https:\/\/images.epagine.fr\/723\/9782746654723_1_v.jpg"},"orderable":true,"show_badge":true,"formatted_price":"28,50&nbsp;\u20ac","formatted_published_date":"13 d\u00e9cembre 2012","publisher_availability_label":"Sur commande","short_details":"R\u00e9gis Renard, Martine Aubry \u2014 Atmospheres Festives","translator":null,"weight":790,"page_count":104,"readership":null,"editor":"Atmospheres Festives","price":2850,"published_date":"2012-12-12T23:00:00.000000Z","support":"Grand format","publisher_availability":1,"stock":0,"editions":[],"url":"https:\/\/quaidesbrumes.com\/ouvrage\/9782746654723\/tours-au-coeur-de-lart-embarquement-immediat"},{"id":"9782970058250","title":"D\u00e9cadrages Tome 10 : la trilogie de Dieu de Joao C\u00e9sar Monteiro","description":"\u00abA quoi bon consacrer un dossier \u00e0 Jo\u00e3o C\u00e9sar Monteiro, objet privil\u00e9gi\u00e9 de la cin\u00e9philie fran\u00e7aise?\u00bb, pourrait nous objecter le lecteur. Deux raisons \u00e0 cela, au moins. En premier lieu, la litt\u00e9rature secondaire \u00e0 son sujet est peu abondante - principalement, un recueil chez Yellow Now et un ouvrage \u00absomme\u00bb publi\u00e9 par la Cin\u00e9math\u00e8que portugaise. Il faut le conc\u00e9der, le cin\u00e9ma de Monteiro r\u00e9siste singuli\u00e8rement \u00e0 l'analyse. En effet, celui-ci multiplie les fausses pistes, notamment en exhibant le voyeurisme de son personnage ou en recourant \u00e0 une intertextualit\u00e9 g\u00e9n\u00e9ralis\u00e9e, qui font \u00e9cran \u00e0 la bonne intelligibilit\u00e9 de ses films. En second lieu, nous assistons \u00e0 un fait plut\u00f4t rare, c'est-\u00e0-dire \u00e0 la cr\u00e9ation d'un personnage filmique, lequel joue sur une contagion r\u00e9ciproque entre la figure de l'auteur et le r\u00f4le de l'acteur, celui-ci composant une projection fantasmatique de celle-l\u00e0. Mais alors, pourquoi se restreindre \u00e0 la trilogie de Dieu, entendue, qui plus est, en une acception \u00e9largie (comprenant rien moins que cinq longs m\u00e9trages et un court m\u00e9trage)? De notre point de vue, elle se distingue de la premi\u00e8re \u00abp\u00e9riode\u00bb de Monteiro, ancr\u00e9e dans la culture portugaise; selon un axe diam\u00e9tralement oppos\u00e9, la trilogie r\u00e9capitule et d\u00e9passe l'oeuvre pr\u00e9c\u00e9dente en mettant simultan\u00e9ment en jeu le corps propre de Monteiro et une dissimulation de sa personne sous le masque de l'\u00e9rudition, \u00e0 travers un recours massif aux citations. Il nous a ainsi paru fructueux d'\u00e9tudier pr\u00e9cis\u00e9ment ce qui se joue dans ce corpus particulier.\r\n    Le pr\u00e9sent dossier souscrit pour une part \u00e0 une approche textuelle, en vue de rendre compte de la logique de l'oeuvre, et pour l'autre \u00e0 une approche esth\u00e9tique, dans le but d'analyser la mise en forme de la trilogie. On notera l'absence de grilles de lecture issues du mod\u00e8le des gender studies ou du f\u00e9minisme appliqu\u00e9 au cin\u00e9ma, que l'objet \u00abMonteiro\u00bb semble appeler de mani\u00e8re trop \u00e9vidente. En effet, stigmatiser le regard cens\u00e9ment sadique de films qui offriraient de jeunes vierges en p\u00e2ture \u00e0 un vieux pervers revient selon nous \u00e0 c\u00e9der \u00e0 la strat\u00e9gie de leurre et de camouflage qui pr\u00e9side au cin\u00e9ma de Monteiro, laquelle masque la logique interne de ses oeuvres. Nous ne nions pas la pr\u00e9sence de ces \u00e9l\u00e9ments dans les films, mais nous soutenons que cette dynamique est d\u00e9samorc\u00e9e par un jeu de d\u00e9calage et par le recours \u00e0 la com\u00e9die: en fait, c'est toute une tradition de la perversit\u00e9, de Sade \u00e0 Bataille, qui se trouve ici th\u00e9\u00e2tralis\u00e9e et convoqu\u00e9e \u00e0 titre de citation. Nous pourrions soutenir \u00e0 l'oppos\u00e9 qu'une lecture attentive des films de Monteiro serait riche en enseignements pour une analyse f\u00e9ministe des dispositifs de vision sur lesquels repose le cin\u00e9ma - lecture qui reste encore \u00e0 faire...\r\n    Nous ne proposons pas seulement une analyse de la trilogie de Dieu; nous soumettons encore \u00e0 l'attention du lecteur une s\u00e9rie de documents, \u00e0 savoir des traductions de textes de jeunesse de Monteiro et un entretien avec son dernier chef op\u00e9rateur. Nous entendons ainsi rapporter la trilogie de Dieu aux intentions qui animent Monteiro depuis son entr\u00e9e dans le cin\u00e9ma en tant que critique: l'intransigeance et la radicalit\u00e9 de ses propos, ainsi que l'aspect vindicatif de ses prises de position dans le contexte de la cin\u00e9philie se concr\u00e9tisent \u00e0 travers l'investissement d'un double fictionnel de l'auteur comme paria, \u00absuicid\u00e9 de la soci\u00e9t\u00e9\u00bb. Les textes que nous traduisons rendent compte de la pluralit\u00e9 des registres de l'\u00e9criture de Monteiro: il peut s'agir de critiques de films (en tant que spectateur au Festival de Pesaro, en 1970, il prend la d\u00e9fense des rares films qui lui paraissent singuliers, de Fassbinder \u00e0 Garrel en passant par Arrietta); de textes autobiographiques (\u00abMa certitude\u00bb qui relate son passage au cin\u00e9ma, ou encore le manifeste \u00abPetit papier\u00bb qui d\u00e9nonce l'\u00e9tat de la production cin\u00e9matographique au Portugal); de po\u00e8mes (\u00abCorps submerg\u00e9\u00bb, un recueil de jeunesse d\u00e9savou\u00e9 par son auteur); et enfin de documents parafilmiques (un extrait non tourn\u00e9 du sc\u00e9nario du Bassin de J. W. et le \u00abjournal intime de Jean de Dieu\u00bb, tenu sur le tournage de La com\u00e9die de Dieu). Par ailleurs, en donnant la parole \u00e0 Mario Barroso, chef op\u00e9rateur de Monteiro depuis La com\u00e9die de Dieu, nous sommes plus \u00e0 m\u00eame de percevoir le processus d'\u00e9laboration du style qui restera attach\u00e9 au cin\u00e9aste lusitanien, caract\u00e9ris\u00e9 par l'\u00e9pure et la fixit\u00e9 des plans, ainsi que par un \u00e9clairage minimal permettant les contre-jours et les fausses teintes.\r\n    Les analyses critiques suivent trois axes qui parfois s'entrecroisent: l'analyse proprement dite des films de la trilogie; la prise en compte de leur r\u00e9ception critique au Portugal et en France, sa terre d'\u00e9lection en quelque sorte; enfin le d\u00e9cryptage des intertextes que le cin\u00e9aste met en jeu, en relation \u00e0 sa culture cin\u00e9philique. Fran\u00e7ois Bovier et C\u00e9dric Fl\u00fcckiger retracent les dispositifs de vision au centre de la trilogie, mettant en \u00e9vidence la dynamique f\u00e9tichiste de ce cycle vu \u00e0 travers le filtre de Bataille. Appara\u00eet ainsi la pr\u00e9dominance du motif de l'oeil et de ses diff\u00e9rents substituts (les boules de glace, les oeufs, un monocle, etc.), selon un mouvement de transgression syst\u00e9matique. Mathias Lavin met en \u00e9vidence un certain nombre de clefs dans l'univers monteirien, en ressaisissant les citations cin\u00e9philiques qui \u00e9maillent la trilogie. En ressort une dynamique carnavalesque, \u00e9troitement articul\u00e9e \u00e0 la culture vernaculaire portugaise. Bovier et Fl\u00fcckiger, analysant deux  films adjacents \u00e0 la trilogie, d\u00e9crivent la d\u00e9rive et la destitution du personnage de Jean de Dieu. C'est l'occasion de r\u00e9inscrire la posture de Monteiro dans la tradition cin\u00e9philique fran\u00e7aise (en l'occurrence, Serge Daney), tout en posant la question des improbables affinit\u00e9s entre la r\u00e9sistance politique et le r\u00e9alisme cin\u00e9matographique (\u00e0 travers l'\u00e9trange bin\u00f4me Straub\/Huillet et Rossellini). Ricardo da Silva, suivant une approche historiographique, remet en cause le mythe de l'artiste maudit construit par la critique fran\u00e7aise, constituant \u00e0 la fois une entreprise de r\u00e9cup\u00e9ration et de r\u00e9habilitation de son oeuvre. Il expose encore la carence de la prise en compte de ses films au Portugal, la critique s'en tenant au caract\u00e8re scandaleux de la trilogie et \u00e0 l'aura que son auteur a acquis sur un plan international.\r\n\r\nLa rubrique cin\u00e9ma suisse est centr\u00e9e autour de deux figures du jeune cin\u00e9ma romand, Jean-St\u00e9phane Bron et Lionel Baier, le premier envisag\u00e9 par Alain Boillat dans son rapport au documentaire, et le second par Laura Legast dans sa pratique de l'autofiction. Boillat met en \u00e9vidence la tension fructueuse qui se noue entre le mod\u00e8le de l'entretien filmique et la r\u00e9f\u00e9rence au film de famille d'une part, et l'incarnation des personnages dans la fiction filmique d'autre part. Le passage \u00e0 la fiction de Bron est ainsi n\u00e9goci\u00e9 avec succ\u00e8s, celui-ci jouant avec les codes affili\u00e9s au cin\u00e9ma documentaire. Legast s'attache aux projections autobiographiques de Baier et au jeu de miroir qui s'installe entre les diff\u00e9rentes d\u00e9clinaisons de sa personne (ainsi Lionel Baier cin\u00e9aste joue un personnage homonyme, lequel a \u00e9crit un roman de jeunesse autobiographique, rejouant d\u00e8s lors l'\u00e9nonciation du film). Les ascendances polonaises suppos\u00e9es de la famille autorisent de plus la r\u00e9activation du genre du road movie comme m\u00e9taphore d'un retour aux sources. Par ailleurs, Boillat s'interroge sur les implications esth\u00e9tiques du montage dans Das Fr\u00e4ulein d'Andrea Staka.\r\n    Alain Freudiger applique des notions propres \u00e0 l'analyse de films, telles que le montage ou le hors-champ, \u00e0 un objet qui n'est qu'indirectement apparent\u00e9 au cin\u00e9ma, en l'occurrence la vid\u00e9osurveillance et le \u00abhappy slapping\u00bb. L'originalit\u00e9 de la d\u00e9marche de Freudiger, croisant une perspective sociologique \u00e0 l'examen des dispositifs de vision, le distingue des lieux communs qui abondent habituellement et r\u00e9cemment encore dans la presse suisse romande. Enfin, Marthe Porret et Anne-Katrin Weber pr\u00e9sentent le cursus du nouveau Master Cin\u00e9ma.","authors":["Collectif"],"category_codes":["6000000","6070000","6070300"],"visuals":{"large":"https:\/\/images.epagine.fr\/250\/9782970058250_1_75.jpg","medium":"https:\/\/images.epagine.fr\/250\/9782970058250_1_m.jpg","thumbnail":"https:\/\/images.epagine.fr\/250\/9782970058250_1_v.jpg"},"orderable":true,"show_badge":true,"formatted_price":"10,00&nbsp;\u20ac","formatted_published_date":"1er mai 2007","publisher_availability_label":"Sur commande","short_details":"Collectif \u2014 Decadrages","translator":null,"weight":287,"page_count":132,"readership":null,"editor":"Decadrages","price":1000,"published_date":"2007-04-30T22:00:00.000000Z","support":"Grand format","publisher_availability":1,"stock":0,"editions":[],"url":"https:\/\/quaidesbrumes.com\/ouvrage\/9782970058250\/decadrages-tome-10-la-trilogie-de-dieu-de-joao-cesar-monteiro"},{"id":"9782970058274","title":"D\u00e9cadrages Tome 12 : Fredi M. Murer","description":"Si Fredi Melchior Murer est unanimement reconnu comme un des plus importants r\u00e9alisateurs suisses, il n'existe que quelques publications consacr\u00e9es au cin\u00e9aste, celles en fran\u00e7ais se comptant sur les doigts de la main. Le succ\u00e8s public de Vitus (2006), le dernier film de Murer \u00e0 ce jour, ainsi qu'une r\u00e9cente r\u00e9trospective mont\u00e9e par la Cin\u00e9math\u00e8que suisse nous ont incit\u00e9s \u00e0 r\u00e9unir un dossier proposant d'une part des analyses fines de certains films et permettant d'autre part de r\u00e9interroger certains aspects r\u00e9put\u00e9s centraux dans la carri\u00e8re de Murer. Celle-ci a suivi des orientations extr\u00eamement diverses, d'un \u00abcin\u00e9ma priv\u00e9\u00bb parfois quasi exp\u00e9rimental au long m\u00e9trage narratif et humaniste en passant par le portrait d'artiste, le documentaire ethnographique, le film de critique sociale, l'all\u00e9gorie utopiste ou le drame oedipien. Tout en soulignant ces variations, il s'agissait donc de d\u00e9gager certains traits r\u00e9currents, notamment le rapport que Murer entretient \u00e0 la soci\u00e9t\u00e9 qui l'entoure. Car si comme plusieurs critiques et historiens l'ont soulign\u00e9, Murer cherche souvent \u00e0 se d\u00e9gager du lieu dans lequel il vit pour \u00e9largir son propos \u00e0 des questions plus g\u00e9n\u00e9rales, nombre de ses films ne sauraient cependant se concevoir et \u00eatre per\u00e7us hors de cet espace dont il tire son inspiration et avec lequel il se confronte - ne serait-ce d\u00e9j\u00e0 qu'au plan de la r\u00e9ception critique, ses films ayant circul\u00e9 en premier lieu en Suisse.\r\n    C'est en effet dans un dialogue constant avec des acteurs locaux du champ cin\u00e9matographique que les films de Murer ont paru et ont circul\u00e9. Le t\u00e9moignage de Marcel Leiser insiste ainsi sur l'impact que les premiers films de Murer ont eu sur toute une g\u00e9n\u00e9ration, notamment suite \u00e0 leur pr\u00e9sentation aux premi\u00e8res Journ\u00e9es de Soleure et aux d\u00e9bats qu'ils suscit\u00e8rent. Le cin\u00e9aste Richard Dindo s'appuie ainsi sur Wir Bergler in den Bergen sind eigentlich nicht schuld, dass wir da sind (1974) pour affirmer qu'il est possible en Suisse de d\u00e9velopper une pratique cin\u00e9matographique authentique au plan documentaire: en mettant \u00e0 jour les fondements id\u00e9ologiques d'un peuple, le documentaire r\u00e9v\u00e8lerait ce qu'il y a \u00abde mensonger dans les r\u00e9cits de notre histoire\u00bb. On pourrait ainsi repartir de z\u00e9ro selon Dindo et, gr\u00e2ce \u00e0 cette pratique documentaire, fonder un cin\u00e9ma de fiction qui \u00e9chappe \u00e0 la tradition, au patriotique. Gr\u00e2ce \u00e0 ce regard documentaire, Grauzone, bien que situ\u00e9 dans un avenir de science-fiction, dresse un portait fid\u00e8le de notre soci\u00e9t\u00e9. On le voit, Murer se trouve ainsi propuls\u00e9 \u00e0 une place \u00e9lev\u00e9e dans la hi\u00e9rarchie du cin\u00e9ma suisse, comme le soulignait aussi Freddy Buache.\r\n    Mais plut\u00f4t que de revenir sur la place de Murer dans ce classement, il nous a paru utile de nous replonger plus directement dans les films et notamment sur certaines p\u00e9riodes moins connues de la carri\u00e8re du cin\u00e9aste. Fran\u00e7ois Bovier resitue les premiers films de Murer - r\u00e9put\u00e9s \u00abexp\u00e9rimentaux\u00bb - par rapport aux avant-gardes en insistant sur le d\u00e9calage qu'ils pr\u00e9sentent avec les films de ses contemporains, Schoenherr notamment. Ce \u00abcin\u00e9ma priv\u00e9\u00bb le m\u00e8ne \u00e0 une interrogation des fronti\u00e8res entre des genres jug\u00e9s totalement h\u00e9t\u00e9rog\u00e8nes. Il en va de m\u00eame pour Christopher & Alexander (1973) qui questionne les limites du film de famille: Alexandra Schneider montre comment le film red\u00e9finit les notions de cercle priv\u00e9 et d'intime en se pr\u00e9sentant comme un faux film de famille. Une m\u00eame interrogation formelle est au fondement de Hohenfeuer (1985) qui tout en \u00e9tant situ\u00e9 dans le cadre traditionnel du cin\u00e9ma suisse cherche par diverses strat\u00e9gies finement analys\u00e9es par Jacob Lachat \u00e0 \u00e9chapper \u00e0 la repr\u00e9sentation de la montagne majestueuse et charg\u00e9e de connotations morales et patriotiques.\r\n    Enfin, ce sont les derniers films qui ont retenu l'attention. Marcy Goldberg propose une analyse transversale des fictions de Murer, dont la forme all\u00e9gorique cache une critique sociale radicale. Les deux derniers longs m\u00e9trages de Murer, Vollmond (1998) et Vitus, pr\u00e9sentent un contraste marqu\u00e9 avec ses oeuvres ant\u00e9rieures, particuli\u00e8rement Vitus dont se d\u00e9gage un manifeste souci de divertissement. Il convenait de saisir en quoi ces films marquent un tournant dans la production du cin\u00e9aste tout en montrant que, malgr\u00e9 ces diff\u00e9rences manifestes, des th\u00e9matiques se retrouvent, pr\u00e9sentes d\u00e8s les d\u00e9buts de Murer. Il convenait aussi de se demander dans quelle mesure les modifications des aides f\u00e9d\u00e9rales et plus g\u00e9n\u00e9ralement du financement du cin\u00e9ma suisse ont eu un impact sur la carri\u00e8re ph\u00e9nom\u00e9nale de Vitus. Christian Davi, producteur du film, s'en est expliqu\u00e9 \u00e0 Marthe Porret. Malgr\u00e9 la diff\u00e9rence g\u00e9n\u00e9rationnelle, c'est un souci commun de faire leurs films dans l'ind\u00e9pendance, de pouvoir travailler hors de la pression du succ\u00e8s qui r\u00e9unit ces deux cin\u00e9astes. \r\n    Par ailleurs, dans ce qui constitue un cahier \u00e0 part, nous publions certaines esquisses de Fredi Murer qui figurent dans le sc\u00e9nario original de Hohenfeuer.\r\n    Enfin, comme \u00e0 l'habitude, des articles li\u00e9s \u00e0 l'actualit\u00e9 nationale compl\u00e8tent le dossier. Alain Freudiger s'est ainsi pench\u00e9 sur Un vivant qui passe de Claude Lanzmann (1997), consacr\u00e9 \u00e0 Maurice Rossel, d\u00e9l\u00e9gu\u00e9 du CICR qui se rendit \u00e0 Auschwitz durant la guerre. Alors que ce sont une s\u00e9rie de trois dvd (Zeitreisen in die Vergangenheit der Schweiz) qui ont retenu notre attention dans la mesure o\u00f9 ils permettent de d\u00e9couvrir un pan encore peu connu de l'histoire du cin\u00e9ma suisse: les courts m\u00e9trages de commande, S\u00e9verine Graff rend compte de la sortie du dernier num\u00e9ro de la Revue historique vaudoise consacr\u00e9 \u00e0 divers aspects de l'histoire du cin\u00e9ma en Suisse romande, tandis que Patrick Straumann fait le compte rendu de la derni\u00e8re publication de Margrit Trohler, Professeure au Seminar f\u00fcr Filmwissenschaft de l'Universit\u00e9 de Zurich, publication consacr\u00e9e au film choral.","authors":["Collectif"],"category_codes":["6000000","6070000","6070300"],"visuals":{"large":"https:\/\/images.epagine.fr\/274\/9782970058274_1_75.jpg","medium":"https:\/\/images.epagine.fr\/274\/9782970058274_1_m.jpg","thumbnail":"https:\/\/images.epagine.fr\/274\/9782970058274_1_v.jpg"},"orderable":true,"show_badge":true,"formatted_price":"10,00&nbsp;\u20ac","formatted_published_date":"1er mai 2008","publisher_availability_label":"Sur commande","short_details":"Collectif \u2014 Decadrages","translator":null,"weight":232,"page_count":108,"readership":null,"editor":"Decadrages","price":1000,"published_date":"2008-04-30T22:00:00.000000Z","support":"Grand format","publisher_availability":1,"stock":0,"editions":[],"url":"https:\/\/quaidesbrumes.com\/ouvrage\/9782970058274\/decadrages-tome-12-fredi-m-murer"},{"id":"9782970058229","title":"D\u00e9cadrages Tome 6 : train et cin\u00e9ma","description":"Le train, v\u00e9hicule m\u00e9canique qui participe activement aux transformations de l'espace, de la temporalit\u00e9 et de la perception induites par l'exp\u00e9rience de la modernit\u00e9, appara\u00eet comme un motif omnipr\u00e9sent au cin\u00e9ma. Et ce, d\u00e8s les premiers temps du cin\u00e9ma, embl\u00e9matiquement \u00e0 travers la vue c\u00e9l\u00e9br\u00e9e des fr\u00e8res Lumi\u00e8re L'arriv\u00e9e d'un train en gare de la Ciotat (1895), mais aussi \u00e0 travers de nombreux films mettant en jeu un mouvement dans le cadre ou encore le mouvement de la cam\u00e9ra, celle-ci \u00e9tant fix\u00e9e sur une locomotive. Dans ce dossier, l'accent porte sur le cin\u00e9ma muet, tout en prenant en consid\u00e9ration certaines r\u00e9actualisations r\u00e9centes du train en tant que motif ou en tant que dispositif dans des pratiques aussi bien exp\u00e9rimentales que grand public.\r\nLe dossier th\u00e9matique s'ouvre sur une analyse th\u00e9orique de Mireille Berton qui associe le train aux discours et aux exp\u00e9rimentations scientifiques qui portent sur l'hyst\u00e9rie et l'hypnose, mettant ainsi au jour une conjonction relativement m\u00e9connue entre les dispositifs ferroviaires, cin\u00e9matographiques et m\u00e9dicaux au tournant du si\u00e8cle. Fran\u00e7ois Albera examine les ph\u00e9nom\u00e8nes de novellisation dans les ann\u00e9es 1920, en rapportant un film central dans la topique ferroviaire, \u00e0 savoir La Roue d'Abel Gance, \u00e0 sa source romanesque (Le rail de Pierre Hamp) et \u00e0 sa reprise feuilletonesque par Ricciotto Canudo. Fran\u00e7ois Bovier met en relation les variations perceptives que l'artiste Richard Serra et le cin\u00e9aste Ken Jacobs ont op\u00e9r\u00e9es depuis les ann\u00e9es 1970 \u00e0 partir de la d\u00e9coupe de l'espace op\u00e9r\u00e9e par le train. Charles-Antoine Courcoux d\u00e9construit la repr\u00e9sentation de la masculinit\u00e9 dans les block-busters am\u00e9ricains en analysant des sc\u00e8nes spectaculaires qui mettent en prise l'homme \u00e0 la locomotive. Philippe Ney retrace la constitution du motif du train lunaire, en comparant les f\u00e9eries filmiques d'un Georges M\u00e9li\u00e8s aux fantaisies litt\u00e9raires de Jules Verne et aux comics am\u00e9ricains. Enfin, nous reproduisons deux passages de l'ouvrage de Livio Bello\u00ef, aujourd'hui \u00e9puis\u00e9, consacr\u00e9 au cin\u00e9ma des premiers temps, qui traitent plus pr\u00e9cis\u00e9ment de la structure du train en tant que projectile et de la vue attentatoire qui lui est associ\u00e9e.\r\nLa rubrique suisse prolonge pour une part le dossier th\u00e9matique consacr\u00e9 au train : Pierre-Emmanuel Jaques examine les films publicitaires produits par les CFF, tandis que Roland Cosandey analyse, \u00e0 partir d'une production de 1903, l'articulation qui relie inextricablement le paysage suisse au chemin de fer et \u00e0 l'exploit sportif. Pour l'autre part, la rubrique suisse est consacr\u00e9e \u00e0 diff\u00e9rents films d'art et essai contemporains : Marthe Porret et Laura Legast retracent le parcours des cin\u00e9astes Nicolas Humbert et Werner Penzel \u00e0 travers un entretien, tandis que Fran\u00e7ois Bovier et Andr\u00e9 Chaperon proposent une lecture du premier film que Antoine Cattin et Pavel Kostomarov ont r\u00e9alis\u00e9 en Tch\u00e9tch\u00e9nie.","authors":["Alain Boillat"],"category_codes":["6000000","6070000","6070300"],"visuals":{"large":"https:\/\/images.epagine.fr\/229\/9782970058229_1_75.jpg","medium":"https:\/\/images.epagine.fr\/229\/9782970058229_1_m.jpg","thumbnail":"https:\/\/images.epagine.fr\/229\/9782970058229_1_v.jpg"},"orderable":true,"show_badge":true,"formatted_price":"9,00&nbsp;\u20ac","formatted_published_date":"1er septembre 2005","publisher_availability_label":"Sur commande","short_details":"Alain Boillat \u2014 Decadrages","translator":null,"weight":300,"page_count":132,"readership":null,"editor":"Decadrages","price":900,"published_date":"2005-08-31T22:00:00.000000Z","support":"Grand format","publisher_availability":1,"stock":0,"editions":[],"url":"https:\/\/quaidesbrumes.com\/ouvrage\/9782970058229\/decadrages-tome-6-train-et-cinema"},{"id":"9782296996168","title":"Le temoignage expos\u00e9 ; du document \u00e0 l'objet m\u00e9diatique","description":"Mieux saisir les diff\u00e9rents composants du t\u00e9moignage dans l'exposition \u00e9labor\u00e9e comme dispositif de m\u00e9diation au point d'en identifier les dimensions nodales de sa transformation en objet m\u00e9diatiques, symbolique et social, autrement dit en objet communicationnel, c'est ce que propose cet ouvrage. Cette compr\u00e9hension nouvelle du t\u00e9moignage comme objet par nature communicationnel, porteur d'enjeux politiques, fait sortir le mus\u00e9e de son cadre habituel.\r","authors":["Linda Idj\u00e9raoui-ravez","Jean Davallon"],"category_codes":["6000000","6070000","6070300"],"visuals":{"large":"https:\/\/images.epagine.fr\/168\/9782296996168_1_75.jpg","medium":"https:\/\/images.epagine.fr\/168\/9782296996168_1_m.jpg","thumbnail":"https:\/\/images.epagine.fr\/168\/9782296996168_1_v.jpg"},"orderable":true,"show_badge":true,"formatted_price":"18,00&nbsp;\u20ac","formatted_published_date":"17 juillet 2012","publisher_availability_label":"Sur commande","short_details":"Linda Idj\u00e9raoui-ravez, Jean Davallon \u2014 \u00c9ditions L'Harmattan","translator":null,"weight":205,"page_count":166,"readership":null,"editor":"\u00c9ditions L'Harmattan","price":1800,"published_date":"2012-07-16T22:00:00.000000Z","support":"Grand format","publisher_availability":1,"stock":0,"editions":[],"url":"https:\/\/quaidesbrumes.com\/ouvrage\/9782296996168\/le-temoignage-expose-du-document-a-lobjet-mediatique"},{"id":"9782296991323","title":"Oedipe roi de Pasolini ; po\u00e9tique de la mim\u00e8sis","description":"A partir d'une analyse de l'adaptation par le cin\u00e9aste italien Pasolini du mythe d'Oedipe, cet essai montre de quelle mani\u00e8re s'y joue un double d\u00e9savoeu mim\u00e9tique : le pouvoir de la r\u00e9p\u00e9tition ; un secret est d\u00e9rob\u00e9 aux images comme \u00e0 la conscience, vers lequel convergent les forces qui animent le film et le \"sujet\" de l'\u00e9criture. Cet essai se tient au plus pr\u00e8s de la puissance donatrice et expropriatrice du sens et du propre voulue par Pasolini comme \u00e9mergence, le temps d'un film, d'une mim\u00e8sis cin\u00e9matographique.\r","authors":["Florence Bernard De Courville","Herv\u00e9 Joubert-laurencin"],"category_codes":["6000000","6070000","6070300"],"visuals":{"large":"https:\/\/images.epagine.fr\/323\/9782296991323_1_75.jpg","medium":"https:\/\/images.epagine.fr\/323\/9782296991323_1_m.jpg","thumbnail":"https:\/\/images.epagine.fr\/323\/9782296991323_1_v.jpg"},"orderable":true,"show_badge":true,"formatted_price":"22,00&nbsp;\u20ac","formatted_published_date":"26 juin 2012","publisher_availability_label":"Sur commande","short_details":"Florence Bernard De Courville, Herv\u00e9 Joubert-laurencin \u2014 \u00c9ditions L'Harmattan","translator":null,"weight":260,"page_count":206,"readership":null,"editor":"\u00c9ditions L'Harmattan","price":2200,"published_date":"2012-06-25T22:00:00.000000Z","support":"Grand format","publisher_availability":1,"stock":0,"editions":[],"url":"https:\/\/quaidesbrumes.com\/ouvrage\/9782296991323\/oedipe-roi-de-pasolini-poetique-de-la-mimesis"}]}