{"data":[{"id":"9782878545852","title":"Cin\u00e9ma en situation, exp\u00e9riences et usages du film","description":"\u00ab Les films sont davantage que ce qui tombe de l'\u00e9cran et des haut-parleurs \u00bb \u00e9crivait en 1932 le sociologue am\u00e9ricain Herbert Blumer. Donner du sens aux donn\u00e9es audiovisuelles suppose en effet quantit\u00e9 d'interactions entre toutes sortes d'agents et quantit\u00e9 d'ajustements entre toutes sortes d'hypoth\u00e8ses interpr\u00e9tatives. Au lieu d'\u00eatre centr\u00e9 sur le \u00ab texte \u00bb, mais sans pour autant poser que le spectateur est libre d'interpr\u00e9ter \u00e0 sa guise toutes les donn\u00e9es qui lui arrivent, cet ouvrage explore la situation cin\u00e9matographique, ce moment de vie privil\u00e9gi\u00e9 qui mobilise nos ressources et nos dispositions.","authors":["Fran\u00e7oise Aub\u00e8s","Laurent Jullier","Jean-k\u00e9ly Paulhan"],"category_codes":["6000000","6070000","6070300","6070306"],"visuals":{"large":"https:\/\/images.epagine.fr\/852\/9782878545852_1_75.jpg","medium":"https:\/\/images.epagine.fr\/852\/9782878545852_1_m.jpg","thumbnail":"https:\/\/images.epagine.fr\/852\/9782878545852_1_v.jpg"},"orderable":true,"show_badge":true,"formatted_price":"19,00&nbsp;\u20ac","formatted_published_date":"10 novembre 2012","publisher_availability_label":"Sur commande","short_details":"Fran\u00e7oise Aub\u00e8s, Laurent Jullier, Jean-k\u00e9ly Paulhan \u2014 Presses De La Sorbonne Nouvelle","translator":null,"weight":333,"page_count":142,"readership":null,"editor":"Presses De La Sorbonne Nouvelle","price":1900,"published_date":"2012-11-09T23:00:00.000000Z","support":"Grand format","publisher_availability":1,"stock":0,"editions":[],"url":"https:\/\/quaidesbrumes.com\/ouvrage\/9782878545852\/cinema-en-situation-experiences-et-usages-du-film"},{"id":"9782878545845","title":"Bollywood : industrie des images","description":"Bollywood ne se r\u00e9sume pas \u00e0 une gigantesque fabrique filmique, c'est aussi le lieu o\u00f9 s'est forg\u00e9e, en images, en musique et en chor\u00e9graphies une certaine id\u00e9e de l'Inde. La dimension industries culturelles, qui combine histoire, \u00e9conomie, sociologie et approche esth\u00e9tique des images, permet ici d'op\u00e9rer une plong\u00e9e en profondeur dans la soci\u00e9t\u00e9 indienne et de d\u00e9crypter le rapport qu'elle entretient avec le reste du monde. Notre objectif est donc de d\u00e9passer l'\u00e9tude stricto sensu d'un r\u00e9pertoire cin\u00e9matographique pour embrasser les divers aspects qui fondent et font \u00e9voluer la Mecque du cin\u00e9ma indien. Bollywood pluriel d\u00e9cline ses industries cr\u00e9atives dans un contexte nouveau de globalisation. Produisant depuis des d\u00e9cennies un cin\u00e9ma d'auteur et de divertissement populaire, des s\u00e9ries t\u00e9l\u00e9vis\u00e9es, des films d'animation et des documentaires, Bollywood est capable d'absorber les courants culturels venus d'ailleurs. Il \u00e9pouse \u00e0 sa mani\u00e8re les grandes tendances du cin\u00e9ma-monde pour d\u00e9ployer une activit\u00e9 industrielle d'envergure en s'appuyant sur une tradition ancestrale de l'image.","authors":["Georgeta Cislaru","Fabienne Baider"],"category_codes":["6000000","6070000","6070300","6070306"],"visuals":{"large":"https:\/\/images.epagine.fr\/845\/9782878545845_1_75.jpg","medium":"https:\/\/images.epagine.fr\/845\/9782878545845_1_m.jpg","thumbnail":"https:\/\/images.epagine.fr\/845\/9782878545845_1_v.jpg"},"orderable":true,"show_badge":true,"formatted_price":"24,00&nbsp;\u20ac","formatted_published_date":"10 novembre 2012","publisher_availability_label":"Sur commande","short_details":"Georgeta Cislaru, Fabienne Baider \u2014 Presses De La Sorbonne Nouvelle","translator":null,"weight":451,"page_count":204,"readership":null,"editor":"Presses De La Sorbonne Nouvelle","price":2400,"published_date":"2012-11-09T23:00:00.000000Z","support":"Grand format","publisher_availability":1,"stock":0,"editions":[],"url":"https:\/\/quaidesbrumes.com\/ouvrage\/9782878545845\/bollywood-industrie-des-images"},{"id":"9782919070640","title":"J'aime regarder les filles (scenario du film, version luxe)","description":null,"authors":["Frederic Louf"],"category_codes":["6000000","6070000","6070300"],"visuals":{"large":"https:\/\/images.epagine.fr\/640\/9782919070640_1_75.jpg","medium":"https:\/\/images.epagine.fr\/640\/9782919070640_1_m.jpg","thumbnail":"https:\/\/images.epagine.fr\/640\/9782919070640_1_v.jpg"},"orderable":true,"show_badge":true,"formatted_price":"24,00&nbsp;\u20ac","formatted_published_date":"11 mars 2013","publisher_availability_label":"Sur commande","short_details":"Frederic Louf \u2014 Lettmotif","translator":null,"weight":480,"page_count":null,"readership":null,"editor":"Lettmotif","price":2400,"published_date":"2013-03-10T23:00:00.000000Z","support":"Grand format","publisher_availability":1,"stock":0,"editions":[],"url":"https:\/\/quaidesbrumes.com\/ouvrage\/9782919070640\/jaime-regarder-les-filles-scenario-du-film-version-luxe"},{"id":"9782919077175","title":"Echappees belles 2013","description":null,"authors":["Collectif"],"category_codes":["6000000","6070000","6070200"],"visuals":{"large":"https:\/\/images.epagine.fr\/175\/9782919077175_1_75.jpg","medium":"https:\/\/images.epagine.fr\/175\/9782919077175_1_m.jpg","thumbnail":"https:\/\/images.epagine.fr\/175\/9782919077175_1_v.jpg"},"orderable":true,"show_badge":true,"formatted_price":"15,00&nbsp;\u20ac","formatted_published_date":"1er juillet 2013","publisher_availability_label":"Sur commande","short_details":"Collectif \u2014 Diaphane","translator":null,"weight":300,"page_count":null,"readership":null,"editor":"Diaphane","price":1500,"published_date":"2013-06-30T22:00:00.000000Z","support":"Grand format","publisher_availability":1,"stock":0,"editions":[],"url":"https:\/\/quaidesbrumes.com\/ouvrage\/9782919077175\/echappees-belles-2013"},{"id":"9782915148091","title":"L'esprit de la terre","description":"Ici, les villages sont minuscules et tellement \u00e9loign\u00e9s les uns des autres que chaque visite chez le voisin ressemble \u00e0 une exp\u00e9dition. Ici, les seules fum\u00e9es que l'on croise sortent des chemin\u00e9es basses sous lesquelles ronflent des feux de b\u00fbches, montent des fumiers toujours gras ou aur\u00e9olent les naseaux des boeufs \u00e0 la t\u00e2che. Ici, les seuls bruits entendus sont ceux des pas sur la neige, des arbres qui craquent sous le vent, des coeurs qui battent et souffrent sous l'effort, des pierres qui peaufinent les faux pour l'\u00e9t\u00e9, des marteaux qui sculptent les fers des chevaux. Les villageois sont tr\u00e8s souvent m\u00e9fiants, ils n'aiment gu\u00e8re que l'on vienne interrompre leurs saisons. Comme tout amoureux, Marc Paygnard a tr\u00e8s vite compris qu'il se devait d'\u00eatre patient et discret. De se rendre invisible pour se faire accepter. S'il avait montr\u00e9 la moindre fougue, aucune des images pr\u00e9sentes dans ce livre n'aurait jamais connu le jour. Jamais ses mots n'auraient traduit avec une telle justesse ce qu'\u00e9tait le quotidien de ces gens aujourd'hui quasiment disparus. Les plus jeunes d'entre les lecteurs croiront peut-\u00eatre que ces habits, ces gueules, ces outils et ces f\u00eates nous viennent du Moyen-\u00c2ge et sont porteurs de nostalgie.","authors":["Joseph Orban","Marc Paygnard"],"category_codes":["6000000","6070000","6070200"],"visuals":{"large":"https:\/\/images.epagine.fr\/091\/9782915148091_1_75.jpg","medium":"https:\/\/images.epagine.fr\/091\/9782915148091_1_m.jpg","thumbnail":"https:\/\/images.epagine.fr\/091\/9782915148091_1_v.jpg"},"orderable":true,"show_badge":true,"formatted_price":"35,00&nbsp;\u20ac","formatted_published_date":"10 novembre 2006","publisher_availability_label":"Sur commande","short_details":"Joseph Orban, Marc Paygnard \u2014 Noires Terres","translator":null,"weight":1232,"page_count":176,"readership":null,"editor":"Noires Terres","price":3500,"published_date":"2006-11-09T23:00:00.000000Z","support":"Grand format","publisher_availability":1,"stock":0,"editions":[],"url":"https:\/\/quaidesbrumes.com\/ouvrage\/9782915148091\/lesprit-de-la-terre"},{"id":"9782343044644","title":"Esth\u00e9tique et r\u00e9ception du dessin anim\u00e9 francais sous l'occupation (1940-1944) ; l'\u00e9mergence d'une \u00e9cole fran\u00e7aise ?","description":"Le gouvernement de Vichy n'a-t-il pas cherch\u00e9 \u00e0 utiliser le dessin anim\u00e9 comme moyen de propagande ? Comment se positionne la soci\u00e9t\u00e9 \"Les G\u00e9meaux\" entre obsession disneyenne du public, nostalgie d'une splendeur pass\u00e9e des journalistes, promotion de l'art fran\u00e7ais du gouvernement et recherche d'une voie nouvelle par Grimault et Sarrut ? Entre 1940 et 1944, les tensions s'exacerbent quant \u00e0 la d\u00e9finition d'une animation \"fran\u00e7aise\". C'est ce que l'auteur explore dans ce troisi\u00e8me volume.","authors":["S\u00e9bastien Roffat","S\u00e9bastien Denis"],"category_codes":["6000000","6070000","6070300"],"visuals":{"large":"https:\/\/images.epagine.fr\/644\/9782343044644_1_75.jpg","medium":"https:\/\/images.epagine.fr\/644\/9782343044644_1_m.jpg","thumbnail":"https:\/\/images.epagine.fr\/644\/9782343044644_1_v.jpg"},"orderable":true,"show_badge":true,"formatted_price":"39,00&nbsp;\u20ac","formatted_published_date":"27 novembre 2014","publisher_availability_label":"Sur commande","short_details":"S\u00e9bastien Roffat, S\u00e9bastien Denis \u2014 \u00c9ditions L'Harmattan","translator":null,"weight":550,"page_count":352,"readership":null,"editor":"\u00c9ditions L'Harmattan","price":3900,"published_date":"2014-11-26T23:00:00.000000Z","support":"Grand format","publisher_availability":1,"stock":0,"editions":[],"url":"https:\/\/quaidesbrumes.com\/ouvrage\/9782343044644\/esthetique-et-reception-du-dessin-anime-francais-sous-loccupation-1940-1944-lemergence-dune-ecole-francaise"},{"id":"9782336309729","title":"Exemple de coop\u00e9ration nord-sud ; Margny-les-Compi\u00e8gne et Mehanna-France-Niger","description":"Par ce t\u00e9moignage, l'auteur a souhait\u00e9 \u00e9voquer les jalons d'un \u00e9change Nord-Sud, qui pourrait \u00eatre l'histoire de n'importe quelle commune autre que Margny ou M\u00e9hanna, afin de donner \u00e0 de nouvelles g\u00e9n\u00e9rations l'envie d'entreprendre des \u00e9changes et des projets \u00e0 taille humaine, dans un monde o\u00f9 tout semble difficile. La coop\u00e9ration d\u00e9centralis\u00e9e permet de s'enrichir les uns les autres par les diff\u00e9rents savoir-faire et fait ici d\u00e9couvrir un continent ou \"solidarit\u00e9\" et \"sens du bonheur\" ont toute leur authenticit\u00e9. (Photographies en couleur).","authors":["Dany Hellal","Jacques Arrignon"],"category_codes":["6000000","6070000","6070200"],"visuals":{"large":"https:\/\/images.epagine.fr\/729\/9782336309729_1_75.jpg","medium":"https:\/\/images.epagine.fr\/729\/9782336309729_1_m.jpg","thumbnail":"https:\/\/images.epagine.fr\/729\/9782336309729_1_v.jpg"},"orderable":true,"show_badge":true,"formatted_price":"13,50&nbsp;\u20ac","formatted_published_date":"3 d\u00e9cembre 2014","publisher_availability_label":"Sur commande","short_details":"Dany Hellal, Jacques Arrignon \u2014 \u00c9ditions L'Harmattan","translator":null,"weight":115,"page_count":72,"readership":null,"editor":"\u00c9ditions L'Harmattan","price":1350,"published_date":"2014-12-02T23:00:00.000000Z","support":"Grand format","publisher_availability":1,"stock":0,"editions":[],"url":"https:\/\/quaidesbrumes.com\/ouvrage\/9782336309729\/exemple-de-cooperation-nord-sud-margny-les-compiegne-et-mehanna-france-niger"},{"id":"9782957241507","title":"Chasses photographiques d'antan","description":"A partir des ann\u00e9es 60, dans le sillage des premiers photographes professionnels de la faune sauvage, les amateurs se mirent \u00e0 la pratique de la ' chasse photographique ' . Le num\u00e9rique n'existait pas encore, les t\u00e9l\u00e9objectifs \u00e9taient rares, l'informatique inconnue et les r\u00e9sultats bien souvent incertains, mais les sensations \u00e9taient fortes ! ' Chasses photographiques d'antan ' est une s\u00e9lection de clich\u00e9s de diverses esp\u00e8ces animales r\u00e9alis\u00e9s au fil des ans et au fil des voyages ?","authors":["Jacques Baillon"],"category_codes":["6000000","6070000","6070200","6070207"],"visuals":{"large":"https:\/\/images.epagine.fr\/507\/9782957241507_1_75.jpg","medium":"https:\/\/images.epagine.fr\/507\/9782957241507_1_m.jpg","thumbnail":"https:\/\/images.epagine.fr\/507\/9782957241507_1_v.jpg"},"orderable":true,"show_badge":true,"formatted_price":"25,00&nbsp;\u20ac","formatted_published_date":"17 avril 2020","publisher_availability_label":"Sur commande","short_details":"Jacques Baillon \u2014 THEBOOKEDITION.COM","translator":null,"weight":248,"page_count":113,"readership":null,"editor":"THEBOOKEDITION.COM","price":2500,"published_date":"2020-04-16T22:00:00.000000Z","support":"Grand format","publisher_availability":1,"stock":0,"editions":[],"url":"https:\/\/quaidesbrumes.com\/ouvrage\/9782957241507\/chasses-photographiques-dantan"},{"id":"9782951807112","title":"Palais Longchamp, monumental et secret","description":null,"authors":["Michel Eisenlohr","Rudy Ricciotti"],"category_codes":["6000000","6070000","6070200"],"visuals":{"large":"https:\/\/images.epagine.fr\/112\/9782951807112_1_75.jpg","medium":"https:\/\/images.epagine.fr\/112\/9782951807112_1_m.jpg","thumbnail":"https:\/\/images.epagine.fr\/112\/9782951807112_1_v.jpg"},"orderable":true,"show_badge":true,"formatted_price":"22,00&nbsp;\u20ac","formatted_published_date":"1er avril 2013","publisher_availability_label":"Sur commande","short_details":"Michel Eisenlohr, Rudy Ricciotti \u2014 Images Du Sud","translator":null,"weight":368,"page_count":72,"readership":null,"editor":"Images Du Sud","price":2200,"published_date":"2013-03-31T22:00:00.000000Z","support":"Grand format","publisher_availability":1,"stock":0,"editions":[],"url":"https:\/\/quaidesbrumes.com\/ouvrage\/9782951807112\/palais-longchamp-monumental-et-secret"},{"id":"9782878540581","title":"Communistes de Hollywood (Les) : Autre chose que des martyrs","description":"Deux essais de Thom Andersen en hommage aux victimes de la liste noire analysent la m\u00e9connaissance syst\u00e9matique de l'intelligentsia am\u00e9ricaine sur l'histoire des communistes de Hollywood : leur r\u00e9sistance aux injustices sociales et de leur contribution \u00e0 l'art cin\u00e9matographique. S'ajoutent une filmographie s\u00e9lective et une bibliographie comment\u00e9e.","authors":["Jean-louis Leutrat","No\u00ebl Burch"],"category_codes":["6000000","6070000","6070300"],"visuals":{"large":"https:\/\/images.epagine.fr\/581\/9782878540581_1_75.jpg","medium":"https:\/\/images.epagine.fr\/581\/9782878540581_1_m.jpg","thumbnail":"https:\/\/images.epagine.fr\/581\/9782878540581_1_v.jpg"},"orderable":true,"show_badge":true,"formatted_price":"19,82&nbsp;\u20ac","formatted_published_date":"12 avril 1995","publisher_availability_label":"Sur commande","short_details":"Jean-louis Leutrat, No\u00ebl Burch \u2014 Presses De La Sorbonne Nouvelle","translator":null,"weight":255,"page_count":204,"readership":null,"editor":"Presses De La Sorbonne Nouvelle","price":1982,"published_date":"1995-04-11T22:00:00.000000Z","support":"Grand format","publisher_availability":1,"stock":0,"editions":[],"url":"https:\/\/quaidesbrumes.com\/ouvrage\/9782878540581\/communistes-de-hollywood-les-autre-chose-que-des-martyrs"},{"id":"9782878540598","title":"Analyse des films d'aujourd'hui (L')","description":"L'analyse des films est l'exercice indispensable qui ouvre \u00e0 la compr\u00e9hension des oeuvres, au carrefour de l'esth\u00e9tique et de l'histoire. Depuis les ann\u00e9es 1970, elle s'est transform\u00e9e en profondeur. L'ensemble des textes que rassemble ce volume vise \u00e0 proposer un \u00e9ventail des possibles dans ce domaine et \u00e0 montrer la f\u00e9condit\u00e9 de l'exercice lui-m\u00eame.","authors":["Francine Cicurel"],"category_codes":["6000000","6070000","6070300","6070306"],"visuals":{"large":"https:\/\/images.epagine.fr\/598\/9782878540598_1_75.jpg","medium":"https:\/\/images.epagine.fr\/598\/9782878540598_1_m.jpg","thumbnail":"https:\/\/images.epagine.fr\/598\/9782878540598_1_v.jpg"},"orderable":true,"show_badge":true,"formatted_price":"19,82&nbsp;\u20ac","formatted_published_date":"12 avril 1995","publisher_availability_label":"Sur commande","short_details":"Francine Cicurel \u2014 Presses De La Sorbonne Nouvelle","translator":null,"weight":455,"page_count":228,"readership":null,"editor":"Presses De La Sorbonne Nouvelle","price":1982,"published_date":"1995-04-11T22:00:00.000000Z","support":"Grand format","publisher_availability":1,"stock":0,"editions":[],"url":"https:\/\/quaidesbrumes.com\/ouvrage\/9782878540598\/analyse-des-films-daujourdhui-l"},{"id":"9782343040059","title":"Francois Truffaut le secret perdu","description":"Il suffit de quelques plans pour reconna\u00eetre un film de Fran\u00e7ois Truffaut : \u00e9l\u00e9gants, myst\u00e9rieux, ils plongent le spectateur dans un univers de violence et de passion dont il ne ressort pas indemne. La mise en sc\u00e8ne est chez lui un travail de traduction, de transposition, de chiffrage du v\u00e9cu qui sera, au fil des ann\u00e9es, de plus en plus pr\u00e9cis. C'est au coeur de son exp\u00e9rience que Truffaut a puis\u00e9 l'inspiration pour nous livrer cette oeuvre magistrale d'autofiction.","authors":["Anne Gillain","Jean Gruault"],"category_codes":["6000000","6070000","6070300"],"visuals":{"large":"https:\/\/images.epagine.fr\/059\/9782343040059_1_75.jpg","medium":"https:\/\/images.epagine.fr\/059\/9782343040059_1_m.jpg","thumbnail":"https:\/\/images.epagine.fr\/059\/9782343040059_1_v.jpg"},"orderable":true,"show_badge":true,"formatted_price":"35,50&nbsp;\u20ac","formatted_published_date":"5 ao\u00fbt 2014","publisher_availability_label":"Sur commande","short_details":"Anne Gillain, Jean Gruault \u2014 \u00c9ditions L'Harmattan","translator":null,"weight":410,"page_count":310,"readership":null,"editor":"\u00c9ditions L'Harmattan","price":3550,"published_date":"2014-08-04T22:00:00.000000Z","support":"Grand format","publisher_availability":1,"stock":0,"editions":[],"url":"https:\/\/quaidesbrumes.com\/ouvrage\/9782343040059\/francois-truffaut-le-secret-perdu"},{"id":"9782878541007","title":"CINEMA DES PREMIERS TEMPS. NOUVELLES CONTRIBUTIONS FRANCAISES","description":"La recherche fran\u00e7aise sur le cin\u00e9ma ant\u00e9rieur \u00e0 1914 a la r\u00e9putation d'\u00eatre \u00e0 la remorque des travaux \u00e9trangers. Ce volume met en \u00e9vidence la vigueur du r\u00e9veil de la nouvelle g\u00e9n\u00e9ration de chercheurs hexagonaux et l'int\u00e9r\u00eat des nouvelles pistes qu'ils ont explor\u00e9es.","authors":["Michel Marie"],"category_codes":["6000000","6070000","6070300","6070306"],"visuals":{"large":"https:\/\/quaidesbrumes.com\/img\/book-placeholder.png","medium":"https:\/\/quaidesbrumes.com\/img\/book-placeholder.png","thumbnail":"https:\/\/quaidesbrumes.com\/img\/book-placeholder.png"},"orderable":true,"show_badge":true,"formatted_price":"19,82&nbsp;\u20ac","formatted_published_date":"22 octobre 1996","publisher_availability_label":"Sur commande","short_details":"Michel Marie \u2014 Presses De La Sorbonne Nouvelle","translator":null,"weight":280,"page_count":144,"readership":null,"editor":"Presses De La Sorbonne Nouvelle","price":1982,"published_date":"1996-10-21T22:00:00.000000Z","support":"Grand format","publisher_availability":1,"stock":0,"editions":[],"url":"https:\/\/quaidesbrumes.com\/ouvrage\/9782878541007\/cinema-des-premiers-temps-nouvelles-contributions-francaises"},{"id":"9782918582243","title":"A vendre ! a louer !","description":null,"authors":["Rolland Stephanie"],"category_codes":["6000000","6070000","6070200"],"visuals":{"large":"https:\/\/images.epagine.fr\/243\/9782918582243_1_75.jpg","medium":"https:\/\/images.epagine.fr\/243\/9782918582243_1_m.jpg","thumbnail":"https:\/\/images.epagine.fr\/243\/9782918582243_1_v.jpg"},"orderable":true,"show_badge":true,"formatted_price":"10,00&nbsp;\u20ac","formatted_published_date":"4 janvier 2016","publisher_availability_label":"Sur commande","short_details":"Rolland Stephanie \u2014 Ref2C","translator":null,"weight":190,"page_count":null,"readership":null,"editor":"Ref2C","price":1000,"published_date":"2016-01-03T23:00:00.000000Z","support":"Grand format","publisher_availability":1,"stock":0,"editions":[],"url":"https:\/\/quaidesbrumes.com\/ouvrage\/9782918582243\/a-vendre-a-louer"},{"id":"9782878541625","title":"RECHERCHES SUR CHRIS MARKER. LE CORPS DE L'OMBRE, L'OEIL DU MONDE ET","description":"Pr\u00e9face de Philippe HAMON","authors":["Philippe Dubois"],"category_codes":["6000000","6070000","6070300","6070306"],"visuals":{"large":"https:\/\/quaidesbrumes.com\/img\/book-placeholder.png","medium":"https:\/\/quaidesbrumes.com\/img\/book-placeholder.png","thumbnail":"https:\/\/quaidesbrumes.com\/img\/book-placeholder.png"},"orderable":true,"show_badge":true,"formatted_price":"19,80&nbsp;\u20ac","formatted_published_date":"1er mai 2002","publisher_availability_label":"Sur commande","short_details":"Philippe Dubois \u2014 Presses De La Sorbonne Nouvelle","translator":null,"weight":433,"page_count":196,"readership":null,"editor":"Presses De La Sorbonne Nouvelle","price":1980,"published_date":"2002-04-30T22:00:00.000000Z","support":"Grand format","publisher_availability":1,"stock":0,"editions":[],"url":"https:\/\/quaidesbrumes.com\/ouvrage\/9782878541625\/recherches-sur-chris-marker-le-corps-de-lombre-loeil-du-monde-et"},{"id":"9782878542554","title":"CINEMA HONGROIS. LE TEMPS ET L'HISTOIRE","description":"Comment comprendre les usages du pass\u00e9 au cin\u00e9ma ? Au travers du cas hongrois et \u00e0 partir de probl\u00e9matiques nouvelles, cet ouvrage se propose de r\u00e9examiner les rapports du cin\u00e9ma et de l'histoire. Plus qu'ailleurs en Europe centrale, le cin\u00e9ma hongrois incarne et refl\u00e8te l'attrait et le rejet du stalinisme, le renouveau des ann\u00e9es 60 et la transition des soci\u00e9t\u00e9s post-communistes de l'apr\u00e8s-1989. Certains films, plus embl\u00e9matiques, ont \u00e9t\u00e9 \u00e0 leur mani\u00e8re des t\u00e9moins annonciateurs de ces \u00e9v\u00e8nements. \u00c0 partir du tournant de l'apr\u00e8s-guerre et de l'av\u00e8nement d'un pouvoir communiste en Europe, il s'agit ici de mettre en rapport le temps du film avec la dur\u00e9e de l'histoire. Analyser l'espace-temps d'un film, au-del\u00e0 de sa pr\u00e9tention \u00e0 \u00eatre l'expression d'une \u00e9poque, montrer les aspects sous-jacents de l'image cin\u00e9matographique restent les principaux objectifs de cette recherche.","authors":["Georges daniel V\u00e9ronique","Jarmo Valkota"],"category_codes":["6000000","6070000","6070300","6070306"],"visuals":{"large":"https:\/\/images.epagine.fr\/554\/9782878542554_1_75.jpg","medium":"https:\/\/images.epagine.fr\/554\/9782878542554_1_m.jpg","thumbnail":"https:\/\/images.epagine.fr\/554\/9782878542554_1_v.jpg"},"orderable":true,"show_badge":true,"formatted_price":"19,80&nbsp;\u20ac","formatted_published_date":"1er juin 2003","publisher_availability_label":"Sur commande","short_details":"Georges daniel V\u00e9ronique, Jarmo Valkota \u2014 Presses De La Sorbonne Nouvelle","translator":null,"weight":561,"page_count":260,"readership":null,"editor":"Presses De La Sorbonne Nouvelle","price":1980,"published_date":"2003-05-31T22:00:00.000000Z","support":"Grand format","publisher_availability":1,"stock":0,"editions":[],"url":"https:\/\/quaidesbrumes.com\/ouvrage\/9782878542554\/cinema-hongrois-le-temps-et-lhistoire"},{"id":"9782878543728","title":"THEO ANGELOPOULOS AU FIL DU TEMPS","description":"Faite par des chercheurs \u00e0 l'intention des sp\u00e9cialistes et du public cultiv\u00e9, elle se donne pour objet d'inventorier et de d\u00e9crire, chaque ann\u00e9e, toute la production critique relative au XIXe si\u00e8cle.","authors":["Alain Schaffner"],"category_codes":["6000000","6070000","6070300","6070306"],"visuals":{"large":"https:\/\/images.epagine.fr\/728\/9782878543728_1_75.jpg","medium":"https:\/\/images.epagine.fr\/728\/9782878543728_1_m.jpg","thumbnail":"https:\/\/images.epagine.fr\/728\/9782878543728_1_v.jpg"},"orderable":true,"show_badge":true,"formatted_price":"23,00&nbsp;\u20ac","formatted_published_date":"15 octobre 2007","publisher_availability_label":"Sur commande","short_details":"Alain Schaffner \u2014 Presses De La Sorbonne Nouvelle","translator":null,"weight":420,"page_count":192,"readership":null,"editor":"Presses De La Sorbonne Nouvelle","price":2300,"published_date":"2007-10-14T22:00:00.000000Z","support":"Grand format","publisher_availability":1,"stock":0,"editions":[],"url":"https:\/\/quaidesbrumes.com\/ouvrage\/9782878543728\/theo-angelopoulos-au-fil-du-temps"},{"id":"9782878545982","title":"Networking images. Networking images. Approches interdisciplinaires","description":"Le pr\u00e9sent ouvrage a pour objet d'interroger, dans une perspective interdisciplinaire, les multiples cons\u00e9quences de l'\u00e9mergence d'un univers \u00ab\u00a0connect\u00e9\u00a0\u00bb, venu\u00a0 s'ajouter \u00e0 un fonctionnement pyramidal plus traditionnel. Par-del\u00e0 les fantasmes qu'ont pu susciter des bouleversements technologiques r\u00e9cents, ce livre tente d'\u00e9tudier concr\u00e8tement les alt\u00e9rations produites par ce nouveau v\u00e9hicule sur les images qu'il met en circulation. La mise en r\u00e9seau facilite le partage et la circulation, donnant une ampleur in\u00e9dite \u00e0 des ph\u00e9nom\u00e8nes traditionnels (nouvelle cin\u00e9philie, appropriations vari\u00e9es au sein de communaut\u00e9s de fans). Mais le r\u00e9seau vient aussi, plus profond\u00e9ment, faire imploser les fronti\u00e8res et les r\u00e9partitions traditionnelles entre\u00a0 cr\u00e9ateurs et\u00a0 spectateurs, entre sph\u00e8re intime et sph\u00e8re publique et entre l'oeuvre d'art et ses \u00ab\u00a0marges\u00a0\u00bb, visionnage et recr\u00e9ation.","authors":["Marc Dambre","Maria Bonu","Bruno Blanckeman"],"category_codes":["6000000","6070000","6070300","6070306"],"visuals":{"large":"https:\/\/images.epagine.fr\/982\/9782878545982_1_75.jpg","medium":"https:\/\/images.epagine.fr\/982\/9782878545982_1_m.jpg","thumbnail":"https:\/\/images.epagine.fr\/982\/9782878545982_1_v.jpg"},"orderable":true,"show_badge":true,"formatted_price":"21,50&nbsp;\u20ac","formatted_published_date":"16 mai 2013","publisher_availability_label":"Sur commande","short_details":"Marc Dambre, Maria Bonu, Bruno Blanckeman \u2014 Presses De La Sorbonne Nouvelle","translator":null,"weight":353,"page_count":158,"readership":null,"editor":"Presses De La Sorbonne Nouvelle","price":2150,"published_date":"2013-05-15T22:00:00.000000Z","support":"Grand format","publisher_availability":1,"stock":0,"editions":[],"url":"https:\/\/quaidesbrumes.com\/ouvrage\/9782878545982\/networking-images-networking-images-approches-interdisciplinaires"},{"id":"9782810705580","title":"L'Am\u00e9rique latine en France ; festivals des cin\u00e9mas et territoires imaginaires","description":"Ce livre interroge la mani\u00e8re dont les festivals s'inscrivent dans l'histoire des relations cin\u00e9matographiques entre l'Am\u00e9rique latine et la France, et la mani\u00e8re dont le discours contemporain sur ce continent s'ins\u00e8re \u00e0 la fois dans la continuit\u00e9 et la discontinuit\u00e9, au croisement d'enjeux discursifs et politiques. L'ancrage historique des expressions du \"latino-am\u00e9ricain\" et de la \"cin\u00e9matographie latino-am\u00e9ricaine\", fondatrices des manifestations festivali\u00e8res dont il est question, de leur histoire et de leurs usages en France, s'av\u00e8re fondamental en ce qu'il renvoie \u00e0 des \u00e9pisodes distincts du dialogue intercontinental. \r\nPlusieurs chapitres s'attachent \u00e0 l'analyse d'une manifestation en particulier : le festival \"Cin\u00e9latino. Rencontres de Toulouse\", qui f\u00eate en 2018 son trenti\u00e8me anniversaire. Il s'agit d'\u00e9tudier son mode d'\u00e9nonciation, ce qui suppose dans un premier temps la description des acteurs et de leurs pratiques, pour parvenir ensuite \u00e0 l'analyse de la programmation et du discours construit autour du \"latino-am\u00e9ricain\".","authors":["Rueda Amanda"],"category_codes":["6000000","6070000","6070300","6070301"],"visuals":{"large":"https:\/\/images.epagine.fr\/580\/9782810705580_1_75.jpg","medium":"https:\/\/images.epagine.fr\/580\/9782810705580_1_m.jpg","thumbnail":"https:\/\/images.epagine.fr\/580\/9782810705580_1_v.jpg"},"orderable":true,"show_badge":true,"formatted_price":"23,00&nbsp;\u20ac","formatted_published_date":"29 mars 2018","publisher_availability_label":"Sur commande","short_details":"Rueda Amanda \u2014 Pu Du Midi","translator":null,"weight":458,"page_count":378,"readership":null,"editor":"Pu Du Midi","price":2300,"published_date":"2018-03-28T22:00:00.000000Z","support":"Grand format","publisher_availability":1,"stock":0,"editions":[],"url":"https:\/\/quaidesbrumes.com\/ouvrage\/9782810705580\/lamerique-latine-en-france-festivals-des-cinemas-et-territoires-imaginaires"},{"id":"9782953924923","title":"Melipona la abeja sagrada de los mayas","description":"Este libro es un viaje hacia el coraz\u00f3n de la sociedad de las Mel\u00edponas, la abeja de ojos azules consagrada por la Cultura Maya. A la leyenda -verdadero eje ordenador del relato- el autor agrega una amplia informaci\u00f3n hist\u00f3rica, cient\u00edfica y ecol\u00f3gica. Sus maravillosas fotograf\u00edas nos ir\u00e1n revelando en todo su esplendor a esos bellos insectos sin aguij\u00f3n, no violentos y colmados de amor.","authors":["Roch Domerego"],"category_codes":["6000000","6070000","6070200"],"visuals":{"large":"https:\/\/images.epagine.fr\/923\/9782953924923_1_75.jpg","medium":"https:\/\/images.epagine.fr\/923\/9782953924923_1_m.jpg","thumbnail":"https:\/\/images.epagine.fr\/923\/9782953924923_1_v.jpg"},"orderable":true,"show_badge":true,"formatted_price":"19,00&nbsp;\u20ac","formatted_published_date":"12 juin 2012","publisher_availability_label":"Sur commande","short_details":"Roch Domerego \u2014 Baroch","translator":null,"weight":480,"page_count":128,"readership":null,"editor":"Baroch","price":1900,"published_date":"2012-06-11T22:00:00.000000Z","support":"Grand format","publisher_availability":1,"stock":0,"editions":[],"url":"https:\/\/quaidesbrumes.com\/ouvrage\/9782953924923\/melipona-la-abeja-sagrada-de-los-mayas"},{"id":"9782951659568","title":"Neoruraux","description":null,"authors":["Attane\/Langwiesche"],"category_codes":["6000000","6070000","6070200"],"visuals":{"large":"https:\/\/images.epagine.fr\/568\/9782951659568_1_75.jpg","medium":"https:\/\/images.epagine.fr\/568\/9782951659568_1_m.jpg","thumbnail":"https:\/\/images.epagine.fr\/568\/9782951659568_1_v.jpg"},"orderable":true,"show_badge":true,"formatted_price":"24,00&nbsp;\u20ac","formatted_published_date":"1er novembre 2004","publisher_availability_label":"Sur commande","short_details":"Attane\/Langwiesche \u2014 LE BEC EN L'AIR","translator":null,"weight":470,"page_count":null,"readership":null,"editor":"LE BEC EN L'AIR","price":2400,"published_date":"2004-10-31T23:00:00.000000Z","support":"Grand format","publisher_availability":1,"stock":0,"editions":[],"url":"https:\/\/quaidesbrumes.com\/ouvrage\/9782951659568\/neoruraux"},{"id":"9782753542778","title":"Fernand Braun ; photographe des Charentes","description":"De 1878 \u00e0 1920, la photographie ne cesse de se populariser tandis que la carte postale mat\u00e9rialise l'esprit de modernit\u00e9 des ann\u00e9es 1900. Dans ce livre, Benjamin Caillaud interroge l'objet carte postale depuis le point de vue de l'historien. Avec pr\u00e8s de 600 clich\u00e9s reproduits, cet ouvrage d\u00e9voile la sensibilit\u00e9 et l'intelligence cr\u00e9atrice du photographe Fernand Braun tout en questionnant l'identit\u00e9 contemporaine des deux Charentes : attractivit\u00e9 du littoral, importance du tourisme et du patrimoine, \u00e9cole publique et la\u00efcit\u00e9, progr\u00e8s social et vie d\u00e9mocratique.\r\n\r\nAvec le soutien de l'universit\u00e9 de La Rochelle.","authors":["Caillaud Benjam","Guy Martini\u00e8re"],"category_codes":["6000000","6070000","6070200"],"visuals":{"large":"https:\/\/images.epagine.fr\/778\/9782753542778_1_75.jpg","medium":"https:\/\/images.epagine.fr\/778\/9782753542778_1_m.jpg","thumbnail":"https:\/\/images.epagine.fr\/778\/9782753542778_1_v.jpg"},"orderable":true,"show_badge":true,"formatted_price":"36,00&nbsp;\u20ac","formatted_published_date":"11 d\u00e9cembre 2015","publisher_availability_label":"Sur commande","short_details":"Caillaud Benjam, Guy Martini\u00e8re \u2014 Presse Universitaire de Rennes","translator":null,"weight":1692,"page_count":502,"readership":null,"editor":"Presse Universitaire de Rennes","price":3600,"published_date":"2015-12-10T23:00:00.000000Z","support":"Grand format","publisher_availability":1,"stock":0,"editions":[],"url":"https:\/\/quaidesbrumes.com\/ouvrage\/9782753542778\/fernand-braun-photographe-des-charentes"},{"id":"9782957276226","title":"Pennedepie X","description":"Cette collection d'images install\u00e9e dans un temps relativement long, dix ans, joue d'une multitude de registres et nous invite \u00e0 cet endroit du double regard. Celui de l'oeil qui voit, nomme et d\u00e9crit et celui de l'oeil qui se souvient et t\u00e9moigne de ce qui se d\u00e9robe. Une sorte de valse entre apparition et disparition, de rencontres \u00e9tranges et famili\u00e8res.","authors":["Olivier Degen"],"category_codes":["6000000","6070000","6070200","6070205"],"visuals":{"large":"https:\/\/images.epagine.fr\/226\/9782957276226_1_75.jpg","medium":"https:\/\/images.epagine.fr\/226\/9782957276226_1_m.jpg","thumbnail":"https:\/\/images.epagine.fr\/226\/9782957276226_1_v.jpg"},"orderable":true,"show_badge":true,"formatted_price":"38,00&nbsp;\u20ac","formatted_published_date":"6 avril 2023","publisher_availability_label":"Sur commande","short_details":"Olivier Degen \u2014 Olivier Degen","translator":null,"weight":801,"page_count":null,"readership":null,"editor":"Olivier Degen","price":3800,"published_date":"2023-04-05T22:00:00.000000Z","support":"Grand format","publisher_availability":1,"stock":0,"editions":[],"url":"https:\/\/quaidesbrumes.com\/ouvrage\/9782957276226\/pennedepie-x"},{"id":"9782957001378","title":"David Hughes impermanence","description":"David Hughes a pris le temps de se plonger dans ses archives de plus de 30 ans de pratique photographique. Il en extrait quelques images, qu'il retravaille voire recadre pour leur donner une nouvelle vie. Des images qui ne veulent rien dire de sp\u00e9cial, mais pas banales, voire sophistiqu\u00e9es. Toutes les photographies de ce livre sont des petits pop-ups qui s'ouvrent et se ferment, une r\u00e9flexion sur l'image, des petites choses qui font une histoire \u00e0 inventer, au-del\u00e0 de l'image m\u00eame.","authors":["David Hughes"],"category_codes":["6000000","6070000","6070200","6070205"],"visuals":{"large":"https:\/\/images.epagine.fr\/378\/9782957001378_1_75.jpg","medium":"https:\/\/images.epagine.fr\/378\/9782957001378_1_m.jpg","thumbnail":"https:\/\/images.epagine.fr\/378\/9782957001378_1_v.jpg"},"orderable":true,"show_badge":true,"formatted_price":"49,00&nbsp;\u20ac","formatted_published_date":"28 mars 2024","publisher_availability_label":"Sur commande","short_details":"David Hughes \u2014 Patrick Remy Studio","translator":null,"weight":789,"page_count":null,"readership":null,"editor":"Patrick Remy Studio","price":4900,"published_date":"2024-03-27T23:00:00.000000Z","support":"Grand format","publisher_availability":1,"stock":0,"editions":[],"url":"https:\/\/quaidesbrumes.com\/ouvrage\/9782957001378\/david-hughes-impermanence"}]}