{"data":[{"id":"9783961716029","title":"Ibiza","description":"This book offers not only great nature shots but also exclusive insights into the vibrant lifestyle scene of Ibiza, allowing authentic perspectives on the real Ibiza and experiencing the island in a whole new way.\r\n\r\nIbiza is a unique island with a variety of features that make it a popular travel destination. Diverse landscapes with picturesque coves, lush pine forests, and impressive cliffs abound, but you'll also find a vibrant culture and historical past reflecting Roman, Moorish, and Catalan influences. Furthermore, Ibiza is famous for its legendary nightlife - trendy clubs, DJs, and music festivals attract partygoers from around the world. The book showcases this diversity of nature and scene in photographic highlights by Michael Poliza. In addition, locals and newcomers, insiders, and lovers of the island share their special relationship with it through interviews. Everyone, whether a connoisseur or someone interested in Ibiza, will be inspired by the colourful blend of lifestyle and breathtaking shots.","authors":["Michael Poliza"],"category_codes":["6000000","6070000","6070200","6070205"],"visuals":{"large":"https:\/\/images.epagine.fr\/029\/9783961716029_1_75.jpg","medium":"https:\/\/images.epagine.fr\/029\/9783961716029_1_m.jpg","thumbnail":"https:\/\/images.epagine.fr\/029\/9783961716029_1_v.jpg"},"orderable":true,"show_badge":true,"formatted_price":"62,00&nbsp;\u20ac","formatted_published_date":"10 mai 2025","publisher_availability_label":"Sur commande","short_details":"Michael Poliza \u2014 Teneues Verlag","translator":null,"weight":1000,"page_count":224,"readership":null,"editor":"Teneues Verlag","price":6200,"published_date":"2025-05-09T22:00:00.000000Z","support":"Beaux-livres","publisher_availability":1,"stock":0,"editions":[],"url":"https:\/\/quaidesbrumes.com\/ouvrage\/9783961716029\/ibiza"},{"id":"9782909285436","title":"Hyperurbain ; technologies de l'information et de la communication en  milieu urbain","description":"Hyperurbain\r\nKhaldoun ZREIK\r\nImpact fonctionnel et social des TIC sur la ville\r\nRoland LEVY\r\nEnseignement de l'architecture et technologies de l'information et de la communication : une nouvelle Re Aedificatoria\r\nGiovanni De PAOLI, Ivanka IORDANOVA, Manon GUITE\r\nM\u00e9dia et paysage - simulation ou dissimulation ?\r\nAlain COUSSERAN, Philippe NYS\r\nRepenser l'action publique \u00e0 l'\u00e8re du num\u00e9rique\r\nJean-Charles CASTEL\r\nTentative de d\u00e9finition de la mobilit\u00e9 num\u00e9rique\r\nOlivier FREROT\r\nAnticipation des impacts de la t\u00e9l\u00e9distribution dans l'am\u00e9nagement urbain des ann\u00e9es 70.\r\nBernard OUSSET\r\nHomo mobilis et la mobilit\u00e9 2.0 : l'hyperurbain au quotidien\r\nDominique LAOUSSE\r\nLe milieu urbain sous le regard de la Cyberculture\r\nClaude BALTZ\r\nIP City, projet europ\u00e9en sur les interactions entre r\u00e9alit\u00e9 mixte et environnements urbains\r\nMaria BASILE, Jean-Jacques TERRIN\r\nNouveaux moyens de communication, nouveaux usages langagiers : continuit\u00e9 ou rupture ?\r\nJean VIVIER, Faycal NAJAB","authors":["Khaldoun Zreik"],"category_codes":["6000000","6070000","6070300"],"visuals":{"large":"https:\/\/images.epagine.fr\/436\/9782909285436_1_75.jpg","medium":"https:\/\/images.epagine.fr\/436\/9782909285436_1_m.jpg","thumbnail":"https:\/\/images.epagine.fr\/436\/9782909285436_1_v.jpg"},"orderable":true,"show_badge":true,"formatted_price":"30,00&nbsp;\u20ac","formatted_published_date":"1er mars 2008","publisher_availability_label":"Sur commande","short_details":"Khaldoun Zreik \u2014 Europia","translator":null,"weight":215,"page_count":148,"readership":null,"editor":"Europia","price":3000,"published_date":"2008-02-29T23:00:00.000000Z","support":"Grand format","publisher_availability":1,"stock":0,"editions":[],"url":"https:\/\/quaidesbrumes.com\/ouvrage\/9782909285436\/hyperurbain-technologies-de-linformation-et-de-la-communication-en-milieu-urbain"},{"id":"9782909285313","title":"Le multilinguisme ; document \u00e9lectronique dynamique","description":"Cet ouvrage rassemble l'ensemble des contributions pr\u00e9sent\u00e9es sur Le Multilinguisme \u00e0 CIDE.8 du 25 au 28 mai 2005 \u00e0 Beyrouth (Liban).CIDE.8 a pour objectif de resserrer les liens entre l'ing\u00e9nierie documentaire et l'ing\u00e9nierie linguistique tout en consid\u00e9rant les diff\u00e9rentes dimensions des documents \u00e9lectroniques \u00e0 savoir : cognitive, structurelle et technologique.CIDE.8 a donn\u00e9 un int\u00e9r\u00eat particulier aux th\u00e8mes relatifs \u00e0 la question du multilinguisme dans la conception et la perception du document multilingue tels que :\u00b7 L'indexation des documents \u00e9lectroniques multilingues,\u00b7 Le formatage et multicodage dans les documents \u00e9lectroniques multilingues ,\u00b7 Les traductions de textes en ligne : prise en compte des exigences du multilinguisme,\u00b7 La recherche et extraction d'information dans des documents \u00e9lectroniques multilingues,\u00b7 La cat\u00e9gorisation des documents \u00e9lectroniques multilingues,\u00b7 L'\u00e9criture et la lecture du document multilingues.","authors":["Khaldoun Zreik"],"category_codes":["6000000","6070000","6070300"],"visuals":{"large":"https:\/\/images.epagine.fr\/313\/9782909285313_1_75.jpg","medium":"https:\/\/images.epagine.fr\/313\/9782909285313_1_m.jpg","thumbnail":"https:\/\/images.epagine.fr\/313\/9782909285313_1_v.jpg"},"orderable":true,"show_badge":true,"formatted_price":"50,00&nbsp;\u20ac","formatted_published_date":"1er mai 2005","publisher_availability_label":"Sur commande","short_details":"Khaldoun Zreik \u2014 Europia","translator":null,"weight":592,"page_count":280,"readership":null,"editor":"Europia","price":5000,"published_date":"2005-04-30T22:00:00.000000Z","support":"Grand format","publisher_availability":1,"stock":0,"editions":[],"url":"https:\/\/quaidesbrumes.com\/ouvrage\/9782909285313\/le-multilinguisme-document-electronique-dynamique"},{"id":"9782322436101","title":"La Grande-Borne aux beaux jours","description":"Prises en 1972 et 1973, ces 31 photographies racontent qu'\u00e0 cette \u00e9poque la cit\u00e9 de la Grande-Borne \u00e0 Grigny (Essonne) ressemblait \u00e0 ce que son inventeur, l'architecte Emile Aillaud, avait voulu qu'elle soit : la cit\u00e9 de l'enfant. Et qu'elle ne ressemblait \u00e0 aucun autre de ces (plus ou moins) grands ensembles qui fleurissaient depuis une  bonne d\u00e9cennie. Longtemps dormantes dans les archives de leur auteur, ces photos ont pris vie depuis le d\u00e9but des ann\u00e9es 2000. Trois d'entre elles ont \u00e9t\u00e9 retenues pour l'exposition Banlieues ch\u00e9ries au Mus\u00e9e national d'histoire de l'immigration (Palais de la Porte Dor\u00e9e, Paris).","authors":["Jean-Fran\u00e7ois No\u00ebl"],"category_codes":["6000000","6070000","6070200"],"visuals":{"large":"https:\/\/images.epagine.fr\/101\/9782322436101_1_75.jpg","medium":"https:\/\/images.epagine.fr\/101\/9782322436101_1_m.jpg","thumbnail":"https:\/\/images.epagine.fr\/101\/9782322436101_1_v.jpg"},"orderable":true,"show_badge":true,"formatted_price":"15,00&nbsp;\u20ac","formatted_published_date":"15 juin 2025","publisher_availability_label":"Sur commande","short_details":"Jean-Fran\u00e7ois No\u00ebl \u2014 Books on Demand","translator":null,"weight":120,"page_count":36,"readership":null,"editor":"Books on Demand","price":1500,"published_date":"2025-06-14T22:00:00.000000Z","support":"Grand format","publisher_availability":1,"stock":0,"editions":[],"url":"https:\/\/quaidesbrumes.com\/ouvrage\/9782322436101\/la-grande-borne-aux-beaux-jours"},{"id":"9782322113934","title":"Punisher ; l'histoire secr\u00e8te","description":"Longtemps oubli\u00e9 et d\u00e9cri\u00e9 mais aussi adul\u00e9, \"Punisher\", le premier film tir\u00e9 de la bande-dessin\u00e9e Marvel se situe bien au-dessus de la m\u00e9diocrit\u00e9 que certains veulent lui pr\u00eater. \r\n\r\nFilm d'action hybride estampill\u00e9 \"ann\u00e9es 80\" et tourn\u00e9 comme un polar n\u00e9o-noir, le film de Mark Goldblatt m\u00eale les cin\u00e9mas d'exploitation italiens, japonais et australiens. \r\n\r\nC'est aussi l'un des r\u00f4les les plus populaires et embl\u00e9matiques de Doph Lundgren, alors star montante du cin\u00e9ma d'action encore \u00e0 l'aube de sa carri\u00e8re apr\u00e8s \"Rocky IV\", Les Ma\u00eetres de l'univers\" et \"Le Scorpion rouge\".\r\n\r\nIllustr\u00e9 de photos rares et tordant le cou \u00e0 certaines id\u00e9es re\u00e7ues, \"Punisher : L'histoire secr\u00e8te\" retrace la gen\u00e8se compl\u00e8te du film \u00e0 travers des anecdotes croustillantes et in\u00e9dites recueillies aupr\u00e8s des auteurs de ce long-m\u00e9trage et des premiers comics. \r\n\r\nRetour sur cette s\u00e9rie B unique, \u00e0 revisiter et r\u00e9habiliter \u00e0 travers sa production, son tournage et sa sortie, v\u00e9ritables t\u00e9moignages d'une \u00e8re r\u00e9volue...","authors":["Jeremie Damoiseau","H\u00e9l\u00e8ne Merrick"],"category_codes":["6000000","6070000","6070300","6070304"],"visuals":{"large":"https:\/\/images.epagine.fr\/934\/9782322113934_1_75.jpg","medium":"https:\/\/images.epagine.fr\/934\/9782322113934_1_m.jpg","thumbnail":"https:\/\/images.epagine.fr\/934\/9782322113934_1_v.jpg"},"orderable":true,"show_badge":true,"formatted_price":"18,99&nbsp;\u20ac","formatted_published_date":"4 octobre 2016","publisher_availability_label":"Sur commande","short_details":"Jeremie Damoiseau, H\u00e9l\u00e8ne Merrick \u2014 Books on Demand","translator":null,"weight":269,"page_count":164,"readership":null,"editor":"Books on Demand","price":1899,"published_date":"2016-10-03T22:00:00.000000Z","support":"Grand format","publisher_availability":1,"stock":0,"editions":[],"url":"https:\/\/quaidesbrumes.com\/ouvrage\/9782322113934\/punisher-lhistoire-secrete"},{"id":"9782702911891","title":"Le film noir","description":"Le regard ironique de Bogart, les gants noirs de Rita Hayworth, Burt Lancaster attendant la mort dans sa chambre d'h\u00f4tel, le bijou dor\u00e9 ornant la cheville tentatrice de Barbara Stanwyck, Robert Mitchum, flic en cavale, menant l'enqu\u00eate au sud de la fronti\u00e8re... Le film noir am\u00e9ricain ne cesse de d\u00e9rouler ses images envo\u00fbtantes dans notre m\u00e9moire collective.","authors":["Christophe Champclaux","Linda Tahir-meriau","Jean-claude Missiaen"],"category_codes":["6000000","6070000","6070300"],"visuals":{"large":"https:\/\/images.epagine.fr\/891\/9782702911891_1_75.jpg","medium":"https:\/\/images.epagine.fr\/891\/9782702911891_1_m.jpg","thumbnail":"https:\/\/images.epagine.fr\/891\/9782702911891_1_v.jpg"},"orderable":true,"show_badge":true,"formatted_price":"24,90&nbsp;\u20ac","formatted_published_date":"30 octobre 2015","publisher_availability_label":"Sur commande","short_details":"Christophe Champclaux, Linda Tahir-meriau, Jean-claude Missiaen \u2014 Le Courrier du Livre","translator":null,"weight":1034,"page_count":176,"readership":null,"editor":"Le Courrier du Livre","price":2490,"published_date":"2015-10-29T23:00:00.000000Z","support":"Livre + DVD","publisher_availability":1,"stock":0,"editions":[],"url":"https:\/\/quaidesbrumes.com\/ouvrage\/9782702911891\/le-film-noir"},{"id":"9782343065144","title":"Un ab\u00e9c\u00e9daire de la fantasmagorie ; pr\u00e9lude","description":"\"Un ab\u00e9c\u00e9daire de la fantasmagorie se distingue de tous les ouvrages parus sur le cin\u00e9ma d animation par son architecture et son sujet. Sans vis\u00e9e encyclop\u00e9dique, ces soixante-quatre entr\u00e9es questionnent la propagation internationale de la fantasmagorie et ses manifestations dans le cin\u00e9ma d animation aux plans graphique, technique, litt\u00e9raire, politique, philosophique et plastique et forme un ensemble unique retra\u00e7ant l histoire des \"\"phantasmagories\"\" jusqu aux exp\u00e9riences hybrides actuelles.\"","authors":["Pascal Vimenet","Jean Marcel"],"category_codes":["6000000","6070000","6070300"],"visuals":{"large":"https:\/\/images.epagine.fr\/144\/9782343065144_1_75.jpg","medium":"https:\/\/images.epagine.fr\/144\/9782343065144_1_m.jpg","thumbnail":"https:\/\/images.epagine.fr\/144\/9782343065144_1_v.jpg"},"orderable":true,"show_badge":true,"formatted_price":"42,00&nbsp;\u20ac","formatted_published_date":"2 juin 2015","publisher_availability_label":"Sur commande","short_details":"Pascal Vimenet, Jean Marcel \u2014 \u00c9ditions L'Harmattan","translator":null,"weight":585,"page_count":402,"readership":null,"editor":"\u00c9ditions L'Harmattan","price":4200,"published_date":"2015-06-01T22:00:00.000000Z","support":"Grand format","publisher_availability":1,"stock":0,"editions":[],"url":"https:\/\/quaidesbrumes.com\/ouvrage\/9782343065144\/un-abecedaire-de-la-fantasmagorie-prelude"},{"id":"9782351373880","title":"Sept promenades avec Mark Brown - Livre-dvd","description":"Livre-DVD (96 pages + DVD) du film de Pierre Creton et Vincent Barr\u00e9 \u00ab Sept promenades avec Mark Brown \u00bb\r\n\u00c0 la recherche de plantes indig\u00e8nes, nous suivons le pal\u00e9obotaniste Mark Brown, depuis Aizier jusqu'\u00e0 Sainte-Marguerite-sur-Mer, chez lui. De la vall\u00e9e de la Seine, suivant le littoral cauchois en sept promenades, nous filmons les plantes jusqu'\u00e0 son projet botanique fou : reconstituer une for\u00eat primaire \u00e0 L'Aube des Fleurs.\r\nLE FILM + DES BONUS + TEXTES, PHOTOS, CARNETS, OeUVRES ET CROQUIS...","authors":["Robin Vaz","Pierre Creton","Mark Brown","Vincent Barr\u00e9"],"category_codes":["6000000","6070000","6070300"],"visuals":{"large":"https:\/\/images.epagine.fr\/880\/9782351373880_1_75.jpg","medium":"https:\/\/images.epagine.fr\/880\/9782351373880_1_m.jpg","thumbnail":"https:\/\/images.epagine.fr\/880\/9782351373880_1_v.jpg"},"orderable":true,"show_badge":true,"formatted_price":"25,00&nbsp;\u20ac","formatted_published_date":"27 juin 2025","publisher_availability_label":"Sur commande","short_details":"Robin Vaz, Pierre Creton, Mark Brown, Vincent Barr\u00e9 \u2014 EDITIONS DE L'OEIL","translator":null,"weight":300,"page_count":96,"readership":"Tout public","editor":"EDITIONS DE L'OEIL","price":2500,"published_date":"2025-06-26T22:00:00.000000Z","support":"Grand format","publisher_availability":1,"stock":0,"editions":[],"url":"https:\/\/quaidesbrumes.com\/ouvrage\/9782351373880\/sept-promenades-avec-mark-brown-livre-dvd"},{"id":"9791042809652","title":"\u00c9piphanie : Petits aphorismes pour une vie assouvie","description":"Il suffit parfois d'une phrase pour faire basculer une pens\u00e9e, ouvrir une br\u00e8che, semer un doute f\u00e9cond. \u00c9piphanie est une travers\u00e9e de l'\u00e2me humaine en \u00e9clats d'id\u00e9es. Chaque aphorisme invite \u00e0 s'arr\u00eater, \u00e0 sentir, \u00e0 penser autrement \u00a0\r\n- comme une confidence d\u00e9pos\u00e9e au creux de l'esprit.\r\nSans fioritures ni d\u00e9tours, il aborde les grands th\u00e8mes qui traversent l'existence : l'amour, le temps, la solitude, la foi, la m\u00e9moire, la nature. H\u00e9ritier de la tradition orale africaine, \u00c9piphanie s'inscrit dans une parole dense, \u00e9vocatrice, o\u00f9 chaque mot compte et invite \u00e0 l'\u00e9coute. L'ensemble compose une mosa\u00efque de pens\u00e9es br\u00e8ves mais profondes, qui r\u00e9sonnent longtemps apr\u00e8s la lecture.\r\n\u00c9piphanie n'offre pas de r\u00e9ponses toutes faites. Il suscite l'\u00e9cho, l'introspection, parfois le vertige. Un livre \u00e0 ouvrir comme on se regarde dans un miroir : sans filtre, mais avec la promesse d'une rencontre int\u00e9rieure.","authors":["Lo\u00efc Traore"],"category_codes":["6000000","6070000","6070200"],"visuals":{"large":"https:\/\/images.epagine.fr\/652\/9791042809652_1_75.jpg","medium":"https:\/\/images.epagine.fr\/652\/9791042809652_1_m.jpg","thumbnail":"https:\/\/images.epagine.fr\/652\/9791042809652_1_v.jpg"},"orderable":true,"show_badge":true,"formatted_price":"16,00&nbsp;\u20ac","formatted_published_date":"30 juin 2025","publisher_availability_label":"Sur commande","short_details":"Lo\u00efc Traore \u2014 LES IMPLIQUES","translator":null,"weight":174,"page_count":144,"readership":"Tout public","editor":"LES IMPLIQUES","price":1600,"published_date":"2025-06-29T22:00:00.000000Z","support":"Grand format","publisher_availability":1,"stock":0,"editions":[],"url":"https:\/\/quaidesbrumes.com\/ouvrage\/9791042809652\/epiphanie-petits-aphorismes-pour-une-vie-assouvie"},{"id":"9782889150861","title":"L'art video au f\u00e9minin","description":"Cet ouvrage aborde l'oeuvre de trois artistes contemporaines, \u00e0 la fois suisses et femmes. Des savantes interf\u00e9rences entre vies r\u00e9elles et r\u00eav\u00e9es d'Emmanuelle Antille (Wouldn't it be nice, 1999, Angels Camp, 2002-2003) aux jeux de r\u00f4le m\u00e2tin\u00e9s de pop culture qu'affectionne Elodie Pong (Je suis une bombe, 2006, After The Empire, 2008), sans oublier la technique et les corps hyst\u00e9riques de Pipilotti Rist (I'm Not The Girl Who Misses Much, 1986, Blutclip, 1993), elles nous font partager leurs visions de la f\u00e9minit\u00e9 et de son image. Femme fatale, femme-enfant, m\u00e8re nourrici\u00e8re : autant de figures tut\u00e9laires et caricaturales qu'il est pratique de convoquer \u00e0 l'\u00e9cran et de rappeler \u00e0 l'ordre par injonction de l'imaginaire. En les mettant en sc\u00e8ne, Antille, Pong et Rist se saisissent et manient avec habilet\u00e9 autant d'autoportraits d\u00e9tourn\u00e9s et d'autofictions partielles. Aucun parall\u00e8le automatique, pourtant, avec l'essor des mouvements de lib\u00e9ration de la femme : qui dit f\u00e9minin ne dit pas f\u00e9ministe... \r\nOn retiendra plut\u00f4t que la vid\u00e9o, technique artistique r\u00e9cente encore affranchie d'un trop grand poids de l'histoire et des conventions, offre aux cr\u00e9ateurs, hommes et femmes confondus, un terrain de jeu privil\u00e9gi\u00e9 pour questionner les r\u00f4les \u00e9tablis.","authors":["M\u00e9lissa R\u00e9rat"],"category_codes":["6000000","6070000","6070200"],"visuals":{"large":"https:\/\/images.epagine.fr\/861\/9782889150861_1_75.jpg","medium":"https:\/\/images.epagine.fr\/861\/9782889150861_1_m.jpg","thumbnail":"https:\/\/images.epagine.fr\/861\/9782889150861_1_v.jpg"},"orderable":true,"show_badge":true,"formatted_price":"14,90&nbsp;\u20ac","formatted_published_date":"28 novembre 2014","publisher_availability_label":"Sur commande","short_details":"M\u00e9lissa R\u00e9rat \u2014 PPUR","translator":null,"weight":138,"page_count":142,"readership":null,"editor":"PPUR","price":1490,"published_date":"2014-11-27T23:00:00.000000Z","support":"Grand format","publisher_availability":1,"stock":0,"editions":[],"url":"https:\/\/quaidesbrumes.com\/ouvrage\/9782889150861\/lart-video-au-feminin"},{"id":"9782880749163","title":"Cin\u00e9ma suisse ; une politique culturelle en action : l'Etat, les professionnels, les publics","description":"En sociologue de la culture, Olivier Moeschler n'analyse pas les films en critique. Il n'approche pas l'action de l'Etat comme un juriste. Il ne consid\u00e8re pas le public comme un sondeur d'opinion. Dans le parcours tr\u00e8s nouveau et fascinant de ce livre, de 1935 aux rebondissements actuels, il met en mouvement un \"triangle infernal\" : le D\u00e9partement f\u00e9d\u00e9ral de l'int\u00e9rieur, les professionnels du cin\u00e9ma, la client\u00e8le des salles.\r\n Il montre ces trois milieux en processus d'actions et de r\u00e9actions. Il scrute les strat\u00e9gies changeantes des grands commis. Ainsi d\u00e9couvrons-nous comment fonctionne vraiment, en Suisse, la politique du cin\u00e9ma. Fait fondamental : le septi\u00e8me art ne peut vivre, du moins en Europe, sans le soutien de l'Etat. Mais la Conf\u00e9d\u00e9ration ne s'est-elle pas interdit toute politique culturelle ? \r\nC'est dans l'ambigu\u00eft\u00e9 et les pol\u00e9miques qui opposent la Berne f\u00e9d\u00e9rale aux cantons, ou l'Art et l'Etat, qu'est n\u00e9e en 1963 une loi f\u00e9d\u00e9rale sur le cin\u00e9ma. Ce domaine a b\u00e9n\u00e9fici\u00e9 d'une aide publique qui a pass\u00e9 de 1 \u00e0 50 millions. Cette remarquable analyse d'une politique culturelle s'ach\u00e8ve par une comparaison \u00e9clairante entre un cin\u00e9ma d'auteur et un cin\u00e9ma qui se veut national.","authors":["Olivier Moeschler"],"category_codes":["6000000","6070000","6070300"],"visuals":{"large":"https:\/\/images.epagine.fr\/163\/9782880749163_1_75.jpg","medium":"https:\/\/images.epagine.fr\/163\/9782880749163_1_m.jpg","thumbnail":"https:\/\/images.epagine.fr\/163\/9782880749163_1_v.jpg"},"orderable":true,"show_badge":true,"formatted_price":"14,90&nbsp;\u20ac","formatted_published_date":"24 novembre 2011","publisher_availability_label":"Sur commande","short_details":"Olivier Moeschler \u2014 PPUR","translator":null,"weight":134,"page_count":140,"readership":null,"editor":"PPUR","price":1490,"published_date":"2011-11-23T23:00:00.000000Z","support":"Grand format","publisher_availability":1,"stock":0,"editions":[],"url":"https:\/\/quaidesbrumes.com\/ouvrage\/9782880749163\/cinema-suisse-une-politique-culturelle-en-action-letat-les-professionnels-les-publics"},{"id":"9782919077250","title":"Echappees belles 2014","description":null,"authors":["Collectif"],"category_codes":["6000000","6070000","6070200"],"visuals":{"large":"https:\/\/images.epagine.fr\/250\/9782919077250_1_75.jpg","medium":"https:\/\/images.epagine.fr\/250\/9782919077250_1_m.jpg","thumbnail":"https:\/\/images.epagine.fr\/250\/9782919077250_1_v.jpg"},"orderable":true,"show_badge":true,"formatted_price":"15,00&nbsp;\u20ac","formatted_published_date":"1er juillet 2014","publisher_availability_label":"Sur commande","short_details":"Collectif \u2014 Diaphane","translator":null,"weight":350,"page_count":null,"readership":null,"editor":"Diaphane","price":1500,"published_date":"2014-06-30T22:00:00.000000Z","support":"Grand format","publisher_availability":1,"stock":0,"editions":[],"url":"https:\/\/quaidesbrumes.com\/ouvrage\/9782919077250\/echappees-belles-2014"},{"id":"9782363062635","title":"Point contre point","description":"Point contre point associe photographie, dessin et texte. Ce projet fait suite \u00e0 une r\u00e9sidence photographique men\u00e9e par Laetitia Legros \u00e0 Dunkerque.\r\n\r\nLes photographies de Laetitia Legros donnent \u00e0 voir une ville confront\u00e9e aux bouleversements de la vie culturelle et sociale. En l'occurrence, la fermeture ponctuelle du th\u00e9\u00e2tre de Dunkerque pour r\u00e9novation. Laetitia Legros questionne ainsi la place du th\u00e9\u00e2tre dans la cit\u00e9.\r\n\r\nM\u00ealant vues de rues d\u00e9sertes ou travers\u00e9es par des silhouettes pour la plupart grim\u00e9es, r\u00e9f\u00e9rence au c\u00e9l\u00e8bre carnaval de Dunkerque, cet ouvrage est aussi une r\u00e9flexion sur notre quotidien.","authors":["Laetitia Legros"],"category_codes":["6000000","6070000","6070200"],"visuals":{"large":"https:\/\/quaidesbrumes.com\/img\/book-placeholder.png","medium":"https:\/\/quaidesbrumes.com\/img\/book-placeholder.png","thumbnail":"https:\/\/quaidesbrumes.com\/img\/book-placeholder.png"},"orderable":true,"show_badge":true,"formatted_price":"22,00&nbsp;\u20ac","formatted_published_date":"4 octobre 2019","publisher_availability_label":"Sur commande","short_details":"Laetitia Legros \u2014 Bernard Chauveau","translator":null,"weight":230,"page_count":76,"readership":null,"editor":"Bernard Chauveau","price":2200,"published_date":"2019-10-03T22:00:00.000000Z","support":"Grand format","publisher_availability":1,"stock":0,"editions":[],"url":"https:\/\/quaidesbrumes.com\/ouvrage\/9782363062635\/point-contre-point"},{"id":"9782919070558","title":"110 en dessous de zero (tirage de tete)","description":null,"authors":["Jean-pierre Jeunet"],"category_codes":["6000000","6070000","6070300"],"visuals":{"large":"https:\/\/images.epagine.fr\/558\/9782919070558_1_75.jpg","medium":"https:\/\/images.epagine.fr\/558\/9782919070558_1_m.jpg","thumbnail":"https:\/\/images.epagine.fr\/558\/9782919070558_1_v.jpg"},"orderable":true,"show_badge":true,"formatted_price":"180,00&nbsp;\u20ac","formatted_published_date":"20 juin 2014","publisher_availability_label":"Sur commande","short_details":"Jean-pierre Jeunet \u2014 Lettmotif","translator":null,"weight":800,"page_count":null,"readership":null,"editor":"Lettmotif","price":18000,"published_date":"2014-06-19T22:00:00.000000Z","support":"Grand format","publisher_availability":1,"stock":0,"editions":[],"url":"https:\/\/quaidesbrumes.com\/ouvrage\/9782919070558\/110-en-dessous-de-zero-tirage-de-tete"},{"id":"9782862727141","title":"Vicente Molina Foix: el creyente de todas las religiones","description":"Il s'agit d'une monographie articul\u00e9e autour du th\u00e8me f\u00e9d\u00e9rateur du religieux, envisag\u00e9 \u00e0 travers l'oeuvre litt\u00e9raire (romans, po\u00e8mes) et cin\u00e9matographique de Vicente Molina Foix. L'\u00e9clairage apport\u00e9 sur sa cr\u00e9ation permet, \u00e0 partir de ce prisme por- teur, de mettre en lumi\u00e8re les liens entre cr\u00e9ation et religion, en passant notamment par le sacr\u00e9, la transgression, la construc- tion de l'identit\u00e9 et des croyances. L'ensemble est en langue espagnole.","authors":["Collectif","Marion Le corre-carrasco","Philippe Merlo-Morat","Emilio Ram\u00f3n"],"category_codes":["6000000","6070000","6070300","6070306"],"visuals":{"large":"https:\/\/images.epagine.fr\/141\/9782862727141_1_75.jpg","medium":"https:\/\/images.epagine.fr\/141\/9782862727141_1_m.jpg","thumbnail":"https:\/\/images.epagine.fr\/141\/9782862727141_1_v.jpg"},"orderable":true,"show_badge":true,"formatted_price":"15,00&nbsp;\u20ac","formatted_published_date":"26 septembre 2019","publisher_availability_label":"Sur commande","short_details":"Collectif, Marion Le corre-carrasco, Philippe Merlo-Morat, Emilio Ram\u00f3n \u2014 Pu De Saint Etienne","translator":null,"weight":440,"page_count":237,"readership":null,"editor":"Pu De Saint Etienne","price":1500,"published_date":"2019-09-25T22:00:00.000000Z","support":"Grand format","publisher_availability":1,"stock":0,"editions":[],"url":"https:\/\/quaidesbrumes.com\/ouvrage\/9782862727141\/vicente-molina-foix-el-creyente-de-todas-las-religiones"},{"id":"9782862727158","title":"Manuel Guti\u00e9rrez Aragon ; mitos, religiones y h\u00e9roes","description":"Il s'agit d'une monographie articul\u00e9e autour du th\u00e8me f\u00e9d\u00e9rateur du religieux, envisag\u00e9 \u00e0 travers l'oeuvre litt\u00e9raire et cin\u00e9matographique de Manuel Guti\u00e9rrez Arag\u00f3n. L'\u00e9clairage apport\u00e9 sur sa cr\u00e9ation permet, \u00e0 partir de ce prisme porteur, de mettre en lumi\u00e8re les liens entre cr\u00e9ation et religion, en passant notamment par le sacr\u00e9, la transgression, la construction de l'identit\u00e9 et des croyances.","authors":["Marion Le corre-carrasco","Emmanuel Marigno","Philippe Merlo-Morat","Jose luis Sanchez noriega"],"category_codes":["6000000","6070000","6070300","6070307"],"visuals":{"large":"https:\/\/images.epagine.fr\/158\/9782862727158_1_75.jpg","medium":"https:\/\/images.epagine.fr\/158\/9782862727158_1_m.jpg","thumbnail":"https:\/\/images.epagine.fr\/158\/9782862727158_1_v.jpg"},"orderable":true,"show_badge":true,"formatted_price":"10,00&nbsp;\u20ac","formatted_published_date":"13 juin 2019","publisher_availability_label":"Sur commande","short_details":"Marion Le corre-carrasco, Emmanuel Marigno, Philippe Merlo-Morat, Jose luis Sanchez noriega \u2014 Pu De Saint Etienne","translator":null,"weight":152,"page_count":176,"readership":null,"editor":"Pu De Saint Etienne","price":1000,"published_date":"2019-06-12T22:00:00.000000Z","support":"Grand format","publisher_availability":1,"stock":0,"editions":[],"url":"https:\/\/quaidesbrumes.com\/ouvrage\/9782862727158\/manuel-gutierrez-aragon-mitos-religiones-y-heroes"},{"id":"9782343039282","title":"La Grande Guerre au cin\u00e9ma","description":"\"Josepha Laroche offre un regard tr\u00e8s \u00e9clair\u00e9 sur le formidable  plaidoyer pacifiste orchestr\u00e9 par tous les grands cin\u00e9astes du XXe  si\u00e8cle. De Stanley Kubrick \u00e0 Francesco Rosi, en passant par Buster  Keaton, Dalton Trumbo, Jean-Jacques Annaud ou encore Abel Gance, Jean  Renoir... Ces oeuvres ont \u00e9t\u00e9 r\u00e9alis\u00e9es avec tant d'\u00e9motion et de  conviction que tous les films dont parle l'auteur sont \u00e0 voir et \u00e0  revoir\" (Christophe Malavoy).","authors":["Josepha Laroche","Christophe Malavoy"],"category_codes":["6000000","6070000","6070300"],"visuals":{"large":"https:\/\/images.epagine.fr\/282\/9782343039282_1_75.jpg","medium":"https:\/\/images.epagine.fr\/282\/9782343039282_1_m.jpg","thumbnail":"https:\/\/images.epagine.fr\/282\/9782343039282_1_v.jpg"},"orderable":true,"show_badge":true,"formatted_price":"14,00&nbsp;\u20ac","formatted_published_date":"20 juin 2014","publisher_availability_label":"Sur commande","short_details":"Josepha Laroche, Christophe Malavoy \u2014 \u00c9ditions L'Harmattan","translator":null,"weight":195,"page_count":156,"readership":null,"editor":"\u00c9ditions L'Harmattan","price":1400,"published_date":"2014-06-19T22:00:00.000000Z","support":"Grand format","publisher_availability":1,"stock":0,"editions":[],"url":"https:\/\/quaidesbrumes.com\/ouvrage\/9782343039282\/la-grande-guerre-au-cinema"},{"id":"9782379101755","title":"Clive barker's dark worlds","description":null,"authors":["Livr'S Editions"],"category_codes":["6000000","6070000","6070300"],"visuals":{"large":"https:\/\/quaidesbrumes.com\/img\/book-placeholder.png","medium":"https:\/\/quaidesbrumes.com\/img\/book-placeholder.png","thumbnail":"https:\/\/quaidesbrumes.com\/img\/book-placeholder.png"},"orderable":true,"show_badge":true,"formatted_price":"48,00&nbsp;\u20ac","formatted_published_date":"1er juin 2025","publisher_availability_label":"Sur commande","short_details":"Livr'S Editions \u2014 Livr'S","translator":null,"weight":1920,"page_count":null,"readership":null,"editor":"Livr'S","price":4800,"published_date":"2025-05-31T22:00:00.000000Z","support":"Grand format","publisher_availability":1,"stock":0,"editions":[],"url":"https:\/\/quaidesbrumes.com\/ouvrage\/9782379101755\/clive-barkers-dark-worlds"},{"id":"9782930582481","title":"46 x Charleroi","description":"Balade dans l'autre si\u00e8cle On voit d\u00e9j\u00e0 les sourires poindre, et avec eux l'\u00e9tonnement, \u00e0 la d\u00e9couverte de cette promenade dans le Charleroi d'hier et d'aujourd'hui. Quel rapport a-t-elle avec ce 350\u00e8me anniversaire c\u00e9l\u00e9br\u00e9 aussi abondamment, aussi diversement, cette ann\u00e9e ?\r\n\r\nLe voici : un anniversaire, c'est aussi l'occasion de se souvenir de quelques \u00e9tapes d'une vie et de parcourir l'album qui les illustre. C'est la raison d'\u00eatre de ce recueil fait de cartes postales d'un autre si\u00e8cle, en regard de photos d'aujourd'hui, prises au m\u00eame endroit, sous le m\u00eame angle.\r\nLes premi\u00e8res t\u00e9moignent d'une \u00e9poque. sans doute leurs auteurs d'alors n'avaient-ils pas l'ambition de fixer pour une forme d'\u00e9ternit\u00e9 les d\u00e9cors qu'ils parcouraient. Ils sont pourtant devenus, un peu par hasard sans doute, les spectateurs de leur si\u00e8cle. On en sourit, on s'en \u00e9meut.\r\n\r\nOn se dit, parfois, selon les \u00e2ges, qu'il s'en est fallu de quelques dizaines d'ann\u00e9es que nos parents, nos grands-parents et au-del\u00e0 parcourent les m\u00eames boulevards, montent \u00e0 bord des m\u00eames voitures et rencontrent les m\u00eames passants avant d'aller p\u00eacher le long de la sambre. c'est le charme vieillot de ces images: si la nostalgie les habite, rien n'oblige pourtant \u00e0 penser que tout \u00e9tait mieux avant.\r\n\r\nLes photos d'aujourd'hui t\u00e9moignent des avanc\u00e9es accomplies et des bouleversements in\u00e9vitables qui les ont accompagn\u00e9es. Elles \u00e9clairent aussi sur la marche en avant de Charleroi.\r\nLa mar\u00e9chauss\u00e9e et ses contr\u00f4les, au pied de la montagne, sont certes d'\u00e9poque, mais ils n'ont rien perdu de leur actualit\u00e9: la gare de Charleroi-sud s'affiche toujours entre deux liftings soucieux de pr\u00e9server sa fa\u00e7ade en am\u00e9nageant son acc\u00e8s; aux abords du double palais, le b\u00e9ton de la justice a laiss\u00e9 de l'espace \u00e0 un retour heureux de la verdure; \u00e0 la ville-basse, seule, ou \u00e0 peu pr\u00e8s, subsiste encore la fl\u00e8che de l'ancienne poste, en duel permanent avec une arm\u00e9e de grues g\u00e9antes qui b\u00e2tissent un avenir enfin proche.\r\n\r\nC'est bien la magie de ces rapprochements entre pass\u00e9 et pr\u00e9sent. Ce que nous d\u00e9couvrons de l'autre si\u00e8cle est maintenant entr\u00e9 dans notre histoire quasi imm\u00e9diate. Les photos d'aujourd'hui, elles, peuvent d'ores et d\u00e9j\u00e0 \u00eatre class\u00e9es dans l'album que d'autres voudront feuilleter demain. Elles t\u00e9moigneront \u00e0 leur tour, au moment o\u00f9 d'autres c\u00e9l\u00e9breront d'autres anniversaires.\r\n\r\nPhilippe Mac Kay","authors":["Collectif"],"category_codes":["6000000","6070000","6070200"],"visuals":{"large":"https:\/\/images.epagine.fr\/481\/9782930582481_1_75.jpg","medium":"https:\/\/images.epagine.fr\/481\/9782930582481_1_m.jpg","thumbnail":"https:\/\/images.epagine.fr\/481\/9782930582481_1_v.jpg"},"orderable":true,"show_badge":true,"formatted_price":"18,00&nbsp;\u20ac","formatted_published_date":"8 septembre 2016","publisher_availability_label":"Sur commande","short_details":"Collectif \u2014 \u00c9ditions du Basson","translator":null,"weight":360,"page_count":104,"readership":null,"editor":"\u00c9ditions du Basson","price":1800,"published_date":"2016-09-07T22:00:00.000000Z","support":"Grand format","publisher_availability":1,"stock":0,"editions":[],"url":"https:\/\/quaidesbrumes.com\/ouvrage\/9782930582481\/46-x-charleroi"},{"id":"9782813001214","title":"M\u00e9dias et pluralisme ; la diversit\u00e9 \u00e0 l'\u00e9preuve","description":"Cet ouvrage se pr\u00e9sente comme une interrogation sur l'offre m\u00e9diatique qui semble osciller, dans l'Europe du XXIe si\u00e8cle, entre un pluralisme officiel et une r\u00e9alit\u00e9 plus contrast\u00e9e. Il explore cette notion en abordant les diff\u00e9rentes facettes qu'elle recouvre : le pluralisme id\u00e9ologique, le pluralisme discursif, le pluralisme repr\u00e9sentationnel, mais aussi, dans certains contextes sp\u00e9cifiques, le pluralisme linguistique ou encore le pluralisme culturel. Dans tous les cas, il permet de diversifier les angles d'approche et les interpr\u00e9tations, et de maintenir des conditions de distanciation. Les onze contributions scientifiques s'organisent autour de trois volets : a) m\u00e9dias nationaux et repr\u00e9sentations circulantes ; b) m\u00e9dias, id\u00e9ologies et politiques linguistiques ; c) les m\u00e9dias en langues minoritaires comme source de pluralisme. Ensemble, elles montrent qu'il importe plus que jamais de d\u00e9velopper des outils d'analyse critique des productions m\u00e9diatiques majoritaires et minoritaires.","authors":["Collectif","Henri Boyer"],"category_codes":["6000000","6070000","6070300"],"visuals":{"large":"https:\/\/images.epagine.fr\/214\/9782813001214_1_75.jpg","medium":"https:\/\/images.epagine.fr\/214\/9782813001214_1_m.jpg","thumbnail":"https:\/\/images.epagine.fr\/214\/9782813001214_1_v.jpg"},"orderable":true,"show_badge":true,"formatted_price":"28,00&nbsp;\u20ac","formatted_published_date":"10 juillet 2014","publisher_availability_label":"Sur commande","short_details":"Collectif, Henri Boyer \u2014 ARCHIVES CONTEMPORAINES","translator":null,"weight":443,"page_count":326,"readership":null,"editor":"ARCHIVES CONTEMPORAINES","price":2800,"published_date":"2014-07-09T22:00:00.000000Z","support":"Grand format","publisher_availability":1,"stock":0,"editions":[],"url":"https:\/\/quaidesbrumes.com\/ouvrage\/9782813001214\/medias-et-pluralisme-la-diversite-a-lepreuve"},{"id":"9782919077113","title":"Echappees belles 2012","description":null,"authors":["Collectif"],"category_codes":["6000000","6070000","6070200"],"visuals":{"large":"https:\/\/images.epagine.fr\/113\/9782919077113_1_75.jpg","medium":"https:\/\/images.epagine.fr\/113\/9782919077113_1_m.jpg","thumbnail":"https:\/\/images.epagine.fr\/113\/9782919077113_1_v.jpg"},"orderable":true,"show_badge":true,"formatted_price":"15,00&nbsp;\u20ac","formatted_published_date":"15 juin 2012","publisher_availability_label":"Sur commande","short_details":"Collectif \u2014 Diaphane","translator":null,"weight":310,"page_count":null,"readership":null,"editor":"Diaphane","price":1500,"published_date":"2012-06-14T22:00:00.000000Z","support":"Grand format","publisher_availability":1,"stock":0,"editions":[],"url":"https:\/\/quaidesbrumes.com\/ouvrage\/9782919077113\/echappees-belles-2012"},{"id":"9783960701200","title":"Peter Bialobrzeski Istanbul Diary","description":null,"authors":["Peter Bialobrzeski"],"category_codes":["6000000","6070000","6070200"],"visuals":{"large":"https:\/\/images.epagine.fr\/200\/9783960701200_1_75.jpg","medium":"https:\/\/images.epagine.fr\/200\/9783960701200_1_m.jpg","thumbnail":"https:\/\/images.epagine.fr\/200\/9783960701200_1_v.jpg"},"orderable":true,"show_badge":true,"formatted_price":"24,00&nbsp;\u20ac","formatted_published_date":"15 f\u00e9vrier 2025","publisher_availability_label":"Sur commande","short_details":"Peter Bialobrzeski \u2014 Hartmann Books","translator":null,"weight":265,"page_count":96,"readership":null,"editor":"Hartmann Books","price":2400,"published_date":"2025-02-14T23:00:00.000000Z","support":"Grand format","publisher_availability":1,"stock":0,"editions":[],"url":"https:\/\/quaidesbrumes.com\/ouvrage\/9783960701200\/peter-bialobrzeski-istanbul-diary"},{"id":"9780878469048","title":"Speed, style, and beauty","description":"A perennial favorite returns to print in this sumptuous volume celebrating six decades of automotive design genius, from Bugatti to Bentley, Alfa Romeo to Aston Martin, Mercedes to McLaren.\r\n\r\nBugatti and Bentley, Alfa and Aston, Mercedes and McLaren-these are not merely cars, they are some of the most exquisite automobiles ever assembled, all collected by trendsetting designer Ralph Lauren. ","authors":["Beverly Rae Kimes"],"category_codes":["6000000","6070000","6070200","6070205"],"visuals":{"large":"https:\/\/images.epagine.fr\/048\/9780878469048_1_75.jpg","medium":"https:\/\/images.epagine.fr\/048\/9780878469048_1_m.jpg","thumbnail":"https:\/\/images.epagine.fr\/048\/9780878469048_1_v.jpg"},"orderable":true,"show_badge":true,"formatted_price":"65,00&nbsp;\u20ac","formatted_published_date":"29 avril 2025","publisher_availability_label":"Sur commande","short_details":"Beverly Rae Kimes \u2014 Mfa","translator":null,"weight":1560,"page_count":232,"readership":"Tout public","editor":"Mfa","price":6500,"published_date":"2025-04-28T22:00:00.000000Z","support":"Grand format","publisher_availability":1,"stock":0,"editions":[],"url":"https:\/\/quaidesbrumes.com\/ouvrage\/9780878469048\/speed-style-and-beauty"},{"id":"9782357660793","title":"La reprise tranquille ; Charlie hebdo ; l'ann\u00e9e 2014 en dessins","description":"La reprise serait l\u00e0, nous dit-on. Peut-\u00eatre, mais tranquille !\r\nD'un point de vue \u00e9conomique, c'est un euph\u00e9misme, mais question guerres, nationalisme et fanatisme, la reprise est vraiment l\u00e0.\r\nHors des fronti\u00e8res, la Coupe du monde de football \u00e0 Rio de Janeiro aura \u00e0 peine d\u00e9tourn\u00e9 l'attention des conflits au Proche-Orient, des affrontements en Ukraine, en Irak, et des crashs a\u00e9riens en s\u00e9rie.\r\nEn France, apr\u00e8s des municipales et des europ\u00e9ennes \u00e9pouvantables pour la gauche, un remaniement du gouvernement voit la mutation du premier flic de la R\u00e9publique en Premier ministre. Et la mutation de Marine Le Pen en pr\u00e9sidentiable.\r\nLa reprise, on vous dit !","authors":["Collectif","Bernard Maris"],"category_codes":["6000000","6070000","6070300"],"visuals":{"large":"https:\/\/images.epagine.fr\/793\/9782357660793_1_75.jpg","medium":"https:\/\/images.epagine.fr\/793\/9782357660793_1_m.jpg","thumbnail":"https:\/\/images.epagine.fr\/793\/9782357660793_1_v.jpg"},"orderable":true,"show_badge":true,"formatted_price":"22,00&nbsp;\u20ac","formatted_published_date":"15 octobre 2014","publisher_availability_label":"Sur commande","short_details":"Collectif, Bernard Maris \u2014 LES ECHAPPES","translator":null,"weight":1064,"page_count":184,"readership":null,"editor":"LES ECHAPPES","price":2200,"published_date":"2014-10-14T22:00:00.000000Z","support":"Grand format","publisher_availability":1,"stock":0,"editions":[],"url":"https:\/\/quaidesbrumes.com\/ouvrage\/9782357660793\/la-reprise-tranquille-charlie-hebdo-lannee-2014-en-dessins"}]}