{"data":[{"id":"9782919483204","title":"Juxta","description":"Les panoramiques de ce livre sont le fruit de prises de vue (qu'elles soient portrait, paysage, ou r\u00e9pondent \u00e0 toute autre perspective), juxtapos\u00e9s \u00e0 une image t\u00e9l\u00e9visuelle. Chaque photographie refl\u00e8te le d\u00e9sir de cr\u00e9er des parall\u00e8les esth\u00e9tiques et\/ou \u00e9motionnels. Ainsi, les similitudes entre les images se r\u00e9v\u00e8lent troublantes... La fronti\u00e8re entre les deux sc\u00e8nes s'\u00e9vanouit, et laisse place \u00e0 une composition \u00e9trange, improbable, a\u00e9rienne et tenace, comme une pens\u00e9e, un d\u00e9sir qui entrerait en correspondance avec sa face cach\u00e9e, inconsciente. Et l'on peut se poser la question : dans quelle mesure et jusqu'\u00e0 quel point, les images cin\u00e9matographiques amass\u00e9es, dans notre conscience fa\u00e7onnent-elles, en l'accompagnant, notre regard ?","authors":["Jacques Crenn"],"category_codes":["6000000","6070000","6070200"],"visuals":{"large":"https:\/\/images.epagine.fr\/204\/9782919483204_1_75.jpg","medium":"https:\/\/images.epagine.fr\/204\/9782919483204_1_m.jpg","thumbnail":"https:\/\/images.epagine.fr\/204\/9782919483204_1_v.jpg"},"orderable":true,"show_badge":true,"formatted_price":"30,00&nbsp;\u20ac","formatted_published_date":"30 mars 2015","publisher_availability_label":"Sur commande","short_details":"Jacques Crenn \u2014 L'Echappee Belle","translator":null,"weight":600,"page_count":216,"readership":null,"editor":"L'Echappee Belle","price":3000,"published_date":"2015-03-29T22:00:00.000000Z","support":"Grand format","publisher_availability":1,"stock":0,"editions":[],"url":"https:\/\/quaidesbrumes.com\/ouvrage\/9782919483204\/juxta"},{"id":"9782919483617","title":"Cuba ; ya te olvid\u00e9","description":"CUBA - YA TE OLVID\u00c9 est un v\u00e9ritable hommage \u00e0 toute une nation en suspens, berc\u00e9e par de nombreuses promesses, attentes et espoirs. Toujours avec cette obsession d'\u00e9terniser la magie du moment, JCE nous livre une archive visuelle t\u00e9moin de toute une \u00e9poque. Il y d\u00e9peint avec une multitude de clich\u00e9s pris sur le vif la schizophr\u00e9nie d'une nation prise en otage entre deux mondes et deux v\u00e9rit\u00e9s v\u00e9cus au quotidien par un peuple qui semble endormi par la nostalgie d'hier mais anim\u00e9 par les d\u00e9sirs du lendemain. Son processus cr\u00e9atif consiste \u00e0 fragmenter les instants, les s\u00e9quences de vie, donner de l'importance au moment. Cette fragmentation du temps nous fait oublier un contexte douloureux. C'est l'essence m\u00eame du beau qui retient notre regard. JCE exprime ce moment par le flou de l'image, tel une eau trouble qui brouille les timides fronti\u00e8res entre le r\u00e9el et le fantasm\u00e9. Plut\u00f4t que d'opter pour du photojournalisme de \u00ab haute r\u00e9solution \u00bb, JCE capte notre attention en se positionnant en \u00ab conteur d'images \u00bb offrant ainsi une libert\u00e9 absolue \u00e0 l'imagination.","authors":["Jean-cornel Eder"],"category_codes":["6000000","6070000","6070200"],"visuals":{"large":"https:\/\/images.epagine.fr\/617\/9782919483617_1_75.jpg","medium":"https:\/\/images.epagine.fr\/617\/9782919483617_1_m.jpg","thumbnail":"https:\/\/images.epagine.fr\/617\/9782919483617_1_v.jpg"},"orderable":true,"show_badge":true,"formatted_price":"30,00&nbsp;\u20ac","formatted_published_date":"3 f\u00e9vrier 2019","publisher_availability_label":"Sur commande","short_details":"Jean-cornel Eder \u2014 L'Echappee Belle","translator":null,"weight":450,"page_count":220,"readership":null,"editor":"L'Echappee Belle","price":3000,"published_date":"2019-02-02T23:00:00.000000Z","support":"Grand format","publisher_availability":1,"stock":0,"editions":[],"url":"https:\/\/quaidesbrumes.com\/ouvrage\/9782919483617\/cuba-ya-te-olvide"},{"id":"9782749158310","title":"Le cin\u00e9ma fran\u00e7ais voyage ; i love French cinema","description":"\u00ab I love French cinema ! \u00bb Cette d\u00e9claration d'amour dure depuis 70 ans, elle traverse les genres, les g\u00e9n\u00e9rations, les cultures. Depuis la cr\u00e9ation d'UniFrance en 1949, le cin\u00e9ma fran\u00e7ais, v\u00e9ritable exception culturelle, voyage et rayonne dans le monde entier. De l'esth\u00e9tique du film \u00ab noir \u00bb de l'entre-deux-guerres au culte de la Nouvelle Vague de Truffaut ou \u00e0 l'univers iconique d'Am\u00e9lie Poulain, les films fran\u00e7ais n'ont cess\u00e9 d'influencer des g\u00e9n\u00e9rations de r\u00e9alisateurs, offrant \u00e0 Hollywood \u00e0 la fois un mod\u00e8le alternatif et une source d'inspiration.\r\nCe livre montre comment les professionnels du cin\u00e9ma sont all\u00e9s \u00e0 la rencontre de leur public des cinq continents, soutenus par une politique culturelle active, copi\u00e9e dans le monde entier. Des tourn\u00e9es triomphales de Martine Carol ou G\u00e9rard Depardieu, ou de la jeune g\u00e9n\u00e9ration, aux grands festivals du cin\u00e9ma fran\u00e7ais, des march\u00e9s rassemblant vendeurs fran\u00e7ais, distributeurs et m\u00e9dias internationaux aux workshops pour cin\u00e9philes, c'est tout un m\u00e9tier qui se raconte de fa\u00e7on in\u00e9dite, et communique avec une ferveur et un enthousiasme jamais d\u00e9mentis. Car si le cin\u00e9ma est un art et \u00ab par ailleurs une industrie \u00bb, c'est surtout une passion fran\u00e7aise.\r\n\r\n\"I love French cinema!\" This declaration of love has lasted 70 years. It crosses genres, generations and cultures. Since the creation of UniFrance in 1949, French cinema, a true cultural exception, has traveled and spread throughout the world. From the aesthetics of the noir film of the between-the-wars period to Truffaut's New Wave cult or the iconic universe of Am\u00e9lie Poulain, French films have never stopped influencing generations of directors, offering Hollywood both an alternative model and a source of inspiration.\r\nThis book shows how film professionals met their public on five continents, supported by an active cultural policy, copied round the world. From the triumphal tours of Martine Carol and G\u00e9rard Depardieu, or the young generation, to the major French film festivals, from markets bringing together French sellers, distributors and the international media to workshops for cinema buffs, the story of an entire profession is told in a brand-new way, and communicates with unwavering fervor and enthusiasm. Because if cinema is an art and \"however an industry,\" it is above all a French passion.","authors":["Collectif"],"category_codes":["6000000","6070000","6070300"],"visuals":{"large":"https:\/\/images.epagine.fr\/310\/9782749158310_1_75.jpg","medium":"https:\/\/images.epagine.fr\/310\/9782749158310_1_m.jpg","thumbnail":"https:\/\/images.epagine.fr\/310\/9782749158310_1_v.jpg"},"orderable":true,"show_badge":true,"formatted_price":"32,00&nbsp;\u20ac","formatted_published_date":"9 mai 2019","publisher_availability_label":"Sur commande","short_details":"Collectif \u2014 Le Cherche Midi","translator":null,"weight":1122,"page_count":256,"readership":null,"editor":"Le Cherche Midi","price":3200,"published_date":"2019-05-08T22:00:00.000000Z","support":"Grand format","publisher_availability":1,"stock":0,"editions":[],"url":"https:\/\/quaidesbrumes.com\/ouvrage\/9782749158310\/le-cinema-francais-voyage-i-love-french-cinema"},{"id":"9781471614316","title":"Penser le Monde Autrement","description":"Ce livre, c'est le v\u00e9ritable portrait chinois d'une r\u00e9volution culturelle. Cinquante ans, un demi-si\u00e8cle d'\u00e9volutions d\u00e9cisives dans le monde de la cr\u00e9ation aux quatre coins du monde et \u00e0 partir de la France, \u00e0 travers l'action d'acteurs qui ont tous contribu\u00e9 \u00e0 transformer un monde qui sortait des ann\u00e9es 70, et sentait se lever un irresistible vent de libert\u00e9. Jean Digne est un passeur de vies, un des piliers majeurs de ce mouvement, qui a su, par sa curiosit\u00e9, sa passion pour les acteurs du domaine, son go\u00fbt des autres, instaurer une nouvelle mani\u00e8re d'accompagner des changements symboliques ph\u00e9nom\u00e9naux. A travers Correspondances du Monde, il nous livre la r\u00e9union de talents inou\u00efs avec qui il a travaill\u00e9 pour \u00e9tablir le canevas d'un monde qui aspirait \u00e0 se transformer. L'\u00e9l\u00e9gance singuli\u00e8re de ces contacts a nourri la r\u00e9volution des Arts de la Rue, et celle de la Culture dans son ensemble. Elle a eu des r\u00e9percussions politiques et diplomatiques particuli\u00e8rement positives. Une attention aux autres, une capacit\u00e9 \u00e0 s'extraire des sch\u00e9mas convenus a fait de cet homme un merveilleux pourvoyeur d'id\u00e9es, toujours pr\u00eat \u00e0 prendre un contre-pied d\u00e9cisif face \u00e0 des situations larv\u00e9es ou des probl\u00e9matiques \u00e0 priori insolubles. Tous ces portraits, sous formes d'interviews vivantes et inspir\u00e9es, livrent en filigrane l'essence m\u00eame de cette \u00e9poque soucieuse de transmission. Elle ouvre sur l'avenir, sur la jeunesse toujours associ\u00e9e, toujours sollicit\u00e9e, pour f\u00e9conder le futur et imaginer d'autres possibles.Oui, l'heure est plus que jamais venue de penser le monde autrement.","authors":["Sam Cambio","Jean Digne","Gilles Marchand"],"category_codes":["6000000","6070000","6070300","6070304"],"visuals":{"large":"https:\/\/images.epagine.fr\/316\/9781471614316_1_75.jpg","medium":"https:\/\/images.epagine.fr\/316\/9781471614316_1_m.jpg","thumbnail":"https:\/\/images.epagine.fr\/316\/9781471614316_1_v.jpg"},"orderable":true,"show_badge":true,"formatted_price":"31,63&nbsp;\u20ac","formatted_published_date":"7 octobre 2022","publisher_availability_label":"Sur commande","short_details":"Sam Cambio, Jean Digne, Gilles Marchand \u2014 LULU","translator":null,"weight":816,"page_count":715,"readership":"Tout public","editor":"LULU","price":3163,"published_date":"2022-10-06T22:00:00.000000Z","support":"Poche","publisher_availability":1,"stock":0,"editions":[],"url":"https:\/\/quaidesbrumes.com\/ouvrage\/9781471614316\/penser-le-monde-autrement"},{"id":"9782940648849","title":"Sorci\u00e8res","description":"Ce projet photographique a eu pour ambition de r\u00e9aliser le portrait d'une soixantaine de personnes (80% de femmes et 20% d'hommes refl\u00e9tant la proportion des ex\u00e9cutions de sorci\u00e8res) qui auraient pu, en d'autres temps, \u00eatre accus\u00e9es de crime de sorcellerie. \u00c0 partir des cat\u00e9gories d\u00e9velopp\u00e9es par Mona Chollet (\u00abSorci\u00e8res: La puissance invaincue des femmes\u00bb), actualis\u00e9es et r\u00e9interpr\u00e9t\u00e9es, l'autrice a choisi de les repr\u00e9senter telles des suspectes, \u00e0 l'aide d'un signalement photographique et d'une fiche anthropom\u00e9trique.","authors":["Anne Voeffray","Barbara Polla"],"category_codes":["6000000","6070000","6070200"],"visuals":{"large":"https:\/\/images.epagine.fr\/849\/9782940648849_1_75.jpg","medium":"https:\/\/images.epagine.fr\/849\/9782940648849_1_m.jpg","thumbnail":"https:\/\/images.epagine.fr\/849\/9782940648849_1_v.jpg"},"orderable":true,"show_badge":true,"formatted_price":"23,00&nbsp;\u20ac","formatted_published_date":"23 f\u00e9vrier 2023","publisher_availability_label":"Sur commande","short_details":"Anne Voeffray, Barbara Polla \u2014 Bsn Press","translator":null,"weight":158,"page_count":104,"readership":null,"editor":"Bsn Press","price":2300,"published_date":"2023-02-22T23:00:00.000000Z","support":"Grand format","publisher_availability":1,"stock":0,"editions":[],"url":"https:\/\/quaidesbrumes.com\/ouvrage\/9782940648849\/sorcieres"},{"id":"9782487344181","title":"Eyes of Fire","description":"Ce livre marque une nouvelle \u00e9tape dans l'ouverture internationale de Street Photography France. En publiant cette oeuvre, nous poursuivons notre mission : diffuser les valeurs humanistes de la photographie de rue, r\u00e9v\u00e9ler des histoires oubli\u00e9es, et donner une visibilit\u00e9 \u00e0 des photographes influenc\u00e9s par la culture fran\u00e7aise bien au-del\u00e0 de ses fronti\u00e8res.\r\n\u00c0 travers ce projet, nous mettons en lumi\u00e8re une tradition photographique unique, n\u00e9e \u00e0 la crois\u00e9e des empires et des bouleversements sociaux, et encore trop peu connue du grand public. Nous ne racontons pas seulement l'histoire d'une r\u00e9gion, mais celle d'un regard   un regard libre, instinctif, engag\u00e9.\r\nAvec cette publication, SPF affirme son r\u00f4le de passerelle entre les cultures : en valorisant les photographes du monde entier, en particulier ceux influenc\u00e9s par l'approche fran\u00e7aise de la photographie de rue, nous construisons un dialogue visuel universel. C'est ainsi que nous faisons rayonner la photographie de rue : par la m\u00e9moire, le partage et la cr\u00e9ation.\r\nDes gravures rupestres ancestrales \u00e0 l'essor de la photographie moderne, l'Azerba\u00efdjan a toujours cherch\u00e9 \u00e0 figer son monde en images. La premi\u00e8re photographie prise en 1861 a d\u00e9clench\u00e9 une r\u00e9volution visuelle, \u00e9voluant au rythme du boom p\u00e9trolier, des guerres et des bouleversements sociaux. Dans les somptueux studios et sur les rues anim\u00e9es de Bakou, les photographes ont captur\u00e9 l'ascension et la chute des empires, le souffle d'une ville fa\u00e7onn\u00e9e par l'industrie et l'art, et la vie silencieuse mais puissante de son peuple.\r\nCe livre d\u00e9voile les histoires m\u00e9connues des pionniers de la photographie azerba\u00efdjanaise, retra\u00e7ant leurs luttes, leurs triomphes et leur h\u00e9ritage artistique. \u00c0 travers portraits, images industrielles et photographie de rue \u00e9vocatrice, il restitue un \u00e2ge r\u00e9volu o\u00f9 la lumi\u00e8re et l'ombre sont devenues les t\u00e9moins les plus durables de l'Histoire.\r\nUn voyage \u00e0 travers le temps, grav\u00e9 dans l'argent et la pellicule - voici l'histoire d'une nation vue \u00e0 travers le prisme de son pass\u00e9.","authors":["Collectif"],"category_codes":["6000000","6070000","6070200"],"visuals":{"large":"https:\/\/images.epagine.fr\/181\/9782487344181_1_75.jpg","medium":"https:\/\/images.epagine.fr\/181\/9782487344181_1_m.jpg","thumbnail":"https:\/\/images.epagine.fr\/181\/9782487344181_1_v.jpg"},"orderable":true,"show_badge":true,"formatted_price":"60,00&nbsp;\u20ac","formatted_published_date":"28 mai 2025","publisher_availability_label":"Sur commande","short_details":"Collectif \u2014 Street Photo France","translator":null,"weight":843,"page_count":246,"readership":"Tout public","editor":"Street Photo France","price":6000,"published_date":"2025-05-27T22:00:00.000000Z","support":"Grand format","publisher_availability":1,"stock":0,"editions":[],"url":"https:\/\/quaidesbrumes.com\/ouvrage\/9782487344181\/eyes-of-fire"},{"id":"9782871142331","title":"De perles et de feu","description":"Le floril\u00e8ge d'un photographe de la faune et de la flore ardennaises.\r\nPr\u00e9face de Fabrice Cahez, photographe naturaliste et auteur, laur\u00e9at du prix Jacques Lacroix de l'Acad\u00e9mie fran\u00e7aise (1994).\r\nDe perles et de feu\u00a0est \u00e0 la fois floril\u00e8ge d'images magnifiques et recueil d'instants pr\u00e9cieux. Dans les brumes de l'aube, le photographe attend patiemment que les rayons de soleil percent l'obscurit\u00e9. Discret, de ses yeux attentifs, il cherche \u00e0 observer le lever des oiseaux aquatiques, le petit d\u00e9jeuner des cerfs, la promenade du chat sauvage... En communion avec cette faune qu'il respecte, il vole au temps qui fuit des moments inoubliables.\r\nEncore tout \u00e9bloui des merveilles qu'il a v\u00e9cues, ce sont ces images somptueuses et ces r\u00e9cits po\u00e9tiques qu'il nous offre dans ce beau volume. Il nous entra\u00eene \u00e0 sa suite dans son univers favori, fait de lumi\u00e8res \u00e9ph\u00e9m\u00e8res, de for\u00eat et d'eau.\r\nLes fils conducteurs\u00a0? Les perles et le feu.\u00a0Perles, \u00e9voquant l'eau sous toutes ses formes\u00a0: brume, neige, ros\u00e9e, glace, pluie, marais...\u00a0Perles, comme le sont aussi tant de pr\u00e9cieux souvenirs ici partag\u00e9s, avec lyrisme et humour.\r\nFeu, comme la couleur du ciel au cr\u00e9puscule ou de la brume s'embrasant dans le contre-jour de l'aube.\u00a0Feu\u00a0encore, tel celui de la passion d\u00e9vorante, perceptible au fil des pages, qui conduit jour apr\u00e8s jour l'infatigable chasseur d'images sur le chemin de sa qu\u00eate jamais assouvie.\r\nDans cet album qui nous \u00e9veille doucement \u00e0 la fragile beaut\u00e9 de notre patrimoine naturel, Philippe Mo\u00ebs nous invite au r\u00eave et \u00e0 l'\u00e9vasion.\r\nLe site de Philippe Mo\u00ebs : http:\/\/www.photos-moes.be\/","authors":["Philippe Mo\u00ebs"],"category_codes":["6000000","6070000","6070300"],"visuals":{"large":"https:\/\/images.epagine.fr\/331\/9782871142331_1_75.jpg","medium":"https:\/\/images.epagine.fr\/331\/9782871142331_1_m.jpg","thumbnail":"https:\/\/images.epagine.fr\/331\/9782871142331_1_v.jpg"},"orderable":true,"show_badge":true,"formatted_price":"30,00&nbsp;\u20ac","formatted_published_date":"16 mars 2010","publisher_availability_label":"Sur commande","short_details":"Philippe Mo\u00ebs \u2014 Editions du Perron","translator":null,"weight":1018,"page_count":176,"readership":"Tout public","editor":"Editions du Perron","price":3000,"published_date":"2010-03-15T23:00:00.000000Z","support":"Grand format","publisher_availability":1,"stock":0,"editions":[],"url":"https:\/\/quaidesbrumes.com\/ouvrage\/9782871142331\/de-perles-et-de-feu"},{"id":"9782365100892","title":"Giri giri","description":"Cette s\u00e9rie est un jeu de repr\u00e9sentations sur les images v\u00e9hicu\u00e9es par le Japon \u00e0 travers diff\u00e9rents arch\u00e9types soci\u00e9taux . Une s\u00e9rie de clich\u00e9s sur les clich\u00e9s de l'imaginaire \u00ab exotique \u00bb qui s'est construit depuis plus d'un si\u00e8cle \u00e0 la suite de l'ouverture de l'\u00e9poque Meiji . On y croise un vieux yakuza qui se repent chaque jour en allant \u00e0 la section \u00e9vang\u00e9lique locale, un joueur ayant fait un malaise dans une salle de jeu assourdissante de pachinko, ou encore les \u00e9l\u00e8ves d'un coll\u00e8ge hupp\u00e9 de Kyoto pendant leur entra\u00ee- nement de kendo... Apr\u00e8s 15 ann\u00e9es de cr\u00e9ation publicitaire comme directeur artistique, Nicolas Boyer est photographe pour la presse fran\u00e7aise et internationale et membre du groupe Hans Lucas. Agathe Parmentier vit et travaille \u00e0 Tokyo. Elle chronique la culture pop nippone en collaborant avec des revues ax\u00e9es Culture \/ Japon (Tempura, Pen, Pi\u00e8ce D\u00e9tach\u00e9e, etc.). Elle est l'auteure de Calme comme une bombe (roman, Au diable vauvert, 2017).","authors":["Nicolas Boyer"],"category_codes":["6000000","6070000","6070200"],"visuals":{"large":"https:\/\/images.epagine.fr\/892\/9782365100892_1_75.jpg","medium":"https:\/\/images.epagine.fr\/892\/9782365100892_1_m.jpg","thumbnail":"https:\/\/images.epagine.fr\/892\/9782365100892_1_v.jpg"},"orderable":true,"show_badge":true,"formatted_price":"40,00&nbsp;\u20ac","formatted_published_date":"12 juillet 2021","publisher_availability_label":"Sur commande","short_details":"Nicolas Boyer \u2014 Editions De Juillet","translator":null,"weight":801,"page_count":240,"readership":null,"editor":"Editions De Juillet","price":4000,"published_date":"2021-07-11T22:00:00.000000Z","support":"Grand format","publisher_availability":1,"stock":0,"editions":[],"url":"https:\/\/quaidesbrumes.com\/ouvrage\/9782365100892\/giri-giri"},{"id":"9782871142249","title":"Au ras de l'eau. La vie secr\u00e8te des marais","description":"Un magnifique livre de photos pour d\u00e9couvrir la faune exub\u00e9rante qui bruisse dans les marais belges.\r\nPr\u00e9face de Franck Renard\u00a0\r\nDans l'atmosph\u00e8re myst\u00e9rieuse des marais palpite une vie qu'on n'imagine pas toujours. Loin des humains, dans le petit matin silencieux, une foule d\u00e9bordante de petits animaux vit en libert\u00e9.\r\nOn entre dans un autre monde, bruissant d'oiseaux, de canards, de grenouilles, de poissons fr\u00f4lant la surface de l'eau, fr\u00e9missant de libellules et d'insectes qu'on devine dans l'air vibrant.\r\nMais il faut avoir les yeux et la patience du photographe pour apercevoir ces h\u00f4tes discrets entre les roseaux souples \u00e0 l'heure o\u00f9 le jour pointe \u00e0 peine, sur les branches nues des arbres d\u00e9charn\u00e9s, dans la magie un peu m\u00e9lancolique de la brume insaisissable, dans les reflets tremblants de l'eau paisible...","authors":["Herv\u00e9 Sti\u00e9venart"],"category_codes":["6000000","6070000","6070300"],"visuals":{"large":"https:\/\/images.epagine.fr\/249\/9782871142249_1_75.jpg","medium":"https:\/\/images.epagine.fr\/249\/9782871142249_1_m.jpg","thumbnail":"https:\/\/images.epagine.fr\/249\/9782871142249_1_v.jpg"},"orderable":true,"show_badge":true,"formatted_price":"30,00&nbsp;\u20ac","formatted_published_date":"30 novembre 2007","publisher_availability_label":"Sur commande","short_details":"Herv\u00e9 Sti\u00e9venart \u2014 Editions du Perron","translator":null,"weight":1052,"page_count":168,"readership":null,"editor":"Editions du Perron","price":3000,"published_date":"2007-11-29T23:00:00.000000Z","support":"Grand format","publisher_availability":1,"stock":0,"editions":[],"url":"https:\/\/quaidesbrumes.com\/ouvrage\/9782871142249\/au-ras-de-leau-la-vie-secrete-des-marais"},{"id":"9782871141723","title":"Saint Hubert, sa l\u00e9gende et la for\u00eat","description":"Un livre pr\u00e9sentant saint Hubert (l'homme historique et le personnage de l\u00e9gende) ainsi que la for\u00eat de Saint-Hubert (\u00e9cologie, cerfs, inspiration artistique et d\u00e9fis pour le futur).\r\nPr\u00e9face de Stavros Dimas\r\n  Postface de Gilbert de Turckheim\r\nSaint Hubert, c'est un homme du VIIe si\u00e8cle, chasseur inv\u00e9t\u00e9r\u00e9, grand amateur de belle vie, dont la conversion spectaculaire a stup\u00e9fi\u00e9 l'Europe.\r\nSaint Hubert, c'est aussi le patron des chasseurs, accompagn\u00e9 du cerf crucif\u00e8re qui a tant inspir\u00e9 les peintres, les artistes et les d\u00e9fenseurs de la nature.\r\nSaint-Hubert, c'est \u00e9galement une prestigieuse abbaye qui abrita les reliques du saint puis donna son nom \u00e0 cette ville de l'Ardenne belge qui grandit autour d'elle et qui est aujourd'hui la capitale europ\u00e9enne de la chasse et de la nature.\r\nSaint-Hubert, c'est enfin une for\u00eat dont la beaut\u00e9 a suscit\u00e9 de nombreuses l\u00e9gendes et oeuvres artistiques.\r\nUn superbe album qui a obtenu le prix Fran\u00e7ois Sommer 2007 d\u00e9cern\u00e9 par le jury de la Maison de la chasse et de la nature (Paris)\u00a0!","authors":["Evence Copp\u00e9e","Benoit Henry De Frahan","Jean-Luc Duvivier de Fortemps","Jean-Pierre Lambot"],"category_codes":["6000000","6070000","6070300"],"visuals":{"large":"https:\/\/images.epagine.fr\/723\/9782871141723_1_75.jpg","medium":"https:\/\/images.epagine.fr\/723\/9782871141723_1_m.jpg","thumbnail":"https:\/\/images.epagine.fr\/723\/9782871141723_1_v.jpg"},"orderable":true,"show_badge":true,"formatted_price":"30,00&nbsp;\u20ac","formatted_published_date":"15 novembre 2006","publisher_availability_label":"Sur commande","short_details":"Evence Copp\u00e9e, Benoit Henry De Frahan, Jean-Luc Duvivier de Fortemps, Jean-Pierre Lambot \u2014 Editions du Perron","translator":null,"weight":1294,"page_count":168,"readership":null,"editor":"Editions du Perron","price":3000,"published_date":"2006-11-14T23:00:00.000000Z","support":"Grand format","publisher_availability":1,"stock":0,"editions":[],"url":"https:\/\/quaidesbrumes.com\/ouvrage\/9782871141723\/saint-hubert-sa-legende-et-la-foret"},{"id":"9782871142126","title":"Chambord : Patrimoines exceptionnels","description":"Un livre superbe, somptueux album de photographies sur les tr\u00e9sors que rec\u00e8lent la faune, le gibier, la flore et le ch\u00e2teau du domaine de Chambord.\r\nPr\u00e9face de Philippe Martel, ancien directeur g\u00e9n\u00e9ral du Domaine national de Chambord\r\nUn r\u00eave de pierre dans un \u00e9crin de verdure \u00e9blouissant\u00a0: tel est le domaine de Chambord, joyau de Fran\u00e7ois Ier. Mais conna\u00eet-on vraiment les merveilles de ses riches patrimoines architectural, naturel, faunique, cyn\u00e9g\u00e9tique et humain\u00a0?\r\nCerfs, sangliers, renards, mouflons, chevreuils, faucons, balbuzards, et tant d'autres sont les habitants favoris\u00e9s de ce domaine d'exception, o\u00f9 la nature se d\u00e9ploie majestueusement autour d'un palais f\u00e9erique.\r\nLes splendides photos de Francis Forget sont un hymne \u00e0 la beaut\u00e9. Et les textes alertes et originaux de Jean-Paul Grossin cr\u00e9ent une ambiance pleine de saveur.\r\nUn album magnifique, o\u00f9 il fait bon s'attarder, et r\u00eaver encore et encore...","authors":["Jean-Paul Grossin","Francis Forget"],"category_codes":["6000000","6070000","6070300"],"visuals":{"large":"https:\/\/images.epagine.fr\/126\/9782871142126_1_75.jpg","medium":"https:\/\/images.epagine.fr\/126\/9782871142126_1_m.jpg","thumbnail":"https:\/\/images.epagine.fr\/126\/9782871142126_1_v.jpg"},"orderable":true,"show_badge":true,"formatted_price":"30,00&nbsp;\u20ac","formatted_published_date":"15 septembre 2005","publisher_availability_label":"Sur commande","short_details":"Jean-Paul Grossin, Francis Forget \u2014 Editions du Perron","translator":null,"weight":1520,"page_count":176,"readership":null,"editor":"Editions du Perron","price":3000,"published_date":"2005-09-14T22:00:00.000000Z","support":"Grand format","publisher_availability":1,"stock":0,"editions":[],"url":"https:\/\/quaidesbrumes.com\/ouvrage\/9782871142126\/chambord-patrimoines-exceptionnels"},{"id":"9782871141815","title":"La migration des cigognes noires : Du ch\u00eane au baobab","description":"Un livre qui suit la cigogne noire dans son vol migratoire, de l'Europe \u00e0 l'Afrique.\r\nAbondamment illustr\u00e9 et richement document\u00e9, ce livre permet au lecteur de faire le voyage avec les cigognes au-dessus de toutes les contr\u00e9es travers\u00e9es et de suivre ainsi leur fabuleuse migration, une migration de plus de 5000 kilom\u00e8tres effectu\u00e9e deux fois par an entre les zones de nidification en Europe et les zones d'hivernage en Afrique de l'Ouest et de l'Est.\r\nMots-cl\u00e9s\u00a0: animaux, animal, cigognes, \u00e9cologie, faune, livre, migration, nature, oiseaux.","authors":["G\u00e9rard Jadoul"],"category_codes":["6000000","6070000","6070300"],"visuals":{"large":"https:\/\/images.epagine.fr\/815\/9782871141815_1_75.jpg","medium":"https:\/\/images.epagine.fr\/815\/9782871141815_1_m.jpg","thumbnail":"https:\/\/images.epagine.fr\/815\/9782871141815_1_v.jpg"},"orderable":true,"show_badge":true,"formatted_price":"30,00&nbsp;\u20ac","formatted_published_date":"15 octobre 2000","publisher_availability_label":"Sur commande","short_details":"G\u00e9rard Jadoul \u2014 Editions du Perron","translator":null,"weight":866,"page_count":160,"readership":null,"editor":"Editions du Perron","price":3000,"published_date":"2000-10-14T22:00:00.000000Z","support":"Grand format","publisher_availability":1,"stock":0,"editions":[],"url":"https:\/\/quaidesbrumes.com\/ouvrage\/9782871141815\/la-migration-des-cigognes-noires-du-chene-au-baobab"},{"id":"9788869764363","title":"Le cin\u00e9ma des formes furtives","description":"La surveillance ne cesse de g\u00e9n\u00e9rer de nouvelles images. Des portraits d'identit\u00e9 \u00e0 la reconnaissance faciale, de la vid\u00e9osurveillance \u00e0 la lecture des empreintes digitales, les modalit\u00e9s du regard surveillant sont nombreuses et en renouvellement permanent. Parce qu'il se fonde lui aussi sur la prise de vues, le cin\u00e9ma peut faire l'objet d'un soup\u00e7on: ne contribue-t-il pas, en capturant des images, \u00e0 prolonger le contr\u00f4le visuel ? Ce livre retrace un si\u00e8cle de cin\u00e9ma \u00e0 la lumi\u00e8re de cette question. Pour y r\u00e9pondre, chaque chapitre d\u00e9taille une double fascination, au sein des oeuvres, pour les dispositifs de surveillance et pour le spectacle de leur d\u00e9tournement. Cette cartographie des \u00ab formes furtives \u00bb sugg\u00e8re ainsi que la question politique des limites de la prise de vues implique une investigation esth\u00e9tique.","authors":["Remi Lauvin"],"category_codes":["6000000","6070000","6070300","6070306"],"visuals":{"large":"https:\/\/images.epagine.fr\/363\/9788869764363_1_75.jpg","medium":"https:\/\/images.epagine.fr\/363\/9788869764363_1_m.jpg","thumbnail":"https:\/\/images.epagine.fr\/363\/9788869764363_1_v.jpg"},"orderable":true,"show_badge":true,"formatted_price":"28,00&nbsp;\u20ac","formatted_published_date":"15 octobre 2024","publisher_availability_label":"Sur commande","short_details":"Remi Lauvin \u2014 \u00c9ditions Mim\u00e9sis","translator":null,"weight":400,"page_count":350,"readership":null,"editor":"\u00c9ditions Mim\u00e9sis","price":2800,"published_date":"2024-10-14T22:00:00.000000Z","support":"Grand format","publisher_availability":1,"stock":0,"editions":[],"url":"https:\/\/quaidesbrumes.com\/ouvrage\/9788869764363\/le-cinema-des-formes-furtives"},{"id":"9782322661695","title":"L'Effondrement des G\u00e9ants : The Demise of the Giants","description":"\"L'Effondrement des G\u00e9ants\" : Une odyss\u00e9e visuelle saisissante au coeur de nos contradictions.\r\nEt si l'effondrement avait d\u00e9j\u00e0 commenc\u00e9, ailleurs ? Plongez dans l'univers fascinant et troublant de la s\u00e9rie photographique \"L'Effondrement des G\u00e9ants\". \u00c0 travers les portraits poignants d'une douzaine de cr\u00e9atures colossales, victimes d'un d\u00e9r\u00e8glement climatique qu'elles ont elles-m\u00eames engendr\u00e9, cette exposition nous confronte avec une acuit\u00e9 d\u00e9concertante \u00e0 nos propres ambivalences face \u00e0 la crise \u00e9cologique.\r\nLoin d'un catastrophisme frontal, l'artiste nous embarque dans un r\u00e9cit o\u00f9 l'absurde c\u00f4toie la beaut\u00e9, o\u00f9 le sourire se teinte d'inqui\u00e9tude. Chaque \"g\u00e9ant\", reconstitu\u00e9 \u00e0 partir de 42 prises de vue uniques, t\u00e9moigne d'un monde \u00e0 la fois avanc\u00e9 et au bord du gouffre, aveugl\u00e9 par une course en avant insens\u00e9e.","authors":["Tchab\u00d8 ."],"category_codes":["6000000","6070000","6070200"],"visuals":{"large":"https:\/\/images.epagine.fr\/695\/9782322661695_1_75.jpg","medium":"https:\/\/images.epagine.fr\/695\/9782322661695_1_m.jpg","thumbnail":"https:\/\/images.epagine.fr\/695\/9782322661695_1_v.jpg"},"orderable":true,"show_badge":true,"formatted_price":"35,00&nbsp;\u20ac","formatted_published_date":"22 mai 2025","publisher_availability_label":"Sur commande","short_details":"Tchab\u00d8 . \u2014 Books on Demand","translator":null,"weight":409,"page_count":60,"readership":null,"editor":"Books on Demand","price":3500,"published_date":"2025-05-21T22:00:00.000000Z","support":"Grand format","publisher_availability":1,"stock":0,"editions":[],"url":"https:\/\/quaidesbrumes.com\/ouvrage\/9782322661695\/leffondrement-des-geants-the-demise-of-the-giants"},{"id":"9782350611297","title":"The rodeo in the \"Cirque du Fer \u00e0 Cheval\"","description":"Having had less-than-perfect success with his \"Cirque au Soleil\" in the high Alps, Jack-of-all-trades Jaques Machin comes up with a clever idea: setting up a rodeo in the famous \"Cirque du Fer \u00e0 Cheval\" near the French-Swiss border.\r\nBut finding the right animals from the right places is not easy, especially with all the smuggling going on...\r\nThis edition is bilingual French-english.","authors":["La Chevre  Kiri","Le Bouc Kipleur","Rebekah Jorgensen"],"category_codes":["6000000","6070000","6070300","6070303"],"visuals":{"large":"https:\/\/images.epagine.fr\/297\/9782350611297_1_75.jpg","medium":"https:\/\/images.epagine.fr\/297\/9782350611297_1_m.jpg","thumbnail":"https:\/\/images.epagine.fr\/297\/9782350611297_1_v.jpg"},"orderable":true,"show_badge":true,"formatted_price":"17,99&nbsp;\u20ac","formatted_published_date":"20 juin 2025","publisher_availability_label":"Sur commande","short_details":"La Chevre  Kiri, Le Bouc Kipleur, Rebekah Jorgensen \u2014 Le Publieur","translator":null,"weight":200,"page_count":138,"readership":"Tout public","editor":"Le Publieur","price":1799,"published_date":"2025-06-19T22:00:00.000000Z","support":"Grand format","publisher_availability":1,"stock":0,"editions":[],"url":"https:\/\/quaidesbrumes.com\/ouvrage\/9782350611297\/the-rodeo-in-the-cirque-du-fer-a-cheval"},{"id":"9782343111193","title":"Mise en sc\u00e8ne d'un corps performatif ; entre identit\u00e9 et alt\u00e9rit\u00e9","description":"L'enjeu de la repr\u00e9sentation en images du corps et l'utilisation du propre corps de l'artiste comme support de cr\u00e9ation est une r\u00e9action \u00e0 l'\u00e9chec communicationnel contemporain. Le dispositif artistique peut-il d\u00e9jouer, pour un moment au moins, la puissance d'ali\u00e9nation qui veut que l'ont se conforme \u00e0 une certaine id\u00e9e du corps, \u00e0 ce \"corps social\" ? Peut-il permettre une certaine construction identitaire ? Montrer le portrait, l'autoportrait et le corps de diff\u00e9rentes fa\u00e7ons, manipuler ces codes, permettent \u00e0 l'artiste de r\u00e9fl\u00e9chir sur sa propre identit\u00e9 dans une soci\u00e9t\u00e9, tout en interrogeant la relation du \"soi\" au \"nous\".","authors":["Chen qing","Eric Bonnet"],"category_codes":["6000000","6070000"],"visuals":{"large":"https:\/\/images.epagine.fr\/193\/9782343111193_1_75.jpg","medium":"https:\/\/images.epagine.fr\/193\/9782343111193_1_m.jpg","thumbnail":"https:\/\/images.epagine.fr\/193\/9782343111193_1_v.jpg"},"orderable":true,"show_badge":true,"formatted_price":"22,00&nbsp;\u20ac","formatted_published_date":"28 mars 2017","publisher_availability_label":"Sur commande","short_details":"Chen qing, Eric Bonnet \u2014 \u00c9ditions L'Harmattan","translator":null,"weight":266,"page_count":206,"readership":null,"editor":"\u00c9ditions L'Harmattan","price":2200,"published_date":"2017-03-27T22:00:00.000000Z","support":"Grand format","publisher_availability":1,"stock":0,"editions":[],"url":"https:\/\/quaidesbrumes.com\/ouvrage\/9782343111193\/mise-en-scene-dun-corps-performatif-entre-identite-et-alterite"},{"id":"9782746679832","title":"Acteur ; le travail de l'acteur","description":"Le d\u00e9sir de jouer est en chacun de nous. Aujourd'hui, par le cin\u00e9ma et la t\u00e9l\u00e9vision, ce m\u00e9tier devient ouvert \u00e0 tous. Riche de ses ann\u00e9es d'atelier avec les acteurs et de ses exp\u00e9riences d'interpr\u00e8te, Corine Blue a souhait\u00e9 r\u00e9unir ici un certain nombre de rep\u00e8res, informations et directions n\u00e9cessaires au travail d'acteur, sous une forme simple et accessible aux professionnels comme aux d\u00e9butants. Ce livre est donc \u00e0 la fois un manuel de base pour un acteur en devenir et un aide-m\u00e9moire pour tous les professionnels, permettant de remettre \u00e0 plat le travail et d'aborder chaque r\u00f4le avec la fra\u00eecheur, l'enthousiasme et la passion de la premi\u00e8re fois.","authors":["Corine Blue-bosselet","Dominique Besnehard"],"category_codes":["6000000","6070000","6070300","6070308"],"visuals":{"large":"https:\/\/images.epagine.fr\/832\/9782746679832_1_75.jpg","medium":"https:\/\/images.epagine.fr\/832\/9782746679832_1_m.jpg","thumbnail":"https:\/\/images.epagine.fr\/832\/9782746679832_1_v.jpg"},"orderable":true,"show_badge":true,"formatted_price":"19,00&nbsp;\u20ac","formatted_published_date":"11 mai 2015","publisher_availability_label":"Sur commande","short_details":"Corine Blue-bosselet, Dominique Besnehard \u2014 Le Film Francais","translator":null,"weight":233,"page_count":178,"readership":null,"editor":"Le Film Francais","price":1900,"published_date":"2015-05-10T22:00:00.000000Z","support":"Grand format","publisher_availability":1,"stock":0,"editions":[],"url":"https:\/\/quaidesbrumes.com\/ouvrage\/9782746679832\/acteur-le-travail-de-lacteur"},{"id":"9782493819093","title":"L'After S\u00e9ance : Carnet de cin\u00e9ma","description":"Un film ne s'arr\u00eate pas au g\u00e9n\u00e9rique de fin. Il laisse une trace, une \u00e9motion, une r\u00e9flexion. Ce carnet est l\u00e0 pour les capturer. Notez ce qui marque, ce qui bouleverse, ce qui d\u00e9\u00e7oit. Gardez une m\u00e9moire des images, des dialogues, des instants inoubliables. Une s\u00e9ance, deux pages. Un carnet pour revivre chaque film, encore et encore.\r\nDans ce carnet, on retrouve:\r\n- 50 double-pages \"Mes avis\" : pour donner ton avis sur les derniers films vus,\r\n- 4 pages \"Wishlist\" : pour inscrire tous les films que tu aimerais voir,\r\n- 8 pages \"La s\u00e9lection en vrac de Fanny Maelli\" : tous les films pr\u00e9f\u00e9r\u00e9s de Fanny,\r\n- 6 pages \"Ta s\u00e9lection en vrac\" : pour \u00e9crire tous tes films favoris.","authors":["Fanny Maelli"],"category_codes":["6000000","6070000","6070300"],"visuals":{"large":"https:\/\/images.epagine.fr\/093\/9782493819093_1_75.jpg","medium":"https:\/\/images.epagine.fr\/093\/9782493819093_1_m.jpg","thumbnail":"https:\/\/images.epagine.fr\/093\/9782493819093_1_v.jpg"},"orderable":true,"show_badge":true,"formatted_price":"13,50&nbsp;\u20ac","formatted_published_date":"13 juin 2025","publisher_availability_label":"Sur commande","short_details":"Fanny Maelli \u2014 FANCY FANNY","translator":null,"weight":213,"page_count":140,"readership":null,"editor":"FANCY FANNY","price":1350,"published_date":"2025-06-12T22:00:00.000000Z","support":"Grand format","publisher_availability":1,"stock":0,"editions":[],"url":"https:\/\/quaidesbrumes.com\/ouvrage\/9782493819093\/lafter-seance-carnet-de-cinema"},{"id":"9783969994290","title":"Re\/Trace : Formations of likeness, The walther collection","description":"A panoply of conceptual, documentary and vernacular images exploring influences on individual self-fashioning, identity and lived experience\r\n\r\nWhereas previous publications by the Walther Collection have explored singular aspects of its holdings, Re\/Trace is their first volume to juxtapose images from different cultures, time periods and materialities. With examples from Africa, the Americas, Europe and eastern Asia, and with image types ranging from portraiture to photojournalism to conceptual to vernacular and archival photography, it presents a thorough, global dialogue on the diverse paths of development in historical and contemporary image productions. The overarching theme uniting all of these selected examples is the body: the social, cultural and political constructions that shape not only our self-representation but also our identity and experience.\r\nArtists include: Ai Weiwei, Richard Avedon, Bernd and Hilla Becher, Karl Blossfeldt, Mitch Epstein, Rotimi Fani-Kayode, Seydou Ke\u00efta, Mike Mandel, Santu Mofokeng, Zanele Muholi, Eadweard Muybridge, Jo Ractliffe, August Sander, Malick Sidib\u00e9, Yang Fudong, Xu Yong.\r\n\r\nThis book was published in conjunction with The Walther Collection, Neu-Ulm and New York","authors":["Artur Walther"],"category_codes":["6000000","6070000","6070200","6070205"],"visuals":{"large":"https:\/\/images.epagine.fr\/290\/9783969994290_1_75.jpg","medium":"https:\/\/images.epagine.fr\/290\/9783969994290_1_m.jpg","thumbnail":"https:\/\/images.epagine.fr\/290\/9783969994290_1_v.jpg"},"orderable":true,"show_badge":true,"formatted_price":"75,00&nbsp;\u20ac","formatted_published_date":"27 mai 2025","publisher_availability_label":"Sur commande","short_details":"Artur Walther \u2014 Steidl","translator":null,"weight":1130,"page_count":480,"readership":"Tout public","editor":"Steidl","price":7500,"published_date":"2025-05-26T22:00:00.000000Z","support":"Beaux-livres","publisher_availability":1,"stock":0,"editions":[],"url":"https:\/\/quaidesbrumes.com\/ouvrage\/9783969994290\/retrace-formations-of-likeness-the-walther-collection"},{"id":"9783969994283","title":"Suite 718 : The walther collection project space, New York","description":"Inside the Walther Collection's project space in downtown Chelsea and its role as a workshop, research center and forum for contemporary photography\r\n\r\nBetween April 2011 and January 2021, the Walther Collection operated a project space in Chelsea, New York. Located in Suite 718 of the landmark West Chelsea Arts Building, it became an incubator for ideas, promoting sustained inquiry into the collection's three main areas of focus: African, Asian and vernacular photography, expanding the history of the medium worldwide. The Project Space presented exhibitions, organized rigorous symposia, hosted public lectures and acted as a research hub for the collection's publications. It was a library, gallery, workspace and \"forum for collective thought.\" Recording the space's extensive activities, Suite 718 reflects on the significance of the Walther Collection and its relationship to New York's cultural milieu. It presents each exhibition with select artworks, installation images and texts, as well as an illustrated chronology and overview of the collection's 53 exhibitions and 18 publications.\r\n\r\nThis book was published in conjunction with The Walther Collection, Neu-Ulm and New York","authors":["Artur Walther"],"category_codes":["6000000","6070000","6070200","6070205"],"visuals":{"large":"https:\/\/images.epagine.fr\/283\/9783969994283_1_75.jpg","medium":"https:\/\/images.epagine.fr\/283\/9783969994283_1_m.jpg","thumbnail":"https:\/\/images.epagine.fr\/283\/9783969994283_1_v.jpg"},"orderable":true,"show_badge":true,"formatted_price":"65,00&nbsp;\u20ac","formatted_published_date":"27 mai 2025","publisher_availability_label":"Sur commande","short_details":"Artur Walther \u2014 Steidl","translator":null,"weight":1130,"page_count":480,"readership":"Tout public","editor":"Steidl","price":6500,"published_date":"2025-05-26T22:00:00.000000Z","support":"Beaux-livres","publisher_availability":1,"stock":0,"editions":[],"url":"https:\/\/quaidesbrumes.com\/ouvrage\/9783969994283\/suite-718-the-walther-collection-project-space-new-york"},{"id":"9782379060168","title":"Th\u00e9or\u00e8me, No 30. Ecrire l'analyse de film","description":"Ce livre ouvre une r\u00e9flexion, dans le champ de l'esth\u00e9tique, sur les ressources de l'\u00e9criture pour mener une analyse de film.\u00a0Il s'agit moins d'exposer une m\u00e9thode que d'\u00e9tudier les conditions et les processus\u00a0permettant de rendre compte de l'exp\u00e9rience sensible des oeuvres d\u00e8s lors que style, composition, fonction po\u00e9tique du langage\u00a0ne sont pas apparat ou ornement, mais, simultan\u00e9ment, conduite, pratique et manifestation de la pens\u00e9e.","authors":["Fabienne Costa","T\u00e9r\u00e9sa Faucon","Corinne Natacha Maury Thi\u00e9ry"],"category_codes":["6000000","6070000","6070300","6070306"],"visuals":{"large":"https:\/\/images.epagine.fr\/168\/9782379060168_1_75.jpg","medium":"https:\/\/images.epagine.fr\/168\/9782379060168_1_m.jpg","thumbnail":"https:\/\/images.epagine.fr\/168\/9782379060168_1_v.jpg"},"orderable":true,"show_badge":true,"formatted_price":"29,50&nbsp;\u20ac","formatted_published_date":"19 septembre 2019","publisher_availability_label":"Sur commande","short_details":"Fabienne Costa, T\u00e9r\u00e9sa Faucon, Corinne Natacha Maury Thi\u00e9ry \u2014 Presses De La Sorbonne Nouvelle","translator":null,"weight":427,"page_count":194,"readership":null,"editor":"Presses De La Sorbonne Nouvelle","price":2950,"published_date":"2019-09-18T22:00:00.000000Z","support":"Grand format","publisher_availability":1,"stock":0,"editions":[],"url":"https:\/\/quaidesbrumes.com\/ouvrage\/9782379060168\/theoreme-no-30-ecrire-lanalyse-de-film"},{"id":"9782267015744","title":"Intimit\u00e9 : sc\u00e9nario","description":null,"authors":["Anne-Louise Trividic","Patrice Ch\u00e9reau"],"category_codes":["6000000","6070000","6070300","6070306"],"visuals":{"large":"https:\/\/images.epagine.fr\/744\/9782267015744_1_75.jpg","medium":"https:\/\/images.epagine.fr\/744\/9782267015744_1_m.jpg","thumbnail":"https:\/\/images.epagine.fr\/744\/9782267015744_1_v.jpg"},"orderable":true,"show_badge":true,"formatted_price":"14,48&nbsp;\u20ac","formatted_published_date":"22 f\u00e9vrier 2001","publisher_availability_label":"Sur commande","short_details":"Anne-Louise Trividic, Patrice Ch\u00e9reau \u2014 Christian Bourgois","translator":null,"weight":240,"page_count":210,"readership":null,"editor":"Christian Bourgois","price":1448,"published_date":"2001-02-21T23:00:00.000000Z","support":"Grand format","publisher_availability":1,"stock":0,"editions":[],"url":"https:\/\/quaidesbrumes.com\/ouvrage\/9782267015744\/intimite-scenario"},{"id":"9782343112947","title":"Les photos, un mat\u00e9riau pour la photographie","description":"\"Au moment o\u00f9 les artistes revendiquent la totalit\u00e9 des objets composant la r\u00e9alit\u00e9 comme source mat\u00e9rielle pour l art, appara\u00eet la n\u00e9cessit\u00e9 de r\u00e9fl\u00e9chir sur les usages et appropriations cr\u00e9atrices sp\u00e9cifiques des photos. Partant d oeuvres exemplaires - des premiers photomontages aux exp\u00e9riences artistiques face aux flux d images num\u00e9riques, en quoi les exp\u00e9riences de cr\u00e9ation \u00e0 partir de photos d\u00e9j\u00e0 existantes renouvelleraient des probl\u00e9matiques concernant \u00e0 la fois, la conception, la diffusion et la r\u00e9ception des oeuvres photographiques ?\"","authors":["Bruno Zorzal","Suzete Venturelli"],"category_codes":["6000000","6070000","6070200"],"visuals":{"large":"https:\/\/images.epagine.fr\/947\/9782343112947_1_75.jpg","medium":"https:\/\/images.epagine.fr\/947\/9782343112947_1_m.jpg","thumbnail":"https:\/\/images.epagine.fr\/947\/9782343112947_1_v.jpg"},"orderable":true,"show_badge":true,"formatted_price":"23,00&nbsp;\u20ac","formatted_published_date":"28 f\u00e9vrier 2017","publisher_availability_label":"Sur commande","short_details":"Bruno Zorzal, Suzete Venturelli \u2014 \u00c9ditions L'Harmattan","translator":null,"weight":270,"page_count":180,"readership":null,"editor":"\u00c9ditions L'Harmattan","price":2300,"published_date":"2017-02-27T23:00:00.000000Z","support":"Grand format","publisher_availability":1,"stock":0,"editions":[],"url":"https:\/\/quaidesbrumes.com\/ouvrage\/9782343112947\/les-photos-un-materiau-pour-la-photographie"},{"id":"9782343078410","title":"L'image de guerre \u00e0 quel prix ? sur les traces du grand reporter Karim Baila","description":"\"Par-del\u00e0 les images puissantes des reportages et enqu\u00eates de Karim Ba\u00efla, que l on a vues sur TF1, Canal + et surtout France 2 (Envoy\u00e9 Sp\u00e9cial), Luc Missoum interroge la signature journalistique de ce grand reporter de guerre qui a sillonn\u00e9 les r\u00e9gions les plus p\u00e9rilleuses du monde. Il nous entra\u00eene dans un voyage au bout de l immersion en Irak, en Afghanistan, en Alg\u00e9rie, soulevant en cours de route les questions de l information partielle, trop vite dig\u00e9r\u00e9e, que posent les m\u00e9dias d aujourd hui.\"","authors":["Luc Missoum","David Brunat"],"category_codes":["6000000","6070000","6070200","6070203"],"visuals":{"large":"https:\/\/images.epagine.fr\/410\/9782343078410_1_75.jpg","medium":"https:\/\/images.epagine.fr\/410\/9782343078410_1_m.jpg","thumbnail":"https:\/\/images.epagine.fr\/410\/9782343078410_1_v.jpg"},"orderable":true,"show_badge":true,"formatted_price":"21,00&nbsp;\u20ac","formatted_published_date":"6 novembre 2015","publisher_availability_label":"Sur commande","short_details":"Luc Missoum, David Brunat \u2014 \u00c9ditions L'Harmattan","translator":null,"weight":252,"page_count":194,"readership":null,"editor":"\u00c9ditions L'Harmattan","price":2100,"published_date":"2015-11-05T23:00:00.000000Z","support":"Grand format","publisher_availability":1,"stock":0,"editions":[],"url":"https:\/\/quaidesbrumes.com\/ouvrage\/9782343078410\/limage-de-guerre-a-quel-prix-sur-les-traces-du-grand-reporter-karim-baila"}]}