{"data":[{"id":"9783516575484","title":"Femme et Nature  (Calendrier mural 2026 DIN A2 vertical) calendrier de bureau : Travail photographique \u00e9rotique sur le rapport sensoriel et \u00e9motionnel de la femme au contact de la nature...","description":"Retour aux origines : La rencontre de la femme dans sa nudit\u00e9, avec la nature... De cette osmose corporelle, naissent des perceptions sensorielles et \u00e9motionnelles authentiques !\r\n\r\nImpression d'art premium en haute brillance de qualit\u00e9 mus\u00e9e. Pour que les feuilles de papier soient bien accroch\u00e9es au mur, ce calendrier haut de gamme est dot\u00e9 de pochettes innovantes. Elles prot\u00e8gent les grandes feuilles des effets de l'humidit\u00e9 de l'air. Le papier est un mat\u00e9riau naturel. Les fibres r\u00e9agissent aux variations du climat ambiant. Il est donc conseill\u00e9 de ne pas retirer les pochettes d'insertion.\r\n\r\nNotre environnement nous tient \u00e0 coeur, c'est pourquoi nous misons sur une fabrication individuelle en Allemagne (Made in Germany) avec des mat\u00e9riaux de qualit\u00e9 sup\u00e9rieure.\r\n\r\n14 pages dont 1 couverture | 12 pages mensuelles | 1 page d'index I dos cartonn\u00e9.\r\n\r\n\r\nCe calendrier \u00e0 succ\u00e8s a \u00e9t\u00e9 r\u00e9\u00e9dit\u00e9 cette ann\u00e9e avec les m\u00eames images et une grille calendaire mise \u00e0 jour.\r\n\r\nIllustrations:\r\nJanvier: Liepa en For\u00eat de Nemours \r\nF\u00e9vrier: Liepa en For\u00eat de Nemours \r\nMars: Jahnael au Grand Crohot \r\nAvril: Jahnael au Grand Crohot \r\nMai: Jahnael au Grand Crohot \r\nJuin: Angelina \u00e0 l' Espiguette \r\nJuillet: Alixia en For\u00eat d' Ermenonville \r\nAo\u00fbt: Alixia en For\u00eat d' Ermenonville \r\nSeptembre: Alixia en For\u00eat d' Ermenonville \r\nOctobre: Sabrina au Porge \r\nNovembre: Sabrina au Porge \r\nD\u00e9cembre: Gaia en For\u00eat de Fontainebleau \r\n\r\nLIGNE PREMIUM - Calendrier photo brillant avec 12 magnifiques motifs, impression d'art en haute brillance de qualit\u00e9 mus\u00e9e\r\nQUALIT\u00c9 - mat\u00e9riaux nobles, dos solide avec 2 pochettes innovantes pour une pr\u00e9sentation optimale au mur\r\nDURABLE - nette r\u00e9duction des d\u00e9chets gr\u00e2ce \u00e0 une fabrication \u00e0 l'unit\u00e9 adapt\u00e9e aux besoins, papier certifi\u00e9 FSC respectueux de l'environnement, production en Allemagne, logistique respectueuse du climat.\r\nCADEAU ID\u00c9AL - destin\u00e9 \u00e0 vos contacts priv\u00e9s ou professionnels, \u00e0 la famille ou aux amis, pour un cadeau de No\u00ebl ou d'anniversaire ou juste  pour le plaisir d'offrir.\r\nTravail photographique \u00e9rotique sur le rapport sensoriel et \u00e9motionnel de la femme au contact de la nature... par l'auteur(rice): Michel Audebert","authors":["Michel Audebert"],"category_codes":["6000000","6070000","6070200"],"visuals":{"large":"https:\/\/images.epagine.fr\/484\/9783516575484_1_75.jpg","medium":"https:\/\/images.epagine.fr\/484\/9783516575484_1_m.jpg","thumbnail":"https:\/\/images.epagine.fr\/484\/9783516575484_1_v.jpg"},"orderable":true,"show_badge":true,"formatted_price":"0,00&nbsp;\u20ac","formatted_published_date":"15 mai 2025","publisher_availability_label":"Sur commande","short_details":"Michel Audebert \u2014 CALVENDO","translator":null,"weight":1280,"page_count":14,"readership":"\u00e0 partir de 16 ans","editor":"CALVENDO","price":0,"published_date":"2025-05-14T22:00:00.000000Z","support":"Calendrier","publisher_availability":1,"stock":0,"editions":[],"url":"https:\/\/quaidesbrumes.com\/ouvrage\/9783516575484\/femme-et-nature-calendrier-mural-2026-din-a2-vertical-calendrier-de-bureau-travail-photographique-erotique-sur-le-rapport-sensoriel-et-emotionnel-de-la-femme-au-contact-de-la-nature"},{"id":"9783516575606","title":"F\u00e9minit\u00e9 (Calendrier mural 2026 DIN A3 horizontal), CALVENDO calendrier mensuel : Prises \u00e9rotiques du corps f\u00e9minin.","description":"Bien que se rapprochant de la sculpture, les images de se projet mettent en sc\u00e8ne le r\u00e9el corps f\u00e9minin. Elles \u00e9voquent non seulement le combat entre la fugacit\u00e9 et l'intemporalit\u00e9 mais \u00e9galement entre le r\u00e9el et le surr\u00e9alisme.\r\n\r\nCalendrier mural de qualit\u00e9 sup\u00e9rieure avec 12 magnifiques photos. L'environnement nous tient \u00e0 coeur. C'est pourquoi nous utilisons exclusivement du papier certifi\u00e9 FSC provenant de for\u00eats g\u00e9r\u00e9es de mani\u00e8re \u00e9coresponsable. Nous \u00e9vitons la surproduction et donc des quantit\u00e9s significatives de d\u00e9chets, en produisant dans l'UE \u00e0 l'unit\u00e9 et sur demande. Nous r\u00e9duisons nos distances de transport et assurons une logistique respectueuse de l'environnement.\r\n\r\n14 pages dont 1 couverture | 12 pages mensuelles | 1 page d'index | dos cartonn\u00e9\r\n\r\nCe calendrier \u00e0 succ\u00e8s a \u00e9t\u00e9 r\u00e9\u00e9dit\u00e9 cette ann\u00e9e avec les m\u00eames images et une grille calendaire mise \u00e0 jour.\r\n\r\nIllustrations:\r\n\r\nQUALITATIF - un calendrier annuel de qualit\u00e9 sup\u00e9rieure avec 12 magnifiques motifs, sur papier d'impression photo, avec une reliure spirale robuste et un crochet de suspension.\r\nDURABLE - r\u00e9duction significative des d\u00e9chets gr\u00e2ce \u00e0 une fabrication sur papier certifi\u00e9 FSC \u00e0 l'unit\u00e9 et sur demande, production dans l'UE, logistique \u00e9cologique.\r\nCADEAU ID\u00c9AL - destin\u00e9 \u00e0 vos contacts priv\u00e9s ou professionnels, \u00e0 la famille ou aux amis, pour un cadeau de No\u00ebl ou d'anniversaire ou juste pour le plaisir d'offrir.\r\nDIVERSIFI\u00c9 - de nombreux formats DIN A4 ou DIN A3, pour s'adapter \u00e0 toutes vos envies et vos cadres de vie.\r\nPrises \u00e9rotiques du corps f\u00e9minin. par l'auteur(rice): Sven Rausch","authors":["Sven Rausch"],"category_codes":["6000000","6070000","6070200"],"visuals":{"large":"https:\/\/images.epagine.fr\/606\/9783516575606_1_75.jpg","medium":"https:\/\/images.epagine.fr\/606\/9783516575606_1_m.jpg","thumbnail":"https:\/\/images.epagine.fr\/606\/9783516575606_1_v.jpg"},"orderable":true,"show_badge":true,"formatted_price":"0,00&nbsp;\u20ac","formatted_published_date":"15 mai 2025","publisher_availability_label":"Sur commande","short_details":"Sven Rausch \u2014 CALVENDO","translator":null,"weight":450,"page_count":14,"readership":"\u00e0 partir de 16 ans","editor":"CALVENDO","price":0,"published_date":"2025-05-14T22:00:00.000000Z","support":"Calendrier","publisher_availability":1,"stock":0,"editions":[],"url":"https:\/\/quaidesbrumes.com\/ouvrage\/9783516575606\/feminite-calendrier-mural-2026-din-a3-horizontal-calvendo-calendrier-mensuel-prises-erotiques-du-corps-feminin"},{"id":"9783516576078","title":"Femme et Nature (Calendrier mural 2026 DIN A3 vertical), CALVENDO calendrier mensuel : Travail photographique \u00e9rotique sur le rapport sensoriel et \u00e9motionnel de la femme au contact de la nature...","description":"Retour aux origines : La rencontre de la femme dans sa nudit\u00e9, avec la nature... De cette osmose corporelle, naissent des perceptions sensorielles et \u00e9motionnelles authentiques !\r\n\r\nCalendrier mural de qualit\u00e9 sup\u00e9rieure avec 12 magnifiques photos. L'environnement nous tient \u00e0 coeur. C'est pourquoi nous utilisons exclusivement du papier certifi\u00e9 FSC provenant de for\u00eats g\u00e9r\u00e9es de mani\u00e8re \u00e9coresponsable. Nous \u00e9vitons la surproduction et donc des quantit\u00e9s significatives de d\u00e9chets, en produisant dans l'UE \u00e0 l'unit\u00e9 et sur demande. Nous r\u00e9duisons nos distances de transport et assurons une logistique respectueuse de l'environnement.\r\n\r\n14 pages dont 1 couverture | 12 pages mensuelles | 1 page d'index | dos cartonn\u00e9\r\n\r\nCe calendrier \u00e0 succ\u00e8s a \u00e9t\u00e9 r\u00e9\u00e9dit\u00e9 cette ann\u00e9e avec les m\u00eames images et une grille calendaire mise \u00e0 jour.\r\n\r\nIllustrations:\r\nJanvier: Liepa en For\u00eat de Nemours \r\nF\u00e9vrier: Liepa en For\u00eat de Nemours \r\nMars: Jahnael au Grand Crohot \r\nAvril: Jahnael au Grand Crohot \r\nMai: Jahnael au Grand Crohot \r\nJuin: Angelina \u00e0 l' Espiguette \r\nJuillet: Alixia en For\u00eat d' Ermenonville \r\nAo\u00fbt: Alixia en For\u00eat d' Ermenonville \r\nSeptembre: Alixia en For\u00eat d' Ermenonville \r\nOctobre: Sabrina au Porge \r\nNovembre: Sabrina au Porge \r\nD\u00e9cembre: Gaia en For\u00eat de Fontainebleau \r\n\r\nQUALITATIF - un calendrier annuel de qualit\u00e9 sup\u00e9rieure avec 12 magnifiques motifs, sur papier d'impression photo, avec une reliure spirale robuste et un crochet de suspension.\r\nDURABLE - r\u00e9duction significative des d\u00e9chets gr\u00e2ce \u00e0 une fabrication sur papier certifi\u00e9 FSC \u00e0 l'unit\u00e9 et sur demande, production dans l'UE, logistique \u00e9cologique.\r\nCADEAU ID\u00c9AL - destin\u00e9 \u00e0 vos contacts priv\u00e9s ou professionnels, \u00e0 la famille ou aux amis, pour un cadeau de No\u00ebl ou d'anniversaire ou juste pour le plaisir d'offrir.\r\nDIVERSIFI\u00c9 - de nombreux formats DIN A4 ou DIN A3, pour s'adapter \u00e0 toutes vos envies et vos cadres de vie.\r\nTravail photographique \u00e9rotique sur le rapport sensoriel et \u00e9motionnel de la femme au contact de la nature... par l'auteur(rice): Michel Audebert","authors":["Michel Audebert"],"category_codes":["6000000","6070000","6070200"],"visuals":{"large":"https:\/\/images.epagine.fr\/078\/9783516576078_1_75.jpg","medium":"https:\/\/images.epagine.fr\/078\/9783516576078_1_m.jpg","thumbnail":"https:\/\/images.epagine.fr\/078\/9783516576078_1_v.jpg"},"orderable":true,"show_badge":true,"formatted_price":"0,00&nbsp;\u20ac","formatted_published_date":"15 mai 2025","publisher_availability_label":"Sur commande","short_details":"Michel Audebert \u2014 CALVENDO","translator":null,"weight":460,"page_count":14,"readership":"\u00e0 partir de 16 ans","editor":"CALVENDO","price":0,"published_date":"2025-05-14T22:00:00.000000Z","support":"Calendrier","publisher_availability":1,"stock":0,"editions":[],"url":"https:\/\/quaidesbrumes.com\/ouvrage\/9783516576078\/femme-et-nature-calendrier-mural-2026-din-a3-vertical-calvendo-calendrier-mensuel-travail-photographique-erotique-sur-le-rapport-sensoriel-et-emotionnel-de-la-femme-au-contact-de-la-nature"},{"id":"9783516576238","title":"F\u00e9minit\u00e9 (Calendrier mural 2026 DIN A4 horizontal), CALVENDO calendrier mensuel : Prises \u00e9rotiques du corps f\u00e9minin.","description":"Bien que se rapprochant de la sculpture, les images de se projet mettent en sc\u00e8ne le r\u00e9el corps f\u00e9minin. Elles \u00e9voquent non seulement le combat entre la fugacit\u00e9 et l'intemporalit\u00e9 mais \u00e9galement entre le r\u00e9el et le surr\u00e9alisme.\r\n\r\nCalendrier mural de qualit\u00e9 sup\u00e9rieure avec 12 magnifiques photos. L'environnement nous tient \u00e0 coeur. C'est pourquoi nous utilisons exclusivement du papier certifi\u00e9 FSC provenant de for\u00eats g\u00e9r\u00e9es de mani\u00e8re \u00e9coresponsable. Nous \u00e9vitons la surproduction et donc des quantit\u00e9s significatives de d\u00e9chets, en produisant dans l'UE \u00e0 l'unit\u00e9 et sur demande. Nous r\u00e9duisons nos distances de transport et assurons une logistique respectueuse de l'environnement.\r\n\r\n14 pages dont 1 couverture | 12 pages mensuelles | 1 page d'index | dos cartonn\u00e9\r\n\r\nCe calendrier \u00e0 succ\u00e8s a \u00e9t\u00e9 r\u00e9\u00e9dit\u00e9 cette ann\u00e9e avec les m\u00eames images et une grille calendaire mise \u00e0 jour.\r\n\r\nIllustrations:\r\n\r\nQUALITATIF - un calendrier annuel de qualit\u00e9 sup\u00e9rieure avec 12 magnifiques motifs, sur papier d'impression photo, avec une reliure spirale robuste et un crochet de suspension.\r\nDURABLE - r\u00e9duction significative des d\u00e9chets gr\u00e2ce \u00e0 une fabrication sur papier certifi\u00e9 FSC \u00e0 l'unit\u00e9 et sur demande, production dans l'UE, logistique \u00e9cologique.\r\nCADEAU ID\u00c9AL - destin\u00e9 \u00e0 vos contacts priv\u00e9s ou professionnels, \u00e0 la famille ou aux amis, pour un cadeau de No\u00ebl ou d'anniversaire ou juste pour le plaisir d'offrir.\r\nDIVERSIFI\u00c9 - de nombreux formats DIN A4 ou DIN A3, pour s'adapter \u00e0 toutes vos envies et vos cadres de vie.\r\nPrises \u00e9rotiques du corps f\u00e9minin. par l'auteur(rice): Sven Rausch","authors":["Sven Rausch"],"category_codes":["6000000","6070000","6070200"],"visuals":{"large":"https:\/\/images.epagine.fr\/238\/9783516576238_1_75.jpg","medium":"https:\/\/images.epagine.fr\/238\/9783516576238_1_m.jpg","thumbnail":"https:\/\/images.epagine.fr\/238\/9783516576238_1_v.jpg"},"orderable":true,"show_badge":true,"formatted_price":"0,00&nbsp;\u20ac","formatted_published_date":"15 mai 2025","publisher_availability_label":"Sur commande","short_details":"Sven Rausch \u2014 CALVENDO","translator":null,"weight":210,"page_count":14,"readership":"\u00e0 partir de 16 ans","editor":"CALVENDO","price":0,"published_date":"2025-05-14T22:00:00.000000Z","support":"Calendrier","publisher_availability":1,"stock":0,"editions":[],"url":"https:\/\/quaidesbrumes.com\/ouvrage\/9783516576238\/feminite-calendrier-mural-2026-din-a4-horizontal-calvendo-calendrier-mensuel-prises-erotiques-du-corps-feminin"},{"id":"9783516576344","title":"Femme et Nature (Calendrier mural 2026 DIN A4 vertical), CALVENDO calendrier mensuel : Travail photographique \u00e9rotique sur le rapport sensoriel et \u00e9motionnel de la femme au contact de la nature...","description":"Retour aux origines : La rencontre de la femme dans sa nudit\u00e9, avec la nature... De cette osmose corporelle, naissent des perceptions sensorielles et \u00e9motionnelles authentiques !\r\n\r\nCalendrier mural de qualit\u00e9 sup\u00e9rieure avec 12 magnifiques photos. L'environnement nous tient \u00e0 coeur. C'est pourquoi nous utilisons exclusivement du papier certifi\u00e9 FSC provenant de for\u00eats g\u00e9r\u00e9es de mani\u00e8re \u00e9coresponsable. Nous \u00e9vitons la surproduction et donc des quantit\u00e9s significatives de d\u00e9chets, en produisant dans l'UE \u00e0 l'unit\u00e9 et sur demande. Nous r\u00e9duisons nos distances de transport et assurons une logistique respectueuse de l'environnement.\r\n\r\n14 pages dont 1 couverture | 12 pages mensuelles | 1 page d'index | dos cartonn\u00e9\r\n\r\nCe calendrier \u00e0 succ\u00e8s a \u00e9t\u00e9 r\u00e9\u00e9dit\u00e9 cette ann\u00e9e avec les m\u00eames images et une grille calendaire mise \u00e0 jour.\r\n\r\nIllustrations:\r\nJanvier: Liepa en For\u00eat de Nemours \r\nF\u00e9vrier: Liepa en For\u00eat de Nemours \r\nMars: Jahnael au Grand Crohot \r\nAvril: Jahnael au Grand Crohot \r\nMai: Jahnael au Grand Crohot \r\nJuin: Angelina \u00e0 l' Espiguette \r\nJuillet: Alixia en For\u00eat d' Ermenonville \r\nAo\u00fbt: Alixia en For\u00eat d' Ermenonville \r\nSeptembre: Alixia en For\u00eat d' Ermenonville \r\nOctobre: Sabrina au Porge \r\nNovembre: Sabrina au Porge \r\nD\u00e9cembre: Gaia en For\u00eat de Fontainebleau \r\n\r\nQUALITATIF - un calendrier annuel de qualit\u00e9 sup\u00e9rieure avec 12 magnifiques motifs, sur papier d'impression photo, avec une reliure spirale robuste et un crochet de suspension.\r\nDURABLE - r\u00e9duction significative des d\u00e9chets gr\u00e2ce \u00e0 une fabrication sur papier certifi\u00e9 FSC \u00e0 l'unit\u00e9 et sur demande, production dans l'UE, logistique \u00e9cologique.\r\nCADEAU ID\u00c9AL - destin\u00e9 \u00e0 vos contacts priv\u00e9s ou professionnels, \u00e0 la famille ou aux amis, pour un cadeau de No\u00ebl ou d'anniversaire ou juste pour le plaisir d'offrir.\r\nDIVERSIFI\u00c9 - de nombreux formats DIN A4 ou DIN A3, pour s'adapter \u00e0 toutes vos envies et vos cadres de vie.\r\nTravail photographique \u00e9rotique sur le rapport sensoriel et \u00e9motionnel de la femme au contact de la nature... par l'auteur(rice): Michel Audebert","authors":["Michel Audebert"],"category_codes":["6000000","6070000","6070200"],"visuals":{"large":"https:\/\/images.epagine.fr\/344\/9783516576344_1_75.jpg","medium":"https:\/\/images.epagine.fr\/344\/9783516576344_1_m.jpg","thumbnail":"https:\/\/images.epagine.fr\/344\/9783516576344_1_v.jpg"},"orderable":true,"show_badge":true,"formatted_price":"0,00&nbsp;\u20ac","formatted_published_date":"15 mai 2025","publisher_availability_label":"Sur commande","short_details":"Michel Audebert \u2014 CALVENDO","translator":null,"weight":210,"page_count":14,"readership":"\u00e0 partir de 16 ans","editor":"CALVENDO","price":0,"published_date":"2025-05-14T22:00:00.000000Z","support":"Calendrier","publisher_availability":1,"stock":0,"editions":[],"url":"https:\/\/quaidesbrumes.com\/ouvrage\/9783516576344\/femme-et-nature-calendrier-mural-2026-din-a4-vertical-calvendo-calendrier-mensuel-travail-photographique-erotique-sur-le-rapport-sensoriel-et-emotionnel-de-la-femme-au-contact-de-la-nature"},{"id":"9783516556575","title":"Le canap\u00e9 (Calendrier mural 2026 DIN A4 horizontal), CALVENDO calendrier mensuel : Un meuble qui n'est pas seulement utilis\u00e9 pour s'asseoir, mais aussi pour se pr\u00e9lasser p\u00e9cheur sur les beaut\u00e9s \u00e9rotiques","description":"Un canap\u00e9 en cuir noir comme toile de fond pour des portraits de nu compl\u00e8tement diff\u00e9rents. Le photographe de nu allemand Lichtgestalt montre une impl\u00e9mentation multi-faces du m\u00eame th\u00e8me: une femme nue sur un canap\u00e9 noir. Sensuel, p\u00e9cheur, noir.\r\n\r\nCalendrier mural de qualit\u00e9 sup\u00e9rieure avec 12 magnifiques photos. L'environnement nous tient \u00e0 coeur. C'est pourquoi nous utilisons exclusivement du papier certifi\u00e9 FSC provenant de for\u00eats g\u00e9r\u00e9es de mani\u00e8re \u00e9coresponsable. Nous \u00e9vitons la surproduction et donc des quantit\u00e9s significatives de d\u00e9chets, en produisant dans l'UE \u00e0 l'unit\u00e9 et sur demande. Nous r\u00e9duisons nos distances de transport et assurons une logistique respectueuse de l'environnement.\r\n\r\n14 pages dont 1 couverture | 12 pages mensuelles | 1 page d'index | dos cartonn\u00e9\r\n\r\nCe calendrier \u00e0 succ\u00e8s a \u00e9t\u00e9 r\u00e9\u00e9dit\u00e9 cette ann\u00e9e avec les m\u00eames images et une grille calendaire mise \u00e0 jour.\r\n\r\nIllustrations:\r\nJanvier: Chandelier\r\nF\u00e9vrier: Sportivit\u00e9 \u00e9l\u00e9gante\r\nMars: D\u00e9vouement\r\nAvril: Danse pour moi\r\nMai: Belle lingerie\r\nJuin: Image miroir\r\nJuillet: Rouge rouge rouge\r\nAo\u00fbt: Fort et noble\r\nSeptembre: Sol brillant\r\nOctobre: Strip-tease\r\nNovembre: Lumi\u00e8re rouge myst\u00e9rieuse\r\nD\u00e9cembre: Joyeux No\u00ebl\r\n\r\nQUALITATIF - un calendrier annuel de qualit\u00e9 sup\u00e9rieure avec 12 magnifiques motifs, sur papier d'impression photo, avec une reliure spirale robuste et un crochet de suspension.\r\nDURABLE - r\u00e9duction significative des d\u00e9chets gr\u00e2ce \u00e0 une fabrication sur papier certifi\u00e9 FSC \u00e0 l'unit\u00e9 et sur demande, production dans l'UE, logistique \u00e9cologique.\r\nCADEAU ID\u00c9AL - destin\u00e9 \u00e0 vos contacts priv\u00e9s ou professionnels, \u00e0 la famille ou aux amis, pour un cadeau de No\u00ebl ou d'anniversaire ou juste pour le plaisir d'offrir.\r\nDIVERSIFI\u00c9 - de nombreux formats DIN A4 ou DIN A3, pour s'adapter \u00e0 toutes vos envies et vos cadres de vie.\r\nUn meuble qui n'est pas seulement utilis\u00e9 pour s'asseoir, mais aussi pour se pr\u00e9lasser p\u00e9cheur sur les beaut\u00e9s \u00e9rotiques par l'auteur(rice): Lichtgestalt","authors":["Lichtgestalt Lichtgestalt"],"category_codes":["6000000","6070000","6070200"],"visuals":{"large":"https:\/\/images.epagine.fr\/575\/9783516556575_1_75.jpg","medium":"https:\/\/images.epagine.fr\/575\/9783516556575_1_m.jpg","thumbnail":"https:\/\/images.epagine.fr\/575\/9783516556575_1_v.jpg"},"orderable":true,"show_badge":true,"formatted_price":"0,00&nbsp;\u20ac","formatted_published_date":"15 mai 2025","publisher_availability_label":"Sur commande","short_details":"Lichtgestalt Lichtgestalt \u2014 CALVENDO","translator":null,"weight":210,"page_count":14,"readership":"\u00e0 partir de 16 ans","editor":"CALVENDO","price":0,"published_date":"2025-05-14T22:00:00.000000Z","support":"Calendrier","publisher_availability":1,"stock":0,"editions":[],"url":"https:\/\/quaidesbrumes.com\/ouvrage\/9783516556575\/le-canape-calendrier-mural-2026-din-a4-horizontal-calvendo-calendrier-mensuel-un-meuble-qui-nest-pas-seulement-utilise-pour-sasseoir-mais-aussi-pour-se-prelasser-pecheur-sur-les-beautes-erotiques"},{"id":"9783516556896","title":"Le canap\u00e9  (Calendrier mural 2026 DIN A2 horizontal) calendrier de bureau : Un meuble qui n'est pas seulement utilis\u00e9 pour s'asseoir, mais aussi pour se pr\u00e9lasser p\u00e9cheur sur les beaut\u00e9s \u00e9rotiques","description":"Un canap\u00e9 en cuir noir comme toile de fond pour des portraits de nu compl\u00e8tement diff\u00e9rents. Le photographe de nu allemand Lichtgestalt montre une impl\u00e9mentation multi-faces du m\u00eame th\u00e8me: une femme nue sur un canap\u00e9 noir. Sensuel, p\u00e9cheur, noir.\r\n\r\nImpression d'art premium en haute brillance de qualit\u00e9 mus\u00e9e. Pour que les feuilles de papier soient bien accroch\u00e9es au mur, ce calendrier haut de gamme est dot\u00e9 de pochettes innovantes. Elles prot\u00e8gent les grandes feuilles des effets de l'humidit\u00e9 de l'air. Le papier est un mat\u00e9riau naturel. Les fibres r\u00e9agissent aux variations du climat ambiant. Il est donc conseill\u00e9 de ne pas retirer les pochettes d'insertion.\r\n\r\nNotre environnement nous tient \u00e0 coeur, c'est pourquoi nous misons sur une fabrication individuelle en Allemagne (Made in Germany) avec des mat\u00e9riaux de qualit\u00e9 sup\u00e9rieure.\r\n\r\n14 pages dont 1 couverture | 12 pages mensuelles | 1 page d'index I dos cartonn\u00e9.\r\n\r\n\r\nCe calendrier \u00e0 succ\u00e8s a \u00e9t\u00e9 r\u00e9\u00e9dit\u00e9 cette ann\u00e9e avec les m\u00eames images et une grille calendaire mise \u00e0 jour.\r\n\r\nIllustrations:\r\nJanvier: Chandelier\r\nF\u00e9vrier: Sportivit\u00e9 \u00e9l\u00e9gante\r\nMars: D\u00e9vouement\r\nAvril: Danse pour moi\r\nMai: Belle lingerie\r\nJuin: Image miroir\r\nJuillet: Rouge rouge rouge\r\nAo\u00fbt: Fort et noble\r\nSeptembre: Sol brillant\r\nOctobre: Strip-tease\r\nNovembre: Lumi\u00e8re rouge myst\u00e9rieuse\r\nD\u00e9cembre: Joyeux No\u00ebl\r\n\r\nLIGNE PREMIUM - Calendrier photo brillant avec 12 magnifiques motifs, impression d'art en haute brillance de qualit\u00e9 mus\u00e9e\r\nQUALIT\u00c9 - mat\u00e9riaux nobles, dos solide avec 2 pochettes innovantes pour une pr\u00e9sentation optimale au mur\r\nDURABLE - nette r\u00e9duction des d\u00e9chets gr\u00e2ce \u00e0 une fabrication \u00e0 l'unit\u00e9 adapt\u00e9e aux besoins, papier certifi\u00e9 FSC respectueux de l'environnement, production en Allemagne, logistique respectueuse du climat.\r\nCADEAU ID\u00c9AL - destin\u00e9 \u00e0 vos contacts priv\u00e9s ou professionnels, \u00e0 la famille ou aux amis, pour un cadeau de No\u00ebl ou d'anniversaire ou juste  pour le plaisir d'offrir.\r\nUn meuble qui n'est pas seulement utilis\u00e9 pour s'asseoir, mais aussi pour se pr\u00e9lasser p\u00e9cheur sur les beaut\u00e9s \u00e9rotiques par l'auteur(rice): Lichtgestalt","authors":["Lichtgestalt Lichtgestalt"],"category_codes":["6000000","6070000","6070200"],"visuals":{"large":"https:\/\/images.epagine.fr\/896\/9783516556896_1_75.jpg","medium":"https:\/\/images.epagine.fr\/896\/9783516556896_1_m.jpg","thumbnail":"https:\/\/images.epagine.fr\/896\/9783516556896_1_v.jpg"},"orderable":true,"show_badge":true,"formatted_price":"0,00&nbsp;\u20ac","formatted_published_date":"15 mai 2025","publisher_availability_label":"Sur commande","short_details":"Lichtgestalt Lichtgestalt \u2014 CALVENDO","translator":null,"weight":1280,"page_count":14,"readership":"\u00e0 partir de 16 ans","editor":"CALVENDO","price":0,"published_date":"2025-05-14T22:00:00.000000Z","support":"Calendrier","publisher_availability":1,"stock":0,"editions":[],"url":"https:\/\/quaidesbrumes.com\/ouvrage\/9783516556896\/le-canape-calendrier-mural-2026-din-a2-horizontal-calendrier-de-bureau-un-meuble-qui-nest-pas-seulement-utilise-pour-sasseoir-mais-aussi-pour-se-prelasser-pecheur-sur-les-beautes-erotiques"},{"id":"9783516557107","title":"Le canap\u00e9 (Calendrier de bureau 2026 DIN A5 horizontal), CALVENDO calendrier mensuel : Un meuble qui n'est pas seulement utilis\u00e9 pour s'asseoir, mais aussi pour se pr\u00e9lasser p\u00e9cheur sur les beaut\u00e9s \u00e9rotiques","description":"Un canap\u00e9 en cuir noir comme toile de fond pour des portraits de nu compl\u00e8tement diff\u00e9rents. Le photographe de nu allemand Lichtgestalt montre une impl\u00e9mentation multi-faces du m\u00eame th\u00e8me: une femme nue sur un canap\u00e9 noir. Sensuel, p\u00e9cheur, noir.\r\n\r\nCalendrier de bureau de qualit\u00e9 sup\u00e9rieure avec 12 magnifiques photos. L'environnement nous tient \u00e0 coeur. C'est pourquoi nous utilisons exclusivement du papier certifi\u00e9 FSC provenant de for\u00eats g\u00e9r\u00e9es de mani\u00e8re \u00e9coresponsable. Nous \u00e9vitons la surproduction et donc des quantit\u00e9s significatives de d\u00e9chets, en produisant dans l'UE \u00e0 l'unit\u00e9 et sur demande. Nous r\u00e9duisons nos distances de transport et assurons une logistique respectueuse de l'environnement.\r\n\r\n14 pages dont 1 couverture | 12 pages mensuelles | 1 page d'index I dos cartonn\u00e9.\r\n\r\nCe calendrier \u00e0 succ\u00e8s a \u00e9t\u00e9 r\u00e9\u00e9dit\u00e9 cette ann\u00e9e avec les m\u00eames images et une grille calendaire mise \u00e0 jour.\r\n\r\nIllustrations:\r\nJanvier: Chandelier\r\nF\u00e9vrier: Sportivit\u00e9 \u00e9l\u00e9gante\r\nMars: D\u00e9vouement\r\nAvril: Danse pour moi\r\nMai: Belle lingerie\r\nJuin: Image miroir\r\nJuillet: Rouge rouge rouge\r\nAo\u00fbt: Fort et noble\r\nSeptembre: Sol brillant\r\nOctobre: Strip-tease\r\nNovembre: Lumi\u00e8re rouge myst\u00e9rieuse\r\nD\u00e9cembre: Joyeux No\u00ebl\r\n\r\nQUALITATIF - un calendrier annuel de qualit\u00e9 sup\u00e9rieure avec 12 magnifiques motifs, sur papier d'impression photo, avec une reliure spirale robuste.\r\nDURABLE - r\u00e9duction significative des d\u00e9chets gr\u00e2ce \u00e0 une fabrication sur papier certifi\u00e9 FSC \u00e0 l'unit\u00e9 et sur demande, production dans l'UE, logistique \u00e9cologique.\r\nCADEAU ID\u00c9AL - destin\u00e9 \u00e0 vos contacts priv\u00e9s ou professionnels, \u00e0 la famille ou aux amis, pour un cadeau de No\u00ebl ou d'anniversaire ou juste  pour le plaisir d'offrir.\r\nDIVERSIFI\u00c9 - de nombreux formats DIN A4 ou DIN A3, pour s'adapter \u00e0 toutes vos envies et vos cadres de vie.\r\nUn meuble qui n'est pas seulement utilis\u00e9 pour s'asseoir, mais aussi pour se pr\u00e9lasser p\u00e9cheur sur les beaut\u00e9s \u00e9rotiques par l'auteur(rice): Lichtgestalt","authors":["Lichtgestalt Lichtgestalt"],"category_codes":["6000000","6070000","6070200"],"visuals":{"large":"https:\/\/images.epagine.fr\/107\/9783516557107_1_75.jpg","medium":"https:\/\/images.epagine.fr\/107\/9783516557107_1_m.jpg","thumbnail":"https:\/\/images.epagine.fr\/107\/9783516557107_1_v.jpg"},"orderable":true,"show_badge":true,"formatted_price":"0,00&nbsp;\u20ac","formatted_published_date":"15 mai 2025","publisher_availability_label":"Sur commande","short_details":"Lichtgestalt Lichtgestalt \u2014 CALVENDO","translator":null,"weight":165,"page_count":14,"readership":"\u00e0 partir de 16 ans","editor":"CALVENDO","price":0,"published_date":"2025-05-14T22:00:00.000000Z","support":"Calendrier","publisher_availability":1,"stock":0,"editions":[],"url":"https:\/\/quaidesbrumes.com\/ouvrage\/9783516557107\/le-canape-calendrier-de-bureau-2026-din-a5-horizontal-calvendo-calendrier-mensuel-un-meuble-qui-nest-pas-seulement-utilise-pour-sasseoir-mais-aussi-pour-se-prelasser-pecheur-sur-les-beautes-erotiques"},{"id":"9783516550726","title":"Promenade florale (Calendrier mural 2026 DIN A3 horizontal), CALVENDO calendrier mensuel : Mosa\u00efque de fleurs pour un parcours floral","description":"Promenez-vous dans ce petit jardin botanique en tournant quelques pages, au fil du temps, au fil des saisons pour le plaisir des yeux.\r\n\r\nCalendrier mural de qualit\u00e9 sup\u00e9rieure avec 12 magnifiques photos. L'environnement nous tient \u00e0 coeur. C'est pourquoi nous utilisons exclusivement du papier certifi\u00e9 FSC provenant de for\u00eats g\u00e9r\u00e9es de mani\u00e8re \u00e9coresponsable. Nous \u00e9vitons la surproduction et donc des quantit\u00e9s significatives de d\u00e9chets, en produisant dans l'UE \u00e0 l'unit\u00e9 et sur demande. Nous r\u00e9duisons nos distances de transport et assurons une logistique respectueuse de l'environnement.\r\n\r\n14 pages dont 1 couverture | 12 pages mensuelles | 1 page d'index | dos cartonn\u00e9\r\n\r\nCe calendrier \u00e0 succ\u00e8s a \u00e9t\u00e9 r\u00e9\u00e9dit\u00e9 cette ann\u00e9e avec les m\u00eames images et une grille calendaire mise \u00e0 jour.\r\n\r\nIllustrations:\r\nJanvier: Lupin\r\nF\u00e9vrier: Rose jaune\r\nMars: Rhododendron\r\nAvril: Gen\u00eat\r\nMai: Raiponce\r\nJuin: Aloes\r\nJuillet: Duo en bleu\r\nAo\u00fbt: Immortelle\r\nSeptembre: Nielle\r\nOctobre: Lysimachia\r\nNovembre: Nielle\r\nD\u00e9cembre: Dahlia\r\n\r\nQUALITATIF - un calendrier annuel de qualit\u00e9 sup\u00e9rieure avec 12 magnifiques motifs, sur papier d'impression photo, avec une reliure spirale robuste et un crochet de suspension.\r\nDURABLE - r\u00e9duction significative des d\u00e9chets gr\u00e2ce \u00e0 une fabrication sur papier certifi\u00e9 FSC \u00e0 l'unit\u00e9 et sur demande, production dans l'UE, logistique \u00e9cologique.\r\nCADEAU ID\u00c9AL - destin\u00e9 \u00e0 vos contacts priv\u00e9s ou professionnels, \u00e0 la famille ou aux amis, aux jeunes adultes ou aux moins jeunes,  pour un cadeau de No\u00ebl ou d'anniversaire ou juste pour le plaisir d'offrir.\r\nDIVERSIFI\u00c9 - de nombreux formats DIN A4 ou DIN A3, pour s'adapter \u00e0 toutes vos envies et vos cadres de vie.\r\nMosa\u00efque de fleurs pour un parcours floral par l'auteur(rice): Patrick Kessler","authors":["Patrick Kessler"],"category_codes":["6000000","6070000","6070200"],"visuals":{"large":"https:\/\/images.epagine.fr\/726\/9783516550726_1_75.jpg","medium":"https:\/\/images.epagine.fr\/726\/9783516550726_1_m.jpg","thumbnail":"https:\/\/images.epagine.fr\/726\/9783516550726_1_v.jpg"},"orderable":true,"show_badge":true,"formatted_price":"0,00&nbsp;\u20ac","formatted_published_date":"15 mai 2025","publisher_availability_label":"Sur commande","short_details":"Patrick Kessler \u2014 CALVENDO","translator":null,"weight":450,"page_count":14,"readership":null,"editor":"CALVENDO","price":0,"published_date":"2025-05-14T22:00:00.000000Z","support":"Calendrier","publisher_availability":1,"stock":0,"editions":[],"url":"https:\/\/quaidesbrumes.com\/ouvrage\/9783516550726\/promenade-florale-calendrier-mural-2026-din-a3-horizontal-calvendo-calendrier-mensuel-mosaique-de-fleurs-pour-un-parcours-floral"},{"id":"9783516551297","title":"La Bretagne. La c\u00f4te d'Emeraude et la c\u00f4te de Penthi\u00e8vre (Calendrier mural 2026 DIN A3 vertical), CALVENDO calendrier mensuel : Paysages de la c\u00f4te nord de la Bretagne en hiver","description":"Une d\u00e9couverte de la Bretagne en hiver. Ses lumi\u00e8res magiques mettent en valeur ses paysages rocheux. Les petits ports de p\u00eache s'activent. Les chemins c\u00f4tiers nous font d\u00e9couvrir des endroits isol\u00e9s.\r\n\r\nCalendrier mural de qualit\u00e9 sup\u00e9rieure avec 12 magnifiques photos. L'environnement nous tient \u00e0 coeur. C'est pourquoi nous utilisons exclusivement du papier certifi\u00e9 FSC provenant de for\u00eats g\u00e9r\u00e9es de mani\u00e8re \u00e9coresponsable. Nous \u00e9vitons la surproduction et donc des quantit\u00e9s significatives de d\u00e9chets, en produisant dans l'UE \u00e0 l'unit\u00e9 et sur demande. Nous r\u00e9duisons nos distances de transport et assurons une logistique respectueuse de l'environnement.\r\n\r\n14 pages dont 1 couverture | 12 pages mensuelles | 1 page d'index | dos cartonn\u00e9\r\n\r\nCe calendrier \u00e0 succ\u00e8s a \u00e9t\u00e9 r\u00e9\u00e9dit\u00e9 cette ann\u00e9e avec les m\u00eames images et une grille calendaire mise \u00e0 jour.\r\n\r\nIllustrations:\r\nJanvier: Plage des C\u00f4tes d'Armor\r\nF\u00e9vrier: Le port d'Erquy\r\nMars: Saint-Malo le fort du Grand B\u00e9\r\nAvril: Port Nieux, baie de La Fresnaye\r\nMai: La baie de la Fresnaye\r\nJuin: Le fort La Latte\r\nJuillet: Le phare du Cap Fr\u00e9hel\r\nAo\u00fbt: La lande bretonne en hiver\r\nSeptembre: Le port d'Erquy\r\nOctobre: Erquy et l'ilot Verdelet\r\nNovembre: Sur le cap d'Erquy\r\nD\u00e9cembre: Sur le cap d'Erquy\r\n\r\nQUALITATIF - un calendrier annuel de qualit\u00e9 sup\u00e9rieure avec 12 magnifiques motifs, sur papier d'impression photo, avec une reliure spirale robuste et un crochet de suspension.\r\nDURABLE - r\u00e9duction significative des d\u00e9chets gr\u00e2ce \u00e0 une fabrication sur papier certifi\u00e9 FSC \u00e0 l'unit\u00e9 et sur demande, production dans l'UE, logistique \u00e9cologique.\r\nCADEAU ID\u00c9AL - destin\u00e9 \u00e0 vos contacts priv\u00e9s ou professionnels, \u00e0 la famille ou aux amis, aux jeunes adultes ou aux moins jeunes,  pour un cadeau de No\u00ebl ou d'anniversaire ou juste pour le plaisir d'offrir.\r\nDIVERSIFI\u00c9 - de nombreux formats DIN A4 ou DIN A3, pour s'adapter \u00e0 toutes vos envies et vos cadres de vie.\r\nPaysages de la c\u00f4te nord de la Bretagne en hiver par l'auteur(rice): Alain Gaymard","authors":["Alain Gaymard"],"category_codes":["6000000","6070000","6070200"],"visuals":{"large":"https:\/\/images.epagine.fr\/297\/9783516551297_1_75.jpg","medium":"https:\/\/images.epagine.fr\/297\/9783516551297_1_m.jpg","thumbnail":"https:\/\/images.epagine.fr\/297\/9783516551297_1_v.jpg"},"orderable":true,"show_badge":true,"formatted_price":"0,00&nbsp;\u20ac","formatted_published_date":"15 mai 2025","publisher_availability_label":"Sur commande","short_details":"Alain Gaymard \u2014 CALVENDO","translator":null,"weight":460,"page_count":14,"readership":null,"editor":"CALVENDO","price":0,"published_date":"2025-05-14T22:00:00.000000Z","support":"Calendrier","publisher_availability":1,"stock":0,"editions":[],"url":"https:\/\/quaidesbrumes.com\/ouvrage\/9783516551297\/la-bretagne-la-cote-demeraude-et-la-cote-de-penthievre-calendrier-mural-2026-din-a3-vertical-calvendo-calendrier-mensuel-paysages-de-la-cote-nord-de-la-bretagne-en-hiver"},{"id":"9783516551440","title":"Visage de Paris, ann\u00e9es 1970 (Calendrier mural 2026 DIN A4 horizontal), CALVENDO calendrier mensuel : Retour \u00e0 Paris dans les ann\u00e9es 70","description":"La capitale fran\u00e7aise a bien chang\u00e9 depuis cinquante ans. Les quartiers c\u00e9l\u00e8bres de Paris ont actuellement un visage bien diff\u00e9rent de celui des ann\u00e9es 70. Pour m\u00e9moire, voici \u00e0 quoi ils ressemblaient. Un peu de nostalgie.\r\n\r\nCalendrier mural de qualit\u00e9 sup\u00e9rieure avec 12 magnifiques photos. L'environnement nous tient \u00e0 coeur. C'est pourquoi nous utilisons exclusivement du papier certifi\u00e9 FSC provenant de for\u00eats g\u00e9r\u00e9es de mani\u00e8re \u00e9coresponsable. Nous \u00e9vitons la surproduction et donc des quantit\u00e9s significatives de d\u00e9chets, en produisant dans l'UE \u00e0 l'unit\u00e9 et sur demande. Nous r\u00e9duisons nos distances de transport et assurons une logistique respectueuse de l'environnement.\r\n\r\n14 pages dont 1 couverture | 12 pages mensuelles | 1 page d'index | dos cartonn\u00e9\r\n\r\nCe calendrier \u00e0 succ\u00e8s a \u00e9t\u00e9 r\u00e9\u00e9dit\u00e9 cette ann\u00e9e avec les m\u00eames images et une grille calendaire mise \u00e0 jour.\r\n\r\nIllustrations:\r\nJanvier: Quartier des Halles en 1970\r\nF\u00e9vrier: Les Invalides\r\nMars: Arc de Triomphe et Place de l'Etoile\r\nAvril: La Saint Chapelle\r\nMai: Place de la Bastille\r\nJuin: Beaubourg, 1977. Les travaux\r\nJuillet: La Seine et le Grand Palais\r\nAo\u00fbt: La Tour Eiffel\r\nSeptembre: Porte Maillot\r\nOctobre: Construction du Forum des Halles\r\nNovembre: La Tour Montparnasse\r\nD\u00e9cembre: Ile de la Cit\u00e9\r\n\r\nQUALITATIF - un calendrier annuel de qualit\u00e9 sup\u00e9rieure avec 12 magnifiques motifs, sur papier d'impression photo, avec une reliure spirale robuste et un crochet de suspension.\r\nDURABLE - r\u00e9duction significative des d\u00e9chets gr\u00e2ce \u00e0 une fabrication sur papier certifi\u00e9 FSC \u00e0 l'unit\u00e9 et sur demande, production dans l'UE, logistique \u00e9cologique.\r\nCADEAU ID\u00c9AL - destin\u00e9 \u00e0 vos contacts priv\u00e9s ou professionnels, \u00e0 la famille ou aux amis, aux jeunes adultes ou aux moins jeunes,  pour un cadeau de No\u00ebl ou d'anniversaire ou juste pour le plaisir d'offrir.\r\nDIVERSIFI\u00c9 - de nombreux formats DIN A4 ou DIN A3, pour s'adapter \u00e0 toutes vos envies et vos cadres de vie.\r\nRetour \u00e0 Paris dans les ann\u00e9es 70 par l'auteur(rice): Alain Gaymard","authors":["Alain Gaymard"],"category_codes":["6000000","6070000","6070200"],"visuals":{"large":"https:\/\/images.epagine.fr\/440\/9783516551440_1_75.jpg","medium":"https:\/\/images.epagine.fr\/440\/9783516551440_1_m.jpg","thumbnail":"https:\/\/images.epagine.fr\/440\/9783516551440_1_v.jpg"},"orderable":true,"show_badge":true,"formatted_price":"0,00&nbsp;\u20ac","formatted_published_date":"15 mai 2025","publisher_availability_label":"Sur commande","short_details":"Alain Gaymard \u2014 CALVENDO","translator":null,"weight":210,"page_count":14,"readership":null,"editor":"CALVENDO","price":0,"published_date":"2025-05-14T22:00:00.000000Z","support":"Calendrier","publisher_availability":1,"stock":0,"editions":[],"url":"https:\/\/quaidesbrumes.com\/ouvrage\/9783516551440\/visage-de-paris-annees-1970-calendrier-mural-2026-din-a4-horizontal-calvendo-calendrier-mensuel-retour-a-paris-dans-les-annees-70"},{"id":"9783516551488","title":"Promenade florale (Calendrier mural 2026 DIN A4 horizontal), CALVENDO calendrier mensuel : Mosa\u00efque de fleurs pour un parcours floral","description":"Promenez-vous dans ce petit jardin botanique en tournant quelques pages, au fil du temps, au fil des saisons pour le plaisir des yeux.\r\n\r\nCalendrier mural de qualit\u00e9 sup\u00e9rieure avec 12 magnifiques photos. L'environnement nous tient \u00e0 coeur. C'est pourquoi nous utilisons exclusivement du papier certifi\u00e9 FSC provenant de for\u00eats g\u00e9r\u00e9es de mani\u00e8re \u00e9coresponsable. Nous \u00e9vitons la surproduction et donc des quantit\u00e9s significatives de d\u00e9chets, en produisant dans l'UE \u00e0 l'unit\u00e9 et sur demande. Nous r\u00e9duisons nos distances de transport et assurons une logistique respectueuse de l'environnement.\r\n\r\n14 pages dont 1 couverture | 12 pages mensuelles | 1 page d'index | dos cartonn\u00e9\r\n\r\nCe calendrier \u00e0 succ\u00e8s a \u00e9t\u00e9 r\u00e9\u00e9dit\u00e9 cette ann\u00e9e avec les m\u00eames images et une grille calendaire mise \u00e0 jour.\r\n\r\nIllustrations:\r\nJanvier: Lupin\r\nF\u00e9vrier: Rose jaune\r\nMars: Rhododendron\r\nAvril: Gen\u00eat\r\nMai: Raiponce\r\nJuin: Aloes\r\nJuillet: Duo en bleu\r\nAo\u00fbt: Immortelle\r\nSeptembre: Nielle\r\nOctobre: Lysimachia\r\nNovembre: Nielle\r\nD\u00e9cembre: Dahlia\r\n\r\nQUALITATIF - un calendrier annuel de qualit\u00e9 sup\u00e9rieure avec 12 magnifiques motifs, sur papier d'impression photo, avec une reliure spirale robuste et un crochet de suspension.\r\nDURABLE - r\u00e9duction significative des d\u00e9chets gr\u00e2ce \u00e0 une fabrication sur papier certifi\u00e9 FSC \u00e0 l'unit\u00e9 et sur demande, production dans l'UE, logistique \u00e9cologique.\r\nCADEAU ID\u00c9AL - destin\u00e9 \u00e0 vos contacts priv\u00e9s ou professionnels, \u00e0 la famille ou aux amis, aux jeunes adultes ou aux moins jeunes,  pour un cadeau de No\u00ebl ou d'anniversaire ou juste pour le plaisir d'offrir.\r\nDIVERSIFI\u00c9 - de nombreux formats DIN A4 ou DIN A3, pour s'adapter \u00e0 toutes vos envies et vos cadres de vie.\r\nMosa\u00efque de fleurs pour un parcours floral par l'auteur(rice): Patrick Kessler","authors":["Patrick Kessler"],"category_codes":["6000000","6070000","6070200"],"visuals":{"large":"https:\/\/images.epagine.fr\/488\/9783516551488_1_75.jpg","medium":"https:\/\/images.epagine.fr\/488\/9783516551488_1_m.jpg","thumbnail":"https:\/\/images.epagine.fr\/488\/9783516551488_1_v.jpg"},"orderable":true,"show_badge":true,"formatted_price":"0,00&nbsp;\u20ac","formatted_published_date":"15 mai 2025","publisher_availability_label":"Sur commande","short_details":"Patrick Kessler \u2014 CALVENDO","translator":null,"weight":210,"page_count":14,"readership":null,"editor":"CALVENDO","price":0,"published_date":"2025-05-14T22:00:00.000000Z","support":"Calendrier","publisher_availability":1,"stock":0,"editions":[],"url":"https:\/\/quaidesbrumes.com\/ouvrage\/9783516551488\/promenade-florale-calendrier-mural-2026-din-a4-horizontal-calvendo-calendrier-mensuel-mosaique-de-fleurs-pour-un-parcours-floral"},{"id":"9782844811448","title":"Jeunes scenaristes ; tout ce qu'il faut savoir !","description":"C'est le guide du routard pour sc\u00e9nariste \"en devenir\" : Comment se former, vendre son projet, maitriser les contrats, combien se faire payer, comprendre le droit d'auteur, le droit moral, savoir r\u00e9partir quand on \u00e9crit \u00e0 plusieurs. Toutes les informations n\u00e9cessaires.\r","authors":["Fr\u00e9deric Davoust"],"category_codes":["6000000","6070000","6070200"],"visuals":{"large":"https:\/\/images.epagine.fr\/448\/9782844811448_1_75.jpg","medium":"https:\/\/images.epagine.fr\/448\/9782844811448_1_m.jpg","thumbnail":"https:\/\/images.epagine.fr\/448\/9782844811448_1_v.jpg"},"orderable":true,"show_badge":true,"formatted_price":"22,00&nbsp;\u20ac","formatted_published_date":"9 septembre 2011","publisher_availability_label":"Sur commande","short_details":"Fr\u00e9deric Davoust \u2014 DIXIT","translator":null,"weight":418,"page_count":224,"readership":null,"editor":"DIXIT","price":2200,"published_date":"2011-09-08T22:00:00.000000Z","support":"Grand format","publisher_availability":1,"stock":0,"editions":[],"url":"https:\/\/quaidesbrumes.com\/ouvrage\/9782844811448\/jeunes-scenaristes-tout-ce-quil-faut-savoir"},{"id":"9782406086635","title":"Le cin\u00e9ma de Michael Cimino ; l'Am\u00e9rique, un r\u00eave \u00e9vanoui","description":"In\u00e9gale, l'oeuvre de Michael Cimino a comme objet principal l'histoire des \u00c9tats-Unis. L'\u00e9tude propos\u00e9e s'attache aux trois films majeurs qui, pris ensemble, constituent une mise en forme des diff\u00e9rents \u00e2ges de l'Am\u00e9rique, o\u00f9 domine l'id\u00e9e de perte.\r","authors":["C\u00e9dric Donnat","Antoine de Baecque","Serge Chauvin"],"category_codes":["6000000","6070000","6070300","6070304"],"visuals":{"large":"https:\/\/images.epagine.fr\/635\/9782406086635_1_75.jpg","medium":"https:\/\/images.epagine.fr\/635\/9782406086635_1_m.jpg","thumbnail":"https:\/\/images.epagine.fr\/635\/9782406086635_1_v.jpg"},"orderable":true,"show_badge":true,"formatted_price":"87,00&nbsp;\u20ac","formatted_published_date":"31 juillet 2019","publisher_availability_label":"Sur commande","short_details":"C\u00e9dric Donnat, Antoine de Baecque, Serge Chauvin \u2014 CLASSIQUES GARNIER","translator":null,"weight":710,"page_count":420,"readership":null,"editor":"CLASSIQUES GARNIER","price":8700,"published_date":"2019-07-30T22:00:00.000000Z","support":"Grand format","publisher_availability":1,"stock":0,"editions":[],"url":"https:\/\/quaidesbrumes.com\/ouvrage\/9782406086635\/le-cinema-de-michael-cimino-lamerique-un-reve-evanoui"},{"id":"3663322112737","title":"Bizaphotofanzine#2","description":"Cette ann\u00e9e, le point commun des quatre photographes d'Amorce s\u00e9lectionn\u00e9s par Flore Gaulmier ; Amandine Freyd, G\u00e9raldine Arlet, Edwin Fauthoux Kresser, Valentine Vermeil, est un v\u00e9cu personnel qui fait histoire, \u00e9tendu dans le temps ou bien reli\u00e9 \u00e0 des moments \u00e9ph\u00e9m\u00e8res. Ces moments sollicitent la m\u00e9moire, poussent \u00e0  \u00ab \u00eatre en qu\u00eate de \u00bb : souvenirs, traces, acceptations, interrogations, exp\u00e9rimentations, qui s'illustrent par l'image. On d\u00e9c\u00e8le ainsi de multiples approches qui pourront \u00eatre douce, d\u00e9licate, po\u00e9tique, chaleureuse ou encore apaisante. Parfois, une l\u00e9g\u00e8re tension se profile... ","authors":["Collectif","Freyd"],"category_codes":["6000000","6070000","6070200"],"visuals":{"large":"https:\/\/images.epagine.fr\/737\/3663322112737_1_75.jpg","medium":"https:\/\/images.epagine.fr\/737\/3663322112737_1_m.jpg","thumbnail":"https:\/\/images.epagine.fr\/737\/3663322112737_1_v.jpg"},"orderable":true,"show_badge":true,"formatted_price":"5,00&nbsp;\u20ac","formatted_published_date":"11 janvier 2021","publisher_availability_label":"Sur commande","short_details":"Collectif, Freyd \u2014 Arnaud Bizalion","translator":null,"weight":54,"page_count":12,"readership":null,"editor":"Arnaud Bizalion","price":500,"published_date":"2021-01-10T23:00:00.000000Z","support":"Grand format","publisher_availability":1,"stock":0,"editions":[],"url":"https:\/\/quaidesbrumes.com\/ouvrage\/3663322112737\/bizaphotofanzine2"},{"id":"9782915548952","title":"Gens d'ici","description":"En marge de ses reportages pour la presse fran\u00e7aise et \u00e9trang\u00e8re, en particulier le quotidien Le Monde, Jean- Claude Coutausse a d\u00e9velopp\u00e9 un travail documentaire sur la population de la Communaut\u00e9 d'Agglom\u00e9ration de Mantes-en- Yvelines. \u00ab Gens d'ici \u00bb nous livre une repr\u00e9sentation sensible et pertinente de la vie quotidienne et du monde du travail dans cette r\u00e9gion, t\u00e9moignant de multiples composantes sociales et culturelles. Ces photographies aussi m\u00e9ticuleuses que respectueuses de la r\u00e9alit\u00e9 d\u00e9crivent une grande diversit\u00e9 de gens et d'activit\u00e9s, \u00e0 la ville comme dans les communes alentour. Jean-Claude Coutausse impose ici un regard \u00e0 la fois personnel et sans complaisance, se distinguant de l'image st\u00e9r\u00e9otyp\u00e9e de la banlieue parisienne.\r\nGabriel Bauret, commissaire d'expositions et auteur de livres sur la photographie, a coordonn\u00e9 cette mission ainsi que le projet Images en Seine dans laquelle elle s'inscrit.\r","authors":["Gabriel Bauret","Jean-claude Coutausse"],"category_codes":["6000000","6070000","6070200"],"visuals":{"large":"https:\/\/images.epagine.fr\/952\/9782915548952_1_75.jpg","medium":"https:\/\/images.epagine.fr\/952\/9782915548952_1_m.jpg","thumbnail":"https:\/\/images.epagine.fr\/952\/9782915548952_1_v.jpg"},"orderable":true,"show_badge":true,"formatted_price":"15,00&nbsp;\u20ac","formatted_published_date":"26 avril 2014","publisher_availability_label":"Sur commande","short_details":"Gabriel Bauret, Jean-claude Coutausse \u2014 Point De Vues","translator":null,"weight":270,"page_count":60,"readership":null,"editor":"Point De Vues","price":1500,"published_date":"2014-04-25T22:00:00.000000Z","support":"Grand format","publisher_availability":1,"stock":0,"editions":[],"url":"https:\/\/quaidesbrumes.com\/ouvrage\/9782915548952\/gens-dici"},{"id":"9782369752196","title":"Balsan : (f)riche en m\u00e9moire","description":"Balsan (f)riche en m\u00e9moire En 2015, le photographe Olivier Chant\u00f4me, originaire de Ch\u00e2teauroux, s'est mis en qu\u00eate de photographier les friches industrielles du quartier Balsan, alors en cours de r\u00e9habilitation. Dans ce qui devait \u00eatre \u00e0 l'origine une tentative personnelle d'inventorier les b\u00e2timents afin de ne pas les effacer de sa m\u00e9moire, le projet a grandi, au fur et \u00e0 mesure des ann\u00e9es, pour devenir ce pr\u00e9sent ouvrage qui allie photographie et r\u00e9cit. \u00c0 la faveur de multiples explorations urbaines et d\u00e9ambulations dans le quartier qui ont \u00e9t\u00e9 effectu\u00e9es jusqu'en 2022, Balsan (f)riche en m\u00e9moire raconte le destin d'un quartier industriel, dont les friches illustrent un moment cl\u00e9 de son histoire : celle de sa compl\u00e8te reconversion en espace de loisirs et en site universitaire. Entre urbex et esth\u00e9tique, entre sociologie urbaine et r\u00e9cit personnel, l'ambition est de faire partager au lecteur, les \u00e9motions que l'on peut ressentir lorsqu'il s'agit de fl\u00e2ner dans des lieux abandonn\u00e9s.","authors":["Olivier Chantome"],"category_codes":["6000000","6070000","6070200"],"visuals":{"large":"https:\/\/images.epagine.fr\/196\/9782369752196_1_75.jpg","medium":"https:\/\/images.epagine.fr\/196\/9782369752196_1_m.jpg","thumbnail":"https:\/\/images.epagine.fr\/196\/9782369752196_1_v.jpg"},"orderable":true,"show_badge":true,"formatted_price":"22,00&nbsp;\u20ac","formatted_published_date":"1er f\u00e9vrier 2023","publisher_availability_label":"Sur commande","short_details":"Olivier Chantome \u2014 Aapecg","translator":null,"weight":345,"page_count":112,"readership":null,"editor":"Aapecg","price":2200,"published_date":"2023-01-31T23:00:00.000000Z","support":"Grand format","publisher_availability":1,"stock":0,"editions":[],"url":"https:\/\/quaidesbrumes.com\/ouvrage\/9782369752196\/balsan-friche-en-memoire"},{"id":"9782842923983","title":"Fellini et Casanova","description":"\u00c0 partir d'une \u00e9tude approfondie des trois \u00e9tapes principales de la r\u00e9alisation du film Le Casanova de Federico Fellini (adaptation du sc\u00e9nario, tournage et post-production), Emmanuelle Meunier d\u00e9gage de grands axes de r\u00e9flexions autour de la relation conflictuelle qui unit deux mythes italiens, celui de Casanova et celui de Fellini.\r\n\r\nLe r\u00e9alisateur italien trouve dans Casanova un personnage complexe, entre mythe et personnage historique, et n'a de cesse de manipuler cette image typique en la confrontant \u00e0 ses propres pr\u00e9occupations de cr\u00e9ateurs.\r","authors":["Emmanuelle Meunier"],"category_codes":["6000000","6070000","6070300"],"visuals":{"large":"https:\/\/images.epagine.fr\/983\/9782842923983_1_75.jpg","medium":"https:\/\/images.epagine.fr\/983\/9782842923983_1_m.jpg","thumbnail":"https:\/\/images.epagine.fr\/983\/9782842923983_1_v.jpg"},"orderable":true,"show_badge":true,"formatted_price":"22,00&nbsp;\u20ac","formatted_published_date":"20 f\u00e9vrier 2014","publisher_availability_label":"Sur commande","short_details":"Emmanuelle Meunier \u2014 Pu De Vincennes","translator":null,"weight":454,"page_count":224,"readership":null,"editor":"Pu De Vincennes","price":2200,"published_date":"2014-02-19T23:00:00.000000Z","support":"Grand format","publisher_availability":1,"stock":0,"editions":[],"url":"https:\/\/quaidesbrumes.com\/ouvrage\/9782842923983\/fellini-et-casanova"},{"id":"9782842923938","title":"Le travail du cinema Tome 2","description":"\" DANS CE DEUXI\u00c8ME VOLUME du Travail du cin\u00e9ma, Dominique Villain poursuit son enqu\u00eate sur la cr\u00e9ation cin\u00e9matographique aupr\u00e8s de quatre cin\u00e9astes qui \u00e9voquent tr\u00e8s concr\u00e8tement des instants de leurs trajectoires singuli\u00e8res.\r\n\r\nCONNU POUR SES PORTRAITS non conventionnels de la s\u00e9rie \u00ab Cin\u00e9astes de notre temps \u00bb, Andr\u00e9 S.Labarthe s'est d\u00e9doubl\u00e9 pour \u00eatre \u00e0 son tour l'un d'entre eux.\r\nAlain Cavalier est aujourd'hui devenu le \u00ab filmeur \u00bb qu'il r\u00eavait d'\u00eatre.\r\nClaire Denis  pr\u00e9cise son amour du \u00ab Beau Travail \u00bb.\r\nAlbert Serra d\u00e9fend des th\u00e9ories paradoxales sur le travail et l'amusement, le cin\u00e9ma et la tauromachie.\r\n\r\n\r\n\"\r","authors":["Dominique Villain"],"category_codes":["6000000","6070000","6070300"],"visuals":{"large":"https:\/\/images.epagine.fr\/938\/9782842923938_1_75.jpg","medium":"https:\/\/images.epagine.fr\/938\/9782842923938_1_m.jpg","thumbnail":"https:\/\/images.epagine.fr\/938\/9782842923938_1_v.jpg"},"orderable":true,"show_badge":true,"formatted_price":"18,00&nbsp;\u20ac","formatted_published_date":"31 octobre 2013","publisher_availability_label":"Sur commande","short_details":"Dominique Villain \u2014 Pu De Vincennes","translator":null,"weight":306,"page_count":192,"readership":null,"editor":"Pu De Vincennes","price":1800,"published_date":"2013-10-30T23:00:00.000000Z","support":"Grand format","publisher_availability":1,"stock":0,"editions":[],"url":"https:\/\/quaidesbrumes.com\/ouvrage\/9782842923938\/le-travail-du-cinema-tome-2"},{"id":"9782329454573","title":"Trait\u00e9 pratique de phototypie. Nouvelle \u00e9dition","description":"Trait\u00e9 pratique de phototypie (Nouvelle \u00e9dition) \/ par Geymet\r\nDate de l'\u00e9dition originale : 1888\r\n\r\nLe pr\u00e9sent ouvrage s'inscrit dans une politique de conservation patrimoniale des ouvrages de la litt\u00e9rature Fran\u00e7aise mise en place avec la BNF. \r\nHACHETTE LIVRE et la BNF proposent ainsi un catalogue de titres indisponibles, la BNF ayant num\u00e9ris\u00e9 ces oeuvres et HACHETTE LIVRE les imprimant \u00e0 la demande. \r\nCertains de ces ouvrages refl\u00e8tent des courants de pens\u00e9e caract\u00e9ristiques de leur \u00e9poque, mais qui seraient aujourd'hui jug\u00e9s condamnables. \r\nIls n'en appartiennent pas moins \u00e0 l'histoire des id\u00e9es en France et sont susceptibles de pr\u00e9senter un int\u00e9r\u00eat scientifique ou historique. \r\nLe sens de notre d\u00e9marche \u00e9ditoriale consiste ainsi \u00e0 permettre l'acc\u00e8s \u00e0 ces oeuvres sans pour autant que nous en cautionnions en aucune fa\u00e7on le contenu. \r\nPour plus d'informations, rendez-vous sur www.hachettebnf.fr","authors":["Th\u00e9ophile Geymet"],"category_codes":["6000000","6070000","6070200"],"visuals":{"large":"https:\/\/quaidesbrumes.com\/img\/book-placeholder.png","medium":"https:\/\/quaidesbrumes.com\/img\/book-placeholder.png","thumbnail":"https:\/\/quaidesbrumes.com\/img\/book-placeholder.png"},"orderable":true,"show_badge":true,"formatted_price":"16,50&nbsp;\u20ac","formatted_published_date":"1er septembre 2020","publisher_availability_label":"Sur commande","short_details":"Th\u00e9ophile Geymet \u2014 Hachette BNF","translator":null,"weight":165,"page_count":122,"readership":null,"editor":"Hachette BNF","price":1650,"published_date":"2020-08-31T22:00:00.000000Z","support":"Grand format","publisher_availability":1,"stock":0,"editions":[],"url":"https:\/\/quaidesbrumes.com\/ouvrage\/9782329454573\/traite-pratique-de-phototypie-nouvelle-edition"},{"id":"9782847511581","title":"Histoires d'ateliers : de Courbet \u00e0 Soulages ; photographie Vincent Knapp (1957-2007)","description":"\"Vincent Knapp a commenc\u00e9 par vivre, comme tout jeune homme de son temps.\r\n Apr\u00e8s des \u00e9tudes aux Arts appliqu\u00e9s de Zurich il abandonne volontairement ce pays consid\u00e9r\u00e9 comme trop facile pour lui. Il assiste son oncle le grand photographe Peter  Knapp qu'il quitte aussi pour les \u00c9tats-Unis. \u00c0 moto, et \u00e0 la Kerouac, il invente sa propre route. De retour \u00e0 Zurich, il travaille avec succ\u00e8s dans la photo publicitaire, puis il s'installe \u00e0 Paris o\u00f9 il est demand\u00e9 par tous les grands magazines, en particulier de  mode et d\u00e9coration. Son oeil s'aguerrit.\r\n En 1987, quand le Mus\u00e9e Courbet lui passe la commande d'un reportage dans les ateliers d'artistes, il y r\u00e9pond \u00e0 sa fa\u00e7on, par des images rigoureuses et sans fioriture.\r\n Il dresse sa liste en noir et blanc d'artistes, jeunes et vieux, connus ou pas. Et, en s'en tenant strictement \u00e0 leurs visages et leurs paysages, il atteint, au bout du compte, leur formule, leur chimie. Il les questionne et les force \u00e0 dire qui ils sont et de quel art ils veulent \u00eatre les initiateurs.\r\n Aujourd'hui, le Mus\u00e9e Courbet consacre une exposition \u00e0 ce travail photographique,  compl\u00e9t\u00e9e par des portraits d'artistes r\u00e9alis\u00e9s ult\u00e9rieurement par Vincent Knapp\"\r","authors":["Collectif"],"category_codes":["6000000","6070000","6070200"],"visuals":{"large":"https:\/\/images.epagine.fr\/581\/9782847511581_1_75.jpg","medium":"https:\/\/images.epagine.fr\/581\/9782847511581_1_m.jpg","thumbnail":"https:\/\/images.epagine.fr\/581\/9782847511581_1_v.jpg"},"orderable":true,"show_badge":true,"formatted_price":"19,50&nbsp;\u20ac","formatted_published_date":"30 juin 2017","publisher_availability_label":"Sur commande","short_details":"Collectif \u2014 Sekoya","translator":null,"weight":683,"page_count":128,"readership":null,"editor":"Sekoya","price":1950,"published_date":"2017-06-29T22:00:00.000000Z","support":"Grand format","publisher_availability":1,"stock":0,"editions":[],"url":"https:\/\/quaidesbrumes.com\/ouvrage\/9782847511581\/histoires-dateliers-de-courbet-a-soulages-photographie-vincent-knapp-1957-2007"},{"id":"9782329841496","title":"La photographie st\u00e9r\u00e9oscopique en noir et en couleur","description":"La Photographie st\u00e9r\u00e9oscopique en noir et en couleur. Ouvrage illustr\u00e9 de 105 gravures \/ Ernest Coustet\r\nDate de l'\u00e9dition originale : 1925\r\nLe pr\u00e9sent ouvrage s'inscrit dans une politique de conservation patrimoniale des ouvrages de la litt\u00e9rature Fran\u00e7aise mise en place avec la BNF. \r\nHACHETTE LIVRE et la BNF proposent ainsi un catalogue de titres indisponibles, la BNF ayant num\u00e9ris\u00e9 ces oeuvres et HACHETTE LIVRE les imprimant \u00e0 la demande. \r\nCertains de ces ouvrages refl\u00e8tent des courants de pens\u00e9e caract\u00e9ristiques de leur \u00e9poque, mais qui seraient aujourd'hui jug\u00e9s condamnables. \r\nIls n'en appartiennent pas moins \u00e0 l'histoire des id\u00e9es en France et sont susceptibles de pr\u00e9senter un int\u00e9r\u00eat scientifique ou historique. \r\nLe sens de notre d\u00e9marche \u00e9ditoriale consiste ainsi \u00e0 permettre l'acc\u00e8s \u00e0 ces oeuvres sans pour autant que nous en cautionnions en aucune fa\u00e7on le contenu. \r\nPour plus d'informations, rendez-vous sur www.hachettebnf.fr\r","authors":["Ernest Coustet"],"category_codes":["6000000","6070000","6070200"],"visuals":{"large":"https:\/\/quaidesbrumes.com\/img\/book-placeholder.png","medium":"https:\/\/quaidesbrumes.com\/img\/book-placeholder.png","thumbnail":"https:\/\/quaidesbrumes.com\/img\/book-placeholder.png"},"orderable":true,"show_badge":true,"formatted_price":"20,00&nbsp;\u20ac","formatted_published_date":"29 d\u00e9cembre 2022","publisher_availability_label":"Sur commande","short_details":"Ernest Coustet \u2014 Hachette BNF","translator":null,"weight":330,"page_count":226,"readership":null,"editor":"Hachette BNF","price":2000,"published_date":"2022-12-28T23:00:00.000000Z","support":"Grand format","publisher_availability":1,"stock":0,"editions":[],"url":"https:\/\/quaidesbrumes.com\/ouvrage\/9782329841496\/la-photographie-stereoscopique-en-noir-et-en-couleur"},{"id":"9782753902954","title":"Esth\u00e9tique du detail ; peinture-photographie","description":"La photographie a engendr\u00e9 une esth\u00e9tique tr\u00e8s novatrice ? mais \u00e9quivoque ? du \u00ab d\u00e9tail \u00bb, qui rompt de fa\u00e7on radicale avec l'esth\u00e9tique classique de la peinture. Un d\u00e9tail photographique demeure irr\u00e9ductible \u00e0 une partie ou \u00e0 un \u00e9l\u00e9ment ins\u00e9parable de la totalit\u00e9 unifi\u00e9e d'une image, car la photographie, en raison de la \u00ab techno-logique \u00bb qui la sous-tend, produit une autonomisation absolue du d\u00e9tail. Mais, \u00e0 cause des processus technologiques qu'elle utilise, des formes impr\u00e9visibles et innombrables d'\u00e9mergence du d\u00e9tail sont apparues. La capture et le traitement logiciel des images digitales ont m\u00eame consid\u00e9rablement renforc\u00e9 l'arbitrarit\u00e9 du d\u00e9tail, y compris ? et en particulier ? quand la photographie s'empare des \u00ab d\u00e9tails \u00bb propres \u00e0 la peinture.\r","authors":["Jean-Claude Chirollet"],"category_codes":["6000000","6070000","6070200","6070204"],"visuals":{"large":"https:\/\/images.epagine.fr\/954\/9782753902954_1_75.jpg","medium":"https:\/\/images.epagine.fr\/954\/9782753902954_1_m.jpg","thumbnail":"https:\/\/images.epagine.fr\/954\/9782753902954_1_v.jpg"},"orderable":true,"show_badge":true,"formatted_price":"18,95&nbsp;\u20ac","formatted_published_date":"25 mars 2016","publisher_availability_label":"Sur commande","short_details":"Jean-Claude Chirollet \u2014 Connaissances Et Savoirs","translator":null,"weight":286,"page_count":204,"readership":null,"editor":"Connaissances Et Savoirs","price":1895,"published_date":"2016-03-24T23:00:00.000000Z","support":"Grand format","publisher_availability":1,"stock":0,"editions":[],"url":"https:\/\/quaidesbrumes.com\/ouvrage\/9782753902954\/esthetique-du-detail-peinture-photographie"},{"id":"9782753903241","title":"Le g\u00e9nie dans l'ombre ; quatre essais sur Leni Riefenstahl avant 1933","description":"Leni Riefenstahl. Sans forc\u00e9ment conna\u00eetre ce nom, tout le monde a d\u00e9j\u00e0 pu voir ces vues ahurissantes de la foule rassembl\u00e9e lors des congr\u00e8s nazis \u00e0 Nuremberg, ou bien les exploits sportifs des athl\u00e8tes des J.O. de Berlin 1936. Ces images, c'est \u00e0 elle, l'artiste la plus controvers\u00e9e du XXe si\u00e8cle, que nous les devons. Plus commun\u00e9ment surnomm\u00e9e \u00ab la cin\u00e9aste d'Hitler \u00bb, la jeune femme \u00e9tait pourtant d\u00e9j\u00e0 c\u00e9l\u00e8bre dans le milieu du cin\u00e9ma allemand bien avant 1933. D'abord danseuse puis actrice-\u00e9g\u00e9rie des films de montagne d'Arnold Fanck, elle s'essaya m\u00eame \u00e0 la r\u00e9alisation en 1932 (\"La Lumi\u00e8re bleue\"). Tout a une origine et l'esth\u00e9tique riefenstahlienne ne s'est bien \u00e9videmment pas construite en un jour. P\u00e9riode plut\u00f4t m\u00e9connue en France, le pr\u00e9sent ouvrage entend brosser le portrait d'une artiste en devenir avant l'acc\u00e8s au pouvoir d'Adolf Hitler. Une Riefenstahl avant la Riefenstahl en quelque sorte. On se rendra compte alors de certaines influences capitales pour son oeuvre \u00e0 venir mais minimis\u00e9es, voire ray\u00e9es de son C.V., par l'int\u00e9ress\u00e9e elle-m\u00eame. Compos\u00e9 de quatre essais et trait\u00e9 sous un angle diff\u00e9rent, \"Le G\u00e9nie dans l'ombre\" met \u00e0 jour le talent et la force de caract\u00e8re d'une femme assoiff\u00e9e de reconnaissance. Leni Riefenstahl voulait sortir de l'ombre pour rejoindre la lumi\u00e8re ; peu lui a import\u00e9 que ce f\u00fbt la lanterne du Diable.\r","authors":["Lilian Auzas"],"category_codes":["6000000","6070000","6070300","6070305"],"visuals":{"large":"https:\/\/images.epagine.fr\/241\/9782753903241_1_75.jpg","medium":"https:\/\/images.epagine.fr\/241\/9782753903241_1_m.jpg","thumbnail":"https:\/\/images.epagine.fr\/241\/9782753903241_1_v.jpg"},"orderable":true,"show_badge":true,"formatted_price":"11,95&nbsp;\u20ac","formatted_published_date":"20 mai 2016","publisher_availability_label":"Sur commande","short_details":"Lilian Auzas \u2014 Connaissances Et Savoirs","translator":null,"weight":147,"page_count":98,"readership":null,"editor":"Connaissances Et Savoirs","price":1195,"published_date":"2016-05-19T22:00:00.000000Z","support":"Grand format","publisher_availability":1,"stock":0,"editions":[],"url":"https:\/\/quaidesbrumes.com\/ouvrage\/9782753903241\/le-genie-dans-lombre-quatre-essais-sur-leni-riefenstahl-avant-1933"}]}