{"data":[{"id":"9783864423864","title":"Arno Fischer: Eine Reise (Un voyage)","description":"Arno Fischer (1927-2011) occupe une place importante dans la photographie allemande du 20\u00e8me si\u00e8cle. Pendant toute sa carri\u00e8re, il a oeuvr\u00e9 aux genres les plus divers : des photos de mode dans les rues de villes d'Europe orientale aux habitants des pays de l'Est et leur quotidien. Ses voyages l'ont men\u00e9 notamment en Guin\u00e9e-\u00c9quatoriale, en Inde, en Union sovi\u00e9tique et aux USA, toujours avec sa cam\u00e9ra. Et lorsqu'il ne parcourait pas les rues en filmant, il \u00e9tait un membre actif de DIREKT, un groupe de photographes fond\u00e9 en 1965. \u00c0 Berlin-Est qui a contribu\u00e9 pour une part essentielle \u00e0 la diversification de la culture visuelle est-allemande dans les ann\u00e9es 1970 et 1980. Arno Fischer a toujours entretenu, avec sa femme la photographe Sibylle Bergemann, ses contacts avec la sc\u00e8ne photographique internationale. Robert Frank, Henri Cartier-Bresson ou Ren\u00e9 Burri ont toujours aim\u00e9 leur faire des \u00c2\u00advisites-\u00e9clairs dans leur appartement du Schiffbauerdamm. Arno Fischer \u00e9tait aussi un enseignant passionn\u00e9, il travaillait intensivement avec ses \u00e9tudiants, d'abord \u00e0 l'\u00c9colelt;br \/gt; sup\u00e9rieure des beaux-arts (Hochschule f\u00fcr Grafik und Buchkunst) de Leipzig, puis \u00e0 l'\u00e9cole Ostkreuz de photographie de Berlin apr\u00e8s la chute du Mur.","authors":["Hamelin","Fischer"],"category_codes":["6000000","6070000","6070200"],"visuals":{"large":"https:\/\/images.epagine.fr\/864\/9783864423864_1_75.jpg","medium":"https:\/\/images.epagine.fr\/864\/9783864423864_1_m.jpg","thumbnail":"https:\/\/images.epagine.fr\/864\/9783864423864_1_v.jpg"},"orderable":true,"show_badge":true,"formatted_price":"32,00&nbsp;\u20ac","formatted_published_date":"17 novembre 2022","publisher_availability_label":"Sur commande","short_details":"Hamelin, Fischer \u2014 Snoeck","translator":null,"weight":583,"page_count":128,"readership":null,"editor":"Snoeck","price":3200,"published_date":"2022-11-16T23:00:00.000000Z","support":"Grand format","publisher_availability":1,"stock":0,"editions":[],"url":"https:\/\/quaidesbrumes.com\/ouvrage\/9783864423864\/arno-fischer-eine-reise-un-voyage"},{"id":"9782354041052","title":"Coups apr\u00e8s coups","description":"Annabel Aoun Blanco, photographe-vid\u00e9aste plasticienne travaille sur l'interstice entre la vie et la mort, la m\u00e9moire et l'oubli, l'apparition\/la disparition, le blanc et le noir, le solide et le liquide... Elle cr\u00e9e des dispositifs alliant gestes, mati\u00e8res et figure humaine. Les mati\u00e8res utilis\u00e9es pour rendre plastiquement appr\u00e9hendable sa recherche, ont un r\u00f4le symbolique et viennent s'exprimer en s\u00e9ries successives\u00e2\u20ac\u2030: l'eau, le lait, le pl\u00e2tre, le sable, la cendre, le charbon.\r\n \u00c0 partir de l'analyse et de l'illustration platonicienne du temps\u00e2\u20ac\u2030: \u00ab\u00e2\u20ac\u2030le temps est l'image mobile de l'\u00e9ternit\u00e9 immobile\u00e2\u20ac\u2030\u00bb o\u00f9 \u00ab\u00e2\u20ac\u2030image mobile\u00e2\u20ac\u2030\u00bb renverrait \u00e0 vid\u00e9o et \u00ab\u00e2\u20ac\u2030\u00e9ternit\u00e9 immobile\u00e2\u20ac\u2030\u00bb \u00e0 la photographie, l'artiste cherche \u00e0 r\u00e9v\u00e9ler l'existence de cet interstice, de ce passage, en hybridant les m\u00e9diums. Elle apporte ainsi aux caract\u00e9ristiques de la photographie celles de \u00ab\u00e2\u20ac\u2030vitesse\u00e2\u20ac\u2030\u00bb et de \u00ab\u00e2\u20ac\u2030distance\u00e2\u20ac\u2030\u00bb propres \u00e0 la vid\u00e9o, et \u00e0 la vid\u00e9o celles de \u00ab\u00e2\u20ac\u2030fig\u00e9\u00e2\u20ac\u2030\u00bb, \u00ab\u00e2\u20ac\u2030d'instantan\u00e9\u00e2\u20ac\u2030\u00bb et de \u00ab\u00e2\u20ac\u2030fixe\u00e2\u20ac\u2030\u00bb propres \u00e0 la photographie. Le projet est global photographique et vid\u00e9o (ce qui implique des univers similaires entre les deux m\u00e9diums, avec les m\u00eames combinaisons de mati\u00e8res, gestes et repr\u00e9sentations), structur\u00e9 en s\u00e9ries et cycles, organis\u00e9 en chapitres nomm\u00e9s \u00ab\u00e2\u20ac\u2030Boucles\u00e2\u20ac\u2030\u00bb. Une r\u00e9flexion particuli\u00e8rement rigoureuse et coh\u00e9rente qui donne ainsi naissance \u00e0 des oeuvres d'une qualit\u00e9 plastique plus que troublante, charg\u00e9es d'\u00e9motions.","authors":["Annabel Aoun Blanco","Robert Pujade","Daniel Rouvier"],"category_codes":["6000000","6070000","6070200"],"visuals":{"large":"https:\/\/images.epagine.fr\/052\/9782354041052_1_75.jpg","medium":"https:\/\/images.epagine.fr\/052\/9782354041052_1_m.jpg","thumbnail":"https:\/\/images.epagine.fr\/052\/9782354041052_1_v.jpg"},"orderable":true,"show_badge":true,"formatted_price":"26,00&nbsp;\u20ac","formatted_published_date":"9 f\u00e9vrier 2023","publisher_availability_label":"Sur commande","short_details":"Annabel Aoun Blanco, Robert Pujade, Daniel Rouvier \u2014 Illustria","translator":null,"weight":833,"page_count":144,"readership":null,"editor":"Illustria","price":2600,"published_date":"2023-02-08T23:00:00.000000Z","support":"Grand format","publisher_availability":1,"stock":0,"editions":[],"url":"https:\/\/quaidesbrumes.com\/ouvrage\/9782354041052\/coups-apres-coups"},{"id":"9782369801320","title":"De printemps en printemps : \u00e0 Belsunce","description":"Octavia, une poti\u00e8re du 1er si\u00e8cle, Oussama, la star d'un lieu d'art et Louise Michel pour une derni\u00e8re nuit sont au centre des histoires, de m\u00eame qu'une Marmite dessin\u00e9e par Enzo Mari, un Oranger contrari\u00e9 ou encore un Perce-muraille avec une intelligence sociale. Chaque apparition puise la force de sa pr\u00e9sence, parfois avec espi\u00e8glerie, dans le feuilletage de l'histoire du quartier Belsunce \u00e0 Marseille. Un herbier, tel un lierre autour des vieilles pierres, traverse ces pages.","authors":["Suzanne Hetzel"],"category_codes":["6000000","6070000","6070200"],"visuals":{"large":"https:\/\/images.epagine.fr\/320\/9782369801320_1_75.jpg","medium":"https:\/\/images.epagine.fr\/320\/9782369801320_1_m.jpg","thumbnail":"https:\/\/images.epagine.fr\/320\/9782369801320_1_v.jpg"},"orderable":true,"show_badge":true,"formatted_price":"18,00&nbsp;\u20ac","formatted_published_date":"4 juillet 2023","publisher_availability_label":"Sur commande","short_details":"Suzanne Hetzel \u2014 Arnaud Bizalion","translator":null,"weight":300,"page_count":64,"readership":null,"editor":"Arnaud Bizalion","price":1800,"published_date":"2023-07-03T22:00:00.000000Z","support":"Grand format","publisher_availability":1,"stock":0,"editions":[],"url":"https:\/\/quaidesbrumes.com\/ouvrage\/9782369801320\/de-printemps-en-printemps-a-belsunce"},{"id":"9782490251056","title":"Regards parano\u00efaques ; la photographie fait des histoires","description":"Sept histoires qui mettent en sc\u00e8ne des photographes c\u00e9l\u00e8bres ou en devenir, parmi lesquels Julia Margaret Cameron, Cartier-Bresson, Doisneau, Gis\u00e8le Freund ou Lartigue, illustrent la subjectivit\u00e9 de tout regard, une construction de l'esprit dont le partage collectif renferme une part de parano\u00efa, de d\u00e9lire et de falsification.\r","authors":["Martine Ravache","Mireille Calle-Gruber"],"category_codes":["6000000","6070000","6070200"],"visuals":{"large":"https:\/\/images.epagine.fr\/056\/9782490251056_1_75.jpg","medium":"https:\/\/images.epagine.fr\/056\/9782490251056_1_m.jpg","thumbnail":"https:\/\/images.epagine.fr\/056\/9782490251056_1_v.jpg"},"orderable":true,"show_badge":true,"formatted_price":"24,00&nbsp;\u20ac","formatted_published_date":"4 octobre 2019","publisher_availability_label":"Sur commande","short_details":"Martine Ravache, Mireille Calle-Gruber \u2014 Editions du Cano\u00e9","translator":null,"weight":110,"page_count":176,"readership":null,"editor":"Editions du Cano\u00e9","price":2400,"published_date":"2019-10-03T22:00:00.000000Z","support":"Grand format","publisher_availability":1,"stock":0,"editions":[],"url":"https:\/\/quaidesbrumes.com\/ouvrage\/9782490251056\/regards-paranoiaques-la-photographie-fait-des-histoires"},{"id":"9782919077724","title":"Terrains de jeux","description":"Pour la 20e \u00e9dition du festival des Photaumnales, qui s'inscrit dans l'Olympiade culturelle, nous avons propos\u00e9 aux photographes qui nous ont accompagn\u00e9s pendant toutes ces ann\u00e9es, de se plonger dans leurs archives \u00e0 la recherche d'une image qui leur \u00e9voque une certaine id\u00e9e du sport.lt;br \/gt; Cette sollicitation a suscit\u00e9 de leur part, des questionnements, des doutes, sur cette \u00e9ventualit\u00e9 d'avoir r\u00e9alis\u00e9 des photographies autour du sport, et qui ne soit pas forc\u00e9ment une photographie de sport.lt;br \/gt; L'exposition Terrains de jeux rassemble 128 photographes, et 128 propositions qui nous transportent \u00e0 travers des pays et des cultures, \u00e0 la d\u00e9couverte des paysages et des pratiques sociales du sport. Les sujets et les approches diff\u00e9rentes et vari\u00e9es t\u00e9moignent de la sensibilit\u00e9 des photographes \u00e0 aborder ce sujet en fonction de leurs pr\u00e9occupations artistiques. Chacun s'exer\u00e7ant dans un rapport au r\u00e9el plus ou moins distant, \u00e0 faire de l'espace-temps son terrain de jeu cr\u00e9atif, propice aux exp\u00e9rimentations. Au final, ces images s'inscrivent souvent dans la d\u00e9marche des auteurs, en coh\u00e9rence avec le reste de leur oeuvre.lt;br \/gt; En rassemblant les photographes autour de ce projet collectif, Diaphane poursuit sa mission de diffusion et de valorisation de la photographie contemporaine, tout en t\u00e9moignant aux artistes une amiti\u00e9 partag\u00e9e au fil de ces 20 \u00e9ditions du festival des Photaumnales.","authors":["Collectif"],"category_codes":["6000000","6070000","6070200"],"visuals":{"large":"https:\/\/images.epagine.fr\/724\/9782919077724_1_75.jpg","medium":"https:\/\/images.epagine.fr\/724\/9782919077724_1_m.jpg","thumbnail":"https:\/\/images.epagine.fr\/724\/9782919077724_1_v.jpg"},"orderable":true,"show_badge":true,"formatted_price":"25,00&nbsp;\u20ac","formatted_published_date":"1er septembre 2023","publisher_availability_label":"Sur commande","short_details":"Collectif \u2014 Diaphane","translator":null,"weight":577,"page_count":140,"readership":null,"editor":"Diaphane","price":2500,"published_date":"2023-08-31T22:00:00.000000Z","support":"Grand format","publisher_availability":1,"stock":0,"editions":[],"url":"https:\/\/quaidesbrumes.com\/ouvrage\/9782919077724\/terrains-de-jeux"},{"id":"9782919077694","title":"Oui au mouton, non aux neutrons !","description":"\u00c0 l'heure du r\u00e9chauffement climatique, de la rar\u00e9faction des \u00e9nergies fossiles et o\u00f9 le conflit russo-ukrainien p\u00e8se lourdement sur les politiques \u00e9conomiques et environnementales, le nucl\u00e9aire est plus que jamais un sujet d'actualit\u00e9. De 1960 \u00e0 1980, le photographe Jean Pottier trouva la juste distance pour saisir les enjeux de soci\u00e9t\u00e9 qu'impliquait cette \u00e9nergie nouvelle. Il saisit d'un m\u00eame regard tant la d\u00e9mesure et la modernit\u00e9 des centrales en construction que les premi\u00e8res luttes locales contre leur installation.","authors":["Pottier","Rivallin"],"category_codes":["6000000","6070000","6070200"],"visuals":{"large":"https:\/\/images.epagine.fr\/694\/9782919077694_1_75.jpg","medium":"https:\/\/images.epagine.fr\/694\/9782919077694_1_m.jpg","thumbnail":"https:\/\/images.epagine.fr\/694\/9782919077694_1_v.jpg"},"orderable":true,"show_badge":true,"formatted_price":"25,00&nbsp;\u20ac","formatted_published_date":"1er novembre 2022","publisher_availability_label":"Sur commande","short_details":"Pottier, Rivallin \u2014 Diaphane","translator":null,"weight":520,"page_count":140,"readership":null,"editor":"Diaphane","price":2500,"published_date":"2022-10-31T23:00:00.000000Z","support":"Grand format","publisher_availability":1,"stock":0,"editions":[],"url":"https:\/\/quaidesbrumes.com\/ouvrage\/9782919077694\/oui-au-mouton-non-aux-neutrons"},{"id":"9782909870151","title":"Positif n.763 : Directeurs et directrices de la photo","description":"Un dossier sp\u00e9cial \u00ab Directeurs et directrices de la photo : d'une g\u00e9n\u00e9ration \u00e0 l'autre \" , Texte et entretiens : Mohammad Rasoulof pour \u00ab Les graines du figuier sauvage \u00bb, Mati Diop pour \u00ab Dahomey \u00bb, \u00ab  Hijo de Sicario \u00bb de Astrid Rondero et Fernanda Valadez, les critiques de \u00ab  Le L\u00e9opard des neiges \u00bb de Pema Tseden, de \u00ab Les Barbares\" de Julie Delpy, de \u00ab \u00c0 son image\" de Thierry De Peretti, \u00ab  Megalopolis \u00bb de Francis Ford Coppola. La sortie en version restaur\u00e9e de \u00ab  Napol\u00e9on vu par Abel Gance \u00bb, Dialogue entre les tableaux et les personnages chez Almodovar ... Et bien d'autres sujets sont \u00e0 d\u00e9couvrir dans le num\u00e9ro de septembre de Positif !","authors":["Positif"],"category_codes":["6000000","6070000","6070300"],"visuals":{"large":"https:\/\/images.epagine.fr\/151\/9782909870151_1_75.jpg","medium":"https:\/\/images.epagine.fr\/151\/9782909870151_1_m.jpg","thumbnail":"https:\/\/images.epagine.fr\/151\/9782909870151_1_v.jpg"},"orderable":true,"show_badge":true,"formatted_price":"9,00&nbsp;\u20ac","formatted_published_date":"13 ao\u00fbt 2024","publisher_availability_label":"Sur commande","short_details":"Positif \u2014 Instit Lumi\u00e8re","translator":null,"weight":453,"page_count":100,"readership":null,"editor":"Instit Lumi\u00e8re","price":900,"published_date":"2024-08-12T22:00:00.000000Z","support":"Revue","publisher_availability":1,"stock":0,"editions":[],"url":"https:\/\/quaidesbrumes.com\/ouvrage\/9782909870151\/positif-n763-directeurs-et-directrices-de-la-photo"},{"id":"9782878546590","title":"GENRE FILMIQUE. CINEMA, TELEVISION, INTERNET","description":"La cat\u00e9gorisation des films par genre est presque aussi ancienne que le cin\u00e9ma. Com\u00e9dies, biopics, t\u00e9l\u00e9films, blockbusters, documentaires, films d'auteur, d'animation ou encore de science-fiction accompagnent spectateurs et professionnels, du sc\u00e9nario \u00e0 la critique. \u00c0 l'heure du num\u00e9rique, o\u00f9 les modes de production et les lieux de diffusion des films se diversifient, o\u00f9 cin\u00e9ma, t\u00e9l\u00e9vision et internet tendent \u00e0 converger, o\u00f9 des genres in\u00e9dits font leur apparition, qu'est-ce que le genre filmique et surtout \u00e0 quoi sert-il ? L'ouvrage envisage ces questions sous un angle pragmatique. Il analyse \u00e0 la fois les diff\u00e9rentes th\u00e9ories g\u00e9n\u00e9riques, \u00e0 travers une histoire de la pens\u00e9e du genre, et les usages qu'en font les professionnels et les publics, gr\u00e2ce \u00e0 des observations de terrain et des entretiens sociologiques. De la sp\u00e9cialisation des producteurs aux typologies du CNC, du marketing \u00e0 la programmation en salle, de l'\u00e9dition en DVD aux catalogues de vid\u00e9o \u00e0 la demande, chaque \u00e9tape de la fili\u00e8re cin\u00e9matographique fran\u00e7aise est examin\u00e9e.","authors":["Chlo\u00e9 Delaporte"],"category_codes":["6000000","6070000","6070300","6070306"],"visuals":{"large":"https:\/\/images.epagine.fr\/590\/9782878546590_1_75.jpg","medium":"https:\/\/images.epagine.fr\/590\/9782878546590_1_m.jpg","thumbnail":"https:\/\/images.epagine.fr\/590\/9782878546590_1_v.jpg"},"orderable":true,"show_badge":true,"formatted_price":"10,00&nbsp;\u20ac","formatted_published_date":"19 janvier 2016","publisher_availability_label":"Sur commande","short_details":"Chlo\u00e9 Delaporte \u2014 Presses De La Sorbonne Nouvelle","translator":null,"weight":237,"page_count":134,"readership":null,"editor":"Presses De La Sorbonne Nouvelle","price":1000,"published_date":"2016-01-18T23:00:00.000000Z","support":"Grand format","publisher_availability":1,"stock":0,"editions":[],"url":"https:\/\/quaidesbrumes.com\/ouvrage\/9782878546590\/genre-filmique-cinema-television-internet"},{"id":"9783516554434","title":"Sardaigne - Les paysages et le nu (Calendrier mural 2026 DIN A4 vertical), CALVENDO calendrier mensuel : Photos \u00e9rotiques au bord de la mer","description":"Prenez plaisir \u00e0 observer des corps de femmes photographi\u00e9es au bord de la mer, en Sardaigne. Martin Zurm\u00fchle, photographe de nu suisse et laur\u00e9at de diff\u00e9rents concours internationaux de photographie vous pr\u00e9sente une s\u00e9lection de ses meilleures oeuvres.\r\n\r\nCalendrier mural de qualit\u00e9 sup\u00e9rieure avec 12 magnifiques photos. L'environnement nous tient \u00e0 coeur. C'est pourquoi nous utilisons exclusivement du papier certifi\u00e9 FSC provenant de for\u00eats g\u00e9r\u00e9es de mani\u00e8re \u00e9coresponsable. Nous \u00e9vitons la surproduction et donc des quantit\u00e9s significatives de d\u00e9chets, en produisant dans l'UE \u00e0 l'unit\u00e9 et sur demande. Nous r\u00e9duisons nos distances de transport et assurons une logistique respectueuse de l'environnement.\r\n\r\n14 pages dont 1 couverture | 12 pages mensuelles | 1 page d'index | dos cartonn\u00e9\r\n\r\nCe calendrier \u00e0 succ\u00e8s a \u00e9t\u00e9 r\u00e9\u00e9dit\u00e9 cette ann\u00e9e avec les m\u00eames images et une grille calendaire mise \u00e0 jour.\r\n\r\nIllustrations:\r\nJanvier: Le lever du soleil\r\nF\u00e9vrier: Humeur matinale\r\nMars: Haut dans les airs\r\nAvril:  Le pouvoir de la libert\u00e9\r\nMai: Bouche ouverte\r\nJuin: Une journ\u00e9e \u00e0 la mer\r\nJuillet:  Pouvoir du d\u00e9sir\r\nAo\u00fbt:  La colline des r\u00eaves\r\nSeptembre: Volant Rouge\r\nOctobre: Vie fragile\r\nNovembre: Le courage de se lever\r\nD\u00e9cembre: Regarder le monde\r\n\r\nQUALITATIF - un calendrier annuel de qualit\u00e9 sup\u00e9rieure avec 12 magnifiques motifs, sur papier d'impression photo, avec une reliure spirale robuste et un crochet de suspension.\r\nDURABLE - r\u00e9duction significative des d\u00e9chets gr\u00e2ce \u00e0 une fabrication sur papier certifi\u00e9 FSC \u00e0 l'unit\u00e9 et sur demande, production dans l'UE, logistique \u00e9cologique.\r\nCADEAU ID\u00c9AL - destin\u00e9 \u00e0 vos contacts priv\u00e9s ou professionnels, \u00e0 la famille ou aux amis, pour un cadeau de No\u00ebl ou d'anniversaire ou juste pour le plaisir d'offrir.\r\nDIVERSIFI\u00c9 - de nombreux formats DIN A4 ou DIN A3, pour s'adapter \u00e0 toutes vos envies et vos cadres de vie.\r\nPhotos \u00e9rotiques au bord de la mer par l'auteur(rice): Julia Zurm\u00fchle-Zwinggi","authors":["Martin Zurm\u00fchle"],"category_codes":["6000000","6070000","6070200"],"visuals":{"large":"https:\/\/images.epagine.fr\/434\/9783516554434_1_75.jpg","medium":"https:\/\/images.epagine.fr\/434\/9783516554434_1_m.jpg","thumbnail":"https:\/\/images.epagine.fr\/434\/9783516554434_1_v.jpg"},"orderable":true,"show_badge":true,"formatted_price":"0,00&nbsp;\u20ac","formatted_published_date":"15 mai 2025","publisher_availability_label":"Sur commande","short_details":"Martin Zurm\u00fchle \u2014 CALVENDO","translator":null,"weight":210,"page_count":14,"readership":"\u00e0 partir de 16 ans","editor":"CALVENDO","price":0,"published_date":"2025-05-14T22:00:00.000000Z","support":"Calendrier","publisher_availability":1,"stock":0,"editions":[],"url":"https:\/\/quaidesbrumes.com\/ouvrage\/9783516554434\/sardaigne-les-paysages-et-le-nu-calendrier-mural-2026-din-a4-vertical-calvendo-calendrier-mensuel-photos-erotiques-au-bord-de-la-mer"},{"id":"9783516555905","title":"Le canap\u00e9 (Calendrier mural 2026 DIN A3 horizontal), CALVENDO calendrier mensuel : Un meuble qui n'est pas seulement utilis\u00e9 pour s'asseoir, mais aussi pour se pr\u00e9lasser p\u00e9cheur sur les beaut\u00e9s \u00e9rotiques","description":"Un canap\u00e9 en cuir noir comme toile de fond pour des portraits de nu compl\u00e8tement diff\u00e9rents. Le photographe de nu allemand Lichtgestalt montre une impl\u00e9mentation multi-faces du m\u00eame th\u00e8me: une femme nue sur un canap\u00e9 noir. Sensuel, p\u00e9cheur, noir.\r\n\r\nCalendrier mural de qualit\u00e9 sup\u00e9rieure avec 12 magnifiques photos. L'environnement nous tient \u00e0 coeur. C'est pourquoi nous utilisons exclusivement du papier certifi\u00e9 FSC provenant de for\u00eats g\u00e9r\u00e9es de mani\u00e8re \u00e9coresponsable. Nous \u00e9vitons la surproduction et donc des quantit\u00e9s significatives de d\u00e9chets, en produisant dans l'UE \u00e0 l'unit\u00e9 et sur demande. Nous r\u00e9duisons nos distances de transport et assurons une logistique respectueuse de l'environnement.\r\n\r\n14 pages dont 1 couverture | 12 pages mensuelles | 1 page d'index | dos cartonn\u00e9\r\n\r\nCe calendrier \u00e0 succ\u00e8s a \u00e9t\u00e9 r\u00e9\u00e9dit\u00e9 cette ann\u00e9e avec les m\u00eames images et une grille calendaire mise \u00e0 jour.\r\n\r\nIllustrations:\r\nJanvier: Chandelier\r\nF\u00e9vrier: Sportivit\u00e9 \u00e9l\u00e9gante\r\nMars: D\u00e9vouement\r\nAvril: Danse pour moi\r\nMai: Belle lingerie\r\nJuin: Image miroir\r\nJuillet: Rouge rouge rouge\r\nAo\u00fbt: Fort et noble\r\nSeptembre: Sol brillant\r\nOctobre: Strip-tease\r\nNovembre: Lumi\u00e8re rouge myst\u00e9rieuse\r\nD\u00e9cembre: Joyeux No\u00ebl\r\n\r\nQUALITATIF - un calendrier annuel de qualit\u00e9 sup\u00e9rieure avec 12 magnifiques motifs, sur papier d'impression photo, avec une reliure spirale robuste et un crochet de suspension.\r\nDURABLE - r\u00e9duction significative des d\u00e9chets gr\u00e2ce \u00e0 une fabrication sur papier certifi\u00e9 FSC \u00e0 l'unit\u00e9 et sur demande, production dans l'UE, logistique \u00e9cologique.\r\nCADEAU ID\u00c9AL - destin\u00e9 \u00e0 vos contacts priv\u00e9s ou professionnels, \u00e0 la famille ou aux amis, pour un cadeau de No\u00ebl ou d'anniversaire ou juste pour le plaisir d'offrir.\r\nDIVERSIFI\u00c9 - de nombreux formats DIN A4 ou DIN A3, pour s'adapter \u00e0 toutes vos envies et vos cadres de vie.\r\nUn meuble qui n'est pas seulement utilis\u00e9 pour s'asseoir, mais aussi pour se pr\u00e9lasser p\u00e9cheur sur les beaut\u00e9s \u00e9rotiques par l'auteur(rice): Lichtgestalt","authors":["Lichtgestalt Lichtgestalt"],"category_codes":["6000000","6070000","6070200"],"visuals":{"large":"https:\/\/images.epagine.fr\/905\/9783516555905_1_75.jpg","medium":"https:\/\/images.epagine.fr\/905\/9783516555905_1_m.jpg","thumbnail":"https:\/\/images.epagine.fr\/905\/9783516555905_1_v.jpg"},"orderable":true,"show_badge":true,"formatted_price":"0,00&nbsp;\u20ac","formatted_published_date":"15 mai 2025","publisher_availability_label":"Sur commande","short_details":"Lichtgestalt Lichtgestalt \u2014 CALVENDO","translator":null,"weight":450,"page_count":14,"readership":"\u00e0 partir de 16 ans","editor":"CALVENDO","price":0,"published_date":"2025-05-14T22:00:00.000000Z","support":"Calendrier","publisher_availability":1,"stock":0,"editions":[],"url":"https:\/\/quaidesbrumes.com\/ouvrage\/9783516555905\/le-canape-calendrier-mural-2026-din-a3-horizontal-calvendo-calendrier-mensuel-un-meuble-qui-nest-pas-seulement-utilise-pour-sasseoir-mais-aussi-pour-se-prelasser-pecheur-sur-les-beautes-erotiques"},{"id":"9783516557299","title":"Le canap\u00e9 (Calendrier mural 2026 DIN A2 horizontal), CALVENDO calendrier mensuel : Un meuble qui n'est pas seulement utilis\u00e9 pour s'asseoir, mais aussi pour se pr\u00e9lasser p\u00e9cheur sur les beaut\u00e9s \u00e9rotiques","description":"Un canap\u00e9 en cuir noir comme toile de fond pour des portraits de nu compl\u00e8tement diff\u00e9rents. Le photographe de nu allemand Lichtgestalt montre une impl\u00e9mentation multi-faces du m\u00eame th\u00e8me: une femme nue sur un canap\u00e9 noir. Sensuel, p\u00e9cheur, noir.\r\n\r\nCalendrier mural de qualit\u00e9 sup\u00e9rieure avec 12 magnifiques photos. L'environnement nous tient \u00e0 coeur. C'est pourquoi nous utilisons exclusivement du papier certifi\u00e9 FSC provenant de for\u00eats g\u00e9r\u00e9es de mani\u00e8re \u00e9coresponsable. Nous \u00e9vitons la surproduction et donc des quantit\u00e9s significatives de d\u00e9chets, en produisant dans l'UE \u00e0 l'unit\u00e9 et sur demande. Nous r\u00e9duisons nos distances de transport et assurons une logistique respectueuse de l'environnement.\r\n\r\n14 pages dont 1 couverture | 12 pages mensuelles | 1 page d'index | dos cartonn\u00e9\r\n\r\nCe calendrier \u00e0 succ\u00e8s a \u00e9t\u00e9 r\u00e9\u00e9dit\u00e9 cette ann\u00e9e avec les m\u00eames images et une grille calendaire mise \u00e0 jour.\r\n\r\nIllustrations:\r\nJanvier: Chandelier\r\nF\u00e9vrier: Sportivit\u00e9 \u00e9l\u00e9gante\r\nMars: D\u00e9vouement\r\nAvril: Danse pour moi\r\nMai: Belle lingerie\r\nJuin: Image miroir\r\nJuillet: Rouge rouge rouge\r\nAo\u00fbt: Fort et noble\r\nSeptembre: Sol brillant\r\nOctobre: Strip-tease\r\nNovembre: Lumi\u00e8re rouge myst\u00e9rieuse\r\nD\u00e9cembre: Joyeux No\u00ebl\r\n\r\nQUALITATIF - un calendrier annuel de qualit\u00e9 sup\u00e9rieure avec 12 magnifiques motifs, sur papier d'impression photo, avec une reliure spirale robuste et un crochet de suspension.\r\nDURABLE - r\u00e9duction significative des d\u00e9chets gr\u00e2ce \u00e0 une fabrication sur papier certifi\u00e9 FSC \u00e0 l'unit\u00e9 et sur demande, production dans l'UE, logistique \u00e9cologique.\r\nCADEAU ID\u00c9AL - destin\u00e9 \u00e0 vos contacts priv\u00e9s ou professionnels, \u00e0 la famille ou aux amis, pour un cadeau de No\u00ebl ou d'anniversaire ou juste pour le plaisir d'offrir.\r\nDIVERSIFI\u00c9 - de nombreux formats DIN A4 ou DIN A3, pour s'adapter \u00e0 toutes vos envies et vos cadres de vie.\r\nUn meuble qui n'est pas seulement utilis\u00e9 pour s'asseoir, mais aussi pour se pr\u00e9lasser p\u00e9cheur sur les beaut\u00e9s \u00e9rotiques par l'auteur(rice): Lichtgestalt","authors":["Lichtgestalt Lichtgestalt"],"category_codes":["6000000","6070000","6070200"],"visuals":{"large":"https:\/\/images.epagine.fr\/299\/9783516557299_1_75.jpg","medium":"https:\/\/images.epagine.fr\/299\/9783516557299_1_m.jpg","thumbnail":"https:\/\/images.epagine.fr\/299\/9783516557299_1_v.jpg"},"orderable":true,"show_badge":true,"formatted_price":"0,00&nbsp;\u20ac","formatted_published_date":"15 mai 2025","publisher_availability_label":"Sur commande","short_details":"Lichtgestalt Lichtgestalt \u2014 CALVENDO","translator":null,"weight":940,"page_count":14,"readership":"\u00e0 partir de 16 ans","editor":"CALVENDO","price":0,"published_date":"2025-05-14T22:00:00.000000Z","support":"Calendrier","publisher_availability":1,"stock":0,"editions":[],"url":"https:\/\/quaidesbrumes.com\/ouvrage\/9783516557299\/le-canape-calendrier-mural-2026-din-a2-horizontal-calvendo-calendrier-mensuel-un-meuble-qui-nest-pas-seulement-utilise-pour-sasseoir-mais-aussi-pour-se-prelasser-pecheur-sur-les-beautes-erotiques"},{"id":"9783516553970","title":"Sardaigne - Les paysages et le nu (Calendrier mural 2026 DIN A3 vertical), CALVENDO calendrier mensuel : Photos \u00e9rotiques au bord de la mer","description":"Prenez plaisir \u00e0 observer des corps de femmes photographi\u00e9es au bord de la mer, en Sardaigne. Martin Zurm\u00fchle, photographe de nu suisse et laur\u00e9at de diff\u00e9rents concours internationaux de photographie vous pr\u00e9sente une s\u00e9lection de ses meilleures oeuvres.\r\n\r\nCalendrier mural de qualit\u00e9 sup\u00e9rieure avec 12 magnifiques photos. L'environnement nous tient \u00e0 coeur. C'est pourquoi nous utilisons exclusivement du papier certifi\u00e9 FSC provenant de for\u00eats g\u00e9r\u00e9es de mani\u00e8re \u00e9coresponsable. Nous \u00e9vitons la surproduction et donc des quantit\u00e9s significatives de d\u00e9chets, en produisant dans l'UE \u00e0 l'unit\u00e9 et sur demande. Nous r\u00e9duisons nos distances de transport et assurons une logistique respectueuse de l'environnement.\r\n\r\n14 pages dont 1 couverture | 12 pages mensuelles | 1 page d'index | dos cartonn\u00e9\r\n\r\nCe calendrier \u00e0 succ\u00e8s a \u00e9t\u00e9 r\u00e9\u00e9dit\u00e9 cette ann\u00e9e avec les m\u00eames images et une grille calendaire mise \u00e0 jour.\r\n\r\nIllustrations:\r\nJanvier: Le lever du soleil\r\nF\u00e9vrier: Humeur matinale\r\nMars: Haut dans les airs\r\nAvril:  Le pouvoir de la libert\u00e9\r\nMai: Bouche ouverte\r\nJuin: Une journ\u00e9e \u00e0 la mer\r\nJuillet:  Pouvoir du d\u00e9sir\r\nAo\u00fbt:  La colline des r\u00eaves\r\nSeptembre: Volant Rouge\r\nOctobre: Vie fragile\r\nNovembre: Le courage de se lever\r\nD\u00e9cembre: Regarder le monde\r\n\r\nQUALITATIF - un calendrier annuel de qualit\u00e9 sup\u00e9rieure avec 12 magnifiques motifs, sur papier d'impression photo, avec une reliure spirale robuste et un crochet de suspension.\r\nDURABLE - r\u00e9duction significative des d\u00e9chets gr\u00e2ce \u00e0 une fabrication sur papier certifi\u00e9 FSC \u00e0 l'unit\u00e9 et sur demande, production dans l'UE, logistique \u00e9cologique.\r\nCADEAU ID\u00c9AL - destin\u00e9 \u00e0 vos contacts priv\u00e9s ou professionnels, \u00e0 la famille ou aux amis, pour un cadeau de No\u00ebl ou d'anniversaire ou juste pour le plaisir d'offrir.\r\nDIVERSIFI\u00c9 - de nombreux formats DIN A4 ou DIN A3, pour s'adapter \u00e0 toutes vos envies et vos cadres de vie.\r\nPhotos \u00e9rotiques au bord de la mer par l'auteur(rice): Julia Zurm\u00fchle-Zwinggi","authors":["Martin Zurm\u00fchle"],"category_codes":["6000000","6070000","6070200"],"visuals":{"large":"https:\/\/images.epagine.fr\/970\/9783516553970_1_75.jpg","medium":"https:\/\/images.epagine.fr\/970\/9783516553970_1_m.jpg","thumbnail":"https:\/\/images.epagine.fr\/970\/9783516553970_1_v.jpg"},"orderable":true,"show_badge":true,"formatted_price":"0,00&nbsp;\u20ac","formatted_published_date":"15 mai 2025","publisher_availability_label":"Sur commande","short_details":"Martin Zurm\u00fchle \u2014 CALVENDO","translator":null,"weight":460,"page_count":14,"readership":"\u00e0 partir de 16 ans","editor":"CALVENDO","price":0,"published_date":"2025-05-14T22:00:00.000000Z","support":"Calendrier","publisher_availability":1,"stock":0,"editions":[],"url":"https:\/\/quaidesbrumes.com\/ouvrage\/9783516553970\/sardaigne-les-paysages-et-le-nu-calendrier-mural-2026-din-a3-vertical-calvendo-calendrier-mensuel-photos-erotiques-au-bord-de-la-mer"},{"id":"9783516549898","title":"Gr\u00e8ce antique et Architecture (Calendrier mural 2026 DIN A3 vertical), CALVENDO calendrier mensuel : D\u00e9tails architecturaux des structures grecques antiques","description":"Voyagez dans le temps avec cette collection de photographies illustrant le style architectural de la Gr\u00e8ce antique. Profond\u00e9ment engag\u00e9s dans la simplicit\u00e9, la perspective, l'harmonie et la proportion, les architectes de la Gr\u00e8ce antique allaient influencer le style des g\u00e9n\u00e9rations futures, formant la base de l'architecture classique, toujours admir\u00e9e et estim\u00e9e jusqu'\u00e0 aujourd'hui.\r\n\r\nCalendrier mural de qualit\u00e9 sup\u00e9rieure avec 12 magnifiques photos. L'environnement nous tient \u00e0 coeur. C'est pourquoi nous utilisons exclusivement du papier certifi\u00e9 FSC provenant de for\u00eats g\u00e9r\u00e9es de mani\u00e8re \u00e9coresponsable. Nous \u00e9vitons la surproduction et donc des quantit\u00e9s significatives de d\u00e9chets, en produisant dans l'UE \u00e0 l'unit\u00e9 et sur demande. Nous r\u00e9duisons nos distances de transport et assurons une logistique respectueuse de l'environnement.\r\n\r\n14 pages dont 1 couverture | 12 pages mensuelles | 1 page d'index | dos cartonn\u00e9\r\n\r\nCe calendrier \u00e0 succ\u00e8s a \u00e9t\u00e9 r\u00e9\u00e9dit\u00e9 cette ann\u00e9e avec les m\u00eames images et une grille calendaire mise \u00e0 jour.\r\n\r\nIllustrations:\r\nJanvier: Le Parth\u00e9non d'Ath\u00e8nes\r\nF\u00e9vrier: Le portique des Caryatides de l'\u00c9rechth\u00e9ion \u00e0 Ath\u00e8nes\r\nMars: Le temple de Pos\u00e9idon au cap Sounion\r\nAvril: D\u00e9tails de l'\u00c9rechth\u00e9ion du c\u00f4t\u00e9 est\r\nMai: Le temple d'Aph\u00e9a d'\u00c9gine\r\nJuin: Le temple d'H\u00e9pha\u00efstos \u00e0 Ath\u00e8nes\r\nJuillet: D\u00e9tails de l'\u00c9rechth\u00e9ion du c\u00f4t\u00e9 sud\r\nAo\u00fbt: D\u00e9tails de l'\u00c9rechth\u00e9ion du c\u00f4t\u00e9 est\r\nSeptembre: Un chapiteau d'une colonne de l'\u00c9rechth\u00e9ion\r\nOctobre: D\u00e9tails de le Parth\u00e9non\r\nNovembre: Le temple d'Aph\u00e9a d'\u00c9gine\r\nD\u00e9cembre: Colonnes du temple de Pos\u00e9idon au cap Sounion\r\n\r\nQUALITATIF - un calendrier annuel de qualit\u00e9 sup\u00e9rieure avec 12 magnifiques motifs, sur papier d'impression photo, avec une reliure spirale robuste et un crochet de suspension.\r\nDURABLE - r\u00e9duction significative des d\u00e9chets gr\u00e2ce \u00e0 une fabrication sur papier certifi\u00e9 FSC \u00e0 l'unit\u00e9 et sur demande, production dans l'UE, logistique \u00e9cologique.\r\nCADEAU ID\u00c9AL - destin\u00e9 \u00e0 vos contacts priv\u00e9s ou professionnels, \u00e0 la famille ou aux amis, aux jeunes adultes ou aux moins jeunes,  pour un cadeau de No\u00ebl ou d'anniversaire ou juste pour le plaisir d'offrir.\r\nDIVERSIFI\u00c9 - de nombreux formats DIN A4 ou DIN A3, pour s'adapter \u00e0 toutes vos envies et vos cadres de vie.\r\nD\u00e9tails architecturaux des structures grecques antiques par l'auteur(rice): MARIA GRIGOROPOULOU","authors":["Mary Gregoropoulos"],"category_codes":["6000000","6070000","6070200"],"visuals":{"large":"https:\/\/images.epagine.fr\/898\/9783516549898_1_75.jpg","medium":"https:\/\/images.epagine.fr\/898\/9783516549898_1_m.jpg","thumbnail":"https:\/\/images.epagine.fr\/898\/9783516549898_1_v.jpg"},"orderable":true,"show_badge":true,"formatted_price":"0,00&nbsp;\u20ac","formatted_published_date":"15 mai 2025","publisher_availability_label":"Sur commande","short_details":"Mary Gregoropoulos \u2014 CALVENDO","translator":null,"weight":460,"page_count":14,"readership":null,"editor":"CALVENDO","price":0,"published_date":"2025-05-14T22:00:00.000000Z","support":"Calendrier","publisher_availability":1,"stock":0,"editions":[],"url":"https:\/\/quaidesbrumes.com\/ouvrage\/9783516549898\/grece-antique-et-architecture-calendrier-mural-2026-din-a3-vertical-calvendo-calendrier-mensuel-details-architecturaux-des-structures-grecques-antiques"},{"id":"9783516549904","title":"Burano et Minimalisme (Calendrier mural 2026 DIN A3 vertical), CALVENDO calendrier mensuel : Photos minimalistes de Burano, Italie","description":"Moins, c'est plus. Profitez de la simplicit\u00e9 color\u00e9e offerte par cette collection de photos minimalistes de Burano, en Italie. Burano est une \u00eele enchanteresse de la lagune de Venise, peinte dans toutes les nuances de l'arc-en-ciel.\r\n\r\nCalendrier mural de qualit\u00e9 sup\u00e9rieure avec 12 magnifiques photos. L'environnement nous tient \u00e0 coeur. C'est pourquoi nous utilisons exclusivement du papier certifi\u00e9 FSC provenant de for\u00eats g\u00e9r\u00e9es de mani\u00e8re \u00e9coresponsable. Nous \u00e9vitons la surproduction et donc des quantit\u00e9s significatives de d\u00e9chets, en produisant dans l'UE \u00e0 l'unit\u00e9 et sur demande. Nous r\u00e9duisons nos distances de transport et assurons une logistique respectueuse de l'environnement.\r\n\r\n14 pages dont 1 couverture | 12 pages mensuelles | 1 page d'index | dos cartonn\u00e9\r\n\r\nCe calendrier \u00e0 succ\u00e8s a \u00e9t\u00e9 r\u00e9\u00e9dit\u00e9 cette ann\u00e9e avec les m\u00eames images et une grille calendaire mise \u00e0 jour.\r\n\r\nIllustrations:\r\nJanvier: Pour toujours\r\nF\u00e9vrier: Amour\r\nMars: Nuances de printemps\r\nAvril: Blocage des couleurs\r\nMai: Po\u00e9sie\r\nJuin: Vitamine D\r\nJuillet: Danser\r\nAo\u00fbt: En duo\r\nSeptembre: L'harmonie\r\nOctobre: La douceur\r\nNovembre: Sans souci\r\nD\u00e9cembre: Rose \u00e9ternel\r\n\r\nQUALITATIF - un calendrier annuel de qualit\u00e9 sup\u00e9rieure avec 12 magnifiques motifs, sur papier d'impression photo, avec une reliure spirale robuste et un crochet de suspension.\r\nDURABLE - r\u00e9duction significative des d\u00e9chets gr\u00e2ce \u00e0 une fabrication sur papier certifi\u00e9 FSC \u00e0 l'unit\u00e9 et sur demande, production dans l'UE, logistique \u00e9cologique.\r\nCADEAU ID\u00c9AL - destin\u00e9 \u00e0 vos contacts priv\u00e9s ou professionnels, \u00e0 la famille ou aux amis, aux jeunes adultes ou aux moins jeunes,  pour un cadeau de No\u00ebl ou d'anniversaire ou juste pour le plaisir d'offrir.\r\nDIVERSIFI\u00c9 - de nombreux formats DIN A4 ou DIN A3, pour s'adapter \u00e0 toutes vos envies et vos cadres de vie.\r\nPhotos minimalistes de Burano, Italie par l'auteur(rice): MARIA GRIGOROPOULOU","authors":["Mary Gregoropoulos"],"category_codes":["6000000","6070000","6070200"],"visuals":{"large":"https:\/\/images.epagine.fr\/904\/9783516549904_1_75.jpg","medium":"https:\/\/images.epagine.fr\/904\/9783516549904_1_m.jpg","thumbnail":"https:\/\/images.epagine.fr\/904\/9783516549904_1_v.jpg"},"orderable":true,"show_badge":true,"formatted_price":"0,00&nbsp;\u20ac","formatted_published_date":"15 mai 2025","publisher_availability_label":"Sur commande","short_details":"Mary Gregoropoulos \u2014 CALVENDO","translator":null,"weight":460,"page_count":14,"readership":null,"editor":"CALVENDO","price":0,"published_date":"2025-05-14T22:00:00.000000Z","support":"Calendrier","publisher_availability":1,"stock":0,"editions":[],"url":"https:\/\/quaidesbrumes.com\/ouvrage\/9783516549904\/burano-et-minimalisme-calendrier-mural-2026-din-a3-vertical-calvendo-calendrier-mensuel-photos-minimalistes-de-burano-italie"},{"id":"9783516550597","title":"Visage de Paris, ann\u00e9es 1970 (Calendrier mural 2026 DIN A3 horizontal), CALVENDO calendrier mensuel : Retour \u00e0 Paris dans les ann\u00e9es 70","description":"La capitale fran\u00e7aise a bien chang\u00e9 depuis cinquante ans. Les quartiers c\u00e9l\u00e8bres de Paris ont actuellement un visage bien diff\u00e9rent de celui des ann\u00e9es 70. Pour m\u00e9moire, voici \u00e0 quoi ils ressemblaient. Un peu de nostalgie.\r\n\r\nCalendrier mural de qualit\u00e9 sup\u00e9rieure avec 12 magnifiques photos. L'environnement nous tient \u00e0 coeur. C'est pourquoi nous utilisons exclusivement du papier certifi\u00e9 FSC provenant de for\u00eats g\u00e9r\u00e9es de mani\u00e8re \u00e9coresponsable. Nous \u00e9vitons la surproduction et donc des quantit\u00e9s significatives de d\u00e9chets, en produisant dans l'UE \u00e0 l'unit\u00e9 et sur demande. Nous r\u00e9duisons nos distances de transport et assurons une logistique respectueuse de l'environnement.\r\n\r\n14 pages dont 1 couverture | 12 pages mensuelles | 1 page d'index | dos cartonn\u00e9\r\n\r\nCe calendrier \u00e0 succ\u00e8s a \u00e9t\u00e9 r\u00e9\u00e9dit\u00e9 cette ann\u00e9e avec les m\u00eames images et une grille calendaire mise \u00e0 jour.\r\n\r\nIllustrations:\r\nJanvier: Quartier des Halles en 1970\r\nF\u00e9vrier: Les Invalides\r\nMars: Arc de Triomphe et Place de l'Etoile\r\nAvril: La Saint Chapelle\r\nMai: Place de la Bastille\r\nJuin: Beaubourg, 1977. Les travaux\r\nJuillet: La Seine et le Grand Palais\r\nAo\u00fbt: La Tour Eiffel\r\nSeptembre: Porte Maillot\r\nOctobre: Construction du Forum des Halles\r\nNovembre: La Tour Montparnasse\r\nD\u00e9cembre: Ile de la Cit\u00e9\r\n\r\nQUALITATIF - un calendrier annuel de qualit\u00e9 sup\u00e9rieure avec 12 magnifiques motifs, sur papier d'impression photo, avec une reliure spirale robuste et un crochet de suspension.\r\nDURABLE - r\u00e9duction significative des d\u00e9chets gr\u00e2ce \u00e0 une fabrication sur papier certifi\u00e9 FSC \u00e0 l'unit\u00e9 et sur demande, production dans l'UE, logistique \u00e9cologique.\r\nCADEAU ID\u00c9AL - destin\u00e9 \u00e0 vos contacts priv\u00e9s ou professionnels, \u00e0 la famille ou aux amis, aux jeunes adultes ou aux moins jeunes,  pour un cadeau de No\u00ebl ou d'anniversaire ou juste pour le plaisir d'offrir.\r\nDIVERSIFI\u00c9 - de nombreux formats DIN A4 ou DIN A3, pour s'adapter \u00e0 toutes vos envies et vos cadres de vie.\r\nRetour \u00e0 Paris dans les ann\u00e9es 70 par l'auteur(rice): Alain Gaymard","authors":["Alain Gaymard"],"category_codes":["6000000","6070000","6070200"],"visuals":{"large":"https:\/\/images.epagine.fr\/597\/9783516550597_1_75.jpg","medium":"https:\/\/images.epagine.fr\/597\/9783516550597_1_m.jpg","thumbnail":"https:\/\/images.epagine.fr\/597\/9783516550597_1_v.jpg"},"orderable":true,"show_badge":true,"formatted_price":"0,00&nbsp;\u20ac","formatted_published_date":"15 mai 2025","publisher_availability_label":"Sur commande","short_details":"Alain Gaymard \u2014 CALVENDO","translator":null,"weight":450,"page_count":14,"readership":null,"editor":"CALVENDO","price":0,"published_date":"2025-05-14T22:00:00.000000Z","support":"Calendrier","publisher_availability":1,"stock":0,"editions":[],"url":"https:\/\/quaidesbrumes.com\/ouvrage\/9783516550597\/visage-de-paris-annees-1970-calendrier-mural-2026-din-a3-horizontal-calvendo-calendrier-mensuel-retour-a-paris-dans-les-annees-70"},{"id":"9783516551006","title":"Burano et Minimalisme (Calendrier mural 2026 DIN A4 vertical), CALVENDO calendrier mensuel : Photos minimalistes de Burano, Italie","description":"Moins, c'est plus. Profitez de la simplicit\u00e9 color\u00e9e offerte par cette collection de photos minimalistes de Burano, en Italie. Burano est une \u00eele enchanteresse de la lagune de Venise, peinte dans toutes les nuances de l'arc-en-ciel.\r\n\r\nCalendrier mural de qualit\u00e9 sup\u00e9rieure avec 12 magnifiques photos. L'environnement nous tient \u00e0 coeur. C'est pourquoi nous utilisons exclusivement du papier certifi\u00e9 FSC provenant de for\u00eats g\u00e9r\u00e9es de mani\u00e8re \u00e9coresponsable. Nous \u00e9vitons la surproduction et donc des quantit\u00e9s significatives de d\u00e9chets, en produisant dans l'UE \u00e0 l'unit\u00e9 et sur demande. Nous r\u00e9duisons nos distances de transport et assurons une logistique respectueuse de l'environnement.\r\n\r\n14 pages dont 1 couverture | 12 pages mensuelles | 1 page d'index | dos cartonn\u00e9\r\n\r\nCe calendrier \u00e0 succ\u00e8s a \u00e9t\u00e9 r\u00e9\u00e9dit\u00e9 cette ann\u00e9e avec les m\u00eames images et une grille calendaire mise \u00e0 jour.\r\n\r\nIllustrations:\r\nJanvier: Pour toujours\r\nF\u00e9vrier: Amour\r\nMars: Nuances de printemps\r\nAvril: Blocage des couleurs\r\nMai: Po\u00e9sie\r\nJuin: Vitamine D\r\nJuillet: Danser\r\nAo\u00fbt: En duo\r\nSeptembre: L'harmonie\r\nOctobre: La douceur\r\nNovembre: Sans souci\r\nD\u00e9cembre: Rose \u00e9ternel\r\n\r\nQUALITATIF - un calendrier annuel de qualit\u00e9 sup\u00e9rieure avec 12 magnifiques motifs, sur papier d'impression photo, avec une reliure spirale robuste et un crochet de suspension.\r\nDURABLE - r\u00e9duction significative des d\u00e9chets gr\u00e2ce \u00e0 une fabrication sur papier certifi\u00e9 FSC \u00e0 l'unit\u00e9 et sur demande, production dans l'UE, logistique \u00e9cologique.\r\nCADEAU ID\u00c9AL - destin\u00e9 \u00e0 vos contacts priv\u00e9s ou professionnels, \u00e0 la famille ou aux amis, aux jeunes adultes ou aux moins jeunes,  pour un cadeau de No\u00ebl ou d'anniversaire ou juste pour le plaisir d'offrir.\r\nDIVERSIFI\u00c9 - de nombreux formats DIN A4 ou DIN A3, pour s'adapter \u00e0 toutes vos envies et vos cadres de vie.\r\nPhotos minimalistes de Burano, Italie par l'auteur(rice): MARIA GRIGOROPOULOU","authors":["Mary Gregoropoulos"],"category_codes":["6000000","6070000","6070200"],"visuals":{"large":"https:\/\/images.epagine.fr\/006\/9783516551006_1_75.jpg","medium":"https:\/\/images.epagine.fr\/006\/9783516551006_1_m.jpg","thumbnail":"https:\/\/images.epagine.fr\/006\/9783516551006_1_v.jpg"},"orderable":true,"show_badge":true,"formatted_price":"0,00&nbsp;\u20ac","formatted_published_date":"15 mai 2025","publisher_availability_label":"Sur commande","short_details":"Mary Gregoropoulos \u2014 CALVENDO","translator":null,"weight":210,"page_count":14,"readership":null,"editor":"CALVENDO","price":0,"published_date":"2025-05-14T22:00:00.000000Z","support":"Calendrier","publisher_availability":1,"stock":0,"editions":[],"url":"https:\/\/quaidesbrumes.com\/ouvrage\/9783516551006\/burano-et-minimalisme-calendrier-mural-2026-din-a4-vertical-calvendo-calendrier-mensuel-photos-minimalistes-de-burano-italie"},{"id":"9783516551037","title":"Gr\u00e8ce antique et Architecture (Calendrier mural 2026 DIN A4 vertical), CALVENDO calendrier mensuel : D\u00e9tails architecturaux des structures grecques antiques","description":"Voyagez dans le temps avec cette collection de photographies illustrant le style architectural de la Gr\u00e8ce antique. Profond\u00e9ment engag\u00e9s dans la simplicit\u00e9, la perspective, l'harmonie et la proportion, les architectes de la Gr\u00e8ce antique allaient influencer le style des g\u00e9n\u00e9rations futures, formant la base de l'architecture classique, toujours admir\u00e9e et estim\u00e9e jusqu'\u00e0 aujourd'hui.\r\n\r\nCalendrier mural de qualit\u00e9 sup\u00e9rieure avec 12 magnifiques photos. L'environnement nous tient \u00e0 coeur. C'est pourquoi nous utilisons exclusivement du papier certifi\u00e9 FSC provenant de for\u00eats g\u00e9r\u00e9es de mani\u00e8re \u00e9coresponsable. Nous \u00e9vitons la surproduction et donc des quantit\u00e9s significatives de d\u00e9chets, en produisant dans l'UE \u00e0 l'unit\u00e9 et sur demande. Nous r\u00e9duisons nos distances de transport et assurons une logistique respectueuse de l'environnement.\r\n\r\n14 pages dont 1 couverture | 12 pages mensuelles | 1 page d'index | dos cartonn\u00e9\r\n\r\nCe calendrier \u00e0 succ\u00e8s a \u00e9t\u00e9 r\u00e9\u00e9dit\u00e9 cette ann\u00e9e avec les m\u00eames images et une grille calendaire mise \u00e0 jour.\r\n\r\nIllustrations:\r\nJanvier: Le Parth\u00e9non d'Ath\u00e8nes\r\nF\u00e9vrier: Le portique des Caryatides de l'\u00c9rechth\u00e9ion \u00e0 Ath\u00e8nes\r\nMars: Le temple de Pos\u00e9idon au cap Sounion\r\nAvril: D\u00e9tails de l'\u00c9rechth\u00e9ion du c\u00f4t\u00e9 est\r\nMai: Le temple d'Aph\u00e9a d'\u00c9gine\r\nJuin: Le temple d'H\u00e9pha\u00efstos \u00e0 Ath\u00e8nes\r\nJuillet: D\u00e9tails de l'\u00c9rechth\u00e9ion du c\u00f4t\u00e9 sud\r\nAo\u00fbt: D\u00e9tails de l'\u00c9rechth\u00e9ion du c\u00f4t\u00e9 est\r\nSeptembre: Un chapiteau d'une colonne de l'\u00c9rechth\u00e9ion\r\nOctobre: D\u00e9tails de le Parth\u00e9non\r\nNovembre: Le temple d'Aph\u00e9a d'\u00c9gine\r\nD\u00e9cembre: Colonnes du temple de Pos\u00e9idon au cap Sounion\r\n\r\nQUALITATIF - un calendrier annuel de qualit\u00e9 sup\u00e9rieure avec 12 magnifiques motifs, sur papier d'impression photo, avec une reliure spirale robuste et un crochet de suspension.\r\nDURABLE - r\u00e9duction significative des d\u00e9chets gr\u00e2ce \u00e0 une fabrication sur papier certifi\u00e9 FSC \u00e0 l'unit\u00e9 et sur demande, production dans l'UE, logistique \u00e9cologique.\r\nCADEAU ID\u00c9AL - destin\u00e9 \u00e0 vos contacts priv\u00e9s ou professionnels, \u00e0 la famille ou aux amis, aux jeunes adultes ou aux moins jeunes,  pour un cadeau de No\u00ebl ou d'anniversaire ou juste pour le plaisir d'offrir.\r\nDIVERSIFI\u00c9 - de nombreux formats DIN A4 ou DIN A3, pour s'adapter \u00e0 toutes vos envies et vos cadres de vie.\r\nD\u00e9tails architecturaux des structures grecques antiques par l'auteur(rice): MARIA GRIGOROPOULOU","authors":["Mary Gregoropoulos"],"category_codes":["6000000","6070000","6070200"],"visuals":{"large":"https:\/\/images.epagine.fr\/037\/9783516551037_1_75.jpg","medium":"https:\/\/images.epagine.fr\/037\/9783516551037_1_m.jpg","thumbnail":"https:\/\/images.epagine.fr\/037\/9783516551037_1_v.jpg"},"orderable":true,"show_badge":true,"formatted_price":"0,00&nbsp;\u20ac","formatted_published_date":"15 mai 2025","publisher_availability_label":"Sur commande","short_details":"Mary Gregoropoulos \u2014 CALVENDO","translator":null,"weight":210,"page_count":14,"readership":null,"editor":"CALVENDO","price":0,"published_date":"2025-05-14T22:00:00.000000Z","support":"Calendrier","publisher_availability":1,"stock":0,"editions":[],"url":"https:\/\/quaidesbrumes.com\/ouvrage\/9783516551037\/grece-antique-et-architecture-calendrier-mural-2026-din-a4-vertical-calvendo-calendrier-mensuel-details-architecturaux-des-structures-grecques-antiques"},{"id":"9783960701224","title":"Frank Gaudlitz","description":null,"authors":["Frank Gaudlitz"],"category_codes":["6000000","6070000","6070200","6070205"],"visuals":{"large":"https:\/\/images.epagine.fr\/224\/9783960701224_1_75.jpg","medium":"https:\/\/images.epagine.fr\/224\/9783960701224_1_m.jpg","thumbnail":"https:\/\/images.epagine.fr\/224\/9783960701224_1_v.jpg"},"orderable":true,"show_badge":true,"formatted_price":"36,00&nbsp;\u20ac","formatted_published_date":"15 f\u00e9vrier 2025","publisher_availability_label":"Sur commande","short_details":"Frank Gaudlitz \u2014 Hartmann Books","translator":null,"weight":701,"page_count":172,"readership":null,"editor":"Hartmann Books","price":3600,"published_date":"2025-02-14T23:00:00.000000Z","support":"Grand format","publisher_availability":1,"stock":0,"editions":[],"url":"https:\/\/quaidesbrumes.com\/ouvrage\/9783960701224\/frank-gaudlitz"},{"id":"9783960701187","title":"Peter Bialobrzeski : New York Diary","description":null,"authors":["Peter Bialobrzeski"],"category_codes":["6000000","6070000","6070200","6070205"],"visuals":{"large":"https:\/\/images.epagine.fr\/187\/9783960701187_1_75.jpg","medium":"https:\/\/images.epagine.fr\/187\/9783960701187_1_m.jpg","thumbnail":"https:\/\/images.epagine.fr\/187\/9783960701187_1_v.jpg"},"orderable":true,"show_badge":true,"formatted_price":"24,00&nbsp;\u20ac","formatted_published_date":"15 f\u00e9vrier 2025","publisher_availability_label":"Sur commande","short_details":"Peter Bialobrzeski \u2014 Hartmann Books","translator":null,"weight":265,"page_count":96,"readership":null,"editor":"Hartmann Books","price":2400,"published_date":"2025-02-14T23:00:00.000000Z","support":"Grand format","publisher_availability":1,"stock":0,"editions":[],"url":"https:\/\/quaidesbrumes.com\/ouvrage\/9783960701187\/peter-bialobrzeski-new-york-diary"},{"id":"9782492137013","title":"Revue Like n.2 : sp\u00e9cial beaux livres photo","description":"Nous sommes partis \u00e0 la d\u00e9couverte du monde de l'\u00e9dition photo dans ce num\u00e9ro. Toute l'ann\u00e9e les \u00e9diteurs ciblent leurs sorties de beaux livres sur la p\u00e9riode cruciale de No\u00ebl. C'est d'autant plus important cette ann\u00e9e, car leur visibilit\u00e9 s'est amoindrie avec les annulations de nombreux festivals et surtout de Paris Photo. Si nous voulons feuilleter encore longtemps des ouvrages qui racontent le monde par la photo, il nous faut (re)prendre le chemin de la librairie. L'offre est formidable et il y en a pour tous les go\u00fbts. D\u00e9nominateur commun : on a jamais aussi bien pens\u00e9 et fabriqu\u00e9 des livres. Mieux ils ont maintenant le statut d'objet d'art.\r","authors":["Revue Like"],"category_codes":["6000000","6070000","6070200","6070206"],"visuals":{"large":"https:\/\/images.epagine.fr\/013\/9782492137013_1_75.jpg","medium":"https:\/\/images.epagine.fr\/013\/9782492137013_1_m.jpg","thumbnail":"https:\/\/images.epagine.fr\/013\/9782492137013_1_v.jpg"},"orderable":true,"show_badge":true,"formatted_price":"9,90&nbsp;\u20ac","formatted_published_date":"17 octobre 2020","publisher_availability_label":"Sur commande","short_details":"Revue Like \u2014 Revue Like","translator":null,"weight":420,"page_count":160,"readership":null,"editor":"Revue Like","price":990,"published_date":"2020-10-16T22:00:00.000000Z","support":"Revue","publisher_availability":1,"stock":0,"editions":[],"url":"https:\/\/quaidesbrumes.com\/ouvrage\/9782492137013\/revue-like-n2-special-beaux-livres-photo"},{"id":"9782842923617","title":"L'oeil du vivant ; recherche et cr\u00e9ation ; danse et photographie","description":"Cette publication - v\u00e9ritable ab\u00e9c\u00e9daire de la relation danse et photographie - est le r\u00e9sultat du travail entrepris entre le d\u00e9partement photographie de l'universit\u00e9 Paris 8 et l'Ecole Nationale Sup\u00e9rieure de la Photographie d' Arles.\r\nOuvrage articul\u00e9 autour de la photographie et de la danse. Il permet de se confronter \u00e0 la d\u00e9marche artistique de quatre chor\u00e9graphes contemporains reconnus : Christian Rizzo, Myriam Gourfink, Michel Schweizer, Laurent Goldring et de douze photographes.\r","authors":["C\u00e9line Buisson","St\u00e9phanie Hoffmann","Svitlana Kovalova"],"category_codes":["6000000","6070000","6070200"],"visuals":{"large":"https:\/\/images.epagine.fr\/617\/9782842923617_1_75.jpg","medium":"https:\/\/images.epagine.fr\/617\/9782842923617_1_m.jpg","thumbnail":"https:\/\/images.epagine.fr\/617\/9782842923617_1_v.jpg"},"orderable":true,"show_badge":true,"formatted_price":"18,00&nbsp;\u20ac","formatted_published_date":"7 mars 2013","publisher_availability_label":"Sur commande","short_details":"C\u00e9line Buisson, St\u00e9phanie Hoffmann, Svitlana Kovalova \u2014 Pu De Vincennes","translator":null,"weight":300,"page_count":128,"readership":null,"editor":"Pu De Vincennes","price":1800,"published_date":"2013-03-06T23:00:00.000000Z","support":"Grand format","publisher_availability":1,"stock":0,"editions":[],"url":"https:\/\/quaidesbrumes.com\/ouvrage\/9782842923617\/loeil-du-vivant-recherche-et-creation-danse-et-photographie"},{"id":"9782842923471","title":"Rohmer ou le jeu des variations","description":"\u00c9ric Rohmer initialement \u00e9crivain et critique aux Cahiers du cin\u00e9ma passe ensuite \u00e0 la r\u00e9alisation. \u00c9vocation des incessants allers et retours entre th\u00e9orie et pratique dans l'oeuvre du cin\u00e9aste, ainsi que nombre de ses \u00e9crits.\r","authors":["Patrick Louguet"],"category_codes":["6000000","6070000","6070300"],"visuals":{"large":"https:\/\/images.epagine.fr\/471\/9782842923471_1_75.jpg","medium":"https:\/\/images.epagine.fr\/471\/9782842923471_1_m.jpg","thumbnail":"https:\/\/images.epagine.fr\/471\/9782842923471_1_v.jpg"},"orderable":true,"show_badge":true,"formatted_price":"23,00&nbsp;\u20ac","formatted_published_date":"13 septembre 2012","publisher_availability_label":"Sur commande","short_details":"Patrick Louguet \u2014 Pu De Vincennes","translator":null,"weight":412,"page_count":292,"readership":null,"editor":"Pu De Vincennes","price":2300,"published_date":"2012-09-12T22:00:00.000000Z","support":"Grand format","publisher_availability":1,"stock":0,"editions":[],"url":"https:\/\/quaidesbrumes.com\/ouvrage\/9782842923471\/rohmer-ou-le-jeu-des-variations"},{"id":"9782355773099","title":"En premi\u00e8re ligne","description":"QUOI ? Pour ses soixante ans, interrog\u00e9 par Christophe La Posta, Thierry Renard, l'enfant des brousses urbaines, le po\u00e8te des Minguettes (comme on l'a jadis surnomm\u00e9) a souhait\u00e9, dans les pages qui composent ce volume (conversations, po\u00e8mes, hommages...), revenir sur son existence \u00ab solitaire et solidaire \u00bb, ses alli\u00e9s substantiels (Charles Juliet, Yvon Le Men, Christian Bobin Patrick Chamoiseau), sa soif de R\u00e9publique et ses passions les plus libres et les plus g\u00e9n\u00e9reuses. Son cri, devenu chant, s'inscrit plus que jamais dans la fraternit\u00e9 du po\u00e8me. Toute une vie d\u00e9j\u00e0 longue d'agitateur po\u00e9tique r\u00e9sum\u00e9e en 288 pages.lt;br \/gt;lt;br \/gt; COMMENT ?  Tour \u00e0 tour com\u00e9dien, auteur, animateur d'ateliers d'\u00e9criture et de mise en voix, \u00e9diteur et directeur artistique, Thierry Renard m\u00e8ne de front, depuis 1978, de multiples activit\u00e9s culturelles, toutes orient\u00e9es en direction du livre et de la lecture - pour tous. Dans cet ouvrage de conversations avec Christophe La Posta, po\u00e8te et charg\u00e9 de la m\u00e9diation au sein de l'Espace Pandora, o\u00f9 se m\u00ealent investigation morale et d\u00e9sir d'\u00e9mancipation humaine, Thierry Renard retrace, avec ses mots \u00e0 lui, sa gouaille populaire et son accent lyonnais, l'aventure de lassociation Pandora, commenc\u00e9e \u00e0 V\u00e9nissieux en 1985, \u00e0 travers son propre parcours et celui de ses proches : adolescents perdus dans la langue, femmes et hommes tenus dans les marges, \u00e9crivains amis, musiciens, com\u00e9diens et plasticiens...lt;br \/gt;lt;br \/gt; QUI ? Thierry Renard est n\u00e9 \u00e0 Lyon le 14 ao\u00fbt 1963, d'une m\u00e8re d'origine pi\u00e9montaise et d'un p\u00e8re ouvrier lyonnais. Il se tourne d'abord vers le th\u00e9\u00e2tre, avant d'animer le magazine po\u00e9tique Aube et de diriger les \u00e9ditions Paroles d'aube jusqu'au printemps 1998. Il est aujourd'hui directeur litt\u00e9raire \u00e0 l'enseigne des \u00e9ditions La rumeur libre, et aussi directeur artistique de l'Espace Pandora \u00e0 V\u00e9nissieux. Cette intense activit\u00e9 culturelle ne l'emp\u00eache pas de mener \u00e0 bien une oeuvre personnelle - o\u00f9 se m\u00ealent investigation morale, \u00e9rotisme amoureux et voyages au long cours -, qui compte de nombreux ouvrages, r\u00e9cemment rassembl\u00e9s dans les Oeuvres po\u00e9tiques (deux tomes parus, 2016 et 2018) que publient les \u00e9ditions La rumeur libre.","authors":["Renard","La Posta"],"category_codes":["6000000","6070000","6070300","6070304"],"visuals":{"large":"https:\/\/images.epagine.fr\/099\/9782355773099_1_75.jpg","medium":"https:\/\/images.epagine.fr\/099\/9782355773099_1_m.jpg","thumbnail":"https:\/\/images.epagine.fr\/099\/9782355773099_1_v.jpg"},"orderable":true,"show_badge":true,"formatted_price":"18,00&nbsp;\u20ac","formatted_published_date":"10 novembre 2023","publisher_availability_label":"Sur commande","short_details":"Renard, La Posta \u2014 La Rumeur Libre","translator":null,"weight":356,"page_count":288,"readership":null,"editor":"La Rumeur Libre","price":1800,"published_date":"2023-11-09T23:00:00.000000Z","support":"Grand format","publisher_availability":1,"stock":0,"editions":[],"url":"https:\/\/quaidesbrumes.com\/ouvrage\/9782355773099\/en-premiere-ligne"},{"id":"9782913176669","title":"Les cent visages du vaste monde","description":null,"authors":["Patrice Terraz"],"category_codes":["6000000","6070000","6070200"],"visuals":{"large":"https:\/\/images.epagine.fr\/669\/9782913176669_1_75.jpg","medium":"https:\/\/images.epagine.fr\/669\/9782913176669_1_m.jpg","thumbnail":"https:\/\/images.epagine.fr\/669\/9782913176669_1_v.jpg"},"orderable":true,"show_badge":true,"formatted_price":"20,29&nbsp;\u20ac","formatted_published_date":"4 f\u00e9vrier 2010","publisher_availability_label":"Sur commande","short_details":"Patrice Terraz \u2014 Trans Photographic Press","translator":null,"weight":400,"page_count":null,"readership":null,"editor":"Trans Photographic Press","price":2029,"published_date":"2010-02-03T23:00:00.000000Z","support":"Grand format","publisher_availability":1,"stock":0,"editions":[],"url":"https:\/\/quaidesbrumes.com\/ouvrage\/9782913176669\/les-cent-visages-du-vaste-monde"}]}