{"data":[{"id":"9781912339501","title":"Neil drabble book of roy","description":null,"authors":["Drabble Neil"],"category_codes":["6000000","6070000","6070200"],"visuals":{"large":"https:\/\/images.epagine.fr\/501\/9781912339501_1_75.jpg","medium":"https:\/\/images.epagine.fr\/501\/9781912339501_1_m.jpg","thumbnail":"https:\/\/images.epagine.fr\/501\/9781912339501_1_v.jpg"},"orderable":true,"show_badge":true,"formatted_price":"40,00&nbsp;\u20ac","formatted_published_date":"8 octobre 2019","publisher_availability_label":"Sur commande","short_details":"Drabble Neil \u2014 Mack","translator":null,"weight":901,"page_count":null,"readership":null,"editor":"Mack","price":4000,"published_date":"2019-10-07T22:00:00.000000Z","support":"Grand format","publisher_availability":1,"stock":0,"editions":[],"url":"https:\/\/quaidesbrumes.com\/ouvrage\/9781912339501\/neil-drabble-book-of-roy"},{"id":"9781912339624","title":"Guido guidi in veneto","description":"Ce nouveau livre de Guido Guidi contient une s\u00e9lection de photographies in\u00e9dites r\u00e9alis\u00e9es entre 1984 et 1989. Ces images des lieux visit\u00e9s, dans les provinces italiennes de Tr\u00e9vise, Plaisance, Padoue et Venise, t\u00e9moignent de la profonde transformation de cette vaste zone rurale en un paysage marginal profond\u00e9ment incertain.","authors":["Guidi Guido"],"category_codes":["6000000","6070000","6070200"],"visuals":{"large":"https:\/\/images.epagine.fr\/624\/9781912339624_1_75.jpg","medium":"https:\/\/images.epagine.fr\/624\/9781912339624_1_m.jpg","thumbnail":"https:\/\/images.epagine.fr\/624\/9781912339624_1_v.jpg"},"orderable":true,"show_badge":true,"formatted_price":"35,00&nbsp;\u20ac","formatted_published_date":"16 novembre 2019","publisher_availability_label":"Sur commande","short_details":"Guidi Guido \u2014 Mack","translator":null,"weight":901,"page_count":null,"readership":null,"editor":"Mack","price":3500,"published_date":"2019-11-15T23:00:00.000000Z","support":"Grand format","publisher_availability":1,"stock":0,"editions":[],"url":"https:\/\/quaidesbrumes.com\/ouvrage\/9781912339624\/guido-guidi-in-veneto"},{"id":"9782742786374","title":"Photoquai 2009 ; deuxi\u00e8me biennale des images du monde","description":null,"authors":["Collectif"],"category_codes":["6000000","6070000","6070200"],"visuals":{"large":"https:\/\/images.epagine.fr\/374\/9782742786374_1_75.jpg","medium":"https:\/\/images.epagine.fr\/374\/9782742786374_1_m.jpg","thumbnail":"https:\/\/images.epagine.fr\/374\/9782742786374_1_v.jpg"},"orderable":true,"show_badge":true,"formatted_price":"15,30&nbsp;\u20ac","formatted_published_date":"15 septembre 2009","publisher_availability_label":"Sur commande","short_details":"Collectif \u2014 Actes Sud","translator":null,"weight":856,"page_count":204,"readership":"Tout public","editor":"Actes Sud","price":1530,"published_date":"2009-09-14T22:00:00.000000Z","support":"Grand format","publisher_availability":1,"stock":0,"editions":[],"url":"https:\/\/quaidesbrumes.com\/ouvrage\/9782742786374\/photoquai-2009-deuxieme-biennale-des-images-du-monde"},{"id":"9791090590670","title":"Paris-Shannon","description":"Un r\u00e9alisateur est d\u00e9sesp\u00e9r\u00e9ment \u00e0 la recherche de la femme qui pourrait incarner le personnage principal de son film. Jusqu'au jour o\u00f9 il rencontre Shannon, une femme \u00e0 la fois \u00e9mouvante, naturelle et myst\u00e9rieuse. Le choix de Shannon s'impose \u00e0 lui. Bien qu'ils se connaissent \u00e0 peine, mais gris\u00e9s par les risques de cette aventure, ils se rendent, pour les besoins du tournage et malgr\u00e9 l'inconnu que cela repr\u00e9sente, dans l'Oc\u00e9an Indien. Le village o\u00f9 ils sont amen\u00e9s \u00e0 vivre est tellement unique et pittoresque, qu'il exerce un pouvoir \u00e9motionnel \u00e9norme sur leur relation naissante. Une symbiose incontr\u00f4lable se produit entre eux et la sensualit\u00e9 du village, la culture de cette soci\u00e9t\u00e9. Cependant ils ne se doutent pas d'une chose : cette exp\u00e9rience va agir comme un r\u00e9v\u00e9lateur et les transformer affectivement et psychologiquement, ceci de fa\u00e7on d\u00e9finitive. Une fois rentr\u00e9s \u00e0 Paris, ils vivent leur passion fulgurante constamment en r\u00e9sonance \u00e0 cette exp\u00e9rience. Contre toute attente, ils prennent une d\u00e9cision \u00e9tonnante, qui va faire basculer le cours de leur vie. Leur but : comprendre pourquoi ce lieu a eu un tel impact sur leur vie affective, au point de les d\u00e9masquer. Au fond, ce qui les int\u00e9resse c'est de vivre une nouvelle aventure, d'aller aux limites de leur v\u00e9rit\u00e9 int\u00e9rieure, de laisser exalter leurs d\u00e9sirs.","authors":["Fran\u00e7ois-robert Zacot"],"category_codes":["6000000","6070000","6070200"],"visuals":{"large":"https:\/\/images.epagine.fr\/670\/9791090590670_1_75.jpg","medium":"https:\/\/images.epagine.fr\/670\/9791090590670_1_m.jpg","thumbnail":"https:\/\/images.epagine.fr\/670\/9791090590670_1_v.jpg"},"orderable":true,"show_badge":true,"formatted_price":"30,00&nbsp;\u20ac","formatted_published_date":"15 mars 2018","publisher_availability_label":"Sur commande","short_details":"Fran\u00e7ois-robert Zacot \u2014 MJW","translator":null,"weight":745,"page_count":133,"readership":null,"editor":"MJW","price":3000,"published_date":"2018-03-14T23:00:00.000000Z","support":"Grand format","publisher_availability":1,"stock":0,"editions":[],"url":"https:\/\/quaidesbrumes.com\/ouvrage\/9791090590670\/paris-shannon"},{"id":"9782376400448","title":"Un dimanche matin a Nice","description":"La photographie de rue est un art photographique fascinant qui documente la vie quotidienne m\u00eame dans son apparente banalit\u00e9. C'est la vision artistique d'un quotidien non n\u00e9cessairement spectaculaire auquel peu d'attention est port\u00e9e. La comp\u00e9tence particuli\u00e8re d'un photographe de rue r\u00e9side dans la d\u00e9tection d'un d\u00e9tail, la capture d'un moment, le gel d'un mouvement, la s\u00e9lection d'une s\u00e9quence. Le regard de l'observateur cach\u00e9 derri\u00e8re son objectif ouvre nos yeux sur de nouvelles dimensions du spectacle de l'espace urbain.\r\n\"Dans ce livre, je veux montrer cette vision focalis\u00e9e de la vie quotidienne du lieu o\u00f9 je vis et que j'aime, la ville de Nice sur la C\u00f4te d'Azur\" dixit Pia Parolin.","authors":["Pia Parolin","Jean-Christophe B\u00e9chet"],"category_codes":["6000000","6070000","6070200"],"visuals":{"large":"https:\/\/images.epagine.fr\/448\/9782376400448_1_75.jpg","medium":"https:\/\/images.epagine.fr\/448\/9782376400448_1_m.jpg","thumbnail":"https:\/\/images.epagine.fr\/448\/9782376400448_1_v.jpg"},"orderable":true,"show_badge":true,"formatted_price":"13,00&nbsp;\u20ac","formatted_published_date":"6 novembre 2019","publisher_availability_label":"Sur commande","short_details":"Pia Parolin, Jean-Christophe B\u00e9chet \u2014 Baie Des Anges","translator":null,"weight":150,"page_count":36,"readership":null,"editor":"Baie Des Anges","price":1300,"published_date":"2019-11-05T23:00:00.000000Z","support":"Grand format","publisher_availability":1,"stock":0,"editions":[],"url":"https:\/\/quaidesbrumes.com\/ouvrage\/9782376400448\/un-dimanche-matin-a-nice"},{"id":"9782322622313","title":"Le Ridicule et le S\u00e9rieux : RS","description":"Recueil de photos et de nouvelles philosophiques abordant les th\u00e9matiques du ridicule et du s\u00e9rieux, de l'ambigu\u00eft\u00e9 existentielle, du kitsch, de la difficult\u00e9 de grandir.","authors":["Rodolphe Grenier"],"category_codes":["6000000","6070000","6070200"],"visuals":{"large":"https:\/\/images.epagine.fr\/313\/9782322622313_1_75.jpg","medium":"https:\/\/images.epagine.fr\/313\/9782322622313_1_m.jpg","thumbnail":"https:\/\/images.epagine.fr\/313\/9782322622313_1_v.jpg"},"orderable":true,"show_badge":true,"formatted_price":"14,00&nbsp;\u20ac","formatted_published_date":"15 mai 2025","publisher_availability_label":"Sur commande","short_details":"Rodolphe Grenier \u2014 Books on Demand","translator":null,"weight":101,"page_count":60,"readership":null,"editor":"Books on Demand","price":1400,"published_date":"2025-05-14T22:00:00.000000Z","support":"Grand format","publisher_availability":1,"stock":0,"editions":[],"url":"https:\/\/quaidesbrumes.com\/ouvrage\/9782322622313\/le-ridicule-et-le-serieux-rs"},{"id":"3663322120282","title":"Lire, le magazine litt\u00e9raire Hors-S\u00e9rie n.38 : le seigneur des anneaux : les secrets d'une oeuvre culte","description":"Lire Magazine litt\u00e9raire vous pr\u00e9sente son num\u00e9ro hors-s\u00e9rie sp\u00e9cial J. R. R. Tolkien, Le seigneur des anneaux, les secrets d'une oeuvre culte.   Tout savoir sur la vie de Tolkien, sur la Terre du Milieu et sur la nouvelle s\u00e9rie L'Anneau de pouvoir : Entretien avec Fran\u00e7ois Descraques, Vincent Ferr\u00e9 et avec les showrunners de la s\u00e9rie \u00e0 venir... Des questions et quiz pour d\u00e9couvrir quel fan de Tolkien vous \u00eates.","authors":["Le Magazine Litteraire Lire"],"category_codes":["6000000","6070000","6070300"],"visuals":{"large":"https:\/\/images.epagine.fr\/282\/3663322120282_1_75.jpg","medium":"https:\/\/images.epagine.fr\/282\/3663322120282_1_m.jpg","thumbnail":"https:\/\/images.epagine.fr\/282\/3663322120282_1_v.jpg"},"orderable":true,"show_badge":true,"formatted_price":"8,90&nbsp;\u20ac","formatted_published_date":"24 ao\u00fbt 2022","publisher_availability_label":"Sur commande","short_details":"Le Magazine Litteraire Lire \u2014 Lire Magazine","translator":null,"weight":260,"page_count":114,"readership":null,"editor":"Lire Magazine","price":890,"published_date":"2022-08-23T22:00:00.000000Z","support":"Revue","publisher_availability":1,"stock":0,"editions":[],"url":"https:\/\/quaidesbrumes.com\/ouvrage\/3663322120282\/lire-le-magazine-litteraire-hors-serie-n38-le-seigneur-des-anneaux-les-secrets-dune-oeuvre-culte"},{"id":"9791093128115","title":"Henry Fonda ma vie","description":"Https:\/\/youtu.be\/N31RbEjob_4","authors":["Henry Fonda","Howard Teichmann","Marion Souaille","Philippe Godin"],"category_codes":["6000000","6070000","6070300","6070305"],"visuals":{"large":"https:\/\/images.epagine.fr\/115\/9791093128115_1_75.jpg","medium":"https:\/\/images.epagine.fr\/115\/9791093128115_1_m.jpg","thumbnail":"https:\/\/images.epagine.fr\/115\/9791093128115_1_v.jpg"},"orderable":true,"show_badge":true,"formatted_price":"15,00&nbsp;\u20ac","formatted_published_date":"1er juin 2018","publisher_availability_label":"Sur commande","short_details":"Henry Fonda, Howard Teichmann, Marion Souaille, Philippe Godin \u2014 Audiobib","translator":"MARION SOUAILLE","weight":0,"page_count":null,"readership":null,"editor":"Audiobib","price":1500,"published_date":"2018-05-31T22:00:00.000000Z","support":"CD Audio","publisher_availability":1,"stock":0,"editions":[],"url":"https:\/\/quaidesbrumes.com\/ouvrage\/9791093128115\/henry-fonda-ma-vie"},{"id":"9791093128078","title":"Ingrid Bergman ; biographie","description":"Https:\/\/youtu.be\/vWBgSyy2ITo","authors":["Donald Spoto","Jean-Charles Provost","Philippe Godin"],"category_codes":["6000000","6070000","6070300","6070305"],"visuals":{"large":"https:\/\/images.epagine.fr\/078\/9791093128078_1_75.jpg","medium":"https:\/\/images.epagine.fr\/078\/9791093128078_1_m.jpg","thumbnail":"https:\/\/images.epagine.fr\/078\/9791093128078_1_v.jpg"},"orderable":true,"show_badge":true,"formatted_price":"15,00&nbsp;\u20ac","formatted_published_date":"19 mai 2016","publisher_availability_label":"Sur commande","short_details":"Donald Spoto, Jean-Charles Provost, Philippe Godin \u2014 Audiobib","translator":"JEAN-CHARLES PROVOST","weight":0,"page_count":null,"readership":null,"editor":"Audiobib","price":1500,"published_date":"2016-05-18T22:00:00.000000Z","support":"CD Audio","publisher_availability":1,"stock":0,"editions":[],"url":"https:\/\/quaidesbrumes.com\/ouvrage\/9791093128078\/ingrid-bergman-biographie"},{"id":"9791093128047","title":"Le cin\u00e9ma japonais","description":"Classique de l'\u00e9dition internationale, le cin\u00e9ma japonais deTadao SATO, est un ouvrage qui couvre l'histoire du cin\u00e9ma :\r\nDe l'arriv\u00e9e du cin\u00e9ma au Japon vers 1900, jusqu'\u00e0 1995. Avec des cin\u00e9astes comme Hayao MIYASAKI,  KITANO,  MIIKE ...etc \"...proportion pas m\u00eame atteinte par les USA malgr\u00e9 le western :\r\nAu Japon plus de la moiti\u00e9 des films produits depuis les d\u00e9buts du cin\u00e9ma jusqu'aux ann\u00e9es 1960, appartiennent au genre historique (films d'\u00e9poque en costume) ...dont incontestablement le th\u00e8me principal, le fondement m\u00eame, est l'h\u00e9ro\u00efsme.\"    Tadao SATO http:\/\/youtu.be\/ujl1q5hD4Sc","authors":["Tadao Sato","Philippe Godin"],"category_codes":["6000000","6070000","6070300","6070303"],"visuals":{"large":"https:\/\/images.epagine.fr\/047\/9791093128047_1_75.jpg","medium":"https:\/\/images.epagine.fr\/047\/9791093128047_1_m.jpg","thumbnail":"https:\/\/images.epagine.fr\/047\/9791093128047_1_v.jpg"},"orderable":true,"show_badge":true,"formatted_price":"15,00&nbsp;\u20ac","formatted_published_date":"15 septembre 2014","publisher_availability_label":"Sur commande","short_details":"Tadao Sato, Philippe Godin \u2014 Audiobib","translator":null,"weight":0,"page_count":null,"readership":null,"editor":"Audiobib","price":1500,"published_date":"2014-09-14T22:00:00.000000Z","support":"CD Audio","publisher_availability":1,"stock":0,"editions":[],"url":"https:\/\/quaidesbrumes.com\/ouvrage\/9791093128047\/le-cinema-japonais"},{"id":"9782953614367","title":"Nikola\u00ef Tcherkassov : notes d'un acteur sovi\u00e9tique","description":"NIKOLA\u00cf  TCHERKASSOV est \u00e0 l'Est, encore aujourd'hui 1\/2 si\u00e8cle apr\u00e8s sa disparition, ce que John Wayne est \u00e0 l'Ouest : UNE ETOILE DU REGIME.\r\nCe qui n'enl\u00e8ve, peut-\u00eatre, rien \u00e0 son g\u00e9nie.\r\nNi surtout \u00e0 la somptueuse 1\u00e8re partie de cette autobiographie !\r\nQue l'on \u00e9coute et r\u00e9\u00e9coute, tant elle est riche.\r\nEt puis finalement que l'on r\u00e9-\u00e9coute encore !\r\n\r\nHttps:\/\/www.youtube.com\/watch?v=_E0nknn6Ziw","authors":["Nikolai Tcherkassov","V\u00e9ra Gopner","Philippe Godin"],"category_codes":["6000000","6070000","6070300","6070305"],"visuals":{"large":"https:\/\/images.epagine.fr\/367\/9782953614367_1_75.jpg","medium":"https:\/\/images.epagine.fr\/367\/9782953614367_1_m.jpg","thumbnail":"https:\/\/images.epagine.fr\/367\/9782953614367_1_v.jpg"},"orderable":true,"show_badge":true,"formatted_price":"15,00&nbsp;\u20ac","formatted_published_date":"15 novembre 2013","publisher_availability_label":"Sur commande","short_details":"Nikolai Tcherkassov, V\u00e9ra Gopner, Philippe Godin \u2014 Audiobib","translator":"VERA GOPNER","weight":0,"page_count":null,"readership":null,"editor":"Audiobib","price":1500,"published_date":"2013-11-14T23:00:00.000000Z","support":"CD Audio","publisher_availability":1,"stock":0,"editions":[],"url":"https:\/\/quaidesbrumes.com\/ouvrage\/9782953614367\/nikolai-tcherkassov-notes-dun-acteur-sovietique"},{"id":"9782350465807","title":"One more dance : before they take the light away","description":"Christophe Acker, r\u00e9alisateur, signe la r\u00e9sidence de cette dixi\u00e8me \u00e9dition et propose un film qui appr\u00e9hende la ville de Vichy \u00e0 travers la danse et le mouvement afin de la consid\u00e9rer comme un corps et un syst\u00e8me vivant. Le coeur de la ville, ses art\u00e8res, son centre n\u00e9vralgique, ses parcs et jardins comme ses poumons, autant de m\u00e9taphores organicistes et m\u00eame animistes qui assimilent l'espace urbain \u00e0 un organisme, aussi bien d'un point de vue physique que fonctionnel, et dont Christophe Acker se sert pour cr\u00e9er une pulsation dans la ville. Accompagn\u00e9 de la chor\u00e9graphe Johana Mal\u00e9don, il est all\u00e9 d'un quartier \u00e0 l'autre \u00e0 la rencontre des Vichyssois, des \u00e9l\u00e8ves d'\u00e9coles de danse, et d'une cavali\u00e8re, d\u00e9pla\u00e7ant les lignes et mettant en lumi\u00e8re les liens qui s'op\u00e8rent entre mouvement des corps et lignes architecturales. Sa proposition offre un regard singulier sur la ville.\r\n\r\nLa r\u00e9sidence photographique est confi\u00e9e cette ann\u00e9e au r\u00e9alisateur Fran\u00e7ais Christophe Acker qui a travaill\u00e9, avec des \u00e9l\u00e8ves d'\u00e9coles de danse de Vichy, une cavali\u00e8re et une acrobate, \u00e0 l'\u00e9tonnante proposition d'une visite \u00ab dans\u00e9e \u00bb de la ville, \u00e0 travers un film projet\u00e9 au palais des Congr\u00e8s et des photographies pr\u00e9sent\u00e9s sur le parvis de la gare.","authors":["Christophe Acker","Nicolas Comment"],"category_codes":["6000000","6070000","6070400"],"visuals":{"large":"https:\/\/images.epagine.fr\/807\/9782350465807_1_75.jpg","medium":"https:\/\/images.epagine.fr\/807\/9782350465807_1_m.jpg","thumbnail":"https:\/\/images.epagine.fr\/807\/9782350465807_1_v.jpg"},"orderable":true,"show_badge":true,"formatted_price":"25,00&nbsp;\u20ac","formatted_published_date":"22 septembre 2022","publisher_availability_label":"Sur commande","short_details":"Christophe Acker, Nicolas Comment \u2014 Filigranes","translator":null,"weight":360,"page_count":64,"readership":null,"editor":"Filigranes","price":2500,"published_date":"2022-09-21T22:00:00.000000Z","support":"Grand format","publisher_availability":1,"stock":0,"editions":[],"url":"https:\/\/quaidesbrumes.com\/ouvrage\/9782350465807\/one-more-dance-before-they-take-the-light-away"},{"id":"9782909458526","title":"Immersions","description":"Les oc\u00e9ans, un continent encore largement inexplor\u00e9. C'est ce que tente de nous transmettre Rodolphe Guignard, au travers d'un travail exigeant qui requiert minutie, patience et curiosit\u00e9. Au rythme de ses voyages, des r\u00e9cifs tropicaux aux eaux glac\u00e9es de l'arctique, il arr\u00eate le temps pour capturer un instant de gr\u00e2ce et de magie. Les oc\u00e9ans, un continent qui n\u00e9cessite une int\u00e9gration au milieu, pour ne faire plus qu'un avec cet environnement, et ne pas contrarier cette nature aussi haletante que douce qui nous rappelle que le seul pr\u00e9dateur marin est l'humain. Par cet ouvrage, l'auteur nous d\u00e9voile un deuxi\u00e8me monde, teint\u00e9 de calme et de douceur, et parfois saupoudr\u00e9 d'un zeste de frissons et d'adr\u00e9naline. Un ouvrage aussi magnifique que didactique, qui nous invite \u00e0 admirer et comprendre le monde sous-marin.","authors":["Rodolphe Guignard","Bernard de La villardi\u00e8re"],"category_codes":["6000000","6070000","6070200","6070205"],"visuals":{"large":"https:\/\/images.epagine.fr\/526\/9782909458526_1_75.jpg","medium":"https:\/\/images.epagine.fr\/526\/9782909458526_1_m.jpg","thumbnail":"https:\/\/images.epagine.fr\/526\/9782909458526_1_v.jpg"},"orderable":true,"show_badge":true,"formatted_price":"40,00&nbsp;\u20ac","formatted_published_date":"7 janvier 2019","publisher_availability_label":"Sur commande","short_details":"Rodolphe Guignard, Bernard de La villardi\u00e8re \u2014 Charles Moreau","translator":null,"weight":1610,"page_count":224,"readership":null,"editor":"Charles Moreau","price":4000,"published_date":"2019-01-06T23:00:00.000000Z","support":"Grand format","publisher_availability":1,"stock":0,"editions":[],"url":"https:\/\/quaidesbrumes.com\/ouvrage\/9782909458526\/immersions"},{"id":"9782848093475","title":"10 000 images : la fabrique du journal film\u00e9","description":"\u00ab Le journal film\u00e9 est un genre cin\u00e9matographique qui s'est d\u00e9velopp\u00e9 depuis les ann\u00e9es 1960. Il a pris de nouvelles formes depuis l'apparition du num\u00e9rique et d'internet, qui favorisent le d\u00e9veloppement de pratiques d'\u00e9critures diffus\u00e9es sur les plates-formes vid\u00e9o et sur les r\u00e9seaux sociaux. Celui auquel je m'adonne est \u00e0 la fois un laboratoire et le produit d'une recherche d'\u00e9criture personnelle qui s'inscrit entre cin\u00e9ma, litt\u00e9rature et pratiques plastiques. Au jour le jour, j'enregistre mon quotidien, je monte les images et les sons, j'\u00e9cris les textes que j'enregistre en voix off. Ici, il n'est pas question de journal intime mais bien d'un journal publi\u00e9, o\u00f9 chaque \u00e9pisode est une reconstruction, une fiction. e tente aussi de r\u00e9pondre aux questions qui surviennent au fil des jours?: comment cette \u00e9criture se construit-elle \u00e9pisode apr\u00e8s \u00e9pisode ? Suis-je un auteur comme il est admis que la litt\u00e9rature puisse en produire ? \u00bb","authors":["Arnaud de La cotte"],"category_codes":["6000000","6070000","6070300","6070303"],"visuals":{"large":"https:\/\/images.epagine.fr\/475\/9782848093475_1_75.jpg","medium":"https:\/\/images.epagine.fr\/475\/9782848093475_1_m.jpg","thumbnail":"https:\/\/images.epagine.fr\/475\/9782848093475_1_v.jpg"},"orderable":true,"show_badge":true,"formatted_price":"15,00&nbsp;\u20ac","formatted_published_date":"24 ao\u00fbt 2021","publisher_availability_label":"Sur commande","short_details":"Arnaud de La cotte \u2014 JOCA SERIA","translator":null,"weight":228,"page_count":150,"readership":null,"editor":"JOCA SERIA","price":1500,"published_date":"2021-08-23T22:00:00.000000Z","support":"Grand format","publisher_availability":1,"stock":0,"editions":[],"url":"https:\/\/quaidesbrumes.com\/ouvrage\/9782848093475\/10-000-images-la-fabrique-du-journal-filme"},{"id":"3663322115486","title":"La Septi\u00e8me Obsession n.35 : Benedetta","description":"Un num\u00e9ro Sp\u00e9cial Cannes hors du commun, avec deux films majeurs qui sortent en m\u00eame temps que le Festival. Grands dossiers autour de Paul Verhoeven et de Leos Carax, et deux couvertures exclusives et f\u00e9tichistes \u00e0 collectionner. Aussi, dans ce num\u00e9ro, un long ensemble sur Indiana Jones, Julia Ducournau, Angoul\u00eame et le cin\u00e9ma d'animation... 148 pages de cin\u00e9philie pour un \u00e9t\u00e9 exceptionnel !","authors":["La Septieme Obsession"],"category_codes":["6000000","6070000","6070300","6070306"],"visuals":{"large":"https:\/\/images.epagine.fr\/486\/3663322115486_1_75.jpg","medium":"https:\/\/images.epagine.fr\/486\/3663322115486_1_m.jpg","thumbnail":"https:\/\/images.epagine.fr\/486\/3663322115486_1_v.jpg"},"orderable":true,"show_badge":true,"formatted_price":"6,90&nbsp;\u20ac","formatted_published_date":"6 juillet 2021","publisher_availability_label":"Sur commande","short_details":"La Septieme Obsession \u2014 La Septieme Obsession","translator":null,"weight":352,"page_count":142,"readership":null,"editor":"La Septieme Obsession","price":690,"published_date":"2021-07-05T22:00:00.000000Z","support":"Revue","publisher_availability":1,"stock":0,"editions":[],"url":"https:\/\/quaidesbrumes.com\/ouvrage\/3663322115486\/la-septieme-obsession-n35-benedetta"},{"id":"9788869763137","title":"Puissances de la parole : \u00e0 l'\u00e9coute des films","description":"Quelles sont les puissances de la parole film\u00e9e ? La parole au cin\u00e9ma reste trop souvent inaudible, et il faut donc pr\u00e9ciser certaines de ses facult\u00e9s en s'appuyant sur un corpus appartenant \u00e0 des \u00e9poques vari\u00e9es, tout en se mettant \u00e0 l'\u00e9coute des films. L'attention port\u00e9e aux oeuvres permet alors de constituer la parole et la voix comme des \u00e9l\u00e9ments d\u00e9terminants de la figuration filmique pens\u00e9e dans sa dimension audio-visuelle. La parole concerne \u00e9galement un aspect fondamental et probl\u00e9matique de l'humanit\u00e9 que le cin\u00e9ma donne, et n'a cess\u00e9 de donner \u00e0 entendre. En effet, avec le cin\u00e9ma, l'homme est non seulement devenu visible, comme l'affirmait B\u00e9la Balazs dans les ann\u00e9es 1920, il est aussi devenu audible. D\u00e8s lors, la perspective esth\u00e9tique, qui oriente les analyses singuli\u00e8res, est n\u00e9cessairement enrichie par un questionnement anthropologique et politique qui ne cesse d'interroger l'\u00e9nigme du corps parlant.","authors":["Mathias Lavin"],"category_codes":["6000000","6070000","6070300","6070306"],"visuals":{"large":"https:\/\/images.epagine.fr\/137\/9788869763137_1_75.jpg","medium":"https:\/\/images.epagine.fr\/137\/9788869763137_1_m.jpg","thumbnail":"https:\/\/images.epagine.fr\/137\/9788869763137_1_v.jpg"},"orderable":true,"show_badge":true,"formatted_price":"22,00&nbsp;\u20ac","formatted_published_date":"20 novembre 2021","publisher_availability_label":"Sur commande","short_details":"Mathias Lavin \u2014 \u00c9ditions Mim\u00e9sis","translator":null,"weight":300,"page_count":250,"readership":null,"editor":"\u00c9ditions Mim\u00e9sis","price":2200,"published_date":"2021-11-19T23:00:00.000000Z","support":"Grand format","publisher_availability":1,"stock":0,"editions":[],"url":"https:\/\/quaidesbrumes.com\/ouvrage\/9788869763137\/puissances-de-la-parole-a-lecoute-des-films"},{"id":"9782221098844","title":"Lino, tout simplement souvenirs d'enfance et recettes de famille","description":"Un livre d'amour et de gourmandise sur un des acteurs pr\u00e9f\u00e9r\u00e9s des Fran\u00e7ais.\r\n\"En peu de mots.Ce livre n'est en fait qu'une simple lettre. Une lettre \u00e0 mon p\u00e8re. Une lettre pour lui dire combien il me manque... Combien j'aimerais qu'il m'appelle pour me dire: \"Allo...' Juste \"Allo'.Juste pour entendre: \"La grosse, c'est papa... Tu fais quoi dimanche prochain?'Et moi de r\u00e9pondre: \"Rien.'Tout juste pour avoir le bonheur de me retrouver avec lui, \u00e0 ses c\u00f4t\u00e9s.\u00c0 sa table... \u00e0 sa gauche... \u00e0 ma place. Depuis toujours.\"Avec beaucoup d'\u00e9motion et de sensibilit\u00e9, une des filles de Lino Ventura nous livre aujourd'hui les souvenirs de son enfance \u00e0 c\u00f4t\u00e9 de celui qui n'\u00e9tait pas seulement \"le gorille\", \"le tonton flingueur\", \"l'aventurier\", \"le silencieux\", mais aussi un merveilleux p\u00e8re, un ami fid\u00e8le et un formidable cuisinier.Anecdotes inoubliables, souvenirs hauts en couleur, petits moments de vie chaleureux et intimes, r\u00e9cits d\u00e9sopilants aussi parfois o\u00f9 se m\u00ealent coups de gueule hom\u00e9riques et fous rires: ce livre est un portait in\u00e9dit, tendre et dr\u00f4le. Dans les coulisses des ann\u00e9es 1960-1970, on croise les amis, ceux qui aimaient tant se retrouver \u00e0 la table de Lino: Jacques Brel, Jean-Loup Dabadie, Mich\u00e8le Morgan, Jean-Claude Brialy, Pierre Perret, Michel Drucker, Michel Audiard, Claude Pinoteau et tous les grands noms du cin\u00e9ma de l'\u00e9poque.Pour compl\u00e9ter le portrait de cet amoureux de la vie, Clelia Ventura nous offre aussi quelques-unes des recettes de l'Italien gourmand qui aimait cuisiner avec talent, perfectionnisme et passion. Que ce soit \u00e0 la table familiale, entour\u00e9 d'amis, dans la maison de Saint-Cloud ou dans celles des vacances, au Cap-Ferret ou en Anjou, Lino voulait toujours que sa cuisine soit \u00e0 son image : g\u00e9n\u00e9reuse, simple, ensoleill\u00e9e. Tout simplement...","authors":["Clelia Ventura"],"category_codes":["6000000","6070000","6070300","6070306"],"visuals":{"large":"https:\/\/images.epagine.fr\/844\/9782221098844_1_75.jpg","medium":"https:\/\/images.epagine.fr\/844\/9782221098844_1_m.jpg","thumbnail":"https:\/\/images.epagine.fr\/844\/9782221098844_1_v.jpg"},"orderable":true,"show_badge":true,"formatted_price":"21,50&nbsp;\u20ac","formatted_published_date":"7 mai 2003","publisher_availability_label":"Sur commande","short_details":"Clelia Ventura \u2014 Robert Laffont","translator":null,"weight":438,"page_count":340,"readership":null,"editor":"Robert Laffont","price":2150,"published_date":"2003-05-06T22:00:00.000000Z","support":"Grand format","publisher_availability":1,"stock":0,"editions":[],"url":"https:\/\/quaidesbrumes.com\/ouvrage\/9782221098844\/lino-tout-simplement-souvenirs-denfance-et-recettes-de-famille"},{"id":"9782350465715","title":"Entrer en mati\u00e8re : r\u00e9sidence terre & territoires II","description":"Pour ce deuxi\u00e8me opus de la r\u00e9sidence Terre & Territoires, Julie Hasco\u00ebt propose une forme hybride, entre le carnet de notes, l'\u00e9tude de terrain et la recherche en biblioth\u00e8que. C'est une exploration visuelle, une exp\u00e9dition po\u00e9tique dans les art\u00e8res de la terre, qui donne \u00e0 voir, de fa\u00e7on non exhaustive, un ensemble d'espaces souterrains : anciennes carri\u00e8res, habitats troglodytiques abandonn\u00e9s, caves...  Julie Hasco\u00ebt sonde de mani\u00e8re symbolique la port\u00e9e de ces constructions pour ce qu'elles sugg\u00e8rent au sein de nos soci\u00e9t\u00e9s. Ces mondes invisibles, qui \u00e9chappent au regard, sont-ils des refuges ou des zones de repli dans un contexte anxiog\u00e8ne ?  Entre Loir et Loire, entre tuffeau vend\u00f4mois et calcaire de Beauce, ce travail est le r\u00e9sultat d'une r\u00e9sidence d'un mois men\u00e9e \u00e0 l'automne 2021 entre deux structures et deux d\u00e9partements : Zone i, \u00e0 Thor\u00e9-la-Rochette, dans le Loir-et-Cher, et Valimage, \u00e0 Tavers, dans le Loiret.\r\nErre et Territoires est une r\u00e9sidence de cr\u00e9ation photographique, une invitation \u00e0 voyager en R\u00e9gion Centre-Val de Loire, de la Loire au Perche vend\u00f4mois en passant par la Beauce.\r\nJulie Hasco\u00ebt, deuxi\u00e8me r\u00e9sidente propose une exploration visuelle, une exp\u00e9dition po\u00e9tique dans les art\u00e8res de la terre, qui donne \u00e0 voir, de fa\u00e7on non exhaustive, un ensemble d'espaces souterrains : anciennes carri\u00e8res, habitats troglodytiques abandonn\u00e9s, caves...\r\nCette r\u00e9sidence pose la question du territoire dans une p\u00e9riode particuli\u00e8rement trouble tant du point de vue \u00e9cologique que du point de vue soci\u00e9tal. Le\u00b7la photographe r\u00e9sident\u00b7e investit un terrain rural, industriel, habit\u00e9 et d\u00e9sert\u00e9, entre Loire et Loir. Il\u00b7elle s'attache \u00e0 rendre visible les particularit\u00e9s de ce territoire, ses qualit\u00e9s, ses failles et ses richesses.\r\nIl\u00b7elle aura vocation \u00e0 interroger l'universel.","authors":["Julie Hasco\u00ebt"],"category_codes":["6000000","6070000","6070200"],"visuals":{"large":"https:\/\/images.epagine.fr\/715\/9782350465715_1_75.jpg","medium":"https:\/\/images.epagine.fr\/715\/9782350465715_1_m.jpg","thumbnail":"https:\/\/images.epagine.fr\/715\/9782350465715_1_v.jpg"},"orderable":true,"show_badge":true,"formatted_price":"27,00&nbsp;\u20ac","formatted_published_date":"9 juin 2022","publisher_availability_label":"Sur commande","short_details":"Julie Hasco\u00ebt \u2014 Filigranes","translator":null,"weight":400,"page_count":96,"readership":null,"editor":"Filigranes","price":2700,"published_date":"2022-06-08T22:00:00.000000Z","support":"Grand format","publisher_availability":1,"stock":0,"editions":[],"url":"https:\/\/quaidesbrumes.com\/ouvrage\/9782350465715\/entrer-en-matiere-residence-terre-territoires-ii"},{"id":"9782221105337","title":"M\u00e9moires d'un guignol","description":"Pour la premi\u00e8re fois, \" le plus c\u00e9l\u00e8bre gallinac\u00e9 de France \" se retourne sur son parcours personnel, sa carri\u00e8re d'homme de spectacle et de m\u00e9dias. Il raconte aussi la grande aventure des Guignols, et ses 120 voix qui, de Ah que coucou \u00e0... Putain, deux ans !, lui ont donn\u00e9 un nouveau souffle.\r\nApr\u00e8s trente ans de m\u00e9tier, Yves Lecoq a voulu faire le point et raconter ce parcours de grand professionnel o\u00f9 le rire prend une large part. Mais \u00e9crire lui a aussi permis d'aller plus loin, de d\u00e9passer la pudeur, de revenir sur les \u00e9v\u00e9nements d\u00e9terminants de sa vie. Il raconte notamment en d\u00e9tail comment l'aventure des Guignols sur Canal + a relanc\u00e9 sa carri\u00e8re, lui permettant de gagner un public nouveau, plus jeune. 120 personnages, 120 voix, de PPDA \u00e0 Laguiller en passant par Johnny et Stallone, nous ont accompagn\u00e9s pendant plus de dix ans.\r\nYves Lecoq, c'est l'art de rire avec intelligence, l'\u00e9l\u00e9gance dans la d\u00e9rision, mais aussi un homme capable d'aller jusqu'au bout de ses passions.\r\nCar ses succ\u00e8s lui ont aussi permis de r\u00e9aliser l'essentiel de ses r\u00eaves et l'une de ses folies : s'investir dans la r\u00e9novation de ch\u00e2teaux abandonn\u00e9s, tel un collectionneur, revenant ainsi \u00e0 ses amours de jeunesse (il a \u00e9t\u00e9 antiquaire puis d\u00e9corateur, allant m\u00eame jusqu'\u00e0 cr\u00e9er une ligne de mobilier). Aujourd'hui, pour nous faire rire plut\u00f4t que nous faire pleurer, il sait ne retenir des mauvais moments que leur face comique, m\u00eame ceux qui, en leur temps, avaient pu lui arracher quelques larmes. Peut-\u00eatre s'agit-il aussi d'un mode d'emploi pour transformer les catastrophes en bonheur et \u00e9viter de laisser finir certains bonheurs en catastrophe...\r\n","authors":["Yves Lecoq"],"category_codes":["6000000","6070000","6070300"],"visuals":{"large":"https:\/\/images.epagine.fr\/337\/9782221105337_1_75.jpg","medium":"https:\/\/images.epagine.fr\/337\/9782221105337_1_m.jpg","thumbnail":"https:\/\/images.epagine.fr\/337\/9782221105337_1_v.jpg"},"orderable":true,"show_badge":true,"formatted_price":"20,50&nbsp;\u20ac","formatted_published_date":"15 mars 2007","publisher_availability_label":"Sur commande","short_details":"Yves Lecoq \u2014 Robert Laffont","translator":null,"weight":533,"page_count":330,"readership":null,"editor":"Robert Laffont","price":2050,"published_date":"2007-03-14T23:00:00.000000Z","support":"Grand format","publisher_availability":1,"stock":0,"editions":[],"url":"https:\/\/quaidesbrumes.com\/ouvrage\/9782221105337\/memoires-dun-guignol"},{"id":"9782878252569","title":"Auberive - coll. carnets du pays de langres (drac champ.-ardenne)","description":null,"authors":["Seonnet-Pasquiers..."],"category_codes":["6000000","6070000","6070200"],"visuals":{"large":"https:\/\/images.epagine.fr\/569\/9782878252569_1_75.jpg","medium":"https:\/\/images.epagine.fr\/569\/9782878252569_1_m.jpg","thumbnail":"https:\/\/images.epagine.fr\/569\/9782878252569_1_v.jpg"},"orderable":true,"show_badge":true,"formatted_price":"5,00&nbsp;\u20ac","formatted_published_date":"1er mars 2005","publisher_availability_label":"Sur commande","short_details":"Seonnet-Pasquiers... \u2014 DOMINIQUE GUENIOT","translator":null,"weight":200,"page_count":null,"readership":null,"editor":"DOMINIQUE GUENIOT","price":500,"published_date":"2005-02-28T23:00:00.000000Z","support":"Grand format","publisher_availability":1,"stock":0,"editions":[],"url":"https:\/\/quaidesbrumes.com\/ouvrage\/9782878252569\/auberive-coll-carnets-du-pays-de-langres-drac-champ-ardenne"},{"id":"9782354041021","title":"Edward burtynsky - mounds and voids : from human to global scale","description":"L'exposition de Edward Burtynsky, Mounds and Voids: From Human to Global Scale, proposeun regard percutant mais \u00e9galement paradoxal sur les coulisses de notre monde, nous invitant \u00e0 prendre la mesure des enjeux locaux et globaux de l'exploitation des ressources. C'est aussi une r\u00e9flexion sur la construction de l'image et sa puissance propre. Le regard que porte Burtynsky sur notre monde interpelle notre conscience et notre raison jusqu'aux plus sceptiques et jusqu'aux moins convaincus. De tr\u00e8s belles images, t\u00e9moignages tr\u00e8s forts\u00e2\u20ac\u2030: plus \u00e9loquentes que tous les meilleurs discours.","authors":["Ickowicz Pierre"],"category_codes":["6000000","6070000","6070200"],"visuals":{"large":"https:\/\/images.epagine.fr\/021\/9782354041021_1_75.jpg","medium":"https:\/\/images.epagine.fr\/021\/9782354041021_1_m.jpg","thumbnail":"https:\/\/images.epagine.fr\/021\/9782354041021_1_v.jpg"},"orderable":true,"show_badge":true,"formatted_price":"10,00&nbsp;\u20ac","formatted_published_date":"18 ao\u00fbt 2022","publisher_availability_label":"Sur commande","short_details":"Ickowicz Pierre \u2014 Illustria","translator":null,"weight":257,"page_count":null,"readership":null,"editor":"Illustria","price":1000,"published_date":"2022-08-17T22:00:00.000000Z","support":"Grand format","publisher_availability":1,"stock":0,"editions":[],"url":"https:\/\/quaidesbrumes.com\/ouvrage\/9782354041021\/edward-burtynsky-mounds-and-voids-from-human-to-global-scale"},{"id":"9782350465760","title":"Adrien Boyer : Oublier le ciel","description":"\u00ab Le regard n'est pas tant pour moi un flux sortant qu'un flux entrant. Sentir, \u00e9couter, se laisser impressionner par ce qui est \u00e0 l'ext\u00e9rieur de soi. Voir. Avant d'\u00eatre un projet, une intention, la photographie est pour moi une fa\u00e7on de ressentir le monde. Lorsque je prends une photo, je ne prends jamais quelque chose en photo. S'il n'y a pas \u00e0 proprement parler de sujet dans mes images, c'est que mon propos est, \u00e0 l'inverse, de faire appara\u00eetre quelque chose gr\u00e2ce \u00e0 la photographie. Quelque chose qui sans mon regard serait rest\u00e9 invisible, et qui a besoin de moi pour exister. [...]","authors":["Collectif"],"category_codes":["6000000","6070000","6070200"],"visuals":{"large":"https:\/\/images.epagine.fr\/760\/9782350465760_1_75.jpg","medium":"https:\/\/images.epagine.fr\/760\/9782350465760_1_m.jpg","thumbnail":"https:\/\/images.epagine.fr\/760\/9782350465760_1_v.jpg"},"orderable":true,"show_badge":true,"formatted_price":"10,00&nbsp;\u20ac","formatted_published_date":"7 juin 2022","publisher_availability_label":"Sur commande","short_details":"Collectif \u2014 Filigranes","translator":null,"weight":97,"page_count":64,"readership":null,"editor":"Filigranes","price":1000,"published_date":"2022-06-06T22:00:00.000000Z","support":"Poche","publisher_availability":1,"stock":0,"editions":[],"url":"https:\/\/quaidesbrumes.com\/ouvrage\/9782350465760\/adrien-boyer-oublier-le-ciel"},{"id":"9782350465777","title":"Gr\u00e9goire Eloy : La parcelle","description":"\"Le projet artistique traite de l'utopie, de l'id\u00e9e de la vie en for\u00eat, comme si, par exemple, il \u00e9tait question de revivre l'exp\u00e9rience de Thoreau. \u00c0 partir d'une parcelle de for\u00eat nue, construire une cabane, y vivre. La photographie vient consigner l'exp\u00e9rience et la prolonger.  Une fois r\u00e9alis\u00e9e, la cabane devient aussi un lieu de r\u00e9sidence et un laboratoire qui permettent de produire des images d'un autre registre, li\u00e9 au paysage, \u00e0 son empreinte sur le papier argentique. La partie artistique est donc indissociable de la construction, l'une nourrit l'autre?:?l'exp\u00e9rience v\u00e9cue sur la parcelle justifie la production de photographies et vice-versa, la production de photographies appelle l'exp\u00e9rience - comme un auteur qui multiplierait les exp\u00e9riences de vie pour nourrir son r\u00e9cit autobiographique...","authors":["Gr\u00e9goire Eloy"],"category_codes":["6000000","6070000","6070200"],"visuals":{"large":"https:\/\/images.epagine.fr\/777\/9782350465777_1_75.jpg","medium":"https:\/\/images.epagine.fr\/777\/9782350465777_1_m.jpg","thumbnail":"https:\/\/images.epagine.fr\/777\/9782350465777_1_v.jpg"},"orderable":true,"show_badge":true,"formatted_price":"10,00&nbsp;\u20ac","formatted_published_date":"7 juin 2022","publisher_availability_label":"Sur commande","short_details":"Gr\u00e9goire Eloy \u2014 Filigranes","translator":null,"weight":96,"page_count":64,"readership":null,"editor":"Filigranes","price":1000,"published_date":"2022-06-06T22:00:00.000000Z","support":"Poche","publisher_availability":1,"stock":0,"editions":[],"url":"https:\/\/quaidesbrumes.com\/ouvrage\/9782350465777\/gregoire-eloy-la-parcelle"},{"id":"9781408701973","title":"THE AUDACITY OF HYPE - BEWILDERMENT, SLEAZE AND OTHER TALES OF THE 21ST CENTURY","description":"* A collection of wildly inventive stories, strange musings and insane rants from Armando Iannucci, one of Britain's foremost satirical comedy writers","authors":["Armanda Iannucci"],"category_codes":["6000000","6070000","6070300"],"visuals":{"large":"https:\/\/images.epagine.fr\/973\/9781408701973_1_75.jpg","medium":"https:\/\/images.epagine.fr\/973\/9781408701973_1_m.jpg","thumbnail":"https:\/\/images.epagine.fr\/973\/9781408701973_1_v.jpg"},"orderable":true,"show_badge":true,"formatted_price":"24,30&nbsp;\u20ac","formatted_published_date":"3 septembre 2009","publisher_availability_label":"Sur commande","short_details":"Armanda Iannucci \u2014 Little Brown UK","translator":null,"weight":342,"page_count":320,"readership":null,"editor":"Little Brown UK","price":2430,"published_date":"2009-09-02T22:00:00.000000Z","support":"Grand format","publisher_availability":1,"stock":0,"editions":[],"url":"https:\/\/quaidesbrumes.com\/ouvrage\/9781408701973\/the-audacity-of-hype-bewilderment-sleaze-and-other-tales-of-the-21st-century"}]}