{"data":[{"id":"9782140256172","title":"Quand on a... que l'amour","description":"\u00c9lodie et Thomas se marient demain. Elle r\u00eave d'un mariage deprincesse et lui pense \u00e0 sa r\u00e9duction d'imp\u00f4t.Entre un couple d'amis en pleine crise, un plan de table quipourrait bien tourner \u00e0 l'incident diplomatique, une salle desf\u00eates presque d\u00e9labr\u00e9e, deux cent cinquante ballons \u00e0 gonfler,des toasts \u00e0 tartiner et la note toujours trop sal\u00e9e... ces pr\u00e9paratifsdeviennent explosifs et r\u00e9veillent toutes les n\u00e9vroses...","authors":["Coretta Baroncini","Olivier Lejeune"],"category_codes":["6000000","6070000","6070300","6070304"],"visuals":{"large":"https:\/\/images.epagine.fr\/172\/9782140256172_1_75.jpg","medium":"https:\/\/images.epagine.fr\/172\/9782140256172_1_m.jpg","thumbnail":"https:\/\/images.epagine.fr\/172\/9782140256172_1_v.jpg"},"orderable":true,"show_badge":true,"formatted_price":"12,50&nbsp;\u20ac","formatted_published_date":"19 septembre 2022","publisher_availability_label":"Sur commande","short_details":"Coretta Baroncini, Olivier Lejeune \u2014 \u00c9ditions L'Harmattan","translator":null,"weight":145,"page_count":104,"readership":null,"editor":"\u00c9ditions L'Harmattan","price":1250,"published_date":"2022-09-18T22:00:00.000000Z","support":"Grand format","publisher_availability":1,"stock":0,"editions":[],"url":"https:\/\/quaidesbrumes.com\/ouvrage\/9782140256172\/quand-on-a-que-lamour"},{"id":"9783961714315","title":"The beauty of Ukraine : landscape photography","description":"On 24 February 2022, the invasion of Ukraine by Russian troops began. Since then, Russia's war of aggression has continued with increasing ferocity and destruction. Millions of Ukrainians have fled to neighbouring European countries. Ukraine is now a country caught between two stools: on the one hand, it is striving for rapprochement with NATO and the EU; on the other hand, good relations with Russia have also always been of fundamental importance to the country.\r\n\r\nThis is a picture book about a landscape and its country, which is going through dark times and is currently moving the whole world. Here we take a look at the beauty and the integrity of Ukraine.\r\n\r\nThe Ukrainian landscape is characterised by steppes, plateaus, lowlands and mountains. The Lemurian Lake in the south of Ukraine impresses with its pink colour, as it has a higher salt content than the Dead Sea. The mountain ranges of the Carpathians in the west of Ukraine captivate with their wonderful wild beauty. The Ukrainian steppe is part of the great Eurasian steppe, which runs through several countries of Eastern Europe and used to be the home of the Cossacks. The country is also criss-crossed by numerous river courses, with the Dnieper, Donets and Dniester rivers, which flow into the Black Sea and the Sea of Azov, being among the most significant.","authors":["Lucia Bondar","Yevhen Samuchenko"],"category_codes":["6000000","6070000","6070200","6070205"],"visuals":{"large":"https:\/\/images.epagine.fr\/315\/9783961714315_1_75.jpg","medium":"https:\/\/images.epagine.fr\/315\/9783961714315_1_m.jpg","thumbnail":"https:\/\/images.epagine.fr\/315\/9783961714315_1_v.jpg"},"orderable":true,"show_badge":true,"formatted_price":"52,00&nbsp;\u20ac","formatted_published_date":"27 ao\u00fbt 2022","publisher_availability_label":"Sur commande","short_details":"Lucia Bondar, Yevhen Samuchenko \u2014 Teneues Verlag","translator":null,"weight":1101,"page_count":null,"readership":null,"editor":"Teneues Verlag","price":5200,"published_date":"2022-08-26T22:00:00.000000Z","support":"Grand format","publisher_availability":1,"stock":0,"editions":[],"url":"https:\/\/quaidesbrumes.com\/ouvrage\/9783961714315\/the-beauty-of-ukraine-landscape-photography"},{"id":"9782343254661","title":"Pratique et esth\u00e9tique du cin\u00e9ma : analyse de trois r\u00e9alisations professionnelles","description":"Au regard de la th\u00e9orie et de l'histoire, l'auteur pr\u00e9sente et analyse 3 r\u00e9alisations professionnelles dans le domaine du cin\u00e9ma et de l'audiovisuel. Les m\u00e9tiers d'assistant de production, de journaliste reporter d'images et de r\u00e9alisateur de film documentaire sont successivement abord\u00e9s pour \u00ab t\u00e9moigner du r\u00e9el et donner une r\u00e9alit\u00e9 aux r\u00eaves \u00bb. Dans cet exercice, \u00ab l'exp\u00e9rience est toujours \u00e9clair\u00e9e par la th\u00e9orie, laquelle est illustr\u00e9e par des situations pr\u00e9cises, le tout d\u00e9bouchant sur des \u00ab trucs de m\u00e9tier \u00bb nous rappelant que si le cin\u00e9ma peut \u00eatre un art, il est avant tout un artisanat. \u00bb","authors":["Fabara Kon\u00e9"],"category_codes":["6000000","6070000","6070300","6070304"],"visuals":{"large":"https:\/\/images.epagine.fr\/661\/9782343254661_1_75.jpg","medium":"https:\/\/images.epagine.fr\/661\/9782343254661_1_m.jpg","thumbnail":"https:\/\/images.epagine.fr\/661\/9782343254661_1_v.jpg"},"orderable":true,"show_badge":true,"formatted_price":"22,00&nbsp;\u20ac","formatted_published_date":"27 avril 2022","publisher_availability_label":"Sur commande","short_details":"Fabara Kon\u00e9 \u2014 \u00c9ditions L'Harmattan","translator":null,"weight":238,"page_count":172,"readership":null,"editor":"\u00c9ditions L'Harmattan","price":2200,"published_date":"2022-04-26T22:00:00.000000Z","support":"Grand format","publisher_availability":1,"stock":0,"editions":[],"url":"https:\/\/quaidesbrumes.com\/ouvrage\/9782343254661\/pratique-et-esthetique-du-cinema-analyse-de-trois-realisations-professionnelles"},{"id":"9781914314889","title":"Benidorm","description":"Des photographies modernes et vivantes des premi\u00e8res vacances \u00e0 la plage en Grande-Bretagne montrent comment les choses ont chang\u00e9. Saisissant la juxtaposition entre la culture vibrante de la plage et le paysage urbain, les photogra- phies de Rob Ball de cette c\u00e9l\u00e8bre ville baln\u00e9aire espagnole examinent la promesse du forfait va- cances parfait - et si elle a chang\u00e9 depuis sa conception dans les ann\u00e9es cinquante. Des palmiers ensoleill\u00e9s aux n\u00e9ons scintillants, des gratte-ciel aux serviettes de plage rose vif, des gris et bruns des ruelles aux roses et rouges des coups de soleil, ce livre est une ode visuelle \u00e0 toutes les cou- leurs de Benidorm et un testament de son \u00e9nergie irr\u00e9pressible. Rob Ball est photographe depuis plus de 20 ans. Il s'agit de son quatri\u00e8me livre. Il enseigne \u00e0 l'uni- versit\u00e9 Canterbury Christ Church. Principaux arguments de vente : Des images visuellement \u00e9poustouflantes : parfois l\u00e9g\u00e8rement humoristiques, souvent teint\u00e9es de m\u00e9lancolie.Les pr\u00e9c\u00e9dents livres de Rob Ball, Coney Island (2017), Dreamlands (2015) et Funland (2019), ont \u00e9t\u00e9 bien accueillis. Des normes de production \u00e9lev\u00e9es : \u00e9tui en tissu, papier d'art.","authors":["Rob Ball"],"category_codes":["6000000","6070000","6070200","6070205"],"visuals":{"large":"https:\/\/images.epagine.fr\/889\/9781914314889_1_75.jpg","medium":"https:\/\/images.epagine.fr\/889\/9781914314889_1_m.jpg","thumbnail":"https:\/\/images.epagine.fr\/889\/9781914314889_1_v.jpg"},"orderable":true,"show_badge":true,"formatted_price":"45,00&nbsp;\u20ac","formatted_published_date":"29 mai 2025","publisher_availability_label":"Sur commande","short_details":"Rob Ball \u2014 Hoxton Press","translator":null,"weight":570,"page_count":112,"readership":"Tout public","editor":"Hoxton Press","price":4500,"published_date":"2025-05-28T22:00:00.000000Z","support":"Beaux-livres","publisher_availability":1,"stock":0,"editions":[],"url":"https:\/\/quaidesbrumes.com\/ouvrage\/9781914314889\/benidorm"},{"id":"9782371570542","title":"L'empereur sa femme et le p'tit prince - la famille imperiale, la photographie et le stereoscope","description":null,"authors":["Pellerin Denis"],"category_codes":["6000000","6070000","6070200"],"visuals":{"large":"https:\/\/quaidesbrumes.com\/img\/book-placeholder.png","medium":"https:\/\/quaidesbrumes.com\/img\/book-placeholder.png","thumbnail":"https:\/\/quaidesbrumes.com\/img\/book-placeholder.png"},"orderable":true,"show_badge":true,"formatted_price":"55,00&nbsp;\u20ac","formatted_published_date":"1er avril 2023","publisher_availability_label":"Sur commande","short_details":"Pellerin Denis \u2014 \u00c9ditions de l'Entre-deux-Mers","translator":null,"weight":1670,"page_count":null,"readership":null,"editor":"\u00c9ditions de l'Entre-deux-Mers","price":5500,"published_date":"2023-03-31T22:00:00.000000Z","support":"Grand format","publisher_availability":1,"stock":0,"editions":[],"url":"https:\/\/quaidesbrumes.com\/ouvrage\/9782371570542\/lempereur-sa-femme-et-le-ptit-prince-la-famille-imperiale-la-photographie-et-le-stereoscope"},{"id":"9782343197708","title":"Le cin\u00e9ma camerounais \u00e0 l'\u00e8re du num\u00e9rique","description":"\u00c0 l'\u00e8re du num\u00e9rique, quelle est la situation du septi\u00e8me art camerounais ? Ce dernier a-t-il b\u00e9n\u00e9fici\u00e9 des retomb\u00e9es de la digitalisation, comme certains pays en voie de d\u00e9veloppement ? Sinon, quelles sont les mesures \u00e0 impl\u00e9menter pour qu'il acc\u00e8de \u00e0 la pleine num\u00e9risation souhait\u00e9e par les cin\u00e9astes et sans laquelle son industrialisation et sa rentabilisation sont d\u00e9sormais chim\u00e9riques ? Ce livre dresse un \u00e9tat des lieux. Il explore surtout les voies qui permettraient au cin\u00e9ma camerounais de b\u00e9n\u00e9ficier de la digitalisation et d'int\u00e9grer ainsi le cercle des pays ayant num\u00e9ris\u00e9 leur cin\u00e9ma.","authors":["Annette Angoua ngu\u00e9a","Jacques Merlin Bell Yembel","Jean-claude Mbarga"],"category_codes":["6000000","6070000","6070300","6070304"],"visuals":{"large":"https:\/\/images.epagine.fr\/708\/9782343197708_1_75.jpg","medium":"https:\/\/images.epagine.fr\/708\/9782343197708_1_m.jpg","thumbnail":"https:\/\/images.epagine.fr\/708\/9782343197708_1_v.jpg"},"orderable":true,"show_badge":true,"formatted_price":"28,50&nbsp;\u20ac","formatted_published_date":"16 juillet 2020","publisher_availability_label":"Sur commande","short_details":"Annette Angoua ngu\u00e9a, Jacques Merlin Bell Yembel, Jean-claude Mbarga \u2014 \u00c9ditions L'Harmattan","translator":null,"weight":312,"page_count":254,"readership":null,"editor":"\u00c9ditions L'Harmattan","price":2850,"published_date":"2020-07-15T22:00:00.000000Z","support":"Grand format","publisher_availability":1,"stock":0,"editions":[],"url":"https:\/\/quaidesbrumes.com\/ouvrage\/9782343197708\/le-cinema-camerounais-a-lere-du-numerique"},{"id":"9781910401439","title":"My America","description":"Que signifie vivre dans un pays o\u00f9 les personnes charg\u00e9es de prot\u00e9ger les citoyens sont si souvent impliqu\u00e9es dans leur mort ? Aux \u00c9tats-Unis, environ 1 000 personnes continuent de mourir chaque ann\u00e9e lors d'affrontements avec la police. C'est plus que dans n'importe quel autre pays industrialis\u00e9. My America est une archive et un m\u00e9morial pour les victimes de ces affrontements. Les photographies, prises sur des lieux o\u00f9 des citoyens ont \u00e9t\u00e9 bless\u00e9s par balle ou par Taser par des agents des forces de l'ordre, constituent une critique discr\u00e8te mais effrayante des \u00c9tats-Unis d'aujourd'hui. L'ampleur du livre t\u00e9moigne de l'ampleur du probl\u00e8me, mais Matar nous demande de ne pas oublier qu'il s'agit d'individus. Les photographies en noir et blanc de My America repr\u00e9sentent des parcs urbains, des centres commerciaux, des parkings, des mobile homes, des champs vides et des autoroutes. En photographiant ces paysages banals, Matar d\u00e9clare que ce qui s'est pass\u00e9 dans ces lieux a de l'importance et remet en question le lien entre paysage et m\u00e9moire. Auparavant, Mme Matar, une Am\u00e9ricaine vivant \u00e0 Londres, a pass\u00e9 des ann\u00e9es \u00e0 documenter les sites de violence soutenue par l'\u00c9tat en Afrique du Nord, en Europe de l'Est et en Europe m\u00e9ridionale. En 2015, elle a tourn\u00e9 son objectif vers son propre pays et a commenc\u00e9 \u00e0 rechercher qui, comment et o\u00f9 les citoyens mouraient lors d'affrontements avec la police aux \u00c9tats-Unis. Elle a cr\u00e9\u00e9 des cartes d\u00e9taill\u00e9es dans son studio et compil\u00e9 des informations sur chaque victime d\u00e9c\u00e9d\u00e9e en 2015 et 2016. Une petite subvention de la Fondation Ford lui a permis d'effectuer six voyages en voiture au cours des quatre ann\u00e9es suivantes. Elle a photographi\u00e9 dans les \u00c9tats o\u00f9 les rencontres mortelles sont les plus nombreuses et\/ou les plus fr\u00e9quentes par habitant - le Texas, la Californie, l'Oklahoma et le Nouveau- Mexique -, voyageant seule sur les autoroutes, les routes secondaires et les rues des villes pour r\u00e9v\u00e9ler quelque chose qui va au-del\u00e0 des statistiques. Apr\u00e8s avoir fini de photographier, Matar a pass\u00e9 deux ann\u00e9es suppl\u00e9mentaires \u00e0 faire des recherches sur l'issue juridique de chaque affaire. Le r\u00e9sultat est un livre con\u00e7u dans le respect des victimes, mais \u00e9galement riche d'informations sur les raisons structurelles pour lesquelles ces \u00e9v\u00e9nements continuent de se produire \u00e0 un rythme aussi \u00e9lev\u00e9.","authors":["Diana Matar"],"category_codes":["6000000","6070000","6070200","6070205"],"visuals":{"large":"https:\/\/images.epagine.fr\/439\/9781910401439_1_75.jpg","medium":"https:\/\/images.epagine.fr\/439\/9781910401439_1_m.jpg","thumbnail":"https:\/\/images.epagine.fr\/439\/9781910401439_1_v.jpg"},"orderable":true,"show_badge":true,"formatted_price":"65,00&nbsp;\u20ac","formatted_published_date":"29 mai 2025","publisher_availability_label":"Sur commande","short_details":"Diana Matar \u2014 Gost Books","translator":null,"weight":1301,"page_count":304,"readership":"Tout public","editor":"Gost Books","price":6500,"published_date":"2025-05-28T22:00:00.000000Z","support":"Beaux-livres","publisher_availability":1,"stock":0,"editions":[],"url":"https:\/\/quaidesbrumes.com\/ouvrage\/9781910401439\/my-america"},{"id":"9782753581715","title":"Le nocturne et l'\u00e9mergence de la couleur : cin\u00e9ma et photographie","description":"Malgr\u00e9 sa pr\u00e9sence av\u00e9r\u00e9e au cin\u00e9ma et en photographie, le nocturne n'a pas \u00e9t\u00e9  syst\u00e9matiquement pens\u00e9 comme tel au sein de ces deux m\u00e9diums. Est-ce plut\u00f4t un genre artistique, ou bien une cat\u00e9gorie esth\u00e9tique rassemblant diff\u00e9rentes formes artistiques ? Est-ce plut\u00f4t une atmosph\u00e8re (Stimmung) apte \u00e0 conf\u00e9rer aux diff\u00e9rentes images une tonalit\u00e9 \u00e9motionnelle singuli\u00e8re, ou bien, de fa\u00e7on plus ais\u00e9ment rep\u00e9rable, un dispositif ou un ensemble de dispositifs  destin\u00e9s \u00e0 favoriser son surgissement ? Et, si le nocturne rencontre d'impressionnants succ\u00e8s dans \u00ab le noir et blanc \u00bb, en quoi son plein d\u00e9veloppement est-il li\u00e9 \u00e0 l'\u00e9mergence de la couleur non seulement au cin\u00e9ma, mais, avec un l\u00e9ger retard, en photographie ?  Pour r\u00e9pondre \u00e0 ces questions, Judith Langendorff \u00e9tudie au plus pr\u00e8s les techniques et les processus de cr\u00e9ation de r\u00e9alisateurs et de photographes de la fin des ann\u00e9es 1970 et des d\u00e9cennies suivantes, chez lesquels l'emploi de la couleur s'est g\u00e9n\u00e9ralis\u00e9 et est devenu de plus en plus intense et raffin\u00e9. Son fil conducteur est une typologie des m\u00e9tamorphoses li\u00e9es au nocturne. Elle part d'un inventaire des distorsions de la vision nocturne pour aboutir \u00e0 la mise en \u00e9vidence du processus de sublimation qui fonde leur emploi, en rendant accessible un discours interne et en laissant appara\u00eetre les motivations des auteurs ou du r\u00e9cit.  Ainsi aboutit-elle, dans un troisi\u00e8me temps, au rep\u00e9rage de v\u00e9ritables transfigurations qui semblent  attester le rayonnement de l'invisible et le passage d'un univers dans un autre.\r","authors":["Judith Langendorff","Philippe Dubois"],"category_codes":["6000000","6070000","6070300","6070304"],"visuals":{"large":"https:\/\/images.epagine.fr\/715\/9782753581715_1_75.jpg","medium":"https:\/\/images.epagine.fr\/715\/9782753581715_1_m.jpg","thumbnail":"https:\/\/images.epagine.fr\/715\/9782753581715_1_v.jpg"},"orderable":true,"show_badge":true,"formatted_price":"29,00&nbsp;\u20ac","formatted_published_date":"27 mai 2021","publisher_availability_label":"Sur commande","short_details":"Judith Langendorff, Philippe Dubois \u2014 Presse Universitaire de Rennes","translator":null,"weight":784,"page_count":400,"readership":null,"editor":"Presse Universitaire de Rennes","price":2900,"published_date":"2021-05-26T22:00:00.000000Z","support":"Grand format","publisher_availability":1,"stock":0,"editions":[],"url":"https:\/\/quaidesbrumes.com\/ouvrage\/9782753581715\/le-nocturne-et-lemergence-de-la-couleur-cinema-et-photographie"},{"id":"9782854007473","title":"Les cameras rapides pour controler la cinematique des presses performances 9q34","description":"\u00c0 la demande de la profession du d\u00e9coupage-emboutissage, nous avons examin\u00e9 les solutions existantes en mati\u00e8re de contr\u00f4le de la cin\u00e9matique des presses \u00e0 l'aide de cam\u00e9ras rapides. Ces dispositifs d'observation peuvent en effet permettre au r\u00e9gleur de presse d'identifier les probl\u00e8mes li\u00e9s \u00e0 la cin\u00e9matique de la presse et d'en faciliter la r\u00e9solution. Un groupe de travail a \u00e9t\u00e9 constitu\u00e9 pour d\u00e9finir les besoins des entreprises et \u00e9tablir une synth\u00e8se de l'offre actuelle. L'examen de cette offre a permis d'identifier 20 fabricants proposant au total 61 syst\u00e8mes. Un tableau comparatif qui recense leurs principales caract\u00e9ristiques a \u00e9t\u00e9 \u00e9tabli.\r","authors":["Collectif"],"category_codes":["6000000","6070000","6070200"],"visuals":{"large":"https:\/\/images.epagine.fr\/473\/9782854007473_1_75.jpg","medium":"https:\/\/images.epagine.fr\/473\/9782854007473_1_m.jpg","thumbnail":"https:\/\/images.epagine.fr\/473\/9782854007473_1_v.jpg"},"orderable":true,"show_badge":true,"formatted_price":"25,00&nbsp;\u20ac","formatted_published_date":"9 octobre 2006","publisher_availability_label":"Sur commande","short_details":"Collectif \u2014 CETIM","translator":null,"weight":80,"page_count":22,"readership":null,"editor":"CETIM","price":2500,"published_date":"2006-10-08T22:00:00.000000Z","support":"Grand format","publisher_availability":1,"stock":0,"editions":[],"url":"https:\/\/quaidesbrumes.com\/ouvrage\/9782854007473\/les-cameras-rapides-pour-controler-la-cinematique-des-presses-performances-9q34"},{"id":"9782381620060","title":"Notes, recollections and sequences of things seen","description":"Une m\u00e9ditation sur le cin\u00e9ma et sa fabrication : le Journal de Ruiz, miroir nomade du cin\u00e9aste entre 1990 et 2011, marque une nouvelle \u00e9tape de sa vie et de sa carri\u00e8re, caract\u00e9ris\u00e9e par des productions plus ambitieuses mais aussi par une d\u00e9sillusion concernant l'\u00e9volution du cin\u00e9ma.","authors":["Raoul Ruiz","Erik Bullot"],"category_codes":["6000000","6070000","6070300","6070304"],"visuals":{"large":"https:\/\/images.epagine.fr\/060\/9782381620060_1_75.jpg","medium":"https:\/\/images.epagine.fr\/060\/9782381620060_1_m.jpg","thumbnail":"https:\/\/images.epagine.fr\/060\/9782381620060_1_v.jpg"},"orderable":true,"show_badge":true,"formatted_price":"20,00&nbsp;\u20ac","formatted_published_date":"10 ao\u00fbt 2022","publisher_availability_label":"Sur commande","short_details":"Raoul Ruiz, Erik Bullot \u2014 Dis Voir","translator":null,"weight":216,"page_count":112,"readership":null,"editor":"Dis Voir","price":2000,"published_date":"2022-08-09T22:00:00.000000Z","support":"Grand format","publisher_availability":1,"stock":0,"editions":[],"url":"https:\/\/quaidesbrumes.com\/ouvrage\/9782381620060\/notes-recollections-and-sequences-of-things-seen"},{"id":"9782953454567","title":"REVUE POLI : la fabrique des films","description":"Visible le contretype des films. \r\nComment na\u00eet un film ? Quelle \u00e9criture, quelles images,  quelles voix rendent compte du projet ? Quels documents  produisent artistes et cin\u00e9astes pour se repr\u00e9senter leur travail,  en suivre le chantier ? Mais aussi quelles sont les fausses  pistes, les id\u00e9es abandonn\u00e9es, les collaborations impossibles ? \r\nComment un film change-t-il sans cesse d'aspect au cours de  sa gen\u00e8se ? En partenariat avec la Fondation nationale des arts  graphiques et plastiques, la Maison d'Art Bernard Anthonioz  accueille dix-huit artistes et cin\u00e9astes de pointligneplan. \r\n\r\nChacun revient sur sa pratique pour en \u00e9lucider un des  mouvements, ressaisissant un fragment de film pass\u00e9 ou \u00e0  venir afin d'en r\u00e9v\u00e9ler le cheminement, les traces et le devenir. \r\nApr\u00e8s plus de dix ann\u00e9es d'un travail critique, d'\u00e9dition et de  diffusion de films au croisement du cin\u00e9ma et de l'art  contemporain, pointligneplan expose les chantiers du cin\u00e9ma  aujourd'hui.\r","authors":["Collectif"],"category_codes":["6000000","6070000","6070300"],"visuals":{"large":"https:\/\/images.epagine.fr\/567\/9782953454567_1_75.jpg","medium":"https:\/\/images.epagine.fr\/567\/9782953454567_1_m.jpg","thumbnail":"https:\/\/images.epagine.fr\/567\/9782953454567_1_v.jpg"},"orderable":true,"show_badge":true,"formatted_price":"18,00&nbsp;\u20ac","formatted_published_date":"23 mai 2012","publisher_availability_label":"Sur commande","short_details":"Collectif \u2014 Poli-Politique De L'Image","translator":null,"weight":410,"page_count":146,"readership":null,"editor":"Poli-Politique De L'Image","price":1800,"published_date":"2012-05-22T22:00:00.000000Z","support":"Grand format","publisher_availability":1,"stock":0,"editions":[],"url":"https:\/\/quaidesbrumes.com\/ouvrage\/9782953454567\/revue-poli-la-fabrique-des-films"},{"id":"9782330018412","title":"Photoquai 2013","description":"Int\u00e9gralement d\u00e9di\u00e9e \u00e0 la photographie contemporaine non occidentale, la biennale Photoquai pr\u00e9sente les oeuvres de photographes du monde entier provenant des grandes zones g\u00e9ographiques repr\u00e9sent\u00e9es au sein des collections du mus\u00e9e. Le catalogue pr\u00e9sente le parcours des expositions, qui se d\u00e9roulent sur les quais de la Seine longeant le mus\u00e9e du quai Branly et dans une dizaine d'institutions partenaires de la manifestation, du 17 septembre au 17 novembre 2013.\r","authors":["Collectif"],"category_codes":["6000000","6070000","6070200"],"visuals":{"large":"https:\/\/images.epagine.fr\/412\/9782330018412_1_75.jpg","medium":"https:\/\/images.epagine.fr\/412\/9782330018412_1_m.jpg","thumbnail":"https:\/\/images.epagine.fr\/412\/9782330018412_1_v.jpg"},"orderable":true,"show_badge":true,"formatted_price":"27,00&nbsp;\u20ac","formatted_published_date":"31 ao\u00fbt 2013","publisher_availability_label":"Sur commande","short_details":"Collectif \u2014 Actes Sud","translator":null,"weight":920,"page_count":232,"readership":null,"editor":"Actes Sud","price":2700,"published_date":"2013-08-30T22:00:00.000000Z","support":"Grand format","publisher_availability":1,"stock":0,"editions":[],"url":"https:\/\/quaidesbrumes.com\/ouvrage\/9782330018412\/photoquai-2013"},{"id":"9780714877341","title":"Steve McCurry Untold ; The Stories Behind the Photographs","description":"Now in paperback and re-sized for easy reading, Steve McCurry: Untold is the only book to tell the fascinating stories behind McCurry's most iconic photographs. It explores the travels, methods, and magic behind his evocative photographs, delving deep into the true stories behind McCurry's most important assignments for National Geographic and beyond, including his introduction to the now-legendary 'Afghan Girl'.\r\nEach story includes McCurry's first-hand account alongside specially commissioned essays, ephemera, and personal photographs from his private archive.\r\n\r\nKey Selling Points - The only book to reveal the research, experiences, and events behind some of Steve McCurry's most celebrated images - Features beautiful reproductions of McCurry's photographs spanning a broad range of themes and subjects - Includes ephemera such as snapshots, journal extracts, maps, newspaper clippings, and more - A living biography of one of the most imaginative documentary photographers working today - More than 50,000 copies of the hardback edition sold worldwide and it was translated into seven languages and became an international bestseller\r","authors":["Steve McCurry"],"category_codes":["6000000","6070000","6070200","6070205"],"visuals":{"large":"https:\/\/images.epagine.fr\/341\/9780714877341_1_75.jpg","medium":"https:\/\/images.epagine.fr\/341\/9780714877341_1_m.jpg","thumbnail":"https:\/\/images.epagine.fr\/341\/9780714877341_1_v.jpg"},"orderable":true,"show_badge":true,"formatted_price":"34,95&nbsp;\u20ac","formatted_published_date":"18 octobre 2018","publisher_availability_label":"Sur commande","short_details":"Steve McCurry \u2014 Phaidon Press","translator":null,"weight":1454,"page_count":320,"readership":null,"editor":"Phaidon Press","price":3495,"published_date":"2018-10-17T22:00:00.000000Z","support":"Beaux-livres","publisher_availability":1,"stock":0,"editions":[],"url":"https:\/\/quaidesbrumes.com\/ouvrage\/9780714877341\/steve-mccurry-untold-the-stories-behind-the-photographs"},{"id":"9782343197982","title":"Le goof au cinema ; de la gaffe au faux raccord, la qu\u00eate de l'anomalie filmique","description":"Le goof au cin\u00e9ma, c'est le reflet d'un cam\u00e9raman, une arme qui passe d'une main \u00e0 l'autre, une cigarette qui change soudain de taille ou un gobelet de caf\u00e9 contemporain sur une table m\u00e9di\u00e9vale. C'est une anomalie n\u00e9gligeable, mais formidablement r\u00e9v\u00e9latrice de nos attentes techniques et esth\u00e9tiques sur la fiction. Si les chasseurs de goofs existent d\u00e8s la naissance du cin\u00e9matographe, le triple av\u00e8nement de la culture geek, d'internet et de la vid\u00e9o domestique a donn\u00e9 \u00e0 cette forme de cin\u00e9philie une dimension plan\u00e9taire. Que d\u00e9voile cet engouement pour le d\u00e9tail, a priori insignifiant, tant du point de vue des spectateurs que des professionnels du film ? Qu'attend-on d'une fiction o\u00f9 tout est faux, et o\u00f9 pourtant le moindre anachronisme d\u00e9cha\u00eene les passions des amateurs et des sp\u00e9cialistes ? En quoi le goof et les tensions qu'il cristallise, mettent en relief les enjeux du pacte fictionnel et de ses mutations, \u00e0 l'\u00e8re du num\u00e9rique ?","authors":["Olivier Ca\u00efra","R\u00e9jane Hamus-Vall\u00e9e","Fran\u00e7ois Jost"],"category_codes":["6000000","6070000","6070300"],"visuals":{"large":"https:\/\/images.epagine.fr\/982\/9782343197982_1_75.jpg","medium":"https:\/\/images.epagine.fr\/982\/9782343197982_1_m.jpg","thumbnail":"https:\/\/images.epagine.fr\/982\/9782343197982_1_v.jpg"},"orderable":true,"show_badge":true,"formatted_price":"16,50&nbsp;\u20ac","formatted_published_date":"19 mars 2020","publisher_availability_label":"Sur commande","short_details":"Olivier Ca\u00efra, R\u00e9jane Hamus-Vall\u00e9e, Fran\u00e7ois Jost \u2014 \u00c9ditions L'Harmattan","translator":null,"weight":160,"page_count":134,"readership":null,"editor":"\u00c9ditions L'Harmattan","price":1650,"published_date":"2020-03-18T23:00:00.000000Z","support":"Grand format","publisher_availability":1,"stock":0,"editions":[],"url":"https:\/\/quaidesbrumes.com\/ouvrage\/9782343197982\/le-goof-au-cinema-de-la-gaffe-au-faux-raccord-la-quete-de-lanomalie-filmique"},{"id":"9782955469415","title":"The art of Samsofy","description":"L'incroyable foisonnement cr\u00e9atif et fantaisiste d'un artiste pas comme les autres. Les microcosmes \u00e0 base de personnages LEGO\u00ae de Sofiane Samlal, alias Samsofy, ont acquis une c\u00e9l\u00e9brit\u00e9 plan\u00e9taire. Les photos des installations issues de l'imagination de Samsofy jouent avec les mat\u00e9riaux et les \u00e9chelles pour alt\u00e9rer notre perception, dans une bonne humeur communicative.","authors":["Anne-Lucie Barbot","Anne-Marie Chevrier","Fr\u00e9d\u00e9ric Elka\u00efm"],"category_codes":["6000000","6070000","6070200","6070205"],"visuals":{"large":"https:\/\/images.epagine.fr\/415\/9782955469415_1_75.jpg","medium":"https:\/\/images.epagine.fr\/415\/9782955469415_1_m.jpg","thumbnail":"https:\/\/images.epagine.fr\/415\/9782955469415_1_v.jpg"},"orderable":true,"show_badge":true,"formatted_price":"30,00&nbsp;\u20ac","formatted_published_date":"30 juin 2021","publisher_availability_label":"Sur commande","short_details":"Anne-Lucie Barbot, Anne-Marie Chevrier, Fr\u00e9d\u00e9ric Elka\u00efm \u2014 Galerie D'Art Chromia","translator":"ANNE-MARIE CHEVRIER","weight":500,"page_count":112,"readership":null,"editor":"Galerie D'Art Chromia","price":3000,"published_date":"2021-06-29T22:00:00.000000Z","support":"Grand format","publisher_availability":1,"stock":0,"editions":[],"url":"https:\/\/quaidesbrumes.com\/ouvrage\/9782955469415\/the-art-of-samsofy"},{"id":"9780997910223","title":"Temporal territories : An anthology on indigenous experimental cinema","description":"Collected writings, artworks and manifestos outlining the developments in Indigenous cinema and its most adventurous practitioners\r\n\r\nFounded in 2018, COUSIN Collective is dedicated to promoting Indigenous artists working with the moving image. Temporal Territories is the collective's critical anthology on Indigenous experimental cinema, bringing together new works, reprints of key writings, theoretical interventions, artist portfolios, intergenerational dialogues and manifestos. With topics ranging from science fiction to found-footage filmmaking to the strange case of the DeMille Indians, the volume surveys a varied and vital body of work, and suggests new forms still to come.\r\nAs COUSIN writes in their introduction, \"We hope this collection can be something like a celebration, a point along your path that fosters conversations and connections. ...There are no rules to this thing, and you are not alone.\"\r\nContributors include: Raven Chacon, Colectivo Los Ingr\u00e1vidos, Lou Cornum, Grace Dillon, Guillermo G\u00f3mez-Pe\u00f1a, Miguel Hilari, Sky Hopinka, Kite, Adam Khalil, Zack Khalil, Pedro Neves Marques, Fox Maxy, Michael Metzger, Jas M. Morgan, Caroline Monnet, Shelley Niro, Adam Piron, Tiare Ribeaux, Diana Flores Ru\u00edz, Walter Scott, Girish Shambu, Paul Chaat Smith, Adam Spry, Elizabeth Weatherford.\r\n\r\nThis book was published in conjunction with COUSIN Collective","authors":["Raven Chacon"],"category_codes":["6000000","6070000","6070300","6070304"],"visuals":{"large":"https:\/\/images.epagine.fr\/223\/9780997910223_1_75.jpg","medium":"https:\/\/images.epagine.fr\/223\/9780997910223_1_m.jpg","thumbnail":"https:\/\/images.epagine.fr\/223\/9780997910223_1_v.jpg"},"orderable":true,"show_badge":true,"formatted_price":"25,00&nbsp;\u20ac","formatted_published_date":"18 mars 2025","publisher_availability_label":"Sur commande","short_details":"Raven Chacon \u2014 Distributed Art Publishers","translator":null,"weight":272,"page_count":334,"readership":null,"editor":"Distributed Art Publishers","price":2500,"published_date":"2025-03-17T23:00:00.000000Z","support":"Grand format","publisher_availability":1,"stock":0,"editions":[],"url":"https:\/\/quaidesbrumes.com\/ouvrage\/9780997910223\/temporal-territories-an-anthology-on-indigenous-experimental-cinema"},{"id":"9782494767324","title":"Au-del\u00e0 du visible : Aubrac","description":"Cette s\u00e9rie photographique se veut une invitation \u00e0 explorer autrement l'Aubrac, ce territoire unique o\u00f9 l'\u00e9vidence brute du paysage cache mille subtilit\u00e9s. Comme face \u00e0 une oeuvre d'art, le regard pos\u00e9 sur la nature ne se limite pas \u00e0 une contemplation passive. Il devient un dialogue, un jeu d'interpr\u00e9tations, une alchimie entre ce qui est offert et ce que l'on choisit d'y voir. Le paysage, oeuvre vivante et mouvante, ne cesse de se m\u00e9tamorphoser. Les lumi\u00e8res changeantes, les murmures des saisons, et les infinies variations entre l'aube et le cr\u00e9puscule sculptent un d\u00e9cor en perp\u00e9tuel devenir. Chaque instant porte en lui une atmosph\u00e8re singuli\u00e8re, une vibration propre. Le photographe, t\u00e9moin et acteur, s'approprie ces instants fugaces pour en r\u00e9v\u00e9ler des fragments, ajouter ses propres nuances, et ouvrir des fen\u00eatres sur des mondes souvent invisibles. L'Aubrac, majestueux et intemporel, sait conjuguer l'\u00e9l\u00e9gance de ses vastes horizons avec la po\u00e9sie de ses moindres d\u00e9tails. Et pourtant, face \u00e0 ces paysages, le regard peut parfois se figer, enferm\u00e9 dans des images d\u00e9j\u00e0 pens\u00e9es, dict\u00e9es par les clich\u00e9s collectifs. Nous voyons alors ce que l'on nous a appris \u00e0 voir, prisonniers d'une seule vision parmi tant d'autres possibles. Mais le paysage, comme une oeuvre d'art, appelle \u00e0 la pluralit\u00e9. Il y a izons que de sensibilit\u00e9s, autant de r\u00e9cits que de coeurs qui battent \u00e0 son contact.","authors":["Fred Mortagne"],"category_codes":["6000000","6070000","6070200","6070205"],"visuals":{"large":"https:\/\/quaidesbrumes.com\/img\/book-placeholder.png","medium":"https:\/\/quaidesbrumes.com\/img\/book-placeholder.png","thumbnail":"https:\/\/quaidesbrumes.com\/img\/book-placeholder.png"},"orderable":true,"show_badge":true,"formatted_price":"45,00&nbsp;\u20ac","formatted_published_date":"1er juin 2025","publisher_availability_label":"Sur commande","short_details":"Fred Mortagne \u2014 Odyssee","translator":null,"weight":788,"page_count":null,"readership":"Tout public","editor":"Odyssee","price":4500,"published_date":"2025-05-31T22:00:00.000000Z","support":"Beaux-livres","publisher_availability":1,"stock":0,"editions":[],"url":"https:\/\/quaidesbrumes.com\/ouvrage\/9782494767324\/au-dela-du-visible-aubrac"},{"id":"9781910164761","title":"Nothing's in vain","description":null,"authors":["Emmanuelle Andrianjafy"],"category_codes":["6000000","6070000","6070200"],"visuals":{"large":"https:\/\/images.epagine.fr\/761\/9781910164761_1_75.jpg","medium":"https:\/\/images.epagine.fr\/761\/9781910164761_1_m.jpg","thumbnail":"https:\/\/images.epagine.fr\/761\/9781910164761_1_v.jpg"},"orderable":true,"show_badge":true,"formatted_price":"25,00&nbsp;\u20ac","formatted_published_date":"1er juin 2017","publisher_availability_label":"Sur commande","short_details":"Emmanuelle Andrianjafy \u2014 Mack","translator":null,"weight":700,"page_count":null,"readership":null,"editor":"Mack","price":2500,"published_date":"2017-05-31T22:00:00.000000Z","support":"Grand format","publisher_availability":1,"stock":0,"editions":[],"url":"https:\/\/quaidesbrumes.com\/ouvrage\/9781910164761\/nothings-in-vain"},{"id":"9791280978141","title":"Grace","description":"\u00ab Les photographies envo\u00fbtantes et expressives de cette publication peuvent \u00eatre per\u00e7ues comme des \u00e9vocations d'une longue et fructueuse collaboration entre deux personnes dont les vies se sont entrelac\u00e9es au cours de plusieurs d\u00e9cennies. Scott et Grace sont parents, ils partagent un engagement profond dans leur qu\u00eate spirituelle, ils sont l'un pour l'autre les meilleurs amis. Mais au-del\u00e0 de la pers\u00e9v\u00e9rance dans les vicissitudes de la vie, ils ont, plus tard dans leur relation, trouv\u00e9 un moyen de faire des photographies qui transcendent la tradition de l'homme actif avec l'appareil photo et de la femme passive qui s'assoit. Grace et Scott explorent l'imagination, le sens du jeu et les significations possibles du monde naturel. Dans leur travail, ils cherchent \u00e0 s'\u00e9chapper des liens de cette dimension, avec ses normes culturelles et ses contraintes sur nos comportements, en particulier ceux des femmes. Dans les photographies qu'ils con\u00e7oivent, Grace escalade litt\u00e9ralement les murs qui la confinent dans son milieu quotidien. De l'autre c\u00f4t\u00e9, elle se retrouve dans une for\u00eat de conte de f\u00e9es o\u00f9 la logique et la responsabilit\u00e9 s'\u00e9vaporent. Au cours de ses p\u00e9r\u00e9grinations, toujours solitaires, elle d\u00e9couvre les signes et les symboles g\u00e9n\u00e9r\u00e9s par la for\u00eat dans une r\u00e9imagination de la nature et de la place qu'y occupe l'homme moderne. \u00c0 l'int\u00e9rieur de la maison, la pr\u00e9sence de Grace est souvent implicite : un chapeau, une veste, une ombre, le duvet des pissenlits. \u00c0 l'ext\u00e9rieur, elle est une d\u00e9esse nordique qui se pr\u00e9pare au combat, une sylphide qui se repose sous un arbre, une divinit\u00e9 de la nature sauvage. Les femmes d'un certain \u00e2ge deviennent, sociologiquement parlant, invisibles et sont peu pr\u00e9sentes dans l'art. Pourtant, pour l'appareil photo, pour Scott, pour ses propres fins et les n\u00f4tres, Grace agit librement, elle est clairement visible et elle s'affirme dans ces images. Elle occupe un univers alternatif unique et fascinant dans lequel elle et Scott cr\u00e9ent des r\u00e9cits que le spectateur doit interpr\u00e9ter. Il ne faut pas croire que le r\u00f4le de Scott se limite \u00e0 celui de scribe ou d'enregistreur d'\u00e9v\u00e9nements ; il s'agit d'un effort mutuel, soigneusement planifi\u00e9 et structur\u00e9, mais qui permet aussi de r\u00e9agir \u00e0 ce que l'on trouve dans le paysage, de faire preuve d'une cr\u00e9ativit\u00e9 spontan\u00e9e. Scott travaille principalement \u00e0 l'aide de cam\u00e9ras et le processus est donc lent. Il y a du temps pour la conversation, pour la planification, pour les prises de vue r\u00e9p\u00e9t\u00e9es. Scott et Grace ont \u00e9galement le temps de d\u00e9velopper ensemble cette all\u00e9gorie magique, une all\u00e9gorie dont les symboles ne sont peut-\u00eatre pas directement lisibles, mais qui remet en question ce que l'on peut conna\u00eetre dans la nature, dans le mariage, entre les individus, dans notre propre esprit. Leur inventivit\u00e9 combin\u00e9e nous permet, \u00e0 nous spectateurs de cette oeuvre magnifique et onirique, de sortir de nos sph\u00e8res famili\u00e8res et, pour un moment, deux ou dix, de prendre part \u00e0 la libert\u00e9 de la leur. \u00bb Laura McPhee","authors":["Scott Offen","Teresa Piardi"],"category_codes":["6000000","6070000","6070200","6070205"],"visuals":{"large":"https:\/\/images.epagine.fr\/141\/9791280978141_1_75.jpg","medium":"https:\/\/images.epagine.fr\/141\/9791280978141_1_m.jpg","thumbnail":"https:\/\/images.epagine.fr\/141\/9791280978141_1_v.jpg"},"orderable":true,"show_badge":true,"formatted_price":"60,00&nbsp;\u20ac","formatted_published_date":"29 mai 2025","publisher_availability_label":"Sur commande","short_details":"Scott Offen, Teresa Piardi \u2014 L'Artiere","translator":null,"weight":788,"page_count":72,"readership":"Tout public","editor":"L'Artiere","price":6000,"published_date":"2025-05-28T22:00:00.000000Z","support":"Grand format","publisher_availability":1,"stock":0,"editions":[],"url":"https:\/\/quaidesbrumes.com\/ouvrage\/9791280978141\/grace"},{"id":"9791280978158","title":"Giant willow oak","description":" Giant Willow Oak d'Amanda Sauer est une m\u00e9ditation intime sur le temps, la nature et notre relation avec le monde vivant. \u00c0 travers une s\u00e9rie de photographies profond\u00e9ment contemplatives, Sauer documente son engagement de plusieurs ann\u00e9es avec un seul ch\u00eane saule majestueux \u00e0 Washington, D.C. Son approche est \u00e0 la fois scientifique et po\u00e9tique - elle tourne autour de l'arbre dans le sens inverse des aiguilles d'une montre, refl\u00e9tant la rotation de la Terre, cr\u00e9ant une orbite de r\u00e9v\u00e9rence et de d\u00e9couverte. Les images qui en r\u00e9sultent capturent les transformations subtiles de l'\u00e9corce, des feuilles et de l'ombre, r\u00e9v\u00e9lant le pouvoir tranquille d'une observation patiente. \u00ab En suivant la lumi\u00e8re, j'ai commenc\u00e9 \u00e0 tourner autour de l'arbre, dans le sens inverse des aiguilles d'une montre, tout comme la Terre tourne dans le sens inverse des aiguilles d'une montre autour du soleil. Je suis devenu un satellite en orbite autour de l'arbre, attach\u00e9 par l'admiration et la r\u00e9v\u00e9rence. Les jours se sont transform\u00e9s en saisons, puis en ann\u00e9es. Ce n'\u00e9tait plus jamais le m\u00eame arbre. Ce livre r\u00e9unit des photographies repr\u00e9sentant deux \u00e9chelles de temps : la r\u00e9volution annuelle de la Terre autour du soleil (2021-2022) et un dernier moment prolong\u00e9 avant l'abattage de l'arbre (octobre 2023) \u00bb. Amanda Sauer\r\n","authors":["Amanda Sauer"],"category_codes":["6000000","6070000","6070200","6070205"],"visuals":{"large":"https:\/\/images.epagine.fr\/158\/9791280978158_1_75.jpg","medium":"https:\/\/images.epagine.fr\/158\/9791280978158_1_m.jpg","thumbnail":"https:\/\/images.epagine.fr\/158\/9791280978158_1_v.jpg"},"orderable":true,"show_badge":true,"formatted_price":"65,00&nbsp;\u20ac","formatted_published_date":"29 mai 2025","publisher_availability_label":"Sur commande","short_details":"Amanda Sauer \u2014 L'Artiere","translator":null,"weight":788,"page_count":68,"readership":"Tout public","editor":"L'Artiere","price":6500,"published_date":"2025-05-28T22:00:00.000000Z","support":"Grand format","publisher_availability":1,"stock":0,"editions":[],"url":"https:\/\/quaidesbrumes.com\/ouvrage\/9791280978158\/giant-willow-oak"},{"id":"9782845636125","title":"Comme un poisson dans l'herbe","description":"Dans ce nouveau livre, \u00e9crit comme un journal intime, Patrick S\u00e9bastien nous confie ses r\u00e9flexions sur les douze derniers mois. De l'\u00e9lection du pr\u00e9sident de la R\u00e9publique au d\u00e9c\u00e8s de son p\u00e8re, en passant par ses rencontres avec les grands de ce monde ou les gens de la rue - ses \u00ab vagabonds magnifiques \u00bb -, il nous parle du monde tel qu'il le con\u00e7oit, et par-dessus tout de sa volont\u00e9 de donner et de recevoir de l'amour.\r","authors":["Patrick S\u00e9bastien"],"category_codes":["6000000","6070000","6070300"],"visuals":{"large":"https:\/\/images.epagine.fr\/125\/9782845636125_1_75.jpg","medium":"https:\/\/images.epagine.fr\/125\/9782845636125_1_m.jpg","thumbnail":"https:\/\/images.epagine.fr\/125\/9782845636125_1_v.jpg"},"orderable":true,"show_badge":true,"formatted_price":"19,90&nbsp;\u20ac","formatted_published_date":"21 mars 2013","publisher_availability_label":"Sur commande","short_details":"Patrick S\u00e9bastien \u2014 XO","translator":null,"weight":495,"page_count":324,"readership":null,"editor":"XO","price":1990,"published_date":"2013-03-20T23:00:00.000000Z","support":"Grand format","publisher_availability":1,"stock":0,"editions":[],"url":"https:\/\/quaidesbrumes.com\/ouvrage\/9782845636125\/comme-un-poisson-dans-lherbe"},{"id":"9781912339334","title":"Lisa barnard the canary and the hammer","description":null,"authors":["Barnard Lisa"],"category_codes":["6000000","6070000","6070200"],"visuals":{"large":"https:\/\/images.epagine.fr\/334\/9781912339334_1_75.jpg","medium":"https:\/\/images.epagine.fr\/334\/9781912339334_1_m.jpg","thumbnail":"https:\/\/images.epagine.fr\/334\/9781912339334_1_v.jpg"},"orderable":true,"show_badge":true,"formatted_price":"45,00&nbsp;\u20ac","formatted_published_date":"22 mars 2019","publisher_availability_label":"Sur commande","short_details":"Barnard Lisa \u2014 Mack","translator":null,"weight":1101,"page_count":null,"readership":null,"editor":"Mack","price":4500,"published_date":"2019-03-21T23:00:00.000000Z","support":"Grand format","publisher_availability":1,"stock":0,"editions":[],"url":"https:\/\/quaidesbrumes.com\/ouvrage\/9781912339334\/lisa-barnard-the-canary-and-the-hammer"},{"id":"9781912339563","title":"Collier schorr paul's book","description":"Collier Schorr a rencontr\u00e9 Paul, jeune mannequin et artiste parisien, en 2015. Pendant deux ans elle n'a cess\u00e9 de le prendre en photo au sein de la maison de ses parents, dans l'intimit\u00e9 de sa famille, faisant ainsi l'exp\u00e9rience d'un espace social dans lequel le corps du mod\u00e8le et l'oeil de la photographe ont appris \u00e0 se conna\u00eetre et \u00e0 partager leurs fantasmes. D'abord publi\u00e9e en un dossier dans Re Edition, cette s\u00e9rie est ici pr\u00e9sent\u00e9e pour la premi\u00e8re fois dans son int\u00e9gralit\u00e9.\r","authors":["Schorr Collier"],"category_codes":["6000000","6070000","6070200"],"visuals":{"large":"https:\/\/images.epagine.fr\/563\/9781912339563_1_75.jpg","medium":"https:\/\/images.epagine.fr\/563\/9781912339563_1_m.jpg","thumbnail":"https:\/\/images.epagine.fr\/563\/9781912339563_1_v.jpg"},"orderable":true,"show_badge":true,"formatted_price":"40,00&nbsp;\u20ac","formatted_published_date":"15 octobre 2019","publisher_availability_label":"Sur commande","short_details":"Schorr Collier \u2014 Mack","translator":null,"weight":901,"page_count":null,"readership":null,"editor":"Mack","price":4000,"published_date":"2019-10-14T22:00:00.000000Z","support":"Grand format","publisher_availability":1,"stock":0,"editions":[],"url":"https:\/\/quaidesbrumes.com\/ouvrage\/9781912339563\/collier-schorr-pauls-book"},{"id":"9781912339358","title":"Jerome ming oobanken","description":"Oobanken du photographe Jerome Ming est le laur\u00e9at du First Book Award 2019. Con\u00e7ue pendant son s\u00e9jour \u00e0 Yangon, en Birmanie, cette s\u00e9rie d\u00e9coule de son l'int\u00e9r\u00eat pr\u00e9coce pour les structures b\u00e2ties et les interventions. Les photographies combinent des fragments d'histoire personnelle, de m\u00e9moire et d'imagination, refl\u00e9tant le contexte dans lequel elles ont \u00e9t\u00e9 cr\u00e9\u00e9es.\r","authors":["Ming Jerome"],"category_codes":["6000000","6070000","6070200"],"visuals":{"large":"https:\/\/images.epagine.fr\/358\/9781912339358_1_75.jpg","medium":"https:\/\/images.epagine.fr\/358\/9781912339358_1_m.jpg","thumbnail":"https:\/\/images.epagine.fr\/358\/9781912339358_1_v.jpg"},"orderable":true,"show_badge":true,"formatted_price":"30,00&nbsp;\u20ac","formatted_published_date":"28 mai 2019","publisher_availability_label":"Sur commande","short_details":"Ming Jerome \u2014 Mack","translator":null,"weight":350,"page_count":null,"readership":null,"editor":"Mack","price":3000,"published_date":"2019-05-27T22:00:00.000000Z","support":"Grand format","publisher_availability":1,"stock":0,"editions":[],"url":"https:\/\/quaidesbrumes.com\/ouvrage\/9781912339358\/jerome-ming-oobanken"}]}