{"data":[{"id":"9782490774203","title":"Politique de l'auteur 2","description":"Deuxi\u00e8me livraison du collection \"Politique de l'auteur\" autour du cin\u00e9ma. Il y est question de Chris Marker, Guy Gilles, Jean-Luc Godard ou encore Stephen Dwoskin.","authors":["Jacques Sicard","Philippe Blanchon","Ren\u00e9 No\u00ebl","Bruno Lemoine"],"category_codes":["6000000","6070000","6070300","6070306"],"visuals":{"large":"https:\/\/images.epagine.fr\/203\/9782490774203_1_75.jpg","medium":"https:\/\/images.epagine.fr\/203\/9782490774203_1_m.jpg","thumbnail":"https:\/\/images.epagine.fr\/203\/9782490774203_1_v.jpg"},"orderable":true,"show_badge":true,"formatted_price":"12,00&nbsp;\u20ac","formatted_published_date":"21 mai 2021","publisher_availability_label":"Sur commande","short_details":"Jacques Sicard, Philippe Blanchon, Ren\u00e9 No\u00ebl, Bruno Lemoine \u2014 La Nerthe Librairie","translator":null,"weight":108,"page_count":72,"readership":null,"editor":"La Nerthe Librairie","price":1200,"published_date":"2021-05-20T22:00:00.000000Z","support":"Grand format","publisher_availability":1,"stock":0,"editions":[],"url":"https:\/\/quaidesbrumes.com\/ouvrage\/9782490774203\/politique-de-lauteur-2"},{"id":"9782851818744","title":"Paris exclusivement","description":"Un vagabondage photographique tr\u00e8s personnel qui raconte les mutations de Paris ces derni\u00e8res ann\u00e9es. Un Paris tout en mouvement, en restructuration permanente, depuis la destruction des Halles. Des impressions vives, du levant au couchant, dans l'agitation des rues et des rencontres.\r","authors":["Walter Vogel","Mathilde Sobottke"],"category_codes":["6000000","6070000","6070200"],"visuals":{"large":"https:\/\/images.epagine.fr\/744\/9782851818744_1_75.jpg","medium":"https:\/\/images.epagine.fr\/744\/9782851818744_1_m.jpg","thumbnail":"https:\/\/images.epagine.fr\/744\/9782851818744_1_v.jpg"},"orderable":true,"show_badge":true,"formatted_price":"29,00&nbsp;\u20ac","formatted_published_date":"30 septembre 2015","publisher_availability_label":"Sur commande","short_details":"Walter Vogel, Mathilde Sobottke \u2014 L'Arche","translator":"MATHILDE SOBOTTKE","weight":518,"page_count":128,"readership":null,"editor":"L'Arche","price":2900,"published_date":"2015-09-29T22:00:00.000000Z","support":"Grand format","publisher_availability":1,"stock":0,"editions":[],"url":"https:\/\/quaidesbrumes.com\/ouvrage\/9782851818744\/paris-exclusivement"},{"id":"9782919507146","title":"Hidden river","description":"La Tiretaine n'est pas la premi\u00e8re rivi\u00e8re que le photographe anglais John Davies choisit comme fil conducteur pour aborder et comprendre un pays(age). Ses images de la Mersey, du Po, du Nervi\u00f3n, de la Loire, la Taff, l'Arno, la Seine ou la Durance ont d\u00e9j\u00e0 su saisir ce que ces cours d'eau racontent des tensions - entre beaut\u00e9 et n\u00e9cessit\u00e9, pass\u00e9 et pr\u00e9sent, public et priv\u00e9, \u00e9conomie et \u00e9cologie, nature et urbanisme... -, tricot\u00e9es dans un paysage au gr\u00e9 de choix politiques successifs. Gambadant parfois \u00e0 ciel ouvert, mais le plus souvent recouverte, ciment\u00e9e, canalis\u00e9e, soup\u00e7onn\u00e9e de pollution et priv\u00e9e de libert\u00e9, la Tiretaine n'\u00e9chappe pas aux diff\u00e9rentes probl\u00e9matiques d\u00e9j\u00e0 soulev\u00e9es par les pr\u00e9c\u00e9dents travaux du \u00ab g\u00e9ographe-photographe \u00bb. Quoique de taille tout \u00e0 fait modeste, la Tiretaine est cependant le cours d'eau qui pla\u00e7a John Davies dans l'une des situations les plus paradoxales qu'il soit pour un photographe : saisir l'image d'une rivi\u00e8re jouant \u00e0 cache-cache sur plus de la moiti\u00e9 de son parcours. Autant dire montrer l'invisible. Ses fac\u00e9ties ne sont pas venues \u00e0 bout des talents d'observation de cet enqu\u00eateur minutieux qui prend tr\u00e8s vite le parti d'un salutaire partage des eaux, la saisissant en couleur lorsqu'elle s'\u00e9bat \u00e0 l'air libre, en noir et blanc lorsqu'elle se glisse sous terre.\r","authors":["Armelle Canitrot","John Davies"],"category_codes":["6000000","6070000","6070200","6070205"],"visuals":{"large":"https:\/\/images.epagine.fr\/146\/9782919507146_1_75.jpg","medium":"https:\/\/images.epagine.fr\/146\/9782919507146_1_m.jpg","thumbnail":"https:\/\/images.epagine.fr\/146\/9782919507146_1_v.jpg"},"orderable":true,"show_badge":true,"formatted_price":"27,00&nbsp;\u20ac","formatted_published_date":"1er juin 2013","publisher_availability_label":"Sur commande","short_details":"Armelle Canitrot, John Davies \u2014 LOCO","translator":null,"weight":400,"page_count":56,"readership":null,"editor":"LOCO","price":2700,"published_date":"2013-05-31T22:00:00.000000Z","support":"Beaux-livres","publisher_availability":1,"stock":0,"editions":[],"url":"https:\/\/quaidesbrumes.com\/ouvrage\/9782919507146\/hidden-river"},{"id":"9782953053715","title":"Bruno Dewaele ; bloc note photographique","description":null,"authors":["Collectif"],"category_codes":["6000000","6070000","6070200"],"visuals":{"large":"https:\/\/quaidesbrumes.com\/img\/book-placeholder.png","medium":"https:\/\/quaidesbrumes.com\/img\/book-placeholder.png","thumbnail":"https:\/\/quaidesbrumes.com\/img\/book-placeholder.png"},"orderable":true,"show_badge":true,"formatted_price":"29,50&nbsp;\u20ac","formatted_published_date":"8 juillet 2009","publisher_availability_label":"Sur commande","short_details":"Collectif \u2014 Invenit","translator":null,"weight":542,"page_count":130,"readership":null,"editor":"Invenit","price":2950,"published_date":"2009-07-07T22:00:00.000000Z","support":"Grand format","publisher_availability":1,"stock":0,"editions":[],"url":"https:\/\/quaidesbrumes.com\/ouvrage\/9782953053715\/bruno-dewaele-bloc-note-photographique"},{"id":"9782919507016","title":"MHSD ; d\u00e9construction","description":"Dans l'histoire du nucl\u00e9aire fran\u00e7ais, europ\u00e9en et mondial, Superph\u00e9nix est un cas \u00e0 part. Aucun objet technologique n'a d\u00e9cha\u00een\u00e9, semble-t-il, autant de passions contradictoires, passions \u00e0 la fois techniques et politiques. Depuis 1999, la centrale de Creys-Malville est en d\u00e9construction.\r\nJacqueline Salmon s'est demand\u00e9e \u00e0 quoi pouvait ressembler une centrale nucl\u00e9aire en d\u00e9construction.\r\nApr\u00e8s avoir obtenu les autorisations n\u00e9cessaires, la photographe a travaill\u00e9 sur les espaces non visibles au public. Elle a ramen\u00e9 un ensemble d'images remarquables qui donne \u00e0 ce travail personnel une dimension documentaire qui fera passer le lecteur curieux de l'autre c\u00f4t\u00e9 des enceintes ferm\u00e9es de la centrale. Aujourd'hui, dans la salle de commande, on remarque beaucoup d'\u00e9crans masqu\u00e9s, d\u00e9sormais hors d'usage. Sur le compteur qui affichait autrefois la puissance du r\u00e9acteur, on lit \u00ab MHSD \u00bb, Mise Hors Service D\u00e9finitive.\r\nUn texte de l'anthropologue Christine Berg\u00e9 accompagne l'ouvrage en s'attachant aux paroles recueillies parmi les salari\u00e9s de la centrale lors de son enqu\u00eate.\r","authors":["Christine Berg\u00e9","Jacqueline Salmon"],"category_codes":["6000000","6070000","6070200"],"visuals":{"large":"https:\/\/images.epagine.fr\/016\/9782919507016_1_75.jpg","medium":"https:\/\/images.epagine.fr\/016\/9782919507016_1_m.jpg","thumbnail":"https:\/\/images.epagine.fr\/016\/9782919507016_1_v.jpg"},"orderable":true,"show_badge":true,"formatted_price":"25,00&nbsp;\u20ac","formatted_published_date":"22 septembre 2011","publisher_availability_label":"Sur commande","short_details":"Christine Berg\u00e9, Jacqueline Salmon \u2014 LOCO","translator":null,"weight":500,"page_count":96,"readership":null,"editor":"LOCO","price":2500,"published_date":"2011-09-21T22:00:00.000000Z","support":"Grand format","publisher_availability":1,"stock":0,"editions":[],"url":"https:\/\/quaidesbrumes.com\/ouvrage\/9782919507016\/mhsd-deconstruction"},{"id":"9782868535528","title":"Pour John Cassavetes","description":"Des mythes ou des l\u00e9gendes et trois ou quatre films plus connus que les autres masquent l'essentiel : avec les siens, John Cassavetes a construit une oeuvre cin\u00e9matographique toujours imp\u00e9tueuse mais en conqu\u00eate coh\u00e9rente de la profondeur et de la complexit\u00e9.\r\nUne intuition \u00e0 vivre en spectateur plus qu'\u00e0 analyser en \u00e9rudit, dans un parcours subjectif et chronologique, jalonn\u00e9 de rencontres inattendues. Entrer de plain pied dans son premier film d'ombres comme jaillissent ses personnages, et se laisser emmener par les images, les narrations, les s\u00e9quences, les explosions, les temps pour rien, les diversions, sur ce chemin d'amour violent au fond des \u00eatres, jusqu'\u00e0 la d\u00e9rision finale.\r\nUne ballade qui aurait pu s'intituler : John Cassavetes \/ Biographie 11 + 1.\r","authors":["Maurice Darmon"],"category_codes":["6000000","6070000","6070300"],"visuals":{"large":"https:\/\/images.epagine.fr\/528\/9782868535528_1_75.jpg","medium":"https:\/\/images.epagine.fr\/528\/9782868535528_1_m.jpg","thumbnail":"https:\/\/images.epagine.fr\/528\/9782868535528_1_v.jpg"},"orderable":true,"show_badge":true,"formatted_price":"17,00&nbsp;\u20ac","formatted_published_date":"7 avril 2011","publisher_availability_label":"Sur commande","short_details":"Maurice Darmon \u2014 Le Temps Qu'Il Fait","translator":null,"weight":242,"page_count":168,"readership":null,"editor":"Le Temps Qu'Il Fait","price":1700,"published_date":"2011-04-06T22:00:00.000000Z","support":"Grand format","publisher_availability":1,"stock":0,"editions":[],"url":"https:\/\/quaidesbrumes.com\/ouvrage\/9782868535528\/pour-john-cassavetes"},{"id":"9782916373515","title":"Historic","description":null,"authors":["Alexis Jakubowicz"],"category_codes":["6000000","6070000","6070200","6070205"],"visuals":{"large":"https:\/\/quaidesbrumes.com\/img\/book-placeholder.png","medium":"https:\/\/quaidesbrumes.com\/img\/book-placeholder.png","thumbnail":"https:\/\/quaidesbrumes.com\/img\/book-placeholder.png"},"orderable":true,"show_badge":true,"formatted_price":"25,00&nbsp;\u20ac","formatted_published_date":"8 septembre 2011","publisher_availability_label":"Sur commande","short_details":"Alexis Jakubowicz \u2014 Iac Editions D'Art","translator":null,"weight":730,"page_count":80,"readership":null,"editor":"Iac Editions D'Art","price":2500,"published_date":"2011-09-07T22:00:00.000000Z","support":"Grand format","publisher_availability":1,"stock":0,"editions":[],"url":"https:\/\/quaidesbrumes.com\/ouvrage\/9782916373515\/historic"},{"id":"9782919507115","title":"Territoires \u00e9mergents","description":"Pour cette \u00e9dition, quatre artistes ont chacun livr\u00e9 un travail original qui fait l'objet d'un livret sp\u00e9cifique, le tout r\u00e9uni sous un coffret : \u00c9ric Giraudet de Boudemange est devenu pendant plusieurs mois le photographe de quartier de la ville de Auby, tirant les portraits de ses habitants et organisant avec eux des performances artistiques ; Freya Hattenberger a r\u00e9alis\u00e9 une s\u00e9rie d'autoportraits aux l\u00e9gumes, \u00e0 partir de ses d\u00e9couvertes des jardins ouvriers de la r\u00e9gion ; Ma\u00eft\u00e9 Pouleur a choisi de travailler dans la cit\u00e9 Thiers de la commune de Bruay-sur-l'Escaut et de partager l'intimit\u00e9 de ses habitants ; Sarah Ritter a, quant \u00e0 elle, pr\u00e9f\u00e9r\u00e9 une errance toute po\u00e9tique dans la r\u00e9gion \u00e0 la rencontre de personnages et de paysages singulier. Chaque livret pr\u00e9sente un entretien in\u00e9dit de l'artiste avec Jean-Luc Nancy, Damien Sausset ou Bernard Serexhe. Cet ouvrage est publi\u00e9 en collaboration avec le Centre r\u00e9gional de la photographie Nord-Pas-de-Calais.\r","authors":["Collectif"],"category_codes":["6000000","6070000","6070200"],"visuals":{"large":"https:\/\/images.epagine.fr\/115\/9782919507115_1_75.jpg","medium":"https:\/\/images.epagine.fr\/115\/9782919507115_1_m.jpg","thumbnail":"https:\/\/images.epagine.fr\/115\/9782919507115_1_v.jpg"},"orderable":true,"show_badge":true,"formatted_price":"25,00&nbsp;\u20ac","formatted_published_date":"2 f\u00e9vrier 2013","publisher_availability_label":"Sur commande","short_details":"Collectif \u2014 LOCO","translator":null,"weight":350,"page_count":48,"readership":null,"editor":"LOCO","price":2500,"published_date":"2013-02-01T23:00:00.000000Z","support":"Grand format","publisher_availability":1,"stock":0,"editions":[],"url":"https:\/\/quaidesbrumes.com\/ouvrage\/9782919507115\/territoires-emergents"},{"id":"9782916355757","title":"Mortem","description":"Les \u00e9l\u00e9ments artistiques de Mortem, ses th\u00e8mes universels et l'histoire passionnante de sa r\u00e9alisation, entre hommage aux plus grands ma\u00eetres du septi\u00e8me art et innovations technologiques de premier plan, ont fourni la mati\u00e8re de ce livre.\r\nSource de plaisir visuel et d'informations, tant pour le cin\u00e9phile et le spectateur grand public que pour l'\u00e9tudiant en cin\u00e9matographie, Mortem est un monument pour tous les amoureux du cin\u00e9ma.\r","authors":["Eric Atlan"],"category_codes":["6000000","6070000","6070300"],"visuals":{"large":"https:\/\/images.epagine.fr\/757\/9782916355757_1_75.jpg","medium":"https:\/\/images.epagine.fr\/757\/9782916355757_1_m.jpg","thumbnail":"https:\/\/images.epagine.fr\/757\/9782916355757_1_v.jpg"},"orderable":true,"show_badge":true,"formatted_price":"59,00&nbsp;\u20ac","formatted_published_date":"11 octobre 2012","publisher_availability_label":"Sur commande","short_details":"Eric Atlan \u2014 INTERVALLES","translator":null,"weight":2205,"page_count":306,"readership":null,"editor":"INTERVALLES","price":5900,"published_date":"2012-10-10T22:00:00.000000Z","support":"Grand format","publisher_availability":1,"stock":0,"editions":[],"url":"https:\/\/quaidesbrumes.com\/ouvrage\/9782916355757\/mortem"},{"id":"9782912107534","title":"Reprises ; cin\u00e9ma et sociologie","description":"Ce livre pr\u00e9sente une r\u00e9flexion de sociologue-spectateur de cin\u00e9ma, face \u00e0 des\r\nfilms documentaires r\u00e9alis\u00e9s, non par des sociologues, mais par des\r\nprofessionnels de l'audiovisuel travaillant en particulier sur un terrain d\u00e9j\u00e0\r\nbien investi par la sociologie, le milieu populaire. La question pos\u00e9e est\r\ncelle-ci\u00a0: quand un film documentaire est susceptible d'une lecture\r\nsociologique, peut-on dire de l'auteur-cin\u00e9aste qu'il fait oeuvre de\r\nsociologie\u00a0? qu'il est en quelque sorte un sociologue moderne, qui traduirait\r\nune fa\u00e7on sociologique d'appr\u00e9hender le r\u00e9el en se servant d'images en guise de\r\nmots\u00a0? L'auteur propose une r\u00e9ponse \u00e0 cette question, en dressant une\r\ncomparaison entre les productions cin\u00e9matographiques et sociologiques portant\r\nsur des sujets parall\u00e8les et en donnant libre cours aux d\u00e9veloppements plus\r\ncontingents suscit\u00e9s par ce rapprochement. Prenant pour r\u00e9f\u00e9rence r\u00e9manente le\r\nfilm majeur d'Herv\u00e9 Le Roux, Reprise, dont tout le monde conna\u00eet d\u00e9sormais la\r\nsc\u00e8ne c\u00e9l\u00e8bre de sortie d'usine o\u00f9 une jeune femme exprime avec vigueur son\r\nd\u00e9sarroi au moment de reprendre le travail apr\u00e8s la gr\u00e8ve, Yvette Delsaut\r\nd\u00e9cortique de mani\u00e8re aussi concr\u00e8te que minutieuse les moyens par lesquels\r\nsont produits l'adh\u00e9sion et l'empathie du spectateur mais elle montre \u00e9galement\r\nles modes de connaissance que permet d'atteindre l'enregistrement d'images\r\nfilm\u00e9es. Elle fait \u00e9galement appara\u00eetre le d\u00e9calage entre le point de vue du\r\ncin\u00e9aste et le point de vue du sociologue, d\u00e9calage parfois recherch\u00e9 notamment\r\nlorsque le cin\u00e9aste conteste ou m\u00eame refuse par principe le point de vue\r\nsociologique. Apr\u00e8s avoir lu ce livre, on comprend pourquoi la posture na\u00efve\r\nd'observateur innocent ou de cin\u00e9aste sans parti pris est en r\u00e9alit\u00e9 intenable\r\net jamais tenue. Ce livre \u00e9crit par une sociologue qui a particuli\u00e8re ment\r\ntravaill\u00e9 sur les questions d'in\u00e9galit\u00e9s sociales devant l'\u00e9cole et sur les\r\nmilieux populaires s'adresse aux \u00e9tudiants et chercheurs en sciences sociales\r\nqui s'int\u00e9ressent aux nouvelles m\u00e9thodes de recueil d'information et\r\nd'observation, mais aussi aux auteurs de films documentaires qui se confrontent\r\n\u00e0 des objets \u00ab\u00a0sociologiques\u00a0\u00bb et, plus g\u00e9n\u00e9ralement, aux lecteurs d'ouvrages\r\nportant sur la question sociale comme aux spectateurs de films d\u00e9crivant le\r\nmonde social. Il permet de d\u00e9crypter ou du moins de fournir des instruments\r\nd'analyse permettant de ma\u00eetriser un peu mieux les effets de l'\u00e9vidence\r\nimm\u00e9diate du r\u00e9el que porte en elle l'image et, plus particuli\u00e8rement, l'image\r\nfilm\u00e9e.\r\n\r","authors":["Yvette Delsaut"],"category_codes":["6000000","6070000","6070300"],"visuals":{"large":"https:\/\/images.epagine.fr\/534\/9782912107534_1_75.jpg","medium":"https:\/\/images.epagine.fr\/534\/9782912107534_1_m.jpg","thumbnail":"https:\/\/images.epagine.fr\/534\/9782912107534_1_v.jpg"},"orderable":true,"show_badge":true,"formatted_price":"20,00&nbsp;\u20ac","formatted_published_date":"22 avril 2010","publisher_availability_label":"Sur commande","short_details":"Yvette Delsaut \u2014 \u00c9ditions Raisons d'Agir","translator":null,"weight":525,"page_count":320,"readership":null,"editor":"\u00c9ditions Raisons d'Agir","price":2000,"published_date":"2010-04-21T22:00:00.000000Z","support":"Grand format","publisher_availability":1,"stock":0,"editions":[],"url":"https:\/\/quaidesbrumes.com\/ouvrage\/9782912107534\/reprises-cinema-et-sociologie"},{"id":"9782702209141","title":"Long s\u00e9jour","description":"\" En 1980-1981, je terminais mes \u00e9tudes de m\u00e9decine en France par un stage d'interne dans un h\u00f4pital d'une petite ville rurale. J'\u00e9tais loin de mon universit\u00e9 de r\u00e9f\u00e9rence, loin des h\u00f4pitaux o\u00f9 j'avais \u00e9t\u00e9 form\u00e9, et sans aucun contact sur place avec des m\u00e9decins hospitaliers. J'\u00e9tais livr\u00e9 \u00e0 moi-m\u00eame, s\u00fbr de rien dans mes connaissances, et confront\u00e9 tout de suite \u00e0 un lieu rempli de gens \u00e2g\u00e9s et proches de la mort. [...] Je d\u00e9cidai de passer dans toutes les chambres pour photographier toutes les personnes, avoir ainsi la m\u00e9moire de tous les visages. Et surtout je d\u00e9cidai de faire ces photographies en noir et blanc, simplement parce que je n'aimais pas les couleurs (in) hospitali\u00e8res des lieux. Au d\u00e9veloppement des photos, ce fut une r\u00e9v\u00e9lation. Tout ce que j'avais quotidiennement sous les yeux et que je ne voyais pas me sautait litt\u00e9ralement \u00e0 la figure: la souffrance morale des gens, leur solitude extr\u00eame, leur attente impatiente de la mort lib\u00e9ratrice, leur col\u00e8re si violente contre nous, les personnels, qui leur infligions une telle vie. [...] En 1983, j'ai \u00e9crit et soutenu ma th\u00e8se, faisant de celle-ci un t\u00e9moignage sur une exp\u00e9rience v\u00e9cue plut\u00f4t qu'une \u00e9tude technique. [...] Je suis retourn\u00e9 dans des centres de Long S\u00e9jour pour y r\u00e9aliser ce qui fut ma premi\u00e8re vraie s\u00e9rie de photographies, les visages de vieillards. Et je d\u00e9cidai de faire des \u00e9tudes de photographie apr\u00e8s avoir vendu mon cabinet m\u00e9dical. C'\u00e9tait en 1986. \" Philippe Bazin.\r","authors":["Philippe Bazin","Collectif"],"category_codes":["6000000","6070000","6070200"],"visuals":{"large":"https:\/\/images.epagine.fr\/141\/9782702209141_1_75.jpg","medium":"https:\/\/images.epagine.fr\/141\/9782702209141_1_m.jpg","thumbnail":"https:\/\/images.epagine.fr\/141\/9782702209141_1_v.jpg"},"orderable":true,"show_badge":true,"formatted_price":"19,30&nbsp;\u20ac","formatted_published_date":"11 mars 2010","publisher_availability_label":"Sur commande","short_details":"Philippe Bazin, Collectif \u2014 Cercle D'Art","translator":null,"weight":436,"page_count":144,"readership":"Tout public","editor":"Cercle D'Art","price":1930,"published_date":"2010-03-10T23:00:00.000000Z","support":"Grand format","publisher_availability":1,"stock":0,"editions":[],"url":"https:\/\/quaidesbrumes.com\/ouvrage\/9782702209141\/long-sejour"},{"id":"9782702209479","title":"Bernard No\u00ebl ; politique du corps","description":"Ce deuxi\u00e8me volume de la collection \"Figure\" des editions A (co\u00e9dit\u00e9 par le Cercle d'art) est consacre \u00e0 Bernard No\u00ebl. Nous f\u00eaterons ainsi son 80eme anniversaire.\r\nBernard No\u00ebl est l'un des grands po\u00e8tes fran\u00e7ais contemporains, mais aussi l'auteur de romans, de pi\u00e8ces de theatre, d'essais sur la peinture et sur ce qu'il appelle \"la sensure\", cette castration mentale plus incidieuse que la censure. Celle-ci am\u00e8ne l'homme \u00e0 glisser vers l'acceptation servile.\r\nIl denonce la privation de sens et le corps exploite, gave d'images devenues produits de consommation. Son engagement : restaurer \"le corps du poeme\" - la vie - m\u00eame.\r","authors":["Collectif"],"category_codes":["6000000","6070000","6070200"],"visuals":{"large":"https:\/\/images.epagine.fr\/479\/9782702209479_1_75.jpg","medium":"https:\/\/images.epagine.fr\/479\/9782702209479_1_m.jpg","thumbnail":"https:\/\/images.epagine.fr\/479\/9782702209479_1_v.jpg"},"orderable":true,"show_badge":true,"formatted_price":"19,30&nbsp;\u20ac","formatted_published_date":"18 novembre 2010","publisher_availability_label":"Sur commande","short_details":"Collectif \u2014 Cercle D'Art","translator":null,"weight":314,"page_count":152,"readership":null,"editor":"Cercle D'Art","price":1930,"published_date":"2010-11-17T23:00:00.000000Z","support":"Grand format","publisher_availability":1,"stock":0,"editions":[],"url":"https:\/\/quaidesbrumes.com\/ouvrage\/9782702209479\/bernard-noel-politique-du-corps"},{"id":"9788886178488","title":"I gatti fotografie","description":null,"authors":["Mario De biasi"],"category_codes":["6000000","6070000","6070200"],"visuals":{"large":"https:\/\/images.epagine.fr\/488\/9788886178488_1_75.jpg","medium":"https:\/\/images.epagine.fr\/488\/9788886178488_1_m.jpg","thumbnail":"https:\/\/images.epagine.fr\/488\/9788886178488_1_v.jpg"},"orderable":true,"show_badge":true,"formatted_price":"12,70&nbsp;\u20ac","formatted_published_date":"6 avril 2008","publisher_availability_label":"Sur commande","short_details":"Mario De biasi \u2014 Nuages","translator":null,"weight":189,"page_count":54,"readership":null,"editor":"Nuages","price":1270,"published_date":"2008-04-05T22:00:00.000000Z","support":"Grand format","publisher_availability":1,"stock":0,"editions":[],"url":"https:\/\/quaidesbrumes.com\/ouvrage\/9788886178488\/i-gatti-fotografie"},{"id":"9782952922838","title":"Les oubli\u00e9s du pipeline","description":"LES OUBLI\u00c9S DU PIPELINE, un travail photographique r\u00e9alis\u00e9 en 2006 sur les communaut\u00e9s de d\u00e9plac\u00e9s des conflits du Caucase et d'Anatolie des ann\u00e9es 90, le long de l'ol\u00e9oduc BTC (Bakou-Tbilisi-Ceyhan), deuxi\u00e8me ol\u00e9oduc au monde, \u00e0 travers l'Azerba\u00efdjan, la G\u00e9orgie et la Turquie, des rives de la Mer Caspienne \u00e0 la Mer M\u00e9diterran\u00e9e. \r\nLe pipeline n'est pas visible. Il est sous terre, s\u00e9curit\u00e9 oblige. \u00c0 la surface, dans un d\u00e9cor de banqueroute sovi\u00e9tique, la situation des 600 000 d\u00e9plac\u00e9s du Haut Karabagh en Azerba\u00efdjan, des 250 000 d\u00e9plac\u00e9s d'Abkhazie en G\u00e9orgie, et des centaines de milliers de d\u00e9plac\u00e9s kurdes en Turquie empire de jour en jour. 15 ans apr\u00e8s la fin des conflits, les familles attendent leur sort dans des h\u00f4tels abandonn\u00e9s, dans des camps de r\u00e9fugi\u00e9s, dans des villages d\u00e9truits. Les retrait\u00e9s finissent leurs jours dans des wagons \u00e0 marchandises, les enfants naissent r\u00e9fugi\u00e9s et ne s'int\u00e8grent pas. Ils vivent isol\u00e9s, entretenus dans leur r\u00eave illusoire d'un retour au pays. Ils sont otages de conflits non r\u00e9gl\u00e9s. Le coup de projecteur m\u00e9diatique autour de l'inauguration du BTC ne soul\u00e8vera pourtant que peu d'int\u00e9r\u00eat pour cette situation. M\u00eame les ONG ne sont plus sur le terrain pour soulager, manque de financements. La logique \u00e9conomique est impitoyable.\r\nLe monde a besoin de carburant. Alors que le p\u00e9trole coule silencieusement dans le ventre du pipeline BTC, \u00e0 la surface plusieurs centaines de milliers de personnes sombrent dans l'oubli.\r","authors":["Gr\u00e9goire Eloy"],"category_codes":["6000000","6070000","6070200"],"visuals":{"large":"https:\/\/images.epagine.fr\/838\/9782952922838_1_75.jpg","medium":"https:\/\/images.epagine.fr\/838\/9782952922838_1_m.jpg","thumbnail":"https:\/\/images.epagine.fr\/838\/9782952922838_1_v.jpg"},"orderable":true,"show_badge":true,"formatted_price":"30,00&nbsp;\u20ac","formatted_published_date":"28 avril 2008","publisher_availability_label":"Sur commande","short_details":"Gr\u00e9goire Eloy \u2014 IMAGES PLURIELLES","translator":null,"weight":900,"page_count":144,"readership":null,"editor":"IMAGES PLURIELLES","price":3000,"published_date":"2008-04-27T22:00:00.000000Z","support":"Beaux-livres","publisher_availability":1,"stock":0,"editions":[],"url":"https:\/\/quaidesbrumes.com\/ouvrage\/9782952922838\/les-oublies-du-pipeline"},{"id":"9782702209370","title":"Sidsel Ramson ; une odyss\u00e9e photographique ; a photographic odyssey","description":"Avec la photo, le don est chaque fois d\u00e9finitif. Le souhait imm\u00e9morial de permanence (on n'ose dire d'immortalit\u00e9) est exauc\u00e9. Du pass\u00e9 non spoli\u00e9, la photo fait un \u00e9ternel pr\u00e9sent. Nous voici avec Sidsel Ramson dans le haut P\u00e9rou Quechoua, les ruines de l'empire inca. A Jerusalem avec les Falachas soudain sortis de l'oubli, ou avec les juifs pieux qui persistent \u00e0 vivre, eux, comme hors de l'histoire. Avec Sidsel, comme avec tous les photographes qui ne se contentent pas de la simple objectivit\u00e9, les images dans leur \u00e9tat d\u00e9finitif sont marqu \u00e9es par la sensibilit\u00e9 personnelle et par son imagination. Comme le peintre, Sidsel Ramson \u00e9labore ses photos jusqu'\u00e0 ce qu'elles lui semblent achev\u00e9es dans les d\u00e9tails comme dans la composition.\r","authors":["Jean-clarence Lambert"],"category_codes":["6000000","6070000","6070200"],"visuals":{"large":"https:\/\/images.epagine.fr\/370\/9782702209370_1_75.jpg","medium":"https:\/\/images.epagine.fr\/370\/9782702209370_1_m.jpg","thumbnail":"https:\/\/images.epagine.fr\/370\/9782702209370_1_v.jpg"},"orderable":true,"show_badge":true,"formatted_price":"60,91&nbsp;\u20ac","formatted_published_date":"10 f\u00e9vrier 2011","publisher_availability_label":"Sur commande","short_details":"Jean-clarence Lambert \u2014 Cercle D'Art","translator":null,"weight":2930,"page_count":362,"readership":null,"editor":"Cercle D'Art","price":6091,"published_date":"2011-02-09T23:00:00.000000Z","support":"Grand format","publisher_availability":1,"stock":0,"editions":[],"url":"https:\/\/quaidesbrumes.com\/ouvrage\/9782702209370\/sidsel-ramson-une-odyssee-photographique-a-photographic-odyssey"},{"id":"9782916355139","title":"Cin\u00e9ma","description":"\" le ne suis pas un photographe, je suis un cin\u00e9aste rat\u00e9 \"\r\n\r","authors":["Xavier Lambours"],"category_codes":["6000000","6070000","6070300"],"visuals":{"large":"https:\/\/images.epagine.fr\/139\/9782916355139_1_75.jpg","medium":"https:\/\/images.epagine.fr\/139\/9782916355139_1_m.jpg","thumbnail":"https:\/\/images.epagine.fr\/139\/9782916355139_1_v.jpg"},"orderable":true,"show_badge":true,"formatted_price":"45,70&nbsp;\u20ac","formatted_published_date":"10 mai 2007","publisher_availability_label":"Sur commande","short_details":"Xavier Lambours \u2014 INTERVALLES","translator":null,"weight":1722,"page_count":224,"readership":null,"editor":"INTERVALLES","price":4570,"published_date":"2007-05-09T22:00:00.000000Z","support":"Grand format","publisher_availability":1,"stock":0,"editions":[],"url":"https:\/\/quaidesbrumes.com\/ouvrage\/9782916355139\/cinema"},{"id":"9782951725836","title":"La coquille au coeur ; la shell","description":"Au travers de portraits \u00e9crits et photographiques, au travers de courtes biographies, de comptes rendus de parcours personnels, de voyages en images sur le site, ses lieux communs et ses recoins, les auteurs ont \u00e0 coeur de faire ressortir ce qu'il y a d'essentiel : la relation que les \u00eatres entretiennent avec l'entreprise. Comment ils la vivent, de quelle fa\u00e7on ils s'en nourrissent, en quoi, par quoi, elle laisse sur eux des traces ind\u00e9l\u00e9biles.\r","authors":["Abed Abidat","Martine Montegrandi"],"category_codes":["6000000","6070000","6070200"],"visuals":{"large":"https:\/\/images.epagine.fr\/836\/9782951725836_1_75.jpg","medium":"https:\/\/images.epagine.fr\/836\/9782951725836_1_m.jpg","thumbnail":"https:\/\/images.epagine.fr\/836\/9782951725836_1_v.jpg"},"orderable":true,"show_badge":true,"formatted_price":"32,00&nbsp;\u20ac","formatted_published_date":"15 novembre 2005","publisher_availability_label":"Sur commande","short_details":"Abed Abidat, Martine Montegrandi \u2014 IMAGES PLURIELLES","translator":null,"weight":1350,"page_count":174,"readership":null,"editor":"IMAGES PLURIELLES","price":3200,"published_date":"2005-11-14T23:00:00.000000Z","support":"Beaux-livres","publisher_availability":1,"stock":0,"editions":[],"url":"https:\/\/quaidesbrumes.com\/ouvrage\/9782951725836\/la-coquille-au-coeur-la-shell"},{"id":"9782919507283","title":"Les arpenteurs","description":"Depuis 1989, le paysage constitue un des \u00e9l\u00e9ments importants des pr\u00e9occupations d'Anne Favret et Patrick Manez, le paysage comme la trace visible d'un monde en perp\u00e9tuel renouvellement.\r\nCela faisait longtemps qu'ils cherchaient \u00e0 travailler autour de l'id\u00e9e d'utopie.\r\n\u00ab Les Arpenteurs \u00bb pr\u00e9sente leur travail r\u00e9alis\u00e9 \u00e0 l'observatoire du plateau de Calern, situ\u00e9 sur les hauteurs de Nice. Hors du temps, ce plateau calcaire aride et vallonn\u00e9 est travers\u00e9 de chambres souterraines qui parfois en fa\u00e7onnent la surface sous forme de dolines. Dans cet espace unique, un petit village de chercheurs s'est \u00e9tabli, o\u00f9 vingt-cinq personnes construisent elles-m\u00eames leurs propres outils de travail, capables de produire du savoir comme des objets. Combin\u00e9e \u00e0 la sp\u00e9cificit\u00e9 g\u00e9ologique du site, la diversit\u00e9 des b\u00e2timents rencontr\u00e9s - monuments \u00e0 l'aspect futuriste et baraques en t\u00f4le - conf\u00e8re \u00e0 l'endroit, o\u00f9 semble vivre une civilisation isol\u00e9e, un caract\u00e8re particulier. Les vestiges des hommes se m\u00ealent aux constructions de la nature et le plateau para\u00eet baigner dans une autarcie qui incite au d\u00e9veloppement de l'imaginaire.\r\nDe ce lieu dans lequel ils se sont immerg\u00e9s plusieurs ann\u00e9es, les deux photographes font \u00e9merger leur vision d'une utopie contemporaine, rejoignant la conception de Moore, pour qui l'utopie est un non-lieu, une soci\u00e9t\u00e9 coup\u00e9e du monde, \u00e9tablie dans un espace \u00e0 la g\u00e9ographie imaginaire. Pour cr\u00e9er cet univers particulier, ils se sont ainsi int\u00e9gr\u00e9s dans le quotidien de la station de recherche, comme ils l'expliquent eux-m\u00eames : \u00ab depuis plusieurs ann\u00e9es, semaine apr\u00e8s semaine, nous nous sommes immerg\u00e9s dans la vie de l'Observatoire, \u00e9changeant avec l'ensemble des \u00e9quipes, accompagnant les \u00e9v\u00e9nements du site, travaillant au rythme des saisons sur les diff\u00e9rentes activit\u00e9s de Calern \u00bb. Ils ont ainsi pu capter l'\u00e9volution des saisons, dont l'encha\u00eenement anarchique contribue \u00e0 extraire le lieu de toute temporalit\u00e9. Cette impression est renforc\u00e9e par la luminosit\u00e9 particuli\u00e8re des images, qui ne permet pas de situer la sc\u00e8ne \u00e0 un moment pr\u00e9cis de la journ\u00e9e.\r\nLe lieu de la recherche scientifique et de la production de savoir devient ainsi un lieu de l'imaginaire, une \u00eele utopique isol\u00e9e sur son plateau, qui sert de d\u00e9cor aux photographes pour la r\u00e9alisation de leur r\u00e9cit. L'ouvrage devient lui-m\u00eame un nouvel espace, celui du conte construit par Favret et Manez.\r","authors":["Anne Favret","Patrick Manez","Michel Poivert"],"category_codes":["6000000","6070000","6070200"],"visuals":{"large":"https:\/\/images.epagine.fr\/283\/9782919507283_1_75.jpg","medium":"https:\/\/images.epagine.fr\/283\/9782919507283_1_m.jpg","thumbnail":"https:\/\/images.epagine.fr\/283\/9782919507283_1_v.jpg"},"orderable":true,"show_badge":true,"formatted_price":"35,00&nbsp;\u20ac","formatted_published_date":"23 septembre 2014","publisher_availability_label":"Sur commande","short_details":"Anne Favret, Patrick Manez, Michel Poivert \u2014 LOCO","translator":null,"weight":650,"page_count":80,"readership":null,"editor":"LOCO","price":3500,"published_date":"2014-09-22T22:00:00.000000Z","support":"Grand format","publisher_availability":1,"stock":0,"editions":[],"url":"https:\/\/quaidesbrumes.com\/ouvrage\/9782919507283\/les-arpenteurs"},{"id":"9782919507368","title":"Pierre Jahan ; \u00e0 l'ombre des rois, lumi\u00e8res et jeux de la photographie","description":"Dans l'oeuvre photographique de Pierre Jahan (1909-2003), c'est l'ombre qui se propose comme guide op\u00e9rant, permettant de traverser l'\u00e9clectisme de sa production artistique.\r\nPhotographe, mais aussi illustrateur, dessinateur, peintre, contemporain de Sougez, Ronis, Doisneau mais aussi de Vigneau, Kert\u00e9sz, Landau, Steiner..., membre du groupe Rectangle puis de celui des XV, et repr\u00e9sentant - pas toujours reconnu \u00e0 sa juste place - de ce qu'est la photographie : un art du passage, un art de la travers\u00e9e, mais aussi un art des \u00e9carts, un art o\u00f9 l'ombre peut \u00eatre la muse d'un regard autre, la preuve d'une attention singuli\u00e8re \u00e0 un \u00e9tat de vie, \u00e0 un \u00e9tat d'\u00e2me, \u00e0 un \u00e9tat de fait...\r\nEt ce sont justement ces diff\u00e9rents \u00ab \u00e9tats \u00bb qui inclinent \u00e0 la diversit\u00e9 des photographies de Jahan allant de la s\u00e9rie de l'Herbier surr\u00e9aliste (1947) \u00e0 celle des \u00e9tranges Poup\u00e9es (1942-45), des \u00c9tudes de nus (1945-49) aux reportages sur La vie Bateli\u00e8re (1938), ou le Paris [qui] chante sa nuit (1945)... aux travaux d'\u00e9ditions (Le D\u00e9vot Christ (1934), La mort et les statues (1941-42), Les Gisants de Saint-Denis (1948), ou d'illustrations publicitaires (parfums Piguet, cristallerie Daum et arts de la table Christofle, laboratoires pharmaceutiques mais aussi Renault, Citro\u00ebn...).\r\nCette monographie reprend les grands ensembles que Pierre Jahan a r\u00e9alis\u00e9s au cours de sa carri\u00e8re :\r\n- les Gisants de la Basilique Saint-Denis, - la s\u00e9rie des nus de Plain-Chant, - la s\u00e9rie La Mort et les Statues, - Paris chante sa nuit, - les puces, - la vie b\u00e2teli\u00e8re, - la po\u00e9sie du rail, - le travail du verre, - les \u00e9tudes publicitaires, - les oeuvres surr\u00e9alistes, - l'exposition surr\u00e9aliste de 1938 (images in\u00e9dites), - etc.\r\nEt vient combler un manque \u00e9ditorial sur le travail de ce photographe historique.\r","authors":["Mich\u00e8le Chomette","Michelle D\u00e9bat","Jean Ristat"],"category_codes":["6000000","6070000","6070200"],"visuals":{"large":"https:\/\/images.epagine.fr\/368\/9782919507368_1_75.jpg","medium":"https:\/\/images.epagine.fr\/368\/9782919507368_1_m.jpg","thumbnail":"https:\/\/images.epagine.fr\/368\/9782919507368_1_v.jpg"},"orderable":true,"show_badge":true,"formatted_price":"24,00&nbsp;\u20ac","formatted_published_date":"4 d\u00e9cembre 2014","publisher_availability_label":"Sur commande","short_details":"Mich\u00e8le Chomette, Michelle D\u00e9bat, Jean Ristat \u2014 LOCO","translator":null,"weight":720,"page_count":120,"readership":null,"editor":"LOCO","price":2400,"published_date":"2014-12-03T23:00:00.000000Z","support":"Grand format","publisher_availability":1,"stock":0,"editions":[],"url":"https:\/\/quaidesbrumes.com\/ouvrage\/9782919507368\/pierre-jahan-a-lombre-des-rois-lumieres-et-jeux-de-la-photographie"},{"id":"9781911300519","title":"Call of the blue","description":"The 300 spectacular photographs in Call of the Blue are the culmination of a five-year project by photographer and ocean conservationist Philip Hamilton to witness and photograph marine life around the world. This groundbreaking and inspirational book showcases contributions from acclaimed scientists and notable ocean 'guardians' who share their lives, passions and exploits on, in or under the ocean and reveal what drove them to answer the call of the blue.\r","authors":["Philip Hamilton"],"category_codes":["6000000","6070000","6070200","6070205"],"visuals":{"large":"https:\/\/images.epagine.fr\/519\/9781911300519_1_75.jpg","medium":"https:\/\/images.epagine.fr\/519\/9781911300519_1_m.jpg","thumbnail":"https:\/\/images.epagine.fr\/519\/9781911300519_1_v.jpg"},"orderable":true,"show_badge":true,"formatted_price":"68,00&nbsp;\u20ac","formatted_published_date":"6 d\u00e9cembre 2018","publisher_availability_label":"Sur commande","short_details":"Philip Hamilton \u2014 Paul Holberton","translator":null,"weight":3535,"page_count":320,"readership":null,"editor":"Paul Holberton","price":6800,"published_date":"2018-12-05T23:00:00.000000Z","support":"Grand format","publisher_availability":1,"stock":0,"editions":[],"url":"https:\/\/quaidesbrumes.com\/ouvrage\/9781911300519\/call-of-the-blue"},{"id":"9782738446923","title":"Ma vie en cin\u00e9ma ; ou les annees du bonheur","description":"Depuis 1942, o\u00f9 elle \u00e9pouse \u00e0 vingt ans un critique de cin\u00e9ma, fondateur des premiers cin\u00e9-clubs scolaires, Genevi\u00e8ve Agel n'a pas quitt\u00e9 l'univers du septi\u00e8me art. Ce sont ses souvenirs de cin\u00e9phile qu'elle \u00e9gr\u00e8ne ici.","authors":["Genevi\u00e8ve Agel"],"category_codes":["6000000","6070000","6070300"],"visuals":{"large":"https:\/\/images.epagine.fr\/923\/9782738446923_1_75.jpg","medium":"https:\/\/images.epagine.fr\/923\/9782738446923_1_m.jpg","thumbnail":"https:\/\/images.epagine.fr\/923\/9782738446923_1_v.jpg"},"orderable":true,"show_badge":true,"formatted_price":"21,00&nbsp;\u20ac","formatted_published_date":"6 mars 1997","publisher_availability_label":"Sur commande","short_details":"Genevi\u00e8ve Agel \u2014 \u00c9ditions L'Harmattan","translator":null,"weight":250,"page_count":200,"readership":null,"editor":"\u00c9ditions L'Harmattan","price":2100,"published_date":"1997-03-05T23:00:00.000000Z","support":"Grand format","publisher_availability":1,"stock":0,"editions":[],"url":"https:\/\/quaidesbrumes.com\/ouvrage\/9782738446923\/ma-vie-en-cinema-ou-les-annees-du-bonheur"},{"id":"9782917829769","title":"Nouveau manifeste du naturalisme int\u00e9gral","description":null,"authors":["Claude Mollard","Frans Krajcberg"],"category_codes":["6000000","6070000","6070200"],"visuals":{"large":"https:\/\/images.epagine.fr\/769\/9782917829769_1_75.jpg","medium":"https:\/\/images.epagine.fr\/769\/9782917829769_1_m.jpg","thumbnail":"https:\/\/images.epagine.fr\/769\/9782917829769_1_v.jpg"},"orderable":true,"show_badge":true,"formatted_price":"25,00&nbsp;\u20ac","formatted_published_date":"21 mars 2013","publisher_availability_label":"Sur commande","short_details":"Claude Mollard, Frans Krajcberg \u2014 Criteres","translator":null,"weight":560,"page_count":120,"readership":null,"editor":"Criteres","price":2500,"published_date":"2013-03-20T23:00:00.000000Z","support":"Grand format","publisher_availability":1,"stock":0,"editions":[],"url":"https:\/\/quaidesbrumes.com\/ouvrage\/9782917829769\/nouveau-manifeste-du-naturalisme-integral"},{"id":"9782760560246","title":"Aux marges de l'archivistique : Exploitation des archives et cin\u00e9ma de r\u00e9emploi","description":"Le cin\u00e9ma de r\u00e9emploi repr\u00e9sente un ensemble de pratiques qui a pour principale caract\u00e9ristique la r\u00e9utilisation d'images en mouvement. Jouant sur les registres de la r\u00e9appropriation, du d\u00e9tournement ou encore de la d\u00e9composition, le r\u00e9emploi met au d\u00e9fi notre perception esth\u00e9tique, technique et politique du cin\u00e9ma, mais aussi la mani\u00e8re dont il est pr\u00e9serv\u00e9.\r\n\r\nLes cin\u00e9astes identifient souvent le mat\u00e9riel r\u00e9employ\u00e9 comme \u00ab?archive(s)?\u00bb, sans pour autant qu'il corresponde \u00e0 la d\u00e9finition archivistique de la notion. Ce faisant, ils et elles ouvrent un nouvel espace pour penser les archives autrement, en marge de l'archivistique traditionnelle.\r\n\r\nCet ouvrage propose d'interroger ces pratiques dans ce qu'elles peuvent nous apprendre sur les archives et la mani\u00e8re dont les archivistes les per\u00e7oivent et les construisent. Il prend pour objet transversal l'archivistique qu\u00e9b\u00e9coise dans une perspective interdisciplinaire. Au moyen de l'exploitation des archives, c'est-\u00e0-dire leurs usages et leurs usages potentiels, il s'agit de mettre en \u00e9vidence des modalit\u00e9s peu \u00e9tudi\u00e9es des archives?: l'absence, qui rel\u00e8ve de la lacune, du fragment et de l'incompl\u00e9tude?; l'interdit, qui se manifeste dans les archives comme traces mat\u00e9rielles?; l'invisible, qui participe de ce qui ne se montre pas. Ces trois dimensions peuvent \u00eatre comprises comme autant de manifestations d'un impens\u00e9 archivistique, un \u00e9tat de la discipline qui refl\u00e8te l'inconcevabilit\u00e9 ou l'omission, volontaire ou non, de certains de ses aspects th\u00e9oriques ou pratiques. C'est en investissant l'impens\u00e9, en \u00e9tudiant l'archivistique \u00e0 partir des pratiques en marge, qu'il est possible de renouveler les discours sur la discipline.\r\n\r\nAux marges de l'archivistique int\u00e9ressera un public universitaire, tant pour l'enseignement que la recherche, qui se penche sur les questions li\u00e9es \u00e0 la notion d'archive(s), \u00e0 l'archivistique, aux \u00e9tudes cin\u00e9matographiques, et aux \u00e9tudes culturelles de mani\u00e8re plus large.","authors":["Anna\u00eblle Winand"],"category_codes":["6000000","6070000","6070300","6070304"],"visuals":{"large":"https:\/\/images.epagine.fr\/246\/9782760560246_1_75.jpg","medium":"https:\/\/images.epagine.fr\/246\/9782760560246_1_m.jpg","thumbnail":"https:\/\/images.epagine.fr\/246\/9782760560246_1_v.jpg"},"orderable":true,"show_badge":true,"formatted_price":"37,00&nbsp;\u20ac","formatted_published_date":"2 janvier 2025","publisher_availability_label":"Sur commande","short_details":"Anna\u00eblle Winand \u2014 PU DE QUEBEC","translator":null,"weight":438,"page_count":312,"readership":null,"editor":"PU DE QUEBEC","price":3700,"published_date":"2025-01-01T23:00:00.000000Z","support":"Grand format","publisher_availability":1,"stock":0,"editions":[],"url":"https:\/\/quaidesbrumes.com\/ouvrage\/9782760560246\/aux-marges-de-larchivistique-exploitation-des-archives-et-cinema-de-reemploi"},{"id":"9788862086349","title":"Gavin watson oh! the fun we had","description":"Oh! What Fun We Had donne corps et forme \u00e0 la jeunesse de la classe ouvri\u00e8re britannique de la fin des ann\u00e9es 1970 - milieu des ann\u00e9es 1980 et \u00e0 l?\u00e9mergence de la culture Skinhead. Gavin Watson, d\u00e9j\u00e0 auteur des livres Skins (1994) et Skins & Punks (2008), r\u00e9v\u00e8le dans cette nouvelle monographie un imaginaire subversif et rebelle ainsi que des aspects intimes et ludiques de cette communaut\u00e9 particuli\u00e8re.\r","authors":["Watson Gavin"],"category_codes":["6000000","6070000","6070200"],"visuals":{"large":"https:\/\/images.epagine.fr\/349\/9788862086349_1_75.jpg","medium":"https:\/\/images.epagine.fr\/349\/9788862086349_1_m.jpg","thumbnail":"https:\/\/images.epagine.fr\/349\/9788862086349_1_v.jpg"},"orderable":true,"show_badge":true,"formatted_price":"34,00&nbsp;\u20ac","formatted_published_date":"10 avril 2019","publisher_availability_label":"Sur commande","short_details":"Watson Gavin \u2014 Damiani","translator":null,"weight":1350,"page_count":176,"readership":null,"editor":"Damiani","price":3400,"published_date":"2019-04-09T22:00:00.000000Z","support":"Grand format","publisher_availability":1,"stock":0,"editions":[],"url":"https:\/\/quaidesbrumes.com\/ouvrage\/9788862086349\/gavin-watson-oh-the-fun-we-had"}]}