{"data":[{"id":"9782753528710","title":"Les histoires de Ren\u00e9 Allio","description":"Pour la premi\u00e8re fois, un livre retrace toutes les histoires de Ren\u00e9 Allio. Des documents largement in\u00e9dits sont pr\u00e9sent\u00e9s par des chercheurs de divers horizons. Des photographies, affiches, tableaux se m\u00ealent aux textes de l'artiste, aux notices sur ses r\u00e9alisations et aux t\u00e9moignages de ses partenaires et proches collaborateurs. \u00c0 travers les multiples facettes du cr\u00e9ateur, l'ouvrage d\u00e9voile un itin\u00e9raire esth\u00e9tique, politique et intellectuel d'une grande exigence.\r\n\r\nPubli\u00e9 avec le soutien du conseil scientifique de l'universit\u00e9 Paris 1 et de l'IMEC.\r","authors":["Sylvie Lindeperg","Myriam Tsikounas","Marguerite Vappereau"],"category_codes":["6000000","6070000","6070300"],"visuals":{"large":"https:\/\/images.epagine.fr\/710\/9782753528710_1_75.jpg","medium":"https:\/\/images.epagine.fr\/710\/9782753528710_1_m.jpg","thumbnail":"https:\/\/images.epagine.fr\/710\/9782753528710_1_v.jpg"},"orderable":true,"show_badge":true,"formatted_price":"24,00&nbsp;\u20ac","formatted_published_date":"18 novembre 2013","publisher_availability_label":"Sur commande","short_details":"Sylvie Lindeperg, Myriam Tsikounas, Marguerite Vappereau \u2014 Presse Universitaire de Rennes","translator":null,"weight":690,"page_count":328,"readership":null,"editor":"Presse Universitaire de Rennes","price":2400,"published_date":"2013-11-17T23:00:00.000000Z","support":"Grand format","publisher_availability":1,"stock":0,"editions":[],"url":"https:\/\/quaidesbrumes.com\/ouvrage\/9782753528710\/les-histoires-de-rene-allio"},{"id":"9782491129040","title":"Johnny rallyes","description":null,"authors":["Daniel Angeli"],"category_codes":["6000000","6070000","6070200"],"visuals":{"large":"https:\/\/images.epagine.fr\/040\/9782491129040_1_75.jpg","medium":"https:\/\/images.epagine.fr\/040\/9782491129040_1_m.jpg","thumbnail":"https:\/\/images.epagine.fr\/040\/9782491129040_1_v.jpg"},"orderable":true,"show_badge":true,"formatted_price":"29,90&nbsp;\u20ac","formatted_published_date":"30 mars 2020","publisher_availability_label":"Sur commande","short_details":"Daniel Angeli \u2014 Eternity","translator":null,"weight":500,"page_count":null,"readership":null,"editor":"Eternity","price":2990,"published_date":"2020-03-29T22:00:00.000000Z","support":"Grand format","publisher_availability":1,"stock":0,"editions":[],"url":"https:\/\/quaidesbrumes.com\/ouvrage\/9782491129040\/johnny-rallyes"},{"id":"9782753528581","title":"S'informer \u00e0 l'\u00e8re num\u00e9rique","description":"L'information num\u00e9rique contribue-t-elle \u00e0 une d\u00e9mocratisation du d\u00e9bat politique ? Cet ouvrage apporte un \u00e9clairage in\u00e9dit sur les pratiques informationnelles des Fran\u00e7ais \u00e0 l'\u00e8re du num\u00e9rique ainsi que sur des formes ordinaires de l'engagement dans la cit\u00e9, peu connues par rapport aux formes institutionnelles ou militantes de la politisation. Il met en exergue la continuit\u00e9 de certaines pratiques, mais aussi de r\u00e9elles inflexions, voire des ruptures.","authors":["Josiane Jou\u00ebt","R\u00e9my Rieffel"],"category_codes":["6000000","6070000","6070300"],"visuals":{"large":"https:\/\/images.epagine.fr\/581\/9782753528581_1_75.jpg","medium":"https:\/\/images.epagine.fr\/581\/9782753528581_1_m.jpg","thumbnail":"https:\/\/images.epagine.fr\/581\/9782753528581_1_v.jpg"},"orderable":true,"show_badge":true,"formatted_price":"17,00&nbsp;\u20ac","formatted_published_date":"2 d\u00e9cembre 2013","publisher_availability_label":"Sur commande","short_details":"Josiane Jou\u00ebt, R\u00e9my Rieffel \u2014 Presse Universitaire de Rennes","translator":null,"weight":350,"page_count":202,"readership":null,"editor":"Presse Universitaire de Rennes","price":1700,"published_date":"2013-12-01T23:00:00.000000Z","support":"Grand format","publisher_availability":1,"stock":0,"editions":[],"url":"https:\/\/quaidesbrumes.com\/ouvrage\/9782753528581\/sinformer-a-lere-numerique"},{"id":"9782753527935","title":"Pr\u00e9cis de photographie \u00e0 l'usage des sociologues","description":"Les derni\u00e8res ann\u00e9es ont vu se multiplier en France les initiatives visant \u00e0 discuter de l'int\u00e9r\u00eat des images dans les enqu\u00eates de sciences sociales. Beaucoup de ces d\u00e9bats ont port\u00e9 davantage sur des questions de principe (fiabilit\u00e9 des images, pertinence relative par rapport au texte, etc.) que sur la discussion d'exp\u00e9rimentations concr\u00e8tes. Dans le m\u00eame temps persiste une forme r\u00e9pandue de d\u00e9sint\u00e9r\u00eat, qui ressort par exemple \u00e0 la lecture des principaux manuels consacr\u00e9s \u00e0 l'observation en sociologie. \r\nA mesure que les images deviennent une partie int\u00e9grante et essentielle de la culture des jeunes g\u00e9n\u00e9rations, dans une soci\u00e9t\u00e9 elle-m\u00eame envahie par les images, l'imp\u00e9ratif se fait sentir d'entrer dans le vif du sujet en abordant les questions m\u00e9thodologiques et techniques afin de donner aux \u00e9tudiants de sociologie des outils pratiques pour utiliser les images avec \u00e0 propos et rigueur. Ce pr\u00e9cis de photographie se veut avant tout pratique, utile. \r\nIl vise \u00e0 montrer ce que l'on peut faire concr\u00e8tement avec un appareil photo dans le cadre d'enqu\u00eates sociologiques. A l'occasion, il fera des incursions dans d'autres sciences sociales (ethnologie, g\u00e9ographie...), mais aussi ponctuellement dans le domaine du film.\r","authors":["Sylvain Maresca"],"category_codes":["6000000","6070000","6070200","6070204"],"visuals":{"large":"https:\/\/images.epagine.fr\/935\/9782753527935_1_75.jpg","medium":"https:\/\/images.epagine.fr\/935\/9782753527935_1_m.jpg","thumbnail":"https:\/\/images.epagine.fr\/935\/9782753527935_1_v.jpg"},"orderable":true,"show_badge":true,"formatted_price":"10,00&nbsp;\u20ac","formatted_published_date":"17 octobre 2013","publisher_availability_label":"Sur commande","short_details":"Sylvain Maresca \u2014 Presse Universitaire de Rennes","translator":null,"weight":222,"page_count":112,"readership":null,"editor":"Presse Universitaire de Rennes","price":1000,"published_date":"2013-10-16T22:00:00.000000Z","support":"Grand format","publisher_availability":1,"stock":0,"editions":[],"url":"https:\/\/quaidesbrumes.com\/ouvrage\/9782753527935\/precis-de-photographie-a-lusage-des-sociologues"},{"id":"9782753534407","title":"Basculer dans le num\u00e9rique ; les mutations du m\u00e9tier de photographe","description":"Ce livre explore les retomb\u00e9es sociales, culturelles et \u00e9conomiques de la mutation num\u00e9rique de la photographie. Il le fait selon une approche ethnographique, \u00e0 partir de cas singuliers, \u00e0 travers les propos de repr\u00e9sentants de la profession, par des extraits d'articles ou d'interviews parus dans la presse. Au-del\u00e0 du milieu professionnel du photographe, cette enqu\u00eate \u00e9tablit des points de comparaison avec les incidences du num\u00e9rique dans d'autres professions cr\u00e9atives. Ces parall\u00e8les inspirent une conclusion sur ce que les transformations de ces professions pourraient bien annoncer dans le reste du monde du travail.\r\n\r\nAvec le soutien de l'universit\u00e9 de Nantes.\r","authors":["Sylvain Maresca"],"category_codes":["6000000","6070000","6070200"],"visuals":{"large":"https:\/\/images.epagine.fr\/407\/9782753534407_1_75.jpg","medium":"https:\/\/images.epagine.fr\/407\/9782753534407_1_m.jpg","thumbnail":"https:\/\/images.epagine.fr\/407\/9782753534407_1_v.jpg"},"orderable":true,"show_badge":true,"formatted_price":"16,00&nbsp;\u20ac","formatted_published_date":"23 octobre 2014","publisher_availability_label":"Sur commande","short_details":"Sylvain Maresca \u2014 Presse Universitaire de Rennes","translator":null,"weight":298,"page_count":190,"readership":null,"editor":"Presse Universitaire de Rennes","price":1600,"published_date":"2014-10-22T22:00:00.000000Z","support":"Grand format","publisher_availability":1,"stock":0,"editions":[],"url":"https:\/\/quaidesbrumes.com\/ouvrage\/9782753534407\/basculer-dans-le-numerique-les-mutations-du-metier-de-photographe"},{"id":"9782753541870","title":"La Licorne : cin\u00e9ma, litt\u00e9rature ; projections","description":"Dispositif cin\u00e9matographique ou dispositif psychique, les deux versants de la projection ont en commun d'\u00eatre des m\u00e9canismes qui mettent en jeu un travail de d\u00e9formation autant destin\u00e9 \u00e0 faire voir qu'\u00e0 opacifier et faire \u00e9cran. Le cin\u00e9ma s'av\u00e8re alors surface o\u00f9 s'inscrivent les traumas inassimilables auxquels la projection donne forme visible selon le mod\u00e8le de la figurabilit\u00e9 inconsciente. Voil\u00e0 qui esquisse les contours d'un nouveau chantier interdisciplinaire dont cet ouvrage donne les premi\u00e8res cl\u00e9s de compr\u00e9hension.\r","authors":["Marie Martin"],"category_codes":["6000000","6070000","6070300","6070304"],"visuals":{"large":"https:\/\/images.epagine.fr\/870\/9782753541870_1_75.jpg","medium":"https:\/\/images.epagine.fr\/870\/9782753541870_1_m.jpg","thumbnail":"https:\/\/images.epagine.fr\/870\/9782753541870_1_v.jpg"},"orderable":true,"show_badge":true,"formatted_price":"18,00&nbsp;\u20ac","formatted_published_date":"27 ao\u00fbt 2015","publisher_availability_label":"Sur commande","short_details":"Marie Martin \u2014 Presse Universitaire de Rennes","translator":null,"weight":294,"page_count":210,"readership":null,"editor":"Presse Universitaire de Rennes","price":1800,"published_date":"2015-08-26T22:00:00.000000Z","support":"Grand format","publisher_availability":1,"stock":0,"editions":[],"url":"https:\/\/quaidesbrumes.com\/ouvrage\/9782753541870\/la-licorne-cinema-litterature-projections"},{"id":"9782753543034","title":"Inventer un regard ; Rennes et la Bretagne \u00e0 travers les collections de la Soci\u00e9t\u00e9 photographique de Rennes, 1890-1976","description":"La collection de la Soci\u00e9t\u00e9 photographique de Rennes nous permet de parcourir pr\u00e8s d'un si\u00e8cle de photographie durant lequel un regard n'a jamais cess\u00e9 de se r\u00e9inventer : celui d'amateurs partageant une m\u00eame passion au sein de l'une des plus anciennes soci\u00e9t\u00e9s photographiques de France. Avec plus d'une centaine de photographies in\u00e9dites, le lecteur part \u00e0 la rencontre des sujets qui ont attir\u00e9 ces photographes : capturer le quotidien de leurs contemporains, observer les multiples changements urbains de Rennes, t\u00e9moigner des \u00e9v\u00e9nements qui rythment la soci\u00e9t\u00e9 de leur \u00e9poque, l'histoire de leur ville et de la Bretagne.\r","authors":["Nathalie Boulouch","Louis Andre"],"category_codes":["6000000","6070000","6070200"],"visuals":{"large":"https:\/\/images.epagine.fr\/034\/9782753543034_1_75.jpg","medium":"https:\/\/images.epagine.fr\/034\/9782753543034_1_m.jpg","thumbnail":"https:\/\/images.epagine.fr\/034\/9782753543034_1_v.jpg"},"orderable":true,"show_badge":true,"formatted_price":"22,00&nbsp;\u20ac","formatted_published_date":"13 novembre 2015","publisher_availability_label":"Sur commande","short_details":"Nathalie Boulouch, Louis Andre \u2014 Presse Universitaire de Rennes","translator":null,"weight":785,"page_count":128,"readership":null,"editor":"Presse Universitaire de Rennes","price":2200,"published_date":"2015-11-12T23:00:00.000000Z","support":"Grand format","publisher_availability":1,"stock":0,"editions":[],"url":"https:\/\/quaidesbrumes.com\/ouvrage\/9782753543034\/inventer-un-regard-rennes-et-la-bretagne-a-travers-les-collections-de-la-societe-photographique-de-rennes-1890-1976"},{"id":"9782356872098","title":"Fragments du monde : retour sur l'oeuvre de Michael Haneke","description":"Trois ans apr\u00e8s avoir obtenu une premi\u00e8re Palme d'Or pour Le ruban blanc, Michael Haneke est revenu au Festival de Cannes en 2012 pour pr\u00e9senter son nouveau film Amour et d\u00e9crocher une deuxi\u00e8me Palme d'Or, devenant ainsi le premier r\u00e9alisateur \u00e0 recevoir cette distinction pour deux films qui se suivent. A l'issue de la projection, on salue \u00e0 la quasi-unanimit\u00e9 la profonde humanit\u00e9 de ce nouveau chef-d'oeuvre. \r\n\r\nC'est une reconnaissance qui vient de loin. Car si au fil des ann\u00e9es, Michael Haneke s'est impos\u00e9 comme un cin\u00e9aste majeur dans le paysage cin\u00e9matographique, sa trajectoire ne doit rien \u00e0 la facilit\u00e9, des premi\u00e8res ann\u00e9es o\u00f9 il r\u00e9alise pour la t\u00e9l\u00e9vision allemande des t\u00e9l\u00e9films \u00e0 l'ambition toute cin\u00e9matographique aux scandales qui marquent la s\u00e9lection de ses films \u00e0 Cannes, avec le film Funny Games notamment, avant d'y \u00eatre r\u00e9compens\u00e9 en 2001 avec le prix d'interpr\u00e9tation pour ses deux interpr\u00e8tes principaux, Isabelle Huppert et Beno\u00eet Magimel dans La Pianiste. \r\n\r\nTrajectoire rectiligne mais ponctu\u00e9e de vigoureux d\u00e9bats esth\u00e9tiques et \u00e9thiques, sur lesquels revient le pr\u00e9sent ouvrage, qui r\u00e9unit des contributions de quelques-uns des plus grands sp\u00e9cialistes internationaux du cin\u00e9aste. Nous souhaitons collectivement d\u00e9finir le travail de Michael Haneke comme un portrait fragmentaire du monde contemporain, par l'\u00e9tude d'aspects particuliers de l'oeuvre, tant cin\u00e9matographique que t\u00e9l\u00e9visuelle (le jeu, la repr\u00e9sentation de l'Histoire, l'image, les rapports entre litt\u00e9rature et cin\u00e9ma...). \r\n\r\nCet ouvrage est compl\u00e9t\u00e9 par un long entretien, une v\u00e9ritable le\u00e7on de cin\u00e9ma accord\u00e9e par Michael Haneke \u00e0 l'auteur.\r","authors":["Collectif","Val\u00e9rie Carr\u00e9"],"category_codes":["6000000","6070000","6070300"],"visuals":{"large":"https:\/\/images.epagine.fr\/098\/9782356872098_1_75.jpg","medium":"https:\/\/images.epagine.fr\/098\/9782356872098_1_m.jpg","thumbnail":"https:\/\/images.epagine.fr\/098\/9782356872098_1_v.jpg"},"orderable":true,"show_badge":true,"formatted_price":"26,00&nbsp;\u20ac","formatted_published_date":"22 novembre 2012","publisher_availability_label":"Sur commande","short_details":"Collectif, Val\u00e9rie Carr\u00e9 \u2014 Le Bord de l'eau","translator":null,"weight":420,"page_count":288,"readership":null,"editor":"Le Bord de l'eau","price":2600,"published_date":"2012-11-21T23:00:00.000000Z","support":"Grand format","publisher_availability":1,"stock":0,"editions":[],"url":"https:\/\/quaidesbrumes.com\/ouvrage\/9782356872098\/fragments-du-monde-retour-sur-loeuvre-de-michael-haneke"},{"id":"9781614289975","title":"Ma Rainey's Black Bottom : The journey from stage to screen","description":"Featuring film stills, set photography, quotes from the cast and filmmakers, a Foreword by Wolfe, and an incisive text by award-winning author Samuel G. Freedman, this monograph takes readers behind the scenes and examines the making of Ma Rainey's Black Bottom as a celebration of August Wilson's life and work. Through interviews with Wolfe, Washington, Davis, and the rest of the film's cast and creative team, Freedman situates the making of this great film as the story of how a legacy is carried forward.","authors":["Samuel Freedman"],"category_codes":["6000000","6070000","6070300"],"visuals":{"large":"https:\/\/images.epagine.fr\/975\/9781614289975_1_75.jpg","medium":"https:\/\/images.epagine.fr\/975\/9781614289975_1_m.jpg","thumbnail":"https:\/\/images.epagine.fr\/975\/9781614289975_1_v.jpg"},"orderable":true,"show_badge":true,"formatted_price":"60,00&nbsp;\u20ac","formatted_published_date":"1er d\u00e9cembre 2020","publisher_availability_label":"Sur commande","short_details":"Samuel Freedman \u2014 Assouline","translator":null,"weight":1100,"page_count":176,"readership":null,"editor":"Assouline","price":6000,"published_date":"2020-11-30T23:00:00.000000Z","support":"Grand format","publisher_availability":1,"stock":0,"editions":[],"url":"https:\/\/quaidesbrumes.com\/ouvrage\/9781614289975\/ma-raineys-black-bottom-the-journey-from-stage-to-screen"},{"id":"9782866425760","title":"Eastwood on Eastwood","description":null,"authors":["Michael henry Wilson"],"category_codes":["6000000","6070000","6070300"],"visuals":{"large":"https:\/\/images.epagine.fr\/760\/9782866425760_1_75.jpg","medium":"https:\/\/images.epagine.fr\/760\/9782866425760_1_m.jpg","thumbnail":"https:\/\/images.epagine.fr\/760\/9782866425760_1_v.jpg"},"orderable":true,"show_badge":true,"formatted_price":"49,95&nbsp;\u20ac","formatted_published_date":"3 f\u00e9vrier 2011","publisher_availability_label":"Sur commande","short_details":"Michael henry Wilson \u2014 Phaidon Press","translator":null,"weight":1615,"page_count":200,"readership":null,"editor":"Phaidon Press","price":4995,"published_date":"2011-02-02T23:00:00.000000Z","support":"Grand format","publisher_availability":1,"stock":0,"editions":[],"url":"https:\/\/quaidesbrumes.com\/ouvrage\/9782866425760\/eastwood-on-eastwood"},{"id":"9782940516353","title":"PERAMA Je me souviens","description":"\u00abPERAMA Je me souviens\u00bb parle de la ville portuaire de Perama, une ville cr\u00e9e par les flux migratoires grecs, il y a une centaine d'ann\u00e9es, entre Ath\u00e8nes et Salamine, en bordure du Golfe Saronique, l\u00e0 o\u00f9 eut lieu la bataille de Salamine en 480 av. JC, et o\u00f9 l'empereur de Perse, des hauteurs de Perama, vit la d\u00e9faite de son immense flotte.","authors":["Marios Fournaris","Barbara Polla"],"category_codes":["6000000","6070000","6070200"],"visuals":{"large":"https:\/\/images.epagine.fr\/353\/9782940516353_1_75.jpg","medium":"https:\/\/images.epagine.fr\/353\/9782940516353_1_m.jpg","thumbnail":"https:\/\/images.epagine.fr\/353\/9782940516353_1_v.jpg"},"orderable":true,"show_badge":true,"formatted_price":"30,00&nbsp;\u20ac","formatted_published_date":"10 avril 2025","publisher_availability_label":"Sur commande","short_details":"Marios Fournaris, Barbara Polla \u2014 Bsn Press","translator":null,"weight":786,"page_count":136,"readership":null,"editor":"Bsn Press","price":3000,"published_date":"2025-04-09T22:00:00.000000Z","support":"Grand format","publisher_availability":1,"stock":0,"editions":[],"url":"https:\/\/quaidesbrumes.com\/ouvrage\/9782940516353\/perama-je-me-souviens"},{"id":"9782753594814","title":"Telle une \u00e9preuve : \u00e9tudiants face \u00e0 la pand\u00e9mie, regard photographique","description":"Fruit d'une r\u00e9sidence artistique de six mois \u00e0 l'universit\u00e9 d'Angers, ce livre propose le regard du photographe Marc Loyon sur l'\u00e9preuve du confinement v\u00e9cue par les \u00e9tudiant\u00b7es.Telle une \u00e9preuve est le r\u00e9sultat d'un travail de recherche qui se place \u00e0 la crois\u00e9e des chemins entre photographie et sciences humaines.La vision de l'artiste se nourrit d'\u00e9changes avec les \u00e9tudiants mais aussi avec Claudine Combier, chercheuse ayant travaill\u00e9 sur l'impact de la crise sanitaire sur les jeunes.","authors":["Marc Loyon"],"category_codes":["6000000","6070000","6070200"],"visuals":{"large":"https:\/\/images.epagine.fr\/814\/9782753594814_1_75.jpg","medium":"https:\/\/images.epagine.fr\/814\/9782753594814_1_m.jpg","thumbnail":"https:\/\/images.epagine.fr\/814\/9782753594814_1_v.jpg"},"orderable":true,"show_badge":true,"formatted_price":"29,00&nbsp;\u20ac","formatted_published_date":"26 octobre 2023","publisher_availability_label":"Sur commande","short_details":"Marc Loyon \u2014 Presse Universitaire de Rennes","translator":null,"weight":656,"page_count":136,"readership":null,"editor":"Presse Universitaire de Rennes","price":2900,"published_date":"2023-10-25T22:00:00.000000Z","support":"Grand format","publisher_availability":1,"stock":0,"editions":[],"url":"https:\/\/quaidesbrumes.com\/ouvrage\/9782753594814\/telle-une-epreuve-etudiants-face-a-la-pandemie-regard-photographique"},{"id":"9781649803160","title":"Rustin: A film by George C. Wolfe","description":"Rustin: A Film by George C. Wolfe sheds light on Bayard Rustin, the unsung hero behind the 1963 March on Washington, directed by George C. Wolfe and featuring Colman Domingo. Rustin, a fearless activist, challenged authority without apology and made history, only to be forgotten. The film, produced by Bruce Cohen and supported by a star-studded cast including Chris Rock and Audra McDonald, captures Rustin's journey alongside civil rights giants. The book, guided by Thulani Davis, provides an in-depth behind-the-scenes glimpse, delving into the real-life heroes who inspired the civil rights movement. Accompanied by visuals and contributions from George C. Wolfe, Michelle Obama, and Walter Naegle, Rustin's partner, the title pays homage to a remarkable filmmaker, a committed cast and crew, and a man who bravely stood for what is right.","authors":["Thulani Davis"],"category_codes":["6000000","6070000","6070300","6070305"],"visuals":{"large":"https:\/\/images.epagine.fr\/160\/9781649803160_1_75.jpg","medium":"https:\/\/images.epagine.fr\/160\/9781649803160_1_m.jpg","thumbnail":"https:\/\/images.epagine.fr\/160\/9781649803160_1_v.jpg"},"orderable":true,"show_badge":true,"formatted_price":"120,00&nbsp;\u20ac","formatted_published_date":"24 novembre 2023","publisher_availability_label":"Sur commande","short_details":"Thulani Davis \u2014 Assouline","translator":null,"weight":1800,"page_count":240,"readership":null,"editor":"Assouline","price":12000,"published_date":"2023-11-23T23:00:00.000000Z","support":"Grand format","publisher_availability":1,"stock":0,"editions":[],"url":"https:\/\/quaidesbrumes.com\/ouvrage\/9781649803160\/rustin-a-film-by-george-c-wolfe"},{"id":"9781649802828","title":"Francis Bacon by Francis Giacobetti","description":"From late 1991 to early 1992, shortly before his death, Irish-British painter Francis Bacon participated in rare interviews and sittings with French photographer Francis Giacobetti. Giacobetti captured eerie images inspired by Bacon's unsettling works. These photos, along with previously unreleased Bacon paintings, were exhibited in June 2003 at Marlborough Gallery in London. This volume presents the photographs and excerpts from their conversations, offering an intimate portrait of the disconcerting artist.","authors":["Francis Giacobetti"],"category_codes":["6000000","6070000","6070200","6070205"],"visuals":{"large":"https:\/\/images.epagine.fr\/828\/9781649802828_1_75.jpg","medium":"https:\/\/images.epagine.fr\/828\/9781649802828_1_m.jpg","thumbnail":"https:\/\/images.epagine.fr\/828\/9781649802828_1_v.jpg"},"orderable":true,"show_badge":true,"formatted_price":"250,00&nbsp;\u20ac","formatted_published_date":"14 juin 2024","publisher_availability_label":"Sur commande","short_details":"Francis Giacobetti \u2014 Assouline","translator":null,"weight":6100,"page_count":264,"readership":null,"editor":"Assouline","price":25000,"published_date":"2024-06-13T22:00:00.000000Z","support":"Grand format","publisher_availability":1,"stock":0,"editions":[],"url":"https:\/\/quaidesbrumes.com\/ouvrage\/9781649802828\/francis-bacon-by-francis-giacobetti"},{"id":"9791092165487","title":"L'Intelligence Artificielle au coeur du cin\u00e9ma et de l'Audiovisuel","description":"Un ouvrage visionnaire \u00e0 la crois\u00e9e des mondes.\r\nL'Intelligence Artificielle au Coeur du Cin\u00e9ma et de l'Audiovisuel se pr\u00e9sente comme une exploration approfondie de la r\u00e9volution technologique qui transforme actuellement l'industrie cin\u00e9matographique. Son auteur, fort d'une exp\u00e9rience unique \u00e0 la fronti\u00e8re de deux univers, les studios d'Hollywood et les laboratoires d'innovation de la Silicon Valley, offre un regard privil\u00e9gi\u00e9 sur cette m\u00e9tamorphose.\r\nCe livre, destin\u00e9 \u00e0 devenir un vade-mecum indispensable, cartographie avec pr\u00e9cision les multiples fa\u00e7ons dont l'IA bouleverse chaque \u00e9tape de la cr\u00e9ation audiovisuelle. De l'analyse pr\u00e9dictive des sc\u00e9narios \u00e0 la g\u00e9n\u00e9ration d'effets visuels, en passant par la r\u00e9volution du casting virtuel et les plateaux de tournage intelligents, l'auteur d\u00e9cortique les technologies \u00e9mergentes et leurs applications concr\u00e8tes.","authors":["Bernard Coat"],"category_codes":["6000000","6070000","6070300"],"visuals":{"large":"https:\/\/images.epagine.fr\/487\/9791092165487_1_75.jpg","medium":"https:\/\/images.epagine.fr\/487\/9791092165487_1_m.jpg","thumbnail":"https:\/\/images.epagine.fr\/487\/9791092165487_1_v.jpg"},"orderable":true,"show_badge":true,"formatted_price":"24,50&nbsp;\u20ac","formatted_published_date":"4 avril 2025","publisher_availability_label":"Sur commande","short_details":"Bernard Coat \u2014 BERNARD COAT","translator":null,"weight":226,"page_count":180,"readership":null,"editor":"BERNARD COAT","price":2450,"published_date":"2025-04-03T22:00:00.000000Z","support":"Grand format","publisher_availability":1,"stock":0,"editions":[],"url":"https:\/\/quaidesbrumes.com\/ouvrage\/9791092165487\/lintelligence-artificielle-au-coeur-du-cinema-et-de-laudiovisuel"},{"id":"9782753529052","title":"L'assignation de genre dans les m\u00e9dias ; attentes, perturbations, reconfigurations","description":"Comment les identit\u00e9s de genre contrevenant aux st\u00e9r\u00e9otypes traditionnels sont elles m\u00e9diatis\u00e9es ? Comment les m\u00e9dias travaillent-ils \u00e0 partir d'assignations genr\u00e9es pr\u00e9-construites ? Si les m\u00e9dias peinent \u00e0 \u00e9voquer les identit\u00e9s qui contreviennent aux assignations genr\u00e9es traditionnelles, leur traitement r\u00e9v\u00e8le un certain nombre d'ambivalences, de paradoxes, voire de contradictions. Trois m\u00e9canismes essentiels sont \u00e9tudi\u00e9s : les attentes envers le genre, leur perturbation, mais \u00e9galement la reconfiguration des r\u00f4les sociaux. Les diff\u00e9rentes recherches propos\u00e9es au lecteur viennent \u00e9clairer les enjeux de pouvoir \u00e9conomiques, sociaux et symboliques qui travaillent les discours m\u00e9diatiques.\r\n\r\nAvec le soutien de l'universit\u00e9 Rennes 1.","authors":["B\u00e9atrice Damian-Gaillard","Sandy Monta\u00f1ola","Aur\u00e9lie Olivesi"],"category_codes":["6000000","6070000","6070300"],"visuals":{"large":"https:\/\/images.epagine.fr\/052\/9782753529052_1_75.jpg","medium":"https:\/\/images.epagine.fr\/052\/9782753529052_1_m.jpg","thumbnail":"https:\/\/images.epagine.fr\/052\/9782753529052_1_v.jpg"},"orderable":true,"show_badge":true,"formatted_price":"16,00&nbsp;\u20ac","formatted_published_date":"6 f\u00e9vrier 2014","publisher_availability_label":"Sur commande","short_details":"B\u00e9atrice Damian-Gaillard, Sandy Monta\u00f1ola, Aur\u00e9lie Olivesi \u2014 Presse Universitaire de Rennes","translator":null,"weight":272,"page_count":154,"readership":null,"editor":"Presse Universitaire de Rennes","price":1600,"published_date":"2014-02-05T23:00:00.000000Z","support":"Grand format","publisher_availability":1,"stock":0,"editions":[],"url":"https:\/\/quaidesbrumes.com\/ouvrage\/9782753529052\/lassignation-de-genre-dans-les-medias-attentes-perturbations-reconfigurations"},{"id":"9782708981591","title":"Georges Ancely, photographe toulousain","description":null,"authors":["Jean Penent"],"category_codes":["6000000","6070000","6070200"],"visuals":{"large":"https:\/\/images.epagine.fr\/591\/9782708981591_1_75.jpg","medium":"https:\/\/images.epagine.fr\/591\/9782708981591_1_m.jpg","thumbnail":"https:\/\/images.epagine.fr\/591\/9782708981591_1_v.jpg"},"orderable":true,"show_badge":true,"formatted_price":"26,40&nbsp;\u20ac","formatted_published_date":"25 f\u00e9vrier 2011","publisher_availability_label":"Sur commande","short_details":"Jean Penent \u2014 Privat","translator":null,"weight":873,"page_count":null,"readership":null,"editor":"Privat","price":2640,"published_date":"2011-02-24T23:00:00.000000Z","support":"Grand format","publisher_availability":1,"stock":0,"editions":[],"url":"https:\/\/quaidesbrumes.com\/ouvrage\/9782708981591\/georges-ancely-photographe-toulousain"},{"id":"9782753512740","title":"Les managers \u00e0 l'\u00e9cran ; enqu\u00eate sur une image d\u00e9concertante","description":"Cette enqu\u00eate est un parcours dans les rapports hi\u00e9rarchiques et l'autorit\u00e9 manag\u00e9riale montr\u00e9s au cin\u00e9ma. Elle est bas\u00e9e sur des allers-retours entre la repr\u00e9sentation de l'id\u00e9e dans un m\u00e9dia de masse et les textes des th\u00e9oriciens. Au-del\u00e0 de l'\u00e9paisseur historique apport\u00e9e \u00e0 la notion de management, l'auteur propose un mod\u00e8le th\u00e9orique renouvel\u00e9 du manager.","authors":["Eve Lamendour"],"category_codes":["6000000","6070000","6070300"],"visuals":{"large":"https:\/\/images.epagine.fr\/740\/9782753512740_1_75.jpg","medium":"https:\/\/images.epagine.fr\/740\/9782753512740_1_m.jpg","thumbnail":"https:\/\/images.epagine.fr\/740\/9782753512740_1_v.jpg"},"orderable":true,"show_badge":true,"formatted_price":"19,00&nbsp;\u20ac","formatted_published_date":"23 novembre 2012","publisher_availability_label":"Sur commande","short_details":"Eve Lamendour \u2014 Presse Universitaire de Rennes","translator":null,"weight":508,"page_count":368,"readership":null,"editor":"Presse Universitaire de Rennes","price":1900,"published_date":"2012-11-22T23:00:00.000000Z","support":"Grand format","publisher_availability":1,"stock":0,"editions":[],"url":"https:\/\/quaidesbrumes.com\/ouvrage\/9782753512740\/les-managers-a-lecran-enquete-sur-une-image-deconcertante"},{"id":"9782753548961","title":"Perle noire ; le photobook litt\u00e9raire","description":"Perle noire est la premi\u00e8re \u00e9tude compl\u00e8te du photobook litt\u00e9raire. Il en \u00e9tudie l'\u00e9mergence et les contours. Il analyse la technique qui a favoris\u00e9 son essor et met en relief ses enjeux po\u00e9tiques et esth\u00e9tiques. Il comble ainsi une lacune notable dans le champ critique de la photolitt\u00e9rature. Une chronologie de l'illustration, une riche iconographie (250 reproductions) et un r\u00e9pertoire critique de la photolitt\u00e9rature qui compl\u00e8te celui de Soleil noir. Photographie et litt\u00e9rature, t\u00e9moignent de l'ampleur de ce ph\u00e9nom\u00e8ne aussi riche que m\u00e9connu.\r","authors":["Edwards Paul"],"category_codes":["6000000","6070000","6070200"],"visuals":{"large":"https:\/\/images.epagine.fr\/961\/9782753548961_1_75.jpg","medium":"https:\/\/images.epagine.fr\/961\/9782753548961_1_m.jpg","thumbnail":"https:\/\/images.epagine.fr\/961\/9782753548961_1_v.jpg"},"orderable":true,"show_badge":true,"formatted_price":"32,00&nbsp;\u20ac","formatted_published_date":"26 mai 2016","publisher_availability_label":"Sur commande","short_details":"Edwards Paul \u2014 Presse Universitaire de Rennes","translator":null,"weight":1719,"page_count":348,"readership":null,"editor":"Presse Universitaire de Rennes","price":3200,"published_date":"2016-05-25T22:00:00.000000Z","support":"Grand format","publisher_availability":1,"stock":0,"editions":[],"url":"https:\/\/quaidesbrumes.com\/ouvrage\/9782753548961\/perle-noire-le-photobook-litteraire"},{"id":"9782753533905","title":"Le cin\u00e9ma irlandais ; une expression postcoloniale europ\u00e9enne","description":"Combinant une approche contextuelle, historique avec une vision synth\u00e9tique et analytique, ce livre vise \u00e0 d\u00e9velopper le champ de recherche sur le cin\u00e9ma irlandais aupr\u00e8s d'un lectorat fran\u00e7ais. L'Irlande a cette particularit\u00e9 europ\u00e9enne d'\u00eatre rest\u00e9e une colonie britannique jusque bien apr\u00e8s l'invention du cin\u00e9ma. La (re)construction culturelle du pays s'est par cons\u00e9quent exprim\u00e9e tant par des repr\u00e9sentations filmiques postcoloniales, en particulier sur le conflit anglo-irlandais, que par une r\u00e9ception des films t\u00e9moignant de pr\u00e9occupations identitaires issues du postcolonialisme.\r\n\r\nAvec le soutien de l'universit\u00e9 de Bretagne occidentale, HCTI 4249.\r","authors":["Isabelle Le Corff"],"category_codes":["6000000","6070000","6070300"],"visuals":{"large":"https:\/\/images.epagine.fr\/905\/9782753533905_1_75.jpg","medium":"https:\/\/images.epagine.fr\/905\/9782753533905_1_m.jpg","thumbnail":"https:\/\/images.epagine.fr\/905\/9782753533905_1_v.jpg"},"orderable":true,"show_badge":true,"formatted_price":"19,00&nbsp;\u20ac","formatted_published_date":"30 octobre 2014","publisher_availability_label":"Sur commande","short_details":"Isabelle Le Corff \u2014 Presse Universitaire de Rennes","translator":null,"weight":433,"page_count":256,"readership":null,"editor":"Presse Universitaire de Rennes","price":1900,"published_date":"2014-10-29T23:00:00.000000Z","support":"Grand format","publisher_availability":1,"stock":0,"editions":[],"url":"https:\/\/quaidesbrumes.com\/ouvrage\/9782753533905\/le-cinema-irlandais-une-expression-postcoloniale-europeenne"},{"id":"9782753539617","title":"La figure de Charlot et ses avatars","description":"\u00c9crit par des auteurs fran\u00e7ais, belges, anglais et am\u00e9ricains, \u00e0 la renomm\u00e9e internationale, ce livre offre une r\u00e9flexion originale sur les aspects connus et moins connus de Charlie Chaplin. Il met en lumi\u00e8re la dimension universelle du personnage de Charlot et sa modernit\u00e9, figure embl\u00e9matique qui r\u00e9appara\u00eet sous d'autres formes dans la litt\u00e9rature, le cin\u00e9ma et les arts du XXe et du XXIe si\u00e8cles.\r\n \r\nAvec le soutien de l'universit\u00e9 d'Angers.\r","authors":["Morgane Jourdren","Pierre-marie Loizeau"],"category_codes":["6000000","6070000","6070300"],"visuals":{"large":"https:\/\/images.epagine.fr\/617\/9782753539617_1_75.jpg","medium":"https:\/\/images.epagine.fr\/617\/9782753539617_1_m.jpg","thumbnail":"https:\/\/images.epagine.fr\/617\/9782753539617_1_v.jpg"},"orderable":true,"show_badge":true,"formatted_price":"16,00&nbsp;\u20ac","formatted_published_date":"4 mai 2015","publisher_availability_label":"Sur commande","short_details":"Morgane Jourdren, Pierre-marie Loizeau \u2014 Presse Universitaire de Rennes","translator":null,"weight":366,"page_count":226,"readership":null,"editor":"Presse Universitaire de Rennes","price":1600,"published_date":"2015-05-03T22:00:00.000000Z","support":"Grand format","publisher_availability":1,"stock":0,"editions":[],"url":"https:\/\/quaidesbrumes.com\/ouvrage\/9782753539617\/la-figure-de-charlot-et-ses-avatars"},{"id":"9782868478917","title":"Musique et images au cin\u00e9ma","description":"Quelle est l'influence de la musique sur la perception des images anim\u00e9es ? Que devient la musique quand elle n'est plus qu'un \u00e9l\u00e9ment parmi d'autres dans cet ensemble synth\u00e9tique et temporel qu'est le film ? Cette double question est \u00e0 l'origine de l'ouvrage, qui confronte des analyses de musicologues et de th\u00e9oriciens du cin\u00e9ma, de philosophes et de cin\u00e9astes.\r\nLieu unique de rencontre entre la musique populaire et la musique savante, le cin\u00e9ma permet d'associer dans le m\u00eame mouvement les amples partitions orchestrales de Max Steiner et les ritournelles de Carlos d'Alessio, le Leitmotiv ent\u00eatant de In the Mood for Love et le rock'n roll de Lost Highway, la musicalit\u00e9 joyeuse du cin\u00e9ma de Jacques Tati et les recherches exigeantes de Jean-Luc Godard. \u00c9couter les films pour mieux les voir, les voir pour mieux les \u00e9couter : tel est le but que se sont fix\u00e9, sans pr\u00e9jug\u00e9s, les auteurs de ces \u00e9tudes.\r","authors":["Pierre-Henry Frangne","Gilles Mou\u00ebllic"],"category_codes":["6000000","6070000","6070300"],"visuals":{"large":"https:\/\/images.epagine.fr\/917\/9782868478917_1_75.jpg","medium":"https:\/\/images.epagine.fr\/917\/9782868478917_1_m.jpg","thumbnail":"https:\/\/images.epagine.fr\/917\/9782868478917_1_v.jpg"},"orderable":true,"show_badge":true,"formatted_price":"17,00&nbsp;\u20ac","formatted_published_date":"11 d\u00e9cembre 2003","publisher_availability_label":"Sur commande","short_details":"Pierre-Henry Frangne, Gilles Mou\u00ebllic \u2014 Presse Universitaire de Rennes","translator":null,"weight":516,"page_count":258,"readership":null,"editor":"Presse Universitaire de Rennes","price":1700,"published_date":"2003-12-10T23:00:00.000000Z","support":"Grand format","publisher_availability":1,"stock":0,"editions":[],"url":"https:\/\/quaidesbrumes.com\/ouvrage\/9782868478917\/musique-et-images-au-cinema"},{"id":"9782916862811","title":"Godard ; de Manon Lescaut \u00e0 Manon l'\u00e9cho","description":"Deux \u00e9crivains ont vu Livre d'image de Jean-Luc Godard. Ils ont chacun \u00e9crit \u00e0 son propos... Un \u00e9change s'en est suivi... Ils se sont \u00e9crits, ont \u00e9crits des proses en \u00e9chos \u00e0 celles de l'autre.\r\nAinsi, outre une \u00e9tude d'un genre libre sur ce film, il y est question de la filmographie de Godard, de son art, de questions politiques, \u00e9thiques et le montage de l'ouvrage se veut r\u00e9pondre \u00e0 la n\u00e9cessit\u00e9 de montage du cin\u00e9aste.\r","authors":["Philippe Blanchon","Jacques Sicard"],"category_codes":["6000000","6070000","6070300","6070306"],"visuals":{"large":"https:\/\/images.epagine.fr\/811\/9782916862811_1_75.jpg","medium":"https:\/\/images.epagine.fr\/811\/9782916862811_1_m.jpg","thumbnail":"https:\/\/images.epagine.fr\/811\/9782916862811_1_v.jpg"},"orderable":true,"show_badge":true,"formatted_price":"12,00&nbsp;\u20ac","formatted_published_date":"8 novembre 2019","publisher_availability_label":"Sur commande","short_details":"Philippe Blanchon, Jacques Sicard \u2014 La Nerthe Librairie","translator":null,"weight":105,"page_count":66,"readership":null,"editor":"La Nerthe Librairie","price":1200,"published_date":"2019-11-07T23:00:00.000000Z","support":"Grand format","publisher_availability":1,"stock":0,"editions":[],"url":"https:\/\/quaidesbrumes.com\/ouvrage\/9782916862811\/godard-de-manon-lescaut-a-manon-lecho"},{"id":"9782753580398","title":"La t\u00e9l\u00e9vision selon Alfred Hitchcock","description":"Tout un pan de l'oeuvre d'Alfred Hitchcock reste aujourd'hui encore assez largement ignor\u00e9 : l'ensemble de sa production pour la t\u00e9l\u00e9vision (principalement Alfred Hitchcock Presents et The Alfred Hitchcock Hour), soit quelque 370 \u00e9pisodes entre 1955 et 1965. Ce livre \u00e9tudie comment \u00e0 travers cette production intensive, Hitchcock a fait oeuvre de t\u00e9l\u00e9vision : une oeuvre inventive et sans \u00e9quivalent, travers\u00e9e par la conscience aigu\u00eb des potentialit\u00e9s du m\u00e9dia, de ses ressources esth\u00e9tiques comme de sa capacit\u00e9 \u00e0 r\u00e9fl\u00e9chir la r\u00e9alit\u00e9 de l'\u00e9poque.","authors":["Gilles Delavaud"],"category_codes":["6000000","6070000","6070300"],"visuals":{"large":"https:\/\/images.epagine.fr\/398\/9782753580398_1_75.jpg","medium":"https:\/\/images.epagine.fr\/398\/9782753580398_1_m.jpg","thumbnail":"https:\/\/images.epagine.fr\/398\/9782753580398_1_v.jpg"},"orderable":true,"show_badge":true,"formatted_price":"30,00&nbsp;\u20ac","formatted_published_date":"23 septembre 2021","publisher_availability_label":"Sur commande","short_details":"Gilles Delavaud \u2014 Presse Universitaire de Rennes","translator":null,"weight":600,"page_count":278,"readership":null,"editor":"Presse Universitaire de Rennes","price":3000,"published_date":"2021-09-22T22:00:00.000000Z","support":"Grand format","publisher_availability":1,"stock":0,"editions":[],"url":"https:\/\/quaidesbrumes.com\/ouvrage\/9782753580398\/la-television-selon-alfred-hitchcock"}]}