{"data":[{"id":"9782364300774","title":"Bouture de paroles","description":null,"authors":["Emmanuel Tjibaou"],"category_codes":["6000000","6070000","6070300","6070304"],"visuals":{"large":"https:\/\/images.epagine.fr\/774\/9782364300774_1_75.jpg","medium":"https:\/\/images.epagine.fr\/774\/9782364300774_1_m.jpg","thumbnail":"https:\/\/images.epagine.fr\/774\/9782364300774_1_v.jpg"},"orderable":true,"show_badge":true,"formatted_price":"9,90&nbsp;\u20ac","formatted_published_date":"19 mars 2025","publisher_availability_label":"Sur commande","short_details":"Emmanuel Tjibaou \u2014 Idem","translator":null,"weight":289,"page_count":70,"readership":"Tout public","editor":"Idem","price":990,"published_date":"2025-03-18T23:00:00.000000Z","support":"Grand format","publisher_availability":1,"stock":0,"editions":[],"url":"https:\/\/quaidesbrumes.com\/ouvrage\/9782364300774\/bouture-de-paroles"},{"id":"9782330002107","title":"Le chardon rouge ; voyage dans le nord Caucase","description":"Photoreporter depuis 1998, l'Italien Davide Monteleone est le laur\u00e9at 2011 du Prix du meilleur livre europ\u00e9en de photographie (European Publisher's Award for Photography) d\u00e9cern\u00e9 par cinq \u00e9diteurs europ\u00e9ens. N\u00e9 en 1974, il suit des \u00e9tudes d'ing\u00e9nieur, avant de s'installer aux \u00c9tats-Unis puis en Angleterre, pays dans lesquels il s'initie \u00e0 la photographie et au journalisme. En 2001, il s'\u00e9tablit \u00e0 Moscou o\u00f9 il devient correspondant de l'agence photographique Contrasto. Plusieurs fois r\u00e9compens\u00e9 par le prestigieux Word Press Photo, Davide Monteleone collabore r\u00e9guli\u00e8rement avec les grands magazines internationaux d'information tout en d\u00e9veloppant des travaux personnels de recherche et d'investigation.\r\nPopularis\u00e9 par Tolsto\u00ef dans son roman Hadji Mourat, le chardon rouge est, pour les pays du Caucase, la fleur qui symbolise m\u00e9taphoriquement la r\u00e9sistance et la t\u00e9nacit\u00e9.\r\nDepuis la premi\u00e8re guerre de pacification du Caucase. men\u00e9e par le tsar Nicolas Ier au xixe si\u00e8cle, jusqu'aux r\u00e9centes guerres tch\u00e9tch\u00e8nes conduites par l'arm\u00e9e russe, les pays et populations qui constituent cette vaste et riche r\u00e9gion du monde n'ont cess\u00e9 de conna\u00eetre invasions, conflits et d\u00e9chirements. Les \u00abr\u00e9publiques\u00bb.- anciennement rattach\u00e9es \u00e0 l'Union sovi\u00e9tique - qui s'\u00e9tendent de la mer Caspienne \u00e0 la mer Noire restent encore aujourd'hui marqu\u00e9es par une grande diversit\u00e9 ethnique, linguistique et religieuse. C'est parce qu'il s'est passionn\u00e9 pour l'histoire des peuples de ces pays montagneux, irrigu\u00e9s de multiples cultures, que le photographe a entrepris de dresser un portrait forc\u00e9ment parcellaire de la r\u00e9alit\u00e9 caucasienne contemporaine.\r\nParcourant pendant plusieurs ann\u00e9es la Tch\u00e9tch\u00e9nie, le Daguestan, la G\u00e9orgie, l'Oss\u00e9tie- du-Nord et l'Oss\u00e9tie-du-Sud (apr\u00e8s la guerre de l'\u00e9t\u00e9 2008), l'Abkhazie, et plus g\u00e9n\u00e9ralement le Nord Caucase, Davide Monteleone s'attache \u00e0 t\u00e9moigner de la vie particuli\u00e8re des populations qui composent ces ensembles nationaux fragiles et convoit\u00e9s. Son but n'est pas de rendre compte de la violence des conflits ou des exc\u00e8s des luttes de pouvoir, mais d'essayer de saisir la trame des jours que tissent, malgr\u00e9 de multiples difficult\u00e9s, les hommes et les femmes qu'il rencontre. Sous son objectif, une r\u00e9union familiale, une sc\u00e8ne de rue, un mariage, des portraits de femmes, d'enfants ou de soldats suffisent \u00e0 exprimer la complexit\u00e9 des existences contraintes de s'inventer un avenir dans des fronti\u00e8res et des identit\u00e9s que l'histoire r\u00e9cente a le plus souvent d\u00e9finies par la force. De ses images fortement construites se d\u00e9gage subrepticement le sentiment paradoxal d'une forme de proximit\u00e9 et d'intimit\u00e9 avec les personnes photographi\u00e9es, que d\u00e9nient parfois les aspects spectaculaires du photoreportage.","authors":["Davide Monteleone"],"category_codes":["6000000","6070000","6070200"],"visuals":{"large":"https:\/\/images.epagine.fr\/107\/9782330002107_1_75.jpg","medium":"https:\/\/images.epagine.fr\/107\/9782330002107_1_m.jpg","thumbnail":"https:\/\/images.epagine.fr\/107\/9782330002107_1_v.jpg"},"orderable":true,"show_badge":true,"formatted_price":"15,00&nbsp;\u20ac","formatted_published_date":"8 septembre 2012","publisher_availability_label":"Sur commande","short_details":"Davide Monteleone \u2014 Actes Sud","translator":null,"weight":676,"page_count":136,"readership":null,"editor":"Actes Sud","price":1500,"published_date":"2012-09-07T22:00:00.000000Z","support":"Grand format","publisher_availability":1,"stock":0,"editions":[],"url":"https:\/\/quaidesbrumes.com\/ouvrage\/9782330002107\/le-chardon-rouge-voyage-dans-le-nord-caucase"},{"id":"9782246397519","title":"L'amour en France","description":"Trois ans durant, Daniel Karlin et Tony Lain\u00e9 ont film\u00e9 des hommes et des femmes, des enfants, des h\u00e9t\u00e9rosexuels, des homosexuels, des gens qui s'aiment. Ainsi sont n\u00e9s, tout ensemble, une monumentale s\u00e9rie t\u00e9l\u00e9visuelle de dix heures trente minutes diffus\u00e9e par la Sept et Antenne 2 - et aussi ce livre, narration de tout ce qu'aucune cam\u00e9ra ne pourra jamais montrer : toutes les subjectivit\u00e9s, invisibles et silencieuses, l'\u00e9vocation des sc\u00e8nes jamais tourn\u00e9es ou de celles qui, tourn\u00e9es, ne seront finalement pas montr\u00e9es \u00e0 l'\u00e9cran. {L'Amour en France} est une formidable collection de portraits qui, tous r\u00e9unis, constituent la radiographie du coeur et du sexe des Fran\u00e7ais. Au fil des pages, c'est le vrai roman des cinquante derni\u00e8res ann\u00e9es qui s'\u00e9crit, o\u00f9 chacun de nous, pris individuellement, devient h\u00e9ros, nu et tremblant, impudique et touchant.","authors":["Tony Lain\u00e9","Daniel Karlin"],"category_codes":["6000000","6070000","6070300","6070304"],"visuals":{"large":"https:\/\/images.epagine.fr\/519\/9782246397519_1_75.jpg","medium":"https:\/\/images.epagine.fr\/519\/9782246397519_1_m.jpg","thumbnail":"https:\/\/images.epagine.fr\/519\/9782246397519_1_v.jpg"},"orderable":true,"show_badge":true,"formatted_price":"24,90&nbsp;\u20ac","formatted_published_date":"10 janvier 1990","publisher_availability_label":"Sur commande","short_details":"Tony Lain\u00e9, Daniel Karlin \u2014 \u00c9ditions Grasset","translator":null,"weight":509,"page_count":372,"readership":null,"editor":"\u00c9ditions Grasset","price":2490,"published_date":"1990-01-09T23:00:00.000000Z","support":"Grand format","publisher_availability":1,"stock":0,"editions":[],"url":"https:\/\/quaidesbrumes.com\/ouvrage\/9782246397519\/lamour-en-france"},{"id":"9782866420376","title":"Chroniques de cin\u00e9ma","description":"Roger leenhardt est le premier et l'un des plus \u00e9minents th\u00e9oriciens du cin\u00e9ma parlant.\r\n Il a inspir\u00e9 \u00e0 andr\u00e9 bazin, qui le tenait pour son ma\u00eetre, certaines de ses th\u00e8ses les plus importantes.  les cin\u00e9astes de la nouvelle vague ont reconnu en lui un exemple de lucidit\u00e9 critique et un auteur \u00e0 part enti\u00e8re.  roger leenhardt a r\u00e9alis\u00e9 deux longs m\u00e9trages - les derni\u00e8res vacances le rendez-vous de minuit -, et plus de cinquante courts m\u00e9trages.  ces \" chroniques de cin\u00e9ma \" rassemblent la plus grande partie de ses articles entre 1934 et 1972, parus dans esprit avant la guerre, et \u00e0 partir de la lib\u00e9ration dans l'ecran fran\u00e7ais, les lettres fran\u00e7aises, fontaine, les cahiers du cin\u00e9ma.\r\n Roger leenhardt est mort en d\u00e9cembre 1985, tandis qu'il travaillait \u00e0 l'\u00e9laboration de cet ouvrage.","authors":["Roger Leenhardt"],"category_codes":["6000000","6070000","6070300"],"visuals":{"large":"https:\/\/images.epagine.fr\/376\/9782866420376_1_75.jpg","medium":"https:\/\/images.epagine.fr\/376\/9782866420376_1_m.jpg","thumbnail":"https:\/\/images.epagine.fr\/376\/9782866420376_1_v.jpg"},"orderable":true,"show_badge":true,"formatted_price":"19,95&nbsp;\u20ac","formatted_published_date":"1er mars 1986","publisher_availability_label":"Sur commande","short_details":"Roger Leenhardt \u2014 Cahiers Du Cinema","translator":null,"weight":501,"page_count":null,"readership":null,"editor":"Cahiers Du Cinema","price":1995,"published_date":"1986-02-28T23:00:00.000000Z","support":"Grand format","publisher_availability":1,"stock":0,"editions":[],"url":"https:\/\/quaidesbrumes.com\/ouvrage\/9782866420376\/chroniques-de-cinema"},{"id":"9782804191405","title":"Architecture de l'information ; m\u00e9thodes, outils, enjeux","description":"Rep\u00e9rer l'information et l'organiser afin de garantir \u00e0 l'utilisateur d'une ressource web un acc\u00e8s intuitif et facile au contenu : voil\u00e0 la t\u00e2che des architectes de l'information. Avec illustrations et \u00e9tudes de cas. Support du Mooc - plateforme FUN.\r\nOn compte aujourd'hui plus d'un milliard de sites web et applications mobiles. Dans un environnement aussi comp\u00e9titif, la fid\u00e9lit\u00e9 de l'internaute \u00e0 une interface ou \u00e0 une ressource d\u00e9pend en grande partie de l'exp\u00e9rience de sa visite. C'est pourquoi le r\u00f4le de l'architecte de l'information est primordial : organiser les espaces informationnels, en particulier num\u00e9riques, afin de garantir \u00e0 l'utilisateur un acc\u00e8s facile et intuitif au contenu recherch\u00e9.Cela suppose une excellente connaissance du num\u00e9rique, de l'organisation de l'information, du design de l'exp\u00e9rience utilisateur, mais aussi un dialogue avec des m\u00e9tiers vari\u00e9s et une attention constante \u00e0 l'innovation.Premier manuel francophone sur le sujet, cet ouvrage aborde ces diff\u00e9rents aspects et pr\u00e9sente les principales approches et m\u00e9thodes de l'architecture de l'information, d\u00e9montant les logiques des syst\u00e8mes d'information contemporains.L'architecture de l'information fait \u00e9galement l'objet d'un Mooc international sur la plateforme France Universit\u00e9 Num\u00e9rique. Cet ouvrage en est le support.    Pour les professionnels ou \u00e9tudiants en num\u00e9rique (webmaster, community manager), en informatique (d\u00e9veloppeur web), en sciences de l'information (biblioth\u00e9caire, documentaliste, archiviste), en design et en marketing.","authors":["Beno\u00eet Habert","Jean-michel Salaun"],"category_codes":["6000000","6070000","6070300"],"visuals":{"large":"https:\/\/images.epagine.fr\/405\/9782804191405_1_75.jpg","medium":"https:\/\/images.epagine.fr\/405\/9782804191405_1_m.jpg","thumbnail":"https:\/\/images.epagine.fr\/405\/9782804191405_1_v.jpg"},"orderable":true,"show_badge":true,"formatted_price":"26,90&nbsp;\u20ac","formatted_published_date":"20 mai 2015","publisher_availability_label":"Sur commande","short_details":"Beno\u00eet Habert, Jean-michel Salaun \u2014 De Boeck Sup\u00e9rieur","translator":null,"weight":340,"page_count":206,"readership":null,"editor":"De Boeck Sup\u00e9rieur","price":2690,"published_date":"2015-05-19T22:00:00.000000Z","support":"Grand format","publisher_availability":1,"stock":0,"editions":[],"url":"https:\/\/quaidesbrumes.com\/ouvrage\/9782804191405\/architecture-de-linformation-methodes-outils-enjeux"},{"id":"9782369560432","title":"Tribus du monde","description":"Depuis 2009, Anne de Vandi\u00e8re voyage \u00e0 la rencontre des petits peuples de la Terre. Son approche humaniste, intime et singuli\u00e8re s'inscrit dans la continuit\u00e9 d'une d\u00e9marche artistique qui accorde \u00e0 la main, cet irrempla\u00e7able outil gr\u00e2ce auquel l'homme communique, cr\u00e9e, donne, se nourrit, se loge, s'habille, une place centrale. La photographe recueille au fil de ses voyages le t\u00e9moignage d'hommes, de femmes et d'enfants des tribus menac\u00e9es \u00e0 travers le monde et capte les gestes de ces mains, t\u00e9moins premiers de leur vie, leur histoire et leur culture. Chaque portrait est un tryptique : un visage, des mains, des mots.\r\nCe regard d\u00e9licat est pr\u00e9sent\u00e9 dans un ouvrage au papier doux comme la peau, aux noirs et blancs riches et profonds comme les bribes d'humanit\u00e9 capt\u00e9es par le regard sensible et l'objectif argentique d'Anne de Vandi\u00e8re.","authors":["Anne de Vandi\u00e8re"],"category_codes":["6000000","6070000","6070200"],"visuals":{"large":"https:\/\/images.epagine.fr\/432\/9782369560432_1_75.jpg","medium":"https:\/\/images.epagine.fr\/432\/9782369560432_1_m.jpg","thumbnail":"https:\/\/images.epagine.fr\/432\/9782369560432_1_v.jpg"},"orderable":true,"show_badge":true,"formatted_price":"140,00&nbsp;\u20ac","formatted_published_date":"8 novembre 2016","publisher_availability_label":"Sur commande","short_details":"Anne de Vandi\u00e8re \u2014 INTERVALLES","translator":null,"weight":114,"page_count":579,"readership":null,"editor":"INTERVALLES","price":14000,"published_date":"2016-11-07T23:00:00.000000Z","support":"Grand format","publisher_availability":1,"stock":0,"editions":[],"url":"https:\/\/quaidesbrumes.com\/ouvrage\/9782369560432\/tribus-du-monde"},{"id":"9782490704088","title":"Enigmes","description":null,"authors":["Bertrand Desprez"],"category_codes":["6000000","6070000","6070200","6070204"],"visuals":{"large":"https:\/\/images.epagine.fr\/088\/9782490704088_1_75.jpg","medium":"https:\/\/images.epagine.fr\/088\/9782490704088_1_m.jpg","thumbnail":"https:\/\/images.epagine.fr\/088\/9782490704088_1_v.jpg"},"orderable":true,"show_badge":true,"formatted_price":"14,50&nbsp;\u20ac","formatted_published_date":"6 juin 2022","publisher_availability_label":"Sur commande","short_details":"Bertrand Desprez \u2014 De L'Air Editions","translator":null,"weight":401,"page_count":null,"readership":null,"editor":"De L'Air Editions","price":1450,"published_date":"2022-06-05T22:00:00.000000Z","support":"Grand format","publisher_availability":1,"stock":0,"editions":[],"url":"https:\/\/quaidesbrumes.com\/ouvrage\/9782490704088\/enigmes"},{"id":"9783969993088","title":"Nicola Brandt : The distance within","description":"From German colonialism to the post-apartheid present, Brandt's photographs present new views of Namibia that intertwine its many histories\r\n\r\nFeaturing images and video stills made over more than a decade, The Distance Within reflects on photographer Nicola Brandt's (born 1983) German and Namibian ancestry and deconstructs certain established ways of seeing Namibia. Brandt traveled the country extensively, documenting landscapes and people, structures and encounters, to reveal ensnared histories of German colonialism, National Socialism and apartheid. Markers of these histories range from the ephemeral and private, such as a dilapidated mound of stones as a roadside memorial, to official sites of remembrance and resistance, particularly for colonial atrocities. Alongside her images, Brandt assembles texts by scholars in photography, postcolonial cultures, memory and genocide studies, as well as archival material, to understand enduring blind spots. The result is an intersectional argument in favor of reclaiming suppressed Indigenous stories and identities, undoing romantic notions of whiteness and, ultimately, illuminating what has not been visible.","authors":["Brandt Nicola"],"category_codes":["6000000","6070000","6070200","6070205"],"visuals":{"large":"https:\/\/images.epagine.fr\/088\/9783969993088_1_75.jpg","medium":"https:\/\/images.epagine.fr\/088\/9783969993088_1_m.jpg","thumbnail":"https:\/\/images.epagine.fr\/088\/9783969993088_1_v.jpg"},"orderable":true,"show_badge":true,"formatted_price":"75,00&nbsp;\u20ac","formatted_published_date":"18 mars 2025","publisher_availability_label":"Sur commande","short_details":"Brandt Nicola \u2014 Steidl","translator":null,"weight":1050,"page_count":392,"readership":null,"editor":"Steidl","price":7500,"published_date":"2025-03-17T23:00:00.000000Z","support":"Grand format","publisher_availability":1,"stock":0,"editions":[],"url":"https:\/\/quaidesbrumes.com\/ouvrage\/9783969993088\/nicola-brandt-the-distance-within"},{"id":"9782487344037","title":"Street photography france no 2","description":null,"authors":["Revue S P F."],"category_codes":["6000000","6070000","6070200"],"visuals":{"large":"https:\/\/images.epagine.fr\/037\/9782487344037_1_75.jpg","medium":"https:\/\/images.epagine.fr\/037\/9782487344037_1_m.jpg","thumbnail":"https:\/\/images.epagine.fr\/037\/9782487344037_1_v.jpg"},"orderable":true,"show_badge":true,"formatted_price":"37,00&nbsp;\u20ac","formatted_published_date":"1er janvier 2023","publisher_availability_label":"Sur commande","short_details":"Revue S P F. \u2014 Street Photo France","translator":null,"weight":487,"page_count":null,"readership":null,"editor":"Street Photo France","price":3700,"published_date":"2022-12-31T23:00:00.000000Z","support":"Grand format","publisher_availability":1,"stock":0,"editions":[],"url":"https:\/\/quaidesbrumes.com\/ouvrage\/9782487344037\/street-photography-france-no-2"},{"id":"9782858024193","title":"David Wark Griffith","description":"David Wark Griffith est apparu \u00e0 l'aube du cin\u00e9ma am\u00e9ricain et l'histoire du film s'est jou\u00e9e dans ses images.Trop peu d'\u00e9tudes \u00e9taient venues \u00e0 ce jour, en France, \u00e9clairer en profondeur les transformations d\u00e9cisives op\u00e9r\u00e9es par son oeuvre dans l'art cin\u00e9matographique. Sans \u00e9sot\u00e9risme, les textes rassembl\u00e9s dans ce livre font le point sur l'un des plus grands auteurs de cin\u00e9ma.","authors":["Jean Mottet"],"category_codes":["6000000","6070000","6070300"],"visuals":{"large":"https:\/\/images.epagine.fr\/193\/9782858024193_1_75.jpg","medium":"https:\/\/images.epagine.fr\/193\/9782858024193_1_m.jpg","thumbnail":"https:\/\/images.epagine.fr\/193\/9782858024193_1_v.jpg"},"orderable":true,"show_badge":true,"formatted_price":"36,00&nbsp;\u20ac","formatted_published_date":"1er d\u00e9cembre 2004","publisher_availability_label":"Sur commande","short_details":"Jean Mottet \u2014 \u00c9ditions L'Harmattan","translator":null,"weight":454,"page_count":336,"readership":null,"editor":"\u00c9ditions L'Harmattan","price":3600,"published_date":"2004-11-30T23:00:00.000000Z","support":"Grand format","publisher_availability":1,"stock":0,"editions":[],"url":"https:\/\/quaidesbrumes.com\/ouvrage\/9782858024193\/david-wark-griffith"},{"id":"9782492696015","title":"Le seuil","description":"\u00ab Le Seuil parle de la rencontre de l'\u00eatre humain avec le monde ext\u00e9rieur dans une situation d'isolement caus\u00e9e par une pathologie. Il aborde les rapports entre oubli\/m\u00e9moire, corps\/identit\u00e9 et traduit l'exp\u00e9rience d'une perception modifi\u00e9e de soi et du monde. Comment rendre compte de l'inqui\u00e9tante \u00e9tranget\u00e9 \u00e0 soi et au monde que la maladie m'a r\u00e9v\u00e9l\u00e9e ? Comment l'exp\u00e9rience v\u00e9cue influe-t-elle la perception et le regard ? En 2015, une tumeur c\u00e9r\u00e9brale m'est diagnostiqu\u00e9e suite \u00e0 une crise d'\u00e9pilepsie et au coma qui s'en est suivi. Confront\u00e9e \u00e0 un bouleversement des rapports \u00e0 ce corps devenu \u00e9tranger, cette pathologie a entra\u00een\u00e9 une remise en question de ma relation au monde et aux autres. Les images de ce projet ont \u00e9t\u00e9 r\u00e9alis\u00e9es entre 2015 et 2018 en France, principalement \u00e0 Marseille, apr\u00e8s une intervention chirurgicale, durant la p\u00e9riode d'hospitalisation et tout au long des traitements m\u00e9dicaux. Ce travail combine photographies, dessins et images scientifiques r\u00e9appropri\u00e9es.","authors":["Grubel Maude"],"category_codes":["6000000","6070000","6070200"],"visuals":{"large":"https:\/\/images.epagine.fr\/015\/9782492696015_1_75.jpg","medium":"https:\/\/images.epagine.fr\/015\/9782492696015_1_m.jpg","thumbnail":"https:\/\/images.epagine.fr\/015\/9782492696015_1_v.jpg"},"orderable":true,"show_badge":true,"formatted_price":"25,00&nbsp;\u20ac","formatted_published_date":"7 octobre 2021","publisher_availability_label":"Sur commande","short_details":"Grubel Maude \u2014 Andre Frere","translator":null,"weight":224,"page_count":80,"readership":null,"editor":"Andre Frere","price":2500,"published_date":"2021-10-06T22:00:00.000000Z","support":"Grand format","publisher_availability":1,"stock":0,"editions":[],"url":"https:\/\/quaidesbrumes.com\/ouvrage\/9782492696015\/le-seuil"},{"id":"9782952156967","title":"L'\u00e2ge d'or du costume \u00e0 la t\u00e9l\u00e9vision : de la RTF \u00e0 la SFP","description":"La T\u00e9l\u00e9vision Fran\u00e7aise alors appel\u00e9e Radio-Vision projette ses premi\u00e8res images dans les ann\u00e9es 1930. Il faudra attendre 1945 pour que celle-ci se d\u00e9veloppe r\u00e9ellement et propose \u00e0 la fois informations et premi\u00e8res dramatiques sur un espace horaire restreint. On ne connait pas encore la fa\u00e7on de s'y prendre alors tout est en direct comme au th\u00e9\u00e2tre et film\u00e9 avec d'\u00e9normes cam\u00e9ras bruyantes et intransportables. Si les informations sont contr\u00f4l\u00e9es de fa\u00e7on stricte, il n'en est rien des dramatiques. Aucun cin\u00e9aste n'est int\u00e9ress\u00e9 par ce nouveau support et laisse le champ libre \u00e0 de jeunes r\u00e9alisateurs frais \u00e9moulus de l'IDHEC qui s'y aventurent. Ils font leur les attentes du Conseil National de la R\u00e9sistance lequel pr\u00f4ne la culture pour tous. Les grands textes litt\u00e9raires sont adapt\u00e9s. Mais pour que la r\u00e9ussite soit totale, la pr\u00e9sence de cr\u00e9ateurs de costumes est indispensable. Ils vont traduire d'abord en maquettes puis en cr\u00e9ations les personnages. 15 d'entre eux qui ont marqu\u00e9 l'histoire de la t\u00e9l\u00e9vision ont racont\u00e9 leur parcours de la Radio T\u00e9l\u00e9vision Fran\u00e7aise \u00e0 la Soci\u00e9t\u00e9 Fran\u00e7aise de Production : les contraintes techniques et leurs \u00e9volutions, le passage du noir et blanc \u00e0 la couleur, \u00ab l'\u00e9cole \u00bb des Buttes-Chaumont, le travail avec les \u00e9quipes techniques dont les artisans d'art, l'impact du son, de la lumi\u00e8re. Une formidable d\u00e9monstration du travail collectif et du service public qui sut progressivement mobiliser des millions de t\u00e9l\u00e9spectateurs, cr\u00e9ant ainsi une m\u00e9moire commune - toute classe sociale confondue- de la seconde moiti\u00e9 du vingti\u00e8me si\u00e8cle. L'ouvrage aborde la fa\u00e7on de faire au gr\u00e9 du d\u00e9veloppement des savoirs et propose l'avis de chaque cr\u00e9ateurs : Christiane Coste, Claude Catulle, Monique Dunan, A-M Marchand, Yvonne Sassinot de Nesle, H\u00e9l\u00e8ne Martel, Josette Verrier, Jacqueline Vierny, Huguette Chasseloup, Pierre Cadot, M-T Respens, Lisele Roos, Michel Fresnay, Mick Bernard expliquent leur relation aux projets et aux diff\u00e9rents r\u00e9alisateurs avec qui ils ont travaill\u00e9.","authors":["Huguette Chasseloup","Sylvie Perault","Pierre Arditi"],"category_codes":["6000000","6070000","6070300"],"visuals":{"large":"https:\/\/images.epagine.fr\/967\/9782952156967_1_75.jpg","medium":"https:\/\/images.epagine.fr\/967\/9782952156967_1_m.jpg","thumbnail":"https:\/\/images.epagine.fr\/967\/9782952156967_1_v.jpg"},"orderable":true,"show_badge":true,"formatted_price":"40,00&nbsp;\u20ac","formatted_published_date":"31 mars 2025","publisher_availability_label":"Sur commande","short_details":"Huguette Chasseloup, Sylvie Perault, Pierre Arditi \u2014 Editions Du Jongleur","translator":null,"weight":1000,"page_count":230,"readership":"Tout public","editor":"Editions Du Jongleur","price":4000,"published_date":"2025-03-30T22:00:00.000000Z","support":"Grand format","publisher_availability":1,"stock":0,"editions":[],"url":"https:\/\/quaidesbrumes.com\/ouvrage\/9782952156967\/lage-dor-du-costume-a-la-television-de-la-rtf-a-la-sfp"},{"id":"9781836004066","title":"Pilgrimage","description":"Ten historic pilgrim routes of Western Europe, inspiration for today's long-distance walker.\r\n\r\nPilgrimage in Europe is thriving on a massive scale. In 1990 the cathedral at Santiago de Compostela recorded fewer than 5,000 pilgrims: today that figure is at least 200,000 a year. Author Derry Brabbs' previous book, Roads to Santiago, focused exclusively on the 'camino' through France and Spain to Santiago de Compostela; Pilgrimage revisits this classic route, and nine other inspirational journeys across Europe.\r\n\r\nWhether you're truly making a pilgrimage, exploring the world, or simply hiking, Pilgrimage will lead you along deeply historical routes like the 'Jakobsweg' in Germany, between Cologne and Trier. You'll find great walks in Britain and France, like St. Cuthbert's Way which winds around the Scottish Borders to the holy island of Lindisfarne, and the World Heritage Site of Mont-St-Michel built on the tiny island off the coast of Normandy.\r\n\r\nThe most notable addition to the rejuvenated era of pilgrimage is the Via Francigena, now a very well-established path through Switzerland and Italy. The Italian section begins on the bleak summit of the Great St Bernard Pass where a hospice still caters to the needs of passing pilgrims before heading down to Rome through some of Italy's most beguiling countryside interspersed with medieval hilltop towns and villages.\r\n\r\nAstounding photographs combine with an absorbing text that describes the history and key features of each route, as well as brief details of the distances and the number of days it takes to walk, and a list of websites to help plan your journey.\r\n","authors":["Derry Brabbs"],"category_codes":["6000000","6070000","6070200","6070205"],"visuals":{"large":"https:\/\/images.epagine.fr\/066\/9781836004066_1_75.jpg","medium":"https:\/\/images.epagine.fr\/066\/9781836004066_1_m.jpg","thumbnail":"https:\/\/images.epagine.fr\/066\/9781836004066_1_v.jpg"},"orderable":true,"show_badge":true,"formatted_price":"36,00&nbsp;\u20ac","formatted_published_date":"26 f\u00e9vrier 2025","publisher_availability_label":"Sur commande","short_details":"Derry Brabbs \u2014 Frances Lincoln","translator":null,"weight":701,"page_count":336,"readership":null,"editor":"Frances Lincoln","price":3600,"published_date":"2025-02-25T23:00:00.000000Z","support":"Beaux-livres","publisher_availability":1,"stock":0,"editions":[],"url":"https:\/\/quaidesbrumes.com\/ouvrage\/9781836004066\/pilgrimage"},{"id":"9782355391903","title":"La critique de cin\u00e9ma \u00e0 l'\u00e9preuve d'internet","description":"Un texte qui traite de la critique de cin\u00e9ma aujourd'hui. Alors que sur la toile, avec l'essor du num\u00e9rique et \u00e0 l'heure des blogs et des tweets, chacun peut donner son avis et s'\u00e9riger en critique ; quelle place reste-t-il \u00e0 la critique et aux critiques cin\u00e9philes ?","authors":["Gilles Lyon-caen"],"category_codes":["6000000","6070000","6070300"],"visuals":{"large":"https:\/\/images.epagine.fr\/903\/9782355391903_1_75.jpg","medium":"https:\/\/images.epagine.fr\/903\/9782355391903_1_m.jpg","thumbnail":"https:\/\/images.epagine.fr\/903\/9782355391903_1_v.jpg"},"orderable":true,"show_badge":true,"formatted_price":"19,90&nbsp;\u20ac","formatted_published_date":"20 novembre 2014","publisher_availability_label":"Sur commande","short_details":"Gilles Lyon-caen \u2014 L'ENTRETEMPS","translator":null,"weight":135,"page_count":80,"readership":null,"editor":"L'ENTRETEMPS","price":1990,"published_date":"2014-11-19T23:00:00.000000Z","support":"Grand format","publisher_availability":1,"stock":0,"editions":[],"url":"https:\/\/quaidesbrumes.com\/ouvrage\/9782355391903\/la-critique-de-cinema-a-lepreuve-dinternet"},{"id":"9783865215864","title":"Zero Mostel reads a book","description":"Publi\u00e9e initialement en 1963 par le New York Times, pour \u00eatre offerte par les libraires \u00e0 leurs clients, cette s\u00e9rie de photos de Robert Frank nous livre une performance de l'acteur comique am\u00e9ricain Zero Mostel se consacrant \u00e0 la lecture.","authors":["Robert Frank"],"category_codes":["6000000","6070000","6070200"],"visuals":{"large":"https:\/\/images.epagine.fr\/864\/9783865215864_1_75.jpg","medium":"https:\/\/images.epagine.fr\/864\/9783865215864_1_m.jpg","thumbnail":"https:\/\/images.epagine.fr\/864\/9783865215864_1_v.jpg"},"orderable":true,"show_badge":true,"formatted_price":"20,00&nbsp;\u20ac","formatted_published_date":"7 avril 2008","publisher_availability_label":"Sur commande","short_details":"Robert Frank \u2014 Steidl","translator":null,"weight":501,"page_count":40,"readership":null,"editor":"Steidl","price":2000,"published_date":"2008-04-06T22:00:00.000000Z","support":"Grand format","publisher_availability":1,"stock":0,"editions":[],"url":"https:\/\/quaidesbrumes.com\/ouvrage\/9783865215864\/zero-mostel-reads-a-book"},{"id":"9782367440866","title":"Photomanies","description":"Yves Pag\u00e8s est \u00e0 la fois \u00e9crivain et \u00e9diteur. Il \u00e9volue dans un univers de mots et d'enjeux litt\u00e9raires qui nourrissent en parall\u00e8le un travail de photographe. Depuis quelques ann\u00e9es, il collecte avec obstination des instantan\u00e9s de la vie citadine, alliant l'acuit\u00e9 du voyeur \u00e0 la distance amus\u00e9e du fl\u00e2neur. R\u00e9p\u00e9titions de motifs ent\u00eatants, rapprochements formels et \u00e9chos symboliques, instants d\u00e9cisifs et occasions manqu\u00e9es constituent la trame de son oeuvre photographique qu'il fragmente en cat\u00e9gories loufoques et po\u00e9tiques : ses \u00ab monolubies \u00bb, ses \u00ab bin\u00f4manies \u00bb et ses \u00ab fiascoramas \u00bb. Le tout regroup\u00e9 sous le nom de Photomanies, un recueil d'images litt\u00e9raires et de textes optiques, le vagabondage d'un esprit obsessionnel nourri de r\u00e9f\u00e9rences projet\u00e9es sur les d\u00e9tails du quotidien.","authors":["Yves Pag\u00e8s"],"category_codes":["6000000","6070000","6070200"],"visuals":{"large":"https:\/\/images.epagine.fr\/866\/9782367440866_1_75.jpg","medium":"https:\/\/images.epagine.fr\/866\/9782367440866_1_m.jpg","thumbnail":"https:\/\/images.epagine.fr\/866\/9782367440866_1_v.jpg"},"orderable":true,"show_badge":true,"formatted_price":"25,00&nbsp;\u20ac","formatted_published_date":"18 septembre 2015","publisher_availability_label":"Sur commande","short_details":"Yves Pag\u00e8s \u2014 LE BEC EN L'AIR","translator":null,"weight":500,"page_count":248,"readership":null,"editor":"LE BEC EN L'AIR","price":2500,"published_date":"2015-09-17T22:00:00.000000Z","support":"Grand format","publisher_availability":1,"stock":0,"editions":[],"url":"https:\/\/quaidesbrumes.com\/ouvrage\/9782367440866\/photomanies"},{"id":"9781636811000","title":"Ordinary people : Photorealism and the work of art since 1968","description":"This fresh look at photorealism argues for its continued relevance today\r\n\r\nThis volume, Ordinary People, recovers the social art history of the long-dismissed genre of photorealism and demonstrates the continued relevance of photorealist strategies for artists working today. Spanning the 1960s to the present, this large-scale reexamination of the postwar art movement features the work of more than 40 artists, including paintings, drawings, sculptures and murals. It recasts the work of canonical and underrecognized photorealists of the 1960s and '70s in new frameworks and identifies younger artists who have deployed photorealism as a vehicle for social\/political critique. Unlike the typical photorealism survey, Ordinary People includes a diverse, multigenerational group of artists, with a focused look at the major contributions of women and BIPOC artists to the genre. It explores the representational politics of photorealist painting in the context of the recent rise of figurative portraiture and covers the myriad ways that artists, through this seemingly nonconfrontational aesthetic, have enticed viewers to confront painful historical events and social experiences.\r\nArtists: John Ahearn and Rigoberto Torres, Michael Alvarez, John Baeder, Judie Bamber, Gina Beavers, Robert Bechtle, Dike Blair, Andrea Bowers, Vija Celmins, Lenore Chinn, Chuck Close, Cynthia Daignault, Richard Estes, Audrey Flack, Ralph Goings, Sayre Gomez, Alfonso Gonzalez Jr., Duane Hanson, Barkley L. Hendricks, Nur Ko\u00e7ak, Jennifer J. Lee, Marilyn Levine, Sam Lipp, Hung Liu, Richard McLean, Marilyn Minter, Catherine Murphy, Calida Rawles, Ben Sakoguchi, Shizu Saldamando, Joan Semmel, Amy Sherald, Mamie Tinkler, Betty Tompkins, Jesse Trevi\u00f1o, Brittany Tucker, John Valadez, Vincent Valdez, Christine Tien Wang, Idelle Weber, Kehinde Wiley, Martin Wong, Takako Yamaguchi.","authors":["Collectif","Anna Katz"],"category_codes":["6000000","6070000","6070200","6070204"],"visuals":{"large":"https:\/\/images.epagine.fr\/000\/9781636811000_1_75.jpg","medium":"https:\/\/images.epagine.fr\/000\/9781636811000_1_m.jpg","thumbnail":"https:\/\/images.epagine.fr\/000\/9781636811000_1_v.jpg"},"orderable":true,"show_badge":true,"formatted_price":"69,95&nbsp;\u20ac","formatted_published_date":"5 novembre 2024","publisher_availability_label":"Sur commande","short_details":"Collectif, Anna Katz \u2014 Distributed Art Publishers","translator":null,"weight":1130,"page_count":256,"readership":null,"editor":"Distributed Art Publishers","price":6995,"published_date":"2024-11-04T23:00:00.000000Z","support":"Grand format","publisher_availability":1,"stock":0,"editions":[],"url":"https:\/\/quaidesbrumes.com\/ouvrage\/9781636811000\/ordinary-people-photorealism-and-the-work-of-art-since-1968"},{"id":"9782343246093","title":"Photongraphie","description":"La photographie m\u00eame plasticienne, est connue comme un moyen de \u00ab reproductibilit\u00e9 technique \u00bb (disait Benjamin) d'une intangible r\u00e9alit\u00e9. Et si tout \u00e0 l'inverse, la photographie contemporaine pouvait \u00eatre une recherche fine, dans des espaces que l'oeil humain seul ne pourrait d\u00e9crypter? Les sujets, les th\u00e8mes ne sont pas le plus important, mais c'est au contraire ce qui \u00e0 la surface du monde s'\u00e9chappe, se transvase, se nappe ou s'\u00e9vapore en rayonnement, flux et propagations multiples, qui retient notre regard. Nos photographies l\u00e8vent le voile sur ces images qui ne sont plus des fa\u00e7ades dures et des tableaux optiques, mais des ondes gravitationnelles qui effleurent les ar\u00eates des choses, explorent dans l'infime les d\u00e9placements, les transports occultes.","authors":["Mojgan Moslehi","Michel Sicard"],"category_codes":["6000000","6070000","6070200","6070204"],"visuals":{"large":"https:\/\/images.epagine.fr\/093\/9782343246093_1_75.jpg","medium":"https:\/\/images.epagine.fr\/093\/9782343246093_1_m.jpg","thumbnail":"https:\/\/images.epagine.fr\/093\/9782343246093_1_v.jpg"},"orderable":true,"show_badge":true,"formatted_price":"17,00&nbsp;\u20ac","formatted_published_date":"23 d\u00e9cembre 2021","publisher_availability_label":"Sur commande","short_details":"Mojgan Moslehi, Michel Sicard \u2014 \u00c9ditions L'Harmattan","translator":null,"weight":147,"page_count":100,"readership":null,"editor":"\u00c9ditions L'Harmattan","price":1700,"published_date":"2021-12-22T23:00:00.000000Z","support":"Grand format","publisher_availability":1,"stock":0,"editions":[],"url":"https:\/\/quaidesbrumes.com\/ouvrage\/9782343246093\/photongraphie"},{"id":"9782322506835","title":"One way USA 1969 : Photographies en N&B de l'Am\u00e9rique des ann\u00e9es 60","description":"L'Am\u00e9rique ! Nixon \u00e9tait le Pr\u00e9sident, Berkeley bouillonnait. Pays immense et jeunesse enthousiaste, utopique sans doute.","authors":["Michel Berberian"],"category_codes":["6000000","6070000","6070200"],"visuals":{"large":"https:\/\/images.epagine.fr\/835\/9782322506835_1_75.jpg","medium":"https:\/\/images.epagine.fr\/835\/9782322506835_1_m.jpg","thumbnail":"https:\/\/images.epagine.fr\/835\/9782322506835_1_v.jpg"},"orderable":true,"show_badge":true,"formatted_price":"57,99&nbsp;\u20ac","formatted_published_date":"13 novembre 2023","publisher_availability_label":"Sur commande","short_details":"Michel Berberian \u2014 Books on Demand","translator":null,"weight":444,"page_count":100,"readership":null,"editor":"Books on Demand","price":5799,"published_date":"2023-11-12T23:00:00.000000Z","support":"Grand format","publisher_availability":1,"stock":0,"editions":[],"url":"https:\/\/quaidesbrumes.com\/ouvrage\/9782322506835\/one-way-usa-1969-photographies-en-nb-de-lamerique-des-annees-60"},{"id":"9782343248578","title":"Souvenirs en technicolor : 50 films plus grands que nature","description":"Un pays perdu (l'Alg\u00e9rie fran\u00e7aise), une ville d'adoption (Nantes) et des contr\u00e9es imaginaires de substitution (celles des films de genre, de l'Ouest am\u00e9ricain \u00e0 la Rome antique). Voici les territoires arpent\u00e9s par ces \u00ab Souvenirs en Technicolor \u00bb, dans lesquels se rencontrent la chronique d'un amoureux de cin\u00e9ma et les souvenirs d'un enfant de pieds-noirs qui a essay\u00e9 de trouver sa place dans la France m\u00e9tropolitaine des ann\u00e9es 70 et 80 en se nourrissant de films hollywoodiens. Pas vraiment une biographie, pas uniquement un livre sur le cin\u00e9ma, un peu des deux, le r\u00e9cit d'une passion qui a nourri toute une vie, celui des rencontres avec 50 films, tour \u00e0 tour passionnelles, tendres, amicales ou \u00e9ph\u00e9m\u00e8res, de La prisonni\u00e8re du d\u00e9sert \u00e0 La La Land, des Demoiselles de Rochefort \u00e0 Munich, de Mank aux Contrebandiers de Moonfleet. Ou comment se construisait la cin\u00e9philie \u00e0 une \u00e9poque pas si lointaine. Qu'ils soient diffus\u00e9s au cin\u00e9ma ou \u00e0 la t\u00e9l\u00e9vision, les films \u00e9taient alors aussi difficiles \u00e0 capturer qu'un mustang chevauchant dans la prairie...","authors":["Thierry Saurant"],"category_codes":["6000000","6070000","6070300"],"visuals":{"large":"https:\/\/images.epagine.fr\/578\/9782343248578_1_75.jpg","medium":"https:\/\/images.epagine.fr\/578\/9782343248578_1_m.jpg","thumbnail":"https:\/\/images.epagine.fr\/578\/9782343248578_1_v.jpg"},"orderable":true,"show_badge":true,"formatted_price":"23,50&nbsp;\u20ac","formatted_published_date":"20 janvier 2022","publisher_availability_label":"Sur commande","short_details":"Thierry Saurant \u2014 \u00c9ditions L'Harmattan","translator":null,"weight":270,"page_count":208,"readership":null,"editor":"\u00c9ditions L'Harmattan","price":2350,"published_date":"2022-01-19T23:00:00.000000Z","support":"Grand format","publisher_availability":1,"stock":0,"editions":[],"url":"https:\/\/quaidesbrumes.com\/ouvrage\/9782343248578\/souvenirs-en-technicolor-50-films-plus-grands-que-nature"},{"id":"9782343250069","title":"Antikleia","description":"Cet ouvrage se compose de neuf chapitres, autant que les lettres du nom hom\u00e9rique de la m\u00e8re d'Ulysse, ANTIKLEIA. Chaque lettrine correspond \u00e0 un ensemble de photographies d'Antikleia ainsi qu'\u00e0 un texte po\u00e9tique de style et de textures diff\u00e9rentes : classique-lin\u00e9aire, contemplative, visuelle, philosophique. En fait, chaque section propose de laisser appara\u00eetre l'articulation du photographiable et de la port\u00e9e p\u00e9n\u00e9trante du texte po\u00e9tique qui l'accompagne. Le livre vise aussi \u00e0 mettre en \u00e9vidence les synergies et les tensions qui surgissent lorsque l'\u00e9criture po\u00e9tique envahit le territoire de la photographie. Deux constantes forment le fil conducteur : la lumi\u00e8re en tant qu'origine, et Antikleia en tant qu'\u00eatre f\u00e9minin, \u00e9chappant aux limites de la recherche photographique et de ses interfaces avec l'aventure po\u00e9tique.","authors":["D\u00e9mosth\u00e8ne Agrafiotis"],"category_codes":["6000000","6070000","6070200"],"visuals":{"large":"https:\/\/images.epagine.fr\/069\/9782343250069_1_75.jpg","medium":"https:\/\/images.epagine.fr\/069\/9782343250069_1_m.jpg","thumbnail":"https:\/\/images.epagine.fr\/069\/9782343250069_1_v.jpg"},"orderable":true,"show_badge":true,"formatted_price":"16,00&nbsp;\u20ac","formatted_published_date":"28 janvier 2022","publisher_availability_label":"Sur commande","short_details":"D\u00e9mosth\u00e8ne Agrafiotis \u2014 \u00c9ditions L'Harmattan","translator":null,"weight":149,"page_count":102,"readership":null,"editor":"\u00c9ditions L'Harmattan","price":1600,"published_date":"2022-01-27T23:00:00.000000Z","support":"Grand format","publisher_availability":1,"stock":0,"editions":[],"url":"https:\/\/quaidesbrumes.com\/ouvrage\/9782343250069\/antikleia"},{"id":"9782140274008","title":"Photographie et interpr\u00e9tation","description":"On ne peut faire, regarder et utiliser une photo sans avoir toujours pr\u00e9sent \u00e0 l'esprit que nous ne voyons pas la photo, mais l'une de ses interpr\u00e9tations : paradoxal ! Mais alors, quels seraient les diff\u00e9rents types d'interpr\u00e9tations possibles, allant de celle du policier \u00e0 celle de l'artiste, en passant par celles du doctrinaire ou du publicitaire, du scientifique ou du technicien, de l'\u00e9crivain ou du philosophe, etc. ? Les enjeux (artistiques et esth\u00e9tiques, communicationnels et id\u00e9ologiques, politiques et g\u00e9opolitiques, etc.) sont toujours certes les usages, mais surtout les rapports des femmes et des hommes aux images. Car cette probl\u00e9matique Photographie & interpr\u00e9tation concerne aussi bien la photographie sans-art et la th\u00e9or\u00e9tique qui l'\u00e9tudie, que la photographie con\u00e7ue ou re\u00e7ue dans la perspective de l'art et l'esth\u00e9tique qui l'\u00e9claire.","authors":["Fran\u00e7ois Soulages"],"category_codes":["6000000","6070000","6070200","6070204"],"visuals":{"large":"https:\/\/images.epagine.fr\/008\/9782140274008_1_75.jpg","medium":"https:\/\/images.epagine.fr\/008\/9782140274008_1_m.jpg","thumbnail":"https:\/\/images.epagine.fr\/008\/9782140274008_1_v.jpg"},"orderable":true,"show_badge":true,"formatted_price":"19,00&nbsp;\u20ac","formatted_published_date":"29 juin 2022","publisher_availability_label":"Sur commande","short_details":"Fran\u00e7ois Soulages \u2014 \u00c9ditions L'Harmattan","translator":null,"weight":196,"page_count":138,"readership":null,"editor":"\u00c9ditions L'Harmattan","price":1900,"published_date":"2022-06-28T22:00:00.000000Z","support":"Grand format","publisher_availability":1,"stock":0,"editions":[],"url":"https:\/\/quaidesbrumes.com\/ouvrage\/9782140274008\/photographie-et-interpretation"},{"id":"9782844264770","title":"100 masterpieces of photography","description":null,"authors":["Alfred Pacquement"],"category_codes":["6000000","6070000","6070200"],"visuals":{"large":"https:\/\/quaidesbrumes.com\/img\/book-placeholder.png","medium":"https:\/\/quaidesbrumes.com\/img\/book-placeholder.png","thumbnail":"https:\/\/quaidesbrumes.com\/img\/book-placeholder.png"},"orderable":true,"show_badge":true,"formatted_price":"6,90&nbsp;\u20ac","formatted_published_date":"20 novembre 2010","publisher_availability_label":"Sur commande","short_details":"Alfred Pacquement \u2014 \u00c9ditions du Centre Pompidou","translator":null,"weight":586,"page_count":null,"readership":null,"editor":"\u00c9ditions du Centre Pompidou","price":690,"published_date":"2010-11-19T23:00:00.000000Z","support":"Grand format","publisher_availability":1,"stock":0,"editions":[],"url":"https:\/\/quaidesbrumes.com\/ouvrage\/9782844264770\/100-masterpieces-of-photography"},{"id":"9782753535923","title":"Les catholiques et le cin\u00e9ma ; la construction d'un regard critique (France, 1895-1958)","description":"Ce livre interroge les rapports entre l'imposition du cin\u00e9ma comme m\u00e9dia de masse et la red\u00e9finition du monde catholique dans la France du premier XXe si\u00e8cle. La port\u00e9e cristallisatrice du cin\u00e9ma dans le catholicisme fran\u00e7ais est abord\u00e9e \u00e0 travers les modalit\u00e9s, \u00e0 la fois p\u00e9rennes, plurielles et souvent surprenantes, de projection, de visionnement, de critique, d'\u00e9valuation et de contestation des films par l'\u00c9glise et ses fid\u00e8les. Cette histoire politique se base sur l'\u00e9tude de nombreux fonds d'archives rest\u00e9s inexplor\u00e9s jusqu'\u00e0 pr\u00e9sent et du d\u00e9pouillement de la presse catholique sur un demi-si\u00e8cle.\r\n\r\nAvec le soutien de l'EA 1571, \u00ab Centre des recherches historiques : histoire des pouvoirs, savoirs, soci\u00e9t\u00e9s \u00bb.","authors":["M\u00e9lisande Leventopoulos"],"category_codes":["6000000","6070000","6070300"],"visuals":{"large":"https:\/\/images.epagine.fr\/923\/9782753535923_1_75.jpg","medium":"https:\/\/images.epagine.fr\/923\/9782753535923_1_m.jpg","thumbnail":"https:\/\/images.epagine.fr\/923\/9782753535923_1_v.jpg"},"orderable":true,"show_badge":true,"formatted_price":"21,00&nbsp;\u20ac","formatted_published_date":"8 janvier 2015","publisher_availability_label":"Sur commande","short_details":"M\u00e9lisande Leventopoulos \u2014 Presse Universitaire de Rennes","translator":null,"weight":506,"page_count":318,"readership":null,"editor":"Presse Universitaire de Rennes","price":2100,"published_date":"2015-01-07T23:00:00.000000Z","support":"Grand format","publisher_availability":1,"stock":0,"editions":[],"url":"https:\/\/quaidesbrumes.com\/ouvrage\/9782753535923\/les-catholiques-et-le-cinema-la-construction-dun-regard-critique-france-1895-1958"}]}