{"data":[{"id":"9782369801009","title":"Quartiers d'hiver","description":"Lucie Jean nous conduit du plus lointain jusqu'au plus proche pour nous ramener vers ces lieux de solitude et de r\u00eaverie, o\u00f9 l'on ne voit rien \u00e0 la surface du lac qu'une minuscule cabane dont on se demande comment quelqu'un a pu la construire ou la transporter l\u00e0.\r","authors":["Gilles A. Tiberghien","Lucie Jean"],"category_codes":["6000000","6070000","6070200"],"visuals":{"large":"https:\/\/images.epagine.fr\/009\/9782369801009_1_75.jpg","medium":"https:\/\/images.epagine.fr\/009\/9782369801009_1_m.jpg","thumbnail":"https:\/\/images.epagine.fr\/009\/9782369801009_1_v.jpg"},"orderable":true,"show_badge":true,"formatted_price":"17,00&nbsp;\u20ac","formatted_published_date":"21 avril 2022","publisher_availability_label":"Sur commande","short_details":"Gilles A. Tiberghien, Lucie Jean \u2014 Arnaud Bizalion","translator":null,"weight":137,"page_count":80,"readership":null,"editor":"Arnaud Bizalion","price":1700,"published_date":"2022-04-20T22:00:00.000000Z","support":"Grand format","publisher_availability":1,"stock":0,"editions":[],"url":"https:\/\/quaidesbrumes.com\/ouvrage\/9782369801009\/quartiers-dhiver"},{"id":"9782369801368","title":"Reliqua desiderantur","description":"Apr\u00e8s le suicide de ma soeur a\u00een\u00e9e en d\u00e9cembre 2014, je ne pouvais plus ni lire, ni \u00e9crire, ni faire ni \u00e9couter la moindre musique. Alors j'ai plong\u00e9 dans la photographie dont j'ignorais la technique, l'histoire et les op\u00e9rateurs, comme dans le vide. Travers\u00e9e impossible vers l'autre monde, vers le ciel sous le sol. Et puis ces images m'ont peu \u00e0 peu murmur\u00e9 quelque chose. J'ai longtemps cherch\u00e9 \u00e0 comprendre, sans y parvenir. Je me trompais d'\u00e9nigme. L'oubli est une langue morte, perdue, occulte, invasive, dont il faut d\u00e9chiffrer les signes, effacer l'effacement, s'arracher enfin. Si possible. Si seulement. J'ai ferm\u00e9 la porte, et ouvert la fen\u00eatre, celle d'o\u00f9 l'on voit la mort arriver et la vie venir. C'est la nuit. C'est encore la nuit. C'est toujours la nuit. Je suis mort un certain nombre de fois. Beno\u00eet M\u00e9jean","authors":["Mejean Benoit"],"category_codes":["6000000","6070000","6070200"],"visuals":{"large":"https:\/\/images.epagine.fr\/368\/9782369801368_1_75.jpg","medium":"https:\/\/images.epagine.fr\/368\/9782369801368_1_m.jpg","thumbnail":"https:\/\/images.epagine.fr\/368\/9782369801368_1_v.jpg"},"orderable":true,"show_badge":true,"formatted_price":"18,00&nbsp;\u20ac","formatted_published_date":"3 juillet 2022","publisher_availability_label":"Sur commande","short_details":"Mejean Benoit \u2014 Arnaud Bizalion","translator":null,"weight":150,"page_count":83,"readership":null,"editor":"Arnaud Bizalion","price":1800,"published_date":"2022-07-02T22:00:00.000000Z","support":"Grand format","publisher_availability":1,"stock":0,"editions":[],"url":"https:\/\/quaidesbrumes.com\/ouvrage\/9782369801368\/reliqua-desiderantur"},{"id":"9782940358526","title":"Le cin\u00e9ma ; une \u00e9tude psychologique et autres essais","description":"Publi\u00e9 \u00e0 New York en 1916, The Photoplay: A Psychological Study constitue la premi\u00e8re \u00e9tude syst\u00e9matique jamais consacr\u00e9e au cin\u00e9ma. En d\u00e9crivant, avec les outils de la psychologie exp\u00e9rimentale dont il est l'un des pionniers, les op\u00e9rations mentales mises en jeu par le spectateur de films, Hugo M\u00fcnsterberg (1863-1916), professeur allemand exil\u00e9 aux \u00c9tats-Unis, tente de d\u00e9crire les sp\u00e9cificit\u00e9s techniques et narratives du cin\u00e9ma, afin de conf\u00e9rer \u00e0 cet art nouveau un statut esth\u00e9tique autonome.\r\n\r\nCet essai de M\u00fcnsterberg s'est impos\u00e9 comme une r\u00e9f\u00e9rence incontournable dans le champ de l'histoire du cin\u00e9ma. En int\u00e9grant le film dans la s\u00e9rie culturelle des images anim\u00e9es, il permet de revenir sur les origines multiples du cin\u00e9matographe, notamment sur les exp\u00e9rimentations scientifiques d'un Marey ou d'un Muybridge et sur les jouets optiques du XIXe si\u00e8cle. Mais il propose \u00e9galement une r\u00e9flexion stimulante sur le positionnement du spectateur et le dispositif filmique, dans une perspective psycho-physiologique qu'il est possible de confronter aux approches psychanalytiques et cognitivistes du cin\u00e9ma qui se sont d\u00e9velopp\u00e9es par la suite.","authors":["Hugo M\u00fcnsterberg","Martin Richet"],"category_codes":["6000000","6070000","6070300","6070304"],"visuals":{"large":"https:\/\/images.epagine.fr\/526\/9782940358526_1_75.jpg","medium":"https:\/\/images.epagine.fr\/526\/9782940358526_1_m.jpg","thumbnail":"https:\/\/images.epagine.fr\/526\/9782940358526_1_v.jpg"},"orderable":true,"show_badge":true,"formatted_price":"20,00&nbsp;\u20ac","formatted_published_date":"17 avril 2010","publisher_availability_label":"Sur commande","short_details":"Hugo M\u00fcnsterberg, Martin Richet \u2014 \u00c9ditions H\u00e9ros-Limite","translator":"MARTIN RICHET","weight":370,"page_count":224,"readership":null,"editor":"\u00c9ditions H\u00e9ros-Limite","price":2000,"published_date":"2010-04-16T22:00:00.000000Z","support":"Grand format","publisher_availability":1,"stock":0,"editions":[],"url":"https:\/\/quaidesbrumes.com\/ouvrage\/9782940358526\/le-cinema-une-etude-psychologique-et-autres-essais"},{"id":"9782369801306","title":"Cit\u00e9 lacustre","description":"\u00c0 quelques encablures de la gare RER de Chelles, le parking d'une grande enseigne de bricolage offre discr\u00e8tement une porte d\u00e9rob\u00e9e vers l'\u00cele de Vaires-sur-Marne : en son centre, gliss\u00e9e dans les plis de la Marne et du canal de Chelles, le lac de Vaires s'\u00e9tire en longueur jusqu'\u00e0 la base nautique du m\u00eame nom. \u00c9trange zone fronti\u00e8re o\u00f9 viennent trembler la ville et la campagne qui se m\u00e9langent et s'observent des deux rives oppos\u00e9es, le lac a \u00e9t\u00e9 retenu comme futur site des J.O. Paris 2024. Avant que ne d\u00e9butent les chantiers d'am\u00e9nagement qui vont peut-\u00eatre modifier cet \u00e9quilibre entre le sauvage et le domestiqu\u00e9, Lucie Jean, en habitu\u00e9e des lieux, a souhait\u00e9 t\u00e9moigner de cet espace singulier, notamment en documentant les habitus de ceux qui fr\u00e9quentent ce site populaire et m\u00e9connu.","authors":["Manuel George","Lucie Jean"],"category_codes":["6000000","6070000","6070200"],"visuals":{"large":"https:\/\/images.epagine.fr\/306\/9782369801306_1_75.jpg","medium":"https:\/\/images.epagine.fr\/306\/9782369801306_1_m.jpg","thumbnail":"https:\/\/images.epagine.fr\/306\/9782369801306_1_v.jpg"},"orderable":true,"show_badge":true,"formatted_price":"28,00&nbsp;\u20ac","formatted_published_date":"6 juillet 2022","publisher_availability_label":"Sur commande","short_details":"Manuel George, Lucie Jean \u2014 Arnaud Bizalion","translator":null,"weight":304,"page_count":72,"readership":null,"editor":"Arnaud Bizalion","price":2800,"published_date":"2022-07-05T22:00:00.000000Z","support":"Grand format","publisher_availability":1,"stock":0,"editions":[],"url":"https:\/\/quaidesbrumes.com\/ouvrage\/9782369801306\/cite-lacustre"},{"id":"9781844574087","title":"100 cult films","description":"Profiles the most significant movies with a cult following through commentaries that include plot analyses, details about the cast and crew, and discussions of the audience's response.\r","authors":["E. Mathijs","X Mendik"],"category_codes":["6000000","6070000","6070300"],"visuals":{"large":"https:\/\/images.epagine.fr\/087\/9781844574087_1_75.jpg","medium":"https:\/\/images.epagine.fr\/087\/9781844574087_1_m.jpg","thumbnail":"https:\/\/images.epagine.fr\/087\/9781844574087_1_v.jpg"},"orderable":true,"show_badge":true,"formatted_price":"35,20&nbsp;\u20ac","formatted_published_date":"14 octobre 2011","publisher_availability_label":"Sur commande","short_details":"E. Mathijs, X Mendik \u2014 Palgrave","translator":null,"weight":635,"page_count":256,"readership":null,"editor":"Palgrave","price":3520,"published_date":"2011-10-13T22:00:00.000000Z","support":"Poche","publisher_availability":1,"stock":0,"editions":[],"url":"https:\/\/quaidesbrumes.com\/ouvrage\/9781844574087\/100-cult-films"},{"id":"9782843140013","title":"Archipel","description":"L'ouvrage est une oeuvre d'art en soi constitu\u00e9e de photographies et de livres reconfigur\u00e9s et repens\u00e9s dans une nouvelle perspective.\r","authors":["Serge Cl\u00e9ment","Zoe Tousignant"],"category_codes":["6000000","6070000","6070200","6070208"],"visuals":{"large":"https:\/\/images.epagine.fr\/013\/9782843140013_1_75.jpg","medium":"https:\/\/images.epagine.fr\/013\/9782843140013_1_m.jpg","thumbnail":"https:\/\/images.epagine.fr\/013\/9782843140013_1_v.jpg"},"orderable":true,"show_badge":true,"formatted_price":"29,00&nbsp;\u20ac","formatted_published_date":"11 janvier 2019","publisher_availability_label":"Sur commande","short_details":"Serge Cl\u00e9ment, Zoe Tousignant \u2014 LOCO","translator":null,"weight":775,"page_count":192,"readership":null,"editor":"LOCO","price":2900,"published_date":"2019-01-10T23:00:00.000000Z","support":"Grand format","publisher_availability":1,"stock":0,"editions":[],"url":"https:\/\/quaidesbrumes.com\/ouvrage\/9782843140013\/archipel"},{"id":"9782940563463","title":"D\u00e9sirs de Rue : L'urbain, une matrice pour un nouveau cin\u00e9ma","description":"La rue \u00e0 vif place au centre de son analyse les cons\u00e9quences que le geste de filmer dans la rue a eues sur le cin\u00e9ma. La \u00ab mise \u00e0 la rue \u00bb du cin\u00e9ma - la Nouvelle Vague - a en effet profond\u00e9ment et tr\u00e8s concr\u00e8tement modifi\u00e9 la mani\u00e8re de faire et de concevoir le cin\u00e9ma. La rue dans son quotidien, la recherche de la spontan\u00e9it\u00e9 et de l'authenticit\u00e9 qui l'anime, la folie et l'impr\u00e9vu aussi, loin de la ma\u00eetrise calcul\u00e9e des studios, devient un v\u00e9ritable laboratoire autant esth\u00e9tique que technique. Ce nouveau cin\u00e9ma se veut ainsi plus proche du vrai, en phase avec les \u00e9volutions de la soci\u00e9t\u00e9 qu'il cherche \u00e0 saisir sur le vif.\r\nEn retour, la Nouvelle Vague propose un regard in\u00e9dit sur la ville, sur ces marges, les nombreux espaces dissimul\u00e9s de la France bien-pensante. La rue devient un acteur, un r\u00e9seau s\u00e9miotique, une trame narrative, un contexte politique, un cadre o\u00f9 l'imaginaire se met \u00e0 l'\u00e9preuve du r\u00e9el.\r\nLa rue \u00e0 vif suit en un plan s\u00e9quenc\u00e9 le d\u00e9roulement de r\u00e9alisation d'un film (pr\u00e9filmage, filmage, montage...) \u00e0 travers une analyse d\u00e9taill\u00e9e du moyen-m\u00e9trage de Jean Eustache Le p\u00e8re No\u00ebl a les yeux bleus, permettant \u00e0 un public n\u00e9ophyte d'approcher le cin\u00e9ma par l'int\u00e9rieur gr\u00e2ce \u00e0 de nombreuses d\u00e9finitions, r\u00e9f\u00e9rences, citations et anecdotes qui croisent th\u00e9orie et pratique.\r\nLes r\u00e9flexions de l'auteur sur le cin\u00e9ma et la rue se doublent d'un parcours photographique qui vient prolonger l'analyse th\u00e9orique par une proposition artistique par laquelle Hakim Boulouiz dit la rue ch\u00e8re aux auteurs de la Nouvelle Vague \u00e0 travers son regard subjectif.\r","authors":["Hakim Boulouiz"],"category_codes":["6000000","6070000","6070300","6070308"],"visuals":{"large":"https:\/\/images.epagine.fr\/463\/9782940563463_1_75.jpg","medium":"https:\/\/images.epagine.fr\/463\/9782940563463_1_m.jpg","thumbnail":"https:\/\/images.epagine.fr\/463\/9782940563463_1_v.jpg"},"orderable":true,"show_badge":true,"formatted_price":"28,00&nbsp;\u20ac","formatted_published_date":"7 juin 2019","publisher_availability_label":"Sur commande","short_details":"Hakim Boulouiz \u2014 Metispresses","translator":null,"weight":480,"page_count":208,"readership":null,"editor":"Metispresses","price":2800,"published_date":"2019-06-06T22:00:00.000000Z","support":"Grand format","publisher_availability":1,"stock":0,"editions":[],"url":"https:\/\/quaidesbrumes.com\/ouvrage\/9782940563463\/desirs-de-rue-lurbain-une-matrice-pour-un-nouveau-cinema"},{"id":"9782380140576","title":"Par-dela le mur des tenebres - le retour de francesca","description":null,"authors":["Maitre Marie"],"category_codes":["6000000","6070000","6070200","6070204"],"visuals":{"large":"https:\/\/images.epagine.fr\/576\/9782380140576_1_75.jpg","medium":"https:\/\/images.epagine.fr\/576\/9782380140576_1_m.jpg","thumbnail":"https:\/\/images.epagine.fr\/576\/9782380140576_1_v.jpg"},"orderable":true,"show_badge":true,"formatted_price":"25,00&nbsp;\u20ac","formatted_published_date":"25 octobre 2022","publisher_availability_label":"Sur commande","short_details":"Maitre Marie \u2014 L'Oeil Du Sphinx","translator":null,"weight":370,"page_count":null,"readership":null,"editor":"L'Oeil Du Sphinx","price":2500,"published_date":"2022-10-24T22:00:00.000000Z","support":"Grand format","publisher_availability":1,"stock":0,"editions":[],"url":"https:\/\/quaidesbrumes.com\/ouvrage\/9782380140576\/par-dela-le-mur-des-tenebres-le-retour-de-francesca"},{"id":"9782490774258","title":"Nippes","description":"Proses et po\u00e8mes \u00e9chang\u00e9s autour de Tadeusz Konwicki, Koji Wakamatsu,  Kij\u00fb Yoshida, Yukio Mishima, Hirokazu Kore-eda , Yasuharu Hasebe, Koreyoshi Kurahara, Masahiro Shinoda","authors":["Philippe Blanchon","Jacques Sicard"],"category_codes":["6000000","6070000","6070300","6070306"],"visuals":{"large":"https:\/\/images.epagine.fr\/258\/9782490774258_1_75.jpg","medium":"https:\/\/images.epagine.fr\/258\/9782490774258_1_m.jpg","thumbnail":"https:\/\/images.epagine.fr\/258\/9782490774258_1_v.jpg"},"orderable":true,"show_badge":true,"formatted_price":"6,00&nbsp;\u20ac","formatted_published_date":"14 juin 2021","publisher_availability_label":"Sur commande","short_details":"Philippe Blanchon, Jacques Sicard \u2014 La Nerthe Librairie","translator":null,"weight":64,"page_count":36,"readership":null,"editor":"La Nerthe Librairie","price":600,"published_date":"2021-06-13T22:00:00.000000Z","support":"Grand format","publisher_availability":1,"stock":0,"editions":[],"url":"https:\/\/quaidesbrumes.com\/ouvrage\/9782490774258\/nippes"},{"id":"9791094886540","title":"Futurspective : Philippe Shangti photographies","description":"Photographe, sculpteur, dessinateur et sc\u00e9nographe, Philippe Shangti compte aujourd'hui parmi les meilleurs plasticiens de sa g\u00e9n\u00e9ration dans le domaine de l'esth\u00e9tisme visionnaire. Trop\u00e9zien d'adoption, il est \u00e0 l'origine d'une oeuvre vivante dont les tableaux d'image ultra vifs questionnent les limites de la post-modernit\u00e9 au travers d'un univers tr\u00e8s personnel, aussi paradoxal que d\u00e9cal\u00e9, entre luxe provoquant et \u00e9rotisme glamour.","authors":["Renaud Siegmann"],"category_codes":["6000000","6070000","6070200"],"visuals":{"large":"https:\/\/images.epagine.fr\/540\/9791094886540_1_75.jpg","medium":"https:\/\/images.epagine.fr\/540\/9791094886540_1_m.jpg","thumbnail":"https:\/\/images.epagine.fr\/540\/9791094886540_1_v.jpg"},"orderable":true,"show_badge":true,"formatted_price":"135,00&nbsp;\u20ac","formatted_published_date":"13 septembre 2024","publisher_availability_label":"Sur commande","short_details":"Renaud Siegmann \u2014 SELENA","translator":null,"weight":3568,"page_count":320,"readership":null,"editor":"SELENA","price":13500,"published_date":"2024-09-12T22:00:00.000000Z","support":"Grand format","publisher_availability":1,"stock":0,"editions":[],"url":"https:\/\/quaidesbrumes.com\/ouvrage\/9791094886540\/futurspective-philippe-shangti-photographies"},{"id":"9782490774296","title":"Politique de l'auteur Tome 3","description":"Troisi\u00e8me collectif autour du cin\u00e9ma et de la litt\u00e9rature. Textes sur Godard, Fassbinder, Fourier, etc.\r","authors":["Bruno Lemoine","Ren\u00e9 No\u00ebl","Jacques Sicard"],"category_codes":["6000000","6070000","6070300","6070306"],"visuals":{"large":"https:\/\/images.epagine.fr\/296\/9782490774296_1_75.jpg","medium":"https:\/\/images.epagine.fr\/296\/9782490774296_1_m.jpg","thumbnail":"https:\/\/images.epagine.fr\/296\/9782490774296_1_v.jpg"},"orderable":true,"show_badge":true,"formatted_price":"12,00&nbsp;\u20ac","formatted_published_date":"1er f\u00e9vrier 2022","publisher_availability_label":"Sur commande","short_details":"Bruno Lemoine, Ren\u00e9 No\u00ebl, Jacques Sicard \u2014 La Nerthe Librairie","translator":null,"weight":110,"page_count":72,"readership":null,"editor":"La Nerthe Librairie","price":1200,"published_date":"2022-01-31T23:00:00.000000Z","support":"Grand format","publisher_availability":1,"stock":0,"editions":[],"url":"https:\/\/quaidesbrumes.com\/ouvrage\/9782490774296\/politique-de-lauteur-tome-3"},{"id":"9782843140297","title":"En construction ; de Molitor \u00e0 Artem","description":"En construction vient clore un cycle de dix ans d'atelier photographique documentaire autour du site Artem men\u00e9 \u00e0 l'Ecole nationale sup\u00e9rieure d'art et de design de Nancy. Cet atelier a \u00e9t\u00e9 men\u00e9 par la photographe et enseignante Andrea Keen. Chaque ann\u00e9e, des \u00e9tudiants ont document\u00e9 l'\u00e9volution des lieux et du paysage urbain, depuis la destruction des anciennes casernes de Molitor. Ce vaste chantier a permis d'exp\u00e9rimenter la capacit\u00e9 de la photographie \u00e0 saisir des instants fugitifs mais aussi \u00e0 engendrer de la fiction, ou \u00e0 donner un \u00e9tat des lieux et pouvoir se constituer comme m\u00e9moire d'un lieu.\r\nIl a \u00e9galement lib\u00e9r\u00e9 les formes et les outils photographiques.\r","authors":["Rapha\u00eblle Bertho","Andr\u00e9a Keen"],"category_codes":["6000000","6070000","6070200"],"visuals":{"large":"https:\/\/images.epagine.fr\/297\/9782843140297_1_75.jpg","medium":"https:\/\/images.epagine.fr\/297\/9782843140297_1_m.jpg","thumbnail":"https:\/\/images.epagine.fr\/297\/9782843140297_1_v.jpg"},"orderable":true,"show_badge":true,"formatted_price":"25,00&nbsp;\u20ac","formatted_published_date":"18 septembre 2020","publisher_availability_label":"Sur commande","short_details":"Rapha\u00eblle Bertho, Andr\u00e9a Keen \u2014 LOCO","translator":null,"weight":1300,"page_count":412,"readership":null,"editor":"LOCO","price":2500,"published_date":"2020-09-17T22:00:00.000000Z","support":"Grand format","publisher_availability":1,"stock":0,"editions":[],"url":"https:\/\/quaidesbrumes.com\/ouvrage\/9782843140297\/en-construction-de-molitor-a-artem"},{"id":"9782490774302","title":"Politique de l'auteur 4","description":"Quatri\u00e8me collectif auteur du cin\u00e9ma. Auteurs concern\u00e9s : Beckett \/ Chaplin \/ Pedro Costa \/ Flaherty \/ Godard \/ Naruse \/ Ozu \/ Pasolini \/ etc. Contient une traduction du texte, in\u00e9dit en fran\u00e7ais, de Louis Zukofsky sur \"Les temps modernes\".","authors":["Alphonse Clarou","Bruno Lemoine","Ren\u00e9 No\u00ebl","Jacques Sicard","Louis Zukofsky"],"category_codes":["6000000","6070000","6070300","6070306"],"visuals":{"large":"https:\/\/images.epagine.fr\/302\/9782490774302_1_75.jpg","medium":"https:\/\/images.epagine.fr\/302\/9782490774302_1_m.jpg","thumbnail":"https:\/\/images.epagine.fr\/302\/9782490774302_1_v.jpg"},"orderable":true,"show_badge":true,"formatted_price":"20,00&nbsp;\u20ac","formatted_published_date":"7 septembre 2022","publisher_availability_label":"Sur commande","short_details":"Alphonse Clarou, Bruno Lemoine, Ren\u00e9 No\u00ebl, Jacques Sicard, Louis Zukofsky \u2014 La Nerthe Librairie","translator":null,"weight":196,"page_count":120,"readership":null,"editor":"La Nerthe Librairie","price":2000,"published_date":"2022-09-06T22:00:00.000000Z","support":"Grand format","publisher_availability":1,"stock":0,"editions":[],"url":"https:\/\/quaidesbrumes.com\/ouvrage\/9782490774302\/politique-de-lauteur-4"},{"id":"9782382600399","title":"Au sommer de l'art : rencontres avec des celebres pianistes du monde","description":null,"authors":["De Noblet Lily"],"category_codes":["6000000","6070000","6070300","6070304"],"visuals":{"large":"https:\/\/images.epagine.fr\/399\/9782382600399_1_75.jpg","medium":"https:\/\/images.epagine.fr\/399\/9782382600399_1_m.jpg","thumbnail":"https:\/\/images.epagine.fr\/399\/9782382600399_1_v.jpg"},"orderable":true,"show_badge":true,"formatted_price":"23,00&nbsp;\u20ac","formatted_published_date":"1er f\u00e9vrier 2024","publisher_availability_label":"Sur commande","short_details":"De Noblet Lily \u2014 Pacifica","translator":null,"weight":375,"page_count":null,"readership":null,"editor":"Pacifica","price":2300,"published_date":"2024-01-31T23:00:00.000000Z","support":"Grand format","publisher_availability":1,"stock":0,"editions":[],"url":"https:\/\/quaidesbrumes.com\/ouvrage\/9782382600399\/au-sommer-de-lart-rencontres-avec-des-celebres-pianistes-du-monde"},{"id":"9783906915944","title":"Paul Mccarthy : A&E ; Adolf & Eva, Adam & Eve, Dead end hole, picnic","description":"Published as a signed limited edition of 600 copies, this artist's book documents a 2021 performance of the same name by Paul McCarthy (born 1945) and German actress Lilith Stangenberg (born 1988), continuing McCarthy's exploration of bodily abjection, human entanglement, power, Hollywood and the underbelly of the cultural and political climate.","authors":["Paul McCarthy","Lilith Stangenberg"],"category_codes":["6000000","6070000","6070200","6070205"],"visuals":{"large":"https:\/\/images.epagine.fr\/944\/9783906915944_1_75.jpg","medium":"https:\/\/images.epagine.fr\/944\/9783906915944_1_m.jpg","thumbnail":"https:\/\/images.epagine.fr\/944\/9783906915944_1_v.jpg"},"orderable":true,"show_badge":true,"formatted_price":"200,00&nbsp;\u20ac","formatted_published_date":"28 mars 2025","publisher_availability_label":"Sur commande","short_details":"Paul McCarthy, Lilith Stangenberg \u2014 Hauser And Wirth","translator":null,"weight":1130,"page_count":260,"readership":"Tout public","editor":"Hauser And Wirth","price":20000,"published_date":"2025-03-27T23:00:00.000000Z","support":"Beaux-livres","publisher_availability":1,"stock":0,"editions":[],"url":"https:\/\/quaidesbrumes.com\/ouvrage\/9783906915944\/paul-mccarthy-ae-adolf-eva-adam-eve-dead-end-hole-picnic"},{"id":"9782364300774","title":"Bouture de paroles","description":null,"authors":["Emmanuel Tjibaou"],"category_codes":["6000000","6070000","6070300","6070304"],"visuals":{"large":"https:\/\/images.epagine.fr\/774\/9782364300774_1_75.jpg","medium":"https:\/\/images.epagine.fr\/774\/9782364300774_1_m.jpg","thumbnail":"https:\/\/images.epagine.fr\/774\/9782364300774_1_v.jpg"},"orderable":true,"show_badge":true,"formatted_price":"9,90&nbsp;\u20ac","formatted_published_date":"19 mars 2025","publisher_availability_label":"Sur commande","short_details":"Emmanuel Tjibaou \u2014 Idem","translator":null,"weight":289,"page_count":70,"readership":"Tout public","editor":"Idem","price":990,"published_date":"2025-03-18T23:00:00.000000Z","support":"Grand format","publisher_availability":1,"stock":0,"editions":[],"url":"https:\/\/quaidesbrumes.com\/ouvrage\/9782364300774\/bouture-de-paroles"},{"id":"9782330002107","title":"Le chardon rouge ; voyage dans le nord Caucase","description":"Photoreporter depuis 1998, l'Italien Davide Monteleone est le laur\u00e9at 2011 du Prix du meilleur livre europ\u00e9en de photographie (European Publisher's Award for Photography) d\u00e9cern\u00e9 par cinq \u00e9diteurs europ\u00e9ens. N\u00e9 en 1974, il suit des \u00e9tudes d'ing\u00e9nieur, avant de s'installer aux \u00c9tats-Unis puis en Angleterre, pays dans lesquels il s'initie \u00e0 la photographie et au journalisme. En 2001, il s'\u00e9tablit \u00e0 Moscou o\u00f9 il devient correspondant de l'agence photographique Contrasto. Plusieurs fois r\u00e9compens\u00e9 par le prestigieux Word Press Photo, Davide Monteleone collabore r\u00e9guli\u00e8rement avec les grands magazines internationaux d'information tout en d\u00e9veloppant des travaux personnels de recherche et d'investigation.\r\nPopularis\u00e9 par Tolsto\u00ef dans son roman Hadji Mourat, le chardon rouge est, pour les pays du Caucase, la fleur qui symbolise m\u00e9taphoriquement la r\u00e9sistance et la t\u00e9nacit\u00e9.\r\nDepuis la premi\u00e8re guerre de pacification du Caucase. men\u00e9e par le tsar Nicolas Ier au xixe si\u00e8cle, jusqu'aux r\u00e9centes guerres tch\u00e9tch\u00e8nes conduites par l'arm\u00e9e russe, les pays et populations qui constituent cette vaste et riche r\u00e9gion du monde n'ont cess\u00e9 de conna\u00eetre invasions, conflits et d\u00e9chirements. Les \u00abr\u00e9publiques\u00bb.- anciennement rattach\u00e9es \u00e0 l'Union sovi\u00e9tique - qui s'\u00e9tendent de la mer Caspienne \u00e0 la mer Noire restent encore aujourd'hui marqu\u00e9es par une grande diversit\u00e9 ethnique, linguistique et religieuse. C'est parce qu'il s'est passionn\u00e9 pour l'histoire des peuples de ces pays montagneux, irrigu\u00e9s de multiples cultures, que le photographe a entrepris de dresser un portrait forc\u00e9ment parcellaire de la r\u00e9alit\u00e9 caucasienne contemporaine.\r\nParcourant pendant plusieurs ann\u00e9es la Tch\u00e9tch\u00e9nie, le Daguestan, la G\u00e9orgie, l'Oss\u00e9tie- du-Nord et l'Oss\u00e9tie-du-Sud (apr\u00e8s la guerre de l'\u00e9t\u00e9 2008), l'Abkhazie, et plus g\u00e9n\u00e9ralement le Nord Caucase, Davide Monteleone s'attache \u00e0 t\u00e9moigner de la vie particuli\u00e8re des populations qui composent ces ensembles nationaux fragiles et convoit\u00e9s. Son but n'est pas de rendre compte de la violence des conflits ou des exc\u00e8s des luttes de pouvoir, mais d'essayer de saisir la trame des jours que tissent, malgr\u00e9 de multiples difficult\u00e9s, les hommes et les femmes qu'il rencontre. Sous son objectif, une r\u00e9union familiale, une sc\u00e8ne de rue, un mariage, des portraits de femmes, d'enfants ou de soldats suffisent \u00e0 exprimer la complexit\u00e9 des existences contraintes de s'inventer un avenir dans des fronti\u00e8res et des identit\u00e9s que l'histoire r\u00e9cente a le plus souvent d\u00e9finies par la force. De ses images fortement construites se d\u00e9gage subrepticement le sentiment paradoxal d'une forme de proximit\u00e9 et d'intimit\u00e9 avec les personnes photographi\u00e9es, que d\u00e9nient parfois les aspects spectaculaires du photoreportage.\r","authors":["Davide Monteleone"],"category_codes":["6000000","6070000","6070200"],"visuals":{"large":"https:\/\/images.epagine.fr\/107\/9782330002107_1_75.jpg","medium":"https:\/\/images.epagine.fr\/107\/9782330002107_1_m.jpg","thumbnail":"https:\/\/images.epagine.fr\/107\/9782330002107_1_v.jpg"},"orderable":true,"show_badge":true,"formatted_price":"15,00&nbsp;\u20ac","formatted_published_date":"8 septembre 2012","publisher_availability_label":"Sur commande","short_details":"Davide Monteleone \u2014 Actes Sud","translator":null,"weight":676,"page_count":136,"readership":null,"editor":"Actes Sud","price":1500,"published_date":"2012-09-07T22:00:00.000000Z","support":"Grand format","publisher_availability":1,"stock":0,"editions":[],"url":"https:\/\/quaidesbrumes.com\/ouvrage\/9782330002107\/le-chardon-rouge-voyage-dans-le-nord-caucase"},{"id":"9782246397519","title":"L'amour en France","description":"Trois ans durant, Daniel Karlin et Tony Lain\u00e9 ont film\u00e9 des hommes et des femmes, des enfants, des h\u00e9t\u00e9rosexuels, des homosexuels, des gens qui s'aiment. Ainsi sont n\u00e9s, tout ensemble, une monumentale s\u00e9rie t\u00e9l\u00e9visuelle de dix heures trente minutes diffus\u00e9e par la Sept et Antenne 2 - et aussi ce livre, narration de tout ce qu'aucune cam\u00e9ra ne pourra jamais montrer : toutes les subjectivit\u00e9s, invisibles et silencieuses, l'\u00e9vocation des sc\u00e8nes jamais tourn\u00e9es ou de celles qui, tourn\u00e9es, ne seront finalement pas montr\u00e9es \u00e0 l'\u00e9cran. {L'Amour en France} est une formidable collection de portraits qui, tous r\u00e9unis, constituent la radiographie du coeur et du sexe des Fran\u00e7ais. Au fil des pages, c'est le vrai roman des cinquante derni\u00e8res ann\u00e9es qui s'\u00e9crit, o\u00f9 chacun de nous, pris individuellement, devient h\u00e9ros, nu et tremblant, impudique et touchant.\r","authors":["Tony Lain\u00e9","Daniel Karlin"],"category_codes":["6000000","6070000","6070300","6070304"],"visuals":{"large":"https:\/\/images.epagine.fr\/519\/9782246397519_1_75.jpg","medium":"https:\/\/images.epagine.fr\/519\/9782246397519_1_m.jpg","thumbnail":"https:\/\/images.epagine.fr\/519\/9782246397519_1_v.jpg"},"orderable":true,"show_badge":true,"formatted_price":"24,90&nbsp;\u20ac","formatted_published_date":"10 janvier 1990","publisher_availability_label":"Sur commande","short_details":"Tony Lain\u00e9, Daniel Karlin \u2014 \u00c9ditions Grasset","translator":null,"weight":509,"page_count":372,"readership":null,"editor":"\u00c9ditions Grasset","price":2490,"published_date":"1990-01-09T23:00:00.000000Z","support":"Grand format","publisher_availability":1,"stock":0,"editions":[],"url":"https:\/\/quaidesbrumes.com\/ouvrage\/9782246397519\/lamour-en-france"},{"id":"9782866420376","title":"Chroniques de cin\u00e9ma","description":"Roger leenhardt est le premier et l'un des plus \u00e9minents th\u00e9oriciens du cin\u00e9ma parlant.\r\n Il a inspir\u00e9 \u00e0 andr\u00e9 bazin, qui le tenait pour son ma\u00eetre, certaines de ses th\u00e8ses les plus importantes.  les cin\u00e9astes de la nouvelle vague ont reconnu en lui un exemple de lucidit\u00e9 critique et un auteur \u00e0 part enti\u00e8re.  roger leenhardt a r\u00e9alis\u00e9 deux longs m\u00e9trages - les derni\u00e8res vacances le rendez-vous de minuit -, et plus de cinquante courts m\u00e9trages.  ces \" chroniques de cin\u00e9ma \" rassemblent la plus grande partie de ses articles entre 1934 et 1972, parus dans esprit avant la guerre, et \u00e0 partir de la lib\u00e9ration dans l'ecran fran\u00e7ais, les lettres fran\u00e7aises, fontaine, les cahiers du cin\u00e9ma.\r\n Roger leenhardt est mort en d\u00e9cembre 1985, tandis qu'il travaillait \u00e0 l'\u00e9laboration de cet ouvrage.\r","authors":["Roger Leenhardt"],"category_codes":["6000000","6070000","6070300"],"visuals":{"large":"https:\/\/images.epagine.fr\/376\/9782866420376_1_75.jpg","medium":"https:\/\/images.epagine.fr\/376\/9782866420376_1_m.jpg","thumbnail":"https:\/\/images.epagine.fr\/376\/9782866420376_1_v.jpg"},"orderable":true,"show_badge":true,"formatted_price":"19,95&nbsp;\u20ac","formatted_published_date":"1er mars 1986","publisher_availability_label":"Sur commande","short_details":"Roger Leenhardt \u2014 Cahiers Du Cinema","translator":null,"weight":501,"page_count":null,"readership":null,"editor":"Cahiers Du Cinema","price":1995,"published_date":"1986-02-28T23:00:00.000000Z","support":"Grand format","publisher_availability":1,"stock":0,"editions":[],"url":"https:\/\/quaidesbrumes.com\/ouvrage\/9782866420376\/chroniques-de-cinema"},{"id":"9782804191405","title":"Architecture de l'information ; m\u00e9thodes, outils, enjeux","description":"Rep\u00e9rer l'information et l'organiser afin de garantir \u00e0 l'utilisateur d'une ressource web un acc\u00e8s intuitif et facile au contenu : voil\u00e0 la t\u00e2che des architectes de l'information. Avec illustrations et \u00e9tudes de cas. Support du Mooc - plateforme FUN.\r\nOn compte aujourd'hui plus d'un milliard de sites web et applications mobiles. Dans un environnement aussi comp\u00e9titif, la fid\u00e9lit\u00e9 de l'internaute \u00e0 une interface ou \u00e0 une ressource d\u00e9pend en grande partie de l'exp\u00e9rience de sa visite. C'est pourquoi le r\u00f4le de l'architecte de l'information est primordial : organiser les espaces informationnels, en particulier num\u00e9riques, afin de garantir \u00e0 l'utilisateur un acc\u00e8s facile et intuitif au contenu recherch\u00e9.Cela suppose une excellente connaissance du num\u00e9rique, de l'organisation de l'information, du design de l'exp\u00e9rience utilisateur, mais aussi un dialogue avec des m\u00e9tiers vari\u00e9s et une attention constante \u00e0 l'innovation.Premier manuel francophone sur le sujet, cet ouvrage aborde ces diff\u00e9rents aspects et pr\u00e9sente les principales approches et m\u00e9thodes de l'architecture de l'information, d\u00e9montant les logiques des syst\u00e8mes d'information contemporains.L'architecture de l'information fait \u00e9galement l'objet d'un Mooc international sur la plateforme France Universit\u00e9 Num\u00e9rique. Cet ouvrage en est le support.    Pour les professionnels ou \u00e9tudiants en num\u00e9rique (webmaster, community manager), en informatique (d\u00e9veloppeur web), en sciences de l'information (biblioth\u00e9caire, documentaliste, archiviste), en design et en marketing.","authors":["Beno\u00eet Habert","Jean-michel Salaun"],"category_codes":["6000000","6070000","6070300"],"visuals":{"large":"https:\/\/images.epagine.fr\/405\/9782804191405_1_75.jpg","medium":"https:\/\/images.epagine.fr\/405\/9782804191405_1_m.jpg","thumbnail":"https:\/\/images.epagine.fr\/405\/9782804191405_1_v.jpg"},"orderable":true,"show_badge":true,"formatted_price":"26,90&nbsp;\u20ac","formatted_published_date":"20 mai 2015","publisher_availability_label":"Sur commande","short_details":"Beno\u00eet Habert, Jean-michel Salaun \u2014 De Boeck Sup\u00e9rieur","translator":null,"weight":340,"page_count":206,"readership":null,"editor":"De Boeck Sup\u00e9rieur","price":2690,"published_date":"2015-05-19T22:00:00.000000Z","support":"Grand format","publisher_availability":1,"stock":0,"editions":[],"url":"https:\/\/quaidesbrumes.com\/ouvrage\/9782804191405\/architecture-de-linformation-methodes-outils-enjeux"},{"id":"9786148035135","title":"Building index","description":"Publication regroupant un ensemble photographique complet retra\u00e7ant la pratique architecturale de Rifat Chadirji \u00e0 Bagdad, de 1952 au d\u00e9but des ann\u00e9es 1980. L'ouvrage fournit un t\u00e9moignage unique sur la fa\u00e7on dont l'architecte a document\u00e9, organis\u00e9 et r\u00e9f\u00e9renc\u00e9 son propre travail \u00e0 travers la photographie.\r\n\r\nRifat Chadirji (n\u00e9 en 1926 \u00e0 Bagdad) est consid\u00e9r\u00e9 comme l'un des architectes les plus importants du monde arabe. \u00c0 son retour en Irak en 1952, Rifat Chadirji participe activement au renouvellement et \u00e0 la red\u00e9finition de l'architecture locale. Gr\u00e2ce \u00e0 ses travaux d'architecture et d'ing\u00e9nierie, Chadirji devient une figure culturelle majeure de Bagdad durant la p\u00e9riode de modernisation entre les ann\u00e9es 1950 \u00e0 1970. Il sera n\u00e9anmoins mis en prison par le r\u00e9gime irakien en 1978. Rel\u00e2ch\u00e9 deux ans plus tard, Rifat Chadirji quitte son pays en 1983, et se consacre depuis \u00e0 l'\u00e9criture et \u00e0 l'archivage de ses r\u00e9alisations architecturales.\r","authors":["Rifat Chadirji"],"category_codes":["6000000","6070000","6070200","6070204"],"visuals":{"large":"https:\/\/images.epagine.fr\/135\/9786148035135_1_75.jpg","medium":"https:\/\/images.epagine.fr\/135\/9786148035135_1_m.jpg","thumbnail":"https:\/\/images.epagine.fr\/135\/9786148035135_1_v.jpg"},"orderable":true,"show_badge":true,"formatted_price":"45,00&nbsp;\u20ac","formatted_published_date":"1er septembre 2018","publisher_availability_label":"Sur commande","short_details":"Rifat Chadirji \u2014 Kaph","translator":null,"weight":2257,"page_count":420,"readership":null,"editor":"Kaph","price":4500,"published_date":"2018-08-31T22:00:00.000000Z","support":"Grand format","publisher_availability":1,"stock":0,"editions":[],"url":"https:\/\/quaidesbrumes.com\/ouvrage\/9786148035135\/building-index"},{"id":"9782369560432","title":"Tribus du monde","description":"Depuis 2009, Anne de Vandi\u00e8re voyage \u00e0 la rencontre des petits peuples de la Terre. Son approche humaniste, intime et singuli\u00e8re s'inscrit dans la continuit\u00e9 d'une d\u00e9marche artistique qui accorde \u00e0 la main, cet irrempla\u00e7able outil gr\u00e2ce auquel l'homme communique, cr\u00e9e, donne, se nourrit, se loge, s'habille, une place centrale. La photographe recueille au fil de ses voyages le t\u00e9moignage d'hommes, de femmes et d'enfants des tribus menac\u00e9es \u00e0 travers le monde et capte les gestes de ces mains, t\u00e9moins premiers de leur vie, leur histoire et leur culture. Chaque portrait est un tryptique : un visage, des mains, des mots.\r\nCe regard d\u00e9licat est pr\u00e9sent\u00e9 dans un ouvrage au papier doux comme la peau, aux noirs et blancs riches et profonds comme les bribes d'humanit\u00e9 capt\u00e9es par le regard sensible et l'objectif argentique d'Anne de Vandi\u00e8re.\r","authors":["Anne de Vandi\u00e8re"],"category_codes":["6000000","6070000","6070200"],"visuals":{"large":"https:\/\/images.epagine.fr\/432\/9782369560432_1_75.jpg","medium":"https:\/\/images.epagine.fr\/432\/9782369560432_1_m.jpg","thumbnail":"https:\/\/images.epagine.fr\/432\/9782369560432_1_v.jpg"},"orderable":true,"show_badge":true,"formatted_price":"140,00&nbsp;\u20ac","formatted_published_date":"8 novembre 2016","publisher_availability_label":"Sur commande","short_details":"Anne de Vandi\u00e8re \u2014 INTERVALLES","translator":null,"weight":114,"page_count":579,"readership":null,"editor":"INTERVALLES","price":14000,"published_date":"2016-11-07T23:00:00.000000Z","support":"Grand format","publisher_availability":1,"stock":0,"editions":[],"url":"https:\/\/quaidesbrumes.com\/ouvrage\/9782369560432\/tribus-du-monde"},{"id":"9782490704088","title":"Enigmes","description":null,"authors":["Bertrand Desprez"],"category_codes":["6000000","6070000","6070200","6070204"],"visuals":{"large":"https:\/\/images.epagine.fr\/088\/9782490704088_1_75.jpg","medium":"https:\/\/images.epagine.fr\/088\/9782490704088_1_m.jpg","thumbnail":"https:\/\/images.epagine.fr\/088\/9782490704088_1_v.jpg"},"orderable":true,"show_badge":true,"formatted_price":"14,50&nbsp;\u20ac","formatted_published_date":"6 juin 2022","publisher_availability_label":"Sur commande","short_details":"Bertrand Desprez \u2014 De L'Air Editions","translator":null,"weight":401,"page_count":null,"readership":null,"editor":"De L'Air Editions","price":1450,"published_date":"2022-06-05T22:00:00.000000Z","support":"Grand format","publisher_availability":1,"stock":0,"editions":[],"url":"https:\/\/quaidesbrumes.com\/ouvrage\/9782490704088\/enigmes"},{"id":"9783969993088","title":"Nicola Brandt : The distance within","description":"From German colonialism to the post-apartheid present, Brandt's photographs present new views of Namibia that intertwine its many histories\r\n\r\nFeaturing images and video stills made over more than a decade, The Distance Within reflects on photographer Nicola Brandt's (born 1983) German and Namibian ancestry and deconstructs certain established ways of seeing Namibia. Brandt traveled the country extensively, documenting landscapes and people, structures and encounters, to reveal ensnared histories of German colonialism, National Socialism and apartheid. Markers of these histories range from the ephemeral and private, such as a dilapidated mound of stones as a roadside memorial, to official sites of remembrance and resistance, particularly for colonial atrocities. Alongside her images, Brandt assembles texts by scholars in photography, postcolonial cultures, memory and genocide studies, as well as archival material, to understand enduring blind spots. The result is an intersectional argument in favor of reclaiming suppressed Indigenous stories and identities, undoing romantic notions of whiteness and, ultimately, illuminating what has not been visible.","authors":["Brandt Nicola"],"category_codes":["6000000","6070000","6070200","6070205"],"visuals":{"large":"https:\/\/images.epagine.fr\/088\/9783969993088_1_75.jpg","medium":"https:\/\/images.epagine.fr\/088\/9783969993088_1_m.jpg","thumbnail":"https:\/\/images.epagine.fr\/088\/9783969993088_1_v.jpg"},"orderable":true,"show_badge":true,"formatted_price":"75,00&nbsp;\u20ac","formatted_published_date":"18 mars 2025","publisher_availability_label":"Sur commande","short_details":"Brandt Nicola \u2014 Steidl","translator":null,"weight":1050,"page_count":392,"readership":null,"editor":"Steidl","price":7500,"published_date":"2025-03-17T23:00:00.000000Z","support":"Grand format","publisher_availability":1,"stock":0,"editions":[],"url":"https:\/\/quaidesbrumes.com\/ouvrage\/9783969993088\/nicola-brandt-the-distance-within"}]}