{"data":[{"id":"9782370122483","title":"Laurent Marcangeli - Itin\u00e9raire d'un enfant d'Ajaccio","description":"R\u00e9\u00e9dition augment\u00e9e avec les entretiens de janvier 2024 Cet ouvrage rassemble plusieurs entretiens entre Laurent Marcangeli et l'auteur Fr\u00e9d\u00e9ric Bertocchini, journaliste et historien.\r\nLe d\u00e9put\u00e9 se confie intimement ; son enfance, sa famille, son engagement politique sont autant de sujets \u00e0 d\u00e9battre.\r\n\r\nCes entretiens ont \u00e9t\u00e9 les premiers \u00e0 para\u00eetre dans une collection, Pulitica, qu'anime Fr\u00e9d\u00e9ric Bertocchini, des entretiens sans fards qui s'ouvrent \u00e0 toutes les sensibilit\u00e9s politiques et soci\u00e9tales. \r\nCe livre fut le le premier \u00e0 inaugurer avec beaucoup de succ\u00e8s la collection. Ce sont des entretiens que Laurent Marcangeli, alors maire de la ville d'Ajaccio en Corse, nous avait accord\u00e9s. Il se confie intimement ; son enfance, sa famille, son engagement politique sont autant de sujets \u00e0 d\u00e9battre. Un parcours atypique, un engagement politique \u00e0 seize ans sur les traces de Jacques Chirac, des \u00e9tudes d'avocat, l'ar\u00e8ne locale, ses premi\u00e8res d\u00e9faites et une ascension \u00e0 des postes \u00e0 responsabilit\u00e9 tr\u00e8s jeune en font une des personnalit\u00e9s les plus prometteuses de la Corse pour les ann\u00e9es \u00e0 venir. \r\nSuivent des entretiens plus r\u00e9cents en 2024, une mise \u00e0 jour importante.\r\nCollection Pulitica :\r\n    Laurent Marcangeli - Itin\u00e9raire d'un enfant d'Ajaccio\r\n    Jean-Guy Talamoni - Le sens d'un engagement\r\n    Edmond Simeoni - La libert\u00e9 seule guide nos pas","authors":["Fr\u00e9d\u00e9ric Bertocchini"],"category_codes":["6000000","6070000","6070300","6070304"],"visuals":{"large":"https:\/\/images.epagine.fr\/483\/9782370122483_1_75.jpg","medium":"https:\/\/images.epagine.fr\/483\/9782370122483_1_m.jpg","thumbnail":"https:\/\/images.epagine.fr\/483\/9782370122483_1_v.jpg"},"orderable":true,"show_badge":true,"formatted_price":"9,50&nbsp;\u20ac","formatted_published_date":"8 juillet 2024","publisher_availability_label":"Sur commande","short_details":"Fr\u00e9d\u00e9ric Bertocchini \u2014 \u00c9ditions Cl\u00e9mentine","translator":null,"weight":433,"page_count":512,"readership":null,"editor":"\u00c9ditions Cl\u00e9mentine","price":950,"published_date":"2024-07-07T22:00:00.000000Z","support":"Grand format","publisher_availability":1,"stock":0,"editions":[],"url":"https:\/\/quaidesbrumes.com\/ouvrage\/9782370122483\/laurent-marcangeli-itineraire-dun-enfant-dajaccio"},{"id":"9782738461025","title":"Image & m\u00e9dia","description":"Au sommaire de ce num\u00e9ro: T\u00e9l\u00e9vision et r\u00e9alit\u00e9, I'\u00e9v\u00e9nement \u00e9lectronique et sa v\u00e9rit\u00e9; Propositions sur la pens\u00e9e visuelle de Ga\u00ebtan Gatian de Cl\u00e9rambault; Les portraits des pr\u00e9sidents de la R\u00e9publique: la lente d\u00e9rive du pouvoir; L'image incarn\u00e9e, une g\u00e9n\u00e9alogie du portrait politique; Les images de t\u00e9l\u00e9vision, rep\u00e8res pour un syst\u00e8me de classification; Quand les psychologues \u00e9tudient le dessin; Perspectives sur le langage des photographies; Les images hybrides: virtualit\u00e9 et indicialit\u00e9.\r","authors":["Collectif"],"category_codes":["6000000","6070000","6070300"],"visuals":{"large":"https:\/\/images.epagine.fr\/025\/9782738461025_1_75.jpg","medium":"https:\/\/images.epagine.fr\/025\/9782738461025_1_m.jpg","thumbnail":"https:\/\/images.epagine.fr\/025\/9782738461025_1_v.jpg"},"orderable":true,"show_badge":true,"formatted_price":"19,00&nbsp;\u20ac","formatted_published_date":"3 mai 2000","publisher_availability_label":"Sur commande","short_details":"Collectif \u2014 \u00c9ditions L'Harmattan","translator":null,"weight":322,"page_count":174,"readership":null,"editor":"\u00c9ditions L'Harmattan","price":1900,"published_date":"2000-05-02T22:00:00.000000Z","support":"Grand format","publisher_availability":1,"stock":0,"editions":[],"url":"https:\/\/quaidesbrumes.com\/ouvrage\/9782738461025\/image-media"},{"id":"9782815108928","title":"14-18","description":"La maison et les jardins de Monet, l\u00e9gu\u00e9s par son fils \u00e0 l'Acad\u00e9mie des beaux-arts, sont ouverts au public depuis 1980. Du 1er avril au 1er novembre, ils accueillent chaque ann\u00e9e des centaines de milliers de visiteurs du monde entier.\r\nLa Fondation Monet emploie une \u00e9quipe d'une dizaine de jardiniers professionnels qui produisent et plantent quelque 100 000 fleurs annuelles, offrant un spectacle \u00e9blouissant de couleurs. Du printemps \u00e0 l'automne, les floraisons se succ\u00e8dent sans interruption.","authors":["Ariane Cauderlier"],"category_codes":["6000000","6070000","6070200"],"visuals":{"large":"https:\/\/images.epagine.fr\/928\/9782815108928_1_75.jpg","medium":"https:\/\/images.epagine.fr\/928\/9782815108928_1_m.jpg","thumbnail":"https:\/\/images.epagine.fr\/928\/9782815108928_1_v.jpg"},"orderable":true,"show_badge":true,"formatted_price":"28,90&nbsp;\u20ac","formatted_published_date":"18 mars 2024","publisher_availability_label":"Sur commande","short_details":"Ariane Cauderlier \u2014 OREP","translator":null,"weight":600,"page_count":224,"readership":null,"editor":"OREP","price":2890,"published_date":"2024-03-17T23:00:00.000000Z","support":"Grand format","publisher_availability":1,"stock":0,"editions":[],"url":"https:\/\/quaidesbrumes.com\/ouvrage\/9782815108928\/14-18"},{"id":"9783791393117","title":"Best face forward : Some thoughts on the portrait photograph","description":"A renowned photographer, curator, and critic offers extraordinary insights into the evolution and significance of portrait photography.\r\n\r\n\"When we contemplate a portrait,\" says Gerry Badger in his introduction to this book, \"we are asked to contemplate life. We are drawn powerfully to the person depicted.\" The relational aspect of portraiture comes into sharp focus through this personal selection of photographic portraits from the past two centuries. Here readers will find well-known works by widely reco","authors":["Gerry Badger"],"category_codes":["6000000","6070000","6070200","6070204"],"visuals":{"large":"https:\/\/images.epagine.fr\/117\/9783791393117_1_75.jpg","medium":"https:\/\/images.epagine.fr\/117\/9783791393117_1_m.jpg","thumbnail":"https:\/\/images.epagine.fr\/117\/9783791393117_1_v.jpg"},"orderable":true,"show_badge":true,"formatted_price":"59,00&nbsp;\u20ac","formatted_published_date":"8 octobre 2024","publisher_availability_label":"Sur commande","short_details":"Gerry Badger \u2014 Prestel","translator":null,"weight":567,"page_count":240,"readership":null,"editor":"Prestel","price":5900,"published_date":"2024-10-07T22:00:00.000000Z","support":"Grand format","publisher_availability":1,"stock":0,"editions":[],"url":"https:\/\/quaidesbrumes.com\/ouvrage\/9783791393117\/best-face-forward-some-thoughts-on-the-portrait-photograph"},{"id":"9782363061270","title":"Grand magasin","description":"\u00c0 l'occasion des 25 ans du prix de mode de l'Andam, la Galerie des Galeries pr\u00e9sente \u00ab Grand Magasin \u00bb, une exposition du photographe Philippe Jarrigeon.\r\nInvit\u00e9 \u00e0 porter son regard sur les univers d'une quinzaine de laur\u00e9ats embl\u00e9matiques de l'Andam dont Maison Martin Margiela, Viktor & Rolf, Bless, Felipe Oliveira Baptista, Yazbukey, Gareth Pugh, Giles Deacon ou encore Yiqing Yin, le photographe imagine une s\u00e9rie de clich\u00e9s r\u00e9alis\u00e9s en partie dans les Galeries Lafayette.\r\nImages fixes, natures mortes, portraits, photos de groupe fantaisistes, viendront c\u00e9l\u00e9brer 25 ans de mode dans un univers festif et in\u00e9dit.\r","authors":["Philippe Jarrigeon"],"category_codes":["6000000","6070000","6070200"],"visuals":{"large":"https:\/\/images.epagine.fr\/270\/9782363061270_1_75.jpg","medium":"https:\/\/images.epagine.fr\/270\/9782363061270_1_m.jpg","thumbnail":"https:\/\/images.epagine.fr\/270\/9782363061270_1_v.jpg"},"orderable":true,"show_badge":true,"formatted_price":"19,00&nbsp;\u20ac","formatted_published_date":"1er octobre 2014","publisher_availability_label":"Sur commande","short_details":"Philippe Jarrigeon \u2014 Bernard Chauveau","translator":null,"weight":400,"page_count":50,"readership":null,"editor":"Bernard Chauveau","price":1900,"published_date":"2014-09-30T22:00:00.000000Z","support":"Grand format","publisher_availability":1,"stock":0,"editions":[],"url":"https:\/\/quaidesbrumes.com\/ouvrage\/9782363061270\/grand-magasin"},{"id":"9782343048376","title":"Histoire du transm\u00e9dia ; gen\u00e8se du r\u00e9cit audiovisuel \u00e9clat\u00e9","description":"Cet ouvrage s'interroge sur le fait de savoir si le transm\u00e9dia ou le transm\u00e9dia storytelling ont pu pr\u00e9exister aux outils num\u00e9riques qui ont permis l'\u00e9mergence de ce qu'on appelle commun\u00e9ment aujourd'hui le transm\u00e9dia. Un terme r\u00e9cent, avec ce qu'il porte de sp\u00e9cifiquement li\u00e9 aux nouvelles technologies, peut-il \u00eatre employ\u00e9 r\u00e9trospectivement  dans l'histoire des m\u00e9dias, au risque du contresens ou de la lecture forc\u00e9e ? Est-il possible de d\u00e9lier la construction narrative et le ph\u00e9nom\u00e8ne d'interaction, et si oui, dans quelles limites ?\r","authors":["Collectif"],"category_codes":["6000000","6070000","6070300"],"visuals":{"large":"https:\/\/images.epagine.fr\/376\/9782343048376_1_75.jpg","medium":"https:\/\/images.epagine.fr\/376\/9782343048376_1_m.jpg","thumbnail":"https:\/\/images.epagine.fr\/376\/9782343048376_1_v.jpg"},"orderable":true,"show_badge":true,"formatted_price":"29,00&nbsp;\u20ac","formatted_published_date":"22 d\u00e9cembre 2014","publisher_availability_label":"Sur commande","short_details":"Collectif \u2014 \u00c9ditions L'Harmattan","translator":null,"weight":335,"page_count":272,"readership":null,"editor":"\u00c9ditions L'Harmattan","price":2900,"published_date":"2014-12-21T23:00:00.000000Z","support":"Grand format","publisher_availability":1,"stock":0,"editions":[],"url":"https:\/\/quaidesbrumes.com\/ouvrage\/9782343048376\/histoire-du-transmedia-genese-du-recit-audiovisuel-eclate"},{"id":"9782370121714","title":"Edmond Simeoni - La libert\u00e9 seule guide nos pas","description":"Certains diront qu'il fut le p\u00e8re du nationalisme corse contemporain, d'autres retiendront de l'homme son engagement de tous les instants, sa soif de libert\u00e9, de d\u00e9mocratie et sa haine de l'injustice. Edmond Simeoni (1934- 2018) \u00e9tait impr\u00e9gn\u00e9 de tous ces qualificatifs. Mais il \u00e9tait surtout un humaniste profond\u00e9ment \u00e9pris de sa terre et de l'\u00e2me corse, le militant qui jusqu'\u00e0 ses derniers jours communiquait avec les autres et donnait des interviews, le poing lev\u00e9.\r\nDe sa jeunesse dans les montagnes du Niolu aux joies des victoires politiques, en passant par les dramatiques \u00e9v\u00e9nements d'Aleria et la vie carc\u00e9rale, Edmond Simeoni nous raconte tout au travers de ces entretiens r\u00e9alis\u00e9s entre 2012 et 2018.\r\nCe livre est agenc\u00e9 chronologiquement par le journaliste Fr\u00e9d\u00e9ric Bertocchini qui le rencontra et \u00e9changea avec lui \u00e0 de multiples reprises au micro, mais aussi et souvent de fa\u00e7on plus confidentielle.\r\nVous tenez entre vos mains le fruit de ces confidences.\r\nCollection Pulitica :\r\n    Laurent Marcangeli - Itin\u00e9raire d'un enfant d'Ajaccio\r\n    Jean-Guy Talamoni - Le sens d'un engagement\r\n    Edmond Simeoni - La libert\u00e9 seule guide nos pas","authors":["Fr\u00e9d\u00e9ric Bertocchini"],"category_codes":["6000000","6070000","6070300","6070304"],"visuals":{"large":"https:\/\/images.epagine.fr\/714\/9782370121714_1_75.jpg","medium":"https:\/\/images.epagine.fr\/714\/9782370121714_1_m.jpg","thumbnail":"https:\/\/images.epagine.fr\/714\/9782370121714_1_v.jpg"},"orderable":true,"show_badge":true,"formatted_price":"19,50&nbsp;\u20ac","formatted_published_date":"30 juin 2021","publisher_availability_label":"Sur commande","short_details":"Fr\u00e9d\u00e9ric Bertocchini \u2014 \u00c9ditions Cl\u00e9mentine","translator":null,"weight":430,"page_count":312,"readership":null,"editor":"\u00c9ditions Cl\u00e9mentine","price":1950,"published_date":"2021-06-29T22:00:00.000000Z","support":"Grand format","publisher_availability":1,"stock":0,"editions":[],"url":"https:\/\/quaidesbrumes.com\/ouvrage\/9782370121714\/edmond-simeoni-la-liberte-seule-guide-nos-pas"},{"id":"9782366690101","title":"Les \u00e9veill\u00e9s","description":"C'est un livre d'art qui pr\u00e9sente la s\u00e9rie \u00ab Les \u00c9veill\u00e9s \u00bb de Michel Kirch compos\u00e9e de belles reproductions de photographies en noir et blanc. Michel Kirch nous plonge dans un univers singulier au-del\u00e0 du r\u00e9el et nous invite \u00e0 contempler ses oeuvres marqu\u00e9es par le silence et l'\u00e9tranget\u00e9.\r","authors":["Michel Kirch"],"category_codes":["6000000","6070000","6070200"],"visuals":{"large":"https:\/\/images.epagine.fr\/101\/9782366690101_1_75.jpg","medium":"https:\/\/images.epagine.fr\/101\/9782366690101_1_m.jpg","thumbnail":"https:\/\/images.epagine.fr\/101\/9782366690101_1_v.jpg"},"orderable":true,"show_badge":true,"formatted_price":"46,00&nbsp;\u20ac","formatted_published_date":"1er novembre 2014","publisher_availability_label":"Sur commande","short_details":"Michel Kirch \u2014 Manufacture De L'Image","translator":null,"weight":1800,"page_count":160,"readership":null,"editor":"Manufacture De L'Image","price":4600,"published_date":"2014-10-31T23:00:00.000000Z","support":"Grand format","publisher_availability":1,"stock":0,"editions":[],"url":"https:\/\/quaidesbrumes.com\/ouvrage\/9782366690101\/les-eveilles"},{"id":"9782343176284","title":"Quand le cin\u00e9ma et la t\u00e9l\u00e9vision enqu\u00eatent sur leurs publics","description":"Ce num\u00e9ro de la revue Les Cahiers de Champs Visuels poursuit les recherches conduites lors de la journ\u00e9e d'\u00e9tude Quand le cin\u00e9ma enqu\u00eate sur ses publics, qui s'est tenue le 16 novembre 2016 \u00e0 l'universit\u00e9 Paris Diderot. Cette manifestation scientifique organis\u00e9e par le GREPs (Groupe de recherche sur les \u00e9crans et leurs publics) proposait de s'interroger sur les multiples fa\u00e7ons dont l'industrie du cin\u00e9ma et de la t\u00e9l\u00e9vision cherche \u00e0 conna\u00eetre et comprendre ses publics.","authors":["Cailler Bruno"],"category_codes":["6000000","6070000","6070300","6070306"],"visuals":{"large":"https:\/\/images.epagine.fr\/284\/9782343176284_1_75.jpg","medium":"https:\/\/images.epagine.fr\/284\/9782343176284_1_m.jpg","thumbnail":"https:\/\/images.epagine.fr\/284\/9782343176284_1_v.jpg"},"orderable":true,"show_badge":true,"formatted_price":"29,50&nbsp;\u20ac","formatted_published_date":"24 septembre 2019","publisher_availability_label":"Sur commande","short_details":"Cailler Bruno \u2014 \u00c9ditions L'Harmattan","translator":null,"weight":329,"page_count":270,"readership":null,"editor":"\u00c9ditions L'Harmattan","price":2950,"published_date":"2019-09-23T22:00:00.000000Z","support":"Grand format","publisher_availability":1,"stock":0,"editions":[],"url":"https:\/\/quaidesbrumes.com\/ouvrage\/9782343176284\/quand-le-cinema-et-la-television-enquetent-sur-leurs-publics"},{"id":"9782367161730","title":"REVUE CINE BAZAR","description":null,"authors":["Collectif"],"category_codes":["6000000","6070000","6070300"],"visuals":{"large":"https:\/\/images.epagine.fr\/730\/9782367161730_1_75.jpg","medium":"https:\/\/images.epagine.fr\/730\/9782367161730_1_m.jpg","thumbnail":"https:\/\/images.epagine.fr\/730\/9782367161730_1_v.jpg"},"orderable":true,"show_badge":true,"formatted_price":"20,00&nbsp;\u20ac","formatted_published_date":"10 juin 2016","publisher_availability_label":"Sur commande","short_details":"Collectif \u2014 Lettmotif","translator":null,"weight":400,"page_count":null,"readership":null,"editor":"Lettmotif","price":2000,"published_date":"2016-06-09T22:00:00.000000Z","support":"Grand format","publisher_availability":1,"stock":0,"editions":[],"url":"https:\/\/quaidesbrumes.com\/ouvrage\/9782367161730\/revue-cine-bazar"},{"id":"9782366690255","title":"Deconstruction photographique - pol bury, christiane feser, alain fleisher, joan fontcuberta, isabel","description":null,"authors":["Catherine Rebois"],"category_codes":["6000000","6070000","6070200"],"visuals":{"large":"https:\/\/images.epagine.fr\/255\/9782366690255_1_75.jpg","medium":"https:\/\/images.epagine.fr\/255\/9782366690255_1_m.jpg","thumbnail":"https:\/\/images.epagine.fr\/255\/9782366690255_1_v.jpg"},"orderable":true,"show_badge":true,"formatted_price":"15,00&nbsp;\u20ac","formatted_published_date":"1er novembre 2016","publisher_availability_label":"Sur commande","short_details":"Catherine Rebois \u2014 Manufacture De L'Image","translator":null,"weight":280,"page_count":null,"readership":null,"editor":"Manufacture De L'Image","price":1500,"published_date":"2016-10-31T23:00:00.000000Z","support":"Grand format","publisher_availability":1,"stock":0,"editions":[],"url":"https:\/\/quaidesbrumes.com\/ouvrage\/9782366690255\/deconstruction-photographique-pol-bury-christiane-feser-alain-fleisher-joan-fontcuberta-isabel"},{"id":"9782366690248","title":"Du sensible a la photographie contemporaine - [journee d'etude, paris, espace topographie de l'art,","description":null,"authors":["Catherine Rebois"],"category_codes":["6000000","6070000","6070200"],"visuals":{"large":"https:\/\/images.epagine.fr\/248\/9782366690248_1_75.jpg","medium":"https:\/\/images.epagine.fr\/248\/9782366690248_1_m.jpg","thumbnail":"https:\/\/images.epagine.fr\/248\/9782366690248_1_v.jpg"},"orderable":true,"show_badge":true,"formatted_price":"15,00&nbsp;\u20ac","formatted_published_date":"1er novembre 2016","publisher_availability_label":"Sur commande","short_details":"Catherine Rebois \u2014 Manufacture De L'Image","translator":null,"weight":260,"page_count":null,"readership":null,"editor":"Manufacture De L'Image","price":1500,"published_date":"2016-10-31T23:00:00.000000Z","support":"Grand format","publisher_availability":1,"stock":0,"editions":[],"url":"https:\/\/quaidesbrumes.com\/ouvrage\/9782366690248\/du-sensible-a-la-photographie-contemporaine-journee-detude-paris-espace-topographie-de-lart"},{"id":"9782366690224","title":"Imagetexte - t04 - imagetexte - [exposition, paris, topographie de l'art, 16 fevrier-20 avril 2016]","description":null,"authors":["Horst Haack"],"category_codes":["6000000","6070000","6070200"],"visuals":{"large":"https:\/\/images.epagine.fr\/224\/9782366690224_1_75.jpg","medium":"https:\/\/images.epagine.fr\/224\/9782366690224_1_m.jpg","thumbnail":"https:\/\/images.epagine.fr\/224\/9782366690224_1_v.jpg"},"orderable":true,"show_badge":true,"formatted_price":"15,00&nbsp;\u20ac","formatted_published_date":"1er novembre 2016","publisher_availability_label":"Sur commande","short_details":"Horst Haack \u2014 Manufacture De L'Image","translator":null,"weight":245,"page_count":null,"readership":null,"editor":"Manufacture De L'Image","price":1500,"published_date":"2016-10-31T23:00:00.000000Z","support":"Grand format","publisher_availability":1,"stock":0,"editions":[],"url":"https:\/\/quaidesbrumes.com\/ouvrage\/9782366690224\/imagetexte-t04-imagetexte-exposition-paris-topographie-de-lart-16-fevrier-20-avril-2016"},{"id":"9782366690309","title":"Warning shot - [exposition, paris, topographie de l'art, 5-27 juillet 2017]","description":null,"authors":["Barbara Polla"],"category_codes":["6000000","6070000","6070200"],"visuals":{"large":"https:\/\/images.epagine.fr\/309\/9782366690309_1_75.jpg","medium":"https:\/\/images.epagine.fr\/309\/9782366690309_1_m.jpg","thumbnail":"https:\/\/images.epagine.fr\/309\/9782366690309_1_v.jpg"},"orderable":true,"show_badge":true,"formatted_price":"15,00&nbsp;\u20ac","formatted_published_date":"1er juillet 2017","publisher_availability_label":"Sur commande","short_details":"Barbara Polla \u2014 Manufacture De L'Image","translator":null,"weight":195,"page_count":null,"readership":null,"editor":"Manufacture De L'Image","price":1500,"published_date":"2017-06-30T22:00:00.000000Z","support":"Grand format","publisher_availability":1,"stock":0,"editions":[],"url":"https:\/\/quaidesbrumes.com\/ouvrage\/9782366690309\/warning-shot-exposition-paris-topographie-de-lart-5-27-juillet-2017"},{"id":"9782366690361","title":"Experience photographique - patrick bailly-maitre-grand, anna et berhard blume, pierre cordier, rodo","description":null,"authors":["Catherine Rebois"],"category_codes":["6000000","6070000","6070200"],"visuals":{"large":"https:\/\/images.epagine.fr\/361\/9782366690361_1_75.jpg","medium":"https:\/\/images.epagine.fr\/361\/9782366690361_1_m.jpg","thumbnail":"https:\/\/images.epagine.fr\/361\/9782366690361_1_v.jpg"},"orderable":true,"show_badge":true,"formatted_price":"15,00&nbsp;\u20ac","formatted_published_date":"14 avril 2018","publisher_availability_label":"Sur commande","short_details":"Catherine Rebois \u2014 Manufacture De L'Image","translator":null,"weight":255,"page_count":null,"readership":null,"editor":"Manufacture De L'Image","price":1500,"published_date":"2018-04-13T22:00:00.000000Z","support":"Grand format","publisher_availability":1,"stock":0,"editions":[],"url":"https:\/\/quaidesbrumes.com\/ouvrage\/9782366690361\/experience-photographique-patrick-bailly-maitre-grand-anna-et-berhard-blume-pierre-cordier-rodo"},{"id":"9782367162270","title":"Jeune femme (scenario du film, version luxe)","description":null,"authors":["Serraille Leonor"],"category_codes":["6000000","6070000","6070300"],"visuals":{"large":"https:\/\/images.epagine.fr\/270\/9782367162270_1_75.jpg","medium":"https:\/\/images.epagine.fr\/270\/9782367162270_1_m.jpg","thumbnail":"https:\/\/images.epagine.fr\/270\/9782367162270_1_v.jpg"},"orderable":true,"show_badge":true,"formatted_price":"24,00&nbsp;\u20ac","formatted_published_date":"1er mars 2018","publisher_availability_label":"Sur commande","short_details":"Serraille Leonor \u2014 Lettmotif","translator":null,"weight":480,"page_count":null,"readership":null,"editor":"Lettmotif","price":2400,"published_date":"2018-02-28T23:00:00.000000Z","support":"Grand format","publisher_availability":1,"stock":0,"editions":[],"url":"https:\/\/quaidesbrumes.com\/ouvrage\/9782367162270\/jeune-femme-scenario-du-film-version-luxe"},{"id":"9782367163550","title":"Christine pascal, memoires croisees de deux soeurs","description":null,"authors":["Pascal\/Tavernier"],"category_codes":["6000000","6070000","6070300"],"visuals":{"large":"https:\/\/images.epagine.fr\/550\/9782367163550_1_75.jpg","medium":"https:\/\/images.epagine.fr\/550\/9782367163550_1_m.jpg","thumbnail":"https:\/\/images.epagine.fr\/550\/9782367163550_1_v.jpg"},"orderable":true,"show_badge":true,"formatted_price":"29,00&nbsp;\u20ac","formatted_published_date":"23 mai 2021","publisher_availability_label":"Sur commande","short_details":"Pascal\/Tavernier \u2014 Lettmotif","translator":null,"weight":450,"page_count":null,"readership":null,"editor":"Lettmotif","price":2900,"published_date":"2021-05-22T22:00:00.000000Z","support":"Grand format","publisher_availability":1,"stock":0,"editions":[],"url":"https:\/\/quaidesbrumes.com\/ouvrage\/9782367163550\/christine-pascal-memoires-croisees-de-deux-soeurs"},{"id":"9791092727623","title":"The eyes Tome 15 : Me-xile","description":null,"authors":["Collectif"],"category_codes":["6000000","6070000","6070200","6070204"],"visuals":{"large":"https:\/\/images.epagine.fr\/623\/9791092727623_1_75.jpg","medium":"https:\/\/images.epagine.fr\/623\/9791092727623_1_m.jpg","thumbnail":"https:\/\/images.epagine.fr\/623\/9791092727623_1_v.jpg"},"orderable":true,"show_badge":true,"formatted_price":"25,00&nbsp;\u20ac","formatted_published_date":"15 novembre 2024","publisher_availability_label":"Sur commande","short_details":"Collectif \u2014 THE EYES PUBLISHING","translator":null,"weight":501,"page_count":null,"readership":null,"editor":"THE EYES PUBLISHING","price":2500,"published_date":"2024-11-14T23:00:00.000000Z","support":"Grand format","publisher_availability":1,"stock":0,"editions":[],"url":"https:\/\/quaidesbrumes.com\/ouvrage\/9791092727623\/the-eyes-tome-15-me-xile"},{"id":"9780500544228","title":"Le corbusier and the power of photography \/anglais","description":null,"authors":["Herschdorfer Nathali"],"category_codes":["6000000","6070000","6070200"],"visuals":{"large":"https:\/\/images.epagine.fr\/228\/9780500544228_1_75.jpg","medium":"https:\/\/images.epagine.fr\/228\/9780500544228_1_m.jpg","thumbnail":"https:\/\/images.epagine.fr\/228\/9780500544228_1_v.jpg"},"orderable":true,"show_badge":true,"formatted_price":"45,00&nbsp;\u20ac","formatted_published_date":"8 octobre 2012","publisher_availability_label":"Sur commande","short_details":"Herschdorfer Nathali \u2014 Thames & Hudson","translator":null,"weight":1880,"page_count":null,"readership":null,"editor":"Thames & Hudson","price":4500,"published_date":"2012-10-07T22:00:00.000000Z","support":"Grand format","publisher_availability":1,"stock":0,"editions":[],"url":"https:\/\/quaidesbrumes.com\/ouvrage\/9780500544228\/le-corbusier-and-the-power-of-photography-anglais"},{"id":"9782487003019","title":"Sean Thomas : Yearbook volume 3, 2024","description":null,"authors":["Sean Thomas"],"category_codes":["6000000","6070000","6070200","6070205"],"visuals":{"large":"https:\/\/images.epagine.fr\/019\/9782487003019_1_75.jpg","medium":"https:\/\/images.epagine.fr\/019\/9782487003019_1_m.jpg","thumbnail":"https:\/\/images.epagine.fr\/019\/9782487003019_1_v.jpg"},"orderable":true,"show_badge":true,"formatted_price":"65,00&nbsp;\u20ac","formatted_published_date":"12 mars 2025","publisher_availability_label":"Sur commande","short_details":"Sean Thomas \u2014 Patrick Remy Studio","translator":null,"weight":1300,"page_count":200,"readership":"Tout public","editor":"Patrick Remy Studio","price":6500,"published_date":"2025-03-11T23:00:00.000000Z","support":"Beaux-livres","publisher_availability":1,"stock":0,"editions":[],"url":"https:\/\/quaidesbrumes.com\/ouvrage\/9782487003019\/sean-thomas-yearbook-volume-3-2024"},{"id":"9782359060959","title":"Omphalos","description":"\u00c0 partir de techniques et de m\u00e9diums diff\u00e9rents - c\u00e9ramiques, crayons, gouaches, d\u00e9coupes de toile... - Fr\u00e9d\u00e9rique Lucien questionne la ligne, sa fragilit\u00e9, sa l\u00e9g\u00e8ret\u00e9, la contradiction qui \u00e9mane d'elle engendrant \u00e0 la fois le plein et le vide.\r\n\r\nCet ouvrage est publi\u00e9 \u00e0 l'occasion de l'exposition Fr\u00e9d\u00e9rique Lucien.\r\nOmphalos pr\u00e9sent\u00e9e \u00e0 la galerie Jean Fournier, Paris, du 28 f\u00e9vrier au 20 avril 2013.\r","authors":["Fr\u00e9d\u00e9rique Lucien"],"category_codes":["6000000","6070000","6070200"],"visuals":{"large":"https:\/\/images.epagine.fr\/959\/9782359060959_1_75.jpg","medium":"https:\/\/images.epagine.fr\/959\/9782359060959_1_m.jpg","thumbnail":"https:\/\/images.epagine.fr\/959\/9782359060959_1_v.jpg"},"orderable":true,"show_badge":true,"formatted_price":"20,00&nbsp;\u20ac","formatted_published_date":"7 mars 2013","publisher_availability_label":"Sur commande","short_details":"Fr\u00e9d\u00e9rique Lucien \u2014 Lienart","translator":null,"weight":236,"page_count":null,"readership":null,"editor":"Lienart","price":2000,"published_date":"2013-03-06T23:00:00.000000Z","support":"Grand format","publisher_availability":1,"stock":0,"editions":[],"url":"https:\/\/quaidesbrumes.com\/ouvrage\/9782359060959\/omphalos"},{"id":"9782246783251","title":"Animaux & cie","description":"Fruit de 25 ans de reportages photographiques \u00e0 travers le monde, Animaux & Cie t\u00e9moigne du rapport archa\u00efque, familier, tragique, enfantin, bouleversant, ironique et drolatique que l'humanit\u00e9 entretient depuis toujours avec les animaux. Prises notamment \u00e0 Paris, New York, Rome et diverses villes indiennes, aucune de ces images ne vise l'animal dans son habitat naturel mais toujours en prise avec ce que les hommes d\u00e9cident pour eux : s'en faire des compagnons familiers ou les subir, les mettre en cage ou au vert des jardins, les empailler, les peindre ou les sculpter, en user pour des raisons alimentaires, sportives, esth\u00e9tiques ou symboliques. Car si nous ne poss\u00e9dons pas tous des animaux de compagnie, nous vivons tous, que nous le voulions ou non, dans la compagnie imm\u00e9moriale des mammif\u00e8res, des poissons, des oiseaux et des insectes. Un bestiaire dont Nicolas Guilbert a saisi magistralement, avec humour et po\u00e9sie, la diversit\u00e9 foisonnante, l'alt\u00e9rit\u00e9 radicale et l'inqui\u00e9tante \u00e9tranget\u00e9. En r\u00e9sulte un croisement de regards sur le monde o\u00f9 la gravit\u00e9 s'av\u00e8re aussi indissociable de la joie que l'\u00e9motion de la pens\u00e9e. Un ouvrage \u00e0 la fois graphique et intemporel. Animaux & Cie est accompagn\u00e9 d' \u00ab Humanimals \u00bb, texte de C\u00e9cile Guilbert interrogeant, dans la lign\u00e9e de certains de ses pr\u00e9c\u00e9dents essais critiques r\u00e9cemment publi\u00e9s dans Sans entraves et sans temps morts (Gallimard, 2009), les nouveaux rapports de l'humanit\u00e9 et de l'animalit\u00e9 reconfigur\u00e9s par l'\u00e9poque contemporaine.","authors":["C\u00e9cile Guilbert","Nicolas Guilbert"],"category_codes":["6000000","6070000","6070200"],"visuals":{"large":"https:\/\/images.epagine.fr\/251\/9782246783251_1_75.jpg","medium":"https:\/\/images.epagine.fr\/251\/9782246783251_1_m.jpg","thumbnail":"https:\/\/images.epagine.fr\/251\/9782246783251_1_v.jpg"},"orderable":true,"show_badge":true,"formatted_price":"29,45&nbsp;\u20ac","formatted_published_date":"10 novembre 2010","publisher_availability_label":"Sur commande","short_details":"C\u00e9cile Guilbert, Nicolas Guilbert \u2014 \u00c9ditions Grasset","translator":null,"weight":1208,"page_count":256,"readership":null,"editor":"\u00c9ditions Grasset","price":2945,"published_date":"2010-11-09T23:00:00.000000Z","support":"Grand format","publisher_availability":1,"stock":0,"editions":[],"url":"https:\/\/quaidesbrumes.com\/ouvrage\/9782246783251\/animaux-cie"},{"id":"9782322556663","title":"L'esprit dans les nuages : Turbulent skies in north-west France (Pays de la Loire, Basse-Normandie)","description":"Les ciels tourment\u00e9s, les nuages charg\u00e9s de pluie, les ciels printaniers lumineux, sont comme des m\u00e9taphores puissantes de l'existence et de la fuite du temps, ils sont l'expression d'une beaut\u00e9 \u00e9ph\u00e9m\u00e8re qui pr\u00e9c\u00e8de un changement. Les ciels lourds sont un pr\u00e9lude \u00e0 la clart\u00e9, un moment de transition avant que la lumi\u00e8re perce \u00e0 nouveau. Les ciels aux formes et aux couleurs sans cesse renouvel\u00e9es rel\u00e8vent d'une all\u00e9gorie, une mani\u00e8re de rendre l'invisible perceptible. Ils deviennent le miroir de nos \u00e9motions, de nos \u00e9tats int\u00e9rieurs les plus profonds, ceux de notre esprit, de notre \u00e2me, de notre conscience.\r\nThe troubled skies, the clouds heavy with rain, the bright spring skies, are like powerful metaphors for existence and the passing of time. They embody an ephemeral beauty that precedes change. The heavy skies are a prelude to clarity, a moment of transition before the light breaks through once again. The skies, with their ever-changing forms and colours, serve as an allegory, a way of making the invisible perceptible. They become a mirror of our emotions, of the deepest inner states of our mind, soul, and consciousness.","authors":["Jo\u00ebl Douillet"],"category_codes":["6000000","6070000","6070200"],"visuals":{"large":"https:\/\/images.epagine.fr\/663\/9782322556663_1_75.jpg","medium":"https:\/\/images.epagine.fr\/663\/9782322556663_1_m.jpg","thumbnail":"https:\/\/images.epagine.fr\/663\/9782322556663_1_v.jpg"},"orderable":true,"show_badge":true,"formatted_price":"29,99&nbsp;\u20ac","formatted_published_date":"21 mars 2025","publisher_availability_label":"Sur commande","short_details":"Jo\u00ebl Douillet \u2014 Books on Demand","translator":null,"weight":254,"page_count":52,"readership":null,"editor":"Books on Demand","price":2999,"published_date":"2025-03-20T23:00:00.000000Z","support":"Grand format","publisher_availability":1,"stock":0,"editions":[],"url":"https:\/\/quaidesbrumes.com\/ouvrage\/9782322556663\/lesprit-dans-les-nuages-turbulent-skies-in-north-west-france-pays-de-la-loire-basse-normandie"},{"id":"9782810629701","title":"Les s\u00e9quences cultes des classiques Disney : Volume 3","description":"Le livre s'inscrit dans la continuit\u00e9 de deux ouvrages parus. Ce volume 3 couvre la p\u00e9riode du Studio Disney de 1953 \u00e0 1967. Les films sont : Peter Pan, La Belle et le Clochard, La Belle au bois dormant, Les 101 Dalmatiens, Merlin l'enchanteur, Mary Poppins et Le livre de la jungle. Le livre est sans iconographie et contient 386 pages, pr\u00e9fac\u00e9 par le journaliste de la BBC historien de l'animation Brian Sibley. Chacun des 10 chapitres \u00e9tudie la conception de 10 s\u00e9quences iconiques des longs m\u00e9trages de dessin anim\u00e9 de Walt Disney sc\u00e8ne par sc\u00e8ne (contexte historique, \u00e9volution du studio, p\u00e9rip\u00e9ties, innovations techniques, musique et chansons, d\u00e9cryptage, comparaison entre l'histoire originale et la version Disney, le r\u00f4le de Walt Disney, une analyse artistique de l'animation, des personnages, d\u00e9cors, mise en sc\u00e8ne, portraits de certains artistes, impact et r\u00e9ception de l'oeuvre. Chaque partie \u00e0 l'int\u00e9rieur du chapitre est titr\u00e9e de fa\u00e7on \u00e0 ce que le lecteur puisse \u00e9ventuellement suivre sur le visionnage de l'extrait en vid\u00e9o simultan\u00e9ment, le timing de la s\u00e9quence \u00e9tant indiqu\u00e9. Le texte est agr\u00e9ment\u00e9 de nombreux extraits d'entretiens exclusifs avec les artistes (beaucoup d\u00e9sormais d\u00e9c\u00e9d\u00e9s) rencontr\u00e9s par l'auteur (environ 250 interviews) suite \u00e0 ses cinq s\u00e9jours pass\u00e9s au studio et aux archives Disney en Californie. On y d\u00e9couvre aussi les interventions de Walt Disney et des extraits rarissimes de s\u00e9ances de travail entre lui et ses collaborateurs l\u00e0 o\u00f9 les d\u00e9cisions sur le sc\u00e9nario \u00e9taient prises. Fruit d'un travail de 15 ans, le livre regorge d'anecdotes, de t\u00e9moignages et d'informations in\u00e9dites qui nous font p\u00e9n\u00e9trer dans l'intimit\u00e9 du studio d'alors.","authors":["Christian Renaut"],"category_codes":["6000000","6070000","6070300"],"visuals":{"large":"https:\/\/images.epagine.fr\/701\/9782810629701_1_75.jpg","medium":"https:\/\/images.epagine.fr\/701\/9782810629701_1_m.jpg","thumbnail":"https:\/\/images.epagine.fr\/701\/9782810629701_1_v.jpg"},"orderable":true,"show_badge":true,"formatted_price":"25,00&nbsp;\u20ac","formatted_published_date":"22 mars 2025","publisher_availability_label":"Sur commande","short_details":"Christian Renaut \u2014 Books on Demand","translator":null,"weight":612,"page_count":386,"readership":null,"editor":"Books on Demand","price":2500,"published_date":"2025-03-21T23:00:00.000000Z","support":"Grand format","publisher_availability":1,"stock":0,"editions":[],"url":"https:\/\/quaidesbrumes.com\/ouvrage\/9782810629701\/les-sequences-cultes-des-classiques-disney-volume-3"}]}