{"data":[{"id":"9782343221724","title":"La photographie au risque de l'exteriorit\u00e9 ; une \u00e9preuve de l'autre","description":"La sp\u00e9cificit\u00e9 de la photographie trouve sa source dans l'ext\u00e9riorit\u00e9. Elle se r\u00e9v\u00e8le maladroite, voire impuissante, \u00e0 exprimer la singularit\u00e9 d'une personne, \u00e0 r\u00e9v\u00e9ler l'atmosph\u00e8re d'une ville ou \u00e0 d\u00e9passer les apparences d'un objet. Cet \u00e9chec corr\u00e9latif du m\u00e9dium pourrait \u00eatre sa chance, car que deviendrait l'objet si la photographie \u00e9tait un moyen de s'en saisir et de s'emparer de lui ? Comment penser ce qui est photographi\u00e9 si la photographie le ramenait au m\u00eame, c'est-\u00e0-dire \u00e0 soi et \u00e0 l'identique ? Qu'adviendrait-il enfin de l'ext\u00e9rieur si ce n'\u00e9tait qu'un pr\u00e9texte \u00e0 la r\u00e9alisation d'une photographie de soi-m\u00eame ? Si la photographie peut combler un d\u00e9sir de connaissance, ou s'affranchir de la distance qui s\u00e9pare le photographe du monde, l'ext\u00e9riorit\u00e9 fait surgir l'infranchissable et l'insaisissable au coeur de la photographie. Elle introduit un paradoxe dans la relation du m\u00e9dium au dehors, m\u00ealant l'impossible au possible. \u00c0 partir d'artistes contemporains (d'Agata, Engstrom, Pataut, Bazin, Guibert) et de ses propres travaux, l'auteur part \u00e0 la recherche d'une possible ext\u00e9riorit\u00e9 et d'une nouvelle esth\u00e9tique de la photographie.","authors":["Gilles Picarel"],"category_codes":["6000000","6070000","6070200","6070204"],"visuals":{"large":"https:\/\/images.epagine.fr\/724\/9782343221724_1_75.jpg","medium":"https:\/\/images.epagine.fr\/724\/9782343221724_1_m.jpg","thumbnail":"https:\/\/images.epagine.fr\/724\/9782343221724_1_v.jpg"},"orderable":true,"show_badge":true,"formatted_price":"32,50&nbsp;\u20ac","formatted_published_date":"12 mars 2021","publisher_availability_label":"Sur commande","short_details":"Gilles Picarel \u2014 \u00c9ditions L'Harmattan","translator":null,"weight":367,"page_count":278,"readership":null,"editor":"\u00c9ditions L'Harmattan","price":3250,"published_date":"2021-03-11T23:00:00.000000Z","support":"Grand format","publisher_availability":1,"stock":0,"editions":[],"url":"https:\/\/quaidesbrumes.com\/ouvrage\/9782343221724\/la-photographie-au-risque-de-lexteriorite-une-epreuve-de-lautre"},{"id":"9783905929454","title":"Alien Diaries","description":"Les Alien Diaries de Giger, publi\u00e9s pour la premi\u00e8re fois en fac-simil\u00e9 : le journal des pr\u00e9paratifs du tournage du film culte de Ridley Scott (1979), avec de nombreux documents in\u00e9dits, dont des dessins, des Polaroids et des prises de vue r\u00e9alis\u00e9es par l'artiste dans les studios Shepperton o\u00f9 il a pr\u00e9par\u00e9 les d\u00e9cors et personnages d'Alien.\r\nH. R. Giger a travaill\u00e9 dans les Shepperton Studios pr\u00e8s de Londres de f\u00e9vrier \u00e0 novembre 1978, o\u00f9 il cr\u00e9e les premi\u00e8res figures et d\u00e9cors pour le film Alien (1979) dirig\u00e9 par Ridley Scott. Le film est devenu un succ\u00e8s international, r\u00e9compensant Giger d'un oscar. Dans la transcription des Alien Diaries, publi\u00e9s ici pour la premi\u00e8re fois en facsimil\u00e9, H. R. Giger d\u00e9crit son travail dans le studios. Il \u00e9crit, fait des croquis et prend des photos avec son Polaroid SX70. Avec une honn\u00eatet\u00e9 brutale, du sarcasme et un d\u00e9sespoir occasionel, Giger d\u00e9crit le travail dans l'industrie du film et comment il se d\u00e9m\u00e8ne contre tout - la radinerie des producteurs ou la paresse de son personnel - pour voir ses mod\u00e8les devenir r\u00e9alit\u00e9.\r\nLes Alien Diaries (en transcription allemande et traduction en anglais) montrent un aspect personnel peu connu de l'artiste H. R. Giger et offrent un aper\u00e7u inhabituel sur la r\u00e9alisation d'un classique du cin\u00e9ma \u00e0 travers le regard d'un artiste suisse. Le live contient presque exclusivement des mat\u00e9riaux in\u00e9dits, y compris des croquis, des Polaro\u00efds o\u00f9 l'on d\u00e9couvre le monstre prenant forme et plusieurs prises \u00e0 Shepperton montrant l'abondance du mat\u00e9riel filmique.\r","authors":["H. R. Giger"],"category_codes":["6000000","6070000","6070300"],"visuals":{"large":"https:\/\/quaidesbrumes.com\/img\/book-placeholder.png","medium":"https:\/\/quaidesbrumes.com\/img\/book-placeholder.png","thumbnail":"https:\/\/quaidesbrumes.com\/img\/book-placeholder.png"},"orderable":true,"show_badge":true,"formatted_price":"110,00&nbsp;\u20ac","formatted_published_date":"1er janvier 2013","publisher_availability_label":"Sur commande","short_details":"H. R. Giger \u2014 Patrick Frey","translator":null,"weight":1200,"page_count":664,"readership":null,"editor":"Patrick Frey","price":11000,"published_date":"2012-12-31T23:00:00.000000Z","support":"Grand format","publisher_availability":1,"stock":0,"editions":[],"url":"https:\/\/quaidesbrumes.com\/ouvrage\/9783905929454\/alien-diaries"},{"id":"9782226180827","title":"Ce n'est pas mon dernier mot !","description":"Tout gamin, Jean-Pierre Foucault \u00e9tait d\u00e9j\u00e0mordu par le virus des m\u00e9dias. En particulier la radio qui fut son premier grand amour dont il suivait passionn\u00e9ment Les ma\u00eetres du Myst\u00e8res et Le grenier de Montmartre. Enfant puis adolescent, il r\u00e9alisait d\u00e9j\u00e0de fausses \u00e9missions de radio enregistr\u00e9es sur son vieux magn\u00e9tophoneRadiola. A 18 ans, Jean-Pierre saute le pas et tente sa chance pour un concours lanc\u00e9par RMC qui cherche de nouveaux talents. Il se rappelle ses doutes \u00e0l'\u00e9poque : \u00abJe ne croyais absolument pas que je pourrais \u00eatre retenu. Dans la 2CV de ma m\u00e8re, je suis donc parti vendre des porte-clefs sur les routes du sud de la France.\u00bbIl sera pourtant s\u00e9lectionn\u00e9, avec PatrickTopaloffqui deviendra par la suite un grand ami. Devenu animateur sur RMC, il fait un rapide passage sur TMC en 1969, avec sa toute premi\u00e8re \u00e9mission de t\u00e9l\u00e9\u00abC\u00f4te \u00e0c\u00f4te sur la c\u00f4te\u00bb, un doux d\u00e9lire orchestr\u00e9en compagnie de Patrick dans un d\u00e9cor de Buren...qui finira \u00e0la poubelle!\r\nEn 1975, le grand Guy Lux lui permet de faire ses v\u00e9ritables premi\u00e8res armes dans l'\u00e9mission C'est dimanche. Une exp\u00e9rience d'un an, o\u00f9tout le monde travaille dans la bonne humeur. \u00abJe me souviens du r\u00e9alisateur disant \u00e0un cadreur \u00abFaites un gros plan de Foucault ! C'est pour sa m\u00e8re, \u00e7a lui fait plaisir !\u00bbToujours sur Antenne 2, il rencontre son premier gros succ\u00e8s avec L'acad\u00e9mie des neuf, qu'il pr\u00e9sente jusqu'au d\u00e9but de 1987. C'est le d\u00e9but de la notori\u00e9t\u00e9 et de ses inconv\u00e9nients...pendant deux ans, Jean-Pierre sera suivi par \u00abune fan fanatique\u00bbqui ira jusqu'\u00e0l'attendre devant son lieu de vacances !\r\nSa plus belle rencontre c'est certainement G\u00e9rardLouvin. Ensemble, pendant unethalasso, ils imaginent une nouvelle \u00e9mission, destin\u00e9e \u00e0un grand avenir. \u00abSangl\u00e9s dans nos peignoirs de curistes, nous avons commenc\u00e9\u00e0plancher sur le projet en buvant du jus de carotte et en mangeant de l'\u00e9minc\u00e9de c\u00e9leri!\u00bbCe projet, c'est Sacr\u00e9e Soir\u00e9e...Une aventure formidable commence ! En sept ans, il rencontre les plus grandes stars, organise des surprises toutes plus incroyables les unes que les autres pour ses invit\u00e9s, collectionne les moments d'\u00e9motion, de joie, mais aussi les gaffes et les gal\u00e8res...comme par exemple le tournage \u00e9pique de l'\u00e9mission sp\u00e9ciale sur le paquebot France, le coup de gueule d'Alain Barri\u00e8re contre le fisc qui provoquera la r\u00e9action en direct du ministre du budget Michel Charasse, la prisede bec m\u00e9morable entre Linda deSuzaet sa m\u00e8re sur le plateau...\r\nL'\u00e9lection de Miss France, v\u00e9ritable messe m\u00e9diatique suivie chaque ann\u00e9e par 13 millions de t\u00e9l\u00e9spectateurs, l'incontournable Intervilles, Les Ann\u00e9es Tubes, Jean-Pierre est un passionn\u00e9touche-\u00e0-tout qui fonce en se moquant des critiques. En 2000, alors que certains voudraient d\u00e9j\u00e0l'enterrer, il cloue le bec aux d\u00e9tracteurs en revenant \u00e0grand fracas avec la r\u00e9ussite ph\u00e9nom\u00e9nale de \u00abQui veut gagner des millionsoe\u00bb, succ\u00e8s qui ne s'est jamais d\u00e9menti depuis.\r\nJean-Pierre est un homme simple et heureux qui a su placer la convivialit\u00e9au coeur de son m\u00e9tier. Son secret pour dureroeTravailler sans se prendre au s\u00e9rieux et aimer ce qu'il fait, avec passion. Un voyage nostalgique et touchant sur 40 ans de TV et radios : truff\u00e9d'anecdotes, de rencontres inoubliables, de souvenirs \u00e9mouvants mais aussi d'un v\u00e9ritable regard sur l'histoire et l'\u00e9volution de la t\u00e9l\u00e9.\r","authors":["Foucault-J.P"],"category_codes":["6000000","6070000","6070300"],"visuals":{"large":"https:\/\/images.epagine.fr\/827\/9782226180827_1_75.jpg","medium":"https:\/\/images.epagine.fr\/827\/9782226180827_1_m.jpg","thumbnail":"https:\/\/images.epagine.fr\/827\/9782226180827_1_v.jpg"},"orderable":true,"show_badge":true,"formatted_price":"18,80&nbsp;\u20ac","formatted_published_date":"12 mars 2008","publisher_availability_label":"Sur commande","short_details":"Foucault-J.P \u2014 Albin Michel","translator":null,"weight":442,"page_count":304,"readership":null,"editor":"Albin Michel","price":1880,"published_date":"2008-03-11T23:00:00.000000Z","support":"Grand format","publisher_availability":1,"stock":0,"editions":[],"url":"https:\/\/quaidesbrumes.com\/ouvrage\/9782226180827\/ce-nest-pas-mon-dernier-mot"},{"id":"9782343227856","title":"Hollywood non merci !","description":"\"Lucie Dol\u00e8ne nous a quitt\u00e9s en 2020. Pour bon nombre d'entre nous, elle reste la voix de Blanche Neige ou de Madame Samovar dans les chefs-d'oeuvre de Walt Disney. Certes, c'est une des personnalit\u00e9s les plus connues du doublage mais en r\u00e9alit\u00e9, elle fut bien plus que cela. Jeune chanteuse lyrique rapidement sous contrat chez Philips o\u00f9 elle c\u00f4toie Georges Brassens et Boris Vian, elle s'illustre dans des op\u00e9rettes. Elle est aussi une femme de caract\u00e8re, t\u00e9moin de son \u00e9poque, qui a travers\u00e9 le temps des colonies, la guerre, et qui s'est pay\u00e9e le luxe de refuser un contrat dans le plus prestigieux studio de cin\u00e9ma d'Hollywood. Lucie se livre avec franchise sur sa carri\u00e8re, ses amours, sa vie avec le compositeur Jean Constantin (Mon man\u00e8ge \u00e0 moi), et son combat contre le cancer.\"\r","authors":["Lucie Dol\u00e8ne","Gr\u00e9goire Philibert"],"category_codes":["6000000","6070000","6070300","6070304"],"visuals":{"large":"https:\/\/images.epagine.fr\/856\/9782343227856_1_75.jpg","medium":"https:\/\/images.epagine.fr\/856\/9782343227856_1_m.jpg","thumbnail":"https:\/\/images.epagine.fr\/856\/9782343227856_1_v.jpg"},"orderable":true,"show_badge":true,"formatted_price":"36,00&nbsp;\u20ac","formatted_published_date":"30 juin 2021","publisher_availability_label":"Sur commande","short_details":"Lucie Dol\u00e8ne, Gr\u00e9goire Philibert \u2014 \u00c9ditions L'Harmattan","translator":null,"weight":407,"page_count":296,"readership":null,"editor":"\u00c9ditions L'Harmattan","price":3600,"published_date":"2021-06-29T22:00:00.000000Z","support":"Grand format","publisher_availability":1,"stock":0,"editions":[],"url":"https:\/\/quaidesbrumes.com\/ouvrage\/9782343227856\/hollywood-non-merci"},{"id":"9782343233673","title":"Film de famille : de l'archive priv\u00e9e aux souvenirs partag\u00e9s","description":"\"Nous sommes en 2012, et les films qui d\u00e9filent sous mes yeux sont ceux tourn\u00e9s par mon  grand-p\u00e8re. Je fus tout de suite charm\u00e9 par leurs grains si sp\u00e9cifiques, leur l\u00e9g\u00e8ret\u00e9 voire leur sinc\u00e9rit\u00e9. Mais je me rends compte que le film de famille n'est plus d'actualit\u00e9. C'est comme si la cam\u00e9ra s'\u00e9tait retourn\u00e9e \u00e0 180 degr\u00e9s valorisant ainsi l'auteur de ses propres images ! C'\u00e9tait donc plus fort que moi, il fallait que je trouve un moyen de sauvegarder, de valoriser cette pratique en pr\u00e9servant certains de ces films de famille. En faisant ce que j'appelle des po\u00e8mes plastiques chronographiques, je les r\u00e9injecte dans une sph\u00e8re artistique. Cet ouvrage est donc motiv\u00e9 \u00e0 la fois par une qu\u00eate de la v\u00e9racit\u00e9 de l'image cin\u00e9matographique, mais aussi par un souci de  sauvegarde de ce patrimoine audiovisuel.\"\r","authors":["Laurent Helye"],"category_codes":["6000000","6070000","6070300"],"visuals":{"large":"https:\/\/images.epagine.fr\/673\/9782343233673_1_75.jpg","medium":"https:\/\/images.epagine.fr\/673\/9782343233673_1_m.jpg","thumbnail":"https:\/\/images.epagine.fr\/673\/9782343233673_1_v.jpg"},"orderable":true,"show_badge":true,"formatted_price":"22,50&nbsp;\u20ac","formatted_published_date":"30 juin 2021","publisher_availability_label":"Sur commande","short_details":"Laurent Helye \u2014 \u00c9ditions L'Harmattan","translator":null,"weight":256,"page_count":200,"readership":null,"editor":"\u00c9ditions L'Harmattan","price":2250,"published_date":"2021-06-29T22:00:00.000000Z","support":"Grand format","publisher_availability":1,"stock":0,"editions":[],"url":"https:\/\/quaidesbrumes.com\/ouvrage\/9782343233673\/film-de-famille-de-larchive-privee-aux-souvenirs-partages"},{"id":"9782368900673","title":"\u00c8re num\u00e9rique ; un nouvel \u00e2ge de l'humanit\u00e9","description":"Est-on \u00e0 la veille de l'Apocalypse ? Notre monde court-il \u00e0 la catastrophe, comme le pensent plusieurs prospectivistes ? L'innovation est-elle en panne au point que nous ne puissions trouver les solutions pour nous extraire de la crise financi\u00e8re qui semble interminable ? L'Histoire nous enseigne pourtant que les p\u00e9riodes de crises ont souvent pr\u00e9c\u00e9d\u00e9 les \u00e8res de forte croissance \u00e9conomique et de progr\u00e8s social. C'est la th\u00e8se de ce livre.\r\nTout en \u00e9tant au paroxysme d'une crise telle que le monde occidental et la France n'en ont pas connu depuis la Seconde Guerre mondiale, notre civilisation se trouve \u00e0 l'aube d'une r\u00e9volution de l'innovation d'une ampleur unique, qui restera dans l'Histoire comme un changement de paradigme majeur pour l'humanit\u00e9. L'av\u00e8nement d'une \u00e9conomie de la connaissance, qui est aussi une \u00e9conomie du num\u00e9rique, va bouleverser plus profond\u00e9ment et durablement la soci\u00e9t\u00e9 que ne l'ont fait la r\u00e9volution n\u00e9olithique ou les deux r\u00e9volutions industrielles.\r\nAu travers de son exp\u00e9rience d'entrepreneur, puis de pr\u00e9sident du Conseil national du num\u00e9rique (CNN) et enfin de Digital Champion, Gilles Babinet a identifi\u00e9 cinq domaines, intrins\u00e8quement li\u00e9s au num\u00e9rique, dont l'\u00e9volution en cours va changer le monde : connaissance, \u00e9ducation, sant\u00e9, production et \u00c9tat. Pour chacun, il en explique avec clart\u00e9 les enjeux et en pr\u00e9cise les contours.\r","authors":["Gilles Babinet"],"category_codes":["6000000","6070000","6070300"],"visuals":{"large":"https:\/\/images.epagine.fr\/673\/9782368900673_1_75.jpg","medium":"https:\/\/images.epagine.fr\/673\/9782368900673_1_m.jpg","thumbnail":"https:\/\/images.epagine.fr\/673\/9782368900673_1_v.jpg"},"orderable":true,"show_badge":true,"formatted_price":"19,90&nbsp;\u20ac","formatted_published_date":"23 janvier 2014","publisher_availability_label":"Sur commande","short_details":"Gilles Babinet \u2014 Le Passeur \u00c9diteur","translator":null,"weight":299,"page_count":233,"readership":null,"editor":"Le Passeur \u00c9diteur","price":1990,"published_date":"2014-01-22T23:00:00.000000Z","support":"Grand format","publisher_availability":1,"stock":0,"editions":[],"url":"https:\/\/quaidesbrumes.com\/ouvrage\/9782368900673\/ere-numerique-un-nouvel-age-de-lhumanite"},{"id":"9782343225678","title":"Cin\u00e9ma et mythologie ; Varda, Resnais, Honor\u00e9, Annaud","description":"Ulysse, Europe, Orph\u00e9e et Eurydice figurent parmi les personnages mythiques dont les aventures ont \u00e9t\u00e9 illustr\u00e9es de tout temps par la peinture, la c\u00e9ramique, la litt\u00e9rature et, depuis plus d'un si\u00e8cle, le cin\u00e9ma. Agn\u00e8s Varda, Alain Resnais, Christophe Honor\u00e9 et Jean-Jacques Annaud ont particip\u00e9 \u00e0 la transmission et \u00e0 la r\u00e9\u00e9criture de ces mythes grecs, chacun \u00e0 sa fa\u00e7on. Ainsi Ulysse (1982) permet \u00e0 Agn\u00e8s Varda de combiner un commentaire autobiographique sur une photographie prise en 1954 \u00e0 une perspective f\u00e9ministe et politique sur son contexte, en \u00e9cho aux travaux de Roland Barthes et Jacques Ranci\u00e8re sur la photographie et aux d\u00e9finitions du film d'essai \u00e0 partir d'Adorno.","authors":["Caroline Eades"],"category_codes":["6000000","6070000","6070300","6070304"],"visuals":{"large":"https:\/\/images.epagine.fr\/678\/9782343225678_1_75.jpg","medium":"https:\/\/images.epagine.fr\/678\/9782343225678_1_m.jpg","thumbnail":"https:\/\/images.epagine.fr\/678\/9782343225678_1_v.jpg"},"orderable":true,"show_badge":true,"formatted_price":"30,50&nbsp;\u20ac","formatted_published_date":"10 mars 2021","publisher_availability_label":"Sur commande","short_details":"Caroline Eades \u2014 \u00c9ditions L'Harmattan","translator":null,"weight":333,"page_count":278,"readership":null,"editor":"\u00c9ditions L'Harmattan","price":3050,"published_date":"2021-03-09T23:00:00.000000Z","support":"Grand format","publisher_availability":1,"stock":0,"editions":[],"url":"https:\/\/quaidesbrumes.com\/ouvrage\/9782343225678\/cinema-et-mythologie-varda-resnais-honore-annaud"},{"id":"9782343214351","title":"La photographie, entre fragmentation des corps et virtualit\u00e9 des espaces ; mutations artistiques contemporaines","description":"Dans cet ouvrage, l'auteur montre comment la photographie d\u00e9construit les genres et les mod\u00e8les \u00e0 travers un questionnement sur les repr\u00e9sentations photographiques. Les nouvelles subjectivit\u00e9s, la mise en sc\u00e8ne, mais aussi l'approche radicale de la photographie du corps ouvrent \u00e0 de nouvelles exp\u00e9riences conceptuelles et virtuelles t\u00e9moignant des perceptions fragmentaires photographiques en mutation. En puisant principalement dans le corpus d'images provenant des expositions r\u00e9alis\u00e9es sur les th\u00e9matiques des mutations photographiques au sein de Caf\u00e9-Cr\u00e8me \u00e9dition et du Mois europ\u00e9en de la photographie, ces r\u00e9flexions se poursuivent en tenant compte du passage de l'argentique au num\u00e9rique, du tableau \u00e0 l'\u00e9cran, de la photographie \u00e0 la post-photographie.\r","authors":["Paul Di felice"],"category_codes":["6000000","6070000","6070200","6070204"],"visuals":{"large":"https:\/\/images.epagine.fr\/351\/9782343214351_1_75.jpg","medium":"https:\/\/images.epagine.fr\/351\/9782343214351_1_m.jpg","thumbnail":"https:\/\/images.epagine.fr\/351\/9782343214351_1_v.jpg"},"orderable":true,"show_badge":true,"formatted_price":"23,00&nbsp;\u20ac","formatted_published_date":"12 avril 2021","publisher_availability_label":"Sur commande","short_details":"Paul Di felice \u2014 \u00c9ditions L'Harmattan","translator":null,"weight":257,"page_count":184,"readership":null,"editor":"\u00c9ditions L'Harmattan","price":2300,"published_date":"2021-04-11T22:00:00.000000Z","support":"Grand format","publisher_availability":1,"stock":0,"editions":[],"url":"https:\/\/quaidesbrumes.com\/ouvrage\/9782343214351\/la-photographie-entre-fragmentation-des-corps-et-virtualite-des-espaces-mutations-artistiques-contemporaines"},{"id":"9782343221946","title":"Regards sur les migrations ; mobilit\u00e9s africaines entre \u00e9crit et \u00e9cran","description":"\"Le cin\u00e9ma, depuis de nombreuses d\u00e9cennies, cherche \u00e0 saisir les divers aspects du ph\u00e9nom\u00e8ne migratoire, soucieux de traduire la tension des d\u00e9parts, la duret\u00e9 des itin\u00e9raires, le d\u00e9senchantement des arriv\u00e9es mais aussi la richesse des rencontres multiculturelles. Le pr\u00e9sent ouvrage entend interroger la mani\u00e8re dont les cin\u00e9astes issus des communaut\u00e9s africaines et diasporiques parviennent \u00e0 en rendre compte, confront\u00e9s aux conditions de production, cr\u00e9ation et r\u00e9ception qui leur sont propres, dans un monde globalis\u00e9 simultan\u00e9ment \u00e0 l'origine d'inclusions et exclusions humaines et techniques.\"\r","authors":["V\u00e9ronique Corinus","Daniela Ricci"],"category_codes":["6000000","6070000","6070300"],"visuals":{"large":"https:\/\/images.epagine.fr\/946\/9782343221946_1_75.jpg","medium":"https:\/\/images.epagine.fr\/946\/9782343221946_1_m.jpg","thumbnail":"https:\/\/images.epagine.fr\/946\/9782343221946_1_v.jpg"},"orderable":true,"show_badge":true,"formatted_price":"22,50&nbsp;\u20ac","formatted_published_date":"22 avril 2021","publisher_availability_label":"Sur commande","short_details":"V\u00e9ronique Corinus, Daniela Ricci \u2014 \u00c9ditions L'Harmattan","translator":null,"weight":250,"page_count":206,"readership":null,"editor":"\u00c9ditions L'Harmattan","price":2250,"published_date":"2021-04-21T22:00:00.000000Z","support":"Grand format","publisher_availability":1,"stock":0,"editions":[],"url":"https:\/\/quaidesbrumes.com\/ouvrage\/9782343221946\/regards-sur-les-migrations-mobilites-africaines-entre-ecrit-et-ecran"},{"id":"9791033401438","title":"Sites et lieux retrouv\u00e9s : Mer rouge, Erythr\u00e9e, Ethiopie, tr\u00e9sors photographiques 1880-1936","description":"Une extraordinaire d\u00e9couverte photographique ! Il y a vingt ans, Jos\u00e9-Marie Bel fit l'acquisition d'un album photographique en Italie, point de d\u00e9part d'une vaste enqu\u00eate. L'ouvrage comportait presque 300 photographies exceptionnelles en noir et blanc datant de 1900 \u00e0 1936. Le titre de la couverture \u00ab Fondazione dell'Impero et IX maggio anno XIV \u00bb, sans \u00e9quivoque, marque la cr\u00e9ation de l'Empire italien en Afrique orientale le 9 mai 1936, l'A.O.I. Le contenu de cette d\u00e9couverte fortuite ne montre pas sa conqu\u00eate militaire glorieuse mais un \u00e9tonnant et splendide panorama de paysages, sites, sc\u00e8nes anim\u00e9es et de remarquables portraits d'hommes, femmes et enfants. L'auteur propose un voyage dans cette \u00e9poque r\u00e9volue, une authentique immersion qui commence au bord de la mer Rouge et qui se poursuit sur les hauts plateaux de l'\u00c9rythr\u00e9e, en r\u00e9gion tigr\u00e9enne de l'\u00c9thiopie jusqu'au lac Tana, Addis Abeba et m\u00eame Harar. Pour une meilleure compr\u00e9hension, l'auteur a enrichi cet ouvrage de textes, cartes, illustrations et d'extraits d'autres albums datant de 1870 \u00e0 1938. Sites et Lieux retrouv\u00e9s est le premier de cette trilogie in\u00e9dite. Un sublime floril\u00e8ge d'une collection \u00ab Harcourt \u00bb des tropiques africains d'antan.","authors":["Jos\u00e9-Marie Bel"],"category_codes":["6000000","6070000","6070200"],"visuals":{"large":"https:\/\/images.epagine.fr\/438\/9791033401438_1_75.jpg","medium":"https:\/\/images.epagine.fr\/438\/9791033401438_1_m.jpg","thumbnail":"https:\/\/images.epagine.fr\/438\/9791033401438_1_v.jpg"},"orderable":true,"show_badge":true,"formatted_price":"27,00&nbsp;\u20ac","formatted_published_date":"8 octobre 2021","publisher_availability_label":"Sur commande","short_details":"Jos\u00e9-Marie Bel \u2014 Sepia","translator":null,"weight":397,"page_count":154,"readership":null,"editor":"Sepia","price":2700,"published_date":"2021-10-07T22:00:00.000000Z","support":"Grand format","publisher_availability":1,"stock":0,"editions":[],"url":"https:\/\/quaidesbrumes.com\/ouvrage\/9791033401438\/sites-et-lieux-retrouves-mer-rouge-erythree-ethiopie-tresors-photographiques-1880-1936"},{"id":"9788899385835","title":"Cartographies","description":"Une s\u00e9rie photographique qui capture les d\u00e9tails des v\u00eatements des passants aper\u00e7us dans les rues de Manhattan (livre d'artiste).\r\nPlis, taches ou petites traces sur les v\u00eatements constituent ainsi des impressions de la vie quotidienne, des cartographies potentielles des voyages de chacun. Le livre, con\u00e7u dans un format journal, est compos\u00e9 de vingt feuilles non reli\u00e9es maintenues par un \u00e9lastique, alternant des photographies originales avec des d\u00e9tails en pleine page. Le cahier central comporte un index des images organis\u00e9 par moments de la journ\u00e9e. Le sous-titre New York, 10 am - 7 pm fait r\u00e9f\u00e9rence \u00e0 la p\u00e9riode de prise de vue, soulignant la r\u00e9p\u00e9titivit\u00e9 des actions quotidiennes. La s\u00e9quence photographique est accompagn\u00e9e d'un texte \u00e9crit par Francesco Pacifico dans un cadre new-yorkais, dispos\u00e9 en fragments de texte alternant avec les images.\r","authors":["Louis de Belle"],"category_codes":["6000000","6070000","6070200","6070205"],"visuals":{"large":"https:\/\/images.epagine.fr\/835\/9788899385835_1_75.jpg","medium":"https:\/\/images.epagine.fr\/835\/9788899385835_1_m.jpg","thumbnail":"https:\/\/images.epagine.fr\/835\/9788899385835_1_v.jpg"},"orderable":true,"show_badge":true,"formatted_price":"25,00&nbsp;\u20ac","formatted_published_date":"28 janvier 2021","publisher_availability_label":"Sur commande","short_details":"Louis de Belle \u2014 Humboldt Books","translator":null,"weight":280,"page_count":40,"readership":null,"editor":"Humboldt Books","price":2500,"published_date":"2021-01-27T23:00:00.000000Z","support":"Grand format","publisher_availability":1,"stock":0,"editions":[],"url":"https:\/\/quaidesbrumes.com\/ouvrage\/9788899385835\/cartographies"},{"id":"9782343231211","title":"La r\u00e9alit\u00e9 de la fiction 2","description":"Ce nouvel ouvrage pousse encore plus loin la r\u00e9flexion sur les relations entre fiction, narration, discours et r\u00e9cit. Trois pistes principales sont propos\u00e9es : la performativit\u00e9 du t\u00e9moignage ; la fa\u00e7on dont la fiction agit sur la gestion ; la compr\u00e9hension de l'\u00e9cart entre r\u00e9alit\u00e9 et fictions. Pour saisir en profondeur ces \u00e9l\u00e9ments subtils qui fondent la r\u00e9alit\u00e9 de la fiction, des th\u00e8mes aussi \u00e9clectiques que la comptabilit\u00e9 en bandes dessin\u00e9es, les r\u00e9cits du m\u00e9c\u00e9nat, les usagers des transports publics, le docu-fiction, les s\u00e9ries TV, Harry Potter, Ren\u00e9 Char, le th\u00e9\u00e2tre du r\u00e9el, la peinture r\u00e9aliste, la pornographie ou encore les palaces sont abord\u00e9s. \u00c9voluant en sciences de gestion, en science politique, en sociologie ou encore en philosophie, les chercheurs r\u00e9unis ici s'inscrivent r\u00e9solument dans l'interdisciplinarit\u00e9, particuli\u00e8rement f\u00e9conde pour des objets de ce type.","authors":["Sonny Perseil","Benoit Petitpr\u00eatre"],"category_codes":["6000000","6070000","6070300","6070304"],"visuals":{"large":"https:\/\/images.epagine.fr\/211\/9782343231211_1_75.jpg","medium":"https:\/\/images.epagine.fr\/211\/9782343231211_1_m.jpg","thumbnail":"https:\/\/images.epagine.fr\/211\/9782343231211_1_v.jpg"},"orderable":true,"show_badge":true,"formatted_price":"22,50&nbsp;\u20ac","formatted_published_date":"21 mai 2021","publisher_availability_label":"Sur commande","short_details":"Sonny Perseil, Benoit Petitpr\u00eatre \u2014 Pepper","translator":null,"weight":307,"page_count":196,"readership":null,"editor":"Pepper","price":2250,"published_date":"2021-05-20T22:00:00.000000Z","support":"Grand format","publisher_availability":1,"stock":0,"editions":[],"url":"https:\/\/quaidesbrumes.com\/ouvrage\/9782343231211\/la-realite-de-la-fiction-2"},{"id":"9782343233802","title":"La fabrique de l'animation : pi\u00e8ces filmiques en chantier","description":"Cet ouvrage, \u00e0 la riche iconographie, souvent in\u00e9dite ou c\u00e9l\u00e9brant des figures centrales (Trnka, Miyazaki), regroupe quinze textes de chercheurs et d'artistes sur les processus de conception du film d'animation. Cinq th\u00e8mes composent ce livre : \u00ab Parler le film \u00bb introduit \u00e0 la th\u00e9matique d'ensemble questionnant ce qui fait langage dans la cr\u00e9ation filmique ; \u00ab Document, mod\u00e8le et model\u00e9 \u00bb enqu\u00eate sur des d\u00e9marches et des pratiques d'auteurs aux postures critiques ; \u00ab Temps et m\u00e9moire \u00bb sp\u00e9cule sur les principes et les formes qui les articuleraient dans le champ du cin\u00e9ma d'animation ; \u00ab Document, reprise et rem\u00e9diation \u00bb r\u00e9pertorie ce qui accompagne les oeuvres ; \u00ab Les archives de l'animation \u00bb dressent un \u00e9tat des probl\u00e9matiques de conservation contemporaine.","authors":["Patrick Barr\u00e8s","B\u00e9r\u00e9nice Bonhomme","Pascal Vimenet"],"category_codes":["6000000","6070000","6070300","6070303"],"visuals":{"large":"https:\/\/images.epagine.fr\/802\/9782343233802_1_75.jpg","medium":"https:\/\/images.epagine.fr\/802\/9782343233802_1_m.jpg","thumbnail":"https:\/\/images.epagine.fr\/802\/9782343233802_1_v.jpg"},"orderable":true,"show_badge":true,"formatted_price":"30,50&nbsp;\u20ac","formatted_published_date":"16 juillet 2021","publisher_availability_label":"Sur commande","short_details":"Patrick Barr\u00e8s, B\u00e9r\u00e9nice Bonhomme, Pascal Vimenet \u2014 \u00c9ditions L'Harmattan","translator":null,"weight":426,"page_count":250,"readership":null,"editor":"\u00c9ditions L'Harmattan","price":3050,"published_date":"2021-07-15T22:00:00.000000Z","support":"Grand format","publisher_availability":1,"stock":0,"editions":[],"url":"https:\/\/quaidesbrumes.com\/ouvrage\/9782343233802\/la-fabrique-de-lanimation-pieces-filmiques-en-chantier"},{"id":"9782970096351","title":"D\u00e9cadrages, n\u00b0 39\/2018 : Jeu vid\u00e9o et cin\u00e9ma","description":"Ce num\u00e9ro de D\u00e9cadrages propose d'\u00e9tudier les \u00e9changes et les hybridations entre le cin\u00e9ma et les jeux vid\u00e9o, tels qu'ils se sont d\u00e9velopp\u00e9s d\u00e8s le d\u00e9but des ann\u00e9es 1970, aux niveaux \u00e9conomique, culturel et esth\u00e9tique. Le num\u00e9ro comporte des articles de plusieurs chercheurs de renom dans le domaine de l'\u00e9tude du jeu vid\u00e9o (Bernard Perron, Alexis Blanchet, S\u00e9bastien Genvo). Chaque article propose une \u00e9tude d\u00e9taill\u00e9e de ces contaminations r\u00e9ciproques \u00e0 partir d'un corpus sp\u00e9cifique de films (comme les westerns) ou de jeux (comme les jeux de Lucasfilm Games).","authors":["Selim Krichane"],"category_codes":["6000000","6070000","6070300","6070306"],"visuals":{"large":"https:\/\/images.epagine.fr\/351\/9782970096351_1_75.jpg","medium":"https:\/\/images.epagine.fr\/351\/9782970096351_1_m.jpg","thumbnail":"https:\/\/images.epagine.fr\/351\/9782970096351_1_v.jpg"},"orderable":true,"show_badge":true,"formatted_price":"14,00&nbsp;\u20ac","formatted_published_date":"4 d\u00e9cembre 2018","publisher_availability_label":"Sur commande","short_details":"Selim Krichane \u2014 Decadrages","translator":null,"weight":350,"page_count":168,"readership":null,"editor":"Decadrages","price":1400,"published_date":"2018-12-03T23:00:00.000000Z","support":"Grand format","publisher_availability":1,"stock":0,"editions":[],"url":"https:\/\/quaidesbrumes.com\/ouvrage\/9782970096351\/decadrages-n-392018-jeu-video-et-cinema"},{"id":"9782742760367","title":"L'escalier","description":"\u00ab Nous restions de longs moments enlac\u00e9s, les yeux ferm\u00e9s, comme dans une danse c\u00e9leste. Mes yeux s'ouvraient brusquement lorsqu'une main inconsciente enclenchait la minuterie. Les n\u00e9ons nous baignaient alors de leur lumi\u00e8re \r\nblafarde. Fig\u00e9s, nous attendions que l'horlogerie \u00e9gr\u00e8ne son d\u00e9compte et que  la p\u00e9nombre apaise nos quartiers. \u00bb Rachel, quinze ans, est amoureuse d'Herv\u00e9, un lyc\u00e9en qui ne vit pas dans son quartier. Chaque soir, dans l'escalier de son immeuble, ils se retrouvent, s'embrassent et se d\u00e9couvrent.\r","authors":["Mermoud Frederic"],"category_codes":["6000000","6070000","6070300"],"visuals":{"large":"https:\/\/images.epagine.fr\/367\/9782742760367_1_75.jpg","medium":"https:\/\/images.epagine.fr\/367\/9782742760367_1_m.jpg","thumbnail":"https:\/\/images.epagine.fr\/367\/9782742760367_1_v.jpg"},"orderable":true,"show_badge":true,"formatted_price":"14,10&nbsp;\u20ac","formatted_published_date":"22 mai 2006","publisher_availability_label":"Sur commande","short_details":"Mermoud Frederic \u2014 Actes Sud Jeunesse","translator":null,"weight":134,"page_count":96,"readership":"\u00e0 partir de 12 ANS","editor":"Actes Sud Jeunesse","price":1410,"published_date":"2006-05-21T22:00:00.000000Z","support":"DVD","publisher_availability":1,"stock":0,"editions":[],"url":"https:\/\/quaidesbrumes.com\/ouvrage\/9782742760367\/lescalier"},{"id":"9782330065911","title":"Paris-m\u00e9tro-photo ; from 1900 to the present","description":"Une histoire de la photographie et du m\u00e9tro parisien.\r","authors":["Collectif"],"category_codes":["6000000","6070000","6070200","6070205"],"visuals":{"large":"https:\/\/images.epagine.fr\/911\/9782330065911_1_75.jpg","medium":"https:\/\/images.epagine.fr\/911\/9782330065911_1_m.jpg","thumbnail":"https:\/\/images.epagine.fr\/911\/9782330065911_1_v.jpg"},"orderable":true,"show_badge":true,"formatted_price":"49,00&nbsp;\u20ac","formatted_published_date":"9 novembre 2016","publisher_availability_label":"Sur commande","short_details":"Collectif \u2014 Actes Sud","translator":null,"weight":2356,"page_count":408,"readership":null,"editor":"Actes Sud","price":4900,"published_date":"2016-11-08T23:00:00.000000Z","support":"Grand format","publisher_availability":1,"stock":0,"editions":[],"url":"https:\/\/quaidesbrumes.com\/ouvrage\/9782330065911\/paris-metro-photo-from-1900-to-the-present"},{"id":"9782343230412","title":"L'industrialisation du cin\u00e9ma libanais : strat\u00e9gies \u00e9tatiques et technologiques","description":"\"Dans le but de d\u00e9velopper l'\u00e9conomie du cin\u00e9ma de son pays, l'auteure m\u00e8ne une \u00e9tude du comportement des spectateurs en mettant en lumi\u00e8re les facteurs qui freinent la fr\u00e9quentation des salles. Gr\u00e2ce aux r\u00e9sultats obtenus, elle propose des strat\u00e9gies \u00e9tatiques et technologiques qui peuvent \u00eatre adopt\u00e9es par le gouvernement et les institutions priv\u00e9es. De surcro\u00eet, elle pr\u00e9sente la structure de ses deux entreprises, qui permettent de construire une industrie dans un petit pays. Ainsi, le pr\u00e9sent livre invite les \u00e9tudiants, professeurs et entrepreneurs \u00e0 explorer les diff\u00e9rentes approches socio-\u00e9conomiques du cin\u00e9ma, pour assurer le d\u00e9veloppement durable. Ces m\u00e9thodes cherchent \u00e0 pallier le manque de financement et de ventes mentionn\u00e9 dans le premier ouvrage L'\u00c9conomie du cin\u00e9ma libanais. - \"\r","authors":["Ga\u00eblle Fayad"],"category_codes":["6000000","6070000","6070300","6070304"],"visuals":{"large":"https:\/\/images.epagine.fr\/412\/9782343230412_1_75.jpg","medium":"https:\/\/images.epagine.fr\/412\/9782343230412_1_m.jpg","thumbnail":"https:\/\/images.epagine.fr\/412\/9782343230412_1_v.jpg"},"orderable":true,"show_badge":true,"formatted_price":"23,50&nbsp;\u20ac","formatted_published_date":"8 octobre 2021","publisher_availability_label":"Sur commande","short_details":"Ga\u00eblle Fayad \u2014 \u00c9ditions L'Harmattan","translator":null,"weight":318,"page_count":202,"readership":null,"editor":"\u00c9ditions L'Harmattan","price":2350,"published_date":"2021-10-07T22:00:00.000000Z","support":"Grand format","publisher_availability":1,"stock":0,"editions":[],"url":"https:\/\/quaidesbrumes.com\/ouvrage\/9782343230412\/lindustrialisation-du-cinema-libanais-strategies-etatiques-et-technologiques"},{"id":"9783829605656","title":"Judith joy ross photographs \/anglais\/allemand","description":"Publi\u00e9 \u00e0 l'occasion d'une exposition \u00e0 Cologne, Magdeburg puis Bruxelles, cet ouvrage r\u00e9unit l'ensemble des images de Judith Joy Ross qui, depuis 1982, r\u00e9alise des portraits en noir et blanc dans des cadrages simples.\r","authors":["Ross Joy"],"category_codes":["6000000","6070000","6070200"],"visuals":{"large":"https:\/\/images.epagine.fr\/656\/9783829605656_1_75.jpg","medium":"https:\/\/images.epagine.fr\/656\/9783829605656_1_m.jpg","thumbnail":"https:\/\/images.epagine.fr\/656\/9783829605656_1_v.jpg"},"orderable":true,"show_badge":true,"formatted_price":"12,50&nbsp;\u20ac","formatted_published_date":"1er septembre 2011","publisher_availability_label":"Sur commande","short_details":"Ross Joy \u2014 Schirmer Mosel","translator":null,"weight":1200,"page_count":144,"readership":null,"editor":"Schirmer Mosel","price":1250,"published_date":"2011-08-31T22:00:00.000000Z","support":"Grand format","publisher_availability":1,"stock":0,"editions":[],"url":"https:\/\/quaidesbrumes.com\/ouvrage\/9783829605656\/judith-joy-ross-photographs-anglaisallemand"},{"id":"9782140205415","title":"Cin\u00e9ma, litt\u00e9rature : le temps dans dix oeucres","description":"Est-il vrai, comme l'a chant\u00e9 L\u00e9o Ferr\u00e9, qu'\u00ab avec le Temps, va, tout s'en va \u00bb ? Que reste-t-il apr\u00e8s son passage ? Certes la vie est fragile, constamment menac\u00e9e d'an\u00e9antissement : et \u00e0 travers la po\u00e9sie des ruines, c'est d\u00e9j\u00e0 un spectacle fascinant. Mais l'histoire comme l'art t\u00e9moignent d'une possible survie. Ce livre montre comment quelques artistes ont voulu traverser le temps, et retrouver dans la poussi\u00e8re des si\u00e8cles les traces de battements de coeurs \u00e0 jamais \u00e9teints. \u00c0 travers l'\u00e9tude de quelques oeuvres cin\u00e9matographiques, l'ouvrage aborde la perception variable du temps chez de grands cr\u00e9ateurs. En conclusion, le livre \u00e9voque la figure de Virginia Woolf, profonde et sensible m\u00e9ditation sur la beaut\u00e9 et la fragilit\u00e9 de la vie humaine, en m\u00eame temps que sur la capacit\u00e9 \u00e9ventuelle de l'art \u00e0 en soustraire quelque part \u00e0 la mort.\r","authors":["Jean-Michel Ropars"],"category_codes":["6000000","6070000","6070300"],"visuals":{"large":"https:\/\/images.epagine.fr\/415\/9782140205415_1_75.jpg","medium":"https:\/\/images.epagine.fr\/415\/9782140205415_1_m.jpg","thumbnail":"https:\/\/images.epagine.fr\/415\/9782140205415_1_v.jpg"},"orderable":true,"show_badge":true,"formatted_price":"16,50&nbsp;\u20ac","formatted_published_date":"8 mars 2022","publisher_availability_label":"Sur commande","short_details":"Jean-Michel Ropars \u2014 \u00c9ditions L'Harmattan","translator":null,"weight":169,"page_count":132,"readership":null,"editor":"\u00c9ditions L'Harmattan","price":1650,"published_date":"2022-03-07T23:00:00.000000Z","support":"Grand format","publisher_availability":1,"stock":0,"editions":[],"url":"https:\/\/quaidesbrumes.com\/ouvrage\/9782140205415\/cinema-litterature-le-temps-dans-dix-oeucres"},{"id":"9782406174769","title":"Spectatrices du cin\u00e9ma : Aux origines d'un imaginaire","description":"Avec l'appui de nombreux documents textuels et visuels, cet ouvrage raconte une histoire des spectatrices qui, dans les ann\u00e9es 1910, d\u00e9rangent ou bousculent la projection \u00e0 travers leurs chapeaux, leurs b\u00e9b\u00e9s, leurs commentaires, leur sex appeal ou leur vuln\u00e9rabilit\u00e9 \u00e0 l'agression. L'imaginaire qui en d\u00e9coule est complexe, tiss\u00e9 par une diversit\u00e9 de points de vue. D'o\u00f9 ce paradoxe : alors que la salle de cin\u00e9ma offre un espace de libert\u00e9 aux femmes, elle est aussi un reflet (m\u00eame d\u00e9form\u00e9) des hi\u00e9rarchies sociales qu'elle contribue parfois \u00e0 renforcer.","authors":["Mireille Berton"],"category_codes":["6000000","6070000","6070300","6070304"],"visuals":{"large":"https:\/\/images.epagine.fr\/769\/9782406174769_1_75.jpg","medium":"https:\/\/images.epagine.fr\/769\/9782406174769_1_m.jpg","thumbnail":"https:\/\/images.epagine.fr\/769\/9782406174769_1_v.jpg"},"orderable":true,"show_badge":true,"formatted_price":"75,00&nbsp;\u20ac","formatted_published_date":"12 mars 2025","publisher_availability_label":"Sur commande","short_details":"Mireille Berton \u2014 CLASSIQUES GARNIER","translator":null,"weight":520,"page_count":276,"readership":null,"editor":"CLASSIQUES GARNIER","price":7500,"published_date":"2025-03-11T23:00:00.000000Z","support":"Grand format","publisher_availability":1,"stock":0,"editions":["9782406174752"],"url":"https:\/\/quaidesbrumes.com\/ouvrage\/9782406174769\/spectatrices-du-cinema-aux-origines-dun-imaginaire"},{"id":"9782380280241","title":"Deux voyages","description":"St\u00e9phane Lovighi-Bourgogne et St\u00e9phane M\u00e9n\u00e9trier se sont rencontr\u00e9s en 1996, \u00e0 Barjols, dans l'arri\u00e8re-pays varois. St\u00e9phane M\u00e9n\u00e9trier qui avait promen\u00e9 ses objectifs par-del\u00e0 les fronti\u00e8res fut tout de suite subjugu\u00e9 par les toiles, pleines de mondes, d'un jeune Lovighi. \u00c0 cette \u00e9poque, un premier recueil, tir\u00e9 \u00e0 compte d'auteur, m\u00ealant les dessins de l'un et les photos de l'autre, voit le jour ; comme une trace n\u00e9cessaire pour sceller cette amiti\u00e9 devenue in\u00e9vitable. Quelques ann\u00e9es apr\u00e8s, St\u00e9phane Lovighi-Bourgogne installe son atelier \u00e0 Cotignac, et commence, d\u00e8s lors, ces rendez-vous plus r\u00e9guliers entre ces deux St\u00e9phane, o\u00f9 quand l'un, photographie, l'autre, dessine sa peinture. Deux regards crois\u00e9s - l'un sur l'autre - pour deux voyages cr\u00e9atifs mais qui, au fond, racontent une seule et m\u00eame aventure : celle d'une m\u00e2le tendresse, toute contenue, entre ces deux \u00e9corch\u00e9s qui se sont bien trouv\u00e9s.\r\n\r\nSt\u00e9phane Lovighi-Bourgogne and St\u00e9phane M\u00e9n\u00e9trier met in 1996 in Barjols, in the Var countryside. St\u00e9phane M\u00e9n\u00e9trier, who had travelled far and wide with his camera, was immediately captivated by the paintings, filled with different worlds, of a young Lovighi. It was at this time that a first self-published collection combining the drawings of one and the photographs of the other was created, like a necessary trace sealing a friendship that had become inevitable. A few years later, St\u00e9phane Lovighi-Bourgogne set up his studio in Cotignac and from then on, more regular meetings between the two St\u00e9phanes began, where one photographed and the other drew his paintings. Two perspectives - one on the other - for two creative journeys, but which, in the end, tell one and the same adventure: that of a masculine tenderness, all reined in, between these two hypersensitive souls* who have chosen each other.","authors":["St\u00e9phane Lovighi-Bourgogne","St\u00e9phane M\u00e9n\u00e9trier"],"category_codes":["6000000","6070000","6070200"],"visuals":{"large":"https:\/\/images.epagine.fr\/241\/9782380280241_1_75.jpg","medium":"https:\/\/images.epagine.fr\/241\/9782380280241_1_m.jpg","thumbnail":"https:\/\/images.epagine.fr\/241\/9782380280241_1_v.jpg"},"orderable":true,"show_badge":true,"formatted_price":"20,00&nbsp;\u20ac","formatted_published_date":"28 d\u00e9cembre 2023","publisher_availability_label":"Sur commande","short_details":"St\u00e9phane Lovighi-Bourgogne, St\u00e9phane M\u00e9n\u00e9trier \u2014 MAZETO SQUARE","translator":null,"weight":620,"page_count":80,"readership":null,"editor":"MAZETO SQUARE","price":2000,"published_date":"2023-12-27T23:00:00.000000Z","support":"Grand format","publisher_availability":1,"stock":0,"editions":[],"url":"https:\/\/quaidesbrumes.com\/ouvrage\/9782380280241\/deux-voyages"},{"id":"9782140252068","title":"Nouvelle \u00e8re","description":"\"Marc, c\u00e9l\u00e8bre reporter de guerre, est au sommet de sa carri\u00e8re, quand une ombre myst\u00e9rieuse, venue tout droit de l'enfer de Daesh, p\u00e9n\u00e8tre dans sa vie pour la menacer. Tr\u00e8s vite, un climat de tension et de parano\u00efa s'installe et le pass\u00e9 refoul\u00e9 remonte \u00e0 la surface. La photographie, qui lui a valu une reconnaissance mondiale, cache un terrible secret. Ce clich\u00e9-choc n'a qu'un seul vrai prix, celui de la mort. De la Syrie \u00e0 Paris, un thriller d\u00e9capant o\u00f9 se m\u00ealent v\u00e9rit\u00e9 et mensonge, succ\u00e8s et effondrement, amiti\u00e9 et haine, honneur et tra\u00eetrise.\"","authors":["Ester Mann","L\u00e9von Minasian","Florence Vignon"],"category_codes":["6000000","6070000","6070300"],"visuals":{"large":"https:\/\/images.epagine.fr\/068\/9782140252068_1_75.jpg","medium":"https:\/\/images.epagine.fr\/068\/9782140252068_1_m.jpg","thumbnail":"https:\/\/images.epagine.fr\/068\/9782140252068_1_v.jpg"},"orderable":true,"show_badge":true,"formatted_price":"14,50&nbsp;\u20ac","formatted_published_date":"4 avril 2022","publisher_availability_label":"Sur commande","short_details":"Ester Mann, L\u00e9von Minasian, Florence Vignon \u2014 \u00c9ditions L'Harmattan","translator":null,"weight":180,"page_count":142,"readership":null,"editor":"\u00c9ditions L'Harmattan","price":1450,"published_date":"2022-04-03T22:00:00.000000Z","support":"Grand format","publisher_availability":1,"stock":0,"editions":[],"url":"https:\/\/quaidesbrumes.com\/ouvrage\/9782140252068\/nouvelle-ere"},{"id":"9782140254079","title":"L'arche de Jacob","description":"\"En 1970, \u00e0 Moscou, Sophie, fille de l'ambassadeur de France en URSS, fugue de la r\u00e9sidence familiale pour faire \u00e9chouer son mariage arrang\u00e9 par ses parents. Elle se r\u00e9fugie \u00e0 Odessa, ville sovi\u00e9tique sur le bord de la mer Noire. Au m\u00eame moment, \u00e0 Odessa, Jacob, juif sovi\u00e9tique, est renvoy\u00e9 du lyc\u00e9e o\u00f9 il enseignait le fran\u00e7ais, consid\u00e9r\u00e9 comme un \u00ab dangereux sioniste \u00bb. Son crime est de vouloir quitter la dictature communiste pour un pays libre, Isra\u00ebl. Par un concours de circonstances improbable, Sophie et Jacob se retrouvent dans l'avion que ce dernier s'appr\u00eate \u00e0 d\u00e9tourner vers Tel-Aviv avec ses complices \u00ab refuzniks \u00bb. \u00c9gar\u00e9s dans le ciel au-dessus de la mer Noire, ils tombent amoureux...Une histoire tragicomique qui nous rappellera une fois de plus que la libert\u00e9 n'a pas de prix.\"","authors":["Grigori Manoukov","L\u00e9von Minasian"],"category_codes":["6000000","6070000","6070300"],"visuals":{"large":"https:\/\/images.epagine.fr\/079\/9782140254079_1_75.jpg","medium":"https:\/\/images.epagine.fr\/079\/9782140254079_1_m.jpg","thumbnail":"https:\/\/images.epagine.fr\/079\/9782140254079_1_v.jpg"},"orderable":true,"show_badge":true,"formatted_price":"14,50&nbsp;\u20ac","formatted_published_date":"4 avril 2022","publisher_availability_label":"Sur commande","short_details":"Grigori Manoukov, L\u00e9von Minasian \u2014 \u00c9ditions L'Harmattan","translator":null,"weight":162,"page_count":126,"readership":null,"editor":"\u00c9ditions L'Harmattan","price":1450,"published_date":"2022-04-03T22:00:00.000000Z","support":"Grand format","publisher_availability":1,"stock":0,"editions":[],"url":"https:\/\/quaidesbrumes.com\/ouvrage\/9782140254079\/larche-de-jacob"},{"id":"9782343256801","title":"Les s\u00e9quences cultes des classiques Disney : Balche Neige, Pinocchio, Fantasia","description":"Une reine qui se m\u00e9tamorphose en sorci\u00e8re, un pantin de bois qui prend vie, un magicien de pacotille qui r\u00eave de grandeur, un pas de deux improbable entre un alligator et un hippopotame ou un d\u00e9mon d\u00e9cha\u00een\u00e9 sur sa montagne chauve. Autant de moments inoubliables que le Studio Disney a cr\u00e9\u00e9s entre 1937 et 1940. Ce livre vous invite dans les coulisses pour y comprendre le cheminement vers ces prouesses anim\u00e9es. Gr\u00e2ce \u00e0 ses centaines d'interviews exclusives, l'auteur a parsem\u00e9 le texte d'innombrables t\u00e9moignages par les artisans de ces pans de l'histoire du cin\u00e9ma. Ce livre regorge d'informations jamais divulgu\u00e9es et corrige quelques clich\u00e9s ou l\u00e9gendes, couvrant tous les aspects de la production : sc\u00e9nario, d\u00e9veloppement visuel, musique, effets sp\u00e9ciaux, innovations et bien s\u00fbr l'animation.","authors":["Christian Renaut"],"category_codes":["6000000","6070000","6070300"],"visuals":{"large":"https:\/\/images.epagine.fr\/801\/9782343256801_1_75.jpg","medium":"https:\/\/images.epagine.fr\/801\/9782343256801_1_m.jpg","thumbnail":"https:\/\/images.epagine.fr\/801\/9782343256801_1_v.jpg"},"orderable":true,"show_badge":true,"formatted_price":"26,50&nbsp;\u20ac","formatted_published_date":"25 mars 2022","publisher_availability_label":"Sur commande","short_details":"Christian Renaut \u2014 \u00c9ditions L'Harmattan","translator":null,"weight":355,"page_count":230,"readership":null,"editor":"\u00c9ditions L'Harmattan","price":2650,"published_date":"2022-03-24T23:00:00.000000Z","support":"Grand format","publisher_availability":1,"stock":0,"editions":[],"url":"https:\/\/quaidesbrumes.com\/ouvrage\/9782343256801\/les-sequences-cultes-des-classiques-disney-balche-neige-pinocchio-fantasia"}]}