{"data":[{"id":"9783969990995","title":"Diana Michener : Mirror","description":"A comprehensive overview of Michener's practice over nearly four decades, including previously unseen images from the artist's archive.\r\n\r\nThis three-volume boxed set offers a sweeping retrospective of Diana Michener's (born 1940) photography. With more than 600 images newly scanned from Michener's archive, Mirror covers her work from 1975 to 2021, including many previously unpublished images.","authors":["Diana Michener"],"category_codes":["6000000","6070000","6070200","6070205"],"visuals":{"large":"https:\/\/images.epagine.fr\/995\/9783969990995_1_75.jpg","medium":"https:\/\/images.epagine.fr\/995\/9783969990995_1_m.jpg","thumbnail":"https:\/\/images.epagine.fr\/995\/9783969990995_1_v.jpg"},"orderable":true,"show_badge":true,"formatted_price":"185,00&nbsp;\u20ac","formatted_published_date":"1er janvier 2025","publisher_availability_label":"Sur commande","short_details":"Diana Michener \u2014 Steidl","translator":null,"weight":200,"page_count":624,"readership":null,"editor":"Steidl","price":18500,"published_date":"2024-12-31T23:00:00.000000Z","support":"Grand format","publisher_availability":1,"stock":0,"editions":[],"url":"https:\/\/quaidesbrumes.com\/ouvrage\/9783969990995\/diana-michener-mirror"},{"id":"9783960701125","title":"Anna Lehmann-Brauns : Stages","description":"When someone in the twenty-first century describes photographs as painterly, this can be read as a pejorative or an ironic reference, since it was assumed that photography would replace painting as the leading artistic medium in the century before last.\r\n\r\nHowever, the photographs of Berlin artist Anna Lehmann-Brauns manage to translate the painterly into a contemporary photographic language without any irony. Whether she is photographing the Bosphorus from the window of a ferry in Istanbul, interiors in B","authors":["Collectif"],"category_codes":["6000000","6070000","6070200","6070205"],"visuals":{"large":"https:\/\/images.epagine.fr\/125\/9783960701125_1_75.jpg","medium":"https:\/\/images.epagine.fr\/125\/9783960701125_1_m.jpg","thumbnail":"https:\/\/images.epagine.fr\/125\/9783960701125_1_v.jpg"},"orderable":true,"show_badge":true,"formatted_price":"42,00&nbsp;\u20ac","formatted_published_date":"15 septembre 2024","publisher_availability_label":"Sur commande","short_details":"Collectif \u2014 Hartmann Books","translator":null,"weight":788,"page_count":120,"readership":null,"editor":"Hartmann Books","price":4200,"published_date":"2024-09-14T22:00:00.000000Z","support":"Grand format","publisher_availability":1,"stock":0,"editions":[],"url":"https:\/\/quaidesbrumes.com\/ouvrage\/9783960701125\/anna-lehmann-brauns-stages"},{"id":"9788417975104","title":"Jose guerrero trabajos\/works 02-20 \/anglais\/espagnol","description":"Cette publication rassemble une s\u00e9lection de photographies issues des nombreuses s\u00e9ries du photographe espagnol Jos\u00e9 Guerrero (n\u00e9 en 1970) de 2002 \u00e0 nos jours. Travaillant entre des styles abstraits et documentaires, Guerrero \u00e9quilibre habilement la lumi\u00e8re et la couleur dans ses photographies de paysages en couleurs atmosph\u00e9riques.","authors":["Guerrero Jose"],"category_codes":["6000000","6070000","6070200"],"visuals":{"large":"https:\/\/images.epagine.fr\/104\/9788417975104_1_75.jpg","medium":"https:\/\/images.epagine.fr\/104\/9788417975104_1_m.jpg","thumbnail":"https:\/\/images.epagine.fr\/104\/9788417975104_1_v.jpg"},"orderable":true,"show_badge":true,"formatted_price":"47,00&nbsp;\u20ac","formatted_published_date":"15 f\u00e9vrier 2020","publisher_availability_label":"Sur commande","short_details":"Guerrero Jose \u2014 Rm Editorial","translator":null,"weight":1001,"page_count":320,"readership":null,"editor":"Rm Editorial","price":4700,"published_date":"2020-02-14T23:00:00.000000Z","support":"Grand format","publisher_availability":1,"stock":0,"editions":[],"url":"https:\/\/quaidesbrumes.com\/ouvrage\/9788417975104\/jose-guerrero-trabajosworks-02-20-anglaisespagnol"},{"id":"9789089898661","title":"Saskia boelsums pictorial landscape photography \/anglais","description":null,"authors":["Boelsums Saskia"],"category_codes":["6000000","6070000","6070200"],"visuals":{"large":"https:\/\/images.epagine.fr\/661\/9789089898661_1_75.jpg","medium":"https:\/\/images.epagine.fr\/661\/9789089898661_1_m.jpg","thumbnail":"https:\/\/images.epagine.fr\/661\/9789089898661_1_v.jpg"},"orderable":true,"show_badge":true,"formatted_price":"62,00&nbsp;\u20ac","formatted_published_date":"8 octobre 2021","publisher_availability_label":"Sur commande","short_details":"Boelsums Saskia \u2014 Lannoo","translator":null,"weight":1201,"page_count":null,"readership":null,"editor":"Lannoo","price":6200,"published_date":"2021-10-07T22:00:00.000000Z","support":"Grand format","publisher_availability":1,"stock":0,"editions":[],"url":"https:\/\/quaidesbrumes.com\/ouvrage\/9789089898661\/saskia-boelsums-pictorial-landscape-photography-anglais"},{"id":"9782842923600","title":"Tourner le dos ; sur l'envers du personnage au cin\u00e9ma","description":"Que se passe-t-il, au cin\u00e9ma, lorsqu'un dos se fait pure pr\u00e9sence, attire l'oeil, se donne, pour un instant, plus ou moins bref mais intense, comme le tout de l'image ? Des plans troublants ont suscit\u00e9 cette question lancinante. Surgis de films de Hitchcock, Mizoguchi, Antonioni, Bauer, Depardon, Preminger, Huillet et Straub, Claire Denis, Tarkovski, Ozu ou encore Pascale Ferran, ils ont \u00e9t\u00e9 les moments de vacillement d'o\u00f9 sont n\u00e9es les \u00e9tudes r\u00e9unies ici.","authors":["Benjamin Thomas"],"category_codes":["6000000","6070000","6070300"],"visuals":{"large":"https:\/\/images.epagine.fr\/600\/9782842923600_1_75.jpg","medium":"https:\/\/images.epagine.fr\/600\/9782842923600_1_m.jpg","thumbnail":"https:\/\/images.epagine.fr\/600\/9782842923600_1_v.jpg"},"orderable":true,"show_badge":true,"formatted_price":"22,00&nbsp;\u20ac","formatted_published_date":"7 mars 2013","publisher_availability_label":"Sur commande","short_details":"Benjamin Thomas \u2014 Pu De Vincennes","translator":null,"weight":290,"page_count":192,"readership":null,"editor":"Pu De Vincennes","price":2200,"published_date":"2013-03-06T23:00:00.000000Z","support":"Grand format","publisher_availability":1,"stock":0,"editions":[],"url":"https:\/\/quaidesbrumes.com\/ouvrage\/9782842923600\/tourner-le-dos-sur-lenvers-du-personnage-au-cinema"},{"id":"9782370320001","title":"L'emprise du journalisme \u00e9chotier ? les professionnels de la politique dans la presse consacr\u00e9e aux espaces priv\u00e9s des c\u00e9l\u00e9brit\u00e9s (1945-2008)","description":"L'objectif de cet ouvrage est de rendre compte du rapport social qui fonde le travail de repr\u00e9sentation politique dans la presse consacr\u00e9e aux espaces priv\u00e9s des c\u00e9l\u00e9brit\u00e9s. Il s'agit de montrer que cette mise en sc\u00e8ne du politique par les espaces priv\u00e9s cherche \u00e0 l\u00e9gitimer un certain ordre social, y compris dans un espace qui para\u00eet \u00e0 premi\u00e8re vue \u00e9loign\u00e9 des questions politiques. Ainsi, partant du postulat de l'indissociabilit\u00e9 entre la production et la r\u00e9ception de tout processus de communication, deux hypoth\u00e8ses sont mises en avant. La premi\u00e8re est celle de l'entretien de l'ordre politique et social par la r\u00e9it\u00e9ration de la hi\u00e9rarchie politique dans les magazines ainsi que par une conception conservatrice de la soci\u00e9t\u00e9. La seconde est celle de la subordination du champ journalistique \u00e0 l'\u00e9gard du champ politique : les journalistes reproduisent les hi\u00e9rarchies politiques et co-construisent une suppos\u00e9e grandeur du personnel politique, et ce d'autant plus que \u00ab la politique \u00bb dans cet espace est principalement comprise comme nationale et li\u00e9e au pouvoir ex\u00e9cutif. \r\n Le dispositif empirique adopt\u00e9 - comportant un travail de recherche sur les archives des magazines f\u00e9minins parus entre 1880 et 1945, une analyse de contenu des couvertures de Closer, France Dimanche, Gala, Ici Paris, Paris Match, Point de Vue, Public et Voici publi\u00e9es entre 1945 et 2008, une objectivation statistique de l'espace social des pratiques culturelles des Fran\u00e7ais ainsi que plusieurs entretiens avec des journalistes - met en lumi\u00e8re quatre dimensions d'analyse : celle de la d\u00e9finition et de la d\u00e9limitation de ce genre journalistique, celle de sa gen\u00e8se, celle de la connaissance de ses lecteurs et, enfin, celle des \u00e9volutions du traitement journalistique des professionnels de la politique.","authors":["Sandra Vera zambrano"],"category_codes":["6000000","6070000","6070300"],"visuals":{"large":"https:\/\/images.epagine.fr\/001\/9782370320001_1_75.jpg","medium":"https:\/\/images.epagine.fr\/001\/9782370320001_1_m.jpg","thumbnail":"https:\/\/images.epagine.fr\/001\/9782370320001_1_v.jpg"},"orderable":true,"show_badge":true,"formatted_price":"45,00&nbsp;\u20ac","formatted_published_date":"10 d\u00e9cembre 2013","publisher_availability_label":"Sur commande","short_details":"Sandra Vera zambrano \u2014 Institut Universitaire Varenne","translator":null,"weight":616,"page_count":362,"readership":null,"editor":"Institut Universitaire Varenne","price":4500,"published_date":"2013-12-09T23:00:00.000000Z","support":"Grand format","publisher_availability":1,"stock":0,"editions":[],"url":"https:\/\/quaidesbrumes.com\/ouvrage\/9782370320001\/lemprise-du-journalisme-echotier-les-professionnels-de-la-politique-dans-la-presse-consacree-aux-espaces-prives-des-celebrites-1945-2008"},{"id":"9782246005001","title":"Le cin\u00e9-monde","description":"Suzanne Chantal, r\u00e9dactrice en chef de \"Cin\u00e9monde\" \u00e0 22 ans, a connu, entre 1930 et 1940, tous les gens qui ont compt\u00e9 dans la grande \u00e9poque du cin\u00e9ma : de Greta Garbo \u00e0 Gaby Morlay, de Raimu \u00e0 Charles Boyer, de Marl\u00e8ne Dietrich \u00e0 Katharine Hepburn. Amie de Jean Renoir et de Marcel Carn\u00e9, elle nous fait revivre un monde qui avait ses stars, ses idoles. Elle nous raconte comment Gide a jou\u00e9 le r\u00f4le de figurant, comment se comportait Andr\u00e9 Malraux pendant le tournage de {l'Espoir}. Dans ce livre, \u00e0 travers les r\u00e9alit\u00e9s v\u00e9cues, on d\u00e9couvre, en ombre port\u00e9e sur l'\u00e9cran \u00e9largi de la France, ce qu'\u00e9taient la chance, le succ\u00e8s, la menace, l'\u00e9chec, le courage et en g\u00e9n\u00e9ral, la condition f\u00e9minine...de 30 \u00e0 40.","authors":["Suzanne Chantal"],"category_codes":["6000000","6070000","6070300","6070304"],"visuals":{"large":"https:\/\/images.epagine.fr\/001\/9782246005001_1_75.jpg","medium":"https:\/\/images.epagine.fr\/001\/9782246005001_1_m.jpg","thumbnail":"https:\/\/images.epagine.fr\/001\/9782246005001_1_v.jpg"},"orderable":true,"show_badge":true,"formatted_price":"24,90&nbsp;\u20ac","formatted_published_date":"25 mai 1977","publisher_availability_label":"Sur commande","short_details":"Suzanne Chantal \u2014 \u00c9ditions Grasset","translator":null,"weight":406,"page_count":383,"readership":null,"editor":"\u00c9ditions Grasset","price":2490,"published_date":"1977-05-24T22:00:00.000000Z","support":"Grand format","publisher_availability":1,"stock":0,"editions":[],"url":"https:\/\/quaidesbrumes.com\/ouvrage\/9782246005001\/le-cine-monde"},{"id":"9782352049692","title":"Grands reporters : prix Albert Londres","description":"Grands reporters r\u00e9unit les meilleurs articles prim\u00e9s des trente derni\u00e8res ann\u00e9es et raconte le monde depuis la chute du mur de Berlin.\r\nDes reporters sont all\u00e9s au front pour raconter ces nouvelles fractures et nous faire vivre l'histoire sur le vif. Parfois, au risque de leur vie, ils observent et racontent notre monde. Du Grand exode de 1989, en passant par l'\u00e9clatement de l'Afrique du Sud, des montagnes tch\u00e9tch\u00e8nes avec les soldats de l'Islam, la bataille de Tora Bora ou la violence sociale dans les quartiers populaires de Marseille, 100 reportages pour comprendre le monde d'aujourd'hui.","authors":["Collectif"],"category_codes":["6000000","6070000","6070200","6070204"],"visuals":{"large":"https:\/\/images.epagine.fr\/692\/9782352049692_1_75.jpg","medium":"https:\/\/images.epagine.fr\/692\/9782352049692_1_m.jpg","thumbnail":"https:\/\/images.epagine.fr\/692\/9782352049692_1_v.jpg"},"orderable":true,"show_badge":true,"formatted_price":"25,00&nbsp;\u20ac","formatted_published_date":"3 octobre 2018","publisher_availability_label":"Sur commande","short_details":"Collectif \u2014 \u00c9ditions Les Ar\u00e8nes","translator":null,"weight":1062,"page_count":680,"readership":null,"editor":"\u00c9ditions Les Ar\u00e8nes","price":2500,"published_date":"2018-10-02T22:00:00.000000Z","support":"Grand format","publisher_availability":1,"stock":0,"editions":[],"url":"https:\/\/quaidesbrumes.com\/ouvrage\/9782352049692\/grands-reporters-prix-albert-londres"},{"id":"9782842921569","title":"Entre film et photographie ; essai sur l'empreinte","description":"A l'origine de ce livre, il y a d'abord le trouble \u00e9prouv\u00e9 chaque fois qu'une photographie appara\u00eet au sein d'un film : qu'ont \u00e0 faire ensemble ces images dans l'\u00e9laboration figurative ? Et surtout quel rapport entretiennent-elles avec l'empreinte sur le fond primordial de laquelle elles s'enl\u00e8vent l'une et l'autre ? Au moment o\u00f9 il \u00e9labore sa m\u00e9canique du d\u00e9sir, Freud pose un lien singulier entre le manque, l'empreinte et l'image : pas de d\u00e9sir sans manque, dit-il en substance, et surtout pas de d\u00e9sir sans empreinte et sans transformation de l'empreinte en image.\r\nL'enjeu consiste alors \u00e0 revenir sur l'empreinte lumineuse \u00e0 partir de l'empreinte psychique : faisant l'hypoth\u00e8se que le manque est une force constitutive du travail des images-empreintes, Barbara Le Ma\u00eetre montrera comment l'irruption du photographique au sein du filmique nous renvoie face au premier laboratoire du d\u00e9sir. Des oeuvres de Johan Van der Keuken, d'Atom Egoyan ou de Jean Eustache servent d'appui \u00e0 une vis\u00e9e th\u00e9orique qui reformule les propositions de Freud en termes esth\u00e9tiques.","authors":["Barbara Le Ma\u00eetre"],"category_codes":["6000000","6070000","6070300"],"visuals":{"large":"https:\/\/images.epagine.fr\/569\/9782842921569_1_75.jpg","medium":"https:\/\/images.epagine.fr\/569\/9782842921569_1_m.jpg","thumbnail":"https:\/\/images.epagine.fr\/569\/9782842921569_1_v.jpg"},"orderable":true,"show_badge":true,"formatted_price":"20,00&nbsp;\u20ac","formatted_published_date":"9 d\u00e9cembre 2004","publisher_availability_label":"Sur commande","short_details":"Barbara Le Ma\u00eetre \u2014 Pu De Vincennes","translator":null,"weight":237,"page_count":192,"readership":null,"editor":"Pu De Vincennes","price":2000,"published_date":"2004-12-08T23:00:00.000000Z","support":"Grand format","publisher_availability":1,"stock":0,"editions":[],"url":"https:\/\/quaidesbrumes.com\/ouvrage\/9782842921569\/entre-film-et-photographie-essai-sur-lempreinte"},{"id":"9782842923723","title":"Cin\u00e9ma museum ; le mus\u00e9e d'apr\u00e8s le cin\u00e9ma","description":"\" Essai autour des rapports qu'entretiennent et que nourrissent le cin\u00e9ma et le mus\u00e9e.\r\nQue fait le cin\u00e9ma au mus\u00e9e ? Quelle place y occupe-t-il ? Et r\u00e9ciproquement, que fait le mus\u00e9e au cin\u00e9ma ?\r\nCette question th\u00e9orique est abord\u00e9e \u00e0 la fois autour de films de cin\u00e9astes, mais \u00e9galement autour d'espaces de mus\u00e9e, comme le nouveau mus\u00e9e de l'Acropole, de cr\u00e9ations artistiques. Cin\u00e9astes et artistes trait\u00e9s : Alain Resnais, Jea-Luc Godard, Mark Lewis, Mark Rothko, Brian De Palma, Tony Smith, Chris Marker, Bernard Tschumi, Ryan Gander, Tino Sehgal, Fabrice Lauterjung \"","authors":["Barbara Le Ma\u00eetre","Jennifer Verraes"],"category_codes":["6000000","6070000","6070300"],"visuals":{"large":"https:\/\/images.epagine.fr\/723\/9782842923723_1_75.jpg","medium":"https:\/\/images.epagine.fr\/723\/9782842923723_1_m.jpg","thumbnail":"https:\/\/images.epagine.fr\/723\/9782842923723_1_v.jpg"},"orderable":true,"show_badge":true,"formatted_price":"21,00&nbsp;\u20ac","formatted_published_date":"12 septembre 2013","publisher_availability_label":"Sur commande","short_details":"Barbara Le Ma\u00eetre, Jennifer Verraes \u2014 Pu De Vincennes","translator":null,"weight":302,"page_count":200,"readership":null,"editor":"Pu De Vincennes","price":2100,"published_date":"2013-09-11T22:00:00.000000Z","support":"Grand format","publisher_availability":1,"stock":0,"editions":[],"url":"https:\/\/quaidesbrumes.com\/ouvrage\/9782842923723\/cinema-museum-le-musee-dapres-le-cinema"},{"id":"9782863742259","title":"Orson Welles","description":"Tout le monde _ ou presque _ conna\u00eet Orson Welles. Enfant prodige, cin\u00e9aste g\u00e9nial, s\u00e9ducteur, prince de la Renaissance aux poches perc\u00e9es... autant de clich\u00e9s qui ont nourri sa l\u00e9gende.\r\n\r\nPeut-on \u00e9crire la biographie d'une l\u00e9gende? Pendant deux ans, Barbara Leaming s'est heurt\u00e9e \u00e0 ce casse-t\u00eate. Non que Welles se montr\u00e2t avare de confidences. Au contraire, il accepta de bonne gr\u00e2ce de se pr\u00eater \u00e0 ce jeu de la v\u00e9rit\u00e9 auquel le conviait sa biographe. Mais quelle v\u00e9rit\u00e9? Plus Barbara Leaming progressait dans sa recherche, accumulant les t\u00e9moignages, les preuves, les documents, plus ils semblaient contredire ce que Welles lui disait. Ce n'\u00e9tait pas une vie qui se d\u00e9couvrait \u00e0 elle, mais dix existences inextricablement m\u00eal\u00e9es dont il fallait d\u00e9brouiller l'\u00e9cheveau fil \u00e0 fil. Au terme de ce travail de P\u00e9n\u00e9lope, le miracle s'est produit: Welles est l\u00e0, parmi nous. Grotesque et sublime, timide et p\u00e9remptoire, s\u00e9rieux et grave, plus grand que nature. On ne peut s'emp\u00eacher de r\u00eaver aux commentaires qu'il n'aurait pas manqu\u00e9 de faire en contemplant ce palais baroque, \u00e0 l'architecture tourment\u00e9e: l'histoire de sa vie.","authors":["Barbara Leaming"],"category_codes":["6000000","6070000","6070300","6070305"],"visuals":{"large":"https:\/\/images.epagine.fr\/259\/9782863742259_1_75.jpg","medium":"https:\/\/images.epagine.fr\/259\/9782863742259_1_m.jpg","thumbnail":"https:\/\/images.epagine.fr\/259\/9782863742259_1_v.jpg"},"orderable":true,"show_badge":true,"formatted_price":"35,00&nbsp;\u20ac","formatted_published_date":"23 avril 1986","publisher_availability_label":"Sur commande","short_details":"Barbara Leaming \u2014 Mazarine","translator":null,"weight":768,"page_count":560,"readership":null,"editor":"Mazarine","price":3500,"published_date":"1986-04-22T22:00:00.000000Z","support":"Grand format","publisher_availability":1,"stock":0,"editions":[],"url":"https:\/\/quaidesbrumes.com\/ouvrage\/9782863742259\/orson-welles"},{"id":"9781885030214","title":"If films could smell","description":"If Films Could Smell is at once an assemblage of interviews and writings by Roddy Bogawa (born 1962) from his nearly 30 years as a filmmaker and artist, and a time capsule of the independent film scene and art world of the 1990s as told through artifacts, diary entries, letters, emails, photographs, script notes and assorted bric-a-brac from Bogawa's archives. As with many of Bogawa's films, it's a collage that doesn't try to hide its seams, a jumble of ideas both realized and unrealized, an exploded diagram and a manifesto. The title conveys his interests in personal and cultural memory, and how these intersect with one's identity. Bogawa's work has been variously described as experimental, Asian American and independent cinema. This volume lays out these labels and dissects them, sometimes humorously. Straddling genres, If Films Could Smell is a document of possibility and provocation.","authors":["Roddy Bogawa"],"category_codes":["6000000","6070000","6070300","6070305"],"visuals":{"large":"https:\/\/images.epagine.fr\/214\/9781885030214_1_75.jpg","medium":"https:\/\/images.epagine.fr\/214\/9781885030214_1_m.jpg","thumbnail":"https:\/\/images.epagine.fr\/214\/9781885030214_1_v.jpg"},"orderable":false,"show_badge":true,"formatted_price":"23,00&nbsp;\u20ac","formatted_published_date":"30 juin 2026","publisher_availability_label":"\u00c0 para\u00eetre","short_details":"Roddy Bogawa \u2014 Distributed Art Publishers","translator":null,"weight":1130,"page_count":112,"readership":null,"editor":"Distributed Art Publishers","price":2300,"published_date":"2026-06-29T22:00:00.000000Z","support":"Grand format","publisher_availability":2,"stock":0,"editions":[],"url":"https:\/\/quaidesbrumes.com\/ouvrage\/9781885030214\/if-films-could-smell"},{"id":"9781885030122","title":"Life is work","description":"Until his death in 2012 at age 100, legendary filmmaker Kaneto Shindo was a living link to more than 70 years of Japanese cinema history. Screenwriter of more than 200 films and director of more than 40, Shindo earned international praise for his masterpieces Children of Hiroshima and The Naked Island, and for the fantastical proto-horror film, Onibaba. In this volume, Shindo narrates his career, from his beginnings as an art director and fledgling screenwriter in the 1930s and 1940s, to his collaborations with such luminaries as Kenji Mizoguchi, Kon Ichikawa and Kinji Fukasaku, to his breakout into independent filmmaking in the 1950s and beyond. This first-ever English language book on Shindo's work is a stunning introduction to one of film's great overlooked masters. It includes the full screenplay of The Naked Island and a foreword by Benicio del Toro.","authors":["Collectif"],"category_codes":["6000000","6070000","6070300","6070305"],"visuals":{"large":"https:\/\/images.epagine.fr\/122\/9781885030122_1_75.jpg","medium":"https:\/\/images.epagine.fr\/122\/9781885030122_1_m.jpg","thumbnail":"https:\/\/images.epagine.fr\/122\/9781885030122_1_v.jpg"},"orderable":false,"show_badge":true,"formatted_price":"23,00&nbsp;\u20ac","formatted_published_date":"30 juin 2026","publisher_availability_label":"\u00c0 para\u00eetre","short_details":"Collectif \u2014 Distributed Art Publishers","translator":null,"weight":0,"page_count":374,"readership":null,"editor":"Distributed Art Publishers","price":2300,"published_date":"2026-06-29T22:00:00.000000Z","support":"Grand format","publisher_availability":2,"stock":0,"editions":[],"url":"https:\/\/quaidesbrumes.com\/ouvrage\/9781885030122\/life-is-work"},{"id":"9781885030603","title":"Skullfuck : The brutalist cinema of Jon Moritsugu","description":"Brillant de candeur et d'humour absolu, ce m\u00e9moire raconte l'histoire de l'ascension fulgurante du cin\u00e9aste am\u00e9ricain d'origine japonaise Jon Moritsugu (n\u00e9 en 1965), un jeune d\u00e9linquant des ann\u00e9es 1980 \u00e0 Honolulu. probl\u00e8me d'attitude, d\u00e9taillant la plong\u00e9e de Moritsugu dans l'alcool, la drogue, le narcissisme et un style de vie rapide et pollu\u00e9 qui aurait sans doute \u00e9t\u00e9 la plus grande influence sur sa s\u00e9rie de films tout \u00e0 fait originaux. Le New York Times d\u00e9crit son travail comme \"dr\u00f4le, anarchique, provocant et exaltant\"; Rolling Stone a qualifi\u00e9 son premier long m\u00e9trage de \"l'un des plus grands films punk rock de tous les temps\". Le livre comprend des centaines de photographies in\u00e9dites en couleur et en noir et blanc, des images de production, des entr\u00e9es de journal, des lettres d'amour et de refus, des notes et des dessins. Des plateaux de film construits avec 1000 livres de viande en d\u00e9composition; offres de bosses de studio abattues en quelques secondes; Les contrats ont br\u00fbl\u00e9 dans les bureaux des maisons de disques: tout est l\u00e0, les hauts et les bas de l'un des r\u00e9alisateurs les plus extr\u00eames et les plus intransigeants au monde.","authors":["Jon Moritsugu"],"category_codes":["6000000","6070000","6070300","6070305"],"visuals":{"large":"https:\/\/images.epagine.fr\/603\/9781885030603_1_75.jpg","medium":"https:\/\/images.epagine.fr\/603\/9781885030603_1_m.jpg","thumbnail":"https:\/\/images.epagine.fr\/603\/9781885030603_1_v.jpg"},"orderable":false,"show_badge":true,"formatted_price":"30,00&nbsp;\u20ac","formatted_published_date":"30 juin 2026","publisher_availability_label":"\u00c0 para\u00eetre","short_details":"Jon Moritsugu \u2014 Distributed Art Publishers","translator":null,"weight":1130,"page_count":304,"readership":null,"editor":"Distributed Art Publishers","price":3000,"published_date":"2026-06-29T22:00:00.000000Z","support":"Grand format","publisher_availability":2,"stock":0,"editions":[],"url":"https:\/\/quaidesbrumes.com\/ouvrage\/9781885030603\/skullfuck-the-brutalist-cinema-of-jon-moritsugu"},{"id":"9780262049078","title":"Lost days, endless nights : Photography and film from Los Angeles","description":"A critical study and artist's book on the history of photography and film from Los Angeles.\r\n\r\nLost Days, Endless Nights tells a history from below-an account of the lives of the forgotten and dispossessed of Los Angeles: the unemployed, the precariously employed, the evicted, the alienated, the unhoused, the anxious, the exhausted. Through an analysis of abandoned archival works, experimental films, and other projects, Andrew Witt offers an expansive account of the artists who have lived or worked in Los Angeles, delving into the region's history and geography, highlighting its racial, gender, and class conflicts. Presented as a series of nine case studies, Witt explores how artists as diverse as Agn\u00e8s Varda, Dana Lixenberg, Allan Sekula, Catherine Opie, John Divola, Gregory Halpern, Paul Sepuya, and Guadalupe Rosales have reimagined and reshaped our understanding of contemporary Los Angeles.\r\n\r\nThe book features portraits of those who struggle and attempt to get by in the city: dock workers, students, bus riders, petty criminals, office workers, immigrants, queer and trans activists. Set against the landscape of economic turmoil and environmental crises that shadowed the 1970s, Witt highlights the urgent need for a historical perspective of cultural retrieval and counternarrative. Extending into the present, Lost Days, Endless Nights advocates for an approach that actively embraces the works and projects that have been overlooked and evicted from the historical imaginary.","authors":["Andrew Witt"],"category_codes":["6000000","6070000","6070200","6070207"],"visuals":{"large":"https:\/\/images.epagine.fr\/078\/9780262049078_1_75.jpg","medium":"https:\/\/images.epagine.fr\/078\/9780262049078_1_m.jpg","thumbnail":"https:\/\/images.epagine.fr\/078\/9780262049078_1_v.jpg"},"orderable":true,"show_badge":true,"formatted_price":"72,00&nbsp;\u20ac","formatted_published_date":"14 janvier 2025","publisher_availability_label":"Sur commande","short_details":"Andrew Witt \u2014 Mit Press","translator":null,"weight":1320,"page_count":384,"readership":null,"editor":"Mit Press","price":7200,"published_date":"2025-01-13T23:00:00.000000Z","support":"Grand format","publisher_availability":1,"stock":0,"editions":[],"url":"https:\/\/quaidesbrumes.com\/ouvrage\/9780262049078\/lost-days-endless-nights-photography-and-film-from-los-angeles"},{"id":"9782322573295","title":"Carolles et Jullouville, entre ciel et mer : Carolles and Jullouville, between sky and sea (Manche, Normandy, France)","description":"\u00c0 travers ces photographies de Carolles et Jullouville, se d\u00e9voile la beaut\u00e9 intemporelle des paysages c\u00f4tiers de la Manche. La vall\u00e9e du Lude, les plages de Carolles et Jullouville, l'embouchure du Thar, et la promenade Fran\u00e7ois Guimbaud se r\u00e9v\u00e8lent sous des lumi\u00e8res changeantes, semblables \u00e0 des sc\u00e8nes extraites des films d'\u00c9ric Rohmer. Le ballet incessant des mar\u00e9es, le ressac \u00e9ternel, et la mer \u00e0 mar\u00e9e basse qui se fond dans le ciel nous invitent \u00e0 une r\u00e9flexion sur le passage du temps et ravivent nos \u00e9motions. Comme l'\u00e9crivait Marcel Proust : \" Le temps efface tous comme effacent les vagues les travaux des enfants sur le sable aplani. \" Ces images captent des instants \u00e9ph\u00e9m\u00e8res, \u00e9voquant les souvenirs joyeux de notre enfance, lorsque nous d\u00e9couvrions l'immensit\u00e9 de la mer avec \u00e9merveillement.\r\nThrough these photographs of Carolles and Jullouville, the timeless beauty of the coastal landscapes of the Manche is revealed. The Lude valley, the beaches of Carolles and Jullouville, the mouth of the Thar, and the Fran\u00e7ois Guimbaud promenade are revealed in changing light, similar to scenes from \u00c9ric Rohmer's films. The incessant ballet of the tides, the eternal surf, and the sea at low tide melting into the sky invite us to reflect on the passage of time and rekindle our emotions. As Marcel Proust wrote: 'Time erases everything as the waves erase the work of children on the flattened sand'. These images capture fleeting moments, evoking happy memories of our childhood, when we discovered the immensity of the sea with wonder.","authors":["Jo\u00ebl Douillet"],"category_codes":["6000000","6070000","6070200"],"visuals":{"large":"https:\/\/images.epagine.fr\/295\/9782322573295_1_75.jpg","medium":"https:\/\/images.epagine.fr\/295\/9782322573295_1_m.jpg","thumbnail":"https:\/\/images.epagine.fr\/295\/9782322573295_1_v.jpg"},"orderable":true,"show_badge":true,"formatted_price":"29,99&nbsp;\u20ac","formatted_published_date":"21 f\u00e9vrier 2025","publisher_availability_label":"Sur commande","short_details":"Jo\u00ebl Douillet \u2014 Books on Demand","translator":null,"weight":236,"page_count":48,"readership":null,"editor":"Books on Demand","price":2999,"published_date":"2025-02-20T23:00:00.000000Z","support":"Grand format","publisher_availability":1,"stock":0,"editions":[],"url":"https:\/\/quaidesbrumes.com\/ouvrage\/9782322573295\/carolles-et-jullouville-entre-ciel-et-mer-carolles-and-jullouville-between-sky-and-sea-manche-normandy-france"},{"id":"9782385890667","title":"Campagnes sauvages : Au fil des saisons","description":"Pour provoquer la chance, je multiplie les rep\u00e9rages et les aff\u00fbts, je dors parfois dehors et ne compte plus les heures pass\u00e9es dans la nature. J'aime me retrouver seul, loin du bruit, loin des hommes, \u00e0 contempler les moments simples qu'offre la nature. \u00catre t\u00e9moin de sc\u00e8nes de vie, voir les animaux tisser des liens sociaux, communiquer entre eux, chercher de la nourriture, se d\u00e9placer, \u00eatre aux aguets lorsqu'un bruit anormal se fait entendre... Bref, tous les comportements sont riches en apprentissages.\r\nCes sc\u00e8nes permettent de se forger son propre avis sur le monde sauvage, souvent loin des clich\u00e9s v\u00e9hicul\u00e9s par les croyances populaires, qui donnent parfois mauvaise r\u00e9putation \u00e0 certains animaux. Je vous emm\u00e8ne donc avec moi, au plus pr\u00e8s du monde sauvage. Je partage avec vous mes observations de terrain, je vous fais d\u00e9couvrir les moeurs des animaux, et je vous raconte certains de mes aff\u00fbts qui m'ont particuli\u00e8rement marqu\u00e9.","authors":["Baptiste Masson"],"category_codes":["6000000","6070000","6070200"],"visuals":{"large":"https:\/\/images.epagine.fr\/667\/9782385890667_1_75.jpg","medium":"https:\/\/images.epagine.fr\/667\/9782385890667_1_m.jpg","thumbnail":"https:\/\/images.epagine.fr\/667\/9782385890667_1_v.jpg"},"orderable":true,"show_badge":true,"formatted_price":"35,00&nbsp;\u20ac","formatted_published_date":"26 f\u00e9vrier 2025","publisher_availability_label":"Sur commande","short_details":"Baptiste Masson \u2014 DASHBOOK","translator":null,"weight":656,"page_count":182,"readership":"Tout public","editor":"DASHBOOK","price":3500,"published_date":"2025-02-25T23:00:00.000000Z","support":"Grand format","publisher_availability":1,"stock":0,"editions":[],"url":"https:\/\/quaidesbrumes.com\/ouvrage\/9782385890667\/campagnes-sauvages-au-fil-des-saisons"},{"id":"9783829610155","title":"Gem\u00e4lde","description":"Als die amerikanische Malerin Georgia O'Keeffe (1887-1986) im Alter von 98 Jahren starb, hinterlie\u00df sie ein Werk, das sie schon zu Lebzeiten zur Legende gemacht hatte. Lebensgef\u00e4hrtin des sehr viel \u00e4lteren, ber\u00fchmten New Yorker Photographen und Galeristen Alfred Stieglitz, der ihr Talent entdeckte, faszinierte O'Keeffe ihr Publikum anfangs mit sinnlichen, magischen Blumenbildern. Stadtansichten, W\u00fcstenlandschaften, Knochen-\"Portraits\", auch abstrakte Kompositionen kamen hinzu - in reinen Farben gemalt, von beeindruckender Intensit\u00e4t, voller Licht und Volumen. 1946, nach Stieglitz' Tod, zog sie sich in die W\u00fcste New Mexikos zur\u00fcck, wo auf der \"Ghost Ranch\" bei Abiquiu in 40 Jahren Einsamkeit ihr zunehmend asketischer, meditativer werdendes Sp\u00e4twerk entstand.Unser 1995 erstmals erschienenes Buch mit einem Text von Jula Dech legen wir jetzt erneut auf.","authors":["Georgia O'Keeffe"],"category_codes":["6000000","6070000","6070200","6070205"],"visuals":{"large":"https:\/\/images.epagine.fr\/155\/9783829610155_1_75.jpg","medium":"https:\/\/images.epagine.fr\/155\/9783829610155_1_m.jpg","thumbnail":"https:\/\/images.epagine.fr\/155\/9783829610155_1_v.jpg"},"orderable":true,"show_badge":true,"formatted_price":"12,50&nbsp;\u20ac","formatted_published_date":"30 juillet 2024","publisher_availability_label":"Sur commande","short_details":"Georgia O'Keeffe \u2014 Schirmer Mosel","translator":null,"weight":788,"page_count":128,"readership":null,"editor":"Schirmer Mosel","price":1250,"published_date":"2024-07-29T22:00:00.000000Z","support":"Grand format","publisher_availability":1,"stock":0,"editions":[],"url":"https:\/\/quaidesbrumes.com\/ouvrage\/9783829610155\/gemalde"},{"id":"9780878468980","title":"Reframing photography","description":"Examining the history of photography and the medium's uses beyond fine art.\r\n\r\nSince photography's beginnings in the 19th century, the medium has constantly evolved-in its purpose, its audiences, its collectors and its technology. Reframing Photography: Multiple Histories surveys photography's past, present and future transformations through thematic groupings pulled from the preeminent collection at the Museum of Fine Arts, Boston. The diverse selection of objects explores images made not just for a fine art context but also for documentation, the printed page, science, architecture, surveys, publicity and more.\r\n\r\nPhotographers revealing these multiple narratives include Southworth and Hawes, Julia Margaret Cameron, Lewis Hine, James Van Der Zee, Richard Avedon, Irving Penn, Margaret Bourke-White, Robert Capa, Catherine Opie, Gohar Dashti, Martine Gutierriez and Alejandro Cartagena.\r\n\r\nThis publication celebrates the centennial anniversary of Alfred Steiglitz's founding gift to the museum's photography collection.","authors":["Kristen Gresh"],"category_codes":["6000000","6070000","6070200","6070205"],"visuals":{"large":"https:\/\/images.epagine.fr\/980\/9780878468980_1_75.jpg","medium":"https:\/\/images.epagine.fr\/980\/9780878468980_1_m.jpg","thumbnail":"https:\/\/images.epagine.fr\/980\/9780878468980_1_v.jpg"},"orderable":true,"show_badge":true,"formatted_price":"50,00&nbsp;\u20ac","formatted_published_date":"26 novembre 2024","publisher_availability_label":"Sur commande","short_details":"Kristen Gresh \u2014 Mfa","translator":null,"weight":1130,"page_count":208,"readership":null,"editor":"Mfa","price":5000,"published_date":"2024-11-25T23:00:00.000000Z","support":"Grand format","publisher_availability":1,"stock":0,"editions":[],"url":"https:\/\/quaidesbrumes.com\/ouvrage\/9780878468980\/reframing-photography"},{"id":"9781797228747","title":"Rescue cats","description":"The perfect gift for cat lovers everywhere, Rescue Cats will delight and inspire with its collection of full-color, close-up portraits of cats and their stories of adoption, from the award-winning author of Finding Home and Forever Home.\r\n\r\nCelebrated animal photographer Traer Scott invites readers on a heartwarming journey into the lives of courageous rescue cats and kittens, captured in evocative images and remarkable stories. In these pages, you'll meet:\r\nForrest, a majestic Maine Coon who was born with an impairment and found on the street as a twelve-week-old stray. After finding the perfect home, he now goes kayaking and camping with his family.\r\nLinus, once a severely malnourished kitten weighing less than one ounce and given no chance of survival. After months of careful foster care, he grew to be a healthy and beloved pet.\r\nA litter of kittens, shown week by week, revealing how quickly they grow and change.\r\nAnd twenty more rescue cats whose inspiring stories of survival and resilience offer an irresistible celebration of compassion and second chances.\r\nBeautifully illustrated and engagingly written, Rescue Cats pays tribute to these amazing felines who have undergone remarkable transformations and found their forever homes while conveying the profound impact of rescue and adoption. For cat lovers, photography enthusiasts, and advocates for animal welfare, this joyful cat book is a poignant reminder that every rescue is a chapter in a larger story of compassion and redemption.","authors":["Traer Scott"],"category_codes":["6000000","6070000","6070200","6070205"],"visuals":{"large":"https:\/\/images.epagine.fr\/747\/9781797228747_1_75.jpg","medium":"https:\/\/images.epagine.fr\/747\/9781797228747_1_m.jpg","thumbnail":"https:\/\/images.epagine.fr\/747\/9781797228747_1_v.jpg"},"orderable":true,"show_badge":true,"formatted_price":"18,95&nbsp;\u20ac","formatted_published_date":"15 septembre 2024","publisher_availability_label":"Sur commande","short_details":"Traer Scott \u2014 Princeton Architectural","translator":null,"weight":363,"page_count":114,"readership":null,"editor":"Princeton Architectural","price":1895,"published_date":"2024-09-14T22:00:00.000000Z","support":"Grand format","publisher_availability":1,"stock":0,"editions":[],"url":"https:\/\/quaidesbrumes.com\/ouvrage\/9781797228747\/rescue-cats"},{"id":"9781961883116","title":"Flocked snow","description":"Grosvenor's photographs of color-coated snow investigate the stakes of altering the world around us\r\n\r\nIn a Patchogue, New York, parking lot, Robert Grosvenor (born 1937) photographed brightly colored flocking dropped into mounds of snow. Known for his subtle adjustments to readymade objects, Grosvenor makes the resulting images insistently abstract, depicting the aftermath of an action.\r\n","authors":["Robert Grosvenor"],"category_codes":["6000000","6070000","6070200","6070205"],"visuals":{"large":"https:\/\/images.epagine.fr\/116\/9781961883116_1_75.jpg","medium":"https:\/\/images.epagine.fr\/116\/9781961883116_1_m.jpg","thumbnail":"https:\/\/images.epagine.fr\/116\/9781961883116_1_v.jpg"},"orderable":true,"show_badge":true,"formatted_price":"35,00&nbsp;\u20ac","formatted_published_date":"17 d\u00e9cembre 2024","publisher_availability_label":"Sur commande","short_details":"Robert Grosvenor \u2014 Karma","translator":null,"weight":1130,"page_count":72,"readership":null,"editor":"Karma","price":3500,"published_date":"2024-12-16T23:00:00.000000Z","support":"Grand format","publisher_availability":1,"stock":0,"editions":[],"url":"https:\/\/quaidesbrumes.com\/ouvrage\/9781961883116\/flocked-snow"},{"id":"9782226162977","title":"\u00ab Maintenant, il faudra tout se dire \u00bb","description":"\u00ab Maintenant, il faudra tout se dire. \u00bb\r\n  Que cachait cette phrase lanc\u00e9e \u00e0 Benjamin Castaldi  par sa m\u00e8re, Catherine All\u00e9gret, quand disparut  Simone Signoret ? Longtemps elle l'obs\u00e9da sans qu'il la comprenne.\r\n  \r\n  C'est qu'avant d'\u00eatre animateur de t\u00e9l\u00e9vision, Benjamin Castaldi a d'abord \u00e9t\u00e9 le petit-fils de Casque d'or. Il a pass\u00e9 une enfance dor\u00e9e dans la maison d'Yves Montand, \u00e0 Autheuil, ignorant les lourds secrets de famille qui l'entouraient. La vie a fait son oeuvre. Le temps est venu. Maintenant, il faut, en effet, tout se dire : au-del\u00e0 des jours heureux, l'autre visage de Montand, son m\u00e9pris des femmes, son attitude envers sa belle-fille, son inconstance \u00e0 l'\u00e9gard de Simone. \r\n  \r\n  Au prix d'une douloureuse confrontation avec une v\u00e9rit\u00e9 si diff\u00e9rente du conte de f\u00e9es longtemps offert aux m\u00e9dias, Benjamin Castaldi se r\u00e9concilie avec lui-m\u00eame et dit enfin son amour pour sa m\u00e8re.","authors":["Benjamin Castaldi"],"category_codes":["6000000","6070000","6070300"],"visuals":{"large":"https:\/\/images.epagine.fr\/977\/9782226162977_1_75.jpg","medium":"https:\/\/images.epagine.fr\/977\/9782226162977_1_m.jpg","thumbnail":"https:\/\/images.epagine.fr\/977\/9782226162977_1_v.jpg"},"orderable":true,"show_badge":true,"formatted_price":"17,75&nbsp;\u20ac","formatted_published_date":"5 mai 2004","publisher_availability_label":"Sur commande","short_details":"Benjamin Castaldi \u2014 Albin Michel","translator":null,"weight":392,"page_count":240,"readership":null,"editor":"Albin Michel","price":1775,"published_date":"2004-05-04T22:00:00.000000Z","support":"Grand format","publisher_availability":1,"stock":0,"editions":[],"url":"https:\/\/quaidesbrumes.com\/ouvrage\/9782226162977\/maintenant-il-faudra-tout-se-dire"},{"id":"9782343241364","title":"Le dispositif t\u00e9l\u00e9vision : aux sources de la cr\u00e9ation t\u00e9l\u00e9visuelle","description":"Les d\u00e9cennies 1935-1955 correspondent \u00e0 ce que l'on a appel\u00e9 le moment exp\u00e9rimental de la t\u00e9l\u00e9vision. Au cours de ces ann\u00e9es, le m\u00e9dia \u00e9mergent s'affirme progressivement face \u00e0 la radio et au cin\u00e9ma, et acquiert une l\u00e9gitimit\u00e9 institutionnelle. Dans le m\u00eame temps, les premiers professionnels cherchent \u00e0 \u00e9tayer l'hypoth\u00e8se d'une sp\u00e9cificit\u00e9 de son langage. C'est en grande partie \u00e0 cette p\u00e9riode que sont consacr\u00e9s les textes r\u00e9unis dans ce volume. Dans quel contexte le discours sur la sp\u00e9cificit\u00e9 t\u00e9l\u00e9visuelle s'est-il \u00e9labor\u00e9 ? Quelle a \u00e9t\u00e9 la contribution respective des professionnels concern\u00e9s ? En un mot, qu'est-ce que la t\u00e9l\u00e9vision repr\u00e9sentait pour ceux qui l'inventaient ?","authors":["Gilles Delavaud"],"category_codes":["6000000","6070000","6070300"],"visuals":{"large":"https:\/\/images.epagine.fr\/364\/9782343241364_1_75.jpg","medium":"https:\/\/images.epagine.fr\/364\/9782343241364_1_m.jpg","thumbnail":"https:\/\/images.epagine.fr\/364\/9782343241364_1_v.jpg"},"orderable":true,"show_badge":true,"formatted_price":"28,00&nbsp;\u20ac","formatted_published_date":"15 novembre 2021","publisher_availability_label":"Sur commande","short_details":"Gilles Delavaud \u2014 \u00c9ditions L'Harmattan","translator":null,"weight":370,"page_count":240,"readership":null,"editor":"\u00c9ditions L'Harmattan","price":2800,"published_date":"2021-11-14T23:00:00.000000Z","support":"Grand format","publisher_availability":1,"stock":0,"editions":[],"url":"https:\/\/quaidesbrumes.com\/ouvrage\/9782343241364\/le-dispositif-television-aux-sources-de-la-creation-televisuelle"},{"id":"9782226220967","title":"La couleur des souvenirs","description":"Jean-Pierre Foucault explore sa vie au travers d'une collection d'objets h\u00e9t\u00e9roclites, accumul\u00e9s tout au long de son existence.\r\nLa red\u00e9couverte de ces fragments oubli\u00e9s de son enfance, de son adolescence et m\u00eame d'une \u00e9poque qui a pr\u00e9c\u00e9d\u00e9 sa naissance, se combinent au fil du r\u00e9cit et tracent le portrait d'un homme pudique et secret. Derri\u00e8re l'homme de radio, se profile une histoire p\u00e9trie des douleurs de deux guerres, l'une mondiale qui a emport\u00e9 sa famille maternelle, l'autre d'Alg\u00e9rie, qui lui a pris son p\u00e8re. Mais c'est aussi le r\u00e9cit joyeux d'une enfance et d'une adolescence dans le Marseille de l'apr\u00e8sguerre.\r\nLe parcours de Jean-Pierre Foucault, devenu l'un des plus c\u00e9l\u00e8bres et des plus appr\u00e9ci\u00e9s hommes des ondes, s'\u00e9claire au travers de ce r\u00e9cit souvent bouleversant, toujours empreint de g\u00e9n\u00e9rosit\u00e9 et d'humanit\u00e9. Les Fran\u00e7ais ne s'y trompent pas, qui le consid\u00e8rent avec la chaleureuse familiarit\u00e9 - quelquefois un peu encombrante - qu'ils r\u00e9servent aux membres pr\u00e9f\u00e9r\u00e9s de leur propre famille.","authors":["Jean-pierre Foucault"],"category_codes":["6000000","6070000","6070300"],"visuals":{"large":"https:\/\/images.epagine.fr\/967\/9782226220967_1_75.jpg","medium":"https:\/\/images.epagine.fr\/967\/9782226220967_1_m.jpg","thumbnail":"https:\/\/images.epagine.fr\/967\/9782226220967_1_v.jpg"},"orderable":true,"show_badge":true,"formatted_price":"18,50&nbsp;\u20ac","formatted_published_date":"13 juin 2012","publisher_availability_label":"Sur commande","short_details":"Jean-pierre Foucault \u2014 Albin Michel","translator":null,"weight":360,"page_count":240,"readership":null,"editor":"Albin Michel","price":1850,"published_date":"2012-06-12T22:00:00.000000Z","support":"Grand format","publisher_availability":1,"stock":0,"editions":[],"url":"https:\/\/quaidesbrumes.com\/ouvrage\/9782226220967\/la-couleur-des-souvenirs"}]}