{"data":[{"id":"9783865213648","title":"One hour","description":"Ce petit livre propose la retranscription des dialogues \u00e9crits, improvis\u00e9s ou encore intercept\u00e9s, que l'on entend dans One Hour, film de Robert Frank (assist\u00e9 de Michal Rovner), plan-s\u00e9quence unique qui suit Robert Frank et l'acteur Kevin O'Connorr entre 15h45 et 16h45 le 26 juillet 1990 dans le Lower East Side de Manhattan.","authors":["Robert Frank"],"category_codes":["6000000","6070000","6070200"],"visuals":{"large":"https:\/\/images.epagine.fr\/648\/9783865213648_1_75.jpg","medium":"https:\/\/images.epagine.fr\/648\/9783865213648_1_m.jpg","thumbnail":"https:\/\/images.epagine.fr\/648\/9783865213648_1_v.jpg"},"orderable":true,"show_badge":true,"formatted_price":"30,00&nbsp;\u20ac","formatted_published_date":"5 mars 2007","publisher_availability_label":"Sur commande","short_details":"Robert Frank \u2014 Steidl","translator":null,"weight":501,"page_count":88,"readership":null,"editor":"Steidl","price":3000,"published_date":"2007-03-04T23:00:00.000000Z","support":"Grand format","publisher_availability":1,"stock":0,"editions":[],"url":"https:\/\/quaidesbrumes.com\/ouvrage\/9783865213648\/one-hour"},{"id":"9782760620162","title":"Le journalisme radiophonique","description":"Polyvalente et moins co\u00fbteuse que les autres m\u00e9dias, la radio a des qualit\u00e9s exceptionnelles qui font mentir ceux qui, depuis l'av\u00e8nement de la t\u00e9l\u00e9vision, pr\u00e9disent sa mort.\r\nLoin d'\u00eatre \u00e9clips\u00e9e par chacune des nouvelles technologies cens\u00e9es la remplacer, la radio s'affirme toujours comme \u00e9tant le m\u00e9dia de proximit\u00e9 par excellence tout en faisant d\u00e9sormais le tour de la plan\u00e8te mieux qu'aucun autre. Comment les journalistes peuvent-ils utiliser toutes les possibilit\u00e9s qu'offre la radio ? Ce livre explore diff\u00e9rents aspects du journalisme radiophonique et pr\u00e9sente toutes les \u00e9tapes de la construction de reportages radiophoniques de nouvelles ou d'affaires publiques.\r\nIl d\u00e9crit m\u00e9thodiquement les r\u00e8gles de base et les proc\u00e9dures \u00e0 suivre dans le respect des auditeurs et des r\u00e8gles d\u00e9ontologiques. Cet ouvrage permettra \u00e0 toutes les personnes int\u00e9ress\u00e9es par la radio, professionnels de l'audio, b\u00e9n\u00e9voles de radios communautaires ou \u00e9tudiants en journalisme d'acqu\u00e9rir de solides connaissances ou de mettre \u00e0 jour leurs comp\u00e9tences tout en r\u00e9fl\u00e9chissant \u00e0 l'information radiophonique.","authors":["Brunelle\/Payette"],"category_codes":["6000000","6070000","6070300"],"visuals":{"large":"https:\/\/images.epagine.fr\/162\/9782760620162_1_75.jpg","medium":"https:\/\/images.epagine.fr\/162\/9782760620162_1_m.jpg","thumbnail":"https:\/\/images.epagine.fr\/162\/9782760620162_1_v.jpg"},"orderable":true,"show_badge":true,"formatted_price":"22,00&nbsp;\u20ac","formatted_published_date":"3 mai 2008","publisher_availability_label":"Sur commande","short_details":"Brunelle\/Payette \u2014 PU de Montr\u00e9al","translator":null,"weight":250,"page_count":166,"readership":null,"editor":"PU de Montr\u00e9al","price":2200,"published_date":"2008-05-02T22:00:00.000000Z","support":"Grand format","publisher_availability":1,"stock":0,"editions":[],"url":"https:\/\/quaidesbrumes.com\/ouvrage\/9782760620162\/le-journalisme-radiophonique"},{"id":"9782343163802","title":"R\u00e9sidant ; deulemont, 2015 - 2017","description":"Du 12 d\u00e9cembre 2014 au 28 f\u00e9vrier 2017, quinze s\u00e9jours ont eu lieu au Centre Th\u00e9rapeutique R\u00e9sidentiel C\u00e8dre Bleu de l'association CedrAgir. S\u00e9jours durant lesquels des photographies ont \u00e9t\u00e9 faites avec les r\u00e9sidents acceptant de participer au projet. Faire une image photographique met souvent en jeu un faire ensemble au coeur d'une situation o\u00f9 chacun est \u00e9tranger vis-\u00e0-vis de l'autre. Cela implique de sortir de soi afin de d\u00e9passer les diff\u00e9rences et d'accueillir autrui.","authors":["Gilles Picarel"],"category_codes":["6000000","6070000","6070200"],"visuals":{"large":"https:\/\/images.epagine.fr\/802\/9782343163802_1_75.jpg","medium":"https:\/\/images.epagine.fr\/802\/9782343163802_1_m.jpg","thumbnail":"https:\/\/images.epagine.fr\/802\/9782343163802_1_v.jpg"},"orderable":true,"show_badge":true,"formatted_price":"13,50&nbsp;\u20ac","formatted_published_date":"8 mars 2019","publisher_availability_label":"Sur commande","short_details":"Gilles Picarel \u2014 \u00c9ditions L'Harmattan","translator":null,"weight":150,"page_count":102,"readership":null,"editor":"\u00c9ditions L'Harmattan","price":1350,"published_date":"2019-03-07T23:00:00.000000Z","support":"Grand format","publisher_availability":1,"stock":0,"editions":[],"url":"https:\/\/quaidesbrumes.com\/ouvrage\/9782343163802\/residant-deulemont-2015-2017"},{"id":"9782490362080","title":"Balkan Express","description":"Livre de photographie \/ 85 photos N&B \/ texte FR-EN \/ Format 16,4x20,5 cm \/ Couverture souple\r\nLe but de ce projet photographique est d'enqu\u00eater \u00e0 travers les diff\u00e9rentes couches sociales, afin de proposer un aper\u00e7u de la vie en Bosnie-Herz\u00e9govine, cent ans apr\u00e8s l'attentat de Sarajevo (assassinat de l'archiduc d'Autriche Franz Ferdinand et de sa femme Sophie, le 28 juin 1914), qui fut le pr\u00e9texte au lancement de la Premi\u00e8re Guerre Mondiale et en quelque sorte, le point de d\u00e9part du vingti\u00e8me si\u00e8cle.\r\nThe aim of this photo project is to investigate through the different social layers to offer an overview of life in Bosnia and Herzegovina, a hundred years after the assassination of Sarajevo (Archduke Franz Ferdinand of Austria and his wife Sophie, were shot down on 28, June 1914), which was a pretext for the launch of the First World War and in a way, was the starting point of the 20th century.","authors":["Alain Canaque"],"category_codes":["6000000","6070000","6070200"],"visuals":{"large":"https:\/\/images.epagine.fr\/080\/9782490362080_1_75.jpg","medium":"https:\/\/images.epagine.fr\/080\/9782490362080_1_m.jpg","thumbnail":"https:\/\/images.epagine.fr\/080\/9782490362080_1_v.jpg"},"orderable":true,"show_badge":true,"formatted_price":"35,00&nbsp;\u20ac","formatted_published_date":"12 mars 2023","publisher_availability_label":"Sur commande","short_details":"Alain Canaque \u2014 Books on Demand","translator":null,"weight":651,"page_count":188,"readership":null,"editor":"Books on Demand","price":3500,"published_date":"2023-03-11T23:00:00.000000Z","support":"Grand format","publisher_availability":1,"stock":0,"editions":[],"url":"https:\/\/quaidesbrumes.com\/ouvrage\/9782490362080\/balkan-express"},{"id":"9782343192642","title":"Fronti\u00e8res imaginaires ; style artistique et image photographique sous contexte colonial, Maroc \/ Espagne","description":"Fronti\u00e8res imaginaires est une \u00e9tude sur la \u00ab fronti\u00e8re culturelle \u00bb, \u00e0 partir des arts, de la photographie et de la m\u00e9moire vivante, concept plus large que celui de fronti\u00e8re politique, entre l'Andalousie ib\u00e9rique et le Maroc. La premi\u00e8re partie traite de la formation et de l'invention du style hispano-mauresque, dans lesquelles le mar\u00e9chal Lyautey a jou\u00e9 un r\u00f4le dominant par son contr\u00f4le du discours colonial marocain. La deuxi\u00e8me aborde gr\u00e2ce \u00e0 la documentation journalistique et photographique les \u00e9v\u00e9nements de F\u00e8s, la ville \u00ab andalouse \u00bb, d'avril 1912. Dans la troisi\u00e8me, l'auteur analyse la fonction crois\u00e9e des images photographiques, depuis les origines de la photographie jusqu'\u00e0 aujourd'hui, entre les deux rives de la M\u00e9diterran\u00e9e, \u00e0 travers l'\u00e9tude de certaines archives in\u00e9dites.","authors":["Jos\u00e9 antonio Gonzales alcantud"],"category_codes":["6000000","6070000","6070200","6070204"],"visuals":{"large":"https:\/\/images.epagine.fr\/642\/9782343192642_1_75.jpg","medium":"https:\/\/images.epagine.fr\/642\/9782343192642_1_m.jpg","thumbnail":"https:\/\/images.epagine.fr\/642\/9782343192642_1_v.jpg"},"orderable":true,"show_badge":true,"formatted_price":"25,50&nbsp;\u20ac","formatted_published_date":"30 novembre 2020","publisher_availability_label":"Sur commande","short_details":"Jos\u00e9 antonio Gonzales alcantud \u2014 \u00c9ditions L'Harmattan","translator":null,"weight":350,"page_count":202,"readership":null,"editor":"\u00c9ditions L'Harmattan","price":2550,"published_date":"2020-11-29T23:00:00.000000Z","support":"Grand format","publisher_availability":1,"stock":0,"editions":[],"url":"https:\/\/quaidesbrumes.com\/ouvrage\/9782343192642\/frontieres-imaginaires-style-artistique-et-image-photographique-sous-contexte-colonial-maroc-espagne"},{"id":"9782322477852","title":"L\u00e0 o\u00f9 la terre effleure la mer : Where the land meets the sea (Loire region, Normandy, Brittany, France)","description":"Le voyage de l'int\u00e9rieur vers l'ext\u00e9rieur, de la terre vers la mer, une travers\u00e9e intime et sensorielle, de la terre vers le rivage. La mer, avec sa lumi\u00e8re particuli\u00e8re et ses couleurs en constante \u00e9volution, devient alors le miroir de nos \u00e9motions les plus profondes. Ce n'est pas seulement un lieu, c'est un retour vers soi, un refuge. Et dans ce voyage entre l'ombre des champs et la clart\u00e9 du littoral, les images s'entrelacent pour raconter une histoire de passage, de transformation. Une nostalgie douce se d\u00e9ploie, celle des moments simples et essentiels qui nous lient \u00e0 notre enfance et aux lieux qui, \u00e0 jamais, auront marqu\u00e9 notre vie.\r\nA journey from the inside out, from the land to the sea, an intimate and sensory journey, from the land to the shore. The sea, with its special light ans ever-changing colours, becomes the mirror of our deepest emotions. It's no just a place, it's a return to the self, a refuge. And on this journey between the shadows of the fields and the clarity of the coastline, the images interweave to tell a story of passage and transformation. A gentle nostalgia unfolds, that of those simple and essential moments that link us to our childhood and the places that will forever mark our lives.","authors":["Jo\u00ebl Douillet"],"category_codes":["6000000","6070000","6070200"],"visuals":{"large":"https:\/\/images.epagine.fr\/852\/9782322477852_1_75.jpg","medium":"https:\/\/images.epagine.fr\/852\/9782322477852_1_m.jpg","thumbnail":"https:\/\/images.epagine.fr\/852\/9782322477852_1_v.jpg"},"orderable":true,"show_badge":true,"formatted_price":"29,99&nbsp;\u20ac","formatted_published_date":"23 janvier 2025","publisher_availability_label":"Sur commande","short_details":"Jo\u00ebl Douillet \u2014 Books on Demand","translator":null,"weight":236,"page_count":48,"readership":null,"editor":"Books on Demand","price":2999,"published_date":"2025-01-22T23:00:00.000000Z","support":"Grand format","publisher_availability":1,"stock":0,"editions":[],"url":"https:\/\/quaidesbrumes.com\/ouvrage\/9782322477852\/la-ou-la-terre-effleure-la-mer-where-the-land-meets-the-sea-loire-region-normandy-brittany-france"},{"id":"9782842722289","title":"Le Maroc ; courrier postal 1912-1956","description":"Pour ce nouveau volume, plus qu'un dessein il fallait trouver un style: celui-ci serait composite - comme peut l'\u00eatre un bouquet ou un ordre architectural - tout en refusant d'appara\u00eetre disparate.\r\nL'assise en serait bien \u00e9videmment la collection de cartes postales r\u00e9unies au cours de longues ann\u00e9es de patientes et plaisantes recherches, chez les bouquinistes, dans les librairies d'occasion et au long des trav\u00e9es des foires sp\u00e9cialis\u00e9es. Certains de ces documents sont connus pour avoir \u00e9t\u00e9 tir\u00e9s en de tr\u00e8s nombreux exemplaires. D'autres sont exceptionnels et in\u00e9dits. S'il est un souhait que le ma\u00eetre d'oeuvre de cet ouvrage pourrait exprimer ce sep t que le lecteur, apr\u00e8s avoir pris du plaisir \u00e0 le feuilleter, stimul\u00e9 tant par les textes que par les photographies anciennes, saisi d'une saine et tonique fi\u00e8vre empoigne l'alpenstock et la boussole et parte pour une compl\u00e8te red\u00e9couverte d'un pays que nous aimons.","authors":["Fran\u00e7ois Bonjean"],"category_codes":["6000000","6070000","6070200"],"visuals":{"large":"https:\/\/images.epagine.fr\/289\/9782842722289_1_75.jpg","medium":"https:\/\/images.epagine.fr\/289\/9782842722289_1_m.jpg","thumbnail":"https:\/\/images.epagine.fr\/289\/9782842722289_1_v.jpg"},"orderable":true,"show_badge":true,"formatted_price":"55,78&nbsp;\u20ac","formatted_published_date":"1er janvier 2004","publisher_availability_label":"Sur commande","short_details":"Fran\u00e7ois Bonjean \u2014 PARIS-MEDITERRANEE","translator":null,"weight":1580,"page_count":190,"readership":null,"editor":"PARIS-MEDITERRANEE","price":5578,"published_date":"2003-12-31T23:00:00.000000Z","support":"Grand format","publisher_availability":1,"stock":0,"editions":["9789981896611"],"url":"https:\/\/quaidesbrumes.com\/ouvrage\/9782842722289\/le-maroc-courrier-postal-1912-1956"},{"id":"9782355394010","title":"S.C.R.I.P.T. : Afrique du sud ; cin\u00e9ma et enjeux contemporains","description":"L'Afrique du sud est un pays s\u00e9duisant par la richesse de son environnement. Les paysages sont exceptionnels et en font un lieu de pr\u00e9dilection pour des tournages internationaux tel que Disgrace (2008) du r\u00e9alisateur australien Steve Jacob d'apr\u00e8s le roman de J.M. Coetzee. Cet ouvrage s'int\u00e9resse \u00e0 la culture cin\u00e9matographique locale de Come back, Africa (1959) aux films contemporains tels que District 9 (2009) de Neill Blompkamp ou U-Carmen eKhayelitsha (2005) de Mark Dornford-May, ours d'Or \u00e0 la Berlinale 2005, version sud-africaine du Carmen de Bizet, et \u00e0 ceux des futurs r\u00e9alisateurs form\u00e9s en particulier \u00e0 l'AFDA, l'\u00e9cole de cin\u00e9ma sud-africaine dont les succursales \u00e0 Cape Town, Durham et Johannesburg en font des p\u00f4les d'attraction culturelle. Des universitaires, des producteurs et des juristes analysent la situation contemporaine du cin\u00e9ma en Afrique du sud.","authors":["Brigitte Gauthier"],"category_codes":["6000000","6070000","6070300","6070304"],"visuals":{"large":"https:\/\/images.epagine.fr\/010\/9782355394010_1_75.jpg","medium":"https:\/\/images.epagine.fr\/010\/9782355394010_1_m.jpg","thumbnail":"https:\/\/images.epagine.fr\/010\/9782355394010_1_v.jpg"},"orderable":true,"show_badge":true,"formatted_price":"19,00&nbsp;\u20ac","formatted_published_date":"14 avril 2021","publisher_availability_label":"Sur commande","short_details":"Brigitte Gauthier \u2014 L'ENTRETEMPS","translator":null,"weight":219,"page_count":224,"readership":null,"editor":"L'ENTRETEMPS","price":1900,"published_date":"2021-04-13T22:00:00.000000Z","support":"Grand format","publisher_availability":1,"stock":0,"editions":[],"url":"https:\/\/quaidesbrumes.com\/ouvrage\/9782355394010\/script-afrique-du-sud-cinema-et-enjeux-contemporains"},{"id":"9782355394027","title":"S.c.r.i.p.t. : traduction audiovisuelle ; normes, transgressions et nouveaux d\u00e9fis professionnels","description":"Ce num\u00e9ro S.C.R.I.P.T. r\u00e9unit un ensemble d'articles sur la traduction audiovisuelle, une discipline situ\u00e9e entre la traductologie et les \u00e9tudes cin\u00e9matographiques, audiovisuelles et sc\u00e9niques. Aussi appel\u00e9e \u00ab adaptation \u00bb, cette forme de traduction ne peut se concevoir sans consid\u00e9rer la double dimension sonore et visuelle du support audiovisuel, quel que soit le proc\u00e9d\u00e9 : sous-titrage, soustitrage pour sourds et malentendants, audiodescription, doublage, voice-over, surtitrage pour productions sc\u00e9niques. Structur\u00e9 en trois sections, le volume aborde dans un premier temps la notion de normes en tant que convention et l'acceptation ou la transgression de ces normes pr\u00e9\u00e9tablies. La deuxi\u00e8me partie porte sur le bin\u00f4me \u00ab traduction-culture \u00bb, plus pr\u00e9cis\u00e9ment sur le r\u00f4le primordial de la traduction audiovisuelle comme vecteur de cultures. Le livre se termine par un ensemble d'articles qui ouvre sur d'autres domaines professionnels, tels que la gestion de projets, l'enseignement de langues \u00e9trang\u00e8res ou la localisation de jeux vid\u00e9o.","authors":["Brigitte Gauthier"],"category_codes":["6000000","6070000","6070400"],"visuals":{"large":"https:\/\/images.epagine.fr\/027\/9782355394027_1_75.jpg","medium":"https:\/\/images.epagine.fr\/027\/9782355394027_1_m.jpg","thumbnail":"https:\/\/images.epagine.fr\/027\/9782355394027_1_v.jpg"},"orderable":true,"show_badge":true,"formatted_price":"22,90&nbsp;\u20ac","formatted_published_date":"28 septembre 2021","publisher_availability_label":"Sur commande","short_details":"Brigitte Gauthier \u2014 L'ENTRETEMPS","translator":null,"weight":399,"page_count":288,"readership":null,"editor":"L'ENTRETEMPS","price":2290,"published_date":"2021-09-27T22:00:00.000000Z","support":"Grand format","publisher_availability":1,"stock":0,"editions":[],"url":"https:\/\/quaidesbrumes.com\/ouvrage\/9782355394027\/script-traduction-audiovisuelle-normes-transgressions-et-nouveaux-defis-professionnels"},{"id":"9782708917323","title":"Les chant du regard ; images choisies","description":"\r\n            jean dieuzaide compte parmi les plus grands photographes fran\u00e7ais et nombre de ses clich\u00e9s sont aujourd'hui c\u00e9l\u00e8bres.\r\n michel baglin a eu la chance, gr\u00e2ce \u00e0 la complicit\u00e9 de l'artiste, de pouvoir s'immerger dans cette oeuvre d'une grande diversit\u00e9 et d'une formidable richesse.  choisissant quarante et une photographies, il a r\u00e9dig\u00e9 autant de po\u00e8mes ou de proses po\u00e9tiques qui s'inspirent \u00e0 la fois des images et des arri\u00e8re-pays qu'il leur pr\u00eate.  c'est avec sa sensibilit\u00e9 propre qu'il aborde l'univers de jean dieuzaide : son art de donner du sens aux sc\u00e8nes du quotidien, d'en r\u00e9v\u00e9ler la puissance et la singularit\u00e9, voire l'insolite.\r\n michel baglin per\u00e7oit en chacune des photographies \" comme un salut lanc\u00e9 par dessus l'instant et l'anecdote \u00e0 cette sorte de musique qui nous habite, nous hante et nous porte durablement \" .  de la lumi\u00e8re \u00e0 l'encre, c'est donc un dialogue qui cherche \u00e0 s'\u00e9tablir comme un partage d'\u00e9motions, un chant. \r\n        ","authors":["Jean Dieuzaide"],"category_codes":["6000000","6070000","6070200"],"visuals":{"large":"https:\/\/images.epagine.fr\/323\/9782708917323_1_75.jpg","medium":"https:\/\/images.epagine.fr\/323\/9782708917323_1_m.jpg","thumbnail":"https:\/\/images.epagine.fr\/323\/9782708917323_1_v.jpg"},"orderable":true,"show_badge":true,"formatted_price":"25,35&nbsp;\u20ac","formatted_published_date":"5 octobre 2006","publisher_availability_label":"Sur commande","short_details":"Jean Dieuzaide \u2014 Privat","translator":null,"weight":1026,"page_count":99,"readership":null,"editor":"Privat","price":2535,"published_date":"2006-10-04T22:00:00.000000Z","support":"Grand format","publisher_availability":1,"stock":0,"editions":[],"url":"https:\/\/quaidesbrumes.com\/ouvrage\/9782708917323\/les-chant-du-regard-images-choisies"},{"id":"9782876837676","title":"Croix ou ne pas croire : Croix ou ne pas croire","description":"Croix ou ne pas croire est un ouvrage illustr\u00e9 mettant en sc\u00e8ne une conversation fictive avec Zeus.","authors":["Louis Le Baraqu\u00e9"],"category_codes":["6000000","6070000","6070300","6070303"],"visuals":{"large":"https:\/\/images.epagine.fr\/676\/9782876837676_1_75.jpg","medium":"https:\/\/images.epagine.fr\/676\/9782876837676_1_m.jpg","thumbnail":"https:\/\/images.epagine.fr\/676\/9782876837676_1_v.jpg"},"orderable":true,"show_badge":true,"formatted_price":"10,00&nbsp;\u20ac","formatted_published_date":"15 mars 2022","publisher_availability_label":"Sur commande","short_details":"Louis Le Baraqu\u00e9 \u2014 La Compagnie Litt\u00e9raire","translator":null,"weight":100,"page_count":16,"readership":null,"editor":"La Compagnie Litt\u00e9raire","price":1000,"published_date":"2022-03-14T23:00:00.000000Z","support":"Grand format","publisher_availability":1,"stock":0,"editions":[],"url":"https:\/\/quaidesbrumes.com\/ouvrage\/9782876837676\/croix-ou-ne-pas-croire-croix-ou-ne-pas-croire"},{"id":"9782954046426","title":"L'album etalon","description":null,"authors":["Delrez Anne"],"category_codes":["6000000","6070000","6070200"],"visuals":{"large":"https:\/\/quaidesbrumes.com\/img\/book-placeholder.png","medium":"https:\/\/quaidesbrumes.com\/img\/book-placeholder.png","thumbnail":"https:\/\/quaidesbrumes.com\/img\/book-placeholder.png"},"orderable":true,"show_badge":true,"formatted_price":"17,00&nbsp;\u20ac","formatted_published_date":"1er avril 2016","publisher_availability_label":"Sur commande","short_details":"Delrez Anne \u2014 Les \u00e9ditions de la Conserverie","translator":null,"weight":401,"page_count":null,"readership":null,"editor":"Les \u00e9ditions de la Conserverie","price":1700,"published_date":"2016-03-31T22:00:00.000000Z","support":"Grand format","publisher_availability":1,"stock":0,"editions":[],"url":"https:\/\/quaidesbrumes.com\/ouvrage\/9782954046426\/lalbum-etalon"},{"id":"9782954046440","title":"Se tenir","description":null,"authors":["Delrez\/Clausse"],"category_codes":["6000000","6070000","6070200"],"visuals":{"large":"https:\/\/quaidesbrumes.com\/img\/book-placeholder.png","medium":"https:\/\/quaidesbrumes.com\/img\/book-placeholder.png","thumbnail":"https:\/\/quaidesbrumes.com\/img\/book-placeholder.png"},"orderable":true,"show_badge":true,"formatted_price":"10,00&nbsp;\u20ac","formatted_published_date":"3 mai 2017","publisher_availability_label":"Sur commande","short_details":"Delrez\/Clausse \u2014 Les \u00e9ditions de la Conserverie","translator":null,"weight":201,"page_count":null,"readership":null,"editor":"Les \u00e9ditions de la Conserverie","price":1000,"published_date":"2017-05-02T22:00:00.000000Z","support":"Grand format","publisher_availability":1,"stock":0,"editions":[],"url":"https:\/\/quaidesbrumes.com\/ouvrage\/9782954046440\/se-tenir"},{"id":"9782296567085","title":"Profession reporter ; carnets de route 1973-1998","description":"Ce livre est le fruit de trente-cinq ann\u00e9es de reportages \u00e0 travers le monde durant le dernier quart du vingti\u00e8me si\u00e8cle : guerre du Liban ; guerre du Golfe, guerre en Yougoslavie, r\u00e9volution roumaine, lib\u00e9ration des pays de l'Est, famine en Afrique... Il est aussi t\u00e9moignage de rencontres exceptionnelles avec Simone de Beauvoir, Francois Mitterrand, Lech Walesa, Woody Allen, Elie Wiesel... Il est enfin une r\u00e9flexion sur le m\u00e9tier de journaliste, sa libert\u00e9, et ses difficult\u00e9s de saisir le r\u00e9el et d'en rendre compte.","authors":["Jacques Merlino"],"category_codes":["6000000","6070000","6070300"],"visuals":{"large":"https:\/\/images.epagine.fr\/085\/9782296567085_1_75.jpg","medium":"https:\/\/images.epagine.fr\/085\/9782296567085_1_m.jpg","thumbnail":"https:\/\/images.epagine.fr\/085\/9782296567085_1_v.jpg"},"orderable":true,"show_badge":true,"formatted_price":"22,50&nbsp;\u20ac","formatted_published_date":"23 d\u00e9cembre 2011","publisher_availability_label":"Sur commande","short_details":"Jacques Merlino \u2014 \u00c9ditions L'Harmattan","translator":null,"weight":265,"page_count":210,"readership":null,"editor":"\u00c9ditions L'Harmattan","price":2250,"published_date":"2011-12-22T23:00:00.000000Z","support":"Grand format","publisher_availability":1,"stock":0,"editions":[],"url":"https:\/\/quaidesbrumes.com\/ouvrage\/9782296567085\/profession-reporter-carnets-de-route-1973-1998"},{"id":"9783034310291","title":"Bibliographie Internationale des Dictionnaires Techniques du Cin\u00e9ma et de la T\u00e9l\u00e9vision","description":"Malgr\u00e9 les progr\u00e8s des moyens de communication et les facilit\u00e9s apport\u00e9es par Internet, les dictionnaires techniques restent des outils indispensables. Cette bibliographie recense et regroupe les principales informations ainsi qu'un descriptif de plus de cinq cents dictionnaires techniques du cin\u00e9ma et de la t\u00e9l\u00e9vision, dans plus de trente langues. Elle constitue une r\u00e9f\u00e9rence pour tous ceux qui ont la t\u00e2che de traduire des documents dans les domaines du cin\u00e9ma, la t\u00e9l\u00e9vision ou de l'audiovisuel.","authors":["Alexis N. Vorontzoff"],"category_codes":["6000000","6070000","6070300"],"visuals":{"large":"https:\/\/images.epagine.fr\/291\/9783034310291_1_75.jpg","medium":"https:\/\/images.epagine.fr\/291\/9783034310291_1_m.jpg","thumbnail":"https:\/\/images.epagine.fr\/291\/9783034310291_1_v.jpg"},"orderable":true,"show_badge":true,"formatted_price":"95,00&nbsp;\u20ac","formatted_published_date":"1er juin 1996","publisher_availability_label":"Sur commande","short_details":"Alexis N. Vorontzoff \u2014 P.I.E. Peter Lang","translator":null,"weight":478,"page_count":339,"readership":null,"editor":"P.I.E. Peter Lang","price":9500,"published_date":"1996-05-31T22:00:00.000000Z","support":"Grand format","publisher_availability":1,"stock":0,"editions":[],"url":"https:\/\/quaidesbrumes.com\/ouvrage\/9783034310291\/bibliographie-internationale-des-dictionnaires-techniques-du-cinema-et-de-la-television"},{"id":"9782828906429","title":"L'envahisseur americain - hollywood contre billancourt","description":null,"authors":["Philippe D Hugues"],"category_codes":["6000000","6070000","6070300","6070306"],"visuals":{"large":"https:\/\/images.epagine.fr\/429\/9782828906429_1_75.jpg","medium":"https:\/\/images.epagine.fr\/429\/9782828906429_1_m.jpg","thumbnail":"https:\/\/images.epagine.fr\/429\/9782828906429_1_v.jpg"},"orderable":true,"show_badge":true,"formatted_price":"18,40&nbsp;\u20ac","formatted_published_date":"1er septembre 1999","publisher_availability_label":"Sur commande","short_details":"Philippe D Hugues \u2014 Favre","translator":null,"weight":276,"page_count":null,"readership":null,"editor":"Favre","price":1840,"published_date":"1999-08-31T22:00:00.000000Z","support":"Grand format","publisher_availability":1,"stock":0,"editions":[],"url":"https:\/\/quaidesbrumes.com\/ouvrage\/9782828906429\/lenvahisseur-americain-hollywood-contre-billancourt"},{"id":"9782912232380","title":"Ma nuit chez maud d'Eric Rohmer","description":null,"authors":["Molinier Philippe"],"category_codes":["6000000","6070000","6070300","6070306"],"visuals":{"large":"https:\/\/images.epagine.fr\/380\/9782912232380_1_75.jpg","medium":"https:\/\/images.epagine.fr\/380\/9782912232380_1_m.jpg","thumbnail":"https:\/\/images.epagine.fr\/380\/9782912232380_1_v.jpg"},"orderable":true,"show_badge":true,"formatted_price":"19,00&nbsp;\u20ac","formatted_published_date":"25 d\u00e9cembre 2001","publisher_availability_label":"Sur commande","short_details":"Molinier Philippe \u2014 Atlande","translator":null,"weight":134,"page_count":1,"readership":null,"editor":"Atlande","price":1900,"published_date":"2001-12-24T23:00:00.000000Z","support":"Grand format","publisher_availability":1,"stock":0,"editions":[],"url":"https:\/\/quaidesbrumes.com\/ouvrage\/9782912232380\/ma-nuit-chez-maud-deric-rohmer"},{"id":"9782350300818","title":"Lacombe Lucien de Louis Malle","description":null,"authors":["Nacache Jacqueline"],"category_codes":["6000000","6070000","6070300","6070306"],"visuals":{"large":"https:\/\/images.epagine.fr\/818\/9782350300818_1_75.jpg","medium":"https:\/\/images.epagine.fr\/818\/9782350300818_1_m.jpg","thumbnail":"https:\/\/images.epagine.fr\/818\/9782350300818_1_v.jpg"},"orderable":true,"show_badge":true,"formatted_price":"19,00&nbsp;\u20ac","formatted_published_date":"21 novembre 2008","publisher_availability_label":"Sur commande","short_details":"Nacache Jacqueline \u2014 Atlande","translator":null,"weight":194,"page_count":1,"readership":null,"editor":"Atlande","price":1900,"published_date":"2008-11-20T23:00:00.000000Z","support":"Grand format","publisher_availability":1,"stock":0,"editions":[],"url":"https:\/\/quaidesbrumes.com\/ouvrage\/9782350300818\/lacombe-lucien-de-louis-malle"},{"id":"9782912232892","title":"Muriel d'Alain Resnais","description":"Clefs concours : s'adressant \u00e0 tous les candidats aux concours, en particulier agr\u00e9gation et capes, clefs concours offre une synth\u00e8se par sujet.\r\n Con\u00e7u comme un rep\u00e8re par rapport aux monographies et aux cours et comme un outil de r\u00e9vision, chaque ouvrage est articul\u00e9 autour de fiches th\u00e9matiques permettant de faire le point sur les acquis de la recherche.  synth\u00e8se des travaux les plus r\u00e9cents, clefs concours permet de s'orienter dans la bibliographie et de mettre en perspective l'\u00e9volution des savoirs.  clefs concours lettres : tous les titres sont organis\u00e9s autour d'une structure commune : des rep\u00e8res : un rappel du contexte historique et litt\u00e9raire ; les grandes \"probl\u00e9matiques\", indispensables \u00e0 la compr\u00e9hension des enjeux de oeuvre ; le \"travail du texte\" consacr\u00e9 aux questions de langue, de stylistique et de grammaire ; des outils m\u00e9thodologiques : chronologie, glossaire, bibliographie ; un syst\u00e8me de circulation entre les fiches et les r\u00e9f\u00e9rences bibliographiques.","authors":["Marie Michel"],"category_codes":["6000000","6070000","6070300","6070306"],"visuals":{"large":"https:\/\/images.epagine.fr\/892\/9782912232892_1_75.jpg","medium":"https:\/\/images.epagine.fr\/892\/9782912232892_1_m.jpg","thumbnail":"https:\/\/images.epagine.fr\/892\/9782912232892_1_v.jpg"},"orderable":true,"show_badge":true,"formatted_price":"19,00&nbsp;\u20ac","formatted_published_date":"22 mars 2005","publisher_availability_label":"Sur commande","short_details":"Marie Michel \u2014 Atlande","translator":null,"weight":106,"page_count":1,"readership":null,"editor":"Atlande","price":1900,"published_date":"2005-03-21T23:00:00.000000Z","support":"Grand format","publisher_availability":1,"stock":0,"editions":[],"url":"https:\/\/quaidesbrumes.com\/ouvrage\/9782912232892\/muriel-dalain-resnais"},{"id":"9782848911540","title":"Omar Sy ; de la banlieue \u00e0 Hollywood Boulevard ; les secrets de l'acteur pr\u00e9f\u00e9r\u00e9 des Fran\u00e7ais","description":"On le croyait Intouchable, pourtant Hollywood a mis le grappin dessus !\r\nL'ancien rigolo du Service apr\u00e8s vente de Canal + , avec son comp\u00e8re Fred Lestot, est d\u00e9sormais abonn\u00e9 aux blockbusters am\u00e9ricains :\r\nX-Men : Days of Future, Jurassic World et Inferno, la suite du Da Vinci Code.\r\nOmar, qui a \u00e9t\u00e9 d\u00e9sign\u00e9 comme le fran\u00e7ais qui incarne le mieux l'optimisme, devan\u00e7ant de peu Jean Dujardin, supplantera-t-il \u00e9galement The Artist dans la course aux Oscars ? Chocolat o\u00f9 il incarne le clown noir, immortalis\u00e9 par Toulouse Lautrec et les Fr\u00e8res Lumi\u00e8re d\u00e9tr\u00f4nera-t- il Intouchables ?\r\nSi Omar Sy ne sait pas encore tr\u00e8s bien o\u00f9 il va : il sait d'o\u00f9 il vient :\r\nDe Trappes, en banlieue parisienne, o\u00f9 avec ses sept fr\u00e8res et soeurs les gal\u00e8res ne l'ont pas \u00e9pargn\u00e9. Je n'\u00e9tais pas malheureux, dit-il, car j'avais des r\u00eaves...\r\nDes r\u00eaves qui vont bient\u00f4t rejoindre les \u00e9toiles, quand il apposera son empreinte sur Hollywood Boulevard.","authors":["Marie-france Bourgeois"],"category_codes":["6000000","6070000","6070300"],"visuals":{"large":"https:\/\/images.epagine.fr\/540\/9782848911540_1_75.jpg","medium":"https:\/\/images.epagine.fr\/540\/9782848911540_1_m.jpg","thumbnail":"https:\/\/images.epagine.fr\/540\/9782848911540_1_v.jpg"},"orderable":true,"show_badge":true,"formatted_price":"18,00&nbsp;\u20ac","formatted_published_date":"10 juillet 2015","publisher_availability_label":"Sur commande","short_details":"Marie-france Bourgeois \u2014 Exclusif","translator":null,"weight":350,"page_count":199,"readership":null,"editor":"Exclusif","price":1800,"published_date":"2015-07-09T22:00:00.000000Z","support":"Grand format","publisher_availability":1,"stock":0,"editions":[],"url":"https:\/\/quaidesbrumes.com\/ouvrage\/9782848911540\/omar-sy-de-la-banlieue-a-hollywood-boulevard-les-secrets-de-lacteur-prefere-des-francais"},{"id":"9782296139084","title":"La bri\u00e8vet\u00e9 t\u00e9l\u00e9visuelle ; le cas des \u00e9missions sur les arts plastiques","description":"Le discours t\u00e9l\u00e9visuel bref ne serait pas vraiment digne de l'attention du chercheur, telles des \u00e9missions comme D'art d'art et Suivez l'artiste qui osent \u00e9voquer en une minute trente une oeuvre d'art plastique. Or il se joue beaucoup dans ces moments fugaces, non pas malgr\u00e9 leur bri\u00e8vet\u00e9, mais gr\u00e2ce \u00e0 elle. C'est \u00e0 un changement de perspective sur le bref que cet ouvrage nous invite. La bri\u00e8vet\u00e9 t\u00e9l\u00e9visuelle cr\u00e9e en elle-m\u00eame du sens au lieu d'\u00eatre un obstacle \u00e0 son d\u00e9veloppement.","authors":["Jean-bernard Cheymol"],"category_codes":["6000000","6070000","6070300"],"visuals":{"large":"https:\/\/images.epagine.fr\/084\/9782296139084_1_75.jpg","medium":"https:\/\/images.epagine.fr\/084\/9782296139084_1_m.jpg","thumbnail":"https:\/\/images.epagine.fr\/084\/9782296139084_1_v.jpg"},"orderable":true,"show_badge":true,"formatted_price":"23,00&nbsp;\u20ac","formatted_published_date":"27 janvier 2011","publisher_availability_label":"Sur commande","short_details":"Jean-bernard Cheymol \u2014 \u00c9ditions L'Harmattan","translator":null,"weight":295,"page_count":238,"readership":null,"editor":"\u00c9ditions L'Harmattan","price":2300,"published_date":"2011-01-26T23:00:00.000000Z","support":"Grand format","publisher_availability":1,"stock":0,"editions":[],"url":"https:\/\/quaidesbrumes.com\/ouvrage\/9782296139084\/la-brievete-televisuelle-le-cas-des-emissions-sur-les-arts-plastiques"},{"id":"9782848911212","title":"Jean-Luc Delarue","description":"Ador\u00e9, adul\u00e9 des t\u00e9l\u00e9spectatrices (toutes tranches d'\u00e2ge confondues), ses \u00e9missions durant des ann\u00e9es battent tous les records d'audience avec \u00ab \u00c7a se discute \u00bb. En plus, il r\u00e8gne sur un v\u00e9ritable empire t\u00e9l\u00e9visuel et produit des centaines d'\u00e9missions.\r\nN\u00e9 le 24 juin 1964, il appara\u00eet tr\u00e8s jeune sur les ondes d'Europe 1 et Canal+.\r\nPerfectionniste, il r\u00e9ussit tout ce qu'il entreprend. Il m\u00e8ne sa vie \u00e0 un train d'enfer, tout va tr\u00e8s vite dans sa vie, beaucoup trop vite... Surcharg\u00e9 de travail, d\u00e9bord\u00e9, d\u00e9pass\u00e9, il trouve alors refuge dans les paradis artificiels. La coca\u00efne. Erreur fatale qui lui fera petit \u00e0 petit perdre pied.\r\nL'heure de la chute a inexorablement sonn\u00e9 pour Jean-Luc. Et ce n'est pas la naissance de son fils Jean en 2006 n\u00e9 de son union avec Elisabeth Bost, ni son mariage avec Anissa Khel en 2011, alors qu'il se savait condamner qui changeront la donne.\r\n\u00c0 la question angoissante de savoir comment l'homme si intelligent et talentueux qu'il fut a pu sombrer aussi inexorablement ? Ceux qui savent se doivent de r\u00e9pondre.","authors":["Oriane Oringer"],"category_codes":["6000000","6070000","6070300"],"visuals":{"large":"https:\/\/images.epagine.fr\/212\/9782848911212_1_75.jpg","medium":"https:\/\/images.epagine.fr\/212\/9782848911212_1_m.jpg","thumbnail":"https:\/\/images.epagine.fr\/212\/9782848911212_1_v.jpg"},"orderable":true,"show_badge":true,"formatted_price":"18,00&nbsp;\u20ac","formatted_published_date":"10 d\u00e9cembre 2012","publisher_availability_label":"Sur commande","short_details":"Oriane Oringer \u2014 Exclusif","translator":null,"weight":378,"page_count":199,"readership":null,"editor":"Exclusif","price":1800,"published_date":"2012-12-09T23:00:00.000000Z","support":"Grand format","publisher_availability":1,"stock":0,"editions":[],"url":"https:\/\/quaidesbrumes.com\/ouvrage\/9782848911212\/jean-luc-delarue"},{"id":"9782848911106","title":"Brigitte Bardot ; \u00e0 la rencontre de B.B.","description":"Adul\u00e9e, ador\u00e9e ou d\u00e9test\u00e9e, Brigitte Bardot, sex-symbol des ann\u00e9es 50-60 a marqu\u00e9 de son empreinte toute une g\u00e9n\u00e9ration et m\u00eame davantage.\r\nStar mondiale, \u00e9g\u00e9rie et muse des plus grands artistes de l'\u00e9poque, plusieurs de ses films Et Dieu cr\u00e9a la femme, En cas de malheur, Vie priv\u00e9e ou Viva Maria resteront \u00e0 jamais grav\u00e9s dans les coeurs.\r\nSes amours, ses flirts, ses mariages... puis la retraite \u00e0 Saint-Tropez, o\u00f9, entour\u00e9e de ses animaux, elle se r\u00e9fugie \u00e0 la Madrague qu'elle ne quittera plus. Totalement engag\u00e9e contre la mis\u00e8re animale, on l'a voit r\u00e9guli\u00e8rement intervenir tant \u00e0 la t\u00e9l\u00e9 que sur les ondes pour d\u00e9fendre cette noble cause.\r\nOn aime ou on d\u00e9teste B.B. Son impudeur corporelle, sa pudeur de sentiment resteront pour tous l'image d'une jeunesse indestructible que personne n'a pu tuer et que beaucoup lui envient.\r\nPersonnage attendrissant qui souffre de n'\u00eatre pas -assez- aim\u00e9 et qui, longtemps, n'inspira que le d\u00e9sir. Ce livre vous convie \u00e0 nouveau \u00e0 une rencontre avec elle...","authors":["Oriane Oringer"],"category_codes":["6000000","6070000","6070300"],"visuals":{"large":"https:\/\/images.epagine.fr\/106\/9782848911106_1_75.jpg","medium":"https:\/\/images.epagine.fr\/106\/9782848911106_1_m.jpg","thumbnail":"https:\/\/images.epagine.fr\/106\/9782848911106_1_v.jpg"},"orderable":true,"show_badge":true,"formatted_price":"20,00&nbsp;\u20ac","formatted_published_date":"29 juin 2012","publisher_availability_label":"Sur commande","short_details":"Oriane Oringer \u2014 Exclusif","translator":null,"weight":502,"page_count":255,"readership":null,"editor":"Exclusif","price":2000,"published_date":"2012-06-28T22:00:00.000000Z","support":"Grand format","publisher_availability":1,"stock":0,"editions":[],"url":"https:\/\/quaidesbrumes.com\/ouvrage\/9782848911106\/brigitte-bardot-a-la-rencontre-de-bb"},{"id":"9782878540918","title":"Images du temps dans Vaghe Stelle Dell'Orsa de Luchino Visconti (Les)","description":"Cet ouvrage, en analysant les images du  temps dans le film Sandra (1965), d\u00e9finit l'esth\u00e9tique d'un metteur en sc\u00e8ne,  L. Visconti, qui appartient \u00e0 ce qu'on appellera l'apr\u00e8s-guerre, et qui s'efforce de penser les camps de la mort \u00e0 travers les ruines de la civilisation \u00e9trusque et l'exp\u00e9rience des statues.","authors":["Suzanne Liandrat-Guigues"],"category_codes":["6000000","6070000","6070300","6070306"],"visuals":{"large":"https:\/\/quaidesbrumes.com\/img\/book-placeholder.png","medium":"https:\/\/quaidesbrumes.com\/img\/book-placeholder.png","thumbnail":"https:\/\/quaidesbrumes.com\/img\/book-placeholder.png"},"orderable":true,"show_badge":true,"formatted_price":"24,00&nbsp;\u20ac","formatted_published_date":"4 ao\u00fbt 1995","publisher_availability_label":"Sur commande","short_details":"Suzanne Liandrat-Guigues \u2014 Presses De La Sorbonne Nouvelle","translator":null,"weight":391,"page_count":284,"readership":null,"editor":"Presses De La Sorbonne Nouvelle","price":2400,"published_date":"1995-08-03T22:00:00.000000Z","support":"Grand format","publisher_availability":1,"stock":0,"editions":[],"url":"https:\/\/quaidesbrumes.com\/ouvrage\/9782878540918\/images-du-temps-dans-vaghe-stelle-dellorsa-de-luchino-visconti-les"}]}