{"data":[{"id":"9782296998261","title":"50 ans de sitcoms am\u00e9ricaines d\u00e9crypt\u00e9es ; de I love Lucy \u00e0 Desperate Housewives la repr\u00e9sentation de la famille dans les family sitcoms","description":"Nous proposons ci de mettre en lumi\u00e8re le lien qui unit le mod\u00e8le de la famille traditionnelle au genre de la sitcom et d'en analyser les \u00e9volutions. Dans une perspective s\u00e9mio-socioculturelle, nous examinerons la famille en tant qu'identit\u00e9 sociale dans un contexte donn\u00e9, la soci\u00e9t\u00e9 am\u00e9ricaine de 1950 \u00e0 2004, mais \u00e9galement en tant que repr\u00e9sentation t\u00e9l\u00e9visuelle, la construction de la famille au coeur de la sitcom \u00e9tant avant tout une mise en sc\u00e8ne.","authors":["Aur\u00e9lie Blot"],"category_codes":["6000000","6070000","6070300"],"visuals":{"large":"https:\/\/images.epagine.fr\/261\/9782296998261_1_75.jpg","medium":"https:\/\/images.epagine.fr\/261\/9782296998261_1_m.jpg","thumbnail":"https:\/\/images.epagine.fr\/261\/9782296998261_1_v.jpg"},"orderable":true,"show_badge":true,"formatted_price":"58,00&nbsp;\u20ac","formatted_published_date":"17 janvier 2013","publisher_availability_label":"Sur commande","short_details":"Aur\u00e9lie Blot \u2014 \u00c9ditions L'Harmattan","translator":null,"weight":955,"page_count":526,"readership":null,"editor":"\u00c9ditions L'Harmattan","price":5800,"published_date":"2013-01-16T23:00:00.000000Z","support":"Grand format","publisher_availability":1,"stock":0,"editions":[],"url":"https:\/\/quaidesbrumes.com\/ouvrage\/9782296998261\/50-ans-de-sitcoms-americaines-decryptees-de-i-love-lucy-a-desperate-housewives-la-representation-de-la-famille-dans-les-family-sitcoms"},{"id":"9791023900040","title":"Veit : d'un fils \u00e0 son p\u00e8re, dans l'ombre du Juif S\u00fcss","description":"En 1940, Veit Harlan est un des cin\u00e9astes les plus actifs du troisi\u00e8me Reich. Il r\u00e9alise Le Juif S\u00fcss , qui met en sc\u00e8ne un personnage de Juif arriviste dans l'Allemagne du XVIIe si\u00e8cle. Mais jamais le cin\u00e9aste n'assumera sa responsabilit\u00e9 dans la stigmatisation des Juifs par le r\u00e9gime nazi.\r\n24 ans plus tard, alors que Veit est sur le point de mourir, son fi ls l'implore de reconna\u00eetre sa faute et c'est en 2010 qu'il d\u00e9cide de fi xer ces derniers instants dans un t\u00e9moignage poignant d'impossible r\u00e9conciliation, long cri d'amour destin\u00e9 \u00e0 un p\u00e8re contre lequel il n'a cess\u00e9 de se r\u00e9volter. Thomas Harlan d\u00e9nonce aussi l'hypocrisie d'une soci\u00e9t\u00e9 allemande d'apr\u00e8s-guerre amn\u00e9sique. Ce texte tr\u00e8s litt\u00e9raire est accompagn\u00e9 de nombreuses annexes qui permettent d'appr\u00e9hender le contexte historique.","authors":["Thomas Harlan","Elisabeth Willenz"],"category_codes":["6000000","6070000","6070300"],"visuals":{"large":"https:\/\/images.epagine.fr\/040\/9791023900040_1_75.jpg","medium":"https:\/\/images.epagine.fr\/040\/9791023900040_1_m.jpg","thumbnail":"https:\/\/images.epagine.fr\/040\/9791023900040_1_v.jpg"},"orderable":true,"show_badge":true,"formatted_price":"15,00&nbsp;\u20ac","formatted_published_date":"5 septembre 2013","publisher_availability_label":"Sur commande","short_details":"Thomas Harlan, Elisabeth Willenz \u2014 Capricci","translator":"ELISABETH WILLENZ","weight":178,"page_count":156,"readership":null,"editor":"Capricci","price":1500,"published_date":"2013-09-04T22:00:00.000000Z","support":"Grand format","publisher_availability":1,"stock":0,"editions":[],"url":"https:\/\/quaidesbrumes.com\/ouvrage\/9791023900040\/veit-dun-fils-a-son-pere-dans-lombre-du-juif-suss"},{"id":"9782918040569","title":"Comique extr\u00e9miste ; essai sur Andy Kaufman et le r\u00eave am\u00e9ricain","description":"D'Andy Kaufman (1949-1984), le public fran\u00e7ais conna\u00eet surtout le film de Milos Forman inspir\u00e9 de sa vie, Man on the Moon (1999), avec Jim Carrey dans le r\u00f4le principal. On y voit qui fut Kaufman : un grand comique, une figure majeure de la culture populaire am\u00e9ricaine, une personne attachante mais insaisissable. \r\nBien que comique, Kaufman refusa toujours de se pr\u00e9senter en ce terme. Bien que subversif, il n'adopta jamais de posture agressive ni ne tint le moindre propos scandaleux. Bien que c\u00e9l\u00e8bre, il s'abrita toujours derri\u00e8re ses personnages, l'acteur rat\u00e9 Foreign Man, le chanteur salace Tony Clifton, un faux Elvis Presley... \r\nCe sont tous ces troubles qu'analyse Florian Keller. Son livre est un portrait \u00e0 destination de ceux qui ignorent qui fut Andy Kaufman, et combien durable demeure son influence : il d\u00e9crit ses performances les plus fameuses, recueille les t\u00e9moignages de ceux qui l'ont connu... D'autre part et surtout, ce livre est un essai d'une grande force qui vise \u00e0 \u00e9tudier la signification et la port\u00e9e sociale de la com\u00e9die. S'inspirant des travaux de Slavoj Zizek, mais aussi de Philip Auslander et d'Hal Foster, analysant le sens historique de l'expression \"Le r\u00eave am\u00e9ricain\", Keller montre en quoi celui-ci fut une incarnation extr\u00eame de ce r\u00eave, au point de le retourner contre lui-m\u00eame. Par-l\u00e0, il pose une question essentielle \u00e0 notre \u00e9poque : de quelle transgression la com\u00e9die est-elle encore capable ?","authors":["Florian Keller"],"category_codes":["6000000","6070000","6070300"],"visuals":{"large":"https:\/\/images.epagine.fr\/569\/9782918040569_1_75.jpg","medium":"https:\/\/images.epagine.fr\/569\/9782918040569_1_m.jpg","thumbnail":"https:\/\/images.epagine.fr\/569\/9782918040569_1_v.jpg"},"orderable":true,"show_badge":true,"formatted_price":"18,00&nbsp;\u20ac","formatted_published_date":"1er novembre 2012","publisher_availability_label":"Sur commande","short_details":"Florian Keller \u2014 Capricci","translator":null,"weight":227,"page_count":256,"readership":null,"editor":"Capricci","price":1800,"published_date":"2012-10-31T23:00:00.000000Z","support":"Grand format","publisher_availability":1,"stock":0,"editions":[],"url":"https:\/\/quaidesbrumes.com\/ouvrage\/9782918040569\/comique-extremiste-essai-sur-andy-kaufman-et-le-reve-americain"},{"id":"9782918040217","title":"\u00c0 la fortune du beau","description":"Comme nous l'avons fait en 2009 avec Luc Moullet et ses Piges choisies (de Griffith \u00e0 Ellroy), A la fortune du beau entend donner \u00e0 lire un auteur dont l'importance dans l'histoire critique fran\u00e7aise est \u00e0 la fois incontestable et m\u00e9connue. Le livre se d\u00e9coupe en trois parties : une s\u00e9lection d'articles donn\u00e9s aux Cahiers du cin\u00e9ma dans les ann\u00e9es 1960 (p\u00e9riode mal connue mais essentielle) ; un long entretien avec le cin\u00e9aste King Vidor ; une s\u00e9lection d'articles r\u00e9dig\u00e9s pour la revue La Lettre du cin\u00e9ma, entre 1999 et 2005.Cet ouvrage s'est construit avec \u00e0 l'esprit le rapport entre ces deux \u00e9poques, pass\u00e9 et pr\u00e9sent, le Delahaye de la cin\u00e9philie classique et celui que de nombreux jeunes critiques et cin\u00e9astes reconnaissent aujourd'hui comme un mod\u00e8le et un p\u00e8re. Le coeur du livre est l\u00e0 : la transmission, comme forme et comme th\u00e8me. Le choix des textes a \u00e9t\u00e9 fait avec l'auteur mais aussi avec Pascale Bodet et Serge Bozon (La France, 2006, avec Sylvie Testud), cin\u00e9aste et critique \u00e0 la notori\u00e9t\u00e9 grandissante.","authors":["Michel Delahaye"],"category_codes":["6000000","6070000","6070300"],"visuals":{"large":"https:\/\/images.epagine.fr\/217\/9782918040217_1_75.jpg","medium":"https:\/\/images.epagine.fr\/217\/9782918040217_1_m.jpg","thumbnail":"https:\/\/images.epagine.fr\/217\/9782918040217_1_v.jpg"},"orderable":true,"show_badge":true,"formatted_price":"16,20&nbsp;\u20ac","formatted_published_date":"1er juin 2010","publisher_availability_label":"Sur commande","short_details":"Michel Delahaye \u2014 Capricci","translator":null,"weight":372,"page_count":328,"readership":null,"editor":"Capricci","price":1620,"published_date":"2010-05-31T22:00:00.000000Z","support":"Grand format","publisher_availability":1,"stock":0,"editions":[],"url":"https:\/\/quaidesbrumes.com\/ouvrage\/9782918040217\/a-la-fortune-du-beau"},{"id":"9782970058212","title":"D\u00e9cadrages Tome 4-5 : David Lynch","description":"C'est la singularit\u00e9 d'auteur exc\u00e9dant et d\u00e9jouant en partie le syst\u00e8me auteuriste qui nous a retenus dans l'examen des films de David Lynch. Aussi jouons-nous sa s\u00e9rie Twin Peaks contre le film qui en est d\u00e9riv\u00e9 (sur le mode du pre-sequel), celle-l\u00e0 constituant un exemple r\u00e9ussi de l'int\u00e9gration d'une logique auteuriste \u00e0 la culture de masse, selon nous (cf. article de Fran\u00e7ois Bovier et Andr\u00e9 Chaperon). Par ailleurs, la constitution de la figure de l'Auteur dans la presse sp\u00e9cialis\u00e9e fran\u00e7aise est analys\u00e9e dans une intervention de nature historiographique (cf. article de Rapha\u00ebl Pasche). En consacrant plusieurs articles \u00e0 des films-culte, il s'agit pour nous de prendre acte de cette double logique auteuriste et cultuelle qui d\u00e9termine autant le discours de Lynch lui-m\u00eame que celui de la critique qui en rend compte. Wild at Heart est interrog\u00e9 dans son rapport \u00e0 la culture de masse, notamment \u00e0 travers une analyse des repr\u00e9sentations ethniques qui s'appuie sur un examen minutieux des musiques utilis\u00e9es par Lynch et sur une discussion de leurs implications esth\u00e9tiques et id\u00e9ologiques (cf. article de Laurent Guido). Le cas plus pr\u00e9cis de l'int\u00e9gration de chansons pr\u00e9existantes, donn\u00e9es comme pr\u00e9enregistr\u00e9es dans Muholland Drive et vari\u00e9es dans leurs modes d'interaction avec la di\u00e9g\u00e8se dans Blue Velvet, est \u00e9galement examin\u00e9 (cf. article de Julia Canonica et Maria Da Silva).\r\n    Lost Highway et Mulholland Drive sont analys\u00e9s dans leur mise en oeuvre d'une logique des possibles narratifs qui tend \u00e0 d\u00e9lin\u00e9ariser le r\u00e9cit filmique en vue de constituer un film palimpseste dont il revient alors au spectateur d'\u00e9tablir les significations, dans un mouvement d'\u00e9mancipation par rapport au balisage op\u00e9r\u00e9 par le cin\u00e9aste (cf. article d'Alain Boillat). Enfin, Dick Tomasovic aborde les ph\u00e9nom\u00e8nes d'immersion du spectateur dans l'univers de Lynch dont \u00abl'inqui\u00e9tante \u00e9tranget\u00e9\u00bb doit beaucoup au r\u00e9gime sensoriel particulier induit par certaines caract\u00e9ristiques sonores. \r\n\r\nNotre rubrique \u00abcin\u00e9ma suisse\u00bb d\u00e9bute par deux entretiens, dont l'un nous permet de revenir sur un film largement sous-estim\u00e9 par l'ensemble de la critique suisse (Absolut de Wyder), tandis que l'autre donne la parole \u00e0 Christophe Marzal peu avant la sortie de son film Au large de Bad Ragaz. Contrairement \u00e0 ce film, Achtung, fertig, Charlie! a connu un succ\u00e8s public exceptionnel: les strat\u00e9gies de production et de promotion dont il proc\u00e8de permettent de discuter le statut d'un film suisse r\u00e9alis\u00e9 selon un mode hollywoodien (cf. article d'Anne-Katrin Weber).\r\n    La question toujours largement d\u00e9battue aujourd'hui de l'adaptation de sources litt\u00e9raires \u00e0 l'\u00e9cran est analys\u00e9e dans les termes juridiques du droit d'auteur (cf. article de Luc Amgwerd). \r\n    La trace filmique d'une installation r\u00e9alis\u00e9e par l'artiste lausannoise Elodie Pong invite \u00e0 examiner comment le dispositif de la t\u00e9l\u00e9surveillance est pris en compte dans l'art contemporain (cf. article de Mireille Berton). \r\n    Notre rubrique se cl\u00f4t sur un aspect historique \u00e0 travers une \u00e9tude qui retrace les activit\u00e9s men\u00e9es en Suisse par le c\u00e9l\u00e8bre cin\u00e9aste d'avant-garde Hans Richter et les implications de la pratique du film de commande (cf. article de Pierre-Emmanuel Jaques).","authors":["Collectif"],"category_codes":["6000000","6070000","6070300"],"visuals":{"large":"https:\/\/images.epagine.fr\/212\/9782970058212_1_75.jpg","medium":"https:\/\/images.epagine.fr\/212\/9782970058212_1_m.jpg","thumbnail":"https:\/\/images.epagine.fr\/212\/9782970058212_1_v.jpg"},"orderable":true,"show_badge":true,"formatted_price":"12,00&nbsp;\u20ac","formatted_published_date":"1er mai 2005","publisher_availability_label":"Sur commande","short_details":"Collectif \u2014 Decadrages","translator":null,"weight":334,"page_count":168,"readership":null,"editor":"Decadrages","price":1200,"published_date":"2005-04-30T22:00:00.000000Z","support":"Grand format","publisher_availability":1,"stock":0,"editions":[],"url":"https:\/\/quaidesbrumes.com\/ouvrage\/9782970058212\/decadrages-tome-4-5-david-lynch"},{"id":"9782322506903","title":"Issues de secours : Photographies humanistes dans le monde","description":"Photos humanistes dans le monde. Un voyage entre silhouettes et regards. Nous  sommes diff\u00e9rents et pourtant nous nous ressemblons. La preuve par l'image.","authors":["Michel Berberian"],"category_codes":["6000000","6070000","6070200"],"visuals":{"large":"https:\/\/images.epagine.fr\/903\/9782322506903_1_75.jpg","medium":"https:\/\/images.epagine.fr\/903\/9782322506903_1_m.jpg","thumbnail":"https:\/\/images.epagine.fr\/903\/9782322506903_1_v.jpg"},"orderable":true,"show_badge":true,"formatted_price":"55,00&nbsp;\u20ac","formatted_published_date":"14 novembre 2023","publisher_availability_label":"Sur commande","short_details":"Michel Berberian \u2014 Books on Demand","translator":null,"weight":444,"page_count":100,"readership":null,"editor":"Books on Demand","price":5500,"published_date":"2023-11-13T23:00:00.000000Z","support":"Grand format","publisher_availability":1,"stock":0,"editions":[],"url":"https:\/\/quaidesbrumes.com\/ouvrage\/9782322506903\/issues-de-secours-photographies-humanistes-dans-le-monde"},{"id":"9782383516460","title":"Cannes backstage : dans les coulisses du festival","description":"Le festival de Cannes racont\u00e9 par le fondateur des OFF de Cannes.\r\n\r\nComment se passe vraiment le plus grand festival du monde ? Comment avoir une vie de r\u00eave pendant dix jours ? Comment fait-on pour monter sur le tapis rouge ? Comment c\u00f4toyer les plus grandes stars internationales dans les palaces et les soir\u00e9es priv\u00e9es ?\r\n\r\n \r\n\r\nArtiste amateur ou professionnel, d\u00e9couvrez tous les conseils et les anecdotes qui vous permettront de gagner du temps et, comme l'auteur, de c\u00f4toyer stars internationales et professionnels du cin\u00e9ma, de la musique, de la mode. Producteurs, distributeurs et m\u00e9dias seront \u00e0 votre port\u00e9e.","authors":["Alain Zirah"],"category_codes":["6000000","6070000","6070300","6070306"],"visuals":{"large":"https:\/\/images.epagine.fr\/460\/9782383516460_1_75.jpg","medium":"https:\/\/images.epagine.fr\/460\/9782383516460_1_m.jpg","thumbnail":"https:\/\/images.epagine.fr\/460\/9782383516460_1_v.jpg"},"orderable":true,"show_badge":true,"formatted_price":"23,00&nbsp;\u20ac","formatted_published_date":"15 mai 2023","publisher_availability_label":"Sur commande","short_details":"Alain Zirah \u2014 NOMBRE 7","translator":null,"weight":586,"page_count":456,"readership":null,"editor":"NOMBRE 7","price":2300,"published_date":"2023-05-14T22:00:00.000000Z","support":"Grand format","publisher_availability":1,"stock":0,"editions":[],"url":"https:\/\/quaidesbrumes.com\/ouvrage\/9782383516460\/cannes-backstage-dans-les-coulisses-du-festival"},{"id":"9782386257124","title":"Pleins feux sur les Gremlins : Pour une vision rapproch\u00e9e du cin\u00e9ma de Joe Dante","description":"1984 : sortie et succ\u00e8s de Gremlins, film apr\u00e8s lequel No\u00ebl et ses cadeaux ne pourront plus \u00eatre regard\u00e9s comme avant.\r\n1990 : Gremlins 2 remet le couvert, double la mise pour monter encore en puissance, au sein d'une Trump Tower revisit\u00e9e, symbole de l'hybris d'un capitalisme d\u00e9brid\u00e9, donnant ce qui demeurera sans doute comme l'un des plus grands films am\u00e9ricains de la p\u00e9riode.\r\nJoe Dante, le r\u00e9alisateur de ces deux chefs-d'oeuvre, a su trouver dans ces cr\u00e9atures mati\u00e8re \u00e0 interroger le rapport que nous autres modernes entretenons avec les images.\r\nSi le diable, comme on dit, se situe dans les d\u00e9tails, ne faut-il pas, d\u00e8s lors, se donner la peine de se pencher plus en d\u00e9tail sur ces deux films essentiels, histoire de mieux voir de quoi il en retourne avec ces petits diables verts ? Et de quoi ils peuvent bien \u00eatre le nom... ? Au d\u00e9tour d'analyses rapproch\u00e9es des films et de certaines s\u00e9quences, cet essai r\u00e9pondra \u00e0 certaines questions, comme celles-ci : pourquoi les Gremlins sont-ils \u00e0 ce point remplis de r\u00e9f\u00e9rences cin\u00e9philiques ? Ou encore pourquoi, dans la mesure o\u00f9 les Gremlins sont donn\u00e9s en conclusion du premier film comme la cause possible de dysfonctionnement des appareils, nombre d'entre eux pr\u00e9sentent d\u00e9j\u00e0 des signes majeurs de d\u00e9r\u00e8glement avant m\u00eame l'\u00e9closion des petits d\u00e9mons... ?\r\nPierre-Gilles P\u00e9lissier a publi\u00e9 de nombreux articles sur la science-fiction (rubrique \u00ab Formes de la SF \u00bb sur ActuSF), la bande dessin\u00e9e (dans la revue Bananas) ou le cin\u00e9ma (blog de la Cin\u00e9mamecque, La Septi\u00e8me Obsession (H.S. J. Carpenter ou S. Spielberg)). Il est l'auteur de Science-politique-fiction, essai d'\u00e9conomie g\u00e9n\u00e9rale des contre-utopies de 1846 (Le Monde tel qu'il sera) \u00e0 nos jours (Les Furtifs), paru aux \u00e9ditions Honor\u00e9 Champion en 2024.","authors":["Pierre-Gilles Pelissier"],"category_codes":["6000000","6070000","6070300","6070304"],"visuals":{"large":"https:\/\/images.epagine.fr\/124\/9782386257124_1_75.jpg","medium":"https:\/\/images.epagine.fr\/124\/9782386257124_1_m.jpg","thumbnail":"https:\/\/images.epagine.fr\/124\/9782386257124_1_v.jpg"},"orderable":true,"show_badge":true,"formatted_price":"23,00&nbsp;\u20ac","formatted_published_date":"14 janvier 2025","publisher_availability_label":"Sur commande","short_details":"Pierre-Gilles Pelissier \u2014 Publishroom Factory","translator":null,"weight":372,"page_count":298,"readership":null,"editor":"Publishroom Factory","price":2300,"published_date":"2025-01-13T23:00:00.000000Z","support":"Grand format","publisher_availability":1,"stock":0,"editions":[],"url":"https:\/\/quaidesbrumes.com\/ouvrage\/9782386257124\/pleins-feux-sur-les-gremlins-pour-une-vision-rapprochee-du-cinema-de-joe-dante"},{"id":"9782357910164","title":"Le film noir am\u00e9ricain ; 1940-1955","description":"Le film noir am\u00e9ricain, celui de l'\u00e2ge d'or du cin\u00e9ma hollywoodien, n'en finit pas de solliciter les interrogations. Objet de nombreuses \u00e9tudes document\u00e9es de la part de sp\u00e9cialistes reconnus, il provoque plus directement l'amateur qu'il entra\u00eene dans une fascinante plong\u00e9e au sein d'un monde t\u00e9n\u00e9breux, peupl\u00e9 de masques s\u00e9duisants et de pi\u00e8ges mortels.\r\nForme d'art particuli\u00e8re, essentiellement d\u00e9finie par un style, le film noir des ann\u00e9es 1940-1955 est construit \u00e0 partir d'\u00e9l\u00e9ments r\u00e9els po\u00e9tis\u00e9s par l'imagination des r\u00e9alisateurs et l'esth\u00e9tique des peintres-photographes de la lumi\u00e8re. Son attrait sp\u00e9cifique invite \u00e0 une analyse orient\u00e9e par des choix propres. Dans le cas pr\u00e9sent, elle s'organise autour d'une perception imm\u00e9diate et quasi mat\u00e9rielle des images et d'une re-cr\u00e9ation nostalgique de formes disparues. C'est la d\u00e9marche qu'a tent\u00e9 de suivre l'auteur de cet essai.\r\nNicole Gotteri est archiviste-pal\u00e9ographe, ancien membre de l'\u00e9cole fran\u00e7aise de Rome, et docteur en Histoire. Apr\u00e8s avoir consacr\u00e9 sa carri\u00e8re \u00e0 l'histoire du Premier Empire, elle s'est int\u00e9ress\u00e9e au cin\u00e9ma am\u00e9ricain, publiant un ouvrage et plusieurs articles sur le western classique.","authors":["Nicole Gotteri"],"category_codes":["6000000","6070000","6070300"],"visuals":{"large":"https:\/\/images.epagine.fr\/164\/9782357910164_1_75.jpg","medium":"https:\/\/images.epagine.fr\/164\/9782357910164_1_m.jpg","thumbnail":"https:\/\/images.epagine.fr\/164\/9782357910164_1_v.jpg"},"orderable":true,"show_badge":true,"formatted_price":"30,00&nbsp;\u20ac","formatted_published_date":"7 juin 2010","publisher_availability_label":"Sur commande","short_details":"Nicole Gotteri \u2014 ATELIER FOL'FER","translator":null,"weight":450,"page_count":271,"readership":null,"editor":"ATELIER FOL'FER","price":3000,"published_date":"2010-06-06T22:00:00.000000Z","support":"Grand format","publisher_availability":1,"stock":0,"editions":[],"url":"https:\/\/quaidesbrumes.com\/ouvrage\/9782357910164\/le-film-noir-americain-1940-1955"},{"id":"9782357911482","title":"Entretiens politiquement incorrects (volume 1)","description":"De temps \u00e0 autre, Philippe Randa se m\u00e9nage une halte de r\u00e9flexion. Ainsi r\u00e9unit-il ici les entretiens glan\u00e9s au fil du temps (tout comme il l'avait fait pour ses \u00ab \u00e9crivains guerriers \u00bb dans son livre Ils ont fait la guerre), qui donnaient d'\u00e9crivains connus des portraits autrement plus piquants que de banales interviews. Une fois encore, avec ses Entretiens politiquement incorrects, l'auteur d\u00e9voile sa fid\u00e9lit\u00e9 aux auteurs qu'il appr\u00e9cie et en r\u00e9v\u00e8le des facettes peu connues. L'interviewer n'appara\u00eet qu'en filigrane et c'est la personnalit\u00e9 de la \u00ab victime \u00bb qui se trahit, en m\u00eame temps que des talents trop souvent m\u00e9connus.\r\nLes auteurs du volume 1 : Franck Abed - B\u00e9jo - Jean-Paul Besse - Andr\u00e9 Bessi\u00e8res - Francis Bergeron - Jean-Pierre Blanchard - Gwenn-A\u00ebl Bollor\u00e9 - Jean-Paul Bourre - Jacques Borde - Jean-Pierre Brun - Pierre Chassard - Louis Cordier - Roland Courtinat - Olivier Dard - Henri de Fersan - Andr\u00e9 Figueras - David Gattegno - Roland Gaucher - Louis-Christian Gautier - Philippe Gautier - Patrick Gofman - Arnaud Guyot-Jeannin - Thierry Jolif - Jean-Paul Kauffman - Hubert Kohler - Olivier Krafft - Pierre Lassieur - Henry de Lesquen - Jean Mabire - Bernard Marillier - Jacques Marlaud - Pierre Monnier - Jean-Guy Moron - Alain Pascal - Micheline Peyrebonne - Pinatel - Bernard Plouvier - Philippe Pr\u00e9vost - Richard Raczynski - Arnaud Raffard de Brienne - Jean Robin - Jean-Claude Rolinat - Michel Sauve - Gilbert Sincyr - Jean-Michel Thouvenin - Jean-Claude Valla - Thierry van de Leur - Bernard Zimmern","authors":["Philippe Randa"],"category_codes":["6000000","6070000","6070300","6070304"],"visuals":{"large":"https:\/\/images.epagine.fr\/482\/9782357911482_1_75.jpg","medium":"https:\/\/images.epagine.fr\/482\/9782357911482_1_m.jpg","thumbnail":"https:\/\/images.epagine.fr\/482\/9782357911482_1_v.jpg"},"orderable":true,"show_badge":true,"formatted_price":"37,00&nbsp;\u20ac","formatted_published_date":"10 juillet 2023","publisher_availability_label":"Sur commande","short_details":"Philippe Randa \u2014 ATELIER FOL'FER","translator":null,"weight":270,"page_count":314,"readership":null,"editor":"ATELIER FOL'FER","price":3700,"published_date":"2023-07-09T22:00:00.000000Z","support":"Grand format","publisher_availability":1,"stock":0,"editions":[],"url":"https:\/\/quaidesbrumes.com\/ouvrage\/9782357911482\/entretiens-politiquement-incorrects-volume-1"},{"id":"9782357911499","title":"Entretiens politiquement incorrects (volume 2)","description":"De temps \u00e0 autre, Philippe Randa se m\u00e9nage une halte de r\u00e9flexion. Ainsi r\u00e9unit-il ici les entretiens glan\u00e9s au fil du temps (tout comme il l'avait fait pour ses \u00ab \u00e9crivains guerriers \u00bb dans son livre Ils ont fait la guerre), qui donnaient d'\u00e9crivains connus des portraits autrement plus piquants que de banales interviews. Une fois encore, avec ses Entretiens politiquement incorrects, l'auteur d\u00e9voile sa fid\u00e9lit\u00e9 aux auteurs qu'il appr\u00e9cie et en r\u00e9v\u00e8le des facettes peu connues. L'interviewer n'appara\u00eet qu'en filigrane et c'est la personnalit\u00e9 de la \u00ab victime \u00bb qui se trahit, en m\u00eame temps que des talents trop souvent m\u00e9connus.\r\n\r\nLes auteurs du volume 2 : Franck Abed - Louis Alexandre (et Jean Gali\u00e9) - Paul-Louis Aum\u00e9ras - Association pour la m\u00e9moire de Jules Gu\u00e9rin - Rodolphe Badinand - Lionel Baland - Armand B\u00e9n\u00e9sis de Rotrou - Yvan Blot - Maurice Bonnet - Patrick Bourne - Jean-Pierre Brun - Jean-Paul Brunet - Patrick Brunot - Claude Chollet - Roland Courtinat - Col Roger Cunibile - \u00c9ric Delcroix - S\u00e9bastien Derouen - Richard Dessens - Michel Drac - Ghislain Dubois - Jean-Pierre Duclos-Aprico - Dr Andr\u00e9 Gaillard - Jean Gali\u00e9 (voir Louis Alexandre) - Louis-Christian Gautier - Patrick Gofman - Manuel Gomez - Hakam Guedira - Patrick Jammes - Marc Laudelout - Yves-Marie Laulan - Joseph Lavanant - G\u00e9rard Letailleur - Pierre Le Vigan - Jean-Gilles Malliarakis - Sylvain Marcou - Jacques Marlaud - Michel Marmin - David Mata - Abb\u00e9 Molin - Michel Mourlet - Norbert Multeau - Arnaud N\u00eemes - Jean-Louis Omer - Dr Jean-Claude P\u00e9rez - Pinatel - Bernard Plouvier - Christophe Poitou - Denise Pop - Guy Pujante - Richard Raczynski - Alain Renault - Jean-Claude Rolinat - Alain Sanders - Jean-Jacques Sandras - Maurice Sarazin - Armand Seguin - Gilbert Sincyr - Roger Soncarieu - Jean Vanmai - Patrice Villa - Dr Jean Vurpillot","authors":["Philippe Randa"],"category_codes":["6000000","6070000","6070300","6070304"],"visuals":{"large":"https:\/\/images.epagine.fr\/499\/9782357911499_1_75.jpg","medium":"https:\/\/images.epagine.fr\/499\/9782357911499_1_m.jpg","thumbnail":"https:\/\/images.epagine.fr\/499\/9782357911499_1_v.jpg"},"orderable":true,"show_badge":true,"formatted_price":"37,00&nbsp;\u20ac","formatted_published_date":"10 juillet 2023","publisher_availability_label":"Sur commande","short_details":"Philippe Randa \u2014 ATELIER FOL'FER","translator":null,"weight":280,"page_count":324,"readership":null,"editor":"ATELIER FOL'FER","price":3700,"published_date":"2023-07-09T22:00:00.000000Z","support":"Grand format","publisher_availability":1,"stock":0,"editions":[],"url":"https:\/\/quaidesbrumes.com\/ouvrage\/9782357911499\/entretiens-politiquement-incorrects-volume-2"},{"id":"9782357911505","title":"Entretiens politiquement incorrects (volume 3)","description":"De temps \u00e0 autre, Philippe Randa se m\u00e9nage une halte de r\u00e9flexion. Ainsi r\u00e9unit-il ici les entretiens glan\u00e9s au fil du temps (tout comme il l'avait fait pour ses \u00ab \u00e9crivains guerriers \u00bb dans son livre Ils ont fait la guerre), qui donnaient d'\u00e9crivains connus des portraits autrement plus piquants que de banales interviews. Une fois encore, avec ses Entretiens politiquement incorrects, l'auteur d\u00e9voile sa fid\u00e9lit\u00e9 aux auteurs qu'il appr\u00e9cie et en r\u00e9v\u00e8le des facettes peu connues. L'interviewer n'appara\u00eet qu'en filigrane et c'est la personnalit\u00e9 de la \u00ab victime \u00bb qui se trahit, en m\u00eame temps que des talents trop souvent m\u00e9connus. Les auteurs du volume 3 : Fran\u00e7ois d'Agay - Colette Albert - Alexis Arette - Yves Baeckeroot - Jean-Louis Bardois - Paul-Louis Beaujour - Francis Bergeron - Nicolas Bonnal - Maurice Bonnet - Pierre Brouland - Jean-Pierre Brun - Jean-Paul Brunet - Franck Buleux - Yves Caron - Ida de Chavagnac - Roland Courtinat - G\u00e9rard Crespo - Emil Darhel - Richard Dessens - Ghislain Dubois - Christian Dureau - Gilles Falavigna - Bruno Favrit - Jean-Claude Favrit - Jean Gautier Dr - Philippe de Parseval - Bernard Plouvier - Christophe Poitou - Andr\u00e9 Posokhow - Alain Rouet - Gilbert Sincyr - Farid Smahi - Chekib Tijani - Antoine Tsamantakis - Verdelhan (de) \u00c9ric - R\u00e9my Valat","authors":["Philippe Randa"],"category_codes":["6000000","6070000","6070300","6070304"],"visuals":{"large":"https:\/\/images.epagine.fr\/505\/9782357911505_1_75.jpg","medium":"https:\/\/images.epagine.fr\/505\/9782357911505_1_m.jpg","thumbnail":"https:\/\/images.epagine.fr\/505\/9782357911505_1_v.jpg"},"orderable":true,"show_badge":true,"formatted_price":"37,00&nbsp;\u20ac","formatted_published_date":"10 juillet 2023","publisher_availability_label":"Sur commande","short_details":"Philippe Randa \u2014 ATELIER FOL'FER","translator":null,"weight":270,"page_count":310,"readership":null,"editor":"ATELIER FOL'FER","price":3700,"published_date":"2023-07-09T22:00:00.000000Z","support":"Grand format","publisher_availability":1,"stock":0,"editions":[],"url":"https:\/\/quaidesbrumes.com\/ouvrage\/9782357911505\/entretiens-politiquement-incorrects-volume-3"},{"id":"9782357911512","title":"Entretiens politiquement incorrects (volume 4)","description":"De temps \u00e0 autre, Philippe Randa se m\u00e9nage une halte de r\u00e9flexion. Ainsi r\u00e9unit-il ici les entretiens glan\u00e9s au fil du temps (tout comme il l'avait fait pour ses \u00ab \u00e9crivains guerriers \u00bb dans son livre Ils ont fait la guerre), qui donnaient d'\u00e9crivains connus des portraits autrement plus piquants que de banales interviews. Une fois encore, avec ses Entretiens politiquement incorrects, l'auteur d\u00e9voile sa fid\u00e9lit\u00e9 aux auteurs qu'il appr\u00e9cie et en r\u00e9v\u00e8le des facettes peu connues. L'interviewer n'appara\u00eet qu'en filigrane et c'est la personnalit\u00e9 de la \u00ab victime \u00bb qui se trahit, en m\u00eame temps que des talents trop souvent m\u00e9connus.\r\nLes auteurs du volume 4 : Emmanuel Albach - Jean Brunet - Gilles Falavigna et Marc Brzustowski - Philippe Joutier - Michel Klen - Louis-Christian Gautier - Andr\u00e9 Lama - G\u00e9rard Lehmann - Aristide Leucate - Paul Margolis - Jean-Claude Picolet - Bernard Plouvier - Denise Pop - Marie-Simone Poublon - Guy Prouin - Guy Pujante - Georges Ferri\u00e8res - Pierre Hamel - Jean-Claude Hermans - Jean-Michel Hermans - Constantin Hiott - Jean-Pierre Hutin - Michel Issaverdens - Magnus Martel - Dimitris Michalopoulos - Richard Raczynski - Alain Renault - Jean-Claude Rolinat - Marie-Claude Sarrot - Laurent Sausset - Philippe Simonnot - Jean-Michel Thouvenin - R\u00e9mi Tremblay - R\u00e9my Valat - \u00c9ric de Verdelhan - Serge Vermain dit des Arg\u00e9las d'Arbouse - Jean-Michel Vernochet - Pierre Vial","authors":["Philippe Randa"],"category_codes":["6000000","6070000","6070300","6070304"],"visuals":{"large":"https:\/\/images.epagine.fr\/512\/9782357911512_1_75.jpg","medium":"https:\/\/images.epagine.fr\/512\/9782357911512_1_m.jpg","thumbnail":"https:\/\/images.epagine.fr\/512\/9782357911512_1_v.jpg"},"orderable":true,"show_badge":true,"formatted_price":"37,00&nbsp;\u20ac","formatted_published_date":"10 juillet 2023","publisher_availability_label":"Sur commande","short_details":"Philippe Randa \u2014 ATELIER FOL'FER","translator":null,"weight":270,"page_count":310,"readership":null,"editor":"ATELIER FOL'FER","price":3700,"published_date":"2023-07-09T22:00:00.000000Z","support":"Grand format","publisher_availability":1,"stock":0,"editions":[],"url":"https:\/\/quaidesbrumes.com\/ouvrage\/9782357911512\/entretiens-politiquement-incorrects-volume-4"},{"id":"9782357911529","title":"Entretiens politiquement incorrects (volume 5)","description":"De temps \u00e0 autre, Philippe Randa se m\u00e9nage une halte de r\u00e9flexion. Ainsi r\u00e9unit-il ici les entretiens glan\u00e9s au fil du temps (tout comme il l'avait fait pour ses \u00ab \u00e9crivains guerriers \u00bb dans son livre Ils ont fait la guerre), qui donnaient d'\u00e9crivains connus des portraits autrement plus piquants que de banales interviews. Une fois encore, avec ses Entretiens politiquement incorrects, l'auteur d\u00e9voile sa fid\u00e9lit\u00e9 aux auteurs qu'il appr\u00e9cie et en r\u00e9v\u00e8le des facettes peu connues. L'interviewer n'appara\u00eet qu'en filigrane et c'est la personnalit\u00e9 de la \u00ab victime \u00bb qui se trahit, en m\u00eame temps que des talents trop souvent m\u00e9connus.\r\nLes auteurs du volume 5 : Jean Bataille - Paul-Louis Beaujour - Abdou Berber - Philippe Bergeron - Nicolas Bonnal - Jean-Claude Bourret - Nicole Broissin - Jean-Pierre Brun - Daniel Cadet - Damien Chiaverini - Philippe Chiaverini - Bernard Chupin - Jacques Dansan - Patrice Delhomme - Jean-Jacques Doucet - Ghislain Dubois - Christian De la Hubaudi\u00e8re - Gilles Falavigna - Michel Festivi - Nicolas Gauthier - Louis-Christian Gautier - Patrick Gofman - Georges Gourdin - Serge Horvath - Pierre Lance - \u00c9ric Leclercq - Aristide Leucate - Pierre Le Vigan - Ren\u00e9 Marchand - Yves Morel - Patrick N\u00e9grier - Philippe de Parseval - Robert Paturel - Jean Pieuchot - Bernard Plouvier - Richard Raczynski - Jean-Claude Rolinat - Jean de Saint-Houardon - Maurice Sarazin - Robert Saucourt - Reynald Secher - Kakou Ernest Tigori - R\u00e9mi Tremblay - R\u00e9my Valat - Serge Vermain dit des Arg\u00e9las d'Arbouse - Jean-Michel Vernochet","authors":["Philippe Randa"],"category_codes":["6000000","6070000","6070300","6070304"],"visuals":{"large":"https:\/\/images.epagine.fr\/529\/9782357911529_1_75.jpg","medium":"https:\/\/images.epagine.fr\/529\/9782357911529_1_m.jpg","thumbnail":"https:\/\/images.epagine.fr\/529\/9782357911529_1_v.jpg"},"orderable":true,"show_badge":true,"formatted_price":"37,00&nbsp;\u20ac","formatted_published_date":"10 juillet 2023","publisher_availability_label":"Sur commande","short_details":"Philippe Randa \u2014 ATELIER FOL'FER","translator":null,"weight":260,"page_count":304,"readership":null,"editor":"ATELIER FOL'FER","price":3700,"published_date":"2023-07-09T22:00:00.000000Z","support":"Grand format","publisher_availability":1,"stock":0,"editions":[],"url":"https:\/\/quaidesbrumes.com\/ouvrage\/9782357911529\/entretiens-politiquement-incorrects-volume-5"},{"id":"9782343167770","title":"Temps & photographie ; \u00e0 partir de Bernard Koest","description":"A-t-on d\u00e9j\u00e0 vu le temps ? Jamais ; ni de visu, ni en photographie. Et pourtant, bien des photographes \u00e9voquent le temps. Alors quelle serait la mani\u00e8re sp\u00e9cifique qu'aurait la photographie de travailler le temps ? Cet ouvrage \u00e9tudie pourquoi et comment les photographies explorent le temps, mieux, les temps - \u00e0 la fois le pass\u00e9, le pr\u00e9sent et l'avenir. Il prend appui que l'oeuvre de l'artiste contemporain Bernard Koest, car, plus qu'une autre, son oeuvre oblige \u00e0 repenser les rapports complexes entre temps & photographie.","authors":["Fran\u00e7ois Soulages"],"category_codes":["6000000","6070000","6070200"],"visuals":{"large":"https:\/\/images.epagine.fr\/770\/9782343167770_1_75.jpg","medium":"https:\/\/images.epagine.fr\/770\/9782343167770_1_m.jpg","thumbnail":"https:\/\/images.epagine.fr\/770\/9782343167770_1_v.jpg"},"orderable":true,"show_badge":true,"formatted_price":"18,50&nbsp;\u20ac","formatted_published_date":"28 f\u00e9vrier 2019","publisher_availability_label":"Sur commande","short_details":"Fran\u00e7ois Soulages \u2014 \u00c9ditions L'Harmattan","translator":null,"weight":192,"page_count":136,"readership":null,"editor":"\u00c9ditions L'Harmattan","price":1850,"published_date":"2019-02-27T23:00:00.000000Z","support":"Grand format","publisher_availability":1,"stock":0,"editions":[],"url":"https:\/\/quaidesbrumes.com\/ouvrage\/9782343167770\/temps-photographie-a-partir-de-bernard-koest"},{"id":"9782343041377","title":"Protection de l'information ; pourquoi et comment sensibiliser","description":"Le CDSE (Club des Directeurs de S\u00e9curit\u00e9 des Entreprises) a \u00e9t\u00e9 cr\u00e9e il y a plus de 25 ans pour f\u00e9d\u00e9rer les exp\u00e9riencs des professionnels de la s\u00e9curit\u00e9 et de la s\u00fbret\u00e9 au sein des plus grandes entreprises de ce pays. Cet ouvrage rassemble les analyses d'une vingtaine d'experts en s\u00e9curit\u00e9 de l'information, pour partager leurs meilleures pratiques en la mati\u00e8re.","authors":["Collectif"],"category_codes":["6000000","6070000","6070300"],"visuals":{"large":"https:\/\/images.epagine.fr\/377\/9782343041377_1_75.jpg","medium":"https:\/\/images.epagine.fr\/377\/9782343041377_1_m.jpg","thumbnail":"https:\/\/images.epagine.fr\/377\/9782343041377_1_v.jpg"},"orderable":true,"show_badge":true,"formatted_price":"27,00&nbsp;\u20ac","formatted_published_date":"19 septembre 2014","publisher_availability_label":"Sur commande","short_details":"Collectif \u2014 \u00c9ditions L'Harmattan","translator":null,"weight":355,"page_count":244,"readership":null,"editor":"\u00c9ditions L'Harmattan","price":2700,"published_date":"2014-09-18T22:00:00.000000Z","support":"Grand format","publisher_availability":1,"stock":0,"editions":[],"url":"https:\/\/quaidesbrumes.com\/ouvrage\/9782343041377\/protection-de-linformation-pourquoi-et-comment-sensibiliser"},{"id":"9788890841897","title":"\"fara fara\" a film not made","description":"Un ouvrage photographique retra\u00e7ant les diff\u00e9rents voyages de Carsten H\u00f6ller en R\u00e9publique d\u00e9mocratique du Congo en vue de pr\u00e9parer la r\u00e9alisation d'un film autour de la culture musicale du \u00ab Fara fara \u00bb (texte en fran\u00e7ais).\r\nFara fara signifie face-\u00e0-face en lingala. Il s'agit \u00e9galement d'un ph\u00e9nom\u00e8ne musical profond\u00e9ment ancr\u00e9 dans la culture congolaise : deux groupes se produisent en m\u00eame temps dans des lieux attenants et celui qui joue le plus longtemps gagne. Autrefois, le Fara fara \u00e9tait une fa\u00e7on de r\u00e9soudre les conflits ; de nos jours, c'est plut\u00f4t une question de leadership musical. Un Fara Fara est un \u00e9v\u00e9nement d\u00e9mesur\u00e9, attirant d'immenses foules, mais il reste cependant tr\u00e8s rare.\r\nCe livre prend pour sujet un film dans lequel un Fara fara a lieu \u00e0 Kinshasa, une bataille musicale entre les deux plus grands partisans de la rumba congolaise contemporaine. Le film, qui n'a pas encore \u00e9t\u00e9 tourn\u00e9, sera r\u00e9alis\u00e9 par l'artiste Carsten H\u00f6ller et par le r\u00e9alisateur M\u00e5ns M\u00e5nsson. Ce volume contient des photos prises depuis 2001 lors de diff\u00e9rents voyages pr\u00e9paratoires par Pierre Bj\u00f6rk, Hoyte van Hoytema, Reed Kram, Armin Linke, Giovanna Silva, Patrick Str\u00f6mdahl et par les r\u00e9alisateurs. Elin Unnes, \u00e9crivaine su\u00e9doise et haute autorit\u00e9 musicale, a \u00e9crit le texte.\r\nPubli\u00e9 \u00e0 l'occasion de l'exposition de Carsten H\u00f6ller \u00e0 la 56e Exposition internationale d'arts visuels - La Biennale di Venezia, du 9 mai au 22 novembre 2015.","authors":["Carsten H\u00f6ller"],"category_codes":["6000000","6070000","6070200"],"visuals":{"large":"https:\/\/images.epagine.fr\/897\/9788890841897_1_75.jpg","medium":"https:\/\/images.epagine.fr\/897\/9788890841897_1_m.jpg","thumbnail":"https:\/\/images.epagine.fr\/897\/9788890841897_1_v.jpg"},"orderable":true,"show_badge":true,"formatted_price":"30,00&nbsp;\u20ac","formatted_published_date":"10 juin 2015","publisher_availability_label":"Sur commande","short_details":"Carsten H\u00f6ller \u2014 Humboldt Books","translator":null,"weight":327,"page_count":224,"readership":null,"editor":"Humboldt Books","price":3000,"published_date":"2015-06-09T22:00:00.000000Z","support":"Poche","publisher_availability":1,"stock":0,"editions":[],"url":"https:\/\/quaidesbrumes.com\/ouvrage\/9788890841897\/fara-fara-a-film-not-made"},{"id":"9782343211176","title":"Photographie et fractalit\u00e9 ; photologie fractale","description":"Depuis l'invention du daguerr\u00e9otype (1839) jusqu'aux technosciences de l'intelligence artificielle, les pratiques photographiques n'ont cess\u00e9 de se complexifier. La num\u00e9risation des images, mais aussi les croisements et les interactions de la photographie \u00ab argentique \u00bb (analogique) avec les traitements logiciels, sous-tendent un univers hybride d'images et d'exp\u00e9rimentations photographiques orient\u00e9es par des conceptions fractalistes, analogues \u00e0 celles qui d\u00e9terminent la cr\u00e9ation num\u00e9rique des figures fractales.","authors":["Jean-Claude Chirollet"],"category_codes":["6000000","6070000","6070200","6070208"],"visuals":{"large":"https:\/\/images.epagine.fr\/176\/9782343211176_1_75.jpg","medium":"https:\/\/images.epagine.fr\/176\/9782343211176_1_m.jpg","thumbnail":"https:\/\/images.epagine.fr\/176\/9782343211176_1_v.jpg"},"orderable":true,"show_badge":true,"formatted_price":"30,50&nbsp;\u20ac","formatted_published_date":"29 septembre 2020","publisher_availability_label":"Sur commande","short_details":"Jean-Claude Chirollet \u2014 \u00c9ditions L'Harmattan","translator":null,"weight":356,"page_count":262,"readership":null,"editor":"\u00c9ditions L'Harmattan","price":3050,"published_date":"2020-09-28T22:00:00.000000Z","support":"Grand format","publisher_availability":1,"stock":0,"editions":[],"url":"https:\/\/quaidesbrumes.com\/ouvrage\/9782343211176\/photographie-et-fractalite-photologie-fractale"},{"id":"9782343199245","title":"La photographie, entre tableau et dispositif ; mutations artistiques contemporaines","description":"Quelle est la sp\u00e9cificit\u00e9 de la photographie contemporaine dans un contexte de mutations photographiques au sein de l'art contemporain ?  Du simple enregistrement du r\u00e9el \u00e0 l'exp\u00e9rience artistique, comment a-t-elle pu \u00e9voluer depuis les ann\u00e9es 1980 ? Dans sa relation complexe \u00e0 l'image, comment r\u00e9ussit-elle \u00e0 asseoir son statut d'oeuvre d'art ?Cet ouvrage aborde la question des dispositifs de conception et de pr\u00e9sentation \u00e0 travers les pratiques des photographes, en lien notamment aux \u00e9crits et recherches du magazine Caf\u00e9-Cr\u00e8me.","authors":["Paul Di felice"],"category_codes":["6000000","6070000","6070200"],"visuals":{"large":"https:\/\/images.epagine.fr\/245\/9782343199245_1_75.jpg","medium":"https:\/\/images.epagine.fr\/245\/9782343199245_1_m.jpg","thumbnail":"https:\/\/images.epagine.fr\/245\/9782343199245_1_v.jpg"},"orderable":true,"show_badge":true,"formatted_price":"24,00&nbsp;\u20ac","formatted_published_date":"9 juillet 2020","publisher_availability_label":"Sur commande","short_details":"Paul Di felice \u2014 \u00c9ditions L'Harmattan","translator":null,"weight":267,"page_count":192,"readership":null,"editor":"\u00c9ditions L'Harmattan","price":2400,"published_date":"2020-07-08T22:00:00.000000Z","support":"Grand format","publisher_availability":1,"stock":0,"editions":[],"url":"https:\/\/quaidesbrumes.com\/ouvrage\/9782343199245\/la-photographie-entre-tableau-et-dispositif-mutations-artistiques-contemporaines"},{"id":"9783960701163","title":"The end is near, here","description":"Michael Dressel, born in East Berlin in 1958, is a wanderer between American and German culture. His regular journeys between his home towns on the American West Coast and Berlin have sensitized him to recognize the social changes of recent decades more clearly than most locals.\r\n\r\nHis second book shows his view of American society on the eve of a historic election. The Americans have a choice between sanity and madness, between an orderly civiln state and increasing decay and chaos. From a Central Europe","authors":["Michael Dressel"],"category_codes":["6000000","6070000","6070200","6070205"],"visuals":{"large":"https:\/\/images.epagine.fr\/163\/9783960701163_1_75.jpg","medium":"https:\/\/images.epagine.fr\/163\/9783960701163_1_m.jpg","thumbnail":"https:\/\/images.epagine.fr\/163\/9783960701163_1_v.jpg"},"orderable":true,"show_badge":true,"formatted_price":"32,00&nbsp;\u20ac","formatted_published_date":"15 ao\u00fbt 2024","publisher_availability_label":"Sur commande","short_details":"Michael Dressel \u2014 Hartmann Books","translator":null,"weight":505,"page_count":176,"readership":null,"editor":"Hartmann Books","price":3200,"published_date":"2024-08-14T22:00:00.000000Z","support":"Grand format","publisher_availability":1,"stock":0,"editions":[],"url":"https:\/\/quaidesbrumes.com\/ouvrage\/9783960701163\/the-end-is-near-here"},{"id":"9782952799379","title":"La loire a velo","description":null,"authors":["Martinez"],"category_codes":["6000000","6070000","6070200"],"visuals":{"large":"https:\/\/quaidesbrumes.com\/img\/book-placeholder.png","medium":"https:\/\/quaidesbrumes.com\/img\/book-placeholder.png","thumbnail":"https:\/\/quaidesbrumes.com\/img\/book-placeholder.png"},"orderable":true,"show_badge":true,"formatted_price":"26,00&nbsp;\u20ac","formatted_published_date":"30 novembre 2013","publisher_availability_label":"Sur commande","short_details":"Martinez \u2014 Suerte \u00c9ditions","translator":null,"weight":800,"page_count":null,"readership":null,"editor":"Suerte \u00c9ditions","price":2600,"published_date":"2013-11-29T23:00:00.000000Z","support":"Grand format","publisher_availability":1,"stock":0,"editions":[],"url":"https:\/\/quaidesbrumes.com\/ouvrage\/9782952799379\/la-loire-a-velo"},{"id":"9782140296796","title":"9 min 29 s. la mort film\u00e9e de George Floyd ; filmer la sensation","description":"George Floyd est d\u00e9c\u00e9d\u00e9 dans une rue de Minneapolis le 25 mai 2020, maintenu au sol et \u00e9trangl\u00e9 par le genou d'un policier. Au lieu de l'\u00e9clair visuel de l'assassinat de JFK, 26 s en super-huit, que Pasolini \u00e9leva au rang de th\u00e9orie du plan-s\u00e9quence, les 9 min 29 s de l'assassinat de George Floyd, capt\u00e9es par le smartphone de Darnella Frazier, offrent \u00e0 nos sens dans la dur\u00e9e audiovisuelle une scandaleuse agonie film\u00e9e live. Mobile et connect\u00e9, le smartphone cr\u00e9e des conditions nouvelles qui changent notre rapport sensible au film et au film\u00e9. Il semble qu'on puisse ainsi filmer la sensation. Dans cet ouvrage, l'\u00e9motion suscit\u00e9e par la vid\u00e9o de Darnella Frazier se prolonge dans un questionnement sur la possibilit\u00e9 de graver la sensation dans le film et de la transmettre au spectateur. Cette r\u00e9flexion concerne le pouvoir \u00e0 la fois sensoriel et interm\u00e9dial du cin\u00e9ma et de la vid\u00e9o.","authors":["Dominique Ch\u00e2teau"],"category_codes":["6000000","6070000","6070300","6070304"],"visuals":{"large":"https:\/\/images.epagine.fr\/796\/9782140296796_1_75.jpg","medium":"https:\/\/images.epagine.fr\/796\/9782140296796_1_m.jpg","thumbnail":"https:\/\/images.epagine.fr\/796\/9782140296796_1_v.jpg"},"orderable":true,"show_badge":true,"formatted_price":"14,50&nbsp;\u20ac","formatted_published_date":"5 octobre 2022","publisher_availability_label":"Sur commande","short_details":"Dominique Ch\u00e2teau \u2014 \u00c9ditions L'Harmattan","translator":null,"weight":147,"page_count":98,"readership":null,"editor":"\u00c9ditions L'Harmattan","price":1450,"published_date":"2022-10-04T22:00:00.000000Z","support":"Grand format","publisher_availability":1,"stock":0,"editions":[],"url":"https:\/\/quaidesbrumes.com\/ouvrage\/9782140296796\/9-min-29-s-la-mort-filmee-de-george-floyd-filmer-la-sensation"},{"id":"9782343050355","title":"Raymond Depardon ; l'immobilit\u00e9 et le mouvement du monde","description":"Voici une approche du regard sensible, po\u00e9tique et plastique que porte Raymond Depardon sur le monde. Elle conjugue immobilit\u00e9 - sous l'influence de la pratique photographique - et mouvement - du cin\u00e9ma voyag\u00e9. Ces contributions s'articulent sur quatre th\u00e9matiques : - le retour aux sources (monde d'hier), - la soci\u00e9t\u00e9 d'enfermement (le monde social), - la tentation du d\u00e9sert (le monde ouvert), - les villes travers\u00e9es (le monde int\u00e9rieur et le monde ext\u00e9rieur).","authors":["Didier Coureau"],"category_codes":["6000000","6070000","6070200"],"visuals":{"large":"https:\/\/images.epagine.fr\/355\/9782343050355_1_75.jpg","medium":"https:\/\/images.epagine.fr\/355\/9782343050355_1_m.jpg","thumbnail":"https:\/\/images.epagine.fr\/355\/9782343050355_1_v.jpg"},"orderable":true,"show_badge":true,"formatted_price":"26,00&nbsp;\u20ac","formatted_published_date":"29 d\u00e9cembre 2014","publisher_availability_label":"Sur commande","short_details":"Didier Coureau \u2014 \u00c9ditions L'Harmattan","translator":null,"weight":295,"page_count":242,"readership":null,"editor":"\u00c9ditions L'Harmattan","price":2600,"published_date":"2014-12-28T23:00:00.000000Z","support":"Grand format","publisher_availability":1,"stock":0,"editions":[],"url":"https:\/\/quaidesbrumes.com\/ouvrage\/9782343050355\/raymond-depardon-limmobilite-et-le-mouvement-du-monde"},{"id":"9783969993996","title":"Jan von holleben & monte packham: rooms for dessert \/anglais","description":null,"authors":["Jan Von holleben"],"category_codes":["6000000","6070000","6070200"],"visuals":{"large":"https:\/\/images.epagine.fr\/996\/9783969993996_1_75.jpg","medium":"https:\/\/images.epagine.fr\/996\/9783969993996_1_m.jpg","thumbnail":"https:\/\/images.epagine.fr\/996\/9783969993996_1_v.jpg"},"orderable":true,"show_badge":true,"formatted_price":"30,00&nbsp;\u20ac","formatted_published_date":"1er d\u00e9cembre 2024","publisher_availability_label":"Sur commande","short_details":"Jan Von holleben \u2014 Steidl","translator":null,"weight":601,"page_count":null,"readership":null,"editor":"Steidl","price":3000,"published_date":"2024-11-30T23:00:00.000000Z","support":"Grand format","publisher_availability":1,"stock":0,"editions":[],"url":"https:\/\/quaidesbrumes.com\/ouvrage\/9783969993996\/jan-von-holleben-monte-packham-rooms-for-dessert-anglais"}]}