{"data":[{"id":"9782814300569","title":"QUESTIONS DE COMMUNICATION Tome 18 : (2010)","description":"Dans la mont\u00e9e en puissance de l'usage des technologies de l'information et de la communication (TIC), les non-usagers constituent plus qu'une anomalie, en particulier lorsqu'il s'agit de l'internet. Des \u00e9tudes r\u00e9centes montrent l'existence d'un \u00ab effet plateau \u00bb, c'est-\u00e0-dire d'un net ralentissement de la croissance des internautes depuis 2002 dans les pays d\u00e9velopp\u00e9s, voire d'une stagnation de la proportion des non-usagers de l'internet d'une ann\u00e9e \u00e0 l'autre. Et si ce taux t\u00e9moigne de la pr\u00e9sence d'une frange d'irr\u00e9ductibles, on sait aussi que ces non-usagers peuvent, \u00e0 plus ou moins long terme, devenir des usagers. A contrario, on sait aussi que des usagers peuvent, \u00e0 un titre ou un autre, momentan\u00e9ment ou r\u00e9guli\u00e8rement, devenir des non-usagers. Dans la litt\u00e9rature scientifique - francophone ou anglo-saxonne - la question des non-usages est rarement pos\u00e9e comme une probl\u00e9matique en tant que telle. Elle y est abord\u00e9e comme un cas particulier d'usage si ce n'est, la plupart du temps, comme un d\u00e9faut d'usage. Or, la question du non-usage est suffisamment complexe pour justifier qu'on la traite en tant que telle.\r\n\r\nL'une des interrogations consiste donc \u00e0 savoir, alors que la g\u00e9n\u00e9ralisation des connexions \u00e0 l'internet est effective dans les pays occidentaux, quelles sont les motivations et facteurs qui expliquent la persistance des non-usages. On montrera ici qu'\u00eatre non-usager t\u00e9moigne parfois d'un positionnement (refus de la modernit\u00e9 et de la supr\u00e9matie des technologies, r\u00e9sistance-s au changement.) qui rel\u00e8ve d'un choix d\u00e9lib\u00e9r\u00e9, affirm\u00e9 ou revendiqu\u00e9 (position de principe). Toutefois, on verra aussi l'\u00e9mergence de facteurs qui complexifient la cartographie et le rapport entre usages et non-usages.","authors":["Catherine Kellner"],"category_codes":["6000000","6070000","6070300"],"visuals":{"large":"https:\/\/images.epagine.fr\/569\/9782814300569_1_75.jpg","medium":"https:\/\/images.epagine.fr\/569\/9782814300569_1_m.jpg","thumbnail":"https:\/\/images.epagine.fr\/569\/9782814300569_1_v.jpg"},"orderable":true,"show_badge":true,"formatted_price":"20,00&nbsp;\u20ac","formatted_published_date":"20 janvier 2011","publisher_availability_label":"Sur commande","short_details":"Catherine Kellner \u2014 Pu De Nancy","translator":null,"weight":550,"page_count":350,"readership":null,"editor":"Pu De Nancy","price":2000,"published_date":"2011-01-19T23:00:00.000000Z","support":"Grand format","publisher_availability":1,"stock":0,"editions":[],"url":"https:\/\/quaidesbrumes.com\/ouvrage\/9782814300569\/questions-de-communication-tome-18-2010"},{"id":"9782909285283","title":"Approches s\u00e9mantiques du document \u00e9lectronique","description":"Pour sa septi\u00e8me \u00e9dition, CIDE s'int\u00e8gre dans la semaine du Document num\u00e9rique (SDN). Pour chacune des \u00e9ditions de CIDE le comit\u00e9 de conf\u00e9rence choisi de focaliser le d\u00e9bat sur une th\u00e9matique particuli\u00e8re qui, au-del\u00e0 des communaut\u00e9s \u00e9tablies, des disciplines scientifiques et des d\u00e9marches sp\u00e9cifiques, t\u00e9moigne des probl\u00e8mes et des enjeux de cette objet de recherche : le document \u00e9lectronique. Pour cette \u00e9dition, le th\u00e8me des approches s\u00e9mantiques du document \u00e9lectronique a \u00e9t\u00e9 retenu. Nous reprendrons ici les attendus des contributions :La mise en avant du \u00ab sens \u00bb a en effet longtemps \u00e9t\u00e9 regard\u00e9e avec beaucoup de scepticisme au profit de traitements dits \u00ab de surface \u00bb, s'attachant \u00e0 \u00ab la forme \u00bb par opposition au \u00ab contenu \u00bb. Cette perception est en train de changer. Des progr\u00e8s significatifs ont \u00e9t\u00e9 r\u00e9alis\u00e9s au cours des derni\u00e8res ann\u00e9es, d'abord sur le document textuel (extraction d'informations, question answering, r\u00e9sum\u00e9 automatique...), puis relay\u00e9s de plus en plus dans les autres m\u00e9dias (extraction d'information et indexation de documents sonores et vid\u00e9o par le contenu, r\u00e9sum\u00e9 d'oeuvres...). Par ailleurs, les travaux d\u00e9ploy\u00e9s autour du th\u00e8me du \u00ab web s\u00e9mantique \u00bb visent \u00e0 d\u00e9crire le contenu des documents ou ressources de toutes sortes de mani\u00e8re \u00e0 les rendre accessibles et interop\u00e9rables.Un autre point de vue, plus radical, serait de consid\u00e9rer que m\u00eame les traitements dits \u00ab de surface \u00bb ou \u00ab num\u00e9riques \u00bb sont en fait, \u00e0 y bien regarder, s\u00e9mantiques. Si le \u00ab sens \u00bb ne se r\u00e9duit pas \u00e0 \u00ab l'information \u00bb, produire de l'information, n'est-ce pas produire du sens ? Un d\u00e9sambigu\u00efseur utilisant une m\u00e9thode statistique, m\u00eame si la m\u00e9thode ne se r\u00e9clame d'aucune th\u00e9orie linguistique, r\u00e9sout bien une ambigu\u00eft\u00e9 s\u00e9mantique lexicale. Un segmenteur th\u00e9matique va rep\u00e9rer des r\u00e9currences lexicales que d'autres appelleront isotopies. Un extracteur de descripteurs th\u00e9matiques produit bien ce sens minimal : \u00ab de quoi parle ce document \u00bb, etc.On le voit, l'appel \u00e9tait volontairement ouvert, laissant aux auteurs toute latitude pour d\u00e9cliner \u00e0 leur guise le terme \u00ab s\u00e9mantique \u00bb, en fonction de leurs propres objectifs et m\u00e9thodes de recherche.","authors":["Enjalbe Gaio Mauro"],"category_codes":["6000000","6070000","6070300"],"visuals":{"large":"https:\/\/quaidesbrumes.com\/img\/book-placeholder.png","medium":"https:\/\/quaidesbrumes.com\/img\/book-placeholder.png","thumbnail":"https:\/\/quaidesbrumes.com\/img\/book-placeholder.png"},"orderable":true,"show_badge":true,"formatted_price":"50,00&nbsp;\u20ac","formatted_published_date":"1er juin 2004","publisher_availability_label":"Sur commande","short_details":"Enjalbe Gaio Mauro \u2014 Europia","translator":null,"weight":528,"page_count":326,"readership":null,"editor":"Europia","price":5000,"published_date":"2004-05-31T22:00:00.000000Z","support":"Grand format","publisher_availability":1,"stock":0,"editions":[],"url":"https:\/\/quaidesbrumes.com\/ouvrage\/9782909285283\/approches-semantiques-du-document-electronique"},{"id":"9782909285122","title":"Europia '98 ; cyberdesign. media, communication & design practice ; m\u00e9dia & communication dans la pratique","description":"The aim of EuropIA conferences is to bring together researchers in design, architecture, engineering, construction management, cognitive science, computer science, artificial intelligence, sociology, geography and education as well as industry partners, and practitioners.\r\nThe focus of EuropIA'98 for this diverse group was CyberDesign and specifically media and communications in design practice - what type media we use in design practice and what types of media communications tools are available to us- appropriating recent exciting developments in media communications for local area and\/or wide area networks, new media types for interaction, and multimedia tools.","authors":["Cherif Branki"],"category_codes":["6000000","6070000","6070300"],"visuals":{"large":"https:\/\/quaidesbrumes.com\/img\/book-placeholder.png","medium":"https:\/\/quaidesbrumes.com\/img\/book-placeholder.png","thumbnail":"https:\/\/quaidesbrumes.com\/img\/book-placeholder.png"},"orderable":true,"show_badge":true,"formatted_price":"60,00&nbsp;\u20ac","formatted_published_date":"1er novembre 1998","publisher_availability_label":"Sur commande","short_details":"Cherif Branki \u2014 Europia","translator":null,"weight":702,"page_count":426,"readership":null,"editor":"Europia","price":6000,"published_date":"1998-10-31T23:00:00.000000Z","support":"Grand format","publisher_availability":1,"stock":0,"editions":[],"url":"https:\/\/quaidesbrumes.com\/ouvrage\/9782909285122\/europia-98-cyberdesign-media-communication-design-practice-media-communication-dans-la-pratique"},{"id":"9781614286912","title":"Mother and child","description":"In the latest body of work by author and photographer Claiborne Swanson Frank, the artist set out to explore what modern motherhood means in the 21st century. Turning her lens on 70 iconic families of mothers and children from such celebrated names as Delfina Figueras, Carolina Herrera, Lauren Santo Domingo, Anne Vyalitsyna, Aerin Lauder, and Patti Hansen, Swanson Frank's stunning portraits capture the emotional bonds and beauty that frame the primal relationship of a mother and her child. Complementing her work is a series of questions-and-answers, in which Swanson Frank delicately tasks each mother to look within themselves and express what being a mother truly means to them. Their answers, while exceedingly thoughtful and introspective, are also amusing, fascinating, and moving. Each one of these deeply intimate and stunning portraits will captivate and inspire readers as they embark on this profound journey that reminds us all of the power of motherhood and the great gift of love.","authors":["Frank Claiborne Swanson"],"category_codes":["6000000","6070000","6070200","6070205"],"visuals":{"large":"https:\/\/images.epagine.fr\/912\/9781614286912_1_75.jpg","medium":"https:\/\/images.epagine.fr\/912\/9781614286912_1_m.jpg","thumbnail":"https:\/\/images.epagine.fr\/912\/9781614286912_1_v.jpg"},"orderable":true,"show_badge":true,"formatted_price":"120,00&nbsp;\u20ac","formatted_published_date":"1er avril 2018","publisher_availability_label":"Sur commande","short_details":"Frank Claiborne Swanson \u2014 Assouline","translator":null,"weight":2725,"page_count":280,"readership":null,"editor":"Assouline","price":12000,"published_date":"2018-03-31T22:00:00.000000Z","support":"Grand format","publisher_availability":1,"stock":0,"editions":[],"url":"https:\/\/quaidesbrumes.com\/ouvrage\/9781614286912\/mother-and-child"},{"id":"9782910227425","title":"Une dynamique de l'insignifiance : les m\u00e9dias, les citoyens et la chose publique dans la \u00ab soci\u00e9te de l'information \u00bb","description":"Par quel \u00e9trange paradoxe l'essor annonc\u00e9 d'une \" soci\u00e9t\u00e9 de l'information \" peut-il faire abstraction des probl\u00e8mes que rencontre l'information de la soci\u00e9t\u00e9 ? Telle est l'interrogation initiale d'une \u00e9tude \u00e0 contre-courant, qui, \u00e0 partir d'un point de d\u00e9part classique - le foisonnement des discours technicistes sur l'\u00e9volution des m\u00e9dias - op\u00e8re deux vigoureux recentrages vers les \" inform\u00e9s \" et vers les \" informeurs \".\r\nLes nombreuses donn\u00e9es analys\u00e9es ici montrent que les publics - lecteurs ou \u00e9lecteurs - accordent de moins en moins d'attention \u00e0 l'information commune. Quant aux \u00e9diteurs, journalistes et autres acteurs de l'espace public de la communication, ils apparaissent d\u00e9sarm\u00e9s face \u00e0 cette menace qui pourrait bien concerner aussi l'essence m\u00eame du d\u00e9bat d\u00e9mocratique. Derri\u00e8re la richesse documentaire de cette \u00e9tude, qui dresse un panorama nouveau de l'avenir de l'information publique et de son sens pour les citoyens, se d\u00e9veloppe une th\u00e8se d\u00e9rangeante : la collectivit\u00e9 n'aurait pas pris la pratique de l'information assez au s\u00e9rieux pour permettre l'\u00e9mergence d'une expertise solide et d\u00e9passionn\u00e9e de la m\u00e9diation dont l'importance appara\u00eet pourtant chaque jour plus capitale et la vuln\u00e9rabilit\u00e9 plus grande.\r\nCe livre est issu de deux recherches men\u00e9es entre 1999 et 2001 pour la Mission prospective de la Communaut\u00e9 urbaine de Lyon.","authors":["Bertrand Labasse"],"category_codes":["6000000","6070000","6070300"],"visuals":{"large":"https:\/\/images.epagine.fr\/425\/9782910227425_1_75.jpg","medium":"https:\/\/images.epagine.fr\/425\/9782910227425_1_m.jpg","thumbnail":"https:\/\/images.epagine.fr\/425\/9782910227425_1_v.jpg"},"orderable":true,"show_badge":true,"formatted_price":"27,40&nbsp;\u20ac","formatted_published_date":"1er octobre 2004","publisher_availability_label":"Sur commande","short_details":"Bertrand Labasse \u2014 Enssib","translator":null,"weight":601,"page_count":272,"readership":null,"editor":"Enssib","price":2740,"published_date":"2004-09-30T22:00:00.000000Z","support":"Grand format","publisher_availability":1,"stock":0,"editions":[],"url":"https:\/\/quaidesbrumes.com\/ouvrage\/9782910227425\/une-dynamique-de-linsignifiance-les-medias-les-citoyens-et-la-chose-publique-dans-la-societe-de-linformation"},{"id":"9782200622985","title":"Le r\u00e9cit dans les s\u00e9ries polici\u00e8res ; d'Hercule Poirot au mentalist : d\u00e9cryptage et analyse","description":"Les s\u00e9ries polici\u00e8res anglo-saxonnes, et plus particuli\u00e8rement celles qui visent d'abord l'agr\u00e9ment et une forme de confort narratif (le wellbeing), sont les plus populaires. Dans ces r\u00e9cits, dont l'\u00e9criture renvoie d'abord au classicisme hollywoodien avant de s'en d\u00e9gager un peu, le spectateur trouve sans doute une forme de r\u00e9v\u00e9lation par d\u00e9tective interpos\u00e9, de minuscules apocalypses quotidiennes. Quels sont les m\u00e9canismes de ces s\u00e9ries et en quoi r\u00e9pondent-elles \u00e0 une forme de qu\u00eate de sens de leur temps\u00a0 ?\r\nPour apporter des r\u00e9ponses \u00e0 ces questions et d\u00e9gager les grandes tendances et \u00e9volutions du genre depuis les ann\u00e9es 2000, cet ouvrage remonte tout d'abord aux origines des r\u00e9cits policiers et \u00e0 leurs prototypes narratifs : Holmes, Poirot et le whodunnit, les cop shows et la mati\u00e8re soap opera qui les environne. Puis, s'appuyant sur plusieurs s\u00e9ries repr\u00e9sentatives, de Mentalist aux Experts, en passant par Castle ou encore Inspecteur Barnaby, il \u00e9nonce et analyse leurs principaux motifs\u00a0 : l'esprit des lieux, le temps, la place des femmes, l'importance des minorit\u00e9s, la nature du Mal, les images ambivalentes de la science...","authors":["Ioanis Deroide","Dominique Sipi\u00e8re"],"category_codes":["6000000","6070000","6070300","6070301"],"visuals":{"large":"https:\/\/images.epagine.fr\/985\/9782200622985_1_75.jpg","medium":"https:\/\/images.epagine.fr\/985\/9782200622985_1_m.jpg","thumbnail":"https:\/\/images.epagine.fr\/985\/9782200622985_1_v.jpg"},"orderable":true,"show_badge":true,"formatted_price":"22,90&nbsp;\u20ac","formatted_published_date":"5 septembre 2018","publisher_availability_label":"Sur commande","short_details":"Ioanis Deroide, Dominique Sipi\u00e8re \u2014 Armand Colin","translator":null,"weight":322,"page_count":240,"readership":null,"editor":"Armand Colin","price":2290,"published_date":"2018-09-04T22:00:00.000000Z","support":"Grand format","publisher_availability":1,"stock":0,"editions":[],"url":"https:\/\/quaidesbrumes.com\/ouvrage\/9782200622985\/le-recit-dans-les-series-policieres-dhercule-poirot-au-mentalist-decryptage-et-analyse"},{"id":"9782713214233","title":"L'argumentation ; preuve et persuasion","description":"Les controverses qui ont accompagn\u00e9, depuis le xixe si\u00e8cle et jusqu'au milieu du xxe, les fondations et re-fondations des diverses sciences sociales avaient pour enjeu le choix d'une m\u00e9thode de calcul ou d'observation capable de s\u00e9parer les arguments relevant d'une logique de la preuve ou d'une rh\u00e9torique de la persuasion.\r\n Le renouveau moderne des logiques formelles, l'essor des sciences du langage, la red\u00e9finition de la rh\u00e9torique fournissent aujourd'hui d'autres instruments pour mesurer le poids de l'\u00e9nonciation dans les langages ordinaires ou scientifiques.  a d\u00e9faut de bilan, les \u00e9tudes d'\u00e9pist\u00e9mologie descriptive r\u00e9unies dans ce volume visent \u00e0 identifier quelques-unes des op\u00e9rations les plus caract\u00e9ristiques de l'administration des preuves dans nos disciplines.\r\n L'analyse s\u00e9mantique et pragmatique du raisonnement par lequel les sciences historiques \" justifient \" leurs inf\u00e9rences montre que celui-ci ne se r\u00e9duit ni \u00e0 une forme affaiblie ou caricatur\u00e9e de la d\u00e9monstration ni \u00e0 une simple re-formulation des glissements s\u00e9mantiques du sens commun dans un idiome savant.  par-del\u00e0 la diversit\u00e9 de leurs techniques de preuve, les sciences sociales doivent leur \" style scientifique \" au mode de \" r\u00e9f\u00e9rence \" des assertions qu'elles encha\u00eenent pour justifier comme n\u00e9cessaire, probable ou plausible une conclusion qui porte, toujours, sur un monde indissociable de ses singularit\u00e9s historiques.","authors":["Michel de Fornel","Jean-Claude Passeron"],"category_codes":["6000000","6070000","6070300"],"visuals":{"large":"https:\/\/images.epagine.fr\/233\/9782713214233_1_75.jpg","medium":"https:\/\/images.epagine.fr\/233\/9782713214233_1_m.jpg","thumbnail":"https:\/\/images.epagine.fr\/233\/9782713214233_1_v.jpg"},"orderable":true,"show_badge":true,"formatted_price":"18,00&nbsp;\u20ac","formatted_published_date":"1er avril 2002","publisher_availability_label":"Sur commande","short_details":"Michel de Fornel, Jean-Claude Passeron \u2014 EHESS","translator":null,"weight":378,"page_count":192,"readership":null,"editor":"EHESS","price":1800,"published_date":"2002-03-31T22:00:00.000000Z","support":"Grand format","publisher_availability":1,"stock":0,"editions":[],"url":"https:\/\/quaidesbrumes.com\/ouvrage\/9782713214233\/largumentation-preuve-et-persuasion"},{"id":"9781649803177","title":"Maestro","description":"Maestro, the cinematic masterpiece directed by Bradley Cooper and featuring an all-star cast including Bradley Cooper, Carey Mulligan, Matt Bomer, Maya Hawke, and Sarah Silverman, unfolds as a towering and fearless love story between Leonard Bernstein and Felicia Cohn Montealegre Bernstein. This emotionally epic portrayal of family and love, produced by Martin Scorsese, Steven Spielberg, and others, is a captivating love letter to life and art. Delving behind the scenes, the accompanying book, introduced by Steven Spielberg, offers insights from Bradley Cooper on the creative journey from conception to realization. Contributors include Academy Award winners like Mark Bridges, Michelle Tesoro, Kazu Hiro, and Matthew Libatique, providing a comprehensive exploration of the filmmaking process. With essays from Jamie Bernstein, Janet Maslin, and contributions from Rick Rubin, Maestro is not just a book but a visual treasure trove, immersing readers in the intricate world of movie artistry with behind-the-scenes photos, production art, and set images.","authors":["Bradley Cooper"],"category_codes":["6000000","6070000","6070300","6070305"],"visuals":{"large":"https:\/\/images.epagine.fr\/177\/9781649803177_1_75.jpg","medium":"https:\/\/images.epagine.fr\/177\/9781649803177_1_m.jpg","thumbnail":"https:\/\/images.epagine.fr\/177\/9781649803177_1_v.jpg"},"orderable":true,"show_badge":true,"formatted_price":"195,00&nbsp;\u20ac","formatted_published_date":"20 d\u00e9cembre 2023","publisher_availability_label":"Sur commande","short_details":"Bradley Cooper \u2014 Assouline","translator":null,"weight":3600,"page_count":288,"readership":null,"editor":"Assouline","price":19500,"published_date":"2023-12-19T23:00:00.000000Z","support":"Grand format","publisher_availability":1,"stock":0,"editions":[],"url":"https:\/\/quaidesbrumes.com\/ouvrage\/9781649803177\/maestro"},{"id":"9782753533462","title":"Improviser une action dialogique","description":"Ce livre \u00e9carte les champs les plus habituels de l'improvisation afin de questionner son efficacit\u00e9 dans d'autres domaines : dans les situations d'apprentissage et d'\u00e9ducation, dans les r\u00e9actions \u00e0 une injure, \u00e0 la t\u00e9l\u00e9vision et en peinture, dans l'\u00e9laboration d'un parfum ou le montage d'un livre. \u00c0 l'heure o\u00f9 se g\u00e9n\u00e9ralise la formalisation de protocoles pour normaliser l'ensemble des actions humaines, on pourrait vouloir montrer l'op\u00e9rativit\u00e9 de l'improvisation.\r\n\r\nAvec le soutien de l'universit\u00e9 Sorbonne Nouvelle-Paris 3 (EA 1484 Communication, information, m\u00e9dias).","authors":["Collectif"],"category_codes":["6000000","6070000","6070300"],"visuals":{"large":"https:\/\/images.epagine.fr\/462\/9782753533462_1_75.jpg","medium":"https:\/\/images.epagine.fr\/462\/9782753533462_1_m.jpg","thumbnail":"https:\/\/images.epagine.fr\/462\/9782753533462_1_v.jpg"},"orderable":true,"show_badge":true,"formatted_price":"17,00&nbsp;\u20ac","formatted_published_date":"10 juillet 2014","publisher_availability_label":"Sur commande","short_details":"Collectif \u2014 Presse Universitaire de Rennes","translator":null,"weight":257,"page_count":168,"readership":null,"editor":"Presse Universitaire de Rennes","price":1700,"published_date":"2014-07-09T22:00:00.000000Z","support":"Grand format","publisher_availability":1,"stock":0,"editions":[],"url":"https:\/\/quaidesbrumes.com\/ouvrage\/9782753533462\/improviser-une-action-dialogique"},{"id":"9782494314115","title":"Les fossoyeurs","description":"Au terme d'une soir\u00e9e mondaine \u00e0 l'issue calamiteuse, deux modestes artistes se lancent dans une r\u00e9flexion sur l'art, essayant \u00e0 leur mani\u00e8re de d\u00e9m\u00ealer les ressorts d'une cr\u00e9ation \u00ab contemporaine \u00bb avec laquelle ils ne se sentent plus en phase. L'alcool aidant, ces emmerdeurs de haute voltige ne vont pas tarder \u00e0 perdre pied, se livrant bient\u00f4t \u00e0 des frasques remarqu\u00e9es. Jusqu'\u00e0 l'apoth\u00e9ose finale, qui figurera en bonne place \u00e0 la rubrique des faits divers...","authors":["Ferry\/Stern"],"category_codes":["6000000","6070000","6070300","6070303"],"visuals":{"large":"https:\/\/images.epagine.fr\/115\/9782494314115_1_75.jpg","medium":"https:\/\/images.epagine.fr\/115\/9782494314115_1_m.jpg","thumbnail":"https:\/\/images.epagine.fr\/115\/9782494314115_1_v.jpg"},"orderable":true,"show_badge":true,"formatted_price":"17,00&nbsp;\u20ac","formatted_published_date":"1er ao\u00fbt 2023","publisher_availability_label":"Sur commande","short_details":"Ferry\/Stern \u2014 Lucie Cep","translator":null,"weight":140,"page_count":120,"readership":null,"editor":"Lucie Cep","price":1700,"published_date":"2023-07-31T22:00:00.000000Z","support":"Grand format","publisher_availability":1,"stock":0,"editions":[],"url":"https:\/\/quaidesbrumes.com\/ouvrage\/9782494314115\/les-fossoyeurs"},{"id":"9791090429550","title":"Les espaces professionnels des journalistes ; des corpus quantitatifs aux analyses qualitatives","description":"Cet ouvrage est le fruit d'une pr\u00e9occupation commune \u00e0 diff\u00e9rents travaux conduits ces derni\u00e8res ann\u00e9es autour de la question de l'usage des donn\u00e9es statistiques dans les recherches sur le journalisme. En effet, les donn\u00e9es statistiques apparaissent souvent \u00e0 la fois comme un outil d'objectivation indispensable et un obstacle \u00e0 l'analyse. Qu'elles proviennent d'institutions (CCIJP, caisse de retraite Audiens, INSEE) ou soient \u00e9labor\u00e9es par les chercheurs eux-m\u00eames \u00e0 partir de diff\u00e9rents corpus (sondages, enqu\u00eates par questionnaires, r\u00e9seau social professionnel en ligne), ces donn\u00e9es doivent \u00eatre interrog\u00e9es du point de vue de leurs conditions de production puisque celles-ci influent sur les types de recherches permises et sur les r\u00e9sultats produits.\r\n\r\nPour croiser ces diff\u00e9rents regards de chercheurs, l'ouvrage s'organise selon trois niveaux d'analyse du champ journalistique. Le premier prend en compte l'espace du groupe professionnel dans son ensemble (France et Belgique). Le second interroge l'espace plus restreint mais plus \u00e9clat\u00e9 des entreprises m\u00e9diatiques et des r\u00e9dactions. Enfin, le troisi\u00e8me s'int\u00e9resse directement aux acteurs \u00e0 travers les carri\u00e8res des journalistes. Ce recueil fait suite \u00e0 deux journ\u00e9es d'\u00e9tudes organis\u00e9es les 15 janvier et 13 d\u00e9cembre 2013 par le CARISM-ANR\/AMMEJ et le CRAPE.\r\n\r\nC\u00e9gol\u00e8ne Frisque est ma\u00eetre de conf\u00e9rences en sociologie \u00e0 l'Universit\u00e9 de Nantes-IUT de La Roche-sur-Yon et chercheure au CRAPE-Universit\u00e9 Rennes 1.\r\n\r\nChristine Leteinturier est ma\u00eetre de conf\u00e9rences honoraire en SIC \u00e0 l'Institut fran\u00e7ais de presse-Universit\u00e9 Panth\u00e9on-Assas, responsable du programme ANR-AMMEJ (2008-2012) et chercheure au Laboratoire CARISM.\r\n\r\nAvec les contributions de Gilles Bastin, C\u00e9gol\u00e8ne Frisque, R\u00e9my Le Champion, Christine Leteinturier, Manon Libert, Olivier Pilmis et Jean-Louis Renoux.","authors":["C\u00e9gol\u00e8ne Frisque","Christine Leteinturier"],"category_codes":["6000000","6070000","6070300"],"visuals":{"large":"https:\/\/images.epagine.fr\/550\/9791090429550_1_75.jpg","medium":"https:\/\/images.epagine.fr\/550\/9791090429550_1_m.jpg","thumbnail":"https:\/\/images.epagine.fr\/550\/9791090429550_1_v.jpg"},"orderable":true,"show_badge":true,"formatted_price":"27,00&nbsp;\u20ac","formatted_published_date":"20 mai 2015","publisher_availability_label":"Sur commande","short_details":"C\u00e9gol\u00e8ne Frisque, Christine Leteinturier \u2014 Pantheon-Assas","translator":null,"weight":376,"page_count":228,"readership":null,"editor":"Pantheon-Assas","price":2700,"published_date":"2015-05-19T22:00:00.000000Z","support":"Grand format","publisher_availability":1,"stock":0,"editions":[],"url":"https:\/\/quaidesbrumes.com\/ouvrage\/9791090429550\/les-espaces-professionnels-des-journalistes-des-corpus-quantitatifs-aux-analyses-qualitatives"},{"id":"9781649801814","title":"Hunt","description":"It took 5,200 hours of filming, 2,500 participating actors and 500 costumes to produce the 125 minutes of HUNT. Directed by Squid Game's Lee Jung-jae, the movie was presented at the 2022 Cannes Film Festival at a sold-out screening before receiving a remarkable seven-minute standing ovation.\r\n\r\nSet in South Korea in the 1980s during the Cold War, HUNT depicts the pursuit of a spy who has infiltrated the KCIA (Korean Central Intelligence Agency). Rather than provide a cathartic ending to impress the audience, it presents a conflict of beliefs between protagonists Park Pyong-ho and Kim Jung-do, proposing a reflection on whether what we perceive is really the truth.\r\n\r\nTaking readers through a story of beliefs and promises, this book presents exclusive imagery, from behind-the-scenes shots and movie stills to photographs taken on set at an array of different locations around the world. It is accompanied by words from Nam Jeong-ho, who narrates the making of HUNT and shares some of the movie's key scenes alongside compelling anecdotes and unexpected moments.","authors":["Nam Jeong-Hon","Lee Jung-Jae"],"category_codes":["6000000","6070000","6070300"],"visuals":{"large":"https:\/\/images.epagine.fr\/814\/9781649801814_1_75.jpg","medium":"https:\/\/images.epagine.fr\/814\/9781649801814_1_m.jpg","thumbnail":"https:\/\/images.epagine.fr\/814\/9781649801814_1_v.jpg"},"orderable":true,"show_badge":true,"formatted_price":"120,00&nbsp;\u20ac","formatted_published_date":"2 d\u00e9cembre 2023","publisher_availability_label":"Sur commande","short_details":"Nam Jeong-Hon, Lee Jung-Jae \u2014 Assouline","translator":null,"weight":2100,"page_count":208,"readership":null,"editor":"Assouline","price":12000,"published_date":"2023-12-01T23:00:00.000000Z","support":"Beaux-livres","publisher_availability":1,"stock":0,"editions":[],"url":"https:\/\/quaidesbrumes.com\/ouvrage\/9781649801814\/hunt"},{"id":"9781649802750","title":"The portraits of Rebel Moon","description":"Rebel Moon, a visionary space epic conceived by filmmaker Zack Snyder, follows a distant galactic colony facing the threat of a tyrannical regent's armies. To survive, they dispatch a young woman on a mission to seek allies. The film boasts an impressive cast including Sofia Boutella, Charlie Hunnam, Djimon Hounsou, and others. Snyder, along with Deborah Snyder and others, directs and produces, with a script co-written by Kurt Johnstad and Shay Hatten. Accompanying the film is The Portraits of Rebel Moon, featuring black-and-white photographs by Snyder, capturing the essence of the characters and inviting readers into the universe of Rebel Moon.","authors":["Zack Snyder"],"category_codes":["6000000","6070000","6070300","6070305"],"visuals":{"large":"https:\/\/images.epagine.fr\/750\/9781649802750_1_75.jpg","medium":"https:\/\/images.epagine.fr\/750\/9781649802750_1_m.jpg","thumbnail":"https:\/\/images.epagine.fr\/750\/9781649802750_1_v.jpg"},"orderable":true,"show_badge":true,"formatted_price":"150,00&nbsp;\u20ac","formatted_published_date":"11 avril 2024","publisher_availability_label":"Sur commande","short_details":"Zack Snyder \u2014 Assouline","translator":null,"weight":2500,"page_count":260,"readership":null,"editor":"Assouline","price":15000,"published_date":"2024-04-10T22:00:00.000000Z","support":"Beaux-livres","publisher_availability":1,"stock":0,"editions":[],"url":"https:\/\/quaidesbrumes.com\/ouvrage\/9781649802750\/the-portraits-of-rebel-moon"},{"id":"9782814300446","title":"QUESTIONS DE COMMUNICATION : usages et enjeux des dispositifs de m\u00e9diation","description":"Les contributions de cet ouvrage prolongent la r\u00e9flexion engag\u00e9e lors du colloque sur les dispositifs de m\u00e9diation, organis\u00e9 par l'Association des jeunes chercheurs du Centre de recherche sur les m\u00e9diations (AJC CREM).\r\nL'objectif est de discuter et d'interroger les th\u00e9ories, les m\u00e9thodes et les sp\u00e9cificit\u00e9s de cette notion. Dans le cadre d'\u00e9changes pluridisciplinaires, plusieurs caract\u00e9ristiques des dispositifs de m\u00e9diation, qui permettent de pr\u00e9ciser les fonctions et le sens de ceux-ci, ont \u00e9t\u00e9 relev\u00e9es. Les contributions des trois parties de l'ouvrage - \" Images et \u00e9v\u00e9nements \", \" Technologies de l'information et de la communication \" et \" Organisations et institutions \" - d\u00e9finissent et questionnent les diff\u00e9rents usages et enjeux des dispositifs de m\u00e9diation.\r\nFinalement, dans des dispositifs culturels, technologiques et\/ou institutionnels, la m\u00e9diation att\u00e9nue le cadrage formel et initial des dispositifs et vient se heurter \u00e0 ses logiques de fonctionnement.","authors":["Mona Aghababaie"],"category_codes":["6000000","6070000","6070300"],"visuals":{"large":"https:\/\/images.epagine.fr\/446\/9782814300446_1_75.jpg","medium":"https:\/\/images.epagine.fr\/446\/9782814300446_1_m.jpg","thumbnail":"https:\/\/images.epagine.fr\/446\/9782814300446_1_v.jpg"},"orderable":true,"show_badge":true,"formatted_price":"20,00&nbsp;\u20ac","formatted_published_date":"17 janvier 2011","publisher_availability_label":"Sur commande","short_details":"Mona Aghababaie \u2014 Pu De Nancy","translator":null,"weight":236,"page_count":150,"readership":null,"editor":"Pu De Nancy","price":2000,"published_date":"2011-01-16T23:00:00.000000Z","support":"Grand format","publisher_availability":1,"stock":0,"editions":[],"url":"https:\/\/quaidesbrumes.com\/ouvrage\/9782814300446\/questions-de-communication-usages-et-enjeux-des-dispositifs-de-mediation"},{"id":"9782226240279","title":"Un si beau monstre","description":"Il a tout eu. Vraiment tout : les femmes, l'argent, la gloire, la beaut\u00e9 - une beaut\u00e9 incroyable, divine, irr\u00e9elle. Il a couch\u00e9 avec les plus belles filles, a \u00e9t\u00e9 d\u00e9sir\u00e9 par les hommes les plus c\u00e9l\u00e8bres. Il a \u00e9t\u00e9 la star des stars, le plus grand acteur du monde, s'est achet\u00e9 un Paradis en plein oc\u00e9an. Il aurait pu \u00eatre heureux. \r\nSa vie a pourtant \u00e9t\u00e9 une longue recherche du malheur. Il a provoqu\u00e9 des suicides, fait r\u00e9gner un climat de peur, crach\u00e9 sur son m\u00e9tier, tourn\u00e9 des films \u00e9pouvantables, et, finalement, g\u00e2ch\u00e9 son talent. Il est devenu ob\u00e8se, secret, reclus - et a termin\u00e9 sa vie avec sa femme de m\u00e9nage. \r\nSon fils a \u00e9t\u00e9 un assassin, sa fille s'est pendue avec une laisse \u00e0 chien. \r\nDans la vie de Marlon Brando, il n'y a que du noir. \r\nCe livre n'est pas une biographie, surtout pas. \r\nC'est le r\u00e9cit de la fabrication d'un monstre. \r\nMais un si beau monstre...","authors":["Fran\u00e7ois Forestier"],"category_codes":["6000000","6070000","6070200"],"visuals":{"large":"https:\/\/images.epagine.fr\/279\/9782226240279_1_75.jpg","medium":"https:\/\/images.epagine.fr\/279\/9782226240279_1_m.jpg","thumbnail":"https:\/\/images.epagine.fr\/279\/9782226240279_1_v.jpg"},"orderable":true,"show_badge":true,"formatted_price":"19,50&nbsp;\u20ac","formatted_published_date":"30 mai 2012","publisher_availability_label":"Sur commande","short_details":"Fran\u00e7ois Forestier \u2014 Albin Michel","translator":null,"weight":388,"page_count":382,"readership":null,"editor":"Albin Michel","price":1950,"published_date":"2012-05-29T22:00:00.000000Z","support":"Grand format","publisher_availability":1,"stock":0,"editions":[],"url":"https:\/\/quaidesbrumes.com\/ouvrage\/9782226240279\/un-si-beau-monstre"},{"id":"9781649801876","title":"Bardo : false chronicles of a handful of truths","description":"Five-time Academy Award\u00ae winner Alejandro G. Inarritu brings us Bardo, False Chronicle of a Handful of Truths, an epic, visually stunning and immersive experience set against the intimate and moving journey of a renowned Mexican journalist and documentary filmmaker, Silverio Gama, played by Daniel Gim\u00e9nez Cacho. With both emotion and abundant laughter, Silverio grapples with universal yet intimate questions about identity, success, mortality, the history of Mexico and the deeply emotional familial bonds he shares with his wife and children-indeed, what it means to be human in these very peculiar times.\r\n\r\nShot on resplendent 65mm by Academy Award\u00ae nominee Darius Khondji (Amour, Se7en) and written by Inarritu and Nicolas Giacobone (Biutiful and the Oscar\u00ae-winning Birdman: or (The Unexpected Virtue of Ignorance)), Bardo, False Chronicle of a Handful of Truths features production design by the Oscar\u00ae-winning Mexican designer Eugenio Caballero (Roma, Pan's Labyrinth) and costume design by Anna Terrazas (The Deuce, Roma).\r\n\r\nThis book is a spiritual journey, just like the film, evoking bewilderment and wonder. Formed by emotion, instinct and passion, the layout features striking unit photography, exclusive behind-the-scenes visuals of the cast and crew, and film stills that transport readers into the world of the film. Pages from both Alejandro G. Inarritu's own script notebook and the prop notebook used by the main character, Silverio Gama, are presented throughout the book, allowing for an intimate, one-of-a-kind experience. To further explore the complexities, universalities and impact of the film, original texts, in both English and Spanish, by writer Benjamin Labatut, journalist Juan Villoro and Inarritu himself provide personal insights on the power of Bardo, False Chronicle of a Handful of Truths.","authors":["Alejandro Gonz\u00e1lez I\u00f1\u00e1rritu"],"category_codes":["6000000","6070000","6070300"],"visuals":{"large":"https:\/\/images.epagine.fr\/876\/9781649801876_1_75.jpg","medium":"https:\/\/images.epagine.fr\/876\/9781649801876_1_m.jpg","thumbnail":"https:\/\/images.epagine.fr\/876\/9781649801876_1_v.jpg"},"orderable":true,"show_badge":true,"formatted_price":"195,00&nbsp;\u20ac","formatted_published_date":"3 janvier 2023","publisher_availability_label":"Sur commande","short_details":"Alejandro Gonz\u00e1lez I\u00f1\u00e1rritu \u2014 Assouline","translator":null,"weight":3800,"page_count":272,"readership":null,"editor":"Assouline","price":19500,"published_date":"2023-01-02T23:00:00.000000Z","support":"Grand format","publisher_availability":1,"stock":0,"editions":[],"url":"https:\/\/quaidesbrumes.com\/ouvrage\/9781649801876\/bardo-false-chronicles-of-a-handful-of-truths"},{"id":"9781910164747","title":"Corbeau (english edition)","description":null,"authors":["Golaz Anne"],"category_codes":["6000000","6070000","6070200","6070205"],"visuals":{"large":"https:\/\/images.epagine.fr\/747\/9781910164747_1_75.jpg","medium":"https:\/\/images.epagine.fr\/747\/9781910164747_1_m.jpg","thumbnail":"https:\/\/images.epagine.fr\/747\/9781910164747_1_v.jpg"},"orderable":true,"show_badge":true,"formatted_price":"40,00&nbsp;\u20ac","formatted_published_date":"1er septembre 2017","publisher_availability_label":"Sur commande","short_details":"Golaz Anne \u2014 Mack Books","translator":null,"weight":801,"page_count":null,"readership":null,"editor":"Mack Books","price":4000,"published_date":"2017-08-31T22:00:00.000000Z","support":"Grand format","publisher_availability":1,"stock":0,"editions":[],"url":"https:\/\/quaidesbrumes.com\/ouvrage\/9781910164747\/corbeau-english-edition"},{"id":"9781911306375","title":"Drained","description":null,"authors":["Hart Paul"],"category_codes":["6000000","6070000","6070200"],"visuals":{"large":"https:\/\/images.epagine.fr\/375\/9781911306375_1_75.jpg","medium":"https:\/\/images.epagine.fr\/375\/9781911306375_1_m.jpg","thumbnail":"https:\/\/images.epagine.fr\/375\/9781911306375_1_v.jpg"},"orderable":true,"show_badge":true,"formatted_price":"53,00&nbsp;\u20ac","formatted_published_date":"1er janvier 2019","publisher_availability_label":"Sur commande","short_details":"Hart Paul \u2014 Dewi Lewis","translator":null,"weight":1101,"page_count":null,"readership":null,"editor":"Dewi Lewis","price":5300,"published_date":"2018-12-31T23:00:00.000000Z","support":"Grand format","publisher_availability":1,"stock":0,"editions":[],"url":"https:\/\/quaidesbrumes.com\/ouvrage\/9781911306375\/drained"},{"id":"9781910566428","title":"East london photo stories","description":null,"authors":["Segal Hamilton Rache"],"category_codes":["6000000","6070000","6070200"],"visuals":{"large":"https:\/\/images.epagine.fr\/428\/9781910566428_1_75.jpg","medium":"https:\/\/images.epagine.fr\/428\/9781910566428_1_m.jpg","thumbnail":"https:\/\/images.epagine.fr\/428\/9781910566428_1_v.jpg"},"orderable":true,"show_badge":true,"formatted_price":"32,00&nbsp;\u20ac","formatted_published_date":"1er janvier 2019","publisher_availability_label":"Sur commande","short_details":"Segal Hamilton Rache \u2014 Hoxton Press","translator":null,"weight":701,"page_count":null,"readership":null,"editor":"Hoxton Press","price":3200,"published_date":"2018-12-31T23:00:00.000000Z","support":"Grand format","publisher_availability":1,"stock":0,"editions":[],"url":"https:\/\/quaidesbrumes.com\/ouvrage\/9781910566428\/east-london-photo-stories"},{"id":"9781910566510","title":"Funland","description":null,"authors":["Ball Rob"],"category_codes":["6000000","6070000","6070200"],"visuals":{"large":"https:\/\/images.epagine.fr\/510\/9781910566510_1_75.jpg","medium":"https:\/\/images.epagine.fr\/510\/9781910566510_1_m.jpg","thumbnail":"https:\/\/images.epagine.fr\/510\/9781910566510_1_v.jpg"},"orderable":true,"show_badge":true,"formatted_price":"47,00&nbsp;\u20ac","formatted_published_date":"1er mai 2019","publisher_availability_label":"Sur commande","short_details":"Ball Rob \u2014 Hoxton Press","translator":null,"weight":1001,"page_count":null,"readership":null,"editor":"Hoxton Press","price":4700,"published_date":"2019-04-30T22:00:00.000000Z","support":"Grand format","publisher_availability":1,"stock":0,"editions":[],"url":"https:\/\/quaidesbrumes.com\/ouvrage\/9781910566510\/funland"},{"id":"9781910566527","title":"Portrait of humanity","description":null,"authors":["British Journal Of P"],"category_codes":["6000000","6070000","6070200"],"visuals":{"large":"https:\/\/images.epagine.fr\/527\/9781910566527_1_75.jpg","medium":"https:\/\/images.epagine.fr\/527\/9781910566527_1_m.jpg","thumbnail":"https:\/\/images.epagine.fr\/527\/9781910566527_1_v.jpg"},"orderable":true,"show_badge":true,"formatted_price":"39,00&nbsp;\u20ac","formatted_published_date":"1er mai 2019","publisher_availability_label":"Sur commande","short_details":"British Journal Of P \u2014 Hoxton Press","translator":null,"weight":801,"page_count":null,"readership":null,"editor":"Hoxton Press","price":3900,"published_date":"2019-04-30T22:00:00.000000Z","support":"Grand format","publisher_availability":1,"stock":0,"editions":[],"url":"https:\/\/quaidesbrumes.com\/ouvrage\/9781910566527\/portrait-of-humanity"},{"id":"9781911306467","title":"Let us not fall asleep while walking","description":null,"authors":["David Denil"],"category_codes":["6000000","6070000","6070200"],"visuals":{"large":"https:\/\/images.epagine.fr\/467\/9781911306467_1_75.jpg","medium":"https:\/\/images.epagine.fr\/467\/9781911306467_1_m.jpg","thumbnail":"https:\/\/images.epagine.fr\/467\/9781911306467_1_v.jpg"},"orderable":true,"show_badge":true,"formatted_price":"48,00&nbsp;\u20ac","formatted_published_date":"6 juin 2019","publisher_availability_label":"Sur commande","short_details":"David Denil \u2014 Dewi Lewis","translator":null,"weight":1001,"page_count":null,"readership":null,"editor":"Dewi Lewis","price":4800,"published_date":"2019-06-05T22:00:00.000000Z","support":"Grand format","publisher_availability":1,"stock":0,"editions":[],"url":"https:\/\/quaidesbrumes.com\/ouvrage\/9781911306467\/let-us-not-fall-asleep-while-walking"},{"id":"9781910566619","title":"London underground 1970-1980","description":null,"authors":["Mike Goldwater"],"category_codes":["6000000","6070000","6070200"],"visuals":{"large":"https:\/\/images.epagine.fr\/619\/9781910566619_1_75.jpg","medium":"https:\/\/images.epagine.fr\/619\/9781910566619_1_m.jpg","thumbnail":"https:\/\/images.epagine.fr\/619\/9781910566619_1_v.jpg"},"orderable":true,"show_badge":true,"formatted_price":"29,00&nbsp;\u20ac","formatted_published_date":"4 septembre 2019","publisher_availability_label":"Sur commande","short_details":"Mike Goldwater \u2014 Hoxton Press","translator":null,"weight":601,"page_count":null,"readership":null,"editor":"Hoxton Press","price":2900,"published_date":"2019-09-03T22:00:00.000000Z","support":"Grand format","publisher_availability":1,"stock":0,"editions":[],"url":"https:\/\/quaidesbrumes.com\/ouvrage\/9781910566619\/london-underground-1970-1980"},{"id":"9781911306481","title":"The holiday pictures","description":null,"authors":["Paddy Summerfield"],"category_codes":["6000000","6070000","6070200"],"visuals":{"large":"https:\/\/images.epagine.fr\/481\/9781911306481_1_75.jpg","medium":"https:\/\/images.epagine.fr\/481\/9781911306481_1_m.jpg","thumbnail":"https:\/\/images.epagine.fr\/481\/9781911306481_1_v.jpg"},"orderable":true,"show_badge":true,"formatted_price":"45,00&nbsp;\u20ac","formatted_published_date":"5 juin 2019","publisher_availability_label":"Sur commande","short_details":"Paddy Summerfield \u2014 Dewi Lewis","translator":null,"weight":901,"page_count":null,"readership":null,"editor":"Dewi Lewis","price":4500,"published_date":"2019-06-04T22:00:00.000000Z","support":"Grand format","publisher_availability":1,"stock":0,"editions":[],"url":"https:\/\/quaidesbrumes.com\/ouvrage\/9781911306481\/the-holiday-pictures"}]}