{"data":[{"id":"9798985733044","title":"Ah ah : Conscience letters and photographs from the Haleakala & Hawai i volcanoes national parks","description":"The sequel to Bad Luck, Hot Rocks includes more rueful letters from repentant tourists, this time on stealing lava rocks from Hawai'i\r\n\r\nFollowing a trail of regret from the Petrified Forest (the subject of his classic Bad Luck, Hot Rocks) to the islands of Maui and Hawai'i, artist and educator Ryan Thompson considers the implications of another trove of handwritten apologies, this time from the archives of the Haleakala and Hawai'i Volcanoes National Parks. Written to accompany chunks of volcanic rock and other objects that tourists have pilfered from the Islands and subsequently returned (because of bad luck or bad conscience), the notes and letters express not only a need for forgiveness but also an awareness of the writers' relationship to the Hawaiian landscape, and perhaps also to earth itself--a taking-and-returning phenomenon that (as noted in his earlier book) is its own form of absolution and self-help. Ah Ah weaves together Thompson's own black-and-white travelog with vibrantly colored \"portraits\" of the returned specimens and facsimiles of selected letters into an endearing reflection on humanity's troubling (but hopeful) entanglement with geology, colonialism and tourism in the Anthropocene.","authors":["Ryan Thompson"],"category_codes":["6000000","6070000","6070200","6070204"],"visuals":{"large":"https:\/\/images.epagine.fr\/044\/9798985733044_1_75.jpg","medium":"https:\/\/images.epagine.fr\/044\/9798985733044_1_m.jpg","thumbnail":"https:\/\/images.epagine.fr\/044\/9798985733044_1_v.jpg"},"orderable":true,"show_badge":true,"formatted_price":"29,95&nbsp;\u20ac","formatted_published_date":"12 juin 2024","publisher_availability_label":"Sur commande","short_details":"Ryan Thompson \u2014 The Ice Plant","translator":null,"weight":408,"page_count":128,"readership":null,"editor":"The Ice Plant","price":2995,"published_date":"2024-06-11T22:00:00.000000Z","support":"Grand format","publisher_availability":1,"stock":0,"editions":[],"url":"https:\/\/quaidesbrumes.com\/ouvrage\/9798985733044\/ah-ah-conscience-letters-and-photographs-from-the-haleakala-hawai-i-volcanoes-national-parks"},{"id":"9798985761375","title":"Mcarthur binion and jules allen: me and you \/anglais","description":null,"authors":["Binion Mcarthur"],"category_codes":["6000000","6070000","6070200"],"visuals":{"large":"https:\/\/images.epagine.fr\/375\/9798985761375_1_75.jpg","medium":"https:\/\/images.epagine.fr\/375\/9798985761375_1_m.jpg","thumbnail":"https:\/\/images.epagine.fr\/375\/9798985761375_1_v.jpg"},"orderable":true,"show_badge":true,"formatted_price":"50,00&nbsp;\u20ac","formatted_published_date":"14 ao\u00fbt 2024","publisher_availability_label":"Sur commande","short_details":"Binion Mcarthur \u2014 Distributed Art Publishers","translator":null,"weight":1001,"page_count":null,"readership":null,"editor":"Distributed Art Publishers","price":5000,"published_date":"2024-08-13T22:00:00.000000Z","support":"Grand format","publisher_availability":1,"stock":0,"editions":[],"url":"https:\/\/quaidesbrumes.com\/ouvrage\/9798985761375\/mcarthur-binion-and-jules-allen-me-and-you-anglais"},{"id":"9782111620599","title":"Images du Cambodge : 1900-1993","description":"A travers 130 images in\u00e9dites issues des archives de l'ECPAD, cet ouvrage permet de retracer la pr\u00e9sence militaire fran\u00e7aise au Cambodge au cours du XXe si\u00e8cle.\r\n\r\nDepuis la fin des ann\u00e9es 1930 jusqu'aux ann\u00e9es 1990, de la guerre d'Indochine \u00e0 l'Autorit\u00e9 provisoire des Nations Unies au Cambodge (APRONUC), charg\u00e9e du maintien de la paix, les fonds d'archives d\u00e9voilent les missions op\u00e9rationnelles de s\u00e9curisation du territoire, mais aussi d'aide humanitaire et la diplomatie en action sans jamais oublier de t\u00e9moigner de la vie quotidienne des populations et du patrimoine arch\u00e9ologique du pays.","authors":["Eric Bourdonneau"],"category_codes":["6000000","6070000","6070200"],"visuals":{"large":"https:\/\/images.epagine.fr\/599\/9782111620599_1_75.jpg","medium":"https:\/\/images.epagine.fr\/599\/9782111620599_1_m.jpg","thumbnail":"https:\/\/images.epagine.fr\/599\/9782111620599_1_v.jpg"},"orderable":true,"show_badge":true,"formatted_price":"15,00&nbsp;\u20ac","formatted_published_date":"27 octobre 2022","publisher_availability_label":"Sur commande","short_details":"Eric Bourdonneau \u2014 Ecpad","translator":null,"weight":436,"page_count":160,"readership":null,"editor":"Ecpad","price":1500,"published_date":"2022-10-26T22:00:00.000000Z","support":"Grand format","publisher_availability":1,"stock":0,"editions":[],"url":"https:\/\/quaidesbrumes.com\/ouvrage\/9782111620599\/images-du-cambodge-1900-1993"},{"id":"9782357911642","title":"Padre et Soldat : Une plong\u00e9e dans la Foi","description":"Un Padre et un Soldat se parlent. Plong\u00e9s dans la Foi, mais solidement enracin\u00e9s dans la vie, ils r\u00e9fl\u00e9chissent ensemble sur une abondante et pr\u00e9occupante actualit\u00e9. Riches de leur exp\u00e9rience militaire et humaine ainsi que de leur vieille amiti\u00e9 tiss\u00e9e dans le cadre de leur fraternit\u00e9 d'arme de soldats, ils gardent au fond de leur \u00e2me et de leur t\u00eate ce pr\u00e9cieux tr\u00e9sor qu'est le sens du r\u00e9el et le discernement. Ceux-ci leur permettent des \u00e9changes critiques mais lucides, bienveillants mais perspicaces, le tout support\u00e9 par leur Foi, simple et profonde, qui leur sert de guide commun et de fil conducteur. Le recueil de leurs \u00e9changes \u00e9pistolaires est accessible et ais\u00e9 \u00e0 lire. Il invite le lecteur \u00e0 cheminer avec eux, \u00e0 se poser des questions qui peuvent susciter une r\u00e9elle m\u00e9ditation sur les fondamentaux de la vie.\r\nSur beaucoup de sujets terriblement actuels, le Padre et le Soldat s'expriment avec la force de leur conviction, de leur Foi, et de leur libert\u00e9 de parole !\r\nQuand un Padre de la trempe de Richard Kalka discute avec un Soldat de la carrure de Fr\u00e9d\u00e9ric Thuet, tout n'est pas tr\u00e8s \u00ab politiquement correct \u00bb, mais la marque de leur d\u00e9bat est celle de la V\u00e9rit\u00e9.\r\nLivre indispensable dans une bonne biblioth\u00e8que.","authors":["Richard Kalka","Fr\u00e9d\u00e9ric Thuet"],"category_codes":["6000000","6070000","6070300","6070304"],"visuals":{"large":"https:\/\/images.epagine.fr\/642\/9782357911642_1_75.jpg","medium":"https:\/\/images.epagine.fr\/642\/9782357911642_1_m.jpg","thumbnail":"https:\/\/images.epagine.fr\/642\/9782357911642_1_v.jpg"},"orderable":true,"show_badge":true,"formatted_price":"31,00&nbsp;\u20ac","formatted_published_date":"10 d\u00e9cembre 2024","publisher_availability_label":"Sur commande","short_details":"Richard Kalka, Fr\u00e9d\u00e9ric Thuet \u2014 ATELIER FOL'FER","translator":null,"weight":340,"page_count":274,"readership":null,"editor":"ATELIER FOL'FER","price":3100,"published_date":"2024-12-09T23:00:00.000000Z","support":"Grand format","publisher_availability":1,"stock":0,"editions":[],"url":"https:\/\/quaidesbrumes.com\/ouvrage\/9782357911642\/padre-et-soldat-une-plongee-dans-la-foi"},{"id":"9780999829844","title":"Stiya","description":null,"authors":["Cole Barash"],"category_codes":["6000000","6070000","6070200"],"visuals":{"large":"https:\/\/images.epagine.fr\/844\/9780999829844_1_75.jpg","medium":"https:\/\/images.epagine.fr\/844\/9780999829844_1_m.jpg","thumbnail":"https:\/\/images.epagine.fr\/844\/9780999829844_1_v.jpg"},"orderable":true,"show_badge":true,"formatted_price":"55,00&nbsp;\u20ac","formatted_published_date":"2 avril 2019","publisher_availability_label":"Sur commande","short_details":"Cole Barash \u2014 Deadbeat Club","translator":null,"weight":1101,"page_count":null,"readership":null,"editor":"Deadbeat Club","price":5500,"published_date":"2019-04-01T22:00:00.000000Z","support":"Grand format","publisher_availability":1,"stock":0,"editions":[],"url":"https:\/\/quaidesbrumes.com\/ouvrage\/9780999829844\/stiya"},{"id":"9782909285146","title":"Conception des nouveaux syst\u00e8mes d'information ; new information system design","description":"Cet ouvrage est compos\u00e9 des contributions pr\u00e9sent\u00e9es \u00e0 l'occasion de la sixi\u00e8me table ronde sur les sciences et techniques de la conception : 01Design'99 qui s'est tenue \u00e0 Saint-Ferr\u00e9ol les 14 et 15 d\u00e9cembre 1999. L'objectif de cet \u00e9dition est de confronter les diff\u00e9rents mondes du design. Il s'agit d'abolir la fronti\u00e8re s\u00e9parant les deux faces contemporaines de l'univers de la conception que sont l'univers de la conception d'objets physiques (architecture, a\u00e9ronautique, automobile, design industriel, etc.) et celui, beaucoup plus r\u00e9cent, de la conception d'objets num\u00e9riques ou informationnels.\r\nLes pr\u00e9c\u00e9dentes rencontres de 01Design (en 90, 92, 93, 95, 97) ont permis, entre autres, de faire les constats suivants :\r\n- les diff\u00e9rentes d\u00e9marches de conception poss\u00e8dent, quel que soit le domaine concern\u00e9 et les m\u00e9thodes physiques ou num\u00e9riques mises en jeu, leur lot commun de difficult\u00e9s, de limites dans les diff\u00e9rentes techniques, ainsi que des probl\u00e8mes de responsabilit\u00e9 des t\u00e2ches, de communication entre niveaux, de concertation et de planification entre les diverses parties prenantes ;\r\n- les \u00e9volutions des syst\u00e8mes d'information et des syst\u00e8mes de conception-production-distribution, dans le contexte de l'entreprise, sont de plus en plus interd\u00e9pendantes, en particulier dans une d\u00e9marche qualit\u00e9 et d'optimisation des co\u00fbts ; en fait, elles sont ins\u00e9parables.\r\n\u00c0 l'heure actuelle, le rapprochement entre les deux univers de la conception d'objets physiques et d'objets num\u00e9riques semble plus que jamais souhaitable, en r\u00e9alit\u00e9 in\u00e9vitable, et ceci pour deux raisons. La premi\u00e8re r\u00e9side dans le fait que tout nouveau produit (physique) se doit, peu ou prou, d'\u00eatre \" intelligent \" (r\u00e9actif, adaptatif, ...), et donc d'int\u00e9grer des composants issus des Nouvelles Techniques de l'Information et de la Communication. La seconde raison est \u00e9loquemment illustr\u00e9e par les r\u00e9alisations (num\u00e9riques) des diff\u00e9rents travaux portant sur la repr\u00e9sentation tridimensionnelle d'informations (en particulier le projet VRML pour le web) : il s'agit l\u00e0 de concevoir (\u00e0 l'instar des conceptions d'objets physiques) des am\u00e9nagements tridimensionnels d'informations dans un espace num\u00e9rique virtuel (un cyberespace).\r\nDans ce n\u00e9cessaire rapprochement entre les deux univers et les deux traditions de la conception, la notion de syst\u00e8me d'information vient alors occuper une place privil\u00e9gi\u00e9e, une place de charni\u00e8re o\u00f9 les deux univers fusionnent. Un syst\u00e8me d'information est un objet num\u00e9rique dont la conception s'inspire de celle des objets physiques ; l'objet num\u00e9rique peut \u00eatre vu comme une architecture partiellement mat\u00e9rielle des flux informationnels. \u00c0 cet \u00e9gard, le syst\u00e8me d'information est une sorte de Janus qui participe doublement des deux univers de conception, en tant qu'objet de conception et en tant qu'outil de conception.Dans cet ouvrage, des chercheurs et des praticiens pr\u00e9sentent et d\u00e9battent des approches nouvelles et traditionnelles d'usage et d'int\u00e9gration de savoir, des outils et des m\u00e9thodes relatifs \u00e0 la conception des nouveaux syst\u00e8mes d'information.","authors":["Jean-pierre Goulette"],"category_codes":["6000000","6070000","6070300"],"visuals":{"large":"https:\/\/quaidesbrumes.com\/img\/book-placeholder.png","medium":"https:\/\/quaidesbrumes.com\/img\/book-placeholder.png","thumbnail":"https:\/\/quaidesbrumes.com\/img\/book-placeholder.png"},"orderable":true,"show_badge":true,"formatted_price":"46,00&nbsp;\u20ac","formatted_published_date":"1er d\u00e9cembre 1999","publisher_availability_label":"Sur commande","short_details":"Jean-pierre Goulette \u2014 Europia","translator":null,"weight":334,"page_count":196,"readership":null,"editor":"Europia","price":4600,"published_date":"1999-11-30T23:00:00.000000Z","support":"Grand format","publisher_availability":1,"stock":0,"editions":[],"url":"https:\/\/quaidesbrumes.com\/ouvrage\/9782909285146\/conception-des-nouveaux-systemes-dinformation-new-information-system-design"},{"id":"9782487841000","title":"De Jaren : les ann\u00e9es 2019 2023","description":"Voyages, de Pikine \u00e0 New York en passant par mon confinement.\r\nCorps, de danseurs d'un Ballroom \u00e0 Pantin et de p\u00e8lerins lors des JMJ \u00e0 Lisbonne. \r\nPortraits, de proches et d'inconnus. De jaren est mon journal photographique des ann\u00e9es 2019 \u00e0 2023.","authors":["Mamadou Mahmoud N'Dongo"],"category_codes":["6000000","6070000","6070200"],"visuals":{"large":"https:\/\/images.epagine.fr\/000\/9782487841000_1_75.jpg","medium":"https:\/\/images.epagine.fr\/000\/9782487841000_1_m.jpg","thumbnail":"https:\/\/images.epagine.fr\/000\/9782487841000_1_v.jpg"},"orderable":true,"show_badge":true,"formatted_price":"39,99&nbsp;\u20ac","formatted_published_date":"19 d\u00e9cembre 2024","publisher_availability_label":"Sur commande","short_details":"Mamadou Mahmoud N'Dongo \u2014 Books on Demand","translator":null,"weight":1031,"page_count":228,"readership":null,"editor":"Books on Demand","price":3999,"published_date":"2024-12-18T23:00:00.000000Z","support":"Grand format","publisher_availability":1,"stock":0,"editions":[],"url":"https:\/\/quaidesbrumes.com\/ouvrage\/9782487841000\/de-jaren-les-annees-2019-2023"},{"id":"9782351460603","title":"Woody Allen et Paris","description":"Woody Allen filme New York, Londres... mais aussi Paris.\r\nDe \u00ab Tout le monde dit Ilove you \u00bb \u00e0 \u00ab Midnight in Paris.\r\nMais quelle Paris est mise en image ?\r\nQuels quartiers ? quelles rues ?\r\nQuelles boutiques et quels mus\u00e9es ?\r\nUne \u00e9vocation r\u00e9aliste ? id\u00e9ale ?\r\nAllenienne...","authors":["Francine Girond"],"category_codes":["6000000","6070000","6070300"],"visuals":{"large":"https:\/\/quaidesbrumes.com\/img\/book-placeholder.png","medium":"https:\/\/quaidesbrumes.com\/img\/book-placeholder.png","thumbnail":"https:\/\/quaidesbrumes.com\/img\/book-placeholder.png"},"orderable":true,"show_badge":true,"formatted_price":"10,00&nbsp;\u20ac","formatted_published_date":"31 d\u00e9cembre 2024","publisher_availability_label":"Sur commande","short_details":"Francine Girond \u2014 De Passy","translator":null,"weight":0,"page_count":80,"readership":null,"editor":"De Passy","price":1000,"published_date":"2024-12-30T23:00:00.000000Z","support":"Grand format","publisher_availability":1,"stock":0,"editions":[],"url":"https:\/\/quaidesbrumes.com\/ouvrage\/9782351460603\/woody-allen-et-paris"},{"id":"9782814302099","title":"QUESTIONS DE COMMUNICATION Tome 25 : 2014 ; la ville, une oeuvre ouverte ?","description":"La communication embrasse la vie quotidienne de milliards d'individus urbanis\u00e9s. Elle est aussi un support de d\u00e9veloppement et de promotion des grandes villes engag\u00e9es dans une concurrence internationale et un outil de gouvernance urbaine tant sur le plan de la participation citoyenne que sur celui de la gestion d'ensembles urbains complexes. Enfin, la communication est partie prenante des enjeux \u00e9conomiques et culturels inh\u00e9rents au monde urbain g\u00e9n\u00e9ralis\u00e9 et \u00e0 son mouvement. Ce Dossier permet de saisir combien la communication se d\u00e9cline dans, entre et contre les villes et combien la ville est, d'un point de vue communicationnel, une oeuvre inachev\u00e9e.\r\nDans la rubrique \u00c9changes, B\u00e9atrice Fleury et Jacques Walter introduisent les contributions de six chercheurs discutant la position d\u00e9fendue par \u00c9ric Maigret dans la livraison pr\u00e9c\u00e9dente de Questions de communication (\u00ab Ce que les cultural studies font aux savoirs disciplinaires. Paradigmes disciplinaires, savoirs situ\u00e9s et prolif\u00e9ration des studies \u00bb) qui consiste \u00e0 pr\u00e9senter les cultural studies comme un domaine scientifique foisonnant et inventif. Les discutants abordent ce sujet selon des angles divers en lien avec les disciplines - philosophie, sciences de l'information et de la communication, sociologie - et les pr\u00e9cocupations de leurs auteurs, dont le rapport entre cultural studies et interdisciplinarit\u00e9, les enjeux de la critique et les relations au pouvoir, le sensible et l'\u00e9mancipation, les gender studies.\r\nTrois Notes de recherche sont pr\u00e9sent\u00e9es. D'abord, Laurent Di Filippo contextualise les th\u00e9ories du jeu de Johan Huizinga et Roger Caillois et montre qu'elles impliquent une vision du monde qui leur est propre et ne peuvent donc pas \u00eatre reprises sans interroger leurs fondements, leurs implications et leurs enjeux. Ensuite, Jean-Christophe Plantin retrace l'histoire de la reconnaissance de la carte en tant que m\u00e9diation et celle des rencontres entre cartographie et th\u00e9ories de l'information. Enfin, Fatia Terfous d\u00e9construit certaines id\u00e9es re\u00e7ues \u00e0 propos de la surm\u00e9diatisation de la d\u00e9viance dans le football amateur. Elle expose les r\u00e9sultats issus de la confrontation entre actes d\u00e9viants et discours m\u00e9diatiques sur la d\u00e9viance dans le sport et invite \u00e0 penser la construction sociale de la d\u00e9viance dans un r\u00e9seau de relations entre diff\u00e9rents acteurs.\r\nPour finir, comme dans chaque livraison, les Notes de lecture rendent compte de pr\u00e8s de 50 publications r\u00e9centes dans le domaine des sciences de l'information-communication.","authors":["Questions De Communication"],"category_codes":["6000000","6070000","6070300"],"visuals":{"large":"https:\/\/images.epagine.fr\/099\/9782814302099_1_75.jpg","medium":"https:\/\/images.epagine.fr\/099\/9782814302099_1_m.jpg","thumbnail":"https:\/\/images.epagine.fr\/099\/9782814302099_1_v.jpg"},"orderable":true,"show_badge":true,"formatted_price":"20,00&nbsp;\u20ac","formatted_published_date":"16 septembre 2014","publisher_availability_label":"Sur commande","short_details":"Questions De Communication \u2014 Pu De Nancy","translator":null,"weight":763,"page_count":470,"readership":null,"editor":"Pu De Nancy","price":2000,"published_date":"2014-09-15T22:00:00.000000Z","support":"Grand format","publisher_availability":1,"stock":0,"editions":[],"url":"https:\/\/quaidesbrumes.com\/ouvrage\/9782814302099\/questions-de-communication-tome-25-2014-la-ville-une-oeuvre-ouverte"},{"id":"9782754740920","title":"Magic System  -  Le myst\u00e8re 1er Gaou","description":"Magic System, ce groupe de quatre Ivoiriens issus pourtant de quartiers d\u00e9favoris\u00e9s, a su tout au long de son incroyable carri\u00e8re internationale faire d\u00e9couvrir le zouglou et donner un sens \u00e0 sa musique.\r\n\u00c0 travers cette biographie, la premi\u00e8re qui leur est consacr\u00e9e, nous d\u00e9couvrons que Magic System, ce n'est pas que cela.\r\nLe ph\u00e9nom\u00e8ne est bien plus vaste et, au-del\u00e0 de leur succ\u00e8s, ce sont les actions entreprises par les gaous magiciens qui vont montrer \u00e0 la jeunesse africaine et europ\u00e9enne qu'une autre voie est possible, quelles que soient les difficult\u00e9s rencontr\u00e9es au d\u00e9part.\r\nLa mis\u00e8re et les conditions de vie pr\u00e9caires ne sont pas une fatalit\u00e9, preuve en est magistralement donn\u00e9e ici par ce groupe dont l'auteur se fait \u00e9l\u00e9gamment le porte-parole, le temps de transmettre un v\u00e9ritable message d'espoir.\r\nPassionn\u00e9 d'\u00e9criture, Guillaume Verg\u00e8s est un journaliste people ivoirien. Il est durant sept ans r\u00e9dacteur en chef de Prestige Magazine, avant de devenir directeur de la publication de Select Magazine, qu'il a cr\u00e9\u00e9 en ao\u00fbt 2013. Il a \u00e9galement \u00e9t\u00e9 le conseiller en communication d'Alpha Blondy.","authors":["Guillaume Verg\u00e8s"],"category_codes":["6000000","6070000","6070200","6070205"],"visuals":{"large":"https:\/\/images.epagine.fr\/920\/9782754740920_1_75.jpg","medium":"https:\/\/images.epagine.fr\/920\/9782754740920_1_m.jpg","thumbnail":"https:\/\/images.epagine.fr\/920\/9782754740920_1_v.jpg"},"orderable":true,"show_badge":true,"formatted_price":"15,90&nbsp;\u20ac","formatted_published_date":"12 avril 2018","publisher_availability_label":"Sur commande","short_details":"Guillaume Verg\u00e8s \u2014 Editions du Panth\u00e9on","translator":null,"weight":199,"page_count":184,"readership":null,"editor":"Editions du Panth\u00e9on","price":1590,"published_date":"2018-04-11T22:00:00.000000Z","support":"Grand format","publisher_availability":1,"stock":0,"editions":[],"url":"https:\/\/quaidesbrumes.com\/ouvrage\/9782754740920\/magic-system-le-mystere-1er-gaou"},{"id":"9782351460535","title":"Woody Allen et l'antiquit\u00e9","description":"Woody Allen filme New York, Paris, Londres... et Rome.\r\nLe r\u00e9alisateur le plus populaire de la cit\u00e9 moderne est p\u00e9tri de culture classique :\r\nSi l'on sait bien regarder chaque \u00e9pisode de sa \u00ab com\u00e9die humaine \u00bb, o\u00f9, dans chaque plan, rien n'est laiss\u00e9 au hasard, on d\u00e9couvre nombre de monuments antiques, de grands mythes \u00e9voqu\u00e9s o\u00f9 utilis\u00e9s, de sc\u00e8nes emprunt\u00e9es aux grandes \u00e9pop\u00e9es de l'Antiquit\u00e9... d\u00e9esse Aphrodite, descentes aux enfers, pyramides \u00e9gyptiennes...\r\nIl faut juste ouvrir les yeux.","authors":["Francine Girond"],"category_codes":["6000000","6070000","6070300"],"visuals":{"large":"https:\/\/images.epagine.fr\/535\/9782351460535_1_75.jpg","medium":"https:\/\/images.epagine.fr\/535\/9782351460535_1_m.jpg","thumbnail":"https:\/\/images.epagine.fr\/535\/9782351460535_1_v.jpg"},"orderable":true,"show_badge":true,"formatted_price":"10,00&nbsp;\u20ac","formatted_published_date":"31 d\u00e9cembre 2024","publisher_availability_label":"Sur commande","short_details":"Francine Girond \u2014 De Passy","translator":null,"weight":0,"page_count":80,"readership":null,"editor":"De Passy","price":1000,"published_date":"2024-12-30T23:00:00.000000Z","support":"Grand format","publisher_availability":1,"stock":0,"editions":[],"url":"https:\/\/quaidesbrumes.com\/ouvrage\/9782351460535\/woody-allen-et-lantiquite"},{"id":"9780948797071","title":"Facing new york","description":null,"authors":["Bruce Gilden"],"category_codes":["6000000","6070000","6070200"],"visuals":{"large":"https:\/\/images.epagine.fr\/071\/9780948797071_1_75.jpg","medium":"https:\/\/images.epagine.fr\/071\/9780948797071_1_m.jpg","thumbnail":"https:\/\/images.epagine.fr\/071\/9780948797071_1_v.jpg"},"orderable":true,"show_badge":true,"formatted_price":"45,00&nbsp;\u20ac","formatted_published_date":"5 juin 2019","publisher_availability_label":"Sur commande","short_details":"Bruce Gilden \u2014 Dewi Lewis","translator":null,"weight":901,"page_count":null,"readership":null,"editor":"Dewi Lewis","price":4500,"published_date":"2019-06-04T22:00:00.000000Z","support":"Grand format","publisher_availability":1,"stock":0,"editions":[],"url":"https:\/\/quaidesbrumes.com\/ouvrage\/9780948797071\/facing-new-york"},{"id":"9791037004031","title":"L'\u00c9vangile selon Bergman","description":"Les films d'Ingmar Bergman (1918-2007) ont la r\u00e9putation d'\u00eatre noirs et d\u00e9capants. Le cin\u00e9aste nous soumet \u00e0 une d\u00e9construction des relations humaines fondamentales et de nos aspirations spirituelles. Mais sonder le vide en nous n'est-il qu'accablant ? Ou serait-ce le chemin le plus s\u00fbr vers un renouveau ?Le cin\u00e9aste su\u00e9dois, fils de pasteur, a lutt\u00e9 pour remplacer le discours chr\u00e9tien de son enfance par un \u00e9vangile exaltant l'amour et la vie. Son cin\u00e9ma peut se comprendre comme un combat entre les mauvaises nouvelles et les bonnes. Maris et femmes, m\u00e8res et filles, p\u00e8res et fils, pr\u00eatres et communiants, psychiatres et patients, tous entrent dans la ronde interminable o\u00f9 un peu de lumi\u00e8re perce les t\u00e9n\u00e8bres. Et l\u00e0 o\u00f9 la strat\u00e9gie des acteurs bergmaniens s'av\u00e8re insuffisante, la musique prend le relais afin de communiquer par-del\u00e0 notre finitude.\r\nDans cet essai, Yves Vaillancourt relie tous les grands films de Bergman en montrant qu'ils contiennent nos meilleures ressources face au d\u00e9sespoir.","authors":["Yves Vaillancourt"],"category_codes":["6000000","6070000","6070300"],"visuals":{"large":"https:\/\/images.epagine.fr\/031\/9791037004031_1_75.jpg","medium":"https:\/\/images.epagine.fr\/031\/9791037004031_1_m.jpg","thumbnail":"https:\/\/images.epagine.fr\/031\/9791037004031_1_v.jpg"},"orderable":true,"show_badge":true,"formatted_price":"25,00&nbsp;\u20ac","formatted_published_date":"13 mars 2020","publisher_availability_label":"Sur commande","short_details":"Yves Vaillancourt \u2014 Hermann","translator":null,"weight":230,"page_count":186,"readership":null,"editor":"Hermann","price":2500,"published_date":"2020-03-12T23:00:00.000000Z","support":"Grand format","publisher_availability":1,"stock":0,"editions":[],"url":"https:\/\/quaidesbrumes.com\/ouvrage\/9791037004031\/levangile-selon-bergman"},{"id":"9782100807925","title":"Obtenez le maximum : du Canon EOS 90D","description":"Avec son autofocus r\u00e9actif et son capteur Dual Pixel pour des images de tr\u00e8s haute qualit\u00e9 en photo comme en vid\u00e9o, le reflex Canon EOS\u00a0 90D est le compagnon id\u00e9al du photographe exigeant et passionn\u00e9, qu'il soit amateur ou expert.\r\nGr\u00e2ce \u00e0 ce guide pratique, appropriez-vous le Canon EOS 90D et d\u00e9couvrez au fil des pages de nombreux conseils et astuces pour am\u00e9liorer votre pratique photo et explorer de nouvelles pistes cr\u00e9atives\u00a0 :Familiarisez-vous avec votre bo\u00eetier, les secrets de son fonctionnement et les technologies Canon embarqu\u00e9es.D\u00e9couvrez ses fonctions avanc\u00e9es telles que l'autofocus, le mode vid\u00e9o Full HD ou la personnalisation des commandes.Ma\u00eetrisez les principes de la photographie pour g\u00e9rer parfaitement l'exposition, la mise au point et le bruit num\u00e9rique.\u00c9quipez votre bo\u00eetier selon votre pratique en faisant les bons choix en optiques, flashes et accessoires.Adoptez un flux de production num\u00e9rique efficace pour d\u00e9velopper, retoucher et partager vos images.","authors":["Vincent Burgeon"],"category_codes":["6000000","6070000","6070200","6070208"],"visuals":{"large":"https:\/\/images.epagine.fr\/925\/9782100807925_1_75.jpg","medium":"https:\/\/images.epagine.fr\/925\/9782100807925_1_m.jpg","thumbnail":"https:\/\/images.epagine.fr\/925\/9782100807925_1_v.jpg"},"orderable":true,"show_badge":true,"formatted_price":"31,90&nbsp;\u20ac","formatted_published_date":"12 f\u00e9vrier 2020","publisher_availability_label":"Sur commande","short_details":"Vincent Burgeon \u2014 Dunod","translator":null,"weight":680,"page_count":280,"readership":null,"editor":"Dunod","price":3190,"published_date":"2020-02-11T23:00:00.000000Z","support":"Grand format","publisher_availability":1,"stock":0,"editions":[],"url":"https:\/\/quaidesbrumes.com\/ouvrage\/9782100807925\/obtenez-le-maximum-du-canon-eos-90d"},{"id":"9782754751988","title":"Pierre Mondy, un grand artiste fran\u00e7ais","description":"Dans cet ouvrage, Yannick Desse fait revivre le remarquable acteur, mais aussi l'homme simple et profond\u00e9ment gentil que fut Pierre Mondy derri\u00e8re l'\u00e9cran. Pour ce faire, il a r\u00e9colt\u00e9 de nombreux t\u00e9moignages de personnalit\u00e9s qui ont c\u00f4toy\u00e9 plus ou moins intimement cet artiste fran\u00e7ais, dont celui d'Anne, sa fille. Un hommage tout en douceur et en simplicit\u00e9.","authors":["Yannick Desse"],"category_codes":["6000000","6070000","6070300","6070304"],"visuals":{"large":"https:\/\/images.epagine.fr\/988\/9782754751988_1_75.jpg","medium":"https:\/\/images.epagine.fr\/988\/9782754751988_1_m.jpg","thumbnail":"https:\/\/images.epagine.fr\/988\/9782754751988_1_v.jpg"},"orderable":true,"show_badge":true,"formatted_price":"9,90&nbsp;\u20ac","formatted_published_date":"4 d\u00e9cembre 2020","publisher_availability_label":"Sur commande","short_details":"Yannick Desse \u2014 Editions du Panth\u00e9on","translator":null,"weight":62,"page_count":48,"readership":null,"editor":"Editions du Panth\u00e9on","price":990,"published_date":"2020-12-03T23:00:00.000000Z","support":"Grand format","publisher_availability":1,"stock":0,"editions":[],"url":"https:\/\/quaidesbrumes.com\/ouvrage\/9782754751988\/pierre-mondy-un-grand-artiste-francais"},{"id":"9782200244453","title":"Cin\u00e9philes et cin\u00e9philie ; histoire et devenir de la culture cin\u00e9matographique","description":"Ce livre rend compte de la naissance et de l'\u00e9volution de la culture cin\u00e9matographique, appr\u00e9hend\u00e9e comme un savoir partag\u00e9 par tous les consommateurs passionn\u00e9s de cin\u00e9ma. \r\nIl montre comment la parole cin\u00e9phile s'est constitu\u00e9e sur la base de la consommation r\u00e9guli\u00e8re du grand film, comment sa prolif\u00e9ration a conduit \u00e0 la constitution d'une cin\u00e9philie acad\u00e9mique et \u00e0 la patrimonialisation du grand fi lm, comment la consommation cin\u00e9matographique s'est individualis\u00e9e sous l'effet de la globalisation de l'\u00e9change cin\u00e9matographique et du d\u00e9veloppement des nouvelles technologies internet et le DVD notamment qui permettent \u00e0 chacun de construire sa propre cin\u00e9philie.\r\nIl s'agit, au-del\u00e0 d'une vision catastrophiste de la mort du cin\u00e9ma ou d'une c\u00e9l\u00e9bration na\u00efve du march\u00e9 cin\u00e9matographique, d'une description de la naissance des cadres contemporains de l'exp\u00e9rience cin\u00e9matographique, de la perception et du jugement de la qualit\u00e9 cin\u00e9matographique.","authors":["Jean-marc Leveratto","Laurent Jullier"],"category_codes":["6000000","6070000","6070300"],"visuals":{"large":"https:\/\/images.epagine.fr\/453\/9782200244453_1_75.jpg","medium":"https:\/\/images.epagine.fr\/453\/9782200244453_1_m.jpg","thumbnail":"https:\/\/images.epagine.fr\/453\/9782200244453_1_v.jpg"},"orderable":true,"show_badge":true,"formatted_price":"26,00&nbsp;\u20ac","formatted_published_date":"25 ao\u00fbt 2010","publisher_availability_label":"Sur commande","short_details":"Jean-marc Leveratto, Laurent Jullier \u2014 Armand Colin","translator":null,"weight":320,"page_count":224,"readership":null,"editor":"Armand Colin","price":2600,"published_date":"2010-08-24T22:00:00.000000Z","support":"Grand format","publisher_availability":1,"stock":0,"editions":[],"url":"https:\/\/quaidesbrumes.com\/ouvrage\/9782200244453\/cinephiles-et-cinephilie-histoire-et-devenir-de-la-culture-cinematographique"},{"id":"9791035929954","title":"Les dolls ont grandi","description":"Les Dolls ont grandi est une s\u00e9rie photographique r\u00e9alis\u00e9e par Eva Marquet entre 2018 et 2020.","authors":["Emilie Cadillac","Eva Marquet"],"category_codes":["6000000","6070000","6070200","6070205"],"visuals":{"large":"https:\/\/images.epagine.fr\/954\/9791035929954_1_75.jpg","medium":"https:\/\/images.epagine.fr\/954\/9791035929954_1_m.jpg","thumbnail":"https:\/\/images.epagine.fr\/954\/9791035929954_1_v.jpg"},"orderable":true,"show_badge":true,"formatted_price":"15,00&nbsp;\u20ac","formatted_published_date":"14 d\u00e9cembre 2020","publisher_availability_label":"Sur commande","short_details":"Emilie Cadillac, Eva Marquet \u2014 BOOKELIS","translator":null,"weight":76,"page_count":50,"readership":null,"editor":"BOOKELIS","price":1500,"published_date":"2020-12-13T23:00:00.000000Z","support":"Grand format","publisher_availability":1,"stock":0,"editions":[],"url":"https:\/\/quaidesbrumes.com\/ouvrage\/9791035929954\/les-dolls-ont-grandi"},{"id":"9781909653993","title":"ARC OF THE GURKHA - FROM NEPAL TO THE BRITISH ARMY","description":"A stunning and powerful book of photographs that reveal the human face of the legendary Gurkha Brigade","authors":["Alex Schlacher"],"category_codes":["6000000","6070000","6070200"],"visuals":{"large":"https:\/\/images.epagine.fr\/993\/9781909653993_1_75.jpg","medium":"https:\/\/images.epagine.fr\/993\/9781909653993_1_m.jpg","thumbnail":"https:\/\/images.epagine.fr\/993\/9781909653993_1_v.jpg"},"orderable":true,"show_badge":true,"formatted_price":"40,60&nbsp;\u20ac","formatted_published_date":"11 d\u00e9cembre 2014","publisher_availability_label":"Sur commande","short_details":"Alex Schlacher \u2014 Arcadia Books","translator":null,"weight":1710,"page_count":287,"readership":null,"editor":"Arcadia Books","price":4060,"published_date":"2014-12-10T23:00:00.000000Z","support":"Grand format","publisher_availability":1,"stock":0,"editions":[],"url":"https:\/\/quaidesbrumes.com\/ouvrage\/9781909653993\/arc-of-the-gurkha-from-nepal-to-the-british-army"},{"id":"9782200344344","title":"Gestion et diffusion d'un fond d'image","description":"Nouvelle pr\u00e9sentationL'ADBS, association des professionnels de l'information et de la documentation, a pour objectif la promotion et la valorisation des professions d'un secteur que les nouvelles technologies ont r\u00e9volutionn\u00e9.Face \u00e0 la masse des images produites, au contr\u00f4le oblig\u00e9 de leurs mouvements et aux contraintes juridiques toujours plus fortes, un traitement documentaire efficace de l'image devient de plus en plus n\u00e9cessaire.Cet ouvrage m\u00e9thodologique d\u00e9crit les diff\u00e9rentes \u00e9tapes de la mise en place d'une banque d'images (images fixes reproduites sur un support num\u00e9rique ou \u00e9lectronique), en s'attachant aux aspects techniques, juridiques et documentaires. L'auteur pr\u00e9sente de fa\u00e7on d\u00e9taill\u00e9e les collections d'images, les banques d'images, le traitement mat\u00e9riel et intellectuel de l'image, son exploitation, et sa diffusion.L'image multiple. Les collections d'images. Les banques d'images. Traitement mat\u00e9riel. Traitement intellectuel. Exploitation-Valorisation","authors":["Cecile Kattnig"],"category_codes":["6000000","6070000","6070300"],"visuals":{"large":"https:\/\/images.epagine.fr\/344\/9782200344344_1_75.jpg","medium":"https:\/\/images.epagine.fr\/344\/9782200344344_1_m.jpg","thumbnail":"https:\/\/images.epagine.fr\/344\/9782200344344_1_v.jpg"},"orderable":true,"show_badge":true,"formatted_price":"14,50&nbsp;\u20ac","formatted_published_date":"7 juillet 2005","publisher_availability_label":"Sur commande","short_details":"Cecile Kattnig \u2014 Armand Colin","translator":null,"weight":125,"page_count":128,"readership":null,"editor":"Armand Colin","price":1450,"published_date":"2005-07-06T22:00:00.000000Z","support":"Grand format","publisher_availability":1,"stock":0,"editions":[],"url":"https:\/\/quaidesbrumes.com\/ouvrage\/9782200344344\/gestion-et-diffusion-dun-fond-dimage"},{"id":"9782100715329","title":"Obtenez le meilleur du Canon EOS 1200D","description":"Avec le recul des compacts num\u00e9riques et des bridges (concurrenc\u00e9s par les Smartphones), le march\u00e9 des reflex d'entr\u00e9e de gamme est en progression. Canon s'appr\u00eate \u00e0 renouveler son offre en annon\u00e7ant la commercialisation en mars du canon EOS 1200D, qui remplacera l'EOS 1100D. Compact, ergonomique et performant, le Canon EOS 1200D sera l'appareil de transition id\u00e9al pour d\u00e9couvrir le monde des reflex num\u00e9riques. Ce guide pratique d\u00e9voile toutes ses sp\u00e9cificit\u00e9s, de sa prise en main \u00e0 ses modes les plus avanc\u00e9s, sans oublier les gammes optiques, les accessoires et les solutions logicielles Canon.","authors":["Vincent Burgeon"],"category_codes":["6000000","6070000","6070200"],"visuals":{"large":"https:\/\/images.epagine.fr\/329\/9782100715329_1_75.jpg","medium":"https:\/\/images.epagine.fr\/329\/9782100715329_1_m.jpg","thumbnail":"https:\/\/images.epagine.fr\/329\/9782100715329_1_v.jpg"},"orderable":true,"show_badge":true,"formatted_price":"27,90&nbsp;\u20ac","formatted_published_date":"18 juin 2014","publisher_availability_label":"Sur commande","short_details":"Vincent Burgeon \u2014 Dunod","translator":null,"weight":320,"page_count":192,"readership":null,"editor":"Dunod","price":2790,"published_date":"2014-06-17T22:00:00.000000Z","support":"Grand format","publisher_availability":1,"stock":0,"editions":[],"url":"https:\/\/quaidesbrumes.com\/ouvrage\/9782100715329\/obtenez-le-meilleur-du-canon-eos-1200d"},{"id":"9782200341046","title":"Approches de la photographie","description":"Nouvelle pr\u00e9sentationCet ouvrage se propose d'apporter un \u00e9clairage sur la diversit\u00e9 du monde de la photographie, diversit\u00e9 de ses pratiques, mais aussi de ses lectures. Il tente d'autre part de mettre en relief les particularit\u00e9s de la photographie, la sp\u00e9cificit\u00e9 de son langage, relativement \u00e0 d'autres arts tels que la peinture ou la litt\u00e9rature. Il conjugue plusieurs approches esth\u00e9tique, s\u00e9miologique et sociologique.Gabriel BAURET, sp\u00e9cialiste de la photographie est commissaire d'exposition.Introduction : la photographie et ses commentaires. L'invention de la photographie. La photographie documentaire. Notes sur quelques titres de la presse et quelques agences photographiques. Une certaine image du r\u00e9el. Le portrait. L'art appliqu\u00e9. L'expression artistique. La photographie : plurielle et singuli\u00e8re.","authors":["Bauret"],"category_codes":["6000000","6070000","6070200"],"visuals":{"large":"https:\/\/images.epagine.fr\/046\/9782200341046_1_75.jpg","medium":"https:\/\/images.epagine.fr\/046\/9782200341046_1_m.jpg","thumbnail":"https:\/\/images.epagine.fr\/046\/9782200341046_1_v.jpg"},"orderable":true,"show_badge":true,"formatted_price":"12,30&nbsp;\u20ac","formatted_published_date":"1er f\u00e9vrier 2005","publisher_availability_label":"Sur commande","short_details":"Bauret \u2014 Armand Colin","translator":null,"weight":130,"page_count":128,"readership":null,"editor":"Armand Colin","price":1230,"published_date":"2005-01-31T23:00:00.000000Z","support":"Grand format","publisher_availability":1,"stock":0,"editions":[],"url":"https:\/\/quaidesbrumes.com\/ouvrage\/9782200341046\/approches-de-la-photographie"},{"id":"9782200276157","title":"R\u00eaves et cauchemars au cin\u00e9ma","description":"Images oniriques, images filmiques : la proximit\u00e9 entre les deux dispositifs qui les produisent s\u00b4est inscrite en profondeur dans l\u00b4histoire du cin\u00e9ma. Depuis toujours, en effet, des films se pensent comme les r\u00eaves se forment.\u00a0 Quand naissait le cin\u00e9ma, Freud analysait les m\u00e9canismes de la formation des images de r\u00eave. Aujourd\u00b4hui, des neurobiologistes montrent comment l\u00b4activit\u00e9 onirique est une des aventures de la vie mentale. Ainsi pourra-t-on entrer au pays des r\u00eaves et des cauchemars du cin\u00e9ma en leur compagnie.\u00a0 Des films d\u00b4\u00e9poques et d\u00b4origines tr\u00e8s vari\u00e9es jalonnent ce parcours. Leurs r\u00e9alisateurs (Mosjoukine, Laughton, Lang, Welles, Hitchcock, Bergman, Kobayashi, Fellini, Bunuel, Gilliam, De Oliveira, Nolan...) ont tous c\u00e9l\u00e9br\u00e9 \u00e0 leur mani\u00e8re les noces s\u00e9culaires du cin\u00e9ma et de l\u00b4onirisme.\u00a0 Maxime SCHEINFEIGEL est professeur \u00e0 l\u00b4universit\u00e9 Paul Val\u00e9ry de Montpellier. Elle enseigne l\u00b4esth\u00e9tique et l\u00b4histoire du cin\u00e9ma. Derni\u00e8res publications : Jean Rouch (CNRS, 2008), Cin\u00e9ma et Magie (Armand Colin, 2008), Le Cin\u00e9ma, et apr\u00e8s ? (Presses Universitaires de Rennes, 2010, ouvrage collectif).","authors":["Maxime Scheinfeigel"],"category_codes":["6000000","6070000","6070300"],"visuals":{"large":"https:\/\/images.epagine.fr\/157\/9782200276157_1_75.jpg","medium":"https:\/\/images.epagine.fr\/157\/9782200276157_1_m.jpg","thumbnail":"https:\/\/images.epagine.fr\/157\/9782200276157_1_v.jpg"},"orderable":true,"show_badge":true,"formatted_price":"26,80&nbsp;\u20ac","formatted_published_date":"13 juin 2012","publisher_availability_label":"Sur commande","short_details":"Maxime Scheinfeigel \u2014 Armand Colin","translator":null,"weight":312,"page_count":208,"readership":null,"editor":"Armand Colin","price":2680,"published_date":"2012-06-12T22:00:00.000000Z","support":"Grand format","publisher_availability":1,"stock":0,"editions":[],"url":"https:\/\/quaidesbrumes.com\/ouvrage\/9782200276157\/reves-et-cauchemars-au-cinema"},{"id":"9782847880298","title":"Baraques - l'album photographique du dispensaire la mouche-gerland, 1929-1936","description":"\"Les Demoiselles-photographes\" s'arr\u00eatent au seuil des baraques, au seuil de la mis\u00e8re. Contrainte technique d'abord : elles n'ont pas de flash, et les int\u00e9rieurs sont trop sombres. Contrainte morale ensuite : elles sont sans doute r\u00e9ticentes \u00e0 photographier la salet\u00e9 qui y r\u00e8gne. Alors toute la famille sort, sur le pas de sa porte, sous l'auvent, sous la v\u00e9randa \u00bb. Le dispensaire La Mouche - Gerland, anim\u00e9 par les soeurs de Marie immacul\u00e9e \u00e9tait situ\u00e9 en plein coeur des taudis d'un quartier de Lyon, bidonvilles aujourd'hui disparus qui abritaient des ouvriers fran\u00e7ais, italiens ou espagnols, tous victimes de la crise et vivant dans la plus grande mis\u00e8re. 80 photographies imprim\u00e9es en deux tons, accompagn\u00e9es de textes.","authors":["Vincent Lemire"],"category_codes":["6000000","6070000","6070200","6070204"],"visuals":{"large":"https:\/\/quaidesbrumes.com\/img\/book-placeholder.png","medium":"https:\/\/quaidesbrumes.com\/img\/book-placeholder.png","thumbnail":"https:\/\/quaidesbrumes.com\/img\/book-placeholder.png"},"orderable":true,"show_badge":true,"formatted_price":"20,00&nbsp;\u20ac","formatted_published_date":"1er janvier 2003","publisher_availability_label":"Sur commande","short_details":"Vincent Lemire \u2014 Ens Lyon","translator":null,"weight":468,"page_count":96,"readership":null,"editor":"Ens Lyon","price":2000,"published_date":"2002-12-31T23:00:00.000000Z","support":"Grand format","publisher_availability":1,"stock":0,"editions":[],"url":"https:\/\/quaidesbrumes.com\/ouvrage\/9782847880298\/baraques-lalbum-photographique-du-dispensaire-la-mouche-gerland-1929-1936"},{"id":"9782100716821","title":"Obtenez le maximum du Nikon d810","description":"Dot\u00e9 d'un capteur de 36 millions de pixels de tr\u00e8s haute d\u00e9finition, d'une dynamique autorisant l'enregistrement des sc\u00e8nes les plus contrast\u00e9es et d'un autofocus r\u00e9actif et pr\u00e9cis, le reflex Nikon D810 allie performance et polyvalence. C'est le compagnon id\u00e9al du photographe amateur exigeant ou expert.\r\n\r\nGr\u00e2ce \u00e0 ce guide pratique, appropriez-vous le Nikon D810 en toutes situations et pour tous types de sujets :\r\n- Familiarisez-vous avec votre appareil et d\u00e9couvrez toutes ses commandes et fonctions utiles.\r\n- Ma\u00eetrisez les bases techniques essentielles de la photographie num\u00e9rique.\r\n- Acc\u00e9dez aux fonctions avanc\u00e9es en vous exer\u00e7ant : photo au flash, paysage, panoramique, reportage ou sport.\r\n- \u00c9quipez-vous selon votre pratique en faisant les bons choix en optiques, flashes et autres accessoires.\r\n- Adoptez un flux de travail rapide et efficace, et les solutions logicielles pour d\u00e9velopper, stocker et partager vos images.\r\n- D\u00e9couvrez le monde de la vid\u00e9o et apprenez \u00e0 filmer avec votre reflex.","authors":["Bernard Rome"],"category_codes":["6000000","6070000","6070200"],"visuals":{"large":"https:\/\/images.epagine.fr\/821\/9782100716821_1_75.jpg","medium":"https:\/\/images.epagine.fr\/821\/9782100716821_1_m.jpg","thumbnail":"https:\/\/images.epagine.fr\/821\/9782100716821_1_v.jpg"},"orderable":true,"show_badge":true,"formatted_price":"31,90&nbsp;\u20ac","formatted_published_date":"13 novembre 2014","publisher_availability_label":"Sur commande","short_details":"Bernard Rome \u2014 Dunod","translator":null,"weight":686,"page_count":280,"readership":null,"editor":"Dunod","price":3190,"published_date":"2014-11-12T23:00:00.000000Z","support":"Grand format","publisher_availability":1,"stock":0,"editions":[],"url":"https:\/\/quaidesbrumes.com\/ouvrage\/9782100716821\/obtenez-le-maximum-du-nikon-d810"}]}