{"data":[{"id":"9783959053846","title":"Arne schmitt signs of the times \/anglais\/allemand","description":null,"authors":["Ihle Astrid"],"category_codes":["6000000","6070000","6070200"],"visuals":{"large":"https:\/\/images.epagine.fr\/846\/9783959053846_1_75.jpg","medium":"https:\/\/images.epagine.fr\/846\/9783959053846_1_m.jpg","thumbnail":"https:\/\/images.epagine.fr\/846\/9783959053846_1_v.jpg"},"orderable":true,"show_badge":true,"formatted_price":"20,00&nbsp;\u20ac","formatted_published_date":"1er mars 2020","publisher_availability_label":"Sur commande","short_details":"Ihle Astrid \u2014 Spector Books","translator":null,"weight":250,"page_count":48,"readership":null,"editor":"Spector Books","price":2000,"published_date":"2020-02-29T23:00:00.000000Z","support":"Grand format","publisher_availability":1,"stock":0,"editions":[],"url":"https:\/\/quaidesbrumes.com\/ouvrage\/9783959053846\/arne-schmitt-signs-of-the-times-anglaisallemand"},{"id":"9783961712861","title":"David krasnostein colours and faces of india \/anglais","description":null,"authors":["Krasnostein David"],"category_codes":["6000000","6070000","6070200"],"visuals":{"large":"https:\/\/images.epagine.fr\/861\/9783961712861_1_75.jpg","medium":"https:\/\/images.epagine.fr\/861\/9783961712861_1_m.jpg","thumbnail":"https:\/\/images.epagine.fr\/861\/9783961712861_1_v.jpg"},"orderable":true,"show_badge":true,"formatted_price":"57,00&nbsp;\u20ac","formatted_published_date":"1er avril 2021","publisher_availability_label":"Sur commande","short_details":"Krasnostein David \u2014 Teneues Verlag","translator":null,"weight":1101,"page_count":null,"readership":null,"editor":"Teneues Verlag","price":5700,"published_date":"2021-03-31T22:00:00.000000Z","support":"Grand format","publisher_availability":1,"stock":0,"editions":[],"url":"https:\/\/quaidesbrumes.com\/ouvrage\/9783961712861\/david-krasnostein-colours-and-faces-of-india-anglais"},{"id":"9783961712762","title":"Michael poliza the world \/anglais","description":null,"authors":["Michael Poliza"],"category_codes":["6000000","6070000","6070200"],"visuals":{"large":"https:\/\/images.epagine.fr\/762\/9783961712762_1_75.jpg","medium":"https:\/\/images.epagine.fr\/762\/9783961712762_1_m.jpg","thumbnail":"https:\/\/images.epagine.fr\/762\/9783961712762_1_v.jpg"},"orderable":true,"show_badge":true,"formatted_price":"65,00&nbsp;\u20ac","formatted_published_date":"1er avril 2021","publisher_availability_label":"Sur commande","short_details":"Michael Poliza \u2014 Teneues Verlag","translator":null,"weight":1301,"page_count":null,"readership":null,"editor":"Teneues Verlag","price":6500,"published_date":"2021-03-31T22:00:00.000000Z","support":"Grand format","publisher_availability":1,"stock":0,"editions":[],"url":"https:\/\/quaidesbrumes.com\/ouvrage\/9783961712762\/michael-poliza-the-world-anglais"},{"id":"9780847868810","title":"Rankin play images of music","description":"Play draws exclusively on Rankin's archive of photographs of the biggest names in contemporary music--from the rock gods who shaped our musical landscape to the British Invasion of the 1990s and the American superstars who mix music and production to define what the record industry is today.\r\n\r\nDivided by theme--\"Heroes\" and \"Girl Gangs and Boy Bands,\" \"Cool Britannia\" and \"My Generation\"--Play collects almost two hundred of Rankin's favorite images of the most influential artists of the last three decades, from David Bowie and Elton John to Pharrell, the Spice Girls, Grimes, and Bj\u00f6rk. Alongside his photos are anecdotes from Rankin and the artists themselves on the reciprocal relationship between photographer and subject--and between the star power of pop music and the iconography of fashion.\r","authors":["Rankin"],"category_codes":["6000000","6070000","6070200"],"visuals":{"large":"https:\/\/images.epagine.fr\/810\/9780847868810_1_75.jpg","medium":"https:\/\/images.epagine.fr\/810\/9780847868810_1_m.jpg","thumbnail":"https:\/\/images.epagine.fr\/810\/9780847868810_1_v.jpg"},"orderable":true,"show_badge":true,"formatted_price":"49,00&nbsp;\u20ac","formatted_published_date":"3 novembre 2020","publisher_availability_label":"Sur commande","short_details":"Rankin \u2014 Rizzoli","translator":null,"weight":1001,"page_count":208,"readership":null,"editor":"Rizzoli","price":4900,"published_date":"2020-11-02T23:00:00.000000Z","support":"Grand format","publisher_availability":1,"stock":0,"editions":[],"url":"https:\/\/quaidesbrumes.com\/ouvrage\/9780847868810\/rankin-play-images-of-music"},{"id":"9781846149443","title":"Smoke and mirrors : car photography and dreams of the open road","description":"Dans Smoke and Mirrors, une s\u00e9lection de photographes c\u00e9l\u00e8bres se r\u00e9unissent pour rendre hommage \u00e0 la voiture. Des images de Nick Turpin, Todd ou William Green, pour en mentionner certains, ces photographies montrent les voitures \u00e0 leur plus ludique, introspectif et significatif, nous rappelant que les voitures sont li\u00e9es \u00e9motionnellement \u00e0 notre quotidien.\r","authors":["Hoxton Mini Press"],"category_codes":["6000000","6070000","6070200","6070203"],"visuals":{"large":"https:\/\/images.epagine.fr\/443\/9781846149443_1_75.jpg","medium":"https:\/\/images.epagine.fr\/443\/9781846149443_1_m.jpg","thumbnail":"https:\/\/images.epagine.fr\/443\/9781846149443_1_v.jpg"},"orderable":true,"show_badge":true,"formatted_price":"38,00&nbsp;\u20ac","formatted_published_date":"24 septembre 2020","publisher_availability_label":"Sur commande","short_details":"Hoxton Mini Press \u2014 PENGUIN UK","translator":null,"weight":960,"page_count":240,"readership":null,"editor":"PENGUIN UK","price":3800,"published_date":"2020-09-23T22:00:00.000000Z","support":"Grand format","publisher_availability":1,"stock":0,"editions":[],"url":"https:\/\/quaidesbrumes.com\/ouvrage\/9781846149443\/smoke-and-mirrors-car-photography-and-dreams-of-the-open-road"},{"id":"9783961710027","title":"Dirk Nowitzki","description":"What do Kareem Abdul-Jabbar, Karl Malone, Kobe Bryant, Michael Jordan, and Wilt Chamberlain have in common ? They are all basketball legends, and the only five NBA players to have scored 30,000 points in the all-time NBA points list ahead of Dirk Nowitzki. It was March 7, 2017 when, in the second period of a game against the Los Angeles Lakers, Nowitzki fired off his patented fadeaway jump shot and scored. \r\nThis basket allowed him to reach the magic mark. On his way to becoming a cult figure in the sport, Nowitzki has long since achieved the highest level. This illustrated book shows how it all happened. The boy from W\u00fcrzburg became a Bundesliga and national team player, then made the leap to the NBA, made a name for himself there, won a championship, broke records, and proved himself to be a top-level player, game after game, for 20 years. \r\nRenowned journalist and author Dino Reisner describes not only the big picture behind this stellar career, but also the little anecdotes and important people who have crossed Nowitzki's path over the years. An attractive and dynamic layout with 180 spectacular and emotional photographs makes this book a true pleasure and treasure for basketball fans.\r","authors":["Dino Reisner"],"category_codes":["6000000","6070000","6070200","6070205"],"visuals":{"large":"https:\/\/images.epagine.fr\/027\/9783961710027_1_75.jpg","medium":"https:\/\/images.epagine.fr\/027\/9783961710027_1_m.jpg","thumbnail":"https:\/\/images.epagine.fr\/027\/9783961710027_1_v.jpg"},"orderable":true,"show_badge":true,"formatted_price":"16,95&nbsp;\u20ac","formatted_published_date":"12 octobre 2017","publisher_availability_label":"Sur commande","short_details":"Dino Reisner \u2014 Teneues Verlag","translator":null,"weight":1768,"page_count":224,"readership":null,"editor":"Teneues Verlag","price":1695,"published_date":"2017-10-11T22:00:00.000000Z","support":"Grand format","publisher_availability":1,"stock":0,"editions":[],"url":"https:\/\/quaidesbrumes.com\/ouvrage\/9783961710027\/dirk-nowitzki"},{"id":"9783961710478","title":"Elephants in heaven","description":null,"authors":["Joachim Schmeisser"],"category_codes":["6000000","6070000","6070200","6070205"],"visuals":{"large":"https:\/\/images.epagine.fr\/478\/9783961710478_1_75.jpg","medium":"https:\/\/images.epagine.fr\/478\/9783961710478_1_m.jpg","thumbnail":"https:\/\/images.epagine.fr\/478\/9783961710478_1_v.jpg"},"orderable":true,"show_badge":true,"formatted_price":"62,00&nbsp;\u20ac","formatted_published_date":"26 octobre 2017","publisher_availability_label":"Sur commande","short_details":"Joachim Schmeisser \u2014 Teneues Verlag","translator":null,"weight":1872,"page_count":176,"readership":null,"editor":"Teneues Verlag","price":6200,"published_date":"2017-10-25T22:00:00.000000Z","support":"Beaux-livres","publisher_availability":1,"stock":0,"editions":[],"url":"https:\/\/quaidesbrumes.com\/ouvrage\/9783961710478\/elephants-in-heaven"},{"id":"9783829609104","title":"Walker evans leser, autor, photograph \/allemand","description":null,"authors":["Svetlana Alpers"],"category_codes":["6000000","6070000","6070200"],"visuals":{"large":"https:\/\/images.epagine.fr\/104\/9783829609104_1_75.jpg","medium":"https:\/\/images.epagine.fr\/104\/9783829609104_1_m.jpg","thumbnail":"https:\/\/images.epagine.fr\/104\/9783829609104_1_v.jpg"},"orderable":true,"show_badge":true,"formatted_price":"60,00&nbsp;\u20ac","formatted_published_date":"1er mars 2021","publisher_availability_label":"Sur commande","short_details":"Svetlana Alpers \u2014 Schirmer Mosel","translator":null,"weight":1201,"page_count":320,"readership":null,"editor":"Schirmer Mosel","price":6000,"published_date":"2021-02-28T23:00:00.000000Z","support":"Grand format","publisher_availability":1,"stock":0,"editions":[],"url":"https:\/\/quaidesbrumes.com\/ouvrage\/9783829609104\/walker-evans-leser-autor-photograph-allemand"},{"id":"9783829608671","title":"Mit beuys evolution denken \/allemand","description":null,"authors":["Harlan V\/Zumdick W"],"category_codes":["6000000","6070000","6070200"],"visuals":{"large":"https:\/\/images.epagine.fr\/671\/9783829608671_1_75.jpg","medium":"https:\/\/images.epagine.fr\/671\/9783829608671_1_m.jpg","thumbnail":"https:\/\/images.epagine.fr\/671\/9783829608671_1_v.jpg"},"orderable":true,"show_badge":true,"formatted_price":"80,00&nbsp;\u20ac","formatted_published_date":"30 novembre 2019","publisher_availability_label":"Sur commande","short_details":"Harlan V\/Zumdick W \u2014 Schirmer Mosel","translator":null,"weight":1501,"page_count":216,"readership":null,"editor":"Schirmer Mosel","price":8000,"published_date":"2019-11-29T23:00:00.000000Z","support":"Grand format","publisher_availability":1,"stock":0,"editions":[],"url":"https:\/\/quaidesbrumes.com\/ouvrage\/9783829608671\/mit-beuys-evolution-denken-allemand"},{"id":"9789464666304","title":"Sanja Marusic : The endless coloured ways","description":"Intriguing self-portraits, desolate landscapes and vibrant colours: the Dutch-Croatian artist Sanja Maru\u0161ic (b. 1991) creates new worlds with her images. She travels to the four corners of the globe, but just as easily she uses her own living room as a backdrop. Recurring themes are escapism, the relationship between man and nature, motherhood, and finding the balance in human relationships.\r\n\r\nMaru\u0161ic's artistic practice is guided by her love of experimenting with shapes, colours and layers. Photography is the starting point for each work, but she then uses a variety of analogue and digital techniques, sometimes changing the image in such a way that it seems as if we are looking at a painting. The performances (staged by the artist herself), the creation of a set using handmade props, and the manual post-processing are just as important as the photo itself.\r\n\r\nThe stories she tells through her photography and films touch on her personal life; for example, the series Eutierria (2019) depicts her honeymoon, Before You (2020) documents her pregnancy, and Sasha and Sanja (ongoing) deals with her motherhood.\r\n\r\nWith a text contribution by author Selin Kus\u00e7u.","authors":["Collectif"],"category_codes":["6000000","6070000","6070200","6070205"],"visuals":{"large":"https:\/\/images.epagine.fr\/304\/9789464666304_1_75.jpg","medium":"https:\/\/images.epagine.fr\/304\/9789464666304_1_m.jpg","thumbnail":"https:\/\/images.epagine.fr\/304\/9789464666304_1_v.jpg"},"orderable":true,"show_badge":true,"formatted_price":"49,95&nbsp;\u20ac","formatted_published_date":"15 mars 2023","publisher_availability_label":"Sur commande","short_details":"Collectif \u2014 Hannibal","translator":null,"weight":900,"page_count":160,"readership":null,"editor":"Hannibal","price":4995,"published_date":"2023-03-14T23:00:00.000000Z","support":"Grand format","publisher_availability":1,"stock":0,"editions":[],"url":"https:\/\/quaidesbrumes.com\/ouvrage\/9789464666304\/sanja-marusic-the-endless-coloured-ways"},{"id":"9780979776854","title":"Stephen Hilger : In the alley","description":"A subversive portrait of Beverly Hills in a gorgeous leporello format.\r\n\r\nThis leporello publication presents Brooklyn-based photographer Stephen Hilger's (born 1975) color photographs of service alleys and the backside of houses separating the public from the private in the affluent suburb of Beverly Hills, California?a more anomalous view of the place by depicting the physical and symbolic spaces behind the homes of the area's wealthy residents. Eva D\u00edaz has written that Hilger's emphasis suggests that \u00abBeverly Hills is actually two cities, a 'front' city of impeccably maintained homes and a 'back' city that covertly services the front illusion. Hilger photographed their graffiti, security signage, crammed garbage cans, unaesthetic car parks and overgrown vegetation; the maintenance staff who work nearby; and the alleys' most indelible feature, narrow, high walls that denote a claustrophobic refusal of inspection.\u00bb In the Alley features 22 panoramic photographs in a leporello-folded format so the reader can leaf through the photographs or expand the book-object for display. An essay by novelist Matthew Specktor maps out the significance of Hilger's alley views in the context of personal histories and Hollywood stories. In a conversation, Hilger and photographer James Welling discuss their respective practices.","authors":["Stephen Hilger"],"category_codes":["6000000","6070000","6070200","6070205"],"visuals":{"large":"https:\/\/images.epagine.fr\/854\/9780979776854_1_75.jpg","medium":"https:\/\/images.epagine.fr\/854\/9780979776854_1_m.jpg","thumbnail":"https:\/\/images.epagine.fr\/854\/9780979776854_1_v.jpg"},"orderable":true,"show_badge":true,"formatted_price":"55,00&nbsp;\u20ac","formatted_published_date":"17 ao\u00fbt 2023","publisher_availability_label":"Sur commande","short_details":"Stephen Hilger \u2014 Distributed Art Publishers","translator":null,"weight":1101,"page_count":66,"readership":null,"editor":"Distributed Art Publishers","price":5500,"published_date":"2023-08-16T22:00:00.000000Z","support":"Grand format","publisher_availability":1,"stock":0,"editions":[],"url":"https:\/\/quaidesbrumes.com\/ouvrage\/9780979776854\/stephen-hilger-in-the-alley"},{"id":"9783775748438","title":"Claudio hils home front staging wars \/anglais\/allemand","description":null,"authors":["Landert Markus"],"category_codes":["6000000","6070000","6070200"],"visuals":{"large":"https:\/\/images.epagine.fr\/438\/9783775748438_1_75.jpg","medium":"https:\/\/images.epagine.fr\/438\/9783775748438_1_m.jpg","thumbnail":"https:\/\/images.epagine.fr\/438\/9783775748438_1_v.jpg"},"orderable":true,"show_badge":true,"formatted_price":"44,00&nbsp;\u20ac","formatted_published_date":"17 d\u00e9cembre 2020","publisher_availability_label":"Sur commande","short_details":"Landert Markus \u2014 Hatje Cantz","translator":null,"weight":2040,"page_count":256,"readership":null,"editor":"Hatje Cantz","price":4400,"published_date":"2020-12-16T23:00:00.000000Z","support":"Grand format","publisher_availability":1,"stock":0,"editions":[],"url":"https:\/\/quaidesbrumes.com\/ouvrage\/9783775748438\/claudio-hils-home-front-staging-wars-anglaisallemand"},{"id":"9783775746687","title":"Heiter bis wolki: eine deutschlandreise \/allemand","description":null,"authors":["Goosen Frank"],"category_codes":["6000000","6070000","6070200"],"visuals":{"large":"https:\/\/images.epagine.fr\/687\/9783775746687_1_75.jpg","medium":"https:\/\/images.epagine.fr\/687\/9783775746687_1_m.jpg","thumbnail":"https:\/\/images.epagine.fr\/687\/9783775746687_1_v.jpg"},"orderable":true,"show_badge":true,"formatted_price":"20,00&nbsp;\u20ac","formatted_published_date":"2 juillet 2020","publisher_availability_label":"Sur commande","short_details":"Goosen Frank \u2014 Hatje Cantz","translator":null,"weight":520,"page_count":null,"readership":null,"editor":"Hatje Cantz","price":2000,"published_date":"2020-07-01T22:00:00.000000Z","support":"Grand format","publisher_availability":1,"stock":0,"editions":[],"url":"https:\/\/quaidesbrumes.com\/ouvrage\/9783775746687\/heiter-bis-wolki-eine-deutschlandreise-allemand"},{"id":"9781942185826","title":"Jennifer Garza-Cuen & Odette England : past paper \/\/ present marks ; responding to Rauschenberg","description":"En 2018, les photographes Jennifer Garza-Cuen et Odette England ont pass\u00e9 une semaine \u00e0 la r\u00e9sidence de la Fondation Robert Rauschenberg \u00e0 Captiva, en Floride, pour r\u00e9aliser une s\u00e9rie de pr\u00e8s de 200 photogrammes. Les images ont \u00e9t\u00e9 r\u00e9alis\u00e9es dans la piscine de Rauschenberg, en utilisant du papier g\u00e9latine argentique p\u00e9rim\u00e9 des ann\u00e9es 1970 trouv\u00e9 dans sa chambre noire.\r","authors":["Jennifer Garza-cuen"],"category_codes":["6000000","6070000","6070200","6070205"],"visuals":{"large":"https:\/\/images.epagine.fr\/826\/9781942185826_1_75.jpg","medium":"https:\/\/images.epagine.fr\/826\/9781942185826_1_m.jpg","thumbnail":"https:\/\/images.epagine.fr\/826\/9781942185826_1_v.jpg"},"orderable":true,"show_badge":true,"formatted_price":"75,00&nbsp;\u20ac","formatted_published_date":"1er f\u00e9vrier 2022","publisher_availability_label":"Sur commande","short_details":"Jennifer Garza-cuen \u2014 Radius Books","translator":null,"weight":1120,"page_count":160,"readership":null,"editor":"Radius Books","price":7500,"published_date":"2022-01-31T23:00:00.000000Z","support":"Grand format","publisher_availability":1,"stock":0,"editions":[],"url":"https:\/\/quaidesbrumes.com\/ouvrage\/9781942185826\/jennifer-garza-cuen-odette-england-past-paper-present-marks-responding-to-rauschenberg"},{"id":"9781735762906","title":"Karen Halverson mulholland","description":"La photographe am\u00e9ricaine Karen Halverson (n\u00e9e en 1949) est devenue admirative de Mulholland Drive pour la premi\u00e8re fois lors d'une visite au Metropolitan Museum of Art, en d\u00e9couvrant l'immense tableau de David Hockney Mullholland Drive: The Road to the Studi. Dans cette s\u00e9rie, elle propose donc une repr\u00e9sentation panoramique de la route embl\u00e9matique de Los Angeles, dans un format horizontal qui met en valeur l'aspect dramatique du paysage.\r","authors":["Karen Halverson"],"category_codes":["6000000","6070000","6070200","6070205"],"visuals":{"large":"https:\/\/images.epagine.fr\/906\/9781735762906_1_75.jpg","medium":"https:\/\/images.epagine.fr\/906\/9781735762906_1_m.jpg","thumbnail":"https:\/\/images.epagine.fr\/906\/9781735762906_1_v.jpg"},"orderable":true,"show_badge":true,"formatted_price":"40,00&nbsp;\u20ac","formatted_published_date":"28 septembre 2021","publisher_availability_label":"Sur commande","short_details":"Karen Halverson \u2014 Distributed Art Publishers","translator":null,"weight":907,"page_count":104,"readership":null,"editor":"Distributed Art Publishers","price":4000,"published_date":"2021-09-27T22:00:00.000000Z","support":"Grand format","publisher_availability":1,"stock":0,"editions":[],"url":"https:\/\/quaidesbrumes.com\/ouvrage\/9781735762906\/karen-halverson-mulholland"},{"id":"9783959054386","title":"Laura bielau arbeit \/anglais\/allemand","description":null,"authors":["Bielau Laura"],"category_codes":["6000000","6070000","6070200"],"visuals":{"large":"https:\/\/images.epagine.fr\/386\/9783959054386_1_75.jpg","medium":"https:\/\/images.epagine.fr\/386\/9783959054386_1_m.jpg","thumbnail":"https:\/\/images.epagine.fr\/386\/9783959054386_1_v.jpg"},"orderable":true,"show_badge":true,"formatted_price":"29,90&nbsp;\u20ac","formatted_published_date":"18 juin 2021","publisher_availability_label":"Sur commande","short_details":"Bielau Laura \u2014 Spector Books","translator":null,"weight":480,"page_count":null,"readership":null,"editor":"Spector Books","price":2990,"published_date":"2021-06-17T22:00:00.000000Z","support":"Grand format","publisher_availability":1,"stock":0,"editions":[],"url":"https:\/\/quaidesbrumes.com\/ouvrage\/9783959054386\/laura-bielau-arbeit-anglaisallemand"},{"id":"9783959054393","title":"Matthias hoch ber \/anglais\/allemand","description":"BER 2017-2020: un a\u00e9roport sans avion, un terminal sans passagers. L'a\u00e9roport de Berlin-Brandebourg (code: BER) a longtemps \u00e9t\u00e9 un projet d'envergure qui n'a jamais abouti : \u00e0 moiti\u00e9 termin\u00e9, sans fonction, dans un \u00e9tat d'attente perp\u00e9tuel. Sur une p\u00e9riode de trois ans, Matthias Hoch a \u00e9tudi\u00e9 cette stase, regardant le site \u00e0 travers l'objectif d'une cam\u00e9ra analogique grand format, un peu \u00e0 la mani\u00e8re d'un arch\u00e9ologue. Le r\u00e9sultat est une s\u00e9rie d'images montrant une construction myst\u00e9rieuse - des photographies d'un lieu o\u00f9 le pas-encore semble simplement avoir c\u00e9d\u00e9 la place \u00e0 un non-plus .\r","authors":["Hoch Matthias"],"category_codes":["6000000","6070000","6070200"],"visuals":{"large":"https:\/\/images.epagine.fr\/393\/9783959054393_1_75.jpg","medium":"https:\/\/images.epagine.fr\/393\/9783959054393_1_m.jpg","thumbnail":"https:\/\/images.epagine.fr\/393\/9783959054393_1_v.jpg"},"orderable":true,"show_badge":true,"formatted_price":"38,00&nbsp;\u20ac","formatted_published_date":"15 juillet 2021","publisher_availability_label":"Sur commande","short_details":"Hoch Matthias \u2014 Spector Books","translator":null,"weight":1000,"page_count":null,"readership":null,"editor":"Spector Books","price":3800,"published_date":"2021-07-14T22:00:00.000000Z","support":"Grand format","publisher_availability":1,"stock":0,"editions":[],"url":"https:\/\/quaidesbrumes.com\/ouvrage\/9783959054393\/matthias-hoch-ber-anglaisallemand"},{"id":"9781942185833","title":"Rania Matar : she","description":"En tant qu'artiste et m\u00e8re am\u00e9ricaine d'origine libanaise, les exp\u00e9riences interculturelles de Rania Matar (n\u00e9e en 1964) informent son art. Elle a consacr\u00e9 son travail \u00e0 l'exploration des questions d'identit\u00e9 personnelle et collective \u00e0 travers des photographies de l'adolescence et de la f\u00e9minit\u00e9 - \u00e0 la fois aux \u00c9tats-Unis o\u00f9 elle vit et au Moyen-Orient d'o\u00f9 elle est originaire. La s\u00e9rie Elle se concentre sur les jeunes femmes \u00e0 la fin de l'adolescence et au d\u00e9but de la vingtaine, qui quittent le cocon de la maison, entrent dans l'\u00e2ge adulte et font face \u00e0 une nouvelle r\u00e9alit\u00e9.\r","authors":["Rania Matar"],"category_codes":["6000000","6070000","6070200","6070205"],"visuals":{"large":"https:\/\/images.epagine.fr\/833\/9781942185833_1_75.jpg","medium":"https:\/\/images.epagine.fr\/833\/9781942185833_1_m.jpg","thumbnail":"https:\/\/images.epagine.fr\/833\/9781942185833_1_v.jpg"},"orderable":true,"show_badge":true,"formatted_price":"69,00&nbsp;\u20ac","formatted_published_date":"23 novembre 2021","publisher_availability_label":"Sur commande","short_details":"Rania Matar \u2014 Radius Books","translator":null,"weight":1750,"page_count":144,"readership":null,"editor":"Radius Books","price":6900,"published_date":"2021-11-22T23:00:00.000000Z","support":"Grand format","publisher_availability":1,"stock":0,"editions":[],"url":"https:\/\/quaidesbrumes.com\/ouvrage\/9781942185833\/rania-matar-she"},{"id":"9783958298750","title":"Timm rautert otl aicher rotis \/anglais\/allemand","description":null,"authors":["Rautert Tim"],"category_codes":["6000000","6070000","6070200"],"visuals":{"large":"https:\/\/images.epagine.fr\/750\/9783958298750_1_75.jpg","medium":"https:\/\/images.epagine.fr\/750\/9783958298750_1_m.jpg","thumbnail":"https:\/\/images.epagine.fr\/750\/9783958298750_1_v.jpg"},"orderable":true,"show_badge":true,"formatted_price":"35,00&nbsp;\u20ac","formatted_published_date":"28 avril 2021","publisher_availability_label":"Sur commande","short_details":"Rautert Tim \u2014 Steidl","translator":null,"weight":600,"page_count":160,"readership":null,"editor":"Steidl","price":3500,"published_date":"2021-04-27T22:00:00.000000Z","support":"Grand format","publisher_availability":1,"stock":0,"editions":[],"url":"https:\/\/quaidesbrumes.com\/ouvrage\/9783958298750\/timm-rautert-otl-aicher-rotis-anglaisallemand"},{"id":"9783960700654","title":"John willheim : war of whispers inside the CIA's secret war","description":"Ce document in\u00e9dit contient le travail de documentation effectu\u00e9 pour la CIA par John Willheim \u00e0 la fin des ann\u00e9es 60 et au d\u00e9but des ann\u00e9es 70 au Laos. En parall\u00e8le de la guerre du Vietnam, tr\u00e8s m\u00e9diatis\u00e9e, s'y est en effet d\u00e9roul\u00e9 contre le Pathet Lao, soutenu par les communistes nord-vietnamiens, la plus grande guerre secr\u00e8te jamais men\u00e9e par les services secrets am\u00e9ricains. Jusqu'\u00e0 alors class\u00e9es confidentielles, les milliers d'images et quelques films et \u00e9crits pris par John Willheim t\u00e9moignent cinquante ans plus tard d'un \u00e9v\u00e8nement g\u00e9opolitique pratiquement oubli\u00e9. Il ram\u00e8ne aussi \u00e0 notre m\u00e9moire les membres de l'ethnie Lao Hmong, soutenus secr\u00e8tement dans sa guerilla contre le pouvoir central par les Etats-Unis puis abandonn\u00e9s \u00e0 la pers\u00e9cution apr\u00e8s la fin de la guerre.\r","authors":["John Willheim"],"category_codes":["6000000","6070000","6070200","6070205"],"visuals":{"large":"https:\/\/images.epagine.fr\/654\/9783960700654_1_75.jpg","medium":"https:\/\/images.epagine.fr\/654\/9783960700654_1_m.jpg","thumbnail":"https:\/\/images.epagine.fr\/654\/9783960700654_1_v.jpg"},"orderable":true,"show_badge":true,"formatted_price":"52,00&nbsp;\u20ac","formatted_published_date":"28 mai 2022","publisher_availability_label":"Sur commande","short_details":"John Willheim \u2014 Hartmann Books","translator":null,"weight":1101,"page_count":280,"readership":null,"editor":"Hartmann Books","price":5200,"published_date":"2022-05-27T22:00:00.000000Z","support":"Grand format","publisher_availability":1,"stock":0,"editions":[],"url":"https:\/\/quaidesbrumes.com\/ouvrage\/9783960700654\/john-willheim-war-of-whispers-inside-the-cias-secret-war"},{"id":"9783960700623","title":"Volker hinz hello. again. \/anglais\/allemand","description":"Catalogue d'une exposition retrospective au Kunsthalle der Sparkassenstiftung \u00e0 L\u00fcneburg, cet ouvrage pr\u00e9sente une large s\u00e9lection de photographies de Volker Hinz, photographe allemand embl\u00e9matique de l'\u00e2ge d'or de la photographie de presse allemande de la fin du si\u00e8cle dernier. Principalement connu pour ses portraits cultes de personnalit\u00e9s politiques et culturelles allemandes et internationales, il a aussi r\u00e9alis\u00e9 diverses s\u00e9ries documentaires lors de voyage, dont toute une s\u00e9rie dans les night clubs new-yorkais.\r","authors":["Burnett David\/Ruter"],"category_codes":["6000000","6070000","6070200"],"visuals":{"large":"https:\/\/images.epagine.fr\/623\/9783960700623_1_75.jpg","medium":"https:\/\/images.epagine.fr\/623\/9783960700623_1_m.jpg","thumbnail":"https:\/\/images.epagine.fr\/623\/9783960700623_1_v.jpg"},"orderable":true,"show_badge":true,"formatted_price":"40,00&nbsp;\u20ac","formatted_published_date":"15 f\u00e9vrier 2021","publisher_availability_label":"Sur commande","short_details":"Burnett David\/Ruter \u2014 Hartmann Books","translator":null,"weight":1250,"page_count":192,"readership":null,"editor":"Hartmann Books","price":4000,"published_date":"2021-02-14T23:00:00.000000Z","support":"Grand format","publisher_availability":1,"stock":0,"editions":[],"url":"https:\/\/quaidesbrumes.com\/ouvrage\/9783960700623\/volker-hinz-hello-again-anglaisallemand"},{"id":"9782705690298","title":"Penser au cin\u00e9ma","description":"Le cin\u00e9ma nous regarde, il en sait souvent plus sur nous et notre \u00e9poque que ce que nous croyons savoir sur lui. Il nous livre un instantan\u00e9 photographique du temps qui passe et ouvre la possibilit\u00e9 de la critique au coeur du divertissement. Cet art des masses est un art du monde, des peuples, du peupl\u00e9, du d\u00e9peupl\u00e9, du populaire, et parfois du populiste. Le cin\u00e9ma, ce n'est pas exactement le film, c'est ce qui, dans le film, ne rel\u00e8ve pas du sens, en quelque sorte la part folle et non th\u00e9ologique du film. Ce art exc\u00e8de son esth\u00e9tique, en rendant sensible en lui la trace des spectres, de l'oubli\u00e9, du sans-voix et du laiss\u00e9-pour-compte. \u00ab D\u00e8s qu'il eut franchi le pont, les fant\u00f4mes vinrent \u00e0 sa rencontre \u00bb, entend-on dans Nosferatu de Murnau. Ces traces ou ces apparitions de fant\u00f4mes sont ins\u00e9parables du r\u00eave et de la rem\u00e9moration qui a lieu au cin\u00e9ma. La pens\u00e9e est cin\u00e9matographique, depuis des temps imm\u00e9moriaux, elle r\u00eave et pense en cin\u00e9ma. Depuis que le cin\u00e9ma existe par ses films, depuis que prolif\u00e8rent ces singuli\u00e8res temporalisations des images par le mouvement, le cin\u00e9ma suscite, invente et innerve la pens\u00e9e.","authors":["Marc Goldschmidt","Eric Marty"],"category_codes":["6000000","6070000","6070300","6070304"],"visuals":{"large":"https:\/\/images.epagine.fr\/298\/9782705690298_1_75.jpg","medium":"https:\/\/images.epagine.fr\/298\/9782705690298_1_m.jpg","thumbnail":"https:\/\/images.epagine.fr\/298\/9782705690298_1_v.jpg"},"orderable":true,"show_badge":true,"formatted_price":"24,00&nbsp;\u20ac","formatted_published_date":"20 mai 2015","publisher_availability_label":"Sur commande","short_details":"Marc Goldschmidt, Eric Marty \u2014 Hermann","translator":null,"weight":304,"page_count":184,"readership":null,"editor":"Hermann","price":2400,"published_date":"2015-05-19T22:00:00.000000Z","support":"Grand format","publisher_availability":1,"stock":0,"editions":[],"url":"https:\/\/quaidesbrumes.com\/ouvrage\/9782705690298\/penser-au-cinema"},{"id":"9783961713516","title":"Fearless females : mothers, hunters and teachers","description":"In the lion world, only the females hunt-because they do it best! The boss of a hyena pack? An alpha female. Even the lowest-ranking female of the pack is superior to her male counterparts. As for praying mantises? They keep interaction with men to the essentials, eating them right after mating for added nutrition.\r\nThe first photo book to focus exclusively on the female of the species, Fearless Females is a fascinating account of \"feminine\" strength throughout the animal kingdom. With some 150 photographs, accompanied by remarkable facts and extraordinary stories, the book reveals the fierce, formidable, and fascinating antics of she lions, elephants, and many other creatures. A refreshing reappraisal of \"feminine\" behavior and a long overdue emancipation of nature and wildlife photography. Text in English and German.\r","authors":["Collectif"],"category_codes":["6000000","6070000","6070200","6070205"],"visuals":{"large":"https:\/\/images.epagine.fr\/516\/9783961713516_1_75.jpg","medium":"https:\/\/images.epagine.fr\/516\/9783961713516_1_m.jpg","thumbnail":"https:\/\/images.epagine.fr\/516\/9783961713516_1_v.jpg"},"orderable":true,"show_badge":true,"formatted_price":"45,00&nbsp;\u20ac","formatted_published_date":"26 octobre 2021","publisher_availability_label":"Sur commande","short_details":"Collectif \u2014 Teneues Verlag","translator":null,"weight":901,"page_count":208,"readership":null,"editor":"Teneues Verlag","price":4500,"published_date":"2021-10-25T22:00:00.000000Z","support":"Grand format","publisher_availability":1,"stock":0,"editions":[],"url":"https:\/\/quaidesbrumes.com\/ouvrage\/9783961713516\/fearless-females-mothers-hunters-and-teachers"},{"id":"9783961713752","title":"Vincent Peters : selected works","description":"Vincent Peters' photographs have left the fast-moving trends of fashion photography behind and become timeless works of art. Born in Bremen in 1969, Peters has been one of the most sought-after fashion and portrait photographers for over 25 years. With his signature black-and-white photography and exquisite lighting, his portraits look like snapshots from classic movies. Supermodels, stars, and legends have all stood before his camera - from Penelope Cruz and Rosamund Pike to Mickey Rourke and Matt Dillon. This new Collector's Edition with luxurious linen finish expands on Peters' bestselling book with 30 new images, all personally selected by Peters. A collection of astonishing portraits, in which the intimate urgency of the moment creates a timeless image.\r","authors":["Vincent Peters"],"category_codes":["6000000","6070000","6070200","6070205"],"visuals":{"large":"https:\/\/images.epagine.fr\/752\/9783961713752_1_75.jpg","medium":"https:\/\/images.epagine.fr\/752\/9783961713752_1_m.jpg","thumbnail":"https:\/\/images.epagine.fr\/752\/9783961713752_1_v.jpg"},"orderable":true,"show_badge":true,"formatted_price":"78,00&nbsp;\u20ac","formatted_published_date":"8 novembre 2021","publisher_availability_label":"Sur commande","short_details":"Vincent Peters \u2014 Teneues Verlag","translator":null,"weight":1501,"page_count":208,"readership":null,"editor":"Teneues Verlag","price":7800,"published_date":"2021-11-07T23:00:00.000000Z","support":"Grand format","publisher_availability":1,"stock":0,"editions":[],"url":"https:\/\/quaidesbrumes.com\/ouvrage\/9783961713752\/vincent-peters-selected-works"}]}