{"data":[{"id":"9782709639514","title":"La vie est si courte, apr\u00e8s tout ; retrouvailles avec Thierry","description":"Retrouvailles avec Thierry.Tout petit d\u00e9j\u00e0, cet enfant non d\u00e9sir\u00e9, celui qu'on appelait \u00ab le surplus \u00bb, n'a cess\u00e9 de vouloir se faire remarquer. Une sorte de revanche. Devenu gr\u00e2ce \u00e0 son charme \u00ab le poussin \u00bb, il r\u00e9alisera l'ambition refoul\u00e9e de sa m\u00e8re de devenir une star. \r\n\u00c0 deux ans, il s'installait \u00e0 table debout sur sa chaise pour arroser le d\u00e9jeuner de ses besoins pressants sous les rires enchant\u00e9s. \u00c0 quatre, il simulait un suicide pour s'attirer l'attention de sa soeur ; \u00e0 dix chez les scouts, il s'\u00e9tait constitu\u00e9 un public d\u00e9j\u00e0 captif en offrant ses premi\u00e8res imitations \u00e0 des admirateurs m\u00e9dus\u00e9s. Et \u00e0 dix-sept ans, il \u00e9tait une star ! \r\nSa famille n'ignorait rien de sa vie priv\u00e9e turbulente et mondaine, mais il \u00e9tait de bon ton de ne pas en parler... Aujourd'hui, sa soeur d\u00e9cide de l'\u00e9voquer avec une tr\u00e8s grande d\u00e9licatesse. \r\nVoici le portrait intime d'un homme secret, exigeant et parfois col\u00e9reux, \u00e0 la fois seul et tr\u00e8s entour\u00e9, tel qu'on ne vous l'avait encore jamais d\u00e9voil\u00e9. Thierry Le Luron aurait eu soixante et un ans en avril 2013.","authors":["Martine Simon-le luron"],"category_codes":["6000000","6070000","6070300"],"visuals":{"large":"https:\/\/images.epagine.fr\/514\/9782709639514_1_75.jpg","medium":"https:\/\/images.epagine.fr\/514\/9782709639514_1_m.jpg","thumbnail":"https:\/\/images.epagine.fr\/514\/9782709639514_1_v.jpg"},"orderable":true,"show_badge":true,"formatted_price":"19,00&nbsp;\u20ac","formatted_published_date":"6 mars 2013","publisher_availability_label":"Sur commande","short_details":"Martine Simon-le luron \u2014 JC Latt\u00e8s","translator":null,"weight":275,"page_count":300,"readership":null,"editor":"JC Latt\u00e8s","price":1900,"published_date":"2013-03-05T23:00:00.000000Z","support":"Grand format","publisher_availability":1,"stock":0,"editions":[],"url":"https:\/\/quaidesbrumes.com\/ouvrage\/9782709639514\/la-vie-est-si-courte-apres-tout-retrouvailles-avec-thierry"},{"id":"9782908901115","title":"Cinemas d'Isra\u00ebl","description":null,"authors":["Collectif"],"category_codes":["6000000","6070000","6070300","6070307"],"visuals":{"large":"https:\/\/images.epagine.fr\/115\/9782908901115_1_75.jpg","medium":"https:\/\/images.epagine.fr\/115\/9782908901115_1_m.jpg","thumbnail":"https:\/\/images.epagine.fr\/115\/9782908901115_1_v.jpg"},"orderable":true,"show_badge":true,"formatted_price":"18,29&nbsp;\u20ac","formatted_published_date":"1er octobre 1992","publisher_availability_label":"Sur commande","short_details":"Collectif \u2014 GrandPalaisRmn","translator":null,"weight":209,"page_count":null,"readership":null,"editor":"GrandPalaisRmn","price":1829,"published_date":"1992-09-30T23:00:00.000000Z","support":"Grand format","publisher_availability":1,"stock":0,"editions":[],"url":"https:\/\/quaidesbrumes.com\/ouvrage\/9782908901115\/cinemas-disrael"},{"id":"9782707328717","title":"Revue Critique n.814 : histoire et cin\u00e9ma : nouveaux cadrages","description":"Du cin\u00e9ma, Michel Foucault disait qu'il pouvait \u00ab faire passer de l'histoire \u00bb, dynamiser notre m\u00e9moire - ou au contraire la fossiliser. Tel est l'angle retenu, dans ce num\u00e9ro, pour explorer les relations souvent tumultueuses entre cin\u00e9ma et histoire. Le dossier r\u00e9uni par Dork Zabunyan pose la question des formes d'historicit\u00e9 du cin\u00e9ma : des proc\u00e9d\u00e9s par lesquels les images en mouvement deviennent archives pour l'historien et de la mani\u00e8re dont elles modifient corr\u00e9lativement ses mani\u00e8res d'\u00e9crire. Ophir Levy enqu\u00eate sur la fa\u00e7on dont Godard, \u00ab passeur d'histoire \u00bb, aborde la m\u00e9moire des \u00ab camps \u00bb et du g\u00e9nocide des Juifs. Pierre Eug\u00e8ne revient sur l'oeuvre critique de Serge Daney, constamment attentive aux moments o\u00f9 le cin\u00e9ma co\u00efncide avec son temps comme \u00e0 ceux o\u00f9, au contraire, il semble n'avoir plus prise sur lui. L'historienne Sylvie Lindeperg a beaucoup fait pour lever les r\u00e9sistances \u00e9pist\u00e9mologiques, encore fr\u00e9quentes, de ses pairs face aux \u00e9crans : Dork Zabunyan retrace ici son parcours et s'entretient avec elle en marge de son dernier livre, La Voie des images.","authors":["Revue Critique"],"category_codes":["6000000","6070000","6070300"],"visuals":{"large":"https:\/\/images.epagine.fr\/717\/9782707328717_1_75.jpg","medium":"https:\/\/images.epagine.fr\/717\/9782707328717_1_m.jpg","thumbnail":"https:\/\/images.epagine.fr\/717\/9782707328717_1_v.jpg"},"orderable":true,"show_badge":true,"formatted_price":"11,50&nbsp;\u20ac","formatted_published_date":"5 mars 2015","publisher_availability_label":"Sur commande","short_details":"Revue Critique \u2014 \u00c9ditions de Minuit","translator":null,"weight":114,"page_count":96,"readership":null,"editor":"\u00c9ditions de Minuit","price":1150,"published_date":"2015-03-04T23:00:00.000000Z","support":"Revue","publisher_availability":1,"stock":0,"editions":[],"url":"https:\/\/quaidesbrumes.com\/ouvrage\/9782707328717\/revue-critique-n814-histoire-et-cinema-nouveaux-cadrages"},{"id":"9782738461278","title":"LE BEAU T\u00c9N\u00c9BREUX \u00c0 L'\u00c9CRAN","description":"Le personnage du Beau T\u00e9n\u00e9breux se rencontre tout au long de la litt\u00e9rature, de Lancelot du Lac au livre de Julien Gracq qui porte ce titre. Pour les cin\u00e9philes, jaillissent imm\u00e9diatement des visages issus du Thriller, du Western, du cin\u00e9ma romanesque : Humphrey Bogart, Gary Cooper, Marlon Brando, Robert Mitchum pour l'Am\u00e9rique; Alain Delon, Charles Boyer, Pierre Blanchar, Laurent Terzieff pour la France. En Italie, Marcello Mastroianni; en Allemagne, Helmut Berger; en Su\u00e8de, Max von Sydow; en Pologne, Daniel Olbrychski. La persistance et l'universalit\u00e9 du personnage (ou du mythe) sont si fortes, que tout inventaire sera forc\u00e9ment incomplet. Et la subjectivit\u00e9 est ici aussi p\u00e9rilleuse que les caprices de la m\u00e9moire.","authors":["Genevi\u00e8ve Agel"],"category_codes":["6000000","6070000","6070200"],"visuals":{"large":"https:\/\/images.epagine.fr\/278\/9782738461278_1_75.jpg","medium":"https:\/\/images.epagine.fr\/278\/9782738461278_1_m.jpg","thumbnail":"https:\/\/images.epagine.fr\/278\/9782738461278_1_v.jpg"},"orderable":true,"show_badge":true,"formatted_price":"24,00&nbsp;\u20ac","formatted_published_date":"3 mai 2000","publisher_availability_label":"Sur commande","short_details":"Genevi\u00e8ve Agel \u2014 \u00c9ditions L'Harmattan","translator":null,"weight":340,"page_count":238,"readership":null,"editor":"\u00c9ditions L'Harmattan","price":2400,"published_date":"2000-05-02T22:00:00.000000Z","support":"Grand format","publisher_availability":1,"stock":0,"editions":[],"url":"https:\/\/quaidesbrumes.com\/ouvrage\/9782738461278\/le-beau-tenebreux-a-lecran"},{"id":"9782343140278","title":"Cin\u00e9ma et cordel j; eux de miroirs intertextualites","description":"\"Sylvie Debs pr\u00e9sente les liens du cin\u00e9ma br\u00e9silien avec les formes traditionnelles de l'expression artistique populaire. Cette relation entre cin\u00e9ma et univers du cordel au Br\u00e9sil se poursuit jusqu'\u00e0 nos jours. Une \u00e9tude de la cin\u00e9matographie br\u00e9silienne, prenant en compte les courts et longs-m\u00e9trages documentaires et de fiction, permet d'identifier environ une centaine de films produits en quarante ans : il y a ceux qui font des r\u00e9f\u00e9rences explicites \u00e0 l'univers du cordel et ceux qui ont donn\u00e9 lieu \u00e0 l'\u00e9criture d'un cordel.\"","authors":["Sylvie Debs"],"category_codes":["6000000","6070000","6070300","6070304"],"visuals":{"large":"https:\/\/images.epagine.fr\/278\/9782343140278_1_75.jpg","medium":"https:\/\/images.epagine.fr\/278\/9782343140278_1_m.jpg","thumbnail":"https:\/\/images.epagine.fr\/278\/9782343140278_1_v.jpg"},"orderable":true,"show_badge":true,"formatted_price":"29,00&nbsp;\u20ac","formatted_published_date":"10 septembre 2018","publisher_availability_label":"Sur commande","short_details":"Sylvie Debs \u2014 \u00c9ditions L'Harmattan","translator":null,"weight":400,"page_count":262,"readership":null,"editor":"\u00c9ditions L'Harmattan","price":2900,"published_date":"2018-09-09T22:00:00.000000Z","support":"Grand format","publisher_availability":1,"stock":0,"editions":[],"url":"https:\/\/quaidesbrumes.com\/ouvrage\/9782343140278\/cinema-et-cordel-j-eux-de-miroirs-intertextualites"},{"id":"9782488041065","title":"Les grandes puissances de mon c\u00c5'ur","description":"Pas marrante, la vie de la classe moyenne sup\u00e9rieure homosexuelle. \u00c0 moins qu'on ne s'appelle Mathieu Gerfaut, qu'on dirige un grand magazine gay et qu'on soit \u00e9pi\u00e9 par une bande de twinks terroristes ! Sous la surface de sa vie quotidienne, la violence circule : \u00e9conomique, intime, politique. Les voix s'entrechoquent, le temps se d\u00e9r\u00e8gle, la parano\u00efa s'installe. Quand la m\u00e9canique c\u00e8de, il ne reste plus qu'un homme ordinaire face \u00e0 ce qu'il a contribu\u00e9 \u00e0 produire. Entre satire sociale, d\u00e9rives fantasmatiques et tension grandissante, ce roman entend mener la normalisation gay au bord de la rupture.\r","authors":["Micka\u00ebl Temp\u00eate"],"category_codes":["6000000","6070000","6070300","6070303"],"visuals":{"large":"https:\/\/quaidesbrumes.com\/img\/book-placeholder.png","medium":"https:\/\/quaidesbrumes.com\/img\/book-placeholder.png","thumbnail":"https:\/\/quaidesbrumes.com\/img\/book-placeholder.png"},"orderable":false,"show_badge":true,"formatted_price":"12,00&nbsp;\u20ac","formatted_published_date":"16 octobre 2026","publisher_availability_label":"\u00c0 para\u00eetre","short_details":"Micka\u00ebl Temp\u00eate \u2014 \u00c9ditions Trou Noir","translator":null,"weight":0,"page_count":128,"readership":null,"editor":"\u00c9ditions Trou Noir","price":1200,"published_date":"2026-10-15T22:00:00.000000Z","support":"Grand format","publisher_availability":2,"stock":0,"editions":[],"url":"https:\/\/quaidesbrumes.com\/ouvrage\/9782488041065\/les-grandes-puissances-de-mon-caur"},{"id":"9791254630143","title":"Venice lab : reconsidering st. mark s square","description":"A photographic and textual documentation of David Chipperfield's long-awaited restoration of St Mark's Square.\r\n\r\nThis volume follows the long-anticipated restoration work on the Procuratie Vecchie in St Mark's Square in Venice, as overseen by David Chipperfield Architects. Thousands of people walk past the landmark each year, oblivious to what resides within. In April 2022, the building opened for the first time in 500 years, housing humanitarian organizations such as the Human Safety Net foundation.\r\nSt Mark's Square is often regarded as Venice's central community complex; Venice, in turn, is often regarded across the globe as an architectural mecca. Accordingly, the major restoration has drawn a number of critical reflections by both Italian and international thinkers. Venice Lab gathers these essays from scholars and artists, as well as interviews with the architects involved in the restoration, conveying the project's pluralistic vision for the lagoon city.","authors":["Luca Molinari"],"category_codes":["6000000","6070000","6070200","6070205"],"visuals":{"large":"https:\/\/images.epagine.fr\/143\/9791254630143_1_75.jpg","medium":"https:\/\/images.epagine.fr\/143\/9791254630143_1_m.jpg","thumbnail":"https:\/\/images.epagine.fr\/143\/9791254630143_1_v.jpg"},"orderable":true,"show_badge":true,"formatted_price":"45,00&nbsp;\u20ac","formatted_published_date":"4 octobre 2022","publisher_availability_label":"Sur commande","short_details":"Luca Molinari \u2014 Distributed Art Publishers","translator":null,"weight":1860,"page_count":256,"readership":null,"editor":"Distributed Art Publishers","price":4500,"published_date":"2022-10-03T22:00:00.000000Z","support":"Grand format","publisher_availability":1,"stock":0,"editions":[],"url":"https:\/\/quaidesbrumes.com\/ouvrage\/9791254630143\/venice-lab-reconsidering-st-mark-s-square"},{"id":"9791093699301","title":"Sur la pointe des aiguilles de ces jours","description":"Ce livre est n\u00e9 \u00e0 Prague, pendant la seconde guerre mondiale, de la collaboration entre le po\u00e8te surr\u00e9aliste Jind\u00c5(TM)ich Heisler et l'artiste Jind\u00c5(TM)ich \u00c5\u00a0tyrsk\u00fd. Le premier, juif, vivait alors cach\u00e9 pour \u00e9chapper aux pers\u00e9cutions nazies. Le second \u00e9tait \u00e0 l'article de la mort. D'abord diffus\u00e9e clandestinement \u00e0 la mani\u00e8re des samizdats, leur \u00c5'uvre donne \u00e0 voir une ville hant\u00e9e, dont les seuls habitants semblent des mannequins, des poup\u00e9es, des masques et des proth\u00e8ses. Au r\u00e9alisme fantastique des photographies de \u00c5\u00a0tyrsk\u00fd r\u00e9pond la prose hallucin\u00e9e de Heisler, ici donn\u00e9e dans une traduction du tch\u00e8que in\u00e9dite r\u00e9alis\u00e9e par lui-m\u00eame \u00e0 l'intention d'Andr\u00e9 Breton.\r","authors":["Jindrich Heisler","Jindrich Styrsky"],"category_codes":["6000000","6070000","6070200"],"visuals":{"large":"https:\/\/quaidesbrumes.com\/img\/book-placeholder.png","medium":"https:\/\/quaidesbrumes.com\/img\/book-placeholder.png","thumbnail":"https:\/\/quaidesbrumes.com\/img\/book-placeholder.png"},"orderable":false,"show_badge":true,"formatted_price":"18,00&nbsp;\u20ac","formatted_published_date":"30 octobre 2026","publisher_availability_label":"\u00c0 para\u00eetre","short_details":"Jindrich Heisler, Jindrich Styrsky \u2014 Prairial","translator":null,"weight":0,"page_count":80,"readership":null,"editor":"Prairial","price":1800,"published_date":"2026-10-29T23:00:00.000000Z","support":"Grand format","publisher_availability":2,"stock":0,"editions":[],"url":"https:\/\/quaidesbrumes.com\/ouvrage\/9791093699301\/sur-la-pointe-des-aiguilles-de-ces-jours"},{"id":"9782322550982","title":"La source tarie","description":"Il y a bien longtemps, dans un petit village de Kabylie, un incident bouleverse la vie des habitants: la source s'est tarie, rendant la vie impossible. Yasmina d\u00e9cide alors de partir en qu\u00eate de la source d'origine. En chemin, elle fait des rencontres inattendues qui l'aideront \u00e0 d\u00e9couvrir sa v\u00e9ritable destin\u00e9e.","authors":["Karen Gouaida"],"category_codes":["6000000","6070000","6070200"],"visuals":{"large":"https:\/\/images.epagine.fr\/982\/9782322550982_1_75.jpg","medium":"https:\/\/images.epagine.fr\/982\/9782322550982_1_m.jpg","thumbnail":"https:\/\/images.epagine.fr\/982\/9782322550982_1_v.jpg"},"orderable":true,"show_badge":true,"formatted_price":"20,90&nbsp;\u20ac","formatted_published_date":"10 d\u00e9cembre 2024","publisher_availability_label":"Sur commande","short_details":"Karen Gouaida \u2014 Books on Demand","translator":null,"weight":346,"page_count":38,"readership":null,"editor":"Books on Demand","price":2090,"published_date":"2024-12-09T23:00:00.000000Z","support":"Grand format","publisher_availability":1,"stock":0,"editions":[],"url":"https:\/\/quaidesbrumes.com\/ouvrage\/9782322550982\/la-source-tarie"},{"id":"9782343181271","title":"Le cinematographe selon Godard ; introduction aux histoire(s) du cin\u00e9ma ou r\u00e9flexion sur le temps des arts","description":"Consid\u00e9rer le cin\u00e9matographe comme un art apr\u00e8s plus d'un si\u00e8cle de d\u00e9bats n'est pas forc\u00e9ment une chose acquise. A l'exception  des initi\u00e9s (ceux qui font du cin\u00e9ma, qui \u00e9crivent et\/ou r\u00e9fl\u00e9chissent sur le cin\u00e9ma), qui oserait, parmi le grand public, mettre sur le m\u00eame plan de consid\u00e9ration les noms d'Hitchcock, Chaplin, Visconti, Welles... et ceux de Rembrandt, Hugo, Mozart, Rapha\u00ebl, Faulkner..? Tel est bien l'enjeu des Histoire(s) du cin\u00e9ma de Jean-Luc Godard.","authors":["Fr\u00e9d\u00e9ric Hardouin"],"category_codes":["6000000","6070000","6070300"],"visuals":{"large":"https:\/\/images.epagine.fr\/271\/9782343181271_1_75.jpg","medium":"https:\/\/images.epagine.fr\/271\/9782343181271_1_m.jpg","thumbnail":"https:\/\/images.epagine.fr\/271\/9782343181271_1_v.jpg"},"orderable":true,"show_badge":true,"formatted_price":"25,50&nbsp;\u20ac","formatted_published_date":"19 ao\u00fbt 2019","publisher_availability_label":"Sur commande","short_details":"Fr\u00e9d\u00e9ric Hardouin \u2014 \u00c9ditions L'Harmattan","translator":null,"weight":353,"page_count":222,"readership":null,"editor":"\u00c9ditions L'Harmattan","price":2550,"published_date":"2019-08-18T22:00:00.000000Z","support":"Grand format","publisher_availability":1,"stock":0,"editions":[],"url":"https:\/\/quaidesbrumes.com\/ouvrage\/9782343181271\/le-cinematographe-selon-godard-introduction-aux-histoires-du-cinema-ou-reflexion-sur-le-temps-des-arts"},{"id":"9782296027343","title":"De l'\u00e9crit a l'\u00e9cran : R\u00e9flexions sur l'adaptation cin\u00e9matographique - Recherches, applications et propositions","description":"A travers l'analyse d'un certain nombre d'exemples, cet ouvrage s'int\u00e9resse \u00e0 l'originalit\u00e9 du travail d'adaptation filmique d'oeuvres litt\u00e9raires pour montrer qu'il existe bien une autonomie de la cr\u00e9ation cin\u00e9matographique cons\u00e9cutive au travail d'adaptation.","authors":["Renaud Dumont"],"category_codes":["6000000","6070000","6070200"],"visuals":{"large":"https:\/\/images.epagine.fr\/343\/9782296027343_1_75.jpg","medium":"https:\/\/images.epagine.fr\/343\/9782296027343_1_m.jpg","thumbnail":"https:\/\/images.epagine.fr\/343\/9782296027343_1_v.jpg"},"orderable":true,"show_badge":true,"formatted_price":"14,50&nbsp;\u20ac","formatted_published_date":"14 f\u00e9vrier 2007","publisher_availability_label":"Sur commande","short_details":"Renaud Dumont \u2014 \u00c9ditions L'Harmattan","translator":null,"weight":200,"page_count":150,"readership":null,"editor":"\u00c9ditions L'Harmattan","price":1450,"published_date":"2007-02-13T23:00:00.000000Z","support":"Grand format","publisher_availability":1,"stock":0,"editions":[],"url":"https:\/\/quaidesbrumes.com\/ouvrage\/9782296027343\/de-lecrit-a-lecran-reflexions-sur-ladaptation-cinematographique-recherches-applications-et-propositions"},{"id":"9782296566170","title":"Nouveaux espaces de partage des savoirs ; dynamiques des r\u00e9seaux et politiques publiques","description":"Le savoir n'est plus l'apanage d'une cat\u00e9gorie de la population mais le r\u00e9sultat d'une co-construction dans laquelle l'expertise na\u00eet de l'intelligence collective. Les r\u00e9seaux sociaux et les plateformes construites \u00e0 cet effet r\u00e9v\u00e8lent de nouvelles dynamiques s'inscrivant dans des politiques publiques appropri\u00e9es. Cet ouvrage analyse ces diff\u00e9rents r\u00e9seaux, les dynamiques qui les sous-tendent et les politiques publiques sur lesquelles ils reposent.","authors":["Rocio Amador bautista","Alain Kiyindou"],"category_codes":["6000000","6070000","6070300"],"visuals":{"large":"https:\/\/images.epagine.fr\/170\/9782296566170_1_75.jpg","medium":"https:\/\/images.epagine.fr\/170\/9782296566170_1_m.jpg","thumbnail":"https:\/\/images.epagine.fr\/170\/9782296566170_1_v.jpg"},"orderable":true,"show_badge":true,"formatted_price":"24,00&nbsp;\u20ac","formatted_published_date":"9 d\u00e9cembre 2011","publisher_availability_label":"Sur commande","short_details":"Rocio Amador bautista, Alain Kiyindou \u2014 \u00c9ditions L'Harmattan","translator":null,"weight":280,"page_count":222,"readership":null,"editor":"\u00c9ditions L'Harmattan","price":2400,"published_date":"2011-12-08T23:00:00.000000Z","support":"Grand format","publisher_availability":1,"stock":0,"editions":[],"url":"https:\/\/quaidesbrumes.com\/ouvrage\/9782296566170\/nouveaux-espaces-de-partage-des-savoirs-dynamiques-des-reseaux-et-politiques-publiques"},{"id":"9781864708639","title":"New houses in asia","description":null,"authors":["Collectif"],"category_codes":["6000000","6070000","6070200"],"visuals":{"large":"https:\/\/images.epagine.fr\/639\/9781864708639_1_75.jpg","medium":"https:\/\/images.epagine.fr\/639\/9781864708639_1_m.jpg","thumbnail":"https:\/\/images.epagine.fr\/639\/9781864708639_1_v.jpg"},"orderable":true,"show_badge":true,"formatted_price":"50,00&nbsp;\u20ac","formatted_published_date":"12 octobre 2020","publisher_availability_label":"Sur commande","short_details":"Collectif \u2014 IMAGES PUBLISHING","translator":null,"weight":1500,"page_count":256,"readership":null,"editor":"IMAGES PUBLISHING","price":5000,"published_date":"2020-10-11T22:00:00.000000Z","support":"Grand format","publisher_availability":1,"stock":0,"editions":[],"url":"https:\/\/quaidesbrumes.com\/ouvrage\/9781864708639\/new-houses-in-asia"},{"id":"9782747505079","title":"GINETTE LECLERC : Le d\u00e9sir des hommes","description":"Ginette Leclerc a repr\u00e9sent\u00e9 la vamp id\u00e9ale des ann\u00e9es trente et quarante du grand cin\u00e9ma fran\u00e7ais en noir et blanc. Consid\u00e9r\u00e9e comme une vamp, elle a marqu\u00e9 son \u00e9poque et des films comme \" La Femme du Boulanger \" avec Raimu, ou \" Le Corbeau \". C'est la femme, plus secr\u00e8te qu'il n'y para\u00eet, qui va ici se d\u00e9couvrir, dans son intimit\u00e9 la plus m\u00e9connue... et la plus surprenante.","authors":["Christian Gilles"],"category_codes":["6000000","6070000","6070200"],"visuals":{"large":"https:\/\/images.epagine.fr\/079\/9782747505079_1_75.jpg","medium":"https:\/\/images.epagine.fr\/079\/9782747505079_1_m.jpg","thumbnail":"https:\/\/images.epagine.fr\/079\/9782747505079_1_v.jpg"},"orderable":true,"show_badge":true,"formatted_price":"16,00&nbsp;\u20ac","formatted_published_date":"1er novembre 2003","publisher_availability_label":"Sur commande","short_details":"Christian Gilles \u2014 \u00c9ditions L'Harmattan","translator":null,"weight":236,"page_count":174,"readership":null,"editor":"\u00c9ditions L'Harmattan","price":1600,"published_date":"2003-10-31T23:00:00.000000Z","support":"Grand format","publisher_availability":1,"stock":0,"editions":[],"url":"https:\/\/quaidesbrumes.com\/ouvrage\/9782747505079\/ginette-leclerc-le-desir-des-hommes"},{"id":"9788857247168","title":"Fulvio roiter high-rise new york \/anglais\/allemand","description":null,"authors":["Noel-Johnson Victori"],"category_codes":["6000000","6070000","6070200"],"visuals":{"large":"https:\/\/images.epagine.fr\/168\/9788857247168_1_75.jpg","medium":"https:\/\/images.epagine.fr\/168\/9788857247168_1_m.jpg","thumbnail":"https:\/\/images.epagine.fr\/168\/9788857247168_1_v.jpg"},"orderable":true,"show_badge":true,"formatted_price":"44,00&nbsp;\u20ac","formatted_published_date":"30 juillet 2022","publisher_availability_label":"Sur commande","short_details":"Noel-Johnson Victori \u2014 Skira","translator":null,"weight":800,"page_count":null,"readership":null,"editor":"Skira","price":4400,"published_date":"2022-07-29T22:00:00.000000Z","support":"Grand format","publisher_availability":1,"stock":0,"editions":[],"url":"https:\/\/quaidesbrumes.com\/ouvrage\/9788857247168\/fulvio-roiter-high-rise-new-york-anglaisallemand"},{"id":"9781636810539","title":"Objects of desire photography and the language of advertising \/anglais","description":null,"authors":["Rebecca Morse"],"category_codes":["6000000","6070000","6070200"],"visuals":{"large":"https:\/\/images.epagine.fr\/539\/9781636810539_1_75.jpg","medium":"https:\/\/images.epagine.fr\/539\/9781636810539_1_m.jpg","thumbnail":"https:\/\/images.epagine.fr\/539\/9781636810539_1_v.jpg"},"orderable":true,"show_badge":true,"formatted_price":"49,95&nbsp;\u20ac","formatted_published_date":"13 septembre 2022","publisher_availability_label":"Sur commande","short_details":"Rebecca Morse \u2014 Distributed Art Publishers","translator":null,"weight":1100,"page_count":null,"readership":null,"editor":"Distributed Art Publishers","price":4995,"published_date":"2022-09-12T22:00:00.000000Z","support":"Grand format","publisher_availability":1,"stock":0,"editions":[],"url":"https:\/\/quaidesbrumes.com\/ouvrage\/9781636810539\/objects-of-desire-photography-and-the-language-of-advertising-anglais"},{"id":"9781636811116","title":"Jay DeFeo photographic work","description":"Publi\u00e9e conjointement par Delmonico Books et la fondation Jay DeFeo, cette monographie sur l'artiste Jay DeFeo, associ\u00e9e \u00e0 la Beat Generation, qui a travaill\u00e9 de 1950 \u00e0 la fin des ann\u00e9es 90 \u00e0 San Francisco. Cet ouvrage reprend plus de 150 oeuvres photographiques, dont plusieurs in\u00e9dites, et pour la plupart reproduites \u00e0 taille r\u00e9elle. Apr\u00e8s l'ach\u00e8vement de son chef-d'oeuvre monumental The Rose en 1966, DeFeo a quitt\u00e9 San Francisco pour une petite maison dans le comt\u00e9 de Marin, en Californie. L\u00e0, elle s'est concentr\u00e9e sur la photographie. Pour une grande partie des ann\u00e9es 1970, elle a utilis\u00e9 l'objectif comme un outil pour regarder et penser, cr\u00e9er des images en noir et blanc tant\u00f4t fantastiques, tant\u00f4t documentaires de mani\u00e8re exp\u00e9rimentale, qui, dans son atelier, c\u00f4toient les peintures. Ses planches contact, dont certaines sont reproduites ici, pr\u00e9sentent souvent plusieurs vues d'un m\u00eame objet, r\u00e9v\u00e9lant la fa\u00e7on dont Jay DeFeo utilis\u00e9 l'appareil photo comme un outil de travail et d'esquisses. En 1972 elle \u00e9crit : \u00ab Mon int\u00e9r\u00eat pour la photographie a toujours \u00e9t\u00e9 parall\u00e8le \u00e0 mon expression de peintre. \u00bb","authors":["Jay DeFeo"],"category_codes":["6000000","6070000","6070200","6070205"],"visuals":{"large":"https:\/\/images.epagine.fr\/116\/9781636811116_1_75.jpg","medium":"https:\/\/images.epagine.fr\/116\/9781636811116_1_m.jpg","thumbnail":"https:\/\/images.epagine.fr\/116\/9781636811116_1_v.jpg"},"orderable":true,"show_badge":true,"formatted_price":"75,00&nbsp;\u20ac","formatted_published_date":"1er septembre 2023","publisher_availability_label":"Sur commande","short_details":"Jay DeFeo \u2014 Distributed Art Publishers","translator":null,"weight":1401,"page_count":256,"readership":null,"editor":"Distributed Art Publishers","price":7500,"published_date":"2023-08-31T22:00:00.000000Z","support":"Grand format","publisher_availability":1,"stock":0,"editions":[],"url":"https:\/\/quaidesbrumes.com\/ouvrage\/9781636811116\/jay-defeo-photographic-work"},{"id":"9782140348624","title":"Alternatives cin\u00e9matographiques et audiovisuelles Tome 1 : images hors-la-loi","description":"Comment le concept d'alternative, appliqu\u00e9 aux environnements cin\u00e9matographiques et audiovisuels, peut-il \u00eatre interrog\u00e9 au regard du cadre offert par la loi ? C'est \u00e0 cette question que deux num\u00e9ros des Cahiers de Champs Visuels tentent de r\u00e9pondre.  Dans le pr\u00e9sent volume, il est question des cadres l\u00e9gislatifs en vigueur, de leurs approximations et de leurs potentielles contradictions, ainsi que de leur confrontation aux environnements p\u00e9dagogiques, de cr\u00e9ation sur Internet, pornographiques ou encore de la vigilance citoyenne. Dans le second volume (n\u00b024), ce sont les oppositions exprim\u00e9es dans le cadre d'un environnement politique ou social r\u00e9pressif qui rencontrent le concept d'images hors-la-loi.","authors":["Michael Arlotto","Bruno Cailler","Cyril Laverger","Stefano Leoncini","Sophie Raimond","Christel Taillibert"],"category_codes":["6000000","6070000","6070300","6070304"],"visuals":{"large":"https:\/\/images.epagine.fr\/624\/9782140348624_1_75.jpg","medium":"https:\/\/images.epagine.fr\/624\/9782140348624_1_m.jpg","thumbnail":"https:\/\/images.epagine.fr\/624\/9782140348624_1_v.jpg"},"orderable":true,"show_badge":true,"formatted_price":"22,00&nbsp;\u20ac","formatted_published_date":"25 avril 2023","publisher_availability_label":"Sur commande","short_details":"Michael Arlotto, Bruno Cailler, Cyril Laverger, Stefano Leoncini, Sophie Raimond, Christel Taillibert \u2014 \u00c9ditions L'Harmattan","translator":null,"weight":255,"page_count":202,"readership":null,"editor":"\u00c9ditions L'Harmattan","price":2200,"published_date":"2023-04-24T22:00:00.000000Z","support":"Grand format","publisher_availability":1,"stock":0,"editions":[],"url":"https:\/\/quaidesbrumes.com\/ouvrage\/9782140348624\/alternatives-cinematographiques-et-audiovisuelles-tome-1-images-hors-la-loi"},{"id":"9782140348655","title":"Alternatives cin\u00e9matographiques et audiovisuelles Tome 2 : images hors-la-loi","description":"Comment le concept d'alternative, appliqu\u00e9 aux environnements cin\u00e9matographiques et audiovisuels, peut-il \u00eatre interrog\u00e9 au regard du cadre offert par la loi ? C'est \u00e0 cette question que deux num\u00e9ros des Cahiers de Champs Visuels tentent de r\u00e9pondre. Dans le premier volume (n\u00b023), il est question des cadres l\u00e9gislatifs en vigueur, de leurs approximations et de leurs potentielles contradictions, ainsi que de leur confrontation aux environnements p\u00e9dagogiques, de cr\u00e9ation sur Internet, pornographiques ou encore de la vigilance citoyenne. Dans le pr\u00e9sent volume, ce sont les oppositions exprim\u00e9es dans le cadre d'un environnement politique ou social r\u00e9pressif qui rencontrent le concept d'images hors-la-loi.","authors":["Michael Arlotto","Bruno Cailler","Cyril Laverger","Stefano Leoncini","Sophie Raimond","Christel Taillibert"],"category_codes":["6000000","6070000","6070300","6070303"],"visuals":{"large":"https:\/\/images.epagine.fr\/655\/9782140348655_1_75.jpg","medium":"https:\/\/images.epagine.fr\/655\/9782140348655_1_m.jpg","thumbnail":"https:\/\/images.epagine.fr\/655\/9782140348655_1_v.jpg"},"orderable":true,"show_badge":true,"formatted_price":"22,00&nbsp;\u20ac","formatted_published_date":"25 avril 2023","publisher_availability_label":"Sur commande","short_details":"Michael Arlotto, Bruno Cailler, Cyril Laverger, Stefano Leoncini, Sophie Raimond, Christel Taillibert \u2014 \u00c9ditions L'Harmattan","translator":null,"weight":254,"page_count":204,"readership":null,"editor":"\u00c9ditions L'Harmattan","price":2200,"published_date":"2023-04-24T22:00:00.000000Z","support":"Grand format","publisher_availability":1,"stock":0,"editions":[],"url":"https:\/\/quaidesbrumes.com\/ouvrage\/9782140348655\/alternatives-cinematographiques-et-audiovisuelles-tome-2-images-hors-la-loi"},{"id":"9788417047641","title":"Sandra Eleta : el entorno invisible","description":null,"authors":["Sandra Eleta"],"category_codes":["6000000","6070000","6070200","6070205"],"visuals":{"large":"https:\/\/images.epagine.fr\/641\/9788417047641_1_75.jpg","medium":"https:\/\/images.epagine.fr\/641\/9788417047641_1_m.jpg","thumbnail":"https:\/\/images.epagine.fr\/641\/9788417047641_1_v.jpg"},"orderable":true,"show_badge":true,"formatted_price":"56,00&nbsp;\u20ac","formatted_published_date":"1er d\u00e9cembre 2018","publisher_availability_label":"Sur commande","short_details":"Sandra Eleta \u2014 Rm Editorial","translator":null,"weight":1300,"page_count":null,"readership":null,"editor":"Rm Editorial","price":5600,"published_date":"2018-11-30T23:00:00.000000Z","support":"Grand format","publisher_availability":1,"stock":0,"editions":[],"url":"https:\/\/quaidesbrumes.com\/ouvrage\/9788417047641\/sandra-eleta-el-entorno-invisible"},{"id":"9788419233400","title":"Yvonne Venegas : the pencil of nature","description":"A photographic examination of gendered poses on and off camera.\r\n\r\nCalifornia-born, Mexico City-based photographer Yvonne Venegas (born 1971) juxtaposes women's poses in photographs taken by men with the poses of men in celebrated examples of self-portraiture, questioning the link between gender and nature by highlighting the plasticity of bodies in front of the camera.","authors":["Yvonne Venegas"],"category_codes":["6000000","6070000","6070200","6070205"],"visuals":{"large":"https:\/\/images.epagine.fr\/400\/9788419233400_1_75.jpg","medium":"https:\/\/images.epagine.fr\/400\/9788419233400_1_m.jpg","thumbnail":"https:\/\/images.epagine.fr\/400\/9788419233400_1_v.jpg"},"orderable":true,"show_badge":true,"formatted_price":"36,00&nbsp;\u20ac","formatted_published_date":"2 mars 2023","publisher_availability_label":"Sur commande","short_details":"Yvonne Venegas \u2014 Rm Editorial","translator":null,"weight":500,"page_count":116,"readership":null,"editor":"Rm Editorial","price":3600,"published_date":"2023-03-01T23:00:00.000000Z","support":"Grand format","publisher_availability":1,"stock":0,"editions":[],"url":"https:\/\/quaidesbrumes.com\/ouvrage\/9788419233400\/yvonne-venegas-the-pencil-of-nature"},{"id":"9789464665116","title":"Jurgen maelfeyt kaskcinema","description":null,"authors":["Maelfeyt Jurgen"],"category_codes":["6000000","6070000","6070200"],"visuals":{"large":"https:\/\/images.epagine.fr\/116\/9789464665116_1_75.jpg","medium":"https:\/\/images.epagine.fr\/116\/9789464665116_1_m.jpg","thumbnail":"https:\/\/images.epagine.fr\/116\/9789464665116_1_v.jpg"},"orderable":true,"show_badge":true,"formatted_price":"25,00&nbsp;\u20ac","formatted_published_date":"8 novembre 2022","publisher_availability_label":"Sur commande","short_details":"Maelfeyt Jurgen \u2014 Ape Art Paper","translator":null,"weight":200,"page_count":null,"readership":null,"editor":"Ape Art Paper","price":2500,"published_date":"2022-11-07T23:00:00.000000Z","support":"Grand format","publisher_availability":1,"stock":0,"editions":[],"url":"https:\/\/quaidesbrumes.com\/ouvrage\/9789464665116\/jurgen-maelfeyt-kaskcinema"},{"id":"9783958299085","title":"Dayanita singh book building \/anglais","description":null,"authors":["Dayanita Singh"],"category_codes":["6000000","6070000","6070200"],"visuals":{"large":"https:\/\/images.epagine.fr\/085\/9783958299085_1_75.jpg","medium":"https:\/\/images.epagine.fr\/085\/9783958299085_1_m.jpg","thumbnail":"https:\/\/images.epagine.fr\/085\/9783958299085_1_v.jpg"},"orderable":true,"show_badge":true,"formatted_price":"28,00&nbsp;\u20ac","formatted_published_date":"1er juin 2022","publisher_availability_label":"Sur commande","short_details":"Dayanita Singh \u2014 Steidl","translator":null,"weight":650,"page_count":null,"readership":null,"editor":"Steidl","price":2800,"published_date":"2022-05-31T22:00:00.000000Z","support":"Grand format","publisher_availability":1,"stock":0,"editions":[],"url":"https:\/\/quaidesbrumes.com\/ouvrage\/9783958299085\/dayanita-singh-book-building-anglais"},{"id":"9780847899357","title":"Frank Stewart's nexus","description":"Frank Stewart s Nexus presents an overview of the career of this noted photographer, who since the 1960s has captured spontaneous and sensitive portrayals of African American culture in many forms, including art, food, dance, and music especially jazz. Best known for his work as senior photographer for Jazz at Lincoln Center, Stewart captured energetic street scenes and profound landscapes on his worldwide travels with the orchestra. The intimate and subtle relations between and among people are at the heart of Stewart s art, whether shot at a Manhattan jazz concert, in the studio of artist Romare Bearden, or during a sacred rite in an African village. This sweeping survey of 103 images, with an artist interview and texts by multiple critical voices, illuminates the evolution of a remarkable career.","authors":["Wynton Marsalis"],"category_codes":["6000000","6070000","6070200","6070205"],"visuals":{"large":"https:\/\/images.epagine.fr\/357\/9780847899357_1_75.jpg","medium":"https:\/\/images.epagine.fr\/357\/9780847899357_1_m.jpg","thumbnail":"https:\/\/images.epagine.fr\/357\/9780847899357_1_v.jpg"},"orderable":true,"show_badge":true,"formatted_price":"64,00&nbsp;\u20ac","formatted_published_date":"6 avril 2023","publisher_availability_label":"Sur commande","short_details":"Wynton Marsalis \u2014 Rizzoli","translator":null,"weight":600,"page_count":208,"readership":null,"editor":"Rizzoli","price":6400,"published_date":"2023-04-05T22:00:00.000000Z","support":"Beaux-livres","publisher_availability":1,"stock":0,"editions":[],"url":"https:\/\/quaidesbrumes.com\/ouvrage\/9780847899357\/frank-stewarts-nexus"}]}