{"data":[{"id":"9783865218131","title":"Robert Frank ; portfolio","description":null,"authors":["Robert Frank"],"category_codes":["6000000","6070000","6070200"],"visuals":{"large":"https:\/\/images.epagine.fr\/131\/9783865218131_1_75.jpg","medium":"https:\/\/images.epagine.fr\/131\/9783865218131_1_m.jpg","thumbnail":"https:\/\/images.epagine.fr\/131\/9783865218131_1_v.jpg"},"orderable":true,"show_badge":true,"formatted_price":"35,00&nbsp;\u20ac","formatted_published_date":"15 octobre 2009","publisher_availability_label":"Sur commande","short_details":"Robert Frank \u2014 Steidl","translator":null,"weight":401,"page_count":null,"readership":null,"editor":"Steidl","price":3500,"published_date":"2009-10-14T22:00:00.000000Z","support":"Grand format","publisher_availability":1,"stock":0,"editions":[],"url":"https:\/\/quaidesbrumes.com\/ouvrage\/9783865218131\/robert-frank-portfolio"},{"id":"9782367834061","title":"Raoul Ruiz, Dialogues transatlantiques","description":"Entre le Chili, o\u00f9 il est n\u00e9 et o\u00f9 il a tourn\u00e9 ses premiers films, et l'Europe, et plus particuli\u00e8rement la France, o\u00f9 il s'est install\u00e9 \u00e0 la suite de son exil forc\u00e9 de 1973, Raoul Ruiz a construit une oeuvre prot\u00e9iforme qui n'a jamais cess\u00e9 de faire dialoguer les cultures, mais aussi les expressions artistiques -films, productions t\u00e9l\u00e9visuelles, \u00e9crits de fiction, th\u00e9\u00e2tre-, et les dimensions pratique et th\u00e9orique.\r\nCet ouvrage collectif propose, en fran\u00e7ais et en espagnol, un aper\u00e7u sur les \u00e9changes qui ont lieu aujourd'hui autour de son oeuvre, en confrontant les points de vue europ\u00e9ens -France, Italie, Espagne- et am\u00e9ricains -Chili, Argentine, Canada-, en \u00e9cho avec le parcours bio-filmographique du cin\u00e9aste-th\u00e9oricien, et ses va-et-vient entre les deux continents.\r\nCette oeuvre complexe est \u00e9tudi\u00e9e \u00e0 partir de quatre grandes probl\u00e9matiques : l'importance de la question de l'exil dans la biographie et les films de Ruiz, les singularit\u00e9s de sa th\u00e9orie cin\u00e9matographique, ses adaptations litt\u00e9raires et ses exp\u00e9rimentations sur les formes filmiques. Ces analyses sont compl\u00e9t\u00e9es par un recueil de t\u00e9moignages de quelques collaborateurs du cin\u00e9aste.","authors":["Pierre Beylot","Andrea Cabezas Vargas","Emmanuel Plasseraud"],"category_codes":["6000000","6070000","6070300","6070305"],"visuals":{"large":"https:\/\/images.epagine.fr\/061\/9782367834061_1_75.jpg","medium":"https:\/\/images.epagine.fr\/061\/9782367834061_1_m.jpg","thumbnail":"https:\/\/images.epagine.fr\/061\/9782367834061_1_v.jpg"},"orderable":true,"show_badge":true,"formatted_price":"29,95&nbsp;\u20ac","formatted_published_date":"28 novembre 2024","publisher_availability_label":"Sur commande","short_details":"Pierre Beylot, Andrea Cabezas Vargas, Emmanuel Plasseraud \u2014 Orbis Tertius","translator":null,"weight":500,"page_count":330,"readership":null,"editor":"Orbis Tertius","price":2995,"published_date":"2024-11-27T23:00:00.000000Z","support":"Grand format","publisher_availability":1,"stock":0,"editions":[],"url":"https:\/\/quaidesbrumes.com\/ouvrage\/9782367834061\/raoul-ruiz-dialogues-transatlantiques"},{"id":"9788836656493","title":"Martine Franck : Uno sguardo sugli altri","description":"Le pr\u00e9sent ouvrage a pour ambition de mieux faire conna\u00eetre l'importante contribution visuelle de cette grande figure f\u00e9minine de la photographie du dernier tiers du XXe si\u00e8cle qu'\u00e9tait Martine Franck. Ce livre c\u00e9l\u00e8bre ses images les plus connues sur l'enfance, le grand \u00e2ge, ou le th\u00e9\u00e2tre, dont certaines sont devenues des ic\u00f4nes. Mais il r\u00e9v\u00e8le \u00e9galement des pans entiers de son oeuvre, sur la repr\u00e9sentation du travail, les mouvements f\u00e9ministes, ou la soci\u00e9t\u00e9 de consommation, qui, jusqu'\u00e0 pr\u00e9sent, ont peu \u00e9t\u00e9 montr\u00e9s. Cette nouvelle synth\u00e8se r\u00e9v\u00e8le ainsi au grand public une artiste sinc\u00e8rement humaniste, profond\u00e9ment engag\u00e9e dans son \u00e9poque, et pour laquelle l'appareil photographique a \u00e9t\u00e9 un entremetteur privil\u00e9gi\u00e9 pour regarder les autres.","authors":["Cl\u00e9ment Ch\u00e9roux"],"category_codes":["6000000","6070000","6070200","6070205"],"visuals":{"large":"https:\/\/images.epagine.fr\/493\/9788836656493_1_75.jpg","medium":"https:\/\/images.epagine.fr\/493\/9788836656493_1_m.jpg","thumbnail":"https:\/\/images.epagine.fr\/493\/9788836656493_1_v.jpg"},"orderable":true,"show_badge":true,"formatted_price":"38,00&nbsp;\u20ac","formatted_published_date":"28 ao\u00fbt 2024","publisher_availability_label":"Sur commande","short_details":"Cl\u00e9ment Ch\u00e9roux \u2014 Silvana Editoriale","translator":null,"weight":1160,"page_count":208,"readership":null,"editor":"Silvana Editoriale","price":3800,"published_date":"2024-08-27T22:00:00.000000Z","support":"Grand format","publisher_availability":1,"stock":0,"editions":[],"url":"https:\/\/quaidesbrumes.com\/ouvrage\/9788836656493\/martine-franck-uno-sguardo-sugli-altri"},{"id":"9782322541409","title":"Des Femmes dans le Monde : Photographies humanistes dans le monde","description":"Des femmes dans le monde, photographies r\u00e9alis\u00e9es au cours des voyages. Des photographies humanistes.","authors":["Michel Berberian"],"category_codes":["6000000","6070000","6070200"],"visuals":{"large":"https:\/\/images.epagine.fr\/409\/9782322541409_1_75.jpg","medium":"https:\/\/images.epagine.fr\/409\/9782322541409_1_m.jpg","thumbnail":"https:\/\/images.epagine.fr\/409\/9782322541409_1_v.jpg"},"orderable":true,"show_badge":true,"formatted_price":"57,99&nbsp;\u20ac","formatted_published_date":"24 juillet 2024","publisher_availability_label":"Sur commande","short_details":"Michel Berberian \u2014 Books on Demand","translator":null,"weight":444,"page_count":100,"readership":null,"editor":"Books on Demand","price":5799,"published_date":"2024-07-23T22:00:00.000000Z","support":"Grand format","publisher_availability":1,"stock":0,"editions":[],"url":"https:\/\/quaidesbrumes.com\/ouvrage\/9782322541409\/des-femmes-dans-le-monde-photographies-humanistes-dans-le-monde"},{"id":"9782846822572","title":"Le monde est marrant (vu \u00e0 la t\u00e9l\u00e9)","description":"Ce volume rassemble une s\u00e9rie de chroniques sur la t\u00e9l\u00e9vision, parues bimensuellement, pendant deux ans, dans le magazine Le Matricule des anges. On y \u00e9voque par exemple des s\u00e9ries comme Cam\u00e9ra Caf\u00e9, des documentaires comme L'Odyss\u00e9e de l'esp\u00e8ce, des \u00e9missions \u00ab culturelles \u00bb comme Corpus Christi, etc. Mais il ne s'agit pas d'un essai sur la t\u00e9l\u00e9vision : savamment pensif, forc\u00e9ment critique, naturellement moralisateur et fulminant. C'est plut\u00f4t la confession d'un qui presque chaque soir (aux heures de pr\u00e9f\u00e9rence les pires, celles dites \u00ab de grande \u00e9coute \u00bb) se vautre devant la bo\u00eete \u00e0 vider les cerveaux. Qu'est-ce qui pousse \u00e0 communier dans l'idol\u00e2trie devant ce petit autel d'insignifiance et de trivialit\u00e9 ? Pourquoi aimer \u00e0 ce point une telle servitude ? Allumer le r\u00e9cepteur, c'est ouvrir un dictionnaire des id\u00e9es re\u00e7ues, une encyclop\u00e9die des veuleries du si\u00e8cle, le Quid de ses snobismes, de son mauvais go\u00fbt mercantile, de ses violences spectaculaires ou doucereuses. Rien de plus navrant que la vie et le monde vus \u00e0 la t\u00e9l\u00e9. Mais, \u00e0 ce point de b\u00eatise et de crudit\u00e9, rien non plus de plus marrant. Facile : suffit de zapper, \u00e0 la fois constern\u00e9 et hilare ; puis, en \u00e0 peine acc\u00e9l\u00e9r\u00e9, rien qu'un peu d\u00e9cal\u00e9, de d\u00e9crire les images plates et de recopier les dialogues chromos qui d\u00e9boulent, de journaux t\u00e9l\u00e9vis\u00e9s saucissonn\u00e9s en grande solderie de s\u00e9ries plan\u00e9taires, via les bouffonneries publicitaires, les c\u00e9r\u00e9monies m\u00e9t\u00e9orologiques, les sitcoms m\u00e9nagers, les feuilletons tiroir-caisse et les docu-fictions en peau de lapin pour les presque nuls. Tout est l\u00e0. Et hop, moteur : tout tourne \u00e0 la farce, c'est guignol, c'est carnaval !\r","authors":["Christian Prigent"],"category_codes":["6000000","6070000","6070300"],"visuals":{"large":"https:\/\/images.epagine.fr\/572\/9782846822572_1_75.jpg","medium":"https:\/\/images.epagine.fr\/572\/9782846822572_1_m.jpg","thumbnail":"https:\/\/images.epagine.fr\/572\/9782846822572_1_v.jpg"},"orderable":true,"show_badge":true,"formatted_price":"11,15&nbsp;\u20ac","formatted_published_date":"12 juin 2008","publisher_availability_label":"Sur commande","short_details":"Christian Prigent \u2014 P.O.L.","translator":null,"weight":100,"page_count":96,"readership":null,"editor":"P.O.L.","price":1115,"published_date":"2008-06-11T22:00:00.000000Z","support":"Grand format","publisher_availability":1,"stock":0,"editions":[],"url":"https:\/\/quaidesbrumes.com\/ouvrage\/9782846822572\/le-monde-est-marrant-vu-a-la-tele"},{"id":"9781576875681","title":"It s always darkest before","description":null,"authors":["Kost Jeremy"],"category_codes":["6000000","6070000","6070200"],"visuals":{"large":"https:\/\/images.epagine.fr\/681\/9781576875681_1_75.jpg","medium":"https:\/\/images.epagine.fr\/681\/9781576875681_1_m.jpg","thumbnail":"https:\/\/images.epagine.fr\/681\/9781576875681_1_v.jpg"},"orderable":true,"show_badge":true,"formatted_price":"35,00&nbsp;\u20ac","formatted_published_date":"1er avril 2011","publisher_availability_label":"Sur commande","short_details":"Kost Jeremy \u2014 Powerhouse","translator":null,"weight":701,"page_count":150,"readership":null,"editor":"Powerhouse","price":3500,"published_date":"2011-03-31T22:00:00.000000Z","support":"Grand format","publisher_availability":1,"stock":0,"editions":[],"url":"https:\/\/quaidesbrumes.com\/ouvrage\/9781576875681\/it-s-always-darkest-before"},{"id":"9783869306056","title":"Mauro d'agati marzia s family","description":"Mauro D'Agati a rencontr\u00e9 la jeune Marzia sur une plage de Palerme en 2007. En cinq ann\u00e9es, il documente son passage de l'enfance \u00e0 l'adolescence : leurs vacances au camping dans la zone industrielle de Termini Imerese, les repas de famille, la Premi\u00e8re Communion avec son fr\u00e8re Claudio. Il dresse ainsi en filigrane un portrait de la Sicile contemporaine sous un angle social.\r","authors":["Mauro D'agati"],"category_codes":["6000000","6070000","6070200"],"visuals":{"large":"https:\/\/images.epagine.fr\/056\/9783869306056_1_75.jpg","medium":"https:\/\/images.epagine.fr\/056\/9783869306056_1_m.jpg","thumbnail":"https:\/\/images.epagine.fr\/056\/9783869306056_1_v.jpg"},"orderable":true,"show_badge":true,"formatted_price":"40,00&nbsp;\u20ac","formatted_published_date":"2 juillet 2015","publisher_availability_label":"Sur commande","short_details":"Mauro D'agati \u2014 Steidl","translator":null,"weight":1800,"page_count":96,"readership":null,"editor":"Steidl","price":4000,"published_date":"2015-07-01T22:00:00.000000Z","support":"Grand format","publisher_availability":1,"stock":0,"editions":[],"url":"https:\/\/quaidesbrumes.com\/ouvrage\/9783869306056\/mauro-dagati-marzia-s-family"},{"id":"9782200270346","title":"Les pens\u00e9es figurales de l'image","description":"La th\u00e9orie et l'analyse du film ont connu au d\u00e9but des ann\u00e9es 1970, sous l'impulsion d'une red\u00e9couverte du texte qui fonde la psychanalyse freudienne, L'interpr\u00e9tation des r\u00eaves, une v\u00e9ritable r\u00e9volution herm\u00e9neutique. Cet essai se propose de parcourir quelques-unes des grandes pens\u00e9es figurales de l'image qui ont marqu\u00e9 l'histoire de l'art et la th\u00e9orie du cin\u00e9ma. \r\nJacques Aumont, Hubert Damisch, Georges Didi-Huberman, Philippe Dubois, Louis Marin ou Christian Metz ont chacun \u00e0 leur mani\u00e8re dessin\u00e9 l'architecture conceptuelle de cette nouvelle \u00e9conomie du visible. Leurs avanc\u00e9es th\u00e9oriques sont examin\u00e9es dans ce livre et accompagn\u00e9es des analyses de films qui en explorent la port\u00e9e. \r\nEn soumettant l'image \u00e0 un nouveau mod\u00e8le de compr\u00e9hension, l'auteur entend ainsi montrer que l'analyse figurale est solidaire d'une ph\u00e9nom\u00e9nologie de l'image et d'une po\u00e9tique du film, attentive aux proc\u00e9d\u00e9s de figuration qui rendent possibles de nouveaux agencements du texte filmique. \r\n\r\nLuc Vancheri est ma\u00eetre de conf\u00e9rences (HDR) en \u00e9tudes cin\u00e9matographiques \u00e0 l'universit\u00e9 Lyon 2. Il enseigne l'esth\u00e9tique du cin\u00e9ma et la th\u00e9orie des images. Derniers ouvrages parus : Cin\u00e9ma et Peinture (2007), Cin\u00e9mas contemporains (2009) et Images contemporaines (dir., 2010).","authors":["Luc Vancheri"],"category_codes":["6000000","6070000","6070300"],"visuals":{"large":"https:\/\/images.epagine.fr\/346\/9782200270346_1_75.jpg","medium":"https:\/\/images.epagine.fr\/346\/9782200270346_1_m.jpg","thumbnail":"https:\/\/images.epagine.fr\/346\/9782200270346_1_v.jpg"},"orderable":true,"show_badge":true,"formatted_price":"25,00&nbsp;\u20ac","formatted_published_date":"15 juin 2011","publisher_availability_label":"Sur commande","short_details":"Luc Vancheri \u2014 Armand Colin","translator":null,"weight":345,"page_count":224,"readership":null,"editor":"Armand Colin","price":2500,"published_date":"2011-06-14T22:00:00.000000Z","support":"Grand format","publisher_availability":1,"stock":0,"editions":[],"url":"https:\/\/quaidesbrumes.com\/ouvrage\/9782200270346\/les-pensees-figurales-de-limage"},{"id":"9782200255954","title":"Les archives audiovisuelles","description":"Cette synth\u00e8se r\u00e9pond\u00a0aux questions essentielles, longtemps ignor\u00e9es en raison de la jeunesse des m\u00e9dias audiovisuels et de l\u00b4absence de recul et de politique en mati\u00e8re de conservation des documents. Elle dresse un bilan des fonds disponibles (supports, proc\u00e9dures de restauration et de conservation, num\u00e9risation, acc\u00e8s aux fonds), pr\u00e9sente les institutions d\u00e9positaires, enfin interroge la d\u00e9marche archivistique audiovisuelle\u00a0 : statut des documents et des acteurs, valorisation des collections, identification des sources, mise en lumi\u00e8re des usages et enjeux politiques...\r","authors":["Jacques Guyot","Thierry Rolland"],"category_codes":["6000000","6070000","6070300"],"visuals":{"large":"https:\/\/images.epagine.fr\/954\/9782200255954_1_75.jpg","medium":"https:\/\/images.epagine.fr\/954\/9782200255954_1_m.jpg","thumbnail":"https:\/\/images.epagine.fr\/954\/9782200255954_1_v.jpg"},"orderable":true,"show_badge":true,"formatted_price":"24,90&nbsp;\u20ac","formatted_published_date":"15 juin 2011","publisher_availability_label":"Sur commande","short_details":"Jacques Guyot, Thierry Rolland \u2014 Armand Colin","translator":null,"weight":298,"page_count":192,"readership":null,"editor":"Armand Colin","price":2490,"published_date":"2011-06-14T22:00:00.000000Z","support":"Grand format","publisher_availability":1,"stock":0,"editions":[],"url":"https:\/\/quaidesbrumes.com\/ouvrage\/9782200255954\/les-archives-audiovisuelles"},{"id":"9782709630825","title":"J'ai grandi dans des salles obscures","description":"Gauthier Jurgensen est un amoureux du cin\u00e9ma, sous toutes ses formes, des grands succ\u00e8s populaires aux films plus confidentiels. Sa passion a pu tourner \u00e0 l'obsession : certains films, il les a revus 10, 20 fois ou plus jamais, de peur de g\u00e2cher leur souvenir. Sans ces films, qui serait-il devenu ? Ils lui ont permis de se d\u00e9couvrir, de d\u00e9couvrir le monde, de regarder la vie \u00e0 travers les yeux de ses acteurs et r\u00e9alisateurs f\u00e9tiches comme Dustin Hoffman, Jim Jarmuch, George Lucas, les fr\u00e8res Coen... Qu'aurait-il compris \u00e0 sa vie sans certaines sc\u00e8nes de Matrix ou de La Haine, du Laur\u00e9at ou de La R\u00e8gle du jeu, de La Guerre des \u00e9toiles ou de Ghost Dog ? Gauthier Jurgensen aurait pu c\u00e9der \u00e0 la tentation de s\u00e9lectionner les quarante meilleurs films de tous les temps. Il a pr\u00e9f\u00e9r\u00e9 choisir ceux qui avaient du sens pour lui : \u00ab Ce sont mes films \u00e0 moi (...) Ils m'ont tout appris, m'ont guid\u00e9. Certains me relient \u00e0 mes parents, d'autres \u00e0 mes soeurs, d'autres \u00e0 mes chers amis, d'autres aux \u00e9tudes que j'ai choisies. Je n'ai pas de fr\u00e8res. Les films comblent ce manque. Mon p\u00e8re, ma m\u00e8re, mes films et mes soeurs \u00bb. Gr\u00e2ce \u00e0 ce lien fort, intime avec le cin\u00e9ma, J'ai grandi dans des salles obscures r\u00e9v\u00e8le un jeune homme sensible, plein de pudeur et de po\u00e9sie, aux prises avec les choix prochains d'une vie d'adulte, les amours contrari\u00e9es, la douleur de grandir, mais aussi la joie des transmissions familiales, lorsque la complicit\u00e9 s'installe autour de certains films, entre p\u00e8re et fils, entre m\u00e8re et fils... Une \u00e9vocation intimiste des films et le portrait d'un jeune homme des ann\u00e9es 1990-2000 qui trouve sa voie gr\u00e2ce au cin\u00e9ma.","authors":["Jurgensen-G"],"category_codes":["6000000","6070000","6070300"],"visuals":{"large":"https:\/\/images.epagine.fr\/825\/9782709630825_1_75.jpg","medium":"https:\/\/images.epagine.fr\/825\/9782709630825_1_m.jpg","thumbnail":"https:\/\/images.epagine.fr\/825\/9782709630825_1_v.jpg"},"orderable":true,"show_badge":true,"formatted_price":"14,70&nbsp;\u20ac","formatted_published_date":"5 novembre 2008","publisher_availability_label":"Sur commande","short_details":"Jurgensen-G \u2014 JC Latt\u00e8s","translator":null,"weight":232,"page_count":202,"readership":null,"editor":"JC Latt\u00e8s","price":1470,"published_date":"2008-11-04T23:00:00.000000Z","support":"Grand format","publisher_availability":1,"stock":0,"editions":[],"url":"https:\/\/quaidesbrumes.com\/ouvrage\/9782709630825\/jai-grandi-dans-des-salles-obscures"},{"id":"9783869307848","title":"A-chan salt n vinegar","description":"La photographe japonaise, assistante de Robert Frank depuis 2007, poursuit son travail personnel tir\u00e9 de sa vie quotidienne.\r","authors":["Steidl"],"category_codes":["6000000","6070000","6070200"],"visuals":{"large":"https:\/\/images.epagine.fr\/848\/9783869307848_1_75.jpg","medium":"https:\/\/images.epagine.fr\/848\/9783869307848_1_m.jpg","thumbnail":"https:\/\/images.epagine.fr\/848\/9783869307848_1_v.jpg"},"orderable":true,"show_badge":true,"formatted_price":"40,00&nbsp;\u20ac","formatted_published_date":"1er avril 2016","publisher_availability_label":"Sur commande","short_details":"Steidl \u2014 Steidl","translator":null,"weight":400,"page_count":72,"readership":null,"editor":"Steidl","price":4000,"published_date":"2016-03-31T22:00:00.000000Z","support":"Grand format","publisher_availability":1,"stock":0,"editions":[],"url":"https:\/\/quaidesbrumes.com\/ouvrage\/9783869307848\/a-chan-salt-n-vinegar"},{"id":"9782709633512","title":"Une vie en direct","description":"Mes 50 ans de t\u00e9l\u00e9vision passionTout le monde connait Jean-Claude Narcy, son c\u00f4t\u00e9 gentleman, rassurant et passionn\u00e9. De ses premiers grands moments en Alg\u00e9rie ou en juillet 69, il couvre le premier homme sur la Lune en compagnie de Philippe Labro jusqu'\u00e0 l'\u00e9lection de Barack Obama, il a tout connu. Pr\u00e9sentateur du journal de 20 heures pendant longtemps puis aujourd'hui ma\u00eetre des grands \u00e9v\u00e8nements, il a v\u00e9cu la privatisation de TF1, l'enterrement de Lady Di et de Michael Jackson etc...c'est en temps qu'observateur tr\u00e8s privil\u00e9gi\u00e9 du monde et de ses coulisses qu'il nous donne aussi son opinion sur l'\u00e9volution de la t\u00e9l\u00e9vision, sur les grandeurs et les petitesses de son m\u00e9tier dans un livre riche de souvenirs et de r\u00e9flexions.","authors":["Jean-claude Narcy"],"category_codes":["6000000","6070000","6070300"],"visuals":{"large":"https:\/\/images.epagine.fr\/512\/9782709633512_1_75.jpg","medium":"https:\/\/images.epagine.fr\/512\/9782709633512_1_m.jpg","thumbnail":"https:\/\/images.epagine.fr\/512\/9782709633512_1_v.jpg"},"orderable":true,"show_badge":true,"formatted_price":"20,90&nbsp;\u20ac","formatted_published_date":"20 janvier 2010","publisher_availability_label":"Sur commande","short_details":"Jean-claude Narcy \u2014 JC Latt\u00e8s","translator":null,"weight":378,"page_count":286,"readership":"Tout public","editor":"JC Latt\u00e8s","price":2090,"published_date":"2010-01-19T23:00:00.000000Z","support":"Grand format","publisher_availability":1,"stock":0,"editions":[],"url":"https:\/\/quaidesbrumes.com\/ouvrage\/9782709633512\/une-vie-en-direct"},{"id":"9782738486035","title":"La mise en sc\u00e8ne du discours audiovisuel","description":"Les technologies audiovisuelles permettent une repr\u00e9sentation analogique fine du monde sensible. Elles induisent de ce fait une confusion fr\u00e9quente entre r\u00e9cit et discours, d'une part, r\u00e9alit\u00e9 et fiction, d'autre part. Il serait donc opportun d'\u00e9tablir une th\u00e9orie pragmatique de la repr\u00e9sentation audiovisuelle qui permette de rendre \u00e0 chacun son d\u00fb : le contenu \u00e0 l'\u00e9v\u00e9nement, l'expression au narrateur et l'interpr\u00e9tation au spectateur.\r","authors":["Pierre Barboza","Bruno Bonu","Jean-paul Desgoutte","Pascal Froissart","Marc Relieu"],"category_codes":["6000000","6070000","6070300"],"visuals":{"large":"https:\/\/images.epagine.fr\/035\/9782738486035_1_75.jpg","medium":"https:\/\/images.epagine.fr\/035\/9782738486035_1_m.jpg","thumbnail":"https:\/\/images.epagine.fr\/035\/9782738486035_1_v.jpg"},"orderable":true,"show_badge":true,"formatted_price":"14,50&nbsp;\u20ac","formatted_published_date":"1er d\u00e9cembre 1999","publisher_availability_label":"Sur commande","short_details":"Pierre Barboza, Bruno Bonu, Jean-paul Desgoutte, Pascal Froissart, Marc Relieu \u2014 \u00c9ditions L'Harmattan","translator":null,"weight":198,"page_count":136,"readership":null,"editor":"\u00c9ditions L'Harmattan","price":1450,"published_date":"1999-11-30T23:00:00.000000Z","support":"Grand format","publisher_availability":1,"stock":0,"editions":[],"url":"https:\/\/quaidesbrumes.com\/ouvrage\/9782738486035\/la-mise-en-scene-du-discours-audiovisuel"},{"id":"9783958297920","title":"Henry Leutwyler : Philippe Halsman ; a photographer's life","description":"Henry Leutwyler creates a unique photo-biography from Halsman's possessions.\r\n\r\nIn this book New York-based photographer Henry Leutwyler (born 1961) documents the professional and private life of renowned Life magazine photographer Philippe Halsman, who had a total of 101 Life covers to his name--more than any other photographer. Leutwyler first saw Halsman's work as a teenager in an exhibition at the International Center of Photography in 1979; now, more than 40 years later, his fascination has finally found fruition.\r\n\r\nWith his trademark approach, both forensic and imaginative, he teases out the meanings held within inanimate objects and how they reveal their owner's personality. In close collaboration with the Halsman Archive, Leutwyler has photographed hundreds of objects belonging to Halsman--from his cameras to his glasses, from his passport to a range of letters (from Janet Leigh, Richard Avedon and Richard Nixon, to name but a few), from table-tennis bats and balls to a collection of jewel-like, paper-wrapped soaps from around the world--in the words of Halsman's grandson Oliver Halsman Rosenberg, \"magical evidence of a time that will never exist again.\"\r","authors":["Henry Leutwyler"],"category_codes":["6000000","6070000","6070200","6070205"],"visuals":{"large":"https:\/\/images.epagine.fr\/920\/9783958297920_1_75.jpg","medium":"https:\/\/images.epagine.fr\/920\/9783958297920_1_m.jpg","thumbnail":"https:\/\/images.epagine.fr\/920\/9783958297920_1_v.jpg"},"orderable":true,"show_badge":true,"formatted_price":"75,00&nbsp;\u20ac","formatted_published_date":"25 d\u00e9cembre 2022","publisher_availability_label":"Sur commande","short_details":"Henry Leutwyler \u2014 Steidl","translator":null,"weight":1401,"page_count":400,"readership":null,"editor":"Steidl","price":7500,"published_date":"2022-12-24T23:00:00.000000Z","support":"Grand format","publisher_availability":1,"stock":0,"editions":[],"url":"https:\/\/quaidesbrumes.com\/ouvrage\/9783958297920\/henry-leutwyler-philippe-halsman-a-photographers-life"},{"id":"9780847868858","title":"America's national  historic trails","description":"From the battlefields of the American Revolution to the trails blazed by the pioneers, lands explored by Lewis and Clark and covered by the Pony Express, to the civil-rights marches of Selma and Montgomery, this is the official book of the country's 19 National Historic Trails. These trails range from 54 miles to more than 5,000 and feature historic and interpretive sites to be explored on foot and sometimes by paddle, sail, bicycle, horse, or by car on backcountry roads. Totaling 37,000 miles through 41 states, our entire national experience comes to life on these trails--from Native American history to the settlement of the colonies, westward expansion, and civil rights--and they are beautifully depicted in this large-format volume.\r","authors":["Karen Berger","Ken Burns","Dayton Duncan"],"category_codes":["6000000","6070000","6070200","6070205"],"visuals":{"large":"https:\/\/images.epagine.fr\/858\/9780847868858_1_75.jpg","medium":"https:\/\/images.epagine.fr\/858\/9780847868858_1_m.jpg","thumbnail":"https:\/\/images.epagine.fr\/858\/9780847868858_1_v.jpg"},"orderable":true,"show_badge":true,"formatted_price":"62,00&nbsp;\u20ac","formatted_published_date":"13 octobre 2020","publisher_availability_label":"Sur commande","short_details":"Karen Berger, Ken Burns, Dayton Duncan \u2014 Rizzoli","translator":null,"weight":1201,"page_count":320,"readership":null,"editor":"Rizzoli","price":6200,"published_date":"2020-10-12T22:00:00.000000Z","support":"Grand format","publisher_availability":1,"stock":0,"editions":[],"url":"https:\/\/quaidesbrumes.com\/ouvrage\/9780847868858\/americas-national-historic-trails"},{"id":"9782212117721","title":"Mettre en sc\u00e8ne pour le cin\u00e9ma ; mouvements d'acteurs et de cam\u00e9ras","description":"Cet ouvrage destin\u00e9 aux apprentis r\u00e9alisateurs, cin\u00e9ma ou vid\u00e9o, propose un catalogue d'id\u00e9es de mise en sc\u00e8ne couvrant un vaste champ de situations dramatiques et de styles de cadrage. \u00c0 travers une douzaine d'\u00e9tudes de cas compl\u00e8tes, des story-boards tr\u00e8s d\u00e9taill\u00e9s et comment\u00e9s d\u00e9crivent ainsi les mouvements de cam\u00e9ras et des acteurs, ainsi que les diagrammes des d\u00e9cors et d'espaces de jeu de s\u00e9quences plus ou moins complexes, tout en tenant compte des \u00e9ventuelles difficult\u00e9s techniques pos\u00e9es par chaque strat\u00e9gie de mise en sc\u00e8ne. Chacun de ces ateliers propose \u00e9galement des plannings pr\u00e9visionnels adapt\u00e9s et offre les conseils pratiques d'un r\u00e9alisateur professionnel.Comme le pr\u00e9c\u00e9dent opus de Steven D. Katz, R\u00e9aliser ses films plan par plan, ce manuel de r\u00e9f\u00e9rence s'adresse \u00e0 tous les \u00e9tudiants en \u00e9coles de cin\u00e9ma, classes pr\u00e9pa, BTS audiovisuels et aux lyc\u00e9ens qui suivent une option cin\u00e9ma-audiovisuel.","authors":["Steven D. Katz"],"category_codes":["6000000","6070000","6070300"],"visuals":{"large":"https:\/\/images.epagine.fr\/721\/9782212117721_1_75.jpg","medium":"https:\/\/images.epagine.fr\/721\/9782212117721_1_m.jpg","thumbnail":"https:\/\/images.epagine.fr\/721\/9782212117721_1_v.jpg"},"orderable":true,"show_badge":true,"formatted_price":"26,00&nbsp;\u20ac","formatted_published_date":"16 f\u00e9vrier 2006","publisher_availability_label":"Sur commande","short_details":"Steven D. Katz \u2014 \u00c9ditions Eyrolles","translator":null,"weight":601,"page_count":280,"readership":null,"editor":"\u00c9ditions Eyrolles","price":2600,"published_date":"2006-02-15T23:00:00.000000Z","support":"Grand format","publisher_availability":1,"stock":0,"editions":[],"url":"https:\/\/quaidesbrumes.com\/ouvrage\/9782212117721\/mettre-en-scene-pour-le-cinema-mouvements-dacteurs-et-de-cameras"},{"id":"9782200281212","title":"Le clip ; histoire et esth\u00e9tique","description":"Aujourd'hui un clip peut \u00eatre partag\u00e9 sur Facebook ou sur YouTube, passer sur MTV au fond d'un bar, ou bien sortir en DVD sign\u00e9 d'un r\u00e9alisateur reconnu. On peut aussi le retrouver dans le programme d'un festival de cin\u00e9ma, dans un spectacle vivant m\u00ealant sons et lumi\u00e8res, ou encore dans les salles d'un mus\u00e9e d'art contemporain. Au coeur d'enjeux financiers colossaux, le clip conserve pourtant cette aura de gratuit\u00e9, aux deux sens du terme, qui a contribu\u00e9 \u00e0 son succ\u00e8s et qui fait sa l\u00e9g\u00e8ret\u00e9. Ainsi s'inspire-t-il de quantit\u00e9 de formes d'art et les influence-t-il en retour. Quel autre objet r\u00e9alise cet exploit d'occuper tout \u00e0 tour tant de fonctions, d'usages et de statuts sociaux ? Des Beatles \u00e0 Gangnam Style, de Thriller \u00e0 Lady Gaga en passant par Michel Gondry et le Top 50, l'ouvrage propose les cl\u00e9s historiques, esth\u00e9tiques et th\u00e9matiques du ph\u00e9nom\u00e8ne clip.","authors":["Laurent Jullier","Julien P\u00e9quignot"],"category_codes":["6000000","6070000","6070300"],"visuals":{"large":"https:\/\/images.epagine.fr\/212\/9782200281212_1_75.jpg","medium":"https:\/\/images.epagine.fr\/212\/9782200281212_1_m.jpg","thumbnail":"https:\/\/images.epagine.fr\/212\/9782200281212_1_v.jpg"},"orderable":true,"show_badge":true,"formatted_price":"25,90&nbsp;\u20ac","formatted_published_date":"3 juillet 2013","publisher_availability_label":"Sur commande","short_details":"Laurent Jullier, Julien P\u00e9quignot \u2014 Armand Colin","translator":null,"weight":348,"page_count":224,"readership":null,"editor":"Armand Colin","price":2590,"published_date":"2013-07-02T22:00:00.000000Z","support":"Grand format","publisher_availability":1,"stock":0,"editions":[],"url":"https:\/\/quaidesbrumes.com\/ouvrage\/9782200281212\/le-clip-histoire-et-esthetique"},{"id":"9783961715688","title":"It's all about metallics","description":"Shine, Shine! Metal has always fascinated the world of fashion. Its dazzling appearance makes outfits radiate in a truly special way. Reason enough for Suzanne Middlemass to dedicate an entire thematic volume of the successful It's All About series, which explores extravagant styling trends of our time.\r\n\r\nSuzanne is one of the best street-style photographers of our time. ","authors":["Suzanne Middlemass"],"category_codes":["6000000","6070000","6070200","6070205"],"visuals":{"large":"https:\/\/images.epagine.fr\/688\/9783961715688_1_75.jpg","medium":"https:\/\/images.epagine.fr\/688\/9783961715688_1_m.jpg","thumbnail":"https:\/\/images.epagine.fr\/688\/9783961715688_1_v.jpg"},"orderable":true,"show_badge":true,"formatted_price":"32,00&nbsp;\u20ac","formatted_published_date":"13 mai 2024","publisher_availability_label":"Sur commande","short_details":"Suzanne Middlemass \u2014 Teneues Verlag","translator":null,"weight":891,"page_count":192,"readership":null,"editor":"Teneues Verlag","price":3200,"published_date":"2024-05-12T22:00:00.000000Z","support":"Grand format","publisher_availability":1,"stock":0,"editions":[],"url":"https:\/\/quaidesbrumes.com\/ouvrage\/9783961715688\/its-all-about-metallics"},{"id":"9782212129885","title":"La st\u00e9r\u00e9oscopie num\u00e9rique ; tourner, \u00e9diter, diffuser, imprimer, projeter","description":"L'\u00e9mergence r\u00e9cente de la 3D-relief dans tous les aspects de la production audiovisuelle est due \u00e0 la pr\u00e9cision et la qualit\u00e9 des traitements num\u00e9riques qui, seuls, permettent d'atteindre un niveau de qualit\u00e9 confortable pour le spectateur. La vari\u00e9t\u00e9 des m\u00e9dias concern\u00e9s par l'image en relief est impressionnante : elle va du cin\u00e9ma \u00e0 l'impression papier en passant par la t\u00e9l\u00e9vision et la diffusion sur Internet. Comment percevons-nous des objets en relief ? Comment pouvons-nous prendre des photos et filmer en relief ? Quels sont les traitements informatiques indispensables \u00e0 la production d'images en relief de qualit\u00e9 ? Comment diffuser et afficher des images en 3D ? Cet ouvrage s'adresse aux \u00e9tudiants en audiovisuel et \u00e0 tous ceux qui veulent se lancer dans l'image en relief, tels les professionnels qui, la pratiquant d\u00e9j\u00e0, d\u00e9sirent en approfondir les techniques. Il vous fera d\u00e9couvrir les bases de la st\u00e9r\u00e9oscopie et aborde les aspects moins connus de la cha\u00eene de production, comme la conversion 2D-3D, le stockage, la transmission en temps r\u00e9el pour la t\u00e9l\u00e9vision, de m\u00eame que les diverses m\u00e9thodes d'affichage des images en relief.\r","authors":["Beno\u00eet Michel"],"category_codes":["6000000","6070000","6070300"],"visuals":{"large":"https:\/\/images.epagine.fr\/885\/9782212129885_1_75.jpg","medium":"https:\/\/images.epagine.fr\/885\/9782212129885_1_m.jpg","thumbnail":"https:\/\/images.epagine.fr\/885\/9782212129885_1_v.jpg"},"orderable":true,"show_badge":true,"formatted_price":"42,50&nbsp;\u20ac","formatted_published_date":"24 novembre 2011","publisher_availability_label":"Sur commande","short_details":"Beno\u00eet Michel \u2014 \u00c9ditions Eyrolles","translator":null,"weight":1028,"page_count":287,"readership":null,"editor":"\u00c9ditions Eyrolles","price":4250,"published_date":"2011-11-23T23:00:00.000000Z","support":"Grand format","publisher_availability":1,"stock":0,"editions":[],"url":"https:\/\/quaidesbrumes.com\/ouvrage\/9782212129885\/la-stereoscopie-numerique-tourner-editer-diffuser-imprimer-projeter"},{"id":"9782747568678","title":"Mathew Brady ; photographe de Lincoln","description":"Mathew Brady, personnage m\u00e9connu de l'Histoire des Etats-Unis, fut le premier reporter photographe des temps modernes : il entreprit, \u00e0 l'aide d'une \u00e9quipe d'op\u00e9rateurs qu'il forma, d'enregistrer sur de fragiles plaques de verre les op\u00e9rations de la Guerre de S\u00e9cession, p\u00e9riode charni\u00e8re dans la formation de l'Am\u00e9rique d'aujourd'hui.  Il fut aussi le photographe \u00e0 la mode, l'ami et le confident de toutes les c\u00e9l\u00e9brit\u00e9s am\u00e9ricaines de l'\u00e9poque. Sa renomm\u00e9e fut telle qu'il eut le privil\u00e8ge, au cours d'un voyage en Europe, de photographier Alphonse de Lamartine et Victor Hugo.\r","authors":["Meredith Roy","Rene Boissel"],"category_codes":["6000000","6070000","6070200"],"visuals":{"large":"https:\/\/images.epagine.fr\/678\/9782747568678_1_75.jpg","medium":"https:\/\/images.epagine.fr\/678\/9782747568678_1_m.jpg","thumbnail":"https:\/\/images.epagine.fr\/678\/9782747568678_1_v.jpg"},"orderable":true,"show_badge":true,"formatted_price":"21,50&nbsp;\u20ac","formatted_published_date":"1er novembre 2004","publisher_availability_label":"Sur commande","short_details":"Meredith Roy, Rene Boissel \u2014 \u00c9ditions L'Harmattan","translator":"RENE BOISSEL","weight":314,"page_count":230,"readership":null,"editor":"\u00c9ditions L'Harmattan","price":2150,"published_date":"2004-10-31T23:00:00.000000Z","support":"Grand format","publisher_availability":1,"stock":0,"editions":[],"url":"https:\/\/quaidesbrumes.com\/ouvrage\/9782747568678\/mathew-brady-photographe-de-lincoln"},{"id":"9782363063625","title":"La fabrique d'un mus\u00e9e : Mus\u00e9e des beaux-arts de Rennes ; Maurepas","description":"Situ\u00e9 au nord-est de la ville de Rennes, le quartier de Maurepas a \u00e9t\u00e9 construit entre les ann\u00e9es 1950 et 1970 sur le mod\u00e8le des grands ensembles. Il est particuli\u00e8rement riche de ses initiatives artistiques et culturelles. R\u00e9sidences d'artistes, ateliers cr\u00e9atifs et \u00e9v\u00e9nements festifs sont r\u00e9guli\u00e8rement propos\u00e9s et port\u00e9s par les habitants, associations et \u00e9quipements de quartier. Depuis 2014, un important programme de r\u00e9novation urbaine est en cours dans le quartier. Parmi les prochaines transformations et am\u00e9nagements, en lien avec l'arriv\u00e9e de la ligne b du m\u00e9tro et l'ouverture de la station Gros-Ch\u00eane, un nouvel espace du Mus\u00e9e des beaux-arts de Rennes d'une surface de 400 m\u00b2 ouvrira \u00e0 la fin de l'ann\u00e9e 2024, au pied de l'immeuble dit \u00ab La Banane \u00bb, au croisement du boulevard Emmanuel Mounier et de la rue de la Marbaudais. Une ludoth\u00e8que et un espace d'accueil de jeunes enfants g\u00e9r\u00e9s par le centre social s'installeront dans les locaux adjacents et des liens \u00e9troits ont d\u00e9j\u00e0 \u00e9t\u00e9 tiss\u00e9s avec la biblioth\u00e8que de quartier et le p\u00f4le associatif de la Marbaudais. Le Mus\u00e9e des beaux-arts - Maurepas accueillera des oeuvres d'art anciennes et contemporaines issues des collections. Deux expositions temporaires seront pr\u00e9sent\u00e9es chaque ann\u00e9e. Ce lieu enti\u00e8rement gratuit se veut ouvert sur son environnement et proposera une nouvelle relation entre les visiteurs et le mus\u00e9e. L'une des deux expositions annuelles sera imagin\u00e9e avec les habitants, \u00e0 travers diff\u00e9rents modes de collaboration. Un groupe de volontaires, Les Complices, est d\u00e9j\u00e0 engag\u00e9 dans un travail de r\u00e9flexion sur les prochaines \u00e9tapes du projet, avec l'\u00e9quipe du mus\u00e9e. L'exposition inaugurale du Mus\u00e9e des beaux-arts - Maurepas est con\u00e7ue par l'artiste Isabelle Arthuis en collaboration avec Fran\u00e7ois Coulon, conservateur au mus\u00e9e.","authors":["Candice Hazouard","Benjamin Sabatier"],"category_codes":["6000000","6070000","6070200"],"visuals":{"large":"https:\/\/images.epagine.fr\/625\/9782363063625_1_75.jpg","medium":"https:\/\/images.epagine.fr\/625\/9782363063625_1_m.jpg","thumbnail":"https:\/\/images.epagine.fr\/625\/9782363063625_1_v.jpg"},"orderable":true,"show_badge":true,"formatted_price":"20,00&nbsp;\u20ac","formatted_published_date":"12 d\u00e9cembre 2024","publisher_availability_label":"Sur commande","short_details":"Candice Hazouard, Benjamin Sabatier \u2014 Bernard Chauveau","translator":null,"weight":200,"page_count":64,"readership":null,"editor":"Bernard Chauveau","price":2000,"published_date":"2024-12-11T23:00:00.000000Z","support":"Grand format","publisher_availability":1,"stock":0,"editions":[],"url":"https:\/\/quaidesbrumes.com\/ouvrage\/9782363063625\/la-fabrique-dun-musee-musee-des-beaux-arts-de-rennes-maurepas"},{"id":"9782711857876","title":"Ferrante Ferranti ; le ch\u00e2teau d'Ecouen sous l'oeil du photographe","description":null,"authors":["Collectif"],"category_codes":["6000000","6070000","6070200"],"visuals":{"large":"https:\/\/images.epagine.fr\/876\/9782711857876_1_75.jpg","medium":"https:\/\/images.epagine.fr\/876\/9782711857876_1_m.jpg","thumbnail":"https:\/\/images.epagine.fr\/876\/9782711857876_1_v.jpg"},"orderable":true,"show_badge":true,"formatted_price":"7,00&nbsp;\u20ac","formatted_published_date":"15 juin 2010","publisher_availability_label":"Sur commande","short_details":"Collectif \u2014 GrandPalaisRmn","translator":null,"weight":162,"page_count":null,"readership":null,"editor":"GrandPalaisRmn","price":700,"published_date":"2010-06-14T22:00:00.000000Z","support":"Grand format","publisher_availability":1,"stock":0,"editions":[],"url":"https:\/\/quaidesbrumes.com\/ouvrage\/9782711857876\/ferrante-ferranti-le-chateau-decouen-sous-loeil-du-photographe"},{"id":"9782343124001","title":"Rome et l'histoire ; quand le mythe fait \u00e9cran","description":"Le mythe de Rome charrie d'\u00e9ternels fantasmes, qui sont exploit\u00e9s \u00e0 Cinecitt\u00e0 comme \u00e0 Hollywood par la f\u00e9conde veine du p\u00e9plum, qui revivifie l'\u00e9pop\u00e9e en la repr\u00e9sentant. \"Qu'est-ce que Rome\" quand l'\u00e9cran s'en saisit, question lancinante qui hante les trois films ici interrog\u00e9s : Spartacus, La Chute de l'Empire romain et Gladiator ?\r","authors":["Monique Clavel-l\u00e9v\u00eaque","Laure L\u00e9v\u00eaque"],"category_codes":["6000000","6070000","6070300","6070303"],"visuals":{"large":"https:\/\/images.epagine.fr\/001\/9782343124001_1_75.jpg","medium":"https:\/\/images.epagine.fr\/001\/9782343124001_1_m.jpg","thumbnail":"https:\/\/images.epagine.fr\/001\/9782343124001_1_v.jpg"},"orderable":true,"show_badge":true,"formatted_price":"33,50&nbsp;\u20ac","formatted_published_date":"18 juillet 2017","publisher_availability_label":"Sur commande","short_details":"Monique Clavel-l\u00e9v\u00eaque, Laure L\u00e9v\u00eaque \u2014 \u00c9ditions L'Harmattan","translator":null,"weight":462,"page_count":302,"readership":null,"editor":"\u00c9ditions L'Harmattan","price":3350,"published_date":"2017-07-17T22:00:00.000000Z","support":"Grand format","publisher_availability":1,"stock":0,"editions":[],"url":"https:\/\/quaidesbrumes.com\/ouvrage\/9782343124001\/rome-et-lhistoire-quand-le-mythe-fait-ecran"},{"id":"9782296097018","title":"World politics & parapolitics 2006 : computer-assisted text analysis of international media headlines","description":"If political science is the study of politics and the use of political power as it presents itself on the public scene, \"Parapolitics\" is the study of the use of political power that is not presented on the public scene. This corpus of texts consists of the \"Timeline\" section of each issue of the electronic journal, Intelligence published in 2006 by the French Association pour le Droit \u00e0 l'information (ADI). This unique data set of world political and parapolitical headlines has been made available free of charge to all fully-paid Intelligence subscribers.\r","authors":["Mathilde de Saint l\u00e9ger","Karl Van Meter"],"category_codes":["6000000","6070000","6070300"],"visuals":{"large":"https:\/\/images.epagine.fr\/018\/9782296097018_1_75.jpg","medium":"https:\/\/images.epagine.fr\/018\/9782296097018_1_m.jpg","thumbnail":"https:\/\/images.epagine.fr\/018\/9782296097018_1_v.jpg"},"orderable":true,"show_badge":true,"formatted_price":"24,50&nbsp;\u20ac","formatted_published_date":"15 juin 2009","publisher_availability_label":"Sur commande","short_details":"Mathilde de Saint l\u00e9ger, Karl Van Meter \u2014 \u00c9ditions L'Harmattan","translator":null,"weight":405,"page_count":228,"readership":null,"editor":"\u00c9ditions L'Harmattan","price":2450,"published_date":"2009-06-14T22:00:00.000000Z","support":"Grand format","publisher_availability":1,"stock":0,"editions":[],"url":"https:\/\/quaidesbrumes.com\/ouvrage\/9782296097018\/world-politics-parapolitics-2006-computer-assisted-text-analysis-of-international-media-headlines"}]}