{"data":[{"id":"9782322090181","title":"Le style par l'image","description":"Ce livre illustre, de fa\u00e7on syst\u00e9matique et ordonn\u00e9e, l'ensemble des proc\u00e9d\u00e9s et figures de style, au moyen de photographies prises par l'auteur dans un m\u00eame lieu (un jardin public), qui donnent \u00e0 la d\u00e9marche une unit\u00e9. Proposant une approche concr\u00e8te et nouvelle, ce livre s'adresse non seulement \u00e0 ceux qui s'int\u00e9ressent au langage verbal, mais aussi \u00e0 tous ceux qui s'int\u00e9ressent \u00e0 l'expression photographique et artistique, ainsi qu'\u00e0 la comparaison des deux langages.\r","authors":["Michel Th\u00e9ron"],"category_codes":["6000000","6070000","6070200"],"visuals":{"large":"https:\/\/images.epagine.fr\/181\/9782322090181_1_75.jpg","medium":"https:\/\/images.epagine.fr\/181\/9782322090181_1_m.jpg","thumbnail":"https:\/\/images.epagine.fr\/181\/9782322090181_1_v.jpg"},"orderable":true,"show_badge":true,"formatted_price":"15,00&nbsp;\u20ac","formatted_published_date":"20 novembre 2018","publisher_availability_label":"Sur commande","short_details":"Michel Th\u00e9ron \u2014 Books on Demand","translator":null,"weight":401,"page_count":208,"readership":null,"editor":"Books on Demand","price":1500,"published_date":"2018-11-19T23:00:00.000000Z","support":"Grand format","publisher_availability":1,"stock":0,"editions":[],"url":"https:\/\/quaidesbrumes.com\/ouvrage\/9782322090181\/le-style-par-limage"},{"id":"9782312007182","title":"L'illustration du bonheur","description":"Ce livre illustr\u00e9 est le premier de la collection \" R\u00e9flexion humaine \". Il propose au moyen de photographies accompagn\u00e9es de textes du m\u00eame auteur, de proverbes nationaux ou de citations de grands auteurs de retrouver le sens du mot : \" Bonheur \".\r\nIl faut avant toute chose rappeler que \" le bonheur n'est qu'un sentiment [...] et d\u00e9pend de notre \u00eatre int\u00e9rieur \". C'est sur ces sages paroles de Confucius que se base cette r\u00e9flexion. Les photographies de l'ouvrage \u00e9voquent toutes une certaine pl\u00e9nitude int\u00e9rieure et appellent au repos de l'esprit. Elles sont accompagn\u00e9es de textes contemplatifs, po\u00e9tiques ou m\u00e9ditatifs visant \u00e0 r\u00e9fl\u00e9chir sur les conditions du bonheur et de notre existence.\r\nPour finir, rappelons qu'\" accro\u00eetre notre capacit\u00e9 \u00e0 rester heureux est la plus grande chose que nous puissions apprendre \" (selon Confucius).\r","authors":["Cl\u00e9ment Reisky"],"category_codes":["6000000","6070000","6070200"],"visuals":{"large":"https:\/\/images.epagine.fr\/182\/9782312007182_1_75.jpg","medium":"https:\/\/images.epagine.fr\/182\/9782312007182_1_m.jpg","thumbnail":"https:\/\/images.epagine.fr\/182\/9782312007182_1_v.jpg"},"orderable":true,"show_badge":true,"formatted_price":"24,00&nbsp;\u20ac","formatted_published_date":"8 janvier 2013","publisher_availability_label":"Sur commande","short_details":"Cl\u00e9ment Reisky \u2014 Editions du Net","translator":null,"weight":29,"page_count":36,"readership":null,"editor":"Editions du Net","price":2400,"published_date":"2013-01-07T23:00:00.000000Z","support":"Grand format","publisher_availability":1,"stock":0,"editions":[],"url":"https:\/\/quaidesbrumes.com\/ouvrage\/9782312007182\/lillustration-du-bonheur"},{"id":"9782312010236","title":"Apprendre \u00e0 se servir de son appareil photo","description":"Ce livre contient des conseils simples, sans explications techniques compliqu\u00e9es, pour acqu\u00e9rir et apprendre \u00e0 se servir de son appareil photos num\u00e9rique. Il est agr\u00e9ment\u00e9 de nombreuses photos d'exemple. De l'achat de l'appareil et comment s'y retrouver dans les diff\u00e9rentes offres, au post traitement des photos, en passant par la prise de vue, les diff\u00e9rents r\u00e9glages et les effets sp\u00e9ciaux. S'appuyant sur plus de 20 ann\u00e9es d'exp\u00e9rience, il s'adresse aux d\u00e9butants et aux utilisateurs passionn\u00e9s mais qui ont du mal \u00e0 sortir du mode tout automatique de leur appareil. L'accent est mis sur la prise de vue pour que chacun puisse d\u00e9velopper sa cr\u00e9ativit\u00e9, que ce soit pour un usage familial, pour de la photo animali\u00e8re ou sportive ou la macro photo. Pour que la photo soit un plaisir et aussi un amusement, on vous explique comment faire quelques effets sp\u00e9ciaux tr\u00e8s simples qui amuseront toute la famille et \u00e9pateront vos amis !\r","authors":["Ysis Phot'eau"],"category_codes":["6000000","6070000","6070200"],"visuals":{"large":"https:\/\/images.epagine.fr\/236\/9782312010236_1_75.jpg","medium":"https:\/\/images.epagine.fr\/236\/9782312010236_1_m.jpg","thumbnail":"https:\/\/images.epagine.fr\/236\/9782312010236_1_v.jpg"},"orderable":true,"show_badge":true,"formatted_price":"17,00&nbsp;\u20ac","formatted_published_date":"7 mai 2013","publisher_availability_label":"Sur commande","short_details":"Ysis Phot'eau \u2014 Editions du Net","translator":null,"weight":123,"page_count":null,"readership":null,"editor":"Editions du Net","price":1700,"published_date":"2013-05-06T22:00:00.000000Z","support":"Grand format","publisher_availability":1,"stock":0,"editions":[],"url":"https:\/\/quaidesbrumes.com\/ouvrage\/9782312010236\/apprendre-a-se-servir-de-son-appareil-photo"},{"id":"9783948325404","title":"Transparences de l'entredeux","description":"Exposition personnelle de Dalel Tangour du 7. November au 1. D\u00e9cembre 2024 \u00e0 AYN Galerie, Paris.","authors":["Dalel Tangour"],"category_codes":["6000000","6070000","6070200"],"visuals":{"large":"https:\/\/images.epagine.fr\/404\/9783948325404_1_75.jpg","medium":"https:\/\/images.epagine.fr\/404\/9783948325404_1_m.jpg","thumbnail":"https:\/\/images.epagine.fr\/404\/9783948325404_1_v.jpg"},"orderable":true,"show_badge":true,"formatted_price":"18,99&nbsp;\u20ac","formatted_published_date":"14 novembre 2024","publisher_availability_label":"Sur commande","short_details":"Dalel Tangour \u2014 LES EDITIONS DU CRIEUR PUBLIC","translator":null,"weight":391,"page_count":48,"readership":null,"editor":"LES EDITIONS DU CRIEUR PUBLIC","price":1899,"published_date":"2024-11-13T23:00:00.000000Z","support":"Grand format","publisher_availability":1,"stock":0,"editions":[],"url":"https:\/\/quaidesbrumes.com\/ouvrage\/9783948325404\/transparences-de-lentredeux"},{"id":"9782322032747","title":"Oeil sur la photographie d'art","description":"Oeil sur la photographie d'Art Cr\u00e9er une atmosph\u00e8re, v\u00e9hiculer une nostalgie, immortaliser le moment, apporter un point de vue personnel et laisser une empreinte sur ce qui l'entoure, constituent la motivation profonde du photographe d'art. \r\n\r\nCe livre pr\u00e9sente des photographes d'horizons diff\u00e9rents, o\u00f9 chacun dispose d'un univers propre,  marqu\u00e9 par une perception unique, et au talent ind\u00e9niable. \r\n\r\nD\u00e9couvrez une autre approche de la photographie, et laissez-vous s\u00e9duire par un monde artistique fascinant.\r","authors":["Julien Gril"],"category_codes":["6000000","6070000","6070200"],"visuals":{"large":"https:\/\/images.epagine.fr\/747\/9782322032747_1_75.jpg","medium":"https:\/\/images.epagine.fr\/747\/9782322032747_1_m.jpg","thumbnail":"https:\/\/images.epagine.fr\/747\/9782322032747_1_v.jpg"},"orderable":true,"show_badge":true,"formatted_price":"29,90&nbsp;\u20ac","formatted_published_date":"11 novembre 2013","publisher_availability_label":"Sur commande","short_details":"Julien Gril \u2014 Books on Demand","translator":null,"weight":601,"page_count":104,"readership":null,"editor":"Books on Demand","price":2990,"published_date":"2013-11-10T23:00:00.000000Z","support":"Beaux-livres","publisher_availability":1,"stock":0,"editions":[],"url":"https:\/\/quaidesbrumes.com\/ouvrage\/9782322032747\/oeil-sur-la-photographie-dart"},{"id":"9782359061109","title":"Xavier Flye Sainte Marie ; Montr\u00e9al","description":null,"authors":["Philippe Ducat"],"category_codes":["6000000","6070000","6070200"],"visuals":{"large":"https:\/\/images.epagine.fr\/109\/9782359061109_1_75.jpg","medium":"https:\/\/images.epagine.fr\/109\/9782359061109_1_m.jpg","thumbnail":"https:\/\/images.epagine.fr\/109\/9782359061109_1_v.jpg"},"orderable":true,"show_badge":true,"formatted_price":"20,00&nbsp;\u20ac","formatted_published_date":"20 mars 2014","publisher_availability_label":"Sur commande","short_details":"Philippe Ducat \u2014 Lienart","translator":null,"weight":332,"page_count":64,"readership":null,"editor":"Lienart","price":2000,"published_date":"2014-03-19T23:00:00.000000Z","support":"Grand format","publisher_availability":1,"stock":0,"editions":[],"url":"https:\/\/quaidesbrumes.com\/ouvrage\/9782359061109\/xavier-flye-sainte-marie-montreal"},{"id":"9782322004867","title":"Steven Seagal, derni\u00e8re l\u00e9gende du film d'action ?","description":"Enfin un ouvrage qui vous permettra de mieux conna\u00eetre une des derni\u00e8res l\u00e9gendes du cin\u00e9ma d'action am\u00e9ricain ! Au c\u00f4t\u00e9s des Stallone, Van Damme, et Lundgren, l'acteur Steven Seagal a permis la popularisation de ce genre cin\u00e9matographique. Mais vous d\u00e9couvrirez aussi que cet homme est bien plus qu'un simple acteur de cin\u00e9ma...\r","authors":["Arnaud Niklaus"],"category_codes":["6000000","6070000","6070300","6070305"],"visuals":{"large":"https:\/\/images.epagine.fr\/867\/9782322004867_1_75.jpg","medium":"https:\/\/images.epagine.fr\/867\/9782322004867_1_m.jpg","thumbnail":"https:\/\/images.epagine.fr\/867\/9782322004867_1_v.jpg"},"orderable":true,"show_badge":true,"formatted_price":"8,90&nbsp;\u20ac","formatted_published_date":"19 d\u00e9cembre 2012","publisher_availability_label":"Sur commande","short_details":"Arnaud Niklaus \u2014 Books on Demand","translator":null,"weight":201,"page_count":136,"readership":null,"editor":"Books on Demand","price":890,"published_date":"2012-12-18T23:00:00.000000Z","support":"Grand format","publisher_availability":1,"stock":0,"editions":[],"url":"https:\/\/quaidesbrumes.com\/ouvrage\/9782322004867\/steven-seagal-derniere-legende-du-film-daction"},{"id":"9782902296316","title":"Les Yeux de l'Amour dans Le Docteur Jivago","description":"Ce livre a \u00e9t\u00e9 publi\u00e9 \u00e0 l'origine en anglais sous le titre \"The Eyes of Love in Doctor Zhivago\" en 2022.\r\nLa pr\u00e9sente traduction concerne sa 2e \u00e9dition anglaise (r\u00e9vis\u00e9e et enrich\u00e9e) publi\u00e9e en 2024.\r\nC'est un essai cin\u00e9matographique \u00e0 propos du c\u00e9l\u00e9brissime film de Sir David Lean, adapt\u00e9 du roman de l'\u00e9crivain sovi\u00e9tique Boris Pasternak \"Le Docteur Jivago\", paru pour la premi\u00e8re fois \u00e0 l'\u00e9tranger en 1957. Pasternak re\u00e7ut le prix Nobel de litt\u00e9rature mais fut oblig\u00e9 d'y renoncer car en URSS... \r\nNeil McKinnon nous pr\u00e9sente, nous d\u00e9cortique, avec passion et grande technicit\u00e9, ce film de 1965 sous l'angle tr\u00e8s particulier - et tr\u00e8s personnel - de sa photographie et du r\u00f4le du regard des acteurs-actrices. Tout est question de cadrages, de point de vue et... de lumi\u00e8res !!!\r\nL'ouvrage est pr\u00e9c\u00e9d\u00e9 d'une courte analyse de Mme Anna Pasternak (la petite-ni\u00e8ce de B.Pasternak). Il regorge de r\u00e9f\u00e9rences cin\u00e9matographiques pour expliquer le r\u00f4le essentiel du directeur de la photographie - Frederick A.Young.\r\nSans oublier la musique de Maurice Jarre...","authors":["Neil McKinnon"],"category_codes":["6000000","6070000","6070300"],"visuals":{"large":"https:\/\/images.epagine.fr\/316\/9782902296316_1_75.jpg","medium":"https:\/\/images.epagine.fr\/316\/9782902296316_1_m.jpg","thumbnail":"https:\/\/images.epagine.fr\/316\/9782902296316_1_v.jpg"},"orderable":true,"show_badge":true,"formatted_price":"22,70&nbsp;\u20ac","formatted_published_date":"21 novembre 2024","publisher_availability_label":"Sur commande","short_details":"Neil McKinnon \u2014 MYOSOTIS BOOKS","translator":null,"weight":434,"page_count":304,"readership":null,"editor":"MYOSOTIS BOOKS","price":2270,"published_date":"2024-11-20T23:00:00.000000Z","support":"Grand format","publisher_availability":1,"stock":0,"editions":[],"url":"https:\/\/quaidesbrumes.com\/ouvrage\/9782902296316\/les-yeux-de-lamour-dans-le-docteur-jivago"},{"id":"9788873016915","title":"Les films de Elizabeth Taylor","description":"Elizabeth Taylor, ex-enfant prodige devenue au fil des ann\u00e9es l'ic\u00f4ne du glamour dor\u00e9 et versatile d'Hollywood, est avant tout une excellente actrice. Cet ouvrage retrace son portrait d'artiste \u00e0 travers la vaste documentation et la recherche approfondie qui sont dues aux \u00e9toiles de premier ordre.\r","authors":["Claudio Manari"],"category_codes":["6000000","6070000","6070300"],"visuals":{"large":"https:\/\/images.epagine.fr\/915\/9788873016915_1_75.jpg","medium":"https:\/\/images.epagine.fr\/915\/9788873016915_1_m.jpg","thumbnail":"https:\/\/images.epagine.fr\/915\/9788873016915_1_v.jpg"},"orderable":true,"show_badge":true,"formatted_price":"26,90&nbsp;\u20ac","formatted_published_date":"19 ao\u00fbt 2010","publisher_availability_label":"Sur commande","short_details":"Claudio Manari \u2014 Gremese","translator":null,"weight":852,"page_count":174,"readership":null,"editor":"Gremese","price":2690,"published_date":"2010-08-18T22:00:00.000000Z","support":"Grand format","publisher_availability":1,"stock":0,"editions":[],"url":"https:\/\/quaidesbrumes.com\/ouvrage\/9788873016915\/les-films-de-elizabeth-taylor"},{"id":"9782917659014","title":"TSV ; juste avant le courant","description":"Depuis plus de quatre-vingts ans, TSV (Transformateurs Solutions V\u00e9nissieux) est sp\u00e9cialis\u00e9e dans la maintenance de transformateurs \u00e9lectriques. Au sein des ateliers de cette entreprise rhodanienne, une centaine d'ing\u00e9nieurs et de compagnons travaillent encore aujourd'hui sur ces colosses de cuivre et de kraft que sont les transformateurs.\r\n\r\nLe photographe Fr\u00e9d\u00e9ric Bellay a pass\u00e9 de longs mois dans ces ateliers, c\u00f4toyant hommes et machines. Si ses images mettent d\u00e9lib\u00e9r\u00e9ment en avant les outils de l'entreprise, elles nous parlent aussi de l'homme au travail, de toutes celles et ceux qui ont nourri une longue histoire industrielle, commenc\u00e9e le 6 avril 1922 chez Laborde et Kupfer (L&K) - devenu TSV au fil d'un parcours riche et passionn\u00e9.\r\n\r\nDans l'intimit\u00e9 de la f\u00e9e \u00e9lectricit\u00e9, hommes et machines d\u00e9voilent leur connivence.\r","authors":["Fr\u00e9d\u00e9ric Bellay"],"category_codes":["6000000","6070000","6070200"],"visuals":{"large":"https:\/\/images.epagine.fr\/014\/9782917659014_1_75.jpg","medium":"https:\/\/images.epagine.fr\/014\/9782917659014_1_m.jpg","thumbnail":"https:\/\/images.epagine.fr\/014\/9782917659014_1_v.jpg"},"orderable":true,"show_badge":true,"formatted_price":"40,00&nbsp;\u20ac","formatted_published_date":"10 novembre 2009","publisher_availability_label":"Sur commande","short_details":"Fr\u00e9d\u00e9ric Bellay \u2014 Libel","translator":null,"weight":896,"page_count":128,"readership":"Tout public","editor":"Libel","price":4000,"published_date":"2009-11-09T23:00:00.000000Z","support":"Grand format","publisher_availability":1,"stock":0,"editions":[],"url":"https:\/\/quaidesbrumes.com\/ouvrage\/9782917659014\/tsv-juste-avant-le-courant"},{"id":"9782917659090","title":"Seuils","description":"'' Je vois le seuil comme une zone d'h\u00e9sitation, de franchissement, une marque de discontinuit\u00e9. C'est un appel vers le  diff\u00e9rent, l'inconnu.\r\nCe basculement vers le deux - que l'on retrouve dans presque tous mes travaux - c'est aussi le lieu exaltant des rencontres et des choix.\r\nMais c'est un point tangent, une simple lettre.\r\nEnlevez i, reste seul.''\r","authors":["Eric Rondepierre"],"category_codes":["6000000","6070000","6070200"],"visuals":{"large":"https:\/\/images.epagine.fr\/090\/9782917659090_1_75.jpg","medium":"https:\/\/images.epagine.fr\/090\/9782917659090_1_m.jpg","thumbnail":"https:\/\/images.epagine.fr\/090\/9782917659090_1_v.jpg"},"orderable":true,"show_badge":true,"formatted_price":"19,00&nbsp;\u20ac","formatted_published_date":"10 mars 2010","publisher_availability_label":"Sur commande","short_details":"Eric Rondepierre \u2014 Libel","translator":null,"weight":175,"page_count":48,"readership":"Tout public","editor":"Libel","price":1900,"published_date":"2010-03-09T23:00:00.000000Z","support":"Grand format","publisher_availability":1,"stock":0,"editions":[],"url":"https:\/\/quaidesbrumes.com\/ouvrage\/9782917659090\/seuils"},{"id":"9782287991592","title":"Les incontinences urinaires de l'homme :  : Diagnostics et traitements","description":"L'incontinence urinaire constitue un handicap majeur tant sur le plan m\u00e9dical et psychologique que relationnel et social. Contrairement \u00e0 certaines id\u00e9es pr\u00e9con\u00e7ues, l'incontinence urinaire affecte aussi bien les hommes que les femmes. Cependant, elle n'est pas in\u00e9luctable et il existe aujourd'hui des traitements ad\u00e9quats.\r\n\r\nCet ouvrage r\u00e9unit un prestigieux panel de m\u00e9decins issus des pays francophones, experts dans les domaines de l'anatomie, la physiologie, la physiopathologie et les traitements des troubles mictionnels. Les coordinateurs du livre ont \u00e9galement fait appel aux comp\u00e9tences de kin\u00e9sith\u00e9rapeutes, infirmi\u00e8res et psychologues afin d'aborder la probl\u00e9matique de l'incontinence urinaire masculine dans sa globalit\u00e9.\r\n\r\nCe livre est destin\u00e9 \u00e0 tout clinicien rencontrant des patients incontinents et confront\u00e9 \u00e0 des difficult\u00e9s de diagnostic diff\u00e9rentiel et de prise en charge. Tour \u00e0 tour sont abord\u00e9s : les incontinences des patients prostatiques op\u00e9r\u00e9s ou non, les probl\u00e8mes urinaires rencontr\u00e9s en pathologie p\u00e9diatrique cong\u00e9nitale et fonctionnelle, les troubles mictionnels dans un contexte psychiatrique, les incontinences indues de la personne \u00e2g\u00e9e ainsi que les incontinences d'origine neurologique.\r\n\r\nEnfin, les derni\u00e8res avanc\u00e9es th\u00e9rapeutiques, en particulier chirurgicales et miniinvasives, y sont pr\u00e9sent\u00e9es avec un regard critique.","authors":["Opsomer\/Leval"],"category_codes":["6000000","6070000","6070200"],"visuals":{"large":"https:\/\/images.epagine.fr\/592\/9782287991592_1_75.jpg","medium":"https:\/\/images.epagine.fr\/592\/9782287991592_1_m.jpg","thumbnail":"https:\/\/images.epagine.fr\/592\/9782287991592_1_v.jpg"},"orderable":true,"show_badge":true,"formatted_price":"122,00&nbsp;\u20ac","formatted_published_date":"23 juin 2011","publisher_availability_label":"Sur commande","short_details":"Opsomer\/Leval \u2014 Springer","translator":null,"weight":1760,"page_count":430,"readership":null,"editor":"Springer","price":12200,"published_date":"2011-06-22T22:00:00.000000Z","support":"Grand format","publisher_availability":1,"stock":0,"editions":[],"url":"https:\/\/quaidesbrumes.com\/ouvrage\/9782287991592\/les-incontinences-urinaires-de-lhomme-diagnostics-et-traitements"},{"id":"9782760534193","title":"L'information ; la n\u00e9cessaire perspective citoyenne","description":"La situation de linformation au Qu\u00e9bec est pr\u00e9occupante, et la conclusion des auteurs \u00e0 ce sujet est claire : la perspective des entreprises m\u00e9diatiques ne se concilie tout simplement pas avec le regard citoyen. Leur essai met de lavant une perspective citoyenne de l'information et pr\u00e9sente des solutions r\u00e9alistes pour y arriver.\r","authors":["Raymond Corriveau","Guillaume Sirois"],"category_codes":["6000000","6070000","6070300"],"visuals":{"large":"https:\/\/images.epagine.fr\/193\/9782760534193_1_75.jpg","medium":"https:\/\/images.epagine.fr\/193\/9782760534193_1_m.jpg","thumbnail":"https:\/\/images.epagine.fr\/193\/9782760534193_1_v.jpg"},"orderable":true,"show_badge":true,"formatted_price":"12,00&nbsp;\u20ac","formatted_published_date":"23 novembre 2012","publisher_availability_label":"Sur commande","short_details":"Raymond Corriveau, Guillaume Sirois \u2014 PU DE QUEBEC","translator":null,"weight":250,"page_count":null,"readership":null,"editor":"PU DE QUEBEC","price":1200,"published_date":"2012-11-22T23:00:00.000000Z","support":"Grand format","publisher_availability":1,"stock":0,"editions":[],"url":"https:\/\/quaidesbrumes.com\/ouvrage\/9782760534193\/linformation-la-necessaire-perspective-citoyenne"},{"id":"9781952523229","title":"Poems","description":"Connu pour son travail textile et sonore, Christopher Robin Duncan s'est r\u00e9cemment tourn\u00e9 vers la photographie, red\u00e9couvrant avec un plaisir simple et sinc\u00e8re le m\u00e9dium qu'il avait un temps mis de c\u00f4t\u00e9. Marqu\u00e9e par la question du temps et nourrie d'une relation intuitive et directe avec les \u00e9l\u00e9ments naturels, la pratique de Duncan se d\u00e9ploie \u00e0 nouveau par l'utilisation de la photographie. A l'aide d'un appareil photo \u00e0 demi-cadres qui, en divisant le film en deux, double le temps et l'espace par la m\u00eame action, Duncan cr\u00e9e des interstices - le temps d'un battement de coeur, d'une fraction de seconde - dans lesquels il se glisse, se d\u00e9place imperceptiblement, cr\u00e9ant des instants suspendus. C'est un rapport d\u00e9licat au temps que Duncan nous offre avec Poems. On y retrouve les liens avec les saisons et les cycles naturels, on y retrouve l'air, l'eau, le vent. Comme un volume de po\u00e9sie, o\u00f9 les rimes se r\u00e9pondent et se font \u00e9cho, les vues lo-fi mais pr\u00e9cieuses que Duncan recueille sont combin\u00e9es dans Poems, r\u00e9sonnent au loin et finissent par former un cycle complet, une r\u00e9volution parfaite autour de son coeur solaire. Et, comme le vent qui souffle sur les vues photographi\u00e9es, nous pouvons nous aussi faire l'exp\u00e9rience des pages non reli\u00e9es, r\u00e9arrangeant leurs rimes en s\u00e9quences visuelles chaque fois r\u00e9-imagin\u00e9es.","authors":["Christopher Robin Duncan"],"category_codes":["6000000","6070000","6070200","6070205"],"visuals":{"large":"https:\/\/images.epagine.fr\/229\/9781952523229_1_75.jpg","medium":"https:\/\/images.epagine.fr\/229\/9781952523229_1_m.jpg","thumbnail":"https:\/\/images.epagine.fr\/229\/9781952523229_1_v.jpg"},"orderable":true,"show_badge":true,"formatted_price":"65,00&nbsp;\u20ac","formatted_published_date":"2 d\u00e9cembre 2024","publisher_availability_label":"Sur commande","short_details":"Christopher Robin Duncan \u2014 Deadbeat Club","translator":null,"weight":980,"page_count":52,"readership":null,"editor":"Deadbeat Club","price":6500,"published_date":"2024-12-01T23:00:00.000000Z","support":"Grand format","publisher_availability":1,"stock":0,"editions":[],"url":"https:\/\/quaidesbrumes.com\/ouvrage\/9781952523229\/poems"},{"id":"9782917659052","title":"Couleur s\u00e9pia ; l'Is\u00e8re et ses premiers photographes (1840-1880)","description":"D\u00e8s son invention en 1839, la photographie a rencontr\u00e9 un succ\u00e8s public consid\u00e9rable, d\u00e9bordant vite le cadre du c\u00e9nacle parisien pour toucher la province et notamment l'Is\u00e8re.\r\nA Grenoble, Vienne ou encore Voiron, se d\u00e9veloppe, sous le Second Empire, une floraison d'ateliers photographiques, fr\u00e9quent\u00e9s par une bourgeoisie ais\u00e9e venue se \" faire tirer le portrait \". Mais la photographie is\u00e9roise se distingue surtout par la production de nombreuses vues de paysages, r\u00e9alis\u00e9es pour les premiers touristes fortun\u00e9s, qui se rendent \u00e0 la Grande Chartreuse, \u00e0 Allevard, \u00e0 Uriage ou en Oisans.\r\nRiche de plus de 200 reproductions de tirages originaux d'\u00e9poque, l\u00e9gend\u00e9es et document\u00e9es, Couleur S\u00e9pia constitue le tout premier travail d'envergure consacr\u00e9 aux d\u00e9buts de la photographie en Is\u00e8re.\r","authors":["Isabelle Lazier","Jean-louis Roux"],"category_codes":["6000000","6070000","6070200"],"visuals":{"large":"https:\/\/images.epagine.fr\/052\/9782917659052_1_75.jpg","medium":"https:\/\/images.epagine.fr\/052\/9782917659052_1_m.jpg","thumbnail":"https:\/\/images.epagine.fr\/052\/9782917659052_1_v.jpg"},"orderable":true,"show_badge":true,"formatted_price":"20,00&nbsp;\u20ac","formatted_published_date":"20 novembre 2009","publisher_availability_label":"Sur commande","short_details":"Isabelle Lazier, Jean-louis Roux \u2014 Libel","translator":null,"weight":1045,"page_count":176,"readership":"Tout public","editor":"Libel","price":2000,"published_date":"2009-11-19T23:00:00.000000Z","support":"Grand format","publisher_availability":1,"stock":0,"editions":[],"url":"https:\/\/quaidesbrumes.com\/ouvrage\/9782917659052\/couleur-sepia-lisere-et-ses-premiers-photographes-1840-1880"},{"id":"9782212672909","title":"Photographier la mer et la voile","description":"destin\u00e9 aux passionn\u00e9s de voile ou aux amoureux de la mer, ce guide donne les conseils d'un professionnel pour immortaliser les courbes d'un vieux gr\u00e9ement, un paysage marin de nos c\u00f4tes ou du bout du monde, une course nautique, l'ambiance d'un port au retour des p\u00e9cheurs ou encore une excursion familiale en mer.\r\nphotographe de voile et de sports de glisse pour la presse sp\u00e9cialis\u00e9e depuis des ann\u00e9es, thierry seray expose son savoir-faire dans cet ouvrage complet et concret, qu'il s'agisse du choix du mat\u00e9riel et de sa protection en milieu marin, de la recherche du meilleur point de vue pour photographier le d\u00e9part d'une course, ou encore des implications de la m\u00e9t\u00e9o sur vos images.\r\n\r","authors":["Seray T"],"category_codes":["6000000","6070000","6070200"],"visuals":{"large":"https:\/\/images.epagine.fr\/909\/9782212672909_1_75.jpg","medium":"https:\/\/images.epagine.fr\/909\/9782212672909_1_m.jpg","thumbnail":"https:\/\/images.epagine.fr\/909\/9782212672909_1_v.jpg"},"orderable":true,"show_badge":true,"formatted_price":"20,10&nbsp;\u20ac","formatted_published_date":"12 juillet 2007","publisher_availability_label":"Sur commande","short_details":"Seray T \u2014 Vm","translator":null,"weight":445,"page_count":197,"readership":null,"editor":"Vm","price":2010,"published_date":"2007-07-11T22:00:00.000000Z","support":"Grand format","publisher_availability":1,"stock":0,"editions":[],"url":"https:\/\/quaidesbrumes.com\/ouvrage\/9782212672909\/photographier-la-mer-et-la-voile"},{"id":"9782370620071","title":"Le temps du renouveau 1975-2004","description":"Pour ce premier ouvrage de la collection Passion Rail, Marc Car\u00e9mantrant, collaborant avec La Vie du Rail, a \u00e9t\u00e9 choisi pour partager ses passions du train et de la photographie. Outre la balade g\u00e9ographique, l'auteur invite \u00e0 une r\u00e9trospective de mat\u00e9riel et de sites, ouvrant la voie vers le chemin de fer moderne tout en parcourant l'histoire. Issu de deux g\u00e9n\u00e9rations de cheminots, l'auteur jalonne ses premi\u00e8res ann\u00e9es par de hauts lieux du ferroviaire. \r\nLe go\u00fbt de la photographie viendra en 1974\/1975 avec du noir et blanc mais aussi des couleurs. Les prises de vue sont le r\u00e9sultat de d\u00e9placement dans presque toute la France avec un focus particulier sur l'actualit\u00e9 du moment. Ce livre est le r\u00e9sultat de milliers de diapositives choisies et accumul\u00e9es en trente ann\u00e9es de d\u00e9clenchement.\r","authors":["Marc Car\u00e9mantrant"],"category_codes":["6000000","6070000","6070200"],"visuals":{"large":"https:\/\/images.epagine.fr\/071\/9782370620071_1_75.jpg","medium":"https:\/\/images.epagine.fr\/071\/9782370620071_1_m.jpg","thumbnail":"https:\/\/images.epagine.fr\/071\/9782370620071_1_v.jpg"},"orderable":true,"show_badge":true,"formatted_price":"39,00&nbsp;\u20ac","formatted_published_date":"14 novembre 2014","publisher_availability_label":"Sur commande","short_details":"Marc Car\u00e9mantrant \u2014 La Vie Du Rail","translator":null,"weight":1020,"page_count":160,"readership":null,"editor":"La Vie Du Rail","price":3900,"published_date":"2014-11-13T23:00:00.000000Z","support":"Grand format","publisher_availability":1,"stock":0,"editions":[],"url":"https:\/\/quaidesbrumes.com\/ouvrage\/9782370620071\/le-temps-du-renouveau-1975-2004"},{"id":"9782287289446","title":"Reconstruction de l'avant-pied","description":"Pendant longtemps, la chirurgie de l'avant-pied a pr\u00e9sent\u00e9 des inconv\u00e9nients, notamment une p\u00e9riode postop\u00e9ratoire douloureuse et la correction incompl\u00e8te des d\u00e9formations. Cependant, depuis 1991 en France, Louis Samuel Barouk et son \u00e9quipe, dont Pierre Barouk, ont contribu\u00e9 \u00e0 la mise au point de techniques qui ont am\u00e9lior\u00e9 de fa\u00e7on significative la p\u00e9riode postop\u00e9ratoire et les r\u00e9sultats. Il s'agit de l'ost\u00e9otomie scarf, de l'ost\u00e9otomie du gros orteil, des ost\u00e9otomies de Weil des m\u00e9tatarsiens lat\u00e9raux, et du d\u00e9veloppement du syst\u00e8me de lib\u00e9ration proximale des gastrocn\u00e9miens. Parall\u00e8lement, les auteurs ont d\u00e9velopp\u00e9 des implants et une instrumentation sp\u00e9cifique \u00e0 cette chirurgie de l'avant-pied.\r\n\r\nCette \u00e9dition fran\u00e7aise de Reconstruction de l'avant-pied est en fait un atlas qui peut se parcourir comme une bande dessin\u00e9e ; le texte est tr\u00e8s concis, au profit d'une abondante illustration, les figures se succ\u00e9dant chronologiquement pour chaque technique ou pathologie.\r\n\r\nLes th\u00e8mes suivants sont particuli\u00e8rement d\u00e9velopp\u00e9s : la correction des d\u00e9sordres s\u00e9v\u00e8res de l'avant-pied avec conservation articulaire incluant les avant-pieds rhumato\u00efdes, l'int\u00e9r\u00eat du respect du point \"ms\" pour le raccourcissement du m\u00e9tatarsien qui est la cl\u00e9 de cette correction. A \u00e9t\u00e9 aussi pr\u00e9cis\u00e9 le syst\u00e8me de correction des griffes d'orteils, \u00e9vitant ainsi les classiques arthroplasties ou arthrod\u00e8ses de l'interphalangienne proximale. Enfin, un paragraphe sur l'ost\u00e9otomie de Weil de d\u00e9compression du premier m\u00e9tatarsien a \u00e9t\u00e9 ajout\u00e9.\r\n\r\nCet ouvrage est accompagn\u00e9 de deux CD : l'un illustrant les techniques utilis\u00e9es au moyen de vid\u00e9os mais aussi d'animations en 2D ou 3D (Ce CD est rest\u00e9 en version anglaise comme pour la pr\u00e9c\u00e9dente \u00e9dition car il est tr\u00e8s facile \u00e0 lire et \u00e0 regarder) ; l'autre propose des figures, libres de droits, qui peuvent \u00eatre tr\u00e8s utiles pour des pr\u00e9sentations ou des articles.\r\n\r\nDans ce livre, les auteurs cherchent \u00e0 faire partager leur passion pour la chirurgie de l'avant-pied et sa constante am\u00e9lioration, la mission de cette sp\u00e9cialit\u00e9 orthop\u00e9dique \u00e9tant pour eux tout autant la correction des d\u00e9formations et l'am\u00e9lioration du chaussage que l'esth\u00e9tique.","authors":["Barouk"],"category_codes":["6000000","6070000","6070200"],"visuals":{"large":"https:\/\/images.epagine.fr\/446\/9782287289446_1_75.jpg","medium":"https:\/\/images.epagine.fr\/446\/9782287289446_1_m.jpg","thumbnail":"https:\/\/images.epagine.fr\/446\/9782287289446_1_v.jpg"},"orderable":true,"show_badge":true,"formatted_price":"99,00&nbsp;\u20ac","formatted_published_date":"3 ao\u00fbt 2010","publisher_availability_label":"Sur commande","short_details":"Barouk \u2014 Springer","translator":null,"weight":980,"page_count":390,"readership":null,"editor":"Springer","price":9900,"published_date":"2010-08-02T22:00:00.000000Z","support":"Grand format","publisher_availability":1,"stock":0,"editions":[],"url":"https:\/\/quaidesbrumes.com\/ouvrage\/9782287289446\/reconstruction-de-lavant-pied"},{"id":"9782287334764","title":"Analyse c\u00e9phalom\u00e9trique fonctionnelle esth\u00e9tique de profil","description":"La complexit\u00e9 de l'architecture cranio-faciale explique la multiplicit\u00e9 des analyses c\u00e9phalom\u00e9triques, trop souvent fond\u00e9es sur des points sans justification phylog\u00e9n\u00e9tique, ontog\u00e9n\u00e9tique, anatomique ou biom\u00e9canique.\r\n\r\nL'int\u00e9r\u00eat d'une analyse fiable et rapide, con\u00e7ue \u00e0 partir de bases fondamentales indiscutables, est essentielle. Elle permet l'utilisation de la c\u00e9phalom\u00e9trie dans la pratique quotidienne des orthodontistes, chirurgiens maxillo-faciaux et des chirurgiens plasticiens de la face.\r\n\r\nCette analyse c\u00e9phalom\u00e9trique fonctionnelle et esth\u00e9tique est r\u00e9alis\u00e9e \u00e0 partir de quatorze points anatomiques, dix points osseux et quatre points cutan\u00e9s, qui ont en commun d'\u00eatre tous exo-basicr\u00e2niens. Cette analyse est facile \u00e0 assimiler et \u00e0 exploiter. Elle ne demande que cinq minutes pour \u00eatre apprise et cinq minutes pour \u00eatre trac\u00e9e (quinze secondes si elle est informatis\u00e9e). Les r\u00e9sultats qui en d\u00e9coulent sont fiables.\r\n\r\nL'analyse fonctionnelle et esth\u00e9tique est d\u00e9velopp\u00e9e \u00e0 travers quatre chapitres. Le premier est consacr\u00e9 aux bases fondamentales, le deuxi\u00e8me \u00e0 l'analyse proprement dite et aux cas cliniques, le troisi\u00e8me \u00e0 l'\u00e9tude comparative des diff\u00e9rentes analyses c\u00e9phalom\u00e9triques, enfin le quatri\u00e8me chapitre revisite les travaux d'Arne Bjork.","authors":["Raymond Gola"],"category_codes":["6000000","6070000","6070200"],"visuals":{"large":"https:\/\/images.epagine.fr\/764\/9782287334764_1_75.jpg","medium":"https:\/\/images.epagine.fr\/764\/9782287334764_1_m.jpg","thumbnail":"https:\/\/images.epagine.fr\/764\/9782287334764_1_v.jpg"},"orderable":true,"show_badge":true,"formatted_price":"92,00&nbsp;\u20ac","formatted_published_date":"3 ao\u00fbt 2010","publisher_availability_label":"Sur commande","short_details":"Raymond Gola \u2014 Springer","translator":null,"weight":400,"page_count":158,"readership":null,"editor":"Springer","price":9200,"published_date":"2010-08-02T22:00:00.000000Z","support":"Grand format","publisher_availability":1,"stock":0,"editions":[],"url":"https:\/\/quaidesbrumes.com\/ouvrage\/9782287334764\/analyse-cephalometrique-fonctionnelle-esthetique-de-profil"},{"id":"9782917659250","title":"De l'Oise \u00e0 la lune ; photographies 1883-1898","description":"Dessinateur \u00e0 la manufacture nationale de tapisserie de Beauvais, membre fondateur de la Soci\u00e9t\u00e9 astronomique de France cr\u00e9\u00e9e \u00e0 l'initiative de Camille Flammarion, arch\u00e9ologue et amateur d'art, \" entr\u00e9 en photographie \" pour les besoins de sa passion pour les astres, L\u00e9on Fenet (1839-1898) est un parfait repr\u00e9sentant de ces hommes de sciences et de culture qui ont marqu\u00e9 le XIXe si\u00e8cle.\r\nC'est \u00e0 la d\u00e9couverte des parcours crois\u00e9s de L\u00e9on Fenet, qui m\u00ealent photographie, astronomie, patrimoine et ethnologie, que vous invite le pr\u00e9sent ouvrage.\r","authors":["L\u00e9on Fenet"],"category_codes":["6000000","6070000","6070200"],"visuals":{"large":"https:\/\/images.epagine.fr\/250\/9782917659250_1_75.jpg","medium":"https:\/\/images.epagine.fr\/250\/9782917659250_1_m.jpg","thumbnail":"https:\/\/images.epagine.fr\/250\/9782917659250_1_v.jpg"},"orderable":true,"show_badge":true,"formatted_price":"15,00&nbsp;\u20ac","formatted_published_date":"3 septembre 2012","publisher_availability_label":"Sur commande","short_details":"L\u00e9on Fenet \u2014 Libel","translator":null,"weight":850,"page_count":112,"readership":null,"editor":"Libel","price":1500,"published_date":"2012-09-02T22:00:00.000000Z","support":"Grand format","publisher_availability":1,"stock":0,"editions":[],"url":"https:\/\/quaidesbrumes.com\/ouvrage\/9782917659250\/de-loise-a-la-lune-photographies-1883-1898"},{"id":"9782708959422","title":"Grand Narbonne ; un pays grandeur nature","description":"Ce livre est le premier grand album illustr\u00e9 de la Narbonnaise au XXI e si\u00e8cle.\r\nRiche de photographies de Jean Belondrade, de vues a\u00e9riennes, de paysages, de sc\u00e8nes de vie et de lieux patrimoniaux, il est une ode v\u00e9ritable \u00e0 ce territoire multiple, entre mer, garrigues, vignes, littoral, \u00e9tangs, villages et villes.\r\nSitu\u00e9 au coeur et \u00e0 la confluence de la nouvelle grande r\u00e9gion, le grand Narbonne c\u00e9l\u00e8bre dans ce livre autant ses racines s\u00e9culaires que ses espaces naturels pr\u00e9serv\u00e9s.\r\nLe texte bref mais exhaustif sera nourri de rencontres, d'\u00e9changes avec les habitants de ce pays et donnera une vision humanis\u00e9e du territoire ; les photographies seront toutes d'une haute tenue esth\u00e9tique afin de mettre en avant la sp\u00e9cificit\u00e9 du Grand Narbonne (beaux villages, esp\u00e8ces animales caract\u00e9ristiques, lieux naturels).\r\nLe livre sera traduit afin de pouvoir faire l'objet d'achats de la part de populations \u00e9trang\u00e8res en visite sur le territoire. Les traductions seront propos\u00e9es en fin d'ouvrage et seront accompagn\u00e9es de photographies de petit format.\r\nSeront abord\u00e9s dans cet ouvrage :\r\n- les activit\u00e9s agricoles (travail de la vigne, ostr\u00e9iculture, marais salants) - les grandes entreprises, les structures de valorisation territoriale (PNR narbonnaise en M\u00e9diterran\u00e9e) -les diff\u00e9rentes stations du littoral ainsi que les espaces naturels uniques (Corbi\u00e8res maritimes, garrigues, \u00e9tangs de Bages-Sigean et de Leucate, massif de la Clape, \u00eele de Sainte- Lucie ) - les lieux patrimoniaux majeurs (centre-ville de Narbonne, Via Domitia, cath\u00e9drale, oppidum de Pech Maho, abbaye de Fontfroide, Canal du Midi et Canal de la Robine, plages immenses et graus (de la Vieille Nouvelle, du Grazel), cimeti\u00e8re marin de Notre-Dame des Auzils, villes portuaires (Gruissan, Port la Nouvelle, Port Leucate) - les lieux plus intimes du territoire (cabanes de Fleury avec les souvenirs du tournage du \"Petit Baigneur\" avec Louis de Fun\u00e8s \u00e0 la fin des ann\u00e9es 60) - les grands rendez-vous sport et nature (d\u00e9fi Wind, mondial du Vent, match du RCNM\r","authors":["Philippe Ollivier","Jean Belondrade"],"category_codes":["6000000","6070000","6070200","6070205"],"visuals":{"large":"https:\/\/quaidesbrumes.com\/img\/book-placeholder.png","medium":"https:\/\/quaidesbrumes.com\/img\/book-placeholder.png","thumbnail":"https:\/\/quaidesbrumes.com\/img\/book-placeholder.png"},"orderable":true,"show_badge":true,"formatted_price":"29,50&nbsp;\u20ac","formatted_published_date":"11 d\u00e9cembre 2015","publisher_availability_label":"Sur commande","short_details":"Philippe Ollivier, Jean Belondrade \u2014 Privat","translator":null,"weight":1232,"page_count":144,"readership":null,"editor":"Privat","price":2950,"published_date":"2015-12-10T23:00:00.000000Z","support":"Grand format","publisher_availability":1,"stock":0,"editions":[],"url":"https:\/\/quaidesbrumes.com\/ouvrage\/9782708959422\/grand-narbonne-un-pays-grandeur-nature"},{"id":"9782917659496","title":"Feyzin 4 janvier 1966 ; images d'une catastrophe par Georges Vermard","description":"\u00ab Lorsque je me suis rendu sur les lieux, la premi\u00e8re chose qu'il m'est paru indispensable de faire c'\u00e9tait une vue panoramique. J'ai commenc\u00e9 \u00e0 r\u00e9gler mes appareils, ce n'\u00e9tait pas le num\u00e9rique d'aujourd'hui, donc cela demandait des r\u00e9glages assez pr\u00e9cis d'autant que j'avais un appareil couleur et un appareil noir et blanc. Et c'est pr\u00e9cis\u00e9ment au moment o\u00f9 j'effectuais ces r\u00e9glages qu'a eu lieu cette explosion absolument gigantesque, une v\u00e9ritable explosion atomique. [...] J'en garde un souvenir imp\u00e9rissable. Vous savez ces catastrophes nous rappellent toujours ce que nous sommes. Et finalement nous sommes peu de chose, sans le secours de ceux qui laissent leurs vies. \u00bb  Il y a 50 ans, aux portes de Lyon, \u00e0 Feyzin, une gigantesque explosion cons\u00e9cutive \u00e0 un incendie dans la raffinerie de p\u00e9trole fait 18 morts et endommage les habitations jusqu'\u00e0 25 kilom\u00e8tres \u00e0 la ronde. Le photographe de presse Georges Vermard couvre ce premier grand drame industriel fran\u00e7ais et livre une s\u00e9rie d'images inoubliables, \u00e0 la hauteur de cet \u00e9v\u00e9nement tragique d'un genre alors enti\u00e8rement nouveau.\r","authors":["Collectif"],"category_codes":["6000000","6070000","6070200"],"visuals":{"large":"https:\/\/images.epagine.fr\/496\/9782917659496_1_75.jpg","medium":"https:\/\/images.epagine.fr\/496\/9782917659496_1_m.jpg","thumbnail":"https:\/\/images.epagine.fr\/496\/9782917659496_1_v.jpg"},"orderable":true,"show_badge":true,"formatted_price":"25,00&nbsp;\u20ac","formatted_published_date":"4 janvier 2016","publisher_availability_label":"Sur commande","short_details":"Collectif \u2014 Libel","translator":null,"weight":825,"page_count":112,"readership":null,"editor":"Libel","price":2500,"published_date":"2016-01-03T23:00:00.000000Z","support":"Grand format","publisher_availability":1,"stock":0,"editions":[],"url":"https:\/\/quaidesbrumes.com\/ouvrage\/9782917659496\/feyzin-4-janvier-1966-images-dune-catastrophe-par-georges-vermard"},{"id":"9782940624270","title":"Time on Quaaludes and Red Wine","description":"Le projet d'Anna Gal\u00ed est un hommage \u00e0 son fils Tomeu, d\u00e9c\u00e9d\u00e9 \u00e0 l'\u00e2ge de dix-huit ans, \u00e0 la suite d'une overdose. \u00c0 l'aide de diff\u00e9rentes sources - archives familiales, appropriation num\u00e9rique, documents personnels - la photographe aborde les questions de la construction de l'identit\u00e9, des relations familiales ou amicales, des addictions et de leurs terribles secrets. La publication t\u00e9moigne avec sensibilit\u00e9 d'une trag\u00e9die familiale et met en \u00e9vidence le processus de deuil maternel; le titre \u00abTime on Quaaludes and Red Wine\u00bb est une r\u00e9f\u00e9rence \u00e0 David Bowie, idole du fils disparu.","authors":["Anna Gal\u00ed"],"category_codes":["6000000","6070000","6070200"],"visuals":{"large":"https:\/\/images.epagine.fr\/270\/9782940624270_1_75.jpg","medium":"https:\/\/images.epagine.fr\/270\/9782940624270_1_m.jpg","thumbnail":"https:\/\/images.epagine.fr\/270\/9782940624270_1_v.jpg"},"orderable":true,"show_badge":true,"formatted_price":"38,00&nbsp;\u20ac","formatted_published_date":"29 novembre 2024","publisher_availability_label":"Sur commande","short_details":"Anna Gal\u00ed \u2014 Images Vevey","translator":null,"weight":300,"page_count":212,"readership":null,"editor":"Images Vevey","price":3800,"published_date":"2024-11-28T23:00:00.000000Z","support":"Grand format","publisher_availability":1,"stock":0,"editions":[],"url":"https:\/\/quaidesbrumes.com\/ouvrage\/9782940624270\/time-on-quaaludes-and-red-wine"},{"id":"9782322096640","title":"D\u00e9calages ; photographiques","description":"Recueil de photographies p\u00eale-m\u00eales entre art contemporain, photoreportage et photo humaniste. Un regard d\u00e9cal\u00e9 sur les choses et les gens de notre quotidien.\r","authors":["Alain Bachellier"],"category_codes":["6000000","6070000","6070200","6070205"],"visuals":{"large":"https:\/\/images.epagine.fr\/640\/9782322096640_1_75.jpg","medium":"https:\/\/images.epagine.fr\/640\/9782322096640_1_m.jpg","thumbnail":"https:\/\/images.epagine.fr\/640\/9782322096640_1_v.jpg"},"orderable":true,"show_badge":true,"formatted_price":"14,99&nbsp;\u20ac","formatted_published_date":"23 ao\u00fbt 2016","publisher_availability_label":"Sur commande","short_details":"Alain Bachellier \u2014 Books on Demand","translator":null,"weight":174,"page_count":48,"readership":null,"editor":"Books on Demand","price":1499,"published_date":"2016-08-22T22:00:00.000000Z","support":"Grand format","publisher_availability":1,"stock":0,"editions":[],"url":"https:\/\/quaidesbrumes.com\/ouvrage\/9782322096640\/decalages-photographiques"}]}