{"data":[{"id":"9782822405393","title":"Les cahiers de l'audiovisuel","description":"Le monde des m\u00e9dias que nous avons connu dispara\u00eet sous nos yeux. Celui qui se dresse \u00e0 sa place est sans commune mesure. L'image se d\u00e9place du t\u00e9l\u00e9viseur classique vers de toujours plus nombreux autres modes de diffusion m\u00e9diatique, qui se mettent en place \u00e0 un rythme inimaginable il y a seulement 20 ans. Les nouvelles g\u00e9n\u00e9rations regardent la t\u00e9l\u00e9vision mais autrement. Partout, \u00e0 n'importe quel moment et avec les moyens les plus mobiles et interactifs possibles. \r\nCe qui entra\u00eene une convergence des m\u00e9dias et une profonde remise en cause des \u00e9quilibres \u00e9conomiques de ce secteur d'activit\u00e9 si h\u00e9t\u00e9roclite. Comprendre la fa\u00e7on dont \u00e9volue le secteur des m\u00e9dias est un enjeu essentiel. La place de l'image dans nos soci\u00e9t\u00e9s est plus grande que jamais. Un enfant mort sur une plage touche au coeur un monde d'indiff\u00e9rence ; un \u00e9v\u00e8nement sportif mondial soul\u00e8ve des foules au m\u00eame instant, aux quatre coins de la plan\u00e8te. \r\nL'image grandit notre univers. Pour que cela dure et s'am\u00e9liore encore, c'est tout un syst\u00e8me \u00e9conomique \u00e0 sauvegarder. Ces Cahiers de l'Audiovisuel sont le fruit de rencontres r\u00e9guli\u00e8res de parlementaires, professionnels de l'audiovisuel, et universitaires qui ont lieu depuis huit ans. Conjuguant recul th\u00e9orique et connaissance intime de la r\u00e9alit\u00e9 des pratiques, les r\u00e9flexions propos\u00e9es dans ces Cahiers cherchent \u00e0 d\u00e9crire ce secteur en pleine croissance et mutation, \u00e0 mettre en \u00e9vidence les axes d'\u00e9volution et, surtout, \u00e0 proposer des solutions concr\u00e8tes. \r\nToutes les dimensions y sont abord\u00e9es, des enjeux li\u00e9s aux progr\u00e8s technologiques \u00e0 ceux du financement, en passant par ceux de la production, de la diffusion, des nouveaux usages, de la r\u00e9gulation et du secteur public. Ces Cahiers proposent ainsi une r\u00e9flexion de pointe sur tous les aspects du secteur multifacette des m\u00e9dias. Ils ont l'ambition de servir de r\u00e9f\u00e9rence \u00e0 tous ceux qui veulent mieux comprendre la fa\u00e7on dont il fonctionne et imaginer ce qu'il sera demain.","authors":["Bernard Chaussegros"],"category_codes":["6000000","6070000","6070400"],"visuals":{"large":"https:\/\/images.epagine.fr\/393\/9782822405393_1_75.jpg","medium":"https:\/\/images.epagine.fr\/393\/9782822405393_1_m.jpg","thumbnail":"https:\/\/images.epagine.fr\/393\/9782822405393_1_v.jpg"},"orderable":true,"show_badge":true,"formatted_price":"24,90&nbsp;\u20ac","formatted_published_date":"13 d\u00e9cembre 2017","publisher_availability_label":"Sur commande","short_details":"Bernard Chaussegros \u2014 MA","translator":null,"weight":280,"page_count":200,"readership":null,"editor":"MA","price":2490,"published_date":"2017-12-12T23:00:00.000000Z","support":"Grand format","publisher_availability":1,"stock":0,"editions":[],"url":"https:\/\/quaidesbrumes.com\/ouvrage\/9782822405393\/les-cahiers-de-laudiovisuel"},{"id":"9782343003276","title":"Journaliste reporter en RDC ; nous vivions un m\u00e9tier formidable","description":"Au fil des ann\u00e9es 70 et 80, le h\u00e9ros nous conte son parcours de journaliste-reporter en R\u00e9publique D\u00e9mocratique du Congo. Qu'est-ce qu'\u00eatre stagiaire au studio \u00e9cole de l'OCORA en 1970 ? A quoi correspondaient ses missions de journaliste ? Et ses loisirs ? Nous partageons ainsi avec lui une exp\u00e9rience, une r\u00e9flexion, mais \u00e9galement des anecdotes qui r\u00e9v\u00e8lent non seulement une profession mais \u00e9galement l'atmosph\u00e8re d'une autre \u00e9poque.","authors":["Emmanuel bebe Beshelemu"],"category_codes":["6000000","6070000","6070300"],"visuals":{"large":"https:\/\/images.epagine.fr\/276\/9782343003276_1_75.jpg","medium":"https:\/\/images.epagine.fr\/276\/9782343003276_1_m.jpg","thumbnail":"https:\/\/images.epagine.fr\/276\/9782343003276_1_v.jpg"},"orderable":true,"show_badge":true,"formatted_price":"16,50&nbsp;\u20ac","formatted_published_date":"16 avril 2013","publisher_availability_label":"Sur commande","short_details":"Emmanuel bebe Beshelemu \u2014 \u00c9ditions L'Harmattan","translator":null,"weight":185,"page_count":152,"readership":null,"editor":"\u00c9ditions L'Harmattan","price":1650,"published_date":"2013-04-15T22:00:00.000000Z","support":"Grand format","publisher_availability":1,"stock":0,"editions":[],"url":"https:\/\/quaidesbrumes.com\/ouvrage\/9782343003276\/journaliste-reporter-en-rdc-nous-vivions-un-metier-formidable"},{"id":"9782336291932","title":"Identit\u00e9s t\u00e9l\u00e9visuelles ; une comparaison France-Chili","description":"La t\u00e9l\u00e9vision mondiale est-elle en proie \u00e0 un mouvement irr\u00e9versible d'homog\u00e9n\u00e9isation des programmes ? S'oriente-t-on vers une t\u00e9l\u00e9vision uniforme ? L'\u00e9tude comparative des syst\u00e8mes t\u00e9l\u00e9visuels chilien et fran\u00e7ais tente de r\u00e9pondre \u00e0 cette question. Structur\u00e9s autour d'un projet culturel et p\u00e9dagogique, pris en charge par l'Etat en France et par le milieu universitaire au Chili, les contributions examinent trois types de programme : les programmes politiques, les retransmissions sportives et les s\u00e9ries fictionnelles.","authors":["Bernardo Amigo Latorre","Guy Lochard"],"category_codes":["6000000","6070000","6070300"],"visuals":{"large":"https:\/\/images.epagine.fr\/932\/9782336291932_1_75.jpg","medium":"https:\/\/images.epagine.fr\/932\/9782336291932_1_m.jpg","thumbnail":"https:\/\/images.epagine.fr\/932\/9782336291932_1_v.jpg"},"orderable":true,"show_badge":true,"formatted_price":"24,00&nbsp;\u20ac","formatted_published_date":"17 avril 2013","publisher_availability_label":"Sur commande","short_details":"Bernardo Amigo Latorre, Guy Lochard \u2014 \u00c9ditions L'Harmattan","translator":null,"weight":270,"page_count":218,"readership":null,"editor":"\u00c9ditions L'Harmattan","price":2400,"published_date":"2013-04-16T22:00:00.000000Z","support":"Grand format","publisher_availability":1,"stock":0,"editions":[],"url":"https:\/\/quaidesbrumes.com\/ouvrage\/9782336291932\/identites-televisuelles-une-comparaison-france-chili"},{"id":"9782343005157","title":"Le silence de la photographie","description":"La photographie, art paradoxal plac\u00e9 \u00e0 la fois aux fronti\u00e8res et au centre de l'art, m\u00e9rite quelques r\u00e9flexions. Elle rel\u00e8ve de la pens\u00e9e par les formes, diff\u00e9rentes de l'autre pens\u00e9e, la pens\u00e9e par les id\u00e9es. Consid\u00e9rer l'objet photographique selon une perspective diff\u00e9rente, celle du silence des formes, ouvre un champ f\u00e9cond \u00e0 la r\u00e9flexion.","authors":["Jean-Claude Lemagny"],"category_codes":["6000000","6070000","6070200"],"visuals":{"large":"https:\/\/images.epagine.fr\/157\/9782343005157_1_75.jpg","medium":"https:\/\/images.epagine.fr\/157\/9782343005157_1_m.jpg","thumbnail":"https:\/\/images.epagine.fr\/157\/9782343005157_1_v.jpg"},"orderable":true,"show_badge":true,"formatted_price":"18,50&nbsp;\u20ac","formatted_published_date":"10 mai 2013","publisher_availability_label":"Sur commande","short_details":"Jean-Claude Lemagny \u2014 \u00c9ditions L'Harmattan","translator":null,"weight":220,"page_count":178,"readership":null,"editor":"\u00c9ditions L'Harmattan","price":1850,"published_date":"2013-05-09T22:00:00.000000Z","support":"Grand format","publisher_availability":1,"stock":0,"editions":[],"url":"https:\/\/quaidesbrumes.com\/ouvrage\/9782343005157\/le-silence-de-la-photographie"},{"id":"9782336300917","title":"Cameroon radio television, un grand malade ? diagnostic fonctionnel de l'audiovisuel public","description":"Voici grandement ouvertes les portes de la cuisine CRTV. Dans cet environnement obsolescent, fait de menaces, de tabous, de lignes de conduite, de v\u00e9rit\u00e9s et de paup\u00e9risation de ses membres, les journalistes, \u00e0 leur corps d\u00e9fendant, fabriquent des informations pr\u00e9dig\u00e9res \u00e0 servir au bon peuple, sous les regards inquisiteurs des tenants du pouvoir. Dogme des journalistes, extr\u00eame inf\u00e9odation au gouvernement... Nombreux sont les dysfonctionnements qui font de cet organisme un grand malade.","authors":["Raoul simplice Minlo"],"category_codes":["6000000","6070000","6070300"],"visuals":{"large":"https:\/\/images.epagine.fr\/917\/9782336300917_1_75.jpg","medium":"https:\/\/images.epagine.fr\/917\/9782336300917_1_m.jpg","thumbnail":"https:\/\/images.epagine.fr\/917\/9782336300917_1_v.jpg"},"orderable":true,"show_badge":true,"formatted_price":"22,50&nbsp;\u20ac","formatted_published_date":"6 mai 2013","publisher_availability_label":"Sur commande","short_details":"Raoul simplice Minlo \u2014 \u00c9ditions L'Harmattan","translator":null,"weight":267,"page_count":212,"readership":null,"editor":"\u00c9ditions L'Harmattan","price":2250,"published_date":"2013-05-05T22:00:00.000000Z","support":"Grand format","publisher_availability":1,"stock":0,"editions":[],"url":"https:\/\/quaidesbrumes.com\/ouvrage\/9782336300917\/cameroon-radio-television-un-grand-malade-diagnostic-fonctionnel-de-laudiovisuel-public"},{"id":"9782336293059","title":"La cin\u00e9philie des cin\u00e9astes Tome 1 ; du spectateur au cr\u00e9ateur","description":"Qu'est devenue, aujourd'hui, la notion de cin\u00e9philie ? Quel r\u00f4le que joue la culture cin\u00e9philique individuelle pour les cin\u00e9astes contemporains en activit\u00e9 : Claire Denis, Jim Jarmusch, Jean-Luc Godard, Wim Wenders, etc. Et ce, sur la perspective selon laquelle l'oeuvre cr\u00e9atrice des cin\u00e9astes se nourrit au pr\u00e9alable de leur exp\u00e9rience spectatorielle respective.","authors":["Collectif"],"category_codes":["6000000","6070000","6070300"],"visuals":{"large":"https:\/\/images.epagine.fr\/059\/9782336293059_1_75.jpg","medium":"https:\/\/images.epagine.fr\/059\/9782336293059_1_m.jpg","thumbnail":"https:\/\/images.epagine.fr\/059\/9782336293059_1_v.jpg"},"orderable":true,"show_badge":true,"formatted_price":"25,00&nbsp;\u20ac","formatted_published_date":"22 mai 2013","publisher_availability_label":"Sur commande","short_details":"Collectif \u2014 \u00c9ditions L'Harmattan","translator":null,"weight":290,"page_count":228,"readership":null,"editor":"\u00c9ditions L'Harmattan","price":2500,"published_date":"2013-05-21T22:00:00.000000Z","support":"Grand format","publisher_availability":1,"stock":0,"editions":[],"url":"https:\/\/quaidesbrumes.com\/ouvrage\/9782336293059\/la-cinephilie-des-cineastes-tome-1-du-spectateur-au-createur"},{"id":"9782336293684","title":"Didactique de la communication","description":"Les enseignements de communication sont n\u00e9s avec la mise en place des IUT. Le pr\u00e9sent ouvrage coordonn\u00e9e par le pr\u00e9sident de l'Association des enseignants de communication IUT propose une observation pr\u00e9cise des d'\u00e9changes didactiques au sein de cette association sur une dizaine d'ann\u00e9es. Il propose ensuite quelques pistes de r\u00e9flexion pour travailler aussi bien l'expression \u00e9crite ou orale que l'exploitation des technologies de l'information et de la communication de l'image.","authors":["Rodolphe Dalle"],"category_codes":["6000000","6070000","6070300"],"visuals":{"large":"https:\/\/images.epagine.fr\/684\/9782336293684_1_75.jpg","medium":"https:\/\/images.epagine.fr\/684\/9782336293684_1_m.jpg","thumbnail":"https:\/\/images.epagine.fr\/684\/9782336293684_1_v.jpg"},"orderable":true,"show_badge":true,"formatted_price":"22,50&nbsp;\u20ac","formatted_published_date":"27 mai 2013","publisher_availability_label":"Sur commande","short_details":"Rodolphe Dalle \u2014 \u00c9ditions L'Harmattan","translator":null,"weight":265,"page_count":212,"readership":null,"editor":"\u00c9ditions L'Harmattan","price":2250,"published_date":"2013-05-26T22:00:00.000000Z","support":"Grand format","publisher_availability":1,"stock":0,"editions":[],"url":"https:\/\/quaidesbrumes.com\/ouvrage\/9782336293684\/didactique-de-la-communication"},{"id":"9783967041330","title":"Tools not jewels","description":"Tools not jewels will teach you the tools and tricks and shortcuts Chris Burkard has learned over the years so that your shooting muscle becomes so well-organized you're operating on instinct alone. With this book, Chris goes beyond breathtaking images to dissolve the mystery around shooting in extreme environments, and any environment, for that matter-from getting your best shots in freezing-cold conditions to capturing star trails on the darkest of nights. Whether you're a professional with high-end equipment or an adventure buff testing the limits of an iPhone, Tools not jewels is a practical application of photography in compact, easy-to-digest format. With smart graphics and targeted illustrations, it's built to pop into your backpack or bag for quick referencing out in the field. In Tools not jewels, you're getting first hand tips from a master photographer on how to break the rules and innovate to get the shots you envision in your mind-from the practical (bringing hand warmers to keep camera batteries from freezing up in the cold) to the humanist (reminders to study up on local laws and customs before you go). Filled with common-sense hacks and rule-breaking methods developed by Chris over the past decade, Tools not jewels covers the entire category of outdoor photography in a satisfyingly chunky format.","authors":["Collectif"],"category_codes":["6000000","6070000","6070200"],"visuals":{"large":"https:\/\/images.epagine.fr\/330\/9783967041330_1_75.jpg","medium":"https:\/\/images.epagine.fr\/330\/9783967041330_1_m.jpg","thumbnail":"https:\/\/images.epagine.fr\/330\/9783967041330_1_v.jpg"},"orderable":true,"show_badge":true,"formatted_price":"30,00&nbsp;\u20ac","formatted_published_date":"3 octobre 2024","publisher_availability_label":"Sur commande","short_details":"Collectif \u2014 Dgv","translator":null,"weight":850,"page_count":224,"readership":null,"editor":"Dgv","price":3000,"published_date":"2024-10-02T22:00:00.000000Z","support":"Grand format","publisher_availability":1,"stock":0,"editions":[],"url":"https:\/\/quaidesbrumes.com\/ouvrage\/9783967041330\/tools-not-jewels"},{"id":"9782487344082","title":"L'Instant  Mirage","description":"Arpenter les rues de Paris, des heures durant, parfois sans \u00eatre plus tr\u00e8s s\u00fbr de ce que l'on cherche, jusqu'\u00e0 ce que l'on tombe sur cet instant qui nous attrape. Instants fig\u00e9s, perdus, \u00e9chappant \u00e0 leur r\u00e9alit\u00e9, \u00e0 leurs histoires, \u00e0 leur \u00e9poque, pour ne plus \u00eatre que les songes photographiques d'esprits vagabonds. La qu\u00eate est longue, elle dure peut-\u00eatre toute une vie. Mais elle ne s'essouffle jamais, car les images que l'on a pas encore captur\u00e9es nous hantent. Quel clich\u00e9 d\u00e9clencha mon obsession ? La petite fille aux feuilles mortes de Boubat ? Le man\u00e8ge de monsieur Bar\u00e9 de Doisneau ? Les nuits brumeuses de Brassa\u00ef m'invit\u00e8rent certainement \u00e0 regarder Paris d'un oeil \u00e9trange, comme pour y trouver une couche invisible et anachronique. Car chaque rue, chaque quartier parisien est habit\u00e9 par 180 ans de photographie. Du pictorialisme de Stieglitz \u00e0 l'humanisme des ann\u00e9es 50, c'est \u00e0 la fois le documentaire po\u00e9tique et l'illusion mystique que je recherche dans mes balades. La r\u00e9alit\u00e9 et le mensonge. La photo peut alors \u00e9chapper au discours, pour devenir une sensation, une odeur, peut-\u00eatre m\u00eame une madeleine, un mirage...","authors":["Orioto"],"category_codes":["6000000","6070000","6070200"],"visuals":{"large":"https:\/\/images.epagine.fr\/082\/9782487344082_1_75.jpg","medium":"https:\/\/images.epagine.fr\/082\/9782487344082_1_m.jpg","thumbnail":"https:\/\/images.epagine.fr\/082\/9782487344082_1_v.jpg"},"orderable":true,"show_badge":true,"formatted_price":"55,00&nbsp;\u20ac","formatted_published_date":"9 ao\u00fbt 2024","publisher_availability_label":"Sur commande","short_details":"Orioto \u2014 Street Photo France","translator":null,"weight":588,"page_count":144,"readership":null,"editor":"Street Photo France","price":5500,"published_date":"2024-08-08T22:00:00.000000Z","support":"Grand format","publisher_availability":1,"stock":0,"editions":[],"url":"https:\/\/quaidesbrumes.com\/ouvrage\/9782487344082\/linstant-mirage"},{"id":"9782296968431","title":"La photographie ; mythe global et usage local","description":"De quelle mani\u00e8re certaines photos locales peuvent-elles avoir une port\u00e9e mondiale au point d'engendrer ou participer \u00e0 des mythes globaux ? Comment ne pas passer de l'interrogation photographique locale \u00e0 des usages id\u00e9ologiques globaux ? Ces contributions fourniront des \u00e9l\u00e9ments d'histoire de l'\u00e9volution des pratiques de la photographie et une r\u00e9flexion plus g\u00e9n\u00e9rale sur la situation actuelle de l'image photographique et de ses usages.","authors":["Ivaylo Ditchev","Gilles Rouet"],"category_codes":["6000000","6070000","6070200"],"visuals":{"large":"https:\/\/images.epagine.fr\/431\/9782296968431_1_75.jpg","medium":"https:\/\/images.epagine.fr\/431\/9782296968431_1_m.jpg","thumbnail":"https:\/\/images.epagine.fr\/431\/9782296968431_1_v.jpg"},"orderable":true,"show_badge":true,"formatted_price":"26,00&nbsp;\u20ac","formatted_published_date":"20 avril 2012","publisher_availability_label":"Sur commande","short_details":"Ivaylo Ditchev, Gilles Rouet \u2014 \u00c9ditions L'Harmattan","translator":null,"weight":305,"page_count":238,"readership":null,"editor":"\u00c9ditions L'Harmattan","price":2600,"published_date":"2012-04-19T22:00:00.000000Z","support":"Grand format","publisher_availability":1,"stock":0,"editions":[],"url":"https:\/\/quaidesbrumes.com\/ouvrage\/9782296968431\/la-photographie-mythe-global-et-usage-local"},{"id":"9782756407333","title":"Une plume libre","description":"16 ans, sans dipl\u00f4me, j'int\u00e8gre l'\u00e9cole des mousses, puis les fusiliers commandos de la marine, et pour quelques mois la prison des Baumettes. Quarante-neuf ans plus tard, je rends ma carte de presse. Entre-temps j'ai \u00e9t\u00e9 un an flic \u00e0 la DST, et trente-huit ans journaliste, grand reporter, r\u00e9dacteur en chef, P-DG pour le Groupe Hersant M\u00e9dia \u00e0 La R\u00e9union, ainsi qu'en Champagne-Ardenne et Picardie. J'ai aim\u00e9 ce m\u00e9tier passionn\u00e9ment. J'ai parfois mis le pied en dehors des clous, loin des r\u00e9seaux parisiens. J'ai arpent\u00e9 le Tchad, les palais officiels en Guin\u00e9e et au Cameroun, rejoint Ushuaia pendant la guerre des Malouines, suivi de pr\u00e8s la vie politique des \u00eeles des Mascareignes et celle de l'archipel des Comores. J'ai crois\u00e9 des chefs d'\u00c9tat, des \u00ab conseillers sp\u00e9ciaux \u00bb, des hommes politiques de tous bords, des magistrats ? souvent soumis au pouvoir ?, des voyous petits et gros, dont deux d'entre eux m'ont laiss\u00e9 pour mort, le 10 septembre 1979. Apr\u00e8s toutes ces vies, une chose est s\u00fbre : je quitte ce m\u00e9tier debout, sans jamais avoir pli\u00e9.\r\n\r\nCr\u00e9ation Studio Flammarion \u00a9 J\u00e9r\u00f4me Sessini \/ Magnum Photos","authors":["Jacques Tillier"],"category_codes":["6000000","6070000","6070300"],"visuals":{"large":"https:\/\/images.epagine.fr\/333\/9782756407333_1_75.jpg","medium":"https:\/\/images.epagine.fr\/333\/9782756407333_1_m.jpg","thumbnail":"https:\/\/images.epagine.fr\/333\/9782756407333_1_v.jpg"},"orderable":true,"show_badge":true,"formatted_price":"21,90&nbsp;\u20ac","formatted_published_date":"9 f\u00e9vrier 2013","publisher_availability_label":"Sur commande","short_details":"Jacques Tillier \u2014 PYGMALION","translator":null,"weight":418,"page_count":420,"readership":null,"editor":"PYGMALION","price":2190,"published_date":"2013-02-08T23:00:00.000000Z","support":"Grand format","publisher_availability":1,"stock":0,"editions":[],"url":"https:\/\/quaidesbrumes.com\/ouvrage\/9782756407333\/une-plume-libre"},{"id":"9782296994959","title":"Au bout du r\u00eave ; la belle au bois dormant de Walt Disney","description":"Apr\u00e8s une p\u00e9riode de purgatoire, La Belle au Bois Dormant a pris place au panth\u00e9on des chefs-d'oeuvre de Walt Disney. Cette r\u00e9ussite est survenue apr\u00e8s une longue maturation sem\u00e9e d'embuches et de d\u00e9fis de toutes sortes. Cet ouvrage propose de la situer dans le parcours personnel de Walt Disney et dans la production des studios. Il tente enfin de cerner l'influence du film dans l'oeuvre des productions Disney et au-del\u00e0.","authors":["Michel Bosc"],"category_codes":["6000000","6070000","6070300"],"visuals":{"large":"https:\/\/images.epagine.fr\/959\/9782296994959_1_75.jpg","medium":"https:\/\/images.epagine.fr\/959\/9782296994959_1_m.jpg","thumbnail":"https:\/\/images.epagine.fr\/959\/9782296994959_1_v.jpg"},"orderable":true,"show_badge":true,"formatted_price":"16,50&nbsp;\u20ac","formatted_published_date":"9 octobre 2012","publisher_availability_label":"Sur commande","short_details":"Michel Bosc \u2014 \u00c9ditions L'Harmattan","translator":null,"weight":200,"page_count":152,"readership":null,"editor":"\u00c9ditions L'Harmattan","price":1650,"published_date":"2012-10-08T22:00:00.000000Z","support":"Grand format","publisher_availability":1,"stock":0,"editions":[],"url":"https:\/\/quaidesbrumes.com\/ouvrage\/9782296994959\/au-bout-du-reve-la-belle-au-bois-dormant-de-walt-disney"},{"id":"9782343011035","title":"Le documentaire radiophonique","description":"Cet ouvrage a pour ambition de retracer l'apparition du genre documentaire \u00e0 la radio. Avec le num\u00e9rique, le genre s'est \"d\u00e9mocratis\u00e9\" : jamais techniquement il n'a \u00e9t\u00e9 aussi facile de r\u00e9aliser un documentaire sonore. Sa diffusion est aussi favoris\u00e9e par l'\u00e9coute en diff\u00e9r\u00e9 (podcast, streaming). A l'heure de cette mutation, cet ouvrage propose une d\u00e9finition des principaux types de documentaires \u00e0 la radio: documentaire d'interaction, documentaire po\u00e9tique, documentaire d'observation et documentaire-fiction.","authors":["Christophe Deleu"],"category_codes":["6000000","6070000","6070300"],"visuals":{"large":"https:\/\/images.epagine.fr\/035\/9782343011035_1_75.jpg","medium":"https:\/\/images.epagine.fr\/035\/9782343011035_1_m.jpg","thumbnail":"https:\/\/images.epagine.fr\/035\/9782343011035_1_v.jpg"},"orderable":true,"show_badge":true,"formatted_price":"28,00&nbsp;\u20ac","formatted_published_date":"5 septembre 2013","publisher_availability_label":"Sur commande","short_details":"Christophe Deleu \u2014 \u00c9ditions L'Harmattan","translator":null,"weight":330,"page_count":268,"readership":null,"editor":"\u00c9ditions L'Harmattan","price":2800,"published_date":"2013-09-04T22:00:00.000000Z","support":"Grand format","publisher_availability":1,"stock":0,"editions":[],"url":"https:\/\/quaidesbrumes.com\/ouvrage\/9782343011035\/le-documentaire-radiophonique"},{"id":"9782738420800","title":"Du r\u00e9el au simulacre ; cin\u00e9ma, photographie et histoire","description":null,"authors":["Fr\u00e9d\u00e9ric Delmeulle","St\u00e9pahne Dubreil","Thierry Lefebvre"],"category_codes":["6000000","6070000","6070300"],"visuals":{"large":"https:\/\/images.epagine.fr\/800\/9782738420800_1_75.jpg","medium":"https:\/\/images.epagine.fr\/800\/9782738420800_1_m.jpg","thumbnail":"https:\/\/images.epagine.fr\/800\/9782738420800_1_v.jpg"},"orderable":true,"show_badge":true,"formatted_price":"21,00&nbsp;\u20ac","formatted_published_date":"3 mai 2000","publisher_availability_label":"Sur commande","short_details":"Fr\u00e9d\u00e9ric Delmeulle, St\u00e9pahne Dubreil, Thierry Lefebvre \u2014 \u00c9ditions L'Harmattan","translator":null,"weight":272,"page_count":206,"readership":null,"editor":"\u00c9ditions L'Harmattan","price":2100,"published_date":"2000-05-02T22:00:00.000000Z","support":"Grand format","publisher_availability":1,"stock":0,"editions":[],"url":"https:\/\/quaidesbrumes.com\/ouvrage\/9782738420800\/du-reel-au-simulacre-cinema-photographie-et-histoire"},{"id":"9782343021744","title":"La naissance de la presse au XVIIe si\u00e8cle ; le Mercure francais","description":"Quatre cents ans apr\u00e8s sa premi\u00e8re publication, le Mercure fran\u00e7ais demeure m\u00e9connu. L'auteur se propose donc de faire du Mercure un objet d'analyse qu'il place \u00e0 la crois\u00e9e de plusieurs champs d'\u00e9tudes, telles l'histoire de la presse, l'histoire culturelle et l'histoire politique. Il en r\u00e9v\u00e8le l'importance, sans doute fondamentale pour le syst\u00e8me d'information en France. Ce p\u00e9riodique porte un t\u00e9moignage exceptionnel sur les \u00e9v\u00e9nements de la premi\u00e8re moiti\u00e9 du XVIIe si\u00e8cle.","authors":["Anne-laure Leroux"],"category_codes":["6000000","6070000","6070300"],"visuals":{"large":"https:\/\/images.epagine.fr\/744\/9782343021744_1_75.jpg","medium":"https:\/\/images.epagine.fr\/744\/9782343021744_1_m.jpg","thumbnail":"https:\/\/images.epagine.fr\/744\/9782343021744_1_v.jpg"},"orderable":true,"show_badge":true,"formatted_price":"15,50&nbsp;\u20ac","formatted_published_date":"19 novembre 2013","publisher_availability_label":"Sur commande","short_details":"Anne-laure Leroux \u2014 \u00c9ditions L'Harmattan","translator":null,"weight":196,"page_count":148,"readership":null,"editor":"\u00c9ditions L'Harmattan","price":1550,"published_date":"2013-11-18T23:00:00.000000Z","support":"Grand format","publisher_availability":1,"stock":0,"editions":[],"url":"https:\/\/quaidesbrumes.com\/ouvrage\/9782343021744\/la-naissance-de-la-presse-au-xviie-siecle-le-mercure-francais"},{"id":"9784756249661","title":"Beautiful scenes from a fantasy world ; background illustrations and scenes from anime and manga work","description":"Ch\u00e2teaux c\u00e9lestes, bateaux de pirates navigant parmi les nuages, inventions r\u00e9tro-futuristes, paysagers architecturaux abandonn\u00e9s, villes englouties sous l'oc\u00e9an ; autant de sc\u00e8nes de fantaisie populaires dans le monde du manga et de l'anim\u00e9. Cette collection d'images pr\u00e9sente 32 cr\u00e9ateurs japonais r\u00e9put\u00e9s, mettant l'accent davantage sur les d\u00e9cors fantasm\u00e9s que sur les personnages.","authors":["Collectif"],"category_codes":["6000000","6070000","6070300"],"visuals":{"large":"https:\/\/images.epagine.fr\/661\/9784756249661_1_75.jpg","medium":"https:\/\/images.epagine.fr\/661\/9784756249661_1_m.jpg","thumbnail":"https:\/\/images.epagine.fr\/661\/9784756249661_1_v.jpg"},"orderable":true,"show_badge":true,"formatted_price":"39,00&nbsp;\u20ac","formatted_published_date":"1er mai 2018","publisher_availability_label":"Sur commande","short_details":"Collectif \u2014 PIE Books","translator":null,"weight":700,"page_count":null,"readership":null,"editor":"PIE Books","price":3900,"published_date":"2018-04-30T22:00:00.000000Z","support":"Grand format","publisher_availability":1,"stock":0,"editions":[],"url":"https:\/\/quaidesbrumes.com\/ouvrage\/9784756249661\/beautiful-scenes-from-a-fantasy-world-background-illustrations-and-scenes-from-anime-and-manga-work"},{"id":"9782491233051","title":"After the world ends","description":"A book that will take you on a journey through post-apocalyptic cinema, from its origins to its Golden Age during the VHS era. With dozens of films reviewed, hundreds of photos and posters, and the recurring themes and typical tropes from the genre explored in details. Packed with brand new interviews with the people who made the films, featuring Fred Williamson, Sergio Martino, David Worth, Rae Dawn Chong, Steve De Jarnatt, to name a few, Let The End begin !","authors":["Claude Gaillard"],"category_codes":["6000000","6070000","6070300","6070307"],"visuals":{"large":"https:\/\/images.epagine.fr\/051\/9782491233051_1_75.jpg","medium":"https:\/\/images.epagine.fr\/051\/9782491233051_1_m.jpg","thumbnail":"https:\/\/images.epagine.fr\/051\/9782491233051_1_v.jpg"},"orderable":true,"show_badge":true,"formatted_price":"30,00&nbsp;\u20ac","formatted_published_date":"1er juillet 2021","publisher_availability_label":"Sur commande","short_details":"Claude Gaillard \u2014 C.R.E.E.","translator":null,"weight":1100,"page_count":256,"readership":null,"editor":"C.R.E.E.","price":3000,"published_date":"2021-06-30T22:00:00.000000Z","support":"Grand format","publisher_availability":1,"stock":0,"editions":[],"url":"https:\/\/quaidesbrumes.com\/ouvrage\/9782491233051\/after-the-world-ends"},{"id":"9782322456604","title":"Carnet de cin\u00e9ma : Journal de bord critiques et suivi de films I O\u00f9 j'en suis dans mes films I Fiche p\u00e9dagogique analyse de films \u00e0 comp\u00e9ter I Mon journal tracker film","description":"Que vous soyez un cin\u00e9phile averti, un cin\u00e9phage insatiable, un \u00e9tudiant en \u00e9tudes cin\u00e9matographiques, un programmateur de festivals ou un cr\u00e9ateur de contenu comme un youtubeur sp\u00e9cialis\u00e9, ce carnet est pens\u00e9 pour vous. Il est con\u00e7u pour vous accompagner dans toutes vos aventures cin\u00e9matographiques et vous permettre d'explorer votre passion de mani\u00e8re organis\u00e9e et professionnelle.","authors":["Magali Ligan"],"category_codes":["6000000","6070000","6070300"],"visuals":{"large":"https:\/\/images.epagine.fr\/604\/9782322456604_1_75.jpg","medium":"https:\/\/images.epagine.fr\/604\/9782322456604_1_m.jpg","thumbnail":"https:\/\/images.epagine.fr\/604\/9782322456604_1_v.jpg"},"orderable":true,"show_badge":true,"formatted_price":"6,99&nbsp;\u20ac","formatted_published_date":"22 novembre 2022","publisher_availability_label":"Sur commande","short_details":"Magali Ligan \u2014 Books on Demand","translator":null,"weight":160,"page_count":92,"readership":null,"editor":"Books on Demand","price":699,"published_date":"2022-11-21T23:00:00.000000Z","support":"Grand format","publisher_availability":1,"stock":0,"editions":[],"url":"https:\/\/quaidesbrumes.com\/ouvrage\/9782322456604\/carnet-de-cinema-journal-de-bord-critiques-et-suivi-de-films-i-ou-jen-suis-dans-mes-films-i-fiche-pedagogique-analyse-de-films-a-competer-i-mon-journal-tracker-film"},{"id":"9782970126171","title":"Hot dogs","description":"Du Vietnam ou du Myanmar, qu'ils soient d'Inde, de Tha\u00eflande ou du Cambodge, ils appartiennent tous \u00e0 une m\u00eame grande famille. Celle des chiens terrass\u00e9s par la chaleur et par l'ennui d'une vie sans but apparent, celle des laiss\u00e9s pour compte. \u00c0 les croiser si souvent, j'ai fini par \u00e9prouver une immense affection pour ces b\u00eates indolentes et douces. D\u00e8s lors je n'avais plus qu'une id\u00e9e en t\u00eate : fixer leur trace pour les immortaliser et leur rendre hommage.","authors":["Michel Malet"],"category_codes":["6000000","6070000","6070200","6070205"],"visuals":{"large":"https:\/\/images.epagine.fr\/171\/9782970126171_1_75.jpg","medium":"https:\/\/images.epagine.fr\/171\/9782970126171_1_m.jpg","thumbnail":"https:\/\/images.epagine.fr\/171\/9782970126171_1_v.jpg"},"orderable":true,"show_badge":true,"formatted_price":"22,00&nbsp;\u20ac","formatted_published_date":"18 septembre 2023","publisher_availability_label":"Sur commande","short_details":"Michel Malet \u2014 BLUEMAN","translator":null,"weight":210,"page_count":40,"readership":null,"editor":"BLUEMAN","price":2200,"published_date":"2023-09-17T22:00:00.000000Z","support":"Grand format","publisher_availability":1,"stock":0,"editions":[],"url":"https:\/\/quaidesbrumes.com\/ouvrage\/9782970126171\/hot-dogs"},{"id":"9783841616531","title":"\u00c9volution de la promotion de film pour capter l'attention des jeunes","description":"Ces derni\u00e8res ann\u00e9es, la production de films ainsi que la fr\u00e9quentation des salles obscures sont en net augmentation. Cette \u00e9volution peut s'expliquer en partie en raison de la crise qui, bien que d\u00e9sastreuse pour l'\u00e9conomie mondiale, a permis l'essor des loisirs \u00e0 petit budget. Le pendant de ce rebond est que les productions fran\u00e7aises et \u00e9trang\u00e8res sont soumises \u00e0 une forte concurrence, ce qui les am\u00e8ne \u00e0 devoir se d\u00e9marquer au niveau de leur communication. Cette m\u00eame concurrence bouleverse les r\u00e8gles strat\u00e9giques en mati\u00e8re de sorties de films. La promotion de films ne doit plus seulement inonder les m\u00e9dias avec des messages publicitaires traditionnels mais au contraire se donner un nouveau souffle et rebondir sur les nouvelles tendances afin de se d\u00e9marquer des autres films.","authors":["Diane Mir dauchy"],"category_codes":["6000000","6070000","6070300","6070301"],"visuals":{"large":"https:\/\/images.epagine.fr\/531\/9783841616531_1_75.jpg","medium":"https:\/\/images.epagine.fr\/531\/9783841616531_1_m.jpg","thumbnail":"https:\/\/images.epagine.fr\/531\/9783841616531_1_v.jpg"},"orderable":true,"show_badge":true,"formatted_price":"35,89&nbsp;\u20ac","formatted_published_date":"1er novembre 2018","publisher_availability_label":"Sur commande","short_details":"Diane Mir dauchy \u2014 Editions Universitaires Europeennes","translator":null,"weight":92,"page_count":52,"readership":null,"editor":"Editions Universitaires Europeennes","price":3589,"published_date":"2018-10-31T23:00:00.000000Z","support":"Grand format","publisher_availability":1,"stock":0,"editions":[],"url":"https:\/\/quaidesbrumes.com\/ouvrage\/9783841616531\/evolution-de-la-promotion-de-film-pour-capter-lattention-des-jeunes"},{"id":"9783639547344","title":"L'espace sacrificiel f\u00e9minin dans le cin\u00e9ma de Lars Von Trier ; une analyse herm\u00e9neutique de la figure sacrificielle f\u00e9minine von Trierienne","description":"La th\u00e9matique du sacrifice qui s'est propag\u00e9e d\u00e8s la cr\u00e9ation du monde jusqu'\u00e0 nos jours, incarne et actualise de nombreux conflits et oppositions entre la vie et la mort, l'enfer et le paradis. Les \u00e9critures sacr\u00e9es nous \u00e9clairent rarement sur le r\u00f4le des femmes dans les civilisations anciennes. Les plus grands sacrifices sont g\u00e9n\u00e9ralement associ\u00e9s aux hommes libres. Dans les religions chr\u00e9tiennes, les sacrifi\u00e9s empruntent les pas du Christ et ob\u00e9issent \u00e0 la demande de Dieu, alors que les femmes, d\u00e9chues et esclaves sont toujours associ\u00e9es au p\u00e9ch\u00e9 originel. Ce m\u00e9moire prend pour objet d'\u00e9tude l'espace sacrificiel f\u00e9minin et la figure f\u00e9minine dans le cin\u00e9ma de Lars von Trier (en particulier dans les films Melancholia (2011), Antichrist (2009), Dogville (2003), Dancer in the Dark (2000) et Breaking the Waves (1996)). Cet espace sacrificiel est analys\u00e9 au fil de ce m\u00e9moire \u00e0 travers une lecture herm\u00e9neutique des livres sacr\u00e9s, en particulier la Bible dans son Ancien et Nouveau Testament.","authors":["Eli jean Tahchi"],"category_codes":["6000000","6070000","6070300","6070307"],"visuals":{"large":"https:\/\/images.epagine.fr\/344\/9783639547344_1_75.jpg","medium":"https:\/\/images.epagine.fr\/344\/9783639547344_1_m.jpg","thumbnail":"https:\/\/images.epagine.fr\/344\/9783639547344_1_v.jpg"},"orderable":true,"show_badge":true,"formatted_price":"55,90&nbsp;\u20ac","formatted_published_date":"1er novembre 2018","publisher_availability_label":"Sur commande","short_details":"Eli jean Tahchi \u2014 Editions Universitaires Europeennes","translator":null,"weight":205,"page_count":132,"readership":null,"editor":"Editions Universitaires Europeennes","price":5590,"published_date":"2018-10-31T23:00:00.000000Z","support":"Grand format","publisher_availability":1,"stock":0,"editions":[],"url":"https:\/\/quaidesbrumes.com\/ouvrage\/9783639547344\/lespace-sacrificiel-feminin-dans-le-cinema-de-lars-von-trier-une-analyse-hermeneutique-de-la-figure-sacrificielle-feminine-von-trierienne"},{"id":"9782336005881","title":"Approches na\u00efves du Noir dans les m\u00e9dias fran\u00e7ais","description":"Comment le Noir, n\u00e9gro-africain ou n\u00e9gro-antillais est-il per\u00e7u dans les m\u00e9dias fran\u00e7ais. Mis en proc\u00e8s et travaill\u00e9s par les m\u00e9dias, Noirs et Blancs, au-del\u00e0 de toute proc\u00e9dure manich\u00e9enne, se font h\u00e9ritiers d'une longue tradition de st\u00e9r\u00e9otypes, pourvoyeurs et vecteurs de pr\u00eat-\u00e0-penser qui fondent en partie leur l\u00e9gitimit\u00e9 dans le langage. Cet ouvrage travaille \u00e0 la d\u00e9construction de ces id\u00e9es re\u00e7ues.","authors":["Claver Bibang"],"category_codes":["6000000","6070000","6070300"],"visuals":{"large":"https:\/\/images.epagine.fr\/881\/9782336005881_1_75.jpg","medium":"https:\/\/images.epagine.fr\/881\/9782336005881_1_m.jpg","thumbnail":"https:\/\/images.epagine.fr\/881\/9782336005881_1_v.jpg"},"orderable":true,"show_badge":true,"formatted_price":"22,50&nbsp;\u20ac","formatted_published_date":"21 d\u00e9cembre 2012","publisher_availability_label":"Sur commande","short_details":"Claver Bibang \u2014 \u00c9ditions L'Harmattan","translator":null,"weight":270,"page_count":208,"readership":null,"editor":"\u00c9ditions L'Harmattan","price":2250,"published_date":"2012-12-20T23:00:00.000000Z","support":"Grand format","publisher_availability":1,"stock":0,"editions":[],"url":"https:\/\/quaidesbrumes.com\/ouvrage\/9782336005881\/approches-naives-du-noir-dans-les-medias-francais"},{"id":"9782343000220","title":"Trente photos plus une","description":"\"C'est une sorte d'\u00e9tat des lieux que j'ai voulu r\u00e9aliser. Que reste-t-il dans la rue ou chez les artisans de ces m\u00e9tiers qu'Irving Penn a si magistralement photographi\u00e9s ? La rue, si remplie il y a soixante-dix ans, est aujourd'hui vide. (...) C'est vers les artisans d'art dans l'accomplissement de leur t\u00e2che que je me suis tourn\u00e9 en leur demandant quelques mots sur leurs m\u00e9tiers pour illustrer les portraits r\u00e9alis\u00e9s avec un mat\u00e9riel argetique \u00e0 l'instar d'Irving Penn.\"","authors":["Michel Jamet"],"category_codes":["6000000","6070000","6070200"],"visuals":{"large":"https:\/\/images.epagine.fr\/220\/9782343000220_1_75.jpg","medium":"https:\/\/images.epagine.fr\/220\/9782343000220_1_m.jpg","thumbnail":"https:\/\/images.epagine.fr\/220\/9782343000220_1_v.jpg"},"orderable":true,"show_badge":true,"formatted_price":"13,50&nbsp;\u20ac","formatted_published_date":"22 janvier 2013","publisher_availability_label":"Sur commande","short_details":"Michel Jamet \u2014 \u00c9ditions L'Harmattan","translator":null,"weight":145,"page_count":110,"readership":null,"editor":"\u00c9ditions L'Harmattan","price":1350,"published_date":"2013-01-21T23:00:00.000000Z","support":"Grand format","publisher_availability":1,"stock":0,"editions":[],"url":"https:\/\/quaidesbrumes.com\/ouvrage\/9782343000220\/trente-photos-plus-une"},{"id":"9782378965402","title":"V\u00e9ronique Go\u00ebl : Films et installations, 1979-2023","description":"Cin\u00e9aste et plasticienne, V\u00e9ronique Go\u00ebl (n\u00e9e en 1951 \u00e0 Rolle, Suisse, vit et travaille \u00e0 Gen\u00e8ve) d\u00e9veloppe depuis le milieu des ann\u00e9es 1970 un travail cin\u00e9matographique et photographique important, d\u00e9cryptant la m\u00e9moire, les liens interpersonnels et les rapports des individus avec les structures sociales, politiques et architecturales.\r\nV\u00e9ronique Go\u00ebl a commenc\u00e9 par une formation de couturi\u00e8re avant de s'orienter vers des \u00e9tudes de peinture et de gravure \u00e0 l'\u00c9cole des Beaux-Arts, \u00e0 Lausanne puis \u00e0 Gen\u00e8ve. Sa d\u00e9couverte des films de Jean-Marie Straub et Dani\u00e8le Huillet, en 1974 lors de leur premi\u00e8re r\u00e9trospective \u00e0 la cin\u00e9math\u00e8que de Lausanne, est d\u00e9terminante. Entre 1982 et 1989, elle vit et travaille \u00e0 Londres avec le cin\u00e9aste Stephen Dwoskin (1939-2012). V\u00e9ronique Go\u00ebl a entrepris de nombreux s\u00e9jours en Afrique, \u00e0 Berlin, \u00e0 New York, \u00e0 Florence ainsi qu'une r\u00e9sidence d'artiste \u00e0 Barcelone.","authors":["Fran\u00e7ois Bovier"],"category_codes":["6000000","6070000","6070300"],"visuals":{"large":"https:\/\/images.epagine.fr\/402\/9782378965402_1_75.jpg","medium":"https:\/\/images.epagine.fr\/402\/9782378965402_1_m.jpg","thumbnail":"https:\/\/images.epagine.fr\/402\/9782378965402_1_v.jpg"},"orderable":true,"show_badge":true,"formatted_price":"39,00&nbsp;\u20ac","formatted_published_date":"20 novembre 2024","publisher_availability_label":"Sur commande","short_details":"Fran\u00e7ois Bovier \u2014 Les presses du r\u00e9el","translator":null,"weight":1145,"page_count":272,"readership":null,"editor":"Les presses du r\u00e9el","price":3900,"published_date":"2024-11-19T23:00:00.000000Z","support":"Grand format","publisher_availability":1,"stock":0,"editions":[],"url":"https:\/\/quaidesbrumes.com\/ouvrage\/9782378965402\/veronique-goel-films-et-installations-1979-2023"}]}