{"data":[{"id":"9782322456604","title":"Carnet de cin\u00e9ma : Journal de bord critiques et suivi de films I O\u00f9 j'en suis dans mes films I Fiche p\u00e9dagogique analyse de films \u00e0 comp\u00e9ter I Mon journal tracker film","description":"Que vous soyez un cin\u00e9phile averti, un cin\u00e9phage insatiable, un \u00e9tudiant en \u00e9tudes cin\u00e9matographiques, un programmateur de festivals ou un cr\u00e9ateur de contenu comme un youtubeur sp\u00e9cialis\u00e9, ce carnet est pens\u00e9 pour vous. Il est con\u00e7u pour vous accompagner dans toutes vos aventures cin\u00e9matographiques et vous permettre d'explorer votre passion de mani\u00e8re organis\u00e9e et professionnelle.","authors":["Magali Ligan"],"category_codes":["6000000","6070000","6070300"],"visuals":{"large":"https:\/\/images.epagine.fr\/604\/9782322456604_1_75.jpg","medium":"https:\/\/images.epagine.fr\/604\/9782322456604_1_m.jpg","thumbnail":"https:\/\/images.epagine.fr\/604\/9782322456604_1_v.jpg"},"orderable":true,"show_badge":true,"formatted_price":"6,99&nbsp;\u20ac","formatted_published_date":"22 novembre 2022","publisher_availability_label":"Sur commande","short_details":"Magali Ligan \u2014 Books on Demand","translator":null,"weight":160,"page_count":92,"readership":null,"editor":"Books on Demand","price":699,"published_date":"2022-11-21T23:00:00.000000Z","support":"Grand format","publisher_availability":1,"stock":0,"editions":[],"url":"https:\/\/quaidesbrumes.com\/ouvrage\/9782322456604\/carnet-de-cinema-journal-de-bord-critiques-et-suivi-de-films-i-ou-jen-suis-dans-mes-films-i-fiche-pedagogique-analyse-de-films-a-competer-i-mon-journal-tracker-film"},{"id":"9782970126171","title":"Hot dogs","description":"Du Vietnam ou du Myanmar, qu'ils soient d'Inde, de Tha\u00eflande ou du Cambodge, ils appartiennent tous \u00e0 une m\u00eame grande famille. Celle des chiens terrass\u00e9s par la chaleur et par l'ennui d'une vie sans but apparent, celle des laiss\u00e9s pour compte. \u00c0 les croiser si souvent, j'ai fini par \u00e9prouver une immense affection pour ces b\u00eates indolentes et douces. D\u00e8s lors je n'avais plus qu'une id\u00e9e en t\u00eate : fixer leur trace pour les immortaliser et leur rendre hommage.","authors":["Michel Malet"],"category_codes":["6000000","6070000","6070200","6070205"],"visuals":{"large":"https:\/\/images.epagine.fr\/171\/9782970126171_1_75.jpg","medium":"https:\/\/images.epagine.fr\/171\/9782970126171_1_m.jpg","thumbnail":"https:\/\/images.epagine.fr\/171\/9782970126171_1_v.jpg"},"orderable":true,"show_badge":true,"formatted_price":"22,00&nbsp;\u20ac","formatted_published_date":"18 septembre 2023","publisher_availability_label":"Sur commande","short_details":"Michel Malet \u2014 BLUEMAN","translator":null,"weight":210,"page_count":40,"readership":null,"editor":"BLUEMAN","price":2200,"published_date":"2023-09-17T22:00:00.000000Z","support":"Grand format","publisher_availability":1,"stock":0,"editions":[],"url":"https:\/\/quaidesbrumes.com\/ouvrage\/9782970126171\/hot-dogs"},{"id":"9783841616531","title":"\u00c9volution de la promotion de film pour capter l'attention des jeunes","description":"Ces derni\u00e8res ann\u00e9es, la production de films ainsi que la fr\u00e9quentation des salles obscures sont en net augmentation. Cette \u00e9volution peut s'expliquer en partie en raison de la crise qui, bien que d\u00e9sastreuse pour l'\u00e9conomie mondiale, a permis l'essor des loisirs \u00e0 petit budget. Le pendant de ce rebond est que les productions fran\u00e7aises et \u00e9trang\u00e8res sont soumises \u00e0 une forte concurrence, ce qui les am\u00e8ne \u00e0 devoir se d\u00e9marquer au niveau de leur communication. Cette m\u00eame concurrence bouleverse les r\u00e8gles strat\u00e9giques en mati\u00e8re de sorties de films. La promotion de films ne doit plus seulement inonder les m\u00e9dias avec des messages publicitaires traditionnels mais au contraire se donner un nouveau souffle et rebondir sur les nouvelles tendances afin de se d\u00e9marquer des autres films.","authors":["Diane Mir dauchy"],"category_codes":["6000000","6070000","6070300","6070301"],"visuals":{"large":"https:\/\/images.epagine.fr\/531\/9783841616531_1_75.jpg","medium":"https:\/\/images.epagine.fr\/531\/9783841616531_1_m.jpg","thumbnail":"https:\/\/images.epagine.fr\/531\/9783841616531_1_v.jpg"},"orderable":true,"show_badge":true,"formatted_price":"35,89&nbsp;\u20ac","formatted_published_date":"1er novembre 2018","publisher_availability_label":"Sur commande","short_details":"Diane Mir dauchy \u2014 Editions Universitaires Europeennes","translator":null,"weight":92,"page_count":52,"readership":null,"editor":"Editions Universitaires Europeennes","price":3589,"published_date":"2018-10-31T23:00:00.000000Z","support":"Grand format","publisher_availability":1,"stock":0,"editions":[],"url":"https:\/\/quaidesbrumes.com\/ouvrage\/9783841616531\/evolution-de-la-promotion-de-film-pour-capter-lattention-des-jeunes"},{"id":"9783639547344","title":"L'espace sacrificiel f\u00e9minin dans le cin\u00e9ma de Lars Von Trier ; une analyse herm\u00e9neutique de la figure sacrificielle f\u00e9minine von Trierienne","description":"La th\u00e9matique du sacrifice qui s'est propag\u00e9e d\u00e8s la cr\u00e9ation du monde jusqu'\u00e0 nos jours, incarne et actualise de nombreux conflits et oppositions entre la vie et la mort, l'enfer et le paradis. Les \u00e9critures sacr\u00e9es nous \u00e9clairent rarement sur le r\u00f4le des femmes dans les civilisations anciennes. Les plus grands sacrifices sont g\u00e9n\u00e9ralement associ\u00e9s aux hommes libres. Dans les religions chr\u00e9tiennes, les sacrifi\u00e9s empruntent les pas du Christ et ob\u00e9issent \u00e0 la demande de Dieu, alors que les femmes, d\u00e9chues et esclaves sont toujours associ\u00e9es au p\u00e9ch\u00e9 originel. Ce m\u00e9moire prend pour objet d'\u00e9tude l'espace sacrificiel f\u00e9minin et la figure f\u00e9minine dans le cin\u00e9ma de Lars von Trier (en particulier dans les films Melancholia (2011), Antichrist (2009), Dogville (2003), Dancer in the Dark (2000) et Breaking the Waves (1996)). Cet espace sacrificiel est analys\u00e9 au fil de ce m\u00e9moire \u00e0 travers une lecture herm\u00e9neutique des livres sacr\u00e9s, en particulier la Bible dans son Ancien et Nouveau Testament.","authors":["Eli jean Tahchi"],"category_codes":["6000000","6070000","6070300","6070307"],"visuals":{"large":"https:\/\/images.epagine.fr\/344\/9783639547344_1_75.jpg","medium":"https:\/\/images.epagine.fr\/344\/9783639547344_1_m.jpg","thumbnail":"https:\/\/images.epagine.fr\/344\/9783639547344_1_v.jpg"},"orderable":true,"show_badge":true,"formatted_price":"55,90&nbsp;\u20ac","formatted_published_date":"1er novembre 2018","publisher_availability_label":"Sur commande","short_details":"Eli jean Tahchi \u2014 Editions Universitaires Europeennes","translator":null,"weight":205,"page_count":132,"readership":null,"editor":"Editions Universitaires Europeennes","price":5590,"published_date":"2018-10-31T23:00:00.000000Z","support":"Grand format","publisher_availability":1,"stock":0,"editions":[],"url":"https:\/\/quaidesbrumes.com\/ouvrage\/9783639547344\/lespace-sacrificiel-feminin-dans-le-cinema-de-lars-von-trier-une-analyse-hermeneutique-de-la-figure-sacrificielle-feminine-von-trierienne"},{"id":"9782336005881","title":"Approches na\u00efves du Noir dans les m\u00e9dias fran\u00e7ais","description":"Comment le Noir, n\u00e9gro-africain ou n\u00e9gro-antillais est-il per\u00e7u dans les m\u00e9dias fran\u00e7ais. Mis en proc\u00e8s et travaill\u00e9s par les m\u00e9dias, Noirs et Blancs, au-del\u00e0 de toute proc\u00e9dure manich\u00e9enne, se font h\u00e9ritiers d'une longue tradition de st\u00e9r\u00e9otypes, pourvoyeurs et vecteurs de pr\u00eat-\u00e0-penser qui fondent en partie leur l\u00e9gitimit\u00e9 dans le langage. Cet ouvrage travaille \u00e0 la d\u00e9construction de ces id\u00e9es re\u00e7ues.","authors":["Claver Bibang"],"category_codes":["6000000","6070000","6070300"],"visuals":{"large":"https:\/\/images.epagine.fr\/881\/9782336005881_1_75.jpg","medium":"https:\/\/images.epagine.fr\/881\/9782336005881_1_m.jpg","thumbnail":"https:\/\/images.epagine.fr\/881\/9782336005881_1_v.jpg"},"orderable":true,"show_badge":true,"formatted_price":"22,50&nbsp;\u20ac","formatted_published_date":"21 d\u00e9cembre 2012","publisher_availability_label":"Sur commande","short_details":"Claver Bibang \u2014 \u00c9ditions L'Harmattan","translator":null,"weight":270,"page_count":208,"readership":null,"editor":"\u00c9ditions L'Harmattan","price":2250,"published_date":"2012-12-20T23:00:00.000000Z","support":"Grand format","publisher_availability":1,"stock":0,"editions":[],"url":"https:\/\/quaidesbrumes.com\/ouvrage\/9782336005881\/approches-naives-du-noir-dans-les-medias-francais"},{"id":"9782343000220","title":"Trente photos plus une","description":"\"C'est une sorte d'\u00e9tat des lieux que j'ai voulu r\u00e9aliser. Que reste-t-il dans la rue ou chez les artisans de ces m\u00e9tiers qu'Irving Penn a si magistralement photographi\u00e9s ? La rue, si remplie il y a soixante-dix ans, est aujourd'hui vide. (...) C'est vers les artisans d'art dans l'accomplissement de leur t\u00e2che que je me suis tourn\u00e9 en leur demandant quelques mots sur leurs m\u00e9tiers pour illustrer les portraits r\u00e9alis\u00e9s avec un mat\u00e9riel argetique \u00e0 l'instar d'Irving Penn.\"","authors":["Michel Jamet"],"category_codes":["6000000","6070000","6070200"],"visuals":{"large":"https:\/\/images.epagine.fr\/220\/9782343000220_1_75.jpg","medium":"https:\/\/images.epagine.fr\/220\/9782343000220_1_m.jpg","thumbnail":"https:\/\/images.epagine.fr\/220\/9782343000220_1_v.jpg"},"orderable":true,"show_badge":true,"formatted_price":"13,50&nbsp;\u20ac","formatted_published_date":"22 janvier 2013","publisher_availability_label":"Sur commande","short_details":"Michel Jamet \u2014 \u00c9ditions L'Harmattan","translator":null,"weight":145,"page_count":110,"readership":null,"editor":"\u00c9ditions L'Harmattan","price":1350,"published_date":"2013-01-21T23:00:00.000000Z","support":"Grand format","publisher_availability":1,"stock":0,"editions":[],"url":"https:\/\/quaidesbrumes.com\/ouvrage\/9782343000220\/trente-photos-plus-une"},{"id":"9782378965402","title":"V\u00e9ronique Go\u00ebl : Films et installations, 1979-2023","description":"Cin\u00e9aste et plasticienne, V\u00e9ronique Go\u00ebl (n\u00e9e en 1951 \u00e0 Rolle, Suisse, vit et travaille \u00e0 Gen\u00e8ve) d\u00e9veloppe depuis le milieu des ann\u00e9es 1970 un travail cin\u00e9matographique et photographique important, d\u00e9cryptant la m\u00e9moire, les liens interpersonnels et les rapports des individus avec les structures sociales, politiques et architecturales.\r\nV\u00e9ronique Go\u00ebl a commenc\u00e9 par une formation de couturi\u00e8re avant de s'orienter vers des \u00e9tudes de peinture et de gravure \u00e0 l'\u00c9cole des Beaux-Arts, \u00e0 Lausanne puis \u00e0 Gen\u00e8ve. Sa d\u00e9couverte des films de Jean-Marie Straub et Dani\u00e8le Huillet, en 1974 lors de leur premi\u00e8re r\u00e9trospective \u00e0 la cin\u00e9math\u00e8que de Lausanne, est d\u00e9terminante. Entre 1982 et 1989, elle vit et travaille \u00e0 Londres avec le cin\u00e9aste Stephen Dwoskin (1939-2012). V\u00e9ronique Go\u00ebl a entrepris de nombreux s\u00e9jours en Afrique, \u00e0 Berlin, \u00e0 New York, \u00e0 Florence ainsi qu'une r\u00e9sidence d'artiste \u00e0 Barcelone.","authors":["Fran\u00e7ois Bovier"],"category_codes":["6000000","6070000","6070300"],"visuals":{"large":"https:\/\/images.epagine.fr\/402\/9782378965402_1_75.jpg","medium":"https:\/\/images.epagine.fr\/402\/9782378965402_1_m.jpg","thumbnail":"https:\/\/images.epagine.fr\/402\/9782378965402_1_v.jpg"},"orderable":true,"show_badge":true,"formatted_price":"39,00&nbsp;\u20ac","formatted_published_date":"20 novembre 2024","publisher_availability_label":"Sur commande","short_details":"Fran\u00e7ois Bovier \u2014 Les presses du r\u00e9el","translator":null,"weight":1145,"page_count":272,"readership":null,"editor":"Les presses du r\u00e9el","price":3900,"published_date":"2024-11-19T23:00:00.000000Z","support":"Grand format","publisher_availability":1,"stock":0,"editions":[],"url":"https:\/\/quaidesbrumes.com\/ouvrage\/9782378965402\/veronique-goel-films-et-installations-1979-2023"},{"id":"9782322090181","title":"Le style par l'image","description":"Ce livre illustre, de fa\u00e7on syst\u00e9matique et ordonn\u00e9e, l'ensemble des proc\u00e9d\u00e9s et figures de style, au moyen de photographies prises par l'auteur dans un m\u00eame lieu (un jardin public), qui donnent \u00e0 la d\u00e9marche une unit\u00e9. Proposant une approche concr\u00e8te et nouvelle, ce livre s'adresse non seulement \u00e0 ceux qui s'int\u00e9ressent au langage verbal, mais aussi \u00e0 tous ceux qui s'int\u00e9ressent \u00e0 l'expression photographique et artistique, ainsi qu'\u00e0 la comparaison des deux langages.","authors":["Michel Th\u00e9ron"],"category_codes":["6000000","6070000","6070200"],"visuals":{"large":"https:\/\/images.epagine.fr\/181\/9782322090181_1_75.jpg","medium":"https:\/\/images.epagine.fr\/181\/9782322090181_1_m.jpg","thumbnail":"https:\/\/images.epagine.fr\/181\/9782322090181_1_v.jpg"},"orderable":true,"show_badge":true,"formatted_price":"15,00&nbsp;\u20ac","formatted_published_date":"20 novembre 2018","publisher_availability_label":"Sur commande","short_details":"Michel Th\u00e9ron \u2014 Books on Demand","translator":null,"weight":401,"page_count":208,"readership":null,"editor":"Books on Demand","price":1500,"published_date":"2018-11-19T23:00:00.000000Z","support":"Grand format","publisher_availability":1,"stock":0,"editions":[],"url":"https:\/\/quaidesbrumes.com\/ouvrage\/9782322090181\/le-style-par-limage"},{"id":"9782312007182","title":"L'illustration du bonheur","description":"Ce livre illustr\u00e9 est le premier de la collection \" R\u00e9flexion humaine \". Il propose au moyen de photographies accompagn\u00e9es de textes du m\u00eame auteur, de proverbes nationaux ou de citations de grands auteurs de retrouver le sens du mot : \" Bonheur \".\r\nIl faut avant toute chose rappeler que \" le bonheur n'est qu'un sentiment [...] et d\u00e9pend de notre \u00eatre int\u00e9rieur \". C'est sur ces sages paroles de Confucius que se base cette r\u00e9flexion. Les photographies de l'ouvrage \u00e9voquent toutes une certaine pl\u00e9nitude int\u00e9rieure et appellent au repos de l'esprit. Elles sont accompagn\u00e9es de textes contemplatifs, po\u00e9tiques ou m\u00e9ditatifs visant \u00e0 r\u00e9fl\u00e9chir sur les conditions du bonheur et de notre existence.\r\nPour finir, rappelons qu'\" accro\u00eetre notre capacit\u00e9 \u00e0 rester heureux est la plus grande chose que nous puissions apprendre \" (selon Confucius).","authors":["Cl\u00e9ment Reisky"],"category_codes":["6000000","6070000","6070200"],"visuals":{"large":"https:\/\/images.epagine.fr\/182\/9782312007182_1_75.jpg","medium":"https:\/\/images.epagine.fr\/182\/9782312007182_1_m.jpg","thumbnail":"https:\/\/images.epagine.fr\/182\/9782312007182_1_v.jpg"},"orderable":true,"show_badge":true,"formatted_price":"24,00&nbsp;\u20ac","formatted_published_date":"8 janvier 2013","publisher_availability_label":"Sur commande","short_details":"Cl\u00e9ment Reisky \u2014 Editions du Net","translator":null,"weight":29,"page_count":36,"readership":null,"editor":"Editions du Net","price":2400,"published_date":"2013-01-07T23:00:00.000000Z","support":"Grand format","publisher_availability":1,"stock":0,"editions":[],"url":"https:\/\/quaidesbrumes.com\/ouvrage\/9782312007182\/lillustration-du-bonheur"},{"id":"9782312010236","title":"Apprendre \u00e0 se servir de son appareil photo","description":"Ce livre contient des conseils simples, sans explications techniques compliqu\u00e9es, pour acqu\u00e9rir et apprendre \u00e0 se servir de son appareil photos num\u00e9rique. Il est agr\u00e9ment\u00e9 de nombreuses photos d'exemple. De l'achat de l'appareil et comment s'y retrouver dans les diff\u00e9rentes offres, au post traitement des photos, en passant par la prise de vue, les diff\u00e9rents r\u00e9glages et les effets sp\u00e9ciaux. S'appuyant sur plus de 20 ann\u00e9es d'exp\u00e9rience, il s'adresse aux d\u00e9butants et aux utilisateurs passionn\u00e9s mais qui ont du mal \u00e0 sortir du mode tout automatique de leur appareil. L'accent est mis sur la prise de vue pour que chacun puisse d\u00e9velopper sa cr\u00e9ativit\u00e9, que ce soit pour un usage familial, pour de la photo animali\u00e8re ou sportive ou la macro photo. Pour que la photo soit un plaisir et aussi un amusement, on vous explique comment faire quelques effets sp\u00e9ciaux tr\u00e8s simples qui amuseront toute la famille et \u00e9pateront vos amis !","authors":["Ysis Phot'eau"],"category_codes":["6000000","6070000","6070200"],"visuals":{"large":"https:\/\/images.epagine.fr\/236\/9782312010236_1_75.jpg","medium":"https:\/\/images.epagine.fr\/236\/9782312010236_1_m.jpg","thumbnail":"https:\/\/images.epagine.fr\/236\/9782312010236_1_v.jpg"},"orderable":true,"show_badge":true,"formatted_price":"17,00&nbsp;\u20ac","formatted_published_date":"7 mai 2013","publisher_availability_label":"Sur commande","short_details":"Ysis Phot'eau \u2014 Editions du Net","translator":null,"weight":123,"page_count":null,"readership":null,"editor":"Editions du Net","price":1700,"published_date":"2013-05-06T22:00:00.000000Z","support":"Grand format","publisher_availability":1,"stock":0,"editions":[],"url":"https:\/\/quaidesbrumes.com\/ouvrage\/9782312010236\/apprendre-a-se-servir-de-son-appareil-photo"},{"id":"9783948325404","title":"Transparences de l'entredeux","description":"Exposition personnelle de Dalel Tangour du 7. November au 1. D\u00e9cembre 2024 \u00e0 AYN Galerie, Paris.","authors":["Dalel Tangour"],"category_codes":["6000000","6070000","6070200"],"visuals":{"large":"https:\/\/images.epagine.fr\/404\/9783948325404_1_75.jpg","medium":"https:\/\/images.epagine.fr\/404\/9783948325404_1_m.jpg","thumbnail":"https:\/\/images.epagine.fr\/404\/9783948325404_1_v.jpg"},"orderable":true,"show_badge":true,"formatted_price":"18,99&nbsp;\u20ac","formatted_published_date":"14 novembre 2024","publisher_availability_label":"Sur commande","short_details":"Dalel Tangour \u2014 LES EDITIONS DU CRIEUR PUBLIC","translator":null,"weight":391,"page_count":48,"readership":null,"editor":"LES EDITIONS DU CRIEUR PUBLIC","price":1899,"published_date":"2024-11-13T23:00:00.000000Z","support":"Grand format","publisher_availability":1,"stock":0,"editions":[],"url":"https:\/\/quaidesbrumes.com\/ouvrage\/9783948325404\/transparences-de-lentredeux"},{"id":"9782322032747","title":"Oeil sur la photographie d'art","description":"Oeil sur la photographie d'Art Cr\u00e9er une atmosph\u00e8re, v\u00e9hiculer une nostalgie, immortaliser le moment, apporter un point de vue personnel et laisser une empreinte sur ce qui l'entoure, constituent la motivation profonde du photographe d'art. \r\n\r\nCe livre pr\u00e9sente des photographes d'horizons diff\u00e9rents, o\u00f9 chacun dispose d'un univers propre,  marqu\u00e9 par une perception unique, et au talent ind\u00e9niable. \r\n\r\nD\u00e9couvrez une autre approche de la photographie, et laissez-vous s\u00e9duire par un monde artistique fascinant.","authors":["Julien Gril"],"category_codes":["6000000","6070000","6070200"],"visuals":{"large":"https:\/\/images.epagine.fr\/747\/9782322032747_1_75.jpg","medium":"https:\/\/images.epagine.fr\/747\/9782322032747_1_m.jpg","thumbnail":"https:\/\/images.epagine.fr\/747\/9782322032747_1_v.jpg"},"orderable":true,"show_badge":true,"formatted_price":"29,90&nbsp;\u20ac","formatted_published_date":"11 novembre 2013","publisher_availability_label":"Sur commande","short_details":"Julien Gril \u2014 Books on Demand","translator":null,"weight":601,"page_count":104,"readership":null,"editor":"Books on Demand","price":2990,"published_date":"2013-11-10T23:00:00.000000Z","support":"Beaux-livres","publisher_availability":1,"stock":0,"editions":[],"url":"https:\/\/quaidesbrumes.com\/ouvrage\/9782322032747\/oeil-sur-la-photographie-dart"},{"id":"9782359061109","title":"Xavier Flye Sainte Marie ; Montr\u00e9al","description":null,"authors":["Philippe Ducat"],"category_codes":["6000000","6070000","6070200"],"visuals":{"large":"https:\/\/images.epagine.fr\/109\/9782359061109_1_75.jpg","medium":"https:\/\/images.epagine.fr\/109\/9782359061109_1_m.jpg","thumbnail":"https:\/\/images.epagine.fr\/109\/9782359061109_1_v.jpg"},"orderable":true,"show_badge":true,"formatted_price":"20,00&nbsp;\u20ac","formatted_published_date":"20 mars 2014","publisher_availability_label":"Sur commande","short_details":"Philippe Ducat \u2014 Lienart","translator":null,"weight":332,"page_count":64,"readership":null,"editor":"Lienart","price":2000,"published_date":"2014-03-19T23:00:00.000000Z","support":"Grand format","publisher_availability":1,"stock":0,"editions":[],"url":"https:\/\/quaidesbrumes.com\/ouvrage\/9782359061109\/xavier-flye-sainte-marie-montreal"},{"id":"9782322004867","title":"Steven Seagal, derni\u00e8re l\u00e9gende du film d'action ?","description":"Enfin un ouvrage qui vous permettra de mieux conna\u00eetre une des derni\u00e8res l\u00e9gendes du cin\u00e9ma d'action am\u00e9ricain ! Au c\u00f4t\u00e9s des Stallone, Van Damme, et Lundgren, l'acteur Steven Seagal a permis la popularisation de ce genre cin\u00e9matographique. Mais vous d\u00e9couvrirez aussi que cet homme est bien plus qu'un simple acteur de cin\u00e9ma...","authors":["Arnaud Niklaus"],"category_codes":["6000000","6070000","6070300","6070305"],"visuals":{"large":"https:\/\/images.epagine.fr\/867\/9782322004867_1_75.jpg","medium":"https:\/\/images.epagine.fr\/867\/9782322004867_1_m.jpg","thumbnail":"https:\/\/images.epagine.fr\/867\/9782322004867_1_v.jpg"},"orderable":true,"show_badge":true,"formatted_price":"8,90&nbsp;\u20ac","formatted_published_date":"19 d\u00e9cembre 2012","publisher_availability_label":"Sur commande","short_details":"Arnaud Niklaus \u2014 Books on Demand","translator":null,"weight":201,"page_count":136,"readership":null,"editor":"Books on Demand","price":890,"published_date":"2012-12-18T23:00:00.000000Z","support":"Grand format","publisher_availability":1,"stock":0,"editions":[],"url":"https:\/\/quaidesbrumes.com\/ouvrage\/9782322004867\/steven-seagal-derniere-legende-du-film-daction"},{"id":"9782902296316","title":"Les Yeux de l'Amour dans Le Docteur Jivago","description":"Ce livre a \u00e9t\u00e9 publi\u00e9 \u00e0 l'origine en anglais sous le titre \"The Eyes of Love in Doctor Zhivago\" en 2022.\r\nLa pr\u00e9sente traduction concerne sa 2e \u00e9dition anglaise (r\u00e9vis\u00e9e et enrich\u00e9e) publi\u00e9e en 2024.\r\nC'est un essai cin\u00e9matographique \u00e0 propos du c\u00e9l\u00e9brissime film de Sir David Lean, adapt\u00e9 du roman de l'\u00e9crivain sovi\u00e9tique Boris Pasternak \"Le Docteur Jivago\", paru pour la premi\u00e8re fois \u00e0 l'\u00e9tranger en 1957. Pasternak re\u00e7ut le prix Nobel de litt\u00e9rature mais fut oblig\u00e9 d'y renoncer car en URSS... \r\nNeil McKinnon nous pr\u00e9sente, nous d\u00e9cortique, avec passion et grande technicit\u00e9, ce film de 1965 sous l'angle tr\u00e8s particulier - et tr\u00e8s personnel - de sa photographie et du r\u00f4le du regard des acteurs-actrices. Tout est question de cadrages, de point de vue et... de lumi\u00e8res !!!\r\nL'ouvrage est pr\u00e9c\u00e9d\u00e9 d'une courte analyse de Mme Anna Pasternak (la petite-ni\u00e8ce de B.Pasternak). Il regorge de r\u00e9f\u00e9rences cin\u00e9matographiques pour expliquer le r\u00f4le essentiel du directeur de la photographie - Frederick A.Young.\r\nSans oublier la musique de Maurice Jarre...","authors":["Neil McKinnon"],"category_codes":["6000000","6070000","6070300"],"visuals":{"large":"https:\/\/images.epagine.fr\/316\/9782902296316_1_75.jpg","medium":"https:\/\/images.epagine.fr\/316\/9782902296316_1_m.jpg","thumbnail":"https:\/\/images.epagine.fr\/316\/9782902296316_1_v.jpg"},"orderable":true,"show_badge":true,"formatted_price":"22,70&nbsp;\u20ac","formatted_published_date":"21 novembre 2024","publisher_availability_label":"Sur commande","short_details":"Neil McKinnon \u2014 MYOSOTIS BOOKS","translator":null,"weight":434,"page_count":304,"readership":null,"editor":"MYOSOTIS BOOKS","price":2270,"published_date":"2024-11-20T23:00:00.000000Z","support":"Grand format","publisher_availability":1,"stock":0,"editions":[],"url":"https:\/\/quaidesbrumes.com\/ouvrage\/9782902296316\/les-yeux-de-lamour-dans-le-docteur-jivago"},{"id":"9788873016915","title":"Les films de Elizabeth Taylor","description":"Elizabeth Taylor, ex-enfant prodige devenue au fil des ann\u00e9es l'ic\u00f4ne du glamour dor\u00e9 et versatile d'Hollywood, est avant tout une excellente actrice. Cet ouvrage retrace son portrait d'artiste \u00e0 travers la vaste documentation et la recherche approfondie qui sont dues aux \u00e9toiles de premier ordre.","authors":["Claudio Manari"],"category_codes":["6000000","6070000","6070300"],"visuals":{"large":"https:\/\/images.epagine.fr\/915\/9788873016915_1_75.jpg","medium":"https:\/\/images.epagine.fr\/915\/9788873016915_1_m.jpg","thumbnail":"https:\/\/images.epagine.fr\/915\/9788873016915_1_v.jpg"},"orderable":true,"show_badge":true,"formatted_price":"26,90&nbsp;\u20ac","formatted_published_date":"19 ao\u00fbt 2010","publisher_availability_label":"Sur commande","short_details":"Claudio Manari \u2014 Gremese","translator":null,"weight":852,"page_count":174,"readership":null,"editor":"Gremese","price":2690,"published_date":"2010-08-18T22:00:00.000000Z","support":"Grand format","publisher_availability":1,"stock":0,"editions":[],"url":"https:\/\/quaidesbrumes.com\/ouvrage\/9788873016915\/les-films-de-elizabeth-taylor"},{"id":"9782917659014","title":"TSV ; juste avant le courant","description":"Depuis plus de quatre-vingts ans, TSV (Transformateurs Solutions V\u00e9nissieux) est sp\u00e9cialis\u00e9e dans la maintenance de transformateurs \u00e9lectriques. Au sein des ateliers de cette entreprise rhodanienne, une centaine d'ing\u00e9nieurs et de compagnons travaillent encore aujourd'hui sur ces colosses de cuivre et de kraft que sont les transformateurs.\r\n\r\nLe photographe Fr\u00e9d\u00e9ric Bellay a pass\u00e9 de longs mois dans ces ateliers, c\u00f4toyant hommes et machines. Si ses images mettent d\u00e9lib\u00e9r\u00e9ment en avant les outils de l'entreprise, elles nous parlent aussi de l'homme au travail, de toutes celles et ceux qui ont nourri une longue histoire industrielle, commenc\u00e9e le 6 avril 1922 chez Laborde et Kupfer (L&K) - devenu TSV au fil d'un parcours riche et passionn\u00e9.\r\n\r\nDans l'intimit\u00e9 de la f\u00e9e \u00e9lectricit\u00e9, hommes et machines d\u00e9voilent leur connivence.","authors":["Fr\u00e9d\u00e9ric Bellay"],"category_codes":["6000000","6070000","6070200"],"visuals":{"large":"https:\/\/images.epagine.fr\/014\/9782917659014_1_75.jpg","medium":"https:\/\/images.epagine.fr\/014\/9782917659014_1_m.jpg","thumbnail":"https:\/\/images.epagine.fr\/014\/9782917659014_1_v.jpg"},"orderable":true,"show_badge":true,"formatted_price":"40,00&nbsp;\u20ac","formatted_published_date":"10 novembre 2009","publisher_availability_label":"Sur commande","short_details":"Fr\u00e9d\u00e9ric Bellay \u2014 Libel","translator":null,"weight":896,"page_count":128,"readership":"Tout public","editor":"Libel","price":4000,"published_date":"2009-11-09T23:00:00.000000Z","support":"Grand format","publisher_availability":1,"stock":0,"editions":[],"url":"https:\/\/quaidesbrumes.com\/ouvrage\/9782917659014\/tsv-juste-avant-le-courant"},{"id":"9782917659090","title":"Seuils","description":"'' Je vois le seuil comme une zone d'h\u00e9sitation, de franchissement, une marque de discontinuit\u00e9. C'est un appel vers le  diff\u00e9rent, l'inconnu.\r\nCe basculement vers le deux - que l'on retrouve dans presque tous mes travaux - c'est aussi le lieu exaltant des rencontres et des choix.\r\nMais c'est un point tangent, une simple lettre.\r\nEnlevez i, reste seul.''","authors":["Eric Rondepierre"],"category_codes":["6000000","6070000","6070200"],"visuals":{"large":"https:\/\/images.epagine.fr\/090\/9782917659090_1_75.jpg","medium":"https:\/\/images.epagine.fr\/090\/9782917659090_1_m.jpg","thumbnail":"https:\/\/images.epagine.fr\/090\/9782917659090_1_v.jpg"},"orderable":true,"show_badge":true,"formatted_price":"19,00&nbsp;\u20ac","formatted_published_date":"10 mars 2010","publisher_availability_label":"Sur commande","short_details":"Eric Rondepierre \u2014 Libel","translator":null,"weight":175,"page_count":48,"readership":"Tout public","editor":"Libel","price":1900,"published_date":"2010-03-09T23:00:00.000000Z","support":"Grand format","publisher_availability":1,"stock":0,"editions":[],"url":"https:\/\/quaidesbrumes.com\/ouvrage\/9782917659090\/seuils"},{"id":"9782287991592","title":"Les incontinences urinaires de l'homme :  : Diagnostics et traitements","description":"L'incontinence urinaire constitue un handicap majeur tant sur le plan m\u00e9dical et psychologique que relationnel et social. Contrairement \u00e0 certaines id\u00e9es pr\u00e9con\u00e7ues, l'incontinence urinaire affecte aussi bien les hommes que les femmes. Cependant, elle n'est pas in\u00e9luctable et il existe aujourd'hui des traitements ad\u00e9quats.\r\n\r\nCet ouvrage r\u00e9unit un prestigieux panel de m\u00e9decins issus des pays francophones, experts dans les domaines de l'anatomie, la physiologie, la physiopathologie et les traitements des troubles mictionnels. Les coordinateurs du livre ont \u00e9galement fait appel aux comp\u00e9tences de kin\u00e9sith\u00e9rapeutes, infirmi\u00e8res et psychologues afin d'aborder la probl\u00e9matique de l'incontinence urinaire masculine dans sa globalit\u00e9.\r\n\r\nCe livre est destin\u00e9 \u00e0 tout clinicien rencontrant des patients incontinents et confront\u00e9 \u00e0 des difficult\u00e9s de diagnostic diff\u00e9rentiel et de prise en charge. Tour \u00e0 tour sont abord\u00e9s : les incontinences des patients prostatiques op\u00e9r\u00e9s ou non, les probl\u00e8mes urinaires rencontr\u00e9s en pathologie p\u00e9diatrique cong\u00e9nitale et fonctionnelle, les troubles mictionnels dans un contexte psychiatrique, les incontinences indues de la personne \u00e2g\u00e9e ainsi que les incontinences d'origine neurologique.\r\n\r\nEnfin, les derni\u00e8res avanc\u00e9es th\u00e9rapeutiques, en particulier chirurgicales et miniinvasives, y sont pr\u00e9sent\u00e9es avec un regard critique.","authors":["Opsomer\/Leval"],"category_codes":["6000000","6070000","6070200"],"visuals":{"large":"https:\/\/images.epagine.fr\/592\/9782287991592_1_75.jpg","medium":"https:\/\/images.epagine.fr\/592\/9782287991592_1_m.jpg","thumbnail":"https:\/\/images.epagine.fr\/592\/9782287991592_1_v.jpg"},"orderable":true,"show_badge":true,"formatted_price":"122,00&nbsp;\u20ac","formatted_published_date":"23 juin 2011","publisher_availability_label":"Sur commande","short_details":"Opsomer\/Leval \u2014 Springer","translator":null,"weight":1760,"page_count":430,"readership":null,"editor":"Springer","price":12200,"published_date":"2011-06-22T22:00:00.000000Z","support":"Grand format","publisher_availability":1,"stock":0,"editions":[],"url":"https:\/\/quaidesbrumes.com\/ouvrage\/9782287991592\/les-incontinences-urinaires-de-lhomme-diagnostics-et-traitements"},{"id":"9782760534193","title":"L'information ; la n\u00e9cessaire perspective citoyenne","description":"La situation de linformation au Qu\u00e9bec est pr\u00e9occupante, et la conclusion des auteurs \u00e0 ce sujet est claire : la perspective des entreprises m\u00e9diatiques ne se concilie tout simplement pas avec le regard citoyen. Leur essai met de lavant une perspective citoyenne de l'information et pr\u00e9sente des solutions r\u00e9alistes pour y arriver.","authors":["Raymond Corriveau","Guillaume Sirois"],"category_codes":["6000000","6070000","6070300"],"visuals":{"large":"https:\/\/images.epagine.fr\/193\/9782760534193_1_75.jpg","medium":"https:\/\/images.epagine.fr\/193\/9782760534193_1_m.jpg","thumbnail":"https:\/\/images.epagine.fr\/193\/9782760534193_1_v.jpg"},"orderable":true,"show_badge":true,"formatted_price":"12,00&nbsp;\u20ac","formatted_published_date":"23 novembre 2012","publisher_availability_label":"Sur commande","short_details":"Raymond Corriveau, Guillaume Sirois \u2014 PU DE QUEBEC","translator":null,"weight":250,"page_count":null,"readership":null,"editor":"PU DE QUEBEC","price":1200,"published_date":"2012-11-22T23:00:00.000000Z","support":"Grand format","publisher_availability":1,"stock":0,"editions":[],"url":"https:\/\/quaidesbrumes.com\/ouvrage\/9782760534193\/linformation-la-necessaire-perspective-citoyenne"},{"id":"9781952523229","title":"Poems","description":"Connu pour son travail textile et sonore, Christopher Robin Duncan s'est r\u00e9cemment tourn\u00e9 vers la photographie, red\u00e9couvrant avec un plaisir simple et sinc\u00e8re le m\u00e9dium qu'il avait un temps mis de c\u00f4t\u00e9. Marqu\u00e9e par la question du temps et nourrie d'une relation intuitive et directe avec les \u00e9l\u00e9ments naturels, la pratique de Duncan se d\u00e9ploie \u00e0 nouveau par l'utilisation de la photographie. A l'aide d'un appareil photo \u00e0 demi-cadres qui, en divisant le film en deux, double le temps et l'espace par la m\u00eame action, Duncan cr\u00e9e des interstices - le temps d'un battement de coeur, d'une fraction de seconde - dans lesquels il se glisse, se d\u00e9place imperceptiblement, cr\u00e9ant des instants suspendus. C'est un rapport d\u00e9licat au temps que Duncan nous offre avec Poems. On y retrouve les liens avec les saisons et les cycles naturels, on y retrouve l'air, l'eau, le vent. Comme un volume de po\u00e9sie, o\u00f9 les rimes se r\u00e9pondent et se font \u00e9cho, les vues lo-fi mais pr\u00e9cieuses que Duncan recueille sont combin\u00e9es dans Poems, r\u00e9sonnent au loin et finissent par former un cycle complet, une r\u00e9volution parfaite autour de son coeur solaire. Et, comme le vent qui souffle sur les vues photographi\u00e9es, nous pouvons nous aussi faire l'exp\u00e9rience des pages non reli\u00e9es, r\u00e9arrangeant leurs rimes en s\u00e9quences visuelles chaque fois r\u00e9-imagin\u00e9es.","authors":["Christopher Robin Duncan"],"category_codes":["6000000","6070000","6070200","6070205"],"visuals":{"large":"https:\/\/images.epagine.fr\/229\/9781952523229_1_75.jpg","medium":"https:\/\/images.epagine.fr\/229\/9781952523229_1_m.jpg","thumbnail":"https:\/\/images.epagine.fr\/229\/9781952523229_1_v.jpg"},"orderable":true,"show_badge":true,"formatted_price":"65,00&nbsp;\u20ac","formatted_published_date":"2 d\u00e9cembre 2024","publisher_availability_label":"Sur commande","short_details":"Christopher Robin Duncan \u2014 Deadbeat Club","translator":null,"weight":980,"page_count":52,"readership":null,"editor":"Deadbeat Club","price":6500,"published_date":"2024-12-01T23:00:00.000000Z","support":"Grand format","publisher_availability":1,"stock":0,"editions":[],"url":"https:\/\/quaidesbrumes.com\/ouvrage\/9781952523229\/poems"},{"id":"9782917659052","title":"Couleur s\u00e9pia ; l'Is\u00e8re et ses premiers photographes (1840-1880)","description":"D\u00e8s son invention en 1839, la photographie a rencontr\u00e9 un succ\u00e8s public consid\u00e9rable, d\u00e9bordant vite le cadre du c\u00e9nacle parisien pour toucher la province et notamment l'Is\u00e8re.\r\nA Grenoble, Vienne ou encore Voiron, se d\u00e9veloppe, sous le Second Empire, une floraison d'ateliers photographiques, fr\u00e9quent\u00e9s par une bourgeoisie ais\u00e9e venue se \" faire tirer le portrait \". Mais la photographie is\u00e9roise se distingue surtout par la production de nombreuses vues de paysages, r\u00e9alis\u00e9es pour les premiers touristes fortun\u00e9s, qui se rendent \u00e0 la Grande Chartreuse, \u00e0 Allevard, \u00e0 Uriage ou en Oisans.\r\nRiche de plus de 200 reproductions de tirages originaux d'\u00e9poque, l\u00e9gend\u00e9es et document\u00e9es, Couleur S\u00e9pia constitue le tout premier travail d'envergure consacr\u00e9 aux d\u00e9buts de la photographie en Is\u00e8re.","authors":["Isabelle Lazier","Jean-louis Roux"],"category_codes":["6000000","6070000","6070200"],"visuals":{"large":"https:\/\/images.epagine.fr\/052\/9782917659052_1_75.jpg","medium":"https:\/\/images.epagine.fr\/052\/9782917659052_1_m.jpg","thumbnail":"https:\/\/images.epagine.fr\/052\/9782917659052_1_v.jpg"},"orderable":true,"show_badge":true,"formatted_price":"20,00&nbsp;\u20ac","formatted_published_date":"20 novembre 2009","publisher_availability_label":"Sur commande","short_details":"Isabelle Lazier, Jean-louis Roux \u2014 Libel","translator":null,"weight":1045,"page_count":176,"readership":"Tout public","editor":"Libel","price":2000,"published_date":"2009-11-19T23:00:00.000000Z","support":"Grand format","publisher_availability":1,"stock":0,"editions":[],"url":"https:\/\/quaidesbrumes.com\/ouvrage\/9782917659052\/couleur-sepia-lisere-et-ses-premiers-photographes-1840-1880"},{"id":"9782212672909","title":"Photographier la mer et la voile","description":"destin\u00e9 aux passionn\u00e9s de voile ou aux amoureux de la mer, ce guide donne les conseils d'un professionnel pour immortaliser les courbes d'un vieux gr\u00e9ement, un paysage marin de nos c\u00f4tes ou du bout du monde, une course nautique, l'ambiance d'un port au retour des p\u00e9cheurs ou encore une excursion familiale en mer.\r\nphotographe de voile et de sports de glisse pour la presse sp\u00e9cialis\u00e9e depuis des ann\u00e9es, thierry seray expose son savoir-faire dans cet ouvrage complet et concret, qu'il s'agisse du choix du mat\u00e9riel et de sa protection en milieu marin, de la recherche du meilleur point de vue pour photographier le d\u00e9part d'une course, ou encore des implications de la m\u00e9t\u00e9o sur vos images.\r\n","authors":["Seray T"],"category_codes":["6000000","6070000","6070200"],"visuals":{"large":"https:\/\/images.epagine.fr\/909\/9782212672909_1_75.jpg","medium":"https:\/\/images.epagine.fr\/909\/9782212672909_1_m.jpg","thumbnail":"https:\/\/images.epagine.fr\/909\/9782212672909_1_v.jpg"},"orderable":true,"show_badge":true,"formatted_price":"20,10&nbsp;\u20ac","formatted_published_date":"12 juillet 2007","publisher_availability_label":"Sur commande","short_details":"Seray T \u2014 Vm","translator":null,"weight":445,"page_count":197,"readership":null,"editor":"Vm","price":2010,"published_date":"2007-07-11T22:00:00.000000Z","support":"Grand format","publisher_availability":1,"stock":0,"editions":[],"url":"https:\/\/quaidesbrumes.com\/ouvrage\/9782212672909\/photographier-la-mer-et-la-voile"},{"id":"9782370620071","title":"Le temps du renouveau 1975-2004","description":"Pour ce premier ouvrage de la collection Passion Rail, Marc Car\u00e9mantrant, collaborant avec La Vie du Rail, a \u00e9t\u00e9 choisi pour partager ses passions du train et de la photographie. Outre la balade g\u00e9ographique, l'auteur invite \u00e0 une r\u00e9trospective de mat\u00e9riel et de sites, ouvrant la voie vers le chemin de fer moderne tout en parcourant l'histoire. Issu de deux g\u00e9n\u00e9rations de cheminots, l'auteur jalonne ses premi\u00e8res ann\u00e9es par de hauts lieux du ferroviaire. \r\nLe go\u00fbt de la photographie viendra en 1974\/1975 avec du noir et blanc mais aussi des couleurs. Les prises de vue sont le r\u00e9sultat de d\u00e9placement dans presque toute la France avec un focus particulier sur l'actualit\u00e9 du moment. Ce livre est le r\u00e9sultat de milliers de diapositives choisies et accumul\u00e9es en trente ann\u00e9es de d\u00e9clenchement.","authors":["Marc Car\u00e9mantrant"],"category_codes":["6000000","6070000","6070200"],"visuals":{"large":"https:\/\/images.epagine.fr\/071\/9782370620071_1_75.jpg","medium":"https:\/\/images.epagine.fr\/071\/9782370620071_1_m.jpg","thumbnail":"https:\/\/images.epagine.fr\/071\/9782370620071_1_v.jpg"},"orderable":true,"show_badge":true,"formatted_price":"39,00&nbsp;\u20ac","formatted_published_date":"14 novembre 2014","publisher_availability_label":"Sur commande","short_details":"Marc Car\u00e9mantrant \u2014 La Vie Du Rail","translator":null,"weight":1020,"page_count":160,"readership":null,"editor":"La Vie Du Rail","price":3900,"published_date":"2014-11-13T23:00:00.000000Z","support":"Grand format","publisher_availability":1,"stock":0,"editions":[],"url":"https:\/\/quaidesbrumes.com\/ouvrage\/9782370620071\/le-temps-du-renouveau-1975-2004"}]}