{"data":[{"id":"9782351372692","title":"Simone Barb\u00e8s ou la vertu","description":"\"Ce livre-DVD pr\u00e9sente le film de\u00a0Marie-Claude Treilhou Simone Barb\u00e8s ou la vertu (1980, 77 minutes, version restaur\u00e9e) \u00ab O\u00f9 \u00e9tait donc pass\u00e9e Simone Barb\u00e8s depuis tout ce temps ? Longtemps rest\u00e9 invisible, hormis sur de pi\u00e8tres copies pirates ou lors de rediffusions hasardeuses \u00e0 la t\u00e9l\u00e9vision, le premier long-m\u00e9trage de Marie-Claude Treilhou, sorti dans l'indiff\u00e9rence en f\u00e9vrier 1980, refait surface \u00e0 la faveur d'une splendide restauration, qui rend \u00e0 sa d\u00e9rive noctambule tout son lustre \u00e9quivoque et \u00e9tincelant. Coupde ma\u00eetre d'un culot et d'une gr\u00e2ce infinis, le film appara\u00eet comme l'un des chefs-d'oeuvre oubli\u00e9s du cin\u00e9ma fran\u00e7ais, trait d'union possible entre le cin\u00e9ma populaire d'avant-guerre et les conqu\u00eates libertairesd'apr\u00e8s la Nouvelle Vague.Il incarnerait m\u00eame, r\u00e9trospectivement, ce que le progressisme appelle aujourd'hui de ses voeux : un contre-mod\u00e8le soucieux des marginalit\u00e9s, des diversit\u00e9s sexuelles, \u00e9crit et tourn\u00e9 dans un \u00e9lan fou par une jeune femme combative d'\u00e0 peine trente ans. Trente-huit ans plus tard, il n'a rien perdu de son bouillonnement existentiel ni de sa verve sentimentale. \u00bb Mathieu Macheret.\"\r","authors":["Marie-claude Treilhou"],"category_codes":["6000000","6070000","6070300"],"visuals":{"large":"https:\/\/images.epagine.fr\/692\/9782351372692_1_75.jpg","medium":"https:\/\/images.epagine.fr\/692\/9782351372692_1_m.jpg","thumbnail":"https:\/\/images.epagine.fr\/692\/9782351372692_1_v.jpg"},"orderable":true,"show_badge":true,"formatted_price":"25,00&nbsp;\u20ac","formatted_published_date":"1er juillet 2019","publisher_availability_label":"Sur commande","short_details":"Marie-claude Treilhou \u2014 EDITIONS DE L'OEIL","translator":null,"weight":296,"page_count":96,"readership":null,"editor":"EDITIONS DE L'OEIL","price":2500,"published_date":"2019-06-30T22:00:00.000000Z","support":"Livre + DVD","publisher_availability":1,"stock":0,"editions":[],"url":"https:\/\/quaidesbrumes.com\/ouvrage\/9782351372692\/simone-barbes-ou-la-vertu"},{"id":"9782336292793","title":"M\u00e9dias, colons et mondialisation ; le cas de la C\u00f4te d'Ivoire","description":"Le lynchage m\u00e9diatique de la C\u00f4te d'Ivoire ex\u00e9cut\u00e9 pendant plus d'une d\u00e9cennie par le syst\u00e8me m\u00e9diatique fran\u00e7ais est un succ\u00e8s. Cet ouvrage explique la g\u00e9ostrat\u00e9gie racialiste qui se tient derri\u00e8re l'assaut des m\u00e9dias colons et d\u00e9voile l'hypocrisie du mondialisme avare, pr\u00e9dateur et appauvrissant qui le sous-tend. Le jeu trouble des acteurs politiques ivoiriens se d\u00e9voile aussi.\r","authors":["Jean-david N'da"],"category_codes":["6000000","6070000","6070300"],"visuals":{"large":"https:\/\/images.epagine.fr\/793\/9782336292793_1_75.jpg","medium":"https:\/\/images.epagine.fr\/793\/9782336292793_1_m.jpg","thumbnail":"https:\/\/images.epagine.fr\/793\/9782336292793_1_v.jpg"},"orderable":true,"show_badge":true,"formatted_price":"16,50&nbsp;\u20ac","formatted_published_date":"10 novembre 2022","publisher_availability_label":"Sur commande","short_details":"Jean-david N'da \u2014 \u00c9ditions L'Harmattan","translator":null,"weight":204,"page_count":154,"readership":null,"editor":"\u00c9ditions L'Harmattan","price":1650,"published_date":"2022-11-09T23:00:00.000000Z","support":"Grand format","publisher_availability":1,"stock":0,"editions":[],"url":"https:\/\/quaidesbrumes.com\/ouvrage\/9782336292793\/medias-colons-et-mondialisation-le-cas-de-la-cote-divoire"},{"id":"9782959403712","title":"Les monuments aux morts de la Grande Guerre : de l'art et du souvenir","description":"D\u00e9couvrez l'h\u00e9ritage des h\u00e9ros de la Grande Guerre \u00e0 travers les monuments aux morts de France et plongez dans un voyage \u00e9mouvant \u00e0 travers le temps avec cet ouvrage exceptionnel.\r\nLe photographe a \u00e9t\u00e9 guid\u00e9 par un double regard : artistique d'abord, car ces monuments sont des oeuvres d'art qui r\u00e9veillent les \u00e9motions et l'intellect ; ce livre met d'ailleurs en lumi\u00e8re les artistes talentueux qui les ont cr\u00e9es. Un regard li\u00e9 au souvenir ensuite, puisque chaque ann\u00e9e au moment des c\u00e9l\u00e9brations de l'Armistice de novembre 1918 - et alors que plus aucun poilu n'est encore de ce monde - un devoir de m\u00e9moire leur est rendu, soulevant la question de l'entretien de ce souvenir.","authors":["Alain Mollinier"],"category_codes":["6000000","6070000","6070200"],"visuals":{"large":"https:\/\/images.epagine.fr\/712\/9782959403712_1_75.jpg","medium":"https:\/\/images.epagine.fr\/712\/9782959403712_1_m.jpg","thumbnail":"https:\/\/images.epagine.fr\/712\/9782959403712_1_v.jpg"},"orderable":true,"show_badge":true,"formatted_price":"29,50&nbsp;\u20ac","formatted_published_date":"27 septembre 2024","publisher_availability_label":"Sur commande","short_details":"Alain Mollinier \u2014 Books on Demand","translator":null,"weight":545,"page_count":140,"readership":null,"editor":"Books on Demand","price":2950,"published_date":"2024-09-26T22:00:00.000000Z","support":"Grand format","publisher_availability":1,"stock":0,"editions":[],"url":"https:\/\/quaidesbrumes.com\/ouvrage\/9782959403712\/les-monuments-aux-morts-de-la-grande-guerre-de-lart-et-du-souvenir"},{"id":"9782343004501","title":"Blogueur professionnel : une activit\u00e9 r\u00e9mun\u00e9ratrice \u00e0 temps plein pour changer de vie ; les cl\u00e9s pour s'enrichir avec son blog","description":"Voici les cl\u00e9s pour s'enrichir avec son blog. Deux cents euros pour financer l'h\u00e9bergement pour une ann\u00e9e et un th\u00e8me payant, une passion dans un domaine sp\u00e9cialis\u00e9... et au bout de quelques mois seulement des revenus stabilis\u00e9s aux alentours de 1700 euros nets, avec des pics jusqu'\u00e0 3000 euros nets. Vous allez d\u00e9couvrir les notions et les techniques simples en mati\u00e8re de r\u00e9f\u00e9rencement et de mon\u00e9tisation d'un blog professionnel. Julien Barthet a test\u00e9 des tr\u00e8s nombreuses solutions et vous livrent de bons conseils pour vous lancer.\r","authors":["Julien Barthet"],"category_codes":["6000000","6070000","6070300"],"visuals":{"large":"https:\/\/images.epagine.fr\/501\/9782343004501_1_75.jpg","medium":"https:\/\/images.epagine.fr\/501\/9782343004501_1_m.jpg","thumbnail":"https:\/\/images.epagine.fr\/501\/9782343004501_1_v.jpg"},"orderable":true,"show_badge":true,"formatted_price":"13,00&nbsp;\u20ac","formatted_published_date":"23 mai 2013","publisher_availability_label":"Sur commande","short_details":"Julien Barthet \u2014 \u00c9ditions L'Harmattan","translator":null,"weight":150,"page_count":112,"readership":null,"editor":"\u00c9ditions L'Harmattan","price":1300,"published_date":"2013-05-22T22:00:00.000000Z","support":"Grand format","publisher_availability":1,"stock":0,"editions":[],"url":"https:\/\/quaidesbrumes.com\/ouvrage\/9782343004501\/blogueur-professionnel-une-activite-remuneratrice-a-temps-plein-pour-changer-de-vie-les-cles-pour-senrichir-avec-son-blog"},{"id":"9782343008103","title":"La libert\u00e9 de la communication audiovisuelle au debut du 21e si\u00e8cle","description":"La libre communication des pens\u00e9es et des opinions ne serait pas effective si le public auquel s'adressent les moyens de communication audiovisuelle n'\u00e9tait pas \u00e0 m\u00eame de disposer, dans le cadre du secteur priv\u00e9 et public, de programmes qui garantissent l'expression de tendances de caract\u00e8re diff\u00e9rent. Ces principes sont d\u00e9sormais mis \u00e0 l'\u00e9preuve de la r\u00e9volution et de la convergence num\u00e9riques. Aussi le pr\u00e9sent ouvrage s'interroge-t-il sur l'\u00e9quit\u00e9 concurrentielle entre les op\u00e9rateurs dans ce nouveau contexte.\r","authors":["Pascal Mbongo","Carine Piccio","Michel Rasle"],"category_codes":["6000000","6070000","6070300"],"visuals":{"large":"https:\/\/images.epagine.fr\/103\/9782343008103_1_75.jpg","medium":"https:\/\/images.epagine.fr\/103\/9782343008103_1_m.jpg","thumbnail":"https:\/\/images.epagine.fr\/103\/9782343008103_1_v.jpg"},"orderable":true,"show_badge":true,"formatted_price":"21,50&nbsp;\u20ac","formatted_published_date":"6 juin 2013","publisher_availability_label":"Sur commande","short_details":"Pascal Mbongo, Carine Piccio, Michel Rasle \u2014 \u00c9ditions L'Harmattan","translator":null,"weight":255,"page_count":204,"readership":null,"editor":"\u00c9ditions L'Harmattan","price":2150,"published_date":"2013-06-05T22:00:00.000000Z","support":"Grand format","publisher_availability":1,"stock":0,"editions":[],"url":"https:\/\/quaidesbrumes.com\/ouvrage\/9782343008103\/la-liberte-de-la-communication-audiovisuelle-au-debut-du-21e-siecle"},{"id":"9782343000251","title":"Photographie et mobilit\u00e9 ; pratiques artistiques contemporaines en d\u00e9placement","description":"Aujourd'hui, avec la mise en mobilit\u00e9 de la soci\u00e9t\u00e9, des photographes s'interrogent sur le fait de faire oeuvre en d\u00e9placement. Alliant mobilit\u00e9 du corps ou modes de transport et images, ils questionnent la perception visuelle et les sensations qui \u00e9manent d'une exp\u00e9rience d\u00e9ambulatoire. Comment la photographie, m\u00e9dium de la fixit\u00e9, est-elle en mesure de rendre compte d'un processus mobile ? En quoi ces pratiques artistiques sont-elles r\u00e9v\u00e9latrices d'une \u00e9poque qui semble r\u00e9gie par la mobilit\u00e9 ?\r","authors":["Hortense Soichet"],"category_codes":["6000000","6070000","6070200"],"visuals":{"large":"https:\/\/images.epagine.fr\/251\/9782343000251_1_75.jpg","medium":"https:\/\/images.epagine.fr\/251\/9782343000251_1_m.jpg","thumbnail":"https:\/\/images.epagine.fr\/251\/9782343000251_1_v.jpg"},"orderable":true,"show_badge":true,"formatted_price":"21,50&nbsp;\u20ac","formatted_published_date":"2 juillet 2013","publisher_availability_label":"Sur commande","short_details":"Hortense Soichet \u2014 \u00c9ditions L'Harmattan","translator":null,"weight":280,"page_count":198,"readership":null,"editor":"\u00c9ditions L'Harmattan","price":2150,"published_date":"2013-07-01T22:00:00.000000Z","support":"Grand format","publisher_availability":1,"stock":0,"editions":[],"url":"https:\/\/quaidesbrumes.com\/ouvrage\/9782343000251\/photographie-et-mobilite-pratiques-artistiques-contemporaines-en-deplacement"},{"id":"9782343009353","title":"Alain Resnais ; la m\u00e9moire de l'\u00e9ternit\u00e9","description":"Tout en faisant r\u00e9f\u00e9rence \u00e0 quelques autres de ses films, ce livre se focalise sur les deux premiers longs m\u00e9trages du r\u00e9alisateur : Hiroshima mon amour et L'Ann\u00e9e derni\u00e8re \u00e0 Marienbad. Les outils m\u00e9thodologiques utilis\u00e9s dans les analyses de s\u00e9quences mettent au jour une rh\u00e9torique visuelle sp\u00e9cifique. Ils renouvellent la fa\u00e7on d'aborder le cin\u00e9ma d'Alain Resnais.\r","authors":["Eric Costeix"],"category_codes":["6000000","6070000","6070300"],"visuals":{"large":"https:\/\/images.epagine.fr\/353\/9782343009353_1_75.jpg","medium":"https:\/\/images.epagine.fr\/353\/9782343009353_1_m.jpg","thumbnail":"https:\/\/images.epagine.fr\/353\/9782343009353_1_v.jpg"},"orderable":true,"show_badge":true,"formatted_price":"27,00&nbsp;\u20ac","formatted_published_date":"2 juillet 2013","publisher_availability_label":"Sur commande","short_details":"Eric Costeix \u2014 \u00c9ditions L'Harmattan","translator":null,"weight":395,"page_count":250,"readership":null,"editor":"\u00c9ditions L'Harmattan","price":2700,"published_date":"2013-07-01T22:00:00.000000Z","support":"Grand format","publisher_availability":1,"stock":0,"editions":[],"url":"https:\/\/quaidesbrumes.com\/ouvrage\/9782343009353\/alain-resnais-la-memoire-de-leternite"},{"id":"9782822405393","title":"Les cahiers de l'audiovisuel","description":"Le monde des m\u00e9dias que nous avons connu dispara\u00eet sous nos yeux. Celui qui se dresse \u00e0 sa place est sans commune mesure. L'image se d\u00e9place du t\u00e9l\u00e9viseur classique vers de toujours plus nombreux autres modes de diffusion m\u00e9diatique, qui se mettent en place \u00e0 un rythme inimaginable il y a seulement 20 ans. Les nouvelles g\u00e9n\u00e9rations regardent la t\u00e9l\u00e9vision mais autrement. Partout, \u00e0 n'importe quel moment et avec les moyens les plus mobiles et interactifs possibles. \r\nCe qui entra\u00eene une convergence des m\u00e9dias et une profonde remise en cause des \u00e9quilibres \u00e9conomiques de ce secteur d'activit\u00e9 si h\u00e9t\u00e9roclite. Comprendre la fa\u00e7on dont \u00e9volue le secteur des m\u00e9dias est un enjeu essentiel. La place de l'image dans nos soci\u00e9t\u00e9s est plus grande que jamais. Un enfant mort sur une plage touche au coeur un monde d'indiff\u00e9rence ; un \u00e9v\u00e8nement sportif mondial soul\u00e8ve des foules au m\u00eame instant, aux quatre coins de la plan\u00e8te. \r\nL'image grandit notre univers. Pour que cela dure et s'am\u00e9liore encore, c'est tout un syst\u00e8me \u00e9conomique \u00e0 sauvegarder. Ces Cahiers de l'Audiovisuel sont le fruit de rencontres r\u00e9guli\u00e8res de parlementaires, professionnels de l'audiovisuel, et universitaires qui ont lieu depuis huit ans. Conjuguant recul th\u00e9orique et connaissance intime de la r\u00e9alit\u00e9 des pratiques, les r\u00e9flexions propos\u00e9es dans ces Cahiers cherchent \u00e0 d\u00e9crire ce secteur en pleine croissance et mutation, \u00e0 mettre en \u00e9vidence les axes d'\u00e9volution et, surtout, \u00e0 proposer des solutions concr\u00e8tes. \r\nToutes les dimensions y sont abord\u00e9es, des enjeux li\u00e9s aux progr\u00e8s technologiques \u00e0 ceux du financement, en passant par ceux de la production, de la diffusion, des nouveaux usages, de la r\u00e9gulation et du secteur public. Ces Cahiers proposent ainsi une r\u00e9flexion de pointe sur tous les aspects du secteur multifacette des m\u00e9dias. Ils ont l'ambition de servir de r\u00e9f\u00e9rence \u00e0 tous ceux qui veulent mieux comprendre la fa\u00e7on dont il fonctionne et imaginer ce qu'il sera demain.\r","authors":["Bernard Chaussegros"],"category_codes":["6000000","6070000","6070400"],"visuals":{"large":"https:\/\/images.epagine.fr\/393\/9782822405393_1_75.jpg","medium":"https:\/\/images.epagine.fr\/393\/9782822405393_1_m.jpg","thumbnail":"https:\/\/images.epagine.fr\/393\/9782822405393_1_v.jpg"},"orderable":true,"show_badge":true,"formatted_price":"24,90&nbsp;\u20ac","formatted_published_date":"13 d\u00e9cembre 2017","publisher_availability_label":"Sur commande","short_details":"Bernard Chaussegros \u2014 MA","translator":null,"weight":280,"page_count":200,"readership":null,"editor":"MA","price":2490,"published_date":"2017-12-12T23:00:00.000000Z","support":"Grand format","publisher_availability":1,"stock":0,"editions":[],"url":"https:\/\/quaidesbrumes.com\/ouvrage\/9782822405393\/les-cahiers-de-laudiovisuel"},{"id":"9782343003276","title":"Journaliste reporter en RDC ; nous vivions un m\u00e9tier formidable","description":"Au fil des ann\u00e9es 70 et 80, le h\u00e9ros nous conte son parcours de journaliste-reporter en R\u00e9publique D\u00e9mocratique du Congo. Qu'est-ce qu'\u00eatre stagiaire au studio \u00e9cole de l'OCORA en 1970 ? A quoi correspondaient ses missions de journaliste ? Et ses loisirs ? Nous partageons ainsi avec lui une exp\u00e9rience, une r\u00e9flexion, mais \u00e9galement des anecdotes qui r\u00e9v\u00e8lent non seulement une profession mais \u00e9galement l'atmosph\u00e8re d'une autre \u00e9poque.\r","authors":["Emmanuel bebe Beshelemu"],"category_codes":["6000000","6070000","6070300"],"visuals":{"large":"https:\/\/images.epagine.fr\/276\/9782343003276_1_75.jpg","medium":"https:\/\/images.epagine.fr\/276\/9782343003276_1_m.jpg","thumbnail":"https:\/\/images.epagine.fr\/276\/9782343003276_1_v.jpg"},"orderable":true,"show_badge":true,"formatted_price":"16,50&nbsp;\u20ac","formatted_published_date":"16 avril 2013","publisher_availability_label":"Sur commande","short_details":"Emmanuel bebe Beshelemu \u2014 \u00c9ditions L'Harmattan","translator":null,"weight":185,"page_count":152,"readership":null,"editor":"\u00c9ditions L'Harmattan","price":1650,"published_date":"2013-04-15T22:00:00.000000Z","support":"Grand format","publisher_availability":1,"stock":0,"editions":[],"url":"https:\/\/quaidesbrumes.com\/ouvrage\/9782343003276\/journaliste-reporter-en-rdc-nous-vivions-un-metier-formidable"},{"id":"9782336291932","title":"Identit\u00e9s t\u00e9l\u00e9visuelles ; une comparaison France-Chili","description":"La t\u00e9l\u00e9vision mondiale est-elle en proie \u00e0 un mouvement irr\u00e9versible d'homog\u00e9n\u00e9isation des programmes ? S'oriente-t-on vers une t\u00e9l\u00e9vision uniforme ? L'\u00e9tude comparative des syst\u00e8mes t\u00e9l\u00e9visuels chilien et fran\u00e7ais tente de r\u00e9pondre \u00e0 cette question. Structur\u00e9s autour d'un projet culturel et p\u00e9dagogique, pris en charge par l'Etat en France et par le milieu universitaire au Chili, les contributions examinent trois types de programme : les programmes politiques, les retransmissions sportives et les s\u00e9ries fictionnelles.\r","authors":["Bernardo Amigo Latorre","Guy Lochard"],"category_codes":["6000000","6070000","6070300"],"visuals":{"large":"https:\/\/images.epagine.fr\/932\/9782336291932_1_75.jpg","medium":"https:\/\/images.epagine.fr\/932\/9782336291932_1_m.jpg","thumbnail":"https:\/\/images.epagine.fr\/932\/9782336291932_1_v.jpg"},"orderable":true,"show_badge":true,"formatted_price":"24,00&nbsp;\u20ac","formatted_published_date":"17 avril 2013","publisher_availability_label":"Sur commande","short_details":"Bernardo Amigo Latorre, Guy Lochard \u2014 \u00c9ditions L'Harmattan","translator":null,"weight":270,"page_count":218,"readership":null,"editor":"\u00c9ditions L'Harmattan","price":2400,"published_date":"2013-04-16T22:00:00.000000Z","support":"Grand format","publisher_availability":1,"stock":0,"editions":[],"url":"https:\/\/quaidesbrumes.com\/ouvrage\/9782336291932\/identites-televisuelles-une-comparaison-france-chili"},{"id":"9782343005157","title":"Le silence de la photographie","description":"La photographie, art paradoxal plac\u00e9 \u00e0 la fois aux fronti\u00e8res et au centre de l'art, m\u00e9rite quelques r\u00e9flexions. Elle rel\u00e8ve de la pens\u00e9e par les formes, diff\u00e9rentes de l'autre pens\u00e9e, la pens\u00e9e par les id\u00e9es. Consid\u00e9rer l'objet photographique selon une perspective diff\u00e9rente, celle du silence des formes, ouvre un champ f\u00e9cond \u00e0 la r\u00e9flexion.\r","authors":["Jean-Claude Lemagny"],"category_codes":["6000000","6070000","6070200"],"visuals":{"large":"https:\/\/images.epagine.fr\/157\/9782343005157_1_75.jpg","medium":"https:\/\/images.epagine.fr\/157\/9782343005157_1_m.jpg","thumbnail":"https:\/\/images.epagine.fr\/157\/9782343005157_1_v.jpg"},"orderable":true,"show_badge":true,"formatted_price":"18,50&nbsp;\u20ac","formatted_published_date":"10 mai 2013","publisher_availability_label":"Sur commande","short_details":"Jean-Claude Lemagny \u2014 \u00c9ditions L'Harmattan","translator":null,"weight":220,"page_count":178,"readership":null,"editor":"\u00c9ditions L'Harmattan","price":1850,"published_date":"2013-05-09T22:00:00.000000Z","support":"Grand format","publisher_availability":1,"stock":0,"editions":[],"url":"https:\/\/quaidesbrumes.com\/ouvrage\/9782343005157\/le-silence-de-la-photographie"},{"id":"9782336300917","title":"Cameroon radio television, un grand malade ? diagnostic fonctionnel de l'audiovisuel public","description":"Voici grandement ouvertes les portes de la cuisine CRTV. Dans cet environnement obsolescent, fait de menaces, de tabous, de lignes de conduite, de v\u00e9rit\u00e9s et de paup\u00e9risation de ses membres, les journalistes, \u00e0 leur corps d\u00e9fendant, fabriquent des informations pr\u00e9dig\u00e9res \u00e0 servir au bon peuple, sous les regards inquisiteurs des tenants du pouvoir. Dogme des journalistes, extr\u00eame inf\u00e9odation au gouvernement... Nombreux sont les dysfonctionnements qui font de cet organisme un grand malade.\r","authors":["Raoul simplice Minlo"],"category_codes":["6000000","6070000","6070300"],"visuals":{"large":"https:\/\/images.epagine.fr\/917\/9782336300917_1_75.jpg","medium":"https:\/\/images.epagine.fr\/917\/9782336300917_1_m.jpg","thumbnail":"https:\/\/images.epagine.fr\/917\/9782336300917_1_v.jpg"},"orderable":true,"show_badge":true,"formatted_price":"22,50&nbsp;\u20ac","formatted_published_date":"6 mai 2013","publisher_availability_label":"Sur commande","short_details":"Raoul simplice Minlo \u2014 \u00c9ditions L'Harmattan","translator":null,"weight":267,"page_count":212,"readership":null,"editor":"\u00c9ditions L'Harmattan","price":2250,"published_date":"2013-05-05T22:00:00.000000Z","support":"Grand format","publisher_availability":1,"stock":0,"editions":[],"url":"https:\/\/quaidesbrumes.com\/ouvrage\/9782336300917\/cameroon-radio-television-un-grand-malade-diagnostic-fonctionnel-de-laudiovisuel-public"},{"id":"9782336293059","title":"La cin\u00e9philie des cin\u00e9astes Tome 1 ; du spectateur au cr\u00e9ateur","description":"Qu'est devenue, aujourd'hui, la notion de cin\u00e9philie ? Quel r\u00f4le que joue la culture cin\u00e9philique individuelle pour les cin\u00e9astes contemporains en activit\u00e9 : Claire Denis, Jim Jarmusch, Jean-Luc Godard, Wim Wenders, etc. Et ce, sur la perspective selon laquelle l'oeuvre cr\u00e9atrice des cin\u00e9astes se nourrit au pr\u00e9alable de leur exp\u00e9rience spectatorielle respective.\r","authors":["Collectif"],"category_codes":["6000000","6070000","6070300"],"visuals":{"large":"https:\/\/images.epagine.fr\/059\/9782336293059_1_75.jpg","medium":"https:\/\/images.epagine.fr\/059\/9782336293059_1_m.jpg","thumbnail":"https:\/\/images.epagine.fr\/059\/9782336293059_1_v.jpg"},"orderable":true,"show_badge":true,"formatted_price":"25,00&nbsp;\u20ac","formatted_published_date":"22 mai 2013","publisher_availability_label":"Sur commande","short_details":"Collectif \u2014 \u00c9ditions L'Harmattan","translator":null,"weight":290,"page_count":228,"readership":null,"editor":"\u00c9ditions L'Harmattan","price":2500,"published_date":"2013-05-21T22:00:00.000000Z","support":"Grand format","publisher_availability":1,"stock":0,"editions":[],"url":"https:\/\/quaidesbrumes.com\/ouvrage\/9782336293059\/la-cinephilie-des-cineastes-tome-1-du-spectateur-au-createur"},{"id":"9782336293684","title":"Didactique de la communication","description":"Les enseignements de communication sont n\u00e9s avec la mise en place des IUT. Le pr\u00e9sent ouvrage coordonn\u00e9e par le pr\u00e9sident de l'Association des enseignants de communication IUT propose une observation pr\u00e9cise des d'\u00e9changes didactiques au sein de cette association sur une dizaine d'ann\u00e9es. Il propose ensuite quelques pistes de r\u00e9flexion pour travailler aussi bien l'expression \u00e9crite ou orale que l'exploitation des technologies de l'information et de la communication de l'image.\r","authors":["Rodolphe Dalle"],"category_codes":["6000000","6070000","6070300"],"visuals":{"large":"https:\/\/images.epagine.fr\/684\/9782336293684_1_75.jpg","medium":"https:\/\/images.epagine.fr\/684\/9782336293684_1_m.jpg","thumbnail":"https:\/\/images.epagine.fr\/684\/9782336293684_1_v.jpg"},"orderable":true,"show_badge":true,"formatted_price":"22,50&nbsp;\u20ac","formatted_published_date":"27 mai 2013","publisher_availability_label":"Sur commande","short_details":"Rodolphe Dalle \u2014 \u00c9ditions L'Harmattan","translator":null,"weight":265,"page_count":212,"readership":null,"editor":"\u00c9ditions L'Harmattan","price":2250,"published_date":"2013-05-26T22:00:00.000000Z","support":"Grand format","publisher_availability":1,"stock":0,"editions":[],"url":"https:\/\/quaidesbrumes.com\/ouvrage\/9782336293684\/didactique-de-la-communication"},{"id":"9783967041330","title":"Tools not jewels","description":"Tools not jewels will teach you the tools and tricks and shortcuts Chris Burkard has learned over the years so that your shooting muscle becomes so well-organized you're operating on instinct alone. With this book, Chris goes beyond breathtaking images to dissolve the mystery around shooting in extreme environments, and any environment, for that matter-from getting your best shots in freezing-cold conditions to capturing star trails on the darkest of nights. Whether you're a professional with high-end equipment or an adventure buff testing the limits of an iPhone, Tools not jewels is a practical application of photography in compact, easy-to-digest format. With smart graphics and targeted illustrations, it's built to pop into your backpack or bag for quick referencing out in the field. In Tools not jewels, you're getting first hand tips from a master photographer on how to break the rules and innovate to get the shots you envision in your mind-from the practical (bringing hand warmers to keep camera batteries from freezing up in the cold) to the humanist (reminders to study up on local laws and customs before you go). Filled with common-sense hacks and rule-breaking methods developed by Chris over the past decade, Tools not jewels covers the entire category of outdoor photography in a satisfyingly chunky format.","authors":["Collectif"],"category_codes":["6000000","6070000","6070200"],"visuals":{"large":"https:\/\/images.epagine.fr\/330\/9783967041330_1_75.jpg","medium":"https:\/\/images.epagine.fr\/330\/9783967041330_1_m.jpg","thumbnail":"https:\/\/images.epagine.fr\/330\/9783967041330_1_v.jpg"},"orderable":true,"show_badge":true,"formatted_price":"30,00&nbsp;\u20ac","formatted_published_date":"3 octobre 2024","publisher_availability_label":"Sur commande","short_details":"Collectif \u2014 Dgv","translator":null,"weight":850,"page_count":224,"readership":null,"editor":"Dgv","price":3000,"published_date":"2024-10-02T22:00:00.000000Z","support":"Grand format","publisher_availability":1,"stock":0,"editions":[],"url":"https:\/\/quaidesbrumes.com\/ouvrage\/9783967041330\/tools-not-jewels"},{"id":"9782487344082","title":"L'Instant  Mirage","description":"Arpenter les rues de Paris, des heures durant, parfois sans \u00eatre plus tr\u00e8s s\u00fbr de ce que l'on cherche, jusqu'\u00e0 ce que l'on tombe sur cet instant qui nous attrape. Instants fig\u00e9s, perdus, \u00e9chappant \u00e0 leur r\u00e9alit\u00e9, \u00e0 leurs histoires, \u00e0 leur \u00e9poque, pour ne plus \u00eatre que les songes photographiques d'esprits vagabonds. La qu\u00eate est longue, elle dure peut-\u00eatre toute une vie. Mais elle ne s'essouffle jamais, car les images que l'on a pas encore captur\u00e9es nous hantent. Quel clich\u00e9 d\u00e9clencha mon obsession ? La petite fille aux feuilles mortes de Boubat ? Le man\u00e8ge de monsieur Bar\u00e9 de Doisneau ? Les nuits brumeuses de Brassa\u00ef m'invit\u00e8rent certainement \u00e0 regarder Paris d'un oeil \u00e9trange, comme pour y trouver une couche invisible et anachronique. Car chaque rue, chaque quartier parisien est habit\u00e9 par 180 ans de photographie. Du pictorialisme de Stieglitz \u00e0 l'humanisme des ann\u00e9es 50, c'est \u00e0 la fois le documentaire po\u00e9tique et l'illusion mystique que je recherche dans mes balades. La r\u00e9alit\u00e9 et le mensonge. La photo peut alors \u00e9chapper au discours, pour devenir une sensation, une odeur, peut-\u00eatre m\u00eame une madeleine, un mirage...","authors":["Orioto"],"category_codes":["6000000","6070000","6070200"],"visuals":{"large":"https:\/\/images.epagine.fr\/082\/9782487344082_1_75.jpg","medium":"https:\/\/images.epagine.fr\/082\/9782487344082_1_m.jpg","thumbnail":"https:\/\/images.epagine.fr\/082\/9782487344082_1_v.jpg"},"orderable":true,"show_badge":true,"formatted_price":"55,00&nbsp;\u20ac","formatted_published_date":"9 ao\u00fbt 2024","publisher_availability_label":"Sur commande","short_details":"Orioto \u2014 Street Photo France","translator":null,"weight":588,"page_count":144,"readership":null,"editor":"Street Photo France","price":5500,"published_date":"2024-08-08T22:00:00.000000Z","support":"Grand format","publisher_availability":1,"stock":0,"editions":[],"url":"https:\/\/quaidesbrumes.com\/ouvrage\/9782487344082\/linstant-mirage"},{"id":"9782296968431","title":"La photographie ; mythe global et usage local","description":"De quelle mani\u00e8re certaines photos locales peuvent-elles avoir une port\u00e9e mondiale au point d'engendrer ou participer \u00e0 des mythes globaux ? Comment ne pas passer de l'interrogation photographique locale \u00e0 des usages id\u00e9ologiques globaux ? Ces contributions fourniront des \u00e9l\u00e9ments d'histoire de l'\u00e9volution des pratiques de la photographie et une r\u00e9flexion plus g\u00e9n\u00e9rale sur la situation actuelle de l'image photographique et de ses usages.\r","authors":["Ivaylo Ditchev","Gilles Rouet"],"category_codes":["6000000","6070000","6070200"],"visuals":{"large":"https:\/\/images.epagine.fr\/431\/9782296968431_1_75.jpg","medium":"https:\/\/images.epagine.fr\/431\/9782296968431_1_m.jpg","thumbnail":"https:\/\/images.epagine.fr\/431\/9782296968431_1_v.jpg"},"orderable":true,"show_badge":true,"formatted_price":"26,00&nbsp;\u20ac","formatted_published_date":"20 avril 2012","publisher_availability_label":"Sur commande","short_details":"Ivaylo Ditchev, Gilles Rouet \u2014 \u00c9ditions L'Harmattan","translator":null,"weight":305,"page_count":238,"readership":null,"editor":"\u00c9ditions L'Harmattan","price":2600,"published_date":"2012-04-19T22:00:00.000000Z","support":"Grand format","publisher_availability":1,"stock":0,"editions":[],"url":"https:\/\/quaidesbrumes.com\/ouvrage\/9782296968431\/la-photographie-mythe-global-et-usage-local"},{"id":"9782756407333","title":"Une plume libre","description":"16 ans, sans dipl\u00f4me, j'int\u00e8gre l'\u00e9cole des mousses, puis les fusiliers commandos de la marine, et pour quelques mois la prison des Baumettes. Quarante-neuf ans plus tard, je rends ma carte de presse. Entre-temps j'ai \u00e9t\u00e9 un an flic \u00e0 la DST, et trente-huit ans journaliste, grand reporter, r\u00e9dacteur en chef, P-DG pour le Groupe Hersant M\u00e9dia \u00e0 La R\u00e9union, ainsi qu'en Champagne-Ardenne et Picardie. J'ai aim\u00e9 ce m\u00e9tier passionn\u00e9ment. J'ai parfois mis le pied en dehors des clous, loin des r\u00e9seaux parisiens. J'ai arpent\u00e9 le Tchad, les palais officiels en Guin\u00e9e et au Cameroun, rejoint Ushuaia pendant la guerre des Malouines, suivi de pr\u00e8s la vie politique des \u00eeles des Mascareignes et celle de l'archipel des Comores. J'ai crois\u00e9 des chefs d'\u00c9tat, des \u00ab conseillers sp\u00e9ciaux \u00bb, des hommes politiques de tous bords, des magistrats ? souvent soumis au pouvoir ?, des voyous petits et gros, dont deux d'entre eux m'ont laiss\u00e9 pour mort, le 10 septembre 1979. Apr\u00e8s toutes ces vies, une chose est s\u00fbre : je quitte ce m\u00e9tier debout, sans jamais avoir pli\u00e9.\r\n\r\nCr\u00e9ation Studio Flammarion \u00a9 J\u00e9r\u00f4me Sessini \/ Magnum Photos\r","authors":["Jacques Tillier"],"category_codes":["6000000","6070000","6070300"],"visuals":{"large":"https:\/\/images.epagine.fr\/333\/9782756407333_1_75.jpg","medium":"https:\/\/images.epagine.fr\/333\/9782756407333_1_m.jpg","thumbnail":"https:\/\/images.epagine.fr\/333\/9782756407333_1_v.jpg"},"orderable":true,"show_badge":true,"formatted_price":"21,90&nbsp;\u20ac","formatted_published_date":"9 f\u00e9vrier 2013","publisher_availability_label":"Sur commande","short_details":"Jacques Tillier \u2014 PYGMALION","translator":null,"weight":418,"page_count":420,"readership":null,"editor":"PYGMALION","price":2190,"published_date":"2013-02-08T23:00:00.000000Z","support":"Grand format","publisher_availability":1,"stock":0,"editions":[],"url":"https:\/\/quaidesbrumes.com\/ouvrage\/9782756407333\/une-plume-libre"},{"id":"9782296994959","title":"Au bout du r\u00eave ; la belle au bois dormant de Walt Disney","description":"Apr\u00e8s une p\u00e9riode de purgatoire, La Belle au Bois Dormant a pris place au panth\u00e9on des chefs-d'oeuvre de Walt Disney. Cette r\u00e9ussite est survenue apr\u00e8s une longue maturation sem\u00e9e d'embuches et de d\u00e9fis de toutes sortes. Cet ouvrage propose de la situer dans le parcours personnel de Walt Disney et dans la production des studios. Il tente enfin de cerner l'influence du film dans l'oeuvre des productions Disney et au-del\u00e0.\r","authors":["Michel Bosc"],"category_codes":["6000000","6070000","6070300"],"visuals":{"large":"https:\/\/images.epagine.fr\/959\/9782296994959_1_75.jpg","medium":"https:\/\/images.epagine.fr\/959\/9782296994959_1_m.jpg","thumbnail":"https:\/\/images.epagine.fr\/959\/9782296994959_1_v.jpg"},"orderable":true,"show_badge":true,"formatted_price":"16,50&nbsp;\u20ac","formatted_published_date":"9 octobre 2012","publisher_availability_label":"Sur commande","short_details":"Michel Bosc \u2014 \u00c9ditions L'Harmattan","translator":null,"weight":200,"page_count":152,"readership":null,"editor":"\u00c9ditions L'Harmattan","price":1650,"published_date":"2012-10-08T22:00:00.000000Z","support":"Grand format","publisher_availability":1,"stock":0,"editions":[],"url":"https:\/\/quaidesbrumes.com\/ouvrage\/9782296994959\/au-bout-du-reve-la-belle-au-bois-dormant-de-walt-disney"},{"id":"9782343011035","title":"Le documentaire radiophonique","description":"Cet ouvrage a pour ambition de retracer l'apparition du genre documentaire \u00e0 la radio. Avec le num\u00e9rique, le genre s'est \"d\u00e9mocratis\u00e9\" : jamais techniquement il n'a \u00e9t\u00e9 aussi facile de r\u00e9aliser un documentaire sonore. Sa diffusion est aussi favoris\u00e9e par l'\u00e9coute en diff\u00e9r\u00e9 (podcast, streaming). A l'heure de cette mutation, cet ouvrage propose une d\u00e9finition des principaux types de documentaires \u00e0 la radio: documentaire d'interaction, documentaire po\u00e9tique, documentaire d'observation et documentaire-fiction.\r","authors":["Christophe Deleu"],"category_codes":["6000000","6070000","6070300"],"visuals":{"large":"https:\/\/images.epagine.fr\/035\/9782343011035_1_75.jpg","medium":"https:\/\/images.epagine.fr\/035\/9782343011035_1_m.jpg","thumbnail":"https:\/\/images.epagine.fr\/035\/9782343011035_1_v.jpg"},"orderable":true,"show_badge":true,"formatted_price":"28,00&nbsp;\u20ac","formatted_published_date":"5 septembre 2013","publisher_availability_label":"Sur commande","short_details":"Christophe Deleu \u2014 \u00c9ditions L'Harmattan","translator":null,"weight":330,"page_count":268,"readership":null,"editor":"\u00c9ditions L'Harmattan","price":2800,"published_date":"2013-09-04T22:00:00.000000Z","support":"Grand format","publisher_availability":1,"stock":0,"editions":[],"url":"https:\/\/quaidesbrumes.com\/ouvrage\/9782343011035\/le-documentaire-radiophonique"},{"id":"9782738420800","title":"Du r\u00e9el au simulacre ; cin\u00e9ma, photographie et histoire","description":null,"authors":["Fr\u00e9d\u00e9ric Delmeulle","St\u00e9pahne Dubreil","Thierry Lefebvre"],"category_codes":["6000000","6070000","6070300"],"visuals":{"large":"https:\/\/images.epagine.fr\/800\/9782738420800_1_75.jpg","medium":"https:\/\/images.epagine.fr\/800\/9782738420800_1_m.jpg","thumbnail":"https:\/\/images.epagine.fr\/800\/9782738420800_1_v.jpg"},"orderable":true,"show_badge":true,"formatted_price":"21,00&nbsp;\u20ac","formatted_published_date":"3 mai 2000","publisher_availability_label":"Sur commande","short_details":"Fr\u00e9d\u00e9ric Delmeulle, St\u00e9pahne Dubreil, Thierry Lefebvre \u2014 \u00c9ditions L'Harmattan","translator":null,"weight":272,"page_count":206,"readership":null,"editor":"\u00c9ditions L'Harmattan","price":2100,"published_date":"2000-05-02T22:00:00.000000Z","support":"Grand format","publisher_availability":1,"stock":0,"editions":[],"url":"https:\/\/quaidesbrumes.com\/ouvrage\/9782738420800\/du-reel-au-simulacre-cinema-photographie-et-histoire"},{"id":"9782343021744","title":"La naissance de la presse au XVIIe si\u00e8cle ; le Mercure francais","description":"Quatre cents ans apr\u00e8s sa premi\u00e8re publication, le Mercure fran\u00e7ais demeure m\u00e9connu. L'auteur se propose donc de faire du Mercure un objet d'analyse qu'il place \u00e0 la crois\u00e9e de plusieurs champs d'\u00e9tudes, telles l'histoire de la presse, l'histoire culturelle et l'histoire politique. Il en r\u00e9v\u00e8le l'importance, sans doute fondamentale pour le syst\u00e8me d'information en France. Ce p\u00e9riodique porte un t\u00e9moignage exceptionnel sur les \u00e9v\u00e9nements de la premi\u00e8re moiti\u00e9 du XVIIe si\u00e8cle.\r","authors":["Anne-laure Leroux"],"category_codes":["6000000","6070000","6070300"],"visuals":{"large":"https:\/\/images.epagine.fr\/744\/9782343021744_1_75.jpg","medium":"https:\/\/images.epagine.fr\/744\/9782343021744_1_m.jpg","thumbnail":"https:\/\/images.epagine.fr\/744\/9782343021744_1_v.jpg"},"orderable":true,"show_badge":true,"formatted_price":"15,50&nbsp;\u20ac","formatted_published_date":"19 novembre 2013","publisher_availability_label":"Sur commande","short_details":"Anne-laure Leroux \u2014 \u00c9ditions L'Harmattan","translator":null,"weight":196,"page_count":148,"readership":null,"editor":"\u00c9ditions L'Harmattan","price":1550,"published_date":"2013-11-18T23:00:00.000000Z","support":"Grand format","publisher_availability":1,"stock":0,"editions":[],"url":"https:\/\/quaidesbrumes.com\/ouvrage\/9782343021744\/la-naissance-de-la-presse-au-xviie-siecle-le-mercure-francais"},{"id":"9784756249661","title":"Beautiful scenes from a fantasy world ; background illustrations and scenes from anime and manga work","description":"Ch\u00e2teaux c\u00e9lestes, bateaux de pirates navigant parmi les nuages, inventions r\u00e9tro-futuristes, paysagers architecturaux abandonn\u00e9s, villes englouties sous l'oc\u00e9an ; autant de sc\u00e8nes de fantaisie populaires dans le monde du manga et de l'anim\u00e9. Cette collection d'images pr\u00e9sente 32 cr\u00e9ateurs japonais r\u00e9put\u00e9s, mettant l'accent davantage sur les d\u00e9cors fantasm\u00e9s que sur les personnages.\r","authors":["Collectif"],"category_codes":["6000000","6070000","6070300"],"visuals":{"large":"https:\/\/images.epagine.fr\/661\/9784756249661_1_75.jpg","medium":"https:\/\/images.epagine.fr\/661\/9784756249661_1_m.jpg","thumbnail":"https:\/\/images.epagine.fr\/661\/9784756249661_1_v.jpg"},"orderable":true,"show_badge":true,"formatted_price":"39,00&nbsp;\u20ac","formatted_published_date":"1er mai 2018","publisher_availability_label":"Sur commande","short_details":"Collectif \u2014 PIE Books","translator":null,"weight":700,"page_count":null,"readership":null,"editor":"PIE Books","price":3900,"published_date":"2018-04-30T22:00:00.000000Z","support":"Grand format","publisher_availability":1,"stock":0,"editions":[],"url":"https:\/\/quaidesbrumes.com\/ouvrage\/9784756249661\/beautiful-scenes-from-a-fantasy-world-background-illustrations-and-scenes-from-anime-and-manga-work"},{"id":"9782491233051","title":"After the world ends","description":"A book that will take you on a journey through post-apocalyptic cinema, from its origins to its Golden Age during the VHS era. With dozens of films reviewed, hundreds of photos and posters, and the recurring themes and typical tropes from the genre explored in details. Packed with brand new interviews with the people who made the films, featuring Fred Williamson, Sergio Martino, David Worth, Rae Dawn Chong, Steve De Jarnatt, to name a few, Let The End begin !","authors":["Claude Gaillard"],"category_codes":["6000000","6070000","6070300","6070307"],"visuals":{"large":"https:\/\/images.epagine.fr\/051\/9782491233051_1_75.jpg","medium":"https:\/\/images.epagine.fr\/051\/9782491233051_1_m.jpg","thumbnail":"https:\/\/images.epagine.fr\/051\/9782491233051_1_v.jpg"},"orderable":true,"show_badge":true,"formatted_price":"30,00&nbsp;\u20ac","formatted_published_date":"1er juillet 2021","publisher_availability_label":"Sur commande","short_details":"Claude Gaillard \u2014 C.R.E.E.","translator":null,"weight":1100,"page_count":256,"readership":null,"editor":"C.R.E.E.","price":3000,"published_date":"2021-06-30T22:00:00.000000Z","support":"Grand format","publisher_availability":1,"stock":0,"editions":[],"url":"https:\/\/quaidesbrumes.com\/ouvrage\/9782491233051\/after-the-world-ends"}]}