{"data":[{"id":"9782343022710","title":"Quand le JT de TF1 fait son cin\u00e9ma ou la marchandisation croissante de l'information t\u00e9l\u00e9vis\u00e9e ?","description":"Le journal t\u00e9l\u00e9vis\u00e9 se servirait-il d'effets cin\u00e9matographiques pour dramatiser certains faits ? La course \u00e0 l'audience, en particulier depuis la privatisation de TF1, expliquerait-elle cette tendance ? Sans pour autant pr\u00e9tendre que le JT rel\u00e8ve de la fiction, cet ouvrage \u00e9met l'hypoth\u00e8se qu'il existe une \" information-cin\u00e9ma \" dans un but marchand, c'est-\u00e0-dire une information que nous nous attendons \u00e0 trouver dans une fiction. Cette recherche porte sur le JT de TF1 et s'int\u00e9resse \u00e0 l'\u00e9dition de 20 heures.\r","authors":["Mario Zunino"],"category_codes":["6000000","6070000","6070300"],"visuals":{"large":"https:\/\/images.epagine.fr\/710\/9782343022710_1_75.jpg","medium":"https:\/\/images.epagine.fr\/710\/9782343022710_1_m.jpg","thumbnail":"https:\/\/images.epagine.fr\/710\/9782343022710_1_v.jpg"},"orderable":true,"show_badge":true,"formatted_price":"15,50&nbsp;\u20ac","formatted_published_date":"26 d\u00e9cembre 2013","publisher_availability_label":"Sur commande","short_details":"Mario Zunino \u2014 \u00c9ditions L'Harmattan","translator":null,"weight":192,"page_count":150,"readership":null,"editor":"\u00c9ditions L'Harmattan","price":1550,"published_date":"2013-12-25T23:00:00.000000Z","support":"Grand format","publisher_availability":1,"stock":0,"editions":[],"url":"https:\/\/quaidesbrumes.com\/ouvrage\/9782343022710\/quand-le-jt-de-tf1-fait-son-cinema-ou-la-marchandisation-croissante-de-linformation-televisee"},{"id":"9782343022833","title":"Chroniques irascibles","description":"Dans le quotidien r\u00e9gional de Touraine, Fran\u00e7ois T\u00e9zenas du Montcel a pris l'habitude de publier r\u00e9guli\u00e8rement, sous forme de \" courrier des lecteurs \", des points de vue plus ou moins corrosifs sur le monde tel qu'il le voit. Passant au crible des \u00e9v\u00e9nements \" soci\u00e9taux \", tels que \" la pens\u00e9e unique \", la mont\u00e9e des communautarismes, les r\u00e9seaux sociaux etc. Il a rassembl\u00e9 en un recueil la quasi-totalit\u00e9 de ces papiers, sous le titre de Chroniques irascibles.\r","authors":["Fran\u00e7ois Tezenas-du-montcel"],"category_codes":["6000000","6070000","6070300"],"visuals":{"large":"https:\/\/images.epagine.fr\/833\/9782343022833_1_75.jpg","medium":"https:\/\/images.epagine.fr\/833\/9782343022833_1_m.jpg","thumbnail":"https:\/\/images.epagine.fr\/833\/9782343022833_1_v.jpg"},"orderable":true,"show_badge":true,"formatted_price":"13,00&nbsp;\u20ac","formatted_published_date":"26 d\u00e9cembre 2013","publisher_availability_label":"Sur commande","short_details":"Fran\u00e7ois Tezenas-du-montcel \u2014 \u00c9ditions L'Harmattan","translator":null,"weight":120,"page_count":88,"readership":null,"editor":"\u00c9ditions L'Harmattan","price":1300,"published_date":"2013-12-25T23:00:00.000000Z","support":"Grand format","publisher_availability":1,"stock":0,"editions":[],"url":"https:\/\/quaidesbrumes.com\/ouvrage\/9782343022833\/chroniques-irascibles"},{"id":"9783037782637","title":"Klaus merkel baume wie steine \/allemand","description":null,"authors":["Merkel Klaus"],"category_codes":["6000000","6070000","6070200"],"visuals":{"large":"https:\/\/images.epagine.fr\/637\/9783037782637_1_75.jpg","medium":"https:\/\/images.epagine.fr\/637\/9783037782637_1_m.jpg","thumbnail":"https:\/\/images.epagine.fr\/637\/9783037782637_1_v.jpg"},"orderable":true,"show_badge":true,"formatted_price":"30,00&nbsp;\u20ac","formatted_published_date":"1er octobre 2011","publisher_availability_label":"Sur commande","short_details":"Merkel Klaus \u2014 Lars Muller","translator":null,"weight":1000,"page_count":112,"readership":null,"editor":"Lars Muller","price":3000,"published_date":"2011-09-30T22:00:00.000000Z","support":"Grand format","publisher_availability":1,"stock":0,"editions":[],"url":"https:\/\/quaidesbrumes.com\/ouvrage\/9783037782637\/klaus-merkel-baume-wie-steine-allemand"},{"id":"9782343024875","title":"Fip et moi ; chroniques d'un \u00e9couteur","description":"Vous \u00eates dans votre voiture coinc\u00e9 dans un embouteillage lorsqu'une voix f\u00e9minine surgie de l'autoradio vous murmure \u00e0 l'oreille comment vous en sortir et \u00e7a marche. Vous voulez qu'elle vous parle encore, mais elle s'est \u00e9clips\u00e9e en vous laissant des musiques qui s'encha\u00eenent. Vous \u00eates \u00e0 la maison, vous \u00e9coutez des infos br\u00e8ves, des chansons, des musiques de films, des musiques du monde et la voix f\u00e9minine qui veille sur vous. Vous \u00eates accro \u00e0 FIP.\r","authors":["Jean Larriaga"],"category_codes":["6000000","6070000","6070300"],"visuals":{"large":"https:\/\/images.epagine.fr\/875\/9782343024875_1_75.jpg","medium":"https:\/\/images.epagine.fr\/875\/9782343024875_1_m.jpg","thumbnail":"https:\/\/images.epagine.fr\/875\/9782343024875_1_v.jpg"},"orderable":true,"show_badge":true,"formatted_price":"13,00&nbsp;\u20ac","formatted_published_date":"7 janvier 2014","publisher_availability_label":"Sur commande","short_details":"Jean Larriaga \u2014 \u00c9ditions L'Harmattan","translator":null,"weight":138,"page_count":104,"readership":null,"editor":"\u00c9ditions L'Harmattan","price":1300,"published_date":"2014-01-06T23:00:00.000000Z","support":"Grand format","publisher_availability":1,"stock":0,"editions":[],"url":"https:\/\/quaidesbrumes.com\/ouvrage\/9782343024875\/fip-et-moi-chroniques-dun-ecouteur"},{"id":"9783037785492","title":"Klick ! sagte die kamera. \/allemand","description":null,"authors":["Jacob Markus"],"category_codes":["6000000","6070000","6070200"],"visuals":{"large":"https:\/\/images.epagine.fr\/492\/9783037785492_1_75.jpg","medium":"https:\/\/images.epagine.fr\/492\/9783037785492_1_m.jpg","thumbnail":"https:\/\/images.epagine.fr\/492\/9783037785492_1_v.jpg"},"orderable":true,"show_badge":true,"formatted_price":"25,00&nbsp;\u20ac","formatted_published_date":"1er octobre 2017","publisher_availability_label":"Sur commande","short_details":"Jacob Markus \u2014 Lars Muller","translator":null,"weight":400,"page_count":42,"readership":null,"editor":"Lars Muller","price":2500,"published_date":"2017-09-30T22:00:00.000000Z","support":"Grand format","publisher_availability":1,"stock":0,"editions":[],"url":"https:\/\/quaidesbrumes.com\/ouvrage\/9783037785492\/klick-sagte-die-kamera-allemand"},{"id":"9782919096121","title":"Le Grand Rex","description":"Le livre retrace la construction et les transformations du cin\u00e9ma depuis le projet initial de 1930 jusqu'\u00e0 nos jours.\r\nL'ouvrage, tr\u00e8s illustr\u00e9, nous expose le caract\u00e8re unique de ce cin\u00e9ma embl\u00e9matique de Paris.\r\nL'\u00e9volution de la salle et les \u00e9v\u00e8nements retranscrits nous offrent une plong\u00e9e dans l'histoire du cin\u00e9ma des ann\u00e9es 30 \u00e0 nos jours.\r","authors":["Shahram Abadie","Franck Vernin"],"category_codes":["6000000","6070000","6070300","6070301"],"visuals":{"large":"https:\/\/images.epagine.fr\/121\/9782919096121_1_75.jpg","medium":"https:\/\/images.epagine.fr\/121\/9782919096121_1_m.jpg","thumbnail":"https:\/\/images.epagine.fr\/121\/9782919096121_1_v.jpg"},"orderable":true,"show_badge":true,"formatted_price":"29,00&nbsp;\u20ac","formatted_published_date":"14 novembre 2024","publisher_availability_label":"Sur commande","short_details":"Shahram Abadie, Franck Vernin \u2014 Artelia","translator":null,"weight":0,"page_count":184,"readership":null,"editor":"Artelia","price":2900,"published_date":"2024-11-13T23:00:00.000000Z","support":"Grand format","publisher_availability":1,"stock":0,"editions":[],"url":"https:\/\/quaidesbrumes.com\/ouvrage\/9782919096121\/le-grand-rex"},{"id":"9789464002416","title":"A long loving look","description":"Les archives analogiques enfouies, brutes et sensibles de Mark Rietveld Mark Rietveld (1969-2022) \u00e9tait surtout connu \u00e0 Anvers pour ses photographies de la sc\u00e8ne musicale underground et du monde de l'art. Lors des concerts, Mark accordait toujours autant d'attention \u00e0 ce qui se passait \u00e0 la p\u00e9riph\u00e9rie de la sc\u00e8ne - il a donc \u00e9galement fait le portrait du public et de son environnement. Il se d\u00e9gage de son travail un amour profond pour le monde de l'art et de la musique, o\u00f9 tout le monde - les artistes, le public, le personnel du bar et la dame des toilettes - en fait partie. Mark en \u00e9tait certainement un \u00e9l\u00e9ment ins\u00e9parable. D'ailleurs, les photos de Mark sont souvent silencieuses, m\u00eame si vous y \u00e9tiez vous-m\u00eame et que vous vous souvenez d'une nuit bruyante et sauvage. Si vous avez visit\u00e9 des endroits comme Onder Stroom, Scheld'apen, Stadslimiet, Factor 44, Tenace Boot, De Nor, AudioPlant, Minigolf Beatrijs, Forbidden City, Bar Paniek ou Het Bos au cours des deux derni\u00e8res d\u00e9cennies, il y a de fortes chances que vous l'ayez vu se promener devant, \u00e0 c\u00f4t\u00e9 et derri\u00e8re la sc\u00e8ne, son appareil photo discr\u00e8tement \u00e0 port\u00e9e de main, tout en bavardant ici et l\u00e0. Mark \u00e9tait l\u00e0 souvent, tr\u00e8s souvent. Il faisait partie du mobilier qu'il avait choisi comme sujet. Quelques jours apr\u00e8s une telle soir\u00e9e, une s\u00e9lection minutieuse est mise en ligne, donnant aux absents un aper\u00e7u de ce qu'ils ont manqu\u00e9. Mais ceux qui se plongent dans son oeuvre d\u00e9couvrent un photographe pour qui le monde entier peut \u00eatre un sujet merveilleux : les archives regorgent de sc\u00e8nes de landes feutr\u00e9es, de sols gel\u00e9s d\u00e9chir\u00e9s, de natures mortes, de chats, de parcs sous la neige, de personnages intemporels \u00e0 Prague ou \u00e0 Paris, de sc\u00e8nes de m\u00e9nage, .... Mark a photographi\u00e9, en somme, avec beaucoup d'amour, tout son biotope. Comme il s'agit d'archives gigantesques, nous avons fait appel \u00e0 Nico Dockx, artiste et chercheur attach\u00e9 au groupe de recherche ArchiVolt \u00e0 l'Acad\u00e9mie royale des beaux-arts d'Anvers. Quelqu'un qui pourrait scanner l'immense quantit\u00e9 d'images avec le recul n\u00e9cessaire pour faire une s\u00e9lection. Une s\u00e9lection qui trace des lignes et \u00e9tablit des liens entre toutes ces images diff\u00e9rentes qui, ensemble, forment le biotope de Mark.","authors":["Mark Rietveld"],"category_codes":["6000000","6070000","6070200","6070205"],"visuals":{"large":"https:\/\/images.epagine.fr\/416\/9789464002416_1_75.jpg","medium":"https:\/\/images.epagine.fr\/416\/9789464002416_1_m.jpg","thumbnail":"https:\/\/images.epagine.fr\/416\/9789464002416_1_v.jpg"},"orderable":true,"show_badge":true,"formatted_price":"53,00&nbsp;\u20ac","formatted_published_date":"4 octobre 2024","publisher_availability_label":"Sur commande","short_details":"Mark Rietveld \u2014 Hopper Fuchs","translator":null,"weight":1100,"page_count":364,"readership":null,"editor":"Hopper Fuchs","price":5300,"published_date":"2024-10-03T22:00:00.000000Z","support":"Grand format","publisher_availability":1,"stock":0,"editions":[],"url":"https:\/\/quaidesbrumes.com\/ouvrage\/9789464002416\/a-long-loving-look"},{"id":"9781907804489","title":"Double exposure : African american women","description":"Ce troisi\u00e8me volume de la s\u00e9rie, African American Women, se concentre sur les femmes, qu'elles soient \u00e2g\u00e9es ou jeunes. Ces photographies t\u00e9moignent de leur dignit\u00e9, de leurs joies, de leurs peines, de leur engagement et de leurs sacrifices. Les images vont des portraits formels du XIXe si\u00e8cle aux instantan\u00e9s du XXe si\u00e8cle, en passant par les sages-femmes au travail dans le sud rural et les \u00e9tudiants emprisonn\u00e9s pour avoir particip\u00e9 \u00e0 des manifestations en faveur des droits civiques. Sont \u00e9galement pr\u00e9sent\u00e9es des photographies d'Henri Cartier- Bresson, Beverly Conley, Wayne F. Miller, Joe Schwartz, Milton Williams et Ernest C. Withers. Outre plus de 50 photographies, ce volume comprend un po\u00e8me de l'ancienne po\u00e9tesse laur\u00e9ate des \u00c9tats- Unis Natasha Trethewey. Double Exposure est une s\u00e9rie dynamique bas\u00e9e sur la remarquable collection de photographies du Earl W. and Amanda Stafford Center for African American Media Arts au Smithsonian National Museum of African American History and Culture.","authors":["Collectif"],"category_codes":["6000000","6070000","6070200","6070205"],"visuals":{"large":"https:\/\/images.epagine.fr\/489\/9781907804489_1_75.jpg","medium":"https:\/\/images.epagine.fr\/489\/9781907804489_1_m.jpg","thumbnail":"https:\/\/images.epagine.fr\/489\/9781907804489_1_v.jpg"},"orderable":true,"show_badge":true,"formatted_price":"24,00&nbsp;\u20ac","formatted_published_date":"4 octobre 2024","publisher_availability_label":"Sur commande","short_details":"Collectif \u2014 D Giles Limited","translator":null,"weight":501,"page_count":72,"readership":null,"editor":"D Giles Limited","price":2400,"published_date":"2024-10-03T22:00:00.000000Z","support":"Grand format","publisher_availability":1,"stock":0,"editions":[],"url":"https:\/\/quaidesbrumes.com\/ouvrage\/9781907804489\/double-exposure-african-american-women"},{"id":"9781911282235","title":"Double exposure : Pictures with purpose","description":"Pictures with Purpose, le septi\u00e8me volume de la s\u00e9rie Double Exposure, explore les images de la collection de photographies du XIXe et du d\u00e9but du XXe si\u00e8cle du NMAAHC, (Mus\u00e9e national de l'histoire et de la culture afro-am\u00e9ricaines), qui comprend des daguerr\u00e9otypes, des ambrotypes, des tintypes, des cartes de visite, des cartes de cabinet, des cyanotypes, des st\u00e9r\u00e9o-graphies et d'autres formes photographiques anciennes. L'ouvrage \u00e9tudie la mani\u00e8re dont les premi\u00e8res photographies d'Afro-Am\u00e9ricains et par des Afro-Am\u00e9ricains ont \u00e9t\u00e9 diffus\u00e9es et utilis\u00e9es, et examine leur signification pour le mod\u00e8le, pour le photographe et pour le propri\u00e9taire de la photographie. La mani\u00e8re dont les Afro-Am\u00e9ricains ont utilis\u00e9 la photographie pour fa\u00e7onner leur image au sein de leur communaut\u00e9 et au-del\u00e0 est particuli\u00e8rement importante. Pictures with Purpose pr\u00e9sente des images d'Afro-Am\u00e9ricains inconnus avant et apr\u00e8s l'\u00e9mancipation, notamment des enfants, des couples, des images de jeunes soldats afro-am\u00e9ricains en uniforme militaire de l'\u00e9poque de la guerre de S\u00e9cession, et des nourrices afro-am\u00e9ricaines avec leurs enfants blancs. On y trouve \u00e9galement des photographies d'Afro-Am\u00e9ricains renomm\u00e9s tels que Harriet Tubman, Frederick Douglass, Booker T. Washington et Mary Church Terrell. Parmi les photographes figurent J.P. Ball, Cornelius M. Battey, Matthew Brady, Frances B. Johnston et Augustus Washington. Double Exposure est une s\u00e9rie dynamique bas\u00e9e sur la remarquable collection de photographies du Earl W. and Amanda Stafford Center for African American Media Arts au Smithsonian National Museum of African American History and Culture.","authors":["Collectif"],"category_codes":["6000000","6070000","6070200","6070205"],"visuals":{"large":"https:\/\/images.epagine.fr\/235\/9781911282235_1_75.jpg","medium":"https:\/\/images.epagine.fr\/235\/9781911282235_1_m.jpg","thumbnail":"https:\/\/images.epagine.fr\/235\/9781911282235_1_v.jpg"},"orderable":true,"show_badge":true,"formatted_price":"24,00&nbsp;\u20ac","formatted_published_date":"4 octobre 2024","publisher_availability_label":"Sur commande","short_details":"Collectif \u2014 D Giles Limited","translator":null,"weight":501,"page_count":72,"readership":null,"editor":"D Giles Limited","price":2400,"published_date":"2024-10-03T22:00:00.000000Z","support":"Grand format","publisher_availability":1,"stock":0,"editions":[],"url":"https:\/\/quaidesbrumes.com\/ouvrage\/9781911282235\/double-exposure-pictures-with-purpose"},{"id":"9781907804465","title":"Double exposure : Through the african american lens","description":"Ce premier volume de la s\u00e9rie Double Exposure est une introduction \u00e0 la collection, r\u00e9v\u00e9lant les fa\u00e7ons dont les Afro-Am\u00e9ricains ont utilis\u00e9 l'activisme, la communaut\u00e9 et la culture pour lutter pour la justice sociale et cr\u00e9er une vie meilleure. Outre plus de 60 photographies, ce volume remarquable comprend un avant-propos du directeur fondateur Lonnie G. Bunch III, une introduction de la conservatrice Rhea L. Combs et un essai de la photographe et universitaire Deborah Willis. Parmi les photographes pr\u00e9sent\u00e9s figurent Spider Martin, Gordon Parks, Ernest C. Withers et Wayne F. Miller. Des images embl\u00e9matiques telles que Gordon under Medical Inspection (1863) de McPherson et Oliver rejoignent des images du mouvement des droits civiques, ainsi que des images peu connues ou r\u00e9cemment d\u00e9couvertes, notamment les photos d'apr\u00e8s-guerre de Henry Clay Anderson sur la vie quotidienne dans la communaut\u00e9 noire de Greenville, dans le Mississippi, o\u00f9 r\u00e9gnait la s\u00e9gr\u00e9gation. Des portraits au daguerr\u00e9otype d'avant la guerre civile aux tirages num\u00e9riques du XXIe si\u00e8cle, il s'agit d'un t\u00e9moignage puissant d'\u00e9v\u00e9nements historiques cl\u00e9s, de pierres de touche culturelles et de moments priv\u00e9s et collectifs de la vie afro-am\u00e9ricaine. Double Exposure est une s\u00e9rie dynamique bas\u00e9e sur la remarquable collection de photographies du Earl W. and Amanda Stafford Center for African American Media Arts au Smithsonian National Museum of African American History and Culture.","authors":["Rhea Combs","Deborah Willis"],"category_codes":["6000000","6070000","6070200","6070204"],"visuals":{"large":"https:\/\/images.epagine.fr\/465\/9781907804465_1_75.jpg","medium":"https:\/\/images.epagine.fr\/465\/9781907804465_1_m.jpg","thumbnail":"https:\/\/images.epagine.fr\/465\/9781907804465_1_v.jpg"},"orderable":true,"show_badge":true,"formatted_price":"24,00&nbsp;\u20ac","formatted_published_date":"4 octobre 2024","publisher_availability_label":"Sur commande","short_details":"Rhea Combs, Deborah Willis \u2014 D Giles Limited","translator":null,"weight":272,"page_count":80,"readership":null,"editor":"D Giles Limited","price":2400,"published_date":"2024-10-03T22:00:00.000000Z","support":"Grand format","publisher_availability":1,"stock":0,"editions":[],"url":"https:\/\/quaidesbrumes.com\/ouvrage\/9781907804465\/double-exposure-through-the-african-american-lens"},{"id":"9782822401210","title":"Canon EOS 5D Mark III","description":"Le Canon 5D Mark III est le rempla\u00e7ant du 5D Mark II qui  est rest\u00e9 longtemps un bo\u00eetier de r\u00e9f\u00e9rence et aussi le premier  bo\u00eetier utilis\u00e9 pour la vid\u00e9o professionnelle (des longs m\u00e9trages ont \u00e9t\u00e9 tourn\u00e9s avec le 5D Mark II). Destin\u00e9 \u00e0 un public pro ou amateur exigeant, ce bo\u00eetier polyvalent, au format \u00ab\u00a0Full Frame\u00a0\u00bb (le capteur est de la m\u00eame taille qu'une pellicule 24x36 argentique), est promis \u00e0 un aussi bel avenir que son pr\u00e9d\u00e9cesseur.\r\nCet ouvrage a pour ambition de vous rendre 100% autonome avec votre EOS 5D Mark III, ainsi qu'avec les boitiers pr\u00e9c\u00e9dents dont l'ergonomie est similaire. Maryl\u00e8ne Rannou a interview\u00e9 des professionnels aux activit\u00e9s photographiques toutes aussi diversifi\u00e9s qui utilisent ce type de bo\u00eetier tr\u00e8s polyvalent, afin d'offrir les astuces et sc\u00e9narios d'usages propres \u00e0 chaque sp\u00e9cialit\u00e9 pour tirer le meilleur de ce boitier destin\u00e9 \u00e0 \u00eatre une future r\u00e9f\u00e9rence des boitiers photo et vid\u00e9o. Un magnifique ouvrage \u00e0 offrir ou \u00e0 se faire offrir !\r","authors":["Arthur Azoulay"],"category_codes":["6000000","6070000","6070200"],"visuals":{"large":"https:\/\/images.epagine.fr\/210\/9782822401210_1_75.jpg","medium":"https:\/\/images.epagine.fr\/210\/9782822401210_1_m.jpg","thumbnail":"https:\/\/images.epagine.fr\/210\/9782822401210_1_v.jpg"},"orderable":true,"show_badge":true,"formatted_price":"30,00&nbsp;\u20ac","formatted_published_date":"24 octobre 2012","publisher_availability_label":"Sur commande","short_details":"Arthur Azoulay \u2014 MA","translator":null,"weight":857,"page_count":256,"readership":null,"editor":"MA","price":3000,"published_date":"2012-10-23T22:00:00.000000Z","support":"Grand format","publisher_availability":1,"stock":0,"editions":[],"url":"https:\/\/quaidesbrumes.com\/ouvrage\/9782822401210\/canon-eos-5d-mark-iii"},{"id":"9782322524181","title":"Presqu'\u00cele de Crozon, l'oc\u00e9an au bout de la terre","description":"Des balades \u00e0 pied sur plusieurs lieux magnifiques de la presqu'\u00cele de Crozon. Camaret-sur-Mer, charmant port de p\u00eache avec des galeries d'art, des restaurants de fruits de mer et la c\u00e9l\u00e8bre tour Vauban. La pointe du Toulinguet avec sa vue imprenable sur l'oc\u00e9an, lieu incontournable avec la pointe de Pen Hir, pour admirer le passage de la flottille de la Grande Parade Brest-Douarnenez. La plage sauvage et pr\u00e9serv\u00e9e de Pen Hat. Le Fret, petit village avec un port charmant, parfait pour une balade tranquille. L' \u00eele Vierge, plage paradisiaque, souvent consid\u00e9r\u00e9e comme l'une des plus belles de Bretagne. Le cap de la Ch\u00e8vre avec ses vues panoramiques et ses sentiers de randonn\u00e9e \u00e0 couper le souffle. Lostmarc'h, site arch\u00e9ologique avec des vestiges m\u00e9galithiques et une plage sauvage.\r\nWalking tour of some of the most beautiful spots on the Crozon peninsula. Camaret-sur-Mer, a charming fishing port with art galleries, seafood restaurants and the famous Vauban tower. The pointe du Toulinguet, with its uninterrupted view over the ocean, is a must-see along with the pointe de Pen Hir, to admire the flotilla of sailing boats taking part in the Grande Parade Brest-Douarnenez. The wild and unspoilt beach of Pen Hat. Le Fret, a small village with a charming harbour, perfect for a quiet stroll. L'\u00cele Vierge, a heavenly beach often considered on the most beautiful in Britanny. Cap de la Ch\u00e8vre, with its panoramic views and breathtaking hiking trails. Lostmarc'h, an archeological site with megalithic remains and a wild beach.","authors":["Jo\u00ebl Douillet"],"category_codes":["6000000","6070000","6070200"],"visuals":{"large":"https:\/\/images.epagine.fr\/181\/9782322524181_1_75.jpg","medium":"https:\/\/images.epagine.fr\/181\/9782322524181_1_m.jpg","thumbnail":"https:\/\/images.epagine.fr\/181\/9782322524181_1_v.jpg"},"orderable":true,"show_badge":true,"formatted_price":"29,99&nbsp;\u20ac","formatted_published_date":"24 septembre 2024","publisher_availability_label":"Sur commande","short_details":"Jo\u00ebl Douillet \u2014 Books on Demand","translator":null,"weight":271,"page_count":56,"readership":null,"editor":"Books on Demand","price":2999,"published_date":"2024-09-23T22:00:00.000000Z","support":"Grand format","publisher_availability":1,"stock":0,"editions":[],"url":"https:\/\/quaidesbrumes.com\/ouvrage\/9782322524181\/presquile-de-crozon-locean-au-bout-de-la-terre"},{"id":"9782351373705","title":"MORASSEIX \/ LE SOUFFLE - Damien Odoul","description":"Livre-dvd \/ Deux films de Damien Odoul\r\nDVD 1 : Morasseix [1992, 91 min.]\r\n\u00ab Morasseix \u00bb est un village perdu au fin fond de la campagne : cuites m\u00e9morables, bagarres g\u00e9n\u00e9rales, chasse \u00e0 la b\u00e9casse o\u00f9 l'on se confie \u00e0 demi-mot, match de rugby d\u00e9brid\u00e9 et corrida improvis\u00e9e avec un troupeau de vaches, C\u00e9sar s'amuse de tout, avec insouciance. Peut-\u00eatre un peu trop...\r\nBONUS\r\n- TOB (T\u00eate d'oeuf Bouilli) | Fiction, 1994, 13 min.\r\n- Le Temps des transhumances | documentaire, 2012, 25 min.\r\n\r\nDVD 2 : Le Souffle [2000, 77 min.]\r\nversion originale fran\u00e7aise et sous-titres anglais\r\nAu cours d'un apr\u00e8s-midi d'\u00e9t\u00e9 caniculaire, dans une ferme isol\u00e9e du Limousin, David, un gar\u00e7on de quinze ans, conna\u00eet sa premi\u00e8re cuite mais aussi l'exp\u00e9rience de la mort. Les d\u00e9lires dus \u00e0 l'alcool et la r\u00e9bellion envers la soci\u00e9t\u00e9 entra\u00eenent l'adolescent vers un acte extr\u00eame.\r\n\u00ab Voici un film qui d\u00e9tonne dans le paysage du cin\u00e9ma fran\u00e7ais de ce d\u00e9but de si\u00e8cle. Inutile de lui chercher un fr\u00e8re ou un cousin, il n'en a pas. Voici un film sans domicile fixe, et qui pourtant, pendant soixante-dix-sept minutes, ne cesse de creuser le sol a  la recherche de ses racines. \u00bb Andr\u00e9 S. Labarthe\r\nBONUS\r\n- La douce | fiction, 1988, 13 min.\r\n- \u00c0 l'ext\u00e9rieur de la f\u00e8ve | document, 2005, 5 min.\r\nLIVRE\r\n- \u00ab Les R\u00e9incarn\u00e9s de Morasseix \u00bb, texte d'\u00c9ric Chauvier\r\n- \u00ab Sur Le Souffle \u00bb, texte d'Antoine Lacomblez\r\n- \u00ab Le Souffle \u00bb, texte d'Andr\u00e9 S. Labarthe\r\n- Filmographie de Damien Odoul\r\n- Photographies de Damien Odoul","authors":["Eric Chauvier","Andr\u00e9 s. Labarthe","Antoine Lacomblez","Damien Odoul"],"category_codes":["6000000","6070000","6070300"],"visuals":{"large":"https:\/\/images.epagine.fr\/705\/9782351373705_1_75.jpg","medium":"https:\/\/images.epagine.fr\/705\/9782351373705_1_m.jpg","thumbnail":"https:\/\/images.epagine.fr\/705\/9782351373705_1_v.jpg"},"orderable":true,"show_badge":true,"formatted_price":"30,00&nbsp;\u20ac","formatted_published_date":"1er octobre 2024","publisher_availability_label":"Sur commande","short_details":"Eric Chauvier, Andr\u00e9 s. Labarthe, Antoine Lacomblez, Damien Odoul \u2014 EDITIONS DE L'OEIL","translator":null,"weight":350,"page_count":96,"readership":null,"editor":"EDITIONS DE L'OEIL","price":3000,"published_date":"2024-09-30T22:00:00.000000Z","support":"Grand format","publisher_availability":1,"stock":0,"editions":[],"url":"https:\/\/quaidesbrumes.com\/ouvrage\/9782351373705\/morasseix-le-souffle-damien-odoul"},{"id":"9782351373712","title":"ERRANCE \/ APR\u00c8S NOUS LE D\u00c9LUGE - Damien Odoul","description":"Livre-dvd \/ Deux films de Damien Odoul\r\nDVD 1 : Errance [2002, 95 min.]\r\nversion originale fran\u00e7aise et sous-titres anglais\r\nC'est l'histoire de Jacques et Lou, et leur course effr\u00e9n\u00e9e vers le bonheur qui se d\u00e9robe sans cesse. Ce n'est pourtant pas faute d'y croire, de se le promettre autant que d'en r\u00eaver. Mais entre le r\u00eave et le cauchemar, le couple se d\u00e9chire, comme s'il cherchait une v\u00e9rit\u00e9 au bout de leur mensonge, sous le regard de l'enfant solitaire.\r\n\u00ab Errance est un film qui ne cesse de dessiner entre lui et le spectateur un champ magn\u00e9tique tour \u00e0 tour attirant et r\u00e9vulsif, une zone de turbulence. Cela cr\u00e9pite \u00e0 chaque plan comme quelque chose d'impromptu, risqu\u00e9, casse-gueule, outrancier et fou. \u00bb Didier P\u00e9ron, Lib\u00e9ration\r\nBONUS\r\n- \"\u00e0 l'ouest de l'Orient\", fiction, 1990, 17 min.\r\n- \"Elegeia\", fiction, 1995, 6 min.\r\nDVD 2 : Apr\u00e8s nous le d\u00e9luge [2004, 81 min.]\r\nversion originale fran\u00e7aise et sous-titres anglais\r\nJean-Ren\u00e9, un vieil aristocrate, vit avec son jardinier dans un ch\u00e2teau d\u00e9labr\u00e9. Il apprend qu'il va bient\u00f4t mourir, et d\u00e9cide d'inviter une compagnie de th\u00e9\u00e2tre pour lui jouer un drame inspir\u00e9 du mythe de Dionysos, le temps d'une f\u00eate, car la coupe de Dionysos rend la vie et gu\u00e9rit de tous les maux. Pourtant, rien ne va se passer comme pr\u00e9vu.\r\nBONUS\r\n- \"Les Barbots\", fiction, 2003, 24 min.\r\n- \"Ma vie de ch\u00e2teau\", Vid\u00e9o d'art, 2005, 14 min.\r\nLIVRE\r\n- \u00ab Hors-je \u00bb entretien avec Damien Odoul\r\n- \u00ab Mama, et fin \u00bb, texte de Damien Odoul\r\n- \u00ab Apr\u00e8s nous le d\u00e9luge \u00bb, texte d'Olivier P\u00e8re\r\n- Filmographie de Damien Odoul\r\n- Photographies de Damien Odoul","authors":["Damien Odoul","Olivier P\u00e8re"],"category_codes":["6000000","6070000","6070300"],"visuals":{"large":"https:\/\/images.epagine.fr\/712\/9782351373712_1_75.jpg","medium":"https:\/\/images.epagine.fr\/712\/9782351373712_1_m.jpg","thumbnail":"https:\/\/images.epagine.fr\/712\/9782351373712_1_v.jpg"},"orderable":true,"show_badge":true,"formatted_price":"30,00&nbsp;\u20ac","formatted_published_date":"1er octobre 2024","publisher_availability_label":"Sur commande","short_details":"Damien Odoul, Olivier P\u00e8re \u2014 EDITIONS DE L'OEIL","translator":null,"weight":350,"page_count":96,"readership":null,"editor":"EDITIONS DE L'OEIL","price":3000,"published_date":"2024-09-30T22:00:00.000000Z","support":"Grand format","publisher_availability":1,"stock":0,"editions":[],"url":"https:\/\/quaidesbrumes.com\/ouvrage\/9782351373712\/errance-apres-nous-le-deluge-damien-odoul"},{"id":"9782351373729","title":"L'HISTOIRE DE RICHARD O. \/ LE RESTE DU MONDE - Damien Odoul","description":"Livre-dvd \/ Deux films de Damien Odoul\r\nDVD 1 : L'Histoire de Richard O. [2006, 75 min.]\r\nEn proie \u00e0 sa fascination pour les femmes, Richard O. explore les arcanes sinueuses du d\u00e9sir, \u00e0 travers Paris au mois d'ao\u00fbt et ses habitantes estivales.\r\n\u00ab Dans le cin\u00e9ma d'Odoul, on a la place de supposer, \u00e7a doit \u00eatre \u00e7a sa richesse de loup, que dans ses ann\u00e9es de solitude, de par le monde, la cam\u00e9ra, sans qu'il y pense, l'a peut-\u00eatre sauv\u00e9. Et c'est ce que fait Odoul, le lutteur lutin, il con\u00e7oit un dispositif d'un raffinement extr\u00eame pour faire vibrer l'art... brut. \u00bb Mathieu Amalric\r\nBONUS\r\n- \"Magik\", DIPTYQUE, 2000, 4 min.\r\n- \"Sans mond\"e, DIPTYQUE, 2000, 3 min.\r\nDVD 2 : Le Reste du monde [2011, 85 min.]\r\nversion originale fran\u00e7aise et sous-titres anglais\r\n\u00c8ve vit dans le sud. Une nuit, l'homme qu'elle aime se suicide. Peu de temps apr\u00e8s, elle se rend compte qu'elle est enceinte de lui. Avec ses soeurs, elles se retrouvent chez leur p\u00e8re \u00e0 l'occasion d'un d\u00eener o\u00f9 resurgit un secret de famille enfoui. L'a\u00een\u00e9e est persuad\u00e9e que son p\u00e8re n'est pas son vrai p\u00e8re. Elle d\u00e9cide de retrouver son g\u00e9niteur alors qu'\u00c8ve se demande si elle doit ou non garder l'enfant.\r\nBONUS\r\n- \"Anima\", exp\u00e9rimental , 2006, 2 min.\r\nLIVRE\r\n- \u00ab Si vous voyez ce que je veux dire \u00bb, texte de Jacques Cheneau\r\n- \u00ab Histoire d'un secret \u00bb, texte d'Aurore Renaut\r\n- Filmographie de Damien Odoul\r\n- Photographies de Damien Odoul","authors":["Jacques Cheneau","Damien Odoul","Aurore Renaut"],"category_codes":["6000000","6070000","6070300"],"visuals":{"large":"https:\/\/images.epagine.fr\/729\/9782351373729_1_75.jpg","medium":"https:\/\/images.epagine.fr\/729\/9782351373729_1_m.jpg","thumbnail":"https:\/\/images.epagine.fr\/729\/9782351373729_1_v.jpg"},"orderable":true,"show_badge":true,"formatted_price":"30,00&nbsp;\u20ac","formatted_published_date":"1er octobre 2024","publisher_availability_label":"Sur commande","short_details":"Jacques Cheneau, Damien Odoul, Aurore Renaut \u2014 EDITIONS DE L'OEIL","translator":null,"weight":350,"page_count":96,"readership":null,"editor":"EDITIONS DE L'OEIL","price":3000,"published_date":"2024-09-30T22:00:00.000000Z","support":"Grand format","publisher_availability":1,"stock":0,"editions":[],"url":"https:\/\/quaidesbrumes.com\/ouvrage\/9782351373729\/lhistoire-de-richard-o-le-reste-du-monde-damien-odoul"},{"id":"9782351373736","title":"LA RICHESSE DU LOUP \/ LA PEUR - Damien Odoul","description":"Livre-dvd \/ Deux films de Damien Odoul\r\nDVD 1 : La Richesse du loup [2012, 86 min.]\r\nversion originale fran\u00e7aise et sous-titres anglais\r\nOlaf a disparu. Il a seulement laiss\u00e9 \u00e0 Marie, sa compagne, une bo\u00eete de K7 contenant des rushes ainsi qu'un carnet de notes... Marie d\u00e9cide de visionner jour apr\u00e8s jour les images, fragments de vie, et de reconstituer le parcours de l'homme qu'elle aime afin de mieux comprendre son d\u00e9part.\r\nBONUS\r\n- \"Tch\u00e9coslovaquie 68\/89\", documentaire, 1989, 12 min.\r\n- \"R\u00e9miniscences\", exp\u00e9rimental, 2003, 4 min.\r\nDVD 2 : La Peur [2014, 93 min.]\r\nversion originale fran\u00e7aise et sous-titres anglais\r\nGabriel, un jeune conscrit, rejoint le front en 1914. Durant quatre ann\u00e9es, il vit l'enfer des tranch\u00e9es, et conna\u00eet la peur qui ravage tous les hommes. Sorti vivant de cette terrible exp\u00e9rience, pleine de sang et de fureur, il d\u00e9couvrira sa propre humanit\u00e9.\r\n\u00ab Damien Odoul filme l'horreur, visc\u00e9rale. Il esquisse sa propre fresque. La dimension mythologique et jamais documentaire \u00e9vite de faire de l'immersion un spectacle. Dans ce tableau effroyable, surgit, mieux qu'un acteur, une pr\u00e9sence : le jeune Nino Rocher, qui fait l\u00e0 sa premi\u00e8re apparition au cin\u00e9ma. Minet au d\u00e9but du film, son visage se couvre de stigmates, s'ab\u00eeme \u00e0 force de tant d'horreurs. Se d\u00e9ploie toute sa beaut\u00e9, comme une r\u00e9sistance au chaos total, une derni\u00e8re preuve d'humanit\u00e9. \u00bb Cl\u00e9ment Ghys, Lib\u00e9ration\r\nBONUS\r\n- \"La Folle Parade\", documentaire, 2009, 40 min.\r\n- \"La Maison des morts\", documentaire, 2008, 6 min.\r\nLIVRE\r\n- \u00ab La Richesse du loup, un film de Damien Odoul \u00bb, texte de Mathieu Amalric\r\n- \u00ab La Richesse du loup \u00bb, texte d'Olivier P\u00e8re\r\n- \u00ab La Richesse du loup \u00bb, texte de Jean-Pierre Rehm\r\n- \u00ab Les Fils errants \u00bb, texte de Pierre Commarmond\r\n- Filmographie de Damien Odoul\r\n- Photographies de Damien Odou","authors":["Mathieu Amalric","Pierre Commarmond","Damien Odoul","Olivier P\u00e8re","Jean-pierre Rehm"],"category_codes":["6000000","6070000","6070300"],"visuals":{"large":"https:\/\/images.epagine.fr\/736\/9782351373736_1_75.jpg","medium":"https:\/\/images.epagine.fr\/736\/9782351373736_1_m.jpg","thumbnail":"https:\/\/images.epagine.fr\/736\/9782351373736_1_v.jpg"},"orderable":true,"show_badge":true,"formatted_price":"30,00&nbsp;\u20ac","formatted_published_date":"1er octobre 2024","publisher_availability_label":"Sur commande","short_details":"Mathieu Amalric, Pierre Commarmond, Damien Odoul, Olivier P\u00e8re, Jean-pierre Rehm \u2014 EDITIONS DE L'OEIL","translator":null,"weight":350,"page_count":96,"readership":null,"editor":"EDITIONS DE L'OEIL","price":3000,"published_date":"2024-09-30T22:00:00.000000Z","support":"Grand format","publisher_availability":1,"stock":0,"editions":[],"url":"https:\/\/quaidesbrumes.com\/ouvrage\/9782351373736\/la-richesse-du-loup-la-peur-damien-odoul"},{"id":"9782351373743","title":"TH\u00c9O ET LES M\u00c9TAMORPHOSES - Damien Odoul","description":"Livre-dvd \/ Un film de Damien Odoul\r\nDVD : Th\u00e9o et les m\u00e9tamorphoses [2019, 96 min.]\r\nversion originale fran\u00e7aise et sous-titres anglais\r\nTh\u00e9o, un jeune trisomique, vit avec son p\u00e8re dans une maison isol\u00e9e au coeur d'une for\u00eat. Ils cohabitent en harmonie avec la nature et les animaux. Mais un jour le p\u00e8re s'absente, laissant son fils seul avec ses visions. Th\u00e9o commence alors son odyss\u00e9e dans laquelle il se r\u00e9invente, s'ouvre au monde, exp\u00e9rimente la libert\u00e9, et tente d'y d\u00e9couvrir la nature des choses tout comme la nature des \u00eatres.\r\n\u00ab Th\u00e9o et les m\u00e9tamorphoses est une oeuvre audacieuse et inattendue, qui nous entra\u00eene dans un tourbillon de folie, et bouleverse notre vision de la r\u00e9alit\u00e9 et du cin\u00e9ma. \u00bb Olga Tokarczuk, prix Nobel de litt\u00e9rature 2019\r\nBONUS\r\n- Kagami Toy, exp\u00e9rimenta, 2003, 1 min. 30 sec.\r\n- The Monk, art doc, 2003, 8 min.\r\nLIVRE\r\n- \u00ab Un espace commun \u00bb, texte d'Eva Markovits\r\n- \u00ab Les Courts d'O'doul \u00bb, texte de Bernard Payen\r\n- Filmographie de Damien Odoul\r\n- Photographies de Damien Odoul","authors":["Pierre Commarmond","Eva Markovits","Bernard Payen"],"category_codes":["6000000","6070000","6070300"],"visuals":{"large":"https:\/\/images.epagine.fr\/743\/9782351373743_1_75.jpg","medium":"https:\/\/images.epagine.fr\/743\/9782351373743_1_m.jpg","thumbnail":"https:\/\/images.epagine.fr\/743\/9782351373743_1_v.jpg"},"orderable":true,"show_badge":true,"formatted_price":"25,00&nbsp;\u20ac","formatted_published_date":"1er octobre 2024","publisher_availability_label":"Sur commande","short_details":"Pierre Commarmond, Eva Markovits, Bernard Payen \u2014 EDITIONS DE L'OEIL","translator":null,"weight":350,"page_count":96,"readership":null,"editor":"EDITIONS DE L'OEIL","price":2500,"published_date":"2024-09-30T22:00:00.000000Z","support":"Grand format","publisher_availability":1,"stock":0,"editions":[],"url":"https:\/\/quaidesbrumes.com\/ouvrage\/9782351373743\/theo-et-les-metamorphoses-damien-odoul"},{"id":"9782747218283","title":"L'audiovisuel de A \u00e0 Z ; d\u00e9couvrir les m\u00e9tiers de l'image","description":"Quoi de plus fascinant que le monde de l'audiovisuel ? Pour la plupart des Fran\u00e7ais, il semble familier : chacun conna\u00eet les \u00e9missions, leurs d\u00e9cors et leurs vedettes ; certains films sont devenus des mythes et font partie int\u00e9grante de notre civilisation. Aujourd'hui plus que jamais, l'audiovisuel aliment nos conversations et nos r\u00eaves. Pourtant, ces mondes de la t\u00e9l\u00e9vision et du cin\u00e9ma restent tr\u00e8s mal connus. Objets de fantasmes, de pr\u00e9jug\u00e9s et de rumeurs, le myst\u00e8re qu'ils conservent pour la plupart des spectateurs est \u00e0 la mesure de la fascination qu'ils inspirent. INTERET DU LIVRE : Cet ouvrage vous introduira dans les coulisses de l'audiovisuel. Vous y apprendrez de quelle mani\u00e8re sont faits les programmes que regardent des millions de Fran\u00e7ais ; les mille et une professions qui s'affairent dans cette formidable usine \u00e0 spectacle pour qu'une simple id\u00e9e devienne son et images ; les formations qui y pr\u00e9parent ; les diff\u00e9rentes technologies qui sont aujourd'hui utilis\u00e9es et celles, en constant d\u00e9veloppement, qui feront l'audiovisuel de demain... PUBLIC : Destin\u00e9 au citoyen d\u00e9sireux d'en savoir plus sur les coulisses de l'audiovisuel, cet ouvrage s'adresse \u00e9galement aux jeunes qui souhaiteraient y travailler un jour.\r","authors":["Bernard Chaussegros"],"category_codes":["6000000","6070000","6070300"],"visuals":{"large":"https:\/\/images.epagine.fr\/283\/9782747218283_1_75.jpg","medium":"https:\/\/images.epagine.fr\/283\/9782747218283_1_m.jpg","thumbnail":"https:\/\/images.epagine.fr\/283\/9782747218283_1_v.jpg"},"orderable":true,"show_badge":true,"formatted_price":"26,00&nbsp;\u20ac","formatted_published_date":"29 d\u00e9cembre 2011","publisher_availability_label":"Sur commande","short_details":"Bernard Chaussegros \u2014 Eska","translator":null,"weight":326,"page_count":null,"readership":null,"editor":"Eska","price":2600,"published_date":"2011-12-28T23:00:00.000000Z","support":"Grand format","publisher_availability":1,"stock":0,"editions":[],"url":"https:\/\/quaidesbrumes.com\/ouvrage\/9782747218283\/laudiovisuel-de-a-a-z-decouvrir-les-metiers-de-limage"},{"id":"9782336301815","title":"La r\u00e9gulation de la t\u00e9l\u00e9vision hertzienne dans les d\u00e9partements d'outre-mer","description":"Pendant longtemps, la t\u00e9l\u00e9vision publique dans les d\u00e9partements d'outre-mer s'est enferm\u00e9e dans un processus d'assimilation des ultramarins, dans un souci d'\u00e9galit\u00e9 avec la France hexagonale, sans pour autant consid\u00e9rer leurs identit\u00e9s. La concurrence des cha\u00eenes priv\u00e9es locales, au milieu des ann\u00e9es 90, va pousser la t\u00e9l\u00e9vision publique d'outre-mer \u00e0 s'int\u00e9resser davantage aux probl\u00e9matiques r\u00e9gionales, promouvant ainsi les identit\u00e9s ultramarines. Toutefois, l'\u00e9laboration de programmes locaux de qualit\u00e9 f\u00e9d\u00e9rant le plus grand nombre reste probl\u00e9matique.\r","authors":["Jim Lapin"],"category_codes":["6000000","6070000","6070300"],"visuals":{"large":"https:\/\/images.epagine.fr\/815\/9782336301815_1_75.jpg","medium":"https:\/\/images.epagine.fr\/815\/9782336301815_1_m.jpg","thumbnail":"https:\/\/images.epagine.fr\/815\/9782336301815_1_v.jpg"},"orderable":true,"show_badge":true,"formatted_price":"29,00&nbsp;\u20ac","formatted_published_date":"18 septembre 2013","publisher_availability_label":"Sur commande","short_details":"Jim Lapin \u2014 \u00c9ditions L'Harmattan","translator":null,"weight":395,"page_count":260,"readership":null,"editor":"\u00c9ditions L'Harmattan","price":2900,"published_date":"2013-09-17T22:00:00.000000Z","support":"Grand format","publisher_availability":1,"stock":0,"editions":[],"url":"https:\/\/quaidesbrumes.com\/ouvrage\/9782336301815\/la-regulation-de-la-television-hertzienne-dans-les-departements-doutre-mer"},{"id":"9782351373019","title":"Habiter","description":"\u00ab?On est arriv\u00e9s. On est \u00e0 la fois sur la voie et \u00e0 la maison. On ne sait plus tr\u00e8s bien si l'on est chez soi ou chez l'autre, si l'on accueille l'\u00e9tranger ou si c'est lui qui nous accueille. L'important est simplement de vivre ensemble le familier et l'\u00e9tranger, le chez-soi et l'ailleurs. On vagabonde et on habite, voyageur et s\u00e9dentaire. Au pli de l'errance et de l'habiter, on veille sur la bienveillance qui les accorde?\u00bb - Cyril Neyrat Le livre :\r\n- \u00ab Le d\u00e9tour, c'est le passage \u00bb texte de Cyril Neyrat.\r\n- oeuvres de Vincent Barr\u00e9 : croquis, vid\u00e9ogrammes, sculptures, herbier.\r\n- oeuvres de Pierre Creton : vid\u00e9ogrammes, collages, photographies, documents, dessins, monotypes, affiches.\r\n- oeuvres de Vincent Barr\u00e9 et Pierre Creton : correspondances, herbier, vid\u00e9ogrammes, montages photographiques...\r\n- Filmographies de Vincent Barr\u00e9 et Pierre Creton.\r\n\r\nLe DVD.\r\n\r\n5 films de Vincent Barr\u00e9 et Pierre Creton :\r\n- D\u00e9tour suivi de Jovan from Foula (2005, 30?min).\r\n- L'arc d'Iris, souvenir d'un jardin (2006, 30?min).\r\n- N'avons-nous pas toujours \u00e9t\u00e9 bienveillants?? Recueil compos\u00e9 de Papa, Maman, Perret et moi, un appartement pour t\u00e9moin (2009, 30?min), Le paysage pour t\u00e9moin, rencontre avec GeorgesArthur Goldschmidt (2009, 43?min), Aline C\u00e9zanne (2010, 20?min) et Deng Guo Yuan, in the garden (2010, 24?min).\r\n- Petit trait\u00e9 de la marche en plaine (2014, 26?min).\r\n- Simon at the crack of dawn (2016, 9?min).\r\n\r\n1 film de Vincent Barr\u00e9 :\r\n- M\u00e8tis.\r","authors":["Pierre Creton"],"category_codes":["6000000","6070000","6070300"],"visuals":{"large":"https:\/\/images.epagine.fr\/019\/9782351373019_1_75.jpg","medium":"https:\/\/images.epagine.fr\/019\/9782351373019_1_m.jpg","thumbnail":"https:\/\/images.epagine.fr\/019\/9782351373019_1_v.jpg"},"orderable":true,"show_badge":true,"formatted_price":"25,00&nbsp;\u20ac","formatted_published_date":"2 mars 2021","publisher_availability_label":"Sur commande","short_details":"Pierre Creton \u2014 EDITIONS DE L'OEIL","translator":null,"weight":300,"page_count":96,"readership":null,"editor":"EDITIONS DE L'OEIL","price":2500,"published_date":"2021-03-01T23:00:00.000000Z","support":"Livre + DVD","publisher_availability":1,"stock":0,"editions":[],"url":"https:\/\/quaidesbrumes.com\/ouvrage\/9782351373019\/habiter"},{"id":"9782747214537","title":"D\u00e9couvrir l'audiovisuel et ses m\u00e9tiers","description":"Quoi de plus fascinant que le monde l'audiovisuel ? Pour la plupart des\r\nFran\u00e7ais, il semble familier : chacun conna\u00eet les \u00e9missions, leurs d\u00e9cors et leurs\r\nvedettes ; certains films sont devenus des mythes et font partie int\u00e9grante de\r\nnotre civilisation. Aujourd'hui plus que jamais, l'audiovisuel alimente nos\r\nconversations et nos r\u00eaves.\r\nPourtant, ces mondes de la t\u00e9l\u00e9vision et du cin\u00e9ma restent finalement tr\u00e8s mal\r\nconnus. Objets de fantasmes, de pr\u00e9jug\u00e9s et de rumeurs, le myst\u00e8re qu'ils\r\nconservent pour la plupart des spectateurs est \u00e0 la mesure de la fascination qu'ils\r\ninspirent.\r\nCet ouvrage vous introduira dans les coulisses de l'audiovisuel. Vous y\r\napprendrez de quelle mani\u00e8re sont faits les programmes que regardent des\r\nmillions de Fran\u00e7ais ; les mille et une professions qui s'affairent dans cette\r\nformidable usine \u00e0 spectacle pour que la simple id\u00e9e devienne son et image ; les\r\nformations qui y pr\u00e9parent ; les diff\u00e9rentes technologies qui sont aujourd'hui\r\nutilis\u00e9es et qui sont en constant d\u00e9veloppement.\r\nDestin\u00e9 au citoyen d\u00e9sireux d'en savoir plus sur les coulisses de l'audiovisuel,\r\ncet ouvrage s'adresse \u00e9galement aux jeunes qui souhaiteraient y travailler un\r\njour.\r","authors":["Bernard Chaussegros"],"category_codes":["6000000","6070000","6070300"],"visuals":{"large":"https:\/\/images.epagine.fr\/537\/9782747214537_1_75.jpg","medium":"https:\/\/images.epagine.fr\/537\/9782747214537_1_m.jpg","thumbnail":"https:\/\/images.epagine.fr\/537\/9782747214537_1_v.jpg"},"orderable":true,"show_badge":true,"formatted_price":"23,00&nbsp;\u20ac","formatted_published_date":"25 octobre 2008","publisher_availability_label":"Sur commande","short_details":"Bernard Chaussegros \u2014 Eska","translator":null,"weight":501,"page_count":240,"readership":"Tout public","editor":"Eska","price":2300,"published_date":"2008-10-24T22:00:00.000000Z","support":"Grand format","publisher_availability":1,"stock":0,"editions":[],"url":"https:\/\/quaidesbrumes.com\/ouvrage\/9782747214537\/decouvrir-laudiovisuel-et-ses-metiers"},{"id":"9782822403290","title":"Conseils de pros pour r\u00e9ussir vos photos","description":"Aimeriez-vous qu'un professionnel de la photographie vous vienne en aide pour capter l'essence d'un instant, des couleurs uniques ou une \u00e9motion particuli\u00e8re ? Pour cr\u00e9er un cadre harmonieux, mettre en valeur un sujet et jouer avec les lumi\u00e8res ? Cet ouvrage est ce professionnel, et vous fournira des conseils pr\u00e9cis et concrets, sp\u00e9cifiquement adapt\u00e9s \u00e0 la situation dans laquelle vous vous trouvez.\r","authors":["Christian S\u00e4nger","Kyra S\u00e4nger"],"category_codes":["6000000","6070000","6070200"],"visuals":{"large":"https:\/\/images.epagine.fr\/290\/9782822403290_1_75.jpg","medium":"https:\/\/images.epagine.fr\/290\/9782822403290_1_m.jpg","thumbnail":"https:\/\/images.epagine.fr\/290\/9782822403290_1_v.jpg"},"orderable":true,"show_badge":true,"formatted_price":"29,90&nbsp;\u20ac","formatted_published_date":"25 juin 2014","publisher_availability_label":"Sur commande","short_details":"Christian S\u00e4nger, Kyra S\u00e4nger \u2014 MA","translator":null,"weight":1305,"page_count":456,"readership":null,"editor":"MA","price":2990,"published_date":"2014-06-24T22:00:00.000000Z","support":"Grand format","publisher_availability":1,"stock":0,"editions":[],"url":"https:\/\/quaidesbrumes.com\/ouvrage\/9782822403290\/conseils-de-pros-pour-reussir-vos-photos"},{"id":"9782822403795","title":"Le guide complet de la photographie num\u00e9rique (5e \u00e9dition)","description":"Des caract\u00e9ristiques techniques des appareils jusqu'\u00e0 la composition des photos et l'impression, le guide complet de la photographie num\u00e9rique d\u00e9voile non seulement les avantages et les pi\u00e8ges de la photographie num\u00e9rique mais vous fournit \u00e9galement tout le savoir-faire th\u00e9orique et pratique n\u00e9cessaire pour r\u00e9ussir vos photos. Des descriptions bas\u00e9es sur la pratique quotidienne, des critiques et des analyses vous r\u00e9v\u00e8lent pas \u00e0 pas comment obtenir \u00e0 tout moment les meilleurs r\u00e9sultats avec votre bo\u00eetier et vous font d\u00e9couvrir des trucs et astuces qui simplifient la vie du photographe.\r","authors":["Martin Zurm\u00fchle"],"category_codes":["6000000","6070000","6070200","6070208"],"visuals":{"large":"https:\/\/images.epagine.fr\/795\/9782822403795_1_75.jpg","medium":"https:\/\/images.epagine.fr\/795\/9782822403795_1_m.jpg","thumbnail":"https:\/\/images.epagine.fr\/795\/9782822403795_1_v.jpg"},"orderable":true,"show_badge":true,"formatted_price":"29,90&nbsp;\u20ac","formatted_published_date":"12 novembre 2015","publisher_availability_label":"Sur commande","short_details":"Martin Zurm\u00fchle \u2014 MA","translator":null,"weight":930,"page_count":444,"readership":null,"editor":"MA","price":2990,"published_date":"2015-11-11T23:00:00.000000Z","support":"Grand format","publisher_availability":1,"stock":0,"editions":[],"url":"https:\/\/quaidesbrumes.com\/ouvrage\/9782822403795\/le-guide-complet-de-la-photographie-numerique-5e-edition"},{"id":"9782822404181","title":"Mon carnet de voyage ; l'Am\u00e9rique du sud","description":"Un road trip appareil photo \u00e0 la main .\r","authors":["Paul-alexis Kebabtchieff"],"category_codes":["6000000","6070000","6070200","6070206"],"visuals":{"large":"https:\/\/images.epagine.fr\/181\/9782822404181_1_75.jpg","medium":"https:\/\/images.epagine.fr\/181\/9782822404181_1_m.jpg","thumbnail":"https:\/\/images.epagine.fr\/181\/9782822404181_1_v.jpg"},"orderable":true,"show_badge":true,"formatted_price":"30,00&nbsp;\u20ac","formatted_published_date":"27 janvier 2016","publisher_availability_label":"Sur commande","short_details":"Paul-alexis Kebabtchieff \u2014 MA","translator":null,"weight":834,"page_count":135,"readership":null,"editor":"MA","price":3000,"published_date":"2016-01-26T23:00:00.000000Z","support":"Grand format","publisher_availability":1,"stock":0,"editions":[],"url":"https:\/\/quaidesbrumes.com\/ouvrage\/9782822404181\/mon-carnet-de-voyage-lamerique-du-sud"}]}