{"data":[{"id":"9782823139266","title":"Regards crois\u00e9s","description":"Il y a autant de regards sur la vie qu'il y a d'individus. Dans Regards crois\u00e9s, c'est la confrontation de celui d'une photographe qui a v\u00e9cu la guerre des Balkans - et qui, telle Vivian Maier, vit de petits boulots pour nourrir son art - et de celui d'un homme qui \u00ab aurait voulu \u00eatre un artiste \u00bb et qui l'est devenu. Leurs th\u00e8mes sont autant philosophiques que po\u00e9tiques, dans les photos comme dans le texte. La place de l'importance du hasard, des choix, de la subjectivit\u00e9 est le fil rouge du livre. L'esth\u00e9tique le fil vert. Faire un pas de c\u00f4t\u00e9, s'\u00e9merveiller du quotidien, \u00eatre \u00e0 l'aff\u00fbt de l'extraordinaire. Ce livre porte une interrogation sur le sens et le non-sens de la vie. Accabl\u00e9s de malheurs et de peurs, nous avons tous besoin d'une respiration de lumi\u00e8re.\r\n\r\nRegards crois\u00e9s est un livre d'\u00e9mergences. Il y a dans la vie des points de bascule, des moments pr\u00e9cis o\u00f9 elle bifurque, o\u00f9 elle change de sens, o\u00f9 elle nous r\u00e9invente. Une rencontre, un hasard, une confrontation. L'art, de quelque nature qu'il soit, a ce don de donner \u00e0 la vie une dimension de contemplation,  car la cr\u00e9ation est le contraire de la consommation.  L'art est subjectif, \u00e9minemment r\u00e9v\u00e9lateur des mondes personnels. Ici, dans ce livre, de la confrontation de ceux de Mariposa Fa et de Michel Finsterwald \u00e9merge un nouveau monde o\u00f9 deux et deux font cinq.","authors":["Mariposa Fa","Michel Finsterwald"],"category_codes":["6000000","6070000","6070200"],"visuals":{"large":"https:\/\/images.epagine.fr\/266\/9782823139266_1_75.jpg","medium":"https:\/\/images.epagine.fr\/266\/9782823139266_1_m.jpg","thumbnail":"https:\/\/images.epagine.fr\/266\/9782823139266_1_v.jpg"},"orderable":true,"show_badge":true,"formatted_price":"23,00&nbsp;\u20ac","formatted_published_date":"18 septembre 2024","publisher_availability_label":"Sur commande","short_details":"Mariposa Fa, Michel Finsterwald \u2014 PERSEE","translator":null,"weight":250,"page_count":76,"readership":null,"editor":"PERSEE","price":2300,"published_date":"2024-09-17T22:00:00.000000Z","support":"Grand format","publisher_availability":1,"stock":0,"editions":[],"url":"https:\/\/quaidesbrumes.com\/ouvrage\/9782823139266\/regards-croises"},{"id":"9780316247757","title":"HOLD STILL - A MEMOIR WITH PHOTOGRAPHS","description":null,"authors":["Sally Mann"],"category_codes":["6000000","6070000","6070200"],"visuals":{"large":"https:\/\/images.epagine.fr\/757\/9780316247757_1_75.jpg","medium":"https:\/\/images.epagine.fr\/757\/9780316247757_1_m.jpg","thumbnail":"https:\/\/images.epagine.fr\/757\/9780316247757_1_v.jpg"},"orderable":true,"show_badge":true,"formatted_price":"25,00&nbsp;\u20ac","formatted_published_date":"24 avril 2016","publisher_availability_label":"Sur commande","short_details":"Sally Mann \u2014 Little Brown Us","translator":null,"weight":500,"page_count":null,"readership":null,"editor":"Little Brown Us","price":2500,"published_date":"2016-04-23T22:00:00.000000Z","support":"Grand format","publisher_availability":1,"stock":0,"editions":[],"url":"https:\/\/quaidesbrumes.com\/ouvrage\/9780316247757\/hold-still-a-memoir-with-photographs"},{"id":"9782377161140","title":"Cahiers du cin\u00e9ma n.813 : Octobre 2024","description":"Nous n'avons que le choix du noir \u00bb, \u00e9crivait Victor Hugo. En cette foisonnante rentr\u00e9e cin\u00e9ma dans les salles obscures, les Cahiers proposent \u00e0 leurs lecteurs et lectrices de plonger dans la nuit, autour de trois films importants et tr\u00e8s diff\u00e9rents qui brillent par leurs s\u00e9quences nocturnes : Anora de l'Am\u00e9ricain Sean Baker, Palme d'or 2024, mais aussi Mis\u00e9ricorde du Fran\u00e7ais Alain Guiraudie et All We Imagine as Light de l'Indienne Payal Kapadia. Des entretiens avec les cin\u00e9astes mais aussi avec deux importants chefs op\u00e9rateurs compl\u00e8tent les critiques de ces films taraudants. Plusieurs textes reviennent sur des s\u00e9quences de nuit marquantes du cin\u00e9ma contemporain et analysent ce qui est tout \u00e0 la fois un motif esth\u00e9tique (la beaut\u00e9 de l'ombre qui grignote la lumi\u00e8re, mati\u00e8re premi\u00e8re du cin\u00e9ma), un d\u00e9fi technique (l'image sous-expos\u00e9e), et un temps quasiment magique (ce qui se passe quand tout le monde dort).\r\n\r\n\u00c0 la vari\u00e9t\u00e9 des critiques des sorties et ressorties d'octobre ainsi que d'oeuvres de plateformes, de d\u00e9couvertes faites dans de nombreux festivals, d'hommages et de livres de cin\u00e9ma, s'ajoutent ce mois-ci un portfolio consacr\u00e9 aux 100 ans de la Columbia et une rubrique \u00ab R\u00e9pliques \u00bb consacr\u00e9e aux mises en sc\u00e8ne de soi des deux candidats \u00e0 la pr\u00e9sidence am\u00e9ricaine en lice, Donald Trump et Kamala Harris, dont le premier fait l'objet d'un biopic tragi-comique qui sort en salle \u00e0 point nomm\u00e9, The Apprentice.","authors":["Collectif"],"category_codes":["6000000","6070000","6070300","6070306"],"visuals":{"large":"https:\/\/images.epagine.fr\/140\/9782377161140_1_75.jpg","medium":"https:\/\/images.epagine.fr\/140\/9782377161140_1_m.jpg","thumbnail":"https:\/\/images.epagine.fr\/140\/9782377161140_1_v.jpg"},"orderable":true,"show_badge":true,"formatted_price":"7,90&nbsp;\u20ac","formatted_published_date":"3 octobre 2024","publisher_availability_label":"Sur commande","short_details":"Collectif \u2014 Revue Cahiers Du Cinema","translator":null,"weight":185,"page_count":100,"readership":null,"editor":"Revue Cahiers Du Cinema","price":790,"published_date":"2024-10-02T22:00:00.000000Z","support":"Revue","publisher_availability":1,"stock":0,"editions":[],"url":"https:\/\/quaidesbrumes.com\/ouvrage\/9782377161140\/cahiers-du-cinema-n813-octobre-2024"},{"id":"9782847362459","title":"Marlene Dietrich : les derniers secrets","description":"\u00abElle \u00e9tait toujours tr\u00e8s belle, avec une peau transparente, des yeux inoubliables, des belles mains et des jambes si longues pour une femme si petite, \u00e0 peine un m\u00e8tre soixante...\u00bb\r\nEn 1977, \u00e2g\u00e9e de soixante-seize ans, Marlene Dietrich demeure une star internationale. \u00c0 Berlin, Londres, New York, Paris, elle est acclam\u00e9e par tous. Lorsqu'elle entreprend la r\u00e9daction de ses M\u00e9moires, elle engage Norma Bosquet pour l'assister. De 1977 \u00e0 1992, date de la mort de l'actrice \u00e0 Paris, Norma fut sa secr\u00e9taire, son infirmi\u00e8re puis son amie.\r\nCe n'est pourtant pas dans ses M\u00e9moires que l'on trouve la vraie Marlene Dietrich, mais bel et bien dans les confidences de Norma Bosquet ici rassembl\u00e9es. Les rapports de Marlene avec ses amis, ses amants - parmi lesquels Jean Gabin, peut-\u00eatre son plus grand amour -, son caract\u00e8re difficile, voire insupportable, et ses rapports tendus avec sa fille ne sont point pass\u00e9s sous silence. Et Norma Bosquet se d\u00e9livre enfin du terrible secret qu'elle porte depuis la mort de Marlene.\r\n\r\nUn livre cl\u00e9 sur une des plus fascinantes personnalit\u00e9s du XXe si\u00e8cle, incarnation du mythe de la femme fatale.\r\n\r\nNorma Bosquet fut l'\u00e9pouse du grand \u00e9crivain Alain Bosquet, disparu en 1998. Pendant quinze ans (1977-1992), elle fut la plus proche collaboratrice de Marlene Dietrich.\r\nD\u00e9couvert par Alain Bosquet, Michel Rachline est l'auteur de plus de trente romans, essais et livres de po\u00e9sie. Il a accompagn\u00e9 Norma Bosquet dans l'\u00e9criture de ce livre.","authors":["Norma Bosquet","Michel Rachline"],"category_codes":["6000000","6070000","6070300","6070306"],"visuals":{"large":"https:\/\/images.epagine.fr\/459\/9782847362459_1_75.jpg","medium":"https:\/\/images.epagine.fr\/459\/9782847362459_1_m.jpg","thumbnail":"https:\/\/images.epagine.fr\/459\/9782847362459_1_v.jpg"},"orderable":true,"show_badge":true,"formatted_price":"17,20&nbsp;\u20ac","formatted_published_date":"29 novembre 2007","publisher_availability_label":"Sur commande","short_details":"Norma Bosquet, Michel Rachline \u2014 Nouveau Monde \u00c9ditions","translator":null,"weight":180,"page_count":125,"readership":null,"editor":"Nouveau Monde \u00c9ditions","price":1720,"published_date":"2007-11-28T23:00:00.000000Z","support":"Grand format","publisher_availability":1,"stock":0,"editions":[],"url":"https:\/\/quaidesbrumes.com\/ouvrage\/9782847362459\/marlene-dietrich-les-derniers-secrets"},{"id":"9788413604749","title":"Irati - filmaren artea = el arte de la pelicula","description":null,"authors":["Paul Urkijo"],"category_codes":["6000000","6070000","6070300"],"visuals":{"large":"https:\/\/quaidesbrumes.com\/img\/book-placeholder.png","medium":"https:\/\/quaidesbrumes.com\/img\/book-placeholder.png","thumbnail":"https:\/\/quaidesbrumes.com\/img\/book-placeholder.png"},"orderable":true,"show_badge":true,"formatted_price":"30,00&nbsp;\u20ac","formatted_published_date":"4 octobre 2024","publisher_availability_label":"Sur commande","short_details":"Paul Urkijo \u2014 Elkar","translator":null,"weight":601,"page_count":null,"readership":null,"editor":"Elkar","price":3000,"published_date":"2024-10-03T22:00:00.000000Z","support":"Grand format","publisher_availability":1,"stock":0,"editions":[],"url":"https:\/\/quaidesbrumes.com\/ouvrage\/9788413604749\/irati-filmaren-artea-el-arte-de-la-pelicula"},{"id":"9782959254710","title":"Voyages a nantes : Edition 2024","description":"Le Voyage \u00e0 Nantes est incontestablement la plus grande manifestation d'arts multidisciplinaires de France.\r\nChaque \u00e9dition apporte son lot de nouveaut\u00e9s et ce sont g\u00e9n\u00e9ralement plusieurs dizaines d'artistes, souvent de renomm\u00e9e internationale, qui participent ainsi chaque ann\u00e9e \u00e0 ce festival ; chacun venant y pr\u00e9senter une ou plusieurs de ses cr\u00e9ations r\u00e9centes.\r\nCe livre expose pr\u00e8s d'une centaine des plus belles installations (avec un nombre idoine de photographies) qui ont ainsi pu \u00eatre pr\u00e9sent\u00e9es au cours des 15 \u00e9ditions que compte \u00e0 pr\u00e9sent ce festival.","authors":["Roger Kustner"],"category_codes":["6000000","6070000","6070200"],"visuals":{"large":"https:\/\/images.epagine.fr\/710\/9782959254710_1_75.jpg","medium":"https:\/\/images.epagine.fr\/710\/9782959254710_1_m.jpg","thumbnail":"https:\/\/images.epagine.fr\/710\/9782959254710_1_v.jpg"},"orderable":true,"show_badge":true,"formatted_price":"43,00&nbsp;\u20ac","formatted_published_date":"15 septembre 2024","publisher_availability_label":"Sur commande","short_details":"Roger Kustner \u2014 Books on Demand","translator":null,"weight":775,"page_count":204,"readership":null,"editor":"Books on Demand","price":4300,"published_date":"2024-09-14T22:00:00.000000Z","support":"Grand format","publisher_availability":1,"stock":0,"editions":[],"url":"https:\/\/quaidesbrumes.com\/ouvrage\/9782959254710\/voyages-a-nantes-edition-2024"},{"id":"9782870034651","title":"Le vrai-faux journal de la RTBF ; Les r\u00e9alit\u00e9s de l'information","description":null,"authors":["Marc Lits"],"category_codes":["6000000","6070000","6070300"],"visuals":{"large":"https:\/\/images.epagine.fr\/651\/9782870034651_1_75.jpg","medium":"https:\/\/images.epagine.fr\/651\/9782870034651_1_m.jpg","thumbnail":"https:\/\/images.epagine.fr\/651\/9782870034651_1_v.jpg"},"orderable":true,"show_badge":true,"formatted_price":"19,77&nbsp;\u20ac","formatted_published_date":"1er mai 2008","publisher_availability_label":"Sur commande","short_details":"Marc Lits \u2014 Couleur Livres","translator":null,"weight":255,"page_count":176,"readership":null,"editor":"Couleur Livres","price":1977,"published_date":"2008-04-30T22:00:00.000000Z","support":"Grand format","publisher_availability":1,"stock":0,"editions":[],"url":"https:\/\/quaidesbrumes.com\/ouvrage\/9782870034651\/le-vrai-faux-journal-de-la-rtbf-les-realites-de-linformation"},{"id":"9782871434375","title":"Roland Juvyns : Seule la lumi\u00e8re peut chasser l'obscurit\u00e9","description":"Roland Juvyns photographie les villes. Leurs d\u00e9cors, de pierre, de verre ou d'acier, d'aujourd'hui ou d'hier, de Bruxelles \u00e0 Tokyo en passant par Milan ou Porto, o\u00f9 qu'ils soient, se r\u00e9v\u00e8lent par une lumi\u00e8re r\u00e9demptrice tout en beaut\u00e9 et myst\u00e8re. \r\nPar sa vision, l'atmosph\u00e8re \u00e9trange et troublante des images est sublim\u00e9e par le noir et blanc.","authors":["Roland Juvyns"],"category_codes":["6000000","6070000","6070200"],"visuals":{"large":"https:\/\/images.epagine.fr\/375\/9782871434375_1_75.jpg","medium":"https:\/\/images.epagine.fr\/375\/9782871434375_1_m.jpg","thumbnail":"https:\/\/images.epagine.fr\/375\/9782871434375_1_v.jpg"},"orderable":true,"show_badge":true,"formatted_price":"35,00&nbsp;\u20ac","formatted_published_date":"5 novembre 2024","publisher_availability_label":"Sur commande","short_details":"Roland Juvyns \u2014 Aam - Archives D'Architecture Moderne","translator":null,"weight":822,"page_count":144,"readership":"Tout public","editor":"Aam - Archives D'Architecture Moderne","price":3500,"published_date":"2024-11-04T23:00:00.000000Z","support":"Grand format","publisher_availability":1,"stock":0,"editions":[],"url":"https:\/\/quaidesbrumes.com\/ouvrage\/9782871434375\/roland-juvyns-seule-la-lumiere-peut-chasser-lobscurite"},{"id":"9782343052588","title":"Journalistes 2.0 ; usages et dilemmes des journalistes contemporains","description":"Le journalisme num\u00e9rique investit le terrain des r\u00e9seaux sociaux. Quelle attitude le journaliste doit-il y adopter ? Comment d\u00e9fendre la libert\u00e9 d'expression sur des r\u00e9seaux sous surveillance ? Voici une cartographie de ces r\u00e9seaux et des nouvelles pratiques qui en d\u00e9coulent : sourcing, storytelling, factcheking et crowdsourcing. Il permet de comprendre les m\u00e9canismes de l'information augment\u00e9e et du datajournalisme. Ce travail d\u00e9montre comment, en s'appropriant les m\u00e9dias sociaux, les journalistes participent \u00e0 leur d\u00e9sinterm\u00e9diation dans la nouvelle soci\u00e9t\u00e9 de l'information.","authors":["Linda Be diaf"],"category_codes":["6000000","6070000","6070300"],"visuals":{"large":"https:\/\/images.epagine.fr\/588\/9782343052588_1_75.jpg","medium":"https:\/\/images.epagine.fr\/588\/9782343052588_1_m.jpg","thumbnail":"https:\/\/images.epagine.fr\/588\/9782343052588_1_v.jpg"},"orderable":true,"show_badge":true,"formatted_price":"24,00&nbsp;\u20ac","formatted_published_date":"19 d\u00e9cembre 2014","publisher_availability_label":"Sur commande","short_details":"Linda Be diaf \u2014 \u00c9ditions L'Harmattan","translator":null,"weight":278,"page_count":224,"readership":null,"editor":"\u00c9ditions L'Harmattan","price":2400,"published_date":"2014-12-18T23:00:00.000000Z","support":"Grand format","publisher_availability":1,"stock":0,"editions":[],"url":"https:\/\/quaidesbrumes.com\/ouvrage\/9782343052588\/journalistes-20-usages-et-dilemmes-des-journalistes-contemporains"},{"id":"9782336005485","title":"M\u00e9dias : influence pouvoir et fiabilit\u00e9 ; \u00e0 quoi peut on se fier ?","description":"Comment comprendre et analyser les m\u00e9dias dans le contexte contemporain ? Il s'agit d'interroger les reproches typiques qui leur sont adress\u00e9s, de d\u00e9crypter et \u00e9valuer la fiabilit\u00e9 des contenus v\u00e9hicul\u00e9s. Il s'agit de questionner les rapports individuels et sociaux que les usagers entretiennent avec eux. Comment se positionner pour \u00e9laborer un jugement critique et nuanc\u00e9 \u00e0 leur \u00e9gard.","authors":["Julien Lecomte"],"category_codes":["6000000","6070000","6070300"],"visuals":{"large":"https:\/\/images.epagine.fr\/485\/9782336005485_1_75.jpg","medium":"https:\/\/images.epagine.fr\/485\/9782336005485_1_m.jpg","thumbnail":"https:\/\/images.epagine.fr\/485\/9782336005485_1_v.jpg"},"orderable":true,"show_badge":true,"formatted_price":"27,00&nbsp;\u20ac","formatted_published_date":"10 octobre 2012","publisher_availability_label":"Sur commande","short_details":"Julien Lecomte \u2014 \u00c9ditions L'Harmattan","translator":null,"weight":310,"page_count":256,"readership":null,"editor":"\u00c9ditions L'Harmattan","price":2700,"published_date":"2012-10-09T22:00:00.000000Z","support":"Grand format","publisher_availability":1,"stock":0,"editions":[],"url":"https:\/\/quaidesbrumes.com\/ouvrage\/9782336005485\/medias-influence-pouvoir-et-fiabilite-a-quoi-peut-on-se-fier"},{"id":"9782847128116","title":"Un monde paum\u00e9","description":"Paul Baringou a une longue carri\u00e8re de dessinateur de presse (Ouest-France, le Canard encha\u00een\u00e9, Le Monde, M\u00e9diapart...) \u00e0 l'humour vif et satirique, d\u00e9fenseur de la Paix et de notre plan\u00e8te.\r\nLe hasard a fait remonter \u00e0 la surface des dessins vieux de plus de 40 ans, sign\u00e9s Barou (son pseudo de l'\u00e9poque) dont le sens r\u00e9sonne encore \u00e9trangement \u00e0 notre \u00e9poque.\r\nD\u00e9j\u00e0 en 1980 : les guerres, la famine dans le Tiers-Monde, les dictateurs, les affaires politiques, la pollution...\r\nDes th\u00e8mes que l'on retrouve dans la deuxi\u00e8me partie de l'ouvrage et les fameux dessins de Baringou illustrant l'ann\u00e9e pass\u00e9e.","authors":["Paul Baringou"],"category_codes":["6000000","6070000","6070300","6070303"],"visuals":{"large":"https:\/\/images.epagine.fr\/116\/9782847128116_1_75.jpg","medium":"https:\/\/images.epagine.fr\/116\/9782847128116_1_m.jpg","thumbnail":"https:\/\/images.epagine.fr\/116\/9782847128116_1_v.jpg"},"orderable":true,"show_badge":true,"formatted_price":"15,00&nbsp;\u20ac","formatted_published_date":"3 octobre 2024","publisher_availability_label":"Sur commande","short_details":"Paul Baringou \u2014 Petit Pave","translator":null,"weight":124,"page_count":94,"readership":null,"editor":"Petit Pave","price":1500,"published_date":"2024-10-02T22:00:00.000000Z","support":"Grand format","publisher_availability":1,"stock":0,"editions":[],"url":"https:\/\/quaidesbrumes.com\/ouvrage\/9782847128116\/un-monde-paume"},{"id":"9782296969940","title":"Petite contribution \u00e0 l'histoire de la t\u00e9l\u00e9vision","description":"La \"t\u00e9l\u00e9vision\", un mot lanc\u00e9 \u00e0 Paris en 1900 devant les participants d'un congr\u00e8s d'\u00e9lectriciens, ne d\u00e9crivait encore qu'un projet sans essais. Depuis les ann\u00e9es trente, les progr\u00e8s incessants des techniques de diffusion et des strat\u00e9gies de communication ont servi les meilleures intentions et, parfois, les pires causes. L'auteur a recherch\u00e9 les sources les plus proches du d\u00e9veloppement de la transmission par les ondes que l'imaginaire litt\u00e9raire ou scientifique avait pressenti.","authors":["Jean-jacques Ledos"],"category_codes":["6000000","6070000","6070300"],"visuals":{"large":"https:\/\/images.epagine.fr\/940\/9782296969940_1_75.jpg","medium":"https:\/\/images.epagine.fr\/940\/9782296969940_1_m.jpg","thumbnail":"https:\/\/images.epagine.fr\/940\/9782296969940_1_v.jpg"},"orderable":true,"show_badge":true,"formatted_price":"21,50&nbsp;\u20ac","formatted_published_date":"20 avril 2012","publisher_availability_label":"Sur commande","short_details":"Jean-jacques Ledos \u2014 \u00c9ditions L'Harmattan","translator":null,"weight":255,"page_count":198,"readership":null,"editor":"\u00c9ditions L'Harmattan","price":2150,"published_date":"2012-04-19T22:00:00.000000Z","support":"Grand format","publisher_availability":1,"stock":0,"editions":[],"url":"https:\/\/quaidesbrumes.com\/ouvrage\/9782296969940\/petite-contribution-a-lhistoire-de-la-television"},{"id":"9782296969988","title":"Petite contribution \u00e0 l'histoire de la radio","description":"Les techniques et l'usage universel que les ondes ont engendr\u00e9s sont un ph\u00e9nom\u00e8ne majeur du vingti\u00e8me si\u00e8cle. La radio \u00e9tait pr\u00e9sent\u00e9e par les pionniers comme un moyen d' \"informer, d'\u00e9duquer et de distraire\" offert au plus grand nombre. L\u00e9nine la pressentait comme un \"journal qui ne conna\u00eet pas de fronti\u00e8re\". Les pouvoirs ne se priveront pas de l'entretenir. L'auteur a retrouv\u00e9 des sources m\u00e9connues qui \u00e9clairent certains aspects d'un m\u00e9dia que la transmission quasi-instantan\u00e9e de la Toile menace.","authors":["Jean-jacques Ledos"],"category_codes":["6000000","6070000","6070300"],"visuals":{"large":"https:\/\/images.epagine.fr\/988\/9782296969988_1_75.jpg","medium":"https:\/\/images.epagine.fr\/988\/9782296969988_1_m.jpg","thumbnail":"https:\/\/images.epagine.fr\/988\/9782296969988_1_v.jpg"},"orderable":true,"show_badge":true,"formatted_price":"25,00&nbsp;\u20ac","formatted_published_date":"20 avril 2012","publisher_availability_label":"Sur commande","short_details":"Jean-jacques Ledos \u2014 \u00c9ditions L'Harmattan","translator":null,"weight":300,"page_count":230,"readership":null,"editor":"\u00c9ditions L'Harmattan","price":2500,"published_date":"2012-04-19T22:00:00.000000Z","support":"Grand format","publisher_availability":1,"stock":0,"editions":[],"url":"https:\/\/quaidesbrumes.com\/ouvrage\/9782296969988\/petite-contribution-a-lhistoire-de-la-radio"},{"id":"9782296126572","title":"Communiquer, un d\u00e9fi fran\u00e7ais ; de l'illusion du tout com' \u00e0 la communication r\u00e9elle","description":"Des premi\u00e8res heures d'Europe N\u00b01 au tout-com' d'aujourd'hui, qu'en est-il de la communication en France ? Est-elle un fondement de la d\u00e9mocratie ? Faire de la communication, est-ce communiquer ? La d\u00e9fiance des fran\u00e7ais vis-\u00e0-vis de tous les pouvoirs est \u00e9gale \u00e0 l'hyper-puissance de la communication. Alors ces questions, et celle des connivences, doivent \u00eatre pos\u00e9es pour rompre les illusions d'une communication d\u00e9voy\u00e9e qui peuvent conduire la d\u00e9mocratie fran\u00e7aise au bord du gouffre.","authors":["Bernard Ollagnier"],"category_codes":["6000000","6070000","6070300"],"visuals":{"large":"https:\/\/images.epagine.fr\/572\/9782296126572_1_75.jpg","medium":"https:\/\/images.epagine.fr\/572\/9782296126572_1_m.jpg","thumbnail":"https:\/\/images.epagine.fr\/572\/9782296126572_1_v.jpg"},"orderable":true,"show_badge":true,"formatted_price":"15,50&nbsp;\u20ac","formatted_published_date":"3 septembre 2010","publisher_availability_label":"Sur commande","short_details":"Bernard Ollagnier \u2014 \u00c9ditions L'Harmattan","translator":null,"weight":200,"page_count":152,"readership":null,"editor":"\u00c9ditions L'Harmattan","price":1550,"published_date":"2010-09-02T22:00:00.000000Z","support":"Grand format","publisher_availability":1,"stock":0,"editions":[],"url":"https:\/\/quaidesbrumes.com\/ouvrage\/9782296126572\/communiquer-un-defi-francais-de-lillusion-du-tout-com-a-la-communication-reelle"},{"id":"9782322100705","title":"Le peuple des rouilles","description":"Le peuple des rouilles\r\ncomposition insolite, r\u00e9unissant des objets ou mati\u00e8res, au dehors des regards actuels et qui servirent pour la plupart, jadis au quotidien. \r\n\r\nLa rouille me direz vous, pourquoi ce choix ? L'\u00e9rosion qui est le processus de d\u00e9gradation et de transformation du relief, caus\u00e9e par diff\u00e9rents agents externes (temp\u00e9ratures, eau de mer ou de pluie,acidit\u00e9) donne une nouvelle vie \u00e0 ces objets laiss\u00e9s \u00e0 l'abandon et leurs redonne couleurs et formes nouvelles. Clous rouill\u00e9s, vieilles plaques de m\u00e9tal, portails \u00e0 l'abandon, vieux tuyaux, carrosseries d\u00e9chiquet\u00e9es.....\r\nConnaissez vous la \"par\u00e9idolie\" ? C'est une images qui vous am\u00e9ne \u00e0 voir tout autre chose et vous fait d\u00e9couvrir un autre monde. Vous imaginez des formes ressemblant \u00e0 des animaux, figures humaines, objet.....et donnant \u00e0 cette photographie une tout autre photographie.\r\nCe livre est avant tout une composition insolite, moderne et originale, r\u00e9unissant des objets ou mati\u00e9res, au dehors des regards actuels et qui servirent pour la plupart, jadis au quotidien. Quelque soit le \"mod\u00e9le\" vous d\u00e9couvrirez ou red\u00e9couvrirez un nouveau style.","authors":["Dominique Leroy"],"category_codes":["6000000","6070000","6070200"],"visuals":{"large":"https:\/\/images.epagine.fr\/705\/9782322100705_1_75.jpg","medium":"https:\/\/images.epagine.fr\/705\/9782322100705_1_m.jpg","thumbnail":"https:\/\/images.epagine.fr\/705\/9782322100705_1_v.jpg"},"orderable":true,"show_badge":true,"formatted_price":"35,00&nbsp;\u20ac","formatted_published_date":"7 d\u00e9cembre 2017","publisher_availability_label":"Sur commande","short_details":"Dominique Leroy \u2014 Books on Demand","translator":null,"weight":590,"page_count":152,"readership":null,"editor":"Books on Demand","price":3500,"published_date":"2017-12-06T23:00:00.000000Z","support":"Grand format","publisher_availability":1,"stock":0,"editions":[],"url":"https:\/\/quaidesbrumes.com\/ouvrage\/9782322100705\/le-peuple-des-rouilles"},{"id":"9782322551309","title":"Saint-Jean-le-Thomas : l\u00e0 o\u00f9 commence la mer : Saint-Jean-le-Thomas : where the sea begins (Normandy, Manche, France)","description":"Quand j'\u00e9tais enfant, la sortie estivale avec les parents, consistait vers la mi-septembre, \u00e0 se rendre l\u00e0 o\u00f9 la mer est la plus proche, c'est-\u00e0-dire \u00e0 Saint-Jean-le-Thomas. Village situ\u00e9 en bordure de la baie du Mont-Saint-Michel, village au bout de la mer pour les navigateurs ou au bout de la terre pour nous les campagnards ! Nous arrivions \u00e0 la grande cale, la mer \u00e9tait partie loin, on la distinguait \u00e0 peine, la partie de plaisir consistait \u00e0 ramasser des coques, \u00e0 l'\u00e9poque, d\u00e9but des ann\u00e9es 60, il n'\u00e9tait pas besoin d'aller tr\u00e8s loin pour en trouver des belles. \r\n\u00c0 un \u00e2ge plus avanc\u00e9, la partie de plaisir \u00e0 Saint-Jean-le-Thomas, consiste toujours \u00e0 terminer sa course, toujours au niveau de la grande cale, quand la mar\u00e9e est haute, quelle que soit la m\u00e9t\u00e9o, afin d'appr\u00e9cier l'immensit\u00e9 de la baie, les diff\u00e9rentes teintes de la mer en fonction de la luminosit\u00e9 et de prendre une bonne dose d'iode. Et bien entendu, de s'y rendre \u00e0 mar\u00e9e descendante, de mani\u00e8re \u00e0 effectuer une balade \u00e0 pied sur l'estran, le long de la falaise, de se diriger vers Sol-Roc, et de rejoindre le sentier de randonn\u00e9e, pour terminer une fois de plus, \u00e0 la grande cale, qui est \u00e0 la fois le bout de la terre et le commencement de la mer, un espace illumin\u00e9 par des souvenirs d'enfance. JD\r\nA walk by the sea in Saint-Jean-le-Thomas, a village on the edge of the bay of Mont-Saint-Michel, between Carolles ans G\u00e9n\u00eats in La Manche (Normandy, France).","authors":["Jo\u00ebl Douillet"],"category_codes":["6000000","6070000","6070200"],"visuals":{"large":"https:\/\/images.epagine.fr\/309\/9782322551309_1_75.jpg","medium":"https:\/\/images.epagine.fr\/309\/9782322551309_1_m.jpg","thumbnail":"https:\/\/images.epagine.fr\/309\/9782322551309_1_v.jpg"},"orderable":true,"show_badge":true,"formatted_price":"25,99&nbsp;\u20ac","formatted_published_date":"9 octobre 2024","publisher_availability_label":"Sur commande","short_details":"Jo\u00ebl Douillet \u2014 Books on Demand","translator":null,"weight":218,"page_count":44,"readership":null,"editor":"Books on Demand","price":2599,"published_date":"2024-10-08T22:00:00.000000Z","support":"Grand format","publisher_availability":1,"stock":0,"editions":[],"url":"https:\/\/quaidesbrumes.com\/ouvrage\/9782322551309\/saint-jean-le-thomas-la-ou-commence-la-mer-saint-jean-le-thomas-where-the-sea-begins-normandy-manche-france"},{"id":"9781916041233","title":"To be determined - photography and the future","description":null,"authors":["Wooldridge Duncan"],"category_codes":["6000000","6070000","6070200","6070204"],"visuals":{"large":"https:\/\/quaidesbrumes.com\/img\/book-placeholder.png","medium":"https:\/\/quaidesbrumes.com\/img\/book-placeholder.png","thumbnail":"https:\/\/quaidesbrumes.com\/img\/book-placeholder.png"},"orderable":true,"show_badge":true,"formatted_price":"15,00&nbsp;\u20ac","formatted_published_date":"3 septembre 2021","publisher_availability_label":"Sur commande","short_details":"Wooldridge Duncan \u2014 Mack Books","translator":null,"weight":401,"page_count":null,"readership":null,"editor":"Mack Books","price":1500,"published_date":"2021-09-02T22:00:00.000000Z","support":"Grand format","publisher_availability":1,"stock":0,"editions":[],"url":"https:\/\/quaidesbrumes.com\/ouvrage\/9781916041233\/to-be-determined-photography-and-the-future"},{"id":"9781916041257","title":"Image text music","description":null,"authors":["Taylor Catherine"],"category_codes":["6000000","6070000","6070200","6070204"],"visuals":{"large":"https:\/\/quaidesbrumes.com\/img\/book-placeholder.png","medium":"https:\/\/quaidesbrumes.com\/img\/book-placeholder.png","thumbnail":"https:\/\/quaidesbrumes.com\/img\/book-placeholder.png"},"orderable":true,"show_badge":true,"formatted_price":"15,00&nbsp;\u20ac","formatted_published_date":"8 juin 2022","publisher_availability_label":"Sur commande","short_details":"Taylor Catherine \u2014 Mack Books","translator":null,"weight":401,"page_count":null,"readership":null,"editor":"Mack Books","price":1500,"published_date":"2022-06-07T22:00:00.000000Z","support":"Grand format","publisher_availability":1,"stock":0,"editions":[],"url":"https:\/\/quaidesbrumes.com\/ouvrage\/9781916041257\/image-text-music"},{"id":"9782862276908","title":"JR 28 mm","description":"Retour sur le parcours de l'artiste JR \u00e0 travers trois projets  embl\u00e9matiques: une mise en abyme pour Portrait d'une  g\u00e9n\u00e9ration, une mise en parall\u00e8le avec Face2Face, une mise \u00e0  l'honneur avec Women Are Heroes.\r\nSi le m\u00e9dium et son  utilisation restent les m\u00eames, d'immenses portraits pris au 28  mm coll\u00e9s sur les murs, la d\u00e9marche est diff\u00e9rente comme  l'explique JR: \"Alors que pour Portrait d'une g\u00e9n\u00e9ration, nous  voulions questionner la repr\u00e9sentation des jeunes des  banlieues, pour Face2Face notre ambition \u00e9tait de cr\u00e9er une  rencontre entre Isra\u00e9liens et Palestiniens et de leur laisser le  soin de d\u00e9finir le contenu de l'\u00e9change.\r\nJe suis all\u00e9 plus loin  dans Women Are Heroes car m\u00eame les choix artistiques  s'inspiraient des r\u00e9cits des femmes. Plus mes projets  voyageaient vers des lieux dont les mus\u00e9es \u00e9taient absents, o\u00f9  l'art n'avait pas de d\u00e9finition, plus c'\u00e9taient les communaut\u00e9s  locales qui se chargeaient de leur donner un sens.\"Art  engageant, infiltrant, participatif, \u00e9ph\u00e9m\u00e8re... Au-del\u00e0 de tous  les qualificatifs, JR invite \u00e0 une r\u00e9flexion en mettant en avant  des h\u00e9ros anonymes, offrant ainsi au regard les visages d'une  humanit\u00e9 multiple et unique.","authors":["JR","Marco"],"category_codes":["6000000","6070000","6070200"],"visuals":{"large":"https:\/\/images.epagine.fr\/908\/9782862276908_1_75.jpg","medium":"https:\/\/images.epagine.fr\/908\/9782862276908_1_m.jpg","thumbnail":"https:\/\/images.epagine.fr\/908\/9782862276908_1_v.jpg"},"orderable":true,"show_badge":true,"formatted_price":"30,50&nbsp;\u20ac","formatted_published_date":"1er d\u00e9cembre 2011","publisher_availability_label":"Sur commande","short_details":"JR, Marco \u2014 \u00c9ditions Alternatives","translator":null,"weight":1789,"page_count":240,"readership":null,"editor":"\u00c9ditions Alternatives","price":3050,"published_date":"2011-11-30T23:00:00.000000Z","support":"Grand format","publisher_availability":1,"stock":0,"editions":[],"url":"https:\/\/quaidesbrumes.com\/ouvrage\/9782862276908\/jr-28-mm"},{"id":"9782322532940","title":"La mutagraphie ... Une odyss\u00e9e onirique : Les \u00e9pices d'Aurora","description":"Cet ouvrage est un roman d'art visuel & portfolio, c'est une oeuvre unique qui fusionne la narration captivante d'un roman avec la richesse visuelle d'un livre d'art et la pr\u00e9sentation soign\u00e9e d'un portfolio. \u00c0 travers une histoire immersive, ce livre vous invite \u00e0 d\u00e9couvrir les oeuvres picturales de l'artiste, chaque illustration venant enrichir le r\u00e9cit et donner vie aux personnages et aux sc\u00e8nes d\u00e9crites. Ce format innovant permet non seulement d'appr\u00e9cier l'art sous un nouvel angle, mais aussi de plonger dans l'univers cr\u00e9atif de l'artiste.\r\nDe page en page, nous voyageons captiv\u00e9s, p\u00e9riple \u00e9motionnel myst\u00e9rieux, sensuel, audacieux, po\u00e9tique, \u00e9sot\u00e9rique.\r\n\u00ab L'oeuvre d'art na\u00eet du renoncement de l'intelligence \u00e0 raisonner le concret. \u00bb - Albert Camus, Le mythe de Sisyphe, la cr\u00e9ation absurde.\r\nCette citation convient \u00e0 merveille \u00e0 ce concept artistique. Avec ces cr\u00e9ations photographiques, il laisse \u00e0 l'imagination fougueuse de chacun, le soin de revisiter \u00e0 sa guise ses propres interpr\u00e9tations.\r\nNous voguons, nous vagabondons, nous baguenaudons, nous nous \u00e9garons, \u00e0 la fois enthousiastes et m\u00e9ditatifs, dans la pl\u00e9nitude de riches contr\u00e9es exotiques, fantasmagoriques, interplan\u00e9taires, dans des aires marines \u00e9nigmatiques, insondables, nous rencontrons des personnages fabuleux, nous nous confrontons \u00e0 des chim\u00e8res mythiques. Nous r\u00eavons, nous refaisons le monde en lui donnant un suppl\u00e9ment d'\u00e2me, car \u00ab l'art n'est jamais une r\u00e9jouissance solitaire. Il est un moyen d'\u00e9mouvoir le plus grand nombre d'hommes  [...] \u00bb (Albert Camus, Discours de Su\u00e8de) .\r\nSynopsis\r\n-----------\r\nDans l'exoplan\u00e8te Artisia, o\u00f9 l'art est la plus haute expression de l'amour, un couple form\u00e9 par Dehcar et Aurora, uni par la cr\u00e9ativit\u00e9, est sur le point de donner naissance \u00e0 leur chef-doeuvre : un roman d'aventures imaginaires engendr\u00e9 par leur passion ardente, offert au cosmos. Ce r\u00e9cit, tiss\u00e9 des fils de leur talentueuse et f\u00e9conde liaison a vocation \u00e0 traverser lunivers, pour toucher les coeurs et les esprits de tous ceux qui auront la chance de le d\u00e9couvrir.\r\nCest \u00e0 loccasion du quaranti\u00e8me anniversaire de leur amour transcendant que Dehcar se voit confier par Aurora une mission dimportance : trouver des \u00e9pices et ar\u00f4mes rares pour ses sublimes cr\u00e9ations p\u00e2tissi\u00e8res. Cette qu\u00eate va conduire Dehcar dans des aventures extravagantes qui le m\u00e8neront \u00e0 travers des mondes inexplor\u00e9s et des civilisations fascinantes. Il y d\u00e9fiera les limites de son art photographique, celui de la Mutagraphie.","authors":["Rach\u00e8d Zarra\u00ef Miladi"],"category_codes":["6000000","6070000","6070200"],"visuals":{"large":"https:\/\/images.epagine.fr\/940\/9782322532940_1_75.jpg","medium":"https:\/\/images.epagine.fr\/940\/9782322532940_1_m.jpg","thumbnail":"https:\/\/images.epagine.fr\/940\/9782322532940_1_v.jpg"},"orderable":true,"show_badge":true,"formatted_price":"25,00&nbsp;\u20ac","formatted_published_date":"20 octobre 2024","publisher_availability_label":"Sur commande","short_details":"Rach\u00e8d Zarra\u00ef Miladi \u2014 Books on Demand","translator":null,"weight":427,"page_count":130,"readership":null,"editor":"Books on Demand","price":2500,"published_date":"2024-10-19T22:00:00.000000Z","support":"Grand format","publisher_availability":1,"stock":0,"editions":[],"url":"https:\/\/quaidesbrumes.com\/ouvrage\/9782322532940\/la-mutagraphie-une-odyssee-onirique-les-epices-daurora"},{"id":"9781326803094","title":"Guide des sc\u00e8nes de nu dans le cin\u00e9ma fran\u00e7ais","description":"En plus de recenser toutes les sc\u00e8nes de nu du cin\u00e9ma fran\u00e7ais et qui concernent des actrices tr\u00e8s connues, ce guide donne une vision originale de l'\u00e9rotisme au cin\u00e9ma...","authors":["Francois Duluc"],"category_codes":["6000000","6070000","6070300","6070304"],"visuals":{"large":"https:\/\/images.epagine.fr\/094\/9781326803094_1_75.jpg","medium":"https:\/\/images.epagine.fr\/094\/9781326803094_1_m.jpg","thumbnail":"https:\/\/images.epagine.fr\/094\/9781326803094_1_v.jpg"},"orderable":true,"show_badge":true,"formatted_price":"13,50&nbsp;\u20ac","formatted_published_date":"10 octobre 2016","publisher_availability_label":"Sur commande","short_details":"Francois Duluc \u2014 LULU","translator":null,"weight":256,"page_count":208,"readership":null,"editor":"LULU","price":1350,"published_date":"2016-10-09T22:00:00.000000Z","support":"Grand format","publisher_availability":1,"stock":0,"editions":[],"url":"https:\/\/quaidesbrumes.com\/ouvrage\/9781326803094\/guide-des-scenes-de-nu-dans-le-cinema-francais"},{"id":"9782352100768","title":"\u00c9critures de lumi\u00e8re","description":"Lucien Clergue est un conteur qui utilise la photographie comme un \u00e9crivain le fait de sa plume. Il fait de larges pleins et de longs d\u00e9li\u00e9s autour de l'objet de sa convoitise.\r\nLes oeuvres de Lucien Clergue sont de v\u00e9ritables m\u00e9taphores parfois empreintes de contradictions car comment savoir, d\u00e9sormais, dans ses nus z\u00e9br\u00e9s s'il photographie l'ombre, la lumi\u00e8re ou la fragile magnificence de ses r\u00eaves de po\u00e8te.\r\nJF Dreuilhe Calligraphie, po\u00e8me, peinture...\t\t\t\t\tLa magie du clair obscur \t\t\t\t\t\tdes photographies de Clergue,\t\t\t\t nous entra\u00eenent par-del\u00e0 les ombres\t\t\t\t laissant pr\u00e9sager d'infinis voyages\t\t\t\t L. Melis                                                \t\t\t Ouvrage r\u00e9alis\u00e9 pour l' exposition Ecritures de lumi\u00e8re de Lucien Clergue au mus\u00e9e Jean Cocteau collection S\u00e9verin Wunderman de Menton - France,  du 3 f\u00e9vrier au 9 septembre 2013","authors":["Lucien Clergue"],"category_codes":["6000000","6070000","6070200"],"visuals":{"large":"https:\/\/images.epagine.fr\/768\/9782352100768_1_75.jpg","medium":"https:\/\/images.epagine.fr\/768\/9782352100768_1_m.jpg","thumbnail":"https:\/\/images.epagine.fr\/768\/9782352100768_1_v.jpg"},"orderable":true,"show_badge":true,"formatted_price":"23,00&nbsp;\u20ac","formatted_published_date":"15 mai 2013","publisher_availability_label":"Sur commande","short_details":"Lucien Clergue \u2014 Melis","translator":null,"weight":350,"page_count":48,"readership":null,"editor":"Melis","price":2300,"published_date":"2013-05-14T22:00:00.000000Z","support":"Grand format","publisher_availability":1,"stock":0,"editions":[],"url":"https:\/\/quaidesbrumes.com\/ouvrage\/9782352100768\/ecritures-de-lumiere"},{"id":"9782343028910","title":"L'ordre public photographique ; photographie, propriet\u00e9s et libert\u00e9s","description":"Entre 2001 et 2012 on est pass\u00e9 de 84 \u00e0 850 milliards de photographies produites dans le monde : les questions juridiques sur le sujet sont plus nombreuses et ardues que jamais. Beaucoup se rapportent \u00e0 des enjeux de propri\u00e9t\u00e9. Il s'agit du droit d'auteur (interpell\u00e9 par les photographies disponibles sur Internet, des genres artistiques comme l'appropriation, la reproduction d'oeuvres architecturales...) mais aussi de la propri\u00e9t\u00e9 des personnes publiques (menaces de la privatisation de la photographie dans les mus\u00e9es).","authors":["Pascal Mbongo"],"category_codes":["6000000","6070000","6070200"],"visuals":{"large":"https:\/\/images.epagine.fr\/910\/9782343028910_1_75.jpg","medium":"https:\/\/images.epagine.fr\/910\/9782343028910_1_m.jpg","thumbnail":"https:\/\/images.epagine.fr\/910\/9782343028910_1_v.jpg"},"orderable":true,"show_badge":true,"formatted_price":"11,50&nbsp;\u20ac","formatted_published_date":"17 f\u00e9vrier 2014","publisher_availability_label":"Sur commande","short_details":"Pascal Mbongo \u2014 \u00c9ditions L'Harmattan","translator":null,"weight":160,"page_count":124,"readership":null,"editor":"\u00c9ditions L'Harmattan","price":1150,"published_date":"2014-02-16T23:00:00.000000Z","support":"Grand format","publisher_availability":1,"stock":0,"editions":[],"url":"https:\/\/quaidesbrumes.com\/ouvrage\/9782343028910\/lordre-public-photographique-photographie-proprietes-et-libertes"},{"id":"9782760647770","title":"Le cinema dans l'oeil du collectionneur","description":"L'histoire du cin\u00e9ma n'existerait pas sans les collectionneurs. Que ce soit par leur travail de collecte pionnier ou par leur d\u00e9fense passionn\u00e9e de pans oubli\u00e9s de la production cin\u00e9matographique mondiale, leur influence durable se fait sentir tant sur le terrain que par leurs m\u00e9thodes pour appr\u00e9hender l'histoire des images anim\u00e9es. Leur contribution est toutefois rest\u00e9e dans l'ombre des travaux men\u00e9s dans les institutions universitaires et archivistiques jusqu'\u00e0 ce qu'un int\u00e9r\u00eat nouveau pour les questions relatives aux archives, \u00e0 l'arch\u00e9ologie des m\u00e9dias et \u00e0 l'histoire des techniques jette la lumi\u00e8re sur l'importance de leurs activit\u00e9s.Cet ouvrage, qui r\u00e9unit universitaires, collectionneurs, cin\u00e9astes, conservateurs et archivistes internationaux, permet de mieux comprendre l'apport unique des collectionneurs \u00e0 l'esth\u00e9tique et \u00e0 l'histoire du cin\u00e9ma, ainsi que de r\u00e9fl\u00e9chir aux questions d'ordre \u00e9pist\u00e9mologique et historiographique li\u00e9es \u00e0 la constitution, \u00e0 la conservation et \u00e0 l'usage de collections. En provoquant un dialogue entre des milieux qui ont bien souvent entretenu des rapports complexes et parfois tendus, il a la modeste ambition de proposer un champ de r\u00e9flexion nouveau et un r\u00e9el d\u00e9fi \u00e0 l'histoire, tant pour les personnes que les institutions impliqu\u00e9es dans le monde du septi\u00e8me art.","authors":["Collectif","Charlotte Brady-Savignac","Andr\u00e9 Habib","Louis Pelletier","Jean-Pierre Sirois-Trahan"],"category_codes":["6000000","6070000","6070300","6070304"],"visuals":{"large":"https:\/\/images.epagine.fr\/770\/9782760647770_1_75.jpg","medium":"https:\/\/images.epagine.fr\/770\/9782760647770_1_m.jpg","thumbnail":"https:\/\/images.epagine.fr\/770\/9782760647770_1_v.jpg"},"orderable":true,"show_badge":true,"formatted_price":"31,00&nbsp;\u20ac","formatted_published_date":"15 juin 2023","publisher_availability_label":"Sur commande","short_details":"Collectif, Charlotte Brady-Savignac, Andr\u00e9 Habib, Louis Pelletier, Jean-Pierre Sirois-Trahan \u2014 PU de Montr\u00e9al","translator":null,"weight":518,"page_count":344,"readership":null,"editor":"PU de Montr\u00e9al","price":3100,"published_date":"2023-06-14T22:00:00.000000Z","support":"Grand format","publisher_availability":1,"stock":0,"editions":[],"url":"https:\/\/quaidesbrumes.com\/ouvrage\/9782760647770\/le-cinema-dans-loeil-du-collectionneur"}]}