{"data":[{"id":"9782246671718","title":"Le livre noir de la t\u00e9l\u00e9vision","description":"Voici une dizaine d'ann\u00e9es, un livre-enqu\u00eate de Kieffer-Chamard, Le roman de T.F.1 (Fayard), avait d\u00e9crit, avec succ\u00e8s, le paysage audiovisuel fran\u00e7ais \u00e0 l'heure de la lib\u00e9ration hertzienne et des privatisations de certaines cha\u00eenes. Le livre de Michel Meyer, b\u00e2ti sur le m\u00eame principe (enqu\u00eate, portraits, r\u00e9cits) reprend cette enqu\u00eate, l'actualise, sur une p\u00e9riode (les dix derni\u00e8res ann\u00e9es) qui a vu le P.A.F. \u00ab exploser \u00bb et devenir le miroir fou de la soci\u00e9t\u00e9 fran\u00e7aise. \r\nCe livre pose la question suivante : comment est-on pass\u00e9 de la t\u00e9l\u00e9 priv\u00e9e \u00e0 la trash-t\u00e9l\u00e9 ? Comment est-on pass\u00e9 de \u00ab La voix de la France \u00bb au \u00ab Temps de cerveau disponible \u00bb ? Pour r\u00e9pondre \u00e0 ces questions, Michel Meyer entre dans les coulisses de ce cataclysme. Il est \u00e0 Hilversum, dans l'antre de John de Mol, le patron de Endemol, cette matrice de tous les \u00ab Loft \u00bb et autres \u00ab Starac \u00bb ; il d\u00e9taille les bras-de-fer entre Le Lay, Mougeotte, Tavernost, Baudis et consorts afin de r\u00e9gler \u00ab \u00e0 l'amiable \u00bb le grand partage des mannes publicitaires ; il raconte l'histoire (souvent personnelle) des h\u00e9ros enrichis du P.A.F. (Nagui, Dechavanne, Arthur, Ardisson, Fogiel, Delarue...). Il brasse avec lyrisme et pr\u00e9cision la mati\u00e8re humaine et financi\u00e8re qui bout dans ce chaudron-diabolique qu'est la t\u00e9l\u00e9 d'aujourd'hui. Son titre, d'ailleurs, est une allusion directe au Meilleur des Mondes de Aldous Huxley, ce baptiseur de \u00ab Big Brother \u00bb...\r\nSur le fond, Michel Meyer montre admirablement comment le d\u00e9sastre culturel de la t\u00e9l\u00e9vision actuelle est le fruit d'un accouplement fatal : \u00ab en bas \u00bb, une soci\u00e9t\u00e9 atomis\u00e9e et sans rep\u00e8res ; \u00ab en haut \u00bb, des \u00e9lites nihilistes. Entre les deux, un capitalisme fou, fou, fou pour lequel le pire a toujours une bonne valeur marchande...","authors":["Michel Meyer"],"category_codes":["6000000","6070000","6070300"],"visuals":{"large":"https:\/\/images.epagine.fr\/718\/9782246671718_1_75.jpg","medium":"https:\/\/images.epagine.fr\/718\/9782246671718_1_m.jpg","thumbnail":"https:\/\/images.epagine.fr\/718\/9782246671718_1_v.jpg"},"orderable":true,"show_badge":true,"formatted_price":"31,90&nbsp;\u20ac","formatted_published_date":"1er mars 2006","publisher_availability_label":"Sur commande","short_details":"Michel Meyer \u2014 \u00c9ditions Grasset","translator":null,"weight":690,"page_count":500,"readership":null,"editor":"\u00c9ditions Grasset","price":3190,"published_date":"2006-02-28T23:00:00.000000Z","support":"Grand format","publisher_availability":1,"stock":0,"editions":[],"url":"https:\/\/quaidesbrumes.com\/ouvrage\/9782246671718\/le-livre-noir-de-la-television"},{"id":"9782246698814","title":"L'ange exterminateur","description":"L'affaire Brisseau aura marqu\u00e9 l'ann\u00e9e cin\u00e9ma 2005. Depuis f\u00e9vrier, quand fut rendue publique la plainte de com\u00e9diennes accusant le cin\u00e9aste d'avoir abus\u00e9 d'elles lors d'essais \u00e9rotiques, jusqu'au jugement devant le tribunal correctionnel de Paris, en d\u00e9cembre dernier, condamnant Jean-Claude Brisseau pour harc\u00e8lement sexuel \u00e0 un an de prison avec sursis. Son nouveau film, Les Anges exterminateurs, qui sera pr\u00e9sent\u00e9 ce printemps au festival de Cannes, est pr\u00e9cis\u00e9ment consacr\u00e9 \u00e0 ce sujet : un r\u00e9alisateur y fait faire des essais \u00e9rotiques \u00e0 de jeunes com\u00e9diennes afin de les s\u00e9lectionner pour un film, et recueille leurs confessions sexuelles avant de les mettre en sc\u00e8ne.\r\nLe milieu du cin\u00e9ma est divis\u00e9 sur le cas Brisseau, cin\u00e9aste reconnu mais qui g\u00eane. Grande gueule, g\u00e9ant maladroit au physique de coupable id\u00e9al, il n'h\u00e9site pas \u00e0 mettre les pieds dans le plat. Si la justice lui a demand\u00e9 des comptes, nombreux sont ceux qui le soutiennent, d'Eric Rohmer aux fr\u00e8res Dardenne, de Philippe Garrel \u00e0 Catherine Breillat et aux fr\u00e8res Larrieu.\r\nDans les entretiens qui composent ce livre, Jean-Claude Brisseau expose son parcours, son cin\u00e9ma et les questions qui l'animent - la p\u00e9dagogie, la violence sociale, les ressorts psychiques myst\u00e9rieux des comportements humains, une forme \u00e9trange de mystique. Le cin\u00e9aste s'arr\u00eate sur la direction d'acteur, ainsi, \u00e9videmment, que sur les myst\u00e8res du plaisir f\u00e9minin. Il s'explique sur la m\u00e9thode et les enjeux du cin\u00e9ma \u00e9rotique. Il revient sur son proc\u00e8s et les d\u00e9bats qui l'ont entour\u00e9.","authors":["Baecque & Brisseau"],"category_codes":["6000000","6070000","6070300"],"visuals":{"large":"https:\/\/images.epagine.fr\/814\/9782246698814_1_75.jpg","medium":"https:\/\/images.epagine.fr\/814\/9782246698814_1_m.jpg","thumbnail":"https:\/\/images.epagine.fr\/814\/9782246698814_1_v.jpg"},"orderable":true,"show_badge":true,"formatted_price":"22,40&nbsp;\u20ac","formatted_published_date":"6 septembre 2006","publisher_availability_label":"Sur commande","short_details":"Baecque & Brisseau \u2014 \u00c9ditions Grasset","translator":null,"weight":345,"page_count":319,"readership":null,"editor":"\u00c9ditions Grasset","price":2240,"published_date":"2006-09-05T22:00:00.000000Z","support":"Grand format","publisher_availability":1,"stock":0,"editions":[],"url":"https:\/\/quaidesbrumes.com\/ouvrage\/9782246698814\/lange-exterminateur"},{"id":"9782361956936","title":"Clickbait: A visual journey through AI-generated stories","description":"Each story within this art book has been carefully crafted to weave seamlessly between the visuals, creating an immersive experience that will keep you captivated from start to finish.\r\nIntroducing an unprecedented fusion of AI and storytelling, a groundbreaking art book that will take you on a journey through vivid and surreal visuals that don't exist. With each turn off the page, you'll be drawn deeper into a world crafted in collaboration between the author and a machine, where familiar places and concepts take on entirely new meanings. These visuals will leave you feeling simultaneously confused, excited, and hungry for more, as you explore a world that exists only in the mind of Simon and the algorithms that generated it. From the placid beaches to surreal fashion shots, this book will transport you to places never were, unveiling the beauty and mystery of an AI-generated universe.","authors":["Simon Parmeggiani"],"category_codes":["6000000","6070000","6070200"],"visuals":{"large":"https:\/\/images.epagine.fr\/936\/9782361956936_1_75.jpg","medium":"https:\/\/images.epagine.fr\/936\/9782361956936_1_m.jpg","thumbnail":"https:\/\/images.epagine.fr\/936\/9782361956936_1_v.jpg"},"orderable":true,"show_badge":true,"formatted_price":"39,95&nbsp;\u20ac","formatted_published_date":"5 septembre 2024","publisher_availability_label":"Sur commande","short_details":"Simon Parmeggiani \u2014 \u00c9ditions Jonglez","translator":null,"weight":2044,"page_count":null,"readership":null,"editor":"\u00c9ditions Jonglez","price":3995,"published_date":"2024-09-04T22:00:00.000000Z","support":"Grand format","publisher_availability":1,"stock":0,"editions":[],"url":"https:\/\/quaidesbrumes.com\/ouvrage\/9782361956936\/clickbait-a-visual-journey-through-ai-generated-stories"},{"id":"9782246805205","title":"Dans les coulisses d'Intouchables","description":"20 millions de spectateurs en France,  30 millions \u00e0 travers le monde : plus qu'une com\u00e9die, \u00ab Intouchables \u00bb est un ph\u00e9nom\u00e8ne de soci\u00e9t\u00e9. Comment expliquer cet incroyable succ\u00e8s ? Est-ce l'humour des r\u00e9alisateurs ? Le sourire d'Omar Sy ? Le message r\u00e9conciliateur de cette amiti\u00e9 entre un riche aristocrate et un petit voyou? Ou l'espoir que cette histoire a su redonner \u00e0 une soci\u00e9t\u00e9 en mal de r\u00eave ?\r\n\r\nDes premi\u00e8res \u00e9bauches du sc\u00e9nario, dans le Riad marocain de Philippe Pozzo di Borgo, \u00e0 la tourn\u00e9e mondiale, entre Los Angeles et Tokyo, Isabelle Giordano a retrac\u00e9 l'exceptionnel parcours du film. Pour la premi\u00e8re fois, les r\u00e9alisateurs Eric Toledano et Olivier Nakache lui ont ouvert leurs archives personnelles : anecdotes in\u00e9dites, photos du tournage, articles, confessions, lettres d'Omar Sy et de Fran\u00e7ois Cluzet. Vous pensiez tout savoir sur \u00abIntouchables \u00bb ? Bienvenue dans les coulisses.\r\n\r\nCe riche album comprend \u00e9galement les analyses de sociologues (Gerald Bronner, Gilles Lipovetsky), d'un anthropologue (Dominique Desjeux), du pr\u00e9sident du Conseil \u00e9conomique, social et environnemental (Jean-Paul Delevoye), d'une philosophe (Cynthia Fleury) et d'un psychiatre (Serge Tisseron).","authors":["Isabelle Giordano","Eric Nakache","Olivier Toledano"],"category_codes":["6000000","6070000","6070300"],"visuals":{"large":"https:\/\/images.epagine.fr\/205\/9782246805205_1_75.jpg","medium":"https:\/\/images.epagine.fr\/205\/9782246805205_1_m.jpg","thumbnail":"https:\/\/images.epagine.fr\/205\/9782246805205_1_v.jpg"},"orderable":true,"show_badge":true,"formatted_price":"21,90&nbsp;\u20ac","formatted_published_date":"16 octobre 2013","publisher_availability_label":"Sur commande","short_details":"Isabelle Giordano, Eric Nakache, Olivier Toledano \u2014 \u00c9ditions Grasset","translator":null,"weight":590,"page_count":176,"readership":null,"editor":"\u00c9ditions Grasset","price":2190,"published_date":"2013-10-15T22:00:00.000000Z","support":"Grand format","publisher_availability":1,"stock":0,"editions":[],"url":"https:\/\/quaidesbrumes.com\/ouvrage\/9782246805205\/dans-les-coulisses-dintouchables"},{"id":"9782246806165","title":"Voyeur","description":"Les paparazzi ont mauvaise r\u00e9putation : ils sont curieux, trop curieux, violent les intimit\u00e9s, vendraient (cher) leur \u00e2me pour un scoop, et s'amusent \u00e0 montrer ce qui ne devrait pas \u00eatre vu. Voici donc les \u00ab m\u00e9moires \u00bb de l'un d'entre eux, Pascal Rostain, le \u00ab King \u00bb d'une profession dont on m\u00e9dit volontiers - tout en se rin\u00e7ant l'oeil. De Johnny Halliday \u00e0 Fran\u00e7ois Mitterrand, de Jean-Paul II \u00e0 Fran\u00e7ois Hollande, d'Orson Welles \u00e0 Marlon Brando, de Nicolas Sarkozy \u00e0 George W. Bush, de Carla \u00e0 Val\u00e9rie, ce Breton opini\u00e2tre \u00e0 tout \u00ab shoot\u00e9 \u00bb : le secret, l'indicible, l'idylle, les seins - et le reste. Ses clich\u00e9s, publi\u00e9s dans Paris Match, ont fait le tour du monde. Pour la premi\u00e8re fois, il passe derri\u00e8re son objectif. Et il raconte...","authors":["Pascal Rostain"],"category_codes":["6000000","6070000","6070300"],"visuals":{"large":"https:\/\/images.epagine.fr\/165\/9782246806165_1_75.jpg","medium":"https:\/\/images.epagine.fr\/165\/9782246806165_1_m.jpg","thumbnail":"https:\/\/images.epagine.fr\/165\/9782246806165_1_v.jpg"},"orderable":true,"show_badge":true,"formatted_price":"17,90&nbsp;\u20ac","formatted_published_date":"29 janvier 2014","publisher_availability_label":"Sur commande","short_details":"Pascal Rostain \u2014 \u00c9ditions Grasset","translator":null,"weight":216,"page_count":240,"readership":null,"editor":"\u00c9ditions Grasset","price":1790,"published_date":"2014-01-28T23:00:00.000000Z","support":"Grand format","publisher_availability":1,"stock":0,"editions":[],"url":"https:\/\/quaidesbrumes.com\/ouvrage\/9782246806165\/voyeur"},{"id":"9782100705269","title":"Obtenez le maximum du Canon EOS 70D","description":"\u00c9quip\u00e9 d'un nouveau capteur Dual Pixel et d'un autofocus r\u00e9volutionnaire pour des images de tr\u00e8s haute qualit\u00e9 en photo comme en vid\u00e9o, le reflex Canon EOS 70D est le compagnon id\u00e9al du photographe amateur exigeant ou expert.\r\nGr\u00e2ce \u00e0 ce guide pratique, appropriez-vous le Canon EOS 70D en toutes situations et pour tous types de sujets :\r\n- Familiarisez-vous avec votre appareil et d\u00e9couvrez ses commandes et fonctions utiles.\r\n- Ma\u00eetrisez les notions cl\u00e9s de la photographie et acc\u00e9dez aux modes avanc\u00e9s de votre bo\u00eetier pour augmenter vos possibilit\u00e9s cr\u00e9atives.\r\n- Apprenez \u00e0 filmer avec votre reflex et lancez-vous dans vos premi\u00e8res s\u00e9quences vid\u00e9o.\r\n- \u00c9quipez-vous selon votre pratique en faisant les bons choix en optiques, flashes et autres accessoires.\r\n- D\u00e9couvrez les secrets de l'image num\u00e9rique et les solutions pour d\u00e9velopper, stocker et partager vos photos.\r","authors":["Vincent Burgeon"],"category_codes":["6000000","6070000","6070200"],"visuals":{"large":"https:\/\/images.epagine.fr\/269\/9782100705269_1_75.jpg","medium":"https:\/\/images.epagine.fr\/269\/9782100705269_1_m.jpg","thumbnail":"https:\/\/images.epagine.fr\/269\/9782100705269_1_v.jpg"},"orderable":true,"show_badge":true,"formatted_price":"39,00&nbsp;\u20ac","formatted_published_date":"19 f\u00e9vrier 2014","publisher_availability_label":"Sur commande","short_details":"Vincent Burgeon \u2014 Dunod","translator":null,"weight":770,"page_count":320,"readership":null,"editor":"Dunod","price":3900,"published_date":"2014-02-18T23:00:00.000000Z","support":"Grand format","publisher_availability":1,"stock":0,"editions":[],"url":"https:\/\/quaidesbrumes.com\/ouvrage\/9782100705269\/obtenez-le-maximum-du-canon-eos-70d"},{"id":"9782296554924","title":"Eric Rohmer, corps et \u00e2me ; l'int\u00e9grit\u00e9 retrouv\u00e9e","description":"Qu'est-ce qui fait la coh\u00e9rence de l'oeuvre si personnelle d'Eric Rohmer ? Ce cin\u00e9ma de la parole est aussi un cin\u00e9ma de corps ; le corps de l'acteur ne serait en effet qu'un \"sujet mince\" s'il n'\u00e9tait incorpor\u00e9 par le jeu de la mise en sc\u00e8ne \u00e0 l'espace filmique. Ce livre est \"un dialogue\" avec les films d'Eric Rohmer, enrichi des remarques du r\u00e9alisateur lors de sa conversation in\u00e9dite avec l'auteur (en octobre 2007).\r","authors":["Violaine Caminade de schuytter"],"category_codes":["6000000","6070000","6070300"],"visuals":{"large":"https:\/\/images.epagine.fr\/924\/9782296554924_1_75.jpg","medium":"https:\/\/images.epagine.fr\/924\/9782296554924_1_m.jpg","thumbnail":"https:\/\/images.epagine.fr\/924\/9782296554924_1_v.jpg"},"orderable":true,"show_badge":true,"formatted_price":"36,00&nbsp;\u20ac","formatted_published_date":"26 juillet 2011","publisher_availability_label":"Sur commande","short_details":"Violaine Caminade de schuytter \u2014 \u00c9ditions L'Harmattan","translator":null,"weight":565,"page_count":372,"readership":null,"editor":"\u00c9ditions L'Harmattan","price":3600,"published_date":"2011-07-25T22:00:00.000000Z","support":"Grand format","publisher_availability":1,"stock":0,"editions":[],"url":"https:\/\/quaidesbrumes.com\/ouvrage\/9782296554924\/eric-rohmer-corps-et-ame-lintegrite-retrouvee"},{"id":"9782100748525","title":"Toute la photo par Tom Ang (2e \u00e9dition)","description":"Destin\u00e9 aux photographes exigeants (notamment en voie de professionnalisation) et aux \u00e9tudiants, cet ouvrage dresse en 352 pages un tr\u00e8s vaste panorama des techniques et des pratiques de la photographie, tant num\u00e9rique qu'argentique. L'ouvrage d\u00e9bute par les fondamentaux de la photo\u00a0: nature de la lumi\u00e8re, proc\u00e9d\u00e9s num\u00e9rique ou argentique de capture, distance focale, exposition, etc. Le mat\u00e9riel du photographe est d\u00e9crit, du bo\u00eetier argentique ou num\u00e9rique au scanner, en passant par les objectifs, les flashes, les cartes m\u00e9moires et les accessoires. L'auteur livre ensuite son savoir et son savoir-faire en mati\u00e8re de prise de vue et de retouche d'image. Le stockage mais aussi la diffusion des images font l'objet d'une derni\u00e8re partie\u00a0: aspects techniques (comment diffuser\u00a0?) et artistiques (comment mettre en valeur son travail\u00a0?). Nouvelle \u00e9dition actualis\u00e9e.\r","authors":["Tom Ang","Vincent Burgeon"],"category_codes":["6000000","6070000","6070200","6070208"],"visuals":{"large":"https:\/\/images.epagine.fr\/525\/9782100748525_1_75.jpg","medium":"https:\/\/images.epagine.fr\/525\/9782100748525_1_m.jpg","thumbnail":"https:\/\/images.epagine.fr\/525\/9782100748525_1_v.jpg"},"orderable":true,"show_badge":true,"formatted_price":"37,00&nbsp;\u20ac","formatted_published_date":"11 mai 2016","publisher_availability_label":"Sur commande","short_details":"Tom Ang, Vincent Burgeon \u2014 Dunod","translator":null,"weight":994,"page_count":352,"readership":null,"editor":"Dunod","price":3700,"published_date":"2016-05-10T22:00:00.000000Z","support":"Grand format","publisher_availability":1,"stock":0,"editions":[],"url":"https:\/\/quaidesbrumes.com\/ouvrage\/9782100748525\/toute-la-photo-par-tom-ang-2e-edition"},{"id":"9782100754687","title":"Obtenez le maximum : du Canon EOS 80D","description":"Succ\u00e9dant aux Canon EOS 60D et 70D, le Canon EOS 80D appartient \u00e0 la plus ancienne des gammes de reflex Canon, et se positionne (en prix de vente et sp\u00e9cificit\u00e9s techniques) entre l'EOS 760D (milieu de gamme) et le Canon EOS 7D Mark II (haut de gamme). Cet ouvrage est un guide pratique de prise en main et approfondissement du Canon EOS 80D.\r","authors":["Vincent Burgeon"],"category_codes":["6000000","6070000","6070200","6070208"],"visuals":{"large":"https:\/\/images.epagine.fr\/687\/9782100754687_1_75.jpg","medium":"https:\/\/images.epagine.fr\/687\/9782100754687_1_m.jpg","thumbnail":"https:\/\/images.epagine.fr\/687\/9782100754687_1_v.jpg"},"orderable":true,"show_badge":true,"formatted_price":"39,90&nbsp;\u20ac","formatted_published_date":"17 ao\u00fbt 2016","publisher_availability_label":"Sur commande","short_details":"Vincent Burgeon \u2014 Dunod","translator":null,"weight":792,"page_count":320,"readership":null,"editor":"Dunod","price":3990,"published_date":"2016-08-16T22:00:00.000000Z","support":"Grand format","publisher_availability":1,"stock":0,"editions":[],"url":"https:\/\/quaidesbrumes.com\/ouvrage\/9782100754687\/obtenez-le-maximum-du-canon-eos-80d"},{"id":"9781915743336","title":"Prologue to the story of the birth of freedom","description":null,"authors":["Pfeiffer Paul"],"category_codes":["6000000","6070000","6070200"],"visuals":{"large":"https:\/\/quaidesbrumes.com\/img\/book-placeholder.png","medium":"https:\/\/quaidesbrumes.com\/img\/book-placeholder.png","thumbnail":"https:\/\/quaidesbrumes.com\/img\/book-placeholder.png"},"orderable":true,"show_badge":true,"formatted_price":"65,00&nbsp;\u20ac","formatted_published_date":"31 ao\u00fbt 2024","publisher_availability_label":"Sur commande","short_details":"Pfeiffer Paul \u2014 Mack Books","translator":null,"weight":1301,"page_count":null,"readership":null,"editor":"Mack Books","price":6500,"published_date":"2024-08-30T22:00:00.000000Z","support":"Grand format","publisher_availability":1,"stock":0,"editions":[],"url":"https:\/\/quaidesbrumes.com\/ouvrage\/9781915743336\/prologue-to-the-story-of-the-birth-of-freedom"},{"id":"9782296039698","title":"Lieutenant Karl","description":"Lieutenant Karl est une double publication : celle du texte in\u00e9dit d'une dramatique t\u00e9l\u00e9vis\u00e9e de Jules Roy (r\u00e9alis\u00e9e en 1977) et du livret d'op\u00e9ra qu'Aubert Lemeland en a tir\u00e9 (commande de l'Etat, dont la cr\u00e9ation mondiale se fera en octobre 2007 \u00e0 Paris). Pilote fran\u00e7ais engag\u00e9 en 1942 dans la Royal Air Force, le Lieutenant Karl refuse de repartir en mission, par respect de ses valeurs morales. Cet honn\u00eate officier finira par c\u00e9der \u00e0 la machine militaire, il repartira et sera abattu en l'Allemagne.\r","authors":["Aubert Lemeland","Jules Roy"],"category_codes":["6000000","6070000","6070300"],"visuals":{"large":"https:\/\/images.epagine.fr\/698\/9782296039698_1_75.jpg","medium":"https:\/\/images.epagine.fr\/698\/9782296039698_1_m.jpg","thumbnail":"https:\/\/images.epagine.fr\/698\/9782296039698_1_v.jpg"},"orderable":true,"show_badge":true,"formatted_price":"12,00&nbsp;\u20ac","formatted_published_date":"31 juillet 2007","publisher_availability_label":"Sur commande","short_details":"Aubert Lemeland, Jules Roy \u2014 \u00c9ditions L'Harmattan","translator":null,"weight":140,"page_count":100,"readership":null,"editor":"\u00c9ditions L'Harmattan","price":1200,"published_date":"2007-07-30T22:00:00.000000Z","support":"Grand format","publisher_availability":1,"stock":0,"editions":[],"url":"https:\/\/quaidesbrumes.com\/ouvrage\/9782296039698\/lieutenant-karl"},{"id":"9782841030293","title":"Adolescents","description":null,"authors":["Philippe Bazin","Thierry de Duve"],"category_codes":["6000000","6070000","6070200"],"visuals":{"large":"https:\/\/images.epagine.fr\/293\/9782841030293_1_75.jpg","medium":"https:\/\/images.epagine.fr\/293\/9782841030293_1_m.jpg","thumbnail":"https:\/\/images.epagine.fr\/293\/9782841030293_1_v.jpg"},"orderable":true,"show_badge":true,"formatted_price":"23,20&nbsp;\u20ac","formatted_published_date":"1er janvier 1995","publisher_availability_label":"Sur commande","short_details":"Philippe Bazin, Thierry de Duve \u2014 WILLIAM BLAKE & CO","translator":null,"weight":560,"page_count":null,"readership":null,"editor":"WILLIAM BLAKE & CO","price":2320,"published_date":"1994-12-31T23:00:00.000000Z","support":"Grand format","publisher_availability":1,"stock":0,"editions":[],"url":"https:\/\/quaidesbrumes.com\/ouvrage\/9782841030293\/adolescents"},{"id":"9782361957988","title":"Abandoned world: An AI-generated exploration","description":"A breathtaking journey through an AI-generated world.\r\nDive into the wonders of Francis Meslet's imagination in an AI abandoned world.","authors":["Francis Meslet"],"category_codes":["6000000","6070000","6070200"],"visuals":{"large":"https:\/\/images.epagine.fr\/988\/9782361957988_1_75.jpg","medium":"https:\/\/images.epagine.fr\/988\/9782361957988_1_m.jpg","thumbnail":"https:\/\/images.epagine.fr\/988\/9782361957988_1_v.jpg"},"orderable":true,"show_badge":true,"formatted_price":"39,95&nbsp;\u20ac","formatted_published_date":"17 octobre 2024","publisher_availability_label":"Sur commande","short_details":"Francis Meslet \u2014 \u00c9ditions Jonglez","translator":null,"weight":1610,"page_count":256,"readership":null,"editor":"\u00c9ditions Jonglez","price":3995,"published_date":"2024-10-16T22:00:00.000000Z","support":"Grand format","publisher_availability":1,"stock":0,"editions":[],"url":"https:\/\/quaidesbrumes.com\/ouvrage\/9782361957988\/abandoned-world-an-ai-generated-exploration"},{"id":"9782747504713","title":"PHOTOGRAPHE EXCLAMATIONNISTE !","description":"Jean-Pierre Cerisier photographie depuis trente ans au hasard de son quotidien, de ses voyages, de ses rencontres. Associ\u00e9 \u00e0 cinq talentueux po\u00e8tes exclamationnistes, il nous offre ici un \u00e9chantillon d'une oeuvre o\u00f9 la vision du temps s'incarne, le temps d'une vision.","authors":["Jean-Pierre Cerisier","Al\u00e9a De Facto","H\u00e9l\u00e8ne Ewenczyk","La Lectrice","Olivier Moreau","C\u00e9dric Yole"],"category_codes":["6000000","6070000","6070200"],"visuals":{"large":"https:\/\/images.epagine.fr\/713\/9782747504713_1_75.jpg","medium":"https:\/\/images.epagine.fr\/713\/9782747504713_1_m.jpg","thumbnail":"https:\/\/images.epagine.fr\/713\/9782747504713_1_v.jpg"},"orderable":true,"show_badge":true,"formatted_price":"15,50&nbsp;\u20ac","formatted_published_date":"1er novembre 2003","publisher_availability_label":"Sur commande","short_details":"Jean-Pierre Cerisier, Al\u00e9a De Facto, H\u00e9l\u00e8ne Ewenczyk, La Lectrice, Olivier Moreau, C\u00e9dric Yole \u2014 \u00c9ditions L'Harmattan","translator":null,"weight":240,"page_count":136,"readership":null,"editor":"\u00c9ditions L'Harmattan","price":1550,"published_date":"2003-10-31T23:00:00.000000Z","support":"Grand format","publisher_availability":1,"stock":0,"editions":[],"url":"https:\/\/quaidesbrumes.com\/ouvrage\/9782747504713\/photographe-exclamationniste"},{"id":"9782296563933","title":"De la communication \u00e0 travers langue et univers m\u00e9diatiques","description":"A l'heure de l'Internet, la communication est devenue un des objets les plus disput\u00e9s. Mais que recouvre le concept de communication ? Peut-on dire du simple transfert d'information qu'il est communication ? A quoi r\u00e9f\u00e8rent le non-verbal et le paraverbal dans cet objet ? Cet ouvrage tente de r\u00e9pondre \u00e0 ces questions. Y seront \u00e9galement pr\u00e9sent\u00e9s les diff\u00e9rents outils qui sous-tendent le fait communicationnel ainsi que les univers m\u00e9diatiques (t\u00e9l\u00e9vision, internet).","authors":["Marcienne Martin"],"category_codes":["6000000","6070000","6070300"],"visuals":{"large":"https:\/\/images.epagine.fr\/933\/9782296563933_1_75.jpg","medium":"https:\/\/images.epagine.fr\/933\/9782296563933_1_m.jpg","thumbnail":"https:\/\/images.epagine.fr\/933\/9782296563933_1_v.jpg"},"orderable":true,"show_badge":true,"formatted_price":"15,50&nbsp;\u20ac","formatted_published_date":"1er septembre 2011","publisher_availability_label":"Sur commande","short_details":"Marcienne Martin \u2014 \u00c9ditions L'Harmattan","translator":null,"weight":211,"page_count":156,"readership":null,"editor":"\u00c9ditions L'Harmattan","price":1550,"published_date":"2011-08-31T22:00:00.000000Z","support":"Grand format","publisher_availability":1,"stock":0,"editions":[],"url":"https:\/\/quaidesbrumes.com\/ouvrage\/9782296563933\/de-la-communication-a-travers-langue-et-univers-mediatiques"},{"id":"9782910444518","title":"Brest","description":"R\u00e9sum\u00e9 bient\u00f4t disponible","authors":["Emmanuel Siou"],"category_codes":["5000000","5020000","5020100"],"visuals":{"large":"https:\/\/images.epagine.fr\/518\/9782910444518_1_75.jpg","medium":"https:\/\/images.epagine.fr\/518\/9782910444518_1_m.jpg","thumbnail":"https:\/\/images.epagine.fr\/518\/9782910444518_1_v.jpg"},"orderable":true,"show_badge":true,"formatted_price":"20,20&nbsp;\u20ac","formatted_published_date":"1er octobre 2005","publisher_availability_label":"Sur commande","short_details":"Emmanuel Siou \u2014 EDITIONS SUTTON","translator":null,"weight":400,"page_count":128,"readership":null,"editor":"EDITIONS SUTTON","price":2020,"published_date":"2005-09-30T22:00:00.000000Z","support":"Grand format","publisher_availability":1,"stock":0,"editions":["9782813812902"],"url":"https:\/\/quaidesbrumes.com\/ouvrage\/9782910444518\/brest"},{"id":"9782080688842","title":"Pleure pas, c'est pas grave","description":"\u00abMa vie n'est pas et n'a jamais \u00e9t\u00e9 un enfer - je devrais y aller s'il existe, j'y retrouverais sans doute tous mes amis-, mais je crois que chacun est responsable de ce qu'il fait en traversant l'existence. Courber le dos ne doit servir qu'\u00e0 laisser passer les temp\u00eates ou les ouragans. Cela m'est parfois arriv\u00e9, m\u00eame si mon temp\u00e9rament m'incline surtout \u00e0 faire face \u00e0 l'adversit\u00e9, et je vais essayer de le d\u00e9montrer avec ces souvenirs.\u00bb Dans ce livre qui ne cache rien, Nathalie Delon - qui vit actuellement entre les \u00c9tats-Unis et la France - d\u00e9voile sans fards les lumi\u00e8res et les ombres d'une existence mouvement\u00e9e faite d'amour, d'amiti\u00e9s et de voyages. Sur ce parcours qui l'a conduite du 7eart \u00e0 l'\u00e9criture, d'une enfance sauvage aux sunlights de la gloire, elle porte un regard sensible, admiratif, cruel parfois aussi. L'ex-\u00e9g\u00e9rie des ann\u00e9es 60 et 70 dit tout de son m\u00e9tier de com\u00e9dienne, de sa relation et son mariage avec Alain Delon, de sa vision de l'affaire Markovic, comme de sa descente aux enfers de la drogue. Si elle \u00e9voque avec v\u00e9rit\u00e9 et humour les destins exceptionnels qu'elle a crois\u00e9s (Alain Delon bien s\u00fbr, mais aussi Bianca et Mick Jagger, Louis Malle, Richard Burton, Marc Porel...), si elle salue Chris Blackwell, le visionnaire cr\u00e9ateur d'Island Records (d\u00e9couvreur entre autres de Bob Marley et U2...) qui a \u00e9t\u00e9 son compagnon, elle n'oublie jamais d'expliquer ses propres actes.","authors":["Nathalie Delon"],"category_codes":["6000000","6070000","6070300"],"visuals":{"large":"https:\/\/images.epagine.fr\/842\/9782080688842_1_75.jpg","medium":"https:\/\/images.epagine.fr\/842\/9782080688842_1_m.jpg","thumbnail":"https:\/\/images.epagine.fr\/842\/9782080688842_1_v.jpg"},"orderable":true,"show_badge":true,"formatted_price":"21,00&nbsp;\u20ac","formatted_published_date":"24 octobre 2006","publisher_availability_label":"Sur commande","short_details":"Nathalie Delon \u2014 Flammarion","translator":null,"weight":828,"page_count":352,"readership":null,"editor":"Flammarion","price":2100,"published_date":"2006-10-23T22:00:00.000000Z","support":"Grand format","publisher_availability":1,"stock":0,"editions":[],"url":"https:\/\/quaidesbrumes.com\/ouvrage\/9782080688842\/pleure-pas-cest-pas-grave"},{"id":"9782336462837","title":"Un ab\u00e9c\u00e9daire de la fantasmagorie : Coda","description":"Anti-encyclop\u00e9die, Un ab\u00e9c\u00e9daire de la fantasmagorie inscrit son travail critique dans la lign\u00e9e de celui d'Andr\u00e9 Martin.\r\nDans cet ouvrage, la fantasmagorie et son aura traversent une ultime fois l'espace historique originel, qui voit muter les \u00ab phantasmagories \u00bb jusqu'aux exp\u00e9riences hybrides actuelles. Plusieurs in\u00e9dits de l'auteur y sont r\u00e9unis, proposant, de \u00ab S \u00bb \u00e0 \u00ab Z \u00bb, une m\u00e9thodologie analytique. Ce cinqui\u00e8me et dernier volume f\u00e9d\u00e8re 52 nouvelles entr\u00e9es sur la fantasmagorie, questionnant sa propagation internationale et ses manifestations dans le cin\u00e9ma d'animation. Il ach\u00e8ve le travail entrepris en 2013.\r\nUn ensemble unique, une saisissante et passionnante vision.\r\nLe premier volume a \u00e9t\u00e9 pr\u00e9fac\u00e9 par Marcel Jean, d\u00e9l\u00e9gu\u00e9 artistique du festival international du film d'animation d'Annecy et directeur g\u00e9n\u00e9ral de la Cin\u00e9math\u00e8que qu\u00e9b\u00e9coise.","authors":["Pascal Vimenet"],"category_codes":["6000000","6070000","6070300","6070304"],"visuals":{"large":"https:\/\/images.epagine.fr\/837\/9782336462837_1_75.jpg","medium":"https:\/\/images.epagine.fr\/837\/9782336462837_1_m.jpg","thumbnail":"https:\/\/images.epagine.fr\/837\/9782336462837_1_v.jpg"},"orderable":true,"show_badge":true,"formatted_price":"45,00&nbsp;\u20ac","formatted_published_date":"15 mai 2024","publisher_availability_label":"Sur commande","short_details":"Pascal Vimenet \u2014 \u00c9ditions L'Harmattan","translator":null,"weight":667,"page_count":442,"readership":null,"editor":"\u00c9ditions L'Harmattan","price":4500,"published_date":"2024-05-14T22:00:00.000000Z","support":"Grand format","publisher_availability":1,"stock":0,"editions":[],"url":"https:\/\/quaidesbrumes.com\/ouvrage\/9782336462837\/un-abecedaire-de-la-fantasmagorie-coda"},{"id":"9782336422114","title":"Le cri de la terre : de manifeste en manifeste","description":"Le cri de la terre est saisi par le photographe au plus pr\u00e8s de la nature dont il enregistre la protestation face \u00e0 la folie des hommes. \u00c0 la fa\u00e7on des animistes, Claude Mollard r\u00e9v\u00e8le vie et expressions humaines sur les galets, troncs d'arbres, roches, v\u00e9g\u00e9taux capt\u00e9s sur les cinq continents. Son oeuvre rassemble images et textes remettant l'homme \u00e0 sa place, fragile et pourtant pr\u00e9tentieuse, de descendant des \u00eatres de la nature qui le pr\u00e9c\u00e9dent depuis les origines. Notre Terre-m\u00e8re va-t-elle assister \u00e0 la disparition de ses enfants qui ne savent ni voir, ni comprendre?\r\n\r\nUn hommage rendu \u00e0 son ami Frans Krajcberg, au milieu de ses sculptures. Un cri universel, \u00e9mouvant et multiple, avant que n'advienne le pire.","authors":["Frans Krajcberg","Claude Mollard"],"category_codes":["6000000","6070000","6070200"],"visuals":{"large":"https:\/\/images.epagine.fr\/114\/9782336422114_1_75.jpg","medium":"https:\/\/images.epagine.fr\/114\/9782336422114_1_m.jpg","thumbnail":"https:\/\/images.epagine.fr\/114\/9782336422114_1_v.jpg"},"orderable":true,"show_badge":true,"formatted_price":"20,00&nbsp;\u20ac","formatted_published_date":"18 novembre 2023","publisher_availability_label":"Sur commande","short_details":"Frans Krajcberg, Claude Mollard \u2014 \u00c9ditions L'Harmattan","translator":null,"weight":137,"page_count":86,"readership":null,"editor":"\u00c9ditions L'Harmattan","price":2000,"published_date":"2023-11-17T23:00:00.000000Z","support":"Grand format","publisher_availability":1,"stock":0,"editions":[],"url":"https:\/\/quaidesbrumes.com\/ouvrage\/9782336422114\/le-cri-de-la-terre-de-manifeste-en-manifeste"},{"id":"9780316185752","title":"THE MYSTERY OF THE MISSING WALLETS - TINTIN","description":"Publishing just in time for the movie release, Steven Spielberg and Peter Jackson bring Tintin's classic adventures to life with a new 3DMotion Capture film that will be opening in theaters in December 2011.\r","authors":["Kirsten Mayer"],"category_codes":["6000000","6070000","6070300"],"visuals":{"large":"https:\/\/quaidesbrumes.com\/img\/book-placeholder.png","medium":"https:\/\/quaidesbrumes.com\/img\/book-placeholder.png","thumbnail":"https:\/\/quaidesbrumes.com\/img\/book-placeholder.png"},"orderable":true,"show_badge":true,"formatted_price":"5,30&nbsp;\u20ac","formatted_published_date":"1er novembre 2011","publisher_availability_label":"Sur commande","short_details":"Kirsten Mayer \u2014 Little Brown Us","translator":null,"weight":0,"page_count":32,"readership":null,"editor":"Little Brown Us","price":530,"published_date":"2011-10-31T23:00:00.000000Z","support":"Poche","publisher_availability":1,"stock":0,"editions":[],"url":"https:\/\/quaidesbrumes.com\/ouvrage\/9780316185752\/the-mystery-of-the-missing-wallets-tintin"},{"id":"9782336446844","title":"L'appel de l'ailleurs : Une recherche-cr\u00e9ation documentaire","description":"Cet ouvrage accompagne L'appel de l'ailleurs (DVD\/VOD, L'Harmattan, mai 2024) r\u00e9unissant trois films documentaires de l'autrice : \u00c0 l'ombre des \u00e9l\u00e9phants (2022), qui se d\u00e9roule en Afrique, raconte la n\u00e9cessit\u00e9 de sauvegarder les \u00e9l\u00e9phants ; Esprits du Sepik, rencontres en Papouasie-Nouvelle-Guin\u00e9e (2022) est un voyage en qu\u00eate de beaut\u00e9 ; Le chant du chamane, voyage en Laponie (2023) part sur les traces d'un chamane Sami.\r\nDans le prolongement de ce qui avait \u00e9t\u00e9 pr\u00e9sent\u00e9 dans son ouvrage Double \u00ab je \u00bb documentaire - Une recherche-cr\u00e9ation (L'Harmattan, 2022) liant les textes explicatifs aux films r\u00e9alis\u00e9s, Erika Thomas poursuit sa r\u00e9flexion sur les images filmiques, l'\u00e9criture de soi et l'intime. Elle propose ici d'expliciter ses intentions et choix de r\u00e9alisation afin que le diptyque film documentaire et texte acad\u00e9mique d\u00e9voile, au-del\u00e0 d'une m\u00e9thodologie, une \u00e9criture.","authors":["Erika Thomas"],"category_codes":["6000000","6070000","6070300"],"visuals":{"large":"https:\/\/images.epagine.fr\/844\/9782336446844_1_75.jpg","medium":"https:\/\/images.epagine.fr\/844\/9782336446844_1_m.jpg","thumbnail":"https:\/\/images.epagine.fr\/844\/9782336446844_1_v.jpg"},"orderable":true,"show_badge":true,"formatted_price":"17,00&nbsp;\u20ac","formatted_published_date":"10 octobre 2024","publisher_availability_label":"Sur commande","short_details":"Erika Thomas \u2014 \u00c9ditions L'Harmattan","translator":null,"weight":190,"page_count":158,"readership":null,"editor":"\u00c9ditions L'Harmattan","price":1700,"published_date":"2024-10-09T22:00:00.000000Z","support":"Grand format","publisher_availability":1,"stock":0,"editions":[],"url":"https:\/\/quaidesbrumes.com\/ouvrage\/9782336446844\/lappel-de-lailleurs-une-recherche-creation-documentaire"},{"id":"9782336471150","title":"Malgr\u00e9 le r\u00e9el -: apesar do real","description":"Exp\u00e9rience d'image et de langage, le livre Malgr\u00e9 le r\u00e9el a comme point de d\u00e9part des photos en super-8 cr\u00e9\u00e9es entre l'Am\u00e9rique du Sud et l'Europe au cours d'une d\u00e9cennie. En les d\u00e9ployant par les mots, Bruno Zorzal propose un parcours erratique et fragmentaire, contrastant entre perceptions d'affects et sensations de (non) appartenance. En articulant le cin\u00e9ma et la photographie, l'image et le langage, les photos-mots et l'objet livre, cette exp\u00e9rience renvoie \u00e0 une esth\u00e9tique des travers\u00e9es, des frictions. Experi\u00eancia de imagem e linguagem, o livro Apesar do real parte de fotos em super-8 criadas entre a Am\u00e9rica do Sul e a Europa ao longo de uma d\u00e9cada. Ampliando-as por meio das palavras, Bruno Zorzal prop\u00f5e um percurso err\u00e1tico e fragment\u00e1rio, contrastando percep\u00e7\u00f5es de afeto e sensa\u00e7\u00f5es de (n\u00e3o) pertencimento. Ao articular cinema e fotografia, imagem e linguagem, fotos-palavras e objeto livro, esta experi\u00eancia aponta para uma est\u00e9tica das travessias, das fric\u00e7\u00f5es.","authors":["Bruno Zorzal"],"category_codes":["6000000","6070000","6070200"],"visuals":{"large":"https:\/\/images.epagine.fr\/150\/9782336471150_1_75.jpg","medium":"https:\/\/images.epagine.fr\/150\/9782336471150_1_m.jpg","thumbnail":"https:\/\/images.epagine.fr\/150\/9782336471150_1_v.jpg"},"orderable":true,"show_badge":true,"formatted_price":"18,00&nbsp;\u20ac","formatted_published_date":"11 juillet 2024","publisher_availability_label":"Sur commande","short_details":"Bruno Zorzal \u2014 \u00c9ditions L'Harmattan","translator":null,"weight":123,"page_count":100,"readership":null,"editor":"\u00c9ditions L'Harmattan","price":1800,"published_date":"2024-07-10T22:00:00.000000Z","support":"Grand format","publisher_availability":1,"stock":0,"editions":[],"url":"https:\/\/quaidesbrumes.com\/ouvrage\/9782336471150\/malgre-le-reel-apesar-do-real"},{"id":"9782336475158","title":"Luminovores","description":"L'univers disperse dans des leurres optiques les regards de ceux qui cherchent \u00e0 l'explorer. Existerait-il seulement une image qui pr\u00e9existe au regard humain, et qui perdure au-del\u00e0 de celui-ci ? La fin du monde correspondrait-elle \u00e0 celle de son reflet?? Par des travers\u00e9es de pens\u00e9es, photographiques comme linguistiques (fran\u00e7ais \/ ukrainien), ce livre se plonge dans les points d'infiltration, o\u00f9 l'apr\u00e8s-vision apocalyptique co\u00efncide avec l'avant-image archa\u00efque.\r\n\r\n??????? ??????? ??????? ???, ??? ?????? ???? ?????????, ?? ??????? ???????. ?? ????? ?????? ?????? ?????, ???? ??????? ??????????? ????????? ??????? ? ?????????? ????? ???? ?????????? ?? ? ?????? ????? ???????????? ? ???? ????????????? ?? ???????? ??????????????, ?? ?????????????, ??? ? ????????????? (??????????? ?? ???????????), ?? ?????? ??????????? ? ????? ????????????, ?? ????????????? ???????????? ?????????? ? ????????? ????????????.","authors":["Olga Tsvietkova"],"category_codes":["6000000","6070000","6070200"],"visuals":{"large":"https:\/\/images.epagine.fr\/158\/9782336475158_1_75.jpg","medium":"https:\/\/images.epagine.fr\/158\/9782336475158_1_m.jpg","thumbnail":"https:\/\/images.epagine.fr\/158\/9782336475158_1_v.jpg"},"orderable":true,"show_badge":true,"formatted_price":"18,00&nbsp;\u20ac","formatted_published_date":"25 juillet 2024","publisher_availability_label":"Sur commande","short_details":"Olga Tsvietkova \u2014 \u00c9ditions L'Harmattan","translator":null,"weight":130,"page_count":106,"readership":null,"editor":"\u00c9ditions L'Harmattan","price":1800,"published_date":"2024-07-24T22:00:00.000000Z","support":"Grand format","publisher_availability":1,"stock":0,"editions":[],"url":"https:\/\/quaidesbrumes.com\/ouvrage\/9782336475158\/luminovores"},{"id":"9781008973305","title":"Dramakosmos (Vivre en Drama) : Vivre le Drama","description":"Un jeu de soci\u00e9t\u00e9 de l'imaginaire Dramakosmos est un jeu de soci\u00e9t\u00e9 pour 3 \u00e0 5 joueuses. Le but est pour chaque joueuse de parvenir \u00e0 r\u00e9aliser 2 situations dramatiques tir\u00e9 au hasard en d\u00e9but de jeu, au sein d'une histoire collective \u00e0 toutes les joueuses. Chaque joueuse tire deux cartes parmi les \u00ab 36 situations dramatiques1 \u00bb. A partir de ses 2 situations, chacune cherche quel film, roman, pi\u00e8ce de th\u00e9\u00e2tre biographie ou conte, pourrais permettre de les r\u00e9aliser Chacune pr\u00e9sente ensuite son choix aux autres en en donnant le synopsis. On proc\u00e8de alors \u00e0 un vote ordonn\u00e9 pour choisir l'histoire commune parmi celles propos\u00e9es. Puis les joueuses se mettent d'accord sur l'identit\u00e9 des personnages principaux de l'histoire. Attention, il faut autant de personnages principaux que de joueuses. Ensuite les joueuses d\u00e9finissent ensemble les personnages secondaires, leur nombre est libre. Les joueuses d\u00e9cident ensemble des figurantes de d\u00e9part. Leur nombre est libre et peut \u00e9voluer au cours de la partie. Les joueuses se mettent d'accord sur le lieu pr\u00e9cis de l'ensemble de l'action.","authors":["Etienne C"],"category_codes":["6000000","6070000","6070300"],"visuals":{"large":"https:\/\/quaidesbrumes.com\/img\/book-placeholder.png","medium":"https:\/\/quaidesbrumes.com\/img\/book-placeholder.png","thumbnail":"https:\/\/quaidesbrumes.com\/img\/book-placeholder.png"},"orderable":true,"show_badge":true,"formatted_price":"14,77&nbsp;\u20ac","formatted_published_date":"13 novembre 2022","publisher_availability_label":"Sur commande","short_details":"Etienne C \u2014 LULU","translator":null,"weight":173,"page_count":135,"readership":null,"editor":"LULU","price":1477,"published_date":"2022-11-12T23:00:00.000000Z","support":"Poche","publisher_availability":1,"stock":0,"editions":[],"url":"https:\/\/quaidesbrumes.com\/ouvrage\/9781008973305\/dramakosmos-vivre-en-drama-vivre-le-drama"}]}