{"data":[{"id":"9782013499699","title":"Trait\u00e9 pratique de la retouche des clich\u00e9s photographiques","description":"Trait\u00e9 pratique de la retouche des clich\u00e9s photographiques, suivi d'une m\u00e9thode tr\u00e8s d\u00e9taill\u00e9e d'\u00e9maillage et de formules et proc\u00e9d\u00e9s divers, par P. Piquep\u00e9,...\r\nDate de l'\u00e9dition originale : 1881\r\n\r\nLe pr\u00e9sent ouvrage s'inscrit dans une politique de conservation patrimoniale des ouvrages de la litt\u00e9rature Fran\u00e7aise mise en place avec la BNF.\r\nHACHETTE LIVRE et la BNF proposent ainsi un catalogue de titres indisponibles, la BNF ayant num\u00e9ris\u00e9 ces oeuvres et HACHETTE LIVRE les imprimant \u00e0 la demande.\r\nCertains de ces ouvrages refl\u00e8tent des courants de pens\u00e9e caract\u00e9ristiques de leur \u00e9poque, mais qui seraient aujourd'hui jug\u00e9s condamnables.\r\nIls n'en appartiennent pas moins \u00e0 l'histoire des id\u00e9es en France et sont susceptibles de pr\u00e9senter un int\u00e9r\u00eat scientifique ou historique.\r\nLe sens de notre d\u00e9marche \u00e9ditoriale consiste ainsi \u00e0 permettre l'acc\u00e8s \u00e0 ces oeuvres sans pour autant que nous en cautionnions en aucune fa\u00e7on le contenu.\r\n\r\nPour plus d'informations, rendez-vous sur www.hachettebnf.fr","authors":["P Piquep\u00e9"],"category_codes":["6000000","6070000","6070200"],"visuals":{"large":"https:\/\/images.epagine.fr\/699\/9782013499699_1_75.jpg","medium":"https:\/\/images.epagine.fr\/699\/9782013499699_1_m.jpg","thumbnail":"https:\/\/images.epagine.fr\/699\/9782013499699_1_v.jpg"},"orderable":true,"show_badge":true,"formatted_price":"17,50&nbsp;\u20ac","formatted_published_date":"1er octobre 2014","publisher_availability_label":"Sur commande","short_details":"P Piquep\u00e9 \u2014 Hachette BNF","translator":null,"weight":230,"page_count":154,"readership":null,"editor":"Hachette BNF","price":1750,"published_date":"2014-09-30T22:00:00.000000Z","support":"Grand format","publisher_availability":1,"stock":0,"editions":["9782013505932"],"url":"https:\/\/quaidesbrumes.com\/ouvrage\/9782013499699\/traite-pratique-de-la-retouche-des-cliches-photographiques"},{"id":"9782013503952","title":"Trait\u00e9 pratique de la peinture des \u00e9preuves photographiques avec les couleurs aquarelle et huile","description":"Trait\u00e9 pratique de la peinture des \u00e9preuves photographiques avec les couleurs \u00e0 l'aquarelle et \u00e0 l'huile, suivi de diff\u00e9rents proc\u00e9d\u00e9s de peinture appliqu\u00e9s aux photographies, par C. Klary\r\nDate de l'\u00e9dition originale : 1888\r\n\r\nLe pr\u00e9sent ouvrage s'inscrit dans une politique de conservation patrimoniale des ouvrages de la litt\u00e9rature Fran\u00e7aise mise en place avec la BNF.\r\nHACHETTE LIVRE et la BNF proposent ainsi un catalogue de titres indisponibles, la BNF ayant num\u00e9ris\u00e9 ces oeuvres et HACHETTE LIVRE les imprimant \u00e0 la demande.\r\nCertains de ces ouvrages refl\u00e8tent des courants de pens\u00e9e caract\u00e9ristiques de leur \u00e9poque, mais qui seraient aujourd'hui jug\u00e9s condamnables.\r\nIls n'en appartiennent pas moins \u00e0 l'histoire des id\u00e9es en France et sont susceptibles de pr\u00e9senter un int\u00e9r\u00eat scientifique ou historique.\r\nLe sens de notre d\u00e9marche \u00e9ditoriale consiste ainsi \u00e0 permettre l'acc\u00e8s \u00e0 ces oeuvres sans pour autant que nous en cautionnions en aucune fa\u00e7on le contenu.\r\n\r\nPour plus d'informations, rendez-vous sur www.hachettebnf.fr","authors":["C. Klary"],"category_codes":["6000000","6070000","6070200"],"visuals":{"large":"https:\/\/images.epagine.fr\/952\/9782013503952_1_75.jpg","medium":"https:\/\/images.epagine.fr\/952\/9782013503952_1_m.jpg","thumbnail":"https:\/\/images.epagine.fr\/952\/9782013503952_1_v.jpg"},"orderable":true,"show_badge":true,"formatted_price":"17,50&nbsp;\u20ac","formatted_published_date":"1er octobre 2014","publisher_availability_label":"Sur commande","short_details":"C. Klary \u2014 Hachette BNF","translator":null,"weight":243,"page_count":164,"readership":null,"editor":"Hachette BNF","price":1750,"published_date":"2014-09-30T22:00:00.000000Z","support":"Grand format","publisher_availability":1,"stock":0,"editions":[],"url":"https:\/\/quaidesbrumes.com\/ouvrage\/9782013503952\/traite-pratique-de-la-peinture-des-epreuves-photographiques-avec-les-couleurs-aquarelle-et-huile"},{"id":"9782100584932","title":"Obtenez le maximum du canon EOS 650D","description":"Avec le canon EOS 650D, commercialis\u00e9 d'ici l'\u00e9t\u00e9 2012 au prix de 800\u20ac, Canon va renouveler son offre reflex milieu de gamme, jusqu'\u00e0 pr\u00e9sent constitu\u00e9e des Canon EOS 550D (lanc\u00e9s d\u00e9but 2010) et 600D (lanc\u00e9 en mars 2011). Le Canon EOS 550D ne sera plus commercialis\u00e9, et le prix du Canon EOS 600D (actuellement \u00e0 800\u20ac) va baisser. Le Canon EOS 650D sera un v\u00e9ritable petit appareil d'\u00e9tude, id\u00e9al pour le photographe d\u00e9butant comme pour l'amateur passionn\u00e9. Ce guide pratique d\u00e9voile toutes les caract\u00e9ristiques du Canon EOS 650D, de sa prise en main \u00e0 ses modes les plus avanc\u00e9s, sans oublier les accessoires, gammes optiques et solutions logicielles Canon. \u00c0 travers les nombreux tests et mises en situation propos\u00e9s, le lecteur pourra explorer son bo\u00eetier et r\u00e9ussir ses photographies en progressant \u00e0 son rythme.","authors":["Vincent Burgeon","Philippe Chaudr\u00e9"],"category_codes":["6000000","6070000","6070200"],"visuals":{"large":"https:\/\/images.epagine.fr\/932\/9782100584932_1_75.jpg","medium":"https:\/\/images.epagine.fr\/932\/9782100584932_1_m.jpg","thumbnail":"https:\/\/images.epagine.fr\/932\/9782100584932_1_v.jpg"},"orderable":true,"show_badge":true,"formatted_price":"32,00&nbsp;\u20ac","formatted_published_date":"17 octobre 2012","publisher_availability_label":"Sur commande","short_details":"Vincent Burgeon, Philippe Chaudr\u00e9 \u2014 Dunod","translator":null,"weight":778,"page_count":320,"readership":null,"editor":"Dunod","price":3200,"published_date":"2012-10-16T22:00:00.000000Z","support":"Grand format","publisher_availability":1,"stock":0,"editions":[],"url":"https:\/\/quaidesbrumes.com\/ouvrage\/9782100584932\/obtenez-le-maximum-du-canon-eos-650d"},{"id":"9782013064033","title":"Trait\u00e9 pratique de la retouche des clich\u00e9s photographiques : suivi d'une m\u00e9thode tr\u00e8s d\u00e9taill\u00e9e d'\u00e9maillage et de formules et proc\u00e9d\u00e9s divers","description":"Trait\u00e9 pratique de la retouche des clich\u00e9s photographiques suivi d'une m\u00e9thode tr\u00e8s d\u00e9taill\u00e9e d'\u00e9maillage et de formules et proc\u00e9d\u00e9s divers \/ par P. Piquep\u00e9\r\nDate de l'\u00e9dition originale : 1890\r\nSujet de l'ouvrage : Photographie -- TraitementPhotographie -- 1870-1914 -- Guides pratiques et m\u00e9mentos\r\n\r\nLe pr\u00e9sent ouvrage s'inscrit dans une politique de conservation patrimoniale des ouvrages de la litt\u00e9rature Fran\u00e7aise mise en place avec la BNF.\r\nHACHETTE LIVRE et la BNF proposent ainsi un catalogue de titres indisponibles, la BNF ayant num\u00e9ris\u00e9 ces oeuvres et HACHETTE LIVRE les imprimant \u00e0 la demande.\r\nCertains de ces ouvrages refl\u00e8tent des courants de pens\u00e9e caract\u00e9ristiques de leur \u00e9poque, mais qui seraient aujourd'hui jug\u00e9s condamnables.\r\nIls n'en appartiennent pas moins \u00e0 l'histoire des id\u00e9es en France et sont susceptibles de pr\u00e9senter un int\u00e9r\u00eat scientifique ou historique.\r\nLe sens de notre d\u00e9marche \u00e9ditoriale consiste ainsi \u00e0 permettre l'acc\u00e8s \u00e0 ces oeuvres sans pour autant que nous en cautionnions en aucune fa\u00e7on le contenu.\r\n\r\nPour plus d'informations, rendez-vous sur www.hachettebnf.fr","authors":["P Piquep\u00e9"],"category_codes":["6000000","6070000","6070200"],"visuals":{"large":"https:\/\/images.epagine.fr\/033\/9782013064033_1_75.jpg","medium":"https:\/\/images.epagine.fr\/033\/9782013064033_1_m.jpg","thumbnail":"https:\/\/images.epagine.fr\/033\/9782013064033_1_v.jpg"},"orderable":true,"show_badge":true,"formatted_price":"17,00&nbsp;\u20ac","formatted_published_date":"1er mai 2017","publisher_availability_label":"Sur commande","short_details":"P Piquep\u00e9 \u2014 Hachette BNF","translator":null,"weight":213,"page_count":148,"readership":null,"editor":"Hachette BNF","price":1700,"published_date":"2017-04-30T22:00:00.000000Z","support":"Grand format","publisher_availability":1,"stock":0,"editions":["9782019725464"],"url":"https:\/\/quaidesbrumes.com\/ouvrage\/9782013064033\/traite-pratique-de-la-retouche-des-cliches-photographiques-suivi-dune-methode-tres-detaillee-demaillage-et-de-formules-et-procedes-divers"},{"id":"9782246707110","title":"Les dimanches de Louveciennes ; chez H\u00e9l\u00e8ne et Pierre Lazareff","description":"Chaque dimanche, entre la Lib\u00e9ration et le d\u00e9but des ann\u00e9es soixante-dix, Pierre et H\u00e9l\u00e8ne Lazareff recevaient le Tout-Paris des lettres et de la politique dans leur belle maison de Louveciennes. C'est l\u00e0 qu'on lan\u00e7ait Fran\u00e7oise Sagan ou que l'on organisait la chute d'un gouvernement ; c'est l\u00e0 que battait le coeur mondain de la France des \u00ab Trente Glorieuses \u00bb ; et c'est l\u00e0 que r\u00e9gnaient le directeur de France Soir et son \u00e9pouse, directrice-fondatrice de Elle. Ce livre revisite, pour la premi\u00e8re fois, l'histoire de ce couple l\u00e9gendaire et libre. De Paris \u00e0 New York, de la Russie \u00e0 Louveciennes, on suivra ainsi l'\u00e9pop\u00e9e tumultueuse de cet homme et de cette femme, de leurs amours agit\u00e9es, de leur passion pour un journalisme qu'ils vont, chacun dans son style, r\u00e9inventer... Vie priv\u00e9e, vie publique, vie politique se m\u00ealent alors dans une ambiance \u00e9lectrique. On y entend l'actualit\u00e9 qui vibre et les rotatives qui tournent... Dans cette anatomie professionnelle et sentimentale d'un couple, Sophie Delassein retrace un double parcours hors normes. Elle y ressuscite surtout deux amoureux qui se voussoyaient, qui se quitt\u00e8rent souvent tout en se retrouvant, et dont le destin reste indissociable de celui de la presse moderne.","authors":["Sophie Delassein"],"category_codes":["1000000","1060000","1060100"],"visuals":{"large":"https:\/\/images.epagine.fr\/110\/9782246707110_1_75.jpg","medium":"https:\/\/images.epagine.fr\/110\/9782246707110_1_m.jpg","thumbnail":"https:\/\/images.epagine.fr\/110\/9782246707110_1_v.jpg"},"orderable":true,"show_badge":true,"formatted_price":"23,90&nbsp;\u20ac","formatted_published_date":"8 avril 2009","publisher_availability_label":"Sur commande","short_details":"Sophie Delassein \u2014 \u00c9ditions Grasset","translator":null,"weight":425,"page_count":337,"readership":"Tout public","editor":"\u00c9ditions Grasset","price":2390,"published_date":"2009-04-07T22:00:00.000000Z","support":"Grand format","publisher_availability":1,"stock":0,"editions":[],"url":"https:\/\/quaidesbrumes.com\/ouvrage\/9782246707110\/les-dimanches-de-louveciennes-chez-helene-et-pierre-lazareff"},{"id":"9782100565122","title":"Obtenez le maximum du Canon EOS 600D","description":"Avec le canon EOS 600D, commercialis\u00e9 fin mars \/ d\u00e9but avril 2011 au prix de 800\u20ac, Canon va renouveler son offre reflex milieu de gamme, jusqu'\u00e0 pr\u00e9sent constitu\u00e9e des Canon EOS 500D (lanc\u00e9s \u00e0 l'automne 2009) et 550D (lanc\u00e9 d\u00e9but 2010).\r\nLe Canon EOS 500D ne sera plus commercialis\u00e9, et le prix du Canon EOS 550D (actuellement 800\u20ac) va baisser. Le Canon EOS 600D sera un v\u00e9ritable petit appareil d'\u00e9tude, id\u00e9al pour le photographe d\u00e9butant comme pour l'amateur passionn\u00e9. Ce guide pratique d\u00e9voile toutes les caract\u00e9ristiques du Canon EOS 600D, de sa prise en main \u00e0 ses modes les plus avanc\u00e9s, sans oublier les accessoires, gammes optiques et solutions logicielles Canon.\r\n\u00c0 travers les nombreux tests et mises en situation propos\u00e9s, le lecteur pourra explorer son bo\u00eetier et r\u00e9ussir ses photographies en progressant \u00e0 son rythme.","authors":["Burgeon","Chaudre"],"category_codes":["6000000","6070000","6070200"],"visuals":{"large":"https:\/\/images.epagine.fr\/122\/9782100565122_1_75.jpg","medium":"https:\/\/images.epagine.fr\/122\/9782100565122_1_m.jpg","thumbnail":"https:\/\/images.epagine.fr\/122\/9782100565122_1_v.jpg"},"orderable":true,"show_badge":true,"formatted_price":"32,00&nbsp;\u20ac","formatted_published_date":"6 juillet 2011","publisher_availability_label":"Sur commande","short_details":"Burgeon, Chaudre \u2014 Dunod","translator":null,"weight":796,"page_count":320,"readership":null,"editor":"Dunod","price":3200,"published_date":"2011-07-05T22:00:00.000000Z","support":"Grand format","publisher_availability":1,"stock":0,"editions":[],"url":"https:\/\/quaidesbrumes.com\/ouvrage\/9782100565122\/obtenez-le-maximum-du-canon-eos-600d"},{"id":"9782915107722","title":"Un balcon au bord du monde","description":null,"authors":["Collectif"],"category_codes":["6000000","6070000","6070200"],"visuals":{"large":"https:\/\/quaidesbrumes.com\/img\/book-placeholder.png","medium":"https:\/\/quaidesbrumes.com\/img\/book-placeholder.png","thumbnail":"https:\/\/quaidesbrumes.com\/img\/book-placeholder.png"},"orderable":true,"show_badge":true,"formatted_price":"20,00&nbsp;\u20ac","formatted_published_date":"1er mars 2013","publisher_availability_label":"Sur commande","short_details":"Collectif \u2014 Color Gang Editions","translator":null,"weight":468,"page_count":128,"readership":null,"editor":"Color Gang Editions","price":2000,"published_date":"2013-02-28T23:00:00.000000Z","support":"Grand format","publisher_availability":1,"stock":0,"editions":[],"url":"https:\/\/quaidesbrumes.com\/ouvrage\/9782915107722\/un-balcon-au-bord-du-monde"},{"id":"9782246852421","title":"Truffaut et les femmes","description":"Le r\u00e9alisateur  de \u00ab Baisers vol\u00e9s \u00bb et du \u00ab Dernier m\u00e9tro \u00bb ne cachait pas son jeu: \u00ab Le cin\u00e9ma, disait-il, c'est l'art de faire faire de jolies choses \u00e0 de jolies femmes \u00bb. Il ne se priva jamais de m\u00ealer la vie, l'image, la fiction, le sc\u00e9nario, la r\u00e9alit\u00e9.  \r\nIl y avait ainsi, d'un c\u00f4t\u00e9, le Truffaut rive droite, cravat\u00e9 et sangl\u00e9 ; et, de l'autre, l'individu p\u00e9tri d'\u00e9motions et soumis \u00e0 son tumultueux d\u00e9sordre int\u00e9rieur. La femme id\u00e9ale n'existant pas, il la modela \u00e0 l'image de ses fantasmes :  fatale, magn\u00e9tique, audacieuse, tendre, intouchable.  \r\nDu cin\u00e9ma \u00e0 ses propres battements de coeur, ce fut donc, pour ce merveilleux artiste,  un tourbillon dans lequel les actrices seront, chacune, un vertige sp\u00e9cifique : amoureux de son \u00e9pouse, Madeleine, fou de Jeanne Moreau, de \u00ab Framboise \u00bb Dorl\u00e9ac, amus\u00e9 par Claude Jade, aimant\u00e9 par Catherine Deneuve,  envo\u00fbt\u00e9 par Fanny Ardant. Son existence et ses films finirent par se confondre afin de ne faire plus qu'un.  \r\nTruffaut ou l'homme qui aimait les femmes ? \r\nToutes les femmes ?  \r\nEvidemment.  \r\nCe livre-enqu\u00eate prouvera qu'elles le lui rendaient bien.","authors":["Elizabeth Gouslan"],"category_codes":["6000000","6070000","6070300","6070305"],"visuals":{"large":"https:\/\/images.epagine.fr\/421\/9782246852421_1_75.jpg","medium":"https:\/\/images.epagine.fr\/421\/9782246852421_1_m.jpg","thumbnail":"https:\/\/images.epagine.fr\/421\/9782246852421_1_v.jpg"},"orderable":true,"show_badge":true,"formatted_price":"20,90&nbsp;\u20ac","formatted_published_date":"9 mars 2016","publisher_availability_label":"Sur commande","short_details":"Elizabeth Gouslan \u2014 \u00c9ditions Grasset","translator":null,"weight":290,"page_count":256,"readership":null,"editor":"\u00c9ditions Grasset","price":2090,"published_date":"2016-03-08T23:00:00.000000Z","support":"Grand format","publisher_availability":1,"stock":0,"editions":[],"url":"https:\/\/quaidesbrumes.com\/ouvrage\/9782246852421\/truffaut-et-les-femmes"},{"id":"9782246715511","title":"Recherche jeune homme aimant le cin\u00e9ma","description":"Pierre Grimblat, n\u00e9 en 1928 \u00e0 Paris, rue Saint-Maur, semble avoir pass\u00e9 un pacte avec la chance : d'origine modeste, autodidacte d'un naturel charmeur et fantaisiste, il d\u00e9bute \u00e0 Saint-Germain des Pr\u00e9s en disant des po\u00e8mes aux terrasses des caf\u00e9s, remarqu\u00e9 par Boris Vian et Raymond Queneau gr\u00e2ce \u00e0 qui, il entre \u00e0 la radio. Il gravit rapidement tous les \u00e9chelons des m\u00e9tiers de l'image. D'abord dans la publicit\u00e9, (avec Marcel Bleustein-Blanchet), puis dans le cin\u00e9ma - c'est dans son film \u00ab Slogan \u00bb que Serge Gainsbourg fit la connaissance de Jane Birkin - puis \u00e0 la t\u00e9l\u00e9vision o\u00f9, avec un flair infaillible, il cr\u00e9e et produit avec Hamster la plupart des \u00ab s\u00e9ries \u00bb qui firent les beaux jours du petit \u00e9cran. Au fil de cette carri\u00e8re, men\u00e9e avec une d\u00e9sinvolture l\u00e9gendaire, il privil\u00e9gia l'amiti\u00e9, l'amour et les femmes. Dans ce livre de m\u00e9moires - \u00e9crit dans une langue verte, qui fait parfois songer aux dialogues de son ami Audiard, - d\u00e9filent aussi ses copains (de Truffaut \u00e0 Eddie Constantine ou Maurice Ronet, son \u00ab fr\u00e8re \u00bb), ses conqu\u00eates f\u00e9minines (innombrables, pittoresques, et dispers\u00e9es entre Beverley Hill et Saint Tropez) et ses \u00e9motions de jeune enfant d'\u00e9migr\u00e9s \u00e9bloui par Paris.","authors":["Pierre Grimblat"],"category_codes":["6000000","6070000","6070300"],"visuals":{"large":"https:\/\/images.epagine.fr\/511\/9782246715511_1_75.jpg","medium":"https:\/\/images.epagine.fr\/511\/9782246715511_1_m.jpg","thumbnail":"https:\/\/images.epagine.fr\/511\/9782246715511_1_v.jpg"},"orderable":true,"show_badge":true,"formatted_price":"28,40&nbsp;\u20ac","formatted_published_date":"30 janvier 2008","publisher_availability_label":"Sur commande","short_details":"Pierre Grimblat \u2014 \u00c9ditions Grasset","translator":null,"weight":434,"page_count":380,"readership":null,"editor":"\u00c9ditions Grasset","price":2840,"published_date":"2008-01-29T23:00:00.000000Z","support":"Grand format","publisher_availability":1,"stock":0,"editions":[],"url":"https:\/\/quaidesbrumes.com\/ouvrage\/9782246715511\/recherche-jeune-homme-aimant-le-cinema"},{"id":"9782246783381","title":"Le choix d'Arte","description":"En 1989, je n'imaginais pas, en me lan\u00e7ant dans l'aventure de la Sept qui deviendra Arte, que je passerais vingt ans \u00e0 diriger cette cha\u00eene avec des partenaires allemands. Trois pr\u00e9sidents de la R\u00e9publique, trois chanceliers d'Allemagne, dont deux avant la r\u00e9unification, une quinzaine de ministres de la Culture ou de la Communication... Et autant de p\u00e9rip\u00e9ties politiques \u00e0 la cl\u00e9. Il y eu aussi les rencontres exquises avec les grandes figures culturelles et les jeunes talents, de Daniel Barenbo\u00efm \u00e0 Cyril Collard, d'Isabelle Huppert \u00e0 Marina Hands, de Jeanne Moreau \u00e0 Angelin Preljocaj. Il y eut de grands \u00e9carts, de l'aust\u00e9rit\u00e9 de Corpus Christi \u00e0 la fantaisie \u00e9rotique de V\u00e9nus et Apollon, du tumulte et de la gr\u00e2ce.\r\nD\u00e9montrer que la t\u00e9l\u00e9vision est un art o\u00f9 l'intelligence et le divertissement peuvent se conjuguer ; mettre les cr\u00e9ateurs et la cr\u00e9ation au centre des programmes ; \u00eatre curieux, innover, voil\u00e0 ce qui m'anima durant toutes ces ann\u00e9es. Faire la preuve que l'utopie peut se r\u00e9aliser pour peu que la volont\u00e9 et les convictions soient mises en oeuvre.\r\nUne mission impossible ? Vingt ans apr\u00e8s, le choix d'Arte est toujours un pari audacieux.J\u00e9r\u00f4me Cl\u00e9ment","authors":["J\u00e9r\u00f4me Cl\u00e9ment"],"category_codes":["6000000","6070000","6070300"],"visuals":{"large":"https:\/\/images.epagine.fr\/381\/9782246783381_1_75.jpg","medium":"https:\/\/images.epagine.fr\/381\/9782246783381_1_m.jpg","thumbnail":"https:\/\/images.epagine.fr\/381\/9782246783381_1_v.jpg"},"orderable":true,"show_badge":true,"formatted_price":"28,40&nbsp;\u20ac","formatted_published_date":"23 mars 2011","publisher_availability_label":"Sur commande","short_details":"J\u00e9r\u00f4me Cl\u00e9ment \u2014 \u00c9ditions Grasset","translator":null,"weight":434,"page_count":408,"readership":null,"editor":"\u00c9ditions Grasset","price":2840,"published_date":"2011-03-22T23:00:00.000000Z","support":"Grand format","publisher_availability":1,"stock":0,"editions":[],"url":"https:\/\/quaidesbrumes.com\/ouvrage\/9782246783381\/le-choix-darte"},{"id":"9782246711117","title":"Anatomie d'un film","description":"Raconter comment un film se monte aujourd'hui en France. Passer derri\u00e8re l'\u00e9cran, rencontrer les acteurs, sonder les partenaires financiers, se heurter aux agents, explorer les circuits de diffusion et de distribution, \u00e9valuer le poids des cha\u00eenes de t\u00e9l\u00e9vision, d\u00e9crire les tourments d'un tournage, les affres d'une s\u00e9lection dans un grand festival, les angoisses inh\u00e9rentes \u00e0 tout processus de cr\u00e9ation. Ni monographie ni journal de tournage, l'enqu\u00eate de Jacques Mandelbaum raconte avec pr\u00e9cision les \u00e9tapes de fabrication d'un film, sign\u00e9 Arnaud des Palli\u00e8res, l'un des r\u00e9alisateurs les plus ambitieux de la nouvelle g\u00e9n\u00e9ration : Parc. A travers ce cas d'\u00e9cole, c'est l'histoire exemplaire du cin\u00e9ma d'auteur, \u00e0 une \u00e9poque o\u00f9 jamais le financement n'en a \u00e9t\u00e9 aussi p\u00e9rilleux et impr\u00e9visible.","authors":["Mandelbaum-J"],"category_codes":["6000000","6070000","6070300"],"visuals":{"large":"https:\/\/images.epagine.fr\/117\/9782246711117_1_75.jpg","medium":"https:\/\/images.epagine.fr\/117\/9782246711117_1_m.jpg","thumbnail":"https:\/\/images.epagine.fr\/117\/9782246711117_1_v.jpg"},"orderable":true,"show_badge":true,"formatted_price":"22,40&nbsp;\u20ac","formatted_published_date":"14 janvier 2009","publisher_availability_label":"Sur commande","short_details":"Mandelbaum-J \u2014 \u00c9ditions Grasset","translator":null,"weight":276,"page_count":296,"readership":"Tout public","editor":"\u00c9ditions Grasset","price":2240,"published_date":"2009-01-13T23:00:00.000000Z","support":"Grand format","publisher_availability":1,"stock":0,"editions":[],"url":"https:\/\/quaidesbrumes.com\/ouvrage\/9782246711117\/anatomie-dun-film"},{"id":"9788836656486","title":"Martine Franck : Looking at others","description":"Le pr\u00e9sent ouvrage a pour ambition de mieux faire conna\u00eetre l'importante contribution visuelle de cette grande figure f\u00e9minine de la photographie du dernier tiers du XXe si\u00e8cle qu'\u00e9tait Martine Franck. Ce livre c\u00e9l\u00e8bre ses images les plus connues sur l'enfance, le grand \u00e2ge, ou le th\u00e9\u00e2tre, dont certaines sont devenues des ic\u00f4nes. Mais il r\u00e9v\u00e8le \u00e9galement des pans entiers de son oeuvre, sur la repr\u00e9sentation du travail, les mouvements f\u00e9ministes, ou la soci\u00e9t\u00e9 de consommation, qui, jusqu'\u00e0 pr\u00e9sent, ont peu \u00e9t\u00e9 montr\u00e9s. Cette nouvelle synth\u00e8se r\u00e9v\u00e8le ainsi au grand public une artiste sinc\u00e8rement humaniste, profond\u00e9ment engag\u00e9e dans son \u00e9poque, et pour laquelle l'appareil photographique a \u00e9t\u00e9 un entremetteur privil\u00e9gi\u00e9 pour regarder les autres.","authors":["Cl\u00e9ment Ch\u00e9roux"],"category_codes":["6000000","6070000","6070200","6070205"],"visuals":{"large":"https:\/\/images.epagine.fr\/486\/9788836656486_1_75.jpg","medium":"https:\/\/images.epagine.fr\/486\/9788836656486_1_m.jpg","thumbnail":"https:\/\/images.epagine.fr\/486\/9788836656486_1_v.jpg"},"orderable":true,"show_badge":true,"formatted_price":"38,00&nbsp;\u20ac","formatted_published_date":"28 ao\u00fbt 2024","publisher_availability_label":"Sur commande","short_details":"Cl\u00e9ment Ch\u00e9roux \u2014 Silvana Editoriale","translator":null,"weight":1160,"page_count":208,"readership":null,"editor":"Silvana Editoriale","price":3800,"published_date":"2024-08-27T22:00:00.000000Z","support":"Grand format","publisher_availability":1,"stock":0,"editions":[],"url":"https:\/\/quaidesbrumes.com\/ouvrage\/9788836656486\/martine-franck-looking-at-others"},{"id":"9788836655229","title":"Valerio Bispuri : Dimenticati \/ The Forgotten","description":"Les \u00ab Oubli\u00e9s \u00bb (dimenticati en italien ; the forgotten en anglais) sont tous ceux que le monde a cess\u00e9 de voir. Ce livre de photographie est \u00e0 la fois une aventure et une d\u00e9couverte. Chaque clich\u00e9 montre la vie mise \u00e0 l'\u00e9preuve par la folie ; que ce soit en Italie ou en Afrique, le choc que vous vivrez est toujours le m\u00eame. Valerio Bispuri semble dot\u00e9 d'un pouvoir, celui de capter l'instant o\u00f9 la douleur devient plastique, visible jusqu'au tourment. Cette capacit\u00e9 est combin\u00e9e \u00e0 l'ent\u00eatement. Car pour arriver \u00e0 certains clich\u00e9s, il faut du temps, de l'abn\u00e9gation, des ann\u00e9es, ces ann\u00e9es qu'il a consacr\u00e9es au th\u00e8me de la maladie mentale. Le sacrifice d'ann\u00e9es enti\u00e8res d'existence derri\u00e8re un projet artistique et citoyen appara\u00eet aujourd'hui comme quelque chose de r\u00e9volutionnaire. Un conseil \u00e0 tous ceux qui regarderont ce livre de photographie : il n'est pas permis de se pr\u00e9cipiter. Laissez-vous porter par chaque clich\u00e9 dans l'\u00eatre humain qu'il raconte, perdez-vous dans les d\u00e9tails, surtout laissez-vous p\u00e9n\u00e9trer par les yeux, souvent sans raison, de cette humanit\u00e9 \u00e9prouv\u00e9e, plong\u00e9e dans le puits de la maladie mentale. Vous en ressortirez diff\u00e9rents, vous et votre regard, pour toujours. ","authors":["Valerio Bispuri"],"category_codes":["6000000","6070000","6070200","6070204"],"visuals":{"large":"https:\/\/images.epagine.fr\/229\/9788836655229_1_75.jpg","medium":"https:\/\/images.epagine.fr\/229\/9788836655229_1_m.jpg","thumbnail":"https:\/\/images.epagine.fr\/229\/9788836655229_1_v.jpg"},"orderable":true,"show_badge":true,"formatted_price":"39,00&nbsp;\u20ac","formatted_published_date":"28 ao\u00fbt 2024","publisher_availability_label":"Sur commande","short_details":"Valerio Bispuri \u2014 Silvana Editoriale","translator":null,"weight":1180,"page_count":144,"readership":null,"editor":"Silvana Editoriale","price":3900,"published_date":"2024-08-27T22:00:00.000000Z","support":"Grand format","publisher_availability":1,"stock":0,"editions":[],"url":"https:\/\/quaidesbrumes.com\/ouvrage\/9788836655229\/valerio-bispuri-dimenticati-the-forgotten"},{"id":"9782246636618","title":"Louis de Fun\u00e8s","description":"Nous aimons tous Louis de Fun\u00e8s. Nous ne savons plus combien de fois nous avons vu La Grande Vadrouille, Les Gendarmes, Le Tatou\u00e9 ou L'Homme orchestre. Nous l'avons tous un jour imit\u00e9 quand il r\u00e9p\u00e8te \u00ab alors l\u00e0, il m'\u00e9pate ! \u00bb dans Le Corniaud, quand il tire sur son nez dans Oscar, quand il se lance dans la danse des Aventures de Rabbi Jacob... Mais que savons-nous de lui ? Qu'il n'a vraiment perc\u00e9 qu'apr\u00e8s avoir jou\u00e9 dans plus de cent vingt films, qu'il a toujours refus\u00e9 de jouer des r\u00f4les dramatiques, qu'il est le seul des grands acteurs fran\u00e7ais \u00e0 \u00eatre g\u00e9nial dans de mauvais films... Mais nous ignorons par quels prodiges d'opini\u00e2tret\u00e9, de travail et m\u00eame de chance Louis de Fun\u00e8s est pass\u00e9 pour que, \u00e0 cinquante ans, l'\u00e9ternel second r\u00f4le devienne l'acteur le plus populaire du cin\u00e9ma fran\u00e7ais - et jusqu'\u00e0 aujourd'hui. A travers des dizaines de t\u00e9moignages, des milliers de critiques et d'articles de presse, des archives in\u00e9dites et surtout les dizaines de films tourn\u00e9s par Louis de Fun\u00e8s, Bertrand Dicale raconte la vie et la carri\u00e8re de notre acteur pr\u00e9f\u00e9r\u00e9. Ainsi, Louis de Fun\u00e8s, grimaces et gloire est la travers\u00e9e d'un demi-si\u00e8cle de notre culture populaire, une exploration de notre m\u00e9moire - et de nos amn\u00e9sies - collective, une plong\u00e9e dans les mutations de notre soci\u00e9t\u00e9 depuis la Lib\u00e9ration.","authors":["Dicale-B"],"category_codes":["6000000","6070000","6070300"],"visuals":{"large":"https:\/\/images.epagine.fr\/618\/9782246636618_1_75.jpg","medium":"https:\/\/images.epagine.fr\/618\/9782246636618_1_m.jpg","thumbnail":"https:\/\/images.epagine.fr\/618\/9782246636618_1_v.jpg"},"orderable":true,"show_badge":true,"formatted_price":"31,90&nbsp;\u20ac","formatted_published_date":"10 juin 2009","publisher_availability_label":"Sur commande","short_details":"Dicale-B \u2014 \u00c9ditions Grasset","translator":null,"weight":584,"page_count":800,"readership":"Tout public","editor":"\u00c9ditions Grasset","price":3190,"published_date":"2009-06-09T22:00:00.000000Z","support":"Grand format","publisher_availability":1,"stock":0,"editions":[],"url":"https:\/\/quaidesbrumes.com\/ouvrage\/9782246636618\/louis-de-funes"},{"id":"9782246381013","title":"Simone Signoret","description":"En octobre 1995, il y aura dix ans que Simone Signoret est morte. Jean-Fran\u00e7ois Josselin fut un de ses plus proches confidents. Il v\u00e9cut les derni\u00e8res ann\u00e9es de Simone en t\u00e9moin affectueux et privil\u00e9gi\u00e9, d'o\u00f9 ce livre - ni biographie, ni recueil de souvenirs, mais tout \u00e0 la fois... Il se penche sur l'\u00e9trange destin de cette femme, ses souffrances secr\u00e8tes, ses enthousiasmes de gamine, ses d\u00e9sespoirs de vieille femme... Car il en sait beaucoup, Jean-Fran\u00e7ois Josselin, sur la vraie vie de Simone ! Sur ses d\u00e9buts sous l'Occupation, sur ses amours... Son livre est, ainsi, un voyage en compagnie d'une amie disparue. De la politique au cin\u00e9ma, de Hollywood \u00e0 la place Dauphine, de Montand \u00e0 Corinne Luchaire, la star maudite... Un livre m\u00e9lancolique et tendre dans lequel l'auteur, \u00e0 sa fa\u00e7on, adresse un salut \u00e0 sa propre jeunesse enfuie...","authors":["Jean-Francois Josselin"],"category_codes":["1000000","1060000","1060200"],"visuals":{"large":"https:\/\/images.epagine.fr\/013\/9782246381013_1_75.jpg","medium":"https:\/\/images.epagine.fr\/013\/9782246381013_1_m.jpg","thumbnail":"https:\/\/images.epagine.fr\/013\/9782246381013_1_v.jpg"},"orderable":true,"show_badge":true,"formatted_price":"12,90&nbsp;\u20ac","formatted_published_date":"4 octobre 1995","publisher_availability_label":"Sur commande","short_details":"Jean-Francois Josselin \u2014 \u00c9ditions Grasset","translator":null,"weight":163,"page_count":140,"readership":null,"editor":"\u00c9ditions Grasset","price":1290,"published_date":"1995-10-03T23:00:00.000000Z","support":"Grand format","publisher_availability":1,"stock":0,"editions":[],"url":"https:\/\/quaidesbrumes.com\/ouvrage\/9782246381013\/simone-signoret"},{"id":"9782246449911","title":"Le d\u00e9sordre et la vie","description":"Depuis longtemps - depuis toujours ? - Jacques Chancel observe et confesse la plupart de ses contemporains. Du plus illustre au plus humble. De l'\u00e9crivain au sportif. De la star \u00e9ph\u00e9m\u00e8re aux h\u00e9ros du si\u00e8cle. Des rois aux rebelles. Tous, un jour ou l'autre, se sont retrouv\u00e9s devant lui. Et gr\u00e2ce \u00e0 Jacques Chancel, c'est un peu de la m\u00e9moire de notre temps qui - de {Radioscopie} au {Grand \u00e9chiquier} - s'est myst\u00e9rieusement \u00e9labor\u00e9e. T\u00e9moin attentif, il s'est nourri d'autrui, il a fait son miel de leurs confidences, de leurs destins. Guetteur passionn\u00e9, il rend hommage \u00e0 la vie, notre vie, \u00e0 ceux et celles qui l'ont faite telle qu'elle est. {Le D\u00e9sordre et la Vie} se pr\u00e9sente donc comme un journal de bord, de voyages et d'aventures. C'est, en compagnie d'un homme tendre et lucide, la grande fresque de l'\u00e9poque. Souvenirs, coups de griffes, r\u00e9flexions, aveux. Jacques Chancel ne s'y refuse aucun registre.","authors":["Jacques Chancel"],"category_codes":["6000000","6070000","6070300"],"visuals":{"large":"https:\/\/images.epagine.fr\/911\/9782246449911_1_75.jpg","medium":"https:\/\/images.epagine.fr\/911\/9782246449911_1_m.jpg","thumbnail":"https:\/\/images.epagine.fr\/911\/9782246449911_1_v.jpg"},"orderable":true,"show_badge":true,"formatted_price":"31,90&nbsp;\u20ac","formatted_published_date":"2 octobre 1991","publisher_availability_label":"Sur commande","short_details":"Jacques Chancel \u2014 \u00c9ditions Grasset","translator":null,"weight":557,"page_count":512,"readership":null,"editor":"\u00c9ditions Grasset","price":3190,"published_date":"1991-10-01T23:00:00.000000Z","support":"Grand format","publisher_availability":1,"stock":0,"editions":[],"url":"https:\/\/quaidesbrumes.com\/ouvrage\/9782246449911\/le-desordre-et-la-vie"},{"id":"9782012733084","title":"Album de l'Ecole Centrale : vues et souvenirs","description":"Album de l'Ecole Centrale : vues et souvenirs \/ publi\u00e9 par les soins de l'Association amicale des anciens \u00e9l\u00e8ves\r\nDate de l'\u00e9dition originale : 1884\r\n\r\nLe pr\u00e9sent ouvrage s'inscrit dans une politique de conservation patrimoniale des ouvrages de la litt\u00e9rature Fran\u00e7aise mise en place avec la BNF.\r\nHACHETTE LIVRE et la BNF proposent ainsi un catalogue de titres indisponibles, la BNF ayant num\u00e9ris\u00e9 ces oeuvres et HACHETTE LIVRE les imprimant \u00e0 la demande.\r\nCertains de ces ouvrages refl\u00e8tent des courants de pens\u00e9e caract\u00e9ristiques de leur \u00e9poque, mais qui seraient aujourd'hui jug\u00e9s condamnables.\r\nIls n'en appartiennent pas moins \u00e0 l'histoire des id\u00e9es en France et sont susceptibles de pr\u00e9senter un int\u00e9r\u00eat scientifique ou historique.\r\nLe sens de notre d\u00e9marche \u00e9ditoriale consiste ainsi \u00e0 permettre l'acc\u00e8s \u00e0 ces oeuvres sans pour autant que nous en cautionnions en aucune fa\u00e7on le contenu.\r\n\r\nPour plus d'informations, rendez-vous sur www.hachettebnf.fr","authors":["Ecole Centrale Paris"],"category_codes":["6000000","6070000","6070200"],"visuals":{"large":"https:\/\/images.epagine.fr\/084\/9782012733084_1_75.jpg","medium":"https:\/\/images.epagine.fr\/084\/9782012733084_1_m.jpg","thumbnail":"https:\/\/images.epagine.fr\/084\/9782012733084_1_v.jpg"},"orderable":true,"show_badge":true,"formatted_price":"10,90&nbsp;\u20ac","formatted_published_date":"1er avril 2013","publisher_availability_label":"Sur commande","short_details":"Ecole Centrale Paris \u2014 Hachette BNF","translator":null,"weight":86,"page_count":48,"readership":null,"editor":"Hachette BNF","price":1090,"published_date":"2013-03-31T22:00:00.000000Z","support":"Grand format","publisher_availability":1,"stock":0,"editions":[],"url":"https:\/\/quaidesbrumes.com\/ouvrage\/9782012733084\/album-de-lecole-centrale-vues-et-souvenirs"},{"id":"9782246460114","title":"Le m\u00e9dia-choc","description":"Alain minc se penche sur le syst\u00e8me nerveux de la france, c'est-\u00e0-dire sur son syst\u00e8me m\u00e9diatique ; et son constat est terrible : la france des m\u00e9dias - journaux, t\u00e9l\u00e9vision, audiovisuel en g\u00e9n\u00e9ral... - va mal, tr\u00e8s mal. comment en est-on arriv\u00e9 l\u00e0 ? {le m\u00e9dia-choc}, c'est donc un peu ce big bang qui, apr\u00e8s guerre, a donn\u00e9 naissance au syst\u00e8me de communication dans lequel nous vivons aujourd'hui. pour aborder cette \u00e9tude, alain minc choisit ainsi l'approche \u00e9conomique - nos m\u00e9dias sont pauvres... - culturelle - la france entretient, avec son syst\u00e8me de communication, les m\u00eames relations ambigu\u00ebs qu'avec l'argent - ou politique - car le pouvoir d'etat est, dans ce pays, le grand responsable de son sous-d\u00e9veloppement audiovisuel.","authors":["Alain Minc"],"category_codes":["6000000","6070000","6070300"],"visuals":{"large":"https:\/\/images.epagine.fr\/114\/9782246460114_1_75.jpg","medium":"https:\/\/images.epagine.fr\/114\/9782246460114_1_m.jpg","thumbnail":"https:\/\/images.epagine.fr\/114\/9782246460114_1_v.jpg"},"orderable":true,"show_badge":true,"formatted_price":"19,90&nbsp;\u20ac","formatted_published_date":"6 janvier 1993","publisher_availability_label":"Sur commande","short_details":"Alain Minc \u2014 \u00c9ditions Grasset","translator":null,"weight":308,"page_count":256,"readership":null,"editor":"\u00c9ditions Grasset","price":1990,"published_date":"1993-01-05T23:00:00.000000Z","support":"Grand format","publisher_availability":1,"stock":0,"editions":[],"url":"https:\/\/quaidesbrumes.com\/ouvrage\/9782246460114\/le-media-choc"},{"id":"9782246491217","title":"Journal d'un voyeur","description":"Apr\u00e8s \"le Guetteur de rives\" et \"le D\u00e9sordre et la vie\", voici le troisi\u00e8me tome de son Journal couvrant la p\u00e9riode septembre 1992-septembre 1993.","authors":["Jacques Chancel"],"category_codes":["6000000","6070000","6070300"],"visuals":{"large":"https:\/\/images.epagine.fr\/217\/9782246491217_1_75.jpg","medium":"https:\/\/images.epagine.fr\/217\/9782246491217_1_m.jpg","thumbnail":"https:\/\/images.epagine.fr\/217\/9782246491217_1_v.jpg"},"orderable":true,"show_badge":true,"formatted_price":"17,90&nbsp;\u20ac","formatted_published_date":"9 mars 1994","publisher_availability_label":"Sur commande","short_details":"Jacques Chancel \u2014 \u00c9ditions Grasset","translator":null,"weight":235,"page_count":224,"readership":null,"editor":"\u00c9ditions Grasset","price":1790,"published_date":"1994-03-08T23:00:00.000000Z","support":"Grand format","publisher_availability":1,"stock":0,"editions":[],"url":"https:\/\/quaidesbrumes.com\/ouvrage\/9782246491217\/journal-dun-voyeur"},{"id":"9782100550395","title":"Obtenez le maximum du Canon EOS 550D","description":"Avec ses 18 millions de pixels, sa r\u00e9sistance \u00e9poustouflante au bruit m\u00eame \u00e0 3 200 ISO, son ergonomie et sa prise en main am\u00e9lior\u00e9es par un \u00e9cran arri\u00e8re optimis\u00e9 et un nouveau rev\u00eatement, le Canon EOS 550D atteint un degr\u00e9 in\u00e9dit de perfectionnement pour un bo\u00eetier de ce type.\r\nId\u00e9al pour le photographe d\u00e9butant comme pour l'amateur passionn\u00e9, il est le digne h\u00e9ritier d'une gamme l\u00e9gendaire d'appareils photo. Gr\u00e2ce \u00e0 ce guide pratique, appropriez-vous le Canon EOS 550D : Explorez l'univers Canon, des optiques aux accessoires, et apprenez \u00e0 bien choisir les v\u00f4tres selon vos attentes et votre pratique photo. Comprenez les concepts fondamentaux de la photographie : couples vitesse-diaphragme, profondeur de champ, espace couleur, etc.\r\nFamiliarisez-vous avec votre appareil et r\u00e9alisez, sans tarder, vos premi\u00e8res prises de vue. Exp\u00e9rimentez son mode vid\u00e9o puis lancez-vous dans le tournage et le montage de vos premiers films. Ma\u00eetrisez ses r\u00e9glages les plus sophistiqu\u00e9s et offrez-lui les meilleurs accessoires compatibles pour profiter au mieux de toutes ses ressources. D\u00e9couvrez les logiciels de post-production et initiez-vous \u00e0 la gestion de vos photos num\u00e9riques : transfert, stockage et catalogage, retouche.\r\nRiche en conseils et bonnes pratiques, illustr\u00e9 par de nombreux sch\u00e9mas et photographies, cet ouvrage vous permet d'obtenir le maximum de votre reflex Canon EOS 550D.","authors":["Vincent Burgeon","Philippe Chaudr\u00e9"],"category_codes":["6000000","6070000","6070200"],"visuals":{"large":"https:\/\/images.epagine.fr\/395\/9782100550395_1_75.jpg","medium":"https:\/\/images.epagine.fr\/395\/9782100550395_1_m.jpg","thumbnail":"https:\/\/images.epagine.fr\/395\/9782100550395_1_v.jpg"},"orderable":true,"show_badge":true,"formatted_price":"32,00&nbsp;\u20ac","formatted_published_date":"21 juillet 2010","publisher_availability_label":"Sur commande","short_details":"Vincent Burgeon, Philippe Chaudr\u00e9 \u2014 Dunod","translator":null,"weight":826,"page_count":320,"readership":null,"editor":"Dunod","price":3200,"published_date":"2010-07-20T22:00:00.000000Z","support":"Grand format","publisher_availability":1,"stock":0,"editions":[],"url":"https:\/\/quaidesbrumes.com\/ouvrage\/9782100550395\/obtenez-le-maximum-du-canon-eos-550d"},{"id":"9782100820436","title":"Obtenez le maximum : du Canon EOS 5D Mark IV","description":"Avec son \u00e9cran tactile, son autofocus souple et intuitif, son capteur Dual Pixel de tr\u00e8s haute d\u00e9finition et ses nombreuses fonctions personnalisables, le Canon EOS  5D Mark II est le compagnon id\u00e9al du photographe exigeant et passionn\u00e9, qu'il soit expert ou professionnel.\r\nGr\u00e2ce \u00e0 ce guide pratique, appropriez-vous le Canon EOS 5D Mark IV et d\u00e9couvrez au fil des pages de nombreux conseils et astuces pour am\u00e9liorer votre pratique photo et explorer de nouvelles pistes cr\u00e9atives  :Familiarisez-vous avec votre bo\u00eetier et les technologies Canon embarqu\u00e9es, et explorez les secrets de son fonctionnement.Exploitez ses fonctions avanc\u00e9es telles que l'autofocus, le GPS, la vid\u00e9o 4K ou le nouveau format de fichier Dual Pixel RAW.Ma\u00eetrisez les principes de la photographie pour g\u00e9rer parfaitement l'exposition, la mise au point et le bruit num\u00e9rique.\u00c9quipez votre reflex selon votre pratique en faisant les bons choix en optiques, flashes et accessoires.Construisez un flux de production num\u00e9rique efficace en adoptant les bons r\u00e9flexes pour cataloguer, d\u00e9velopper et partager vos images.","authors":["Vincent Burgeon"],"category_codes":["6000000","6070000","6070200","6070208"],"visuals":{"large":"https:\/\/images.epagine.fr\/436\/9782100820436_1_75.jpg","medium":"https:\/\/images.epagine.fr\/436\/9782100820436_1_m.jpg","thumbnail":"https:\/\/images.epagine.fr\/436\/9782100820436_1_v.jpg"},"orderable":true,"show_badge":true,"formatted_price":"39,90&nbsp;\u20ac","formatted_published_date":"2 novembre 2020","publisher_availability_label":"Sur commande","short_details":"Vincent Burgeon \u2014 Dunod","translator":null,"weight":757,"page_count":320,"readership":null,"editor":"Dunod","price":3990,"published_date":"2020-11-01T23:00:00.000000Z","support":"Grand format","publisher_availability":1,"stock":0,"editions":[],"url":"https:\/\/quaidesbrumes.com\/ouvrage\/9782100820436\/obtenez-le-maximum-du-canon-eos-5d-mark-iv"},{"id":"9782246355618","title":"Le guetteur de rives","description":"On ne pr\u00e9sente pas Jacques Chancel. Tout le monde conna\u00eet sa voix, son coup d'oeil ironique et amical. Avec {Radioscopie, Quotidien pluriel}, et surtout {le Grand Echiquier}, il a permis \u00e0 des millions de Fran\u00e7ais de voir et d'entendre les plus grands \u00e9crivains et artistes de notre temps. Mais ni la radio, ni la t\u00e9l\u00e9vision ne peuvent tout saisir d'un monde aussi riche et divers. Pour garder un souvenir des mille rencontres qui peuplent sa vie, Jacques Chancel a tenu son journal tout au long de l'ann\u00e9e 1984. Borges, Marguerite Yourcenar, Montand, Claude L\u00e9vi-Strauss, Fran\u00e7ois Truffaut, Jessye Norman, le Tour de France cycliste, Roland Garros...autant d'occasions de jeter sur le papier avec l'humour et la ferveur qu'on lui conna\u00eet, ses r\u00e9actions du moment. Guetteur de rives, Jacques Chancel sait non seulement voir, mais nous faire voir en quoi une ann\u00e9e comme les autres est toujours aussi une ann\u00e9e exceptionnelle.","authors":["Jacques Chancel"],"category_codes":["6000000","6070000","6070300"],"visuals":{"large":"https:\/\/images.epagine.fr\/618\/9782246355618_1_75.jpg","medium":"https:\/\/images.epagine.fr\/618\/9782246355618_1_m.jpg","thumbnail":"https:\/\/images.epagine.fr\/618\/9782246355618_1_v.jpg"},"orderable":true,"show_badge":true,"formatted_price":"19,90&nbsp;\u20ac","formatted_published_date":"3 avril 1985","publisher_availability_label":"Sur commande","short_details":"Jacques Chancel \u2014 \u00c9ditions Grasset","translator":null,"weight":364,"page_count":298,"readership":null,"editor":"\u00c9ditions Grasset","price":1990,"published_date":"1985-04-02T22:00:00.000000Z","support":"Grand format","publisher_availability":1,"stock":0,"editions":[],"url":"https:\/\/quaidesbrumes.com\/ouvrage\/9782246355618\/le-guetteur-de-rives"},{"id":"9782246590316","title":"Profession magicien","description":"Pendant presque trente ans, Michael Eisner a v\u00e9cu et travaill\u00e9 au coeur de la culture populaire am\u00e9ricaine. Jeune cadre chez ABC, il a contribu\u00e9 \u00e0 cr\u00e9er des s\u00e9ries, des feuilletons aussi c\u00e9l\u00e8bres que Happy Days ou Racines. Pr\u00e9sident de la Paramount, il a supervis\u00e9 la production de films tels que Le flic de Beverly Hills, Les aventuriers de l'Arche perdue, Tendres passions et Elephant Man. PDG de la compagnie Walt Disney depuis seize ans, il a orchestr\u00e9 la transformation de cette entreprise en la d\u00e9veloppant dans diverses directions : le cin\u00e9ma, la t\u00e9l\u00e9vision, la radio, les parcs \u00e0 th\u00e8mes, le th\u00e9\u00e2tre et m\u00eame le cyberespace. \r\nIl raconte ici l'extraordinaire r\u00e9surgence de l'animation chez Disney et les n\u00e9gociations qui ont conduit \u00e0 la plus vaste acquisition dans ce m\u00e9tier - Cap Cities \/ABC -, dont les pr\u00e9misses se d\u00e9roul\u00e8rent sur un parking au fin fond de l'Idaho. Il relate les d\u00e9buts chaotiques de Disneyland Paris et la f\u00e9roce opposition qui d\u00e9boucha sur l'abandon du projet Disney's America. Il nous confie la mort tragique de son partenaire et ami, Frank Wells ; son quadruple pontage ; les bouleversements existentiels qui s'ensuivirent. \r\nA travers ces m\u00e9moires, le lecteur fran\u00e7ais ne p\u00e9n\u00e8tre pas seulement dans les coulisses de la soci\u00e9t\u00e9 du spectacle : il lui est donn\u00e9, pour la premi\u00e8re fois, de vivre en direct dans la peau et dans la t\u00eate de celui qui pr\u00e9sida \u00e0 la destin\u00e9e de cette c\u00e9l\u00e8bre compagnie, confront\u00e9 \u00e0 la mutation radicale d'une industrie du loisir traditionnelle en g\u00e9ant du multim\u00e9dia. \r\n\r\nMichael Eisner PDG de la compagnie Walt Disney vit \u00e0 Los Angeles avec sa femme Jane. Ils ont trois fils. \r\nTony Schwartz, r\u00e9dacteur au magazine Newsweek puis journaliste au New York Times, est le co-auteur du best-seller Art of the Deal. Il vit \u00e0 New York avec sa femme et ses deux filles. \r\n\r\nMichael Eisner reversera tous les droits d'auteur de ce livre \u00e0 un fonds sp\u00e9cial pour l'\u00e9ducation des enfants du personnel de Disney.","authors":["Michael Eisner"],"category_codes":["6000000","6070000","6070300","6070304"],"visuals":{"large":"https:\/\/images.epagine.fr\/316\/9782246590316_1_75.jpg","medium":"https:\/\/images.epagine.fr\/316\/9782246590316_1_m.jpg","thumbnail":"https:\/\/images.epagine.fr\/316\/9782246590316_1_v.jpg"},"orderable":true,"show_badge":true,"formatted_price":"28,40&nbsp;\u20ac","formatted_published_date":"22 mars 2000","publisher_availability_label":"Sur commande","short_details":"Michael Eisner \u2014 \u00c9ditions Grasset","translator":null,"weight":580,"page_count":496,"readership":null,"editor":"\u00c9ditions Grasset","price":2840,"published_date":"2000-03-21T23:00:00.000000Z","support":"Grand format","publisher_availability":1,"stock":0,"editions":[],"url":"https:\/\/quaidesbrumes.com\/ouvrage\/9782246590316\/profession-magicien"},{"id":"9782213615073","title":"La cin\u00e9philie","description":"La cin\u00e9philie fut une passion fran\u00e7aise, d\u00e9vorante et exigeante. Voir des films par centaines, seul ou en bande, mais aussi en discuter, \u00e9crire, rencontrer les r\u00e9alisateurs, fonder des revues, animer des cin\u00e9-clubs, se r\u00e9unir, se combattre : c'est ainsi qu'\u00e0 Paris, entre la Lib\u00e9ration et 1968, les grands cin\u00e9astes du XXe si\u00e8cle connurent la gloire. La cin\u00e9philie a en effet, pour une bonne part, \u00ab fabriqu\u00e9 \u00bb Alfred Hitchcock, Howard Hawks, Roberto Rossellini, Jean Renoir et autres cin\u00e9astes, les pla\u00e7ant au rang d'auteurs et d'intellectuels qui, \u00e0 l'instar d'Aragon, de Picasso ou de John Cage, ont fait la culture du XXe si\u00e8cle. Mais qui \u00e9taient ces cin\u00e9philes ? Antoine de Baecque trace ici les portraits de ces jeunes \u00ab mordus du cin\u00e9ma \u00bb devenus critiques, cin\u00e9astes eux-m\u00eames, \u00e9crivains et journalistes : Andr\u00e9 Bazin, Eric Rohmer, Henri Langlois, Fran\u00e7ois Truffaut, Jean-Luc Godard, Jacques Rivette, Claude Chabrol, Serge Daney, notamment. Il saisit ces grandes figures dans leur vie, leurs passions et leurs combats, au-del\u00e0 m\u00eame du cin\u00e9ma et de son histoire : ces cin\u00e9philes, influenc\u00e9s par le surr\u00e9alisme, l'existentialisme, la litt\u00e9rature, le structuralisme, posent en effet un regard diff\u00e9rent sur les id\u00e9es, les arts et les grands d\u00e9bats des ann\u00e9es cinquante et soixante. Fond\u00e9 sur le d\u00e9pouillement d'archives priv\u00e9es, de tr\u00e9sors cin\u00e9matographiques (les fonds Truffaut, Bazin, Sadoul, Langlois), et de revues fondatrices (L'Ecran fran\u00e7ais, les Cahiers du cin\u00e9ma, Positif, Les Lettres fran\u00e7aises), cet essai reconstitue l'\u00e9paisseur des contextes intellectuels et politiques, et propose, \u00e0 travers une douzaine de portraits de cin\u00e9philes, de groupes, de revues et d'auteurs, la premi\u00e8re synth\u00e8se sur la cin\u00e9philie fran\u00e7aise en son \u00e2ge d'or. Une mani\u00e8re d'ouvrir et d'illustrer, et avec quel brio, une autre histoire culturelle de notre temps. Antoine de Baecque est historien et critique de cin\u00e9ma. Il a \u00e9t\u00e9 r\u00e9dacteur en chef des Cahiers du cin\u00e9ma, a con\u00e7u un mus\u00e9e du Cin\u00e9ma pour la Cin\u00e9math\u00e8que fran\u00e7aise, et dirige actuellement les pages Culture de Lib\u00e9ration. Il a publi\u00e9 une histoire des Cahiers du cin\u00e9ma (1991), des essais sur Andr\u00e9i Tarkovski (1989), Manoel de Oliveira (1996), La Nouvelle Vague (1998), ainsi qu'une biographie de Fran\u00e7ois Truffaut (1996, avec Serge Toubiana). Il est \u00e9galement historien de la culture des Lumi\u00e8res et de la R\u00e9volution fran\u00e7aise.","authors":["Antoine de Baecque"],"category_codes":["6000000","6070000","6070300"],"visuals":{"large":"https:\/\/images.epagine.fr\/073\/9782213615073_1_75.jpg","medium":"https:\/\/images.epagine.fr\/073\/9782213615073_1_m.jpg","thumbnail":"https:\/\/images.epagine.fr\/073\/9782213615073_1_v.jpg"},"orderable":true,"show_badge":true,"formatted_price":"30,00&nbsp;\u20ac","formatted_published_date":"26 f\u00e9vrier 2003","publisher_availability_label":"Sur commande","short_details":"Antoine de Baecque \u2014 Fayard","translator":null,"weight":570,"page_count":418,"readership":null,"editor":"Fayard","price":3000,"published_date":"2003-02-25T23:00:00.000000Z","support":"Grand format","publisher_availability":1,"stock":0,"editions":[],"url":"https:\/\/quaidesbrumes.com\/ouvrage\/9782213615073\/la-cinephilie"}]}