{"data":[{"id":"9782212115581","title":"Retouches photo avec Photoshop (II) : Cahier du designer - 18","description":"Voici un deuxi\u00e8me tome de la collection des Cahiers du designer d\u00e9di\u00e9 \u00e0 la retouche photo avec Photoshop. Dans la lign\u00e9e du cahier n\u00b05, il pr\u00e9sente le making of de neuf retouches num\u00e9riques, de leur gen\u00e8se \u00e0 leur r\u00e9alisation pratique.\r\n\r\nRetouche d'un visage, d'une montre, d'une chambre d'h\u00f4tel, d'un paysage ou encore d'une assiette de foie gras, ce livre expose en une centaine de pages diff\u00e9rents points de vue \"m\u00e9tier\" et regards crois\u00e9s.\r\n\r\nDestin\u00e9e aux professionnels de l'image, graphistes, photographes, infographistes et, plus g\u00e9n\u00e9ralement, \u00e0 tous les cr\u00e9ateurs d'images fixes ou anim\u00e9es, cette collection se veut le reflet du meilleur de la cr\u00e9ativit\u00e9s-fran\u00e7aise dans l'univers du design graphique et de la technologie num\u00e9rique.\r\n\r\nLes Cahiers du designer\r\n\r\nLa cr\u00e9ation num\u00e9rique sous toutes ses facettes, par des artistes et des cr\u00e9ateurs reconnus dans leur domaine.\r\n\r\nDestin\u00e9e aux professionnels de l'image, graphistes, photographes, infographistes et, plus g\u00e9n\u00e9ralement, \u00e0 tous les cr\u00e9ateurs d'images fixes ou anim\u00e9es, cette collection se veut le reflet du meilleur de la cr\u00e9ativit\u00e9 fran\u00e7aise dans l'univers du design graphique et de la technologie num\u00e9rique.","authors":["Bruneau\/Drillon"],"category_codes":["6000000","6070000","6070200"],"visuals":{"large":"https:\/\/images.epagine.fr\/581\/9782212115581_1_75.jpg","medium":"https:\/\/images.epagine.fr\/581\/9782212115581_1_m.jpg","thumbnail":"https:\/\/images.epagine.fr\/581\/9782212115581_1_v.jpg"},"orderable":true,"show_badge":true,"formatted_price":"22,30&nbsp;\u20ac","formatted_published_date":"9 d\u00e9cembre 2004","publisher_availability_label":"Sur commande","short_details":"Bruneau\/Drillon \u2014 \u00c9ditions Eyrolles","translator":null,"weight":364,"page_count":90,"readership":null,"editor":"\u00c9ditions Eyrolles","price":2230,"published_date":"2004-12-08T23:00:00.000000Z","support":"Grand format","publisher_availability":1,"stock":0,"editions":[],"url":"https:\/\/quaidesbrumes.com\/ouvrage\/9782212115581\/retouches-photo-avec-photoshop-ii-cahier-du-designer-18"},{"id":"9782212139136","title":"Photoshop elements 12 pour les photographes","description":"Tri et \u00e9tiquetage des images, retouche et corrections, visualisation, \u00e9dition et partage des photos depuis un smartphone ou une tablette, la nouvelle mouture de Photoshop Elements est le compagnon id\u00e9al de tous les photographes qui veulent optimiser leurs images. Avec cette version 12 (pour Mac et PC), Adobe propose de nouveaux outils spectaculaires, comme l'outil D\u00e9placement bas\u00e9 sur le contenu gr\u00e2ce auquel Photoshop Elements peut d\u00e9placer facilement des objets dans une photo tout en comblant automatiquement les vides. De m\u00eame, l'outil de redressement permet maintenant de recomposer les contours manquants d'une image. Le logiciel permet ainsi, plus que jamais, des retouches de niveau professionnel aux amateurs de photo num\u00e9rique.\r\n\r\nUne \u00e9tape, une image:\r\n\r\nPhoto mal expos\u00e9e, couleurs ternes, \u00e9l\u00e9ment g\u00eanant dans le cadre, retouche des visages... Dans cet ouvrage, Scott Kelby et Matt Kloskowski mettent \u00e0 profit leur longue exp\u00e9rience de Photoshop Elements pour apporter des solutions concr\u00e8tes aux probl\u00e8mes r\u00e9currents que rencontrent les photographes amateurs comme professionnels. \u00c0 travers 130 ateliers pratiques, d\u00e9taill\u00e9s et illustr\u00e9s pas \u00e0 pas, d\u00e9couvrez tous les trucs et astuces de Photoshop Elements 12 pour apporter une touche \"pro\" \u00e0 vos photos !","authors":["Scott Kelby","Matt Kloskowski"],"category_codes":["6000000","6070000","6070200"],"visuals":{"large":"https:\/\/images.epagine.fr\/136\/9782212139136_1_75.jpg","medium":"https:\/\/images.epagine.fr\/136\/9782212139136_1_m.jpg","thumbnail":"https:\/\/images.epagine.fr\/136\/9782212139136_1_v.jpg"},"orderable":true,"show_badge":true,"formatted_price":"29,90&nbsp;\u20ac","formatted_published_date":"20 mars 2014","publisher_availability_label":"Sur commande","short_details":"Scott Kelby, Matt Kloskowski \u2014 \u00c9ditions Eyrolles","translator":null,"weight":1148,"page_count":430,"readership":null,"editor":"\u00c9ditions Eyrolles","price":2990,"published_date":"2014-03-19T23:00:00.000000Z","support":"Grand format","publisher_availability":1,"stock":0,"editions":[],"url":"https:\/\/quaidesbrumes.com\/ouvrage\/9782212139136\/photoshop-elements-12-pour-les-photographes"},{"id":"9782366770063","title":"Charlie Chaplin ; portrait in\u00e9dit d'un po\u00e8te vagabond","description":"Charlot, le mythe, vu avec les yeux d'un ami et collaborateur de longue date.\r\n\r\nJerry Epstein nous livre ici un portrait affectueux et insolite, rendant ainsi hommage \u00e0 un mythe du cin\u00e9ma de tous les temps. Car de l'homme, de Chaplin tel qu'il \u00e9tait dans le priv\u00e9, nous ne connaissions que tr\u00e8s peu de choses. Epstein fut le t\u00e9moin direct des \u00e9v\u00e9nements marquants de sa vie, gr\u00e2ce \u00e0 leur amiti\u00e9 et \u00e0 leur collaboration artistique.\r\n\r\n L'abondance des d\u00e9tails et anecdotes in\u00e9dits qu'il d\u00e9voile dans cet ouvrage font p\u00e9n\u00e9trer dans les recoins de la vie de Chaplin et nous r\u00e9v\u00e8lent des aspects inconnus de son activit\u00e9 artistique. \r\n\r\nLa particularit\u00e9 de cette biographie est qu'elle renferme des photographies absolument uniques, et nombre d'entre elles sont m\u00eame in\u00e9dites, car l'ensemble appartient \u00e0 la collection priv\u00e9e de Jerry Epstein.\r\n.","authors":["Jerry Epstein"],"category_codes":["6000000","6070000","6070300"],"visuals":{"large":"https:\/\/images.epagine.fr\/063\/9782366770063_1_75.jpg","medium":"https:\/\/images.epagine.fr\/063\/9782366770063_1_m.jpg","thumbnail":"https:\/\/images.epagine.fr\/063\/9782366770063_1_v.jpg"},"orderable":true,"show_badge":true,"formatted_price":"29,50&nbsp;\u20ac","formatted_published_date":"22 ao\u00fbt 2012","publisher_availability_label":"Sur commande","short_details":"Jerry Epstein \u2014 Gremese","translator":null,"weight":957,"page_count":228,"readership":null,"editor":"Gremese","price":2950,"published_date":"2012-08-21T22:00:00.000000Z","support":"Grand format","publisher_availability":1,"stock":0,"editions":[],"url":"https:\/\/quaidesbrumes.com\/ouvrage\/9782366770063\/charlie-chaplin-portrait-inedit-dun-poete-vagabond"},{"id":"9782212126815","title":"150 exercices pour se lancer dans la photo","description":"Am\u00e9liorez votre technique gr\u00e2ce aux 150 exercices propos\u00e9s : choix du mat\u00e9riel, prise de vue, cadrage, retouche, tirage, tous les aspects techniques sont couverts.\r\nStimulez votre cr\u00e9ativit\u00e9 en suivant certains exercices destin\u00e9s \u00e0 aiguiser votre sens de l'observation et \u00e0 d\u00e9velopper votre instinct de photographe : prises sur le vif, prises chronom\u00e9tr\u00e9es, sujets impos\u00e9s, photos de rue. B\u00e9n\u00e9ficiez de conseils de professionnels : cr\u00e9ation d'un book, choix des photos, pr\u00e9paration d'un concours d'entr\u00e9e \u00e0 une \u00e9cole de photo, diffusion sur le net, pistes pour d\u00e9buter une carri\u00e8re.\r\nElargissez votre palette : portrait, photo-reportage, photo de sport, photo de studio, d'ext\u00e9rieur, photo de mode, nature morte, photo d'animaux. Ouvrez-vous \u00e0 de nouveaux genres et am\u00e9liorez vos points faibles.","authors":["John Easterby"],"category_codes":["6000000","6070000","6070200"],"visuals":{"large":"https:\/\/images.epagine.fr\/815\/9782212126815_1_75.jpg","medium":"https:\/\/images.epagine.fr\/815\/9782212126815_1_m.jpg","thumbnail":"https:\/\/images.epagine.fr\/815\/9782212126815_1_v.jpg"},"orderable":true,"show_badge":true,"formatted_price":"23,20&nbsp;\u20ac","formatted_published_date":"26 ao\u00fbt 2010","publisher_availability_label":"Sur commande","short_details":"John Easterby \u2014 \u00c9ditions Eyrolles","translator":null,"weight":539,"page_count":128,"readership":null,"editor":"\u00c9ditions Eyrolles","price":2320,"published_date":"2010-08-25T22:00:00.000000Z","support":"Grand format","publisher_availability":1,"stock":0,"editions":[],"url":"https:\/\/quaidesbrumes.com\/ouvrage\/9782212126815\/150-exercices-pour-se-lancer-dans-la-photo"},{"id":"9782212672985","title":"Photo de portrait","description":"R\u00e9aliser un beau portrait photographique rel\u00e8ve d'une d\u00e9licate alchimie. Il faut certes choisir le mat\u00e9riel ad\u00e9quat et faire les bons r\u00e9glages, mais aussi \u00eatre capable d'analyser la lumi\u00e8re naturelle ou d'\u00e9laborer un \u00e9clairage en studio, r\u00e9ussir \u00e0 d\u00e9tendre son mod\u00e8le et savoir le mettre en sc\u00e8ne dans un d\u00e9cor choisi ou au contraire se faire discret pour des images sur le vif, conna\u00eetre quelques astuces de maquillage... Laura Berg aborde le portrait de fa\u00e7on compl\u00e8te et concr\u00e8te. Ses conseils techniques, pratiques mais aussi humains vous aideront \u00e0 d\u00e9buter ou \u00e0 vous perfectionner dans cet art difficile, que vous cherchiez \u00e0 photographier vos proches au quotidien ou que votre d\u00e9marche s'inscrive dans un projet artistique ou encore dans le cadre d'un reportage.","authors":["Laura Berg"],"category_codes":["6000000","6070000","6070200"],"visuals":{"large":"https:\/\/images.epagine.fr\/985\/9782212672985_1_75.jpg","medium":"https:\/\/images.epagine.fr\/985\/9782212672985_1_m.jpg","thumbnail":"https:\/\/images.epagine.fr\/985\/9782212672985_1_v.jpg"},"orderable":true,"show_badge":true,"formatted_price":"25,30&nbsp;\u20ac","formatted_published_date":"5 mars 2009","publisher_availability_label":"Sur commande","short_details":"Laura Berg \u2014 Vm","translator":null,"weight":458,"page_count":156,"readership":"Tout public","editor":"Vm","price":2530,"published_date":"2009-03-04T23:00:00.000000Z","support":"Grand format","publisher_availability":1,"stock":0,"editions":[],"url":"https:\/\/quaidesbrumes.com\/ouvrage\/9782212672985\/photo-de-portrait"},{"id":"9789881607898","title":"Wang Qingsong","description":null,"authors":["Wang Qingsong","J\u00e9r\u00e9mie Thircuir"],"category_codes":["6000000","6070000","6070200"],"visuals":{"large":"https:\/\/images.epagine.fr\/898\/9789881607898_1_75.jpg","medium":"https:\/\/images.epagine.fr\/898\/9789881607898_1_m.jpg","thumbnail":"https:\/\/images.epagine.fr\/898\/9789881607898_1_v.jpg"},"orderable":true,"show_badge":true,"formatted_price":"12,90&nbsp;\u20ac","formatted_published_date":"22 ao\u00fbt 2012","publisher_availability_label":"Sur commande","short_details":"Wang Qingsong, J\u00e9r\u00e9mie Thircuir \u2014 Thircuir","translator":null,"weight":234,"page_count":132,"readership":null,"editor":"Thircuir","price":1290,"published_date":"2012-08-21T22:00:00.000000Z","support":"Grand format","publisher_availability":1,"stock":0,"editions":[],"url":"https:\/\/quaidesbrumes.com\/ouvrage\/9789881607898\/wang-qingsong"},{"id":"9782867395062","title":"La photo et la vid\u00e9o \u00e0 l'heure du num\u00e9rique ; l'essentiel pour les amateurs","description":"A l'heure du num\u00e9rique, le monde de la photo et de la vid\u00e9o a connu sa r\u00e9volution. Profitez-en pour vous y mettre ou vous y remettre !\r\nVous avez envie de changer votre vieil appareil, mais contre quoi ? Comment allez-vous vous assurer que le vendeur ne va pas essayer de vous vendre \u00e0 tout prix (\u00e9lev\u00e9) le nec plus ultra, autrement dit vous vendre une berline de luxe alors que vous n'avez besoin que d'une mobylette ? L'ouvrage vous fera d\u00e9couvrir les diff\u00e9rentes gammes d'appareils, leurs diff\u00e9rences, leurs avantages, leurs inconv\u00e9nients...\r\nLes appareils num\u00e9riques modernes donnent d'excellents r\u00e9sultats, simplement en appuyant sur le bouton. C'est magique ! Mais peut-\u00eatre avez-vous envie de faire mieux, de peaufiner vos r\u00e9glages, votre cadrage, bref d'aller au-del\u00e0 de ce qu'on fait en appuyant b\u00eatement sur le bouton ? \r\n\r\nEt quand malgr\u00e9 toute votre attention, votre photo n'est pas parfaite ? Ce n'est pas irr\u00e9m\u00e9diable ! Des logiciels de traitement d'image permettent de tricher un peu en \u00e9claircissant une image, en la redressant. Peut \u00eatre aurez-vous aussi envie d'y introduire quelques trucages ?\r\n\r\nComment et avec quoi faire de la vid\u00e9o ? Et si vous \u00eates \u00e0 la fois amateur de photo et de vid\u00e9o, vous en avez assez de transporter un cam\u00e9scope et un appareil photo.\r\nQue faire de vos photos, de vos films ? Comment allez-vous les partager avec vos amis ? Comment allez-vous les ranger ? Et que peut-on encore faire avec des photos et des films num\u00e9riques ?\r\nAvez-vous envie de \u00ab r\u00e9cup\u00e9rer \u00bb et num\u00e9riser vos photos argentiques et vos anciens films ? Si vous vous sentez concern\u00e9 par un des ces points, ce livre est pour vous. Il s'adresse \u00e0 l'amateur comme vous et moi qui veut juste se faire plaisir en faisant de jolies choses, et c'est d\u00e9j\u00e0 beaucoup !","authors":["Mich\u00e8le Germain"],"category_codes":["6000000","6070000","6070200"],"visuals":{"large":"https:\/\/images.epagine.fr\/062\/9782867395062_1_75.jpg","medium":"https:\/\/images.epagine.fr\/062\/9782867395062_1_m.jpg","thumbnail":"https:\/\/images.epagine.fr\/062\/9782867395062_1_v.jpg"},"orderable":true,"show_badge":true,"formatted_price":"22,50&nbsp;\u20ac","formatted_published_date":"20 f\u00e9vrier 2014","publisher_availability_label":"Sur commande","short_details":"Mich\u00e8le Germain \u2014 PUITS FLEURI","translator":null,"weight":380,"page_count":256,"readership":null,"editor":"PUITS FLEURI","price":2250,"published_date":"2014-02-19T23:00:00.000000Z","support":"Grand format","publisher_availability":1,"stock":0,"editions":[],"url":"https:\/\/quaidesbrumes.com\/ouvrage\/9782867395062\/la-photo-et-la-video-a-lheure-du-numerique-lessentiel-pour-les-amateurs"},{"id":"9782011456236","title":"Histoire du cin\u00e9ma am\u00e9ricain","description":"Un panorama complet des grandes \u00e9tapes du cin\u00e9ma am\u00e9ricain, des origines jusqu'aux r\u00e9cents festivales de Cannes. Sa rigueur chronologique, dans un domaine o\u00f9 il n'existe souvent que des dictionnaires ou des essais th\u00e9matiques, en fait un outil indispensable pour qui s'int\u00e9resse \u00e0 la civilisation am\u00e9ricaine et \u00e0 son cin\u00e9ma.Sommaire :1. L'aube du cin\u00e9ma am\u00e9ricain (1890-1920). \r\n2. Hollywood au temps du muet. \r\n3. La transition vers le parlant (1927-1930). \r\n4. L'apog\u00e9e de Hollywood. \r\n5. La D\u00e9pression et Hollywood : les cons\u00e9quences de la crise de 1929. \r\n6. Le cin\u00e9ma pendant la Seconde Guerre Mondial. \r\n7. Les difficult\u00e9s de l'apr\u00e8s-guerre (1945-1949). \r\n8. Les genres de l'apr\u00e8s-guerre et des ann\u00e9es 1950. \r\n9. Le cin\u00e9ma direct (1960-1975). \r\n10. Remous et transformations des ann\u00e9es 1960. \r\n11. Le tournant de 1967 : remise en question du capitalisme. \r\n12. Les ann\u00e9es 1970. \r\n13. Les ann\u00e9es 1980. \r\n14. Hier, aujourd'hui, demain.","authors":["Brigitte Gauthier"],"category_codes":["6000000","6070000","6070300","6070307"],"visuals":{"large":"https:\/\/images.epagine.fr\/236\/9782011456236_1_75.jpg","medium":"https:\/\/images.epagine.fr\/236\/9782011456236_1_m.jpg","thumbnail":"https:\/\/images.epagine.fr\/236\/9782011456236_1_v.jpg"},"orderable":true,"show_badge":true,"formatted_price":"14,50&nbsp;\u20ac","formatted_published_date":"12 janvier 2007","publisher_availability_label":"Sur commande","short_details":"Brigitte Gauthier \u2014 Hachette Education","translator":null,"weight":205,"page_count":160,"readership":null,"editor":"Hachette Education","price":1450,"published_date":"2007-01-11T23:00:00.000000Z","support":"Grand format","publisher_availability":1,"stock":0,"editions":[],"url":"https:\/\/quaidesbrumes.com\/ouvrage\/9782011456236\/histoire-du-cinema-americain"},{"id":"9782200268770","title":"Le Figaro ; deux si\u00e8cles d'histoire","description":"C'est l'histoire d'un monument de la presse fran\u00e7aise : de 1826, date de la naissance de ses quatre pages hebdomadaires, jusqu'\u00e0 nos jours, un quotidien tir\u00e9 \u00e0 des centaines de milliers d'exemplaires. Le secret de cette long\u00e9vit\u00e9 se trouve d'abord dans les hommes qui l'ont con\u00e7u, \u00e9crit et dirig\u00e9 : Villemessant, son inventeur, Coty, Brisson, Prouvost, Hersant..., les \u00e9crivains qui ont apport\u00e9 leur plume (Maupassant, Proust, Gide, Cocteau, Mauriac...), les dessinateurs (Sennep, Faizant...). Au fil des p\u00e9riodes de succ\u00e8s et de crises, Le Figaro h\u00e9site dans sa ligne politique : proche des ligues au temps des ann\u00e9es 1930 avec Coty, il s'en d\u00e9tache avec Brisson pour incarner apr\u00e8s la guerre ce lib\u00e9ralisme mod\u00e9r\u00e9 que l'on conna\u00eet.","authors":["Claire Blandin"],"category_codes":["6000000","6070000","6070300"],"visuals":{"large":"https:\/\/images.epagine.fr\/770\/9782200268770_1_75.jpg","medium":"https:\/\/images.epagine.fr\/770\/9782200268770_1_m.jpg","thumbnail":"https:\/\/images.epagine.fr\/770\/9782200268770_1_v.jpg"},"orderable":true,"show_badge":true,"formatted_price":"34,00&nbsp;\u20ac","formatted_published_date":"30 mai 2007","publisher_availability_label":"Sur commande","short_details":"Claire Blandin \u2014 Armand Colin","translator":null,"weight":450,"page_count":312,"readership":null,"editor":"Armand Colin","price":3400,"published_date":"2007-05-29T22:00:00.000000Z","support":"Grand format","publisher_availability":1,"stock":0,"editions":[],"url":"https:\/\/quaidesbrumes.com\/ouvrage\/9782200268770\/le-figaro-deux-siecles-dhistoire"},{"id":"9791042506483","title":"S\u00e9riellement v\u00f4tre","description":"Devant la quantit\u00e9 de s\u00e9ries t\u00e9l\u00e9vis\u00e9es disponibles \u00e0 ce jour, il est parfois difficile d'orienter ses choix. L'auteur porte ici son attention sur une cinquantaine d'entre elles. De la feel-good Ted Lasso \u00e0 la postapocalyptique The last of us, ce livre recense des productions aux styles vari\u00e9s permettant \u00e0 chacun de trouver chaussure \u00e0 son pied. En traitant aussi bien du fond que de la forme sans user du moindre spoiler, ces chroniques ont ainsi vocation \u00e0 constituer un guide pour le spectateur en qu\u00eate de nouvelles exp\u00e9riences. Pour sa part, le fin connaisseur se plaira \u00e0 retrouver le parfum de senteurs pass\u00e9es au travers d'un regard port\u00e9 par la sinc\u00e9rit\u00e9 d'une plume o\u00f9 analyse et \u00e9prouv\u00e9 se c\u00f4toient en un tout harmonieux.","authors":["Pierric Dra\u00ef"],"category_codes":["6000000","6070000","6070300","6070304"],"visuals":{"large":"https:\/\/images.epagine.fr\/483\/9791042506483_1_75.jpg","medium":"https:\/\/images.epagine.fr\/483\/9791042506483_1_m.jpg","thumbnail":"https:\/\/images.epagine.fr\/483\/9791042506483_1_v.jpg"},"orderable":true,"show_badge":true,"formatted_price":"22,00&nbsp;\u20ac","formatted_published_date":"17 juillet 2024","publisher_availability_label":"Sur commande","short_details":"Pierric Dra\u00ef \u2014 Editions Ma\u00efa","translator":null,"weight":350,"page_count":250,"readership":null,"editor":"Editions Ma\u00efa","price":2200,"published_date":"2024-07-16T22:00:00.000000Z","support":"Grand format","publisher_availability":1,"stock":0,"editions":[],"url":"https:\/\/quaidesbrumes.com\/ouvrage\/9791042506483\/seriellement-votre"},{"id":"9782379961403","title":"Campagne(s)","description":"Plongez dans le travail photographique de Marion Le Fresne, immortalisant des paysages de la campagne bretonne au fil des saisons. Comme une fen\u00eatre ouverte sur l'ext\u00e9rieur, Campagne(s) se veut \u00eatre une promenade bucolique en ext\u00e9rieur, au gr\u00e9 de citations de la c\u00e9l\u00e8bre s\u00e9rie litt\u00e9raire Anne de Green Gables.","authors":["Marion Le Fresne"],"category_codes":["6000000","6070000","6070200","6070205"],"visuals":{"large":"https:\/\/images.epagine.fr\/403\/9782379961403_1_75.jpg","medium":"https:\/\/images.epagine.fr\/403\/9782379961403_1_m.jpg","thumbnail":"https:\/\/images.epagine.fr\/403\/9782379961403_1_v.jpg"},"orderable":true,"show_badge":true,"formatted_price":"20,00&nbsp;\u20ac","formatted_published_date":"15 juillet 2024","publisher_availability_label":"Sur commande","short_details":"Marion Le Fresne \u2014 Tirage de T\u00eates","translator":null,"weight":501,"page_count":88,"readership":null,"editor":"Tirage de T\u00eates","price":2000,"published_date":"2024-07-14T22:00:00.000000Z","support":"Grand format","publisher_availability":1,"stock":0,"editions":[],"url":"https:\/\/quaidesbrumes.com\/ouvrage\/9782379961403\/campagnes"},{"id":"9788836646043","title":"Erwin Olaf","description":"L'opera misteriosa e contemplativa del fotografo olandese Erwin Olaf, uno dei migliori interpreti della ritrattistica contemporanea.","authors":["Collectif"],"category_codes":["6000000","6070000","6070200","6070205"],"visuals":{"large":"https:\/\/images.epagine.fr\/043\/9788836646043_1_75.jpg","medium":"https:\/\/images.epagine.fr\/043\/9788836646043_1_m.jpg","thumbnail":"https:\/\/images.epagine.fr\/043\/9788836646043_1_v.jpg"},"orderable":true,"show_badge":true,"formatted_price":"24,00&nbsp;\u20ac","formatted_published_date":"4 juillet 2020","publisher_availability_label":"Sur commande","short_details":"Collectif \u2014 Silvana Editoriale","translator":null,"weight":860,"page_count":96,"readership":null,"editor":"Silvana Editoriale","price":2400,"published_date":"2020-07-03T22:00:00.000000Z","support":"Grand format","publisher_availability":1,"stock":0,"editions":[],"url":"https:\/\/quaidesbrumes.com\/ouvrage\/9788836646043\/erwin-olaf"},{"id":"9782322541164","title":"Baignades du monde : La plage dans tous ses \u00e9tats","description":"Autrefois d\u00e9laiss\u00e9e, la plage est aujourd'hui un espace de loisirs, symbole de d\u00e9tente, de vacances et de plaisir. Une transformation qui t\u00e9moigne de l'\u00e9volution des mentalit\u00e9s et des valeurs de nos soci\u00e9t\u00e9s. La plage est bien plus qu'un simple rivage ! Ce recueil de photos tente de jeter un regard sur les fa\u00e7ons dont les humains ont investi la baignade dans des soci\u00e9t\u00e9s aux moeurs et coutumes pourtant tr\u00e8s diff\u00e9rentes.","authors":["Alain Bachellier"],"category_codes":["6000000","6070000","6070200"],"visuals":{"large":"https:\/\/images.epagine.fr\/164\/9782322541164_1_75.jpg","medium":"https:\/\/images.epagine.fr\/164\/9782322541164_1_m.jpg","thumbnail":"https:\/\/images.epagine.fr\/164\/9782322541164_1_v.jpg"},"orderable":true,"show_badge":true,"formatted_price":"33,00&nbsp;\u20ac","formatted_published_date":"22 juillet 2024","publisher_availability_label":"Sur commande","short_details":"Alain Bachellier \u2014 Books on Demand","translator":null,"weight":195,"page_count":86,"readership":null,"editor":"Books on Demand","price":3300,"published_date":"2024-07-21T22:00:00.000000Z","support":"Grand format","publisher_availability":1,"stock":0,"editions":[],"url":"https:\/\/quaidesbrumes.com\/ouvrage\/9782322541164\/baignades-du-monde-la-plage-dans-tous-ses-etats"},{"id":"9782825711422","title":"The historians ; saison 3 ; les s\u00e9ries TV d\u00e9crypt\u00e9es par les historiens","description":"Les s\u00e9ries t\u00e9l\u00e9vis\u00e9es, ph\u00e9nom\u00e8ne culturel et social incontournable des quinze derni\u00e8res ann\u00e9es, accordent \u00e0 l'Histoire une place de premier plan. Mettant en sc\u00e8ne des guerriers vikings du IXe si\u00e8cle aussi bien que des narcotrafiquants des ann\u00e9es 1980, les intrigues situ\u00e9es dans un pass\u00e9 proche ou lointain repr\u00e9sentent l'une des cat\u00e9gories les plus pris\u00e9es du public.\r\nEntre reconstitutions minutieuses et anachronismes assum\u00e9s, ces relectures contemporaines offrent une vision sans cesse renouvel\u00e9e du pass\u00e9. Mais celle-ci fait-elle \u00e9cho aux avanc\u00e9es de la recherche historique ? Que nous apprend-elle des rapports que notre soci\u00e9t\u00e9 entretient avec les si\u00e8cles pr\u00e9c\u00e9dents ? Pour expliquer le succ\u00e8s de ces s\u00e9ries et la mani\u00e8re dont elles recomposent notre imaginaire, ce livre donne la parole \u00e0 des historiens qui d\u00e9cortiquent cinq s\u00e9ries : Bates Motel, Versailles, Indian Summer, Taboo et Narcos.","authors":["Thalia Brero","Collectif","S\u00e9bastien Farr\u00e9"],"category_codes":["6000000","6070000","6070400"],"visuals":{"large":"https:\/\/images.epagine.fr\/422\/9782825711422_1_75.jpg","medium":"https:\/\/images.epagine.fr\/422\/9782825711422_1_m.jpg","thumbnail":"https:\/\/images.epagine.fr\/422\/9782825711422_1_v.jpg"},"orderable":true,"show_badge":true,"formatted_price":"15,00&nbsp;\u20ac","formatted_published_date":"19 juin 2020","publisher_availability_label":"Sur commande","short_details":"Thalia Brero, Collectif, S\u00e9bastien Farr\u00e9 \u2014 Georg","translator":null,"weight":235,"page_count":160,"readership":null,"editor":"Georg","price":1500,"published_date":"2020-06-18T22:00:00.000000Z","support":"Grand format","publisher_availability":1,"stock":0,"editions":[],"url":"https:\/\/quaidesbrumes.com\/ouvrage\/9782825711422\/the-historians-saison-3-les-series-tv-decryptees-par-les-historiens"},{"id":"9782322538379","title":"Les antis\u00e8ches du photographe","description":"Que vous soyez d\u00e9butant ou amateur averti, ce livre a pour objet de d\u00e9velopper les bases de la photographie quel qu'en soit le sujet et votre niveau. Divis\u00e9 en trois parties je commencerai par les bases de la photographie en avan\u00e7ant vers des points plus pointus et des th\u00e8mes sp\u00e9cifiques, enfin quelques rudiments sur le traitement de l'image. J'ai voulu rester clair et concis en allant \u00e0 l'essentiel. De lecture facile avec de nombreux exemples et illustrations, il deviendra rapidement le compagnon de vos balades photographiques.","authors":["Gil Gautier"],"category_codes":["6000000","6070000","6070200"],"visuals":{"large":"https:\/\/images.epagine.fr\/379\/9782322538379_1_75.jpg","medium":"https:\/\/images.epagine.fr\/379\/9782322538379_1_m.jpg","thumbnail":"https:\/\/images.epagine.fr\/379\/9782322538379_1_v.jpg"},"orderable":true,"show_badge":true,"formatted_price":"35,00&nbsp;\u20ac","formatted_published_date":"13 juillet 2024","publisher_availability_label":"Sur commande","short_details":"Gil Gautier \u2014 Books on Demand","translator":null,"weight":394,"page_count":96,"readership":null,"editor":"Books on Demand","price":3500,"published_date":"2024-07-12T22:00:00.000000Z","support":"Grand format","publisher_availability":1,"stock":0,"editions":[],"url":"https:\/\/quaidesbrumes.com\/ouvrage\/9782322538379\/les-antiseches-du-photographe"},{"id":"9782874490675","title":"Mons","description":"Les superbes photographies en couleur de Marie-Fran\u00e7oise Plissart occupent l essentiel de cet album. Elles proposent un regard neuf et fort sur Mons et sa r\u00e9gion. Un vrai voyage, esth\u00e9tique et documentaire \u00e0 la fois. La r\u00e9v\u00e9lation des beaut\u00e9s d une cit\u00e9 trop peu connue.\r\nLe texte de Caroline Lamarche \u00e9voque \u00e0 merveille le fin pays o\u00f9 fut emprisonn\u00e9 Verlaine : celui des mines de silex et des dentelles gothiques, des chanoinesses et des architectes, des peupleraies et des puits de charbon, des mineurs \u00e0 la peine et de la foule criant sa joie \u00e0 la ducasse rituelle du Doudou. Une ville qui revit aujourd hui comme une v\u00e9ritable capitale culturelle.","authors":["Plissart\/Lamarche"],"category_codes":["6000000","6070000","6070200"],"visuals":{"large":"https:\/\/images.epagine.fr\/675\/9782874490675_1_75.jpg","medium":"https:\/\/images.epagine.fr\/675\/9782874490675_1_m.jpg","thumbnail":"https:\/\/images.epagine.fr\/675\/9782874490675_1_v.jpg"},"orderable":true,"show_badge":true,"formatted_price":"15,00&nbsp;\u20ac","formatted_published_date":"23 avril 2009","publisher_availability_label":"Sur commande","short_details":"Plissart\/Lamarche \u2014 IMPRESSIONS NOUVELLES","translator":null,"weight":310,"page_count":192,"readership":"Tout public","editor":"IMPRESSIONS NOUVELLES","price":1500,"published_date":"2009-04-22T22:00:00.000000Z","support":"Grand format","publisher_availability":1,"stock":0,"editions":[],"url":"https:\/\/quaidesbrumes.com\/ouvrage\/9782874490675\/mons"},{"id":"9782916073422","title":"T\u00e9moin S21 ; face au g\u00e9nocide des cambodgiens","description":"R la section sp\u00e9ciale s-21 \u00e0 phnom penh, aujourd'hui mus\u00e9e du crime g\u00e9nocidaire, fut, entre 1975 et 1979, sous le r\u00e9gime de pol pot, la plus sinistre des prisons.\r\n C'est \u00e0 un devoir de m\u00e9moire que nous convie dominique m\u00e9rigard \u00e0 travers ses photographies qui explorent sans effets la fragile fronti\u00e8re entre l'humain et l'inhumain.  ces images \" disent l'indicible \", avec une rigueur qui \" t\u00e9moigne juste \", comme le souligne bernard plossu dans la pr\u00e9face de ce livre.","authors":["Dominique M\u00e9rigard"],"category_codes":["6000000","6070000","6070200"],"visuals":{"large":"https:\/\/images.epagine.fr\/422\/9782916073422_1_75.jpg","medium":"https:\/\/images.epagine.fr\/422\/9782916073422_1_m.jpg","thumbnail":"https:\/\/images.epagine.fr\/422\/9782916073422_1_v.jpg"},"orderable":true,"show_badge":true,"formatted_price":"22,00&nbsp;\u20ac","formatted_published_date":"23 octobre 2008","publisher_availability_label":"Sur commande","short_details":"Dominique M\u00e9rigard \u2014 LE BEC EN L'AIR","translator":null,"weight":366,"page_count":null,"readership":"Tout public","editor":"LE BEC EN L'AIR","price":2200,"published_date":"2008-10-22T22:00:00.000000Z","support":"Grand format","publisher_availability":1,"stock":0,"editions":[],"url":"https:\/\/quaidesbrumes.com\/ouvrage\/9782916073422\/temoin-s21-face-au-genocide-des-cambodgiens"},{"id":"9782491052256","title":"Feel the Ground","description":"Risography by the Portuguese photographer RUI MIGUEL CUNHA limited edition of 150 copies\r\n\r\nInspired by contemporary daily life...\r\n\u00abFeel the Ground\u00bb is a fine selection of images that describe Rui Miguel Cunha's intention on documenting the life movement around everyday atmosphere.\r\nThis portfolio it's a pure living proof that all memories count to register our existence.","authors":["Rui Miguel Cunha"],"category_codes":["6000000","6070000","6070200","6070205"],"visuals":{"large":"https:\/\/images.epagine.fr\/256\/9782491052256_1_75.jpg","medium":"https:\/\/images.epagine.fr\/256\/9782491052256_1_m.jpg","thumbnail":"https:\/\/images.epagine.fr\/256\/9782491052256_1_v.jpg"},"orderable":true,"show_badge":true,"formatted_price":"25,00&nbsp;\u20ac","formatted_published_date":"1er ao\u00fbt 2024","publisher_availability_label":"Sur commande","short_details":"Rui Miguel Cunha \u2014 Editions Bessard","translator":null,"weight":0,"page_count":null,"readership":null,"editor":"Editions Bessard","price":2500,"published_date":"2024-07-31T22:00:00.000000Z","support":"Grand format","publisher_availability":1,"stock":0,"editions":[],"url":"https:\/\/quaidesbrumes.com\/ouvrage\/9782491052256\/feel-the-ground"},{"id":"9782847362916","title":"Piccoli grandeur nature","description":"Qui pourrait se targuer d'un tel parcours de com\u00e9dien et de citoyen engag\u00e9 depuis soixante ann\u00e9es? 160 films, 60 pi\u00e8ces de th\u00e9\u00e2tre, 30 dramatiques t\u00e9l\u00e9vis\u00e9es... Michel Piccoli est une institution doubl\u00e9e de quelques \u00e9nigmes. Une institution? Il tourne avec les plus grands r\u00e9alisateurs, joue aux c\u00f4t\u00e9s de Mich\u00e8le Morgan, Brigitte Bardot, Simone Signoret, Jeanne Moreau, Romy Schneider, Catherine Deneuve ou Jane Birkin. C'est un kal\u00e9idoscope de personnages : flic ou voyou, moine ou sabreur, notaire ou assassin, grand chirurgien ou petit employ\u00e9, prince ou mendiant. Souriant ou terrible, souvent extr\u00eame, toujours juste: Piccoli incarne la folie lucide. Les \u00e9nigmes? Celles d'un des rares acteurs qui, sans agent, g\u00e8re seul sa carri\u00e8re, devenant producteur providentiel de causes d\u00e9sesp\u00e9r\u00e9es, puis passant \u00e0 la r\u00e9alisation \u00e0 72 ans !. Celle, enfin, du Don Juan des ann\u00e9es 1960 menant une vie personnelle dense et mouvement\u00e9e sans en \u00e9clabousser les gazettes. Car cet exhibitionniste flamboyant \u00e0 la sc\u00e8ne est un homme pudique _ \u00e0 la ville. Mais au fait? Qui \u00eates-vous Monsieur Piccoli?\r\n\r\nJournaliste et critique, ancien r\u00e9dacteur en chef de La Revue du cin\u00e9ma, Jacques Zimmer est l'auteur de nombreux ouvrages sur le cin\u00e9ma, la publicit\u00e9, la bande dessin\u00e9e ou les grandes affaires criminelles. Avec la collaboration de Marie-Christine Luton, journaliste  culture  depuis plus de vingt ans dans la presse magazine fran\u00e7aise et \u00e9trang\u00e8re","authors":["Jacques Zimmer"],"category_codes":["6000000","6070000","6070300"],"visuals":{"large":"https:\/\/images.epagine.fr\/916\/9782847362916_1_75.jpg","medium":"https:\/\/images.epagine.fr\/916\/9782847362916_1_m.jpg","thumbnail":"https:\/\/images.epagine.fr\/916\/9782847362916_1_v.jpg"},"orderable":true,"show_badge":true,"formatted_price":"21,30&nbsp;\u20ac","formatted_published_date":"13 mars 2008","publisher_availability_label":"Sur commande","short_details":"Jacques Zimmer \u2014 Nouveau Monde \u00c9ditions","translator":null,"weight":540,"page_count":450,"readership":null,"editor":"Nouveau Monde \u00c9ditions","price":2130,"published_date":"2008-03-12T23:00:00.000000Z","support":"Grand format","publisher_availability":1,"stock":0,"editions":[],"url":"https:\/\/quaidesbrumes.com\/ouvrage\/9782847362916\/piccoli-grandeur-nature"},{"id":"9782760645776","title":"Femmes et cinema d'animation - un corpus feministe a l'office national du film du canada 1939-1989","description":"Les cr\u00e9ations des r\u00e9alisatrices de cin\u00e9ma d'animation sont reconnues partout dans le monde tout en \u00e9tant, paradoxalement, inconnues du grand public. Cet ouvrage a pour but de faire sortir de l'ombre le travail de v\u00e9ritables pionni\u00e8res en pr\u00e9sentant et en analysant, d'un point de vue r\u00e9solument f\u00e9ministe, les 1\/2uvres qu'elles ont con\u00e7ues au sein de l'Office national du film du Canada (ONF). Cette institution a jou\u00e9 un r\u00f4le essentiel dans l'\u00e9mergence du cin\u00e9ma d'animation au Canada, mais on oublie, ou on ignore qu'une bonne partie de ce vaste corpus est le fait de femmes qui y ont travaill\u00e9 non seulement comme assistantes, mais aussi comme r\u00e9alisatrices. Ces artistes ont contribu\u00e9 \u00e0 changer les repr\u00e9sentations traditionnelles des femmes d'une mani\u00e8re unique dans le cin\u00e9ma d'animation tant commercial que d'avant-garde. L'autrice rend compte de leurs pr\u00e9occupations, de leur cr\u00e9ativit\u00e9 ainsi que de leurs nombreuses, et lumineuses, r\u00e9alisations. Pour ce faire, elle s'appuie sur un large \u00e9ventail d'ouvrages critiques en histoire sociale et culturelle du Canada, en histoire de l'art f\u00e9ministe et sur de multiples \u00e9tudes sur le cin\u00e9ma d'animation.Marie-Jos\u00e9e Saint-Pierre est professeure adjointe \u00e0 l'\u00c9cole de Design de l'Universit\u00e9 Laval dans le programme du Baccalaur\u00e9at en art et science de l'animation. Elle a fond\u00e9 sa compagnie de production destin\u00e9e \u00e0 la cr\u00e9ation de ses films d'animation, MJSTP Films, en 2004.","authors":["Saint-Pierre M-J."],"category_codes":["6000000","6070000","6070300","6070304"],"visuals":{"large":"https:\/\/images.epagine.fr\/776\/9782760645776_1_75.jpg","medium":"https:\/\/images.epagine.fr\/776\/9782760645776_1_m.jpg","thumbnail":"https:\/\/images.epagine.fr\/776\/9782760645776_1_v.jpg"},"orderable":true,"show_badge":true,"formatted_price":"34,00&nbsp;\u20ac","formatted_published_date":"1er septembre 2022","publisher_availability_label":"Sur commande","short_details":"Saint-Pierre M-J. \u2014 PU de Montr\u00e9al","translator":null,"weight":366,"page_count":242,"readership":null,"editor":"PU de Montr\u00e9al","price":3400,"published_date":"2022-08-31T22:00:00.000000Z","support":"Grand format","publisher_availability":1,"stock":0,"editions":[],"url":"https:\/\/quaidesbrumes.com\/ouvrage\/9782760645776\/femmes-et-cinema-danimation-un-corpus-feministe-a-loffice-national-du-film-du-canada-1939-1989"},{"id":"9782100777136","title":"Obtenez le maximum : du canon EOS 6D Mark II","description":"Avec son \u00e9cran tactile orientable, son capteur plein format Dual Pixel, son autofocus hypersensible, ses capacit\u00e9s communicantes et ses nombreuses fonctions personnalisables, le reflex Canon EOS  6D Mark  II allie performance et ergonomie. L\u00e9ger et polyvalent, c'est le compagnon de route id\u00e9al du photographe exigeant et passionn\u00e9, soucieux de qualit\u00e9 sans compromis.\r\nGr\u00e2ce \u00e0 ce guide pratique, appropriez-vous le Canon EOS 6D Mark  II et d\u00e9couvrez au fil des pages des conseils et astuces pour am\u00e9liorer votre pratique photo et explorer de nouvelles pistes cr\u00e9atives  : \r\n- Familiarisez-vous avec votre bo\u00eetier et les technologies Canon embarqu\u00e9es, et explorez toutes ses commandes et fonctions utiles.\r\n- Ma\u00eetrisez les bases techniques essentielles de la photo num\u00e9rique pour bien exposer vos images.\r\n- Acc\u00e9dez aux fonctions avanc\u00e9es en vous exer\u00e7ant  : photo au flash, macro, portrait, paysage, sport, communication sans fil, vid\u00e9o HD, etc.\r\n- \u00c9quipez votre reflex selon votre pratique en faisant les bons choix en optiques, flashes et accessoires.\r\n- Construisez un flux de production num\u00e9rique efficace en adoptant les bons r\u00e9flexes pour cataloguer, d\u00e9velopper et partager vos images.","authors":["Vincent Burgeon","Ronan Loa\u00ebc"],"category_codes":["6000000","6070000","6070200","6070208"],"visuals":{"large":"https:\/\/images.epagine.fr\/136\/9782100777136_1_75.jpg","medium":"https:\/\/images.epagine.fr\/136\/9782100777136_1_m.jpg","thumbnail":"https:\/\/images.epagine.fr\/136\/9782100777136_1_v.jpg"},"orderable":true,"show_badge":true,"formatted_price":"39,90&nbsp;\u20ac","formatted_published_date":"14 f\u00e9vrier 2018","publisher_availability_label":"Sur commande","short_details":"Vincent Burgeon, Ronan Loa\u00ebc \u2014 Dunod","translator":null,"weight":782,"page_count":320,"readership":null,"editor":"Dunod","price":3990,"published_date":"2018-02-13T23:00:00.000000Z","support":"Grand format","publisher_availability":1,"stock":0,"editions":[],"url":"https:\/\/quaidesbrumes.com\/ouvrage\/9782100777136\/obtenez-le-maximum-du-canon-eos-6d-mark-ii"},{"id":"9782824616865","title":"Son nom est Bond, James Bond ; anecdotes et petites histoires du plus c\u00e9l\u00e8bre des agents secrets","description":"Savez-vous que la femme de Ian Fleming consid\u00e9rait les romans de son mari comme de la \u00ab pornographie litt\u00e9raire \u00bb ? Que dans un des tout premiers scripts adapt\u00e9 du roman, James Bond \u00e9tait... une femme ? Que certains gadgets tir\u00e9s des films ont vraiment \u00e9t\u00e9 adopt\u00e9s par l'arm\u00e9e ? Que dans Goldfinger, tous les plans tr\u00e8s larges du d\u00e9but sont dus \u00e0... l'absence de Sean Connery sur le tournage ? Et pourquoi Mourir peut attendre, le dernier James Bond, est-il \u00ab maudit \u00bb ?\r\nCe livre nous fait p\u00e9n\u00e9trer dans les coulisses d'une oeuvre litt\u00e9raire et cin\u00e9matographique flamboyante. \u00c0 travers une foule d'anecdotes et de t\u00e9moignages in\u00e9dits, se dessine le portrait du plus c\u00e9l\u00e8bre des espions, le s\u00e9ducteur frimeur et flambeur qui gagne \u00e0 tous les coups. On y d\u00e9couvre comment 007 est devenu, en pr\u00e8s de 70 ans, un personnage culte. Un v\u00e9ritable mythe international et immortel.","authors":["Kevin Collette"],"category_codes":["6000000","6070000","6070300","6070306"],"visuals":{"large":"https:\/\/images.epagine.fr\/865\/9782824616865_1_75.jpg","medium":"https:\/\/images.epagine.fr\/865\/9782824616865_1_m.jpg","thumbnail":"https:\/\/images.epagine.fr\/865\/9782824616865_1_v.jpg"},"orderable":true,"show_badge":true,"formatted_price":"18,50&nbsp;\u20ac","formatted_published_date":"28 octobre 2020","publisher_availability_label":"Sur commande","short_details":"Kevin Collette \u2014 City \u00c9ditions","translator":null,"weight":436,"page_count":288,"readership":null,"editor":"City \u00c9ditions","price":1850,"published_date":"2020-10-27T23:00:00.000000Z","support":"Grand format","publisher_availability":1,"stock":0,"editions":[],"url":"https:\/\/quaidesbrumes.com\/ouvrage\/9782824616865\/son-nom-est-bond-james-bond-anecdotes-et-petites-histoires-du-plus-celebre-des-agents-secrets"},{"id":"9783829610148","title":"Meisterwerke","description":"Mit ihrer Kunst wollte K\u00e4the Kollwitz (1867-1945) die Menschen erreichen, sie direkt ansprechen, an ihr Gewissen r\u00fchren. Gegen den Trend der zeitgen\u00f6ssischen Avantgarde-Kunst blieb sie gegenst\u00e4ndlich, das hei\u00dft f\u00fcr alle verst\u00e4ndlich. Aus demselben Grund entschied sie sich f\u00fcr die knappe, deutliche Sprache der Grafik, die ihrem Werk eine ungeahnte Breitenwirkung sicherte. Schon zu Lebzeiten war sie eine der popul\u00e4rsten K\u00fcnstlerinnen des 20. Jahrhunderts. Und ist es bis heute geblieben, wie die vielbeachtete Retrospektive belegt, die ihr das Frankfurter St\u00e4del-Museum in diesem Jahr widmete (bis 9. Juni).\r\nUnser neu aufgelegter Band gibt mit 48 ausgew\u00e4hlten Beispielen aus ihrem grafischen, zeichnerischen und plastischen Werk einen Einblick in die hohe k\u00fcnstlerische Qualit\u00e4t und die zutiefst humanistische Haltung von K\u00e4the Kollwitz' Schaffen. Den einf\u00fchrenden Text verfasste der Kunsthistoriker Werner Timm (1927-1999).","authors":["K\u00e4the Kollwitz"],"category_codes":["6000000","6070000","6070200","6070205"],"visuals":{"large":"https:\/\/images.epagine.fr\/148\/9783829610148_1_75.jpg","medium":"https:\/\/images.epagine.fr\/148\/9783829610148_1_m.jpg","thumbnail":"https:\/\/images.epagine.fr\/148\/9783829610148_1_v.jpg"},"orderable":true,"show_badge":true,"formatted_price":"12,50&nbsp;\u20ac","formatted_published_date":"30 juillet 2024","publisher_availability_label":"Sur commande","short_details":"K\u00e4the Kollwitz \u2014 Schirmer Mosel","translator":null,"weight":788,"page_count":112,"readership":null,"editor":"Schirmer Mosel","price":1250,"published_date":"2024-07-29T22:00:00.000000Z","support":"Grand format","publisher_availability":1,"stock":0,"editions":[],"url":"https:\/\/quaidesbrumes.com\/ouvrage\/9783829610148\/meisterwerke"},{"id":"9782246769415","title":"In the baba","description":"Pierre Lescure ? On pensait qu'il n'\u00e9crirait jamais ses M\u00e9moires. Trop press\u00e9 d'aller de l'avant, pas assez nostalgique. Et pourtant, les voici. Et quelle vie !\r\nL'enfant de Choisy, le fils de communiste, l'infatigable curieux de toute information, le zappeur de la plan\u00e8te fait un arr\u00eat sur image : comment devient-on Lescure ? Comment un journaliste form\u00e9 \u00e0 la dure peut-il prendre les r\u00eanes de ce qui fut, \u00e0 Canal +, l'invention la plus excitante du PAF ? Et si l'on est un saltimbanque, un ami des artistes, un meneur de jeu, peut-on s'improviser patron de milliers de salari\u00e9s et homme de chiffres ? Quand l'\u00e9difice chancelle, qu'on part avec fracas, que ressent-on ?\r\nLes coulisses du pouvoir, la politique, les \u00e9missions cultes, les grandes figures, de Pierre Desgraupes \u00e0 Andr\u00e9 Rousselet en passant par Rupert Murdoch, les vrais amis, les v\u00e9ritables tra\u00eetres, et m\u00eame, chez un homme pudique et sensible, quelques beaux portraits de femmes d\u00e9voil\u00e9es, voil\u00e0 le programme.\r\nLe myst\u00e8re Lescure ? Il subsiste, bien s\u00fbr, jusque dans sa manie des collections et sa g\u00e9n\u00e9rost\u00e9 folle, mais au moins nous en saurons un peu plus...","authors":["Sabrina Champenois","Pierre Lescure"],"category_codes":["6000000","6070000","6070300"],"visuals":{"large":"https:\/\/images.epagine.fr\/415\/9782246769415_1_75.jpg","medium":"https:\/\/images.epagine.fr\/415\/9782246769415_1_m.jpg","thumbnail":"https:\/\/images.epagine.fr\/415\/9782246769415_1_v.jpg"},"orderable":true,"show_badge":true,"formatted_price":"25,90&nbsp;\u20ac","formatted_published_date":"22 f\u00e9vrier 2012","publisher_availability_label":"Sur commande","short_details":"Sabrina Champenois, Pierre Lescure \u2014 \u00c9ditions Grasset","translator":null,"weight":424,"page_count":371,"readership":null,"editor":"\u00c9ditions Grasset","price":2590,"published_date":"2012-02-21T23:00:00.000000Z","support":"Grand format","publisher_availability":1,"stock":0,"editions":[],"url":"https:\/\/quaidesbrumes.com\/ouvrage\/9782246769415\/in-the-baba"}]}