{"data":[{"id":"9789881992468","title":"Song chao","description":null,"authors":["Enoia Ballade"],"category_codes":["6000000","6070000","6070200"],"visuals":{"large":"https:\/\/images.epagine.fr\/468\/9789881992468_1_75.jpg","medium":"https:\/\/images.epagine.fr\/468\/9789881992468_1_m.jpg","thumbnail":"https:\/\/images.epagine.fr\/468\/9789881992468_1_v.jpg"},"orderable":true,"show_badge":true,"formatted_price":"9,90&nbsp;\u20ac","formatted_published_date":"23 f\u00e9vrier 2012","publisher_availability_label":"Sur commande","short_details":"Enoia Ballade \u2014 Thircuir","translator":null,"weight":158,"page_count":null,"readership":null,"editor":"Thircuir","price":990,"published_date":"2012-02-22T23:00:00.000000Z","support":"Grand format","publisher_availability":1,"stock":0,"editions":[],"url":"https:\/\/quaidesbrumes.com\/ouvrage\/9789881992468\/song-chao"},{"id":"9789881992475","title":"Yang yong","description":null,"authors":["Enoia Ballade"],"category_codes":["6000000","6070000","6070200"],"visuals":{"large":"https:\/\/images.epagine.fr\/475\/9789881992475_1_75.jpg","medium":"https:\/\/images.epagine.fr\/475\/9789881992475_1_m.jpg","thumbnail":"https:\/\/images.epagine.fr\/475\/9789881992475_1_v.jpg"},"orderable":true,"show_badge":true,"formatted_price":"9,90&nbsp;\u20ac","formatted_published_date":"23 f\u00e9vrier 2012","publisher_availability_label":"Sur commande","short_details":"Enoia Ballade \u2014 Thircuir","translator":null,"weight":156,"page_count":null,"readership":null,"editor":"Thircuir","price":990,"published_date":"2012-02-22T23:00:00.000000Z","support":"Grand format","publisher_availability":1,"stock":0,"editions":[],"url":"https:\/\/quaidesbrumes.com\/ouvrage\/9789881992475\/yang-yong"},{"id":"9789881992482","title":"Chen jiagang","description":null,"authors":["J\u00e9r\u00e9mie Thircuir"],"category_codes":["6000000","6070000","6070200"],"visuals":{"large":"https:\/\/images.epagine.fr\/482\/9789881992482_1_75.jpg","medium":"https:\/\/images.epagine.fr\/482\/9789881992482_1_m.jpg","thumbnail":"https:\/\/images.epagine.fr\/482\/9789881992482_1_v.jpg"},"orderable":true,"show_badge":true,"formatted_price":"9,90&nbsp;\u20ac","formatted_published_date":"23 f\u00e9vrier 2012","publisher_availability_label":"Sur commande","short_details":"J\u00e9r\u00e9mie Thircuir \u2014 Thircuir","translator":null,"weight":158,"page_count":null,"readership":null,"editor":"Thircuir","price":990,"published_date":"2012-02-22T23:00:00.000000Z","support":"Grand format","publisher_availability":1,"stock":0,"editions":[],"url":"https:\/\/quaidesbrumes.com\/ouvrage\/9789881992482\/chen-jiagang"},{"id":"9789881607805","title":"Hong Lei","description":"Dans un pays o\u00f9 r\u00e8gne un culte du futur, que deviennent les traditions et les valeurs ancestrales ? A la fois sublimes et d'une rare noirceur, les photographies de Hong Lei reprennent des grands classiques de la peinture chinoise qu'il d\u00e9tourne pour mieux nous faire percevoir la violence qu'exerc\u00e9 la modernit\u00e9 sur la tradition.","authors":["Hong Lei"],"category_codes":["6000000","6070000","6070200"],"visuals":{"large":"https:\/\/images.epagine.fr\/805\/9789881607805_1_75.jpg","medium":"https:\/\/images.epagine.fr\/805\/9789881607805_1_m.jpg","thumbnail":"https:\/\/images.epagine.fr\/805\/9789881607805_1_v.jpg"},"orderable":true,"show_badge":true,"formatted_price":"9,90&nbsp;\u20ac","formatted_published_date":"18 novembre 2013","publisher_availability_label":"Sur commande","short_details":"Hong Lei \u2014 Thircuir","translator":null,"weight":152,"page_count":96,"readership":null,"editor":"Thircuir","price":990,"published_date":"2013-11-17T23:00:00.000000Z","support":"Grand format","publisher_availability":1,"stock":0,"editions":[],"url":"https:\/\/quaidesbrumes.com\/ouvrage\/9789881607805\/hong-lei"},{"id":"9782849341544","title":"L'adaptation cin\u00e9matographique ; premi\u00e8res pages premiers plans","description":"Pr\u00e9sent\u00e9 sous forme d'un prologue, \u00e9voqu\u00e9 \u00e0 travers le g\u00e9n\u00e9rique, int\u00e9gr\u00e9 \u00e0 la premi\u00e8re s\u00e9quence, d\u00e9velopp\u00e9 dans un flash-back, occult\u00e9 dans un fondu au noir, l'incipit qui ouvre un roman pose sans doute la premi\u00e8re \u00e9nigme narrative et le premier souci de mise en sc\u00e8ne au r\u00e9alisateur dont le projet filmique repose sur l'adaptation d'une \u00e9criture litt\u00e9raire. L'incipit affiche les codes fictionnels qui permettent d'\u00e9tablir le contrat de lecture entre l'auteur et son lecteur; il participe \u00e0 la connivence dont le mode autobiographique se nourrit, annonce la transgression des codes dans des oeuvres dites postmodernes. Si l'incipit pr\u00e9cise la nature de l'\u00e9crit, permet un classement du genre, quelles strat\u00e9gies sont d\u00e9ploy\u00e9es \u00e0 l'\u00e9cran pour faciliter ou non l'entr\u00e9e dans le r\u00e9cit? Quelles r\u00e9percussions ces choix ont-il sur la structure narrative et dramatique de l'adaptation?\r\nCet ouvrage aborde l'adaptation cin\u00e9matographique \u00e0 travers la perspective des premi\u00e8res pages - premiers plans et pose la question du contrat d'adaptation, illustr\u00e9e d\u00e8s l'incipit d'un film alors que g\u00e9n\u00e9riques et premi\u00e8res s\u00e9quences scellent le contrat de lecture de l'oeuvre.\r\nGilles Menegaldo - Ariane Hudelet - Emmanuelle Delano\u00eb-Brun - Shannon Wells-Lassagne - Delphine Letort - H\u00e9l\u00e8ne Pr\u00e9veraud - Ga\u00efd Girard - Dominique Sipi\u00e8re - Karine Hildenbrand - James Grove - Daniel Serceau - Laurie Deson - Monica Michlin - Nicole Cloarec - H\u00e9l\u00e8ne Charlery - St\u00e9phanie Benson - H\u00e9l\u00e8ne Valmary - Linda Kauffman","authors":["Delphine Letort","Shannon Weels-Lassagne"],"category_codes":["6000000","6070000","6070300"],"visuals":{"large":"https:\/\/images.epagine.fr\/544\/9782849341544_1_75.jpg","medium":"https:\/\/images.epagine.fr\/544\/9782849341544_1_m.jpg","thumbnail":"https:\/\/images.epagine.fr\/544\/9782849341544_1_v.jpg"},"orderable":true,"show_badge":true,"formatted_price":"30,00&nbsp;\u20ac","formatted_published_date":"5 mai 2014","publisher_availability_label":"Sur commande","short_details":"Delphine Letort, Shannon Weels-Lassagne \u2014 Mare & Martin","translator":null,"weight":506,"page_count":380,"readership":null,"editor":"Mare & Martin","price":3000,"published_date":"2014-05-04T22:00:00.000000Z","support":"Grand format","publisher_availability":1,"stock":0,"editions":[],"url":"https:\/\/quaidesbrumes.com\/ouvrage\/9782849341544\/ladaptation-cinematographique-premieres-pages-premiers-plans"},{"id":"9782212673166","title":"Ma\u00eetriser le canon EOS 500D","description":"Entr\u00e9e de gamme des reflex num\u00e9riques EOS de Canon, le 500D entend s\u00e9duire un public amateur, voire confirm\u00e9. Avec ses 15 millions de pixels et les innovations h\u00e9rit\u00e9es de la gamme expert, et m\u00eame pro, de la marque (vid\u00e9o Full HD, plage de sensibilit\u00e9s \u00e9tendue jusqu'\u00e0 12800 ISO, \u00e9cran LCD 3 pouces avec traitement anti-reflet...), ce bo\u00eetier offre un potentiel des plus s\u00e9rieux, apte \u00e0 satisfaire tous les passionn\u00e9s de photo tout en restant accessible aux n\u00e9ophytes. Au fil d'une cinquantaine de rubriques, Vincent Luc s'attache \u00e0 guider le lecteur dans l'utilisation de son reflex num\u00e9rique, quel que soit son niveau en photo. Abondamment illustr\u00e9, cet ouvrage d\u00e9mystifie certaines techniques par une approche plus orient\u00e9e \" probl\u00e9matiques de photographes \" qu'un simple manuel technique.","authors":["Vincent Luc"],"category_codes":["6000000","6070000","6070200"],"visuals":{"large":"https:\/\/images.epagine.fr\/166\/9782212673166_1_75.jpg","medium":"https:\/\/images.epagine.fr\/166\/9782212673166_1_m.jpg","thumbnail":"https:\/\/images.epagine.fr\/166\/9782212673166_1_v.jpg"},"orderable":true,"show_badge":true,"formatted_price":"30,30&nbsp;\u20ac","formatted_published_date":"17 septembre 2009","publisher_availability_label":"Sur commande","short_details":"Vincent Luc \u2014 Vm","translator":null,"weight":782,"page_count":310,"readership":"Tout public","editor":"Vm","price":3030,"published_date":"2009-09-16T22:00:00.000000Z","support":"Grand format","publisher_availability":1,"stock":0,"editions":[],"url":"https:\/\/quaidesbrumes.com\/ouvrage\/9782212673166\/maitriser-le-canon-eos-500d"},{"id":"9782212673302","title":"Photographier la nature ; littoral et c\u00f4te sauvage","description":"Accompagnez un sp\u00e9cialiste de la photo animali\u00e8re sur le terrain Image apr\u00e8s image, Erwan Balan\u00e7a vous fait entrer au coeur de la vie sauvage et confie, dans cet ouvrage magnifiquement illustr\u00e9, les secrets de ses plus belles photographies, prises le long du littoral, de l'Espagne \u00e0 la mer du Nord en passant par la France, l'Ecosse ou l'Islande. Gr\u00e2ce \u00e0 ses conseils pratiques et techniques (mat\u00e9riel ad\u00e9quat, m\u00e9thodes et r\u00e9glages de prise de vue), \u00e0 son exp\u00e9rience des lumi\u00e8res de plein air mais aussi \u00e0 sa connaissance des animaux et des milieux naturels, vous acquerrez les bons r\u00e9flexes et d\u00e9couvrirez les astuces de terrain pour r\u00e9aliser des images saisissantes. Technique et esth\u00e9tique se m\u00ealent dans cet ouvrage au ton vivant, \u00e0 mi-chemin entre le guide de terrain et le portfolio, et qui plonge le lecteur dans l'univers d'un sp\u00e9cialiste en action tout en pr\u00e9servant le plaisir de l'image, gr\u00e2ce aux nombreuses photos comment\u00e9es.","authors":["Erwan Balan\u00e7a"],"category_codes":["6000000","6070000","6070200"],"visuals":{"large":"https:\/\/images.epagine.fr\/302\/9782212673302_1_75.jpg","medium":"https:\/\/images.epagine.fr\/302\/9782212673302_1_m.jpg","thumbnail":"https:\/\/images.epagine.fr\/302\/9782212673302_1_v.jpg"},"orderable":true,"show_badge":true,"formatted_price":"24,30&nbsp;\u20ac","formatted_published_date":"20 janvier 2011","publisher_availability_label":"Sur commande","short_details":"Erwan Balan\u00e7a \u2014 \u00c9ditions Eyrolles","translator":null,"weight":674,"page_count":145,"readership":null,"editor":"\u00c9ditions Eyrolles","price":2430,"published_date":"2011-01-19T23:00:00.000000Z","support":"Grand format","publisher_availability":1,"stock":0,"editions":[],"url":"https:\/\/quaidesbrumes.com\/ouvrage\/9782212673302\/photographier-la-nature-littoral-et-cote-sauvage"},{"id":"9783716517437","title":"Power book - allemand\/anglais","description":null,"authors":["Zanier Luca"],"category_codes":["6000000","6070000","6070200"],"visuals":{"large":"https:\/\/images.epagine.fr\/437\/9783716517437_1_75.jpg","medium":"https:\/\/images.epagine.fr\/437\/9783716517437_1_m.jpg","thumbnail":"https:\/\/images.epagine.fr\/437\/9783716517437_1_v.jpg"},"orderable":true,"show_badge":true,"formatted_price":"54,00&nbsp;\u20ac","formatted_published_date":"1er juin 2012","publisher_availability_label":"Sur commande","short_details":"Zanier Luca \u2014 Benteli","translator":null,"weight":1280,"page_count":null,"readership":null,"editor":"Benteli","price":5400,"published_date":"2012-05-31T22:00:00.000000Z","support":"Grand format","publisher_availability":1,"stock":0,"editions":[],"url":"https:\/\/quaidesbrumes.com\/ouvrage\/9783716517437\/power-book-allemandanglais"},{"id":"9782366770421","title":"Les dictateurs au cin\u00e9ma ; les totalitarismes europ\u00e9ens sur le grand \u00e9cran","description":"De Hitler \u00e0 Staline, de Mussolini \u00e0 Franco, de Salazar aux r\u00e9gimes de l'Est, ce beau livre nous explique comment le cin\u00e9ma a racont\u00e9 les dictatures europ\u00e9ennes, en revenant non seulement sur les films \u00e0 grand succ\u00e8s (comme la liste de Schindler), mais aussi sur ceux moins connus ou disponibles en France en DVD uniquement.\r\n\r\nDes genres apparemment compl\u00e8tement diff\u00e9rents les uns des autres - dramatique, science-fiction, grotesque, horreur, engag\u00e9, satirique, comique - composent une fresque h\u00e9t\u00e9rog\u00e8ne et compl\u00e8te, qui raconte les p\u00e9riodes sombres de l'histoire europ\u00e9enne \u00e0 travers l'oeil d\u00e9sacralisant ou complaisant des sc\u00e9naristes et des r\u00e9alisateurs.\r\n\r\nLes dictateurs au cin\u00e9ma n'est pas un livre politique, ni m\u00eame une critique cin\u00e9matographique : c'est un travelling immanquable de films, de faits, de personnages et d'\u00e9poques qui m\u00e9ritent que l'on se souvienne d'eux.","authors":["Stefano Giani"],"category_codes":["6000000","6070000","6070300"],"visuals":{"large":"https:\/\/images.epagine.fr\/421\/9782366770421_1_75.jpg","medium":"https:\/\/images.epagine.fr\/421\/9782366770421_1_m.jpg","thumbnail":"https:\/\/images.epagine.fr\/421\/9782366770421_1_v.jpg"},"orderable":true,"show_badge":true,"formatted_price":"19,50&nbsp;\u20ac","formatted_published_date":"23 janvier 2014","publisher_availability_label":"Sur commande","short_details":"Stefano Giani \u2014 Gremese","translator":null,"weight":540,"page_count":160,"readership":null,"editor":"Gremese","price":1950,"published_date":"2014-01-22T23:00:00.000000Z","support":"Grand format","publisher_availability":1,"stock":0,"editions":[],"url":"https:\/\/quaidesbrumes.com\/ouvrage\/9782366770421\/les-dictateurs-au-cinema-les-totalitarismes-europeens-sur-le-grand-ecran"},{"id":"9782212674927","title":"Un mod\u00e8le, 50 portraits ; prise de vue ; \u00e9clairage ; poses","description":"Vous adorez prendre des photos ou bien \u00eatre pris en photo ?\r\nVous souhaitez d\u00e9velopper votre potentiel ?\r\nVous trouverez dans cet ouvrage unique en son genre toutes les cl\u00e9s pour r\u00e9ussir vos photos de portrait, que vous vous trouviez derri\u00e8re l'objectif comme photographe ou devant comme mod\u00e8le.\r\nMark Wilkinson, photographe professionnel, et Imogen Dyer, mod\u00e8le, livrent leur savoir-faire photographique en proposant des solutions simples et accessibles sans n\u00e9cessairement recourir \u00e0 du mat\u00e9riel co\u00fbteux ; ils partagent \u00e9galement tous leurs secrets pour bien pr\u00e9parer une s\u00e9ance photo et mettre le mod\u00e8le en valeur (maquillage, garde-robe, pose, etc.).\r\n\r\nOriginalit\u00e9 de ce petit guide pratique, un seul et m\u00eame mod\u00e8le est le sujet des nombreuses photographies d'illustration, refl\u00e9tant toute la palette de rendus et d'\u00e9motions qu'il est possible d'obtenir avec un simple bo\u00eetier et tr\u00e8s peu d'accessoires. Une v\u00e9ritable source d'inspiration pour donner un coup de boost \u00e0 votre portfolio !","authors":["Imogen Dyer","Mark Wilkinson"],"category_codes":["6000000","6070000","6070200","6070208"],"visuals":{"large":"https:\/\/images.epagine.fr\/927\/9782212674927_1_75.jpg","medium":"https:\/\/images.epagine.fr\/927\/9782212674927_1_m.jpg","thumbnail":"https:\/\/images.epagine.fr\/927\/9782212674927_1_v.jpg"},"orderable":true,"show_badge":true,"formatted_price":"19,00&nbsp;\u20ac","formatted_published_date":"8 f\u00e9vrier 2018","publisher_availability_label":"Sur commande","short_details":"Imogen Dyer, Mark Wilkinson \u2014 \u00c9ditions Eyrolles","translator":null,"weight":472,"page_count":160,"readership":null,"editor":"\u00c9ditions Eyrolles","price":1900,"published_date":"2018-02-07T23:00:00.000000Z","support":"Grand format","publisher_availability":1,"stock":0,"editions":[],"url":"https:\/\/quaidesbrumes.com\/ouvrage\/9782212674927\/un-modele-50-portraits-prise-de-vue-eclairage-poses"},{"id":"9788873014867","title":"Sophia","description":null,"authors":["Enrico Lancia","Stephano Masi"],"category_codes":["6000000","6070000","6070300"],"visuals":{"large":"https:\/\/images.epagine.fr\/867\/9788873014867_1_75.jpg","medium":"https:\/\/images.epagine.fr\/867\/9788873014867_1_m.jpg","thumbnail":"https:\/\/images.epagine.fr\/867\/9788873014867_1_v.jpg"},"orderable":true,"show_badge":true,"formatted_price":"36,00&nbsp;\u20ac","formatted_published_date":"1er octobre 2001","publisher_availability_label":"Sur commande","short_details":"Enrico Lancia, Stephano Masi \u2014 Gremese","translator":null,"weight":1248,"page_count":null,"readership":null,"editor":"Gremese","price":3600,"published_date":"2001-09-30T22:00:00.000000Z","support":"Beaux-livres","publisher_availability":1,"stock":0,"editions":[],"url":"https:\/\/quaidesbrumes.com\/ouvrage\/9788873014867\/sophia"},{"id":"9788873016472","title":"Comment \u00e9crire pour la radio ; bulletins, pi\u00e8ces et jeux  radiophoniques","description":"Le monde de la radio vit une seconde jeunesse en se d\u00e9veloppant et en s'adaptant aux nouvelles technologies qui lui assurent une couverture mondiale permanente et fiable. Cet ouvrage a \u00e9t\u00e9 con\u00e7u \u00e0 l'intention des jeunes auteurs d\u00e9sireux de participer aux productions radiophoniques les plus diverses, dans les genres les plus vari\u00e9s tels que pi\u00e8ces de th\u00e9\u00e2tre, nouvelles, feuilletons, publicit\u00e9, programmes scolaires, etc. Il approfondit le parcours cr\u00e9atif des projets et les phases d'\u00e9laboration des textes en donnant d'importantes informations sur les op\u00e9rations techniques, \u00e0 commencer par l'enregistrement et le montage. Les futurs auteurs y trouveront des indications utiles pour structurer leurs oeuvres ou scripts en fonction des imp\u00e9ratifs de ce m\u00e9dia, pour faire \u00e9voluer leurs personnages, se familiariser avec les techniques d'interviews et employer \u00e0 bon escient la musique et les effets sp\u00e9ciaux. Cette vision d'ensemble est compl\u00e9t\u00e9e d'informations indispensables concernant la promotion et la protection de ce type de travail - comme par exemple la fa\u00e7on de proposer une id\u00e9e \u00e0 un producteur, et le fonctionnement des droits d'auteur - et d'exemples pratiques auxquels viennent s'ajouter une liste d'adresses utiles afin d'entrer en contact avec les \u00e9metteurs les plus importants, et une perspective sur les d\u00e9veloppements actuels du secteur.","authors":["Rosemary Horstmann"],"category_codes":["6000000","6070000","6070300"],"visuals":{"large":"https:\/\/images.epagine.fr\/472\/9788873016472_1_75.jpg","medium":"https:\/\/images.epagine.fr\/472\/9788873016472_1_m.jpg","thumbnail":"https:\/\/images.epagine.fr\/472\/9788873016472_1_v.jpg"},"orderable":true,"show_badge":true,"formatted_price":"15,00&nbsp;\u20ac","formatted_published_date":"14 f\u00e9vrier 2008","publisher_availability_label":"Sur commande","short_details":"Rosemary Horstmann \u2014 Gremese","translator":null,"weight":210,"page_count":153,"readership":null,"editor":"Gremese","price":1500,"published_date":"2008-02-13T23:00:00.000000Z","support":"Grand format","publisher_availability":1,"stock":0,"editions":[],"url":"https:\/\/quaidesbrumes.com\/ouvrage\/9788873016472\/comment-ecrire-pour-la-radio-bulletins-pieces-et-jeux-radiophoniques"},{"id":"9782366771800","title":"Le cin\u00e9ma de Guillaume Apollinaire ; des manuscrits in\u00e9dits pour un nouvel \u00e9clairage","description":"Le 9 novembre 1918, Guillaume Apollinaire nous quittait. \u00c0 l'occasion du centenaire de cet immense po\u00e8te, Carole Aurouet appr\u00e9hende un aspect peu explor\u00e9 de son oeuvre : le cin\u00e9ma. En effet, sa relation avec ce dernier est dense et passionnante.\r\n\r\nTr\u00e8s t\u00f4t, Apollinaire se rend dans les salles obscures, il publie des textes sur le cin\u00e9ma, il l'ins\u00e8re dans son oeuvre litt\u00e9raire et il finit par passer \u00e0 l'acte en \u00e9crivant \u00e0 son tour pour ce moyen d'expression qui a vu le jour en 1895. Apr\u00e8s ce texte \u00e9clairant, cet ouvrage exceptionnel offre aux lecteurs les manuscrits originaux dans leur int\u00e9gralit\u00e9, avec leurs annotations, leurs ratures et tous ces d\u00e9tails, fruits de la cr\u00e9ation artistique. Pr\u00e9cieusement conserv\u00e9s \u00e0 la Biblioth\u00e8que litt\u00e9raire Jacques Doucet, ces documents extraordinaires sont pour la premi\u00e8re fois tous reproduits en fac-simil\u00e9s. Le premier est un sc\u00e9nario \u00e9crit en 1917 avec Andr\u00e9 Billy : \"La Br\u00e9hatine\". Cin\u00e9ma-drame. Le second, invent\u00e9 dans un petit cahier, est inachev\u00e9 et ult\u00e9rieur : \"C'est un oiseau qui vient de France\", une adaptation de Jules Verne. La d\u00e9couverte de ces sc\u00e9narios constitue un \u00e9v\u00e9nement exceptionnel, que ce soit pour les amoureux de la po\u00e9sie d'Apollinaire que ceux de cin\u00e9ma, et les amateurs de culturel de mani\u00e8re g\u00e9n\u00e9rale. \u00c0 l'approche du centenaire de la mort d'Apollinaire, deux jours avant l'armistice de la Premi\u00e8re Guerre mondiale, \u00e0 laquelle il avait pris part, \u00e9crivant de magnifiques po\u00e8mes depuis le front, dont les Po\u00e8mes \u00e0 Lou.\r\n\r\nT\u00e9moin e la grande guerre, po\u00e8te de g\u00e9nie, c'est ici sous un autre angle, presque inconnu, qu'est analys\u00e9 Apollinaire, par Carole Aurouet, docteure en Litt\u00e9rature et civilisation fran\u00e7aises et latines et ma\u00eetre de conf\u00e9rences \u00e0 l'Universit\u00e9 Paris-Est Marne-la-Vall\u00e9e. Sp\u00e9cialiste des relations entre litt\u00e9rature et cin\u00e9ma, et plus particuli\u00e8rement du lien entre po\u00e8tes et cin\u00e9ma, celle-ci apporte ici un regard saisissant et pr\u00e9cis sur les deux sc\u00e9narios d'Apollinaire et son rapport au cin\u00e9ma. Repla\u00e7ant Apollinaire et ses sc\u00e9narios dans le contexte litt\u00e9raire et artistique (mais aussi social) de l'\u00e9poque, Carole Aurouet nous permet de d\u00e9couvrir de la meilleure des mani\u00e8res ces deux formidables cr\u00e9ations du po\u00e8te.","authors":["Carole Aurouet"],"category_codes":["6000000","6070000","6070300","6070304"],"visuals":{"large":"https:\/\/images.epagine.fr\/800\/9782366771800_1_75.jpg","medium":"https:\/\/images.epagine.fr\/800\/9782366771800_1_m.jpg","thumbnail":"https:\/\/images.epagine.fr\/800\/9782366771800_1_v.jpg"},"orderable":true,"show_badge":true,"formatted_price":"28,00&nbsp;\u20ac","formatted_published_date":"1er novembre 2018","publisher_availability_label":"Sur commande","short_details":"Carole Aurouet \u2014 Gremese","translator":null,"weight":422,"page_count":100,"readership":null,"editor":"Gremese","price":2800,"published_date":"2018-10-31T23:00:00.000000Z","support":"Grand format","publisher_availability":1,"stock":0,"editions":[],"url":"https:\/\/quaidesbrumes.com\/ouvrage\/9782366771800\/le-cinema-de-guillaume-apollinaire-des-manuscrits-inedits-pour-un-nouvel-eclairage"},{"id":"9782876233171","title":"Jean Marais : Le Bien-aim\u00e9","description":"D\u00e9couvrez , le livre de Carole Weisweiller. Jean Marais : homme, artiste ou h\u00e9ros, celui que l'on surnomma &quot; le Bien-Aim\u00e9 &quot; charma au sens magique du terme des g\u00e9n\u00e9rations d'hommes et de femmes.\r\nJean Cocteau dira de lui : &quot; Cette adh\u00e9sion de Marais \u00e0 mon style est si puissante qu'il rel\u00e8ve du singulier pouvoir des feuilles qui savent prendre forme d'insectes. &quot; De leur rencontre na\u00eetra une alliance du g\u00e9nie et de la beaut\u00e9, mais aussi et surtout une communion d'\u00e2mes.\r\nEpousant pleinement son \u00e9poque, jean Marais ne redoute rien ni personne : il vit en marge des conventions sexuelles et rosse un critique collaborationniste pendant la guerre. Apr\u00e8s avoir \u00e9t\u00e9 l'interpr\u00e8te au th\u00e9\u00e2tre et au cin\u00e9ma de h\u00e9ros classiques (L'Eternel Retour, Orph\u00e9e, L'Aigle \u00e0 deux t\u00eates), il n'h\u00e9site pas \u00e0 op\u00e9rer un tournant de carri\u00e8re avec les films de cape et d'\u00e9p\u00e9e, dans lesquels il excellera : Ruy Blas, Le Bossu, Le Capitan feront de lui une immense vedette populaire.\r\nDevenu un monstre sacr\u00e9, il restera pourtant toujours l'incarnation de l'ange d\u00e9couvert par Cocteau.\r\nGr\u00e2ce \u00e0 la s\u00e9rie d'entretiens que Carole Weisweiller eut avec jean Marais en 1995, gr\u00e2ce au tr\u00e9sor des lettres qu'il \u00e9crivit quotidiennement \u00e0 son ami Robert Labadie au cours des derni\u00e8res ann\u00e9es de sa vie, ce livre le fait revivre dans toute sa v\u00e9rit\u00e9.","authors":["Patrick Renaudot","Carole Weisweiller"],"category_codes":["6000000","6070000","6070300"],"visuals":{"large":"https:\/\/images.epagine.fr\/171\/9782876233171_1_75.jpg","medium":"https:\/\/images.epagine.fr\/171\/9782876233171_1_m.jpg","thumbnail":"https:\/\/images.epagine.fr\/171\/9782876233171_1_v.jpg"},"orderable":true,"show_badge":true,"formatted_price":"24,00&nbsp;\u20ac","formatted_published_date":"21 f\u00e9vrier 2013","publisher_availability_label":"Sur commande","short_details":"Patrick Renaudot, Carole Weisweiller \u2014 Michel De Maule","translator":null,"weight":525,"page_count":600,"readership":null,"editor":"Michel De Maule","price":2400,"published_date":"2013-02-20T23:00:00.000000Z","support":"Grand format","publisher_availability":1,"stock":0,"editions":["9782268043531"],"url":"https:\/\/quaidesbrumes.com\/ouvrage\/9782876233171\/jean-marais-le-bien-aime"},{"id":"9782759208944","title":"\u00e0 la conqu\u00eate des grands fonds","description":"\u00c0 quoi ressemble le sous-sol des abysses ? Quelles sont la nature et la structure des mat\u00e9riaux qui le composent ? Quels engins ont-\u00e9t\u00e9 invent\u00e9s pour observer cet immense territoire longtemps inaccessible aux g\u00e9ologues et aux g\u00e9ographes ? Ce livre propose un voyage dans l'histoire des techniques qui ont permis l'observation du fond de la mer depuis la surface et avec les submersibles. Une aventure \u00e9tonnante illustr\u00e9e par une centaine d'aquarelles qui mettent en sc\u00e8ne les instruments de mesure, les navires anciens ou r\u00e9cents, les submersibles, les marins et les scientifiques au travail, ainsi que cartes bathym\u00e9triques et g\u00e9ologiques","authors":["Jacques Kornprobst","Christine Laverne"],"category_codes":["6000000","6070000","6070200"],"visuals":{"large":"https:\/\/images.epagine.fr\/944\/9782759208944_1_75.jpg","medium":"https:\/\/images.epagine.fr\/944\/9782759208944_1_m.jpg","thumbnail":"https:\/\/images.epagine.fr\/944\/9782759208944_1_v.jpg"},"orderable":true,"show_badge":true,"formatted_price":"15,00&nbsp;\u20ac","formatted_published_date":"14 avril 2011","publisher_availability_label":"Sur commande","short_details":"Jacques Kornprobst, Christine Laverne \u2014 Qu\u00e6","translator":null,"weight":812,"page_count":176,"readership":null,"editor":"Qu\u00e6","price":1500,"published_date":"2011-04-13T22:00:00.000000Z","support":"Grand format","publisher_availability":1,"stock":0,"editions":[],"url":"https:\/\/quaidesbrumes.com\/ouvrage\/9782759208944\/a-la-conquete-des-grands-fonds"},{"id":"9782862666709","title":"Nouvelles images ; les d\u00e9buts de la photographie dans l'Allier","description":"Dans le cadre de ses expositions f\u00e9d\u00e9ratrices, l'association des Mus\u00e9es Bourbonnais, a choisi de traiter du th\u00e8me des premi\u00e8res photographies dans le d\u00e9partement de l'Allier.\r\nPlusieurs mus\u00e9es du d\u00e9partement poss\u00e8dent des photographies datant de la seconde moiti\u00e9 du XIXe-d\u00e9but XXe si\u00e8cle, auxquelles viennent s'ajouter des appareils de professionnels. Leur \u00e9tude a \u00e9t\u00e9 compl\u00e9t\u00e9e par les collections de quelques particuliers et du Fonds de dotation Pierre-Bassot \u00e0 Moulins.\r\n\u00c0 ces collections locales, il est important d'ajouter celle d'Albert Kahn concernant le Bourbonnais. Albert Kahn (1860-1940), banquier et m\u00e9c\u00e8ne, a constitu\u00e9 l'un des plus importants fonds de photographies couleur du d\u00e9but du XXe si\u00e8cle, \u00ab Les Archives de la Plan\u00e8te \u00bb, actuellement conserv\u00e9 au mus\u00e9e d\u00e9partemental Albert-Kahn de Boulogne-Billancourt. Une trentaine de photographies in\u00e9dites concernent le Bourbonnais, en particulier Saint-Pour\u00e7ain-sur-Sioule, Moulins et Vichy.\r\nExemplaires uniques, ces premi\u00e8res photographies se veulent des t\u00e9moins ethnologiques pour les g\u00e9n\u00e9rations futures en illustrant les premiers principes de la g\u00e9ographie humaine, mais \u00e9galement en se mettant au service de la science, de l'arch\u00e9ologie, des \u00e9v\u00e8nements d'actualit\u00e9. Sans oublier l'int\u00e9r\u00eat des premiers touristes pour cette nouvelle technique leur permettant de rapporter des souvenirs de leurs voyages, ni celui des artistes-photographes qui vont lancer le mouvement pictorialiste.\r\n\r\nTextes \u00e9crits par :\r\nMarie-Anne Caradec, mus\u00e9e de Cusset.\r\nJean-Fran\u00e7ois Chassaing, Maison du Luthier\/mus\u00e9e de Jenzat.\r\nAntoine Paillet, Conseil g\u00e9n\u00e9ral de l'Allier.\r\n\r\nAvec les contributions de :\r\nMaud Leyoudec, attach\u00e9e de conservation du patrimoine, mus\u00e9e Anne-de-Beaujeu de Moulins.\r\nMarie-Line Therre: mus\u00e9e des arts d'Afrique et d'Asie de Vichy.\r\n\r\nEt la participation de :\r\nSandra Chabert, arch\u00e9ologue.\r\nGiovanni Chinaletto, mus\u00e9e de Souvigny.\r\nEt Jean-Claude de Durat.","authors":["Marie-anne Caradec","Antoine Paillet"],"category_codes":["6000000","6070000","6070200","6070207"],"visuals":{"large":"https:\/\/images.epagine.fr\/709\/9782862666709_1_75.jpg","medium":"https:\/\/images.epagine.fr\/709\/9782862666709_1_m.jpg","thumbnail":"https:\/\/images.epagine.fr\/709\/9782862666709_1_v.jpg"},"orderable":true,"show_badge":true,"formatted_price":"25,00&nbsp;\u20ac","formatted_published_date":"6 juin 2012","publisher_availability_label":"Sur commande","short_details":"Marie-anne Caradec, Antoine Paillet \u2014 Loubatieres","translator":null,"weight":9,"page_count":114,"readership":null,"editor":"Loubatieres","price":2500,"published_date":"2012-06-05T22:00:00.000000Z","support":"Grand format","publisher_availability":1,"stock":0,"editions":[],"url":"https:\/\/quaidesbrumes.com\/ouvrage\/9782862666709\/nouvelles-images-les-debuts-de-la-photographie-dans-lallier"},{"id":"9781912719488","title":"Notwithstanding","description":"La pratique photographique de l'artiste canadien Hudson Hayden fa\u00e7onne un langage \u00e9l\u00e9gant qui se joue des cat\u00e9gories photographiques. Oscillant entre l'envo\u00fbtement de l'immobilit\u00e9 et de l'espace, d'une part, et les formulations instables de l'exp\u00e9rience capitaliste de l'autre, Notwithstanding se pr\u00e9sente comme une s\u00e9rie laconique d'actes d'\u00e9nonciation, impr\u00e9gn\u00e9s d'humour d\u00e9cal\u00e9, d'optimisme un peu tordu et d'un grand amour pour le m\u00e9dium visuel. Hayden photographie de fa\u00e7on instinctive, sondant les lieux communs de la culture de l'image contemporaine, du croisement entre photographie et s\u00e9miotique, jusqu'\u00e0 la mani\u00e8re dont les objets du quotidien peuvent devenir des ic\u00f4nes simplement en \u00e9tant photographi\u00e9s.","authors":["Hudson Hayden"],"category_codes":["6000000","6070000","6070200","6070205"],"visuals":{"large":"https:\/\/images.epagine.fr\/488\/9781912719488_1_75.jpg","medium":"https:\/\/images.epagine.fr\/488\/9781912719488_1_m.jpg","thumbnail":"https:\/\/images.epagine.fr\/488\/9781912719488_1_v.jpg"},"orderable":true,"show_badge":true,"formatted_price":"39,00&nbsp;\u20ac","formatted_published_date":"21 septembre 2023","publisher_availability_label":"Sur commande","short_details":"Hudson Hayden \u2014 Loose Joints Publishing","translator":null,"weight":788,"page_count":null,"readership":null,"editor":"Loose Joints Publishing","price":3900,"published_date":"2023-09-20T22:00:00.000000Z","support":"Grand format","publisher_availability":1,"stock":0,"editions":[],"url":"https:\/\/quaidesbrumes.com\/ouvrage\/9781912719488\/notwithstanding"},{"id":"9782369420859","title":"L'intimit\u00e9 \u00e0 l'\u00e9cran ; une histoire des repr\u00e9sentations de la sexualit\u00e9 au cin\u00e9ma","description":"La sexualit\u00e9 \u00e0 l'\u00e9cran est devenue omnipr\u00e9sente, mais a-t-elle cess\u00e9 d'\u00eatre un tabou ? Le cin\u00e9ma pornographique, depuis la loi de 1975, reste ghetto\u00efs\u00e9 malgr\u00e9 les tentatives, parfois r\u00e9ussies, de certains cin\u00e9astes \u00e0 int\u00e9grer des sc\u00e8nes explicites dans des films interdits aux moins de 16 ans. A l'inverse, de nombreux longs-m\u00e9trages de fiction repr\u00e9sentent l'amour physique de mani\u00e8re elliptique \u00e0 l'instar des films des ann\u00e9es 1950 soumis \u00e0 la censure. Le cin\u00e9ma peine \u00e0 repr\u00e9senter les pr\u00e9liminaires mais aussi la jouissance, surtout f\u00e9minine, qui appara\u00eet souvent de mani\u00e8re caricaturale. Ainsi les repr\u00e9sentations cin\u00e9matographiques de la sexualit\u00e9 sont encore trop souvent archa\u00efques. Cette \u00e9tude embrasse tout le cin\u00e9ma fran\u00e7ais de l'apr\u00e8s-guerre jusqu'\u00e0 nos jours. Elle porte une attention particuli\u00e8re aux films qui ont lait scandale, et dont elle analyse la r\u00e9ception critique, ainsi qu'\u00e0 quelques stars, sympt\u00f4mes de l'\u00e9rotisation des soci\u00e9t\u00e9s occidentales modernes.\r\n\r\nAlain Brassart est charg\u00e9 de cours \u00e0 l'universit\u00e9 de Lille III. Il est l'auteur des jeunes premiers dans le cin\u00e9ma fran\u00e7ais des ann\u00e9es 60 (Cerf, 2004) et de L'homosexualit\u00e9 dans le cin\u00e9ma fran\u00e7ais (Nouveau Monde \u00e9ditions, 2007) dont il a tir\u00e9 un documentaire, De la cage aux roseaux (L'Harmattan, 2012). Il \u00e9crit r\u00e9guli\u00e8rement dans Le Monde diplomatique et dans la revue Cin\u00e9mAction.","authors":["Alain Brassart"],"category_codes":["6000000","6070000","6070300","6070307"],"visuals":{"large":"https:\/\/images.epagine.fr\/859\/9782369420859_1_75.jpg","medium":"https:\/\/images.epagine.fr\/859\/9782369420859_1_m.jpg","thumbnail":"https:\/\/images.epagine.fr\/859\/9782369420859_1_v.jpg"},"orderable":true,"show_badge":true,"formatted_price":"25,00&nbsp;\u20ac","formatted_published_date":"23 f\u00e9vrier 2017","publisher_availability_label":"Sur commande","short_details":"Alain Brassart \u2014 Nouveau Monde \u00c9ditions","translator":null,"weight":718,"page_count":538,"readership":null,"editor":"Nouveau Monde \u00c9ditions","price":2500,"published_date":"2017-02-22T23:00:00.000000Z","support":"Grand format","publisher_availability":1,"stock":0,"editions":[],"url":"https:\/\/quaidesbrumes.com\/ouvrage\/9782369420859\/lintimite-a-lecran-une-histoire-des-representations-de-la-sexualite-au-cinema"},{"id":"9782705673390","title":"S\u00e9ries cultes et culte de la s\u00e9rie chez les jeunes : Penser l'adolescence avec les s\u00e9ries t\u00e9l\u00e9vis\u00e9es","description":"Pris\u00e9es par le grand public, les s\u00e9ries t\u00e9l\u00e9 sont devenues, au fil du temps, les objets d'un v\u00e9ritable culte. Visionnages rituels, passion de l'\u00e9change et \u00e9loges passionn\u00e9s, certaines s\u00e9ries provoquent chez les adolescents et les adolescentes une ferveur sans pr\u00e9c\u00e9dent, jusqu'\u00e0 devenir des symboles g\u00e9n\u00e9rationnels. De Beverly Hills 90210 \u00e0 Skins, d'H\u00e9l\u00e8ne et les gar\u00e7ons \u00e0 Glee, cet ouvrage analyse la place singuli\u00e8re des s\u00e9ries t\u00e9l\u00e9 dans la culture juv\u00e9nile contemporaine. \u00c0 travers le croisement de leurs regards, socioanthropologues et psychologues, sp\u00e9cialistes de la litt\u00e9rature et des m\u00e9dias r\u00e9v\u00e8lent la complexit\u00e9 du r\u00f4le des s\u00e9ries pour un public aux prises avec des questions inh\u00e9rentes au devenir adulte.\r\n\r\n\r\nMartin Julier-Costes du Centre Georges-Chevrier. \r\nDenis Jeffrey, professeur de sciences de l'\u00e9ducation \u00e0 l'Universit\u00e9 Laval.\r\nJocelyn Lachance : ses travaux portent sur le rapport des jeunes au temps et aux technologies r\u00e9centes de l'image et de la communication, sur leurs pratiques culturelles, ainsi que sur les conduites \u00e0 risque dans un contexte hypermoderne.","authors":["Julier-Costes Martin"],"category_codes":["6000000","6070000","6070300","6070304"],"visuals":{"large":"https:\/\/images.epagine.fr\/390\/9782705673390_1_75.jpg","medium":"https:\/\/images.epagine.fr\/390\/9782705673390_1_m.jpg","thumbnail":"https:\/\/images.epagine.fr\/390\/9782705673390_1_v.jpg"},"orderable":true,"show_badge":true,"formatted_price":"25,00&nbsp;\u20ac","formatted_published_date":"10 octobre 2014","publisher_availability_label":"Sur commande","short_details":"Julier-Costes Martin \u2014 Hermann","translator":null,"weight":253,"page_count":236,"readership":null,"editor":"Hermann","price":2500,"published_date":"2014-10-09T22:00:00.000000Z","support":"Grand format","publisher_availability":1,"stock":0,"editions":[],"url":"https:\/\/quaidesbrumes.com\/ouvrage\/9782705673390\/series-cultes-et-culte-de-la-serie-chez-les-jeunes-penser-ladolescence-avec-les-series-televisees"},{"id":"9788873017158","title":"Les m\u00e9connus du cin\u00e9ma am\u00e9ricain ; 100 grands acteurs de genre qui ont fait la spendeur d'Hollywood","description":"Cet ouvrage in\u00e9dit et riche en belles photos vous propose un voyage \u00e0 la d\u00e9couverte de la vie et de la carri\u00e8re des 100 plus grands acteurs de genre qui ont fait la splendeur du cin\u00e9ma hollywoodien.","authors":["Massimo Giraldi","Enrico Lancia","Fabio Melelli"],"category_codes":["6000000","6070000","6070300"],"visuals":{"large":"https:\/\/images.epagine.fr\/158\/9788873017158_1_75.jpg","medium":"https:\/\/images.epagine.fr\/158\/9788873017158_1_m.jpg","thumbnail":"https:\/\/images.epagine.fr\/158\/9788873017158_1_v.jpg"},"orderable":true,"show_badge":true,"formatted_price":"32,00&nbsp;\u20ac","formatted_published_date":"25 novembre 2010","publisher_availability_label":"Sur commande","short_details":"Massimo Giraldi, Enrico Lancia, Fabio Melelli \u2014 Gremese","translator":null,"weight":1022,"page_count":288,"readership":null,"editor":"Gremese","price":3200,"published_date":"2010-11-24T23:00:00.000000Z","support":"Beaux-livres","publisher_availability":1,"stock":0,"editions":[],"url":"https:\/\/quaidesbrumes.com\/ouvrage\/9788873017158\/les-meconnus-du-cinema-americain-100-grands-acteurs-de-genre-qui-ont-fait-la-spendeur-dhollywood"},{"id":"9782843103186","title":"Le corps de la liberte - essais sur la peinture du xixe siecle","description":"Quelles formidables questions suscite la libert\u00e9, ce mot si pr\u00e9sent et si imp\u00e9rieux aux XIXe et XXe si\u00e8cles, quand elle surgit dans les oeuvres! Dans ses ramifications, dans les m\u00e9tamorphoses de ses r\u00e9v\u00e9lations concr\u00e8tes et singuli\u00e8res, la libert\u00e9 se multiplie et cr\u00e9e des configurations parfois contradictoires qui s'offrent comme autant de pr\u00e9sences diverses. Les \u00e9tudes r\u00e9unies dans ce livre ont pour centre ou pr\u00e9suppos\u00e9 les diff\u00e9rents aspects de la libert\u00e9 dans les arts -et en particulier dans la peinture du XIXe si\u00e8cle \u00e0 partir des oeuvres de David et de Goya. Car cette libert\u00e9, publique, politique, collective, individuelle ou artistique, une et multiple, se rev\u00eat d'un v\u00e9cu sensible o\u00f9 le protagoniste n'est autre que le corps physique. Ne se fondant pas uniquement sur des analyses formelles ou stylistiques et sur des consid\u00e9rations historiques, Jorge Coli nourrit sa r\u00e9flexion avec des excursus dans les domaines de la litt\u00e9rature, de la philosophie et du cin\u00e9ma.","authors":["Coli Jorge"],"category_codes":["6000000","6070000","6070200"],"visuals":{"large":"https:\/\/images.epagine.fr\/186\/9782843103186_1_75.jpg","medium":"https:\/\/images.epagine.fr\/186\/9782843103186_1_m.jpg","thumbnail":"https:\/\/images.epagine.fr\/186\/9782843103186_1_v.jpg"},"orderable":true,"show_badge":true,"formatted_price":"32,00&nbsp;\u20ac","formatted_published_date":"8 mars 2016","publisher_availability_label":"Sur commande","short_details":"Coli Jorge \u2014 Universite Grenoble Alpes","translator":null,"weight":856,"page_count":278,"readership":null,"editor":"Universite Grenoble Alpes","price":3200,"published_date":"2016-03-07T23:00:00.000000Z","support":"Grand format","publisher_availability":1,"stock":0,"editions":[],"url":"https:\/\/quaidesbrumes.com\/ouvrage\/9782843103186\/le-corps-de-la-liberte-essais-sur-la-peinture-du-xixe-siecle"},{"id":"9782843102837","title":"Les mus\u00e9es bless\u00e9s ; le muse ferite ; 1914-1918","description":"Pendant la Premi\u00e8re Guerre mondiale les bombardements a\u00e9riens brisent la fragile illusion de s\u00fbret\u00e9 des villes d'art, de leurs monuments et de leurs mus\u00e9es. Avec son apport fondamental \u00e0 la documentation des dommages au tissu artistique et urbain, la photographie historique d\u00e9di\u00e9e au patrimoine lors du conflit est aujourd'hui une source privil\u00e9gi\u00e9e, mais encore peu connue, pour l'analyse du d\u00e9bat sur la conservation et la protection. De la cath\u00e9drale de Reims aux \u00e9glises de Venise, en effet, la perception de la valeur du patrimoine artistique et la conscience de ses blessures devient une question populaire et internationale gr\u00e2ce, surtout, \u00e0 la photographie qui fut le moyen privil\u00e9gi\u00e9 d'une nouvelle communication - plus directe et imm\u00e9diate - des valeurs de l'art contre la barbarie de la guerre.\r\n Durante la Prima guerra mondiale i bombardamenti aerei rompono la fragile illusione di incolumit\u00e0 delle citt\u00e0 d'arte, dei loro monumenti e dei loro musei. Con il suo apporto fondamentale alla documentazione dei danni al tessuto artistico e urbano, la fotografia storica dedicata al patrimonio durante il conflitto \u00e8 oggi una fonte privilegiata, ma ancora poco nota, per l'analisi del dibattito sulla conservazione e la tutela. Dalla Cattedrale di Reims alle chiese di Venezia, infatti, la percezione del valore del patrimonio artistico e la consapevolezza delle sue ferite divenne questione popolare e internazionale grazie soprattutto alla fotografia che fu il mezzo privilegiato di una nuova comunicazione - pi\u00f9 diretta ed immediata - dei valori dell'arte contro la barbarie della guerra.","authors":["Sandra Costa","Marco Pizzo"],"category_codes":["6000000","6070000","6070200"],"visuals":{"large":"https:\/\/images.epagine.fr\/837\/9782843102837_1_75.jpg","medium":"https:\/\/images.epagine.fr\/837\/9782843102837_1_m.jpg","thumbnail":"https:\/\/images.epagine.fr\/837\/9782843102837_1_v.jpg"},"orderable":true,"show_badge":true,"formatted_price":"34,00&nbsp;\u20ac","formatted_published_date":"27 septembre 2014","publisher_availability_label":"Sur commande","short_details":"Sandra Costa, Marco Pizzo \u2014 Universite Grenoble Alpes","translator":null,"weight":938,"page_count":312,"readership":null,"editor":"Universite Grenoble Alpes","price":3400,"published_date":"2014-09-26T22:00:00.000000Z","support":"Grand format","publisher_availability":1,"stock":0,"editions":[],"url":"https:\/\/quaidesbrumes.com\/ouvrage\/9782843102837\/les-musees-blesses-le-muse-ferite-1914-1918"},{"id":"9782862581811","title":"Photographier la nature sauvage","description":null,"authors":["Angel Heather"],"category_codes":["6000000","6070000","6070200"],"visuals":{"large":"https:\/\/images.epagine.fr\/811\/9782862581811_1_75.jpg","medium":"https:\/\/images.epagine.fr\/811\/9782862581811_1_m.jpg","thumbnail":"https:\/\/images.epagine.fr\/811\/9782862581811_1_v.jpg"},"orderable":true,"show_badge":true,"formatted_price":"15,20&nbsp;\u20ac","formatted_published_date":"20 ao\u00fbt 1998","publisher_availability_label":"Sur commande","short_details":"Angel Heather \u2014 Vm","translator":null,"weight":667,"page_count":null,"readership":null,"editor":"Vm","price":1520,"published_date":"1998-08-19T22:00:00.000000Z","support":"Beaux-livres","publisher_availability":1,"stock":0,"editions":[],"url":"https:\/\/quaidesbrumes.com\/ouvrage\/9782862581811\/photographier-la-nature-sauvage"},{"id":"9782357330931","title":"Solipsisme","description":null,"authors":["Julien L\u00e9vy"],"category_codes":["6000000","6070000","6070200"],"visuals":{"large":"https:\/\/images.epagine.fr\/931\/9782357330931_1_75.jpg","medium":"https:\/\/images.epagine.fr\/931\/9782357330931_1_m.jpg","thumbnail":"https:\/\/images.epagine.fr\/931\/9782357330931_1_v.jpg"},"orderable":true,"show_badge":true,"formatted_price":"25,00&nbsp;\u20ac","formatted_published_date":"25 mai 2010","publisher_availability_label":"Sur commande","short_details":"Julien L\u00e9vy \u2014 Archibooks","translator":null,"weight":510,"page_count":null,"readership":null,"editor":"Archibooks","price":2500,"published_date":"2010-05-24T22:00:00.000000Z","support":"Grand format","publisher_availability":1,"stock":0,"editions":[],"url":"https:\/\/quaidesbrumes.com\/ouvrage\/9782357330931\/solipsisme"}]}