{"data":[{"id":"9782366770162","title":"Rebelles on the road ; moto et bikers du cin\u00e9ma","description":null,"authors":["Alberto Morsiani"],"category_codes":["6000000","6070000","6070300"],"visuals":{"large":"https:\/\/images.epagine.fr\/162\/9782366770162_1_75.jpg","medium":"https:\/\/images.epagine.fr\/162\/9782366770162_1_m.jpg","thumbnail":"https:\/\/images.epagine.fr\/162\/9782366770162_1_v.jpg"},"orderable":true,"show_badge":true,"formatted_price":"19,50&nbsp;\u20ac","formatted_published_date":"12 avril 2013","publisher_availability_label":"Sur commande","short_details":"Alberto Morsiani \u2014 Gremese","translator":null,"weight":518,"page_count":127,"readership":null,"editor":"Gremese","price":1950,"published_date":"2013-04-11T22:00:00.000000Z","support":"Grand format","publisher_availability":1,"stock":0,"editions":[],"url":"https:\/\/quaidesbrumes.com\/ouvrage\/9782366770162\/rebelles-on-the-road-moto-et-bikers-du-cinema"},{"id":"9782212133493","title":"La photo chinoise contemporaine","description":"Depuis les ann\u00e9es 1990-2000, les photographes chinois sont \u00e0 l'avant-garde d'un art contemporain particuli\u00e8rement foisonnant.\r\nNouvelle photo documentaire, rapport au pouvoir et \u00e0 la m\u00e9moire, influence de la mondialisation sur la vie urbaine et dans les campagnes, exploration de la marginalit\u00e9... La tendance est \u00e0 la photo conceptuelle, marqu\u00e9e par un go\u00fbt pour les mises en sc\u00e8ne d\u00e9cal\u00e9es, un humour provocateur, des clins d'oeil \u00e0 des mouvements tels que le pop art, combin\u00e9s avec des r\u00e9f\u00e9rences au r\u00e9alisme socialiste ou \u00e0 la tradition chinoise.\r\nCet ouvrage rend compte de cette exub\u00e9rance cr\u00e9ative avec une s\u00e9lection de 62 artistes embl\u00e9matiques qui ont marqu\u00e9 de leur pr\u00e9sence les expositions d'art contemporain chinois en France, comme ailleurs en Europe, aux Etats-Unis ou en Chine.\r","authors":["Gu Zheng"],"category_codes":["6000000","6070000","6070200"],"visuals":{"large":"https:\/\/images.epagine.fr\/493\/9782212133493_1_75.jpg","medium":"https:\/\/images.epagine.fr\/493\/9782212133493_1_m.jpg","thumbnail":"https:\/\/images.epagine.fr\/493\/9782212133493_1_v.jpg"},"orderable":true,"show_badge":true,"formatted_price":"42,50&nbsp;\u20ac","formatted_published_date":"24 novembre 2011","publisher_availability_label":"Sur commande","short_details":"Gu Zheng \u2014 \u00c9ditions Eyrolles","translator":null,"weight":2635,"page_count":334,"readership":null,"editor":"\u00c9ditions Eyrolles","price":4250,"published_date":"2011-11-23T23:00:00.000000Z","support":"Grand format","publisher_availability":1,"stock":0,"editions":[],"url":"https:\/\/quaidesbrumes.com\/ouvrage\/9782212133493\/la-photo-chinoise-contemporaine"},{"id":"9782212128192","title":"100 trucs et astuces pour filmer avec son Reflex","description":"Avec l'arriv\u00e9e de la derni\u00e8re g\u00e9n\u00e9ration de bo\u00eetiers reflex qui int\u00e8grent des fonctionnalit\u00e9s vid\u00e9o haute d\u00e9finition tout en conservant la richesse de l'optique interchangeable propre aux reflex, le monde de la photo conna\u00eet une v\u00e9ritable r\u00e9volution.\r\nPour la premi\u00e8re fois en effet, les photographes et vid\u00e9astes ont \u00e0 leur port\u00e9e des outils vid\u00e9o et un niveau de cr\u00e9ativit\u00e9, jusqu'alors r\u00e9serv\u00e9s aux seuls professionnels de la t\u00e9l\u00e9vision ou du cin\u00e9ma. Structur\u00e9 en fiches conseil, cet ouvrage pratique vous livre plus de l00 trucs et astuces pour vous lancer dans l'aventure de la vid\u00e9o HD \u00e0 l'aide de votre reflex num\u00e9rique, quelle que soit la marque de ce dernier ; vous pouvez le consulter comme un guide de r\u00e9f\u00e9rence ou bien le lire de la premi\u00e8re \u00e0 la derni\u00e8re page comme un cours complet sur la r\u00e9alisation de vid\u00e9os.\r\nVous y trouverez \u00e9galement plusieurs cas pratiques d\u00e9crivant de v\u00e9ritables projets professionnels, notamment une publicit\u00e9 pour la t\u00e9l\u00e9vision, un clip musical ou encore un court m\u00e9trage.\r","authors":["Adam Juniper","David Newton"],"category_codes":["6000000","6070000","6070200"],"visuals":{"large":"https:\/\/images.epagine.fr\/192\/9782212128192_1_75.jpg","medium":"https:\/\/images.epagine.fr\/192\/9782212128192_1_m.jpg","thumbnail":"https:\/\/images.epagine.fr\/192\/9782212128192_1_v.jpg"},"orderable":true,"show_badge":true,"formatted_price":"26,30&nbsp;\u20ac","formatted_published_date":"16 juin 2011","publisher_availability_label":"Sur commande","short_details":"Adam Juniper, David Newton \u2014 \u00c9ditions Eyrolles","translator":null,"weight":610,"page_count":176,"readership":null,"editor":"\u00c9ditions Eyrolles","price":2630,"published_date":"2011-06-15T22:00:00.000000Z","support":"Grand format","publisher_availability":1,"stock":0,"editions":[],"url":"https:\/\/quaidesbrumes.com\/ouvrage\/9782212128192\/100-trucs-et-astuces-pour-filmer-avec-son-reflex"},{"id":"9782212547948","title":"Portraits de jambes dans la photographie contemporaine \/ legs through the lens","description":"Les jambes fascinent, inspirent, ensorcellent... Sous l'objectif de onze photographes professionnels, de g\u00e9n\u00e9rations et de cultures diff\u00e9rentes, les jambes se d\u00e9voilent : sugg\u00e9r\u00e9es, libres, conqu\u00e9rantes, naturelles, provocantes ou s\u00e9ductrices. Passionn\u00e9s par les jambes, ils expriment avec talent leur vision par leur art ; leurs oeuvres t\u00e9moignent de leur inspiration et explorent leur univers autour de ce th\u00e8me \u00e9ternel.\r\n\r\nLegs! Fascinating, inspiring, enchanting. Eleven professional photographers, from different cultures and generations, focus on legs: veiled, free, conquering, natural, provocative, seductive. Fascinated by legs, these skilled photographers express a vision through their art and explore the world inspired by an eternal theme.\r\n\r\nLes photographes -Erwin Blumenfeld -Henri Cartier-Bresson -Sandrine Elberg -Martine Fougeron -Myriam Mihindou -Kumi Oguro -Jacques Olivar -Bernard Plossu -Yves-Marie Quemeneur -Jeanloup Sieff -Benjamin Taguemount\r","authors":["Catherine Gobet-lalanne"],"category_codes":["6000000","6070000","6070200"],"visuals":{"large":"https:\/\/images.epagine.fr\/948\/9782212547948_1_75.jpg","medium":"https:\/\/images.epagine.fr\/948\/9782212547948_1_m.jpg","thumbnail":"https:\/\/images.epagine.fr\/948\/9782212547948_1_v.jpg"},"orderable":true,"show_badge":true,"formatted_price":"29,40&nbsp;\u20ac","formatted_published_date":"18 novembre 2010","publisher_availability_label":"Sur commande","short_details":"Catherine Gobet-lalanne \u2014 \u00c9ditions Eyrolles","translator":null,"weight":646,"page_count":119,"readership":null,"editor":"\u00c9ditions Eyrolles","price":2940,"published_date":"2010-11-17T23:00:00.000000Z","support":"Grand format","publisher_availability":1,"stock":0,"editions":[],"url":"https:\/\/quaidesbrumes.com\/ouvrage\/9782212547948\/portraits-de-jambes-dans-la-photographie-contemporaine-legs-through-the-lens"},{"id":"9782212129892","title":"Tourner en 3D-relief ; de la pr\u00e9-production \u00e0 la diffusion","description":"En 2010, l'incroyable succ\u00e8s d'Avatar, le film de James Cameron, a sign\u00e9 avec \u00e9clat le renouveau de l'image 3D sur les \u00e9crans. Cin\u00e9ma, t\u00e9l\u00e9vision, films institutionnels, captations de concerts ou de matchs de football... En une poign\u00e9e d'ann\u00e9es \u00e0 peine, la 3D-relief a d\u00e9finitivement et profond\u00e9ment boulevers\u00e9 le monde de la production audiovisuelle, de la r\u00e9alisation \u00e0 la diffusion.\r\n\r\nCet ouvrage s'adresse aux soci\u00e9t\u00e9s de production, aux producteurs, aux r\u00e9alisateurs et, plus largement, \u00e0 tous les professionnels ou futurs professionnels de la 3D-relief. De la pr\u00e9paration au tournage, de la postproduction \u00e0 la diffusion, ce livre tr\u00e8s document\u00e9 est r\u00e9solument orient\u00e9 \"m\u00e9tier\". Fabien Remblier propose un regard nouveau sur les sp\u00e9cificit\u00e9s de son activit\u00e9 de r\u00e9alisateur 3D-relief et sur les techniques et les outils qu'il utilise. Il guide le lecteur \u00e0 la d\u00e9couverte de cette nouvelle fa\u00e7on de tourner, car la pratique de la 3D-relief requiert une ma\u00eetrise et une appr\u00e9hension de la r\u00e9alisation sp\u00e9cifiques et tr\u00e8s diff\u00e9rentes de celles du tournage \"\u00e0 plat\".\r","authors":["Fabien Remblier"],"category_codes":["6000000","6070000","6070300"],"visuals":{"large":"https:\/\/images.epagine.fr\/892\/9782212129892_1_75.jpg","medium":"https:\/\/images.epagine.fr\/892\/9782212129892_1_m.jpg","thumbnail":"https:\/\/images.epagine.fr\/892\/9782212129892_1_v.jpg"},"orderable":true,"show_badge":true,"formatted_price":"35,50&nbsp;\u20ac","formatted_published_date":"6 octobre 2011","publisher_availability_label":"Sur commande","short_details":"Fabien Remblier \u2014 \u00c9ditions Eyrolles","translator":null,"weight":738,"page_count":176,"readership":null,"editor":"\u00c9ditions Eyrolles","price":3550,"published_date":"2011-10-05T22:00:00.000000Z","support":"Grand format","publisher_availability":1,"stock":0,"editions":[],"url":"https:\/\/quaidesbrumes.com\/ouvrage\/9782212129892\/tourner-en-3d-relief-de-la-pre-production-a-la-diffusion"},{"id":"9782212123432","title":"Pr\u00e9parer des images num\u00e9riques ; num\u00e9riser, optimiser, contr\u00f4ler","description":"Les images num\u00e9riques doivent \u00eatre optimis\u00e9es pour les modes de reproduction qui les concernent, qu'eles soient destin\u00e9es \u00e0 la conservation des fonds documentaires visuels, \u00e0 l'impression ou \u00e0 la diffusion sur Internet. Propose des m\u00e9thodes de travail adapt\u00e9es \u00e0 chaque type de traitement d'image et des r\u00e9ponses aux probl\u00e9matiques techniques rencontr\u00e9es.\r\n\r\nQu'elles soient destin\u00e9es \u00e0 la conservation des fonds documentaires visuels, \u00e0 l'impression (livres illustr\u00e9s, affiches, catalogues) ou \u00e0 la diffusion sur Internet, toutes les images num\u00e9riques doivent \u00eatre au pr\u00e9alable optimis\u00e9es pour les modes de reproduction qui les concernent. Cet ouvrage s'adresse aux graphistes, aux fabricants, aux \u00e9diteurs, aux iconographes, au personnel des agences photo et \u00e0 ceux qui g\u00e8rent des fonds documentaires, c'est-\u00e0-dire \u00e0 tous ceux qui sont confront\u00e9s \u00e0 l'acquisition des images (prise de vue ou num\u00e9risation), \u00e0 leurs corrections dans Photohop (ou Camera Raw), \u00e0 l'\u00e9valuation de leur qualit\u00e9 et de leurs possibilit\u00e9s d'exploitation, ainsi qu'\u00e0 leur catalogage. Tr\u00e8s orient\u00e9 \" m\u00e9tiers \", il a pour ambition de proposer des m\u00e9thodes de travail adapt\u00e9es \u00e0 chaque type de traitement d'image et de r\u00e9pondre aux probl\u00e9matiques techniques que vous \u00eates amen\u00e9 \u00e0 rencontrer dans votre activit\u00e9 professionnelle quotidienne. Prochain titre \u00e0 para\u00eetre dans cette nouvelle collection d\u00e9velopp\u00e9e en partenariat avec l'Asfored : Photoshop et le pr\u00e9presse (du m\u00eame auteur).\r","authors":["Eric Bacquet"],"category_codes":["6000000","6070000","6070300"],"visuals":{"large":"https:\/\/images.epagine.fr\/432\/9782212123432_1_75.jpg","medium":"https:\/\/images.epagine.fr\/432\/9782212123432_1_m.jpg","thumbnail":"https:\/\/images.epagine.fr\/432\/9782212123432_1_v.jpg"},"orderable":true,"show_badge":true,"formatted_price":"20,20&nbsp;\u20ac","formatted_published_date":"25 mai 2009","publisher_availability_label":"Sur commande","short_details":"Eric Bacquet \u2014 \u00c9ditions Eyrolles","translator":null,"weight":497,"page_count":186,"readership":null,"editor":"\u00c9ditions Eyrolles","price":2020,"published_date":"2009-05-24T22:00:00.000000Z","support":"Grand format","publisher_availability":1,"stock":0,"editions":[],"url":"https:\/\/quaidesbrumes.com\/ouvrage\/9782212123432\/preparer-des-images-numeriques-numeriser-optimiser-controler"},{"id":"9782876236981","title":"Mathieu ganio - vu par michel lidvac","description":null,"authors":["Lidvak"],"category_codes":["6000000","6070000","6070200"],"visuals":{"large":"https:\/\/images.epagine.fr\/981\/9782876236981_1_75.jpg","medium":"https:\/\/images.epagine.fr\/981\/9782876236981_1_m.jpg","thumbnail":"https:\/\/images.epagine.fr\/981\/9782876236981_1_v.jpg"},"orderable":true,"show_badge":true,"formatted_price":"49,00&nbsp;\u20ac","formatted_published_date":"29 novembre 2018","publisher_availability_label":"Sur commande","short_details":"Lidvak \u2014 Michel De Maule","translator":null,"weight":1602,"page_count":null,"readership":null,"editor":"Michel De Maule","price":4900,"published_date":"2018-11-28T23:00:00.000000Z","support":"Grand format","publisher_availability":1,"stock":0,"editions":[],"url":"https:\/\/quaidesbrumes.com\/ouvrage\/9782876236981\/mathieu-ganio-vu-par-michel-lidvac"},{"id":"9782212672978","title":"Olympus E-510","description":"Avec le E-510, Olympus place la barre tr\u00e8s haut sur le march\u00e9 des reflex num\u00e9riques milieu de gamme en proposant un bo\u00eetier maniable et de faible poids aux fonctionnalit\u00e9s tr\u00e8s avanc\u00e9es pour un co\u00fbt mod\u00e9r\u00e9 : capteur de 10,1 m\u00e9gapixels, dispositif anti-boug\u00e9, syst\u00e8me anti-poussi\u00e8re, \u00e9cran \u00e0 vis\u00e9e directe... Un appareil particuli\u00e8rement performant, qui produit d'excellents r\u00e9sultats en mode automatique et dispose d'une multitude de r\u00e9glages personnalisables pour le pousser au maximum de ses capacit\u00e9s. Ce guide pratique illustr\u00e9 d\u00e9crit en d\u00e9tail toutes les fonctions avanc\u00e9es de l'appareil - modes d'exposition, nombreuses options de balance des blancs, fonctions personnalis\u00e9es, etc. - et vous aide \u00e0 faire un choix parmi la gamme de flashs, d'objectifs et autres accessoires disponibles sur le march\u00e9. Un ouvrage indispensable pour tous ceux qui veulent savoir quels r\u00e9glages adopter selon la nature de la sc\u00e8ne \u00e0 photographier, en se donnant ainsi les meilleures chances de r\u00e9ussir tous leurs clich\u00e9s.\r","authors":["David Schloss"],"category_codes":["6000000","6070000","6070200"],"visuals":{"large":"https:\/\/images.epagine.fr\/978\/9782212672978_1_75.jpg","medium":"https:\/\/images.epagine.fr\/978\/9782212672978_1_m.jpg","thumbnail":"https:\/\/images.epagine.fr\/978\/9782212672978_1_v.jpg"},"orderable":true,"show_badge":true,"formatted_price":"17,20&nbsp;\u20ac","formatted_published_date":"21 f\u00e9vrier 2008","publisher_availability_label":"Sur commande","short_details":"David Schloss \u2014 Vm","translator":null,"weight":275,"page_count":132,"readership":null,"editor":"Vm","price":1720,"published_date":"2008-02-20T23:00:00.000000Z","support":"Grand format","publisher_availability":1,"stock":0,"editions":[],"url":"https:\/\/quaidesbrumes.com\/ouvrage\/9782212672978\/olympus-e-510"},{"id":"9782212091076","title":"Photoshop 5 et la bichromie","description":"Vers une plus grande ma\u00eetrise du traitement de l'image num\u00e9rique \r\n\r\nQue vous soyez professionnel ou amateur passionn\u00e9 d'image, photographe ou graphiste, maquettiste, web designer, photograveur, flasheur ou imprimeur, vous approfondirez vos connaissances gr\u00e2ce \u00e0 ce livre. \r\n\r\nV\u00e9ritable voyage guid\u00e9 \u00e0 travers le monde de l'image, du virage photographique \u00e0 la colorisation num\u00e9rique, ce livre vous emm\u00e8nera bien au-del\u00e0 de l'image bichrome. Peu d'ouvrages sur Photoshop b\u00e9n\u00e9ficient en effet du savoir-faire d'un expert du logiciel ayant une telle vision d'ensemble de la cha\u00eene graphique. \r\n\r\nCe livre vous apportera la ma\u00eetrise des utilisations les plus courantes du monde bichrome de Photoshop, telles que :\r\n\r\n\r\nsatisfaire aux exigences de reproduction d'une image noir et blanc\r\ntraiter sa colorisation \u00e0 l'aide de 2 ou plusieurs couleurs\r\ncoloriser une image trait en plusieurs couleurs\r\nconna\u00eetre l'univers de la trame et de l'imprimerie\r\ncoloriser une image noir et blanc ou couleur sans la bichromie (web, etc.)\r\n\r\n\r\nInclus : 2 nuanciers au format 88 x 54 cm \r\n\r\nCes 2 nuanciers d'images coloris\u00e9es, imprim\u00e9s sur les papiers couch\u00e9s et non couch\u00e9s les plus vendus en Europe, vous permettront concr\u00e8tement d'obtenir et de v\u00e9rifier avec exactitude le r\u00e9sultat des param\u00e8tres de votre bichromie. \r\n\r\nUtilisateurs des versions 3 \u00e0 5.x de Photoshop, sous Mac ou Windows, ce livre vous est destin\u00e9! \r\n\r\nLu dans la presse\r\n\r\n\"C'est costaud, tout r\u00e9pond \u00e0 l'appel (tr\u00e8s complet). Cinq \u00e9toiles.\"\r\n \r\nCr\u00e9ation num\u00e9rique - d\u00e9cembre 1999 \r\n\r\n\"Un petit ouvrage tr\u00e8s complet consacr\u00e9 aux fonctions de colorisation du programme d'Adobe.\"\r\n \r\nSVM Mac - d\u00e9cembre 1999","authors":["Vincent Risacher"],"category_codes":["6000000","6070000","6070200"],"visuals":{"large":"https:\/\/images.epagine.fr\/076\/9782212091076_1_75.jpg","medium":"https:\/\/images.epagine.fr\/076\/9782212091076_1_m.jpg","thumbnail":"https:\/\/images.epagine.fr\/076\/9782212091076_1_v.jpg"},"orderable":true,"show_badge":true,"formatted_price":"37,50&nbsp;\u20ac","formatted_published_date":"14 septembre 1999","publisher_availability_label":"Sur commande","short_details":"Vincent Risacher \u2014 \u00c9ditions Eyrolles","translator":null,"weight":499,"page_count":144,"readership":null,"editor":"\u00c9ditions Eyrolles","price":3750,"published_date":"1999-09-13T22:00:00.000000Z","support":"Grand format","publisher_availability":1,"stock":0,"editions":[],"url":"https:\/\/quaidesbrumes.com\/ouvrage\/9782212091076\/photoshop-5-et-la-bichromie"},{"id":"9782212114751","title":"Photos panoramiques par assemblage","description":"Ce nouveau cahier du designer traite des techniques de montage num\u00e9rique permettant l'assemblage de photographies au format panoramique. Huit making of d\u00e9voilent ainsi les secrets de photographes usant de logiciels d\u00e9di\u00e9s (Stitcher, QuickTime VR, Image Assembler) ou m\u00eame de Photoshop pour r\u00e9aliser des panoramas parfois interactifs, quelquefois insolites, mais toujours singuliers et empreints du savoir-faire et du regard original de leurs auteurs. Quels que soient la technique employ\u00e9e ou le type de photographie r\u00e9alis\u00e9 (paysage, int\u00e9rieur, photomontage, etc.), ces ateliers ouvriront de nouveaux horizons \u00e0 tous les amateurs passionn\u00e9s de ce format.","authors":["Bodin\/Frich\/Lemoine"],"category_codes":["6000000","6070000","6070200"],"visuals":{"large":"https:\/\/images.epagine.fr\/751\/9782212114751_1_75.jpg","medium":"https:\/\/images.epagine.fr\/751\/9782212114751_1_m.jpg","thumbnail":"https:\/\/images.epagine.fr\/751\/9782212114751_1_v.jpg"},"orderable":true,"show_badge":true,"formatted_price":"22,30&nbsp;\u20ac","formatted_published_date":"17 juin 2004","publisher_availability_label":"Sur commande","short_details":"Bodin\/Frich\/Lemoine \u2014 \u00c9ditions Eyrolles","translator":null,"weight":370,"page_count":90,"readership":null,"editor":"\u00c9ditions Eyrolles","price":2230,"published_date":"2004-06-16T22:00:00.000000Z","support":"Grand format","publisher_availability":1,"stock":0,"editions":[],"url":"https:\/\/quaidesbrumes.com\/ouvrage\/9782212114751\/photos-panoramiques-par-assemblage"},{"id":"9782212672565","title":"Photographier bebe","description":"destin\u00e9 aux parents, cet ouvrage donne de nombreux conseils et astuces pour immortaliser votre b\u00e9b\u00e9 au quotidien, sans connaissances techniques ni mat\u00e9riel sophistiqu\u00e9.\r\n vous saurez ainsi comment \u00e9viter les yeux rouges ou les effets de flash d\u00e9sastreux, dans quelle position installer un nouveau-n\u00e9 qui ne tient pas sa t\u00eate, quel fond choisir pour donner bonne mine \u00e0 votre tout-petit ou comment le placer selon l'\u00e9clairage de la pi\u00e8ce. vous trouverez \u00e9galement des id\u00e9es de faire-part ou d'album, des explications de retouches simples, et de nombreuses sources d'inspiration pour r\u00e9aliser des photos originales ou amusantes de votre b\u00e9b\u00e9 : \u00e0 chaque \u00e9tape de son d\u00e9veloppement.\r\n\r","authors":["Fr\u00e9d\u00e9ric Ch\u00e9hu"],"category_codes":["6000000","6070000","6070200","6070208"],"visuals":{"large":"https:\/\/images.epagine.fr\/565\/9782212672565_1_75.jpg","medium":"https:\/\/images.epagine.fr\/565\/9782212672565_1_m.jpg","thumbnail":"https:\/\/images.epagine.fr\/565\/9782212672565_1_v.jpg"},"orderable":true,"show_badge":true,"formatted_price":"13,00&nbsp;\u20ac","formatted_published_date":"2 mars 2006","publisher_availability_label":"Sur commande","short_details":"Fr\u00e9d\u00e9ric Ch\u00e9hu \u2014 Vm","translator":null,"weight":320,"page_count":153,"readership":null,"editor":"Vm","price":1300,"published_date":"2006-03-01T23:00:00.000000Z","support":"Grand format","publisher_availability":1,"stock":0,"editions":[],"url":"https:\/\/quaidesbrumes.com\/ouvrage\/9782212672565\/photographier-bebe"},{"id":"9782212672718","title":"Ma\u00eetriser le nikon d50","description":"Issu de l'exp\u00e9rience accumul\u00e9e par Nikon sur ses bo\u00eetiers professionnels, le D50 dispose de technologies perfectionn\u00e9es et de nombreux modes de fonctionnement. Ainsi, malgr\u00e9 sa relative simplicit\u00e9, en ma\u00eetriser toutes les fonctions n\u00e9cessite un certain apprentissage.\r\nCe guide pratique aidera le n\u00e9ophyte aussi bien que l'expert en photo (ou en num\u00e9rique) \u00e0 tirer le meilleur parti de son bo\u00eetier. Bien plus orient\u00e9 probl\u00e9matiques de prises de vue qu'un simple manuel technique, abondamment illustr\u00e9, il rassemble en une soixantaine de rubriques astuces et conseils issus de l'exp\u00e9rience d'un photographe professionnel. Il met \u00e9galement en garde contre bon nombre de pi\u00e8ges pour r\u00e9ussir des images toujours meilleures et plus cr\u00e9atives, en g\u00e9rant au mieux le traitement des photos, leur archivage et la correction logicielle de certains d\u00e9fauts techniques.\r\n\r\n\r","authors":["Luc Vincent"],"category_codes":["6000000","6070000","6070200"],"visuals":{"large":"https:\/\/images.epagine.fr\/718\/9782212672718_1_75.jpg","medium":"https:\/\/images.epagine.fr\/718\/9782212672718_1_m.jpg","thumbnail":"https:\/\/images.epagine.fr\/718\/9782212672718_1_v.jpg"},"orderable":true,"show_badge":true,"formatted_price":"30,30&nbsp;\u20ac","formatted_published_date":"8 juin 2006","publisher_availability_label":"Sur commande","short_details":"Luc Vincent \u2014 Vm","translator":null,"weight":760,"page_count":295,"readership":null,"editor":"Vm","price":3030,"published_date":"2006-06-07T22:00:00.000000Z","support":"Grand format","publisher_availability":1,"stock":0,"editions":[],"url":"https:\/\/quaidesbrumes.com\/ouvrage\/9782212672718\/maitriser-le-nikon-d50"},{"id":"9789942289667","title":"Oso P\u00e1ramo","description":null,"authors":["Olivier Dangles","B\u00e9l\u00e9n Mena"],"category_codes":["6000000","6070000","6070200"],"visuals":{"large":"https:\/\/images.epagine.fr\/667\/9789942289667_1_75.jpg","medium":"https:\/\/images.epagine.fr\/667\/9789942289667_1_m.jpg","thumbnail":"https:\/\/images.epagine.fr\/667\/9789942289667_1_v.jpg"},"orderable":true,"show_badge":true,"formatted_price":"23,00&nbsp;\u20ac","formatted_published_date":"31 octobre 2017","publisher_availability_label":"Sur commande","short_details":"Olivier Dangles, B\u00e9l\u00e9n Mena \u2014 IRD","translator":null,"weight":506,"page_count":96,"readership":null,"editor":"IRD","price":2300,"published_date":"2017-10-30T23:00:00.000000Z","support":"Grand format","publisher_availability":1,"stock":0,"editions":[],"url":"https:\/\/quaidesbrumes.com\/ouvrage\/9789942289667\/oso-paramo"},{"id":"9782212672770","title":"Ma\u00eetriser le canon 400 eos 400d","description":"Digne successeur du 35oD, le 400D est dot\u00e9 d'un capteur plus d\u00e9fini, d'une meilleure gestion des images et d'un autofocus plus performant. Bien qu'amateur, ce bo\u00eetier a de quoi satisfaire le photographe exigeant qui en appr\u00e9ciera l'excellente qualit\u00e9 d'image et toutes les possibilit\u00e9s de personnalisation des r\u00e9glages.\r\nCe guide pratique se veut rassurant pour le n\u00e9ophyte tout en le poussant \u00e0 aller plus loin que le mode automatique pour tirer le meilleur parti de son appareil. Davantage orient\u00e9 probl\u00e9matiques de prise de vue qu'un manuel technique, illustr\u00e9 par des photos faites avec le 400D, il rassemble astuces et conseils pratiques et met en garde contre bon nombre de pi\u00e8ges pour r\u00e9ussir des images toujours meilleures, en g\u00e9rant au mieux leur traitement, leur archivage et la correction logicielle de certains d\u00e9fauts techniques.\r","authors":["Benjamin Effosse","Vincent Luc"],"category_codes":["6000000","6070000","6070200"],"visuals":{"large":"https:\/\/images.epagine.fr\/770\/9782212672770_1_75.jpg","medium":"https:\/\/images.epagine.fr\/770\/9782212672770_1_m.jpg","thumbnail":"https:\/\/images.epagine.fr\/770\/9782212672770_1_v.jpg"},"orderable":true,"show_badge":true,"formatted_price":"30,30&nbsp;\u20ac","formatted_published_date":"19 f\u00e9vrier 2007","publisher_availability_label":"Sur commande","short_details":"Benjamin Effosse, Vincent Luc \u2014 Vm","translator":null,"weight":794,"page_count":315,"readership":null,"editor":"Vm","price":3030,"published_date":"2007-02-18T23:00:00.000000Z","support":"Grand format","publisher_availability":1,"stock":0,"editions":[],"url":"https:\/\/quaidesbrumes.com\/ouvrage\/9782212672770\/maitriser-le-canon-400-eos-400d"},{"id":"9782212135671","title":"La photo documentaire","description":"Destin\u00e9 aux photographes amateurs ou professionnels qui s'int\u00e9ressent au documentaire, cet ouvrage d\u00e9crit les pratiques actuelles du reportage photo et donne des m\u00e9thodes pour d\u00e9buter ou progresser, tant sur le plan du rep\u00e9rage et de la prise de vue elle-m\u00eame que sur celui du partage des images ou de la r\u00e9flexion sur son propre style.\r\n\r\nDans ce livre riche et passionnant, Stephanie Calabrese Roberts vous fera ainsi d\u00e9couvrir les coulisses du travail de grands photographes documentaires (Elliott Erwitt, John Loengard, Ed Kashi...), vous apprendra \u00e0 d\u00e9velopper votre cr\u00e9ativit\u00e9 et \u00e0 trouver votre style, vous aidera \u00e0 d\u00e9finir un sujet et \u00e0 planifier un projet et, enfin, vous incitera \u00e0 l\u00e2cher prise pour partir en reportage l'esprit ouvert aux rencontres et \u00e0 l'impr\u00e9vu.\r\n\r\nGr\u00e2ce aux nombreux exemples de photos documentaires abondamment comment\u00e9s par leurs auteurs, mais aussi \u00e0 la diversit\u00e9 des regards et des approches, cet ouvrage donne des pistes astucieuses pour trouver sa propre voie. Il reste n\u00e9anmoins r\u00e9solument pratique avec ses informations concr\u00e8tes sur la pr\u00e9paration d'un voyage (quelles affaires emporter ?) ou le traitement d'un sujet (composition, mise en sc\u00e8ne, choix d'une s\u00e9rie...).\r","authors":["St\u00e9phanie Calabrese roberts"],"category_codes":["6000000","6070000","6070200"],"visuals":{"large":"https:\/\/images.epagine.fr\/671\/9782212135671_1_75.jpg","medium":"https:\/\/images.epagine.fr\/671\/9782212135671_1_m.jpg","thumbnail":"https:\/\/images.epagine.fr\/671\/9782212135671_1_v.jpg"},"orderable":true,"show_badge":true,"formatted_price":"24,00&nbsp;\u20ac","formatted_published_date":"30 mai 2013","publisher_availability_label":"Sur commande","short_details":"St\u00e9phanie Calabrese roberts \u2014 \u00c9ditions Eyrolles","translator":null,"weight":806,"page_count":192,"readership":null,"editor":"\u00c9ditions Eyrolles","price":2400,"published_date":"2013-05-29T22:00:00.000000Z","support":"Grand format","publisher_availability":1,"stock":0,"editions":[],"url":"https:\/\/quaidesbrumes.com\/ouvrage\/9782212135671\/la-photo-documentaire"},{"id":"9782212137118","title":"Choisir l'objectif id\u00e9al pour son reflex Nikon","description":"Acheter du mat\u00e9riel photo est une question \u00e9pineuse. Si le choix d'un appareil est d\u00e9j\u00e0 d\u00e9licat, celui d'un objectif parmi les 150 r\u00e9f\u00e9rences existant sur le march\u00e9 (objectifs Nikon et de marques tierces compatibles) rel\u00e8ve du casse-t\u00eate...\r\n\r\nAussi cet ouvrage, con\u00e7u comme une v\u00e9ritable m\u00e9thode, se propose-t-il de vous aider \u00e0 trouver l'objectif adapt\u00e9 \u00e0 vos besoins et \u00e0 votre budget : votre objectif id\u00e9al.\r\n\r\nL'auteur fait le point sur :\r\n -le vocabulaire technique pour que le jargon ne soit plus un frein lors de vos recherches ;\r\n -les diff\u00e9rents genres en photographie et leurs contraintes pour que vous identifiiez vos propres besoins ;\r\n -les autres crit\u00e8res \u00e0 consid\u00e9rer au moment de l'achat (le budget, le poids et l'encombrement du mat\u00e9riel, etc.) ;\r\n -l'entretien de votre \u00e9quipement.\r\n \r\nIl pr\u00e9sente en outre un choix d'optiques id\u00e9ales - class\u00e9es par pertinence et par budget - pour chaque th\u00e8me photo, ainsi qu'une s\u00e9lection de 50 objectifs \u00e0 d\u00e9couvrir.\r","authors":["Laurent Breillat"],"category_codes":["6000000","6070000","6070200"],"visuals":{"large":"https:\/\/images.epagine.fr\/118\/9782212137118_1_75.jpg","medium":"https:\/\/images.epagine.fr\/118\/9782212137118_1_m.jpg","thumbnail":"https:\/\/images.epagine.fr\/118\/9782212137118_1_v.jpg"},"orderable":true,"show_badge":true,"formatted_price":"19,90&nbsp;\u20ac","formatted_published_date":"11 juillet 2013","publisher_availability_label":"Sur commande","short_details":"Laurent Breillat \u2014 \u00c9ditions Eyrolles","translator":null,"weight":434,"page_count":165,"readership":null,"editor":"\u00c9ditions Eyrolles","price":1990,"published_date":"2013-07-10T22:00:00.000000Z","support":"Grand format","publisher_availability":1,"stock":0,"editions":[],"url":"https:\/\/quaidesbrumes.com\/ouvrage\/9782212137118\/choisir-lobjectif-ideal-pour-son-reflex-nikon"},{"id":"9782212140187","title":"Superviseur des effets visuels pour le cin\u00e9ma","description":"Pr\u00e9sent depuis une trentaine d'ann\u00e9es aux g\u00e9n\u00e9riques fran\u00e7ais, le superviseur des effets visuels est dor\u00e9navant un poste incontournable de toutes les productions, intervenant de la pr\u00e9paration d'un projet \u00e0 sa finalisation en postproduction. \r\n\r\nCe guide d'introduction au m\u00e9tier de superviseur des effets visuels pr\u00e9sente les contours singuliers de cette profession au quotidien, ses techniques, ses outils, ainsi que les qualit\u00e9s et comp\u00e9tences n\u00e9cessaires pour l'exercer, souvent par la voix de superviseurs en activit\u00e9. \r\n\r\nIl revient aussi sur les formations existantes et les diff\u00e9rentes entr\u00e9es possibles dans ce m\u00e9tier.\r","authors":["R\u00e9jane Hamus-Vall\u00e9e","Caroline Renouard"],"category_codes":["6000000","6070000","6070300","6070308"],"visuals":{"large":"https:\/\/images.epagine.fr\/187\/9782212140187_1_75.jpg","medium":"https:\/\/images.epagine.fr\/187\/9782212140187_1_m.jpg","thumbnail":"https:\/\/images.epagine.fr\/187\/9782212140187_1_v.jpg"},"orderable":true,"show_badge":true,"formatted_price":"14,50&nbsp;\u20ac","formatted_published_date":"13 novembre 2015","publisher_availability_label":"Sur commande","short_details":"R\u00e9jane Hamus-Vall\u00e9e, Caroline Renouard \u2014 \u00c9ditions Eyrolles","translator":null,"weight":314,"page_count":160,"readership":null,"editor":"\u00c9ditions Eyrolles","price":1450,"published_date":"2015-11-12T23:00:00.000000Z","support":"Grand format","publisher_availability":1,"stock":0,"editions":[],"url":"https:\/\/quaidesbrumes.com\/ouvrage\/9782212140187\/superviseur-des-effets-visuels-pour-le-cinema"},{"id":"9782366771084","title":"Le d\u00e9sir infini... et le cin\u00e9ma cr\u00e9a la femme","description":"192 pages en noir et blanc et en couleurs, 1360 images in\u00e9dites sur papier, 5000 photographies suppl\u00e9mentaires en ligne, 403 actrices de toutes les p\u00e9riodes du cin\u00e9ma, plus de 1000 films, des origines \u00e0 nos jours, des dizaines de photogrammes censur\u00e9s et tous les baisers de la sc\u00e8ne finale de Cin\u00e9ma Paradis.\r\nL'histoire du cin\u00e9ma a \u00e9t\u00e9 racont\u00e9e sous toutes les coutures. Mais jamais, jusqu'\u00e0 aujourd'hui, \u00e0 travers le prisme de la beaut\u00e9 f\u00e9minine, du d\u00e9sir et du sexe.\r\n\"Je suis de la t\u00eate aux pieds captive de l'amour\" chantait Marlene Dietrich dans L'Ange bleu. Et ce livre, pour raconter le d\u00e9sir charnel et l'amour qui en d\u00e9coule (ou inversement), parcourt le corps f\u00e9minin de la pointe des cheveux \u00e0 la pointe des pieds. En revanche, il ne traite pas, sinon de fa\u00e7on \u00e9pisodique, de cin\u00e9ma \u00e9rotique stricto sensu, et encore mois de pornographie. Il explore plut\u00f4t l'\u00e9rotisme comme il daigne se montrer, souvent impr\u00e9visible et impr\u00e9vu, des premiers films muets aux r\u00e9centes productions en 3D. Pour y parvenir, l'ouvrage s'appuie sur des photogrammes tir\u00e9s de films : des images s\u00e9lectionn\u00e9es avec le plus grand soin et jamais publi\u00e9es auparavant. Le tout accompagn\u00e9 de citations litt\u00e9raires et de dialogues de cin\u00e9ma, de liens directs avec des oeuvres artistiques, des ponts avec l'Histoire et l'anthropologie de la femme et du septi\u00e8me art.\r\n\"Je suis de la t\u00eate aux pieds captive de l'amour\" chantait Marlene Dietrich. \"Et de rien d'autre\".\r","authors":["Enrico Giacovelli"],"category_codes":["6000000","6070000","6070300","6070307"],"visuals":{"large":"https:\/\/images.epagine.fr\/084\/9782366771084_1_75.jpg","medium":"https:\/\/images.epagine.fr\/084\/9782366771084_1_m.jpg","thumbnail":"https:\/\/images.epagine.fr\/084\/9782366771084_1_v.jpg"},"orderable":true,"show_badge":true,"formatted_price":"27,00&nbsp;\u20ac","formatted_published_date":"28 novembre 2016","publisher_availability_label":"Sur commande","short_details":"Enrico Giacovelli \u2014 Gremese","translator":null,"weight":835,"page_count":192,"readership":null,"editor":"Gremese","price":2700,"published_date":"2016-11-27T23:00:00.000000Z","support":"Grand format","publisher_availability":1,"stock":0,"editions":[],"url":"https:\/\/quaidesbrumes.com\/ouvrage\/9782366771084\/le-desir-infini-et-le-cinema-crea-la-femme"},{"id":"9782212118483","title":"DxO OpticsPro par la pratique","description":"DxO OpticsPro est le logiciel de traitement d'images leader dans les domaines de la correction optique logicielle, de la r\u00e9duction de bruit et des automatismes de traitement qui permettent d'acc\u00e9l\u00e9rer le flux de production. Il propose une palette tr\u00e8s riche d'outils de correction, une interface enti\u00e8rement personnalisable et int\u00e8gre \u00e9galement les fonctions de deux autres logiciels DxO : FilmPack, pour les rendus argentiques et cr\u00e9atifs, et ViewPoint, pour le redressement de perspectives et la correction de l'anamorphose.\r\nCet ouvrage est compos\u00e9 de plus de trente exercices d\u00e9taill\u00e9s pas \u00e0 pas selon le mod\u00e8le qui fait le succ\u00e8s de cette collection d\u00e9di\u00e9e au traitement des images num\u00e9riques. Il s'adresse aussi bien aux photographes d\u00e9butants que plus confirm\u00e9s qui veulent d\u00e9couvrir ou se perfectionner dans OpticsPro. Toutes ses fonctions y sont abord\u00e9es sous un angle pratique, y compris le flux de travail avec Lightroom puisque OpticsPro propose une int\u00e9gration exemplaire avec le logiciel d'Adobe.","authors":["Gilles Theophile"],"category_codes":["6000000","6070000","6070200","6070208"],"visuals":{"large":"https:\/\/images.epagine.fr\/483\/9782212118483_1_75.jpg","medium":"https:\/\/images.epagine.fr\/483\/9782212118483_1_m.jpg","thumbnail":"https:\/\/images.epagine.fr\/483\/9782212118483_1_v.jpg"},"orderable":true,"show_badge":true,"formatted_price":"25,00&nbsp;\u20ac","formatted_published_date":"28 octobre 2016","publisher_availability_label":"Sur commande","short_details":"Gilles Theophile \u2014 \u00c9ditions Eyrolles","translator":null,"weight":680,"page_count":180,"readership":null,"editor":"\u00c9ditions Eyrolles","price":2500,"published_date":"2016-10-27T22:00:00.000000Z","support":"Grand format","publisher_availability":1,"stock":0,"editions":[],"url":"https:\/\/quaidesbrumes.com\/ouvrage\/9782212118483\/dxo-opticspro-par-la-pratique"},{"id":"9782212144888","title":"Osez la vid\u00e9o avec votre appareil photo !","description":"Photographe amateur d\u00e9butant ou plus expert, avez-vous d\u00e9j\u00e0 eu l'envie de r\u00e9aliser votre propre film de voyage ? D'\u00e9v\u00e9nement familial ? De promotion corporate ? Si la vid\u00e9o est devenue une fonction g\u00e9n\u00e9rique de tout appareil photo num\u00e9rique, reflex bien s\u00fbr mais \u00e9galement hybride et compact (et m\u00eame smartphone), tous les photographes ne l'ont pas encore test\u00e9e, peut-\u00eatre arr\u00eat\u00e9s par ses techniques de base et r\u00e9glages un peu diff\u00e9rents de ceux de la photo.\r\nSi vous faites partie de ces photographes, ce livre est pour vous ! Facile d'acc\u00e8s et allant \u00e0 l'essentiel, il a pour ambition de vous donner envie de vous essayer \u00e0 la vid\u00e9o, depuis la pr\u00e9paration de petits sc\u00e9narios et la r\u00e9alisation de belles images, jusqu'\u00e0 un montage simple et \u00e0 la diffusion sur les r\u00e9seaux sociaux, sur un site, directement sur votre t\u00e9l\u00e9vision... La vid\u00e9o peut devenir une v\u00e9ritable passion, tr\u00e8s compl\u00e9mentaire \u00e0 la photographie, lancez-vous !","authors":["Celine Manceron","Guillaume Manceron"],"category_codes":["6000000","6070000","6070200","6070208"],"visuals":{"large":"https:\/\/images.epagine.fr\/888\/9782212144888_1_75.jpg","medium":"https:\/\/images.epagine.fr\/888\/9782212144888_1_m.jpg","thumbnail":"https:\/\/images.epagine.fr\/888\/9782212144888_1_v.jpg"},"orderable":true,"show_badge":true,"formatted_price":"19,90&nbsp;\u20ac","formatted_published_date":"4 novembre 2016","publisher_availability_label":"Sur commande","short_details":"Celine Manceron, Guillaume Manceron \u2014 \u00c9ditions Eyrolles","translator":null,"weight":396,"page_count":112,"readership":null,"editor":"\u00c9ditions Eyrolles","price":1990,"published_date":"2016-11-03T23:00:00.000000Z","support":"Grand format","publisher_availability":1,"stock":0,"editions":[],"url":"https:\/\/quaidesbrumes.com\/ouvrage\/9782212144888\/osez-la-video-avec-votre-appareil-photo"},{"id":"9782367164632","title":"Catalogue","description":"Ce que vous avez entre les mains ne doit rien au hasard : voici le nouveau catalogue des \u00e9ditions LettMotif. 15 ans d'existence, plus de 150 livres publi\u00e9s exclusivement sur le cin\u00e9ma, tous les cin\u00e9mas. Notre histoire est riche d'anthologies du cin\u00e9ma, d'essais d\u00e9taill\u00e9s, de biographies, de guides pour sc\u00e9naristes et acteurs, de sc\u00e9narios de films et de s\u00e9ries. Nos collections prestigieuses, comme Une histoire du cin\u00e9ma fran\u00e7ais, capturent l'essence du cin\u00e9ma, nos guides pratiques accompagnent les sc\u00e9naristes et acteurs dans leur parcours professionnel. En 2024, l'aventure continue... Cette ann\u00e9e, nous poursuivons notre mission en vous proposant nos derni\u00e8res publications, toujours aussi diverses : analyses filmiques ; biographies d'acteurs, d'actrices et de r\u00e9alisateurs ; r\u00e9flexions sur le cin\u00e9ma contemporain ou de patrimoine. Au service du cin\u00e9ma, ces livres sont con\u00e7us pour passionner les cin\u00e9philes fervents, pour aider les professionnels cherchant \u00e0 approfondir leurs connaissances. N'attendez plus et plongez dans le pass\u00e9, le pr\u00e9sent et le futur des \u00e9ditions LettMotif. Et pour en savoir plus sur nos collections et rester inform\u00e9s des derni\u00e8res nouveaut\u00e9s, nous vous encourageons \u00e0 visiter notre site web et \u00e0 vous inscrire \u00e0 notre newsletter. Jean-Fran\u00e7ois Jeunet","authors":["Jeunet Jean-Francois"],"category_codes":["6000000","6070000","6070300"],"visuals":{"large":"https:\/\/images.epagine.fr\/632\/9782367164632_1_75.jpg","medium":"https:\/\/images.epagine.fr\/632\/9782367164632_1_m.jpg","thumbnail":"https:\/\/images.epagine.fr\/632\/9782367164632_1_v.jpg"},"orderable":true,"show_badge":true,"formatted_price":"14,90&nbsp;\u20ac","formatted_published_date":"3 juillet 2024","publisher_availability_label":"Sur commande","short_details":"Jeunet Jean-Francois \u2014 Lettmotif","translator":null,"weight":460,"page_count":240,"readership":null,"editor":"Lettmotif","price":1490,"published_date":"2024-07-02T22:00:00.000000Z","support":"Grand format","publisher_availability":1,"stock":0,"editions":[],"url":"https:\/\/quaidesbrumes.com\/ouvrage\/9782367164632\/catalogue"},{"id":"9789881607935","title":"Chen Wei","description":"L'inspiration de Chen Wei va se nicher tant dans les vanit\u00e9s des ma\u00eetres flamands que chez Joseph Beuys ou m\u00eame dans les souvenirs nostalgiques de son enfance. Ses natures mortes aux airs faussement classiques nous plongent au coeur d'un univers troublant et po\u00e9tique o\u00f9 le temps semble s'arr\u00eater.\r","authors":["Chen Wei"],"category_codes":["6000000","6070000","6070200"],"visuals":{"large":"https:\/\/images.epagine.fr\/935\/9789881607935_1_75.jpg","medium":"https:\/\/images.epagine.fr\/935\/9789881607935_1_m.jpg","thumbnail":"https:\/\/images.epagine.fr\/935\/9789881607935_1_v.jpg"},"orderable":true,"show_badge":true,"formatted_price":"9,90&nbsp;\u20ac","formatted_published_date":"18 novembre 2013","publisher_availability_label":"Sur commande","short_details":"Chen Wei \u2014 Thircuir","translator":null,"weight":152,"page_count":96,"readership":null,"editor":"Thircuir","price":990,"published_date":"2013-11-17T23:00:00.000000Z","support":"Poche","publisher_availability":1,"stock":0,"editions":[],"url":"https:\/\/quaidesbrumes.com\/ouvrage\/9789881607935\/chen-wei"},{"id":"9789881607881","title":"Han Lei","description":"Pionnier de la photographie chinoise, Han Lei saisit avec empathie et humanit\u00e9 les seconds r\u00f4les de la soci\u00e9t\u00e9 Chinoise des ann\u00e9es 80 et 90. Il parvient dans ses oeuvres \u00e0 rendre le familier \u00e9trange et l'\u00e9trange familier, \u00e0 trouver le sublime dans la banalit\u00e9 et l'ordinaire dans l'exceptionnel.\r","authors":["Han Lei"],"category_codes":["6000000","6070000","6070200"],"visuals":{"large":"https:\/\/images.epagine.fr\/881\/9789881607881_1_75.jpg","medium":"https:\/\/images.epagine.fr\/881\/9789881607881_1_m.jpg","thumbnail":"https:\/\/images.epagine.fr\/881\/9789881607881_1_v.jpg"},"orderable":true,"show_badge":true,"formatted_price":"9,90&nbsp;\u20ac","formatted_published_date":"18 novembre 2013","publisher_availability_label":"Sur commande","short_details":"Han Lei \u2014 Thircuir","translator":null,"weight":152,"page_count":96,"readership":null,"editor":"Thircuir","price":990,"published_date":"2013-11-17T23:00:00.000000Z","support":"Poche","publisher_availability":1,"stock":0,"editions":[],"url":"https:\/\/quaidesbrumes.com\/ouvrage\/9789881607881\/han-lei"},{"id":"9782366770636","title":"Le film noir fran\u00e7ais ; figures mythologies auteurs","description":"Les livres sur le \"noir\" en tant que genre cin\u00e9matographique ou sur le \"noir am\u00e9ricain\" abondent dans toutes les librairies. Mais ce livre enqu\u00eate pour la premi\u00e8re fois sur le \"noir fran\u00e7ais\", dont il met en lumi\u00e8re l'originalit\u00e9 par rapport \u00e0 son c\u00e9l\u00e8bre homologue am\u00e9ricain. En remontant \u00e0 ses origines litt\u00e9raires, les auteurs suivent petit \u00e0 petit son \u00e9volution \u00e0 partir des ann\u00e9es 30, ils en analysent les figures esth\u00e9tiques et les r\u00e8gles de dramaturgie, le style visuel et les atmosph\u00e8res, les interpr\u00e8tes et les r\u00e9alisateurs qui y ont contribu\u00e9 de fa\u00e7on significative : de Jean Gabin \u00e0 Alain Delon, en passant par Romy Schneider, Jean- Louis Trintignant, Jean Renoir, Julien Duvier, Henri-Georges Clouzot ou encore Claude Chabrol.\r","authors":["Denitza Bantcheva","Roberto Chiesi"],"category_codes":["6000000","6070000","6070300"],"visuals":{"large":"https:\/\/images.epagine.fr\/636\/9782366770636_1_75.jpg","medium":"https:\/\/images.epagine.fr\/636\/9782366770636_1_m.jpg","thumbnail":"https:\/\/images.epagine.fr\/636\/9782366770636_1_v.jpg"},"orderable":true,"show_badge":true,"formatted_price":"19,50&nbsp;\u20ac","formatted_published_date":"22 janvier 2015","publisher_availability_label":"Sur commande","short_details":"Denitza Bantcheva, Roberto Chiesi \u2014 Gremese","translator":null,"weight":536,"page_count":160,"readership":null,"editor":"Gremese","price":1950,"published_date":"2015-01-21T23:00:00.000000Z","support":"Grand format","publisher_availability":1,"stock":0,"editions":[],"url":"https:\/\/quaidesbrumes.com\/ouvrage\/9782366770636\/le-film-noir-francais-figures-mythologies-auteurs"}]}