{"data":[{"id":"9788829711949","title":"JR : the wound","description":"Tout au long de la pand\u00e9mie, les institutions culturelles ont \u00e9t\u00e9 contraintes de fermer leurs portes au public. Le Palazzo Strozzi \u00e0 Florence a demand\u00e9 au street artiste JR d'aborder cette triste r\u00e9alit\u00e9 avec une oeuvre con\u00e7ue in situ. Il l'a fait en transformant la fa\u00e7ade du Palazzo en une installation de collage photographique imposante qui fonctionne comme une anamorphose : vue d'un point de vue particulier, l'image d\u00e9form\u00e9e r\u00e9v\u00e8le une cour, une salle d'exposition et une biblioth\u00e8que. La Ferita (La Blessure) est une r\u00e9flexion poignante sur la condition des institutions culturelles pendant la pand\u00e9mie. Le livre comprend une conversation entre l'artiste et le conservateur Arturo Galansino, dans laquelle ils se plongent dans la gen\u00e8se et dans la r\u00e9alisation de cette pi\u00e8ce singuli\u00e8re.","authors":["Arturo Galansino"],"category_codes":["6000000","6070000","6070200","6070205"],"visuals":{"large":"https:\/\/images.epagine.fr\/949\/9788829711949_1_75.jpg","medium":"https:\/\/images.epagine.fr\/949\/9788829711949_1_m.jpg","thumbnail":"https:\/\/images.epagine.fr\/949\/9788829711949_1_v.jpg"},"orderable":true,"show_badge":true,"formatted_price":"35,00&nbsp;\u20ac","formatted_published_date":"28 septembre 2021","publisher_availability_label":"Sur commande","short_details":"Arturo Galansino \u2014 Distributed Art Publishers","translator":null,"weight":839,"page_count":48,"readership":null,"editor":"Distributed Art Publishers","price":3500,"published_date":"2021-09-27T22:00:00.000000Z","support":"Grand format","publisher_availability":1,"stock":0,"editions":[],"url":"https:\/\/quaidesbrumes.com\/ouvrage\/9788829711949\/jr-the-wound"},{"id":"9788831723787","title":"Imagine : new imagery in italian art 1960-1969","description":"A seminal experience on the Italian art scene of the 1960s. At the height of the economic miracle of the 1960s, artistic experiments in Italy kept following one another, mixed and merged with an extraordinary speed and intensity. The common aim was to emerge from the disillusionment of the postwar period to build a new vocabulary of signs and images, able to restore the ferment of society and contemporary culture. The book is dedicated to the propositional wealth of that decade, based on a new perspective on the Italian art of those years. The artists represented include Franco Angeli, Domenico Gnoli, Giosetta Fioroni, Tano Festa, Michelangelo Pistoletto, and Mario Schifano, creators of a new and original direction that typified Italian art in that period, of which the book offers ideas, studies, and curiosities.","authors":["Collectif"],"category_codes":["6000000","6070000","6070200","6070207"],"visuals":{"large":"https:\/\/images.epagine.fr\/787\/9788831723787_1_75.jpg","medium":"https:\/\/images.epagine.fr\/787\/9788831723787_1_m.jpg","thumbnail":"https:\/\/images.epagine.fr\/787\/9788831723787_1_v.jpg"},"orderable":true,"show_badge":true,"formatted_price":"44,00&nbsp;\u20ac","formatted_published_date":"13 septembre 2016","publisher_availability_label":"Sur commande","short_details":"Collectif \u2014 Distributed Art Publishers","translator":null,"weight":901,"page_count":288,"readership":null,"editor":"Distributed Art Publishers","price":4400,"published_date":"2016-09-12T22:00:00.000000Z","support":"Beaux-livres","publisher_availability":1,"stock":0,"editions":[],"url":"https:\/\/quaidesbrumes.com\/ouvrage\/9788831723787\/imagine-new-imagery-in-italian-art-1960-1969"},{"id":"9783868281897","title":"Arab photography now","description":"This publication shows the visual dynamics of Arab photography in all its fascinating beauty, revealing a rich new aesthetics. We see portraits and landscapes by 36 photographers creating works of great political and cultural relevance. Their visual imagery constitutes an exciting and instructive journey for the reader. Each of the contributing photographers was asked to supply a statement on his or her life and experience as an artist.\r\nRose Issa is a curator, writer and producer who has championed visual art and film from the Arab world and Iran for nearly 30 years. She has lived in Iran, Lebanon, France and, for the last 20 years, London, where from her private project space in Kensington she showcases upcoming and established artists, and produces exhibitions and publications with public and private institutions worldwide, including Tate Britain, the Victoria and Albert Museum, the Haus der Kulturen der Welt (HKW), Berlin, and the Hermitage Museum, St.Petersburg.","authors":["Rose Issa"],"category_codes":["6000000","6070000","6070200","6070204"],"visuals":{"large":"https:\/\/images.epagine.fr\/897\/9783868281897_1_75.jpg","medium":"https:\/\/images.epagine.fr\/897\/9783868281897_1_m.jpg","thumbnail":"https:\/\/images.epagine.fr\/897\/9783868281897_1_v.jpg"},"orderable":true,"show_badge":true,"formatted_price":"25,00&nbsp;\u20ac","formatted_published_date":"15 janvier 2016","publisher_availability_label":"Sur commande","short_details":"Rose Issa \u2014 Kehrer","translator":null,"weight":500,"page_count":240,"readership":null,"editor":"Kehrer","price":2500,"published_date":"2016-01-14T23:00:00.000000Z","support":"Grand format","publisher_availability":1,"stock":0,"editions":[],"url":"https:\/\/quaidesbrumes.com\/ouvrage\/9783868281897\/arab-photography-now"},{"id":"9782487344150","title":"Street Photography France No 5","description":"Plongez dans un monde d'inspiration visuelle, d'histoires captivantes et de cr\u00e9ativit\u00e9 d\u00e9bordante avec notre nouvelle \u00e9dition. D\u00e9couvrez les secrets de Catherine Auzuret, notre membre d'honneur, alors qu'elle partage ses exp\u00e9riences uniques de photographie de rue \u00e0 Paris. Explorez \u00e9galement les tr\u00e9sors visuels des membres de Street Photography France dans notre rubrique embl\u00e9matique \u00ab 50 regards, 100 histoires \u00bb.\r\nDe plus, ne manquez pas l'article exclusif de Jean-Luc Fournier, o\u00f9 il partage ses souvenirs fascinants de l'un des ma\u00eetres de la photographie de rue fran\u00e7aise, Henri Cartier-Bresson.\r\nPr\u00e9parez-vous \u00e0 \u00eatre inspir\u00e9, \u00e9mu et \u00e9merveill\u00e9 par ce num\u00e9ro, o\u00f9 l'art, l'histoire et la passion se rejoignent pour c\u00e9l\u00e9brer la beaut\u00e9 et la po\u00e9sie de la vie urbaine \u00e0 travers l'objectif.","authors":["Street Photography France Revue"],"category_codes":["6000000","6070000","6070200"],"visuals":{"large":"https:\/\/images.epagine.fr\/150\/9782487344150_1_75.jpg","medium":"https:\/\/images.epagine.fr\/150\/9782487344150_1_m.jpg","thumbnail":"https:\/\/images.epagine.fr\/150\/9782487344150_1_v.jpg"},"orderable":true,"show_badge":true,"formatted_price":"37,00&nbsp;\u20ac","formatted_published_date":"1er juin 2024","publisher_availability_label":"Sur commande","short_details":"Street Photography France Revue \u2014 Street Photo France","translator":null,"weight":475,"page_count":144,"readership":null,"editor":"Street Photo France","price":3700,"published_date":"2024-05-31T22:00:00.000000Z","support":"Grand format","publisher_availability":1,"stock":0,"editions":[],"url":"https:\/\/quaidesbrumes.com\/ouvrage\/9782487344150\/street-photography-france-no-5"},{"id":"9782487344280","title":"Street Photography France No 6","description":"Ce num\u00e9ro met en lumi\u00e8re Alain Zh\u00e2, un photographe marseillais exceptionnel d\u00e9couvert par Louis Nicolas. Bien que peu connu, Alain capture l'essence de la rue avec une sensibilit\u00e9 rare.\r\nD\u00e9couvrez son parcours et ses anecdotes dans une interview exclusive. Profitez aussi de notre rubrique \"50 regards, 100 histoires\", une s\u00e9lection de photos et r\u00e9cits de notre communaut\u00e9, et un article \u00e9mouvant de L\u00e9o sur l'impact transformateur de la photographie de rue.","authors":["Street Photography France Revue"],"category_codes":["6000000","6070000","6070200"],"visuals":{"large":"https:\/\/images.epagine.fr\/280\/9782487344280_1_75.jpg","medium":"https:\/\/images.epagine.fr\/280\/9782487344280_1_m.jpg","thumbnail":"https:\/\/images.epagine.fr\/280\/9782487344280_1_v.jpg"},"orderable":true,"show_badge":true,"formatted_price":"37,00&nbsp;\u20ac","formatted_published_date":"4 juillet 2024","publisher_availability_label":"Sur commande","short_details":"Street Photography France Revue \u2014 Street Photo France","translator":null,"weight":487,"page_count":144,"readership":null,"editor":"Street Photo France","price":3700,"published_date":"2024-07-03T22:00:00.000000Z","support":"Grand format","publisher_availability":1,"stock":0,"editions":[],"url":"https:\/\/quaidesbrumes.com\/ouvrage\/9782487344280\/street-photography-france-no-6"},{"id":"9782296014077","title":"La femme noire dans le cin\u00e9ma contemporain ; star ou faire-valoir ?","description":"Quelle place est accord\u00e9e \u00e0 la femme noire dans le cin\u00e9ma contemporain ? Quels r\u00f4les lui sont g\u00e9n\u00e9ralement confi\u00e9s ? L'auteur tente de r\u00e9pondre \u00e0 ces questions en s'appuyant, plus particuli\u00e8rement, sur l'exemple de quinze actrices et de cinq r\u00e9alisateurs qui ont marqu\u00e9 les cin\u00e9mas am\u00e9ricain, africain et fran\u00e7ais. il en ressort une analyse bien construite qui s'attaque \u00e0 un sujet d\u00e9licat: celui de la repr\u00e9sentation des diff\u00e9rentes communaut\u00e9s dans le cin\u00e9ma contemporain.","authors":["Jean-joseph Palmier"],"category_codes":["6000000","6070000","6070200"],"visuals":{"large":"https:\/\/images.epagine.fr\/077\/9782296014077_1_75.jpg","medium":"https:\/\/images.epagine.fr\/077\/9782296014077_1_m.jpg","thumbnail":"https:\/\/images.epagine.fr\/077\/9782296014077_1_v.jpg"},"orderable":true,"show_badge":true,"formatted_price":"19,00&nbsp;\u20ac","formatted_published_date":"1er octobre 2006","publisher_availability_label":"Sur commande","short_details":"Jean-joseph Palmier \u2014 \u00c9ditions L'Harmattan","translator":null,"weight":275,"page_count":200,"readership":null,"editor":"\u00c9ditions L'Harmattan","price":1900,"published_date":"2006-09-30T22:00:00.000000Z","support":"Grand format","publisher_availability":1,"stock":0,"editions":[],"url":"https:\/\/quaidesbrumes.com\/ouvrage\/9782296014077\/la-femme-noire-dans-le-cinema-contemporain-star-ou-faire-valoir"},{"id":"9782234059504","title":"Di(s)gressions","description":"\u00ab Je suis une r\u00eaveuse. \u00bb Tel pourrait bien \u00eatre le fil conducteur du parcours de la com\u00e9dienne Micheline Presle, et de sa vie de femme. Enfant, qu'elle c\u00f4toie les grands aventuriers des temps modernes ou qu'elle sillonne les all\u00e9es du jardin du Luxembourg, c'est avec une imagination digne d'Alice. Et lorsqu'elle d\u00e9couvre tr\u00e8s jeune le cin\u00e9ma, c'est la r\u00e9v\u00e9lation. En attendant d'y faire ses premiers pas, elle distrait tant ses camarades de Notre-Dame-de-Sion qu'une religieuse lui pr\u00e9dit qu'elle finira sur les planches. Cette mal\u00e9diction l'enchante. Elle, dont les idoles sont Danielle Darrieux et Mich\u00e8le Morgan, fait sa premi\u00e8re apparition devant la cam\u00e9ra \u00e0 l'\u00e2ge de 15 ans au c\u00f4t\u00e9 de Charles Trenet. Avant la guerre, elle tourne ses deux premiers films en vedette, sous la direction de G.W. Pabst et Abel Gance : sa carri\u00e8re est lanc\u00e9e. Elle est pass\u00e9e sans transition de l'imaginaire de l'enfance \u00e0 l'imagerie du cin\u00e9ma. De quoi perp\u00e9tuer le r\u00eave? Sa trajectoire d\u00e9sormais s'\u00e9crira sous le sceau du conte de f\u00e9e. Avec ses contretemps. Dans les ann\u00e9es 1940, elle devient l'une des stars pr\u00e9f\u00e9r\u00e9es du public, avant qu'un amour ne l'entra\u00eene brusquement \u00e0 Hollywood. A son retour en France au d\u00e9but des ann\u00e9es 1950, sa carri\u00e8re semble bris\u00e9e. Cette cassure va pourtant marquer l'impulsion d'un nouvel \u00e9lan : tourner la page du cin\u00e9ma d'antan. Guid\u00e9e par une insatiable curiosit\u00e9, Micheline Presle est sollicit\u00e9e par une nouvelle g\u00e9n\u00e9ration de r\u00e9alisateurs, redevient l'une des actrices fran\u00e7aises les plus populaires gr\u00e2ce aux Saintes Ch\u00e9ries, alterne au th\u00e9\u00e2tre succ\u00e8s et spectacles plus en marge avec la m\u00eame \u00e9nergie, fr\u00e9quente assid\u00fbment les galeries d'art et les salles obscures en perp\u00e9tuelle qu\u00eate de d\u00e9couvertes et communique \u00e0 sa fille, Tonie Marshall, la fibre du cin\u00e9ma. Aventuri\u00e8re des temps modernes, Micheline Presle l'est certainement \u00e0 sa fa\u00e7on. Cette conversation men\u00e9e en zigzag, comme une constante digression, retrace le chemin atypique d'une actrice qui a travers\u00e9 les \u00e9poques sans jamais se quitter, brosse le portrait en kal\u00e9idoscope d'une femme pourvue d'une exceptionnelle vitalit\u00e9. Ce livre, n\u00e9 de la rencontre amicale avec un jeune \u00e9crivain, n'a d'autre pr\u00e9tention que de ressembler \u00e0 celle qui y a imprim\u00e9 sa voix.","authors":["Micheline Presle"],"category_codes":["6000000","6070000","6070300"],"visuals":{"large":"https:\/\/images.epagine.fr\/504\/9782234059504_1_75.jpg","medium":"https:\/\/images.epagine.fr\/504\/9782234059504_1_m.jpg","thumbnail":"https:\/\/images.epagine.fr\/504\/9782234059504_1_v.jpg"},"orderable":true,"show_badge":true,"formatted_price":"21,50&nbsp;\u20ac","formatted_published_date":"17 janvier 2007","publisher_availability_label":"Sur commande","short_details":"Micheline Presle \u2014 Stock","translator":null,"weight":300,"page_count":195,"readership":null,"editor":"Stock","price":2150,"published_date":"2007-01-16T23:00:00.000000Z","support":"Grand format","publisher_availability":1,"stock":0,"editions":[],"url":"https:\/\/quaidesbrumes.com\/ouvrage\/9782234059504\/disgressions"},{"id":"9781910566978","title":"East london up close","description":null,"authors":["Mimi Mollica"],"category_codes":["6000000","6070000","6070200"],"visuals":{"large":"https:\/\/images.epagine.fr\/978\/9781910566978_1_75.jpg","medium":"https:\/\/images.epagine.fr\/978\/9781910566978_1_m.jpg","thumbnail":"https:\/\/images.epagine.fr\/978\/9781910566978_1_v.jpg"},"orderable":true,"show_badge":true,"formatted_price":"28,00&nbsp;\u20ac","formatted_published_date":"1er juin 2021","publisher_availability_label":"Sur commande","short_details":"Mimi Mollica \u2014 Hoxton Press","translator":null,"weight":601,"page_count":null,"readership":null,"editor":"Hoxton Press","price":2800,"published_date":"2021-05-31T22:00:00.000000Z","support":"Grand format","publisher_availability":1,"stock":0,"editions":[],"url":"https:\/\/quaidesbrumes.com\/ouvrage\/9781910566978\/east-london-up-close"},{"id":"9781408885246","title":"J.K.ROWLING'S WIZARDING WORLD ; A POP-UP GALLERY OF CURIOSITIES","description":"J.K. Rowling's Wizarding World is full of magical curiosities: a flying car, a hat that sings, an enchanted case, and so much more. This small, deluxe pop-up book showcases three-dimensional renderings of some of the beloved curiosities from the Harry Potter films, including two pops related to the upcoming  Fantastic Beasts and Where to Find Them . Pull out flaps will feature text that delves into the items on each spread and how they were achieved in the films.\r\n\r\nThis book will have doors that open from the middle of the front cover, a sturdy magnetic closure, and elastic loops to hold each pop firmly in place making it a perfect stand-alone display.","authors":["Warner Bros."],"category_codes":["6000000","6070000","6070300"],"visuals":{"large":"https:\/\/images.epagine.fr\/246\/9781408885246_1_75.jpg","medium":"https:\/\/images.epagine.fr\/246\/9781408885246_1_m.jpg","thumbnail":"https:\/\/images.epagine.fr\/246\/9781408885246_1_v.jpg"},"orderable":true,"show_badge":true,"formatted_price":"27,70&nbsp;\u20ac","formatted_published_date":"18 novembre 2016","publisher_availability_label":"Sur commande","short_details":"Warner Bros. \u2014 Bloomsbury UK","translator":null,"weight":380,"page_count":12,"readership":null,"editor":"Bloomsbury UK","price":2770,"published_date":"2016-11-17T23:00:00.000000Z","support":"Grand format","publisher_availability":1,"stock":0,"editions":[],"url":"https:\/\/quaidesbrumes.com\/ouvrage\/9781408885246\/jkrowlings-wizarding-world-a-pop-up-gallery-of-curiosities"},{"id":"9781408885642","title":"FANTASTIC BEASTS AND WHERE TO FIND THEM - NEWT SCAMANDER ; A MOVIE SCAPBOOK","description":"Learn all about Newt Scamander and the incredible film from J.K. Rowling's Wizarding World,  Fantastic Beasts and Where to Find Them . Peer inside Newt Scamander's enchanted suitcase, encounter marvellous creatures, roam the streets of 1920s New York City and meet Newt's fascinating friends! This magical scrapbook takes readers on an interactive adventure through  Fantastic Beasts and Where to Find Them . Filled with removable artefacts, such as wizarding newspapers, posters and other fascinating finds, this book has something for everyone!","authors":["Warner Bros."],"category_codes":["6000000","6070000","6070300"],"visuals":{"large":"https:\/\/images.epagine.fr\/642\/9781408885642_1_75.jpg","medium":"https:\/\/images.epagine.fr\/642\/9781408885642_1_m.jpg","thumbnail":"https:\/\/images.epagine.fr\/642\/9781408885642_1_v.jpg"},"orderable":true,"show_badge":true,"formatted_price":"21,40&nbsp;\u20ac","formatted_published_date":"18 novembre 2016","publisher_availability_label":"Sur commande","short_details":"Warner Bros. \u2014 Bloomsbury UK","translator":null,"weight":456,"page_count":48,"readership":null,"editor":"Bloomsbury UK","price":2140,"published_date":"2016-11-17T23:00:00.000000Z","support":"Grand format","publisher_availability":1,"stock":0,"editions":[],"url":"https:\/\/quaidesbrumes.com\/ouvrage\/9781408885642\/fantastic-beasts-and-where-to-find-them-newt-scamander-a-movie-scapbook"},{"id":"9783952339152","title":"Zeitungsfotos ; newspaper photographs","description":"Livre d'artiste bas\u00e9 sur une s\u00e9rie historique jamais publi\u00e9e dans son int\u00e9gralit\u00e9, retravaill\u00e9e par Thomas Ruff pour cette publication.\r\n\r\nEntre 1981 et 1991, Thomas Ruff a collect\u00e9 des photographies parues dans des journaux et magazines allemands, constituant une vaste archive de quelque 2500 images. En 1990 et 1991, il en a s\u00e9lectionn\u00e9 400 selon des crit\u00e8res totalement subjectifs, il les a photographi\u00e9es sans aucune l\u00e9gende et les a reproduites en couleur en les agrandissant au double de leur taille initiale.\r\n Pour ce livre, Thomas Ruff a rephotographi\u00e9 les planches pour pouvoir les reproduire en noir en blanc sur fond color\u00e9.","authors":["Thomas Ruff"],"category_codes":["6000000","6070000","6070200"],"visuals":{"large":"https:\/\/images.epagine.fr\/152\/9783952339152_1_75.jpg","medium":"https:\/\/images.epagine.fr\/152\/9783952339152_1_m.jpg","thumbnail":"https:\/\/images.epagine.fr\/152\/9783952339152_1_v.jpg"},"orderable":true,"show_badge":true,"formatted_price":"33,00&nbsp;\u20ac","formatted_published_date":"26 ao\u00fbt 2014","publisher_availability_label":"Sur commande","short_details":"Thomas Ruff \u2014 Les presses du r\u00e9el","translator":null,"weight":750,"page_count":800,"readership":null,"editor":"Les presses du r\u00e9el","price":3300,"published_date":"2014-08-25T22:00:00.000000Z","support":"Grand format","publisher_availability":1,"stock":0,"editions":[],"url":"https:\/\/quaidesbrumes.com\/ouvrage\/9783952339152\/zeitungsfotos-newspaper-photographs"},{"id":"9782840664291","title":"New gentlemen's club Tome 2","description":"Au sommaire : oeuvres in\u00e9dites de Lee Dinsky, Tommaso Garner, Frederik Gruyaert, Lars Holdhus, phiLrouge, Adrian Missika, Vedovamazzei \/ photographies de Banana, Jacopo Benassi, Alan Chies, Corrado Dalco', Alessandro Didoni, Luca Donnini, Fabio Paleari, Pino Pipoli, Luca Santese \/ textes de Carlo Antonelli, Laura Campiglio, Enzo Mansueto, James Oscar.","authors":["Collectif"],"category_codes":["6000000","6070000","6070200"],"visuals":{"large":"https:\/\/images.epagine.fr\/291\/9782840664291_1_75.jpg","medium":"https:\/\/images.epagine.fr\/291\/9782840664291_1_m.jpg","thumbnail":"https:\/\/images.epagine.fr\/291\/9782840664291_1_v.jpg"},"orderable":true,"show_badge":true,"formatted_price":"10,00&nbsp;\u20ac","formatted_published_date":"11 octobre 2010","publisher_availability_label":"Sur commande","short_details":"Collectif \u2014 Les presses du r\u00e9el","translator":null,"weight":150,"page_count":null,"readership":null,"editor":"Les presses du r\u00e9el","price":1000,"published_date":"2010-10-10T22:00:00.000000Z","support":"Grand format","publisher_availability":1,"stock":0,"editions":[],"url":"https:\/\/quaidesbrumes.com\/ouvrage\/9782840664291\/new-gentlemens-club-tome-2"},{"id":"9782840663034","title":"Poursuite de poursuite","description":"Une vid\u00e9o cr\u00e9\u00e9e \u00e0 partir de 30 x 30 - Poursuite, solo machinique de Samuel Bianchini prolongeant le solo chor\u00e9graphique 30 x 30 de Paul-Andr\u00e9 Fortier.\r\nPlace de la gare et tour Thiers, Nancy, nuit du 6 au 7 mai 2006 : un gros projecteur de lumi\u00e8re blanche s'active suivant les mouvements d'un possible op\u00e9rateur cherchant \u00e0 r\u00e9v\u00e9ler et \u00e0 suivre une pr\u00e9sence, peut-\u00eatre celle d'un performeur, mais ce dernier, comme l'op\u00e9rateur, est absent.\r\nRendant compte de cette op\u00e9ration, cette vid\u00e9o r\u00e9active \u00e9galement la performance initiale de Paul-Andr\u00e9 Fortier gr\u00e2ce \u00e0 une cr\u00e9ation musicale de Johnathan F. Lee \u00e9labor\u00e9e \u00e0 partir de la captation sonore du solo 30 x 30, dans ce m\u00eame espace urbain.","authors":["Samuel Bianchini"],"category_codes":["6000000","6070000","6070300"],"visuals":{"large":"https:\/\/images.epagine.fr\/034\/9782840663034_1_75.jpg","medium":"https:\/\/images.epagine.fr\/034\/9782840663034_1_m.jpg","thumbnail":"https:\/\/images.epagine.fr\/034\/9782840663034_1_v.jpg"},"orderable":true,"show_badge":true,"formatted_price":"0,00&nbsp;\u20ac","formatted_published_date":"22 d\u00e9cembre 2008","publisher_availability_label":"Sur commande","short_details":"Samuel Bianchini \u2014 Les presses du r\u00e9el","translator":null,"weight":150,"page_count":null,"readership":null,"editor":"Les presses du r\u00e9el","price":0,"published_date":"2008-12-21T23:00:00.000000Z","support":"DVD","publisher_availability":1,"stock":0,"editions":[],"url":"https:\/\/quaidesbrumes.com\/ouvrage\/9782840663034\/poursuite-de-poursuite"},{"id":"9782729705909","title":"Andr\u00e9 Kert\u00e9sz ; le photographe \u00e0 l'oeuvre","description":"La photographie publi\u00e9e, contempl\u00e9e, connue et reconnue, \u00e9merge, unique, de la continuit\u00e9 des prises de vue que montrent les planches-contact, archives plus ou moins secr\u00e8tes de l'oeuvre.\r\nLorsqu'apparaissent les appareils petit format, charg\u00e9s de film en rouleau, les photographes choisissent de se livrer soit \u00e0 l'impulsion du d\u00e9clenchement dans le choc d'une rencontre, soit \u00e0 la construction d'un clich\u00e9 par essais successifs. Andr\u00e9 Kert\u00e9sz se situe \u00e0 la conjonction de cette probl\u00e9matique technique et esth\u00e9tique. L'oeuvre qu'il a r\u00e9alis\u00e9e en fl\u00e2nant dans le Paris des ann\u00e9es trente est mati\u00e8re \u00e0 un questionnement sur l'engendrement de la photographie - transaction entre l'oeil, le bo\u00eetier, l'espace et le temps de la prise de vue -, sur l'incarnation progressive ou soudaine de choix plastiques, et Sur les images mentales pr\u00e9sentes comme en filigrane.","authors":["Evelyne Rogniat"],"category_codes":["6000000","6070000","6070200"],"visuals":{"large":"https:\/\/images.epagine.fr\/909\/9782729705909_1_75.jpg","medium":"https:\/\/images.epagine.fr\/909\/9782729705909_1_m.jpg","thumbnail":"https:\/\/images.epagine.fr\/909\/9782729705909_1_v.jpg"},"orderable":true,"show_badge":true,"formatted_price":"21,34&nbsp;\u20ac","formatted_published_date":"1er novembre 1997","publisher_availability_label":"Sur commande","short_details":"Evelyne Rogniat \u2014 Pu De Lyon","translator":null,"weight":270,"page_count":158,"readership":null,"editor":"Pu De Lyon","price":2134,"published_date":"1997-10-31T23:00:00.000000Z","support":"Grand format","publisher_availability":1,"stock":0,"editions":[],"url":"https:\/\/quaidesbrumes.com\/ouvrage\/9782729705909\/andre-kertesz-le-photographe-a-loeuvre"},{"id":"9780008294410","title":"THE ART OF FANTASTIC BEASTS ; CRIMES OF GRINDELWALD","description":"Step inside the world of the talented art departments who, led by Academy Award-winning production designer Stuart Craig, were responsible for the creation of the unforgettable characters, locations and beasts from the eagerly anticipated next chapter in the wizarding world.   The Art of Fantastic Beasts: The Crimes of Grindelwald , curated by concept artist Dermot Power, and filled with unique insights from Stuart Craig and the artists themselves about the filmmaking adventure, takes you on a thrilling journey through a design process every bit as wonderful as that encountered by Newt, Tina, Queenie & Jacob in the Wizarding World.  Beautifully designed, and bursting with hundreds of dazzling paintings and concept sketches, intricate card models of the sets, storyboards, and matte paintings, sumptuously printed and enhanced with a unique glow in the dark removable, this finely crafted book - officially licensed by Warner Bros. Consumer Products - presents a visual feast for readers, and a truly immersive experience for fans of  Fantastic Beasts .","authors":["J.K. Power Rowling"],"category_codes":["6000000","6070000","6070300"],"visuals":{"large":"https:\/\/images.epagine.fr\/410\/9780008294410_1_75.jpg","medium":"https:\/\/images.epagine.fr\/410\/9780008294410_1_m.jpg","thumbnail":"https:\/\/images.epagine.fr\/410\/9780008294410_1_v.jpg"},"orderable":true,"show_badge":true,"formatted_price":"47,30&nbsp;\u20ac","formatted_published_date":"16 novembre 2018","publisher_availability_label":"Sur commande","short_details":"J.K. Power Rowling \u2014 Harper Collins Publishers","translator":null,"weight":1766,"page_count":262,"readership":null,"editor":"Harper Collins Publishers","price":4730,"published_date":"2018-11-15T23:00:00.000000Z","support":"Grand format","publisher_availability":1,"stock":0,"editions":[],"url":"https:\/\/quaidesbrumes.com\/ouvrage\/9780008294410\/the-art-of-fantastic-beasts-crimes-of-grindelwald"},{"id":"9780008294403","title":"LIGHTS, CAMERA, MAGIC! ; CRIMES OF GRINDELWALD","description":null,"authors":["J.K. Nathan Rowling"],"category_codes":["6000000","6070000","6070300"],"visuals":{"large":"https:\/\/images.epagine.fr\/403\/9780008294403_1_75.jpg","medium":"https:\/\/images.epagine.fr\/403\/9780008294403_1_m.jpg","thumbnail":"https:\/\/images.epagine.fr\/403\/9780008294403_1_v.jpg"},"orderable":true,"show_badge":true,"formatted_price":"21,40&nbsp;\u20ac","formatted_published_date":"16 novembre 2018","publisher_availability_label":"Sur commande","short_details":"J.K. Nathan Rowling \u2014 Harper Collins Publishers","translator":null,"weight":1040,"page_count":157,"readership":null,"editor":"Harper Collins Publishers","price":2140,"published_date":"2018-11-15T23:00:00.000000Z","support":"Grand format","publisher_availability":1,"stock":0,"editions":[],"url":"https:\/\/quaidesbrumes.com\/ouvrage\/9780008294403\/lights-camera-magic-crimes-of-grindelwald"},{"id":"9780008204655","title":"THE ARCHIVE OF MAGIC: THE FILM WIZARDRY OF FANTASTIC BEASTS ; THE CRIMES OF GRINDELWALD","description":"Go behind the scenes of J. K. Rowling''s magical universe of creatures and wizards in this exciting full-colour companion volume to  Fantastic Beasts: The Crimes of Grindelwald .  Newt, Tina, Queenie, and Jacob, the beloved heroes of  Fantastic Beasts and Where to Find Them , are back! In this second adventure, they''re joined by fan favourites from the Harry Potter universe, including Albus Dumbledore, Nicolas Flamel, and the villainous Gellert Grindelwald. Officially licensed by Warner Bros. Consumer Products and designed by MinaLima - the creative force behind the graphics and many of the props for the first  Fantastic Beasts and Where to Find Them  as well as the Harry Potter films - this authorised tie-in compendium delivers a rich and unique ''making of'' experience for fans of all ages.  This keepsake treasury offers an imaginative, close-up look at Newt Scamander and his colourful trove of cohorts - beasts and wizards alike - as they face off against the evil forces of Gellert Grindelwald, one of the world''s most powerful dark wizards, in a story that travels from New York City to London and onto Paris. Brimming with film-making secrets, full-colour artwork, and stories from the cast and crew, this magnificent book is modelled after a special item from the movie, and features removable facsimile reproductions of props and other materials from the movie, along with some very special effects. A tribute to moviemaking magic, it is an essential for every Wizarding World fan, aspiring concept artists and designers, and cinema buffs.","authors":["Signe Bergstrom","J.K. Rowling"],"category_codes":["6000000","6070000","6070300"],"visuals":{"large":"https:\/\/images.epagine.fr\/655\/9780008204655_1_75.jpg","medium":"https:\/\/images.epagine.fr\/655\/9780008204655_1_m.jpg","thumbnail":"https:\/\/images.epagine.fr\/655\/9780008204655_1_v.jpg"},"orderable":true,"show_badge":true,"formatted_price":"40,60&nbsp;\u20ac","formatted_published_date":"16 novembre 2018","publisher_availability_label":"Sur commande","short_details":"Signe Bergstrom, J.K. Rowling \u2014 Harper Collins Publishers","translator":null,"weight":1390,"page_count":159,"readership":null,"editor":"Harper Collins Publishers","price":4060,"published_date":"2018-11-15T23:00:00.000000Z","support":"Grand format","publisher_availability":1,"stock":0,"editions":[],"url":"https:\/\/quaidesbrumes.com\/ouvrage\/9780008204655\/the-archive-of-magic-the-film-wizardry-of-fantastic-beasts-the-crimes-of-grindelwald"},{"id":"9791069952898","title":"Still lifes of spacetime","description":"Un vaste panorama des recherches plastiques men\u00e9es par Thomas Canto ces dix derni\u00e8res ann\u00e9es, entre dessin g\u00e9om\u00e9trique, sculpture et architecture, avec de nombreux textes de sp\u00e9cialistes et une s\u00e9rie de conversations entre l'artiste et Carlos Cruz-Diez, Michael Scott et Xavier Veilhan. \r\nExposant son travail \u00e0 travers le monde, Thomas Canto pr\u00e9sente \u00ab Still lifes of spacetime \u00bb. Cette monographie se construit autour de textes \u00e9crits par des experts dans le domaine des arts visuels comme Fanny Serain, Joana P. R. Neves, Styliane Phillipou, Lilly Wei, Alisson C. Meier et Thomas Fort. Ces \u00e9crits alternent avec des conversations entre des artistes de renomm\u00e9e mondiale comme Carlos Cruz-Diez, Michael Scott, Xavier Veilhan et Thomas Canto. Ainsi, le lecteur peut s'immerger dans les recherches plastiques men\u00e9es par l'artiste ces dix derni\u00e8res ann\u00e9es, et, en comprendre les origines.","authors":["Thomas Canto"],"category_codes":["6000000","6070000","6070200","6070205"],"visuals":{"large":"https:\/\/images.epagine.fr\/898\/9791069952898_1_75.jpg","medium":"https:\/\/images.epagine.fr\/898\/9791069952898_1_m.jpg","thumbnail":"https:\/\/images.epagine.fr\/898\/9791069952898_1_v.jpg"},"orderable":true,"show_badge":true,"formatted_price":"25,00&nbsp;\u20ac","formatted_published_date":"1er octobre 2020","publisher_availability_label":"Sur commande","short_details":"Thomas Canto \u2014 Les presses du r\u00e9el","translator":null,"weight":1250,"page_count":272,"readership":null,"editor":"Les presses du r\u00e9el","price":2500,"published_date":"2020-09-30T22:00:00.000000Z","support":"Grand format","publisher_availability":1,"stock":0,"editions":[],"url":"https:\/\/quaidesbrumes.com\/ouvrage\/9791069952898\/still-lifes-of-spacetime"},{"id":"9782200340100","title":"La critique de cin\u00e9ma - 2e \u00e9d.","description":"Attach\u00e9e \u00e0 l'\u00e9tude des oeuvres, la critique de cin\u00e9ma s'est impos\u00e9e, singuli\u00e8rement en France, comme un genre \u00e0 part, bien distinct des approches historique et critique. R\u00e9put\u00e9e subjective ou id\u00e9ologique et faisant l'objet de reproches r\u00e9currents, elle n'en est pas moins \u00e0 prendre en consid\u00e9ration : seule garante de la l\u00e9gitimit\u00e9 du patrimoine, elle est aussi n\u00e9cessaire \u00e0 l'accompagnement du plaisir du spectateur qu'\u00e0 l'approfondissement des recherches esth\u00e9tiques propres aux \u00e9tudes cin\u00e9matographiques.Vraie synth\u00e8se, cet ouvrage \u00e9voque l'histoire et l'influence de l'activit\u00e9 critique : il en sp\u00e9cifie la nature et les fonctions, en expose les combats pass\u00e9s et actuels, en pr\u00e9sente les grands courants, et s'interroge sur cette \u00ab politique des auteurs \u00bb qui en est devenue la m\u00e9thodologie la plus r\u00e9pandue. Il se prononce enfin sur la capacit\u00e9 actuelle de renouvellement du genre, face \u00e0 la remise en cause de sa place dans la presse comme dans l'\u00e9volution de la cr\u00e9ation cin\u00e9matographique.Nature et fonction de la critique. Histoire des revues de cin\u00e9ma. Les combats de la critique. Critique, th\u00e9orie, id\u00e9ologie. La politique des auteurs. La critique en crise.","authors":["Ren\u00e9 Pr\u00e9dal"],"category_codes":["6000000","6070000","6070300"],"visuals":{"large":"https:\/\/images.epagine.fr\/100\/9782200340100_1_75.jpg","medium":"https:\/\/images.epagine.fr\/100\/9782200340100_1_m.jpg","thumbnail":"https:\/\/images.epagine.fr\/100\/9782200340100_1_v.jpg"},"orderable":true,"show_badge":true,"formatted_price":"12,65&nbsp;\u20ac","formatted_published_date":"1er ao\u00fbt 2004","publisher_availability_label":"Sur commande","short_details":"Ren\u00e9 Pr\u00e9dal \u2014 Armand Colin","translator":null,"weight":125,"page_count":126,"readership":null,"editor":"Armand Colin","price":1265,"published_date":"2004-07-31T22:00:00.000000Z","support":"Grand format","publisher_availability":1,"stock":0,"editions":[],"url":"https:\/\/quaidesbrumes.com\/ouvrage\/9782200340100\/la-critique-de-cinema-2e-ed"},{"id":"9782840666431","title":"La performance ; vie de l'archive et actualit\u00e9","description":"Une \u00e9pist\u00e9mologie de la performance.\r\nRelevant souvent de l'enqu\u00eate de terrain de la part d'auteurs qui sont aussi les acteurs de leur objet d'\u00e9tude, ce livre, tout en abordant les enjeux politiques, contextuels et de genres propose une \u00e9pist\u00e9mologie de la performance en questionnant les moyens et les m\u00e9thodes d'acc\u00e8s \u00e0 sa connaissance, son histoire, sa m\u00e9moire (vivante), dans son actualit\u00e9. Cet ouvrage donne suite au colloque international \u00ab La performance : vie de l'archive et actualit\u00e9 \u00bb organis\u00e9 par la Villa Arson et l'AICA France avec le concours du Getty Research Institute. Il interroge les d\u00e9finitions et le statut de la performance alors que celle-ci est enfin int\u00e9gr\u00e9e \u00e0 sa juste valeur au sein du champ \u00e9largi des arts visuels, au point qu'on assiste \u00e0 la multiplication des reenactments. De sp\u00e9cialit\u00e9s diff\u00e9rentes - critiques d'art, historiens et historiennes de l'art, commissaires d'expositions, philosophes, artistes - les auteurs offrent des analyses vari\u00e9es et compl\u00e9mentaires centr\u00e9es sur une probl\u00e9matique fondamentale de la performance : l'archive et le statut des documents, des photographies, des objets, qui constituent l'art de la performance ou en t\u00e9moignent.\r\nPubli\u00e9 suite au colloque \u00e9ponyme organis\u00e9 avec l'AICA France \u00e0 la Villa Arson, Nice, en octobre 2012.","authors":["Collectif"],"category_codes":["6000000","6070000","6070200"],"visuals":{"large":"https:\/\/images.epagine.fr\/431\/9782840666431_1_75.jpg","medium":"https:\/\/images.epagine.fr\/431\/9782840666431_1_m.jpg","thumbnail":"https:\/\/images.epagine.fr\/431\/9782840666431_1_v.jpg"},"orderable":true,"show_badge":true,"formatted_price":"19,00&nbsp;\u20ac","formatted_published_date":"15 janvier 2014","publisher_availability_label":"Sur commande","short_details":"Collectif \u2014 Les presses du r\u00e9el","translator":null,"weight":360,"page_count":240,"readership":null,"editor":"Les presses du r\u00e9el","price":1900,"published_date":"2014-01-14T23:00:00.000000Z","support":"Grand format","publisher_availability":1,"stock":0,"editions":[],"url":"https:\/\/quaidesbrumes.com\/ouvrage\/9782840666431\/la-performance-vie-de-larchive-et-actualite"},{"id":"9782487344297","title":"Paris Retro 80's : Chronique d'une \u00e9poque","description":"Explorez l'effervescence des rues parisiennes des ann\u00e9es 80 \u00e0 travers \u00ab Paris Retro 80's Chronique d'une \u00e9poque \u00bb. Les photographies en noir et blanc saisissantes de Philippe Marsal, v\u00e9ritable hommage \u00e0 l'\u00e9cole de la photographie de rue fran\u00e7aise incarn\u00e9e par Henri Cartier-Bresson, Robert Doisneau, Jean-Philippe Charbonnier et d'autres grands ma\u00eetres, captivent l'esprit et le coeur. Elles offrent une immersion inoubliable dans l'\u00e2me de la Ville Lumi\u00e8re \u00e0 travers une \u00e9poque r\u00e9volue. Accompagn\u00e9es d'un po\u00e8me \u00e9vocateur de son fr\u00e8re Luc Marsal, ces images captent l'esprit d'une \u00e9poque et t\u00e9moignent de l'h\u00e9ritage durable des grands ma\u00eetres de la photographie de rue fran\u00e7aise.","authors":["Luc Marsal","Philippe Marsal"],"category_codes":["6000000","6070000","6070200","6070205"],"visuals":{"large":"https:\/\/images.epagine.fr\/297\/9782487344297_1_75.jpg","medium":"https:\/\/images.epagine.fr\/297\/9782487344297_1_m.jpg","thumbnail":"https:\/\/images.epagine.fr\/297\/9782487344297_1_v.jpg"},"orderable":true,"show_badge":true,"formatted_price":"25,00&nbsp;\u20ac","formatted_published_date":"4 juillet 2024","publisher_availability_label":"Sur commande","short_details":"Luc Marsal, Philippe Marsal \u2014 Street Photo France","translator":null,"weight":160,"page_count":110,"readership":null,"editor":"Street Photo France","price":2500,"published_date":"2024-07-03T22:00:00.000000Z","support":"Grand format","publisher_availability":1,"stock":0,"editions":[],"url":"https:\/\/quaidesbrumes.com\/ouvrage\/9782487344297\/paris-retro-80s-chronique-dune-epoque"},{"id":"9791069956841","title":"Bruissons","description":"Un village, des habitants, neuf personnages, des enfants, une for\u00eat. Trois saisons : l'hiver, le confinement et le printemps. Bruissons est le r\u00e9cit d'un voyage immobile l\u00e9g\u00e8rement perturb\u00e9. Une exposition - des images, du sonore. Et un livre. \r\nLors de r\u00e9cents projets, Jean-Guy Coulange a long\u00e9 des fleuves et des mers ou arpent\u00e9 des \u00eeles. Au cours de l'ann\u00e9e 2020, il a \u00e9t\u00e9 invit\u00e9 en r\u00e9sidence au Village, site d'exp\u00e9rimentation artistique de Bazouges-la-P\u00e9rouse (35). Une habitation, une exp\u00e9rience nouvelle ; avec micros, appareils photographiques et carnets. \r\nCela n'aura \u00e9chapp\u00e9 \u00e0 personne, l'ann\u00e9e 2020 ne se d\u00e9roule pas comme pr\u00e9vu. L'hiver n'en avait pas encore termin\u00e9 que l'on sentit un fr\u00e9missement. Pas un fr\u00e9missement de printemps, les premiers bourgeons, les premi\u00e8res douceurs. Un fr\u00e9missement venu d'ailleurs, d'un autre genre, d'une autre peur, d'un autre monde. Un virus qui s'immisce, terrorise, tue, qui bloque tout sur son passage. Confinement. Un no man's time, une cinqui\u00e8me saison, sans raison, une non saison. Et puis, comme s'il avait jou\u00e9 des coudes pour se frayer un espoir de renaissance, arriva enfin le printemps. \r\n\r\n\u00ab Jean-Guy Coulange enregistre les sons \u00e0 pas de velours, son oeuvre ne fait pas de bruit, mais construit imperturbablement des r\u00e9seaux de significations, cherchant la densit\u00e9 de pr\u00e9sence \u00e0 partir d'un territoire g\u00e9ographique circonscrit (les fleuves Somme et Rance, l'\u00eele de Groix, le Finist\u00e8re Sud), plut\u00f4t que la dispersion dans l'agitation ou l'inqui\u00e9tude st\u00e9rilisante. \u00bb Fabien Rib\u00e9ry, L'Intervalle  Publi\u00e9 \u00e0 l'occasion de l'exposition de Jean-Guy Coulange au Village, Bazouges-la-P\u00e9rouse, du 18 octobre au 13 d\u00e9cembre 2020.","authors":["Jean-Guy Coulange"],"category_codes":["6000000","6070000","6070200"],"visuals":{"large":"https:\/\/images.epagine.fr\/841\/9791069956841_1_75.jpg","medium":"https:\/\/images.epagine.fr\/841\/9791069956841_1_m.jpg","thumbnail":"https:\/\/images.epagine.fr\/841\/9791069956841_1_v.jpg"},"orderable":true,"show_badge":true,"formatted_price":"12,00&nbsp;\u20ac","formatted_published_date":"1er octobre 2020","publisher_availability_label":"Sur commande","short_details":"Jean-Guy Coulange \u2014 Les presses du r\u00e9el","translator":null,"weight":210,"page_count":64,"readership":null,"editor":"Les presses du r\u00e9el","price":1200,"published_date":"2020-09-30T22:00:00.000000Z","support":"Grand format","publisher_availability":1,"stock":0,"editions":[],"url":"https:\/\/quaidesbrumes.com\/ouvrage\/9791069956841\/bruissons"},{"id":"9782383530497","title":"Cette obscure clart\u00e9","description":"Ce livre est n\u00e9 d'une vraie rencontre entre la photographe tch\u00e8que Al\u017ebeta CHOLEVOVA (Elizabeth Choleva) et l'auteure Marie-Agn\u00e8s COUROUBLE. Cette derni\u00e8re a imm\u00e9diatement reconnu le second souffle des photos un peu surr\u00e9alistes d'Al\u017ebeta qui inspirent la po\u00e9sie, le r\u00eave, l'imaginaire. Cette rencontre fut imm\u00e9diate et forte dans le d\u00e9sir de cr\u00e9er ensemble ce livre o\u00f9 tout n'est pas dit, o\u00f9 tout est possible.","authors":["Marie-Agn\u00e8s Courouble","Elizabeth Choleva"],"category_codes":["6000000","6070000","6070200"],"visuals":{"large":"https:\/\/images.epagine.fr\/497\/9782383530497_1_75.jpg","medium":"https:\/\/images.epagine.fr\/497\/9782383530497_1_m.jpg","thumbnail":"https:\/\/images.epagine.fr\/497\/9782383530497_1_v.jpg"},"orderable":true,"show_badge":true,"formatted_price":"15,00&nbsp;\u20ac","formatted_published_date":"15 juillet 2024","publisher_availability_label":"Sur commande","short_details":"Marie-Agn\u00e8s Courouble, Elizabeth Choleva \u2014 Editions La Gauloise","translator":null,"weight":100,"page_count":38,"readership":null,"editor":"Editions La Gauloise","price":1500,"published_date":"2024-07-14T22:00:00.000000Z","support":"Grand format","publisher_availability":1,"stock":0,"editions":[],"url":"https:\/\/quaidesbrumes.com\/ouvrage\/9782383530497\/cette-obscure-clarte"},{"id":"9783869305028","title":"Valencia","description":"Voyageant en Europe au cours de l'ann\u00e9e 1952, Robert Frank est pass\u00e9 par Valence en Espagne. Des photos sensibles d'une population pauvre vivant sous le joug franquiste.","authors":["Robert Frank"],"category_codes":["6000000","6070000","6070200"],"visuals":{"large":"https:\/\/images.epagine.fr\/028\/9783869305028_1_75.jpg","medium":"https:\/\/images.epagine.fr\/028\/9783869305028_1_m.jpg","thumbnail":"https:\/\/images.epagine.fr\/028\/9783869305028_1_v.jpg"},"orderable":true,"show_badge":true,"formatted_price":"55,00&nbsp;\u20ac","formatted_published_date":"1er octobre 2012","publisher_availability_label":"Sur commande","short_details":"Robert Frank \u2014 Steidl","translator":null,"weight":600,"page_count":64,"readership":null,"editor":"Steidl","price":5500,"published_date":"2012-09-30T22:00:00.000000Z","support":"Grand format","publisher_availability":1,"stock":0,"editions":[],"url":"https:\/\/quaidesbrumes.com\/ouvrage\/9783869305028\/valencia"}]}